{"id":881142,"date":"2021-10-08T18:00:00","date_gmt":"2021-10-08T21:00:00","guid":{"rendered":"https:\/\/www.estrategiaconcursos.com.br\/blog\/?p=881142"},"modified":"2021-10-15T14:05:45","modified_gmt":"2021-10-15T17:05:45","slug":"concurso-publico-editais-da-semana-04-a-08-10","status":"publish","type":"post","link":"https:\/\/www.estrategiaconcursos.com.br\/blog\/concurso-publico-editais-da-semana-04-a-08-10\/","title":{"rendered":"Concurso P\u00fablico: 09 editais esta semana! Mais de 600 vagas"},"content":{"rendered":"\n<p>Ao longo da \u00faltima semana, tivemos a publica\u00e7\u00e3o de <strong>09 editais <\/strong>para concursos p\u00fablicos. Ao todo, s\u00e3o <strong>647 novas vagas<\/strong>, al\u00e9m de forma\u00e7\u00e3o de cadastro reserva. <\/p>\n\n\n\n<p>As sele\u00e7\u00f5es, em sua maioria, ofertam vagas para cargos de n\u00edveis m\u00e9dio e superior. As remunera\u00e7\u00f5es iniciais variam de <span style=\"font-size: revert; color: initial;\"><strong>R$ 1.259,82<\/strong> a<\/span> <span style=\"font-size: revert; color: initial;\"><strong>R$ 13.104,96<\/strong>.<\/span><\/p>\n\n\n\n<p>Um destaque da semana \u00e9 o edital da&nbsp;<strong>Secretaria da Fazenda de Santa Catarina<\/strong>, que veio com <strong>58 vagas<\/strong> para <strong>Analista da Receita Estadual<\/strong>&nbsp;<strong>IV<\/strong>. Sob organiza\u00e7\u00e3o da FCC, as inscri\u00e7\u00f5es j\u00e1 est\u00e3o abertas. As provas s\u00e3o previstas para dezembro.<\/p>\n\n\n\n<p>Quer ficar informado sobre todos os novos editais de concursos publicados nos \u00faltimos dias? <em><strong>Confira mais informa\u00e7\u00f5es ao longo deste artigo!<\/strong><\/em> <\/p>\n\n\n\n<div class=\"container\" id=\"boxes\">\n  <div class=\"row\">\n\n    <div class=\"col-sm\">\n      <div class=\"banner-estrategia\" id=\"box-assinatura\">\n        <h3 class=\"titulo-assinatura\">Cursos para concursos<\/h3>\n        <p class=\"subtitulo-assinatura\">Estude conosco<\/p>\n        <div class=\"box-botao\">\n          <a class=\"btn-assinatura\" target=\"_blank\" href=\"https:\/\/www.estrategiaconcursos.com.br\/cursos\/\" role=\"button\" rel=\"noopener noreferrer\">Conhe\u00e7a os cursos<\/a>\n        <\/div>\n      <\/div>\n     \n    <\/div>\n\n  <\/div>\n<\/div>\n\n\n\n<h2 class=\"has-text-align-center has-background wp-block-heading\" id=\"h-confira-os-editais-publicados\" style=\"background-color:#e4dbec\">Confira os editais publicados:<\/h2>\n\n\n\n<h3 class=\"wp-block-heading\"><a href=\"https:\/\/www.estrategiaconcursos.com.br\/blog\/concurso-fasp-paranagua\/\" target=\"_blank\" rel=\"noreferrer noopener\">Concurso FASP Paranagu\u00e1<\/a> (PR)<\/h3>\n\n\n\n<ul class=\"wp-block-list\"><li><strong>Banca<\/strong>: FAU<\/li><li><strong>Per\u00edodo de inscri\u00e7\u00f5es<\/strong>: 11\/10 a 11\/11\/2021<\/li><li><strong>Data da prova:<\/strong>&nbsp;12\/12\/2021<\/li><li><strong>Vagas:<\/strong> 128<\/li><li><strong>Cargo:<\/strong> V\u00e1rios<\/li><li><strong>Remunera\u00e7\u00e3o:&nbsp;<\/strong>R$ 1.435,83 a R$ 13.104,96<\/li><li><strong>Edital<\/strong>:&nbsp;<a href=\"https:\/\/dhg1h5j42swfq.cloudfront.net\/2021\/10\/04112921\/edital_de_abertura_31.pdf\" target=\"_blank\" rel=\"noreferrer noopener nofollow\">Edital FASP<\/a>&nbsp;<\/li><li><strong>Curso:<\/strong> <a href=\"https:\/\/www.estrategiaconcursos.com.br\/cursos\/concurso\/\" target=\"_blank\" rel=\"noreferrer noopener\">FASP Paranagu\u00e1<\/a><\/li><\/ul>\n\n\n\n<h3 class=\"wp-block-heading\"><a href=\"https:\/\/www.estrategiaconcursos.com.br\/blog\/concurso-crf-pi\/\" target=\"_blank\" rel=\"noreferrer noopener\">Concurso CRF PI<\/a><\/h3>\n\n\n\n<ul class=\"wp-block-list\"><li><strong>Banca<\/strong>: Consulpam<\/li><li><strong>Per\u00edodo de inscri\u00e7\u00f5es<\/strong>:<strong>&nbsp;<\/strong>04 a 22\/10\/2021<\/li><li><strong>Data da prova:<\/strong>&nbsp;14\/11\/2021<\/li><li><strong>Vagas:<\/strong> 11<\/li><li><strong>Cargo:<\/strong> Farmac\u00eautico Fiscal e Assistente Administrativo<\/li><li><strong>Remunera\u00e7\u00e3o:&nbsp;<\/strong>R$ 1.879,50 a R$ 5.000,00<\/li><li><strong>Edital<\/strong>:&nbsp;<a href=\"https:\/\/dhg1h5j42swfq.cloudfront.net\/2021\/10\/04081326\/20211004_002120_edital-crf-edital-001-2021.pdf\" target=\"_blank\" rel=\"noreferrer noopener nofollow\">Edital CRF PI<\/a><\/li><li><strong>Curso:<\/strong> <a href=\"https:\/\/www.estrategiaconcursos.com.br\/cursos\/concurso\/\" target=\"_blank\" rel=\"noreferrer noopener\">CRF PI<\/a><\/li><\/ul>\n\n\n\n<h3 class=\"wp-block-heading\"><a href=\"https:\/\/www.estrategiaconcursos.com.br\/blog\/concurso-sefaz-sc\/\" target=\"_blank\" rel=\"noreferrer noopener\">Concurso Sefaz SC<\/a><\/h3>\n\n\n\n<ul class=\"wp-block-list\"><li><strong>Banca<\/strong>: FCC<\/li><li><strong>Per\u00edodo de inscri\u00e7\u00f5es<\/strong>:<strong>&nbsp;<\/strong>08\/10 a 10\/11\/2021<\/li><li><strong>Data da prova:<\/strong>&nbsp;19\/12\/2021<\/li><li><strong>Vagas:<\/strong> 58<\/li><li><strong>Cargo:<\/strong> Analista da Receita Estadual&nbsp;IV<\/li><li><strong>Remunera\u00e7\u00e3o:&nbsp;<\/strong>R$ 5.500,00 + Gratifica\u00e7\u00f5es<\/li><li><strong>Edital<\/strong>:&nbsp;<a href=\"https:\/\/dhg1h5j42swfq.cloudfront.net\/2021\/10\/05102910\/edital_sefsc_2021_01outubro2021_versao_final.pdf\" target=\"_blank\" rel=\"noreferrer noopener nofollow\">Edital SEFAZ SC 2021<\/a><\/li><li><strong>Curso:<\/strong> <a href=\"https:\/\/www.estrategiaconcursos.com.br\/cursosPorConcurso\/secretaria-da-fazenda-do-estado-de-santa-catarina-sefaz-sc\/\" target=\"_blank\" rel=\"noreferrer noopener\">Sefaz SC<\/a><\/li><\/ul>\n\n\n\n<h3 class=\"wp-block-heading\"><a href=\"https:\/\/www.estrategiaconcursos.com.br\/blog\/concurso-dpe-ro\/\" target=\"_blank\" rel=\"noreferrer noopener\">Concurso DPE RO<\/a><\/h3>\n\n\n\n<ul class=\"wp-block-list\"><li><strong>Banca<\/strong>: Cebraspe<\/li><li><strong style=\"color: initial;\">Per\u00edodo de inscri\u00e7\u00f5es<\/strong><span style=\"color: initial;\">:<\/span><strong style=\"color: initial;\">&nbsp;<\/strong>13\/10 e 26\/11\/2021<\/li><li><strong>Data da prova:&nbsp;<\/strong>16\/01\/2022<\/li><li><strong>Vagas:<\/strong> 15 + CR<\/li><li><strong>Cargo:<\/strong> Analista, T\u00e9cnico e Oficial de Dilig\u00eancia<\/li><li><strong>Remunera\u00e7\u00e3o:&nbsp;<\/strong>R$ 4.260,66 e R$ 2.245,48<\/li><li><strong>Edital<\/strong>:&nbsp;<a href=\"https:\/\/dhg1h5j42swfq.cloudfront.net\/2021\/10\/06135620\/diario_00590_2021-10-6-11-20-54-paginas-4-28-1.pdf\" target=\"_blank\" rel=\"noreferrer noopener nofollow\">Edital DPE RO Servidores<\/a><\/li><li><strong>Curso:<\/strong> <a href=\"https:\/\/www.estrategiaconcursos.com.br\/cursosPorConcurso\/dpe-ro-defensoria-publica-de-rondonia-servidores\/\" target=\"_blank\" rel=\"noreferrer noopener\">DPE RO<\/a><\/li><\/ul>\n\n\n\n<h3 class=\"wp-block-heading\"><a href=\"https:\/\/www.estrategiaconcursos.com.br\/blog\/concurso-ufc\/\" target=\"_blank\" rel=\"noreferrer noopener\">Concurso UFC<\/a> (CE)<\/h3>\n\n\n\n<ul class=\"wp-block-list\"><li><strong>Banca<\/strong>: CETREDE<\/li><li><strong style=\"color: initial;\">Per\u00edodo de inscri\u00e7\u00f5es<\/strong><span style=\"color: initial;\">:<\/span><strong style=\"color: initial;\">&nbsp;<\/strong>05 a 28\/11\/2021<\/li><li><strong>Data da prova:&nbsp;<\/strong>30\/01\/2022<\/li><li><strong>Vagas:<\/strong> 81<\/li><li><strong>Cargo:<\/strong> V\u00e1rios<\/li><li><strong>Remunera\u00e7\u00e3o:&nbsp;<\/strong>R$ 2.446,96 a R$ 4.180,66<\/li><li><strong>Edital<\/strong>:&nbsp;<a href=\"https:\/\/www.in.gov.br\/en\/web\/dou\/-\/edital-n-1-de-6-de-outubro-de-2021-351254381\" target=\"_blank\" rel=\"noreferrer noopener\">Edital UFC 2021<\/a><\/li><li><strong>Curso:<\/strong> <a href=\"https:\/\/www.estrategiaconcursos.com.br\/cursosPorConcurso\/universidade-federal-do-ceara-ufc\/\" target=\"_blank\" rel=\"noreferrer noopener\">UFC<\/a><\/li><\/ul>\n\n\n\n<h3 class=\"wp-block-heading\"><a href=\"https:\/\/www.estrategiaconcursos.com.br\/blog\/concurso-unifei\/\" target=\"_blank\" rel=\"noreferrer noopener\">Concurso UNIFEI<\/a> (MG)<\/h3>\n\n\n\n<ul class=\"wp-block-list\"><li><strong>Banca<\/strong>: Banca pr\u00f3pria<\/li><li><strong style=\"color: initial;\">Per\u00edodo de inscri\u00e7\u00f5es<\/strong><span style=\"color: initial;\">:<\/span><strong style=\"color: initial;\">&nbsp;<\/strong><\/li><li><strong>Data da prova:&nbsp;<\/strong>13\/02\/2022<\/li><li><strong>Vagas:<\/strong> 05<\/li><li><strong>Cargo:<\/strong> T\u00e9cnicos-Administrativos em Educa\u00e7\u00e3o<\/li><li><strong>Remunera\u00e7\u00e3o:&nbsp;<\/strong>R$ 2.446,96 a R$ 4.180,66<\/li><li><strong>Edital<\/strong>:&nbsp;<a href=\"https:\/\/www.in.gov.br\/en\/web\/dou\/-\/edital-n-74\/2021-de-7-de-outubro-de-2021-351509134\" target=\"_blank\" rel=\"noreferrer noopener\">Edital Unifei 2021<\/a><\/li><li><strong>Curso:<\/strong> <a href=\"https:\/\/www.estrategiaconcursos.com.br\/cursosPorConcurso\/universidade-federal-de-itajuba-unifei\/\" target=\"_blank\" rel=\"noreferrer noopener\">UNIFEI<\/a><\/li><\/ul>\n\n\n\n<h3 class=\"wp-block-heading\"><a href=\"https:\/\/www.estrategiaconcursos.com.br\/blog\/concurso-porto-alegre\/\" target=\"_blank\" rel=\"noreferrer noopener\">Concurso Prefeitura de Porto Alegre<\/a> (RS)<\/h3>\n\n\n\n<ul class=\"wp-block-list\"><li><strong>Banca<\/strong>: Fundatec<\/li><li><strong>Per\u00edodo de inscri\u00e7\u00f5es<\/strong>: at\u00e9 27\/10\/2021 (educa\u00e7\u00e3o) e at\u00e9 03\/11\/2021 (demais editais)<\/li><li><strong>Data da prova:<\/strong>&nbsp;12\/12\/2021 (educa\u00e7\u00e3o) e 06\/02\/2022 (demais editais)<\/li><li><strong>Vagas:<\/strong> 14 + CR<\/li><li><strong>Cargo:<\/strong> V\u00e1rios<\/li><li><strong>Remunera\u00e7\u00e3o:&nbsp;<\/strong>R$ 1.613,01 a R$ 8.195,43<\/li><li><strong>Edital<\/strong>:&nbsp;<a href=\"https:\/\/dhg1h5j42swfq.cloudfront.net\/2021\/10\/05134100\/educacao.pdf\" target=\"_blank\" rel=\"noreferrer noopener nofollow\">Professor<\/a>,&nbsp;<a href=\"https:\/\/dhg1h5j42swfq.cloudfront.net\/2021\/10\/05143557\/edital078-2021-dopa-retificaaao_615b3db667290.pdf\" target=\"_blank\" rel=\"noreferrer noopener nofollow\">retifica\u00e7\u00e3o<\/a>&nbsp;|&nbsp;<a href=\"https:\/\/dhg1h5j42swfq.cloudfront.net\/2021\/10\/05134113\/saude1.pdf\" target=\"_blank\" rel=\"noreferrer noopener nofollow\">Sa\u00fade 1<\/a>&nbsp;|&nbsp;<a href=\"https:\/\/dhg1h5j42swfq.cloudfront.net\/2021\/10\/05134108\/saude2.pdf\" target=\"_blank\" rel=\"noreferrer noopener nofollow\">Sa\u00fade 2<\/a>&nbsp;|&nbsp;<a href=\"https:\/\/dhg1h5j42swfq.cloudfront.net\/2021\/10\/05134104\/geral.pdf\" target=\"_blank\" rel=\"noreferrer noopener nofollow\">Geral<\/a><\/li><li><strong>Curso:<\/strong> <a href=\"https:\/\/www.estrategiaconcursos.com.br\/cursosPorConcurso\/prefeitura-municipal-de-porto-alegre-rs\/\" target=\"_blank\" rel=\"noreferrer noopener\">Prefeitura de Porto Alegre<\/a><\/li><\/ul>\n\n\n\n<h3 class=\"wp-block-heading\"><a href=\"https:\/\/www.estrategiaconcursos.com.br\/blog\/concurso-ise-ac\/\" target=\"_blank\" rel=\"noreferrer noopener\">Concurso ISE AC<\/a><\/h3>\n\n\n\n<ul class=\"wp-block-list\"><li><strong>Banca<\/strong>: IBADE<\/li><li><strong>Per\u00edodo de inscri\u00e7\u00f5es<\/strong>: 06\/10 a 08\/11\/2021<\/li><li><strong>Data da prova:<\/strong>&nbsp;05\/12\/2021<\/li><li><strong>Vagas:<\/strong> 322<\/li><li><strong>Cargo:<\/strong> V\u00e1rios<\/li><li><strong>Remunera\u00e7\u00e3o:&nbsp;<\/strong>R$ 2.326,95 a R$ 3.908,22<\/li><li><strong>Edital<\/strong>:&nbsp;<a href=\"https:\/\/dhg1h5j42swfq.cloudfront.net\/2021\/10\/05085033\/ise-ac-edital-2021.pdf\" target=\"_blank\" rel=\"noreferrer noopener nofollow\">Edital ISE Acre 2021<\/a><\/li><li><strong>Curso:<\/strong> <a href=\"https:\/\/www.estrategiaconcursos.com.br\/cursosPorConcurso\/instituto-socioeducativo-do-acre-iseac\/\">ISE AC<\/a><\/li><\/ul>\n\n\n\n<h3 class=\"wp-block-heading\"><a href=\"https:\/\/www.estrategiaconcursos.com.br\/blog\/concurso-camara-de-pirapora\/\" target=\"_blank\" rel=\"noreferrer noopener\">Concurso C\u00e2mara de Pirapora<\/a> (MG)<\/h3>\n\n\n\n<ul class=\"wp-block-list\"><li><strong>Banca<\/strong>: Fundep<\/li><li><strong>Per\u00edodo de inscri\u00e7\u00f5es<\/strong>: 29\/11\/2021 a 07\/01\/2022<\/li><li><strong>Data da prova:<\/strong>&nbsp;06\/02\/2022<\/li><li><strong>Vagas:<\/strong> 13 + CR<\/li><li><strong>Cargo:<\/strong> V\u00e1rios<\/li><li><strong>Remunera\u00e7\u00e3o:&nbsp;<\/strong>R$ 1.259,82 a R$ 3.149,55<\/li><li><strong>Edital<\/strong>:&nbsp;<a href=\"https:\/\/dhg1h5j42swfq.cloudfront.net\/2021\/10\/05151416\/edital-c-m-pirapora-2.pdf\" target=\"_blank\" rel=\"noreferrer noopener nofollow\">Edital C\u00e2mara de Pirapora 2021<\/a><\/li><li><strong>Curso:<\/strong> <a href=\"https:\/\/www.estrategiaconcursos.com.br\/cursos\/\" target=\"_blank\" rel=\"noreferrer noopener\">C\u00e2mara de Pirapora<\/a><\/li><\/ul>\n\n\n\n<p class=\"has-text-align-center\"><em>Quer ficar informado tamb\u00e9m sobre as not\u00edcias mais importantes que sa\u00edram hoje? Ent\u00e3o n\u00e3o deixe de conferir nosso artigo com o resumo do dia! Acesse:<\/em><\/p>\n\n\n\n<p class=\"has-text-align-center has-luminous-vivid-amber-background-color has-background\"><strong>Veja tamb\u00e9m: <a href=\"https:\/\/www.estrategiaconcursos.com.br\/blog\/principais-noticias-do-dia\/\" target=\"_blank\" rel=\"noreferrer noopener\">Principais not\u00edcias do dia<\/a><\/strong><\/p>\n\n\n\n<div class=\"wp-block-image\"><figure class=\"aligncenter size-large is-resized\"><img loading=\"lazy\" decoding=\"async\" src=\"https:\/\/dhg1h5j42swfq.cloudfront.net\/2020\/09\/18141901\/Coruja_Concursos%404x-506x1024.png\" alt=\"Concurso P\u00fablico: xx editais publicados hoje (xx\/08)\" class=\"wp-image-574355\" width=\"35\" height=\"71\" srcset=\"https:\/\/dhg1h5j42swfq.cloudfront.net\/2020\/09\/18141901\/Coruja_Concursos%404x-506x1024.png 506w, https:\/\/dhg1h5j42swfq.cloudfront.net\/2020\/09\/18141901\/Coruja_Concursos%404x-148x300.png 148w, https:\/\/dhg1h5j42swfq.cloudfront.net\/2020\/09\/18141901\/Coruja_Concursos%404x-610x1236.png 610w, https:\/\/dhg1h5j42swfq.cloudfront.net\/2020\/09\/18141901\/Coruja_Concursos%404x.png 745w\" sizes=\"auto, (max-width: 35px) 100vw, 35px\" \/><\/figure><\/div>\n\n\n\n<div class=\"container\" id=\"boxes\">\n  <div class=\"row\">\n\n    <div class=\"col-sm\">\n      <div class=\"estrategia\" id=\"box-assinatura\">\n        <h3 class=\"titulo-assinatura\">Assinatura Concursos<\/h3>\n        <p class=\"subtitulo-assinatura\">Assinatura de 1 ano ou 2 anos<\/p>\n        <div class=\"box-botao\">\n          <a class=\"btn-assinatura\" target=\"_blank\" href=\"https:\/\/www.estrategiaconcursos.com.br\/assinaturas\/\" role=\"button\" rel=\"noopener noreferrer\">ASSINE AGORA<\/a>\n        <\/div>\n      <\/div><\/div><\/div><\/div>\n\n\n\n<h2 class=\"has-text-align-center wp-block-heading\" id=\"h-quer-saber-tudo-sobre-concursos-previstos-confira-nossos-artigos\">Quer saber tudo sobre concursos previstos?<br \/>Confira nossos artigos!<\/h2>\n\n\n\n<ul class=\"wp-block-list\"><li><a href=\"https:\/\/www.estrategiaconcursos.com.br\/blog\/concursos-abertos\/\" target=\"_blank\" rel=\"noreferrer noopener\">Concursos abertos<\/a><\/li><li><a href=\"https:\/\/www.estrategiaconcursos.com.br\/blog\/concursos-2021\/\" target=\"_blank\" rel=\"noreferrer noopener\">Concursos 2021<\/a><\/li><li><a href=\"https:\/\/www.estrategiaconcursos.com.br\/blog\/concursos-2022\/\" target=\"_blank\" rel=\"noreferrer noopener\">Concursos 2022<\/a><\/li><\/ul>\n","protected":false},"excerpt":{"rendered":"<p>Ao longo da \u00faltima semana, tivemos a publica\u00e7\u00e3o de 09 editais para concursos p\u00fablicos. Ao todo, s\u00e3o 647 novas vagas, al\u00e9m de forma\u00e7\u00e3o de cadastro reserva. As sele\u00e7\u00f5es, em sua maioria, ofertam vagas para cargos de n\u00edveis m\u00e9dio e superior. As remunera\u00e7\u00f5es iniciais variam de R$ 1.259,82 a R$ 13.104,96. Um destaque da semana \u00e9 [&hellip;]<\/p>\n","protected":false},"author":659,"featured_media":872508,"comment_status":"open","ping_status":"closed","sticky":false,"template":"","format":"standard","meta":{"post_tipo":"news","footnotes":""},"categories":[1,220219],"tags":[],"tax_estado":[219963],"class_list":["post-881142","post","type-post","status-publish","format-standard","has-post-thumbnail","hentry","category-cursos-e-concursos","category-noticias","tax_estado-concursos-federais"],"acf":[],"yoast_head":"<!-- This site is optimized with the Yoast SEO Premium plugin v27.2 (Yoast SEO v27.2) - https:\/\/yoast.com\/product\/yoast-seo-premium-wordpress\/ -->\n<title>Concurso P\u00fablico: 09 editais esta semana! Mais de 600 vagas<\/title>\n<meta name=\"description\" content=\"Concurso P\u00fablico 2021: 09 editais sa\u00edram ao longo desta semana (04 a 08\/10). Confira n\u00famero de vagas, remunera\u00e7\u00e3o e principais datas!\" \/>\n<meta name=\"robots\" content=\"index, follow, max-snippet:-1, max-image-preview:large, max-video-preview:-1\" \/>\n<link rel=\"canonical\" href=\"https:\/\/www.estrategiaconcursos.com.br\/blog\/concurso-publico-editais-da-semana-04-a-08-10\/\" \/>\n<meta property=\"og:locale\" content=\"pt_BR\" \/>\n<meta property=\"og:type\" content=\"article\" \/>\n<meta property=\"og:title\" content=\"Concurso P\u00fablico: 09 editais esta semana! Mais de 600 vagas\" \/>\n<meta property=\"og:description\" content=\"Concurso P\u00fablico 2021: 09 editais sa\u00edram ao longo desta semana (04 a 08\/10). Confira n\u00famero de vagas, remunera\u00e7\u00e3o e principais datas!\" \/>\n<meta property=\"og:url\" content=\"https:\/\/www.estrategiaconcursos.com.br\/blog\/concurso-publico-editais-da-semana-04-a-08-10\/\" \/>\n<meta property=\"og:site_name\" content=\"Estrat\u00e9gia Concursos\" \/>\n<meta property=\"article:published_time\" content=\"2021-10-08T21:00:00+00:00\" \/>\n<meta property=\"article:modified_time\" content=\"2021-10-15T17:05:45+00:00\" \/>\n<meta property=\"og:image\" content=\"https:\/\/dhg1h5j42swfq.cloudfront.net\/2021\/09\/28162031\/concursos-2021.jpg\" \/>\n\t<meta property=\"og:image:width\" content=\"1200\" \/>\n\t<meta property=\"og:image:height\" content=\"628\" \/>\n\t<meta property=\"og:image:type\" content=\"image\/jpeg\" \/>\n<meta name=\"author\" content=\"Camila Leite\" \/>\n<meta name=\"twitter:card\" content=\"summary_large_image\" \/>\n<meta name=\"twitter:creator\" content=\"@EstratConcursos\" \/>\n<meta name=\"twitter:site\" content=\"@EstratConcursos\" \/>\n<meta name=\"twitter:label1\" content=\"Escrito por\" \/>\n\t<meta name=\"twitter:data1\" content=\"Camila Leite\" \/>\n\t<meta name=\"twitter:label2\" content=\"Est. tempo de leitura\" \/>\n\t<meta name=\"twitter:data2\" content=\"3 minutos\" \/>\n<script type=\"application\/ld+json\" class=\"yoast-schema-graph\">{\"@context\":\"https:\/\/schema.org\",\"@graph\":[{\"@type\":\"NewsArticle\",\"@id\":\"https:\/\/www.estrategiaconcursos.com.br\/blog\/concurso-publico-editais-da-semana-04-a-08-10\/#article\",\"isPartOf\":{\"@id\":\"https:\/\/www.estrategiaconcursos.com.br\/blog\/concurso-publico-editais-da-semana-04-a-08-10\/\"},\"author\":{\"name\":\"Camila Leite\",\"@id\":\"https:\/\/www.estrategiaconcursos.com.br\/blog\/#\/schema\/person\/84ecdc6eb58d3cf1689bf76c5cd8fb38\"},\"headline\":\"Concurso P\u00fablico: 09 editais esta semana! Mais de 600 vagas\",\"datePublished\":\"2021-10-08T21:00:00+00:00\",\"dateModified\":\"2021-10-15T17:05:45+00:00\",\"mainEntityOfPage\":{\"@id\":\"https:\/\/www.estrategiaconcursos.com.br\/blog\/concurso-publico-editais-da-semana-04-a-08-10\/\"},\"wordCount\":559,\"commentCount\":0,\"publisher\":{\"@id\":\"https:\/\/www.estrategiaconcursos.com.br\/blog\/#organization\"},\"image\":{\"@id\":\"https:\/\/www.estrategiaconcursos.com.br\/blog\/concurso-publico-editais-da-semana-04-a-08-10\/#primaryimage\"},\"thumbnailUrl\":\"https:\/\/dhg1h5j42swfq.cloudfront.net\/2021\/09\/28162031\/concursos-2021.jpg\",\"articleSection\":[\"Concursos P\u00fablicos\",\"\u00daltimas not\u00edcias\"],\"inLanguage\":\"pt-BR\",\"potentialAction\":[{\"@type\":\"CommentAction\",\"name\":\"Comment\",\"target\":[\"https:\/\/www.estrategiaconcursos.com.br\/blog\/concurso-publico-editais-da-semana-04-a-08-10\/#respond\"]}],\"copyrightYear\":\"2021\",\"copyrightHolder\":{\"@id\":\"https:\/\/www.estrategiaconcursos.com.br\/blog\/#organization\"}},{\"@type\":\"WebPage\",\"@id\":\"https:\/\/www.estrategiaconcursos.com.br\/blog\/concurso-publico-editais-da-semana-04-a-08-10\/\",\"url\":\"https:\/\/www.estrategiaconcursos.com.br\/blog\/concurso-publico-editais-da-semana-04-a-08-10\/\",\"name\":\"Concurso P\u00fablico: 09 editais esta semana! Mais de 600 vagas\",\"isPartOf\":{\"@id\":\"https:\/\/www.estrategiaconcursos.com.br\/blog\/#website\"},\"primaryImageOfPage\":{\"@id\":\"https:\/\/www.estrategiaconcursos.com.br\/blog\/concurso-publico-editais-da-semana-04-a-08-10\/#primaryimage\"},\"image\":{\"@id\":\"https:\/\/www.estrategiaconcursos.com.br\/blog\/concurso-publico-editais-da-semana-04-a-08-10\/#primaryimage\"},\"thumbnailUrl\":\"https:\/\/dhg1h5j42swfq.cloudfront.net\/2021\/09\/28162031\/concursos-2021.jpg\",\"datePublished\":\"2021-10-08T21:00:00+00:00\",\"dateModified\":\"2021-10-15T17:05:45+00:00\",\"description\":\"Concurso P\u00fablico 2021: 09 editais sa\u00edram ao longo desta semana (04 a 08\/10). Confira n\u00famero de vagas, remunera\u00e7\u00e3o e principais datas!\",\"breadcrumb\":{\"@id\":\"https:\/\/www.estrategiaconcursos.com.br\/blog\/concurso-publico-editais-da-semana-04-a-08-10\/#breadcrumb\"},\"inLanguage\":\"pt-BR\",\"potentialAction\":[{\"@type\":\"ReadAction\",\"target\":[\"https:\/\/www.estrategiaconcursos.com.br\/blog\/concurso-publico-editais-da-semana-04-a-08-10\/\"]}]},{\"@type\":\"ImageObject\",\"inLanguage\":\"pt-BR\",\"@id\":\"https:\/\/www.estrategiaconcursos.com.br\/blog\/concurso-publico-editais-da-semana-04-a-08-10\/#primaryimage\",\"url\":\"https:\/\/dhg1h5j42swfq.cloudfront.net\/2021\/09\/28162031\/concursos-2021.jpg\",\"contentUrl\":\"https:\/\/dhg1h5j42swfq.cloudfront.net\/2021\/09\/28162031\/concursos-2021.jpg\",\"width\":1200,\"height\":628,\"caption\":\"concursos\"},{\"@type\":\"BreadcrumbList\",\"@id\":\"https:\/\/www.estrategiaconcursos.com.br\/blog\/concurso-publico-editais-da-semana-04-a-08-10\/#breadcrumb\",\"itemListElement\":[{\"@type\":\"ListItem\",\"position\":1,\"name\":\"In\u00edcio\",\"item\":\"https:\/\/www.estrategiaconcursos.com.br\/blog\/\"},{\"@type\":\"ListItem\",\"position\":2,\"name\":\"Concurso P\u00fablico: 09 editais esta semana! Mais de 600 vagas\"}]},{\"@type\":\"WebSite\",\"@id\":\"https:\/\/www.estrategiaconcursos.com.br\/blog\/#website\",\"url\":\"https:\/\/www.estrategiaconcursos.com.br\/blog\/\",\"name\":\"Estrat\u00e9gia Concursos\",\"description\":\"O blog da Estrat\u00e9gia Concursos traz not\u00edcias sobre concursos e artigos de professores oferecendo cursos para concursos (pdf + videaulas) no site.\",\"publisher\":{\"@id\":\"https:\/\/www.estrategiaconcursos.com.br\/blog\/#organization\"},\"potentialAction\":[{\"@type\":\"SearchAction\",\"target\":{\"@type\":\"EntryPoint\",\"urlTemplate\":\"https:\/\/www.estrategiaconcursos.com.br\/blog\/?s={search_term_string}\"},\"query-input\":{\"@type\":\"PropertyValueSpecification\",\"valueRequired\":true,\"valueName\":\"search_term_string\"}}],\"inLanguage\":\"pt-BR\"},{\"@type\":\"Organization\",\"@id\":\"https:\/\/www.estrategiaconcursos.com.br\/blog\/#organization\",\"name\":\"Estrat\u00e9gia Concursos\",\"url\":\"https:\/\/www.estrategiaconcursos.com.br\/blog\/\",\"logo\":{\"@type\":\"ImageObject\",\"inLanguage\":\"pt-BR\",\"@id\":\"https:\/\/www.estrategiaconcursos.com.br\/blog\/#\/schema\/logo\/image\/\",\"url\":\"https:\/\/dhg1h5j42swfq.cloudfront.net\/2025\/06\/03203428\/logo_concursos-1.jpg\",\"contentUrl\":\"https:\/\/dhg1h5j42swfq.cloudfront.net\/2025\/06\/03203428\/logo_concursos-1.jpg\",\"width\":230,\"height\":60,\"caption\":\"Estrat\u00e9gia Concursos\"},\"image\":{\"@id\":\"https:\/\/www.estrategiaconcursos.com.br\/blog\/#\/schema\/logo\/image\/\"},\"sameAs\":[\"https:\/\/x.com\/EstratConcursos\"]},{\"@type\":\"Person\",\"@id\":\"https:\/\/www.estrategiaconcursos.com.br\/blog\/#\/schema\/person\/84ecdc6eb58d3cf1689bf76c5cd8fb38\",\"name\":\"Camila Leite\",\"image\":{\"@type\":\"ImageObject\",\"inLanguage\":\"pt-BR\",\"@id\":\"https:\/\/secure.gravatar.com\/avatar\/f2f8faef639c8a2bfb7fb909912a56917f4c3a0aed064500168e2fb8ea55cf61?s=96&d=mm&r=g\",\"url\":\"https:\/\/secure.gravatar.com\/avatar\/f2f8faef639c8a2bfb7fb909912a56917f4c3a0aed064500168e2fb8ea55cf61?s=96&d=mm&r=g\",\"contentUrl\":\"https:\/\/secure.gravatar.com\/avatar\/f2f8faef639c8a2bfb7fb909912a56917f4c3a0aed064500168e2fb8ea55cf61?s=96&d=mm&r=g\",\"caption\":\"Camila Leite\"},\"description\":\"Formada em Design Gr\u00e1fico e em Propaganda e Marketing pela UNIP, integra a equipe de jornalismo do Estrat\u00e9gia Concursos desde 2018. Ao longo dos anos, construiu uma s\u00f3lida experi\u00eancia na produ\u00e7\u00e3o de conte\u00fado informativo e relevante para concurseiros. Desde 2020, atua na cobertura das \u00e1reas Fiscal \u2014 com \u00eanfase nas Secretarias de Fazenda (Sefaz) das regi\u00f5es Sul e Sudeste \u2014, al\u00e9m da cobertura de concursos federais, como CNU, Petrobras, CGU, Receita Federal, ag\u00eancias reguladoras (Anvisa, ANAC, entre outras) e INSS. Mant\u00e9m contato direto com os principais \u00f3rg\u00e3os p\u00fablicos, acompanhando editais, atualiza\u00e7\u00f5es e movimenta\u00e7\u00f5es importantes para os candidatos.\",\"sameAs\":[\"https:\/\/www.linkedin.com\/in\/camila-pinheiro-leite-9ba135b6\/\"],\"url\":\"https:\/\/www.estrategiaconcursos.com.br\/blog\/author\/camila-leiteestrategiaconcursos-com-br\/\"}]}<\/script>\n<!-- \/ Yoast SEO Premium plugin. -->","yoast_head_json":{"title":"Concurso P\u00fablico: 09 editais esta semana! Mais de 600 vagas","description":"Concurso P\u00fablico 2021: 09 editais sa\u00edram ao longo desta semana (04 a 08\/10). Confira n\u00famero de vagas, remunera\u00e7\u00e3o e principais datas!","robots":{"index":"index","follow":"follow","max-snippet":"max-snippet:-1","max-image-preview":"max-image-preview:large","max-video-preview":"max-video-preview:-1"},"canonical":"https:\/\/www.estrategiaconcursos.com.br\/blog\/concurso-publico-editais-da-semana-04-a-08-10\/","og_locale":"pt_BR","og_type":"article","og_title":"Concurso P\u00fablico: 09 editais esta semana! Mais de 600 vagas","og_description":"Concurso P\u00fablico 2021: 09 editais sa\u00edram ao longo desta semana (04 a 08\/10). Confira n\u00famero de vagas, remunera\u00e7\u00e3o e principais datas!","og_url":"https:\/\/www.estrategiaconcursos.com.br\/blog\/concurso-publico-editais-da-semana-04-a-08-10\/","og_site_name":"Estrat\u00e9gia Concursos","article_published_time":"2021-10-08T21:00:00+00:00","article_modified_time":"2021-10-15T17:05:45+00:00","og_image":[{"width":1200,"height":628,"url":"https:\/\/dhg1h5j42swfq.cloudfront.net\/2021\/09\/28162031\/concursos-2021.jpg","type":"image\/jpeg"}],"author":"Camila Leite","twitter_card":"summary_large_image","twitter_creator":"@EstratConcursos","twitter_site":"@EstratConcursos","twitter_misc":{"Escrito por":"Camila Leite","Est. tempo de leitura":"3 minutos"},"schema":{"@context":"https:\/\/schema.org","@graph":[{"@type":"NewsArticle","@id":"https:\/\/www.estrategiaconcursos.com.br\/blog\/concurso-publico-editais-da-semana-04-a-08-10\/#article","isPartOf":{"@id":"https:\/\/www.estrategiaconcursos.com.br\/blog\/concurso-publico-editais-da-semana-04-a-08-10\/"},"author":{"name":"Camila Leite","@id":"https:\/\/www.estrategiaconcursos.com.br\/blog\/#\/schema\/person\/84ecdc6eb58d3cf1689bf76c5cd8fb38"},"headline":"Concurso P\u00fablico: 09 editais esta semana! Mais de 600 vagas","datePublished":"2021-10-08T21:00:00+00:00","dateModified":"2021-10-15T17:05:45+00:00","mainEntityOfPage":{"@id":"https:\/\/www.estrategiaconcursos.com.br\/blog\/concurso-publico-editais-da-semana-04-a-08-10\/"},"wordCount":559,"commentCount":0,"publisher":{"@id":"https:\/\/www.estrategiaconcursos.com.br\/blog\/#organization"},"image":{"@id":"https:\/\/www.estrategiaconcursos.com.br\/blog\/concurso-publico-editais-da-semana-04-a-08-10\/#primaryimage"},"thumbnailUrl":"https:\/\/dhg1h5j42swfq.cloudfront.net\/2021\/09\/28162031\/concursos-2021.jpg","articleSection":["Concursos P\u00fablicos","\u00daltimas not\u00edcias"],"inLanguage":"pt-BR","potentialAction":[{"@type":"CommentAction","name":"Comment","target":["https:\/\/www.estrategiaconcursos.com.br\/blog\/concurso-publico-editais-da-semana-04-a-08-10\/#respond"]}],"copyrightYear":"2021","copyrightHolder":{"@id":"https:\/\/www.estrategiaconcursos.com.br\/blog\/#organization"}},{"@type":"WebPage","@id":"https:\/\/www.estrategiaconcursos.com.br\/blog\/concurso-publico-editais-da-semana-04-a-08-10\/","url":"https:\/\/www.estrategiaconcursos.com.br\/blog\/concurso-publico-editais-da-semana-04-a-08-10\/","name":"Concurso P\u00fablico: 09 editais esta semana! Mais de 600 vagas","isPartOf":{"@id":"https:\/\/www.estrategiaconcursos.com.br\/blog\/#website"},"primaryImageOfPage":{"@id":"https:\/\/www.estrategiaconcursos.com.br\/blog\/concurso-publico-editais-da-semana-04-a-08-10\/#primaryimage"},"image":{"@id":"https:\/\/www.estrategiaconcursos.com.br\/blog\/concurso-publico-editais-da-semana-04-a-08-10\/#primaryimage"},"thumbnailUrl":"https:\/\/dhg1h5j42swfq.cloudfront.net\/2021\/09\/28162031\/concursos-2021.jpg","datePublished":"2021-10-08T21:00:00+00:00","dateModified":"2021-10-15T17:05:45+00:00","description":"Concurso P\u00fablico 2021: 09 editais sa\u00edram ao longo desta semana (04 a 08\/10). Confira n\u00famero de vagas, remunera\u00e7\u00e3o e principais datas!","breadcrumb":{"@id":"https:\/\/www.estrategiaconcursos.com.br\/blog\/concurso-publico-editais-da-semana-04-a-08-10\/#breadcrumb"},"inLanguage":"pt-BR","potentialAction":[{"@type":"ReadAction","target":["https:\/\/www.estrategiaconcursos.com.br\/blog\/concurso-publico-editais-da-semana-04-a-08-10\/"]}]},{"@type":"ImageObject","inLanguage":"pt-BR","@id":"https:\/\/www.estrategiaconcursos.com.br\/blog\/concurso-publico-editais-da-semana-04-a-08-10\/#primaryimage","url":"https:\/\/dhg1h5j42swfq.cloudfront.net\/2021\/09\/28162031\/concursos-2021.jpg","contentUrl":"https:\/\/dhg1h5j42swfq.cloudfront.net\/2021\/09\/28162031\/concursos-2021.jpg","width":1200,"height":628,"caption":"concursos"},{"@type":"BreadcrumbList","@id":"https:\/\/www.estrategiaconcursos.com.br\/blog\/concurso-publico-editais-da-semana-04-a-08-10\/#breadcrumb","itemListElement":[{"@type":"ListItem","position":1,"name":"In\u00edcio","item":"https:\/\/www.estrategiaconcursos.com.br\/blog\/"},{"@type":"ListItem","position":2,"name":"Concurso P\u00fablico: 09 editais esta semana! Mais de 600 vagas"}]},{"@type":"WebSite","@id":"https:\/\/www.estrategiaconcursos.com.br\/blog\/#website","url":"https:\/\/www.estrategiaconcursos.com.br\/blog\/","name":"Estrat\u00e9gia Concursos","description":"O blog da Estrat\u00e9gia Concursos traz not\u00edcias sobre concursos e artigos de professores oferecendo cursos para concursos (pdf + videaulas) no site.","publisher":{"@id":"https:\/\/www.estrategiaconcursos.com.br\/blog\/#organization"},"potentialAction":[{"@type":"SearchAction","target":{"@type":"EntryPoint","urlTemplate":"https:\/\/www.estrategiaconcursos.com.br\/blog\/?s={search_term_string}"},"query-input":{"@type":"PropertyValueSpecification","valueRequired":true,"valueName":"search_term_string"}}],"inLanguage":"pt-BR"},{"@type":"Organization","@id":"https:\/\/www.estrategiaconcursos.com.br\/blog\/#organization","name":"Estrat\u00e9gia Concursos","url":"https:\/\/www.estrategiaconcursos.com.br\/blog\/","logo":{"@type":"ImageObject","inLanguage":"pt-BR","@id":"https:\/\/www.estrategiaconcursos.com.br\/blog\/#\/schema\/logo\/image\/","url":"https:\/\/dhg1h5j42swfq.cloudfront.net\/2025\/06\/03203428\/logo_concursos-1.jpg","contentUrl":"https:\/\/dhg1h5j42swfq.cloudfront.net\/2025\/06\/03203428\/logo_concursos-1.jpg","width":230,"height":60,"caption":"Estrat\u00e9gia Concursos"},"image":{"@id":"https:\/\/www.estrategiaconcursos.com.br\/blog\/#\/schema\/logo\/image\/"},"sameAs":["https:\/\/x.com\/EstratConcursos"]},{"@type":"Person","@id":"https:\/\/www.estrategiaconcursos.com.br\/blog\/#\/schema\/person\/84ecdc6eb58d3cf1689bf76c5cd8fb38","name":"Camila Leite","image":{"@type":"ImageObject","inLanguage":"pt-BR","@id":"https:\/\/secure.gravatar.com\/avatar\/f2f8faef639c8a2bfb7fb909912a56917f4c3a0aed064500168e2fb8ea55cf61?s=96&d=mm&r=g","url":"https:\/\/secure.gravatar.com\/avatar\/f2f8faef639c8a2bfb7fb909912a56917f4c3a0aed064500168e2fb8ea55cf61?s=96&d=mm&r=g","contentUrl":"https:\/\/secure.gravatar.com\/avatar\/f2f8faef639c8a2bfb7fb909912a56917f4c3a0aed064500168e2fb8ea55cf61?s=96&d=mm&r=g","caption":"Camila Leite"},"description":"Formada em Design Gr\u00e1fico e em Propaganda e Marketing pela UNIP, integra a equipe de jornalismo do Estrat\u00e9gia Concursos desde 2018. Ao longo dos anos, construiu uma s\u00f3lida experi\u00eancia na produ\u00e7\u00e3o de conte\u00fado informativo e relevante para concurseiros. Desde 2020, atua na cobertura das \u00e1reas Fiscal \u2014 com \u00eanfase nas Secretarias de Fazenda (Sefaz) das regi\u00f5es Sul e Sudeste \u2014, al\u00e9m da cobertura de concursos federais, como CNU, Petrobras, CGU, Receita Federal, ag\u00eancias reguladoras (Anvisa, ANAC, entre outras) e INSS. Mant\u00e9m contato direto com os principais \u00f3rg\u00e3os p\u00fablicos, acompanhando editais, atualiza\u00e7\u00f5es e movimenta\u00e7\u00f5es importantes para os candidatos.","sameAs":["https:\/\/www.linkedin.com\/in\/camila-pinheiro-leite-9ba135b6\/"],"url":"https:\/\/www.estrategiaconcursos.com.br\/blog\/author\/camila-leiteestrategiaconcursos-com-br\/"}]}},"_links":{"self":[{"href":"https:\/\/www.estrategiaconcursos.com.br\/blog\/wp-json\/wp\/v2\/posts\/881142","targetHints":{"allow":["GET"]}}],"collection":[{"href":"https:\/\/www.estrategiaconcursos.com.br\/blog\/wp-json\/wp\/v2\/posts"}],"about":[{"href":"https:\/\/www.estrategiaconcursos.com.br\/blog\/wp-json\/wp\/v2\/types\/post"}],"author":[{"embeddable":true,"href":"https:\/\/www.estrategiaconcursos.com.br\/blog\/wp-json\/wp\/v2\/users\/659"}],"replies":[{"embeddable":true,"href":"https:\/\/www.estrategiaconcursos.com.br\/blog\/wp-json\/wp\/v2\/comments?post=881142"}],"version-history":[{"count":10,"href":"https:\/\/www.estrategiaconcursos.com.br\/blog\/wp-json\/wp\/v2\/posts\/881142\/revisions"}],"predecessor-version":[{"id":885913,"href":"https:\/\/www.estrategiaconcursos.com.br\/blog\/wp-json\/wp\/v2\/posts\/881142\/revisions\/885913"}],"wp:featuredmedia":[{"embeddable":true,"href":"https:\/\/www.estrategiaconcursos.com.br\/blog\/wp-json\/wp\/v2\/media\/872508"}],"wp:attachment":[{"href":"https:\/\/www.estrategiaconcursos.com.br\/blog\/wp-json\/wp\/v2\/media?parent=881142"}],"wp:term":[{"taxonomy":"category","embeddable":true,"href":"https:\/\/www.estrategiaconcursos.com.br\/blog\/wp-json\/wp\/v2\/categories?post=881142"},{"taxonomy":"post_tag","embeddable":true,"href":"https:\/\/www.estrategiaconcursos.com.br\/blog\/wp-json\/wp\/v2\/tags?post=881142"},{"taxonomy":"tax_estado","embeddable":true,"href":"https:\/\/www.estrategiaconcursos.com.br\/blog\/wp-json\/wp\/v2\/tax_estado?post=881142"}],"curies":[{"name":"wp","href":"https:\/\/api.w.org\/{rel}","templated":true}]}}