{"id":881036,"date":"2021-10-09T06:15:00","date_gmt":"2021-10-09T09:15:00","guid":{"rendered":"https:\/\/www.estrategiaconcursos.com.br\/blog\/?p=881036"},"modified":"2023-06-29T13:41:49","modified_gmt":"2023-06-29T16:41:49","slug":"revisao-de-vespera-pm-pi-cargo-oficial","status":"publish","type":"post","link":"https:\/\/www.estrategiaconcursos.com.br\/blog\/revisao-de-vespera-pm-pi-cargo-oficial\/","title":{"rendered":"Revis\u00e3o de V\u00e9spera PM PI \u2013 Cargo: Oficial"},"content":{"rendered":"\n<p>Est\u00e1 chegando um dos dias mais aguardados para os estrategistas que prestar\u00e3o o concurso PM PI Oficial: o de aplica\u00e7\u00e3o das provas!<\/p>\n\n\n\n<p>A etapa ser\u00e1 realizada no pr\u00f3ximo domingo, <strong>10 de outubro de 2021<\/strong>. Inclusive, foram divulgados os locais para realiza\u00e7\u00e3o dos exames. O acesso ao <a href=\"https:\/\/nucepe.uespi.br\/candidato\/login\" target=\"_blank\" rel=\"noreferrer noopener\">cart\u00e3o de informa\u00e7\u00e3o<\/a> est\u00e1 dispon\u00edvel no site da banca organizadora, NUCEPE! <\/p>\n\n\n\n<p>E para continuar auxiliando o seu preparo para este concorrid\u00edssimo certame, o Estrat\u00e9gia Concursos preparou, mais uma vez, novidades!<\/p>\n\n\n\n<p><strong>Neste s\u00e1bado, 09 de outubro, a partir das 7h<\/strong>, transmitiremos o evento &#8216;Revis\u00e3o de V\u00e9spera PM PI \u2013 Cargo: Oficial&#8217;, com tudo o que voc\u00ea precisa fixar para conquistar a t\u00e3o sonhada vaga na corpora\u00e7\u00e3o. N\u00e3o perca!<\/p>\n\n\n\n<h4 class=\"wp-block-heading\" id=\"h-confira-abaixo-a-programacao\">Confira abaixo a programa\u00e7\u00e3o!  <\/h4>\n\n\n\n<figure class=\"wp-block-table is-style-stripes\"><table class=\"has-background\" style=\"background:linear-gradient(135deg,rgb(252,185,0) 36%,rgb(255,105,0) 100%)\"><tbody><tr><td class=\"has-text-align-center\" data-align=\"center\"><strong>Hor\u00e1rio<\/strong><\/td><td class=\"has-text-align-center\" data-align=\"center\"><strong>Disciplina<\/strong><\/td><td class=\"has-text-align-center\" data-align=\"center\"><strong>Professor(a)<\/strong><\/td><\/tr><tr><td class=\"has-text-align-center\" data-align=\"center\">7h \u00e0s 8h<\/td><td class=\"has-text-align-center\" data-align=\"center\">Direito Administrativo<\/td><td class=\"has-text-align-center\" data-align=\"center\">Th\u00e1llius Moraes<\/td><\/tr><tr><td class=\"has-text-align-center\" data-align=\"center\">8h \u00e0s 9h30<\/td><td class=\"has-text-align-center\" data-align=\"center\">Legisla\u00e7\u00e3o Especial Aplicada \u00e0 Seguran\u00e7a P\u00fablica e Legisla\u00e7\u00e3o da Pol\u00edcia Milita<\/td><td class=\"has-text-align-center\" data-align=\"center\">Marcos Girao<\/td><\/tr><tr><td class=\"has-text-align-center\" data-align=\"center\">9h30 \u00e0s 11h<\/td><td class=\"has-text-align-center\" data-align=\"center\">Direito Penal e Processual Penal<\/td><td class=\"has-text-align-center\" data-align=\"center\">Priscila Silveira<\/td><\/tr><tr><td class=\"has-text-align-center\" data-align=\"center\">11h \u00e0s 12h<\/td><td class=\"has-text-align-center\" data-align=\"center\">Direito Constitucional<\/td><td class=\"has-text-align-center\" data-align=\"center\">Adriane Fauth<\/td><\/tr><tr><td class=\"has-text-align-center\" data-align=\"center\">12h \u00e0s 13h30<\/td><td class=\"has-text-align-center\" data-align=\"center\">Seguran\u00e7a P\u00fablica<\/td><td class=\"has-text-align-center\" data-align=\"center\">Alexandre Herculano<\/td><\/tr><tr><td class=\"has-text-align-center\" data-align=\"center\">13h30 \u00e0s 14h30<\/td><td class=\"has-text-align-center\" data-align=\"center\">Conhecimentos Regionais do Estado do Piau\u00ed<\/td><td class=\"has-text-align-center\" data-align=\"center\">S\u00e9rgio Henrique<\/td><\/tr><tr><td class=\"has-text-align-center\" data-align=\"center\">14h30 \u00e0s 16h<\/td><td class=\"has-text-align-center\" data-align=\"center\">Direito Penal Militar e Processual Militar<\/td><td class=\"has-text-align-center\" data-align=\"center\">Ant\u00f4nio Pequeno<\/td><\/tr><tr><td class=\"has-text-align-center\" data-align=\"center\">16 \u00e0s 17h<\/td><td class=\"has-text-align-center\" data-align=\"center\">L\u00edngua Portuguesa<\/td><td class=\"has-text-align-center\" data-align=\"center\">Suellen Borges<\/td><\/tr><\/tbody><\/table><\/figure>\n\n\n\n<h2 class=\"wp-block-heading has-text-align-center\" id=\"h-quer-saber-tudo-sobre-concursos-previstos-confira-nossos-artigos\">Quer saber tudo sobre concursos previstos?<br \/>Confira nossos artigos!<\/h2>\n\n\n\n<ul class=\"wp-block-list\">\n<li><a href=\"https:\/\/www.estrategiaconcursos.com.br\/blog\/concursos-abertos\/\" target=\"_blank\" rel=\"noreferrer noopener\">Concursos abertos<\/a><\/li>\n\n\n\n<li><a href=\"https:\/\/www.estrategiaconcursos.com.br\/blog\/concursos-2021\/\" target=\"_blank\" rel=\"noreferrer noopener\">Concursos 2021<\/a><\/li>\n\n\n\n<li><a href=\"https:\/\/www.estrategiaconcursos.com.br\/blog\/concursos-2022\/\" target=\"_blank\" rel=\"noreferrer noopener\">Concursos 2022<\/a><\/li>\n<\/ul>\n\n\n\n<h2 class=\"wp-block-heading has-text-align-center\" id=\"cursos-e-assinaturas\"> Quer estudar para o concurso da Pol\u00edcia Militar do Piau\u00ed?<\/h2>\n\n\n\n<div class=\"container\" id=\"boxes\">\n  <div class=\"row\">\n\n    <div class=\"col-sm\">\n      <div class=\"banner-policial\" id=\"box-assinatura\">\n        <h3 class=\"titulo-assinatura\">Concurso PM PI<\/h3>\n        <p class=\"subtitulo-assinatura\">Conhe\u00e7a os cursos<\/p>\n        <div class=\"box-botao\">\n          <a class=\"btn-assinatura\" target=\"_blank\" href=\"https:\/\/www.estrategiaconcursos.com.br\/cursosPorConcurso\/policia-militar-do-piaui-pm-pi\" role=\"button\" rel=\"noopener noreferrer\">Conhe\u00e7a mais<\/a>\n        <\/div>\n      <\/div><\/div><\/div><\/div>\n\n\n\n<div class=\"container\" id=\"boxes\">\n  <div class=\"row\">\n\n    <div class=\"col-sm\">\n      <div class=\"estrategia\" id=\"box-assinatura\">\n        <h3 class=\"titulo-assinatura\">Assinatura de Concursos<\/h3>\n        <p class=\"subtitulo-assinatura\">Assinatura de 1 ano ou 2 anos<\/p>\n        <div class=\"box-botao\">\n          <a class=\"btn-assinatura\" target=\"_blank\" href=\"https:\/\/www.estrategiaconcursos.com.br\/assinaturas\/\" role=\"button\" rel=\"noopener noreferrer\">ASSINE AGORA<\/a>\n        <\/div>\n      <\/div>\n     \n    <\/div><\/div><\/div>\n\n\n\n<p><\/p>\n","protected":false},"excerpt":{"rendered":"<p>Est\u00e1 chegando um dos dias mais aguardados para os estrategistas que prestar\u00e3o o concurso PM PI Oficial: o de aplica\u00e7\u00e3o das provas! A etapa ser\u00e1 realizada no pr\u00f3ximo domingo, 10 de outubro de 2021. Inclusive, foram divulgados os locais para realiza\u00e7\u00e3o dos exames. O acesso ao cart\u00e3o de informa\u00e7\u00e3o est\u00e1 dispon\u00edvel no site da banca [&hellip;]<\/p>\n","protected":false},"author":1483,"featured_media":881058,"comment_status":"open","ping_status":"closed","sticky":false,"template":"","format":"standard","meta":{"post_tipo":"news","footnotes":""},"categories":[220186,220219],"tags":[],"tax_estado":[219980],"class_list":["post-881036","post","type-post","status-publish","format-standard","has-post-thumbnail","hentry","category-policial-oficial","category-noticias","tax_estado-pi"],"acf":[],"yoast_head":"<!-- This site is optimized with the Yoast SEO Premium plugin v27.2 (Yoast SEO v27.2) - https:\/\/yoast.com\/product\/yoast-seo-premium-wordpress\/ -->\n<title>Revis\u00e3o de V\u00e9spera PM PI \u2013 Cargo: Oficial<\/title>\n<meta name=\"description\" content=\"Revis\u00e3o de V\u00e9spera PM PI \u2013 Cargo: Oficial\" \/>\n<meta name=\"robots\" content=\"index, follow, max-snippet:-1, max-image-preview:large, max-video-preview:-1\" \/>\n<link rel=\"canonical\" href=\"https:\/\/www.estrategiaconcursos.com.br\/blog\/revisao-de-vespera-pm-pi-cargo-oficial\/\" \/>\n<meta property=\"og:locale\" content=\"pt_BR\" \/>\n<meta property=\"og:type\" content=\"article\" \/>\n<meta property=\"og:title\" content=\"Revis\u00e3o de V\u00e9spera PM PI \u2013 Cargo: Oficial\" \/>\n<meta property=\"og:description\" content=\"Revis\u00e3o de V\u00e9spera PM PI \u2013 Cargo: Oficial\" \/>\n<meta property=\"og:url\" content=\"https:\/\/www.estrategiaconcursos.com.br\/blog\/revisao-de-vespera-pm-pi-cargo-oficial\/\" \/>\n<meta property=\"og:site_name\" content=\"Estrat\u00e9gia Concursos\" \/>\n<meta property=\"article:published_time\" content=\"2021-10-09T09:15:00+00:00\" \/>\n<meta property=\"article:modified_time\" content=\"2023-06-29T16:41:49+00:00\" \/>\n<meta property=\"og:image\" content=\"https:\/\/dhg1h5j42swfq.cloudfront.net\/2021\/10\/08143034\/1280-720-max-20.jpg\" \/>\n\t<meta property=\"og:image:width\" content=\"1280\" \/>\n\t<meta property=\"og:image:height\" content=\"720\" \/>\n\t<meta property=\"og:image:type\" content=\"image\/jpeg\" \/>\n<meta name=\"author\" content=\"Diogo Mendes\" \/>\n<meta name=\"twitter:card\" content=\"summary_large_image\" \/>\n<meta name=\"twitter:creator\" content=\"@EstratConcursos\" \/>\n<meta name=\"twitter:site\" content=\"@EstratConcursos\" \/>\n<meta name=\"twitter:label1\" content=\"Escrito por\" \/>\n\t<meta name=\"twitter:data1\" content=\"Diogo Mendes\" \/>\n\t<meta name=\"twitter:label2\" content=\"Est. tempo de leitura\" \/>\n\t<meta name=\"twitter:data2\" content=\"2 minutos\" \/>\n<script type=\"application\/ld+json\" class=\"yoast-schema-graph\">{\"@context\":\"https:\/\/schema.org\",\"@graph\":[{\"@type\":\"NewsArticle\",\"@id\":\"https:\/\/www.estrategiaconcursos.com.br\/blog\/revisao-de-vespera-pm-pi-cargo-oficial\/#article\",\"isPartOf\":{\"@id\":\"https:\/\/www.estrategiaconcursos.com.br\/blog\/revisao-de-vespera-pm-pi-cargo-oficial\/\"},\"author\":{\"name\":\"Diogo Mendes\",\"@id\":\"https:\/\/www.estrategiaconcursos.com.br\/blog\/#\/schema\/person\/cc9e76173880338ce9f656c88664a1f6\"},\"headline\":\"Revis\u00e3o de V\u00e9spera PM PI \u2013 Cargo: Oficial\",\"datePublished\":\"2021-10-09T09:15:00+00:00\",\"dateModified\":\"2023-06-29T16:41:49+00:00\",\"mainEntityOfPage\":{\"@id\":\"https:\/\/www.estrategiaconcursos.com.br\/blog\/revisao-de-vespera-pm-pi-cargo-oficial\/\"},\"wordCount\":272,\"commentCount\":0,\"publisher\":{\"@id\":\"https:\/\/www.estrategiaconcursos.com.br\/blog\/#organization\"},\"image\":{\"@id\":\"https:\/\/www.estrategiaconcursos.com.br\/blog\/revisao-de-vespera-pm-pi-cargo-oficial\/#primaryimage\"},\"thumbnailUrl\":\"https:\/\/dhg1h5j42swfq.cloudfront.net\/2021\/10\/08143034\/1280-720-max-20.jpg\",\"articleSection\":[\"Policial (PM\/BM - Oficial)\",\"\u00daltimas not\u00edcias\"],\"inLanguage\":\"pt-BR\",\"potentialAction\":[{\"@type\":\"CommentAction\",\"name\":\"Comment\",\"target\":[\"https:\/\/www.estrategiaconcursos.com.br\/blog\/revisao-de-vespera-pm-pi-cargo-oficial\/#respond\"]}],\"copyrightYear\":\"2021\",\"copyrightHolder\":{\"@id\":\"https:\/\/www.estrategiaconcursos.com.br\/blog\/#organization\"}},{\"@type\":\"WebPage\",\"@id\":\"https:\/\/www.estrategiaconcursos.com.br\/blog\/revisao-de-vespera-pm-pi-cargo-oficial\/\",\"url\":\"https:\/\/www.estrategiaconcursos.com.br\/blog\/revisao-de-vespera-pm-pi-cargo-oficial\/\",\"name\":\"Revis\u00e3o de V\u00e9spera PM PI \u2013 Cargo: Oficial\",\"isPartOf\":{\"@id\":\"https:\/\/www.estrategiaconcursos.com.br\/blog\/#website\"},\"primaryImageOfPage\":{\"@id\":\"https:\/\/www.estrategiaconcursos.com.br\/blog\/revisao-de-vespera-pm-pi-cargo-oficial\/#primaryimage\"},\"image\":{\"@id\":\"https:\/\/www.estrategiaconcursos.com.br\/blog\/revisao-de-vespera-pm-pi-cargo-oficial\/#primaryimage\"},\"thumbnailUrl\":\"https:\/\/dhg1h5j42swfq.cloudfront.net\/2021\/10\/08143034\/1280-720-max-20.jpg\",\"datePublished\":\"2021-10-09T09:15:00+00:00\",\"dateModified\":\"2023-06-29T16:41:49+00:00\",\"description\":\"Revis\u00e3o de V\u00e9spera PM PI \u2013 Cargo: Oficial\",\"breadcrumb\":{\"@id\":\"https:\/\/www.estrategiaconcursos.com.br\/blog\/revisao-de-vespera-pm-pi-cargo-oficial\/#breadcrumb\"},\"inLanguage\":\"pt-BR\",\"potentialAction\":[{\"@type\":\"ReadAction\",\"target\":[\"https:\/\/www.estrategiaconcursos.com.br\/blog\/revisao-de-vespera-pm-pi-cargo-oficial\/\"]}]},{\"@type\":\"ImageObject\",\"inLanguage\":\"pt-BR\",\"@id\":\"https:\/\/www.estrategiaconcursos.com.br\/blog\/revisao-de-vespera-pm-pi-cargo-oficial\/#primaryimage\",\"url\":\"https:\/\/dhg1h5j42swfq.cloudfront.net\/2021\/10\/08143034\/1280-720-max-20.jpg\",\"contentUrl\":\"https:\/\/dhg1h5j42swfq.cloudfront.net\/2021\/10\/08143034\/1280-720-max-20.jpg\",\"width\":1280,\"height\":720},{\"@type\":\"BreadcrumbList\",\"@id\":\"https:\/\/www.estrategiaconcursos.com.br\/blog\/revisao-de-vespera-pm-pi-cargo-oficial\/#breadcrumb\",\"itemListElement\":[{\"@type\":\"ListItem\",\"position\":1,\"name\":\"In\u00edcio\",\"item\":\"https:\/\/www.estrategiaconcursos.com.br\/blog\/\"},{\"@type\":\"ListItem\",\"position\":2,\"name\":\"Revis\u00e3o de V\u00e9spera PM PI \u2013 Cargo: Oficial\"}]},{\"@type\":\"WebSite\",\"@id\":\"https:\/\/www.estrategiaconcursos.com.br\/blog\/#website\",\"url\":\"https:\/\/www.estrategiaconcursos.com.br\/blog\/\",\"name\":\"Estrat\u00e9gia Concursos\",\"description\":\"O blog da Estrat\u00e9gia Concursos traz not\u00edcias sobre concursos e artigos de professores oferecendo cursos para concursos (pdf + videaulas) no site.\",\"publisher\":{\"@id\":\"https:\/\/www.estrategiaconcursos.com.br\/blog\/#organization\"},\"potentialAction\":[{\"@type\":\"SearchAction\",\"target\":{\"@type\":\"EntryPoint\",\"urlTemplate\":\"https:\/\/www.estrategiaconcursos.com.br\/blog\/?s={search_term_string}\"},\"query-input\":{\"@type\":\"PropertyValueSpecification\",\"valueRequired\":true,\"valueName\":\"search_term_string\"}}],\"inLanguage\":\"pt-BR\"},{\"@type\":\"Organization\",\"@id\":\"https:\/\/www.estrategiaconcursos.com.br\/blog\/#organization\",\"name\":\"Estrat\u00e9gia Concursos\",\"url\":\"https:\/\/www.estrategiaconcursos.com.br\/blog\/\",\"logo\":{\"@type\":\"ImageObject\",\"inLanguage\":\"pt-BR\",\"@id\":\"https:\/\/www.estrategiaconcursos.com.br\/blog\/#\/schema\/logo\/image\/\",\"url\":\"https:\/\/dhg1h5j42swfq.cloudfront.net\/2025\/06\/03203428\/logo_concursos-1.jpg\",\"contentUrl\":\"https:\/\/dhg1h5j42swfq.cloudfront.net\/2025\/06\/03203428\/logo_concursos-1.jpg\",\"width\":230,\"height\":60,\"caption\":\"Estrat\u00e9gia Concursos\"},\"image\":{\"@id\":\"https:\/\/www.estrategiaconcursos.com.br\/blog\/#\/schema\/logo\/image\/\"},\"sameAs\":[\"https:\/\/x.com\/EstratConcursos\"]},{\"@type\":\"Person\",\"@id\":\"https:\/\/www.estrategiaconcursos.com.br\/blog\/#\/schema\/person\/cc9e76173880338ce9f656c88664a1f6\",\"name\":\"Diogo Mendes\",\"image\":{\"@type\":\"ImageObject\",\"inLanguage\":\"pt-BR\",\"@id\":\"https:\/\/secure.gravatar.com\/avatar\/9754d6777d460a45ef4067b586b94c32005cc2345a0404b8d96adc620cf63806?s=96&d=mm&r=g\",\"url\":\"https:\/\/secure.gravatar.com\/avatar\/9754d6777d460a45ef4067b586b94c32005cc2345a0404b8d96adc620cf63806?s=96&d=mm&r=g\",\"contentUrl\":\"https:\/\/secure.gravatar.com\/avatar\/9754d6777d460a45ef4067b586b94c32005cc2345a0404b8d96adc620cf63806?s=96&d=mm&r=g\",\"caption\":\"Diogo Mendes\"},\"description\":\"Diogo Mendes \u00e9 jornalista formado pela Universidade Paulista, com experi\u00eancia em reda\u00e7\u00f5es de diversos ve\u00edculos e na produ\u00e7\u00e3o de conte\u00fados especializados em concursos p\u00fablicos. Desde 2019, atua no Estrat\u00e9gia Concursos como Jornalista e Analista de Conte\u00fado, com foco na apura\u00e7\u00e3o de informa\u00e7\u00f5es junto a \u00f3rg\u00e3os e fontes oficiais. Dedica-se especialmente \u00e0 produ\u00e7\u00e3o de not\u00edcias e reportagens sobre Concursos Legislativos, al\u00e9m de acompanhar diariamente os concursos policiais, banc\u00e1rios e da \u00e1rea da sa\u00fade.\",\"url\":\"https:\/\/www.estrategiaconcursos.com.br\/blog\/author\/diogo-mendesestrategiaconcursos-com-br\/\"}]}<\/script>\n<!-- \/ Yoast SEO Premium plugin. -->","yoast_head_json":{"title":"Revis\u00e3o de V\u00e9spera PM PI \u2013 Cargo: Oficial","description":"Revis\u00e3o de V\u00e9spera PM PI \u2013 Cargo: Oficial","robots":{"index":"index","follow":"follow","max-snippet":"max-snippet:-1","max-image-preview":"max-image-preview:large","max-video-preview":"max-video-preview:-1"},"canonical":"https:\/\/www.estrategiaconcursos.com.br\/blog\/revisao-de-vespera-pm-pi-cargo-oficial\/","og_locale":"pt_BR","og_type":"article","og_title":"Revis\u00e3o de V\u00e9spera PM PI \u2013 Cargo: Oficial","og_description":"Revis\u00e3o de V\u00e9spera PM PI \u2013 Cargo: Oficial","og_url":"https:\/\/www.estrategiaconcursos.com.br\/blog\/revisao-de-vespera-pm-pi-cargo-oficial\/","og_site_name":"Estrat\u00e9gia Concursos","article_published_time":"2021-10-09T09:15:00+00:00","article_modified_time":"2023-06-29T16:41:49+00:00","og_image":[{"width":1280,"height":720,"url":"https:\/\/dhg1h5j42swfq.cloudfront.net\/2021\/10\/08143034\/1280-720-max-20.jpg","type":"image\/jpeg"}],"author":"Diogo Mendes","twitter_card":"summary_large_image","twitter_creator":"@EstratConcursos","twitter_site":"@EstratConcursos","twitter_misc":{"Escrito por":"Diogo Mendes","Est. tempo de leitura":"2 minutos"},"schema":{"@context":"https:\/\/schema.org","@graph":[{"@type":"NewsArticle","@id":"https:\/\/www.estrategiaconcursos.com.br\/blog\/revisao-de-vespera-pm-pi-cargo-oficial\/#article","isPartOf":{"@id":"https:\/\/www.estrategiaconcursos.com.br\/blog\/revisao-de-vespera-pm-pi-cargo-oficial\/"},"author":{"name":"Diogo Mendes","@id":"https:\/\/www.estrategiaconcursos.com.br\/blog\/#\/schema\/person\/cc9e76173880338ce9f656c88664a1f6"},"headline":"Revis\u00e3o de V\u00e9spera PM PI \u2013 Cargo: Oficial","datePublished":"2021-10-09T09:15:00+00:00","dateModified":"2023-06-29T16:41:49+00:00","mainEntityOfPage":{"@id":"https:\/\/www.estrategiaconcursos.com.br\/blog\/revisao-de-vespera-pm-pi-cargo-oficial\/"},"wordCount":272,"commentCount":0,"publisher":{"@id":"https:\/\/www.estrategiaconcursos.com.br\/blog\/#organization"},"image":{"@id":"https:\/\/www.estrategiaconcursos.com.br\/blog\/revisao-de-vespera-pm-pi-cargo-oficial\/#primaryimage"},"thumbnailUrl":"https:\/\/dhg1h5j42swfq.cloudfront.net\/2021\/10\/08143034\/1280-720-max-20.jpg","articleSection":["Policial (PM\/BM - Oficial)","\u00daltimas not\u00edcias"],"inLanguage":"pt-BR","potentialAction":[{"@type":"CommentAction","name":"Comment","target":["https:\/\/www.estrategiaconcursos.com.br\/blog\/revisao-de-vespera-pm-pi-cargo-oficial\/#respond"]}],"copyrightYear":"2021","copyrightHolder":{"@id":"https:\/\/www.estrategiaconcursos.com.br\/blog\/#organization"}},{"@type":"WebPage","@id":"https:\/\/www.estrategiaconcursos.com.br\/blog\/revisao-de-vespera-pm-pi-cargo-oficial\/","url":"https:\/\/www.estrategiaconcursos.com.br\/blog\/revisao-de-vespera-pm-pi-cargo-oficial\/","name":"Revis\u00e3o de V\u00e9spera PM PI \u2013 Cargo: Oficial","isPartOf":{"@id":"https:\/\/www.estrategiaconcursos.com.br\/blog\/#website"},"primaryImageOfPage":{"@id":"https:\/\/www.estrategiaconcursos.com.br\/blog\/revisao-de-vespera-pm-pi-cargo-oficial\/#primaryimage"},"image":{"@id":"https:\/\/www.estrategiaconcursos.com.br\/blog\/revisao-de-vespera-pm-pi-cargo-oficial\/#primaryimage"},"thumbnailUrl":"https:\/\/dhg1h5j42swfq.cloudfront.net\/2021\/10\/08143034\/1280-720-max-20.jpg","datePublished":"2021-10-09T09:15:00+00:00","dateModified":"2023-06-29T16:41:49+00:00","description":"Revis\u00e3o de V\u00e9spera PM PI \u2013 Cargo: Oficial","breadcrumb":{"@id":"https:\/\/www.estrategiaconcursos.com.br\/blog\/revisao-de-vespera-pm-pi-cargo-oficial\/#breadcrumb"},"inLanguage":"pt-BR","potentialAction":[{"@type":"ReadAction","target":["https:\/\/www.estrategiaconcursos.com.br\/blog\/revisao-de-vespera-pm-pi-cargo-oficial\/"]}]},{"@type":"ImageObject","inLanguage":"pt-BR","@id":"https:\/\/www.estrategiaconcursos.com.br\/blog\/revisao-de-vespera-pm-pi-cargo-oficial\/#primaryimage","url":"https:\/\/dhg1h5j42swfq.cloudfront.net\/2021\/10\/08143034\/1280-720-max-20.jpg","contentUrl":"https:\/\/dhg1h5j42swfq.cloudfront.net\/2021\/10\/08143034\/1280-720-max-20.jpg","width":1280,"height":720},{"@type":"BreadcrumbList","@id":"https:\/\/www.estrategiaconcursos.com.br\/blog\/revisao-de-vespera-pm-pi-cargo-oficial\/#breadcrumb","itemListElement":[{"@type":"ListItem","position":1,"name":"In\u00edcio","item":"https:\/\/www.estrategiaconcursos.com.br\/blog\/"},{"@type":"ListItem","position":2,"name":"Revis\u00e3o de V\u00e9spera PM PI \u2013 Cargo: Oficial"}]},{"@type":"WebSite","@id":"https:\/\/www.estrategiaconcursos.com.br\/blog\/#website","url":"https:\/\/www.estrategiaconcursos.com.br\/blog\/","name":"Estrat\u00e9gia Concursos","description":"O blog da Estrat\u00e9gia Concursos traz not\u00edcias sobre concursos e artigos de professores oferecendo cursos para concursos (pdf + videaulas) no site.","publisher":{"@id":"https:\/\/www.estrategiaconcursos.com.br\/blog\/#organization"},"potentialAction":[{"@type":"SearchAction","target":{"@type":"EntryPoint","urlTemplate":"https:\/\/www.estrategiaconcursos.com.br\/blog\/?s={search_term_string}"},"query-input":{"@type":"PropertyValueSpecification","valueRequired":true,"valueName":"search_term_string"}}],"inLanguage":"pt-BR"},{"@type":"Organization","@id":"https:\/\/www.estrategiaconcursos.com.br\/blog\/#organization","name":"Estrat\u00e9gia Concursos","url":"https:\/\/www.estrategiaconcursos.com.br\/blog\/","logo":{"@type":"ImageObject","inLanguage":"pt-BR","@id":"https:\/\/www.estrategiaconcursos.com.br\/blog\/#\/schema\/logo\/image\/","url":"https:\/\/dhg1h5j42swfq.cloudfront.net\/2025\/06\/03203428\/logo_concursos-1.jpg","contentUrl":"https:\/\/dhg1h5j42swfq.cloudfront.net\/2025\/06\/03203428\/logo_concursos-1.jpg","width":230,"height":60,"caption":"Estrat\u00e9gia Concursos"},"image":{"@id":"https:\/\/www.estrategiaconcursos.com.br\/blog\/#\/schema\/logo\/image\/"},"sameAs":["https:\/\/x.com\/EstratConcursos"]},{"@type":"Person","@id":"https:\/\/www.estrategiaconcursos.com.br\/blog\/#\/schema\/person\/cc9e76173880338ce9f656c88664a1f6","name":"Diogo Mendes","image":{"@type":"ImageObject","inLanguage":"pt-BR","@id":"https:\/\/secure.gravatar.com\/avatar\/9754d6777d460a45ef4067b586b94c32005cc2345a0404b8d96adc620cf63806?s=96&d=mm&r=g","url":"https:\/\/secure.gravatar.com\/avatar\/9754d6777d460a45ef4067b586b94c32005cc2345a0404b8d96adc620cf63806?s=96&d=mm&r=g","contentUrl":"https:\/\/secure.gravatar.com\/avatar\/9754d6777d460a45ef4067b586b94c32005cc2345a0404b8d96adc620cf63806?s=96&d=mm&r=g","caption":"Diogo Mendes"},"description":"Diogo Mendes \u00e9 jornalista formado pela Universidade Paulista, com experi\u00eancia em reda\u00e7\u00f5es de diversos ve\u00edculos e na produ\u00e7\u00e3o de conte\u00fados especializados em concursos p\u00fablicos. Desde 2019, atua no Estrat\u00e9gia Concursos como Jornalista e Analista de Conte\u00fado, com foco na apura\u00e7\u00e3o de informa\u00e7\u00f5es junto a \u00f3rg\u00e3os e fontes oficiais. Dedica-se especialmente \u00e0 produ\u00e7\u00e3o de not\u00edcias e reportagens sobre Concursos Legislativos, al\u00e9m de acompanhar diariamente os concursos policiais, banc\u00e1rios e da \u00e1rea da sa\u00fade.","url":"https:\/\/www.estrategiaconcursos.com.br\/blog\/author\/diogo-mendesestrategiaconcursos-com-br\/"}]}},"_links":{"self":[{"href":"https:\/\/www.estrategiaconcursos.com.br\/blog\/wp-json\/wp\/v2\/posts\/881036","targetHints":{"allow":["GET"]}}],"collection":[{"href":"https:\/\/www.estrategiaconcursos.com.br\/blog\/wp-json\/wp\/v2\/posts"}],"about":[{"href":"https:\/\/www.estrategiaconcursos.com.br\/blog\/wp-json\/wp\/v2\/types\/post"}],"author":[{"embeddable":true,"href":"https:\/\/www.estrategiaconcursos.com.br\/blog\/wp-json\/wp\/v2\/users\/1483"}],"replies":[{"embeddable":true,"href":"https:\/\/www.estrategiaconcursos.com.br\/blog\/wp-json\/wp\/v2\/comments?post=881036"}],"version-history":[{"count":3,"href":"https:\/\/www.estrategiaconcursos.com.br\/blog\/wp-json\/wp\/v2\/posts\/881036\/revisions"}],"predecessor-version":[{"id":1241047,"href":"https:\/\/www.estrategiaconcursos.com.br\/blog\/wp-json\/wp\/v2\/posts\/881036\/revisions\/1241047"}],"wp:featuredmedia":[{"embeddable":true,"href":"https:\/\/www.estrategiaconcursos.com.br\/blog\/wp-json\/wp\/v2\/media\/881058"}],"wp:attachment":[{"href":"https:\/\/www.estrategiaconcursos.com.br\/blog\/wp-json\/wp\/v2\/media?parent=881036"}],"wp:term":[{"taxonomy":"category","embeddable":true,"href":"https:\/\/www.estrategiaconcursos.com.br\/blog\/wp-json\/wp\/v2\/categories?post=881036"},{"taxonomy":"post_tag","embeddable":true,"href":"https:\/\/www.estrategiaconcursos.com.br\/blog\/wp-json\/wp\/v2\/tags?post=881036"},{"taxonomy":"tax_estado","embeddable":true,"href":"https:\/\/www.estrategiaconcursos.com.br\/blog\/wp-json\/wp\/v2\/tax_estado?post=881036"}],"curies":[{"name":"wp","href":"https:\/\/api.w.org\/{rel}","templated":true}]}}