{"id":880778,"date":"2021-10-09T07:30:00","date_gmt":"2021-10-09T10:30:00","guid":{"rendered":"https:\/\/www.estrategiaconcursos.com.br\/blog\/?p=880778"},"modified":"2023-03-06T14:18:43","modified_gmt":"2023-03-06T17:18:43","slug":"primeira-maratona-sefaz-sc-pos-edital","status":"publish","type":"post","link":"https:\/\/www.estrategiaconcursos.com.br\/blog\/primeira-maratona-sefaz-sc-pos-edital\/","title":{"rendered":"1\u00aa Maratona SEFAZ SC P\u00f3s-edital &#8211; A partir das 08h30!"},"content":{"rendered":"\n<p><strong>Prezadas, corujas!<\/strong> Quem disse que s\u00e1bado n\u00e3o \u00e9 dia de estudar? Com dedica\u00e7\u00e3o constante voc\u00ea poder\u00e1 se tornar vencedor!<\/p>\n\n\n\n<p>Com inscri\u00e7\u00f5es abertas at\u00e9 o dia <strong>10\/11<\/strong>, o concurso da <strong>Secretaria da Fazenda do estado de Santa Catarina <\/strong>est\u00e1 na pra\u00e7a com 58 vagas imediatas para o cargo de Analista da Receita Estadual IV.<\/p>\n\n\n\n<p>Nesse momento, voc\u00ea deve estar se questionando o que tem de t\u00e3o atraente nessa oportunidade. Em primeira an\u00e1lise, \u00e9 v\u00e1lido evidenciar que o sal\u00e1rio inicial pode ultrapassar os<strong> R$ 10 mil<\/strong> (com as Gratifica\u00e7\u00f5es).<\/p>\n\n\n\n<p>Em adi\u00e7\u00e3o, para ingressar no cargo \u00e9 preciso ter diploma de conclus\u00e3o de&nbsp;<strong>curso superior, mas em n\u00edvel de gradua\u00e7\u00e3o em qualquer \u00e1rea de conhecimento<\/strong>. <\/p>\n\n\n\n<p>Assim sendo, chegou o momento de voc\u00ea transformar e alavancar sua carreira! Como servidor p\u00fablico \u00e9 poss\u00edvel conciliar estabilidade e alto estilo de vida.<\/p>\n\n\n\n<p>Sendo assim, preparamos um evento <strong>100% GRATUITO<\/strong> com as principais disciplinas que constam no edital de abertura. O Estrat\u00e9gia Concursos n\u00e3o s\u00f3 te informa acerca dos principais certames, mas tamb\u00e9m o auxilia a alcan\u00e7\u00e1-los. A transmiss\u00e3o via YouTube ficar\u00e1<strong> dispon\u00edvel a partir das 8h30. <\/strong> <\/p>\n\n\n\n<h2 class=\"has-text-align-center wp-block-heading\" id=\"h-cronograma-completo\">Cronograma completo:<\/h2>\n\n\n\n<figure class=\"wp-block-table is-style-stripes\"><table class=\"has-background has-fixed-layout\" style=\"background:linear-gradient(135deg,rgb(255,245,203) 11%,rgb(182,227,212) 74%,rgb(51,167,181) 100%)\"><tbody><tr><td class=\"has-text-align-center\" data-align=\"center\"><strong>Hor\u00e1rio<\/strong><\/td><td class=\"has-text-align-center\" data-align=\"center\"><strong>Disciplina<\/strong><\/td><td class=\"has-text-align-center\" data-align=\"center\"><strong>Professor<\/strong><\/td><\/tr><tr><td class=\"has-text-align-center\" data-align=\"center\">8h30 \u2013 9h30<\/td><td class=\"has-text-align-center\" data-align=\"center\">Direito Constitucional<\/td><td class=\"has-text-align-center\" data-align=\"center\">Emerson Bruno<\/td><\/tr><tr><td class=\"has-text-align-center\" data-align=\"center\">9h30 \u2013 10h30<\/td><td class=\"has-text-align-center\" data-align=\"center\">Legisla\u00e7\u00e3o Tribut\u00e1ria<\/td><td class=\"has-text-align-center\" data-align=\"center\">Eduardo da Rocha<\/td><\/tr><tr><td class=\"has-text-align-center\" data-align=\"center\">10h30 \u2013 11h30<\/td><td class=\"has-text-align-center\" data-align=\"center\">Direito Tribut\u00e1rio<\/td><td class=\"has-text-align-center\" data-align=\"center\">Fernando Maur\u00edcio<\/td><\/tr><tr><td class=\"has-text-align-center\" data-align=\"center\">11h30 \u2013 12h30<\/td><td class=\"has-text-align-center\" data-align=\"center\">Direito Processual Tribut\u00e1rio<\/td><td class=\"has-text-align-center\" data-align=\"center\">Rafael Rocha<\/td><\/tr><tr><td class=\"has-text-align-center\" data-align=\"center\">13h30 \u2013 14h30<\/td><td class=\"has-text-align-center\" data-align=\"center\">Direito Administrativo<\/td><td class=\"has-text-align-center\" data-align=\"center\">Antonio Daud<\/td><\/tr><tr><td class=\"has-text-align-center\" data-align=\"center\">14h30 \u2013 15h30<\/td><td class=\"has-text-align-center\" data-align=\"center\">Direito Financeiro<\/td><td class=\"has-text-align-center\" data-align=\"center\">Luciana Marinho<\/td><\/tr><tr><td class=\"has-text-align-center\" data-align=\"center\">15h30 \u2013 16h30<\/td><td class=\"has-text-align-center\" data-align=\"center\">Portugu\u00eas<\/td><td class=\"has-text-align-center\" data-align=\"center\">Patricia Manzato<\/td><\/tr><tr><td class=\"has-text-align-center\" data-align=\"center\">16h30 \u2013 17h30<\/td><td class=\"has-text-align-center\" data-align=\"center\">Direito Civil<\/td><td class=\"has-text-align-center\" data-align=\"center\">Paulo Sousa<\/td><\/tr><tr><td class=\"has-text-align-center\" data-align=\"center\">17h30 \u2013 18h30<\/td><td class=\"has-text-align-center\" data-align=\"center\">Racioc\u00ednio Cr\u00edtico e L\u00f3gico<\/td><td class=\"has-text-align-center\" data-align=\"center\">Carlos Henrique<\/td><\/tr><\/tbody><\/table><\/figure>\n\n\n\n<h2 class=\"has-text-align-center wp-block-heading\"><a href=\"https:\/\/youtu.be\/WNXjsjMWqss\" target=\"_blank\" rel=\"noreferrer noopener\">1\u00aa Maratona SEFAZ SC &#8211; AO VIVO E GRATUITAMENTE!<\/a><\/h2>\n\n\n\n<p>Para ficar muito bem informado sobre o concurso Sefaz SC, basta acessar o artigo exclusivo e completo que preparamos especialmente para voc\u00ea. Acesse atrav\u00e9s do link abaixo:<\/p>\n\n\n\n<p class=\"has-text-align-center has-pale-cyan-blue-background-color has-background\" style=\"font-size:clamp(14.642px, 0.915rem + ((1vw - 3.2px) * 0.721), 22px);\"><strong>Saiba mais: <a href=\"https:\/\/www.estrategiaconcursos.com.br\/blog\/concurso-sefaz-sc\/\" target=\"_blank\" rel=\"noreferrer noopener\">Concurso Sefaz SC<\/a><\/strong><\/p>\n\n\n\n<h2 class=\"has-text-align-center wp-block-heading\" id=\"cursos-assinatura\">Quer estudar para o edital do concurso SEFAZ SC?<\/h2>\n\n\n\n<div class=\"container\" id=\"boxes\">\n  <div class=\"row\">\n\n    <div class=\"col-sm\">\n      <div class=\"banner-estrategia\" id=\"box-assinatura\">\n        <h3 class=\"titulo-assinatura\">Cursos SEFAZ SC<\/h3>\n        <p class=\"subtitulo-assinatura\">Conhe\u00e7a os cursos<\/p>\n        <div class=\"box-botao\">\n          <a class=\"btn-assinatura\" target=\"_blank\" href=\"https:\/\/www.estrategiaconcursos.com.br\/cursosPorConcurso\/secretaria-da-fazenda-do-estado-de-santa-catarina-sefaz-sc\/\" role=\"button\" rel=\"noopener noreferrer\">Conhe\u00e7a mais<\/a>\n        <\/div>\n      <\/div>\n     \n    <\/div>\n\n  <\/div>\n<\/div>\n\n\n\n<div class=\"container\" id=\"boxes\">\n  <div class=\"row\">\n\n    <div class=\"col-sm\">\n      <div class=\"estrategia\" id=\"box-assinatura\">\n        <h3 class=\"titulo-assinatura\">Assinatura Concursos<\/h3>\n        <p class=\"subtitulo-assinatura\">Assinatura de 1 ano ou 2 anos<\/p>\n        <div class=\"box-botao\">\n          <a class=\"btn-assinatura\" target=\"_blank\" href=\"https:\/\/www.estrategiaconcursos.com.br\/assinaturas\/\" role=\"button\" rel=\"noopener noreferrer\">ASSINE AGORA<\/a>\n        <\/div>\n      <\/div><\/div><\/div><\/div>\n\n\n\n<h2 class=\"has-text-align-center wp-block-heading\" id=\"h-quer-saber-tudo-sobre-concursos-previstos-confira-nossos-artigos\">Quer saber tudo sobre concursos previstos?<br \/>Confira nossos artigos!<\/h2>\n\n\n\n<ul class=\"wp-block-list\">\n<li><a href=\"https:\/\/www.estrategiaconcursos.com.br\/blog\/concursos-abertos\/\" target=\"_blank\" rel=\"noreferrer noopener\">Concursos abertos<\/a><\/li>\n\n\n\n<li><a href=\"https:\/\/www.estrategiaconcursos.com.br\/blog\/concursos-2021\/\" target=\"_blank\" rel=\"noreferrer noopener\">Concursos 2021<\/a><\/li>\n\n\n\n<li><a href=\"https:\/\/www.estrategiaconcursos.com.br\/blog\/concursos-2022\/\" target=\"_blank\" rel=\"noreferrer noopener\">Concursos 2022<\/a><\/li>\n<\/ul>\n","protected":false},"excerpt":{"rendered":"<p>Prezadas, corujas! Quem disse que s\u00e1bado n\u00e3o \u00e9 dia de estudar? Com dedica\u00e7\u00e3o constante voc\u00ea poder\u00e1 se tornar vencedor! Com inscri\u00e7\u00f5es abertas at\u00e9 o dia 10\/11, o concurso da Secretaria da Fazenda do estado de Santa Catarina est\u00e1 na pra\u00e7a com 58 vagas imediatas para o cargo de Analista da Receita Estadual IV. Nesse momento, [&hellip;]<\/p>\n","protected":false},"author":135,"featured_media":749134,"comment_status":"open","ping_status":"closed","sticky":false,"template":"","format":"standard","meta":{"post_tipo":"news","footnotes":""},"categories":[1983,220219],"tags":[],"tax_estado":[219987],"class_list":["post-880778","post","type-post","status-publish","format-standard","has-post-thumbnail","hentry","category-fiscal-estadual","category-noticias","tax_estado-sc"],"acf":[],"yoast_head":"<!-- This site is optimized with the Yoast SEO Premium plugin v27.2 (Yoast SEO v27.2) - https:\/\/yoast.com\/product\/yoast-seo-premium-wordpress\/ -->\n<title>1\u00aa Maratona SEFAZ SC P\u00f3s-edital - A partir das 08h30!<\/title>\n<meta name=\"description\" content=\"1\u00aa Maratona SEFAZ SC \u2013 P\u00f3s-edital - A partir das 08h30, atrav\u00e9s do nosso canal no Youtube. Acesse o nosso artigo e saiba mais!\" \/>\n<meta name=\"robots\" content=\"index, follow, max-snippet:-1, max-image-preview:large, max-video-preview:-1\" \/>\n<link rel=\"canonical\" href=\"https:\/\/www.estrategiaconcursos.com.br\/blog\/primeira-maratona-sefaz-sc-pos-edital\/\" \/>\n<meta property=\"og:locale\" content=\"pt_BR\" \/>\n<meta property=\"og:type\" content=\"article\" \/>\n<meta property=\"og:title\" content=\"1\u00aa Maratona SEFAZ SC P\u00f3s-edital - A partir das 08h30!\" \/>\n<meta property=\"og:description\" content=\"1\u00aa Maratona SEFAZ SC \u2013 P\u00f3s-edital - A partir das 08h30, atrav\u00e9s do nosso canal no Youtube. Acesse o nosso artigo e saiba mais!\" \/>\n<meta property=\"og:url\" content=\"https:\/\/www.estrategiaconcursos.com.br\/blog\/primeira-maratona-sefaz-sc-pos-edital\/\" \/>\n<meta property=\"og:site_name\" content=\"Estrat\u00e9gia Concursos\" \/>\n<meta property=\"article:published_time\" content=\"2021-10-09T10:30:00+00:00\" \/>\n<meta property=\"article:modified_time\" content=\"2023-03-06T17:18:43+00:00\" \/>\n<meta property=\"og:image\" content=\"https:\/\/dhg1h5j42swfq.cloudfront.net\/2021\/05\/24100723\/sefaz-sc.jpg\" \/>\n\t<meta property=\"og:image:width\" content=\"768\" \/>\n\t<meta property=\"og:image:height\" content=\"432\" \/>\n\t<meta property=\"og:image:type\" content=\"image\/jpeg\" \/>\n<meta name=\"author\" content=\"Antonio Daud\" \/>\n<meta name=\"twitter:card\" content=\"summary_large_image\" \/>\n<meta name=\"twitter:creator\" content=\"@EstratConcursos\" \/>\n<meta name=\"twitter:site\" content=\"@EstratConcursos\" \/>\n<meta name=\"twitter:label1\" content=\"Escrito por\" \/>\n\t<meta name=\"twitter:data1\" content=\"Antonio Daud\" \/>\n\t<meta name=\"twitter:label2\" content=\"Est. tempo de leitura\" \/>\n\t<meta name=\"twitter:data2\" content=\"2 minutos\" \/>\n<script type=\"application\/ld+json\" class=\"yoast-schema-graph\">{\"@context\":\"https:\/\/schema.org\",\"@graph\":[{\"@type\":\"NewsArticle\",\"@id\":\"https:\/\/www.estrategiaconcursos.com.br\/blog\/primeira-maratona-sefaz-sc-pos-edital\/#article\",\"isPartOf\":{\"@id\":\"https:\/\/www.estrategiaconcursos.com.br\/blog\/primeira-maratona-sefaz-sc-pos-edital\/\"},\"author\":{\"name\":\"Antonio Daud\",\"@id\":\"https:\/\/www.estrategiaconcursos.com.br\/blog\/#\/schema\/person\/90692507130b147bb9128fc093141dad\"},\"headline\":\"1\u00aa Maratona SEFAZ SC P\u00f3s-edital &#8211; A partir das 08h30!\",\"datePublished\":\"2021-10-09T10:30:00+00:00\",\"dateModified\":\"2023-03-06T17:18:43+00:00\",\"mainEntityOfPage\":{\"@id\":\"https:\/\/www.estrategiaconcursos.com.br\/blog\/primeira-maratona-sefaz-sc-pos-edital\/\"},\"wordCount\":359,\"commentCount\":0,\"publisher\":{\"@id\":\"https:\/\/www.estrategiaconcursos.com.br\/blog\/#organization\"},\"image\":{\"@id\":\"https:\/\/www.estrategiaconcursos.com.br\/blog\/primeira-maratona-sefaz-sc-pos-edital\/#primaryimage\"},\"thumbnailUrl\":\"https:\/\/dhg1h5j42swfq.cloudfront.net\/2021\/05\/24100723\/sefaz-sc.jpg\",\"articleSection\":[\"Fiscal - Estadual (ICMS)\",\"\u00daltimas not\u00edcias\"],\"inLanguage\":\"pt-BR\",\"potentialAction\":[{\"@type\":\"CommentAction\",\"name\":\"Comment\",\"target\":[\"https:\/\/www.estrategiaconcursos.com.br\/blog\/primeira-maratona-sefaz-sc-pos-edital\/#respond\"]}],\"copyrightYear\":\"2021\",\"copyrightHolder\":{\"@id\":\"https:\/\/www.estrategiaconcursos.com.br\/blog\/#organization\"}},{\"@type\":\"WebPage\",\"@id\":\"https:\/\/www.estrategiaconcursos.com.br\/blog\/primeira-maratona-sefaz-sc-pos-edital\/\",\"url\":\"https:\/\/www.estrategiaconcursos.com.br\/blog\/primeira-maratona-sefaz-sc-pos-edital\/\",\"name\":\"1\u00aa Maratona SEFAZ SC P\u00f3s-edital - A partir das 08h30!\",\"isPartOf\":{\"@id\":\"https:\/\/www.estrategiaconcursos.com.br\/blog\/#website\"},\"primaryImageOfPage\":{\"@id\":\"https:\/\/www.estrategiaconcursos.com.br\/blog\/primeira-maratona-sefaz-sc-pos-edital\/#primaryimage\"},\"image\":{\"@id\":\"https:\/\/www.estrategiaconcursos.com.br\/blog\/primeira-maratona-sefaz-sc-pos-edital\/#primaryimage\"},\"thumbnailUrl\":\"https:\/\/dhg1h5j42swfq.cloudfront.net\/2021\/05\/24100723\/sefaz-sc.jpg\",\"datePublished\":\"2021-10-09T10:30:00+00:00\",\"dateModified\":\"2023-03-06T17:18:43+00:00\",\"description\":\"1\u00aa Maratona SEFAZ SC \u2013 P\u00f3s-edital - A partir das 08h30, atrav\u00e9s do nosso canal no Youtube. Acesse o nosso artigo e saiba mais!\",\"breadcrumb\":{\"@id\":\"https:\/\/www.estrategiaconcursos.com.br\/blog\/primeira-maratona-sefaz-sc-pos-edital\/#breadcrumb\"},\"inLanguage\":\"pt-BR\",\"potentialAction\":[{\"@type\":\"ReadAction\",\"target\":[\"https:\/\/www.estrategiaconcursos.com.br\/blog\/primeira-maratona-sefaz-sc-pos-edital\/\"]}]},{\"@type\":\"ImageObject\",\"inLanguage\":\"pt-BR\",\"@id\":\"https:\/\/www.estrategiaconcursos.com.br\/blog\/primeira-maratona-sefaz-sc-pos-edital\/#primaryimage\",\"url\":\"https:\/\/dhg1h5j42swfq.cloudfront.net\/2021\/05\/24100723\/sefaz-sc.jpg\",\"contentUrl\":\"https:\/\/dhg1h5j42swfq.cloudfront.net\/2021\/05\/24100723\/sefaz-sc.jpg\",\"width\":768,\"height\":432,\"caption\":\"Lei n\u00ba 17715 para a SEFAZ-SC\"},{\"@type\":\"BreadcrumbList\",\"@id\":\"https:\/\/www.estrategiaconcursos.com.br\/blog\/primeira-maratona-sefaz-sc-pos-edital\/#breadcrumb\",\"itemListElement\":[{\"@type\":\"ListItem\",\"position\":1,\"name\":\"In\u00edcio\",\"item\":\"https:\/\/www.estrategiaconcursos.com.br\/blog\/\"},{\"@type\":\"ListItem\",\"position\":2,\"name\":\"1\u00aa Maratona SEFAZ SC P\u00f3s-edital &#8211; A partir das 08h30!\"}]},{\"@type\":\"WebSite\",\"@id\":\"https:\/\/www.estrategiaconcursos.com.br\/blog\/#website\",\"url\":\"https:\/\/www.estrategiaconcursos.com.br\/blog\/\",\"name\":\"Estrat\u00e9gia Concursos\",\"description\":\"O blog da Estrat\u00e9gia Concursos traz not\u00edcias sobre concursos e artigos de professores oferecendo cursos para concursos (pdf + videaulas) no site.\",\"publisher\":{\"@id\":\"https:\/\/www.estrategiaconcursos.com.br\/blog\/#organization\"},\"potentialAction\":[{\"@type\":\"SearchAction\",\"target\":{\"@type\":\"EntryPoint\",\"urlTemplate\":\"https:\/\/www.estrategiaconcursos.com.br\/blog\/?s={search_term_string}\"},\"query-input\":{\"@type\":\"PropertyValueSpecification\",\"valueRequired\":true,\"valueName\":\"search_term_string\"}}],\"inLanguage\":\"pt-BR\"},{\"@type\":\"Organization\",\"@id\":\"https:\/\/www.estrategiaconcursos.com.br\/blog\/#organization\",\"name\":\"Estrat\u00e9gia Concursos\",\"url\":\"https:\/\/www.estrategiaconcursos.com.br\/blog\/\",\"logo\":{\"@type\":\"ImageObject\",\"inLanguage\":\"pt-BR\",\"@id\":\"https:\/\/www.estrategiaconcursos.com.br\/blog\/#\/schema\/logo\/image\/\",\"url\":\"https:\/\/dhg1h5j42swfq.cloudfront.net\/2025\/06\/03203428\/logo_concursos-1.jpg\",\"contentUrl\":\"https:\/\/dhg1h5j42swfq.cloudfront.net\/2025\/06\/03203428\/logo_concursos-1.jpg\",\"width\":230,\"height\":60,\"caption\":\"Estrat\u00e9gia Concursos\"},\"image\":{\"@id\":\"https:\/\/www.estrategiaconcursos.com.br\/blog\/#\/schema\/logo\/image\/\"},\"sameAs\":[\"https:\/\/x.com\/EstratConcursos\"]},{\"@type\":\"Person\",\"@id\":\"https:\/\/www.estrategiaconcursos.com.br\/blog\/#\/schema\/person\/90692507130b147bb9128fc093141dad\",\"name\":\"Antonio Daud\",\"image\":{\"@type\":\"ImageObject\",\"inLanguage\":\"pt-BR\",\"@id\":\"https:\/\/secure.gravatar.com\/avatar\/9a6539d0d807c3d7c2aaa709166f9aa9824103126593f30916973bcaedf16896?s=96&d=mm&r=g\",\"url\":\"https:\/\/secure.gravatar.com\/avatar\/9a6539d0d807c3d7c2aaa709166f9aa9824103126593f30916973bcaedf16896?s=96&d=mm&r=g\",\"contentUrl\":\"https:\/\/secure.gravatar.com\/avatar\/9a6539d0d807c3d7c2aaa709166f9aa9824103126593f30916973bcaedf16896?s=96&d=mm&r=g\",\"caption\":\"Antonio Daud\"},\"description\":\"Antonio Daud J\u00fanior \u00e9 bacharel em Engenharia El\u00e9trica e em Direito. Foi Analista de Finan\u00e7as e Controle da Controladoria-Geral da Uni\u00e3o\/Presid\u00eancia da Rep\u00fablica (CGU\/PR), aprovado no concurso de 2008. Atualmente \u00e9 Auditor Federal de Controle Externo (AUFC) do Tribunal de Contas da Uni\u00e3o (TCU), aprovado tamb\u00e9m em 2008.\",\"sameAs\":[\"https:\/\/www.instagram.com\/professordaud\/?hl=en\"],\"url\":\"https:\/\/www.estrategiaconcursos.com.br\/blog\/author\/antoniodaudestrategiaconcursos-com-br\/\"}]}<\/script>\n<!-- \/ Yoast SEO Premium plugin. -->","yoast_head_json":{"title":"1\u00aa Maratona SEFAZ SC P\u00f3s-edital - A partir das 08h30!","description":"1\u00aa Maratona SEFAZ SC \u2013 P\u00f3s-edital - A partir das 08h30, atrav\u00e9s do nosso canal no Youtube. Acesse o nosso artigo e saiba mais!","robots":{"index":"index","follow":"follow","max-snippet":"max-snippet:-1","max-image-preview":"max-image-preview:large","max-video-preview":"max-video-preview:-1"},"canonical":"https:\/\/www.estrategiaconcursos.com.br\/blog\/primeira-maratona-sefaz-sc-pos-edital\/","og_locale":"pt_BR","og_type":"article","og_title":"1\u00aa Maratona SEFAZ SC P\u00f3s-edital - A partir das 08h30!","og_description":"1\u00aa Maratona SEFAZ SC \u2013 P\u00f3s-edital - A partir das 08h30, atrav\u00e9s do nosso canal no Youtube. Acesse o nosso artigo e saiba mais!","og_url":"https:\/\/www.estrategiaconcursos.com.br\/blog\/primeira-maratona-sefaz-sc-pos-edital\/","og_site_name":"Estrat\u00e9gia Concursos","article_published_time":"2021-10-09T10:30:00+00:00","article_modified_time":"2023-03-06T17:18:43+00:00","og_image":[{"width":768,"height":432,"url":"https:\/\/dhg1h5j42swfq.cloudfront.net\/2021\/05\/24100723\/sefaz-sc.jpg","type":"image\/jpeg"}],"author":"Antonio Daud","twitter_card":"summary_large_image","twitter_creator":"@EstratConcursos","twitter_site":"@EstratConcursos","twitter_misc":{"Escrito por":"Antonio Daud","Est. tempo de leitura":"2 minutos"},"schema":{"@context":"https:\/\/schema.org","@graph":[{"@type":"NewsArticle","@id":"https:\/\/www.estrategiaconcursos.com.br\/blog\/primeira-maratona-sefaz-sc-pos-edital\/#article","isPartOf":{"@id":"https:\/\/www.estrategiaconcursos.com.br\/blog\/primeira-maratona-sefaz-sc-pos-edital\/"},"author":{"name":"Antonio Daud","@id":"https:\/\/www.estrategiaconcursos.com.br\/blog\/#\/schema\/person\/90692507130b147bb9128fc093141dad"},"headline":"1\u00aa Maratona SEFAZ SC P\u00f3s-edital &#8211; A partir das 08h30!","datePublished":"2021-10-09T10:30:00+00:00","dateModified":"2023-03-06T17:18:43+00:00","mainEntityOfPage":{"@id":"https:\/\/www.estrategiaconcursos.com.br\/blog\/primeira-maratona-sefaz-sc-pos-edital\/"},"wordCount":359,"commentCount":0,"publisher":{"@id":"https:\/\/www.estrategiaconcursos.com.br\/blog\/#organization"},"image":{"@id":"https:\/\/www.estrategiaconcursos.com.br\/blog\/primeira-maratona-sefaz-sc-pos-edital\/#primaryimage"},"thumbnailUrl":"https:\/\/dhg1h5j42swfq.cloudfront.net\/2021\/05\/24100723\/sefaz-sc.jpg","articleSection":["Fiscal - Estadual (ICMS)","\u00daltimas not\u00edcias"],"inLanguage":"pt-BR","potentialAction":[{"@type":"CommentAction","name":"Comment","target":["https:\/\/www.estrategiaconcursos.com.br\/blog\/primeira-maratona-sefaz-sc-pos-edital\/#respond"]}],"copyrightYear":"2021","copyrightHolder":{"@id":"https:\/\/www.estrategiaconcursos.com.br\/blog\/#organization"}},{"@type":"WebPage","@id":"https:\/\/www.estrategiaconcursos.com.br\/blog\/primeira-maratona-sefaz-sc-pos-edital\/","url":"https:\/\/www.estrategiaconcursos.com.br\/blog\/primeira-maratona-sefaz-sc-pos-edital\/","name":"1\u00aa Maratona SEFAZ SC P\u00f3s-edital - A partir das 08h30!","isPartOf":{"@id":"https:\/\/www.estrategiaconcursos.com.br\/blog\/#website"},"primaryImageOfPage":{"@id":"https:\/\/www.estrategiaconcursos.com.br\/blog\/primeira-maratona-sefaz-sc-pos-edital\/#primaryimage"},"image":{"@id":"https:\/\/www.estrategiaconcursos.com.br\/blog\/primeira-maratona-sefaz-sc-pos-edital\/#primaryimage"},"thumbnailUrl":"https:\/\/dhg1h5j42swfq.cloudfront.net\/2021\/05\/24100723\/sefaz-sc.jpg","datePublished":"2021-10-09T10:30:00+00:00","dateModified":"2023-03-06T17:18:43+00:00","description":"1\u00aa Maratona SEFAZ SC \u2013 P\u00f3s-edital - A partir das 08h30, atrav\u00e9s do nosso canal no Youtube. Acesse o nosso artigo e saiba mais!","breadcrumb":{"@id":"https:\/\/www.estrategiaconcursos.com.br\/blog\/primeira-maratona-sefaz-sc-pos-edital\/#breadcrumb"},"inLanguage":"pt-BR","potentialAction":[{"@type":"ReadAction","target":["https:\/\/www.estrategiaconcursos.com.br\/blog\/primeira-maratona-sefaz-sc-pos-edital\/"]}]},{"@type":"ImageObject","inLanguage":"pt-BR","@id":"https:\/\/www.estrategiaconcursos.com.br\/blog\/primeira-maratona-sefaz-sc-pos-edital\/#primaryimage","url":"https:\/\/dhg1h5j42swfq.cloudfront.net\/2021\/05\/24100723\/sefaz-sc.jpg","contentUrl":"https:\/\/dhg1h5j42swfq.cloudfront.net\/2021\/05\/24100723\/sefaz-sc.jpg","width":768,"height":432,"caption":"Lei n\u00ba 17715 para a SEFAZ-SC"},{"@type":"BreadcrumbList","@id":"https:\/\/www.estrategiaconcursos.com.br\/blog\/primeira-maratona-sefaz-sc-pos-edital\/#breadcrumb","itemListElement":[{"@type":"ListItem","position":1,"name":"In\u00edcio","item":"https:\/\/www.estrategiaconcursos.com.br\/blog\/"},{"@type":"ListItem","position":2,"name":"1\u00aa Maratona SEFAZ SC P\u00f3s-edital &#8211; A partir das 08h30!"}]},{"@type":"WebSite","@id":"https:\/\/www.estrategiaconcursos.com.br\/blog\/#website","url":"https:\/\/www.estrategiaconcursos.com.br\/blog\/","name":"Estrat\u00e9gia Concursos","description":"O blog da Estrat\u00e9gia Concursos traz not\u00edcias sobre concursos e artigos de professores oferecendo cursos para concursos (pdf + videaulas) no site.","publisher":{"@id":"https:\/\/www.estrategiaconcursos.com.br\/blog\/#organization"},"potentialAction":[{"@type":"SearchAction","target":{"@type":"EntryPoint","urlTemplate":"https:\/\/www.estrategiaconcursos.com.br\/blog\/?s={search_term_string}"},"query-input":{"@type":"PropertyValueSpecification","valueRequired":true,"valueName":"search_term_string"}}],"inLanguage":"pt-BR"},{"@type":"Organization","@id":"https:\/\/www.estrategiaconcursos.com.br\/blog\/#organization","name":"Estrat\u00e9gia Concursos","url":"https:\/\/www.estrategiaconcursos.com.br\/blog\/","logo":{"@type":"ImageObject","inLanguage":"pt-BR","@id":"https:\/\/www.estrategiaconcursos.com.br\/blog\/#\/schema\/logo\/image\/","url":"https:\/\/dhg1h5j42swfq.cloudfront.net\/2025\/06\/03203428\/logo_concursos-1.jpg","contentUrl":"https:\/\/dhg1h5j42swfq.cloudfront.net\/2025\/06\/03203428\/logo_concursos-1.jpg","width":230,"height":60,"caption":"Estrat\u00e9gia Concursos"},"image":{"@id":"https:\/\/www.estrategiaconcursos.com.br\/blog\/#\/schema\/logo\/image\/"},"sameAs":["https:\/\/x.com\/EstratConcursos"]},{"@type":"Person","@id":"https:\/\/www.estrategiaconcursos.com.br\/blog\/#\/schema\/person\/90692507130b147bb9128fc093141dad","name":"Antonio Daud","image":{"@type":"ImageObject","inLanguage":"pt-BR","@id":"https:\/\/secure.gravatar.com\/avatar\/9a6539d0d807c3d7c2aaa709166f9aa9824103126593f30916973bcaedf16896?s=96&d=mm&r=g","url":"https:\/\/secure.gravatar.com\/avatar\/9a6539d0d807c3d7c2aaa709166f9aa9824103126593f30916973bcaedf16896?s=96&d=mm&r=g","contentUrl":"https:\/\/secure.gravatar.com\/avatar\/9a6539d0d807c3d7c2aaa709166f9aa9824103126593f30916973bcaedf16896?s=96&d=mm&r=g","caption":"Antonio Daud"},"description":"Antonio Daud J\u00fanior \u00e9 bacharel em Engenharia El\u00e9trica e em Direito. Foi Analista de Finan\u00e7as e Controle da Controladoria-Geral da Uni\u00e3o\/Presid\u00eancia da Rep\u00fablica (CGU\/PR), aprovado no concurso de 2008. Atualmente \u00e9 Auditor Federal de Controle Externo (AUFC) do Tribunal de Contas da Uni\u00e3o (TCU), aprovado tamb\u00e9m em 2008.","sameAs":["https:\/\/www.instagram.com\/professordaud\/?hl=en"],"url":"https:\/\/www.estrategiaconcursos.com.br\/blog\/author\/antoniodaudestrategiaconcursos-com-br\/"}]}},"_links":{"self":[{"href":"https:\/\/www.estrategiaconcursos.com.br\/blog\/wp-json\/wp\/v2\/posts\/880778","targetHints":{"allow":["GET"]}}],"collection":[{"href":"https:\/\/www.estrategiaconcursos.com.br\/blog\/wp-json\/wp\/v2\/posts"}],"about":[{"href":"https:\/\/www.estrategiaconcursos.com.br\/blog\/wp-json\/wp\/v2\/types\/post"}],"author":[{"embeddable":true,"href":"https:\/\/www.estrategiaconcursos.com.br\/blog\/wp-json\/wp\/v2\/users\/135"}],"replies":[{"embeddable":true,"href":"https:\/\/www.estrategiaconcursos.com.br\/blog\/wp-json\/wp\/v2\/comments?post=880778"}],"version-history":[{"count":10,"href":"https:\/\/www.estrategiaconcursos.com.br\/blog\/wp-json\/wp\/v2\/posts\/880778\/revisions"}],"predecessor-version":[{"id":1182158,"href":"https:\/\/www.estrategiaconcursos.com.br\/blog\/wp-json\/wp\/v2\/posts\/880778\/revisions\/1182158"}],"wp:featuredmedia":[{"embeddable":true,"href":"https:\/\/www.estrategiaconcursos.com.br\/blog\/wp-json\/wp\/v2\/media\/749134"}],"wp:attachment":[{"href":"https:\/\/www.estrategiaconcursos.com.br\/blog\/wp-json\/wp\/v2\/media?parent=880778"}],"wp:term":[{"taxonomy":"category","embeddable":true,"href":"https:\/\/www.estrategiaconcursos.com.br\/blog\/wp-json\/wp\/v2\/categories?post=880778"},{"taxonomy":"post_tag","embeddable":true,"href":"https:\/\/www.estrategiaconcursos.com.br\/blog\/wp-json\/wp\/v2\/tags?post=880778"},{"taxonomy":"tax_estado","embeddable":true,"href":"https:\/\/www.estrategiaconcursos.com.br\/blog\/wp-json\/wp\/v2\/tax_estado?post=880778"}],"curies":[{"name":"wp","href":"https:\/\/api.w.org\/{rel}","templated":true}]}}