{"id":880573,"date":"2021-10-11T09:00:00","date_gmt":"2021-10-11T12:00:00","guid":{"rendered":"https:\/\/www.estrategiaconcursos.com.br\/blog\/?p=880573"},"modified":"2021-10-15T12:47:15","modified_gmt":"2021-10-15T15:47:15","slug":"carta-aos-assinantes-050","status":"publish","type":"post","link":"https:\/\/www.estrategiaconcursos.com.br\/blog\/carta-aos-assinantes-050\/","title":{"rendered":"Carta aos Assinantes do Estrat\u00e9gia Concursos &#8211; 050"},"content":{"rendered":"\n<p class=\"has-text-align-right has-luminous-vivid-amber-background-color has-background\"><em>Confira, em nossa <strong>quinquag\u00e9sima carta aos assinantes<\/strong>, a nossa programa\u00e7\u00e3o semanal, as novidades do nosso Sistema de Quest\u00f5es e as principais movimenta\u00e7\u00f5es de concursos.<\/em><\/p>\n\n\n\n<p>Ol\u00e1, pessoal. Tudo bem?<\/p>\n\n\n\n<p>Aqui \u00e9 o <strong>Prof. Diego Cerqueira<\/strong>, em nossa <strong><span class=\"has-inline-color has-vivid-purple-color\">quinquag\u00e9sima carta aos Assinantes<\/span><\/strong> do Estrat\u00e9gia Concursos.<\/p>\n\n\n\n<p>Gostaria de iniciar essa carta trazendo uma novidade para os alunos que est\u00e3o se preparando para o <strong>concurso da PCERJ<\/strong>. Come\u00e7ou hoje, 11\/10, em nosso canal do YouTube, o projeto <strong><span class=\"has-inline-color has-vivid-purple-color\">100 DICAS PCERJ<\/span><\/strong>. Todos os dias, at\u00e9 a data da prova, ser\u00e3o postadas dicas curtas e cruciais de todas as disciplinas para todos os cargos previstos nos editais da PCERJ. Convido aos alunos a se inscreverem <strong>no Canal do Estrat\u00e9gia Concursos no YouTube<\/strong> para acompanhar essas dicas di\u00e1rias. Al\u00e9m disso, as dicas tamb\u00e9m ser\u00e3o liberadas na <strong>\u00c1rea do Aluno dos assinantes<\/strong>.<\/p>\n\n\n\n<p><em>Inscreva-se no Canal do YouTube e acompanhe as dicas.<\/em><\/p>\n\n\n\n<p class=\"has-text-align-center has-pale-cyan-blue-background-color has-background\"><a href=\"https:\/\/www.youtube.com\/c\/EstrategiaConcursosBrasil\">CANAL DO YOUTUBE DO ESTRAT\u00c9GIA CONCURSOS<\/a><\/p>\n\n\n\n<p>Estamos nas semanas finais de prepara\u00e7\u00e3o para a prova da <strong><span class=\"has-inline-color has-vivid-purple-color\">SEFAZ AL<\/span><\/strong> e a equipe da Coruja est\u00e1 preparando transmiss\u00f5es e materiais especiais para turbinar a sua prepara\u00e7\u00e3o nessa Reta Final. <strong>Come\u00e7ou, no dia 10<\/strong>, o nosso <span class=\"has-inline-color has-vivid-purple-color\"><strong>Hora da Verdade SEFAZ AL<\/strong>.<\/span> Convido os alunos que est\u00e3o se preparando para esse certame a se inscreverem na <strong>\u00c1rea do Candidato<\/strong> e tamb\u00e9m no <strong>Canal do Telegram da \u00c1rea Fiscal<\/strong> para ficar por dentro!<\/p>\n\n\n\n<ul class=\"wp-block-list\"><li><a href=\"https:\/\/gratis.estrategiaconcursos.com.br\/area-do-candidato-sefaz-al\/\">\u00c1rea do Candidato SEFAZ AL<\/a><\/li><li><a href=\"https:\/\/t.me\/joinchat\/kh7zmmlVEjpmYWU5\">Canal do Telegram \u00c1rea Fiscal<\/a><\/li><\/ul>\n\n\n\n<p><em><\/em><em>Agora, vamos conferir os principais eventos que est\u00e3o programados para a semana?<\/em><\/p>\n\n\n\n<h2 class=\"wp-block-heading\" id=\"block-4e630988-3107-4743-a323-28e776d8b4ad\"><strong>Programa\u00e7\u00e3o Semanal<\/strong> &#8211; Carta aos Assinantes<\/h2>\n\n\n\n<p id=\"block-6d01e560-d5a2-4aae-8daf-5fa1c6a245e0\"><strong><span class=\"has-inline-color has-vivid-purple-color\">1. <strong>SIMULADOS<\/strong><\/span><\/strong><\/p>\n\n\n\n<ul class=\"wp-block-list\"><li><strong>Simulado Final SEFAZ AL \u2013 Auditor Fiscal da Receita Estadual \u2013 <\/strong>16 de outubro (<a href=\"https:\/\/gratis.estrategiaconcursos.com.br\/area-do-candidato-sefaz-al\/\">Participe<\/a>)<\/li><li><strong>2\u00ba Simulado Procurador PGE RS \u2013 <\/strong>16 de outubro (<a href=\"https:\/\/gratis.estrategiaconcursos.com.br\/area-do-futuro-procurador-da-pge-rs\/\">Participe<\/a>)<\/li><li><strong>5\u00ba Simulado Magistratura TJ SP \u2013 <\/strong>16 de outubro (<a href=\"https:\/\/gratis.estrategiaconcursos.com.br\/area-do-candidato-magistratura-tj-sp\/\">Participe<\/a>)<\/li><\/ul>\n\n\n\n<p id=\"block-2461c527-d3b5-41c2-95eb-35e35a7ea148\"><span class=\"has-inline-color has-vivid-purple-color\"><strong>2. <\/strong><\/span><strong><span class=\"has-inline-color has-vivid-purple-color\">ESTRAT\u00c9GIA CONCURSOS &#8211; Webin\u00e1rios<\/span><\/strong><\/p>\n\n\n\n<ul class=\"wp-block-list\"><li><strong>Estrat\u00e9gia News &#8211; Voc\u00ea atualizado sobre todas as oportunidades do mundo dos concursos \u2013 <\/strong>11 de outubro (<a href=\"https:\/\/youtu.be\/RbXu0VwyijQ\">Defina o Lembrete<\/a>)<\/li><li><strong>Servi\u00e7o Social para o ISE AC &#8211; Dicas quentes p\u00f3s-edital \u2013 <\/strong>11 de outubro (<a href=\"https:\/\/youtu.be\/XO-Z3IhxYvk\">Defina o Lembrete<\/a>)<\/li><li><strong>Concurso SEFAZ ES: Saiba como iniciar os estudos para Consultor do Tesouro \u2013 <\/strong>12 de outubro (<a href=\"https:\/\/gratis.estrategiaconcursos.com.br\/area-do-candidato-sefaz-es\/\">Defina o Lembrete<\/a>)<\/li><li><strong>O que fazer ap\u00f3s o concurso ISS Aracaju? \u2013 <\/strong>12 de outubro (<a href=\"https:\/\/youtu.be\/s2msf129PVc\">Defina o Lembrete<\/a>)<\/li><li><strong style=\"color: initial;\">Papo Coruja \u2013 <\/strong><span style=\"color: initial;\">12 de outubro (<\/span><a href=\"https:\/\/gratis.estrategiaconcursos.com.br\/papo-coruja\/\">Defina o Lembrete<\/a><span style=\"color: initial;\">)<\/span><\/li><li><strong>Podcast: CARREIRA EM FOCO \u2013 <\/strong>14 de outubro (<a href=\"https:\/\/www.youtube.com\/watch?v=xrl5SkWegc0\">Defina o Lembrete<\/a>)<\/li><\/ul>\n\n\n\n<p><strong><span class=\"has-inline-color has-vivid-purple-color\">3. <strong>ESTRAT\u00c9GIA CARREIRA JUR\u00cdDICA \u2013 Webin\u00e1rios<\/strong><\/span><\/strong><\/p>\n\n\n\n<ul class=\"wp-block-list\"><li><strong>Informativo Estrat\u00e9gico STJ \u2013 <\/strong>12 de outubro (<a href=\"https:\/\/gratis.estrategiaconcursos.com.br\/informativo-estrategico-stj\/\">Defina o Lembrete<\/a>)<\/li><li><strong>Informativo Estrat\u00e9gico STF \u2013 <\/strong>13 de outubro (<a href=\"https:\/\/gratis.estrategiaconcursos.com.br\/informativos-estrategicos-stf\/\">Defina o Lembrete<\/a>)<\/li><li><strong>Juiz TJ MG &#8211; Tudo sobre a carreira! \u2013 <\/strong>14 de outubro (<a href=\"https:\/\/gratis.estrategiaconcursos.com.br\/area-do-candidato-tj-mg\/\">Defina o Lembrete<\/a>)<\/li><\/ul>\n\n\n\n<h2 class=\"wp-block-heading\" id=\"block-544baa21-48b3-40a4-9b25-7e4ba69d9430\"><strong>Sistema de Quest\u00f5es do Estrat\u00e9gia<\/strong> &#8211; Carta aos Assinantes<\/h2>\n\n\n\n<p>Na \u00faltima semana tivemos a realiza\u00e7\u00e3o de dois simulados no Sistema de Quest\u00f5es: <strong><span class=\"has-inline-color has-vivid-purple-color\">2\u00ba Simulado do SQ para SEFAZ RR<\/span><\/strong> e o <strong><span class=\"has-inline-color has-vivid-purple-color\">Simulado da Premoni\u00e7\u00e3o para SEFAZ AL<\/span><\/strong>. Gostaria de agradecer a participa\u00e7\u00e3o de todos e convidar aqueles alunos que ainda n\u00e3o tiveram a oportunidade de realizar os simulados, a acess\u00e1-los pelos links do blog do Estrat\u00e9gia. Eles <strong>ainda est\u00e3o dispon\u00edveis<\/strong> e podem ser acessados a qualquer momento.<\/p>\n\n\n\n<p><em>Acesse o nosso blog e realize os simulados.<\/em><em><\/em><\/p>\n\n\n\n<ul class=\"wp-block-list\"><li><a href=\"https:\/\/www.estrategiaconcursos.com.br\/blog\/simulado-da-premonicao-sefaz-al\/\">Simulado da Premoni\u00e7\u00e3o SEFAZ AL<\/a><\/li><li><a href=\"https:\/\/www.estrategiaconcursos.com.br\/blog\/2o-simulado-sq-sefaz-rr\/\">2\u00ba Simulado do SQ para SEFAZ RR<\/a><\/li><\/ul>\n\n\n\n<p>Al\u00e9m disso, <strong>no pr\u00f3ximo domingo, dia 17\/10<\/strong>, teremos a realiza\u00e7\u00e3o do <strong><span class=\"has-inline-color has-vivid-purple-color\">Simulado da Premoni\u00e7\u00e3o para TJ SP<\/span> <\/strong>para o cargo de Escrevente T\u00e9cnico.<strong> <\/strong>J\u00e1 sabemos que a realiza\u00e7\u00e3o de quest\u00f5es \u00e9 uma \u00f3tima maneira de otimizar seus estudos e fixar o conte\u00fado estudado. Ent\u00e3o n\u00e3o deixe de participar.<\/p>\n\n\n\n<p><em>Acompanhe nossas redes sociais e Canal do Telegram para mais informa\u00e7\u00f5es.<\/em><\/p>\n\n\n\n<p class=\"has-text-align-center has-pale-cyan-blue-background-color has-background\"><a href=\"https:\/\/t.me\/JornadaDoEscrevente\">CANAL DO TELEGRAM TJ SP<\/a><\/p>\n\n\n\n<h2 class=\"wp-block-heading\" id=\"block-70e62fc5-ea6c-4280-9c1f-64e4fe8a4c23\"><strong>Agora, vamos ver as principais movimenta\u00e7\u00f5es de concursos da \u00faltima semana?<\/strong><\/h2>\n\n\n\n<ul class=\"wp-block-list\"><li><a href=\"https:\/\/www.estrategiaconcursos.com.br\/blog\/concurso-sefaz-sc\/\">Sefaz SC<\/a>: E a semana come\u00e7ou agitad\u00edssima para os concurseiros da \u00e1rea fiscal. Isso porque, foi publicado o edital do concurso Sefaz SC para provimento de 58 vagas ao cargo de Analista da Receita Estadual IV. Do total de oportunidades ofertadas, 55 s\u00e3o destinadas para ampla concorr\u00eancia e tr\u00eas para pessoas com defici\u00eancia. Lembrando que os candidatos devem possuir n\u00edvel superior em qualquer \u00e1rea de forma\u00e7\u00e3o. As inscri\u00e7\u00f5es do certame j\u00e1 est\u00e3o abertas e podem ser feitas, exclusivamente, no site da banca organizadora, a Funda\u00e7\u00e3o Carlos Chagas (FCC). Os interessados t\u00eam at\u00e9 o dia 10 de novembro de 2021.<\/li><\/ul>\n\n\n\n<ul class=\"wp-block-list\"><li><a href=\"https:\/\/www.estrategiaconcursos.com.br\/blog\/concurso-sefa-pa\/\">Sefa PA<\/a>: Falando em \u00e1rea fiscal, outro concurso que est\u00e1 pintando na \u00e1rea \u00e9 o da Secretaria da Fazenda do Par\u00e1. Na manh\u00e3 desta quarta-feira, 6, o \u00f3rg\u00e3o assinou contrato com a Funda\u00e7\u00e3o de Amparo e Desenvolvimento da Pesquisa (Fadesp), banca que ficar\u00e1 respons\u00e1vel pela elabora\u00e7\u00e3o, organiza\u00e7\u00e3o, realiza\u00e7\u00e3o e divulga\u00e7\u00e3o do concurso. A sele\u00e7\u00e3o vai ofertar 110 vagas, para os cargos de auditor e fiscal, sendo 10 vagas imediatas para fiscais de receitas estaduais e 38 vagas imediatas para auditores fiscais de receitas estaduais (al\u00e9m de 62 em cadastro de reserva). O edital deve ser publicado j\u00e1 no pr\u00f3ximo m\u00eas, em novembro, conforme divulgado pela secret\u00e1ria Hana Ghassan.<\/li><\/ul>\n\n\n\n<ul class=\"wp-block-list\"><li><a href=\"https:\/\/www.estrategiaconcursos.com.br\/blog\/concurso-sefaz-mt\/\">Sefaz MT<\/a>: Algumas semanas ap\u00f3s ter sido anunciado, o concurso Sefaz MT teve seus preparativos iniciados. A informa\u00e7\u00e3o foi confirmada por um Fiscal (FTE) do \u00f3rg\u00e3o. A previs\u00e3o inicial \u00e9 que o certame seja publicado ainda em 2021, com cerca de 40 a 50 vagas. Todo o processo ser\u00e1 acompanhado pelo Sindifisco\/MT. Contudo, por meio de informa\u00e7\u00f5es obtidas com exclusividade pela equipe de jornalismo do Estrat\u00e9gia Concursos, fomos informados que o \u00f3rg\u00e3o est\u00e1 dependendo da cria\u00e7\u00e3o de uma lei para amplia\u00e7\u00e3o das vagas para o cargo de Fiscal de Tributos.<\/li><\/ul>\n\n\n\n<ul class=\"wp-block-list\"><li><a href=\"https:\/\/www.estrategiaconcursos.com.br\/blog\/concurso-cgu\/\">CGU<\/a>: Em mais um contato exclusivo com o alto escal\u00e3o do \u00f3rg\u00e3o, a equipe do Estrat\u00e9gia obteve, em primeira m\u00e3o, a informa\u00e7\u00e3o de que o prazo para envio das propostas das bancas do novo concurso CGU. Ao todo, 10 empresas encaminharam propostas para organizar a sele\u00e7\u00e3o. Agora, cabe ao \u00f3rg\u00e3o definir aquela que atende melhor os requisitos exigidos pela autarquia. Al\u00e9m disso, foi decidido que a aplica\u00e7\u00e3o da prova ocorrer\u00e1 nos mesmos locais das vagas, incluindo uma cidade por regi\u00e3o do pa\u00eds. Isto \u00e9, al\u00e9m dos locais com vagas (todas as cidades do norte do pa\u00eds e Bras\u00edlia, incluindo Palmas-TO) as regi\u00f5es sul, sudeste e nordeste tamb\u00e9m ter\u00e3o uma cidade com avalia\u00e7\u00f5es. Desta forma, ser\u00e1 permitido prestar prova para qualquer localidade com vaga.<\/li><\/ul>\n\n\n\n<ul class=\"wp-block-list\"><li><a href=\"https:\/\/www.estrategiaconcursos.com.br\/blog\/concurso-ise-ac\/\">ISE AC<\/a>: Foi publicado o edital do concurso ISE AC com 322 vagas, distribu\u00eddas entre ampla concorr\u00eancia e pessoas com defici\u00eancia, para cargos nos n\u00edveis m\u00e9dio e superior. &nbsp;Os interessados em participar da sele\u00e7\u00e3o podem realizar sua candidatura at\u00e9 o dia 08 de novembro, atrav\u00e9s do site do IBADE. A aplica\u00e7\u00e3o da prova objetiva \u00e9 prevista para o dia 05 de dezembro.<\/li><\/ul>\n\n\n\n<ul class=\"wp-block-list\"><li><a href=\"https:\/\/www.estrategiaconcursos.com.br\/blog\/concurso-bombeiro-pa\/\">Bombeiro PA<\/a>: Segue em andamento o processo de licita\u00e7\u00e3o que visa a contrata\u00e7\u00e3o da banca organizadora para o pr\u00f3ximo concurso Bombeiro PA. De acordo com ata de sess\u00e3o, as empresas participantes s\u00e3o: Consulplan, Objetiva Concursos, Instituto AOCP, CETAP e IADES. Ser\u00e3o ofertadas 405 vagas para o Curso de Forma\u00e7\u00e3o de Pra\u00e7as Bombeiros Militares Combatente (Soldado). O cargo exige forma\u00e7\u00e3o de n\u00edvel m\u00e9dio e oferece sal\u00e1rio de R$ 3.960,00.<\/li><\/ul>\n\n\n\n<ul class=\"wp-block-list\"><li><a href=\"https:\/\/www.estrategiaconcursos.com.br\/blog\/concurso-policia-civil-sp\/\">PC SP<\/a>: Foi publicada, no Di\u00e1rio Oficial do Estado, uma nova autoriza\u00e7\u00e3o para realiza\u00e7\u00e3o do concurso PC SP com 2.939 vagas. As oportunidades s\u00e3o para os cargos de Delegado, Escriv\u00e3o, Investigador e M\u00e9dico Legista, todos de n\u00edvel superior. Vale lembrar que, em \u00faltima declara\u00e7\u00e3o, o diretor da Academia de Pol\u00edcia, J\u00falio Gustavo Vieira Guebert, afirmou que os editais da Pol\u00edcia Civil de S\u00e3o Paulo est\u00e3o prontos. Al\u00e9m disso, ressaltou que a expectativa \u00e9 que a publica\u00e7\u00e3o dos documentos e aplica\u00e7\u00e3o das provas ocorram ainda em 2021.<\/li><\/ul>\n\n\n\n<ul class=\"wp-block-list\"><li><a href=\"https:\/\/www.estrategiaconcursos.com.br\/blog\/concurso-magistratura-pe\/\">TJ PE<\/a>: Durante a cerim\u00f4nia de instala\u00e7\u00e3o da 2\u00aa Vara da Comarca de Lajedo, o 1\u00ba Vice-Presidente do Tribunal de Justi\u00e7a de Pernambuco, Desembargador Eurico de Barros, revelou que muito em breve, o TJ PE abrir\u00e1 um concurso p\u00fablico para juiz, cargo com remunera\u00e7\u00e3o inicial de R$ 30.404,42. No dia 12 de julho, o \u00f3rg\u00e3o especial do Tribunal j\u00e1 havia realizado uma Sess\u00e3o para adequar a composi\u00e7\u00e3o da comiss\u00e3o do concurso e alinhar os tr\u00e2mites do novo edital.<\/li><\/ul>\n\n\n\n<ul class=\"wp-block-list\"><li><a href=\"https:\/\/www.estrategiaconcursos.com.br\/blog\/concurso-dpe-ce-defensor\/\">DPE CE<\/a>: Est\u00e1 oficialmente constitu\u00edda a comiss\u00e3o de membros que acompanhar\u00e1 as atividades relacionadas ao concurso para Defensor P\u00fablico de Entr\u00e2ncia Inicial da Defensoria do Estado do Cear\u00e1, com remunera\u00e7\u00e3o de R$ 26.127,17. Recentemente, foi publicado o regulamento do novo concurso do \u00f3rg\u00e3o. Para tomar posse no cargo, o candidato dever\u00e1, dentre outros requisitos, comprovar a conclus\u00e3o do curso bacharelado em Direito, e de dois anos de pr\u00e1tica jur\u00eddica (na data da posse).<\/li><\/ul>\n\n\n\n<ul class=\"wp-block-list\"><li><a href=\"https:\/\/www.estrategiaconcursos.com.br\/blog\/concurso-pge-ce-procurador\/\">PGE CE<\/a>: Foi publicado o edital do concurso que ofertar\u00e1 8 vagas para o cargo de Procurador Estadual no Cear\u00e1. Os interessados em participar da sele\u00e7\u00e3o devem realizar as inscri\u00e7\u00f5es no per\u00edodo de 21 de outubro a 04 de novembro de 2021, no site do Cebraspe, ao custo de R$ 170,00. A prova objetiva est\u00e1 prevista para o dia 19 de dezembro de 2021. O cargo exige n\u00edvel superior de forma\u00e7\u00e3o em Direito.<\/li><\/ul>\n\n\n\n<ul class=\"wp-block-list\"><li><a href=\"https:\/\/www.estrategiaconcursos.com.br\/blog\/concurso-dpe-ro\/\">DPE RO<\/a>: Foi publicado o edital do concurso com oferta de 15 vagas mais cadastro de reserva para os cargos de T\u00e9cnico e Oficial de Dilig\u00eancia, de n\u00edvel m\u00e9dio, e Analista, de n\u00edvel superior, na Defensoria P\u00fablica de Rond\u00f4nia. A remunera\u00e7\u00e3o para os cargos varia de R$ 2.245,48 a R$ 4.260,66 e as inscri\u00e7\u00f5es podem ser feitas entre os dias 13 de outubro e 26 de novembro, no site do Cebraspe. As taxas foram fixadas em R$ 95,00 para Analista e R$ 75,00 para T\u00e9cnico e Oficial de Dilig\u00eancia.<\/li><\/ul>\n\n\n\n<ul class=\"wp-block-list\"><li><a href=\"https:\/\/www.estrategiaconcursos.com.br\/blog\/concurso-pge-rr-procurador\/\">PGE RR<\/a>: A Procuradoria-Geral de Roraima, publicou a constitui\u00e7\u00e3o da comiss\u00e3o de trabalho para a realiza\u00e7\u00e3o do pr\u00f3ximo que ofertar\u00e1 vagas para Procurador Estadual no \u00f3rg\u00e3o. Em julho deste ano, o Procurador-geral, Cl\u00e1udio Belmino, j\u00e1 havia solicitado o in\u00edcio de provid\u00eancias para o processo de abertura de um novo concurso. Para concorrer ao cargo, o candidato deve possuir diploma de conclus\u00e3o de curso de gradua\u00e7\u00e3o de n\u00edvel superior em Direito e registro na Ordem dos Advogados do Brasil (OAB).<\/li><\/ul>\n\n\n\n<ul class=\"wp-block-list\"><li><a href=\"file:\/\/\/C:\/Users\/Rafael\/Desktop\/Camila\/Trabalhos\/Estrat\u00e9gia\/Artigos\/Carta%20ao%20assinante\/Carta%2050\/estrategiaconcursos.com.br\/blog\/concurso-ufc\/\">UFC<\/a>: Foi publicado o edital do concurso que oferta 81 vagas &#8211; sendo 42 para n\u00edvel m\u00e9dio\/t\u00e9cnico e 39, para superior-, na Universidade Federal do Cear\u00e1. As inscri\u00e7\u00f5es podem ser feitas no per\u00edodo de 05 a 28 de novembro de 2021. Al\u00e9m disso, o candidato precisar\u00e1 pagar uma taxa que pode ser de R$ 120,00 ou R$ 150,00, a depender do cargo em disputa. As provas ser\u00e3o aplicadas em 30 de janeiro de 2022.<\/li><\/ul>\n\n\n\n<ul class=\"wp-block-list\"><li><a href=\"https:\/\/www.estrategiaconcursos.com.br\/blog\/concurso-seduc-mt-instituto-selecon-banca\/\">SEDUC MT<\/a>: Ap\u00f3s publica\u00e7\u00e3o da dispensa de licita\u00e7\u00e3o, o Instituto Selecon foi definido como organizador do novo concurso para a Secretaria de Educa\u00e7\u00e3o de Mato Grosso, que ofertar\u00e1 vagas para a forma\u00e7\u00e3o de cadastro e contrata\u00e7\u00e3o tempor\u00e1ria para os cargos de Professor, T\u00e9cnico Administrativo Educacional e Apoio Administrativo Educacional.&nbsp; O contrato ter\u00e1 validade de 24 meses, com in\u00edcio em 28 de setembro deste ano e validade at\u00e9 27 de mar\u00e7o de 2023.<\/li><\/ul>\n\n\n\n<p>Desejo a todos uma excelente semana de estudos!<\/p>\n\n\n\n<p>Abra\u00e7os,<\/p>\n\n\n\n<p><strong>Prof. Diego Cerqueira<\/strong><\/p>\n","protected":false},"excerpt":{"rendered":"<p>Confira, em nossa quinquag\u00e9sima carta aos assinantes, a nossa programa\u00e7\u00e3o semanal, as novidades do nosso Sistema de Quest\u00f5es e as principais movimenta\u00e7\u00f5es de concursos. Ol\u00e1, pessoal. Tudo bem? Aqui \u00e9 o Prof. Diego Cerqueira, em nossa quinquag\u00e9sima carta aos Assinantes do Estrat\u00e9gia Concursos. Gostaria de iniciar essa carta trazendo uma novidade para os alunos que [&hellip;]<\/p>\n","protected":false},"author":1789,"featured_media":880605,"comment_status":"open","ping_status":"closed","sticky":false,"template":"","format":"standard","meta":{"post_tipo":"article","footnotes":""},"categories":[1],"tags":[],"tax_estado":[219964,219965,219966,219967,219968,219969,219963,219970,219971,219972,219973,219974,219975,219976,219977,219978,219979,219980,219981,219982,219983,219984,219985,219986,219987,219988,219989,219990],"class_list":["post-880573","post","type-post","status-publish","format-standard","has-post-thumbnail","hentry","category-cursos-e-concursos","tax_estado-ac","tax_estado-al","tax_estado-am","tax_estado-ap","tax_estado-ba","tax_estado-ce","tax_estado-concursos-federais","tax_estado-df","tax_estado-es","tax_estado-go","tax_estado-ma","tax_estado-mg","tax_estado-ms","tax_estado-mt","tax_estado-pa","tax_estado-pb","tax_estado-pe","tax_estado-pi","tax_estado-pr","tax_estado-rj","tax_estado-rn","tax_estado-ro","tax_estado-rr","tax_estado-rs","tax_estado-sc","tax_estado-se","tax_estado-sp","tax_estado-to"],"acf":[],"yoast_head":"<!-- This site is optimized with the Yoast SEO Premium plugin v27.2 (Yoast SEO v27.2) - https:\/\/yoast.com\/product\/yoast-seo-premium-wordpress\/ -->\n<title>Carta aos Assinantes do Estrat\u00e9gia Concursos - 050<\/title>\n<meta name=\"description\" content=\"Confira, em nossa 50\u00aa carta aos assinantes, a nossa programa\u00e7\u00e3o semanal, as novidades do nosso SQ e as principais movimenta\u00e7\u00f5es de concursos.\" \/>\n<meta name=\"robots\" content=\"index, follow, max-snippet:-1, max-image-preview:large, max-video-preview:-1\" \/>\n<link rel=\"canonical\" href=\"https:\/\/www.estrategiaconcursos.com.br\/blog\/carta-aos-assinantes-050\/\" \/>\n<meta property=\"og:locale\" content=\"pt_BR\" \/>\n<meta property=\"og:type\" content=\"article\" \/>\n<meta property=\"og:title\" content=\"Carta aos Assinantes do Estrat\u00e9gia Concursos - 050\" \/>\n<meta property=\"og:description\" content=\"Confira, em nossa 50\u00aa carta aos assinantes, a nossa programa\u00e7\u00e3o semanal, as novidades do nosso SQ e as principais movimenta\u00e7\u00f5es de concursos.\" \/>\n<meta property=\"og:url\" content=\"https:\/\/www.estrategiaconcursos.com.br\/blog\/carta-aos-assinantes-050\/\" \/>\n<meta property=\"og:site_name\" content=\"Estrat\u00e9gia Concursos\" \/>\n<meta property=\"article:published_time\" content=\"2021-10-11T12:00:00+00:00\" \/>\n<meta property=\"article:modified_time\" content=\"2021-10-15T15:47:15+00:00\" \/>\n<meta property=\"og:image\" content=\"https:\/\/dhg1h5j42swfq.cloudfront.net\/2021\/10\/08084710\/imagem-carta-aos-assinantes-1.png\" \/>\n\t<meta property=\"og:image:width\" content=\"800\" \/>\n\t<meta property=\"og:image:height\" content=\"450\" \/>\n\t<meta property=\"og:image:type\" content=\"image\/png\" \/>\n<meta name=\"author\" content=\"Coordena\u00e7\u00e3o Estrat\u00e9gia\" \/>\n<meta name=\"twitter:card\" content=\"summary_large_image\" \/>\n<meta name=\"twitter:creator\" content=\"@EstratConcursos\" \/>\n<meta name=\"twitter:site\" content=\"@EstratConcursos\" \/>\n<meta name=\"twitter:label1\" content=\"Escrito por\" \/>\n\t<meta name=\"twitter:data1\" content=\"Coordena\u00e7\u00e3o Estrat\u00e9gia\" \/>\n\t<meta name=\"twitter:label2\" content=\"Est. tempo de leitura\" \/>\n\t<meta name=\"twitter:data2\" content=\"8 minutos\" \/>\n<script type=\"application\/ld+json\" class=\"yoast-schema-graph\">{\"@context\":\"https:\/\/schema.org\",\"@graph\":[{\"@type\":\"NewsArticle\",\"@id\":\"https:\/\/www.estrategiaconcursos.com.br\/blog\/carta-aos-assinantes-050\/#article\",\"isPartOf\":{\"@id\":\"https:\/\/www.estrategiaconcursos.com.br\/blog\/carta-aos-assinantes-050\/\"},\"author\":{\"name\":\"Coordena\u00e7\u00e3o Estrat\u00e9gia\",\"@id\":\"https:\/\/www.estrategiaconcursos.com.br\/blog\/#\/schema\/person\/ba5fab3b1fa4a358429e37bc50f74021\"},\"headline\":\"Carta aos Assinantes do Estrat\u00e9gia Concursos &#8211; 050\",\"datePublished\":\"2021-10-11T12:00:00+00:00\",\"dateModified\":\"2021-10-15T15:47:15+00:00\",\"mainEntityOfPage\":{\"@id\":\"https:\/\/www.estrategiaconcursos.com.br\/blog\/carta-aos-assinantes-050\/\"},\"wordCount\":1905,\"commentCount\":0,\"publisher\":{\"@id\":\"https:\/\/www.estrategiaconcursos.com.br\/blog\/#organization\"},\"image\":{\"@id\":\"https:\/\/www.estrategiaconcursos.com.br\/blog\/carta-aos-assinantes-050\/#primaryimage\"},\"thumbnailUrl\":\"https:\/\/dhg1h5j42swfq.cloudfront.net\/2021\/10\/08084710\/imagem-carta-aos-assinantes-1.png\",\"articleSection\":[\"Concursos P\u00fablicos\"],\"inLanguage\":\"pt-BR\",\"potentialAction\":[{\"@type\":\"CommentAction\",\"name\":\"Comment\",\"target\":[\"https:\/\/www.estrategiaconcursos.com.br\/blog\/carta-aos-assinantes-050\/#respond\"]}],\"copyrightYear\":\"2021\",\"copyrightHolder\":{\"@id\":\"https:\/\/www.estrategiaconcursos.com.br\/blog\/#organization\"}},{\"@type\":\"WebPage\",\"@id\":\"https:\/\/www.estrategiaconcursos.com.br\/blog\/carta-aos-assinantes-050\/\",\"url\":\"https:\/\/www.estrategiaconcursos.com.br\/blog\/carta-aos-assinantes-050\/\",\"name\":\"Carta aos Assinantes do Estrat\u00e9gia Concursos - 050\",\"isPartOf\":{\"@id\":\"https:\/\/www.estrategiaconcursos.com.br\/blog\/#website\"},\"primaryImageOfPage\":{\"@id\":\"https:\/\/www.estrategiaconcursos.com.br\/blog\/carta-aos-assinantes-050\/#primaryimage\"},\"image\":{\"@id\":\"https:\/\/www.estrategiaconcursos.com.br\/blog\/carta-aos-assinantes-050\/#primaryimage\"},\"thumbnailUrl\":\"https:\/\/dhg1h5j42swfq.cloudfront.net\/2021\/10\/08084710\/imagem-carta-aos-assinantes-1.png\",\"datePublished\":\"2021-10-11T12:00:00+00:00\",\"dateModified\":\"2021-10-15T15:47:15+00:00\",\"description\":\"Confira, em nossa 50\u00aa carta aos assinantes, a nossa programa\u00e7\u00e3o semanal, as novidades do nosso SQ e as principais movimenta\u00e7\u00f5es de concursos.\",\"breadcrumb\":{\"@id\":\"https:\/\/www.estrategiaconcursos.com.br\/blog\/carta-aos-assinantes-050\/#breadcrumb\"},\"inLanguage\":\"pt-BR\",\"potentialAction\":[{\"@type\":\"ReadAction\",\"target\":[\"https:\/\/www.estrategiaconcursos.com.br\/blog\/carta-aos-assinantes-050\/\"]}]},{\"@type\":\"ImageObject\",\"inLanguage\":\"pt-BR\",\"@id\":\"https:\/\/www.estrategiaconcursos.com.br\/blog\/carta-aos-assinantes-050\/#primaryimage\",\"url\":\"https:\/\/dhg1h5j42swfq.cloudfront.net\/2021\/10\/08084710\/imagem-carta-aos-assinantes-1.png\",\"contentUrl\":\"https:\/\/dhg1h5j42swfq.cloudfront.net\/2021\/10\/08084710\/imagem-carta-aos-assinantes-1.png\",\"width\":800,\"height\":450,\"caption\":\"carta aos assinantes\"},{\"@type\":\"BreadcrumbList\",\"@id\":\"https:\/\/www.estrategiaconcursos.com.br\/blog\/carta-aos-assinantes-050\/#breadcrumb\",\"itemListElement\":[{\"@type\":\"ListItem\",\"position\":1,\"name\":\"In\u00edcio\",\"item\":\"https:\/\/www.estrategiaconcursos.com.br\/blog\/\"},{\"@type\":\"ListItem\",\"position\":2,\"name\":\"Carta aos Assinantes do Estrat\u00e9gia Concursos &#8211; 050\"}]},{\"@type\":\"WebSite\",\"@id\":\"https:\/\/www.estrategiaconcursos.com.br\/blog\/#website\",\"url\":\"https:\/\/www.estrategiaconcursos.com.br\/blog\/\",\"name\":\"Estrat\u00e9gia Concursos\",\"description\":\"O blog da Estrat\u00e9gia Concursos traz not\u00edcias sobre concursos e artigos de professores oferecendo cursos para concursos (pdf + videaulas) no site.\",\"publisher\":{\"@id\":\"https:\/\/www.estrategiaconcursos.com.br\/blog\/#organization\"},\"potentialAction\":[{\"@type\":\"SearchAction\",\"target\":{\"@type\":\"EntryPoint\",\"urlTemplate\":\"https:\/\/www.estrategiaconcursos.com.br\/blog\/?s={search_term_string}\"},\"query-input\":{\"@type\":\"PropertyValueSpecification\",\"valueRequired\":true,\"valueName\":\"search_term_string\"}}],\"inLanguage\":\"pt-BR\"},{\"@type\":\"Organization\",\"@id\":\"https:\/\/www.estrategiaconcursos.com.br\/blog\/#organization\",\"name\":\"Estrat\u00e9gia Concursos\",\"url\":\"https:\/\/www.estrategiaconcursos.com.br\/blog\/\",\"logo\":{\"@type\":\"ImageObject\",\"inLanguage\":\"pt-BR\",\"@id\":\"https:\/\/www.estrategiaconcursos.com.br\/blog\/#\/schema\/logo\/image\/\",\"url\":\"https:\/\/dhg1h5j42swfq.cloudfront.net\/2025\/06\/03203428\/logo_concursos-1.jpg\",\"contentUrl\":\"https:\/\/dhg1h5j42swfq.cloudfront.net\/2025\/06\/03203428\/logo_concursos-1.jpg\",\"width\":230,\"height\":60,\"caption\":\"Estrat\u00e9gia Concursos\"},\"image\":{\"@id\":\"https:\/\/www.estrategiaconcursos.com.br\/blog\/#\/schema\/logo\/image\/\"},\"sameAs\":[\"https:\/\/x.com\/EstratConcursos\"]},{\"@type\":\"Person\",\"@id\":\"https:\/\/www.estrategiaconcursos.com.br\/blog\/#\/schema\/person\/ba5fab3b1fa4a358429e37bc50f74021\",\"name\":\"Coordena\u00e7\u00e3o Estrat\u00e9gia\",\"image\":{\"@type\":\"ImageObject\",\"inLanguage\":\"pt-BR\",\"@id\":\"https:\/\/secure.gravatar.com\/avatar\/adff33ff18541ba37c900dd2b1e82dbfb0fe33d873b92636b4827a8da462feb3?s=96&d=mm&r=g\",\"url\":\"https:\/\/secure.gravatar.com\/avatar\/adff33ff18541ba37c900dd2b1e82dbfb0fe33d873b92636b4827a8da462feb3?s=96&d=mm&r=g\",\"contentUrl\":\"https:\/\/secure.gravatar.com\/avatar\/adff33ff18541ba37c900dd2b1e82dbfb0fe33d873b92636b4827a8da462feb3?s=96&d=mm&r=g\",\"caption\":\"Coordena\u00e7\u00e3o Estrat\u00e9gia\"},\"url\":\"https:\/\/www.estrategiaconcursos.com.br\/blog\/author\/victor-tanakaaestrategiaconcursos-com-br\/\"}]}<\/script>\n<!-- \/ Yoast SEO Premium plugin. -->","yoast_head_json":{"title":"Carta aos Assinantes do Estrat\u00e9gia Concursos - 050","description":"Confira, em nossa 50\u00aa carta aos assinantes, a nossa programa\u00e7\u00e3o semanal, as novidades do nosso SQ e as principais movimenta\u00e7\u00f5es de concursos.","robots":{"index":"index","follow":"follow","max-snippet":"max-snippet:-1","max-image-preview":"max-image-preview:large","max-video-preview":"max-video-preview:-1"},"canonical":"https:\/\/www.estrategiaconcursos.com.br\/blog\/carta-aos-assinantes-050\/","og_locale":"pt_BR","og_type":"article","og_title":"Carta aos Assinantes do Estrat\u00e9gia Concursos - 050","og_description":"Confira, em nossa 50\u00aa carta aos assinantes, a nossa programa\u00e7\u00e3o semanal, as novidades do nosso SQ e as principais movimenta\u00e7\u00f5es de concursos.","og_url":"https:\/\/www.estrategiaconcursos.com.br\/blog\/carta-aos-assinantes-050\/","og_site_name":"Estrat\u00e9gia Concursos","article_published_time":"2021-10-11T12:00:00+00:00","article_modified_time":"2021-10-15T15:47:15+00:00","og_image":[{"width":800,"height":450,"url":"https:\/\/dhg1h5j42swfq.cloudfront.net\/2021\/10\/08084710\/imagem-carta-aos-assinantes-1.png","type":"image\/png"}],"author":"Coordena\u00e7\u00e3o Estrat\u00e9gia","twitter_card":"summary_large_image","twitter_creator":"@EstratConcursos","twitter_site":"@EstratConcursos","twitter_misc":{"Escrito por":"Coordena\u00e7\u00e3o Estrat\u00e9gia","Est. tempo de leitura":"8 minutos"},"schema":{"@context":"https:\/\/schema.org","@graph":[{"@type":"NewsArticle","@id":"https:\/\/www.estrategiaconcursos.com.br\/blog\/carta-aos-assinantes-050\/#article","isPartOf":{"@id":"https:\/\/www.estrategiaconcursos.com.br\/blog\/carta-aos-assinantes-050\/"},"author":{"name":"Coordena\u00e7\u00e3o Estrat\u00e9gia","@id":"https:\/\/www.estrategiaconcursos.com.br\/blog\/#\/schema\/person\/ba5fab3b1fa4a358429e37bc50f74021"},"headline":"Carta aos Assinantes do Estrat\u00e9gia Concursos &#8211; 050","datePublished":"2021-10-11T12:00:00+00:00","dateModified":"2021-10-15T15:47:15+00:00","mainEntityOfPage":{"@id":"https:\/\/www.estrategiaconcursos.com.br\/blog\/carta-aos-assinantes-050\/"},"wordCount":1905,"commentCount":0,"publisher":{"@id":"https:\/\/www.estrategiaconcursos.com.br\/blog\/#organization"},"image":{"@id":"https:\/\/www.estrategiaconcursos.com.br\/blog\/carta-aos-assinantes-050\/#primaryimage"},"thumbnailUrl":"https:\/\/dhg1h5j42swfq.cloudfront.net\/2021\/10\/08084710\/imagem-carta-aos-assinantes-1.png","articleSection":["Concursos P\u00fablicos"],"inLanguage":"pt-BR","potentialAction":[{"@type":"CommentAction","name":"Comment","target":["https:\/\/www.estrategiaconcursos.com.br\/blog\/carta-aos-assinantes-050\/#respond"]}],"copyrightYear":"2021","copyrightHolder":{"@id":"https:\/\/www.estrategiaconcursos.com.br\/blog\/#organization"}},{"@type":"WebPage","@id":"https:\/\/www.estrategiaconcursos.com.br\/blog\/carta-aos-assinantes-050\/","url":"https:\/\/www.estrategiaconcursos.com.br\/blog\/carta-aos-assinantes-050\/","name":"Carta aos Assinantes do Estrat\u00e9gia Concursos - 050","isPartOf":{"@id":"https:\/\/www.estrategiaconcursos.com.br\/blog\/#website"},"primaryImageOfPage":{"@id":"https:\/\/www.estrategiaconcursos.com.br\/blog\/carta-aos-assinantes-050\/#primaryimage"},"image":{"@id":"https:\/\/www.estrategiaconcursos.com.br\/blog\/carta-aos-assinantes-050\/#primaryimage"},"thumbnailUrl":"https:\/\/dhg1h5j42swfq.cloudfront.net\/2021\/10\/08084710\/imagem-carta-aos-assinantes-1.png","datePublished":"2021-10-11T12:00:00+00:00","dateModified":"2021-10-15T15:47:15+00:00","description":"Confira, em nossa 50\u00aa carta aos assinantes, a nossa programa\u00e7\u00e3o semanal, as novidades do nosso SQ e as principais movimenta\u00e7\u00f5es de concursos.","breadcrumb":{"@id":"https:\/\/www.estrategiaconcursos.com.br\/blog\/carta-aos-assinantes-050\/#breadcrumb"},"inLanguage":"pt-BR","potentialAction":[{"@type":"ReadAction","target":["https:\/\/www.estrategiaconcursos.com.br\/blog\/carta-aos-assinantes-050\/"]}]},{"@type":"ImageObject","inLanguage":"pt-BR","@id":"https:\/\/www.estrategiaconcursos.com.br\/blog\/carta-aos-assinantes-050\/#primaryimage","url":"https:\/\/dhg1h5j42swfq.cloudfront.net\/2021\/10\/08084710\/imagem-carta-aos-assinantes-1.png","contentUrl":"https:\/\/dhg1h5j42swfq.cloudfront.net\/2021\/10\/08084710\/imagem-carta-aos-assinantes-1.png","width":800,"height":450,"caption":"carta aos assinantes"},{"@type":"BreadcrumbList","@id":"https:\/\/www.estrategiaconcursos.com.br\/blog\/carta-aos-assinantes-050\/#breadcrumb","itemListElement":[{"@type":"ListItem","position":1,"name":"In\u00edcio","item":"https:\/\/www.estrategiaconcursos.com.br\/blog\/"},{"@type":"ListItem","position":2,"name":"Carta aos Assinantes do Estrat\u00e9gia Concursos &#8211; 050"}]},{"@type":"WebSite","@id":"https:\/\/www.estrategiaconcursos.com.br\/blog\/#website","url":"https:\/\/www.estrategiaconcursos.com.br\/blog\/","name":"Estrat\u00e9gia Concursos","description":"O blog da Estrat\u00e9gia Concursos traz not\u00edcias sobre concursos e artigos de professores oferecendo cursos para concursos (pdf + videaulas) no site.","publisher":{"@id":"https:\/\/www.estrategiaconcursos.com.br\/blog\/#organization"},"potentialAction":[{"@type":"SearchAction","target":{"@type":"EntryPoint","urlTemplate":"https:\/\/www.estrategiaconcursos.com.br\/blog\/?s={search_term_string}"},"query-input":{"@type":"PropertyValueSpecification","valueRequired":true,"valueName":"search_term_string"}}],"inLanguage":"pt-BR"},{"@type":"Organization","@id":"https:\/\/www.estrategiaconcursos.com.br\/blog\/#organization","name":"Estrat\u00e9gia Concursos","url":"https:\/\/www.estrategiaconcursos.com.br\/blog\/","logo":{"@type":"ImageObject","inLanguage":"pt-BR","@id":"https:\/\/www.estrategiaconcursos.com.br\/blog\/#\/schema\/logo\/image\/","url":"https:\/\/dhg1h5j42swfq.cloudfront.net\/2025\/06\/03203428\/logo_concursos-1.jpg","contentUrl":"https:\/\/dhg1h5j42swfq.cloudfront.net\/2025\/06\/03203428\/logo_concursos-1.jpg","width":230,"height":60,"caption":"Estrat\u00e9gia Concursos"},"image":{"@id":"https:\/\/www.estrategiaconcursos.com.br\/blog\/#\/schema\/logo\/image\/"},"sameAs":["https:\/\/x.com\/EstratConcursos"]},{"@type":"Person","@id":"https:\/\/www.estrategiaconcursos.com.br\/blog\/#\/schema\/person\/ba5fab3b1fa4a358429e37bc50f74021","name":"Coordena\u00e7\u00e3o Estrat\u00e9gia","image":{"@type":"ImageObject","inLanguage":"pt-BR","@id":"https:\/\/secure.gravatar.com\/avatar\/adff33ff18541ba37c900dd2b1e82dbfb0fe33d873b92636b4827a8da462feb3?s=96&d=mm&r=g","url":"https:\/\/secure.gravatar.com\/avatar\/adff33ff18541ba37c900dd2b1e82dbfb0fe33d873b92636b4827a8da462feb3?s=96&d=mm&r=g","contentUrl":"https:\/\/secure.gravatar.com\/avatar\/adff33ff18541ba37c900dd2b1e82dbfb0fe33d873b92636b4827a8da462feb3?s=96&d=mm&r=g","caption":"Coordena\u00e7\u00e3o Estrat\u00e9gia"},"url":"https:\/\/www.estrategiaconcursos.com.br\/blog\/author\/victor-tanakaaestrategiaconcursos-com-br\/"}]}},"_links":{"self":[{"href":"https:\/\/www.estrategiaconcursos.com.br\/blog\/wp-json\/wp\/v2\/posts\/880573","targetHints":{"allow":["GET"]}}],"collection":[{"href":"https:\/\/www.estrategiaconcursos.com.br\/blog\/wp-json\/wp\/v2\/posts"}],"about":[{"href":"https:\/\/www.estrategiaconcursos.com.br\/blog\/wp-json\/wp\/v2\/types\/post"}],"author":[{"embeddable":true,"href":"https:\/\/www.estrategiaconcursos.com.br\/blog\/wp-json\/wp\/v2\/users\/1789"}],"replies":[{"embeddable":true,"href":"https:\/\/www.estrategiaconcursos.com.br\/blog\/wp-json\/wp\/v2\/comments?post=880573"}],"version-history":[{"count":5,"href":"https:\/\/www.estrategiaconcursos.com.br\/blog\/wp-json\/wp\/v2\/posts\/880573\/revisions"}],"predecessor-version":[{"id":882178,"href":"https:\/\/www.estrategiaconcursos.com.br\/blog\/wp-json\/wp\/v2\/posts\/880573\/revisions\/882178"}],"wp:featuredmedia":[{"embeddable":true,"href":"https:\/\/www.estrategiaconcursos.com.br\/blog\/wp-json\/wp\/v2\/media\/880605"}],"wp:attachment":[{"href":"https:\/\/www.estrategiaconcursos.com.br\/blog\/wp-json\/wp\/v2\/media?parent=880573"}],"wp:term":[{"taxonomy":"category","embeddable":true,"href":"https:\/\/www.estrategiaconcursos.com.br\/blog\/wp-json\/wp\/v2\/categories?post=880573"},{"taxonomy":"post_tag","embeddable":true,"href":"https:\/\/www.estrategiaconcursos.com.br\/blog\/wp-json\/wp\/v2\/tags?post=880573"},{"taxonomy":"tax_estado","embeddable":true,"href":"https:\/\/www.estrategiaconcursos.com.br\/blog\/wp-json\/wp\/v2\/tax_estado?post=880573"}],"curies":[{"name":"wp","href":"https:\/\/api.w.org\/{rel}","templated":true}]}}