{"id":879676,"date":"2021-10-07T09:00:00","date_gmt":"2021-10-07T12:00:00","guid":{"rendered":"https:\/\/www.estrategiaconcursos.com.br\/blog\/?p=879676"},"modified":"2021-10-07T21:46:02","modified_gmt":"2021-10-08T00:46:02","slug":"quadro-policia-penal-rj-aprovado","status":"publish","type":"post","link":"https:\/\/www.estrategiaconcursos.com.br\/blog\/quadro-policia-penal-rj-aprovado\/","title":{"rendered":"Quadro da Pol\u00edcia Penal RJ \u00e9 aprovado na primeira vota\u00e7\u00e3o"},"content":{"rendered":"\n<p>Aten\u00e7\u00e3o, estrategistas: novidades sobre o <strong>concurso Pol\u00edcia Penal RJ<\/strong>! A\u00a0Assembleia Legislativa do Rio de Janeiro (<strong>ALERJ<\/strong>) aprovou na \u00faltima quarta-feira, 06 de outubro de 2021, em primeira vota\u00e7\u00e3o, o Projeto de Lei (PL) n\u00ba\u00a04.383\/2021, que cria o\u00a0quadro complementar da \u00e1rea t\u00e9cnica da Pol\u00edcia Penal. <\/p>\n\n\n\n<p>Contudo, a medida ainda precisa passar por uma segunda vota\u00e7\u00e3o em plen\u00e1rio antes de seguir para san\u00e7\u00e3o ou veto do governador Cl\u00e1udio Castro.<\/p>\n\n\n\n<p>Tal provid\u00eancia contempla diversos&nbsp;<strong>profissionais das \u00e1reas da Sa\u00fade e Limpeza\/Higiene<\/strong>, como Fisioterapeutas, T\u00e9cnicos de Enfermagem e Auxiliares de Servi\u00e7os M\u00e9dicos, sendo elas:<\/p>\n\n\n\n<ul class=\"has-very-light-gray-to-cyan-bluish-gray-gradient-background has-background wp-block-list\"><li>Auxiliar de Execu\u00e7\u00e3o Penal (para cargos de n\u00edvel elementar), com remunera\u00e7\u00e3o de at\u00e9 R$1,8 mil;<\/li><li>T\u00e9cnico de Execu\u00e7\u00e3o Penal (para n\u00edveis m\u00e9dio e fundamental), com remunera\u00e7\u00e3o de at\u00e9 R$4,1 mil; e<\/li><li>Especialista de Execu\u00e7\u00e3o Penal (n\u00edvel superior), com remunera\u00e7\u00e3o de at\u00e9 R$6,4 mil. <\/li><\/ul>\n\n\n\n<blockquote class=\"wp-block-quote is-layout-flow wp-block-quote-is-layout-flow\"><p>&#8220;<em>Este projeto \u00e9 de extrema import\u00e2ncia para as nossas carreiras, porque, desde que entramos, n\u00e3o tivemos nenhuma valoriza\u00e7\u00e3o do nosso trabalho. Infelizmente, n\u00f3s fomos exclu\u00eddos dos projetos que abrangiam os agentes penitenci\u00e1rios, que hoje s\u00e3o os policiais penais. Ent\u00e3o, n\u00f3s estamos dando a vida pela aprova\u00e7\u00e3o desse projeto&#8221;, <\/em>desabafou a cirurgi\u00e3-dentista Simone do Amaral, funcion\u00e1ria da Seap, durante reuni\u00e3o na ALERJ. <\/p><\/blockquote>\n\n\n\n<h2 class=\"wp-block-heading\" id=\"situacao\">Situa\u00e7\u00e3o atual do concurso Pol\u00edcia Penal RJ<\/h2>\n\n\n\n<h3 class=\"wp-block-heading\" id=\"decreto\">Decreto autoriza 300 vagas<\/h3>\n\n\n\n<p><strong>I<\/strong>mportante frisar que <strong>300 vagas foram autorizadas para o concurso da Pol\u00edcia Penal RJ<\/strong>, atrav\u00e9s do&nbsp;<a href=\"https:\/\/dhg1h5j42swfq.cloudfront.net\/2021\/04\/27094926\/concursos_rj_2021.pdf\" target=\"_blank\" rel=\"noreferrer noopener\"><strong>Decreto 47.585<\/strong><\/a>. O documento permite at\u00e9 2.107 contrata\u00e7\u00f5es para concursos no Rio de Janeiro.<\/p>\n\n\n\n<p>Segundo a Secretaria de Administra\u00e7\u00e3o Penitenci\u00e1ria do Rio de Janeiro (SEAP RJ), atrav\u00e9s de publica\u00e7\u00e3o em seu Instagram, as oportunidades ser\u00e3o preenchidas por candidatos aprovados dos concursos de 2003, 2006 e 2012.<\/p>\n\n\n\n<p>Anteriormente, a ALERJ j\u00e1 havia aprovado o Projeto de Lei 1.462\/19, que trata da referida convoca\u00e7\u00e3o, al\u00e9m de prever que novos concursos n\u00e3o sejam organizados enquanto n\u00e3o for realizada a convoca\u00e7\u00e3o dos aprovados nos concursos anteriores, respeitando o Regime de Recupera\u00e7\u00e3o Fiscal (RRF) do estado.<\/p>\n\n\n\n<p class=\"has-text-align-center\"><em>Para mais detalhes do concurso Pol\u00edcia Penal RJ, cujo quadro complementar foi aprovado na primeira vota\u00e7\u00e3o, acesse o link abaixo. Preparamos um artigo completo, separado por t\u00f3picos, para que facilite a sua compreens\u00e3o:<\/em><\/p>\n\n\n\n<p class=\"has-text-align-center has-luminous-vivid-amber-background-color has-background\" style=\"font-size:clamp(14.642px, 0.915rem + ((1vw - 3.2px) * 0.721), 22px);\"><strong>Saiba mais: <a href=\"https:\/\/www.estrategiaconcursos.com.br\/blog\/concurso-policia-penal-rj\/\" target=\"_blank\" rel=\"noreferrer noopener\">concurso Pol\u00edcia Penal RJ<\/a><\/strong><\/p>\n\n\n\n<h2 class=\"has-text-align-center wp-block-heading\" id=\"curso\"><strong>Quer estudar para o concurso Pol\u00edcia Penal RJ?<\/strong><\/h2>\n\n\n\n<div class=\"container\" id=\"boxes\">\n  <div class=\"row\">\n\n    <div class=\"col-sm\">\n      <div class=\"banner-adm\" id=\"box-assinatura\">\n        <h3 class=\"titulo-assinatura\">Concurso Pol\u00edcia Penal RJ<\/h3>\n        <p class=\"subtitulo-assinatura\">Conhe\u00e7a os cursos<\/p>\n        <div class=\"box-botao\">\n          <a class=\"btn-assinatura\" target=\"_blank\" href=\"https:\/\/www.estrategiaconcursos.com.br\/cursosPorConcurso\/cursos-para-concursos-policiais\/\" rel=\"noopener\">Conhe\u00e7a mais<\/a>\n        <\/div>\n      <\/div>\n      \n    <\/div>\n\n  <\/div>\n<\/div>\n\n\n\n<div class=\"container\" id=\"boxes\">\n  <div class=\"row\">\n\n    <div class=\"col-sm\">\n      <div class=\"estrategia\" id=\"box-assinatura\">\n        <h3 class=\"titulo-assinatura\"> Concursos P\u00fablicos\n        <p class=\"subtitulo-assinatura\">Assinatura de 1 ano ou 2 anos<\/p>\n        <div class=\"box-botao\">\n          <a class=\"btn-assinatura\" target=\"_blank\" href=\"https:\/\/www.estrategiaconcursos.com.br\/assinaturas\/\" role=\"button\" rel=\"noopener noreferrer\">ASSINE AGORA<\/a>\n        <\/div>\n      <\/h3><\/div><\/div><\/div><\/div>\n\n\n\n<h2 class=\"has-text-align-center wp-block-heading\">Quer saber tudo sobre concursos previstos?<br \/>Confira nossos artigos!<\/h2>\n\n\n\n<ul class=\"wp-block-list\"><li><a target=\"_blank\" href=\"https:\/\/www.estrategiaconcursos.com.br\/blog\/concursos-abertos\/\" rel=\"noreferrer noopener\">Concursos abertos<\/a><\/li><li><a target=\"_blank\" href=\"https:\/\/www.estrategiaconcursos.com.br\/blog\/concursos-2021\/\" rel=\"noreferrer noopener\">Concursos 2021<\/a><\/li><li><a target=\"_blank\" href=\"https:\/\/www.estrategiaconcursos.com.br\/blog\/concursos-2022\/\" rel=\"noreferrer noopener\">Concursos 2022<\/a><\/li><\/ul>\n","protected":false},"excerpt":{"rendered":"<p>Aten\u00e7\u00e3o, estrategistas: novidades sobre o concurso Pol\u00edcia Penal RJ! A\u00a0Assembleia Legislativa do Rio de Janeiro (ALERJ) aprovou na \u00faltima quarta-feira, 06 de outubro de 2021, em primeira vota\u00e7\u00e3o, o Projeto de Lei (PL) n\u00ba\u00a04.383\/2021, que cria o\u00a0quadro complementar da \u00e1rea t\u00e9cnica da Pol\u00edcia Penal. Contudo, a medida ainda precisa passar por uma segunda vota\u00e7\u00e3o em [&hellip;]<\/p>\n","protected":false},"author":1,"featured_media":853902,"comment_status":"open","ping_status":"closed","sticky":false,"template":"","format":"standard","meta":{"post_tipo":"news","footnotes":""},"categories":[220188,220219],"tags":[],"tax_estado":[219982],"class_list":["post-879676","post","type-post","status-publish","format-standard","has-post-thumbnail","hentry","category-policial-agente-penitenciario","category-noticias","tax_estado-rj"],"acf":[],"yoast_head":"<!-- This site is optimized with the Yoast SEO Premium plugin v27.2 (Yoast SEO v27.2) - https:\/\/yoast.com\/product\/yoast-seo-premium-wordpress\/ -->\n<title>Quadro da Pol\u00edcia Penal RJ \u00e9 aprovado na primeira vota\u00e7\u00e3o<\/title>\n<meta name=\"description\" content=\"Concurso Pol\u00edcia Penal RJ: O Projeto de Lei que cria o quadro complementar teve sua primeira aprova\u00e7\u00e3o na ALERJ. Acesse para saber mais!\" \/>\n<meta name=\"robots\" content=\"index, follow, max-snippet:-1, max-image-preview:large, max-video-preview:-1\" \/>\n<link rel=\"canonical\" href=\"https:\/\/www.estrategiaconcursos.com.br\/blog\/quadro-policia-penal-rj-aprovado\/\" \/>\n<meta property=\"og:locale\" content=\"pt_BR\" \/>\n<meta property=\"og:type\" content=\"article\" \/>\n<meta property=\"og:title\" content=\"Quadro da Pol\u00edcia Penal RJ \u00e9 aprovado na primeira vota\u00e7\u00e3o\" \/>\n<meta property=\"og:description\" content=\"Concurso Pol\u00edcia Penal RJ: O Projeto de Lei que cria o quadro complementar teve sua primeira aprova\u00e7\u00e3o na ALERJ. Acesse para saber mais!\" \/>\n<meta property=\"og:url\" content=\"https:\/\/www.estrategiaconcursos.com.br\/blog\/quadro-policia-penal-rj-aprovado\/\" \/>\n<meta property=\"og:site_name\" content=\"Estrat\u00e9gia Concursos\" \/>\n<meta property=\"article:author\" content=\"https:\/\/www.facebook.com\/EstrategiaConcursos\" \/>\n<meta property=\"article:published_time\" content=\"2021-10-07T12:00:00+00:00\" \/>\n<meta property=\"article:modified_time\" content=\"2021-10-08T00:46:02+00:00\" \/>\n<meta property=\"og:image\" content=\"https:\/\/dhg1h5j42swfq.cloudfront.net\/2021\/09\/03184422\/policia-penal-rj.jpg\" \/>\n\t<meta property=\"og:image:width\" content=\"768\" \/>\n\t<meta property=\"og:image:height\" content=\"432\" \/>\n\t<meta property=\"og:image:type\" content=\"image\/jpeg\" \/>\n<meta name=\"author\" content=\"Coordena\u00e7\u00e3o\" \/>\n<meta name=\"twitter:card\" content=\"summary_large_image\" \/>\n<meta name=\"twitter:creator\" content=\"@EstratConcursos\" \/>\n<meta name=\"twitter:site\" content=\"@EstratConcursos\" \/>\n<meta name=\"twitter:label1\" content=\"Escrito por\" \/>\n\t<meta name=\"twitter:data1\" content=\"Coordena\u00e7\u00e3o\" \/>\n\t<meta name=\"twitter:label2\" content=\"Est. tempo de leitura\" \/>\n\t<meta name=\"twitter:data2\" content=\"2 minutos\" \/>\n<script type=\"application\/ld+json\" class=\"yoast-schema-graph\">{\"@context\":\"https:\/\/schema.org\",\"@graph\":[{\"@type\":\"NewsArticle\",\"@id\":\"https:\/\/www.estrategiaconcursos.com.br\/blog\/quadro-policia-penal-rj-aprovado\/#article\",\"isPartOf\":{\"@id\":\"https:\/\/www.estrategiaconcursos.com.br\/blog\/quadro-policia-penal-rj-aprovado\/\"},\"author\":{\"name\":\"Coordena\u00e7\u00e3o\",\"@id\":\"https:\/\/www.estrategiaconcursos.com.br\/blog\/#\/schema\/person\/b4a388c97673c5f483d72185668afa1f\"},\"headline\":\"Quadro da Pol\u00edcia Penal RJ \u00e9 aprovado na primeira vota\u00e7\u00e3o\",\"datePublished\":\"2021-10-07T12:00:00+00:00\",\"dateModified\":\"2021-10-08T00:46:02+00:00\",\"mainEntityOfPage\":{\"@id\":\"https:\/\/www.estrategiaconcursos.com.br\/blog\/quadro-policia-penal-rj-aprovado\/\"},\"wordCount\":459,\"commentCount\":0,\"publisher\":{\"@id\":\"https:\/\/www.estrategiaconcursos.com.br\/blog\/#organization\"},\"image\":{\"@id\":\"https:\/\/www.estrategiaconcursos.com.br\/blog\/quadro-policia-penal-rj-aprovado\/#primaryimage\"},\"thumbnailUrl\":\"https:\/\/dhg1h5j42swfq.cloudfront.net\/2021\/09\/03184422\/policia-penal-rj.jpg\",\"articleSection\":[\"Policial (Agente Penitenci\u00e1rio)\",\"\u00daltimas not\u00edcias\"],\"inLanguage\":\"pt-BR\",\"potentialAction\":[{\"@type\":\"CommentAction\",\"name\":\"Comment\",\"target\":[\"https:\/\/www.estrategiaconcursos.com.br\/blog\/quadro-policia-penal-rj-aprovado\/#respond\"]}],\"copyrightYear\":\"2021\",\"copyrightHolder\":{\"@id\":\"https:\/\/www.estrategiaconcursos.com.br\/blog\/#organization\"}},{\"@type\":\"WebPage\",\"@id\":\"https:\/\/www.estrategiaconcursos.com.br\/blog\/quadro-policia-penal-rj-aprovado\/\",\"url\":\"https:\/\/www.estrategiaconcursos.com.br\/blog\/quadro-policia-penal-rj-aprovado\/\",\"name\":\"Quadro da Pol\u00edcia Penal RJ \u00e9 aprovado na primeira vota\u00e7\u00e3o\",\"isPartOf\":{\"@id\":\"https:\/\/www.estrategiaconcursos.com.br\/blog\/#website\"},\"primaryImageOfPage\":{\"@id\":\"https:\/\/www.estrategiaconcursos.com.br\/blog\/quadro-policia-penal-rj-aprovado\/#primaryimage\"},\"image\":{\"@id\":\"https:\/\/www.estrategiaconcursos.com.br\/blog\/quadro-policia-penal-rj-aprovado\/#primaryimage\"},\"thumbnailUrl\":\"https:\/\/dhg1h5j42swfq.cloudfront.net\/2021\/09\/03184422\/policia-penal-rj.jpg\",\"datePublished\":\"2021-10-07T12:00:00+00:00\",\"dateModified\":\"2021-10-08T00:46:02+00:00\",\"description\":\"Concurso Pol\u00edcia Penal RJ: O Projeto de Lei que cria o quadro complementar teve sua primeira aprova\u00e7\u00e3o na ALERJ. Acesse para saber mais!\",\"breadcrumb\":{\"@id\":\"https:\/\/www.estrategiaconcursos.com.br\/blog\/quadro-policia-penal-rj-aprovado\/#breadcrumb\"},\"inLanguage\":\"pt-BR\",\"potentialAction\":[{\"@type\":\"ReadAction\",\"target\":[\"https:\/\/www.estrategiaconcursos.com.br\/blog\/quadro-policia-penal-rj-aprovado\/\"]}]},{\"@type\":\"ImageObject\",\"inLanguage\":\"pt-BR\",\"@id\":\"https:\/\/www.estrategiaconcursos.com.br\/blog\/quadro-policia-penal-rj-aprovado\/#primaryimage\",\"url\":\"https:\/\/dhg1h5j42swfq.cloudfront.net\/2021\/09\/03184422\/policia-penal-rj.jpg\",\"contentUrl\":\"https:\/\/dhg1h5j42swfq.cloudfront.net\/2021\/09\/03184422\/policia-penal-rj.jpg\",\"width\":768,\"height\":432},{\"@type\":\"BreadcrumbList\",\"@id\":\"https:\/\/www.estrategiaconcursos.com.br\/blog\/quadro-policia-penal-rj-aprovado\/#breadcrumb\",\"itemListElement\":[{\"@type\":\"ListItem\",\"position\":1,\"name\":\"In\u00edcio\",\"item\":\"https:\/\/www.estrategiaconcursos.com.br\/blog\/\"},{\"@type\":\"ListItem\",\"position\":2,\"name\":\"Quadro da Pol\u00edcia Penal RJ \u00e9 aprovado na primeira vota\u00e7\u00e3o\"}]},{\"@type\":\"WebSite\",\"@id\":\"https:\/\/www.estrategiaconcursos.com.br\/blog\/#website\",\"url\":\"https:\/\/www.estrategiaconcursos.com.br\/blog\/\",\"name\":\"Estrat\u00e9gia Concursos\",\"description\":\"O blog da Estrat\u00e9gia Concursos traz not\u00edcias sobre concursos e artigos de professores oferecendo cursos para concursos (pdf + videaulas) no site.\",\"publisher\":{\"@id\":\"https:\/\/www.estrategiaconcursos.com.br\/blog\/#organization\"},\"potentialAction\":[{\"@type\":\"SearchAction\",\"target\":{\"@type\":\"EntryPoint\",\"urlTemplate\":\"https:\/\/www.estrategiaconcursos.com.br\/blog\/?s={search_term_string}\"},\"query-input\":{\"@type\":\"PropertyValueSpecification\",\"valueRequired\":true,\"valueName\":\"search_term_string\"}}],\"inLanguage\":\"pt-BR\"},{\"@type\":\"Organization\",\"@id\":\"https:\/\/www.estrategiaconcursos.com.br\/blog\/#organization\",\"name\":\"Estrat\u00e9gia Concursos\",\"url\":\"https:\/\/www.estrategiaconcursos.com.br\/blog\/\",\"logo\":{\"@type\":\"ImageObject\",\"inLanguage\":\"pt-BR\",\"@id\":\"https:\/\/www.estrategiaconcursos.com.br\/blog\/#\/schema\/logo\/image\/\",\"url\":\"https:\/\/dhg1h5j42swfq.cloudfront.net\/2025\/06\/03203428\/logo_concursos-1.jpg\",\"contentUrl\":\"https:\/\/dhg1h5j42swfq.cloudfront.net\/2025\/06\/03203428\/logo_concursos-1.jpg\",\"width\":230,\"height\":60,\"caption\":\"Estrat\u00e9gia Concursos\"},\"image\":{\"@id\":\"https:\/\/www.estrategiaconcursos.com.br\/blog\/#\/schema\/logo\/image\/\"},\"sameAs\":[\"https:\/\/x.com\/EstratConcursos\"]},{\"@type\":\"Person\",\"@id\":\"https:\/\/www.estrategiaconcursos.com.br\/blog\/#\/schema\/person\/b4a388c97673c5f483d72185668afa1f\",\"name\":\"Coordena\u00e7\u00e3o\",\"image\":{\"@type\":\"ImageObject\",\"inLanguage\":\"pt-BR\",\"@id\":\"https:\/\/secure.gravatar.com\/avatar\/b720319e4c9a967eb58678d110f4fe35452fc5d5f97b202bac7b8acceb18c6ad?s=96&d=mm&r=g\",\"url\":\"https:\/\/secure.gravatar.com\/avatar\/b720319e4c9a967eb58678d110f4fe35452fc5d5f97b202bac7b8acceb18c6ad?s=96&d=mm&r=g\",\"contentUrl\":\"https:\/\/secure.gravatar.com\/avatar\/b720319e4c9a967eb58678d110f4fe35452fc5d5f97b202bac7b8acceb18c6ad?s=96&d=mm&r=g\",\"caption\":\"Coordena\u00e7\u00e3o\"},\"sameAs\":[\"https:\/\/www.facebook.com\/EstrategiaConcursos\",\"https:\/\/x.com\/EstratConcursos\"],\"url\":\"https:\/\/www.estrategiaconcursos.com.br\/blog\/author\/estrategia2013\/\"}]}<\/script>\n<!-- \/ Yoast SEO Premium plugin. -->","yoast_head_json":{"title":"Quadro da Pol\u00edcia Penal RJ \u00e9 aprovado na primeira vota\u00e7\u00e3o","description":"Concurso Pol\u00edcia Penal RJ: O Projeto de Lei que cria o quadro complementar teve sua primeira aprova\u00e7\u00e3o na ALERJ. Acesse para saber mais!","robots":{"index":"index","follow":"follow","max-snippet":"max-snippet:-1","max-image-preview":"max-image-preview:large","max-video-preview":"max-video-preview:-1"},"canonical":"https:\/\/www.estrategiaconcursos.com.br\/blog\/quadro-policia-penal-rj-aprovado\/","og_locale":"pt_BR","og_type":"article","og_title":"Quadro da Pol\u00edcia Penal RJ \u00e9 aprovado na primeira vota\u00e7\u00e3o","og_description":"Concurso Pol\u00edcia Penal RJ: O Projeto de Lei que cria o quadro complementar teve sua primeira aprova\u00e7\u00e3o na ALERJ. Acesse para saber mais!","og_url":"https:\/\/www.estrategiaconcursos.com.br\/blog\/quadro-policia-penal-rj-aprovado\/","og_site_name":"Estrat\u00e9gia Concursos","article_author":"https:\/\/www.facebook.com\/EstrategiaConcursos","article_published_time":"2021-10-07T12:00:00+00:00","article_modified_time":"2021-10-08T00:46:02+00:00","og_image":[{"width":768,"height":432,"url":"https:\/\/dhg1h5j42swfq.cloudfront.net\/2021\/09\/03184422\/policia-penal-rj.jpg","type":"image\/jpeg"}],"author":"Coordena\u00e7\u00e3o","twitter_card":"summary_large_image","twitter_creator":"@EstratConcursos","twitter_site":"@EstratConcursos","twitter_misc":{"Escrito por":"Coordena\u00e7\u00e3o","Est. tempo de leitura":"2 minutos"},"schema":{"@context":"https:\/\/schema.org","@graph":[{"@type":"NewsArticle","@id":"https:\/\/www.estrategiaconcursos.com.br\/blog\/quadro-policia-penal-rj-aprovado\/#article","isPartOf":{"@id":"https:\/\/www.estrategiaconcursos.com.br\/blog\/quadro-policia-penal-rj-aprovado\/"},"author":{"name":"Coordena\u00e7\u00e3o","@id":"https:\/\/www.estrategiaconcursos.com.br\/blog\/#\/schema\/person\/b4a388c97673c5f483d72185668afa1f"},"headline":"Quadro da Pol\u00edcia Penal RJ \u00e9 aprovado na primeira vota\u00e7\u00e3o","datePublished":"2021-10-07T12:00:00+00:00","dateModified":"2021-10-08T00:46:02+00:00","mainEntityOfPage":{"@id":"https:\/\/www.estrategiaconcursos.com.br\/blog\/quadro-policia-penal-rj-aprovado\/"},"wordCount":459,"commentCount":0,"publisher":{"@id":"https:\/\/www.estrategiaconcursos.com.br\/blog\/#organization"},"image":{"@id":"https:\/\/www.estrategiaconcursos.com.br\/blog\/quadro-policia-penal-rj-aprovado\/#primaryimage"},"thumbnailUrl":"https:\/\/dhg1h5j42swfq.cloudfront.net\/2021\/09\/03184422\/policia-penal-rj.jpg","articleSection":["Policial (Agente Penitenci\u00e1rio)","\u00daltimas not\u00edcias"],"inLanguage":"pt-BR","potentialAction":[{"@type":"CommentAction","name":"Comment","target":["https:\/\/www.estrategiaconcursos.com.br\/blog\/quadro-policia-penal-rj-aprovado\/#respond"]}],"copyrightYear":"2021","copyrightHolder":{"@id":"https:\/\/www.estrategiaconcursos.com.br\/blog\/#organization"}},{"@type":"WebPage","@id":"https:\/\/www.estrategiaconcursos.com.br\/blog\/quadro-policia-penal-rj-aprovado\/","url":"https:\/\/www.estrategiaconcursos.com.br\/blog\/quadro-policia-penal-rj-aprovado\/","name":"Quadro da Pol\u00edcia Penal RJ \u00e9 aprovado na primeira vota\u00e7\u00e3o","isPartOf":{"@id":"https:\/\/www.estrategiaconcursos.com.br\/blog\/#website"},"primaryImageOfPage":{"@id":"https:\/\/www.estrategiaconcursos.com.br\/blog\/quadro-policia-penal-rj-aprovado\/#primaryimage"},"image":{"@id":"https:\/\/www.estrategiaconcursos.com.br\/blog\/quadro-policia-penal-rj-aprovado\/#primaryimage"},"thumbnailUrl":"https:\/\/dhg1h5j42swfq.cloudfront.net\/2021\/09\/03184422\/policia-penal-rj.jpg","datePublished":"2021-10-07T12:00:00+00:00","dateModified":"2021-10-08T00:46:02+00:00","description":"Concurso Pol\u00edcia Penal RJ: O Projeto de Lei que cria o quadro complementar teve sua primeira aprova\u00e7\u00e3o na ALERJ. Acesse para saber mais!","breadcrumb":{"@id":"https:\/\/www.estrategiaconcursos.com.br\/blog\/quadro-policia-penal-rj-aprovado\/#breadcrumb"},"inLanguage":"pt-BR","potentialAction":[{"@type":"ReadAction","target":["https:\/\/www.estrategiaconcursos.com.br\/blog\/quadro-policia-penal-rj-aprovado\/"]}]},{"@type":"ImageObject","inLanguage":"pt-BR","@id":"https:\/\/www.estrategiaconcursos.com.br\/blog\/quadro-policia-penal-rj-aprovado\/#primaryimage","url":"https:\/\/dhg1h5j42swfq.cloudfront.net\/2021\/09\/03184422\/policia-penal-rj.jpg","contentUrl":"https:\/\/dhg1h5j42swfq.cloudfront.net\/2021\/09\/03184422\/policia-penal-rj.jpg","width":768,"height":432},{"@type":"BreadcrumbList","@id":"https:\/\/www.estrategiaconcursos.com.br\/blog\/quadro-policia-penal-rj-aprovado\/#breadcrumb","itemListElement":[{"@type":"ListItem","position":1,"name":"In\u00edcio","item":"https:\/\/www.estrategiaconcursos.com.br\/blog\/"},{"@type":"ListItem","position":2,"name":"Quadro da Pol\u00edcia Penal RJ \u00e9 aprovado na primeira vota\u00e7\u00e3o"}]},{"@type":"WebSite","@id":"https:\/\/www.estrategiaconcursos.com.br\/blog\/#website","url":"https:\/\/www.estrategiaconcursos.com.br\/blog\/","name":"Estrat\u00e9gia Concursos","description":"O blog da Estrat\u00e9gia Concursos traz not\u00edcias sobre concursos e artigos de professores oferecendo cursos para concursos (pdf + videaulas) no site.","publisher":{"@id":"https:\/\/www.estrategiaconcursos.com.br\/blog\/#organization"},"potentialAction":[{"@type":"SearchAction","target":{"@type":"EntryPoint","urlTemplate":"https:\/\/www.estrategiaconcursos.com.br\/blog\/?s={search_term_string}"},"query-input":{"@type":"PropertyValueSpecification","valueRequired":true,"valueName":"search_term_string"}}],"inLanguage":"pt-BR"},{"@type":"Organization","@id":"https:\/\/www.estrategiaconcursos.com.br\/blog\/#organization","name":"Estrat\u00e9gia Concursos","url":"https:\/\/www.estrategiaconcursos.com.br\/blog\/","logo":{"@type":"ImageObject","inLanguage":"pt-BR","@id":"https:\/\/www.estrategiaconcursos.com.br\/blog\/#\/schema\/logo\/image\/","url":"https:\/\/dhg1h5j42swfq.cloudfront.net\/2025\/06\/03203428\/logo_concursos-1.jpg","contentUrl":"https:\/\/dhg1h5j42swfq.cloudfront.net\/2025\/06\/03203428\/logo_concursos-1.jpg","width":230,"height":60,"caption":"Estrat\u00e9gia Concursos"},"image":{"@id":"https:\/\/www.estrategiaconcursos.com.br\/blog\/#\/schema\/logo\/image\/"},"sameAs":["https:\/\/x.com\/EstratConcursos"]},{"@type":"Person","@id":"https:\/\/www.estrategiaconcursos.com.br\/blog\/#\/schema\/person\/b4a388c97673c5f483d72185668afa1f","name":"Coordena\u00e7\u00e3o","image":{"@type":"ImageObject","inLanguage":"pt-BR","@id":"https:\/\/secure.gravatar.com\/avatar\/b720319e4c9a967eb58678d110f4fe35452fc5d5f97b202bac7b8acceb18c6ad?s=96&d=mm&r=g","url":"https:\/\/secure.gravatar.com\/avatar\/b720319e4c9a967eb58678d110f4fe35452fc5d5f97b202bac7b8acceb18c6ad?s=96&d=mm&r=g","contentUrl":"https:\/\/secure.gravatar.com\/avatar\/b720319e4c9a967eb58678d110f4fe35452fc5d5f97b202bac7b8acceb18c6ad?s=96&d=mm&r=g","caption":"Coordena\u00e7\u00e3o"},"sameAs":["https:\/\/www.facebook.com\/EstrategiaConcursos","https:\/\/x.com\/EstratConcursos"],"url":"https:\/\/www.estrategiaconcursos.com.br\/blog\/author\/estrategia2013\/"}]}},"_links":{"self":[{"href":"https:\/\/www.estrategiaconcursos.com.br\/blog\/wp-json\/wp\/v2\/posts\/879676","targetHints":{"allow":["GET"]}}],"collection":[{"href":"https:\/\/www.estrategiaconcursos.com.br\/blog\/wp-json\/wp\/v2\/posts"}],"about":[{"href":"https:\/\/www.estrategiaconcursos.com.br\/blog\/wp-json\/wp\/v2\/types\/post"}],"author":[{"embeddable":true,"href":"https:\/\/www.estrategiaconcursos.com.br\/blog\/wp-json\/wp\/v2\/users\/1"}],"replies":[{"embeddable":true,"href":"https:\/\/www.estrategiaconcursos.com.br\/blog\/wp-json\/wp\/v2\/comments?post=879676"}],"version-history":[{"count":17,"href":"https:\/\/www.estrategiaconcursos.com.br\/blog\/wp-json\/wp\/v2\/posts\/879676\/revisions"}],"predecessor-version":[{"id":880530,"href":"https:\/\/www.estrategiaconcursos.com.br\/blog\/wp-json\/wp\/v2\/posts\/879676\/revisions\/880530"}],"wp:featuredmedia":[{"embeddable":true,"href":"https:\/\/www.estrategiaconcursos.com.br\/blog\/wp-json\/wp\/v2\/media\/853902"}],"wp:attachment":[{"href":"https:\/\/www.estrategiaconcursos.com.br\/blog\/wp-json\/wp\/v2\/media?parent=879676"}],"wp:term":[{"taxonomy":"category","embeddable":true,"href":"https:\/\/www.estrategiaconcursos.com.br\/blog\/wp-json\/wp\/v2\/categories?post=879676"},{"taxonomy":"post_tag","embeddable":true,"href":"https:\/\/www.estrategiaconcursos.com.br\/blog\/wp-json\/wp\/v2\/tags?post=879676"},{"taxonomy":"tax_estado","embeddable":true,"href":"https:\/\/www.estrategiaconcursos.com.br\/blog\/wp-json\/wp\/v2\/tax_estado?post=879676"}],"curies":[{"name":"wp","href":"https:\/\/api.w.org\/{rel}","templated":true}]}}