{"id":87874,"date":"2017-09-04T23:12:38","date_gmt":"2017-09-05T02:12:38","guid":{"rendered":"https:\/\/www.estrategiaconcursos.com.br\/blog\/?p=87874"},"modified":"2017-09-04T23:12:38","modified_gmt":"2017-09-05T02:12:38","slug":"comentarios-as-provas-de-tjaa-de-eleitoral-ri-e-pcd-do-tre-pr","status":"publish","type":"post","link":"https:\/\/www.estrategiaconcursos.com.br\/blog\/comentarios-as-provas-de-tjaa-de-eleitoral-ri-e-pcd-do-tre-pr\/","title":{"rendered":"Coment\u00e1rios \u00e0s provas de TJAA de Eleitoral, RI e PCD do TRE-PR"},"content":{"rendered":"<p style=\"text-align: justify;\">Analisamos no artigo abaixo as quest\u00f5es aplicadas no \u00faltimo final nas provas para o cargo de T\u00e9cnico Judici\u00e1rio \u2013 \u00c1rea Administrativa (TJAA) do concurso do TRE-PR, realizado pela FCC.<\/p>\n<p style=\"text-align: justify;\">Analisaremos as quest\u00f5es aplicadas das disciplinas de Regimento Interno, Estatuto da Pessoa com Defici\u00eancia e Direito Eleitoral, nesta ordem.<\/p>\n<p style=\"text-align: justify;\">N\u00e3o identificamos possibilidade de recursos e, no geral, entendemos:<\/p>\n<p style=\"text-align: justify;\">&#8211; que a prova de <strong>Regimento Interno<\/strong>, tal como previsto, cobrou temas frequentes no estudo de Regimento Interno. Uma quest\u00e3o cobrou o tema revis\u00e3o, na outra tivemos os recursos. Al\u00e9m de estarem no material, a primeira quest\u00e3o, inclusive, voc\u00ea resolveria <a href=\"https:\/\/goo.gl\/frRJUJ\" target=\"_blank\" rel=\"noopener\">com esquema da p\u00e1g. 10 do resum\u00e3o de v\u00e9spera<\/a> :)<\/p>\n<p style=\"text-align: justify;\">&#8211; que a prova de<strong> Direito das Pessoas com Defici\u00eancia<\/strong> tamb\u00e9m estava totalmente acess\u00edvel. A primeira delas abrangeu os conte\u00fados do art. 3\u00ba do EPD, a segunda versou sobre curatela. Felizmente, <strong>abordamos ambos os assuntos em nossa revis\u00e3o de v\u00e9spera.<\/strong> Veja:<\/p>\n<p style=\"text-align: justify;\">Em rela\u00e7\u00e3o \u00e0 primeira quest\u00e3o, confira:<\/p>\n<div class=\"lyte-wrapper\" style=\"width:853px;max-width:100%;margin:5px;\"><div class=\"lyMe qsa_\\&amp;start\\=567\" id=\"WYL_3CNjzRXTujs\"><div id=\"lyte_3CNjzRXTujs\" data-src=\"\/\/i.ytimg.com\/vi\/3CNjzRXTujs\/hqdefault.jpg\" class=\"pL\"><div class=\"tC\"><div class=\"tT\"><\/div><\/div><div class=\"play\"><\/div><div class=\"ctrl\"><div class=\"Lctrl\"><\/div><div class=\"Rctrl\"><\/div><\/div><\/div><noscript><a href=\"https:\/\/youtu.be\/3CNjzRXTujs\" rel=\"nofollow\"><img loading=\"lazy\" decoding=\"async\" src=\"https:\/\/i.ytimg.com\/vi\/3CNjzRXTujs\/0.jpg\" alt=\"YouTube video thumbnail\" width=\"853\" height=\"460\" \/><br \/>Assista a este v\u00eddeo no YouTube<\/a><\/noscript><\/div><\/div><div class=\"lL\" style=\"max-width:100%;width:853px;margin:5px;\"><\/div><\/p>\n<p style=\"text-align: justify;\">Em rela\u00e7\u00e3o \u00e0 segunda quest\u00e3o, confira:<\/p>\n<div class=\"lyte-wrapper\" style=\"width:853px;max-width:100%;margin:5px;\"><div class=\"lyMe qsa_\\&amp;start\\=2501\" id=\"WYL_3CNjzRXTujs\"><div id=\"lyte_3CNjzRXTujs\" data-src=\"\/\/i.ytimg.com\/vi\/3CNjzRXTujs\/hqdefault.jpg\" class=\"pL\"><div class=\"tC\"><div class=\"tT\"><\/div><\/div><div class=\"play\"><\/div><div class=\"ctrl\"><div class=\"Lctrl\"><\/div><div class=\"Rctrl\"><\/div><\/div><\/div><noscript><a href=\"https:\/\/youtu.be\/3CNjzRXTujs\" rel=\"nofollow\"><img loading=\"lazy\" decoding=\"async\" src=\"https:\/\/i.ytimg.com\/vi\/3CNjzRXTujs\/0.jpg\" alt=\"YouTube video thumbnail\" width=\"853\" height=\"460\" \/><br \/>Assista a este v\u00eddeo no YouTube<\/a><\/noscript><\/div><\/div><div class=\"lL\" style=\"max-width:100%;width:853px;margin:5px;\"><\/div><\/p>\n<p style=\"text-align: justify;\">&#8211; que a prova de <strong>Direito Eleitoral<\/strong> estava um pouco mais dif\u00edcil. Notamos que as quest\u00f5es foram variadas, o examinador fez textos longos e cobrou assuntos n\u00e3o muito explorados em provas anteriores. Tivemos v\u00e1rias quest\u00f5es sobre o tema de inelegibilidades. Algumas das quest\u00f5es falamos em nossa revis\u00e3o de v\u00e9spera como a da propaganda em adesivo micro perfurado no para-brisa do carro e dos requisitos para a transfer\u00eancia do t\u00edtulo eleitoral.<\/p>\n<p style=\"text-align: justify;\">N\u00e3o identificamos quest\u00f5es pass\u00edvel de recurso!<\/p>\n<p>Antes de come\u00e7ar, gostaria de deixar aqui o link de uma s\u00e9rie de dicas focadas no pr\u00f3ximo concurso eleitoral, o concurso do TRE-RJ. Confira:<\/p>\n<p><a href=\"https:\/\/www.youtube.com\/watch?v=BMzLNBcMC8s&amp;list=PLBPsgNao27CdAozz9edWhIbzMy0d4wzHh\">DICAS DE CONTE\u00daDOS PARA O TRE-RJ<\/a><\/p>\n<p style=\"text-align: justify;\">Vamos l\u00e1, a come\u00e7ar por regimento interno:<\/p>\n<h1 style=\"text-align: justify;\">Regimento Interno<\/h1>\n<p style=\"text-align: justify;\"><strong>Q17. TRE-PR\/TJAA\/2017<\/strong><\/p>\n<p style=\"text-align: justify;\">Considere os itens abaixo.<\/p>\n<p>I. A\u00e7\u00e3o de impugna\u00e7\u00e3o de mandato eletivo origin\u00e1ria.<\/p>\n<p>II. A\u00e7\u00e3o de impugna\u00e7\u00e3o de mandato eletivo em grau de recurso.<\/p>\n<p style=\"text-align: justify;\">III. Embargos de declara\u00e7\u00e3o.<\/p>\n<p>IV. Recurso contra a expedi\u00e7\u00e3o de diploma.<\/p>\n<p>V. Delibera\u00e7\u00e3o do Tribunal sobre recebimento de den\u00fancia no julgamento das a\u00e7\u00f5es penais origin\u00e1rias.<\/p>\n<p style=\"text-align: justify;\">Sujeitam-se \u00e0 revis\u00e3o APENAS o que consta nos itens<\/p>\n<p style=\"text-align: justify;\">(A) I, III, IV e V.<\/p>\n<p style=\"text-align: justify;\">(B) II, III, IV e V.<\/p>\n<p style=\"text-align: justify;\">(C) I, II e IV.<\/p>\n<p style=\"text-align: justify;\">(D) I, III e V.<\/p>\n<p style=\"text-align: justify;\">(E) II, III e IV.<\/p>\n<p style=\"text-align: justify;\"><strong>Coment\u00e1rios<\/strong><\/p>\n<p style=\"text-align: justify; padding-left: 30px;\">Essa quest\u00e3o cobrou o art. 54, do Regimento Interno. Para responde-la bastava lembrar do nosso esquema de aula:<\/p>\n<p style=\"text-align: justify; padding-left: 30px;\">Os itens I e II est\u00e3o corretos, vejamos o inciso II, do art. 54:<\/p>\n<p style=\"text-align: justify; padding-left: 30px;\">Art. 54. <strong><u>Sujeitam-se \u00e0 revis\u00e3o<\/u><\/strong> os seguintes processos:<\/p>\n<p style=\"text-align: justify; padding-left: 30px;\">II \u2013 <u>a\u00e7\u00e3o de impugna\u00e7\u00e3o de mandato eletivo (AIME)<\/u>, origin\u00e1ria ou em grau de recurso;<\/p>\n<p style=\"text-align: justify; padding-left: 30px;\">O item III est\u00e1 incorreto, pois n\u00e3o consta no art. 54.<\/p>\n<p style=\"text-align: justify; padding-left: 30px;\">O Item IV est\u00e1 correto, pois de acordo com o art. 54, I, cabe revis\u00e3o no RCED.<\/p>\n<p style=\"text-align: justify; padding-left: 30px;\">O item V est\u00e1 incorreto, pois n\u00e3o \u00e9 caso de revis\u00e3o.<\/p>\n<p style=\"text-align: justify; padding-left: 30px;\">Assim, a <strong>alternativa C<\/strong> est\u00e1 correta e \u00e9 o gabarito da quest\u00e3o.<\/p>\n<p style=\"text-align: justify;\"><strong>Q18. TRE-PR\/TJAA\/2017<\/strong><\/p>\n<p style=\"text-align: justify;\">Quanto aos recursos que podem ser interpostos ao TRE\/PR, seu Regimento Interno disp\u00f5e que<\/p>\n<p style=\"text-align: justify;\">(A) a parte que se considerar prejudicada por decis\u00e3o administrativa do Presidente poder\u00e1 interpor recurso de decis\u00f5es monocr\u00e1ticas terminativas de que manifestamente resultar, ou puder resultar, restri\u00e7\u00e3o de direito.<\/p>\n<p style=\"text-align: justify;\">(B) cabe recurso especial contra denega\u00e7\u00e3o de mandado de seguran\u00e7a.<\/p>\n<p style=\"text-align: justify;\">(C) caber\u00e1 apenas embargos de declara\u00e7\u00e3o contra atos sem conte\u00fado decis\u00f3rio.<\/p>\n<p style=\"text-align: justify;\">(D) o recurso dever\u00e1 ser interposto no prazo de cinco dias da publica\u00e7\u00e3o do ato, resolu\u00e7\u00e3o ou decis\u00e3o nos casos em que a lei n\u00e3o fixar um prazo especial.<\/p>\n<p style=\"text-align: justify;\">(E) o agravo regimental ser\u00e1 submetido ao prolator da decis\u00e3o, que poder\u00e1 reconsider\u00e1-la ou submeter o agravo ao julgamento do Tribunal, desde que inclu\u00eddo previamente em pauta.<\/p>\n<p style=\"text-align: justify;\"><strong>Coment\u00e1rios<\/strong><\/p>\n<p style=\"text-align: justify; padding-left: 30px;\">A <strong>alternativa A<\/strong> est\u00e1 correta e \u00e9 o gabarito da quest\u00e3o, com base no art. 135, \u00a7 1\u00ba, do RI.<\/p>\n<p style=\"text-align: justify; padding-left: 30px;\">Art.135. A parte que se considerar prejudicada por <strong>decis\u00e3o administrativa do Presidente ou do Corregedor Regional<\/strong> dela poder\u00e1 interpor <strong><u>recurso<\/u><\/strong>.<\/p>\n<p style=\"text-align: justify; padding-left: 30px;\">1\u00ba <strong><u>S\u00e3o recorr\u00edveis apenas as decis\u00f5es monocr\u00e1ticas terminativas de que manifestamente resultar, ou puder resultar, restri\u00e7\u00e3o de direito ou prerrogati<\/u><\/strong><u>va<\/u>, determina\u00e7\u00e3o de conduta ou anula\u00e7\u00e3o de ato ou decis\u00e3o, nos casos de processo disciplinar, reclama\u00e7\u00e3o disciplinar, representa\u00e7\u00e3o por excesso de prazo, procedimento de controle administrativo ou pedido de provid\u00eancias.<\/p>\n<p style=\"text-align: justify; padding-left: 30px;\">A <strong>alternativa B<\/strong> est\u00e1 incorreta, pois no caso de decis\u00e3o denegat\u00f3ria de mandado de seguran\u00e7a cabe recurso ordin\u00e1rio, conforme o art. 141, II, c, do RI.<\/p>\n<p style=\"text-align: justify; padding-left: 30px;\">A <strong>alternativa C<\/strong> est\u00e1 incorreta, pois n\u00e3o cabe recurso contra atos sem conte\u00fado decis\u00f3rio, conforme prescreve o art. 130, \u00a7 2\u00ba, do RI.<\/p>\n<p style=\"text-align: justify; padding-left: 30px;\">A <strong>alternativa D<\/strong> est\u00e1 incorreta. O prazo do recurso \u00e9 de 3 dias e n\u00e3o 5. Vejamos o dispositivo regimental que fundamenta a quest\u00e3o:<\/p>\n<p style=\"text-align: justify; padding-left: 30px;\">Art. 131. Sempre que a lei n\u00e3o fixar prazo especial, <u>o recurso dever\u00e1 ser interposto no prazo de <strong>03 (tr\u00eas) dias<\/strong> da publica\u00e7\u00e3o do ato, resolu\u00e7\u00e3o ou decis\u00e3o.<\/u><\/p>\n<p style=\"text-align: justify; padding-left: 30px;\">A <strong>alternativa E <\/strong>est\u00e1 incorreta. O julgamento do agravo regimental independe de inclus\u00e3o em pauta. Vejamos o art. 134, do RI.<\/p>\n<p style=\"text-align: justify; padding-left: 30px;\">Art. 134. O agravo regimental ser\u00e1 submetido ao prolator da decis\u00e3o, que poder\u00e1 reconsider\u00e1-la ou submeter o agravo ao julgamento do Tribunal, independentemente de inclus\u00e3o em pauta, computando-se o pr\u00f3prio voto.<\/p>\n<h1 style=\"text-align: justify; padding-left: 30px;\">Pessoa com Defici\u00eancia<\/h1>\n<p style=\"text-align: justify;\"><strong>Q19. TRE-PR\/TJAA\/2017<\/strong><\/p>\n<p style=\"text-align: justify;\">As disposi\u00e7\u00f5es gerais da Lei n\u00ba 13.146\/15, que instituiu o Estatuto da Pessoa com Defici\u00eancia, estabelece que<\/p>\n<p style=\"text-align: justify;\">(A) acessibilidade \u00e9 um conceito ligado a produtos, equipamentos, dispositivos e outros que objetivem qualidade de vida e inclus\u00e3o social.<\/p>\n<p style=\"text-align: justify;\">(B) pessoas com crian\u00e7a de colo n\u00e3o est\u00e3o inclu\u00eddas no conceito de \u201cpessoa com mobilidade reduzida\u201d.<\/p>\n<p style=\"text-align: justify;\">(C) a avalia\u00e7\u00e3o da defici\u00eancia obrigatoriamente ser\u00e1 biopsicossocial e ser\u00e1 realizada por equipe multiprofissional e interdisciplinar.<\/p>\n<p style=\"text-align: justify;\">(D) qualquer entrave que limite ou impe\u00e7a o exerc\u00edcio de direitos como acessibilidade e liberdade de movimento s\u00e3o denominados barreiras.<\/p>\n<p style=\"text-align: justify;\">(E) barreira urban\u00edstica s\u00e3o os entraves existentes nos edif\u00edcios p\u00fablicos e privados.<\/p>\n<p style=\"text-align: justify;\"><strong>Coment\u00e1rios<\/strong><\/p>\n<p style=\"text-align: justify; padding-left: 30px;\">A <strong>alternativa A<\/strong> est\u00e1 incorreta, pois se trata do conceito de tecnologia assistiva ou ajuda t\u00e9cnica, previsto no art. 3\u00ba, do Estatuto:<\/p>\n<p style=\"text-align: justify; padding-left: 30px;\">III &#8211; <strong><u>tecnologia assistiva ou ajuda t\u00e9cnica<\/u><\/strong>: produtos, equipamentos, dispositivos, recursos, metodologias, estrat\u00e9gias, pr\u00e1ticas e servi\u00e7os que objetivem promover a funcionalidade, relacionada \u00e0 atividade e \u00e0 participa\u00e7\u00e3o da pessoa com defici\u00eancia ou com mobilidade reduzida, visando \u00e0 sua autonomia, independ\u00eancia, qualidade de vida e inclus\u00e3o social;<\/p>\n<p style=\"text-align: justify; padding-left: 30px;\">A <strong>alternativa B<\/strong> est\u00e1 incorreta. A pessoa com crian\u00e7a de colo \u00e9 considerada com mobilidade reduzida, veja outro inciso do art. 3\u00ba:<\/p>\n<p style=\"text-align: justify; padding-left: 30px;\">IX &#8211; <strong><u>pessoa com mobilidade reduzida<\/u><\/strong>: aquela que tenha, por qualquer motivo, dificuldade de movimenta\u00e7\u00e3o, permanente ou tempor\u00e1ria, gerando redu\u00e7\u00e3o efetiva da mobilidade, da flexibilidade, da coordena\u00e7\u00e3o motora ou da percep\u00e7\u00e3o, incluindo idoso, gestante, lactante, pessoa com crian\u00e7a de colo e obeso;<\/p>\n<p style=\"text-align: justify; padding-left: 30px;\">A <strong>alternativa C<\/strong> est\u00e1 incorreta. De acordo com o art. 2\u00ba, \u00a7 1\u00ba, do Estatuto, a avalia\u00e7\u00e3o ser\u00e1 biopsicossocial quando necess\u00e1rio.<\/p>\n<p style=\"text-align: justify; padding-left: 30px;\">1<u><sup>o<\/sup><\/u>A <strong><u>avalia\u00e7\u00e3o da defici\u00eancia<\/u><\/strong>, quando necess\u00e1ria, ser\u00e1 biopsicossocial, realizada por equipe multiprofissional e interdisciplinar e considerar\u00e1:<\/p>\n<p style=\"text-align: justify; padding-left: 30px;\">A <strong>alternativa D<\/strong> est\u00e1 correta e \u00e9 o gabarito da quest\u00e3o, pois est\u00e1 de acordo com o art. 4\u00ba, IV, do Estatuto. Vejamos um esquema de aula sobre o assunto.<\/p>\n<p style=\"text-align: justify; padding-left: 30px;\">A <strong>alternativa E<\/strong> est\u00e1 incorreta, pois esse \u00e9 o conceito de barreira arquitet\u00f4nica.<\/p>\n<p style=\"text-align: justify;\"><strong>Q20. TRE-PR\/TJAA\/2017<\/strong><\/p>\n<p style=\"text-align: justify;\">A Lei n\u00ba 13.146\/15 disciplina o reconhecimento de igual perante a lei das pessoas com defici\u00eancia. Nesse contexto est\u00e1 inserido a curatela, sobre a qual a Lei n\u00ba 13.146\/15 estabelece que<\/p>\n<p style=\"text-align: justify;\">(A) a curatela alcan\u00e7a atos relacionados a todos os direitos ligados \u00e0 pessoa com defici\u00eancia.<\/p>\n<p style=\"text-align: justify;\">(B) para a emiss\u00e3o de documentos oficiais \u00e9 exigida a situa\u00e7\u00e3o de curatela da pessoa com defici\u00eancia.<\/p>\n<p style=\"text-align: justify;\">(C) a submiss\u00e3o da pessoa deficiente \u00e0 curatela \u00e9 obrigat\u00f3ria.<\/p>\n<p style=\"text-align: justify;\">(D) os curadores s\u00e3o obrigados a prestar contas anualmente de sua administra\u00e7\u00e3o ao Minist\u00e9rio P\u00fablico.<\/p>\n<p style=\"text-align: justify;\">(E) a defini\u00e7\u00e3o de curatela de pessoa com defici\u00eancia constitui medida protetiva extraordin\u00e1ria e durar\u00e1 o menor tempo poss\u00edvel.<\/p>\n<p style=\"text-align: justify;\"><strong>Coment\u00e1rios<\/strong><\/p>\n<p style=\"padding-left: 30px;\">A <strong>alternativa A<\/strong> est\u00e1 incorreta, pois a curatela alcan\u00e7a apenas atos patrimoniais e negociais da vida da pessoa com defici\u00eancia, conforme o art. 85, do Estatuto.<\/p>\n<p style=\"padding-left: 30px;\">Art. 85. \u00a0A curatela afetar\u00e1 <strong>T\u00c3O SOMENTE<\/strong> os <strong>atos relacionados aos direitos de natureza patrimonial e negocial<\/strong>.<\/p>\n<p style=\"padding-left: 30px;\">A <strong>alternativa B<\/strong> est\u00e1 incorreta, pois h\u00e1 dispositivo expresso dizendo que n\u00e3o \u00e9 necess\u00e1ria a curatela para a emiss\u00e3o de documentos oficiais. Vejamos o art. 86.<\/p>\n<p style=\"padding-left: 30px;\">Art. 86. \u00a0<strong>Para emiss\u00e3o de documentos oficiais<\/strong>, <strong>N\u00c3O <\/strong>ser\u00e1 exigida a situa\u00e7\u00e3o de <strong>curatela<\/strong> da pessoa com defici\u00eancia.<\/p>\n<p style=\"padding-left: 30px;\">A <strong>alternativa C<\/strong> est\u00e1 incorreta, a submiss\u00e3o \u00e0 curatela \u00e9 medida extraordin\u00e1ria, conforme art. 86, \u00a7 2\u00ba. Dessa forma, n\u00e3o se fala em obrigatoriedade da medida.<\/p>\n<p style=\"padding-left: 30px;\">A <strong>alternativa D<\/strong> est\u00e1 incorreta. De acordo com o art. 84, \u00a74\u00ba, a presta\u00e7\u00e3o de contas do curador \u00e9 feito ao juiz.<\/p>\n<p style=\"padding-left: 30px;\">4<u><sup>o<\/sup><\/u>Os curadores s\u00e3o obrigados a prestar, anualmente, contas de sua administra\u00e7\u00e3o ao juiz, apresentando o balan\u00e7o do respectivo ano.<\/p>\n<p style=\"padding-left: 30px;\">A <strong>alternativa E<\/strong> est\u00e1 correta e \u00e9 o gabarito da quest\u00e3o, de acordo com o \u00a7 2\u00ba, do art. 85, do Estatuto da Pessoa com Defici\u00eancia.<\/p>\n<p style=\"padding-left: 30px;\">2<u><sup>o<\/sup><\/u>A curatela constitui <strong>medida extraordin\u00e1ria<\/strong>, devendo constar da senten\u00e7a as raz\u00f5es e motiva\u00e7\u00f5es de sua defini\u00e7\u00e3o, preservados os interesses do curatelado.<\/p>\n<h1 style=\"padding-left: 30px;\">No\u00e7\u00f5es de Direito Eleitoral<\/h1>\n<p style=\"text-align: justify;\"><strong>Q45. TRE-PR\/TJAA\/2017<\/strong><\/p>\n<p style=\"text-align: justify;\">Certo Advogado, consultado sobre a possibilidade, em tese, da candidatura de pessoas processadas por condutas criminosas, informa aos consulentes que a Lei de Inelegibilidade prev\u00ea, no art. 1o, I, \u201ce\u201d, que a condena\u00e7\u00e3o transitada em julgado ou proferida por \u00d3rg\u00e3o Judicial Colegiado pela pr\u00e1tica dos crimes que menciona gera a inelegibilidade desde a condena\u00e7\u00e3o at\u00e9 o transcurso do prazo de 8 anos ap\u00f3s o cumprimento da pena. Informa, tamb\u00e9m, que a mesma lei prev\u00ea que a inelegibilidade prevista no mencionado dispositivo n\u00e3o se aplica aos crimes<\/p>\n<p style=\"text-align: justify;\">(A) definidos em lei como de menor potencial ofensivo, apenas.<\/p>\n<p style=\"text-align: justify;\">(B) aos crimes culposos apenados exclusivamente com multa e aos crimes de a\u00e7\u00e3o penal privada, apenas.<\/p>\n<p style=\"text-align: justify;\">(C) culposos, apenas.<\/p>\n<p style=\"text-align: justify;\">(D) culposos e \u00e0queles definidos em lei como de menor potencial ofensivo, nem aos crimes de a\u00e7\u00e3o penal privada.<\/p>\n<p style=\"text-align: justify;\">(E) de a\u00e7\u00e3o penal privada, apenas.<\/p>\n<p style=\"text-align: justify;\"><strong>Coment\u00e1rios<\/strong><\/p>\n<p style=\"text-align: justify; padding-left: 30px;\">A quest\u00e3o cobrou o \u00a7 4\u00ba, do art. 1\u00ba, da LI.<\/p>\n<p style=\"text-align: justify; padding-left: 30px;\">4o A inelegibilidade prevista na al\u00ednea e do inciso I deste artigo <strong><u>n\u00e3o se aplica<\/u><\/strong> aos <u>crimes culposos e \u00e0queles definidos em lei como de menor potencial ofensivo, nem aos crimes de a\u00e7\u00e3o penal privada<\/u>.<\/p>\n<p style=\"text-align: justify; padding-left: 30px;\">Portanto, a <strong>alternativa D<\/strong> est\u00e1 correta e \u00e9 o gabarito da quest\u00e3o.<\/p>\n<p style=\"text-align: justify;\"><strong>Q46. TRE-PR\/TJAA\/2017<\/strong><\/p>\n<p style=\"text-align: justify;\">Laura \u00e9 eleitora de determinada zona rural no Munic\u00edpio X, distante tal zona quase 2 quil\u00f4metros do local de vota\u00e7\u00e3o, situado no mesmo Munic\u00edpio. Ela tem conhecimento de que, em um Munic\u00edpio rural vizinho, houve o transporte gratuito de eleitores, no dia da elei\u00e7\u00e3o, por ve\u00edculos e embarca\u00e7\u00f5es pertencentes \u00e0 Uni\u00e3o. Imaginando que a mesma situa\u00e7\u00e3o pudesse acontecer no seu Munic\u00edpio, ficou com receio de que a utiliza\u00e7\u00e3o de ve\u00edculos e embarca\u00e7\u00f5es pertencentes \u00e0 Uni\u00e3o, Estados e Munic\u00edpios n\u00e3o seja suficiente para atender a todos e que ela e outros eleitores corram o risco de n\u00e3o conseguir votar. No Munic\u00edpio de Laura, de acordo com a Lei no 6.091\/1974,<\/p>\n<p style=\"text-align: justify;\">(A) poder\u00e1 haver o fornecimento de transporte de eleitores no dia das elei\u00e7\u00f5es pelos ve\u00edculos e embarca\u00e7\u00f5es pertencentes \u00e0 Uni\u00e3o, Estados e Munic\u00edpio e suas respectivas autarquias e sociedades de economia mista e, se n\u00e3o forem suficientes para atender a todos os eleitores, a Justi\u00e7a Eleitoral, excepcionalmente, requisitar\u00e1 ve\u00edculos e embarca\u00e7\u00f5es de uso militar.<\/p>\n<p style=\"text-align: justify;\">(B) poder\u00e1 haver o fornecimento de transporte de eleitores no dia das elei\u00e7\u00f5es pelos ve\u00edculos e embarca\u00e7\u00f5es pertencentes \u00e0 Uni\u00e3o, Estados e Munic\u00edpio e suas respectivas autarquias e sociedades de economia mista e, se n\u00e3o forem suficientes para atender a todos os eleitores, poder\u00e1 haver o oferecimento de transporte, gratuitamente, por candidatos e partidos pol\u00edticos.<\/p>\n<p style=\"text-align: justify;\">(C) n\u00e3o poder\u00e1 haver o fornecimento de transporte de eleitores no dia das elei\u00e7\u00f5es pelos ve\u00edculos e embarca\u00e7\u00f5es pertencentes apenas \u00e0 Uni\u00e3o, podendo ser utilizados os ve\u00edculos e embarca\u00e7\u00f5es pertencentes aos Estados e Munic\u00edpios e, se n\u00e3o forem suficientes para atender a todos os eleitores, estes eximem-se do dever de votar.<\/p>\n<p style=\"text-align: justify;\">(D) poder\u00e1 haver o fornecimento de transporte de eleitores no dia das elei\u00e7\u00f5es pelos ve\u00edculos e embarca\u00e7\u00f5es pertencentes \u00e0 Uni\u00e3o, Estados e Munic\u00edpio e suas respectivas autarquias e sociedades de economia mista e, se n\u00e3o forem suficientes para atender a todos os eleitores, a Justi\u00e7a Eleitoral requisitar\u00e1 ve\u00edculos e embarca\u00e7\u00f5es a particulares, de prefer\u00eancia de aluguel.<\/p>\n<p style=\"text-align: justify;\">(E) n\u00e3o poder\u00e1 haver o fornecimento de transporte de eleitores no dia das elei\u00e7\u00f5es pelos ve\u00edculos e embarca\u00e7\u00f5es pertencentes \u00e0 Uni\u00e3o, Estados e Munic\u00edpio e suas respectivas autarquias e sociedades de economia mista.<\/p>\n<p style=\"text-align: justify;\"><strong>Coment\u00e1rios<\/strong><\/p>\n<p style=\"text-align: justify; padding-left: 30px;\">No caso descrito no enunciado da quest\u00e3o n\u00e3o haver\u00e1 transporte de eleitores no dia das elei\u00e7\u00f5es porque a zona rural est\u00e1 a menos de 2 km das mesas receptoras. Vejamos o art. 4\u00ba, \u00a7 1\u00ba, da Lei n\u00ba 6.091\/74:<\/p>\n<p style=\"text-align: justify; padding-left: 30px;\">Art. 4\u00ba Quinze dias antes do pleito, a Justi\u00e7a Eleitoral divulgar\u00e1, pelo \u00f3rg\u00e3o competente, o quadro geral de percursos e hor\u00e1rios programados para o transporte de eleitores, dele fornecendo c\u00f3pias aos partidos pol\u00edticos.<\/p>\n<p style=\"text-align: justify; padding-left: 30px;\">1\u00ba O transporte de eleitores somente ser\u00e1 feito dentro dos limites territoriais do respectivo munic\u00edpio e quando das zonas rurais para as mesas receptoras <strong><u>distar pelo menos dois quil\u00f4metros<\/u><\/strong>.<\/p>\n<p style=\"text-align: justify; padding-left: 30px;\">Portanto, a <strong>alternativa E<\/strong> est\u00e1 correta e \u00e9 o gabarito da quest\u00e3o.<\/p>\n<p style=\"text-align: justify;\"><strong>Q47. TRE-PR\/TJAA\/2017<\/strong><\/p>\n<p style=\"text-align: justify;\">Adele, candidata a Deputada Estadual, com a inten\u00e7\u00e3o de realizar propaganda eleitoral, colou, dentro do per\u00edodo permitido por lei, um adesivo na extens\u00e3o total do para-brisa traseiro de seu carro. Diante da situa\u00e7\u00e3o, a conduta de Adele est\u00e1<\/p>\n<p style=\"text-align: justify;\">(A) de acordo com a legisla\u00e7\u00e3o eleitoral, desde que o adesivo colado seja microperfurado.<\/p>\n<p style=\"text-align: justify;\">(B) em desacordo com a legisla\u00e7\u00e3o eleitoral, pois a propaganda em ve\u00edculos por meio de adesivos \u00e9 permitida apenas quando realizada em outras posi\u00e7\u00f5es, at\u00e9 a dimens\u00e3o m\u00e1xima de 40 por 30 cent\u00edmetros.<\/p>\n<p style=\"text-align: justify;\">(C) em desacordo com a legisla\u00e7\u00e3o eleitoral, pois a propaganda em ve\u00edculos por meio de adesivos deve possuir a dimens\u00e3o m\u00e1xima de 50 por 40 cent\u00edmetros, n\u00e3o podendo estender-se at\u00e9 o total do para-brisa traseiro.<\/p>\n<p style=\"text-align: justify;\">(D) em desacordo com a legisla\u00e7\u00e3o eleitoral, pois \u00e9 proibida a realiza\u00e7\u00e3o de qualquer tipo de propaganda em ve\u00edculos.<\/p>\n<p style=\"text-align: justify;\">(E) de acordo com a legisla\u00e7\u00e3o eleitoral, porque n\u00e3o h\u00e1 nenhuma exig\u00eancia ou proibi\u00e7\u00e3o desse tipo de propaganda.<\/p>\n<p style=\"text-align: justify;\"><strong>Coment\u00e1rios<\/strong><\/p>\n<p style=\"text-align: justify; padding-left: 30px;\">A quest\u00e3o cobrou um par\u00e1grafo espec\u00edfico do art. 37, da Lei das Elei\u00e7\u00f5es. Vejamos o \u00a7 4\u00ba:<\/p>\n<p style=\"text-align: justify; padding-left: 30px;\">4\u00ba \u00c9 proibido colar propaganda eleitoral em ve\u00edculos, <strong><u>exceto adesivos microperfurados at\u00e9 a extens\u00e3o total do para-brisa traseiro<\/u><\/strong> e, em outras posi\u00e7\u00f5es, adesivos at\u00e9 a dimens\u00e3o m\u00e1xima fixada no \u00a7 3o.<\/p>\n<p style=\"text-align: justify; padding-left: 30px;\">Assim, se o adesivo for microperfurado \u00e9 poss\u00edvel colar at\u00e9 a extens\u00e3o total do para-brisa.<\/p>\n<p style=\"text-align: justify; padding-left: 30px;\">Assim, a <strong>alternativa A<\/strong> est\u00e1 correta e \u00e9 o gabarito da quest\u00e3o.<\/p>\n<p style=\"text-align: justify;\"><strong>Q48. TRE-PR\/TJAA\/2017<\/strong><\/p>\n<p style=\"text-align: justify;\">Claudionor candidata-se \u00e0 Presid\u00eancia da Rep\u00fablica, Heriberto \u00e0 C\u00e2mara dos Deputados e Lucimara \u00e0 Assembleia Legislativa do seu Estado, por partidos pol\u00edticos distintos, mas unidos em regular coliga\u00e7\u00e3o. Nessa situa\u00e7\u00e3o, Claudionor concorrer\u00e1<\/p>\n<p style=\"text-align: justify;\">(A) com o n\u00famero identificador do partido ao qual est\u00e1 filiado; Heriberto com o n\u00famero do partido ao qual est\u00e1 filiado, acrescido de dois algarismos \u00e0 direita; e Lucimara, com o n\u00famero do partido a que est\u00e1 filiada acrescido de tr\u00eas algarismos \u00e0 direita.<\/p>\n<p style=\"text-align: justify;\">(B) com o n\u00famero identificador do partido ao qual estiver filiado; Heriberto com o mesmo n\u00famero com o qual concorre Claudionor, acrescido de dois algarismos \u00e0 direita; e Lucimara com o mesmo n\u00famero do partido de Claudionor, acrescido de tr\u00eas algarismos \u00e0 direita.<\/p>\n<p style=\"text-align: justify;\">(C) com o n\u00famero de qualquer um dos partidos que comp\u00f5em a coliga\u00e7\u00e3o pela qual ele se candidata; Heriberto com o n\u00famero de qualquer dos partidos componentes da coliga\u00e7\u00e3o pela qual se candidata acrescido de tr\u00eas algarismos \u00e0 direita; e Lucimara, com o n\u00famero do partido de qualquer dos partidos componentes da coliga\u00e7\u00e3o pela qual se candidata acrescido de quatro algarismos \u00e0 direita.<\/p>\n<p style=\"text-align: justify;\">(D) com o n\u00famero de qualquer um dos partidos que comp\u00f5em a coliga\u00e7\u00e3o pela qual ele se candidata; Heriberto com o n\u00famero do partido ao qual est\u00e1 filiado, acrescido de dois algarismos \u00e0 direita; e Lucimara, com o n\u00famero do partido a que est\u00e1 filiada acrescido de tr\u00eas algarismos \u00e0 direita.<\/p>\n<p style=\"text-align: justify;\">(E) com o n\u00famero de qualquer um dos partidos que comp\u00f5em a coliga\u00e7\u00e3o pela qual ele se candidata; Heriberto com o n\u00famero do partido ao qual est\u00e1 filiado, acrescido de um algarismo \u00e0 direita; e Lucimara, com o n\u00famero do partido a que est\u00e1 filiada acrescido de dois algarismos \u00e0 direita.<\/p>\n<p style=\"text-align: justify;\"><strong>Coment\u00e1rios<\/strong><\/p>\n<p style=\"text-align: justify; padding-left: 30px;\">A quest\u00e3o cobrou o art. 15, da Lei das Elei\u00e7\u00f5es. Vejamos o dispositivo:<\/p>\n<p style=\"text-align: justify; padding-left: 30px;\">Art. 15. A identifica\u00e7\u00e3o num\u00e9rica dos candidatos se dar\u00e1 mediante a observa\u00e7\u00e3o dos seguintes crit\u00e9rios:<\/p>\n<p style=\"text-align: justify; padding-left: 30px;\">I \u2013 os candidatos aos <strong><u>cargos majorit\u00e1rios<\/u><\/strong> concorrer\u00e3o com o <u>n\u00famero identificador do partido<\/u> ao qual estiverem filiados;<\/p>\n<p style=\"text-align: justify; padding-left: 30px;\">II \u2013 os <strong><u>candidatos \u00e0 C\u00e2mara dos Deputados<\/u><\/strong> concorrer\u00e3o com o <u>n\u00famero do partido<\/u> ao qual estiverem filiados, <u>acrescido de dois algarismos \u00e0 direita<\/u>;<\/p>\n<p style=\"text-align: justify; padding-left: 30px;\">III \u2013 os <strong><u>candidatos \u00e0s Assembl\u00e9ias Legislativas<\/u><\/strong> e \u00e0 C\u00e2mara Distrital concorrer\u00e3o com o <u>n\u00famero do partido<\/u> ao qual estiverem filiados <u>acrescido de tr\u00eas algarismos \u00e0 direita<\/u>;<\/p>\n<p style=\"text-align: justify; padding-left: 30px;\">No nosso caso pr\u00e1tico:<\/p>\n<p style=\"text-align: justify; padding-left: 30px;\">Claudionor concorrer\u00e1 com o n\u00famero identificador do partido.<\/p>\n<p style=\"text-align: justify; padding-left: 30px;\">Heriberto concorrer\u00e1 com o n\u00famero do partido acrescido de dois algoritmos \u00e0 direita.<\/p>\n<p style=\"text-align: justify; padding-left: 30px;\">Lucimara concorrer\u00e1 com o n\u00famero do partido acrescido de tr\u00eas algoritmos \u00e0 direita.<\/p>\n<p style=\"text-align: justify; padding-left: 30px;\">Dessa forma, a <strong>alternativa A<\/strong> est\u00e1 correta e \u00e9 o gabarito da quest\u00e3o.<\/p>\n<p style=\"text-align: justify;\"><strong>Q49. TRE-PR\/TJAA\/2017<\/strong><\/p>\n<p style=\"text-align: justify;\">O Partido Pol\u00edtico X tem 4 representantes na C\u00e2mara dos Deputados e nenhum no Senado. O Partido Pol\u00edtico Y tem apenas um representante na C\u00e2mara dos Deputados e nenhum no Senado. O Partido Pol\u00edtico Z n\u00e3o tem nenhum representante na C\u00e2mara dos Deputados, nem no Senado. De acordo com a Lei dos Partidos Pol\u00edticos, o Partido X<\/p>\n<p style=\"text-align: justify;\">(A) e o Partido Y, t\u00eam direito, cada um, \u00e0 realiza\u00e7\u00e3o de um programa a cada semestre, exibido em cadeia nacional, relacionado \u00e0 propaganda partid\u00e1ria, com a dura\u00e7\u00e3o de 10 minutos, o mesmo direito cabendo ao Partido Z, cujo programa dever\u00e1 observar a dura\u00e7\u00e3o de 5 minutos.<\/p>\n<p style=\"text-align: justify;\">(B) e o Partido Y, apenas, t\u00eam direito, cada um, \u00e0 realiza\u00e7\u00e3o de um programa, a cada semestre, relacionado \u00e0 propaganda partid\u00e1ria, com a dura\u00e7\u00e3o de 5 minutos, exibido em cadeia nacional.<\/p>\n<p style=\"text-align: justify;\">(C) e o Partido Z, bem como o Partido Y n\u00e3o t\u00eam direito \u00e0 realiza\u00e7\u00e3o da propaganda partid\u00e1ria pois n\u00e3o t\u00eam representantes no Senado.<\/p>\n<p style=\"text-align: justify;\">(D) e o Partido Y, apenas, t\u00eam direito, cada um, \u00e0 realiza\u00e7\u00e3o de um programa a cada semestre, relacionado \u00e0 propaganda partid\u00e1ria, com a dura\u00e7\u00e3o de 10 minutos, exibido em cadeia nacional.<\/p>\n<p style=\"text-align: justify;\">(E) tem direito \u00e0 realiza\u00e7\u00e3o de um programa a cada semestre, exibido em cadeia nacional, relacionado \u00e0 propaganda partid\u00e1ria, com a dura\u00e7\u00e3o de 10 minutos, cabendo aos Partidos Y e Z a exibi\u00e7\u00e3o da propaganda partid\u00e1ria em programa com a dura\u00e7\u00e3o de 5 minutos, exibido em cadeia nacional.<\/p>\n<p style=\"text-align: justify;\"><strong>Coment\u00e1rios<\/strong><\/p>\n<p style=\"text-align: justify; padding-left: 30px;\">Para responder a quest\u00e3o \u00e9 necess\u00e1rio conhecer o art. 49, da Lei dos Partidos Pol\u00edticos, recentemente alterado pela Lei n\u00ba 13.165\/2015.<\/p>\n<p style=\"text-align: justify; padding-left: 30px;\">Art. 49.\u00a0 Os partidos com pelo menos um representante em qualquer das Casas do Congresso Nacional t\u00eam assegurados os seguintes direitos relacionados \u00e0 propaganda partid\u00e1ria:<\/p>\n<p style=\"text-align: justify; padding-left: 30px;\">I &#8211; a <u>realiza\u00e7\u00e3o de um programa a cada semestre, em cadeia nacional<\/u>, com dura\u00e7\u00e3o de:<\/p>\n<p style=\"text-align: justify; padding-left: 30px;\">a) <u>cinco minutos cada<\/u>, para os partidos que <strong><u>tenham eleito at\u00e9 quatro Deputados Federais<\/u><\/strong>;<\/p>\n<p style=\"text-align: justify; padding-left: 30px;\">b) dez minutos cada, para os partidos que tenham eleito cinco ou mais Deputados Federais;<\/p>\n<p style=\"text-align: justify; padding-left: 30px;\">Assim, o partido X e Y, que possuem AT\u00c9 4 Deputados eleitos, ter\u00e3o direito a 5 minutos de programa a cada semestre, em cadeia nacional. O partido Z n\u00e3o ter\u00e1 direito ao tempo de propaganda, pois n\u00e3o possui Deputado eleito.<\/p>\n<p style=\"text-align: justify; padding-left: 30px;\">Assim, a <strong>alternativa B<\/strong> est\u00e1 correta e \u00e9 o gabarito da quest\u00e3o.<\/p>\n<p style=\"text-align: justify;\"><strong>Q50. TRE-PR\/TJAA\/2017<\/strong><\/p>\n<p style=\"text-align: justify;\">Considere:<\/p>\n<p style=\"text-align: justify;\">1. Tiago \u00e9 alfabetizado e alist\u00e1vel, mas n\u00e3o providenciou seu alistamento como eleitor, e pretende candidatar-se a deputado estadual nas elei\u00e7\u00f5es que ocorrer\u00e3o no pr\u00f3ximo ano.<\/p>\n<p style=\"text-align: justify;\">2. Vander \u00e9 juiz aposentado compulsoriamente por decis\u00e3o sancionat\u00f3ria definitiva h\u00e1 5 anos e pretende candidatar-se a vereador nas elei\u00e7\u00f5es que ocorrer\u00e3o no pr\u00f3ximo ano.<\/p>\n<p style=\"text-align: justify;\">Tiago<\/p>\n<p style=\"text-align: justify;\">(A) n\u00e3o poder\u00e1 ser candidato porque n\u00e3o \u00e9 eleitor; e Vander n\u00e3o poder\u00e1 ser candidato porque \u00e9 ineleg\u00edvel.<\/p>\n<p style=\"text-align: justify;\">(B) poder\u00e1 ser candidato a deputado estadual porque para tanto basta ser alist\u00e1vel; e Vander poder\u00e1 ser candidato porque \u00e9 eleg\u00edvel.<\/p>\n<p style=\"text-align: justify;\">(C) n\u00e3o poder\u00e1 ser candidato, por n\u00e3o ser eleitor, embora ele seja alist\u00e1vel; e Vander poder\u00e1 ser candidato se at\u00e9 o dia do pleito tiver passado mais de 6 anos da data da decis\u00e3o sancionat\u00f3ria, o que o tornar\u00e1, novamente, eleg\u00edvel.<\/p>\n<p style=\"text-align: justify;\">(D) poder\u00e1 ser candidato porque de acordo com a LC no 64\/1990 s\u00e3o ineleg\u00edveis, para qualquer cargo, os inalist\u00e1veis, e ele \u00e9 alist\u00e1vel, embora n\u00e3o seja eleitor, se a falta de alistamento for justificada; e Vander n\u00e3o poder\u00e1 ser candidato porque \u00e9 ineleg\u00edvel.<\/p>\n<p style=\"text-align: justify;\">(E) n\u00e3o poder\u00e1 ser candidato, por n\u00e3o ser eleitor, embora ele seja alist\u00e1vel e de acordo com o art. 1o, I, a, da LC no 64\/1990 s\u00e3o ineleg\u00edveis, para qualquer cargo, os inalist\u00e1veis e os analfabetos; e Vander poder\u00e1 ser candidato porque \u00e9 eleg\u00edvel.<\/p>\n<p style=\"text-align: justify;\"><strong>Coment\u00e1rios<\/strong><\/p>\n<p style=\"text-align: justify; padding-left: 30px;\">Aquele que n\u00e3o \u00e9 alistado como eleitor n\u00e3o pode concorrer a mandatos eletivos. De acordo com o art. 14, \u00a7 3\u00ba, da CF, \u00e9 condi\u00e7\u00e3o de elegibilidade o pleno exerc\u00edcio dos direitos pol\u00edticos. Assim, aquele que n\u00e3o est\u00e1 alistado n\u00e3o \u00e9 cidad\u00e3o e n\u00e3o est\u00e1 no gozo dos seus direitos pol\u00edticos. Vejamos o dispositivo constitucional:<\/p>\n<p style=\"text-align: justify; padding-left: 30px;\">3\u00ba S\u00e3o condi\u00e7\u00f5es de elegibilidade, na forma da lei:<\/p>\n<p style=\"text-align: justify; padding-left: 30px;\">II &#8211; o pleno exerc\u00edcio dos direitos pol\u00edticos;<\/p>\n<p style=\"text-align: justify; padding-left: 30px;\">Dessa forma, Tiago n\u00e3o pode ser candidato uma vez que n\u00e3o \u00e9 alistado como eleitor.<\/p>\n<p style=\"text-align: justify; padding-left: 30px;\">Tamb\u00e9m n\u00e3o pode concorrer a mandato eletivo o magistrado que for aposentado compulsoriamente. Os efeitos da inelegibilidade se estendem at\u00e9 8 anos ap\u00f3s a aposentadoria. Vejamos o art. 1\u00ba, I, al\u00ednea q, da LC n\u00ba 64\/90.<\/p>\n<p style=\"text-align: justify; padding-left: 30px;\">q) os magistrados e os membros do Minist\u00e9rio P\u00fablico que forem aposentados compulsoriamente por decis\u00e3o sancionat\u00f3ria, que tenham perdido o cargo por senten\u00e7a ou que tenham pedido exonera\u00e7\u00e3o ou aposentadoria volunt\u00e1ria na pend\u00eancia de processo administrativo disciplinar, <strong><u>pelo prazo de 8 (oito) anos<\/u><\/strong>;<\/p>\n<p style=\"text-align: justify; padding-left: 30px;\">Assim, Vander tamb\u00e9m n\u00e3o pode ser candidato, pois ainda est\u00e1 ineleg\u00edvel, tendo em vista que a aposentadoria foi h\u00e1 5 anos.<\/p>\n<p style=\"text-align: justify; padding-left: 30px;\">Em conclus\u00e3o, a <strong>alternativa A<\/strong> est\u00e1 correta e \u00e9 o gabarito da quest\u00e3o.<\/p>\n<p style=\"text-align: justify;\"><strong>Q51. TRE-PR\/TJAA\/2017<\/strong><\/p>\n<p style=\"text-align: justify; padding-left: 30px;\">Jairo, solteiro, serventu\u00e1rio de cart\u00f3rio, celetista, \u00e9 muito conhecido em sua cidade e, ap\u00f3s a insist\u00eancia de seus colegas, resolveu candidatar-se ao cargo de Vereador nas pr\u00f3ximas elei\u00e7\u00f5es. Nessa situa\u00e7\u00e3o, Jairo \u00e9<\/p>\n<p style=\"text-align: justify; padding-left: 30px;\">(A) ineleg\u00edvel, salvo se desincompatibilizar-se at\u00e9 6 meses antes das elei\u00e7\u00f5es, n\u00e3o fazendo jus \u00e0 percep\u00e7\u00e3o de seus vencimentos integrais.<\/p>\n<p style=\"text-align: justify; padding-left: 30px;\">(B) eleg\u00edvel, n\u00e3o havendo necessidade de desincompatibiliza\u00e7\u00e3o.<\/p>\n<p style=\"text-align: justify; padding-left: 30px;\">(C) ineleg\u00edvel, salvo se desincompatibilizar-se at\u00e9 6 meses antes das elei\u00e7\u00f5es, fazendo jus \u00e0 percep\u00e7\u00e3o de seus vencimentos integrais.<\/p>\n<p style=\"text-align: justify; padding-left: 30px;\">(D) ineleg\u00edvel, salvo se desincompatibilizar-se at\u00e9 3 meses antes das elei\u00e7\u00f5es, fazendo jus \u00e0 percep\u00e7\u00e3o de seus vencimentos integrais.<\/p>\n<p style=\"text-align: justify; padding-left: 30px;\">(E) ineleg\u00edvel, salvo se desincompatibilizar-se at\u00e9 3 meses antes das elei\u00e7\u00f5es, n\u00e3o fazendo jus \u00e0 percep\u00e7\u00e3o de seus vencimentos integrais.<\/p>\n<p style=\"text-align: justify;\"><strong>Coment\u00e1rios<\/strong><\/p>\n<p style=\"text-align: justify;\">O segredo para resolver essa quest\u00e3o \u00e9 identificar que Jairo n\u00e3o \u00e9 servidor p\u00fablico! Ele \u00e9 celetista, ou seja, empregado contratado de um cart\u00f3rio.<\/p>\n<p style=\"text-align: justify;\">Caso Jairo fosse servidor p\u00fablico, deveria se desincompatibilizar pelo per\u00edodo de 3 meses para concorrer ao cargo de vereador. Contudo, como Jairo n\u00e3o \u00e9 servidor, n\u00e3o h\u00e1 necessidade de desincompatibiliza\u00e7\u00e3o.<\/p>\n<p style=\"text-align: justify;\">Para responder essa quest\u00e3o voc\u00ea deveria conhecer a S\u00famula TSE n\u00ba 5:<\/p>\n<p style=\"text-align: justify;\">Serventu\u00e1rio de cart\u00f3rio, celetista, n\u00e3o se inclui na exig\u00eancia do art. 1\u00ba, II, l, da LC n\u00ba 64\/90.<\/p>\n<p style=\"text-align: justify;\">Deste modo, a <strong>alternativa B<\/strong> est\u00e1 correta e \u00e9 o gabarito da quest\u00e3o.<\/p>\n<p style=\"text-align: justify;\"><strong>Q52. TRE-PR\/TJAA\/2017<\/strong><\/p>\n<p style=\"text-align: justify;\">Carmem far\u00e1 16 anos no dia das elei\u00e7\u00f5es para escolha de Prefeito e Vereador que ocorrer\u00e3o no pr\u00f3ximo ano; Jos\u00e9 tem 16 anos completos; e Frederico, tem 35 anos e acabou de se alfabetizar, mas n\u00e3o deseja votar nas elei\u00e7\u00f5es que ocorrer\u00e3o no pr\u00f3ximo ano.<\/p>\n<p style=\"text-align: justify;\">Nesses casos, observados os prazos legais e de acordo com a Resolu\u00e7\u00e3o TSE no 21.538\/2003, o alistamento de<\/p>\n<p style=\"text-align: justify;\">(A) Carmen, de Jos\u00e9 e de Frederico s\u00e3o facultativos.<\/p>\n<p style=\"text-align: justify;\">(B) Carmen, de Jos\u00e9 e de Frederico s\u00e3o obrigat\u00f3rios.<\/p>\n<p style=\"text-align: justify;\">(C) Carmen \u00e9 facultativo, o de Jos\u00e9 facultativo e o de Frederico obrigat\u00f3rio.<\/p>\n<p style=\"text-align: justify;\">(D) Carmen \u00e9 obrigat\u00f3rio, o de Jos\u00e9 facultativo e o de Frederico obrigat\u00f3rio.<\/p>\n<p style=\"text-align: justify;\">(E) Carmen \u00e9 facultativo, o de Jos\u00e9 obrigat\u00f3rio e o de Frederico obrigat\u00f3rio.<\/p>\n<p style=\"text-align: justify;\"><strong>Coment\u00e1rios<\/strong><\/p>\n<p style=\"text-align: justify; padding-left: 30px;\">A quest\u00e3o trata do alistamento e voto facultativo ou obrigat\u00f3rio. Vejamos o art. 14, da CF:<\/p>\n<p style=\"text-align: justify; padding-left: 30px;\">1\u00ba O alistamento eleitoral e o voto s\u00e3o:<\/p>\n<p style=\"text-align: justify; padding-left: 30px;\">I &#8211; obrigat\u00f3rios para os maiores de dezoito anos;<\/p>\n<p style=\"text-align: justify; padding-left: 30px;\">II &#8211; facultativos para:<\/p>\n<p style=\"padding-left: 30px;\">a) os analfabetos;<\/p>\n<p style=\"padding-left: 30px;\">b) os maiores de setenta anos;<\/p>\n<p style=\"padding-left: 30px;\">c) os maiores de dezesseis e menores de dezoito anos.<\/p>\n<p style=\"text-align: justify; padding-left: 30px;\">Vejamos cada caso: Carmem possui voto facultativo e poder\u00e1 se alistar, pois ter\u00e1 completado 16 anos at\u00e9 a data das elei\u00e7\u00f5es; Jos\u00e9 tamb\u00e9m possui voto facultativo, pois possui 16 anos; Por fim, Frederico possui veto obrigat\u00f3rio, pois se alfabetizou. Observe que o voto \u00e9 facultativo apenas ao analfabeto, mas Frederico j\u00e1 \u00e9 alfabetizado, conforme exp\u00f5e o enunciado.<\/p>\n<p style=\"text-align: justify; padding-left: 30px;\">Portanto, a <strong>alternativa C<\/strong> est\u00e1 correta e \u00e9 o gabarito da quest\u00e3o.<\/p>\n<p style=\"text-align: justify;\"><strong>Q53. TRE-PR\/TJAA\/2017<\/strong><\/p>\n<p style=\"text-align: justify;\">Considere:<\/p>\n<p style=\"text-align: justify;\">Ciro, brasileiro, maior, casado, cometeu fraude, sem o conhecimento do partido pol\u00edtico, da coliga\u00e7\u00e3o ou do candidato, ao fazer doa\u00e7\u00e3o de determinada quantia em dinheiro, por meio da internet, para a campanha eleitoral do candidato X.<\/p>\n<p style=\"text-align: justify;\">A XWY \u00e9 empresa jur\u00eddica sem fins lucrativos que recebe recursos do exterior e deseja fazer, indiretamente, doa\u00e7\u00e3o estim\u00e1vel em dinheiro ao partido pol\u00edtico Z.<\/p>\n<p style=\"text-align: justify;\">De acordo com Lei no 9.504\/1997, a fraude cometida por Ciro<\/p>\n<p style=\"text-align: justify;\">(A) ensejar\u00e1 a responsabilidade do candidato, partido pol\u00edtico ou coliga\u00e7\u00e3o, bem como a rejei\u00e7\u00e3o de suas contas, pois foram benefici\u00e1rios da doa\u00e7\u00e3o realizada; e \u00e9 permitida a doa\u00e7\u00e3o que a empresa XWY deseja fazer, desde que limitada a 10% dos rendimentos brutos auferidos por ela no ano anterior \u00e0 elei\u00e7\u00e3o.<\/p>\n<p style=\"text-align: justify;\">(B) n\u00e3o ensejar\u00e1 a responsabilidade do candidato, partido pol\u00edtico ou coliga\u00e7\u00e3o nem a rejei\u00e7\u00e3o de suas contas; e \u00e9 permitida a doa\u00e7\u00e3o que a empresa XWY deseja fazer, desde que limitada a 10% dos rendimentos brutos auferidos por ela no ano da elei\u00e7\u00e3o.<\/p>\n<p style=\"text-align: justify;\">(C) n\u00e3o ensejar\u00e1 a responsabilidade do candidato, partido pol\u00edtico ou coliga\u00e7\u00e3o nem a rejei\u00e7\u00e3o de suas contas; e \u00e9 vedada a doa\u00e7\u00e3o que a empresa XWY deseja fazer.<\/p>\n<p style=\"text-align: justify;\">(D) ensejar\u00e1 a responsabilidade do candidato, partido pol\u00edtico ou coliga\u00e7\u00e3o, bem como a rejei\u00e7\u00e3o de suas contas, pois foram benefici\u00e1rios da doa\u00e7\u00e3o realizada; e \u00e9 vedada a doa\u00e7\u00e3o que a empresa XWY deseja fazer.<\/p>\n<p style=\"text-align: justify;\">(E) n\u00e3o ensejar\u00e1 a responsabilidade do candidato, partido pol\u00edtico ou coliga\u00e7\u00e3o nem a rejei\u00e7\u00e3o de suas contas; e \u00e9 permitida a doa\u00e7\u00e3o que a empresa XWY deseja fazer, desde que limitada a 10% dos rendimentos brutos auferidos por ela no ano anterior \u00e0 elei\u00e7\u00e3o.<\/p>\n<p style=\"text-align: justify;\"><strong>Coment\u00e1rios<\/strong><\/p>\n<p style=\"text-align: justify; padding-left: 30px;\">Vamos analisar os casos pr\u00e1ticos postos no enunciado.<\/p>\n<p style=\"text-align: justify; padding-left: 30px;\">O ato de Ciro est\u00e1 enquadrado no art. 23, \u00a7 6\u00ba, da LE. Observe que fraudes cometidas pelo doador n\u00e3o ensejar\u00e3o responsabilidade de candidatos e partidos, se eles desconhecerem o fato.<\/p>\n<p style=\"text-align: justify; padding-left: 30px;\">6\u00ba Na hip\u00f3tese de doa\u00e7\u00f5es realizadas por meio da Internet, as fraudes ou erros cometidos pelo doador sem conhecimento dos candidatos, partidos ou coliga\u00e7\u00f5es n\u00e3o ensejar\u00e3o a responsabilidade destes nem a rejei\u00e7\u00e3o de suas contas eleitorais.<\/p>\n<p style=\"text-align: justify; padding-left: 30px;\">A empresa XWY n\u00e3o pode fazer doa\u00e7\u00e3o, pois a pessoa jur\u00eddica sem fins lucrativos que receba recurso do exterior est\u00e1 proibida de fazer doa\u00e7\u00e3o de campanha. Vejamos o art. 24, inciso VII, da Lei das Elei\u00e7\u00f5es:<\/p>\n<p style=\"text-align: justify; padding-left: 30px;\">Art. 24. <strong><u>\u00c9 vedado<\/u><\/strong>, a partido e candidato, receber direta ou indiretamente doa\u00e7\u00e3o em dinheiro ou estim\u00e1vel em dinheiro, inclusive por meio de publicidade de qualquer esp\u00e9cie, procedente de:<\/p>\n<p style=\"text-align: justify; padding-left: 30px;\">VII \u2013 <u>pessoa jur\u00eddica sem fins lucrativos que receba recursos do exterior<\/u>;<\/p>\n<p style=\"text-align: justify; padding-left: 30px;\">Dessa forma, a <strong>alternativa C<\/strong> est\u00e1 correta e \u00e9 o gabarito da quest\u00e3o.<\/p>\n<p style=\"text-align: justify;\"><strong>Q54. TRE-PR\/TJAA\/2017<\/strong><\/p>\n<p style=\"text-align: justify;\">Caio efetuou o seu alistamento eleitoral h\u00e1 dez meses e, buscando melhor qualidade de vida, mudou-se para outro Munic\u00edpio no interior do Estado em que reside. Diante dessa situa\u00e7\u00e3o, Caio<\/p>\n<p style=\"text-align: justify;\">(A) n\u00e3o poder\u00e1 requerer a transfer\u00eancia do seu t\u00edtulo de eleitor, sendo necess\u00e1rio, para possibilitar a referida transfer\u00eancia, o transcurso de 2 anos da data do seu alistamento.<\/p>\n<p style=\"text-align: justify;\">(B) poder\u00e1 requerer a transfer\u00eancia do seu t\u00edtulo de eleitor se residir, pelo menos, h\u00e1 1 ano no novo Munic\u00edpio, independentemente da data do alistamento.<\/p>\n<p style=\"text-align: justify;\">(C) apenas poder\u00e1 requerer a transfer\u00eancia do seu t\u00edtulo de eleitor se residir, no m\u00ednimo, h\u00e1 2 meses no novo Munic\u00edpio.<\/p>\n<p style=\"text-align: justify;\">(D) n\u00e3o poder\u00e1 requerer a transfer\u00eancia do seu t\u00edtulo de eleitor por ter transcorrido menos de 1 ano da data do seu alistamento.<\/p>\n<p style=\"text-align: justify;\">(E) poder\u00e1 requerer a transfer\u00eancia do seu t\u00edtulo de eleitor por ter preenchido os requisitos legais.<\/p>\n<p style=\"text-align: justify;\"><strong>Coment\u00e1rios<\/strong><\/p>\n<p style=\"text-align: justify; padding-left: 30px;\">A Resolu\u00e7\u00e3o 21.538\/2003 prescreve que o eleitor poder\u00e1 pedir transfer\u00eancia, desde que tenha transcorrido um ano do alistamento ou da \u00faltima transfer\u00eancia. Vejamos o art. 18, inciso II, da Resolu\u00e7\u00e3o:<\/p>\n<p style=\"text-align: justify; padding-left: 30px;\">Art. 18. A transfer\u00eancia do eleitor s\u00f3 ser\u00e1 admitida se satisfeitas as seguintes exig\u00eancias:<\/p>\n<p style=\"text-align: justify; padding-left: 30px;\">II \u2013 transcurso de, <strong><u>pelo menos, um ano do alistamento ou da \u00faltima transfer\u00eancia<\/u><\/strong>;<\/p>\n<p style=\"text-align: justify; padding-left: 30px;\">Assim, Caio n\u00e3o poder\u00e1 requerer a transfer\u00eancia do t\u00edtulo, uma vez que n\u00e3o foi preenchido o requisito de tempo m\u00ednimo desde o alistamento.<\/p>\n<p style=\"text-align: justify; padding-left: 30px;\">Portanto, a <strong>alternativa D<\/strong> est\u00e1 correta e \u00e9 o gabarito da quest\u00e3o.<\/p>\n<p style=\"text-align: justify;\">Q55. TRE-PR\/TJAA\/2017<\/p>\n<p style=\"text-align: justify;\">Na prova de Direito Eleitoral a que os alunos se submeteram, v\u00e1rias respostas foram dadas, mas apenas Gustavo fez a afirma\u00e7\u00e3o correta, de acordo com a Lei no 9.504\/1997. Neste caso, Gustavo afirmou que as elei\u00e7\u00f5es, em primeiro turno, para<\/p>\n<p style=\"text-align: justify;\">(A) Presidente e Vice-Presidente da Rep\u00fablica, Governador e Vice-Governador de Estado e do Distrito Federal, Prefeito e Vice-Prefeito, Senador, Deputado Federal, Deputado Estadual, Deputado Distrital e Vereador dar-se-\u00e3o, em todo o Pa\u00eds, no \u00faltimo domingo de outubro do ano respectivo.<\/p>\n<p style=\"text-align: justify;\">(B) a chefia do Poder Executivo, em todos os n\u00edveis, dar-se-\u00e3o, simultaneamente, nos anos pares, de 4 em 4 anos, no dia 5 de outubro do ano respectivo.<\/p>\n<p style=\"text-align: justify;\">(C) Presidente e Vice-Presidente da Rep\u00fablica, Governador e Vice-Governador de Estado e do Distrito Federal, Prefeito e Vice-Prefeito, Senador, Deputado Federal, Deputado Estadual, Deputado Distrital e Vereador dar-se-\u00e3o em todo o Pa\u00eds, no primeiro domingo de outubro do ano respectivo.<\/p>\n<p style=\"text-align: justify;\">(D) Presidente e Vice-Presidente da Rep\u00fablica, Governador e Vice-Governador de Estado e do Distrito Federal, Prefeito e Vice-Prefeito, Senador, Deputado Federal, Deputado Estadual, Deputado Distrital e Vereador dar-se-\u00e3o, simultaneamente, em todo o Pa\u00eds, no primeiro domingo de outubro do ano respectivo.<\/p>\n<p style=\"text-align: justify;\">(E) Presidente e Vice-Presidente da Rep\u00fablica, Governador e Vice-Governador de Estado e Prefeito e Vice-Prefeito do Distrito Federal, Senador, Deputado Federal, Deputado Estadual e Vereador do Distrito Federal dar-se-\u00e3o em todo o Pa\u00eds, sendo realizadas simultaneamente e ocorrer\u00e3o no segundo domingo de outubro do ano respectivo.<\/p>\n<p style=\"text-align: justify;\"><strong>Coment\u00e1rios<\/strong><\/p>\n<p style=\"text-align: justify; padding-left: 30px;\">Quest\u00e3o muito f\u00e1cil, que cobra a data da realiza\u00e7\u00e3o das elei\u00e7\u00f5es.<\/p>\n<p style=\"text-align: justify; padding-left: 30px;\">Todos os cargos eletivos ter\u00e3o as elei\u00e7\u00f5es no primeiro domingo de outubro do ano respectivo. As elei\u00e7\u00f5es dos cargos federais e municipais se alternar\u00e3o, contudo, todas ser\u00e3o realizadas no primeiro domingo de outubro. Vejamos os dispositivos constitucionais que d\u00e3o fundamento \u00e0 quest\u00e3o:<\/p>\n<p style=\"text-align: justify; padding-left: 30px;\">&#8211; Cargo de Prefeito e Vice:<\/p>\n<p style=\"text-align: justify; padding-left: 30px;\">Art. 29. O Munic\u00edpio reger-se-\u00e1 por lei org\u00e2nica, votada em dois turnos, com o interst\u00edcio m\u00ednimo de dez dias, e aprovada por dois ter\u00e7os dos membros da C\u00e2mara Municipal, que a promulgar\u00e1, atendidos os princ\u00edpios estabelecidos nesta Constitui\u00e7\u00e3o, na Constitui\u00e7\u00e3o do respectivo Estado e os seguintes preceitos:<\/p>\n<p style=\"text-align: justify; padding-left: 30px;\">II &#8211; elei\u00e7\u00e3o do Prefeito e do Vice-Prefeito <strong><u>realizada no primeiro domingo de outubr<\/u><\/strong>o do ano anterior ao t\u00e9rmino do mandato dos que devam suceder, aplicadas as regras do art. 77, no caso de Munic\u00edpios com mais de duzentos mil eleitores;<\/p>\n<p style=\"text-align: justify; padding-left: 30px;\">&#8211; Cargo de Governador e vice:<\/p>\n<p style=\"text-align: justify; padding-left: 30px;\">Art. 28. A elei\u00e7\u00e3o do Governador e do Vice-Governador de Estado, para mandato de quatro anos, realizar-se-\u00e1 <strong><u>no primeiro domingo de outubro, em primeiro turno<\/u><\/strong>, e no \u00faltimo domingo de outubro, em segundo turno, se houver, do ano anterior ao do t\u00e9rmino do mandato de seus antecessores, e a posse ocorrer\u00e1 em primeiro de janeiro do ano subseq\u00fcente, observado, quanto ao mais, o disposto no art. 77.<\/p>\n<p style=\"text-align: justify; padding-left: 30px;\">&#8211; Cargo de Presidente e vice:<\/p>\n<p style=\"text-align: justify; padding-left: 30px;\">Art. 77. A elei\u00e7\u00e3o do Presidente e do Vice-Presidente da Rep\u00fablica realizar-se-\u00e1, simultaneamente, <strong><u>no primeiro domingo de outubro,<\/u><\/strong> em primeiro turno, e no \u00faltimo domingo de outubro, em segundo turno, se houver, do ano anterior ao do t\u00e9rmino do mandato presidencial vigente.<\/p>\n<p style=\"text-align: justify; padding-left: 30px;\">Na mesma oportunidade teremos elei\u00e7\u00f5es para Deputado Estadual, Deputado Federal, vereador e Senador.<\/p>\n<p style=\"text-align: justify; padding-left: 30px;\">Assim, a <strong>alternativa C<\/strong> est\u00e1 correta e \u00e9 o gabarito da quest\u00e3o.<\/p>\n<p style=\"text-align: justify;\"><strong>Q56. TRE-PR\/TJAA\/2017<\/strong><\/p>\n<p style=\"text-align: justify;\">Na aula de Direito Eleitoral, Janete sustenta, com raz\u00e3o, que \u00e9 entendimento sumulado do Tribunal Superior Eleitoral que, nos processos de registro de candidatura, o juiz eleitoral<\/p>\n<p style=\"text-align: justify;\">(A) n\u00e3o pode conhecer de of\u00edcio da exist\u00eancia de causas de inelegibilidade ou da aus\u00eancia de condi\u00e7\u00e3o de elegibilidade.<\/p>\n<p style=\"text-align: justify;\">(B) pode conhecer de of\u00edcio e indeferir de imediato o registro requerido apenas quando houver aus\u00eancia de condi\u00e7\u00e3o de elegibilidade, sem necessidade de assegurar o contradit\u00f3rio e a ampla defesa.<\/p>\n<p style=\"text-align: justify;\">(C) pode conhecer de of\u00edcio apenas da aus\u00eancia de condi\u00e7\u00e3o de elegibilidade, desde que resguardados o contradit\u00f3rio e a ampla defesa.<\/p>\n<p style=\"text-align: justify;\">(D) pode conhecer de of\u00edcio apenas da exist\u00eancia de causas de inelegibilidade, desde que resguardados o contradit\u00f3rio e a ampla defesa.<\/p>\n<p style=\"text-align: justify;\">(E) pode conhecer de of\u00edcio da exist\u00eancia de causas de inelegibilidade ou da aus\u00eancia de condi\u00e7\u00e3o de elegibilidade, desde que resguardados o contradit\u00f3rio e a ampla defesa.<\/p>\n<p style=\"text-align: justify;\"><strong>Coment\u00e1rios<\/strong><\/p>\n<p style=\"text-align: justify;\">A quest\u00e3o cobrou exatamente o entendimento exarado na S\u00famula TSE n\u00ba 45:<\/p>\n<p style=\"text-align: justify;\">Nos processos de registro de candidatura, o Juiz Eleitoral <u>pode conhecer de of\u00edcio<\/u> da exist\u00eancia de causas de inelegibilidade ou da aus\u00eancia de condi\u00e7\u00e3o de elegibilidade, <u>desde que resguardados o contradit\u00f3rio e a ampla defesa.<\/u><\/p>\n<p style=\"text-align: justify;\">Portanto, a <strong>alternativa E<\/strong> est\u00e1 correta e \u00e9 o gabarito da quest\u00e3o.<\/p>\n<p style=\"text-align: justify;\"><strong>Q57. TRE-PR\/TJAA\/2017<\/strong><\/p>\n<p style=\"text-align: justify;\">Considere:<\/p>\n<p style=\"text-align: justify;\">I. Jurandir foi condenado, por senten\u00e7a transitada em julgado, por crime considerado de menor potencial ofensivo.<\/p>\n<p style=\"text-align: justify;\">II. Joana foi condenada, por senten\u00e7a transitada em julgado, por crime culposo de a\u00e7\u00e3o penal p\u00fablica.<\/p>\n<p style=\"text-align: justify;\">III. Jorge foi condenado, por senten\u00e7a transitada em julgado, por crime de a\u00e7\u00e3o penal privada.<\/p>\n<p style=\"text-align: justify;\">De acordo com a Lei Complementar no 64\/1990,<\/p>\n<p style=\"text-align: justify;\">(A) somente das condutas de Jurandir e de Joana decorre a inelegibilidade pelo prazo de 8 anos ap\u00f3s o cumprimento da pena.<\/p>\n<p style=\"text-align: justify;\">(B) de nenhuma das condena\u00e7\u00f5es decorre a inelegibilidade pelo prazo de 8 anos ap\u00f3s o cumprimento da pena.<\/p>\n<p style=\"text-align: justify;\">(C) somente da conduta de Jurandir decorre a inelegibilidade pelo prazo de 8 anos ap\u00f3s o cumprimento da pena.<\/p>\n<p style=\"text-align: justify;\">(D) de todas as condena\u00e7\u00f5es decorre a inelegibilidade pelo prazo de 8 anos ap\u00f3s o cumprimento da pena.<\/p>\n<p style=\"text-align: justify;\">(E) somente da conduta de Jorge decorre a inelegibilidade pelo prazo de 8 anos ap\u00f3s o cumprimento da pena.<\/p>\n<p style=\"text-align: justify;\"><strong>Coment\u00e1rios<\/strong><\/p>\n<p style=\"text-align: justify;\">Essa quest\u00e3o cobrou, mais uma vez, o \u00a7 4\u00ba, do art. 1\u00ba, da Lei de Inelegibilidade.<\/p>\n<p style=\"text-align: justify;\">4\u00ba A inelegibilidade prevista na al\u00ednea e do inciso I deste artigo n\u00e3o se aplica aos crimes culposos e \u00e0queles definidos em lei como de menor potencial ofensivo, nem aos crimes de a\u00e7\u00e3o penal privada.<\/p>\n<p style=\"text-align: justify;\">Assim:<\/p>\n<p style=\"text-align: justify;\">A conduta de Jurandir, por ser de menor potencial ofensivo, n\u00e3o implica inelegibilidade pelo prazo de 8 anos, conforme prev\u00ea a al\u00ednea e, I, do art. 1\u00ba, da LI.<\/p>\n<p style=\"text-align: justify;\">A conduta de Joana, por ser crime culposo, tamb\u00e9m n\u00e3o implica inelegibilidade.<\/p>\n<p style=\"text-align: justify;\">A conduta de Jorge, por ser crime de a\u00e7\u00e3o penal privada, tamb\u00e9m se inclui no \u00a7 4\u00ba acima citado e n\u00e3o implica inelegibilidade.<\/p>\n<p style=\"text-align: justify;\">Dessa forma, a <strong>alternativa B<\/strong> est\u00e1 correta e \u00e9 o gabarito da quest\u00e3o.<\/p>\n<p style=\"text-align: justify;\"><strong>Q58. TRE-PR\/TJAA\/2017<\/strong><\/p>\n<p style=\"text-align: justify;\">Jailma, para quem o voto \u00e9 obrigat\u00f3rio, \u00e9 professora e nunca tinha deixado de votar em uma elei\u00e7\u00e3o. Ocorre que, em 2016, viajou para outro Munic\u00edpio com a inten\u00e7\u00e3o de cuidar da sa\u00fade de sua m\u00e3e. Por estar fora de seu domic\u00edlio eleitoral, deixou de votar nessas elei\u00e7\u00f5es para escolha de Vereador e de Prefeito. Com muitas preocupa\u00e7\u00f5es, Jailma n\u00e3o justificou sua aus\u00eancia \u00e0s urnas nem realizou o pagamento da multa respectiva. Dessa forma, Jailma n\u00e3o poder\u00e1<\/p>\n<p style=\"text-align: justify;\">(A) obter passaporte pelo per\u00edodo de cinco anos, mas poder\u00e1 obter carteira de identidade para que possa ser identificada civilmente.<\/p>\n<p style=\"text-align: justify;\">(B) renovar matr\u00edcula em estabelecimento de ensino oficial, mas poder\u00e1 obter carteira de identidade.<\/p>\n<p style=\"text-align: justify;\">(C) praticar qualquer ato para o qual se exija quita\u00e7\u00e3o do servi\u00e7o militar ou imposto de renda, mas poder\u00e1 inscrever-se em concurso ou prova para cargo ou fun\u00e7\u00e3o p\u00fablica.<\/p>\n<p style=\"text-align: justify;\">(D) inscrever-se em concurso ou prova para cargo ou fun\u00e7\u00e3o p\u00fablica, mas poder\u00e1 investir-se ou empossar-se neles se j\u00e1 tiver havido a inscri\u00e7\u00e3o antes da aus\u00eancia \u00e0s urnas e tamb\u00e9m n\u00e3o poder\u00e1 obter passaporte ou carteira de identidade.<\/p>\n<p style=\"text-align: justify;\">(E) inscrever-se em concurso ou prova para cargo ou fun\u00e7\u00e3o p\u00fablica, investir-se ou empossar-se neles e tamb\u00e9m n\u00e3o poder\u00e1 obter carteira de identidade ou passaporte, salvo se o eleitor estiver no exterior e requerer novo passaporte para identifica\u00e7\u00e3o e retorno ao Brasil.<\/p>\n<p style=\"text-align: justify;\"><strong>Coment\u00e1rios<\/strong><\/p>\n<p style=\"text-align: justify; padding-left: 30px;\">A quest\u00e3o cobra o art. 7\u00ba, \u00a7 1\u00ba, do CE. Vejamos o dispositivo:<\/p>\n<p style=\"text-align: justify; padding-left: 30px;\"><strong>1\u00ba\u00a0<\/strong>Sem a prova de que votou na \u00faltima elei\u00e7\u00e3o, pagou a respectiva multa ou de que se justificou devidamente, n\u00e3o poder\u00e1 o eleitor:<\/p>\n<p style=\"text-align: justify; padding-left: 30px;\"><strong>I \u2013\u00a0<\/strong><u>inscrever-se em concurso ou prova para cargo ou fun\u00e7\u00e3o p\u00fablica, investir-se ou empossar-se neles<\/u>;<\/p>\n<p style=\"text-align: justify; padding-left: 30px;\"><strong>II \u2013\u00a0<\/strong>receber vencimentos, remunera\u00e7\u00e3o, sal\u00e1rio ou proventos de fun\u00e7\u00e3o ou emprego p\u00fablico, aut\u00e1rquico ou paraestatal, bem como funda\u00e7\u00f5es governamentais, empresas, institutos e sociedades de qualquer natureza, mantidas ou subvencionadas pelo governo ou que exer\u00e7am servi\u00e7o p\u00fablico delegado, correspondentes ao segundo m\u00eas subseq\u00fcente ao da elei\u00e7\u00e3o;<\/p>\n<p style=\"text-align: justify; padding-left: 30px;\"><strong>III \u2013\u00a0<\/strong>participar de concorr\u00eancia p\u00fablica ou administrativa da Uni\u00e3o, dos Estados, dos Territ\u00f3rios, do Distrito Federal ou dos Munic\u00edpios, ou das respectivas autarquias;<\/p>\n<p style=\"text-align: justify; padding-left: 30px;\"><strong>IV \u2013\u00a0<\/strong>obter empr\u00e9stimos nas autarquias, sociedades de economia mista, caixas econ\u00f4micas federais ou estaduais, nos institutos e caixas de previd\u00eancia social, bem como em qualquer estabelecimento de cr\u00e9dito mantido pelo governo, ou de cuja administra\u00e7\u00e3o este participe, e com essas entidades celebrar contratos;<\/p>\n<p style=\"text-align: justify; padding-left: 30px;\"><strong>V \u2013\u00a0<\/strong><u>obter passaporte ou carteira de identidade<\/u>;<\/p>\n<p style=\"text-align: justify; padding-left: 30px;\"><strong>VI \u2013\u00a0<\/strong>renovar matr\u00edcula em estabelecimento de ensino oficial ou fiscalizado pelo governo;<\/p>\n<p style=\"text-align: justify; padding-left: 30px;\"><strong>VII \u2013\u00a0<\/strong>praticar qualquer ato para o qual se exija quita\u00e7\u00e3o do servi\u00e7o militar ou imposto de renda.<\/p>\n<p style=\"text-align: justify; padding-left: 30px;\">Para responder corretamente a quest\u00e3o ainda \u00e9 preciso saber o \u00a7 4\u00ba, do art. 7\u00ba, do CE, cuja reda\u00e7\u00e3o foi dada pela Lei 13.165\/2015:<\/p>\n<p style=\"text-align: justify; padding-left: 30px;\">4\u00ba O disposto no inciso V do \u00a7 1\u00ba <u>n\u00e3o se aplica ao eleitor no exterior que requeira novo passaporte para identifica\u00e7\u00e3o e retorno ao Brasil.<\/u><\/p>\n<p style=\"text-align: justify; padding-left: 30px;\">Dessa forma, a <strong>alternativa E<\/strong> est\u00e1 correta e \u00e9 o gabarito da quest\u00e3o.<\/p>\n<p style=\"text-align: justify;\"><strong>Q59. TRE-PR\/TJAA\/2017<\/strong><\/p>\n<p style=\"text-align: justify;\">Considere:<\/p>\n<p style=\"text-align: justify;\">1. Zulmira, do lar, deseja candidatar-se a Deputada Estadual, sendo que ela, h\u00e1 5 anos, mant\u00e9m rela\u00e7\u00e3o est\u00e1vel e duradoura com o Governador do seu Estado, j\u00e1 no segundo mandato consecutivo.<\/p>\n<p style=\"text-align: justify;\">2. Eglantina, atualmente do lar, foi declarada indigna do oficialato, por decis\u00e3o transitada em julgado, h\u00e1 2 anos, e deseja candidatar-se ao mesmo cargo que Zulmira, sua prima.<\/p>\n<p style=\"text-align: justify;\">III. Felisberto, desempregado, foi condenado pelo Tribunal de Justi\u00e7a por homic\u00eddio culposo, j\u00e1 tendo cumprido, h\u00e1 um ano, a totalidade da pena que lhe foi imposta, e deseja candidatar-se a Deputado Estadual.<\/p>\n<p style=\"text-align: justify;\">\u00c9 correto afirmar que<\/p>\n<p style=\"text-align: justify;\">(A) Zulmira e Eglantina n\u00e3o podem ser candidatas, n\u00e3o havendo impedimento para a candidatura de Felisberto.<\/p>\n<p style=\"text-align: justify;\">(B) Felisberto e Eglantina podem ser candidatos, mas Zulmira n\u00e3o pode se candidatar.<\/p>\n<p style=\"text-align: justify;\">(C) Zulmira e Felisberto podem ser candidatos, mas Englantina n\u00e3o pode se candidatar.<\/p>\n<p style=\"text-align: justify;\">(D) Zulmira, Eglantina e Felisberto podem ser candidatos.<\/p>\n<p style=\"text-align: justify;\">(E) nenhuma das pessoas citadas pode se candidatar.<\/p>\n<p style=\"text-align: justify;\"><strong>Coment\u00e1rios<\/strong><\/p>\n<p style=\"text-align: justify; padding-left: 30px;\">Vejamos cada caso:<\/p>\n<p style=\"text-align: justify; padding-left: 30px;\">Zulmira \u00e9 ineleg\u00edvel reflexamente, pois \u00e9 companheira do Governador do estado, o que a torna ineleg\u00edvel para concorrer a qualquer cargo no estado. Vejamos o art. 14, \u00a7 7\u00ba, da CF:<\/p>\n<p style=\"text-align: justify; padding-left: 30px;\">7\u00ba S\u00e3o ineleg\u00edveis, no territ\u00f3rio de jurisdi\u00e7\u00e3o do titular, o c\u00f4njuge e os parentes consang\u00fc\u00edneos ou afins, at\u00e9 o segundo grau ou por ado\u00e7\u00e3o, do Presidente da Rep\u00fablica, de Governador de Estado ou Territ\u00f3rio, do Distrito Federal, de Prefeito ou de quem os haja substitu\u00eddo dentro dos seis meses anteriores ao pleito, salvo se j\u00e1 titular de mandato eletivo e candidato \u00e0 reelei\u00e7\u00e3o.<\/p>\n<p style=\"text-align: justify; padding-left: 30px;\">Como sabemos, o companheiro \u00e9 equiparado ao c\u00f4njuge para todos os fins, inclusive para inelegibilidade.<\/p>\n<p style=\"text-align: justify; padding-left: 30px;\">Eglatina \u00e9 ineleg\u00edvel, pois a situa\u00e7\u00e3o descrita \u00e9 caso de inelegibilidade absoluta prevista no art. 1\u00ba, I, f, da LC n\u00ba 64\/90.<\/p>\n<p style=\"text-align: justify; padding-left: 30px;\">Art. 1\u00ba S\u00e3o ineleg\u00edveis:<\/p>\n<p style=\"text-align: justify; padding-left: 30px;\">I \u2013 para qualquer cargo:<\/p>\n<p style=\"text-align: justify; padding-left: 30px;\">f) os que forem declarados indignos do oficialato, ou com ele incompat\u00edveis, pelo prazo de 8 (oito) anos;<\/p>\n<p style=\"text-align: justify; padding-left: 30px;\">Por fim, o crime de homic\u00eddio, embora grave, n\u00e3o implica em inelegibilidade, pois n\u00e3o possui implica\u00e7\u00e3o na \u00e1rea eleitoral. Assim, uma vez cumprida a pena, n\u00e3o h\u00e1 \u00f3bice para que Felizberto possa se candidatar.<\/p>\n<p style=\"text-align: justify; padding-left: 30px;\">Portanto, a <strong>alternativa A<\/strong> est\u00e1 correta e \u00e9 o gabarito da quest\u00e3o.<\/p>\n<p style=\"text-align: justify;\">Q60. TRE-PR\/TJAA\/2017<\/p>\n<p style=\"text-align: justify;\">Considere:<\/p>\n<p style=\"text-align: justify;\">1. Antonio, Governador, pretende candidatar-se a Presidente da Rep\u00fablica.<\/p>\n<p style=\"text-align: justify;\">2. Jos\u00e9, Prefeito, pretende candidatar-se a Governador.<\/p>\n<p style=\"text-align: justify;\">III. Jonatas, Ministro de Estado, pretende candidatar-se a Prefeito.<\/p>\n<p style=\"text-align: justify;\">Nesses casos, de acordo com a Lei Complementar no 64\/1990, s\u00e3o ineleg\u00edveis<\/p>\n<p style=\"text-align: justify;\">(A) Ant\u00f4nio, Jos\u00e9 e Jonatas at\u00e9 6 meses depois de afastados definitivamente de seus cargos e fun\u00e7\u00f5es.<\/p>\n<p style=\"text-align: justify;\">(B) Ant\u00f4nio, Jos\u00e9 e Jonatas at\u00e9 4 meses depois de afastados definitivamente de seus cargos e fun\u00e7\u00f5es.<\/p>\n<p style=\"text-align: justify;\">(C) Ant\u00f4nio e Jos\u00e9 at\u00e9 6 meses depois de afastados definitivamente de seus cargos e fun\u00e7\u00f5es, observando, Jonatas, o prazo de 4 meses para desincompatibiliza\u00e7\u00e3o.<\/p>\n<p style=\"text-align: justify;\">(D) Ant\u00f4nio e Jonatas at\u00e9 6 meses depois de afastados definitivamente de seus cargos e fun\u00e7\u00f5es, observando, Jos\u00e9 o prazo de 4 meses para desincompatibiliza\u00e7\u00e3o.<\/p>\n<p style=\"text-align: justify;\">(E) Jos\u00e9 e Jonatas at\u00e9 4 meses depois de afastados definitivamente de seus cargos e fun\u00e7\u00f5es, observando, Ant\u00f4nio, o prazo de 6 meses para desincompatibiliza\u00e7\u00e3o.<\/p>\n<p style=\"text-align: justify; padding-left: 30px;\"><strong>Coment\u00e1rios<\/strong><\/p>\n<p style=\"text-align: justify; padding-left: 30px;\">Vamos analisar cada caso.<\/p>\n<p style=\"text-align: justify; padding-left: 30px;\">Ant\u00f4nio e Jos\u00e9 est\u00e3o enquadrados na regra geral de desincompatibiliza\u00e7\u00e3o prevista no art. 14, \u00a7 6\u00ba, da CF. Assim, o prazo de desincompatibiliza\u00e7\u00e3o \u00e9 de 6 meses.<\/p>\n<p style=\"text-align: justify; padding-left: 30px;\">6\u00ba Para concorrerem a outros cargos, o Presidente da Rep\u00fablica, os Governadores de Estado e do Distrito Federal e os Prefeitos devem renunciar aos respectivos mandatos at\u00e9 seis meses antes do pleito.<\/p>\n<p style=\"text-align: justify; padding-left: 30px;\">No caso de Jonatas, se aplica o art. 1\u00ba, IV, a, da LC n\u00ba 64\/90, e o prazo de desincompatibiliza\u00e7\u00e3o \u00e9 de 4 meses.<\/p>\n<p style=\"text-align: justify; padding-left: 30px;\">IV \u2013 para Prefeito e Vice-Prefeito:<\/p>\n<p style=\"text-align: justify; padding-left: 30px;\">a) no que lhes for aplic\u00e1vel, por identidade de situa\u00e7\u00f5es, os ineleg\u00edveis para os cargos de Presidente e Vice-Presidente da Rep\u00fablica, Governador e Vice-Governador de Estado e do Distrito Federal, <strong><u>observado o prazo de 4 (quatro) meses para a desincompatibiliza\u00e7\u00e3o<\/u><\/strong>;<\/p>\n<p style=\"text-align: justify; padding-left: 30px;\">Dessa forma, a <strong>alternativa C<\/strong> est\u00e1 correta e \u00e9 o gabarito da quest\u00e3o.<\/p>\n<p>\u00c9 isso, qualquer d\u00favida deixe seu coment\u00e1rio!<\/p>\n<p>Boa sorte pessoal!<\/p>\n","protected":false},"excerpt":{"rendered":"<p>Analisamos no artigo abaixo as quest\u00f5es aplicadas no \u00faltimo final nas provas para o cargo de T\u00e9cnico Judici\u00e1rio \u2013 \u00c1rea Administrativa (TJAA) do concurso do TRE-PR, realizado pela FCC. Analisaremos as quest\u00f5es aplicadas das disciplinas de Regimento Interno, Estatuto da Pessoa com Defici\u00eancia e Direito Eleitoral, nesta ordem. N\u00e3o identificamos possibilidade de recursos e, no [&hellip;]<\/p>\n","protected":false},"author":180,"featured_media":87876,"comment_status":"open","ping_status":"open","sticky":false,"template":"","format":"standard","meta":{"post_tipo":"article","footnotes":""},"categories":[],"tags":[2904,2328,528,2675,616,2305],"tax_estado":[],"class_list":["post-87874","post","type-post","status-publish","format-standard","has-post-thumbnail","hentry","tag-concurso-tre-pr","tag-direito-das-pessoas-com-deficiencia","tag-direito-eleitoral","tag-edital-tre-pr","tag-regimento-interno","tag-tre-pr"],"acf":[],"yoast_head":"<!-- This site is optimized with the Yoast SEO Premium plugin v27.2 (Yoast SEO v27.2) - https:\/\/yoast.com\/product\/yoast-seo-premium-wordpress\/ -->\n<title>Coment\u00e1rios \u00e0s provas de TJAA de Eleitoral, RI e PCD do TRE-PR<\/title>\n<meta name=\"robots\" content=\"index, follow, max-snippet:-1, max-image-preview:large, max-video-preview:-1\" \/>\n<link rel=\"canonical\" href=\"https:\/\/www.estrategiaconcursos.com.br\/blog\/comentarios-as-provas-de-tjaa-de-eleitoral-ri-e-pcd-do-tre-pr\/\" \/>\n<meta property=\"og:locale\" content=\"pt_BR\" \/>\n<meta property=\"og:type\" content=\"article\" \/>\n<meta property=\"og:title\" content=\"Coment\u00e1rios \u00e0s provas de TJAA de Eleitoral, RI e PCD do TRE-PR\" \/>\n<meta property=\"og:description\" content=\"Analisamos no artigo abaixo as quest\u00f5es aplicadas no \u00faltimo final nas provas para o cargo de T\u00e9cnico Judici\u00e1rio \u2013 \u00c1rea Administrativa (TJAA) do concurso do TRE-PR, realizado pela FCC. Analisaremos as quest\u00f5es aplicadas das disciplinas de Regimento Interno, Estatuto da Pessoa com Defici\u00eancia e Direito Eleitoral, nesta ordem. N\u00e3o identificamos possibilidade de recursos e, no [&hellip;]\" \/>\n<meta property=\"og:url\" content=\"https:\/\/www.estrategiaconcursos.com.br\/blog\/comentarios-as-provas-de-tjaa-de-eleitoral-ri-e-pcd-do-tre-pr\/\" \/>\n<meta property=\"og:site_name\" content=\"Estrat\u00e9gia Concursos\" \/>\n<meta property=\"article:author\" content=\"https:\/\/www.facebook.com\/ricardo.s.torques\" \/>\n<meta property=\"article:published_time\" content=\"2017-09-05T02:12:38+00:00\" \/>\n<meta property=\"og:image\" content=\"https:\/\/dhg1h5j42swfq.cloudfront.net\/2017\/09\/04231110\/provatjaacomentada.png\" \/>\n\t<meta property=\"og:image:width\" content=\"940\" \/>\n\t<meta property=\"og:image:height\" content=\"788\" \/>\n\t<meta property=\"og:image:type\" content=\"image\/png\" \/>\n<meta name=\"author\" content=\"Ricardo Torques\" \/>\n<meta name=\"twitter:card\" content=\"summary_large_image\" \/>\n<meta name=\"twitter:creator\" content=\"@EstratConcursos\" \/>\n<meta name=\"twitter:site\" content=\"@EstratConcursos\" \/>\n<meta name=\"twitter:label1\" content=\"Escrito por\" \/>\n\t<meta name=\"twitter:data1\" content=\"Ricardo Torques\" \/>\n\t<meta name=\"twitter:label2\" content=\"Est. tempo de leitura\" \/>\n\t<meta name=\"twitter:data2\" content=\"38 minutos\" \/>\n<script type=\"application\/ld+json\" class=\"yoast-schema-graph\">{\"@context\":\"https:\/\/schema.org\",\"@graph\":[{\"@type\":\"NewsArticle\",\"@id\":\"https:\/\/www.estrategiaconcursos.com.br\/blog\/comentarios-as-provas-de-tjaa-de-eleitoral-ri-e-pcd-do-tre-pr\/#article\",\"isPartOf\":{\"@id\":\"https:\/\/www.estrategiaconcursos.com.br\/blog\/comentarios-as-provas-de-tjaa-de-eleitoral-ri-e-pcd-do-tre-pr\/\"},\"author\":{\"name\":\"Ricardo Torques\",\"@id\":\"https:\/\/www.estrategiaconcursos.com.br\/blog\/#\/schema\/person\/aa39cf5ddb518e5bdce27c35788405e2\"},\"headline\":\"Coment\u00e1rios \u00e0s provas de TJAA de Eleitoral, RI e PCD do TRE-PR\",\"datePublished\":\"2017-09-05T02:12:38+00:00\",\"mainEntityOfPage\":{\"@id\":\"https:\/\/www.estrategiaconcursos.com.br\/blog\/comentarios-as-provas-de-tjaa-de-eleitoral-ri-e-pcd-do-tre-pr\/\"},\"wordCount\":7553,\"commentCount\":0,\"publisher\":{\"@id\":\"https:\/\/www.estrategiaconcursos.com.br\/blog\/#organization\"},\"image\":{\"@id\":\"https:\/\/www.estrategiaconcursos.com.br\/blog\/comentarios-as-provas-de-tjaa-de-eleitoral-ri-e-pcd-do-tre-pr\/#primaryimage\"},\"thumbnailUrl\":\"https:\/\/dhg1h5j42swfq.cloudfront.net\/2017\/09\/04231110\/provatjaacomentada.png\",\"keywords\":[\"Concurso TRE-PR\",\"Direito das Pessoas com Defici\u00eancia\",\"Direito Eleitoral\",\"Edital TRE PR\",\"Regimento Interno\",\"TRE PR\"],\"inLanguage\":\"pt-BR\",\"potentialAction\":[{\"@type\":\"CommentAction\",\"name\":\"Comment\",\"target\":[\"https:\/\/www.estrategiaconcursos.com.br\/blog\/comentarios-as-provas-de-tjaa-de-eleitoral-ri-e-pcd-do-tre-pr\/#respond\"]}],\"copyrightYear\":\"2017\",\"copyrightHolder\":{\"@id\":\"https:\/\/www.estrategiaconcursos.com.br\/blog\/#organization\"}},{\"@type\":\"WebPage\",\"@id\":\"https:\/\/www.estrategiaconcursos.com.br\/blog\/comentarios-as-provas-de-tjaa-de-eleitoral-ri-e-pcd-do-tre-pr\/\",\"url\":\"https:\/\/www.estrategiaconcursos.com.br\/blog\/comentarios-as-provas-de-tjaa-de-eleitoral-ri-e-pcd-do-tre-pr\/\",\"name\":\"Coment\u00e1rios \u00e0s provas de TJAA de Eleitoral, RI e PCD do TRE-PR\",\"isPartOf\":{\"@id\":\"https:\/\/www.estrategiaconcursos.com.br\/blog\/#website\"},\"primaryImageOfPage\":{\"@id\":\"https:\/\/www.estrategiaconcursos.com.br\/blog\/comentarios-as-provas-de-tjaa-de-eleitoral-ri-e-pcd-do-tre-pr\/#primaryimage\"},\"image\":{\"@id\":\"https:\/\/www.estrategiaconcursos.com.br\/blog\/comentarios-as-provas-de-tjaa-de-eleitoral-ri-e-pcd-do-tre-pr\/#primaryimage\"},\"thumbnailUrl\":\"https:\/\/dhg1h5j42swfq.cloudfront.net\/2017\/09\/04231110\/provatjaacomentada.png\",\"datePublished\":\"2017-09-05T02:12:38+00:00\",\"breadcrumb\":{\"@id\":\"https:\/\/www.estrategiaconcursos.com.br\/blog\/comentarios-as-provas-de-tjaa-de-eleitoral-ri-e-pcd-do-tre-pr\/#breadcrumb\"},\"inLanguage\":\"pt-BR\",\"potentialAction\":[{\"@type\":\"ReadAction\",\"target\":[\"https:\/\/www.estrategiaconcursos.com.br\/blog\/comentarios-as-provas-de-tjaa-de-eleitoral-ri-e-pcd-do-tre-pr\/\"]}]},{\"@type\":\"ImageObject\",\"inLanguage\":\"pt-BR\",\"@id\":\"https:\/\/www.estrategiaconcursos.com.br\/blog\/comentarios-as-provas-de-tjaa-de-eleitoral-ri-e-pcd-do-tre-pr\/#primaryimage\",\"url\":\"https:\/\/dhg1h5j42swfq.cloudfront.net\/2017\/09\/04231110\/provatjaacomentada.png\",\"contentUrl\":\"https:\/\/dhg1h5j42swfq.cloudfront.net\/2017\/09\/04231110\/provatjaacomentada.png\",\"width\":940,\"height\":788},{\"@type\":\"BreadcrumbList\",\"@id\":\"https:\/\/www.estrategiaconcursos.com.br\/blog\/comentarios-as-provas-de-tjaa-de-eleitoral-ri-e-pcd-do-tre-pr\/#breadcrumb\",\"itemListElement\":[{\"@type\":\"ListItem\",\"position\":1,\"name\":\"In\u00edcio\",\"item\":\"https:\/\/www.estrategiaconcursos.com.br\/blog\/\"},{\"@type\":\"ListItem\",\"position\":2,\"name\":\"Coment\u00e1rios \u00e0s provas de TJAA de Eleitoral, RI e PCD do TRE-PR\"}]},{\"@type\":\"WebSite\",\"@id\":\"https:\/\/www.estrategiaconcursos.com.br\/blog\/#website\",\"url\":\"https:\/\/www.estrategiaconcursos.com.br\/blog\/\",\"name\":\"Estrat\u00e9gia Concursos\",\"description\":\"O blog da Estrat\u00e9gia Concursos traz not\u00edcias sobre concursos e artigos de professores oferecendo cursos para concursos (pdf + videaulas) no site.\",\"publisher\":{\"@id\":\"https:\/\/www.estrategiaconcursos.com.br\/blog\/#organization\"},\"potentialAction\":[{\"@type\":\"SearchAction\",\"target\":{\"@type\":\"EntryPoint\",\"urlTemplate\":\"https:\/\/www.estrategiaconcursos.com.br\/blog\/?s={search_term_string}\"},\"query-input\":{\"@type\":\"PropertyValueSpecification\",\"valueRequired\":true,\"valueName\":\"search_term_string\"}}],\"inLanguage\":\"pt-BR\"},{\"@type\":\"Organization\",\"@id\":\"https:\/\/www.estrategiaconcursos.com.br\/blog\/#organization\",\"name\":\"Estrat\u00e9gia Concursos\",\"url\":\"https:\/\/www.estrategiaconcursos.com.br\/blog\/\",\"logo\":{\"@type\":\"ImageObject\",\"inLanguage\":\"pt-BR\",\"@id\":\"https:\/\/www.estrategiaconcursos.com.br\/blog\/#\/schema\/logo\/image\/\",\"url\":\"https:\/\/dhg1h5j42swfq.cloudfront.net\/2025\/06\/03203428\/logo_concursos-1.jpg\",\"contentUrl\":\"https:\/\/dhg1h5j42swfq.cloudfront.net\/2025\/06\/03203428\/logo_concursos-1.jpg\",\"width\":230,\"height\":60,\"caption\":\"Estrat\u00e9gia Concursos\"},\"image\":{\"@id\":\"https:\/\/www.estrategiaconcursos.com.br\/blog\/#\/schema\/logo\/image\/\"},\"sameAs\":[\"https:\/\/x.com\/EstratConcursos\"]},{\"@type\":\"Person\",\"@id\":\"https:\/\/www.estrategiaconcursos.com.br\/blog\/#\/schema\/person\/aa39cf5ddb518e5bdce27c35788405e2\",\"name\":\"Ricardo Torques\",\"image\":{\"@type\":\"ImageObject\",\"inLanguage\":\"pt-BR\",\"@id\":\"https:\/\/secure.gravatar.com\/avatar\/ce9ac6c3cff25fe86d15ed568ebc64d1724baf5c0693133bcb1f6073f712f92a?s=96&d=mm&r=g\",\"url\":\"https:\/\/secure.gravatar.com\/avatar\/ce9ac6c3cff25fe86d15ed568ebc64d1724baf5c0693133bcb1f6073f712f92a?s=96&d=mm&r=g\",\"contentUrl\":\"https:\/\/secure.gravatar.com\/avatar\/ce9ac6c3cff25fe86d15ed568ebc64d1724baf5c0693133bcb1f6073f712f92a?s=96&d=mm&r=g\",\"caption\":\"Ricardo Torques\"},\"sameAs\":[\"https:\/\/www.facebook.com\/ricardo.s.torques\"],\"url\":\"https:\/\/www.estrategiaconcursos.com.br\/blog\/author\/ricardotorquesestrategiaconcursos-com-br\/\"}]}<\/script>\n<!-- \/ Yoast SEO Premium plugin. -->","yoast_head_json":{"title":"Coment\u00e1rios \u00e0s provas de TJAA de Eleitoral, RI e PCD do TRE-PR","robots":{"index":"index","follow":"follow","max-snippet":"max-snippet:-1","max-image-preview":"max-image-preview:large","max-video-preview":"max-video-preview:-1"},"canonical":"https:\/\/www.estrategiaconcursos.com.br\/blog\/comentarios-as-provas-de-tjaa-de-eleitoral-ri-e-pcd-do-tre-pr\/","og_locale":"pt_BR","og_type":"article","og_title":"Coment\u00e1rios \u00e0s provas de TJAA de Eleitoral, RI e PCD do TRE-PR","og_description":"Analisamos no artigo abaixo as quest\u00f5es aplicadas no \u00faltimo final nas provas para o cargo de T\u00e9cnico Judici\u00e1rio \u2013 \u00c1rea Administrativa (TJAA) do concurso do TRE-PR, realizado pela FCC. Analisaremos as quest\u00f5es aplicadas das disciplinas de Regimento Interno, Estatuto da Pessoa com Defici\u00eancia e Direito Eleitoral, nesta ordem. N\u00e3o identificamos possibilidade de recursos e, no [&hellip;]","og_url":"https:\/\/www.estrategiaconcursos.com.br\/blog\/comentarios-as-provas-de-tjaa-de-eleitoral-ri-e-pcd-do-tre-pr\/","og_site_name":"Estrat\u00e9gia Concursos","article_author":"https:\/\/www.facebook.com\/ricardo.s.torques","article_published_time":"2017-09-05T02:12:38+00:00","og_image":[{"width":940,"height":788,"url":"https:\/\/dhg1h5j42swfq.cloudfront.net\/2017\/09\/04231110\/provatjaacomentada.png","type":"image\/png"}],"author":"Ricardo Torques","twitter_card":"summary_large_image","twitter_creator":"@EstratConcursos","twitter_site":"@EstratConcursos","twitter_misc":{"Escrito por":"Ricardo Torques","Est. tempo de leitura":"38 minutos"},"schema":{"@context":"https:\/\/schema.org","@graph":[{"@type":"NewsArticle","@id":"https:\/\/www.estrategiaconcursos.com.br\/blog\/comentarios-as-provas-de-tjaa-de-eleitoral-ri-e-pcd-do-tre-pr\/#article","isPartOf":{"@id":"https:\/\/www.estrategiaconcursos.com.br\/blog\/comentarios-as-provas-de-tjaa-de-eleitoral-ri-e-pcd-do-tre-pr\/"},"author":{"name":"Ricardo Torques","@id":"https:\/\/www.estrategiaconcursos.com.br\/blog\/#\/schema\/person\/aa39cf5ddb518e5bdce27c35788405e2"},"headline":"Coment\u00e1rios \u00e0s provas de TJAA de Eleitoral, RI e PCD do TRE-PR","datePublished":"2017-09-05T02:12:38+00:00","mainEntityOfPage":{"@id":"https:\/\/www.estrategiaconcursos.com.br\/blog\/comentarios-as-provas-de-tjaa-de-eleitoral-ri-e-pcd-do-tre-pr\/"},"wordCount":7553,"commentCount":0,"publisher":{"@id":"https:\/\/www.estrategiaconcursos.com.br\/blog\/#organization"},"image":{"@id":"https:\/\/www.estrategiaconcursos.com.br\/blog\/comentarios-as-provas-de-tjaa-de-eleitoral-ri-e-pcd-do-tre-pr\/#primaryimage"},"thumbnailUrl":"https:\/\/dhg1h5j42swfq.cloudfront.net\/2017\/09\/04231110\/provatjaacomentada.png","keywords":["Concurso TRE-PR","Direito das Pessoas com Defici\u00eancia","Direito Eleitoral","Edital TRE PR","Regimento Interno","TRE PR"],"inLanguage":"pt-BR","potentialAction":[{"@type":"CommentAction","name":"Comment","target":["https:\/\/www.estrategiaconcursos.com.br\/blog\/comentarios-as-provas-de-tjaa-de-eleitoral-ri-e-pcd-do-tre-pr\/#respond"]}],"copyrightYear":"2017","copyrightHolder":{"@id":"https:\/\/www.estrategiaconcursos.com.br\/blog\/#organization"}},{"@type":"WebPage","@id":"https:\/\/www.estrategiaconcursos.com.br\/blog\/comentarios-as-provas-de-tjaa-de-eleitoral-ri-e-pcd-do-tre-pr\/","url":"https:\/\/www.estrategiaconcursos.com.br\/blog\/comentarios-as-provas-de-tjaa-de-eleitoral-ri-e-pcd-do-tre-pr\/","name":"Coment\u00e1rios \u00e0s provas de TJAA de Eleitoral, RI e PCD do TRE-PR","isPartOf":{"@id":"https:\/\/www.estrategiaconcursos.com.br\/blog\/#website"},"primaryImageOfPage":{"@id":"https:\/\/www.estrategiaconcursos.com.br\/blog\/comentarios-as-provas-de-tjaa-de-eleitoral-ri-e-pcd-do-tre-pr\/#primaryimage"},"image":{"@id":"https:\/\/www.estrategiaconcursos.com.br\/blog\/comentarios-as-provas-de-tjaa-de-eleitoral-ri-e-pcd-do-tre-pr\/#primaryimage"},"thumbnailUrl":"https:\/\/dhg1h5j42swfq.cloudfront.net\/2017\/09\/04231110\/provatjaacomentada.png","datePublished":"2017-09-05T02:12:38+00:00","breadcrumb":{"@id":"https:\/\/www.estrategiaconcursos.com.br\/blog\/comentarios-as-provas-de-tjaa-de-eleitoral-ri-e-pcd-do-tre-pr\/#breadcrumb"},"inLanguage":"pt-BR","potentialAction":[{"@type":"ReadAction","target":["https:\/\/www.estrategiaconcursos.com.br\/blog\/comentarios-as-provas-de-tjaa-de-eleitoral-ri-e-pcd-do-tre-pr\/"]}]},{"@type":"ImageObject","inLanguage":"pt-BR","@id":"https:\/\/www.estrategiaconcursos.com.br\/blog\/comentarios-as-provas-de-tjaa-de-eleitoral-ri-e-pcd-do-tre-pr\/#primaryimage","url":"https:\/\/dhg1h5j42swfq.cloudfront.net\/2017\/09\/04231110\/provatjaacomentada.png","contentUrl":"https:\/\/dhg1h5j42swfq.cloudfront.net\/2017\/09\/04231110\/provatjaacomentada.png","width":940,"height":788},{"@type":"BreadcrumbList","@id":"https:\/\/www.estrategiaconcursos.com.br\/blog\/comentarios-as-provas-de-tjaa-de-eleitoral-ri-e-pcd-do-tre-pr\/#breadcrumb","itemListElement":[{"@type":"ListItem","position":1,"name":"In\u00edcio","item":"https:\/\/www.estrategiaconcursos.com.br\/blog\/"},{"@type":"ListItem","position":2,"name":"Coment\u00e1rios \u00e0s provas de TJAA de Eleitoral, RI e PCD do TRE-PR"}]},{"@type":"WebSite","@id":"https:\/\/www.estrategiaconcursos.com.br\/blog\/#website","url":"https:\/\/www.estrategiaconcursos.com.br\/blog\/","name":"Estrat\u00e9gia Concursos","description":"O blog da Estrat\u00e9gia Concursos traz not\u00edcias sobre concursos e artigos de professores oferecendo cursos para concursos (pdf + videaulas) no site.","publisher":{"@id":"https:\/\/www.estrategiaconcursos.com.br\/blog\/#organization"},"potentialAction":[{"@type":"SearchAction","target":{"@type":"EntryPoint","urlTemplate":"https:\/\/www.estrategiaconcursos.com.br\/blog\/?s={search_term_string}"},"query-input":{"@type":"PropertyValueSpecification","valueRequired":true,"valueName":"search_term_string"}}],"inLanguage":"pt-BR"},{"@type":"Organization","@id":"https:\/\/www.estrategiaconcursos.com.br\/blog\/#organization","name":"Estrat\u00e9gia Concursos","url":"https:\/\/www.estrategiaconcursos.com.br\/blog\/","logo":{"@type":"ImageObject","inLanguage":"pt-BR","@id":"https:\/\/www.estrategiaconcursos.com.br\/blog\/#\/schema\/logo\/image\/","url":"https:\/\/dhg1h5j42swfq.cloudfront.net\/2025\/06\/03203428\/logo_concursos-1.jpg","contentUrl":"https:\/\/dhg1h5j42swfq.cloudfront.net\/2025\/06\/03203428\/logo_concursos-1.jpg","width":230,"height":60,"caption":"Estrat\u00e9gia Concursos"},"image":{"@id":"https:\/\/www.estrategiaconcursos.com.br\/blog\/#\/schema\/logo\/image\/"},"sameAs":["https:\/\/x.com\/EstratConcursos"]},{"@type":"Person","@id":"https:\/\/www.estrategiaconcursos.com.br\/blog\/#\/schema\/person\/aa39cf5ddb518e5bdce27c35788405e2","name":"Ricardo Torques","image":{"@type":"ImageObject","inLanguage":"pt-BR","@id":"https:\/\/secure.gravatar.com\/avatar\/ce9ac6c3cff25fe86d15ed568ebc64d1724baf5c0693133bcb1f6073f712f92a?s=96&d=mm&r=g","url":"https:\/\/secure.gravatar.com\/avatar\/ce9ac6c3cff25fe86d15ed568ebc64d1724baf5c0693133bcb1f6073f712f92a?s=96&d=mm&r=g","contentUrl":"https:\/\/secure.gravatar.com\/avatar\/ce9ac6c3cff25fe86d15ed568ebc64d1724baf5c0693133bcb1f6073f712f92a?s=96&d=mm&r=g","caption":"Ricardo Torques"},"sameAs":["https:\/\/www.facebook.com\/ricardo.s.torques"],"url":"https:\/\/www.estrategiaconcursos.com.br\/blog\/author\/ricardotorquesestrategiaconcursos-com-br\/"}]}},"_links":{"self":[{"href":"https:\/\/www.estrategiaconcursos.com.br\/blog\/wp-json\/wp\/v2\/posts\/87874","targetHints":{"allow":["GET"]}}],"collection":[{"href":"https:\/\/www.estrategiaconcursos.com.br\/blog\/wp-json\/wp\/v2\/posts"}],"about":[{"href":"https:\/\/www.estrategiaconcursos.com.br\/blog\/wp-json\/wp\/v2\/types\/post"}],"author":[{"embeddable":true,"href":"https:\/\/www.estrategiaconcursos.com.br\/blog\/wp-json\/wp\/v2\/users\/180"}],"replies":[{"embeddable":true,"href":"https:\/\/www.estrategiaconcursos.com.br\/blog\/wp-json\/wp\/v2\/comments?post=87874"}],"version-history":[{"count":2,"href":"https:\/\/www.estrategiaconcursos.com.br\/blog\/wp-json\/wp\/v2\/posts\/87874\/revisions"}],"predecessor-version":[{"id":87878,"href":"https:\/\/www.estrategiaconcursos.com.br\/blog\/wp-json\/wp\/v2\/posts\/87874\/revisions\/87878"}],"wp:featuredmedia":[{"embeddable":true,"href":"https:\/\/www.estrategiaconcursos.com.br\/blog\/wp-json\/wp\/v2\/media\/87876"}],"wp:attachment":[{"href":"https:\/\/www.estrategiaconcursos.com.br\/blog\/wp-json\/wp\/v2\/media?parent=87874"}],"wp:term":[{"taxonomy":"category","embeddable":true,"href":"https:\/\/www.estrategiaconcursos.com.br\/blog\/wp-json\/wp\/v2\/categories?post=87874"},{"taxonomy":"post_tag","embeddable":true,"href":"https:\/\/www.estrategiaconcursos.com.br\/blog\/wp-json\/wp\/v2\/tags?post=87874"},{"taxonomy":"tax_estado","embeddable":true,"href":"https:\/\/www.estrategiaconcursos.com.br\/blog\/wp-json\/wp\/v2\/tax_estado?post=87874"}],"curies":[{"name":"wp","href":"https:\/\/api.w.org\/{rel}","templated":true}]}}