{"id":87834,"date":"2017-09-11T15:01:53","date_gmt":"2017-09-11T18:01:53","guid":{"rendered":"https:\/\/www.estrategiaconcursos.com.br\/blog\/?p=87834"},"modified":"2017-09-11T19:01:31","modified_gmt":"2017-09-11T22:01:31","slug":"prova-portugues-pedro-ii-gabarito-extraoficial","status":"publish","type":"post","link":"https:\/\/www.estrategiaconcursos.com.br\/blog\/prova-portugues-pedro-ii-gabarito-extraoficial\/","title":{"rendered":"Portugu\u00eas Pedro II &#8211; Prova Resolvida (Com recurso)"},"content":{"rendered":"<p>Ol\u00e1, pessoal, boa tarde!<\/p>\n<p>Aqui quem fala \u00e9 o professor Felipe.<\/p>\n<p>Fiz uma breve resolu\u00e7\u00e3o da prova de portugu\u00eas do Col\u00e9gio Pedro II, aplicada ontem. Os gabaritos das quest\u00f5es 3 e 17 s\u00e3o discut\u00edveis, h\u00e1 uma argumenta\u00e7\u00e3o breve para servir de base para eventuais recursos, que cada candidato deve interpor com suas pr\u00f3prias palavras.<\/p>\n<p>Boa sorte a todos. Espero que tenham ido muito bem!!<\/p>\n<p>Quest\u00e3o 1<\/p>\n<p>O t\u00edtulo \u201cabolindo a aboli\u00e7\u00e3o\u201d anuncia o desejo de:<\/p>\n<p>c) retorno de escravid\u00e3o por parte do propriet\u00e1rio.<\/p>\n<p>Conforme mostrado ao longo do texto, o propriet\u00e1rio vai lentamente suprimindo os direitos dos trabalhadores e, ao fim, oferece comida e alojamento em troca de trabalho eterno. Isso fica patente na seguinte passagem:<\/p>\n<p>\u201cvamos voltar aos bons tempos [&#8230;] voc\u00eas receber\u00e3o para sempre comida e alojamento, a \u00fanica coisa que pe\u00e7o \u00e9: esque\u00e7am sal\u00e1rio, esque\u00e7am o resto&#8230;\u201d<\/p>\n<p>Gabarito letra C.<\/p>\n<p>Quest\u00e3o 2<\/p>\n<p>Os tr\u00eas par\u00e1grafos&#8230;<\/p>\n<p>A estrutura em paralelismo (repetida, com a mesma forma) N\u00c3O refor\u00e7a a \u201caceita\u00e7\u00e3o de pacto vantajoso tanto para o patr\u00e3o como para os trabalhadores\u201d, justamente porque isso n\u00e3o ocorre no texto. N\u00e3o h\u00e1 vantagem m\u00fatua no texto, a cada m\u00eas o trabalho que deveria ser assalariado vai voltando ao molde da escravid\u00e3o.<\/p>\n<p>Gabarito letra A.<\/p>\n<p>Quest\u00e3o 3<\/p>\n<p>Podem ser percebidos&#8230;<\/p>\n<p>Na alternativa B, parece haver &#8220;mistura&#8221; entre a voz do narrador e do propriet\u00e1rio, pois esse trecho &#8220;coisa pouca, e n\u00e3o por muito tempo&#8221; \u00e9 uma fala que poderia perfeitamente ser uma reprodu\u00e7\u00e3o literal da fala do &#8220;propriet\u00e1rio&#8221;. \u00c9 dif\u00edcil afirmar com certeza, pois nesse par\u00e1grafo, a fala n\u00e3o veio separada entre aspas, como marca de reprodu\u00e7\u00e3o literal (do personagem). J\u00e1 na linha 19, temos a fala do propriet\u00e1rio marcada por aspas: &#8220;eu proponho&#8221;.<\/p>\n<p>A banca entendeu como &#8220;mistura&#8221; exatamente esse fluxo indivis\u00edvel entre as falas do personagem e do narrador, marca do discurso indireto livre. Ent\u00e3o o gabarito \u00e9 letra B.<\/p>\n<p>No entanto, h\u00e1 clara intercala\u00e7\u00e3o, isto \u00e9, h\u00e1 mistura entre a voz do narrador e do propriet\u00e1rio na seguinte passagem:<\/p>\n<p>Eu proponho,<strong> disse o homem<\/strong>, que a gente esque\u00e7a essa tal de lei&#8230;<\/p>\n<p>\u201cdisse o homem\u201d \u00e9 a fala do narrador. \u201cEu proponho que a gente esque\u00e7a essa tal de lei\u201d \u00e9 a fala do propriet\u00e1rio.<\/p>\n<p>Esse \u00e9 o discurso direto, alternado entre falas literais e os verbos discendi do narrador. Ent\u00e3o, a ambiguidade da quest\u00e3o cai na interpreta\u00e7\u00e3o desse termo &#8220;mistura&#8221;. Se numa mesma senten\u00e7a, voc\u00ea tem a voz de ambos, pode-se sim entender que h\u00e1 mistura.<\/p>\n<p>Veja a pr\u00f3pria defini\u00e7\u00e3o de Evanildo Bechara (Moderna Gram\u00e1tica Portuguesa, 37\u00aaED):<\/p>\n<p>&#8220;No discurso direto reproduzimos ou supomos reproduzir fiel e <em><strong>textualmente as nossas<\/strong><\/em><br \/>\n<em><strong>palavras (literal) e as do nosso interlocutor (o narrador)<\/strong><\/em>, em di\u00e1logo, conforme vimos nos exemplos das ora\u00e7\u00f5es ou <em><strong>per\u00edodos intercalados de cita\u00e7\u00e3o<\/strong><\/em>, com a ajuda expl\u00edcita ou n\u00e3o de verbos como disse, respondeu, perguntou, retrucou ou sin\u00f4nimos (os chamados verbos dicendi).<\/p>\n<p>Jos\u00e9 Dias recusou, dizendo (narrador)<em>: \u00c9 justo levar a sa\u00fade \u00e0 casa de sap\u00e9 do pobre (personagem)<\/em>&#8221;<\/p>\n<p>A intercala\u00e7\u00e3o de cita\u00e7\u00e3o \u00e9 justamente a fala literal, ent\u00e3o temos as duas falas misturadas numa mesma senten\u00e7a.<\/p>\n<p>Contudo, a banca parece ter restringido &#8220;mistura&#8221; ao discurso indireto livre, em que a altern\u00e2ncia das falas n\u00e3o tem limites claros. N\u00e3o est\u00e1 errado, pois essa &#8220;mistura sem limites claros&#8221; faz parte da defini\u00e7\u00e3o do discurso indireto livre.<\/p>\n<p>Acredito que seja poss\u00edvel recorrer e argumentar que a letra D tamb\u00e9m mistura as falas de ambos, inclusive de forma muito mais clara. \u00a0N\u00e3o \u00e9 um recurso muito prov\u00e1vel de ser deferido, mas tem base, como dito acima. \u00a0Quem quiser reescreva a argumenta\u00e7\u00e3o acima com as pr\u00f3prias palavras, ok?<\/p>\n<p>Quest\u00e3o 4<\/p>\n<p>O slogan ufanista \u201cBrasil, ame ou deixe-o\u201d&#8230;<\/p>\n<p>O texto traz uma intertextualidade em rela\u00e7\u00e3o ao slogan, como pr\u00f3prio enunciado explica. Essa fala remete \u00e0 ideia de opress\u00e3o e restri\u00e7\u00e3o a direitos. Ent\u00e3o, naturalmente <strong>N\u00c3O<\/strong> evidencia cr\u00edtica \u00e0 preserva\u00e7\u00e3o imprescind\u00edvel dos direitos b\u00e1sicos e da autonomia dos seres humanos\u201d.<\/p>\n<p>Gabarito letra C.<\/p>\n<p>Quest\u00e3o 5<\/p>\n<p>Tendo em vista&#8230;<\/p>\n<p>O verbo \u201chaver\u201d, como sin\u00f4nimo de \u201cexistir\u201d, \u00e9 impessoal e n\u00e3o se flexiona. Na locu\u00e7\u00e3o verbal, faz com que se verbo auxiliar tamb\u00e9m n\u00e3o se flexione. Ent\u00e3o, haveria duas formas corretas:<\/p>\n<p>Banheiros n\u00e3o devia haver ou Banheiros n\u00e3o deviaM existir.<\/p>\n<p>Gabarito letra A.<\/p>\n<p>Quest\u00e3o 6<\/p>\n<p>Releia \u201cMas um dia tinha surgido uma lei&#8230; e tudo tinha mudado\u201d&#8230;<\/p>\n<p>Aqui temos a equival\u00eancia entre a forma simples do pret\u00e9rito mais-que-perfeito (termina\u00e7\u00e3o b\u00e1sica \u2013RA) e sua forma composta (tinha\/havia+partic\u00edpio)<\/p>\n<p>Ent\u00e3o: tinha surgido=surgira e tinha mudado=mudara.<\/p>\n<p>Gabarito letra B.<\/p>\n<p>Quest\u00e3o 7<\/p>\n<p>De acordo com o contexto, o pensamento do propriet\u00e1rio revelado em&#8230;<\/p>\n<p>A passagem, do ponto de vista do narrador, \u00e9 ir\u00f4nica. Ele reproduz a fala do propriet\u00e1rio, mas sua inten\u00e7\u00e3o \u00e9 justamente mostrar o sentido contr\u00e1rio: o dinheiro n\u00e3o \u00e9 coisa t\u00e3o mesquinha que devesse ser simplesmente ignorada pelos trabalhadores, nem os tempos da escravid\u00e3o eram realmente \u201cbons tempos\u201d.<\/p>\n<p>Gabarito letra D.<\/p>\n<p>Quest\u00e3o 8<\/p>\n<p>No trecho \u201cele n\u00e3o sabia <strong><u>como era bom o passado<\/u><\/strong>\u201d, a ora\u00e7\u00e3o em destaque funciona como:<\/p>\n<p>Observe que a ora\u00e7\u00e3o complementa o verbo \u201csabia\u201d:<\/p>\n<p>Ele n\u00e3o sabia [algo]<\/p>\n<p>Ele n\u00e3o sabia [<strong><u>como era bom o passado<\/u><\/strong>]<\/p>\n<p>Ele n\u00e3o sabia [isto]<\/p>\n<p>Trata-se de uma ora\u00e7\u00e3o com fun\u00e7\u00e3o de objeto direto.<\/p>\n<p>Gabarito letra D.<\/p>\n<p>Obs: Essa ora\u00e7\u00e3o \u00e9 subordinada substantiva objetiva direta, mas n\u00e3o veio introduzida por conjun\u00e7\u00e3o integrante porque \u00e9 de um subtipo muito espec\u00edfico: uma ora\u00e7\u00e3o substantiva <strong>justaposta<\/strong>.<\/p>\n<p>Quest\u00e3o 9<\/p>\n<p>No fragmento \u201c a \u00fanica coisa que pe\u00e7o \u00e9: <strong>esque\u00e7am<\/strong> sal\u00e1rio, <strong>esque\u00e7am<\/strong> o resto&#8230;<\/p>\n<p>A repeti\u00e7\u00e3o da forma verbal no imperativo \u201cesque\u00e7am\u201d mostra que o propriet\u00e1rio faz um apelo, com finalidade de convencer os empregados, a mudar a opini\u00e3o deles. Ent\u00e3o, temos fun\u00e7\u00e3o apelativa, tamb\u00e9m chamada de conativa e caracterizada pelo intuito de convencer, mudar comportamento, influenciar.<\/p>\n<p>Gabarito letra C.<\/p>\n<p>Quest\u00e3o 10<\/p>\n<p>A ora\u00e7\u00e3o retirada do quarto par\u00e1grafo&#8230;<\/p>\n<p>Nessa quest\u00e3o, temos a combina\u00e7\u00e3o de \u201cagora\u201d (indicando presente) e \u201crecebiam\u201d (indicando passado). Achei as alternativas bem nebulosas, mas vamos tentar entender a banca.<\/p>\n<p>Observe que temos duas alternativas opostas:<\/p>\n<p><strong><em>Aproxima\u00e7\u00e3o de um passado a outro mais distante<\/em><\/strong><\/p>\n<p><strong><em>Contraposi\u00e7\u00e3o de um passado a outro mais distante<\/em><\/strong><\/p>\n<p>Ent\u00e3o, normalmente, uma das duas deveria ser a resposta.<\/p>\n<p>O pret\u00e9rito imperfeito indica que o propriet\u00e1rio est\u00e1 contando uma hist\u00f3ria no passado, anterior ao pr\u00f3prio momento em que ele fala (momento este tamb\u00e9m no passado, sendo narrado).<\/p>\n<p>Ent\u00e3o, ele contrap\u00f5e o momento de sua fala a um momento passado ainda mais distante (o tempo da escravid\u00e3o). Se contrap\u00f5e, n\u00e3o pode estar \u201caproximando\u201d, ent\u00e3o dever\u00edamos marcar a letra B.<\/p>\n<p>Quest\u00e3o 11<\/p>\n<p>De acordo com o texto II, \u00e9 poss\u00edvel afirmar&#8230;<\/p>\n<p>O texto nos revela que h\u00e1 v\u00e1rios \u201ctipos de escravos\u201d: mulheres vendidas a bord\u00e9is, imigrantes, adolescentes, crian\u00e7as at\u00e9 pessoas usadas para a retirada de \u00f3rg\u00e3os.<\/p>\n<p>Ent\u00e3o, n\u00e3o s\u00f3 mulheres mas tamb\u00e9m crian\u00e7as s\u00e3o v\u00edtimas do trabalho escravo e da explora\u00e7\u00e3o sexual.<\/p>\n<p>Gabarito letra D.<\/p>\n<p>&nbsp;<\/p>\n<p>Quest\u00e3o 12<\/p>\n<p>Na forma verbal sublinhada&#8230;<\/p>\n<p>A terceira pessoa do plural, no presente do indicativo, do verbo \u201cReler\u201d \u00e9 \u201creleem\u201d. Os hiatos em \u201ceem\u201d n\u00e3o s\u00e3o mais acentuados.<\/p>\n<p>Gabarito letra A.<\/p>\n<p>&nbsp;<\/p>\n<p>Quest\u00e3o 13<\/p>\n<p>Nas passagens a seguir, <strong>N\u00c3O<\/strong> foi utilizada elipse como recurso coesivo em:<\/p>\n<p>a) elipse de \u201cpode ser um rosto\u201d<\/p>\n<p>b) elipse de \u201cdas v\u00edtimas\u201d<\/p>\n<p>c) elipse de \u201ccaso\u201d<\/p>\n<p>Na letra D, n\u00e3o houve coes\u00e3o por elipse.<\/p>\n<p>Gabarito letra D.<\/p>\n<p>&nbsp;<\/p>\n<p>Quest\u00e3o 14<\/p>\n<p>A passagem do texto I&#8230;<\/p>\n<p>Vejam a rela\u00e7\u00e3o entre os textos:<\/p>\n<p>A \u00fanica coisa que pe\u00e7o \u00e9: esque\u00e7am o sal\u00e1rio, esque\u00e7am o resto (trabalham sem receber)<\/p>\n<p>Esque\u00e7am o mundo l\u00e1 fora. O mundo de voc\u00eas agora \u00e9 esta fazenda. (n\u00e3o conseguem voltar ao local de origem)<\/p>\n<p>Gabarito letra C.<\/p>\n<p>&nbsp;<\/p>\n<p>Quest\u00e3o 15<\/p>\n<p>O trecho \u2018estima-se que 27 milh\u00f5es de pessoas estejam vivendo nessas condi\u00e7\u00f5es\u201d&#8230;<\/p>\n<p>A banca apenas pediu a passagem da voz passiva sint\u00e9tica para a anal\u00edtica:<\/p>\n<p>estima-se [<strong>que 27 milh\u00f5es de pessoas estejam vivendo nessas condi\u00e7\u00f5es<\/strong>]<\/p>\n<p>estima-se [<strong>isto<\/strong>]\u00a0 &gt;\u00a0 [<strong>isto<\/strong>] estima-se<\/p>\n<p>[<strong>isto<\/strong>] \u00e9 estimado<\/p>\n<p>\u00e9 estimado [<strong>que 27 milh\u00f5es de pessoas estejam vivendo nessas condi\u00e7\u00f5es<\/strong>]<\/p>\n<p>Gabarito letra C.<\/p>\n<p>&nbsp;<\/p>\n<p>Quest\u00e3o 16<\/p>\n<p>O verso \u201cNa verdade a m\u00e3o escrava\u201d introduz uma rela\u00e7\u00e3o de oposi\u00e7\u00e3o com a estrofe anterior, em que se diz que \u201co negro suja\u201d, quando, na verdade, ele limpa.<\/p>\n<p>Gabarito letra B.<\/p>\n<p>&nbsp;<\/p>\n<p>Quest\u00e3o 17<\/p>\n<p>Gilberto Gil estrutura&#8230;<\/p>\n<p>As ant\u00edteses (branco x negro; limpar x sujar; pureza x sujeira) evidenciam criticamente as diferen\u00e7as sociais, marcadas pela pureza do negro em oposi\u00e7\u00e3o \u00e0 sujeira do branco. O autor mostra isso em v\u00e1rios versos: \u201cNegra \u00e9 a m\u00e3o da pureza\u201d, \u201cNegra \u00e9 a m\u00e3o da imaculada nobreza\u201d. O argumento \u00e9 que o branco \u00e9 sujo e o negro escravo historicamente limpa a sujeira do branco\u201d.<\/p>\n<p>Pessoal, nessa quest\u00e3o, entendo que a letra C tamb\u00e9m \u00e9 bastante razo\u00e1vel, pois, de fato temos a diferen\u00e7a entre a sujeira e limpeza do negro, sendo a sujeira o estigma do dito popular \u201co negro vai sujar na sa\u00edda\u201d e a ant\u00edtese a limpeza do negro que sempre trabalhou na limpeza (servi\u00e7o dom\u00e9stico&#8230;). Por outro lado, temos a limpeza do branco (a limpeza que ele diz ter) e verdadeira sujeira do branco, que \u00e9 aquela que o negro limpa, segundo a \u00f3tica de Gilberto Gil. Ent\u00e3o, de uma forma mais sutil, essa alternativa tamb\u00e9m poderia ser considerada correta. Talvez a banca n\u00e3o tenha percebido essa sutileza, ou realmente tenha tentado fazer uma quest\u00e3o mais dif\u00edcil.<\/p>\n<p>No entanto, a banca considerou como gabarito a letra A.<\/p>\n<p>&#8220;expressar criticamente a injusti\u00e7a social marcada pelas diferen\u00e7as entre o branco e o negro e pela explora\u00e7\u00e3o do trabalho escravo&#8221;.<\/p>\n<p>Entendo que a alternativa acima traz o objetivo geral do &#8220;poema como um todo&#8221;, n\u00e3o especificamente das ant\u00edteses, como foi perguntado.<\/p>\n<p>Como adiantei no gabarito preliminar, acho que o examinador n\u00e3o separou bem o que pretendia perguntar, se queria falar do poema inteiro com sua finalidade geral de cr\u00edtica social ou se queria explorar especificamente o sentido das ant\u00edteses utilizadas. Se f\u00f4ssemos considerar os sentidos do texto como um todo, as 4 alternativas seriam totalmente pertinentes.<\/p>\n<p>Por isso, entendo que cabe recurso, pois as alternativas permitem essas duas leituras.<\/p>\n<p>Quest\u00e3o 18<\/p>\n<p>Observando-se os tr\u00eas primeiros&#8230;<\/p>\n<p>Os tr\u00eas primeiros versos reproduzem um lugar-comum: \u201co branco inventou que o negro quando n\u00e3o suja na entrada vai sujar na sa\u00edda\u201d.<\/p>\n<p>No \u00faltimo verso, temos \u201ceta branco suj\u00e3o\u201d, ou seja, no fim das contas, o branco \u00e9 que \u00e9 sujo, o que contraria o clich\u00ea apresentado inicialmente. Ora, se contraria, n\u00e3o podemos dizer que \u201cratifica\u201d (confirma).<\/p>\n<p>Gabarito letra B.<\/p>\n<p>&nbsp;<\/p>\n<p>Quest\u00e3o 19<\/p>\n<p>No fragmento \u201cNa verdade a m\u00e3o escrava<strong>\/passava<\/strong> a vida limpando\u201d&#8230;<\/p>\n<p>O verbo \u201cpassava\u201d est\u00e1 no pret\u00e9rito imperfeito do indicativo, tempo usado para indicar a\u00e7\u00f5es cont\u00ednuas, rotineiras, repetidas no passado.<\/p>\n<p>Ent\u00e3o, podemos dizer que indica a\u00e7\u00e3o n\u00e3o conclu\u00edda que se repetia frequentemente no passado. O pret\u00e9rito que indica a\u00e7\u00e3o conclu\u00edda \u00e9 o \u201cpret\u00e9rito perfeito\u201d.<\/p>\n<p>Gabarito letra C.<\/p>\n<p>Quest\u00e3o 20<\/p>\n<p>No trecho&#8230;\u201do que o branco sujava\u201d&#8230; o voc\u00e1bulo \u201co\u201d pertence \u00e0 classe dos&#8230;<\/p>\n<p>Antes do pronome relativo \u2018que\u2019, o voc\u00e1bulo \u201co\u201d equivale a \u201caquilo\u201d: \u201caquilo que o branco sujava\u201d. Portanto, temos um pronome demonstrativo.<\/p>\n<p>Gabarito letra A.<\/p>\n<p>&nbsp;<\/p>\n<p>&nbsp;<\/p>\n<p>&nbsp;<\/p>\n<p>&nbsp;<\/p>\n<p>&nbsp;<\/p>\n","protected":false},"excerpt":{"rendered":"<p>Ol\u00e1, pessoal, boa tarde! Aqui quem fala \u00e9 o professor Felipe. Fiz uma breve resolu\u00e7\u00e3o da prova de portugu\u00eas do Col\u00e9gio Pedro II, aplicada ontem. Os gabaritos das quest\u00f5es 3 e 17 s\u00e3o discut\u00edveis, h\u00e1 uma argumenta\u00e7\u00e3o breve para servir de base para eventuais recursos, que cada candidato deve interpor com suas pr\u00f3prias palavras. Boa [&hellip;]<\/p>\n","protected":false},"author":1,"featured_media":0,"comment_status":"open","ping_status":"open","sticky":false,"template":"","format":"standard","meta":{"post_tipo":"article","footnotes":""},"categories":[1],"tags":[],"tax_estado":[],"class_list":["post-87834","post","type-post","status-publish","format-standard","hentry","category-cursos-e-concursos"],"acf":[],"yoast_head":"<!-- This site is optimized with the Yoast SEO Premium plugin v27.2 (Yoast SEO v27.2) - https:\/\/yoast.com\/product\/yoast-seo-premium-wordpress\/ -->\n<title>Portugu\u00eas Pedro II - Prova Resolvida (Com recurso)<\/title>\n<meta name=\"robots\" content=\"index, follow, max-snippet:-1, max-image-preview:large, max-video-preview:-1\" \/>\n<link rel=\"canonical\" href=\"https:\/\/www.estrategiaconcursos.com.br\/blog\/prova-portugues-pedro-ii-gabarito-extraoficial\/\" \/>\n<meta property=\"og:locale\" content=\"pt_BR\" \/>\n<meta property=\"og:type\" content=\"article\" \/>\n<meta property=\"og:title\" content=\"Portugu\u00eas Pedro II - Prova Resolvida (Com recurso)\" \/>\n<meta property=\"og:description\" content=\"Ol\u00e1, pessoal, boa tarde! Aqui quem fala \u00e9 o professor Felipe. Fiz uma breve resolu\u00e7\u00e3o da prova de portugu\u00eas do Col\u00e9gio Pedro II, aplicada ontem. Os gabaritos das quest\u00f5es 3 e 17 s\u00e3o discut\u00edveis, h\u00e1 uma argumenta\u00e7\u00e3o breve para servir de base para eventuais recursos, que cada candidato deve interpor com suas pr\u00f3prias palavras. Boa [&hellip;]\" \/>\n<meta property=\"og:url\" content=\"https:\/\/www.estrategiaconcursos.com.br\/blog\/prova-portugues-pedro-ii-gabarito-extraoficial\/\" \/>\n<meta property=\"og:site_name\" content=\"Estrat\u00e9gia Concursos\" \/>\n<meta property=\"article:author\" content=\"https:\/\/www.facebook.com\/EstrategiaConcursos\" \/>\n<meta property=\"article:published_time\" content=\"2017-09-11T18:01:53+00:00\" \/>\n<meta property=\"article:modified_time\" content=\"2017-09-11T22:01:31+00:00\" \/>\n<meta name=\"author\" content=\"Coordena\u00e7\u00e3o\" \/>\n<meta name=\"twitter:card\" content=\"summary_large_image\" \/>\n<meta name=\"twitter:creator\" content=\"@EstratConcursos\" \/>\n<meta name=\"twitter:site\" content=\"@EstratConcursos\" \/>\n<meta name=\"twitter:label1\" content=\"Escrito por\" \/>\n\t<meta name=\"twitter:data1\" content=\"Coordena\u00e7\u00e3o\" \/>\n\t<meta name=\"twitter:label2\" content=\"Est. tempo de leitura\" \/>\n\t<meta name=\"twitter:data2\" content=\"10 minutos\" \/>\n<script type=\"application\/ld+json\" class=\"yoast-schema-graph\">{\"@context\":\"https:\/\/schema.org\",\"@graph\":[{\"@type\":\"NewsArticle\",\"@id\":\"https:\/\/www.estrategiaconcursos.com.br\/blog\/prova-portugues-pedro-ii-gabarito-extraoficial\/#article\",\"isPartOf\":{\"@id\":\"https:\/\/www.estrategiaconcursos.com.br\/blog\/prova-portugues-pedro-ii-gabarito-extraoficial\/\"},\"author\":{\"name\":\"Coordena\u00e7\u00e3o\",\"@id\":\"https:\/\/www.estrategiaconcursos.com.br\/blog\/#\/schema\/person\/b4a388c97673c5f483d72185668afa1f\"},\"headline\":\"Portugu\u00eas Pedro II &#8211; Prova Resolvida (Com recurso)\",\"datePublished\":\"2017-09-11T18:01:53+00:00\",\"dateModified\":\"2017-09-11T22:01:31+00:00\",\"mainEntityOfPage\":{\"@id\":\"https:\/\/www.estrategiaconcursos.com.br\/blog\/prova-portugues-pedro-ii-gabarito-extraoficial\/\"},\"wordCount\":2017,\"commentCount\":6,\"publisher\":{\"@id\":\"https:\/\/www.estrategiaconcursos.com.br\/blog\/#organization\"},\"articleSection\":[\"Concursos P\u00fablicos\"],\"inLanguage\":\"pt-BR\",\"potentialAction\":[{\"@type\":\"CommentAction\",\"name\":\"Comment\",\"target\":[\"https:\/\/www.estrategiaconcursos.com.br\/blog\/prova-portugues-pedro-ii-gabarito-extraoficial\/#respond\"]}],\"copyrightYear\":\"2017\",\"copyrightHolder\":{\"@id\":\"https:\/\/www.estrategiaconcursos.com.br\/blog\/#organization\"}},{\"@type\":\"WebPage\",\"@id\":\"https:\/\/www.estrategiaconcursos.com.br\/blog\/prova-portugues-pedro-ii-gabarito-extraoficial\/\",\"url\":\"https:\/\/www.estrategiaconcursos.com.br\/blog\/prova-portugues-pedro-ii-gabarito-extraoficial\/\",\"name\":\"Portugu\u00eas Pedro II - Prova Resolvida (Com recurso)\",\"isPartOf\":{\"@id\":\"https:\/\/www.estrategiaconcursos.com.br\/blog\/#website\"},\"datePublished\":\"2017-09-11T18:01:53+00:00\",\"dateModified\":\"2017-09-11T22:01:31+00:00\",\"breadcrumb\":{\"@id\":\"https:\/\/www.estrategiaconcursos.com.br\/blog\/prova-portugues-pedro-ii-gabarito-extraoficial\/#breadcrumb\"},\"inLanguage\":\"pt-BR\",\"potentialAction\":[{\"@type\":\"ReadAction\",\"target\":[\"https:\/\/www.estrategiaconcursos.com.br\/blog\/prova-portugues-pedro-ii-gabarito-extraoficial\/\"]}]},{\"@type\":\"BreadcrumbList\",\"@id\":\"https:\/\/www.estrategiaconcursos.com.br\/blog\/prova-portugues-pedro-ii-gabarito-extraoficial\/#breadcrumb\",\"itemListElement\":[{\"@type\":\"ListItem\",\"position\":1,\"name\":\"In\u00edcio\",\"item\":\"https:\/\/www.estrategiaconcursos.com.br\/blog\/\"},{\"@type\":\"ListItem\",\"position\":2,\"name\":\"Portugu\u00eas Pedro II &#8211; Prova Resolvida (Com recurso)\"}]},{\"@type\":\"WebSite\",\"@id\":\"https:\/\/www.estrategiaconcursos.com.br\/blog\/#website\",\"url\":\"https:\/\/www.estrategiaconcursos.com.br\/blog\/\",\"name\":\"Estrat\u00e9gia Concursos\",\"description\":\"O blog da Estrat\u00e9gia Concursos traz not\u00edcias sobre concursos e artigos de professores oferecendo cursos para concursos (pdf + videaulas) no site.\",\"publisher\":{\"@id\":\"https:\/\/www.estrategiaconcursos.com.br\/blog\/#organization\"},\"potentialAction\":[{\"@type\":\"SearchAction\",\"target\":{\"@type\":\"EntryPoint\",\"urlTemplate\":\"https:\/\/www.estrategiaconcursos.com.br\/blog\/?s={search_term_string}\"},\"query-input\":{\"@type\":\"PropertyValueSpecification\",\"valueRequired\":true,\"valueName\":\"search_term_string\"}}],\"inLanguage\":\"pt-BR\"},{\"@type\":\"Organization\",\"@id\":\"https:\/\/www.estrategiaconcursos.com.br\/blog\/#organization\",\"name\":\"Estrat\u00e9gia Concursos\",\"url\":\"https:\/\/www.estrategiaconcursos.com.br\/blog\/\",\"logo\":{\"@type\":\"ImageObject\",\"inLanguage\":\"pt-BR\",\"@id\":\"https:\/\/www.estrategiaconcursos.com.br\/blog\/#\/schema\/logo\/image\/\",\"url\":\"https:\/\/dhg1h5j42swfq.cloudfront.net\/2025\/06\/03203428\/logo_concursos-1.jpg\",\"contentUrl\":\"https:\/\/dhg1h5j42swfq.cloudfront.net\/2025\/06\/03203428\/logo_concursos-1.jpg\",\"width\":230,\"height\":60,\"caption\":\"Estrat\u00e9gia Concursos\"},\"image\":{\"@id\":\"https:\/\/www.estrategiaconcursos.com.br\/blog\/#\/schema\/logo\/image\/\"},\"sameAs\":[\"https:\/\/x.com\/EstratConcursos\"]},{\"@type\":\"Person\",\"@id\":\"https:\/\/www.estrategiaconcursos.com.br\/blog\/#\/schema\/person\/b4a388c97673c5f483d72185668afa1f\",\"name\":\"Coordena\u00e7\u00e3o\",\"image\":{\"@type\":\"ImageObject\",\"inLanguage\":\"pt-BR\",\"@id\":\"https:\/\/secure.gravatar.com\/avatar\/b720319e4c9a967eb58678d110f4fe35452fc5d5f97b202bac7b8acceb18c6ad?s=96&d=mm&r=g\",\"url\":\"https:\/\/secure.gravatar.com\/avatar\/b720319e4c9a967eb58678d110f4fe35452fc5d5f97b202bac7b8acceb18c6ad?s=96&d=mm&r=g\",\"contentUrl\":\"https:\/\/secure.gravatar.com\/avatar\/b720319e4c9a967eb58678d110f4fe35452fc5d5f97b202bac7b8acceb18c6ad?s=96&d=mm&r=g\",\"caption\":\"Coordena\u00e7\u00e3o\"},\"sameAs\":[\"https:\/\/www.facebook.com\/EstrategiaConcursos\",\"https:\/\/x.com\/EstratConcursos\"],\"url\":\"https:\/\/www.estrategiaconcursos.com.br\/blog\/author\/estrategia2013\/\"}]}<\/script>\n<!-- \/ Yoast SEO Premium plugin. -->","yoast_head_json":{"title":"Portugu\u00eas Pedro II - Prova Resolvida (Com recurso)","robots":{"index":"index","follow":"follow","max-snippet":"max-snippet:-1","max-image-preview":"max-image-preview:large","max-video-preview":"max-video-preview:-1"},"canonical":"https:\/\/www.estrategiaconcursos.com.br\/blog\/prova-portugues-pedro-ii-gabarito-extraoficial\/","og_locale":"pt_BR","og_type":"article","og_title":"Portugu\u00eas Pedro II - Prova Resolvida (Com recurso)","og_description":"Ol\u00e1, pessoal, boa tarde! Aqui quem fala \u00e9 o professor Felipe. Fiz uma breve resolu\u00e7\u00e3o da prova de portugu\u00eas do Col\u00e9gio Pedro II, aplicada ontem. Os gabaritos das quest\u00f5es 3 e 17 s\u00e3o discut\u00edveis, h\u00e1 uma argumenta\u00e7\u00e3o breve para servir de base para eventuais recursos, que cada candidato deve interpor com suas pr\u00f3prias palavras. Boa [&hellip;]","og_url":"https:\/\/www.estrategiaconcursos.com.br\/blog\/prova-portugues-pedro-ii-gabarito-extraoficial\/","og_site_name":"Estrat\u00e9gia Concursos","article_author":"https:\/\/www.facebook.com\/EstrategiaConcursos","article_published_time":"2017-09-11T18:01:53+00:00","article_modified_time":"2017-09-11T22:01:31+00:00","author":"Coordena\u00e7\u00e3o","twitter_card":"summary_large_image","twitter_creator":"@EstratConcursos","twitter_site":"@EstratConcursos","twitter_misc":{"Escrito por":"Coordena\u00e7\u00e3o","Est. tempo de leitura":"10 minutos"},"schema":{"@context":"https:\/\/schema.org","@graph":[{"@type":"NewsArticle","@id":"https:\/\/www.estrategiaconcursos.com.br\/blog\/prova-portugues-pedro-ii-gabarito-extraoficial\/#article","isPartOf":{"@id":"https:\/\/www.estrategiaconcursos.com.br\/blog\/prova-portugues-pedro-ii-gabarito-extraoficial\/"},"author":{"name":"Coordena\u00e7\u00e3o","@id":"https:\/\/www.estrategiaconcursos.com.br\/blog\/#\/schema\/person\/b4a388c97673c5f483d72185668afa1f"},"headline":"Portugu\u00eas Pedro II &#8211; Prova Resolvida (Com recurso)","datePublished":"2017-09-11T18:01:53+00:00","dateModified":"2017-09-11T22:01:31+00:00","mainEntityOfPage":{"@id":"https:\/\/www.estrategiaconcursos.com.br\/blog\/prova-portugues-pedro-ii-gabarito-extraoficial\/"},"wordCount":2017,"commentCount":6,"publisher":{"@id":"https:\/\/www.estrategiaconcursos.com.br\/blog\/#organization"},"articleSection":["Concursos P\u00fablicos"],"inLanguage":"pt-BR","potentialAction":[{"@type":"CommentAction","name":"Comment","target":["https:\/\/www.estrategiaconcursos.com.br\/blog\/prova-portugues-pedro-ii-gabarito-extraoficial\/#respond"]}],"copyrightYear":"2017","copyrightHolder":{"@id":"https:\/\/www.estrategiaconcursos.com.br\/blog\/#organization"}},{"@type":"WebPage","@id":"https:\/\/www.estrategiaconcursos.com.br\/blog\/prova-portugues-pedro-ii-gabarito-extraoficial\/","url":"https:\/\/www.estrategiaconcursos.com.br\/blog\/prova-portugues-pedro-ii-gabarito-extraoficial\/","name":"Portugu\u00eas Pedro II - Prova Resolvida (Com recurso)","isPartOf":{"@id":"https:\/\/www.estrategiaconcursos.com.br\/blog\/#website"},"datePublished":"2017-09-11T18:01:53+00:00","dateModified":"2017-09-11T22:01:31+00:00","breadcrumb":{"@id":"https:\/\/www.estrategiaconcursos.com.br\/blog\/prova-portugues-pedro-ii-gabarito-extraoficial\/#breadcrumb"},"inLanguage":"pt-BR","potentialAction":[{"@type":"ReadAction","target":["https:\/\/www.estrategiaconcursos.com.br\/blog\/prova-portugues-pedro-ii-gabarito-extraoficial\/"]}]},{"@type":"BreadcrumbList","@id":"https:\/\/www.estrategiaconcursos.com.br\/blog\/prova-portugues-pedro-ii-gabarito-extraoficial\/#breadcrumb","itemListElement":[{"@type":"ListItem","position":1,"name":"In\u00edcio","item":"https:\/\/www.estrategiaconcursos.com.br\/blog\/"},{"@type":"ListItem","position":2,"name":"Portugu\u00eas Pedro II &#8211; Prova Resolvida (Com recurso)"}]},{"@type":"WebSite","@id":"https:\/\/www.estrategiaconcursos.com.br\/blog\/#website","url":"https:\/\/www.estrategiaconcursos.com.br\/blog\/","name":"Estrat\u00e9gia Concursos","description":"O blog da Estrat\u00e9gia Concursos traz not\u00edcias sobre concursos e artigos de professores oferecendo cursos para concursos (pdf + videaulas) no site.","publisher":{"@id":"https:\/\/www.estrategiaconcursos.com.br\/blog\/#organization"},"potentialAction":[{"@type":"SearchAction","target":{"@type":"EntryPoint","urlTemplate":"https:\/\/www.estrategiaconcursos.com.br\/blog\/?s={search_term_string}"},"query-input":{"@type":"PropertyValueSpecification","valueRequired":true,"valueName":"search_term_string"}}],"inLanguage":"pt-BR"},{"@type":"Organization","@id":"https:\/\/www.estrategiaconcursos.com.br\/blog\/#organization","name":"Estrat\u00e9gia Concursos","url":"https:\/\/www.estrategiaconcursos.com.br\/blog\/","logo":{"@type":"ImageObject","inLanguage":"pt-BR","@id":"https:\/\/www.estrategiaconcursos.com.br\/blog\/#\/schema\/logo\/image\/","url":"https:\/\/dhg1h5j42swfq.cloudfront.net\/2025\/06\/03203428\/logo_concursos-1.jpg","contentUrl":"https:\/\/dhg1h5j42swfq.cloudfront.net\/2025\/06\/03203428\/logo_concursos-1.jpg","width":230,"height":60,"caption":"Estrat\u00e9gia Concursos"},"image":{"@id":"https:\/\/www.estrategiaconcursos.com.br\/blog\/#\/schema\/logo\/image\/"},"sameAs":["https:\/\/x.com\/EstratConcursos"]},{"@type":"Person","@id":"https:\/\/www.estrategiaconcursos.com.br\/blog\/#\/schema\/person\/b4a388c97673c5f483d72185668afa1f","name":"Coordena\u00e7\u00e3o","image":{"@type":"ImageObject","inLanguage":"pt-BR","@id":"https:\/\/secure.gravatar.com\/avatar\/b720319e4c9a967eb58678d110f4fe35452fc5d5f97b202bac7b8acceb18c6ad?s=96&d=mm&r=g","url":"https:\/\/secure.gravatar.com\/avatar\/b720319e4c9a967eb58678d110f4fe35452fc5d5f97b202bac7b8acceb18c6ad?s=96&d=mm&r=g","contentUrl":"https:\/\/secure.gravatar.com\/avatar\/b720319e4c9a967eb58678d110f4fe35452fc5d5f97b202bac7b8acceb18c6ad?s=96&d=mm&r=g","caption":"Coordena\u00e7\u00e3o"},"sameAs":["https:\/\/www.facebook.com\/EstrategiaConcursos","https:\/\/x.com\/EstratConcursos"],"url":"https:\/\/www.estrategiaconcursos.com.br\/blog\/author\/estrategia2013\/"}]}},"_links":{"self":[{"href":"https:\/\/www.estrategiaconcursos.com.br\/blog\/wp-json\/wp\/v2\/posts\/87834","targetHints":{"allow":["GET"]}}],"collection":[{"href":"https:\/\/www.estrategiaconcursos.com.br\/blog\/wp-json\/wp\/v2\/posts"}],"about":[{"href":"https:\/\/www.estrategiaconcursos.com.br\/blog\/wp-json\/wp\/v2\/types\/post"}],"author":[{"embeddable":true,"href":"https:\/\/www.estrategiaconcursos.com.br\/blog\/wp-json\/wp\/v2\/users\/1"}],"replies":[{"embeddable":true,"href":"https:\/\/www.estrategiaconcursos.com.br\/blog\/wp-json\/wp\/v2\/comments?post=87834"}],"version-history":[{"count":13,"href":"https:\/\/www.estrategiaconcursos.com.br\/blog\/wp-json\/wp\/v2\/posts\/87834\/revisions"}],"predecessor-version":[{"id":88556,"href":"https:\/\/www.estrategiaconcursos.com.br\/blog\/wp-json\/wp\/v2\/posts\/87834\/revisions\/88556"}],"wp:attachment":[{"href":"https:\/\/www.estrategiaconcursos.com.br\/blog\/wp-json\/wp\/v2\/media?parent=87834"}],"wp:term":[{"taxonomy":"category","embeddable":true,"href":"https:\/\/www.estrategiaconcursos.com.br\/blog\/wp-json\/wp\/v2\/categories?post=87834"},{"taxonomy":"post_tag","embeddable":true,"href":"https:\/\/www.estrategiaconcursos.com.br\/blog\/wp-json\/wp\/v2\/tags?post=87834"},{"taxonomy":"tax_estado","embeddable":true,"href":"https:\/\/www.estrategiaconcursos.com.br\/blog\/wp-json\/wp\/v2\/tax_estado?post=87834"}],"curies":[{"name":"wp","href":"https:\/\/api.w.org\/{rel}","templated":true}]}}