{"id":878078,"date":"2021-10-05T17:19:00","date_gmt":"2021-10-05T20:19:00","guid":{"rendered":"https:\/\/www.estrategiaconcursos.com.br\/blog\/?p=878078"},"modified":"2023-03-03T14:08:52","modified_gmt":"2023-03-03T17:08:52","slug":"1o-congresso-de-direito-constitucional","status":"publish","type":"post","link":"https:\/\/www.estrategiaconcursos.com.br\/blog\/1o-congresso-de-direito-constitucional\/","title":{"rendered":"1\u00ba Congresso de Direito Constitucional: de 05\/10 a 07\/10! Confira!"},"content":{"rendered":"\n<p>Dentre os dias <strong>5 e 7 de outubro de 2021,<\/strong> a equipe de professores do Estrat\u00e9gia Carreira Jur\u00eddica apresentar\u00e1 o &#8220;<em><a href=\"https:\/\/youtu.be\/M7w6cvMIlcw\" target=\"_blank\" rel=\"noreferrer noopener\">1\u00ba Congresso de Direito Constitucional<\/a>&#8220;<\/em>, disciplina b\u00e1sica e extremamente importante para voc\u00ea que costuma prestar esses tipos de certames, conhecidos por sua sofistica\u00e7\u00e3o e aprofundamento. Acompanhe ao vivo e gratuitamente pelo canal do Estrat\u00e9gia Carreira Jur\u00eddica no YouTube.<\/p>\n\n\n\n<h3 class=\"wp-block-heading\" id=\"h-1\u00ba-congresso-de-direito-constitucional-cronograma\">1\u00ba Congresso de Direito Constitucional: Cronograma<\/h3>\n\n\n\n<p class=\"has-very-light-gray-background-color has-background\"><strong>Data: <\/strong>5 a 7 de outubro de 2021<strong><br \/>Hor\u00e1rio: <\/strong>19:00<strong><br \/>Onde: <\/strong><a href=\"https:\/\/www.youtube.com\/channel\/UClbMGuYbj2Mh1m3w144ETWQ\" target=\"_blank\" rel=\"noreferrer noopener\">Canal do Estrat\u00e9gia Carreira Jur\u00eddica no Youtube<\/a><\/p>\n\n\n\n<h3 class=\"wp-block-heading\" id=\"h-1\u00ba-congresso-de-direito-constitucional-programacao\">1\u00ba Congresso de Direito Constitucional: Programa\u00e7\u00e3o<\/h3>\n\n\n\n<p>O Direito Constitucional \u00e9 uma disciplina essencial em todos os concursos p\u00fablicos, por\u00e9m, nos concursos de carreira jur\u00eddica, a abordagem do tema se faz de maneira ainda mais esmiu\u00e7ada e interdisciplinar. Por isso, nosso congresso ajudar\u00e1 sobremaneira na sua prepara\u00e7\u00e3o!<\/p>\n\n\n\n<p>Confira abaixo a programa\u00e7\u00e3o dos eventos que ser\u00e3o transmitidos nesta semana: <\/p>\n\n\n\n<figure class=\"wp-block-table is-style-stripes\"><table class=\"has-fixed-layout\"><tbody><tr><td class=\"has-text-align-center\" data-align=\"center\"><strong>Dia<\/strong><\/td><td class=\"has-text-align-center\" data-align=\"center\"><strong>Hor\u00e1rio<\/strong><\/td><td class=\"has-text-align-center\" data-align=\"center\"><strong>Tema<\/strong><\/td><td class=\"has-text-align-center\" data-align=\"center\"><strong>Palestrantes<\/strong><\/td><\/tr><tr><td class=\"has-text-align-center\" data-align=\"center\">05\/10<\/td><td class=\"has-text-align-center\" data-align=\"center\">18h<\/td><td class=\"has-text-align-center\" data-align=\"center\"><a href=\"https:\/\/www.youtube.com\/watch?v=M7w6cvMIlcw\" target=\"_blank\" rel=\"noreferrer noopener\">Teoria da Constitui\u00e7\u00e3o<\/a><\/td><td class=\"has-text-align-center\" data-align=\"center\">&#8211; <em>Marcos Gomes (Constitucionalismo)<\/em><br \/>&#8211; <em>Paula Danese <\/em><br \/><em>(Direito do Amanh\u00e3)<\/em><br \/>&#8211; <em>Nelma Fontana (Perspectivas do Direito Constitucional)<\/em><\/td><\/tr><tr><td class=\"has-text-align-center\" data-align=\"center\">06\/10<\/td><td class=\"has-text-align-center\" data-align=\"center\">19h<\/td><td class=\"has-text-align-center\" data-align=\"center\"><a href=\"https:\/\/www.youtube.com\/watch?v=XemhC3PAiZA\" target=\"_blank\" rel=\"noreferrer noopener\">Teoria do Estado<\/a><\/td><td class=\"has-text-align-center\" data-align=\"center\">&#8211; <em>Marcos Gomes (Federalismo)<\/em><br \/>&#8211; <em>Guilherme Pe\u00f1a (Perspectivas do Federalismo no Brasil)<\/em><br \/>&#8211; <em>Rafael Barreto (Federalismo e aspectos essenciais)<\/em><\/td><\/tr><tr><td class=\"has-text-align-center\" data-align=\"center\">07\/10<\/td><td class=\"has-text-align-center\" data-align=\"center\">19h<\/td><td class=\"has-text-align-center\" data-align=\"center\"><a href=\"https:\/\/www.youtube.com\/watch?v=irIx9AoJ3o8\" target=\"_blank\" rel=\"noreferrer noopener\">Teoria dos Direitos Fundamentais<\/a><\/td><td class=\"has-text-align-center\" data-align=\"center\">&#8211; <em>Marcos Gomes <\/em><br \/><em>(Aspectos da Teoria Geral dos Direitos Fundamentais)<\/em><br \/>&#8211; <em>Jean Vilbert <\/em><br \/><em>(Temas contempor\u00e2neos de Direitos Individuais)<\/em><br \/>&#8211; <em>Fl\u00e1via Piovesan <\/em><br \/><em>(Temas contempor\u00e2neos de Direitos Sociais)<\/em><br \/>&#8211; <em>L\u00facia Reinert <\/em><br \/><em>(Temas contempor\u00e2neos de Direitos Difusos e Coletivos)<\/em><\/td><\/tr><\/tbody><\/table><\/figure>\n\n\n\n<h2 class=\"has-text-align-center wp-block-heading\" id=\"cursos-ficha\">Cursos e Assinaturas<\/h2>\n\n\n\n<p>O Estrat\u00e9gia Carreira Jur\u00eddica \u00e9 campe\u00e3o de aprova\u00e7\u00f5es nos concursos para Carreiras Jur\u00eddicas com um corpo docente qualificado e materiais completos. Conhe\u00e7a nossos cursos e garanta sua aprova\u00e7\u00e3o:<\/p>\n\n\n\n<div class=\"container\" id=\"boxes\">\n  <div class=\"row\">\n\n    <div class=\"col-sm\">\n      <div class=\"banner-ecj\" id=\"box-assinatura\">\n        <h3 class=\"titulo-assinatura\">Curso para Carreiras Jur\u00eddicas <\/h3>\n        <p class=\"subtitulo-assinatura\">Cursos focados no edital do concurso<\/p>\n        <div class=\"box-botao\">\n          <a class=\"btn-assinatura\" target=\"_blank\" href=\"https:\/\/www.estrategiaconcursos.com.br\/cursosPorConcurso\/carreira-juridica-regular\/\" role=\"button\" rel=\"noopener noreferrer\">Conhe\u00e7a mais<\/a>\n        <\/div>\n      <\/div>\n      <p class=\"texto-auxiliar\">Prepare-se com o melhor material e com quem mais aprova em concursos em todo o pa\u00eds. \n<\/p>\n    <\/div>\n\n  <\/div>\n<\/div>\n\n\n\n<div class=\"container\" id=\"boxes\">\n  <div class=\"row\">\n\n    <div class=\"col-sm\">\n      <div class=\"banner-ecj\" id=\"box-assinatura\">\n        <h3 class=\"titulo-assinatura\">Assinatura Jur\u00eddica <\/h3>\n        <p class=\"subtitulo-assinatura\">Conhe\u00e7a os planos<\/p>\n        <div class=\"box-botao\">\n          <a class=\"btn-assinatura\" target=\"_blank\" href=\"https:\/\/www.estrategiaconcursos.com.br\/assinaturas-ecj\/\" role=\"button\" rel=\"noopener noreferrer\">Conhe\u00e7a mais<\/a>\n        <\/div>\n      <\/div>\n      <p class=\"texto-auxiliar\">Prepare-se com o melhor material e com quem mais aprova em Concursos P\u00fablicos em todo o pa\u00eds. \n<\/p>\n    <\/div>\n\n  <\/div>\n<\/div>\n\n\n\n<div class=\"container\" id=\"boxes\">\n  <div class=\"row\">\n\n    <div class=\"col-sm\" id=\"boxes-concursos\">\n      <div style=\"background-color: #005DAD;\" class=\"conteudo-concursos\" id=\"box-concursos\">\n        <h3 class=\"titulo-assinatura\">Concursos Abertos<\/h3>\n        <p class=\"subtitulo-assinatura\">Confira os editais publicados<\/p>\n        <div class=\"box-botao\">\n          <a class=\"btn-assinatura\" target=\"_blank\" href=\"https:\/\/www.estrategiaconcursos.com.br\/blog\/concursos-abertos\/\" role=\"button\" rel=\"noopener noreferrer\">Conhe\u00e7a Agora<\/a>\n        <\/div>\n      <\/div>\n    <\/div>\n\n    <div class=\"col-sm\" id=\"boxes-concursos\">\n      <div style=\"background-color: #1A7ED5;\" class=\"conteudo-concursos\" id=\"box-concursos\">\n        <h3 class=\"titulo-assinatura\">Concursos 2021<\/h3>\n        <p class=\"subtitulo-assinatura\">As oportunidades previstas<\/p>\n        <div class=\"box-botao\">\n          <a class=\"btn-assinatura\" target=\"_blank\" href=\"https:\/\/www.estrategiaconcursos.com.br\/blog\/concursos-2021\/\" role=\"button\" rel=\"noopener noreferrer\">Conhe\u00e7a Agora<\/a>\n        <\/div>\n      <\/div>\n    <\/div>\n\n    <div class=\"col-sm\" id=\"boxes-concursos\">\n      <div style=\"background-color: #419FF0;\" class=\"conteudo-concursos\" id=\"box-concursos\">\n        <h3 class=\"titulo-assinatura\">Concursos Jur\u00eddicos<\/h3>\n        <p class=\"subtitulo-assinatura\">Vagas para \u00e1rea jur\u00eddica<\/p>\n        <div class=\"box-botao\">\n          <a class=\"btn-assinatura\" target=\"_blank\" href=\"https:\/\/www.estrategiaconcursos.com.br\/blog\/concursos-de-direito\/\" role=\"button\" rel=\"noopener noreferrer\">Conhe\u00e7a Agora<\/a>\n        <\/div>\n      <\/div>\n    <\/div>\n\n  <\/div>\n<\/div>\n","protected":false},"excerpt":{"rendered":"<p>Dentre os dias 5 e 7 de outubro de 2021, a equipe de professores do Estrat\u00e9gia Carreira Jur\u00eddica apresentar\u00e1 o &#8220;1\u00ba Congresso de Direito Constitucional&#8220;, disciplina b\u00e1sica e extremamente importante para voc\u00ea que costuma prestar esses tipos de certames, conhecidos por sua sofistica\u00e7\u00e3o e aprofundamento. Acompanhe ao vivo e gratuitamente pelo canal do Estrat\u00e9gia Carreira [&hellip;]<\/p>\n","protected":false},"author":492,"featured_media":878109,"comment_status":"open","ping_status":"closed","sticky":false,"template":"","format":"standard","meta":{"post_tipo":"news","footnotes":""},"categories":[2185],"tags":[],"tax_estado":[219963],"class_list":["post-878078","post","type-post","status-publish","format-standard","has-post-thumbnail","hentry","category-carreiras-juridicas","tax_estado-concursos-federais"],"acf":[],"yoast_head":"<!-- This site is optimized with the Yoast SEO Premium plugin v27.2 (Yoast SEO v27.2) - https:\/\/yoast.com\/product\/yoast-seo-premium-wordpress\/ -->\n<title>1\u00ba Congresso de Direito Constitucional: de 05\/10 a 07\/10! Confira!<\/title>\n<meta name=\"description\" content=\"N\u00e3o perca entre os dias 5 e 7 de outubro o 1\u00ba Congresso de Direito Constitucional especialmente para voc\u00ea que presta concursos jur\u00eddicos.\" \/>\n<meta name=\"robots\" content=\"index, follow, max-snippet:-1, max-image-preview:large, max-video-preview:-1\" \/>\n<link rel=\"canonical\" href=\"https:\/\/www.estrategiaconcursos.com.br\/blog\/1o-congresso-de-direito-constitucional\/\" \/>\n<meta property=\"og:locale\" content=\"pt_BR\" \/>\n<meta property=\"og:type\" content=\"article\" \/>\n<meta property=\"og:title\" content=\"1\u00ba Congresso de Direito Constitucional: de 05\/10 a 07\/10! Confira!\" \/>\n<meta property=\"og:description\" content=\"N\u00e3o perca entre os dias 5 e 7 de outubro o 1\u00ba Congresso de Direito Constitucional especialmente para voc\u00ea que presta concursos jur\u00eddicos.\" \/>\n<meta property=\"og:url\" content=\"https:\/\/www.estrategiaconcursos.com.br\/blog\/1o-congresso-de-direito-constitucional\/\" \/>\n<meta property=\"og:site_name\" content=\"Estrat\u00e9gia Concursos\" \/>\n<meta property=\"article:published_time\" content=\"2021-10-05T20:19:00+00:00\" \/>\n<meta property=\"article:modified_time\" content=\"2023-03-03T17:08:52+00:00\" \/>\n<meta property=\"og:image\" content=\"https:\/\/dhg1h5j42swfq.cloudfront.net\/2021\/10\/05181937\/1280-720-max-9.jpg\" \/>\n\t<meta property=\"og:image:width\" content=\"1280\" \/>\n\t<meta property=\"og:image:height\" content=\"720\" \/>\n\t<meta property=\"og:image:type\" content=\"image\/jpeg\" \/>\n<meta name=\"author\" content=\"Nelma Fontana\" \/>\n<meta name=\"twitter:card\" content=\"summary_large_image\" \/>\n<meta name=\"twitter:creator\" content=\"@EstratConcursos\" \/>\n<meta name=\"twitter:site\" content=\"@EstratConcursos\" \/>\n<meta name=\"twitter:label1\" content=\"Escrito por\" \/>\n\t<meta name=\"twitter:data1\" content=\"Nelma Fontana\" \/>\n\t<meta name=\"twitter:label2\" content=\"Est. tempo de leitura\" \/>\n\t<meta name=\"twitter:data2\" content=\"2 minutos\" \/>\n<script type=\"application\/ld+json\" class=\"yoast-schema-graph\">{\"@context\":\"https:\/\/schema.org\",\"@graph\":[{\"@type\":\"NewsArticle\",\"@id\":\"https:\/\/www.estrategiaconcursos.com.br\/blog\/1o-congresso-de-direito-constitucional\/#article\",\"isPartOf\":{\"@id\":\"https:\/\/www.estrategiaconcursos.com.br\/blog\/1o-congresso-de-direito-constitucional\/\"},\"author\":{\"name\":\"Nelma Fontana\",\"@id\":\"https:\/\/www.estrategiaconcursos.com.br\/blog\/#\/schema\/person\/09924ae9dae935885ef15db075a3be15\"},\"headline\":\"1\u00ba Congresso de Direito Constitucional: de 05\/10 a 07\/10! Confira!\",\"datePublished\":\"2021-10-05T20:19:00+00:00\",\"dateModified\":\"2023-03-03T17:08:52+00:00\",\"mainEntityOfPage\":{\"@id\":\"https:\/\/www.estrategiaconcursos.com.br\/blog\/1o-congresso-de-direito-constitucional\/\"},\"wordCount\":373,\"commentCount\":0,\"publisher\":{\"@id\":\"https:\/\/www.estrategiaconcursos.com.br\/blog\/#organization\"},\"image\":{\"@id\":\"https:\/\/www.estrategiaconcursos.com.br\/blog\/1o-congresso-de-direito-constitucional\/#primaryimage\"},\"thumbnailUrl\":\"https:\/\/dhg1h5j42swfq.cloudfront.net\/2021\/10\/05181937\/1280-720-max-9.jpg\",\"articleSection\":[\"Jur\u00eddico\"],\"inLanguage\":\"pt-BR\",\"potentialAction\":[{\"@type\":\"CommentAction\",\"name\":\"Comment\",\"target\":[\"https:\/\/www.estrategiaconcursos.com.br\/blog\/1o-congresso-de-direito-constitucional\/#respond\"]}],\"copyrightYear\":\"2021\",\"copyrightHolder\":{\"@id\":\"https:\/\/www.estrategiaconcursos.com.br\/blog\/#organization\"}},{\"@type\":\"WebPage\",\"@id\":\"https:\/\/www.estrategiaconcursos.com.br\/blog\/1o-congresso-de-direito-constitucional\/\",\"url\":\"https:\/\/www.estrategiaconcursos.com.br\/blog\/1o-congresso-de-direito-constitucional\/\",\"name\":\"1\u00ba Congresso de Direito Constitucional: de 05\/10 a 07\/10! Confira!\",\"isPartOf\":{\"@id\":\"https:\/\/www.estrategiaconcursos.com.br\/blog\/#website\"},\"primaryImageOfPage\":{\"@id\":\"https:\/\/www.estrategiaconcursos.com.br\/blog\/1o-congresso-de-direito-constitucional\/#primaryimage\"},\"image\":{\"@id\":\"https:\/\/www.estrategiaconcursos.com.br\/blog\/1o-congresso-de-direito-constitucional\/#primaryimage\"},\"thumbnailUrl\":\"https:\/\/dhg1h5j42swfq.cloudfront.net\/2021\/10\/05181937\/1280-720-max-9.jpg\",\"datePublished\":\"2021-10-05T20:19:00+00:00\",\"dateModified\":\"2023-03-03T17:08:52+00:00\",\"description\":\"N\u00e3o perca entre os dias 5 e 7 de outubro o 1\u00ba Congresso de Direito Constitucional especialmente para voc\u00ea que presta concursos jur\u00eddicos.\",\"breadcrumb\":{\"@id\":\"https:\/\/www.estrategiaconcursos.com.br\/blog\/1o-congresso-de-direito-constitucional\/#breadcrumb\"},\"inLanguage\":\"pt-BR\",\"potentialAction\":[{\"@type\":\"ReadAction\",\"target\":[\"https:\/\/www.estrategiaconcursos.com.br\/blog\/1o-congresso-de-direito-constitucional\/\"]}]},{\"@type\":\"ImageObject\",\"inLanguage\":\"pt-BR\",\"@id\":\"https:\/\/www.estrategiaconcursos.com.br\/blog\/1o-congresso-de-direito-constitucional\/#primaryimage\",\"url\":\"https:\/\/dhg1h5j42swfq.cloudfront.net\/2021\/10\/05181937\/1280-720-max-9.jpg\",\"contentUrl\":\"https:\/\/dhg1h5j42swfq.cloudfront.net\/2021\/10\/05181937\/1280-720-max-9.jpg\",\"width\":1280,\"height\":720,\"caption\":\"1\u00ba Congresso de Direito Constitucional\"},{\"@type\":\"BreadcrumbList\",\"@id\":\"https:\/\/www.estrategiaconcursos.com.br\/blog\/1o-congresso-de-direito-constitucional\/#breadcrumb\",\"itemListElement\":[{\"@type\":\"ListItem\",\"position\":1,\"name\":\"In\u00edcio\",\"item\":\"https:\/\/www.estrategiaconcursos.com.br\/blog\/\"},{\"@type\":\"ListItem\",\"position\":2,\"name\":\"1\u00ba Congresso de Direito Constitucional: de 05\/10 a 07\/10! Confira!\"}]},{\"@type\":\"WebSite\",\"@id\":\"https:\/\/www.estrategiaconcursos.com.br\/blog\/#website\",\"url\":\"https:\/\/www.estrategiaconcursos.com.br\/blog\/\",\"name\":\"Estrat\u00e9gia Concursos\",\"description\":\"O blog da Estrat\u00e9gia Concursos traz not\u00edcias sobre concursos e artigos de professores oferecendo cursos para concursos (pdf + videaulas) no site.\",\"publisher\":{\"@id\":\"https:\/\/www.estrategiaconcursos.com.br\/blog\/#organization\"},\"potentialAction\":[{\"@type\":\"SearchAction\",\"target\":{\"@type\":\"EntryPoint\",\"urlTemplate\":\"https:\/\/www.estrategiaconcursos.com.br\/blog\/?s={search_term_string}\"},\"query-input\":{\"@type\":\"PropertyValueSpecification\",\"valueRequired\":true,\"valueName\":\"search_term_string\"}}],\"inLanguage\":\"pt-BR\"},{\"@type\":\"Organization\",\"@id\":\"https:\/\/www.estrategiaconcursos.com.br\/blog\/#organization\",\"name\":\"Estrat\u00e9gia Concursos\",\"url\":\"https:\/\/www.estrategiaconcursos.com.br\/blog\/\",\"logo\":{\"@type\":\"ImageObject\",\"inLanguage\":\"pt-BR\",\"@id\":\"https:\/\/www.estrategiaconcursos.com.br\/blog\/#\/schema\/logo\/image\/\",\"url\":\"https:\/\/dhg1h5j42swfq.cloudfront.net\/2025\/06\/03203428\/logo_concursos-1.jpg\",\"contentUrl\":\"https:\/\/dhg1h5j42swfq.cloudfront.net\/2025\/06\/03203428\/logo_concursos-1.jpg\",\"width\":230,\"height\":60,\"caption\":\"Estrat\u00e9gia Concursos\"},\"image\":{\"@id\":\"https:\/\/www.estrategiaconcursos.com.br\/blog\/#\/schema\/logo\/image\/\"},\"sameAs\":[\"https:\/\/x.com\/EstratConcursos\"]},{\"@type\":\"Person\",\"@id\":\"https:\/\/www.estrategiaconcursos.com.br\/blog\/#\/schema\/person\/09924ae9dae935885ef15db075a3be15\",\"name\":\"Nelma Fontana\",\"image\":{\"@type\":\"ImageObject\",\"inLanguage\":\"pt-BR\",\"@id\":\"https:\/\/secure.gravatar.com\/avatar\/a2b4071a40b0ae857a4dfe2308130289bde3d65cc7674fb758d21a8b645071e5?s=96&d=mm&r=g\",\"url\":\"https:\/\/secure.gravatar.com\/avatar\/a2b4071a40b0ae857a4dfe2308130289bde3d65cc7674fb758d21a8b645071e5?s=96&d=mm&r=g\",\"contentUrl\":\"https:\/\/secure.gravatar.com\/avatar\/a2b4071a40b0ae857a4dfe2308130289bde3d65cc7674fb758d21a8b645071e5?s=96&d=mm&r=g\",\"caption\":\"Nelma Fontana\"},\"url\":\"https:\/\/www.estrategiaconcursos.com.br\/blog\/author\/fontananelmagmail-com\/\"}]}<\/script>\n<!-- \/ Yoast SEO Premium plugin. -->","yoast_head_json":{"title":"1\u00ba Congresso de Direito Constitucional: de 05\/10 a 07\/10! Confira!","description":"N\u00e3o perca entre os dias 5 e 7 de outubro o 1\u00ba Congresso de Direito Constitucional especialmente para voc\u00ea que presta concursos jur\u00eddicos.","robots":{"index":"index","follow":"follow","max-snippet":"max-snippet:-1","max-image-preview":"max-image-preview:large","max-video-preview":"max-video-preview:-1"},"canonical":"https:\/\/www.estrategiaconcursos.com.br\/blog\/1o-congresso-de-direito-constitucional\/","og_locale":"pt_BR","og_type":"article","og_title":"1\u00ba Congresso de Direito Constitucional: de 05\/10 a 07\/10! Confira!","og_description":"N\u00e3o perca entre os dias 5 e 7 de outubro o 1\u00ba Congresso de Direito Constitucional especialmente para voc\u00ea que presta concursos jur\u00eddicos.","og_url":"https:\/\/www.estrategiaconcursos.com.br\/blog\/1o-congresso-de-direito-constitucional\/","og_site_name":"Estrat\u00e9gia Concursos","article_published_time":"2021-10-05T20:19:00+00:00","article_modified_time":"2023-03-03T17:08:52+00:00","og_image":[{"width":1280,"height":720,"url":"https:\/\/dhg1h5j42swfq.cloudfront.net\/2021\/10\/05181937\/1280-720-max-9.jpg","type":"image\/jpeg"}],"author":"Nelma Fontana","twitter_card":"summary_large_image","twitter_creator":"@EstratConcursos","twitter_site":"@EstratConcursos","twitter_misc":{"Escrito por":"Nelma Fontana","Est. tempo de leitura":"2 minutos"},"schema":{"@context":"https:\/\/schema.org","@graph":[{"@type":"NewsArticle","@id":"https:\/\/www.estrategiaconcursos.com.br\/blog\/1o-congresso-de-direito-constitucional\/#article","isPartOf":{"@id":"https:\/\/www.estrategiaconcursos.com.br\/blog\/1o-congresso-de-direito-constitucional\/"},"author":{"name":"Nelma Fontana","@id":"https:\/\/www.estrategiaconcursos.com.br\/blog\/#\/schema\/person\/09924ae9dae935885ef15db075a3be15"},"headline":"1\u00ba Congresso de Direito Constitucional: de 05\/10 a 07\/10! Confira!","datePublished":"2021-10-05T20:19:00+00:00","dateModified":"2023-03-03T17:08:52+00:00","mainEntityOfPage":{"@id":"https:\/\/www.estrategiaconcursos.com.br\/blog\/1o-congresso-de-direito-constitucional\/"},"wordCount":373,"commentCount":0,"publisher":{"@id":"https:\/\/www.estrategiaconcursos.com.br\/blog\/#organization"},"image":{"@id":"https:\/\/www.estrategiaconcursos.com.br\/blog\/1o-congresso-de-direito-constitucional\/#primaryimage"},"thumbnailUrl":"https:\/\/dhg1h5j42swfq.cloudfront.net\/2021\/10\/05181937\/1280-720-max-9.jpg","articleSection":["Jur\u00eddico"],"inLanguage":"pt-BR","potentialAction":[{"@type":"CommentAction","name":"Comment","target":["https:\/\/www.estrategiaconcursos.com.br\/blog\/1o-congresso-de-direito-constitucional\/#respond"]}],"copyrightYear":"2021","copyrightHolder":{"@id":"https:\/\/www.estrategiaconcursos.com.br\/blog\/#organization"}},{"@type":"WebPage","@id":"https:\/\/www.estrategiaconcursos.com.br\/blog\/1o-congresso-de-direito-constitucional\/","url":"https:\/\/www.estrategiaconcursos.com.br\/blog\/1o-congresso-de-direito-constitucional\/","name":"1\u00ba Congresso de Direito Constitucional: de 05\/10 a 07\/10! Confira!","isPartOf":{"@id":"https:\/\/www.estrategiaconcursos.com.br\/blog\/#website"},"primaryImageOfPage":{"@id":"https:\/\/www.estrategiaconcursos.com.br\/blog\/1o-congresso-de-direito-constitucional\/#primaryimage"},"image":{"@id":"https:\/\/www.estrategiaconcursos.com.br\/blog\/1o-congresso-de-direito-constitucional\/#primaryimage"},"thumbnailUrl":"https:\/\/dhg1h5j42swfq.cloudfront.net\/2021\/10\/05181937\/1280-720-max-9.jpg","datePublished":"2021-10-05T20:19:00+00:00","dateModified":"2023-03-03T17:08:52+00:00","description":"N\u00e3o perca entre os dias 5 e 7 de outubro o 1\u00ba Congresso de Direito Constitucional especialmente para voc\u00ea que presta concursos jur\u00eddicos.","breadcrumb":{"@id":"https:\/\/www.estrategiaconcursos.com.br\/blog\/1o-congresso-de-direito-constitucional\/#breadcrumb"},"inLanguage":"pt-BR","potentialAction":[{"@type":"ReadAction","target":["https:\/\/www.estrategiaconcursos.com.br\/blog\/1o-congresso-de-direito-constitucional\/"]}]},{"@type":"ImageObject","inLanguage":"pt-BR","@id":"https:\/\/www.estrategiaconcursos.com.br\/blog\/1o-congresso-de-direito-constitucional\/#primaryimage","url":"https:\/\/dhg1h5j42swfq.cloudfront.net\/2021\/10\/05181937\/1280-720-max-9.jpg","contentUrl":"https:\/\/dhg1h5j42swfq.cloudfront.net\/2021\/10\/05181937\/1280-720-max-9.jpg","width":1280,"height":720,"caption":"1\u00ba Congresso de Direito Constitucional"},{"@type":"BreadcrumbList","@id":"https:\/\/www.estrategiaconcursos.com.br\/blog\/1o-congresso-de-direito-constitucional\/#breadcrumb","itemListElement":[{"@type":"ListItem","position":1,"name":"In\u00edcio","item":"https:\/\/www.estrategiaconcursos.com.br\/blog\/"},{"@type":"ListItem","position":2,"name":"1\u00ba Congresso de Direito Constitucional: de 05\/10 a 07\/10! Confira!"}]},{"@type":"WebSite","@id":"https:\/\/www.estrategiaconcursos.com.br\/blog\/#website","url":"https:\/\/www.estrategiaconcursos.com.br\/blog\/","name":"Estrat\u00e9gia Concursos","description":"O blog da Estrat\u00e9gia Concursos traz not\u00edcias sobre concursos e artigos de professores oferecendo cursos para concursos (pdf + videaulas) no site.","publisher":{"@id":"https:\/\/www.estrategiaconcursos.com.br\/blog\/#organization"},"potentialAction":[{"@type":"SearchAction","target":{"@type":"EntryPoint","urlTemplate":"https:\/\/www.estrategiaconcursos.com.br\/blog\/?s={search_term_string}"},"query-input":{"@type":"PropertyValueSpecification","valueRequired":true,"valueName":"search_term_string"}}],"inLanguage":"pt-BR"},{"@type":"Organization","@id":"https:\/\/www.estrategiaconcursos.com.br\/blog\/#organization","name":"Estrat\u00e9gia Concursos","url":"https:\/\/www.estrategiaconcursos.com.br\/blog\/","logo":{"@type":"ImageObject","inLanguage":"pt-BR","@id":"https:\/\/www.estrategiaconcursos.com.br\/blog\/#\/schema\/logo\/image\/","url":"https:\/\/dhg1h5j42swfq.cloudfront.net\/2025\/06\/03203428\/logo_concursos-1.jpg","contentUrl":"https:\/\/dhg1h5j42swfq.cloudfront.net\/2025\/06\/03203428\/logo_concursos-1.jpg","width":230,"height":60,"caption":"Estrat\u00e9gia Concursos"},"image":{"@id":"https:\/\/www.estrategiaconcursos.com.br\/blog\/#\/schema\/logo\/image\/"},"sameAs":["https:\/\/x.com\/EstratConcursos"]},{"@type":"Person","@id":"https:\/\/www.estrategiaconcursos.com.br\/blog\/#\/schema\/person\/09924ae9dae935885ef15db075a3be15","name":"Nelma Fontana","image":{"@type":"ImageObject","inLanguage":"pt-BR","@id":"https:\/\/secure.gravatar.com\/avatar\/a2b4071a40b0ae857a4dfe2308130289bde3d65cc7674fb758d21a8b645071e5?s=96&d=mm&r=g","url":"https:\/\/secure.gravatar.com\/avatar\/a2b4071a40b0ae857a4dfe2308130289bde3d65cc7674fb758d21a8b645071e5?s=96&d=mm&r=g","contentUrl":"https:\/\/secure.gravatar.com\/avatar\/a2b4071a40b0ae857a4dfe2308130289bde3d65cc7674fb758d21a8b645071e5?s=96&d=mm&r=g","caption":"Nelma Fontana"},"url":"https:\/\/www.estrategiaconcursos.com.br\/blog\/author\/fontananelmagmail-com\/"}]}},"_links":{"self":[{"href":"https:\/\/www.estrategiaconcursos.com.br\/blog\/wp-json\/wp\/v2\/posts\/878078","targetHints":{"allow":["GET"]}}],"collection":[{"href":"https:\/\/www.estrategiaconcursos.com.br\/blog\/wp-json\/wp\/v2\/posts"}],"about":[{"href":"https:\/\/www.estrategiaconcursos.com.br\/blog\/wp-json\/wp\/v2\/types\/post"}],"author":[{"embeddable":true,"href":"https:\/\/www.estrategiaconcursos.com.br\/blog\/wp-json\/wp\/v2\/users\/492"}],"replies":[{"embeddable":true,"href":"https:\/\/www.estrategiaconcursos.com.br\/blog\/wp-json\/wp\/v2\/comments?post=878078"}],"version-history":[{"count":15,"href":"https:\/\/www.estrategiaconcursos.com.br\/blog\/wp-json\/wp\/v2\/posts\/878078\/revisions"}],"predecessor-version":[{"id":1181119,"href":"https:\/\/www.estrategiaconcursos.com.br\/blog\/wp-json\/wp\/v2\/posts\/878078\/revisions\/1181119"}],"wp:featuredmedia":[{"embeddable":true,"href":"https:\/\/www.estrategiaconcursos.com.br\/blog\/wp-json\/wp\/v2\/media\/878109"}],"wp:attachment":[{"href":"https:\/\/www.estrategiaconcursos.com.br\/blog\/wp-json\/wp\/v2\/media?parent=878078"}],"wp:term":[{"taxonomy":"category","embeddable":true,"href":"https:\/\/www.estrategiaconcursos.com.br\/blog\/wp-json\/wp\/v2\/categories?post=878078"},{"taxonomy":"post_tag","embeddable":true,"href":"https:\/\/www.estrategiaconcursos.com.br\/blog\/wp-json\/wp\/v2\/tags?post=878078"},{"taxonomy":"tax_estado","embeddable":true,"href":"https:\/\/www.estrategiaconcursos.com.br\/blog\/wp-json\/wp\/v2\/tax_estado?post=878078"}],"curies":[{"name":"wp","href":"https:\/\/api.w.org\/{rel}","templated":true}]}}