{"id":877445,"date":"2021-10-05T13:00:00","date_gmt":"2021-10-05T16:00:00","guid":{"rendered":"https:\/\/www.estrategiaconcursos.com.br\/blog\/?p=877445"},"modified":"2021-10-05T17:05:02","modified_gmt":"2021-10-05T20:05:02","slug":"requisitos-para-analista-do-concurso-sefaz-sc","status":"publish","type":"post","link":"https:\/\/www.estrategiaconcursos.com.br\/blog\/requisitos-para-analista-do-concurso-sefaz-sc\/","title":{"rendered":"Quais os requisitos de Analista do concurso Sefaz SC?"},"content":{"rendered":"\n<p>Enfim, o edital do concurso Sefaz SC para o cargo de Analista da Receita Estadual IV foi publicado! Os interessados v\u00e3o poder se inscrever na sele\u00e7\u00e3o a partir do dia 08 de outubro, atrav\u00e9s do site da banca organizadora, a <a href=\"https:\/\/www.concursosfcc.com.br\/concursos\/sefsc121\/index.html\" target=\"_blank\" rel=\"noreferrer noopener\">FCC<\/a>. <\/p>\n\n\n\n<p>Com isso, \u00e9 muito importante que voc\u00ea comece a se preparar e se atentar aos detalhes exigidos no edital do certame. Para come\u00e7ar, <strong>voc\u00ea sabe quais s\u00e3o os requisitos exigidos para o cargo de Analista da Sefaz SC? <\/strong><\/p>\n\n\n\n<p>Caso a resposta seja &#8220;n\u00e3o&#8221;, fique tranquilo! Isso porque, n\u00f3s do Estrat\u00e9gia preparamos esse artigo especialmente para te ajudar a entender melhor o que a Sefaz de fato exige para que voc\u00ea se torne um novo servidor do \u00f3rg\u00e3o.<\/p>\n\n\n\n<div class=\"wp-block-image\"><figure class=\"aligncenter size-full is-resized\"><img loading=\"lazy\" decoding=\"async\" src=\"https:\/\/dhg1h5j42swfq.cloudfront.net\/2021\/10\/05105046\/sefaz.jpg\" alt=\"Requisitos do cargo de Analista da Sefaz SC - Foto reprodu\u00e7\u00e3o\" class=\"wp-image-877486\" width=\"699\" height=\"505\" srcset=\"https:\/\/dhg1h5j42swfq.cloudfront.net\/2021\/10\/05105046\/sefaz.jpg 620w, https:\/\/dhg1h5j42swfq.cloudfront.net\/2021\/10\/05105046\/sefaz-300x217.jpg 300w, https:\/\/dhg1h5j42swfq.cloudfront.net\/2021\/10\/05105046\/sefaz-610x441.jpg 610w\" sizes=\"auto, (max-width: 699px) 100vw, 699px\" \/><figcaption>Reprodu\u00e7\u00e3o<\/figcaption><\/figure><\/div>\n\n\n\n<h2 class=\"wp-block-heading\" id=\"h-quais-os-requisitos-para-o-cargo-de-analista-da-receita-estadual-iv-da-sefaz-sc\">Quais os requisitos para o cargo de Analista da Receita Estadual IV da Sefaz SC?<\/h2>\n\n\n\n<p>O primeiro requisito b\u00e1sico que o candidato precisa possuir para se inscrever no concurso Sefaz SC \u00e9 o curso de n\u00edvel superior, em qualquer \u00e1rea, reconhecido pelo Minist\u00e9rio da Educa\u00e7\u00e3o.<\/p>\n\n\n\n<p>Al\u00e9m disso, outros requisitos necess\u00e1rios para estar apto a exercer o cargo de Analista da Sefaz SC s\u00e3o:<\/p>\n\n\n\n<ul class=\"wp-block-list\"><li><strong>a) <\/strong>ter nacionalidade brasileira e, no caso de nacionalidade portuguesa, estar amparado pelo estatuto de igualdade entre brasileiros e portugueses;<\/li><li><strong>b)<\/strong> gozar dos direitos civis e pol\u00edticos;<\/li><li><strong>c) <\/strong>estar quite com as obriga\u00e7\u00f5es eleitorais;<\/li><li><strong>d) <\/strong>estar quite com as obriga\u00e7\u00f5es do Servi\u00e7o Militar, para os candidatos do sexo masculino;<\/li><li><strong>e)<\/strong> comprovar a conclus\u00e3o de curso superior, em n\u00edvel de gradua\u00e7\u00e3o, reconhecido pelo Minist\u00e9rio da Educa\u00e7\u00e3o;<\/li><li><strong>f)<\/strong> ter idade m\u00ednima de 18 anos;<\/li><li><strong>g)<\/strong> ter aptid\u00e3o f\u00edsica e mental para o exerc\u00edcio das atribui\u00e7\u00f5es do cargo, comprovada por Junta M\u00e9dica Oficial;<\/li><li><strong>h)<\/strong> apresentar declara\u00e7\u00e3o de bens com dados at\u00e9 a data da posse, em atendimento ao artigo 22 da Constitui\u00e7\u00e3o do Estado de Santa Catarina;<\/li><li><strong>i)<\/strong> apresentar certid\u00e3o dos setores de distribui\u00e7\u00e3o dos foros criminais dos lugares em que tenha residido nos \u00faltimos cinco anos, da Justi\u00e7a Federal e Estadual;<\/li><li><strong>j)<\/strong> apresentar certid\u00e3o de antecedentes da Pol\u00edcia Federal e da Pol\u00edcia dos Estados onde tenha residido nos \u00faltimos cinco anos, expedida, no m\u00e1ximo, h\u00e1 seis meses;<\/li><li><strong>k)<\/strong> apresentar declara\u00e7\u00e3o firmada pelo candidato de n\u00e3o acumula\u00e7\u00e3o de cargo p\u00fablico ou de acumula\u00e7\u00e3o amparada pelos incisos XVI e XVII do art. 37 da Constitui\u00e7\u00e3o da Rep\u00fablica Federativa do Brasil de 1988.<\/li><\/ul>\n\n\n\n<p><strong>N\u00e3o ter sido, nos \u00faltimos cinco anos, na forma da legisla\u00e7\u00e3o vigente:<\/strong><\/p>\n\n\n\n<ul class=\"wp-block-list\"><li><strong>a)<\/strong> respons\u00e1vel por atos julgados irregulares por decis\u00e3o definitiva do Tribunal de Contas da Uni\u00e3o, do Tribunal de Contas do Estado, do Distrito Federal ou de Munic\u00edpio, ou ainda, por Conselho de Contas de Munic\u00edpio;<\/li><li><strong>b) <\/strong>punido, em decis\u00e3o da qual n\u00e3o caiba recurso administrativo, em processo disciplinar por ato lesivo ao patrim\u00f4nio p\u00fablico de qualquer esfera de governo;<\/li><li><strong>c) <\/strong>condenado em processo criminal por pr\u00e1tica de crimes contra a Administra\u00e7\u00e3o P\u00fablica;<\/li><li><strong>d)<\/strong> n\u00e3o ter sido demitido a bem do servi\u00e7o p\u00fablico, de acordo com o disposto nos incisos I e II do art. 137 da Lei Estadual n\u00ba 6.745, de 28 de dezembro de 1985, e na legisla\u00e7\u00e3o correspondente de outros Entes da Federa\u00e7\u00e3o.<\/li><\/ul>\n\n\n\n<p class=\"has-text-align-center\"><em>Para mais detalhes do concurso Sefaz SC, acesse o link abaixo. Preparamos um artigo completo, separado por t\u00f3picos, para que facilite a sua compreens\u00e3o:<\/em><\/p>\n\n\n\n<p class=\"has-text-align-center has-luminous-vivid-amber-background-color has-background\" style=\"font-size:clamp(14.642px, 0.915rem + ((1vw - 3.2px) * 0.721), 22px);\"><strong>Saiba mais: <a href=\"https:\/\/www.estrategiaconcursos.com.br\/blog\/concurso-sefaz-sc\/\" target=\"_blank\" rel=\"noreferrer noopener\">concurso Sefaz SC<\/a><\/strong><\/p>\n\n\n\n<h2 class=\"has-text-align-center wp-block-heading\" id=\"cursos-assinatura\">Quer estudar para o edital do concurso SEFAZ SC?<\/h2>\n\n\n\n<div class=\"container\" id=\"boxes\">\n  <div class=\"row\">\n\n    <div class=\"col-sm\">\n      <div class=\"banner-estrategia\" id=\"box-assinatura\">\n        <h3 class=\"titulo-assinatura\">Cursos SEFAZ SC<\/h3>\n        <p class=\"subtitulo-assinatura\">Conhe\u00e7a os cursos<\/p>\n        <div class=\"box-botao\">\n          <a class=\"btn-assinatura\" target=\"_blank\" href=\"https:\/\/www.estrategiaconcursos.com.br\/cursosPorConcurso\/secretaria-da-fazenda-do-estado-de-santa-catarina-sefaz-sc\/\" role=\"button\" rel=\"noopener noreferrer\">Conhe\u00e7a mais<\/a>\n        <\/div>\n      <\/div>\n     \n    <\/div>\n\n  <\/div>\n<\/div>\n\n\n\n<div class=\"container\" id=\"boxes\">\n  <div class=\"row\">\n\n    <div class=\"col-sm\">\n      <div class=\"estrategia\" id=\"box-assinatura\">\n        <h3 class=\"titulo-assinatura\">Assinatura Concursos<\/h3>\n        <p class=\"subtitulo-assinatura\">Assinatura de 1 ano ou 2 anos<\/p>\n        <div class=\"box-botao\">\n          <a class=\"btn-assinatura\" target=\"_blank\" href=\"https:\/\/www.estrategiaconcursos.com.br\/assinaturas\/\" role=\"button\" rel=\"noopener noreferrer\">ASSINE AGORA<\/a>\n        <\/div>\n      <\/div><\/div><\/div><\/div>\n\n\n\n<h2 class=\"has-text-align-center wp-block-heading\" id=\"h-quer-saber-tudo-sobre-concursos-previstos-confira-nossos-artigos\">Quer saber tudo sobre concursos previstos?<br \/>Confira nossos artigos!<\/h2>\n\n\n\n<ul class=\"wp-block-list\"><li><a href=\"https:\/\/www.estrategiaconcursos.com.br\/blog\/concursos-abertos\/\" target=\"_blank\" rel=\"noreferrer noopener\">Concursos abertos<\/a><\/li><li><a href=\"https:\/\/www.estrategiaconcursos.com.br\/blog\/concursos-2021\/\" target=\"_blank\" rel=\"noreferrer noopener\">Concursos 2021<\/a><\/li><li><a href=\"https:\/\/www.estrategiaconcursos.com.br\/blog\/concursos-2022\/\" target=\"_blank\" rel=\"noreferrer noopener\">Concursos 2022<\/a><\/li><\/ul>\n","protected":false},"excerpt":{"rendered":"<p>Enfim, o edital do concurso Sefaz SC para o cargo de Analista da Receita Estadual IV foi publicado! Os interessados v\u00e3o poder se inscrever na sele\u00e7\u00e3o a partir do dia 08 de outubro, atrav\u00e9s do site da banca organizadora, a FCC. Com isso, \u00e9 muito importante que voc\u00ea comece a se preparar e se atentar [&hellip;]<\/p>\n","protected":false},"author":656,"featured_media":749134,"comment_status":"open","ping_status":"closed","sticky":false,"template":"","format":"standard","meta":{"post_tipo":"news","footnotes":""},"categories":[1983,220219],"tags":[],"tax_estado":[219987],"class_list":["post-877445","post","type-post","status-publish","format-standard","has-post-thumbnail","hentry","category-fiscal-estadual","category-noticias","tax_estado-sc"],"acf":[],"yoast_head":"<!-- This site is optimized with the Yoast SEO Premium plugin v27.2 (Yoast SEO v27.2) - https:\/\/yoast.com\/product\/yoast-seo-premium-wordpress\/ -->\n<title>Quais os requisitos de Analista do concurso Sefaz SC?<\/title>\n<meta name=\"description\" content=\"Voc\u00ea sabe quais os requisitos exigidos para se tornar um Analista da Receita Estadual IV da Sefaz SC? Acesse o artigo e confira agora mesmo!\" \/>\n<meta name=\"robots\" content=\"index, follow, max-snippet:-1, max-image-preview:large, max-video-preview:-1\" \/>\n<link rel=\"canonical\" href=\"https:\/\/www.estrategiaconcursos.com.br\/blog\/requisitos-para-analista-do-concurso-sefaz-sc\/\" \/>\n<meta property=\"og:locale\" content=\"pt_BR\" \/>\n<meta property=\"og:type\" content=\"article\" \/>\n<meta property=\"og:title\" content=\"Quais os requisitos de Analista do concurso Sefaz SC?\" \/>\n<meta property=\"og:description\" content=\"Voc\u00ea sabe quais os requisitos exigidos para se tornar um Analista da Receita Estadual IV da Sefaz SC? Acesse o artigo e confira agora mesmo!\" \/>\n<meta property=\"og:url\" content=\"https:\/\/www.estrategiaconcursos.com.br\/blog\/requisitos-para-analista-do-concurso-sefaz-sc\/\" \/>\n<meta property=\"og:site_name\" content=\"Estrat\u00e9gia Concursos\" \/>\n<meta property=\"article:published_time\" content=\"2021-10-05T16:00:00+00:00\" \/>\n<meta property=\"article:modified_time\" content=\"2021-10-05T20:05:02+00:00\" \/>\n<meta property=\"og:image\" content=\"https:\/\/dhg1h5j42swfq.cloudfront.net\/2021\/05\/24100723\/sefaz-sc.jpg\" \/>\n\t<meta property=\"og:image:width\" content=\"768\" \/>\n\t<meta property=\"og:image:height\" content=\"432\" \/>\n\t<meta property=\"og:image:type\" content=\"image\/jpeg\" \/>\n<meta name=\"author\" content=\"F\u00e1bio Scaldelai\" \/>\n<meta name=\"twitter:card\" content=\"summary_large_image\" \/>\n<meta name=\"twitter:creator\" content=\"@EstratConcursos\" \/>\n<meta name=\"twitter:site\" content=\"@EstratConcursos\" \/>\n<meta name=\"twitter:label1\" content=\"Escrito por\" \/>\n\t<meta name=\"twitter:data1\" content=\"F\u00e1bio Scaldelai\" \/>\n\t<meta name=\"twitter:label2\" content=\"Est. tempo de leitura\" \/>\n\t<meta name=\"twitter:data2\" content=\"3 minutos\" \/>\n<script type=\"application\/ld+json\" class=\"yoast-schema-graph\">{\"@context\":\"https:\/\/schema.org\",\"@graph\":[{\"@type\":\"NewsArticle\",\"@id\":\"https:\/\/www.estrategiaconcursos.com.br\/blog\/requisitos-para-analista-do-concurso-sefaz-sc\/#article\",\"isPartOf\":{\"@id\":\"https:\/\/www.estrategiaconcursos.com.br\/blog\/requisitos-para-analista-do-concurso-sefaz-sc\/\"},\"author\":{\"name\":\"F\u00e1bio Scaldelai\",\"@id\":\"https:\/\/www.estrategiaconcursos.com.br\/blog\/#\/schema\/person\/e3b6b7ce0192dd4ad270655969d61750\"},\"headline\":\"Quais os requisitos de Analista do concurso Sefaz SC?\",\"datePublished\":\"2021-10-05T16:00:00+00:00\",\"dateModified\":\"2021-10-05T20:05:02+00:00\",\"mainEntityOfPage\":{\"@id\":\"https:\/\/www.estrategiaconcursos.com.br\/blog\/requisitos-para-analista-do-concurso-sefaz-sc\/\"},\"wordCount\":644,\"commentCount\":0,\"publisher\":{\"@id\":\"https:\/\/www.estrategiaconcursos.com.br\/blog\/#organization\"},\"image\":{\"@id\":\"https:\/\/www.estrategiaconcursos.com.br\/blog\/requisitos-para-analista-do-concurso-sefaz-sc\/#primaryimage\"},\"thumbnailUrl\":\"https:\/\/dhg1h5j42swfq.cloudfront.net\/2021\/05\/24100723\/sefaz-sc.jpg\",\"articleSection\":[\"Fiscal - Estadual (ICMS)\",\"\u00daltimas not\u00edcias\"],\"inLanguage\":\"pt-BR\",\"potentialAction\":[{\"@type\":\"CommentAction\",\"name\":\"Comment\",\"target\":[\"https:\/\/www.estrategiaconcursos.com.br\/blog\/requisitos-para-analista-do-concurso-sefaz-sc\/#respond\"]}],\"copyrightYear\":\"2021\",\"copyrightHolder\":{\"@id\":\"https:\/\/www.estrategiaconcursos.com.br\/blog\/#organization\"}},{\"@type\":\"WebPage\",\"@id\":\"https:\/\/www.estrategiaconcursos.com.br\/blog\/requisitos-para-analista-do-concurso-sefaz-sc\/\",\"url\":\"https:\/\/www.estrategiaconcursos.com.br\/blog\/requisitos-para-analista-do-concurso-sefaz-sc\/\",\"name\":\"Quais os requisitos de Analista do concurso Sefaz SC?\",\"isPartOf\":{\"@id\":\"https:\/\/www.estrategiaconcursos.com.br\/blog\/#website\"},\"primaryImageOfPage\":{\"@id\":\"https:\/\/www.estrategiaconcursos.com.br\/blog\/requisitos-para-analista-do-concurso-sefaz-sc\/#primaryimage\"},\"image\":{\"@id\":\"https:\/\/www.estrategiaconcursos.com.br\/blog\/requisitos-para-analista-do-concurso-sefaz-sc\/#primaryimage\"},\"thumbnailUrl\":\"https:\/\/dhg1h5j42swfq.cloudfront.net\/2021\/05\/24100723\/sefaz-sc.jpg\",\"datePublished\":\"2021-10-05T16:00:00+00:00\",\"dateModified\":\"2021-10-05T20:05:02+00:00\",\"description\":\"Voc\u00ea sabe quais os requisitos exigidos para se tornar um Analista da Receita Estadual IV da Sefaz SC? Acesse o artigo e confira agora mesmo!\",\"breadcrumb\":{\"@id\":\"https:\/\/www.estrategiaconcursos.com.br\/blog\/requisitos-para-analista-do-concurso-sefaz-sc\/#breadcrumb\"},\"inLanguage\":\"pt-BR\",\"potentialAction\":[{\"@type\":\"ReadAction\",\"target\":[\"https:\/\/www.estrategiaconcursos.com.br\/blog\/requisitos-para-analista-do-concurso-sefaz-sc\/\"]}]},{\"@type\":\"ImageObject\",\"inLanguage\":\"pt-BR\",\"@id\":\"https:\/\/www.estrategiaconcursos.com.br\/blog\/requisitos-para-analista-do-concurso-sefaz-sc\/#primaryimage\",\"url\":\"https:\/\/dhg1h5j42swfq.cloudfront.net\/2021\/05\/24100723\/sefaz-sc.jpg\",\"contentUrl\":\"https:\/\/dhg1h5j42swfq.cloudfront.net\/2021\/05\/24100723\/sefaz-sc.jpg\",\"width\":768,\"height\":432,\"caption\":\"Lei n\u00ba 17715 para a SEFAZ-SC\"},{\"@type\":\"BreadcrumbList\",\"@id\":\"https:\/\/www.estrategiaconcursos.com.br\/blog\/requisitos-para-analista-do-concurso-sefaz-sc\/#breadcrumb\",\"itemListElement\":[{\"@type\":\"ListItem\",\"position\":1,\"name\":\"In\u00edcio\",\"item\":\"https:\/\/www.estrategiaconcursos.com.br\/blog\/\"},{\"@type\":\"ListItem\",\"position\":2,\"name\":\"Quais os requisitos de Analista do concurso Sefaz SC?\"}]},{\"@type\":\"WebSite\",\"@id\":\"https:\/\/www.estrategiaconcursos.com.br\/blog\/#website\",\"url\":\"https:\/\/www.estrategiaconcursos.com.br\/blog\/\",\"name\":\"Estrat\u00e9gia Concursos\",\"description\":\"O blog da Estrat\u00e9gia Concursos traz not\u00edcias sobre concursos e artigos de professores oferecendo cursos para concursos (pdf + videaulas) no site.\",\"publisher\":{\"@id\":\"https:\/\/www.estrategiaconcursos.com.br\/blog\/#organization\"},\"potentialAction\":[{\"@type\":\"SearchAction\",\"target\":{\"@type\":\"EntryPoint\",\"urlTemplate\":\"https:\/\/www.estrategiaconcursos.com.br\/blog\/?s={search_term_string}\"},\"query-input\":{\"@type\":\"PropertyValueSpecification\",\"valueRequired\":true,\"valueName\":\"search_term_string\"}}],\"inLanguage\":\"pt-BR\"},{\"@type\":\"Organization\",\"@id\":\"https:\/\/www.estrategiaconcursos.com.br\/blog\/#organization\",\"name\":\"Estrat\u00e9gia Concursos\",\"url\":\"https:\/\/www.estrategiaconcursos.com.br\/blog\/\",\"logo\":{\"@type\":\"ImageObject\",\"inLanguage\":\"pt-BR\",\"@id\":\"https:\/\/www.estrategiaconcursos.com.br\/blog\/#\/schema\/logo\/image\/\",\"url\":\"https:\/\/dhg1h5j42swfq.cloudfront.net\/2025\/06\/03203428\/logo_concursos-1.jpg\",\"contentUrl\":\"https:\/\/dhg1h5j42swfq.cloudfront.net\/2025\/06\/03203428\/logo_concursos-1.jpg\",\"width\":230,\"height\":60,\"caption\":\"Estrat\u00e9gia Concursos\"},\"image\":{\"@id\":\"https:\/\/www.estrategiaconcursos.com.br\/blog\/#\/schema\/logo\/image\/\"},\"sameAs\":[\"https:\/\/x.com\/EstratConcursos\"]},{\"@type\":\"Person\",\"@id\":\"https:\/\/www.estrategiaconcursos.com.br\/blog\/#\/schema\/person\/e3b6b7ce0192dd4ad270655969d61750\",\"name\":\"F\u00e1bio Scaldelai\",\"image\":{\"@type\":\"ImageObject\",\"inLanguage\":\"pt-BR\",\"@id\":\"https:\/\/secure.gravatar.com\/avatar\/8ed7492c4d88d8495bc0cb24cda6847b8ae23eec459a919e08e77d0ca0fd79ec?s=96&d=mm&r=g\",\"url\":\"https:\/\/secure.gravatar.com\/avatar\/8ed7492c4d88d8495bc0cb24cda6847b8ae23eec459a919e08e77d0ca0fd79ec?s=96&d=mm&r=g\",\"contentUrl\":\"https:\/\/secure.gravatar.com\/avatar\/8ed7492c4d88d8495bc0cb24cda6847b8ae23eec459a919e08e77d0ca0fd79ec?s=96&d=mm&r=g\",\"caption\":\"F\u00e1bio Scaldelai\"},\"description\":\"Jornalista no Estrat\u00e9gia Concursos e Produtor de Televis\u00e3o, formado em Jornalismo, R\u00e1dio e TV pela Faculdade Integrada Rio Branco, com especializa\u00e7\u00f5es em Gest\u00e3o Empresarial e Marketing pelo M\u00f3dulo. Atuou como produtor no SBT, TV Bandeirantes e R\u00e1dio Band FM, al\u00e9m de acumular tr\u00eas anos de experi\u00eancia no setor de concursos p\u00fablicos pela LFG (Luiz Fl\u00e1vio Gomes). No Estrat\u00e9gia Concursos, atua na apura\u00e7\u00e3o de not\u00edcias da \u00e1rea fiscal, al\u00e9m de coberturas sobre concursos das \u00e1reas de controle (TCU, TCE, etc), concurso AFT, \u00e1rea de gest\u00e3o e administrativa, bem como dos \u00f3rg\u00e3os participantes do CNU. Tamb\u00e9m possui experi\u00eancia em link building e an\u00e1lise de m\u00eddia, adquirida durante sua atua\u00e7\u00e3o na ag\u00eancia SEO Marketing.\",\"url\":\"https:\/\/www.estrategiaconcursos.com.br\/blog\/author\/fabio-scaldelaiestrategiaconcursos-com-br\/\"}]}<\/script>\n<!-- \/ Yoast SEO Premium plugin. -->","yoast_head_json":{"title":"Quais os requisitos de Analista do concurso Sefaz SC?","description":"Voc\u00ea sabe quais os requisitos exigidos para se tornar um Analista da Receita Estadual IV da Sefaz SC? Acesse o artigo e confira agora mesmo!","robots":{"index":"index","follow":"follow","max-snippet":"max-snippet:-1","max-image-preview":"max-image-preview:large","max-video-preview":"max-video-preview:-1"},"canonical":"https:\/\/www.estrategiaconcursos.com.br\/blog\/requisitos-para-analista-do-concurso-sefaz-sc\/","og_locale":"pt_BR","og_type":"article","og_title":"Quais os requisitos de Analista do concurso Sefaz SC?","og_description":"Voc\u00ea sabe quais os requisitos exigidos para se tornar um Analista da Receita Estadual IV da Sefaz SC? Acesse o artigo e confira agora mesmo!","og_url":"https:\/\/www.estrategiaconcursos.com.br\/blog\/requisitos-para-analista-do-concurso-sefaz-sc\/","og_site_name":"Estrat\u00e9gia Concursos","article_published_time":"2021-10-05T16:00:00+00:00","article_modified_time":"2021-10-05T20:05:02+00:00","og_image":[{"width":768,"height":432,"url":"https:\/\/dhg1h5j42swfq.cloudfront.net\/2021\/05\/24100723\/sefaz-sc.jpg","type":"image\/jpeg"}],"author":"F\u00e1bio Scaldelai","twitter_card":"summary_large_image","twitter_creator":"@EstratConcursos","twitter_site":"@EstratConcursos","twitter_misc":{"Escrito por":"F\u00e1bio Scaldelai","Est. tempo de leitura":"3 minutos"},"schema":{"@context":"https:\/\/schema.org","@graph":[{"@type":"NewsArticle","@id":"https:\/\/www.estrategiaconcursos.com.br\/blog\/requisitos-para-analista-do-concurso-sefaz-sc\/#article","isPartOf":{"@id":"https:\/\/www.estrategiaconcursos.com.br\/blog\/requisitos-para-analista-do-concurso-sefaz-sc\/"},"author":{"name":"F\u00e1bio Scaldelai","@id":"https:\/\/www.estrategiaconcursos.com.br\/blog\/#\/schema\/person\/e3b6b7ce0192dd4ad270655969d61750"},"headline":"Quais os requisitos de Analista do concurso Sefaz SC?","datePublished":"2021-10-05T16:00:00+00:00","dateModified":"2021-10-05T20:05:02+00:00","mainEntityOfPage":{"@id":"https:\/\/www.estrategiaconcursos.com.br\/blog\/requisitos-para-analista-do-concurso-sefaz-sc\/"},"wordCount":644,"commentCount":0,"publisher":{"@id":"https:\/\/www.estrategiaconcursos.com.br\/blog\/#organization"},"image":{"@id":"https:\/\/www.estrategiaconcursos.com.br\/blog\/requisitos-para-analista-do-concurso-sefaz-sc\/#primaryimage"},"thumbnailUrl":"https:\/\/dhg1h5j42swfq.cloudfront.net\/2021\/05\/24100723\/sefaz-sc.jpg","articleSection":["Fiscal - Estadual (ICMS)","\u00daltimas not\u00edcias"],"inLanguage":"pt-BR","potentialAction":[{"@type":"CommentAction","name":"Comment","target":["https:\/\/www.estrategiaconcursos.com.br\/blog\/requisitos-para-analista-do-concurso-sefaz-sc\/#respond"]}],"copyrightYear":"2021","copyrightHolder":{"@id":"https:\/\/www.estrategiaconcursos.com.br\/blog\/#organization"}},{"@type":"WebPage","@id":"https:\/\/www.estrategiaconcursos.com.br\/blog\/requisitos-para-analista-do-concurso-sefaz-sc\/","url":"https:\/\/www.estrategiaconcursos.com.br\/blog\/requisitos-para-analista-do-concurso-sefaz-sc\/","name":"Quais os requisitos de Analista do concurso Sefaz SC?","isPartOf":{"@id":"https:\/\/www.estrategiaconcursos.com.br\/blog\/#website"},"primaryImageOfPage":{"@id":"https:\/\/www.estrategiaconcursos.com.br\/blog\/requisitos-para-analista-do-concurso-sefaz-sc\/#primaryimage"},"image":{"@id":"https:\/\/www.estrategiaconcursos.com.br\/blog\/requisitos-para-analista-do-concurso-sefaz-sc\/#primaryimage"},"thumbnailUrl":"https:\/\/dhg1h5j42swfq.cloudfront.net\/2021\/05\/24100723\/sefaz-sc.jpg","datePublished":"2021-10-05T16:00:00+00:00","dateModified":"2021-10-05T20:05:02+00:00","description":"Voc\u00ea sabe quais os requisitos exigidos para se tornar um Analista da Receita Estadual IV da Sefaz SC? Acesse o artigo e confira agora mesmo!","breadcrumb":{"@id":"https:\/\/www.estrategiaconcursos.com.br\/blog\/requisitos-para-analista-do-concurso-sefaz-sc\/#breadcrumb"},"inLanguage":"pt-BR","potentialAction":[{"@type":"ReadAction","target":["https:\/\/www.estrategiaconcursos.com.br\/blog\/requisitos-para-analista-do-concurso-sefaz-sc\/"]}]},{"@type":"ImageObject","inLanguage":"pt-BR","@id":"https:\/\/www.estrategiaconcursos.com.br\/blog\/requisitos-para-analista-do-concurso-sefaz-sc\/#primaryimage","url":"https:\/\/dhg1h5j42swfq.cloudfront.net\/2021\/05\/24100723\/sefaz-sc.jpg","contentUrl":"https:\/\/dhg1h5j42swfq.cloudfront.net\/2021\/05\/24100723\/sefaz-sc.jpg","width":768,"height":432,"caption":"Lei n\u00ba 17715 para a SEFAZ-SC"},{"@type":"BreadcrumbList","@id":"https:\/\/www.estrategiaconcursos.com.br\/blog\/requisitos-para-analista-do-concurso-sefaz-sc\/#breadcrumb","itemListElement":[{"@type":"ListItem","position":1,"name":"In\u00edcio","item":"https:\/\/www.estrategiaconcursos.com.br\/blog\/"},{"@type":"ListItem","position":2,"name":"Quais os requisitos de Analista do concurso Sefaz SC?"}]},{"@type":"WebSite","@id":"https:\/\/www.estrategiaconcursos.com.br\/blog\/#website","url":"https:\/\/www.estrategiaconcursos.com.br\/blog\/","name":"Estrat\u00e9gia Concursos","description":"O blog da Estrat\u00e9gia Concursos traz not\u00edcias sobre concursos e artigos de professores oferecendo cursos para concursos (pdf + videaulas) no site.","publisher":{"@id":"https:\/\/www.estrategiaconcursos.com.br\/blog\/#organization"},"potentialAction":[{"@type":"SearchAction","target":{"@type":"EntryPoint","urlTemplate":"https:\/\/www.estrategiaconcursos.com.br\/blog\/?s={search_term_string}"},"query-input":{"@type":"PropertyValueSpecification","valueRequired":true,"valueName":"search_term_string"}}],"inLanguage":"pt-BR"},{"@type":"Organization","@id":"https:\/\/www.estrategiaconcursos.com.br\/blog\/#organization","name":"Estrat\u00e9gia Concursos","url":"https:\/\/www.estrategiaconcursos.com.br\/blog\/","logo":{"@type":"ImageObject","inLanguage":"pt-BR","@id":"https:\/\/www.estrategiaconcursos.com.br\/blog\/#\/schema\/logo\/image\/","url":"https:\/\/dhg1h5j42swfq.cloudfront.net\/2025\/06\/03203428\/logo_concursos-1.jpg","contentUrl":"https:\/\/dhg1h5j42swfq.cloudfront.net\/2025\/06\/03203428\/logo_concursos-1.jpg","width":230,"height":60,"caption":"Estrat\u00e9gia Concursos"},"image":{"@id":"https:\/\/www.estrategiaconcursos.com.br\/blog\/#\/schema\/logo\/image\/"},"sameAs":["https:\/\/x.com\/EstratConcursos"]},{"@type":"Person","@id":"https:\/\/www.estrategiaconcursos.com.br\/blog\/#\/schema\/person\/e3b6b7ce0192dd4ad270655969d61750","name":"F\u00e1bio Scaldelai","image":{"@type":"ImageObject","inLanguage":"pt-BR","@id":"https:\/\/secure.gravatar.com\/avatar\/8ed7492c4d88d8495bc0cb24cda6847b8ae23eec459a919e08e77d0ca0fd79ec?s=96&d=mm&r=g","url":"https:\/\/secure.gravatar.com\/avatar\/8ed7492c4d88d8495bc0cb24cda6847b8ae23eec459a919e08e77d0ca0fd79ec?s=96&d=mm&r=g","contentUrl":"https:\/\/secure.gravatar.com\/avatar\/8ed7492c4d88d8495bc0cb24cda6847b8ae23eec459a919e08e77d0ca0fd79ec?s=96&d=mm&r=g","caption":"F\u00e1bio Scaldelai"},"description":"Jornalista no Estrat\u00e9gia Concursos e Produtor de Televis\u00e3o, formado em Jornalismo, R\u00e1dio e TV pela Faculdade Integrada Rio Branco, com especializa\u00e7\u00f5es em Gest\u00e3o Empresarial e Marketing pelo M\u00f3dulo. Atuou como produtor no SBT, TV Bandeirantes e R\u00e1dio Band FM, al\u00e9m de acumular tr\u00eas anos de experi\u00eancia no setor de concursos p\u00fablicos pela LFG (Luiz Fl\u00e1vio Gomes). No Estrat\u00e9gia Concursos, atua na apura\u00e7\u00e3o de not\u00edcias da \u00e1rea fiscal, al\u00e9m de coberturas sobre concursos das \u00e1reas de controle (TCU, TCE, etc), concurso AFT, \u00e1rea de gest\u00e3o e administrativa, bem como dos \u00f3rg\u00e3os participantes do CNU. Tamb\u00e9m possui experi\u00eancia em link building e an\u00e1lise de m\u00eddia, adquirida durante sua atua\u00e7\u00e3o na ag\u00eancia SEO Marketing.","url":"https:\/\/www.estrategiaconcursos.com.br\/blog\/author\/fabio-scaldelaiestrategiaconcursos-com-br\/"}]}},"_links":{"self":[{"href":"https:\/\/www.estrategiaconcursos.com.br\/blog\/wp-json\/wp\/v2\/posts\/877445","targetHints":{"allow":["GET"]}}],"collection":[{"href":"https:\/\/www.estrategiaconcursos.com.br\/blog\/wp-json\/wp\/v2\/posts"}],"about":[{"href":"https:\/\/www.estrategiaconcursos.com.br\/blog\/wp-json\/wp\/v2\/types\/post"}],"author":[{"embeddable":true,"href":"https:\/\/www.estrategiaconcursos.com.br\/blog\/wp-json\/wp\/v2\/users\/656"}],"replies":[{"embeddable":true,"href":"https:\/\/www.estrategiaconcursos.com.br\/blog\/wp-json\/wp\/v2\/comments?post=877445"}],"version-history":[{"count":15,"href":"https:\/\/www.estrategiaconcursos.com.br\/blog\/wp-json\/wp\/v2\/posts\/877445\/revisions"}],"predecessor-version":[{"id":877978,"href":"https:\/\/www.estrategiaconcursos.com.br\/blog\/wp-json\/wp\/v2\/posts\/877445\/revisions\/877978"}],"wp:featuredmedia":[{"embeddable":true,"href":"https:\/\/www.estrategiaconcursos.com.br\/blog\/wp-json\/wp\/v2\/media\/749134"}],"wp:attachment":[{"href":"https:\/\/www.estrategiaconcursos.com.br\/blog\/wp-json\/wp\/v2\/media?parent=877445"}],"wp:term":[{"taxonomy":"category","embeddable":true,"href":"https:\/\/www.estrategiaconcursos.com.br\/blog\/wp-json\/wp\/v2\/categories?post=877445"},{"taxonomy":"post_tag","embeddable":true,"href":"https:\/\/www.estrategiaconcursos.com.br\/blog\/wp-json\/wp\/v2\/tags?post=877445"},{"taxonomy":"tax_estado","embeddable":true,"href":"https:\/\/www.estrategiaconcursos.com.br\/blog\/wp-json\/wp\/v2\/tax_estado?post=877445"}],"curies":[{"name":"wp","href":"https:\/\/api.w.org\/{rel}","templated":true}]}}