{"id":877395,"date":"2021-11-17T03:15:00","date_gmt":"2021-11-17T06:15:00","guid":{"rendered":"https:\/\/www.estrategiaconcursos.com.br\/blog\/?p=877395"},"modified":"2021-12-01T11:46:59","modified_gmt":"2021-12-01T14:46:59","slug":"edital-ise-ac","status":"publish","type":"post","link":"https:\/\/www.estrategiaconcursos.com.br\/blog\/edital-ise-ac\/","title":{"rendered":"Edital ISE AC: inscri\u00e7\u00f5es encerradas para 322 vagas!"},"content":{"rendered":"\n<p>O <strong>edital ISE AC<\/strong> est\u00e1 com as inscri\u00e7\u00f5es encerradas! Vale lembrar que, ap\u00f3s ser prorrogada, os interessados puderam realizar sua candidatura at\u00e9 o dia 16 de novembro, atrav\u00e9s do site da banca organizadora, o <strong>IBADE<\/strong>. A taxa foi definida nos valores de:<\/p>\n\n\n\n<ul class=\"wp-block-list\"><li><strong>R$ 35,00<\/strong> para o cargo de T\u00e9cnico Administrativo e Operacional;<\/li><li><strong>R$ 40,00<\/strong> para o cargo de Agente Socioeducativo;<\/li><li><strong>R$ 46,00<\/strong> para os cargos de Assistente Social e Psic\u00f3logo.<\/li><\/ul>\n\n\n\n<p>O Instituto Socioeducativo do Acre oferece em seu concurso p\u00fablico 322 vagas, distribu\u00eddas entre ampla concorr\u00eancia e pessoas com defici\u00eancia, para v\u00e1rios cargos nos n\u00edveis m\u00e9dio e superior.<\/p>\n\n\n\n<p>Em rela\u00e7\u00e3o \u00e0 aplica\u00e7\u00e3o da prova objetiva, sua realiza\u00e7\u00e3o deve ocorrer na data prevista de 05 de dezembro. <\/p>\n\n\n\n<ul class=\"has-very-light-gray-to-cyan-bluish-gray-gradient-background has-background wp-block-list\"><li><strong style=\"background-color: initial; color: initial;\">Banca<\/strong><span style=\"background-color: initial; color: initial;\">: IBADE<\/span><\/li><li><strong>Vagas<\/strong>: 322<\/li><li><strong style=\"background-color: initial; color: initial;\">Sal\u00e1rio<\/strong><span style=\"background-color: initial; color: initial;\">: R$ 2.326,95 a R$ 3.908,22<\/span><\/li><li><strong>Edital<\/strong>: <a href=\"https:\/\/dhg1h5j42swfq.cloudfront.net\/2021\/10\/05085033\/ise-ac-edital-2021.pdf\" target=\"_blank\" rel=\"noreferrer noopener nofollow\">Edital ISE Acre 2021<\/a> <\/li><\/ul>\n\n\n\n<h2 class=\"wp-block-heading\" id=\"datas\">Principais datas do edital ISE AC<\/h2>\n\n\n\n<p class=\"has-very-light-gray-background-color has-background\"><strong>Inscri\u00e7\u00f5es<\/strong>: <s>06 de outubro a 16 de novembro<\/s><strong><br \/>Isen\u00e7\u00e3o da taxa<\/strong>: <s>06 a 08 de outubro<\/s><strong><br \/>\u00daltimo dia para pagamento<\/strong>: 17 de novembro<strong><br \/>Prova<\/strong>: 05 de dezembro <\/p>\n\n\n\n<h2 class=\"wp-block-heading\" id=\"cargos-vagas\">Cargos e vagas do edital ISE AC <\/h2>\n\n\n\n<h3 class=\"wp-block-heading\" id=\"medio\">N\u00edvel m\u00e9dio<\/h3>\n\n\n\n<figure class=\"wp-block-table is-style-stripes\"><table class=\"has-background has-fixed-layout\" style=\"background-color:#e7f5fe\"><thead><tr><th class=\"has-text-align-center\" data-align=\"center\">CARGOS<\/th><th class=\"has-text-align-center\" data-align=\"center\">VAGAS<\/th><th class=\"has-text-align-center\" data-align=\"center\">SAL\u00c1RIO<\/th><\/tr><\/thead><tbody><tr><td class=\"has-text-align-center\" data-align=\"center\">Agente Socioeducativo &#8211; Masculino<\/td><td class=\"has-text-align-center\" data-align=\"center\">187<\/td><td class=\"has-text-align-center\" data-align=\"center\">R$ 2.978,55<\/td><\/tr><tr><td class=\"has-text-align-center\" data-align=\"center\">Agente Socioeducativo &#8211; Feminino<\/td><td class=\"has-text-align-center\" data-align=\"center\">70<\/td><td class=\"has-text-align-center\" data-align=\"center\">R$ 2.978,55<\/td><\/tr><tr><td class=\"has-text-align-center\" data-align=\"center\">T\u00e9cnico Administrativo e Operacional &#8211; Auxiliar Administrativo<\/td><td class=\"has-text-align-center\" data-align=\"center\">7<\/td><td class=\"has-text-align-center\" data-align=\"center\">R$ 2.326,95<\/td><\/tr><tr><td class=\"has-text-align-center\" data-align=\"center\">T\u00e9cnico Administrativo e Operacional &#8211; Motorista<\/td><td class=\"has-text-align-center\" data-align=\"center\">12<\/td><td class=\"has-text-align-center\" data-align=\"center\">R$ 2.326,95<\/td><\/tr><tr><td class=\"has-text-align-center\" data-align=\"center\">T\u00e9cnico Administrativo e Operacional &#8211; T\u00e9cnico de Inform\u00e1tica<\/td><td class=\"has-text-align-center\" data-align=\"center\">3<\/td><td class=\"has-text-align-center\" data-align=\"center\">R$ 2.326,95<\/td><\/tr><\/tbody><\/table><\/figure>\n\n\n\n<h3 class=\"wp-block-heading\" id=\"superior\">N\u00edvel superior<\/h3>\n\n\n\n<figure class=\"wp-block-table is-style-stripes\"><table class=\"has-background has-fixed-layout\" style=\"background-color:#e7f5fe\"><thead><tr><th class=\"has-text-align-center\" data-align=\"center\">CARGOS<\/th><th class=\"has-text-align-center\" data-align=\"center\">VAGAS<\/th><th class=\"has-text-align-center\" data-align=\"center\">SAL\u00c1RIO<\/th><\/tr><\/thead><tbody><tr><td class=\"has-text-align-center\" data-align=\"center\">Assistente Social<\/td><td class=\"has-text-align-center\" data-align=\"center\">21<\/td><td class=\"has-text-align-center\" data-align=\"center\">R$ 3.908,22<\/td><\/tr><tr><td class=\"has-text-align-center\" data-align=\"center\">Psic\u00f3logo<\/td><td class=\"has-text-align-center\" data-align=\"center\">22<\/td><td class=\"has-text-align-center\" data-align=\"center\">R$ 3.908,22<\/td><\/tr><\/tbody><\/table><\/figure>\n\n\n\n<h2 class=\"wp-block-heading\" id=\"etapas\">Etapas e provas do edital ISE AC <\/h2>\n\n\n\n<p>De acordo com o edital ISE AC, a avalia\u00e7\u00e3o dos candidatos do se dar\u00e1 atrav\u00e9s de at\u00e9 tr\u00eas etapas, conforme o cargo, sendo elas:<\/p>\n\n\n\n<p><strong><span style=\"text-decoration: underline;\">Para os cargos de Assistente Social, Psic\u00f3logo e T\u00e9cnico Administrativo e Operacional:<\/span><\/strong><\/p>\n\n\n\n<ul class=\"has-background wp-block-list\" style=\"background:linear-gradient(135deg,rgb(238,238,238) 100%,rgb(169,184,195) 100%)\"><li><strong>1\u00aa fase:<\/strong><ul><li><strong>Prova Objetiva<\/strong> &#8211; car\u00e1ter eliminat\u00f3rio e classificat\u00f3rio<\/li><li><strong>Avalia\u00e7\u00e3o de T\u00edtulos<\/strong> &#8211; car\u00e1ter classificat\u00f3rio<\/li><\/ul><\/li><li><strong>2\u00aa fase:<\/strong><ul><li><strong>Exames Psicot\u00e9cnico<\/strong> &#8211; car\u00e1ter eliminat\u00f3rio <\/li><li><strong>Exame M\u00e9dico e Toxicol\u00f3gico<\/strong> &#8211; car\u00e1ter eliminat\u00f3rio <\/li><li><strong>Investiga\u00e7\u00e3o Criminal e Social<\/strong> &#8211; car\u00e1ter eliminat\u00f3rio <\/li><\/ul><\/li><\/ul>\n\n\n\n<p><strong><span style=\"text-decoration: underline;\">Para o cargo de Agente Socioeducativo:<\/span><\/strong><\/p>\n\n\n\n<ul class=\"has-background wp-block-list\" style=\"background:linear-gradient(135deg,rgb(238,238,238) 100%,rgb(169,184,195) 100%)\"><li><strong>1\u00aa fase:<\/strong><ul><li><strong>Prova Objetiva<\/strong> &#8211; car\u00e1ter eliminat\u00f3rio e classificat\u00f3rio<\/li><li><strong>Avalia\u00e7\u00e3o de T\u00edtulos<\/strong> &#8211; car\u00e1ter classificat\u00f3rio<\/li><\/ul><\/li><li><strong>2\u00aa fase:<\/strong><ul><li><strong>Prova de Aptid\u00e3o F\u00edsica<\/strong> &#8211; car\u00e1ter eliminat\u00f3rio <\/li><li><strong>Exames Psicot\u00e9cnico<\/strong> &#8211; car\u00e1ter eliminat\u00f3rio <\/li><li><strong>Exame M\u00e9dico e Toxicol\u00f3gico<\/strong> &#8211; car\u00e1ter eliminat\u00f3rio <\/li><li><strong>Investiga\u00e7\u00e3o Criminal e Social<\/strong> &#8211; car\u00e1ter eliminat\u00f3rio <\/li><\/ul><\/li><li><strong>3\u00aa fase:<\/strong><ul><li><strong>Curso de Forma\u00e7\u00e3o<\/strong> &#8211; car\u00e1ter eliminat\u00f3rio <\/li><\/ul><\/li><\/ul>\n\n\n\n<h3 class=\"wp-block-heading\">Realiza\u00e7\u00e3o das provas<\/h3>\n\n\n\n<p>As etapas de 1\u00aa Fase ser\u00e3o realizadas simultaneamente nas cidades do Estado do Acre: Brasil\u00e9ia, Cruzeiro do Sul, Feij\u00f3, Jord\u00e3o, Marechal Thaumaturgo, Porto Walter, Rio Branco, Santa Rosa do Purus, Sena Madureira e Tarauac\u00e1, conforme op\u00e7\u00e3o do candidato no momento da inscri\u00e7\u00e3o.<\/p>\n\n\n\n<p>A Prova de Aptid\u00e3o F\u00edsica ser\u00e1 realizada nas cidades de Rio Branco\/AC e Cruzeiro do Sul\/AC, conforme determinado a seguir:<\/p>\n\n\n\n<ul class=\"wp-block-list\"><li>Os candidatos inscritos para a realiza\u00e7\u00e3o da 1\u00aa Fase nas cidades do Estado do Acre: Brasil\u00e9ia, Santa Rosa do Purus, Sena Madureira e Rio Branco realizar\u00e3o a Prova de Aptid\u00e3o F\u00edsica na cidade de Rio Branco\/AC.<\/li><li>Os candidatos inscritos para a realiza\u00e7\u00e3o da 1\u00aa Fase nas cidades do Estado do Acre: Cruzeiro do Sul, Feij\u00f3, Jord\u00e3o, Marechal Thaumaturgo, Porto Walter e Tarauac\u00e1 realizar\u00e3o a Prova de Aptid\u00e3o F\u00edsica na cidade de Cruzeiro do Sul\/AC.<\/li><\/ul>\n\n\n\n<p>As demais etapas da 2\u00aa e 3\u00aa Fases do edital ISE AC ser\u00e3o realizadas somente na cidade de Rio Branco\/AC.<\/p>\n\n\n\n<h3 class=\"wp-block-heading\" id=\"objetiva\">Provas Objetivas<\/h3>\n\n\n\n<p>A prova ser\u00e1 constitu\u00edda de quest\u00f5es de m\u00faltipla escolha, com cinco alternativas e apenas uma correta. Ser\u00e1 eliminado do presente concurso p\u00fablico o candidato que n\u00e3o obtiver, pelo menos, 50% e\/ou obtiver nota 0 em qualquer uma das disciplinas.<\/p>\n\n\n\n<ul class=\"wp-block-list\"><li><strong>Conhecimentos Gerais<\/strong><ul><li><em>L\u00edngua Portuguesa &#8211; 10 quest\u00f5es (peso 1)<\/em><\/li><li><em>Racioc\u00ednio L\u00f3gico Quantitativo &#8211; 10 quest\u00f5es (peso 1)<\/em><\/li><li><em>Hist\u00f3ria e Geografia do Acre &#8211; 10 quest\u00f5es (peso 1)<\/em><\/li><li><em>Atualidades &#8211; 10 quest\u00f5es (peso 1)<\/em><\/li><\/ul><\/li><li><strong>Conhecimento Espec\u00edficos <\/strong><ul><li><em>Conhecimentos Espec\u00edficos &#8211; 60 quest\u00f5es (peso 1)<\/em><\/li><\/ul><\/li><\/ul>\n\n\n\n<p>De car\u00e1ter eliminat\u00f3rio e classificat\u00f3rio, esta etapa ser\u00e1 realizada nos per\u00edodos indicados abaixo:<\/p>\n\n\n\n<figure class=\"wp-block-table is-style-stripes\"><table class=\"has-background has-fixed-layout\" style=\"background-color:#e7f5fe\"><thead><tr><th class=\"has-text-align-center\" data-align=\"center\">Turno da manh\u00e3<\/th><th class=\"has-text-align-center\" data-align=\"center\">Turno da tarde<\/th><\/tr><\/thead><tbody><tr><td class=\"has-text-align-center\" data-align=\"center\">T\u00e9cnico Administrativo e Operacional \u2013 Auxiliar Administrativo<\/td><td class=\"has-text-align-center\" data-align=\"center\">Agente Socioeducativo \u2013 Masculino<\/td><\/tr><tr><td class=\"has-text-align-center\" data-align=\"center\">T\u00e9cnico Administrativo e Operacional \u2013 Motorista<\/td><td class=\"has-text-align-center\" data-align=\"center\">Agente Socioeducativo \u2013 Feminino<\/td><\/tr><tr><td class=\"has-text-align-center\" data-align=\"center\">T\u00e9cnico Administrativo e Operacional \u2013 T\u00e9cnico de Inform\u00e1tica<\/td><td class=\"has-text-align-center\" data-align=\"center\">Assistente Social<\/td><\/tr><tr><td class=\"has-text-align-center\" data-align=\"center\"><\/td><td class=\"has-text-align-center\" data-align=\"center\">Psic\u00f3logo<\/td><\/tr><\/tbody><\/table><\/figure>\n\n\n\n<h3 class=\"wp-block-heading\">Prova de T\u00edtulos<\/h3>\n\n\n\n<p>Os candidatos dever\u00e3o entregar seus T\u00edtulos no mesmo dia de realiza\u00e7\u00e3o da prova objetiva. Por\u00e9m, somente ser\u00e3o corrigidos os T\u00edtulos dos candidatos aprovados na Prova Objetiva. Ser\u00e3o considerados os documentos para pontua\u00e7\u00e3o os discriminados a seguir:<\/p>\n\n\n\n<p><strong>Para os cargos do N\u00edvel Superior:<\/strong><\/p>\n\n\n\n<figure class=\"wp-block-image size-large\"><a href=\"https:\/\/dhg1h5j42swfq.cloudfront.net\/2021\/10\/05091937\/image-54-1024x117.png\" target=\"_blank\" rel=\"noopener\"><img loading=\"lazy\" decoding=\"async\" width=\"1024\" height=\"117\" src=\"https:\/\/dhg1h5j42swfq.cloudfront.net\/2021\/10\/05091937\/image-54-1024x117.png\" alt=\"\" class=\"wp-image-877359\" srcset=\"https:\/\/dhg1h5j42swfq.cloudfront.net\/2021\/10\/05091937\/image-54-1024x117.png 1024w, https:\/\/dhg1h5j42swfq.cloudfront.net\/2021\/10\/05091937\/image-54-300x34.png 300w, https:\/\/dhg1h5j42swfq.cloudfront.net\/2021\/10\/05091937\/image-54-768x88.png 768w, https:\/\/dhg1h5j42swfq.cloudfront.net\/2021\/10\/05091937\/image-54-610x70.png 610w, https:\/\/dhg1h5j42swfq.cloudfront.net\/2021\/10\/05091937\/image-54.png 1223w\" sizes=\"auto, (max-width: 1024px) 100vw, 1024px\" \/><\/a><\/figure>\n\n\n\n<p><strong>Para os cargos do N\u00edvel M\u00e9dio:<\/strong><\/p>\n\n\n\n<figure class=\"wp-block-image size-large\"><a href=\"https:\/\/dhg1h5j42swfq.cloudfront.net\/2021\/10\/05091948\/image-55-1024x97.png\" target=\"_blank\" rel=\"noopener\"><img loading=\"lazy\" decoding=\"async\" width=\"1024\" height=\"97\" src=\"https:\/\/dhg1h5j42swfq.cloudfront.net\/2021\/10\/05091948\/image-55-1024x97.png\" alt=\"\" class=\"wp-image-877360\" srcset=\"https:\/\/dhg1h5j42swfq.cloudfront.net\/2021\/10\/05091948\/image-55-1024x97.png 1024w, https:\/\/dhg1h5j42swfq.cloudfront.net\/2021\/10\/05091948\/image-55-300x28.png 300w, https:\/\/dhg1h5j42swfq.cloudfront.net\/2021\/10\/05091948\/image-55-768x72.png 768w, https:\/\/dhg1h5j42swfq.cloudfront.net\/2021\/10\/05091948\/image-55-610x58.png 610w, https:\/\/dhg1h5j42swfq.cloudfront.net\/2021\/10\/05091948\/image-55.png 1220w\" sizes=\"auto, (max-width: 1024px) 100vw, 1024px\" \/><\/a><\/figure>\n\n\n\n<h3 class=\"wp-block-heading\" id=\"criterios\">Prova de Aptid\u00e3o F\u00edsica, Exames Psicot\u00e9cnico, M\u00e9dico e Toxicol\u00f3gico<\/h3>\n\n\n\n<p style=\"font-size:clamp(14px, 0.875rem + ((1vw - 3.2px) * 0.294), 17px);\"><strong>Prova de aptid\u00e3o f\u00edsica<\/strong><\/p>\n\n\n\n<p>A Prova de Aptid\u00e3o F\u00edsica possui car\u00e1ter eliminat\u00f3rio e tem por objetivo avaliar a agilidade, resist\u00eancia muscular e aer\u00f3bica do candidato ao cargo de Agente Socioeducativo, consideradas indispens\u00e1veis ao exerc\u00edcio de suas atividades.<\/p>\n\n\n\n<p>A etapa consistir\u00e1 na execu\u00e7\u00e3o de baterias de exerc\u00edcios, todos de realiza\u00e7\u00e3o obrigat\u00f3ria independentemente do desempenho dos candidatos em cada um deles, considerando-se apto o candidato que atingir o desempenho m\u00ednimo indicado dos seguintes testes:<\/p>\n\n\n\n<ul class=\"wp-block-list\"><li>I. Teste de abdominal remador;<\/li><li>II. Teste de flex\u00e3o de bra\u00e7o no solo;<\/li><li>III. Teste de Corrida;<\/li><\/ul>\n\n\n\n<div class=\"wp-block-image\"><figure class=\"aligncenter size-large\"><img loading=\"lazy\" decoding=\"async\" width=\"1024\" height=\"191\" src=\"https:\/\/dhg1h5j42swfq.cloudfront.net\/2021\/08\/31112413\/image-900-1024x191.png\" alt=\"\" class=\"wp-image-849968\" srcset=\"https:\/\/dhg1h5j42swfq.cloudfront.net\/2021\/08\/31112413\/image-900-1024x191.png 1024w, https:\/\/dhg1h5j42swfq.cloudfront.net\/2021\/08\/31112413\/image-900-300x56.png 300w, https:\/\/dhg1h5j42swfq.cloudfront.net\/2021\/08\/31112413\/image-900-768x143.png 768w, https:\/\/dhg1h5j42swfq.cloudfront.net\/2021\/08\/31112413\/image-900-610x114.png 610w, https:\/\/dhg1h5j42swfq.cloudfront.net\/2021\/08\/31112413\/image-900.png 1221w\" sizes=\"auto, (max-width: 1024px) 100vw, 1024px\" \/><\/figure><\/div>\n\n\n\n<p style=\"font-size:clamp(14px, 0.875rem + ((1vw - 3.2px) * 0.294), 17px);\"><strong>Exame psicot\u00e9cnico<\/strong><\/p>\n\n\n\n<p>O Exame Psicot\u00e9cnico \u00e9 uma das etapas da 2\u00ba fase do edital para contrata\u00e7\u00e3o de servidores do ISE AC e ser\u00e1 aplicado aos candidatos aprovados no teste de aptid\u00e3o f\u00edsica. <\/p>\n\n\n\n<p>Este exame \u00e9 um processo sistem\u00e1tico, de levantamento e s\u00edntese de informa\u00e7\u00f5es, com base em procedimentos cient\u00edficos que permitem identificar aspectos psicol\u00f3gicos do(a) candidato(a) compat\u00edveis com o desempenho das atividades e profissiografia do cargo.<\/p>\n\n\n\n<p style=\"font-size:clamp(14px, 0.875rem + ((1vw - 3.2px) * 0.294), 17px);\"><strong>Exames m\u00e9dico e toxicol\u00f3gico <\/strong><\/p>\n\n\n\n<p>A fase de Exame M\u00e9dico e Toxicol\u00f3gico, de car\u00e1ter eliminat\u00f3rio, ser\u00e1 realizada somente com os candidatos aptos, no Exame Psicot\u00e9cnico. De car\u00e1ter eliminat\u00f3rio, os exames objetivam aferir se o candidato goza de boa sa\u00fade f\u00edsica e ps\u00edquica para desempenhar as atribui\u00e7\u00f5es t\u00edpicas do cargo.<\/p>\n\n\n\n<p>Ser\u00e1 eliminado do concurso ISE AC o candidato que:<\/p>\n\n\n\n<ul class=\"wp-block-list\"><li>I. for ausente na Fase de Exame M\u00e9dico e Toxicol\u00f3gico;<\/li><li>II. n\u00e3o apresentar documenta\u00e7\u00e3o exigida para a Fase de Exame M\u00e9dico e Toxicol\u00f3gico em conformidade com o Edital;<\/li><li>III. for considerado inapto, conforme condi\u00e7\u00f5es incapacitantes.<\/li><\/ul>\n\n\n\n<h3 class=\"wp-block-heading\">Curso de Forma\u00e7\u00e3o<\/h3>\n\n\n\n<p>Ser\u00e3o convocados para o Curso de Forma\u00e7\u00e3o, de car\u00e1ter eliminat\u00f3rio, sob a responsabilidade do ISE AC, os candidatos aos cargos de Agente Socioeducativo \u2013 Masculino e de Agente Socioeducativo \u2013 Feminino classificados na 1\u00aa e 2\u00aa fases do edital.<\/p>\n\n\n\n<p>Participar\u00e3o desta fase os candidatos aprovados nas fases anteriores, dentro do posicionamento indicado abaixo, obedecida, rigorosamente, a ordem de classifica\u00e7\u00e3o:<\/p>\n\n\n\n<ul class=\"wp-block-list\"><li>Agente Socioeducativo &#8211; Masculino: 230\u00aa AC | 13\u00aa PCD<\/li><li>Agente Socioeducativo &#8211; Feminino: 86\u00aa AC | 05\u00aa PCD<\/li><\/ul>\n\n\n\n<h2 class=\"has-text-align-center wp-block-heading\" id=\"h-quer-saber-tudo-sobre-concursos-previstos-confira-nossos-artigos\">Quer saber tudo sobre concursos previstos?<br \/>Confira nossos artigos!<\/h2>\n\n\n\n<ul class=\"wp-block-list\"><li><a href=\"https:\/\/www.estrategiaconcursos.com.br\/blog\/concursos-abertos\/\" target=\"_blank\" rel=\"noreferrer noopener\">Concursos abertos<\/a><\/li><li><a href=\"https:\/\/www.estrategiaconcursos.com.br\/blog\/concursos-2021\/\" target=\"_blank\" rel=\"noreferrer noopener\">Concursos 2021<\/a><\/li><li><a href=\"https:\/\/www.estrategiaconcursos.com.br\/blog\/concursos-2022\/\" target=\"_blank\" rel=\"noreferrer noopener\">Concursos 2022<\/a><\/li><\/ul>\n\n\n\n<h2 class=\"has-text-align-center wp-block-heading\" id=\"curso\">Quer estudar para o edital ISE AC?<\/h2>\n\n\n\n<div class=\"container\" id=\"boxes\">\n  <div class=\"row\">\n\n    <div class=\"col-sm\">\n      <div class=\"banner-policial\" id=\"box-assinatura\">\n        <h3 class=\"titulo-assinatura\">Concurso ISE AC<\/h3>\n        <p class=\"subtitulo-assinatura\">Conhe\u00e7a os cursos<\/p>\n        <div class=\"box-botao\">\n          <a class=\"btn-assinatura\" target=\"_blank\" href=\"https:\/\/www.estrategiaconcursos.com.br\/cursosPorConcurso\/instituto-socioeducativo-do-acre-iseac\/\" role=\"button\" rel=\"noopener noreferrer\">Conhe\u00e7a mais<\/a>\n        <\/div>\n      <\/div>\n      <p class=\"texto-auxiliar\"><\/p>\n    <\/div>\n\n  <\/div>\n<\/div>\n\n\n\n<div class=\"container\" id=\"boxes\">\n  <div class=\"row\">\n\n    <div class=\"col-sm\">\n      <div class=\"estrategia\" id=\"box-assinatura\">\n        <h3 class=\"titulo-assinatura\">Assinatura Concursos<\/h3>\n        <p class=\"subtitulo-assinatura\">Assinatura de 1 ano ou 2 anos<\/p>\n        <div class=\"box-botao\">\n          <a class=\"btn-assinatura\" target=\"_blank\" href=\"https:\/\/www.estrategiaconcursos.com.br\/assinaturas\/\" role=\"button\" rel=\"noopener noreferrer\">ASSINE AGORA<\/a>\n        <\/div>\n      <\/div>\n     \n    <\/div><\/div><\/div>\n\n\n\n<figure class=\"wp-block-image size-large is-resized\"><img loading=\"lazy\" decoding=\"async\" src=\"https:\/\/dhg1h5j42swfq.cloudfront.net\/2021\/08\/03114407\/ficha-tecnica-2-1024x632.png\" alt=\"Informa\u00e7\u00f5es do edital ISE AC\" class=\"wp-image-827694\" width=\"246\" height=\"152\" srcset=\"https:\/\/dhg1h5j42swfq.cloudfront.net\/2021\/08\/03114407\/ficha-tecnica-2-1024x632.png 1024w, https:\/\/dhg1h5j42swfq.cloudfront.net\/2021\/08\/03114407\/ficha-tecnica-2-300x185.png 300w, https:\/\/dhg1h5j42swfq.cloudfront.net\/2021\/08\/03114407\/ficha-tecnica-2-768x474.png 768w, https:\/\/dhg1h5j42swfq.cloudfront.net\/2021\/08\/03114407\/ficha-tecnica-2-1536x948.png 1536w, https:\/\/dhg1h5j42swfq.cloudfront.net\/2021\/08\/03114407\/ficha-tecnica-2-610x377.png 610w, https:\/\/dhg1h5j42swfq.cloudfront.net\/2021\/08\/03114407\/ficha-tecnica-2.png 1571w\" sizes=\"auto, (max-width: 246px) 100vw, 246px\" \/><\/figure>\n\n\n\n<h3 class=\"wp-block-heading\" id=\"ficha\">Informa\u00e7\u00f5es do edital ISE AC<\/h3>\n\n\n\n<ul class=\"wp-block-list\"><li><strong>Prova: <\/strong>05\/12\/2021<\/li><li><strong>Vagas<\/strong>: 322<\/li><li><strong>Cargos<\/strong>: V\u00e1rios<\/li><li><strong>Escolaridade<\/strong>: N\u00edvel m\u00e9dio e superior<\/li><li><strong>Banca<\/strong>: IBADE<\/li><li><strong>Edital<\/strong>: <a href=\"https:\/\/dhg1h5j42swfq.cloudfront.net\/2021\/10\/05085033\/ise-ac-edital-2021.pdf\" target=\"_blank\" rel=\"noreferrer noopener nofollow\">Edital 2021<\/a><\/li><li><strong>Retifica\u00e7\u00f5es<\/strong>: <a href=\"https:\/\/dhg1h5j42swfq.cloudfront.net\/2021\/10\/19121608\/image-6-2.png\" target=\"_blank\" rel=\"noreferrer noopener nofollow\">1\u00aa retifica\u00e7\u00e3o<\/a> | <a href=\"https:\/\/dhg1h5j42swfq.cloudfront.net\/2021\/11\/08171513\/edital-n-003-ise-retifica-o-22-10-2021.pdf\" target=\"_blank\" rel=\"noreferrer noopener nofollow\">2\u00aa retifica\u00e7\u00e3o<\/a> | <a href=\"https:\/\/dhg1h5j42swfq.cloudfront.net\/2021\/11\/08170855\/edital-n-005-ise-retifica-o-conte-do-program-tico-e-cronograma-05-11-2021.pdf\" target=\"_blank\" rel=\"noreferrer noopener nofollow\">3\u00aa retifica\u00e7\u00e3o<\/a><\/li><\/ul>\n","protected":false},"excerpt":{"rendered":"<p>O edital ISE AC est\u00e1 com as inscri\u00e7\u00f5es encerradas! Vale lembrar que, ap\u00f3s ser prorrogada, os interessados puderam realizar sua candidatura at\u00e9 o dia 16 de novembro, atrav\u00e9s do site da banca organizadora, o IBADE. A taxa foi definida nos valores de: R$ 35,00 para o cargo de T\u00e9cnico Administrativo e Operacional; R$ 40,00 para [&hellip;]<\/p>\n","protected":false},"author":1206,"featured_media":837925,"comment_status":"open","ping_status":"closed","sticky":false,"template":"","format":"standard","meta":{"post_tipo":"news","footnotes":""},"categories":[220188],"tags":[],"tax_estado":[219964],"class_list":["post-877395","post","type-post","status-publish","format-standard","has-post-thumbnail","hentry","category-policial-agente-penitenciario","tax_estado-ac"],"acf":[],"yoast_head":"<!-- This site is optimized with the Yoast SEO Premium plugin v27.2 (Yoast SEO v27.2) - https:\/\/yoast.com\/product\/yoast-seo-premium-wordpress\/ -->\n<title>Edital ISE AC: inscri\u00e7\u00f5es encerradas para 322 vagas!<\/title>\n<meta name=\"description\" content=\"Edital ISE AC oferta 322 vagas para cargos de n\u00edvel m\u00e9dio e superior, com sal\u00e1rios de R$ 2,3 a R$ 3,9 mil. Inscri\u00e7\u00f5es encerradas!\" \/>\n<meta name=\"robots\" content=\"index, follow, max-snippet:-1, max-image-preview:large, max-video-preview:-1\" \/>\n<link rel=\"canonical\" href=\"https:\/\/www.estrategiaconcursos.com.br\/blog\/edital-ise-ac\/\" \/>\n<meta property=\"og:locale\" content=\"pt_BR\" \/>\n<meta property=\"og:type\" content=\"article\" \/>\n<meta property=\"og:title\" content=\"Edital ISE AC: inscri\u00e7\u00f5es encerradas para 322 vagas!\" \/>\n<meta property=\"og:description\" content=\"Edital ISE AC oferta 322 vagas para cargos de n\u00edvel m\u00e9dio e superior, com sal\u00e1rios de R$ 2,3 a R$ 3,9 mil. Inscri\u00e7\u00f5es encerradas!\" \/>\n<meta property=\"og:url\" content=\"https:\/\/www.estrategiaconcursos.com.br\/blog\/edital-ise-ac\/\" \/>\n<meta property=\"og:site_name\" content=\"Estrat\u00e9gia Concursos\" \/>\n<meta property=\"article:published_time\" content=\"2021-11-17T06:15:00+00:00\" \/>\n<meta property=\"article:modified_time\" content=\"2021-12-01T14:46:59+00:00\" \/>\n<meta property=\"og:image\" content=\"https:\/\/dhg1h5j42swfq.cloudfront.net\/2021\/03\/16181631\/download-1-1.jpg\" \/>\n\t<meta property=\"og:image:width\" content=\"1200\" \/>\n\t<meta property=\"og:image:height\" content=\"628\" \/>\n\t<meta property=\"og:image:type\" content=\"image\/jpeg\" \/>\n<meta name=\"author\" content=\"Bruna de Andrade Fran\u00e7a\" \/>\n<meta name=\"twitter:card\" content=\"summary_large_image\" \/>\n<meta name=\"twitter:creator\" content=\"@EstratConcursos\" \/>\n<meta name=\"twitter:site\" content=\"@EstratConcursos\" \/>\n<meta name=\"twitter:label1\" content=\"Escrito por\" \/>\n\t<meta name=\"twitter:data1\" content=\"Bruna de Andrade Fran\u00e7a\" \/>\n\t<meta name=\"twitter:label2\" content=\"Est. tempo de leitura\" \/>\n\t<meta name=\"twitter:data2\" content=\"6 minutos\" \/>\n<script type=\"application\/ld+json\" class=\"yoast-schema-graph\">{\"@context\":\"https:\/\/schema.org\",\"@graph\":[{\"@type\":\"NewsArticle\",\"@id\":\"https:\/\/www.estrategiaconcursos.com.br\/blog\/edital-ise-ac\/#article\",\"isPartOf\":{\"@id\":\"https:\/\/www.estrategiaconcursos.com.br\/blog\/edital-ise-ac\/\"},\"author\":{\"name\":\"Bruna de Andrade Fran\u00e7a\",\"@id\":\"https:\/\/www.estrategiaconcursos.com.br\/blog\/#\/schema\/person\/6630f91134abc08115cca62ce6372855\"},\"headline\":\"Edital ISE AC: inscri\u00e7\u00f5es encerradas para 322 vagas!\",\"datePublished\":\"2021-11-17T06:15:00+00:00\",\"dateModified\":\"2021-12-01T14:46:59+00:00\",\"mainEntityOfPage\":{\"@id\":\"https:\/\/www.estrategiaconcursos.com.br\/blog\/edital-ise-ac\/\"},\"wordCount\":1257,\"commentCount\":0,\"publisher\":{\"@id\":\"https:\/\/www.estrategiaconcursos.com.br\/blog\/#organization\"},\"image\":{\"@id\":\"https:\/\/www.estrategiaconcursos.com.br\/blog\/edital-ise-ac\/#primaryimage\"},\"thumbnailUrl\":\"https:\/\/dhg1h5j42swfq.cloudfront.net\/2021\/03\/16181631\/download-1-1.jpg\",\"articleSection\":[\"Policial (Agente Penitenci\u00e1rio)\"],\"inLanguage\":\"pt-BR\",\"potentialAction\":[{\"@type\":\"CommentAction\",\"name\":\"Comment\",\"target\":[\"https:\/\/www.estrategiaconcursos.com.br\/blog\/edital-ise-ac\/#respond\"]}],\"copyrightYear\":\"2021\",\"copyrightHolder\":{\"@id\":\"https:\/\/www.estrategiaconcursos.com.br\/blog\/#organization\"}},{\"@type\":\"WebPage\",\"@id\":\"https:\/\/www.estrategiaconcursos.com.br\/blog\/edital-ise-ac\/\",\"url\":\"https:\/\/www.estrategiaconcursos.com.br\/blog\/edital-ise-ac\/\",\"name\":\"Edital ISE AC: inscri\u00e7\u00f5es encerradas para 322 vagas!\",\"isPartOf\":{\"@id\":\"https:\/\/www.estrategiaconcursos.com.br\/blog\/#website\"},\"primaryImageOfPage\":{\"@id\":\"https:\/\/www.estrategiaconcursos.com.br\/blog\/edital-ise-ac\/#primaryimage\"},\"image\":{\"@id\":\"https:\/\/www.estrategiaconcursos.com.br\/blog\/edital-ise-ac\/#primaryimage\"},\"thumbnailUrl\":\"https:\/\/dhg1h5j42swfq.cloudfront.net\/2021\/03\/16181631\/download-1-1.jpg\",\"datePublished\":\"2021-11-17T06:15:00+00:00\",\"dateModified\":\"2021-12-01T14:46:59+00:00\",\"description\":\"Edital ISE AC oferta 322 vagas para cargos de n\u00edvel m\u00e9dio e superior, com sal\u00e1rios de R$ 2,3 a R$ 3,9 mil. Inscri\u00e7\u00f5es encerradas!\",\"breadcrumb\":{\"@id\":\"https:\/\/www.estrategiaconcursos.com.br\/blog\/edital-ise-ac\/#breadcrumb\"},\"inLanguage\":\"pt-BR\",\"potentialAction\":[{\"@type\":\"ReadAction\",\"target\":[\"https:\/\/www.estrategiaconcursos.com.br\/blog\/edital-ise-ac\/\"]}]},{\"@type\":\"ImageObject\",\"inLanguage\":\"pt-BR\",\"@id\":\"https:\/\/www.estrategiaconcursos.com.br\/blog\/edital-ise-ac\/#primaryimage\",\"url\":\"https:\/\/dhg1h5j42swfq.cloudfront.net\/2021\/03\/16181631\/download-1-1.jpg\",\"contentUrl\":\"https:\/\/dhg1h5j42swfq.cloudfront.net\/2021\/03\/16181631\/download-1-1.jpg\",\"width\":1200,\"height\":628,\"caption\":\"ise ac\"},{\"@type\":\"BreadcrumbList\",\"@id\":\"https:\/\/www.estrategiaconcursos.com.br\/blog\/edital-ise-ac\/#breadcrumb\",\"itemListElement\":[{\"@type\":\"ListItem\",\"position\":1,\"name\":\"In\u00edcio\",\"item\":\"https:\/\/www.estrategiaconcursos.com.br\/blog\/\"},{\"@type\":\"ListItem\",\"position\":2,\"name\":\"Edital ISE AC: inscri\u00e7\u00f5es encerradas para 322 vagas!\"}]},{\"@type\":\"WebSite\",\"@id\":\"https:\/\/www.estrategiaconcursos.com.br\/blog\/#website\",\"url\":\"https:\/\/www.estrategiaconcursos.com.br\/blog\/\",\"name\":\"Estrat\u00e9gia Concursos\",\"description\":\"O blog da Estrat\u00e9gia Concursos traz not\u00edcias sobre concursos e artigos de professores oferecendo cursos para concursos (pdf + videaulas) no site.\",\"publisher\":{\"@id\":\"https:\/\/www.estrategiaconcursos.com.br\/blog\/#organization\"},\"potentialAction\":[{\"@type\":\"SearchAction\",\"target\":{\"@type\":\"EntryPoint\",\"urlTemplate\":\"https:\/\/www.estrategiaconcursos.com.br\/blog\/?s={search_term_string}\"},\"query-input\":{\"@type\":\"PropertyValueSpecification\",\"valueRequired\":true,\"valueName\":\"search_term_string\"}}],\"inLanguage\":\"pt-BR\"},{\"@type\":\"Organization\",\"@id\":\"https:\/\/www.estrategiaconcursos.com.br\/blog\/#organization\",\"name\":\"Estrat\u00e9gia Concursos\",\"url\":\"https:\/\/www.estrategiaconcursos.com.br\/blog\/\",\"logo\":{\"@type\":\"ImageObject\",\"inLanguage\":\"pt-BR\",\"@id\":\"https:\/\/www.estrategiaconcursos.com.br\/blog\/#\/schema\/logo\/image\/\",\"url\":\"https:\/\/dhg1h5j42swfq.cloudfront.net\/2025\/06\/03203428\/logo_concursos-1.jpg\",\"contentUrl\":\"https:\/\/dhg1h5j42swfq.cloudfront.net\/2025\/06\/03203428\/logo_concursos-1.jpg\",\"width\":230,\"height\":60,\"caption\":\"Estrat\u00e9gia Concursos\"},\"image\":{\"@id\":\"https:\/\/www.estrategiaconcursos.com.br\/blog\/#\/schema\/logo\/image\/\"},\"sameAs\":[\"https:\/\/x.com\/EstratConcursos\"]},{\"@type\":\"Person\",\"@id\":\"https:\/\/www.estrategiaconcursos.com.br\/blog\/#\/schema\/person\/6630f91134abc08115cca62ce6372855\",\"name\":\"Bruna de Andrade Fran\u00e7a\",\"image\":{\"@type\":\"ImageObject\",\"inLanguage\":\"pt-BR\",\"@id\":\"https:\/\/secure.gravatar.com\/avatar\/d6316d36d50cea0fadae28ed3015b8870cc90a2d3d8a95c37b44006af36a00e3?s=96&d=mm&r=g\",\"url\":\"https:\/\/secure.gravatar.com\/avatar\/d6316d36d50cea0fadae28ed3015b8870cc90a2d3d8a95c37b44006af36a00e3?s=96&d=mm&r=g\",\"contentUrl\":\"https:\/\/secure.gravatar.com\/avatar\/d6316d36d50cea0fadae28ed3015b8870cc90a2d3d8a95c37b44006af36a00e3?s=96&d=mm&r=g\",\"caption\":\"Bruna de Andrade Fran\u00e7a\"},\"description\":\"Bruna de Andrade Fran\u00e7a \u00e9 publicit\u00e1ria com p\u00f3s-gradua\u00e7\u00e3o em Marketing &amp; Growth, atuando h\u00e1 mais de 6 anos no universo dos concursos p\u00fablicos. Desde 2021, lidera no Blog do Estrat\u00e9gia Concursos a cobertura editorial especializada em Concursos Policiais (PF, PRF, PM, PC, etc.), al\u00e9m das frentes de concursos banc\u00e1rios, de sa\u00fade e da \u00e1rea legislativa. Especialista em reda\u00e7\u00e3o, com pr\u00e1ticas de SEO e Copywriting, possui tamb\u00e9m atua\u00e7\u00e3o pr\u00e1tica de contato direto com \u00f3rg\u00e3os p\u00fablicos respons\u00e1veis por editais, permitindo acesso antecipado a informa\u00e7\u00f5es, desdobramentos importantes e atualiza\u00e7\u00e3o eficiente dos concursos p\u00fablicos.\",\"url\":\"https:\/\/www.estrategiaconcursos.com.br\/blog\/author\/bruna-andrade\/\"}]}<\/script>\n<!-- \/ Yoast SEO Premium plugin. -->","yoast_head_json":{"title":"Edital ISE AC: inscri\u00e7\u00f5es encerradas para 322 vagas!","description":"Edital ISE AC oferta 322 vagas para cargos de n\u00edvel m\u00e9dio e superior, com sal\u00e1rios de R$ 2,3 a R$ 3,9 mil. Inscri\u00e7\u00f5es encerradas!","robots":{"index":"index","follow":"follow","max-snippet":"max-snippet:-1","max-image-preview":"max-image-preview:large","max-video-preview":"max-video-preview:-1"},"canonical":"https:\/\/www.estrategiaconcursos.com.br\/blog\/edital-ise-ac\/","og_locale":"pt_BR","og_type":"article","og_title":"Edital ISE AC: inscri\u00e7\u00f5es encerradas para 322 vagas!","og_description":"Edital ISE AC oferta 322 vagas para cargos de n\u00edvel m\u00e9dio e superior, com sal\u00e1rios de R$ 2,3 a R$ 3,9 mil. Inscri\u00e7\u00f5es encerradas!","og_url":"https:\/\/www.estrategiaconcursos.com.br\/blog\/edital-ise-ac\/","og_site_name":"Estrat\u00e9gia Concursos","article_published_time":"2021-11-17T06:15:00+00:00","article_modified_time":"2021-12-01T14:46:59+00:00","og_image":[{"width":1200,"height":628,"url":"https:\/\/dhg1h5j42swfq.cloudfront.net\/2021\/03\/16181631\/download-1-1.jpg","type":"image\/jpeg"}],"author":"Bruna de Andrade Fran\u00e7a","twitter_card":"summary_large_image","twitter_creator":"@EstratConcursos","twitter_site":"@EstratConcursos","twitter_misc":{"Escrito por":"Bruna de Andrade Fran\u00e7a","Est. tempo de leitura":"6 minutos"},"schema":{"@context":"https:\/\/schema.org","@graph":[{"@type":"NewsArticle","@id":"https:\/\/www.estrategiaconcursos.com.br\/blog\/edital-ise-ac\/#article","isPartOf":{"@id":"https:\/\/www.estrategiaconcursos.com.br\/blog\/edital-ise-ac\/"},"author":{"name":"Bruna de Andrade Fran\u00e7a","@id":"https:\/\/www.estrategiaconcursos.com.br\/blog\/#\/schema\/person\/6630f91134abc08115cca62ce6372855"},"headline":"Edital ISE AC: inscri\u00e7\u00f5es encerradas para 322 vagas!","datePublished":"2021-11-17T06:15:00+00:00","dateModified":"2021-12-01T14:46:59+00:00","mainEntityOfPage":{"@id":"https:\/\/www.estrategiaconcursos.com.br\/blog\/edital-ise-ac\/"},"wordCount":1257,"commentCount":0,"publisher":{"@id":"https:\/\/www.estrategiaconcursos.com.br\/blog\/#organization"},"image":{"@id":"https:\/\/www.estrategiaconcursos.com.br\/blog\/edital-ise-ac\/#primaryimage"},"thumbnailUrl":"https:\/\/dhg1h5j42swfq.cloudfront.net\/2021\/03\/16181631\/download-1-1.jpg","articleSection":["Policial (Agente Penitenci\u00e1rio)"],"inLanguage":"pt-BR","potentialAction":[{"@type":"CommentAction","name":"Comment","target":["https:\/\/www.estrategiaconcursos.com.br\/blog\/edital-ise-ac\/#respond"]}],"copyrightYear":"2021","copyrightHolder":{"@id":"https:\/\/www.estrategiaconcursos.com.br\/blog\/#organization"}},{"@type":"WebPage","@id":"https:\/\/www.estrategiaconcursos.com.br\/blog\/edital-ise-ac\/","url":"https:\/\/www.estrategiaconcursos.com.br\/blog\/edital-ise-ac\/","name":"Edital ISE AC: inscri\u00e7\u00f5es encerradas para 322 vagas!","isPartOf":{"@id":"https:\/\/www.estrategiaconcursos.com.br\/blog\/#website"},"primaryImageOfPage":{"@id":"https:\/\/www.estrategiaconcursos.com.br\/blog\/edital-ise-ac\/#primaryimage"},"image":{"@id":"https:\/\/www.estrategiaconcursos.com.br\/blog\/edital-ise-ac\/#primaryimage"},"thumbnailUrl":"https:\/\/dhg1h5j42swfq.cloudfront.net\/2021\/03\/16181631\/download-1-1.jpg","datePublished":"2021-11-17T06:15:00+00:00","dateModified":"2021-12-01T14:46:59+00:00","description":"Edital ISE AC oferta 322 vagas para cargos de n\u00edvel m\u00e9dio e superior, com sal\u00e1rios de R$ 2,3 a R$ 3,9 mil. Inscri\u00e7\u00f5es encerradas!","breadcrumb":{"@id":"https:\/\/www.estrategiaconcursos.com.br\/blog\/edital-ise-ac\/#breadcrumb"},"inLanguage":"pt-BR","potentialAction":[{"@type":"ReadAction","target":["https:\/\/www.estrategiaconcursos.com.br\/blog\/edital-ise-ac\/"]}]},{"@type":"ImageObject","inLanguage":"pt-BR","@id":"https:\/\/www.estrategiaconcursos.com.br\/blog\/edital-ise-ac\/#primaryimage","url":"https:\/\/dhg1h5j42swfq.cloudfront.net\/2021\/03\/16181631\/download-1-1.jpg","contentUrl":"https:\/\/dhg1h5j42swfq.cloudfront.net\/2021\/03\/16181631\/download-1-1.jpg","width":1200,"height":628,"caption":"ise ac"},{"@type":"BreadcrumbList","@id":"https:\/\/www.estrategiaconcursos.com.br\/blog\/edital-ise-ac\/#breadcrumb","itemListElement":[{"@type":"ListItem","position":1,"name":"In\u00edcio","item":"https:\/\/www.estrategiaconcursos.com.br\/blog\/"},{"@type":"ListItem","position":2,"name":"Edital ISE AC: inscri\u00e7\u00f5es encerradas para 322 vagas!"}]},{"@type":"WebSite","@id":"https:\/\/www.estrategiaconcursos.com.br\/blog\/#website","url":"https:\/\/www.estrategiaconcursos.com.br\/blog\/","name":"Estrat\u00e9gia Concursos","description":"O blog da Estrat\u00e9gia Concursos traz not\u00edcias sobre concursos e artigos de professores oferecendo cursos para concursos (pdf + videaulas) no site.","publisher":{"@id":"https:\/\/www.estrategiaconcursos.com.br\/blog\/#organization"},"potentialAction":[{"@type":"SearchAction","target":{"@type":"EntryPoint","urlTemplate":"https:\/\/www.estrategiaconcursos.com.br\/blog\/?s={search_term_string}"},"query-input":{"@type":"PropertyValueSpecification","valueRequired":true,"valueName":"search_term_string"}}],"inLanguage":"pt-BR"},{"@type":"Organization","@id":"https:\/\/www.estrategiaconcursos.com.br\/blog\/#organization","name":"Estrat\u00e9gia Concursos","url":"https:\/\/www.estrategiaconcursos.com.br\/blog\/","logo":{"@type":"ImageObject","inLanguage":"pt-BR","@id":"https:\/\/www.estrategiaconcursos.com.br\/blog\/#\/schema\/logo\/image\/","url":"https:\/\/dhg1h5j42swfq.cloudfront.net\/2025\/06\/03203428\/logo_concursos-1.jpg","contentUrl":"https:\/\/dhg1h5j42swfq.cloudfront.net\/2025\/06\/03203428\/logo_concursos-1.jpg","width":230,"height":60,"caption":"Estrat\u00e9gia Concursos"},"image":{"@id":"https:\/\/www.estrategiaconcursos.com.br\/blog\/#\/schema\/logo\/image\/"},"sameAs":["https:\/\/x.com\/EstratConcursos"]},{"@type":"Person","@id":"https:\/\/www.estrategiaconcursos.com.br\/blog\/#\/schema\/person\/6630f91134abc08115cca62ce6372855","name":"Bruna de Andrade Fran\u00e7a","image":{"@type":"ImageObject","inLanguage":"pt-BR","@id":"https:\/\/secure.gravatar.com\/avatar\/d6316d36d50cea0fadae28ed3015b8870cc90a2d3d8a95c37b44006af36a00e3?s=96&d=mm&r=g","url":"https:\/\/secure.gravatar.com\/avatar\/d6316d36d50cea0fadae28ed3015b8870cc90a2d3d8a95c37b44006af36a00e3?s=96&d=mm&r=g","contentUrl":"https:\/\/secure.gravatar.com\/avatar\/d6316d36d50cea0fadae28ed3015b8870cc90a2d3d8a95c37b44006af36a00e3?s=96&d=mm&r=g","caption":"Bruna de Andrade Fran\u00e7a"},"description":"Bruna de Andrade Fran\u00e7a \u00e9 publicit\u00e1ria com p\u00f3s-gradua\u00e7\u00e3o em Marketing &amp; Growth, atuando h\u00e1 mais de 6 anos no universo dos concursos p\u00fablicos. Desde 2021, lidera no Blog do Estrat\u00e9gia Concursos a cobertura editorial especializada em Concursos Policiais (PF, PRF, PM, PC, etc.), al\u00e9m das frentes de concursos banc\u00e1rios, de sa\u00fade e da \u00e1rea legislativa. Especialista em reda\u00e7\u00e3o, com pr\u00e1ticas de SEO e Copywriting, possui tamb\u00e9m atua\u00e7\u00e3o pr\u00e1tica de contato direto com \u00f3rg\u00e3os p\u00fablicos respons\u00e1veis por editais, permitindo acesso antecipado a informa\u00e7\u00f5es, desdobramentos importantes e atualiza\u00e7\u00e3o eficiente dos concursos p\u00fablicos.","url":"https:\/\/www.estrategiaconcursos.com.br\/blog\/author\/bruna-andrade\/"}]}},"_links":{"self":[{"href":"https:\/\/www.estrategiaconcursos.com.br\/blog\/wp-json\/wp\/v2\/posts\/877395","targetHints":{"allow":["GET"]}}],"collection":[{"href":"https:\/\/www.estrategiaconcursos.com.br\/blog\/wp-json\/wp\/v2\/posts"}],"about":[{"href":"https:\/\/www.estrategiaconcursos.com.br\/blog\/wp-json\/wp\/v2\/types\/post"}],"author":[{"embeddable":true,"href":"https:\/\/www.estrategiaconcursos.com.br\/blog\/wp-json\/wp\/v2\/users\/1206"}],"replies":[{"embeddable":true,"href":"https:\/\/www.estrategiaconcursos.com.br\/blog\/wp-json\/wp\/v2\/comments?post=877395"}],"version-history":[{"count":8,"href":"https:\/\/www.estrategiaconcursos.com.br\/blog\/wp-json\/wp\/v2\/posts\/877395\/revisions"}],"predecessor-version":[{"id":920067,"href":"https:\/\/www.estrategiaconcursos.com.br\/blog\/wp-json\/wp\/v2\/posts\/877395\/revisions\/920067"}],"wp:featuredmedia":[{"embeddable":true,"href":"https:\/\/www.estrategiaconcursos.com.br\/blog\/wp-json\/wp\/v2\/media\/837925"}],"wp:attachment":[{"href":"https:\/\/www.estrategiaconcursos.com.br\/blog\/wp-json\/wp\/v2\/media?parent=877395"}],"wp:term":[{"taxonomy":"category","embeddable":true,"href":"https:\/\/www.estrategiaconcursos.com.br\/blog\/wp-json\/wp\/v2\/categories?post=877395"},{"taxonomy":"post_tag","embeddable":true,"href":"https:\/\/www.estrategiaconcursos.com.br\/blog\/wp-json\/wp\/v2\/tags?post=877395"},{"taxonomy":"tax_estado","embeddable":true,"href":"https:\/\/www.estrategiaconcursos.com.br\/blog\/wp-json\/wp\/v2\/tax_estado?post=877395"}],"curies":[{"name":"wp","href":"https:\/\/api.w.org\/{rel}","templated":true}]}}