{"id":877291,"date":"2021-10-05T15:00:00","date_gmt":"2021-10-05T18:00:00","guid":{"rendered":"https:\/\/www.estrategiaconcursos.com.br\/blog\/?p=877291"},"modified":"2021-10-05T10:45:53","modified_gmt":"2021-10-05T13:45:53","slug":"concurso-sefaz-sc-disciplinas-cobradas","status":"publish","type":"post","link":"https:\/\/www.estrategiaconcursos.com.br\/blog\/concurso-sefaz-sc-disciplinas-cobradas\/","title":{"rendered":"Concurso Sefaz SC: conhe\u00e7a as disciplinas cobradas"},"content":{"rendered":"\n<p style=\"font-size:clamp(14px, 0.875rem + ((1vw - 3.2px) * 0.392), 18px);\"><em><strong>Veja as disciplinas cobradas no conte\u00fado program\u00e1tico do concurso Sefaz SC<\/strong><\/em><\/p>\n\n\n\n<p>Voc\u00ea j\u00e1 deve estrar sabendo que foi publicado na \u00faltima segunda-feira (04) o edital do concurso p\u00fablico da <strong>Secretaria da Fazenda de Santa Catarina<\/strong> (Sefaz SC).<\/p>\n\n\n\n<p>Conforme j\u00e1 previsto anteriormente, s\u00e3o ofertadas 58 vagas para o cargo de <strong>Analista da Receita Estadual<\/strong>\u00a0<strong>IV<\/strong>, que exige n\u00edvel superior em qualquer \u00e1rea de forma\u00e7\u00e3o.<\/p>\n\n\n\n<p>Sob organiza\u00e7\u00e3o da<strong> Funda\u00e7\u00e3o Carlos Chagas &#8211; <a href=\"https:\/\/www.concursosfcc.com.br\/concursos\/sefsc121\/index.html\" target=\"_blank\" rel=\"noreferrer noopener\">FCC<\/a><\/strong>, a avalia\u00e7\u00e3o dos candidatos ser\u00e1 realizada atrav\u00e9s de uma \u00fanica etapa, sendo esta um prova objetiva de m\u00faltipla escolha, prevista para 19 de dezembro de 2021 (manh\u00e3).<\/p>\n\n\n\n<p>O exame ser\u00e1 dividido em duas partes, de <strong>conhecimentos gerais e espec\u00edficos<\/strong>, totalizando 100 quest\u00f5es com pontua\u00e7\u00e3o m\u00e1xima de 220 pontos.<\/p>\n\n\n\n<p>Para se preparar corretamente, \u00e9 necess\u00e1rio fazer uma calma leitura do <a href=\"https:\/\/dhg1h5j42swfq.cloudfront.net\/2021\/10\/05102910\/edital_sefsc_2021_01outubro2021_versao_final.pdf\" target=\"_blank\" rel=\"noreferrer noopener nofollow\">edital de abertura<\/a>, al\u00e9m de conhecer as disciplinas que ser\u00e3o cobradas e seus respectivos conte\u00fados program\u00e1ticos.<\/p>\n\n\n\n<p>Neste artigo, trouxemos essa informa\u00e7\u00e3o de forma detalhada, para que voc\u00ea possa iniciar seus estudos o quanto antes (caso j\u00e1 n\u00e3o tenha iniciado).<\/p>\n\n\n\n<h2 class=\"wp-block-heading\">Disciplinas de conhecimentos gerais do concurso Sefaz SC<\/h2>\n\n\n\n<p class=\"has-text-align-center has-vivid-cyan-blue-color has-text-color\"><strong>L\u00edngua Portuguesa <\/strong>&#8211; 10 quest\u00f5es, peso 1:<\/p>\n\n\n\n<figure class=\"wp-block-image size-large\"><img loading=\"lazy\" decoding=\"async\" width=\"1024\" height=\"46\" src=\"https:\/\/dhg1h5j42swfq.cloudfront.net\/2021\/10\/05103637\/image-59-1024x46.png\" alt=\"Conte\u00fado de L\u00edngua Portuguesa do concurso \" class=\"wp-image-877462\" srcset=\"https:\/\/dhg1h5j42swfq.cloudfront.net\/2021\/10\/05103637\/image-59-1024x46.png 1024w, https:\/\/dhg1h5j42swfq.cloudfront.net\/2021\/10\/05103637\/image-59-300x13.png 300w, https:\/\/dhg1h5j42swfq.cloudfront.net\/2021\/10\/05103637\/image-59-768x35.png 768w, https:\/\/dhg1h5j42swfq.cloudfront.net\/2021\/10\/05103637\/image-59-610x27.png 610w, https:\/\/dhg1h5j42swfq.cloudfront.net\/2021\/10\/05103637\/image-59.png 1134w\" sizes=\"auto, (max-width: 1024px) 100vw, 1024px\" \/><\/figure>\n\n\n\n<p class=\"has-text-align-center has-vivid-cyan-blue-color has-text-color\"><strong>Racioc\u00ednio Cr\u00edtico e L\u00f3gico <\/strong>&#8211; 08 quest\u00f5es, peso 1:<\/p>\n\n\n\n<div class=\"wp-block-image\"><figure class=\"aligncenter size-large\"><img loading=\"lazy\" decoding=\"async\" width=\"1024\" height=\"115\" src=\"https:\/\/dhg1h5j42swfq.cloudfront.net\/2021\/10\/05103610\/image-58-1024x115.png\" alt=\"Conte\u00fado de Racioc\u00ednio Cr\u00edtico e L\u00f3gico do concurso Sefaz SC 2021\" class=\"wp-image-877461\" srcset=\"https:\/\/dhg1h5j42swfq.cloudfront.net\/2021\/10\/05103610\/image-58-1024x115.png 1024w, https:\/\/dhg1h5j42swfq.cloudfront.net\/2021\/10\/05103610\/image-58-300x34.png 300w, https:\/\/dhg1h5j42swfq.cloudfront.net\/2021\/10\/05103610\/image-58-768x86.png 768w, https:\/\/dhg1h5j42swfq.cloudfront.net\/2021\/10\/05103610\/image-58-610x68.png 610w, https:\/\/dhg1h5j42swfq.cloudfront.net\/2021\/10\/05103610\/image-58.png 1144w\" sizes=\"auto, (max-width: 1024px) 100vw, 1024px\" \/><\/figure><\/div>\n\n\n\n<p class=\"has-text-align-center has-vivid-cyan-blue-color has-text-color\"><strong>Direito Constitucional e Administrativo<\/strong> &#8211; 08 quest\u00f5es, peso 1:<\/p>\n\n\n\n<div class=\"wp-block-image\"><figure class=\"aligncenter size-large\"><img loading=\"lazy\" decoding=\"async\" width=\"1024\" height=\"471\" src=\"https:\/\/dhg1h5j42swfq.cloudfront.net\/2021\/10\/05103713\/image-60-1024x471.png\" alt=\"Conte\u00fado de Direito Constitucional e Administrativo do concurso \" class=\"wp-image-877463\" srcset=\"https:\/\/dhg1h5j42swfq.cloudfront.net\/2021\/10\/05103713\/image-60-1024x471.png 1024w, https:\/\/dhg1h5j42swfq.cloudfront.net\/2021\/10\/05103713\/image-60-300x138.png 300w, https:\/\/dhg1h5j42swfq.cloudfront.net\/2021\/10\/05103713\/image-60-768x353.png 768w, https:\/\/dhg1h5j42swfq.cloudfront.net\/2021\/10\/05103713\/image-60-610x280.png 610w, https:\/\/dhg1h5j42swfq.cloudfront.net\/2021\/10\/05103713\/image-60.png 1142w\" sizes=\"auto, (max-width: 1024px) 100vw, 1024px\" \/><\/figure><\/div>\n\n\n\n<p class=\"has-text-align-center has-vivid-cyan-blue-color has-text-color\"><strong>Direito Civil e Empresarial <\/strong>&#8211; 08 quest\u00f5es, peso 1:<\/p>\n\n\n\n<div class=\"wp-block-image\"><figure class=\"aligncenter size-large\"><img loading=\"lazy\" decoding=\"async\" width=\"1024\" height=\"195\" src=\"https:\/\/dhg1h5j42swfq.cloudfront.net\/2021\/10\/05103823\/image-61-1024x195.png\" alt=\"Conte\u00fado de Direito Civil e Empresarial do concurso Sefaz SC 2021\" class=\"wp-image-877464\" srcset=\"https:\/\/dhg1h5j42swfq.cloudfront.net\/2021\/10\/05103823\/image-61-1024x195.png 1024w, https:\/\/dhg1h5j42swfq.cloudfront.net\/2021\/10\/05103823\/image-61-300x57.png 300w, https:\/\/dhg1h5j42swfq.cloudfront.net\/2021\/10\/05103823\/image-61-768x146.png 768w, https:\/\/dhg1h5j42swfq.cloudfront.net\/2021\/10\/05103823\/image-61-610x116.png 610w, https:\/\/dhg1h5j42swfq.cloudfront.net\/2021\/10\/05103823\/image-61.png 1141w\" sizes=\"auto, (max-width: 1024px) 100vw, 1024px\" \/><\/figure><\/div>\n\n\n\n<p class=\"has-text-align-center has-vivid-cyan-blue-color has-text-color\"><strong>Contabilidade Geral<\/strong> &#8211; 06 quest\u00f5es, peso 1:<\/p>\n\n\n\n<div class=\"wp-block-image\"><figure class=\"aligncenter size-large\"><img loading=\"lazy\" decoding=\"async\" width=\"1024\" height=\"252\" src=\"https:\/\/dhg1h5j42swfq.cloudfront.net\/2021\/10\/05103853\/image-62-1024x252.png\" alt=\"Conte\u00fado de Contabilidade Geral do concurso \" class=\"wp-image-877465\" srcset=\"https:\/\/dhg1h5j42swfq.cloudfront.net\/2021\/10\/05103853\/image-62-1024x252.png 1024w, https:\/\/dhg1h5j42swfq.cloudfront.net\/2021\/10\/05103853\/image-62-300x74.png 300w, https:\/\/dhg1h5j42swfq.cloudfront.net\/2021\/10\/05103853\/image-62-768x189.png 768w, https:\/\/dhg1h5j42swfq.cloudfront.net\/2021\/10\/05103853\/image-62-610x150.png 610w, https:\/\/dhg1h5j42swfq.cloudfront.net\/2021\/10\/05103853\/image-62.png 1139w\" sizes=\"auto, (max-width: 1024px) 100vw, 1024px\" \/><\/figure><\/div>\n\n\n\n<h2 class=\"wp-block-heading\">Disciplinas de conhecimentos espec\u00edficos do concurso Sefaz SC <\/h2>\n\n\n\n<p class=\"has-text-align-center has-vivid-cyan-blue-color has-text-color\"><strong>Direito Financeiro e Tribut\u00e1rio <\/strong>&#8211; 10 quest\u00f5es, peso 3:<\/p>\n\n\n\n<div class=\"wp-block-image\"><figure class=\"aligncenter size-large\"><img loading=\"lazy\" decoding=\"async\" width=\"1024\" height=\"281\" src=\"https:\/\/dhg1h5j42swfq.cloudfront.net\/2021\/10\/05103923\/image-63-1024x281.png\" alt=\"Conte\u00fado de Direito Financeiro e Tribut\u00e1rio do concurso Sefaz SC 2021\" class=\"wp-image-877466\" srcset=\"https:\/\/dhg1h5j42swfq.cloudfront.net\/2021\/10\/05103923\/image-63-1024x281.png 1024w, https:\/\/dhg1h5j42swfq.cloudfront.net\/2021\/10\/05103923\/image-63-300x82.png 300w, https:\/\/dhg1h5j42swfq.cloudfront.net\/2021\/10\/05103923\/image-63-768x211.png 768w, https:\/\/dhg1h5j42swfq.cloudfront.net\/2021\/10\/05103923\/image-63-610x167.png 610w, https:\/\/dhg1h5j42swfq.cloudfront.net\/2021\/10\/05103923\/image-63.png 1141w\" sizes=\"auto, (max-width: 1024px) 100vw, 1024px\" \/><\/figure><\/div>\n\n\n\n<p class=\"has-text-align-center has-vivid-cyan-blue-color has-text-color\"><strong>Direito Processual Tribut\u00e1rio<\/strong> &#8211; 15 quest\u00f5es, peso 3:<\/p>\n\n\n\n<div class=\"wp-block-image\"><figure class=\"aligncenter size-large\"><img loading=\"lazy\" decoding=\"async\" width=\"1024\" height=\"154\" src=\"https:\/\/dhg1h5j42swfq.cloudfront.net\/2021\/10\/05103953\/image-64-1024x154.png\" alt=\"Conte\u00fado da disciplina de Direito Processual Tribut\u00e1rio do concurso Sefaz SC 2021\" class=\"wp-image-877467\" srcset=\"https:\/\/dhg1h5j42swfq.cloudfront.net\/2021\/10\/05103953\/image-64-1024x154.png 1024w, https:\/\/dhg1h5j42swfq.cloudfront.net\/2021\/10\/05103953\/image-64-300x45.png 300w, https:\/\/dhg1h5j42swfq.cloudfront.net\/2021\/10\/05103953\/image-64-768x115.png 768w, https:\/\/dhg1h5j42swfq.cloudfront.net\/2021\/10\/05103953\/image-64-610x92.png 610w, https:\/\/dhg1h5j42swfq.cloudfront.net\/2021\/10\/05103953\/image-64.png 1139w\" sizes=\"auto, (max-width: 1024px) 100vw, 1024px\" \/><\/figure><\/div>\n\n\n\n<p class=\"has-text-align-center has-vivid-cyan-blue-color has-text-color\"><strong>Legisla\u00e7\u00e3o Tribut\u00e1ria<\/strong> &#8211; 35 quest\u00f5es, peso 3:<\/p>\n\n\n\n<div class=\"wp-block-image\"><figure class=\"aligncenter size-large\"><img loading=\"lazy\" decoding=\"async\" width=\"1024\" height=\"280\" src=\"https:\/\/dhg1h5j42swfq.cloudfront.net\/2021\/10\/05104058\/image-65-1024x280.png\" alt=\"Conte\u00fado de Legisla\u00e7\u00e3o Tribut\u00e1ria do concurso Sefaz SC 2021\" class=\"wp-image-877468\" srcset=\"https:\/\/dhg1h5j42swfq.cloudfront.net\/2021\/10\/05104058\/image-65-1024x280.png 1024w, https:\/\/dhg1h5j42swfq.cloudfront.net\/2021\/10\/05104058\/image-65-300x82.png 300w, https:\/\/dhg1h5j42swfq.cloudfront.net\/2021\/10\/05104058\/image-65-768x210.png 768w, https:\/\/dhg1h5j42swfq.cloudfront.net\/2021\/10\/05104058\/image-65-610x167.png 610w, https:\/\/dhg1h5j42swfq.cloudfront.net\/2021\/10\/05104058\/image-65.png 1140w\" sizes=\"auto, (max-width: 1024px) 100vw, 1024px\" \/><\/figure><\/div>\n\n\n\n<p class=\"has-text-align-center\"><em>Quer ficar por dentro de todas as informa\u00e7\u00f5es sobre o concurso da Sefaz SC e seu edital rec\u00e9m publicado? Ent\u00e3o n\u00e3o deixe de conferir nosso artigo completo:<\/em><\/p>\n\n\n\n<p class=\"has-text-align-center has-luminous-vivid-amber-background-color has-background has-medium-font-size\"><strong>Mais informa\u00e7\u00f5es: <a href=\"https:\/\/www.estrategiaconcursos.com.br\/blog\/concurso-sefaz-sc\/\" target=\"_blank\" rel=\"noreferrer noopener\">Concurso Sefaz SC<\/a><\/strong><\/p>\n\n\n\n<hr class=\"wp-block-separator\"\/>\n\n\n\n<h2 class=\"has-text-align-center wp-block-heading\" id=\"cursos\">Quer saber tudo sobre os concursos previstos? <br \/><strong>Confira nossos artigos<\/strong>:<\/h2>\n\n\n\n<ul class=\"wp-block-list\"><li><a href=\"https:\/\/www.estrategiaconcursos.com.br\/blog\/concursos-abertos\/\">Concursos abertos<\/a><\/li><li><a href=\"https:\/\/www.estrategiaconcursos.com.br\/blog\/concursos-2021\/\">Concursos 2021<\/a><\/li><li><a href=\"https:\/\/www.estrategiaconcursos.com.br\/blog\/concursos-2022\/\">Concursos 2022<\/a><\/li><\/ul>\n\n\n\n<div class=\"container\" id=\"boxes\">\n  <div class=\"row\">\n\n    <div class=\"col-sm\">\n      <div class=\"banner-fiscal-01\" id=\"box-assinatura\">\n        <h3 class=\"titulo-assinatura\">Concurso Sefaz SC<\/h3>\n        <p class=\"subtitulo-assinatura\">Estude conosco<\/p>\n        <div class=\"box-botao\">\n          <a class=\"btn-assinatura\" target=\"_blank\" href=\"https:\/\/www.estrategiaconcursos.com.br\/cursosPorConcurso\/secretaria-da-fazenda-do-estado-de-santa-catarina-sefaz-sc\/\" role=\"button\" rel=\"noopener noreferrer\">Conhe\u00e7a os cursos<\/a>\n        <\/div>\n      <\/div>\n      \n    <\/div>\n\n  <\/div>\n<\/div>\n\n\n\n<div class=\"container\" id=\"boxes\">\n  <div class=\"row\">\n\n    <div class=\"col-sm\">\n      <div class=\"estrategia\" id=\"box-assinatura\">\n        <h3 class=\"titulo-assinatura\">Assinatura Concursos<\/h3>\n        <p class=\"subtitulo-assinatura\">Assinatura de 1 ano ou 2 anos<\/p>\n        <div class=\"box-botao\">\n          <a class=\"btn-assinatura\" target=\"_blank\" href=\"https:\/\/www.estrategiaconcursos.com.br\/assinaturas\/\" role=\"button\" rel=\"noopener noreferrer\">ASSINE AGORA<\/a>\n        <\/div>\n      <\/div>\n     \n    <\/div><\/div><\/div>\n","protected":false},"excerpt":{"rendered":"<p>Veja as disciplinas cobradas no conte\u00fado program\u00e1tico do concurso Sefaz SC Voc\u00ea j\u00e1 deve estrar sabendo que foi publicado na \u00faltima segunda-feira (04) o edital do concurso p\u00fablico da Secretaria da Fazenda de Santa Catarina (Sefaz SC). Conforme j\u00e1 previsto anteriormente, s\u00e3o ofertadas 58 vagas para o cargo de Analista da Receita Estadual\u00a0IV, que exige [&hellip;]<\/p>\n","protected":false},"author":659,"featured_media":749134,"comment_status":"open","ping_status":"closed","sticky":false,"template":"","format":"standard","meta":{"post_tipo":"news","footnotes":""},"categories":[1983,220219],"tags":[],"tax_estado":[219987],"class_list":["post-877291","post","type-post","status-publish","format-standard","has-post-thumbnail","hentry","category-fiscal-estadual","category-noticias","tax_estado-sc"],"acf":[],"yoast_head":"<!-- This site is optimized with the Yoast SEO Premium plugin v27.2 (Yoast SEO v27.2) - https:\/\/yoast.com\/product\/yoast-seo-premium-wordpress\/ -->\n<title>Concurso Sefaz SC: conhe\u00e7a as disciplinas cobradas<\/title>\n<meta name=\"description\" content=\"Concurso Sefaz SC: com edital rec\u00e9m publicado, conhe\u00e7a as disciplinas cobradas no conte\u00fado program\u00e1tico do certame. 58 vagas para Analista!\" \/>\n<meta name=\"robots\" content=\"index, follow, max-snippet:-1, max-image-preview:large, max-video-preview:-1\" \/>\n<link rel=\"canonical\" href=\"https:\/\/www.estrategiaconcursos.com.br\/blog\/concurso-sefaz-sc-disciplinas-cobradas\/\" \/>\n<meta property=\"og:locale\" content=\"pt_BR\" \/>\n<meta property=\"og:type\" content=\"article\" \/>\n<meta property=\"og:title\" content=\"Concurso Sefaz SC: conhe\u00e7a as disciplinas cobradas\" \/>\n<meta property=\"og:description\" content=\"Concurso Sefaz SC: com edital rec\u00e9m publicado, conhe\u00e7a as disciplinas cobradas no conte\u00fado program\u00e1tico do certame. 58 vagas para Analista!\" \/>\n<meta property=\"og:url\" content=\"https:\/\/www.estrategiaconcursos.com.br\/blog\/concurso-sefaz-sc-disciplinas-cobradas\/\" \/>\n<meta property=\"og:site_name\" content=\"Estrat\u00e9gia Concursos\" \/>\n<meta property=\"article:published_time\" content=\"2021-10-05T18:00:00+00:00\" \/>\n<meta property=\"og:image\" content=\"https:\/\/dhg1h5j42swfq.cloudfront.net\/2021\/05\/24100723\/sefaz-sc.jpg\" \/>\n\t<meta property=\"og:image:width\" content=\"768\" \/>\n\t<meta property=\"og:image:height\" content=\"432\" \/>\n\t<meta property=\"og:image:type\" content=\"image\/jpeg\" \/>\n<meta name=\"author\" content=\"Camila Leite\" \/>\n<meta name=\"twitter:card\" content=\"summary_large_image\" \/>\n<meta name=\"twitter:creator\" content=\"@EstratConcursos\" \/>\n<meta name=\"twitter:site\" content=\"@EstratConcursos\" \/>\n<meta name=\"twitter:label1\" content=\"Escrito por\" \/>\n\t<meta name=\"twitter:data1\" content=\"Camila Leite\" \/>\n\t<meta name=\"twitter:label2\" content=\"Est. tempo de leitura\" \/>\n\t<meta name=\"twitter:data2\" content=\"3 minutos\" \/>\n<script type=\"application\/ld+json\" class=\"yoast-schema-graph\">{\"@context\":\"https:\/\/schema.org\",\"@graph\":[{\"@type\":\"NewsArticle\",\"@id\":\"https:\/\/www.estrategiaconcursos.com.br\/blog\/concurso-sefaz-sc-disciplinas-cobradas\/#article\",\"isPartOf\":{\"@id\":\"https:\/\/www.estrategiaconcursos.com.br\/blog\/concurso-sefaz-sc-disciplinas-cobradas\/\"},\"author\":{\"name\":\"Camila Leite\",\"@id\":\"https:\/\/www.estrategiaconcursos.com.br\/blog\/#\/schema\/person\/84ecdc6eb58d3cf1689bf76c5cd8fb38\"},\"headline\":\"Concurso Sefaz SC: conhe\u00e7a as disciplinas cobradas\",\"datePublished\":\"2021-10-05T18:00:00+00:00\",\"mainEntityOfPage\":{\"@id\":\"https:\/\/www.estrategiaconcursos.com.br\/blog\/concurso-sefaz-sc-disciplinas-cobradas\/\"},\"wordCount\":343,\"commentCount\":0,\"publisher\":{\"@id\":\"https:\/\/www.estrategiaconcursos.com.br\/blog\/#organization\"},\"image\":{\"@id\":\"https:\/\/www.estrategiaconcursos.com.br\/blog\/concurso-sefaz-sc-disciplinas-cobradas\/#primaryimage\"},\"thumbnailUrl\":\"https:\/\/dhg1h5j42swfq.cloudfront.net\/2021\/05\/24100723\/sefaz-sc.jpg\",\"articleSection\":[\"Fiscal - Estadual (ICMS)\",\"\u00daltimas not\u00edcias\"],\"inLanguage\":\"pt-BR\",\"potentialAction\":[{\"@type\":\"CommentAction\",\"name\":\"Comment\",\"target\":[\"https:\/\/www.estrategiaconcursos.com.br\/blog\/concurso-sefaz-sc-disciplinas-cobradas\/#respond\"]}],\"copyrightYear\":\"2021\",\"copyrightHolder\":{\"@id\":\"https:\/\/www.estrategiaconcursos.com.br\/blog\/#organization\"}},{\"@type\":\"WebPage\",\"@id\":\"https:\/\/www.estrategiaconcursos.com.br\/blog\/concurso-sefaz-sc-disciplinas-cobradas\/\",\"url\":\"https:\/\/www.estrategiaconcursos.com.br\/blog\/concurso-sefaz-sc-disciplinas-cobradas\/\",\"name\":\"Concurso Sefaz SC: conhe\u00e7a as disciplinas cobradas\",\"isPartOf\":{\"@id\":\"https:\/\/www.estrategiaconcursos.com.br\/blog\/#website\"},\"primaryImageOfPage\":{\"@id\":\"https:\/\/www.estrategiaconcursos.com.br\/blog\/concurso-sefaz-sc-disciplinas-cobradas\/#primaryimage\"},\"image\":{\"@id\":\"https:\/\/www.estrategiaconcursos.com.br\/blog\/concurso-sefaz-sc-disciplinas-cobradas\/#primaryimage\"},\"thumbnailUrl\":\"https:\/\/dhg1h5j42swfq.cloudfront.net\/2021\/05\/24100723\/sefaz-sc.jpg\",\"datePublished\":\"2021-10-05T18:00:00+00:00\",\"description\":\"Concurso Sefaz SC: com edital rec\u00e9m publicado, conhe\u00e7a as disciplinas cobradas no conte\u00fado program\u00e1tico do certame. 58 vagas para Analista!\",\"breadcrumb\":{\"@id\":\"https:\/\/www.estrategiaconcursos.com.br\/blog\/concurso-sefaz-sc-disciplinas-cobradas\/#breadcrumb\"},\"inLanguage\":\"pt-BR\",\"potentialAction\":[{\"@type\":\"ReadAction\",\"target\":[\"https:\/\/www.estrategiaconcursos.com.br\/blog\/concurso-sefaz-sc-disciplinas-cobradas\/\"]}]},{\"@type\":\"ImageObject\",\"inLanguage\":\"pt-BR\",\"@id\":\"https:\/\/www.estrategiaconcursos.com.br\/blog\/concurso-sefaz-sc-disciplinas-cobradas\/#primaryimage\",\"url\":\"https:\/\/dhg1h5j42swfq.cloudfront.net\/2021\/05\/24100723\/sefaz-sc.jpg\",\"contentUrl\":\"https:\/\/dhg1h5j42swfq.cloudfront.net\/2021\/05\/24100723\/sefaz-sc.jpg\",\"width\":768,\"height\":432,\"caption\":\"Lei n\u00ba 17715 para a SEFAZ-SC\"},{\"@type\":\"BreadcrumbList\",\"@id\":\"https:\/\/www.estrategiaconcursos.com.br\/blog\/concurso-sefaz-sc-disciplinas-cobradas\/#breadcrumb\",\"itemListElement\":[{\"@type\":\"ListItem\",\"position\":1,\"name\":\"In\u00edcio\",\"item\":\"https:\/\/www.estrategiaconcursos.com.br\/blog\/\"},{\"@type\":\"ListItem\",\"position\":2,\"name\":\"Concurso Sefaz SC: conhe\u00e7a as disciplinas cobradas\"}]},{\"@type\":\"WebSite\",\"@id\":\"https:\/\/www.estrategiaconcursos.com.br\/blog\/#website\",\"url\":\"https:\/\/www.estrategiaconcursos.com.br\/blog\/\",\"name\":\"Estrat\u00e9gia Concursos\",\"description\":\"O blog da Estrat\u00e9gia Concursos traz not\u00edcias sobre concursos e artigos de professores oferecendo cursos para concursos (pdf + videaulas) no site.\",\"publisher\":{\"@id\":\"https:\/\/www.estrategiaconcursos.com.br\/blog\/#organization\"},\"potentialAction\":[{\"@type\":\"SearchAction\",\"target\":{\"@type\":\"EntryPoint\",\"urlTemplate\":\"https:\/\/www.estrategiaconcursos.com.br\/blog\/?s={search_term_string}\"},\"query-input\":{\"@type\":\"PropertyValueSpecification\",\"valueRequired\":true,\"valueName\":\"search_term_string\"}}],\"inLanguage\":\"pt-BR\"},{\"@type\":\"Organization\",\"@id\":\"https:\/\/www.estrategiaconcursos.com.br\/blog\/#organization\",\"name\":\"Estrat\u00e9gia Concursos\",\"url\":\"https:\/\/www.estrategiaconcursos.com.br\/blog\/\",\"logo\":{\"@type\":\"ImageObject\",\"inLanguage\":\"pt-BR\",\"@id\":\"https:\/\/www.estrategiaconcursos.com.br\/blog\/#\/schema\/logo\/image\/\",\"url\":\"https:\/\/dhg1h5j42swfq.cloudfront.net\/2025\/06\/03203428\/logo_concursos-1.jpg\",\"contentUrl\":\"https:\/\/dhg1h5j42swfq.cloudfront.net\/2025\/06\/03203428\/logo_concursos-1.jpg\",\"width\":230,\"height\":60,\"caption\":\"Estrat\u00e9gia Concursos\"},\"image\":{\"@id\":\"https:\/\/www.estrategiaconcursos.com.br\/blog\/#\/schema\/logo\/image\/\"},\"sameAs\":[\"https:\/\/x.com\/EstratConcursos\"]},{\"@type\":\"Person\",\"@id\":\"https:\/\/www.estrategiaconcursos.com.br\/blog\/#\/schema\/person\/84ecdc6eb58d3cf1689bf76c5cd8fb38\",\"name\":\"Camila Leite\",\"image\":{\"@type\":\"ImageObject\",\"inLanguage\":\"pt-BR\",\"@id\":\"https:\/\/secure.gravatar.com\/avatar\/f2f8faef639c8a2bfb7fb909912a56917f4c3a0aed064500168e2fb8ea55cf61?s=96&d=mm&r=g\",\"url\":\"https:\/\/secure.gravatar.com\/avatar\/f2f8faef639c8a2bfb7fb909912a56917f4c3a0aed064500168e2fb8ea55cf61?s=96&d=mm&r=g\",\"contentUrl\":\"https:\/\/secure.gravatar.com\/avatar\/f2f8faef639c8a2bfb7fb909912a56917f4c3a0aed064500168e2fb8ea55cf61?s=96&d=mm&r=g\",\"caption\":\"Camila Leite\"},\"description\":\"Formada em Design Gr\u00e1fico e em Propaganda e Marketing pela UNIP, integra a equipe de jornalismo do Estrat\u00e9gia Concursos desde 2018. Ao longo dos anos, construiu uma s\u00f3lida experi\u00eancia na produ\u00e7\u00e3o de conte\u00fado informativo e relevante para concurseiros. Desde 2020, atua na cobertura das \u00e1reas Fiscal \u2014 com \u00eanfase nas Secretarias de Fazenda (Sefaz) das regi\u00f5es Sul e Sudeste \u2014, al\u00e9m da cobertura de concursos federais, como CNU, Petrobras, CGU, Receita Federal, ag\u00eancias reguladoras (Anvisa, ANAC, entre outras) e INSS. Mant\u00e9m contato direto com os principais \u00f3rg\u00e3os p\u00fablicos, acompanhando editais, atualiza\u00e7\u00f5es e movimenta\u00e7\u00f5es importantes para os candidatos.\",\"sameAs\":[\"https:\/\/www.linkedin.com\/in\/camila-pinheiro-leite-9ba135b6\/\"],\"url\":\"https:\/\/www.estrategiaconcursos.com.br\/blog\/author\/camila-leiteestrategiaconcursos-com-br\/\"}]}<\/script>\n<!-- \/ Yoast SEO Premium plugin. -->","yoast_head_json":{"title":"Concurso Sefaz SC: conhe\u00e7a as disciplinas cobradas","description":"Concurso Sefaz SC: com edital rec\u00e9m publicado, conhe\u00e7a as disciplinas cobradas no conte\u00fado program\u00e1tico do certame. 58 vagas para Analista!","robots":{"index":"index","follow":"follow","max-snippet":"max-snippet:-1","max-image-preview":"max-image-preview:large","max-video-preview":"max-video-preview:-1"},"canonical":"https:\/\/www.estrategiaconcursos.com.br\/blog\/concurso-sefaz-sc-disciplinas-cobradas\/","og_locale":"pt_BR","og_type":"article","og_title":"Concurso Sefaz SC: conhe\u00e7a as disciplinas cobradas","og_description":"Concurso Sefaz SC: com edital rec\u00e9m publicado, conhe\u00e7a as disciplinas cobradas no conte\u00fado program\u00e1tico do certame. 58 vagas para Analista!","og_url":"https:\/\/www.estrategiaconcursos.com.br\/blog\/concurso-sefaz-sc-disciplinas-cobradas\/","og_site_name":"Estrat\u00e9gia Concursos","article_published_time":"2021-10-05T18:00:00+00:00","og_image":[{"width":768,"height":432,"url":"https:\/\/dhg1h5j42swfq.cloudfront.net\/2021\/05\/24100723\/sefaz-sc.jpg","type":"image\/jpeg"}],"author":"Camila Leite","twitter_card":"summary_large_image","twitter_creator":"@EstratConcursos","twitter_site":"@EstratConcursos","twitter_misc":{"Escrito por":"Camila Leite","Est. tempo de leitura":"3 minutos"},"schema":{"@context":"https:\/\/schema.org","@graph":[{"@type":"NewsArticle","@id":"https:\/\/www.estrategiaconcursos.com.br\/blog\/concurso-sefaz-sc-disciplinas-cobradas\/#article","isPartOf":{"@id":"https:\/\/www.estrategiaconcursos.com.br\/blog\/concurso-sefaz-sc-disciplinas-cobradas\/"},"author":{"name":"Camila Leite","@id":"https:\/\/www.estrategiaconcursos.com.br\/blog\/#\/schema\/person\/84ecdc6eb58d3cf1689bf76c5cd8fb38"},"headline":"Concurso Sefaz SC: conhe\u00e7a as disciplinas cobradas","datePublished":"2021-10-05T18:00:00+00:00","mainEntityOfPage":{"@id":"https:\/\/www.estrategiaconcursos.com.br\/blog\/concurso-sefaz-sc-disciplinas-cobradas\/"},"wordCount":343,"commentCount":0,"publisher":{"@id":"https:\/\/www.estrategiaconcursos.com.br\/blog\/#organization"},"image":{"@id":"https:\/\/www.estrategiaconcursos.com.br\/blog\/concurso-sefaz-sc-disciplinas-cobradas\/#primaryimage"},"thumbnailUrl":"https:\/\/dhg1h5j42swfq.cloudfront.net\/2021\/05\/24100723\/sefaz-sc.jpg","articleSection":["Fiscal - Estadual (ICMS)","\u00daltimas not\u00edcias"],"inLanguage":"pt-BR","potentialAction":[{"@type":"CommentAction","name":"Comment","target":["https:\/\/www.estrategiaconcursos.com.br\/blog\/concurso-sefaz-sc-disciplinas-cobradas\/#respond"]}],"copyrightYear":"2021","copyrightHolder":{"@id":"https:\/\/www.estrategiaconcursos.com.br\/blog\/#organization"}},{"@type":"WebPage","@id":"https:\/\/www.estrategiaconcursos.com.br\/blog\/concurso-sefaz-sc-disciplinas-cobradas\/","url":"https:\/\/www.estrategiaconcursos.com.br\/blog\/concurso-sefaz-sc-disciplinas-cobradas\/","name":"Concurso Sefaz SC: conhe\u00e7a as disciplinas cobradas","isPartOf":{"@id":"https:\/\/www.estrategiaconcursos.com.br\/blog\/#website"},"primaryImageOfPage":{"@id":"https:\/\/www.estrategiaconcursos.com.br\/blog\/concurso-sefaz-sc-disciplinas-cobradas\/#primaryimage"},"image":{"@id":"https:\/\/www.estrategiaconcursos.com.br\/blog\/concurso-sefaz-sc-disciplinas-cobradas\/#primaryimage"},"thumbnailUrl":"https:\/\/dhg1h5j42swfq.cloudfront.net\/2021\/05\/24100723\/sefaz-sc.jpg","datePublished":"2021-10-05T18:00:00+00:00","description":"Concurso Sefaz SC: com edital rec\u00e9m publicado, conhe\u00e7a as disciplinas cobradas no conte\u00fado program\u00e1tico do certame. 58 vagas para Analista!","breadcrumb":{"@id":"https:\/\/www.estrategiaconcursos.com.br\/blog\/concurso-sefaz-sc-disciplinas-cobradas\/#breadcrumb"},"inLanguage":"pt-BR","potentialAction":[{"@type":"ReadAction","target":["https:\/\/www.estrategiaconcursos.com.br\/blog\/concurso-sefaz-sc-disciplinas-cobradas\/"]}]},{"@type":"ImageObject","inLanguage":"pt-BR","@id":"https:\/\/www.estrategiaconcursos.com.br\/blog\/concurso-sefaz-sc-disciplinas-cobradas\/#primaryimage","url":"https:\/\/dhg1h5j42swfq.cloudfront.net\/2021\/05\/24100723\/sefaz-sc.jpg","contentUrl":"https:\/\/dhg1h5j42swfq.cloudfront.net\/2021\/05\/24100723\/sefaz-sc.jpg","width":768,"height":432,"caption":"Lei n\u00ba 17715 para a SEFAZ-SC"},{"@type":"BreadcrumbList","@id":"https:\/\/www.estrategiaconcursos.com.br\/blog\/concurso-sefaz-sc-disciplinas-cobradas\/#breadcrumb","itemListElement":[{"@type":"ListItem","position":1,"name":"In\u00edcio","item":"https:\/\/www.estrategiaconcursos.com.br\/blog\/"},{"@type":"ListItem","position":2,"name":"Concurso Sefaz SC: conhe\u00e7a as disciplinas cobradas"}]},{"@type":"WebSite","@id":"https:\/\/www.estrategiaconcursos.com.br\/blog\/#website","url":"https:\/\/www.estrategiaconcursos.com.br\/blog\/","name":"Estrat\u00e9gia Concursos","description":"O blog da Estrat\u00e9gia Concursos traz not\u00edcias sobre concursos e artigos de professores oferecendo cursos para concursos (pdf + videaulas) no site.","publisher":{"@id":"https:\/\/www.estrategiaconcursos.com.br\/blog\/#organization"},"potentialAction":[{"@type":"SearchAction","target":{"@type":"EntryPoint","urlTemplate":"https:\/\/www.estrategiaconcursos.com.br\/blog\/?s={search_term_string}"},"query-input":{"@type":"PropertyValueSpecification","valueRequired":true,"valueName":"search_term_string"}}],"inLanguage":"pt-BR"},{"@type":"Organization","@id":"https:\/\/www.estrategiaconcursos.com.br\/blog\/#organization","name":"Estrat\u00e9gia Concursos","url":"https:\/\/www.estrategiaconcursos.com.br\/blog\/","logo":{"@type":"ImageObject","inLanguage":"pt-BR","@id":"https:\/\/www.estrategiaconcursos.com.br\/blog\/#\/schema\/logo\/image\/","url":"https:\/\/dhg1h5j42swfq.cloudfront.net\/2025\/06\/03203428\/logo_concursos-1.jpg","contentUrl":"https:\/\/dhg1h5j42swfq.cloudfront.net\/2025\/06\/03203428\/logo_concursos-1.jpg","width":230,"height":60,"caption":"Estrat\u00e9gia Concursos"},"image":{"@id":"https:\/\/www.estrategiaconcursos.com.br\/blog\/#\/schema\/logo\/image\/"},"sameAs":["https:\/\/x.com\/EstratConcursos"]},{"@type":"Person","@id":"https:\/\/www.estrategiaconcursos.com.br\/blog\/#\/schema\/person\/84ecdc6eb58d3cf1689bf76c5cd8fb38","name":"Camila Leite","image":{"@type":"ImageObject","inLanguage":"pt-BR","@id":"https:\/\/secure.gravatar.com\/avatar\/f2f8faef639c8a2bfb7fb909912a56917f4c3a0aed064500168e2fb8ea55cf61?s=96&d=mm&r=g","url":"https:\/\/secure.gravatar.com\/avatar\/f2f8faef639c8a2bfb7fb909912a56917f4c3a0aed064500168e2fb8ea55cf61?s=96&d=mm&r=g","contentUrl":"https:\/\/secure.gravatar.com\/avatar\/f2f8faef639c8a2bfb7fb909912a56917f4c3a0aed064500168e2fb8ea55cf61?s=96&d=mm&r=g","caption":"Camila Leite"},"description":"Formada em Design Gr\u00e1fico e em Propaganda e Marketing pela UNIP, integra a equipe de jornalismo do Estrat\u00e9gia Concursos desde 2018. Ao longo dos anos, construiu uma s\u00f3lida experi\u00eancia na produ\u00e7\u00e3o de conte\u00fado informativo e relevante para concurseiros. Desde 2020, atua na cobertura das \u00e1reas Fiscal \u2014 com \u00eanfase nas Secretarias de Fazenda (Sefaz) das regi\u00f5es Sul e Sudeste \u2014, al\u00e9m da cobertura de concursos federais, como CNU, Petrobras, CGU, Receita Federal, ag\u00eancias reguladoras (Anvisa, ANAC, entre outras) e INSS. Mant\u00e9m contato direto com os principais \u00f3rg\u00e3os p\u00fablicos, acompanhando editais, atualiza\u00e7\u00f5es e movimenta\u00e7\u00f5es importantes para os candidatos.","sameAs":["https:\/\/www.linkedin.com\/in\/camila-pinheiro-leite-9ba135b6\/"],"url":"https:\/\/www.estrategiaconcursos.com.br\/blog\/author\/camila-leiteestrategiaconcursos-com-br\/"}]}},"_links":{"self":[{"href":"https:\/\/www.estrategiaconcursos.com.br\/blog\/wp-json\/wp\/v2\/posts\/877291","targetHints":{"allow":["GET"]}}],"collection":[{"href":"https:\/\/www.estrategiaconcursos.com.br\/blog\/wp-json\/wp\/v2\/posts"}],"about":[{"href":"https:\/\/www.estrategiaconcursos.com.br\/blog\/wp-json\/wp\/v2\/types\/post"}],"author":[{"embeddable":true,"href":"https:\/\/www.estrategiaconcursos.com.br\/blog\/wp-json\/wp\/v2\/users\/659"}],"replies":[{"embeddable":true,"href":"https:\/\/www.estrategiaconcursos.com.br\/blog\/wp-json\/wp\/v2\/comments?post=877291"}],"version-history":[{"count":9,"href":"https:\/\/www.estrategiaconcursos.com.br\/blog\/wp-json\/wp\/v2\/posts\/877291\/revisions"}],"predecessor-version":[{"id":877476,"href":"https:\/\/www.estrategiaconcursos.com.br\/blog\/wp-json\/wp\/v2\/posts\/877291\/revisions\/877476"}],"wp:featuredmedia":[{"embeddable":true,"href":"https:\/\/www.estrategiaconcursos.com.br\/blog\/wp-json\/wp\/v2\/media\/749134"}],"wp:attachment":[{"href":"https:\/\/www.estrategiaconcursos.com.br\/blog\/wp-json\/wp\/v2\/media?parent=877291"}],"wp:term":[{"taxonomy":"category","embeddable":true,"href":"https:\/\/www.estrategiaconcursos.com.br\/blog\/wp-json\/wp\/v2\/categories?post=877291"},{"taxonomy":"post_tag","embeddable":true,"href":"https:\/\/www.estrategiaconcursos.com.br\/blog\/wp-json\/wp\/v2\/tags?post=877291"},{"taxonomy":"tax_estado","embeddable":true,"href":"https:\/\/www.estrategiaconcursos.com.br\/blog\/wp-json\/wp\/v2\/tax_estado?post=877291"}],"curies":[{"name":"wp","href":"https:\/\/api.w.org\/{rel}","templated":true}]}}