{"id":877158,"date":"2021-11-12T14:00:00","date_gmt":"2021-11-12T17:00:00","guid":{"rendered":"https:\/\/www.estrategiaconcursos.com.br\/blog\/?p=877158"},"modified":"2021-11-12T14:43:06","modified_gmt":"2021-11-12T17:43:06","slug":"edital-sefaz-sc","status":"publish","type":"post","link":"https:\/\/www.estrategiaconcursos.com.br\/blog\/edital-sefaz-sc\/","title":{"rendered":"Edital SEFAZ SC: FCC encerra inscri\u00e7\u00f5es do concurso"},"content":{"rendered":"\n<p><strong>Aten\u00e7\u00e3o, corujas!<\/strong> J\u00e1 est\u00e3o encerradas as inscri\u00e7\u00f5es do edital Sefaz SC para provimento de vagas no cargo de Analista da Receita Estadual IV. Os interessados puderam se inscrever at\u00e9 o dia 12 de novembro. <\/p>\n\n\n\n<p>Al\u00e9m disso, tamb\u00e9m \u00e9 necess\u00e1rio efetuar o pagamento da taxa fixada no valor de R$ 150, conforme estipula o edital. O pagamento deve ser feito via boleto banc\u00e1rio, at\u00e9 23h59 do \u00faltimo dia das inscri\u00e7\u00f5es. <\/p>\n\n\n\n<p>Vale lembrar que o edital Sefaz SC oferta <strong>58 vagas para o cargo de Analista<\/strong>, com exig\u00eancia de n\u00edvel superior em qualquer \u00e1rea de forma\u00e7\u00e3o.<\/p>\n\n\n\n<ul class=\"has-very-light-gray-to-cyan-bluish-gray-gradient-background has-background wp-block-list\"><li><strong>SEFAZ SC- Analista de Receita Estadual IV<\/strong><\/li><li><strong>Status:<\/strong> inscri\u00e7\u00f5es encerradas<\/li><li><strong>Banca:<\/strong> FCC<\/li><li><strong>Vagas:<\/strong> 58<\/li><li><strong>Sal\u00e1rio inicial:<\/strong> R$ 5.500,00 + Gratifica\u00e7\u00f5es = Acima de R$ 10 mil<\/li><li><strong>Link do edital:<\/strong> <strong><a href=\"https:\/\/dhg1h5j42swfq.cloudfront.net\/2021\/10\/05102910\/edital_sefsc_2021_01outubro2021_versao_final.pdf\" target=\"_blank\" rel=\"noreferrer noopener nofollow\">SEFAZ SC 2021<\/a><\/strong><\/li><\/ul>\n\n\n\n<p class=\"has-text-align-center has-black-color has-pale-cyan-blue-background-color has-text-color has-background\"><strong><a href=\"https:\/\/www.estrategiaconcursos.com.br\/curso\/sefaz-sc-analista-de-receita-estadual-pacote-2021-pos-edital\/\" target=\"_blank\" rel=\"noreferrer noopener\">PROMO\u00c7\u00c3O ESPECIAL &#8211; SEFAZ SC ANALISTA<\/a><\/strong><\/p>\n\n\n\n<p class=\"has-text-align-center has-luminous-vivid-orange-color has-black-background-color has-text-color has-background\"> <strong>Quer estudar com quem mais aprova em concursos p\u00fablicos no Brasil, com um valor que cabe no seu bolso? Confira a nossa Black Friday!<\/strong> <strong><span style=\"text-decoration: underline;\">Clique no banner para participar<\/span>:<\/strong> <\/p>\n\n\n\n<div class=\"wp-block-image\"><figure class=\"aligncenter size-full\"><a href=\"https:\/\/gratis.estrategiaconcursos.com.br\/bf-ec\/\" target=\"_blank\" rel=\"noopener\"><img loading=\"lazy\" decoding=\"async\" width=\"801\" height=\"274\" src=\"https:\/\/dhg1h5j42swfq.cloudfront.net\/2021\/10\/28093835\/image-503.png\" alt=\"\" class=\"wp-image-895601\" srcset=\"https:\/\/dhg1h5j42swfq.cloudfront.net\/2021\/10\/28093835\/image-503.png 801w, https:\/\/dhg1h5j42swfq.cloudfront.net\/2021\/10\/28093835\/image-503-300x103.png 300w, https:\/\/dhg1h5j42swfq.cloudfront.net\/2021\/10\/28093835\/image-503-768x263.png 768w, https:\/\/dhg1h5j42swfq.cloudfront.net\/2021\/10\/28093835\/image-503-610x209.png 610w\" sizes=\"auto, (max-width: 801px) 100vw, 801px\" \/><\/a><\/figure><\/div>\n\n\n\n<h2 class=\"wp-block-heading\" id=\"situacao\">Edital SEFAZ SC: situa\u00e7\u00e3o atual<\/h2>\n\n\n\n<h3 class=\"wp-block-heading\" id=\"datas\">Principais datas<\/h3>\n\n\n\n<p class=\"has-very-light-gray-background-color has-background\"><strong>Inscri\u00e7\u00f5es<\/strong>: <s>08 de outubro a 12 de novembro<\/s> <br \/><strong>Isen\u00e7\u00e3o da taxa<\/strong>: <s>08 a 12 de outubro <\/s><br \/><strong>\u00daltimo dia para pagamento<\/strong>: 12 de novembro <br \/><strong>Prova<\/strong>: 19 de dezembro (manh\u00e3) em Florian\u00f3polis\/SC<\/p>\n\n\n\n<h2 class=\"wp-block-heading\" id=\"cargos-vagas\">Edital SEFAZ SC: cargos e vagas<\/h2>\n\n\n\n<h3 class=\"wp-block-heading\" id=\"superior\">Curso superior<\/h3>\n\n\n\n<figure class=\"wp-block-table is-style-stripes\"><table class=\"has-background has-fixed-layout\" style=\"background-color:#e7f5fe\"><thead><tr><th class=\"has-text-align-center\" data-align=\"center\">CARGOS<\/th><th class=\"has-text-align-center\" data-align=\"center\">VAGAS<\/th><th class=\"has-text-align-center\" data-align=\"center\">SAL\u00c1RIO<\/th><\/tr><\/thead><tbody><tr><td class=\"has-text-align-center\" data-align=\"center\"><a href=\"https:\/\/www.estrategiaconcursos.com.br\/curso\/sefaz-sc-analista-de-receita-estadual-pacote-2021-pos-edital\/\" target=\"_blank\" rel=\"noreferrer noopener\">Analista de Receita Estadual IV<\/a><\/td><td class=\"has-text-align-center\" data-align=\"center\">58 <br \/>(55 AC + 3 PcD)<\/td><td class=\"has-text-align-center\" data-align=\"center\">Remunera\u00e7\u00e3o Inicial: <strong>R$ 1.296,00<\/strong><br \/>Gratifica\u00e7\u00e3o por produtividade: <strong>R$ 2.175,24<\/strong><br \/>Gratifica\u00e7\u00e3o de controle interno: <strong>R$ 2.028,73<\/strong><br \/>Outras gratifica\u00e7\u00f5es previstas em lei que tornam o <strong>inicial superior a R$ 10 mil<\/strong><\/td><\/tr><\/tbody><\/table><\/figure>\n\n\n\n<h2 class=\"wp-block-heading\">Edital SEFAZ SC: principais atribui\u00e7\u00f5es<\/h2>\n\n\n\n<ul class=\"wp-block-list\"><li>Pesquisar dados e proceder a estudos comparados, visando \u00e0s proje\u00e7\u00f5es do servi\u00e7o, bem como manter banco de dados espec\u00edficos, relativos ao setor de trabalho;<\/li><li>Analisar atos e fatos t\u00e9cnicos e administrativos apresentando solu\u00e7\u00f5es e alternativas t\u00e9cnicas inerentes a sua \u00e1rea de atua\u00e7\u00e3o;<\/li><li>Analisar, diagnosticar e avaliar programas, projetos e a\u00e7\u00f5es inerentes a sua \u00e1rea de atua\u00e7\u00e3o;<\/li><li>Propor a edi\u00e7\u00e3o de normas e atos de natureza t\u00e9cnica ou administrativa pertinente a sua forma\u00e7\u00e3o, compat\u00edveis com sua \u00e1rea de atua\u00e7\u00e3o;<\/li><li>Manter atualizado material informativo de natureza t\u00e9cnica e administrativa, diretamente relacionado com as atividades desenvolvidas pelo setor onde desempenha suas fun\u00e7\u00f5es.<\/li><\/ul>\n\n\n\n<h2 class=\"wp-block-heading\">Edital SEFAZ SC: requisitos<\/h2>\n\n\n\n<p>Para ingressar na carreira de<strong>&nbsp;Analista da Receita Estadual IV<\/strong>&nbsp;\u00e9 necess\u00e1rio conclus\u00e3o de curso de <strong>n\u00edvel superior, em qualquer \u00e1rea<\/strong>, reconhecido pelo Minist\u00e9rio da Educa\u00e7\u00e3o.<\/p>\n\n\n\n<h2 class=\"wp-block-heading\" id=\"etapas\">Edital SEFAZ SC: etapas e provas<\/h2>\n\n\n\n<p>O concurso p\u00fablico da  Secretaria de Estado da Fazendo de Santa Catarina (SEFAZ SC)  ser\u00e1 constitu\u00eddo uma \u00fanica fase de <strong>prova objetiva<\/strong>. <\/p>\n\n\n\n<h3 class=\"wp-block-heading\">Prova Objetiva<\/h3>\n\n\n\n<p>As Provas de <strong>Conhecimentos Gerais e Espec\u00edficos<\/strong> constar\u00e3o de quest\u00f5es objetivas de m\u00faltipla escolha com cinco alternativas cada quest\u00e3o, sendo uma \u00fanica a correta, e versar\u00e3o sobre as disciplinas constantes abaixo.<\/p>\n\n\n\n<figure class=\"wp-block-image size-full\"><img loading=\"lazy\" decoding=\"async\" width=\"908\" height=\"188\" src=\"https:\/\/dhg1h5j42swfq.cloudfront.net\/2021\/10\/04230445\/image-51.png\" alt=\"Distribui\u00e7\u00e3o de mat\u00e9rias da prova objetiva do concurso Sefaz SC\" class=\"wp-image-877170\" srcset=\"https:\/\/dhg1h5j42swfq.cloudfront.net\/2021\/10\/04230445\/image-51.png 908w, https:\/\/dhg1h5j42swfq.cloudfront.net\/2021\/10\/04230445\/image-51-300x62.png 300w, https:\/\/dhg1h5j42swfq.cloudfront.net\/2021\/10\/04230445\/image-51-768x159.png 768w, https:\/\/dhg1h5j42swfq.cloudfront.net\/2021\/10\/04230445\/image-51-610x126.png 610w\" sizes=\"auto, (max-width: 908px) 100vw, 908px\" \/><\/figure>\n\n\n\n<p>As provas, de car\u00e1ter habilitat\u00f3rio e classificat\u00f3rio, ser\u00e3o avaliadas, cada uma, na escala de 0,00 a 100,00 pontos, atribuindo-se: <\/p>\n\n\n\n<ul class=\"wp-block-list\"><li>peso 1 \u00e0 nota da Prova Objetiva de Conhecimentos Gerais e <\/li><li>peso 3 \u00e0 nota da Prova Objetiva de Conhecimentos Espec\u00edficos.<\/li><\/ul>\n\n\n\n<p>Ser\u00e1 considerado habilitado o candidato que obtiver, simultaneamente, no m\u00ednimo, 50% de acerto na prova de Conhecimentos Gerais e, no m\u00ednimo, 50% de acerto na prova objetiva de Conhecimentos Espec\u00edficos.<\/p>\n\n\n\n<h4 class=\"wp-block-heading\">Crit\u00e9rios de desempate<\/h4>\n\n\n\n<p>Para o cargo de <a href=\"https:\/\/www.estrategiaconcursos.com.br\/curso\/sefaz-sc-analista-de-receita-estadual-pacote-2021-pos-edital\/\" target=\"_blank\" rel=\"noreferrer noopener\">Analista da Receita Estadual IV<\/a>, obedecidos aos crit\u00e9rios estabelecidos de avalia\u00e7\u00e3o, na hip\u00f3tese de igualdade de nota final, para fins de desempate, ap\u00f3s a observ\u00e2ncia do disposto no par\u00e1grafo \u00fanico do artigo 27 da Lei n\u00ba 10.741\/2003 (Estatuto do Idoso), <strong>prevalecer\u00e1, sucessivamente, o candidato que tiver<\/strong>:<\/p>\n\n\n\n<ul class=\"wp-block-list\"><li><strong>a)<\/strong> obtido maior nota ponderada na prova Objetiva de Conhecimentos Espec\u00edficos;<\/li><li><strong>b)<\/strong> obtido maior n\u00famero de acertos em L\u00edngua Portuguesa, na Prova Objetiva de Conhecimentos Gerais;<\/li><li><strong>c)<\/strong> maior idade, entre os candidatos n\u00e3o beneficiados pela Lei n\u00ba 10.741\/2003 (Estatuto do Idoso);<\/li><li><strong>d) <\/strong>exercido efetivamente a fun\u00e7\u00e3o de jurado, nos termos do art. 440 do C\u00f3digo de Processo Penal, no per\u00edodo compreendido entre a data de entrada em vigor da Lei n\u00ba 11.689\/2008 e a data de t\u00e9rmino das inscri\u00e7\u00f5es para este concurso.<\/li><\/ul>\n\n\n\n<h3 class=\"wp-block-heading\" id=\"baixe\">Edital Estrat\u00e9gico Sefaz SC: baixe gratuitamente<\/h3>\n\n\n\n<p><strong>O que \u00e9 o Edital Estrat\u00e9gico?<\/strong>&nbsp;Trata-se de uma planilha com recursos para ajud\u00e1-los no registro das diferentes tarefas de estudo: teoria, revis\u00e3o e exerc\u00edcios. O registro de cada tarefa ser\u00e1 feito para cada assunto exigido no conte\u00fado program\u00e1tico do edital.<\/p>\n\n\n\n<ul class=\"wp-block-list\"><li><a href=\"https:\/\/docs.google.com\/spreadsheets\/d\/1pkrsVbf4YmVncS5DSZjPBNk7dV6e-_ht\/edit?usp=sharing&amp;ouid=117192946593289605908&amp;rtpof=true&amp;sd=true\" target=\"_blank\" rel=\"noreferrer noopener nofollow\"><strong>Analista de Receita Estadual IV<\/strong> <\/a><\/li><\/ul>\n\n\n\n<h3 class=\"wp-block-heading\" id=\"guia\">Guia de Estudos Sefaz SC<\/h3>\n\n\n\n<p>Os&nbsp;Guias&nbsp;s\u00e3o artigos postados no site do Estrat\u00e9gia Concursos com links para&nbsp;Cadernos de Quest\u00f5es, por&nbsp;Mat\u00e9ria, customizados de acordo com o conte\u00fado program\u00e1tico de cada edital.<\/p>\n\n\n\n<ul class=\"wp-block-list\"><li><strong><a href=\"https:\/\/www.estrategiaconcursos.com.br\/blog\/guia-de-estudos-sefaz-sc\/\" target=\"_blank\" rel=\"noreferrer noopener\">Guia de estudos \u2013 Edital Sefaz SC<\/a><\/strong><\/li><\/ul>\n\n\n\n<hr class=\"wp-block-separator\"\/>\n\n\n\n<h2 class=\"has-text-align-center wp-block-heading\" id=\"cursos-assinatura\">Quer estudar para o edital do concurso SEFAZ SC?<\/h2>\n\n\n\n<div class=\"container\" id=\"boxes\">\n  <div class=\"row\">\n\n    <div class=\"col-sm\">\n      <div class=\"banner-estrategia\" id=\"box-assinatura\">\n        <h3 class=\"titulo-assinatura\">Cursos SEFAZ SC<\/h3>\n        <p class=\"subtitulo-assinatura\">Conhe\u00e7a os cursos<\/p>\n        <div class=\"box-botao\">\n          <a class=\"btn-assinatura\" target=\"_blank\" href=\"https:\/\/www.estrategiaconcursos.com.br\/cursosPorConcurso\/secretaria-da-fazenda-do-estado-de-santa-catarina-sefaz-sc\/\" role=\"button\" rel=\"noopener noreferrer\">Conhe\u00e7a mais<\/a>\n        <\/div>\n      <\/div>\n     \n    <\/div>\n\n  <\/div>\n<\/div>\n\n\n\n<div class=\"container\" id=\"boxes\">\n  <div class=\"row\">\n\n    <div class=\"col-sm\">\n      <div class=\"estrategia\" id=\"box-assinatura\">\n        <h3 class=\"titulo-assinatura\">Assinatura Concursos<\/h3>\n        <p class=\"subtitulo-assinatura\">Assinatura de 1 ano ou 2 anos<\/p>\n        <div class=\"box-botao\">\n          <a class=\"btn-assinatura\" target=\"_blank\" href=\"https:\/\/www.estrategiaconcursos.com.br\/assinaturas\/\" role=\"button\" rel=\"noopener noreferrer\">ASSINE AGORA<\/a>\n        <\/div>\n      <\/div><\/div><\/div><\/div>\n\n\n\n<h2 class=\"has-text-align-center wp-block-heading\" id=\"h-quer-saber-tudo-sobre-concursos-previstos-confira-nossos-artigos\">Quer saber tudo sobre concursos previstos?<br \/>Confira  nossos artigos!<\/h2>\n\n\n\n<ul class=\"wp-block-list\"><li><a href=\"https:\/\/www.estrategiaconcursos.com.br\/blog\/concursos-abertos\/\" target=\"_blank\" rel=\"noreferrer noopener\">Concursos abertos<\/a><\/li><li><a href=\"https:\/\/www.estrategiaconcursos.com.br\/blog\/concursos-2021\/\" target=\"_blank\" rel=\"noreferrer noopener\">Concursos 2021<\/a><\/li><li><a href=\"https:\/\/www.estrategiaconcursos.com.br\/blog\/concursos-2022\/\" target=\"_blank\" rel=\"noreferrer noopener\">Concursos 2022<\/a><\/li><\/ul>\n\n\n\n<figure class=\"wp-block-image size-large is-resized\"><img loading=\"lazy\" decoding=\"async\" src=\"https:\/\/dhg1h5j42swfq.cloudfront.net\/2025\/06\/27101122\/ficha-tecnica-1-1024x632.png\" alt=\"\" class=\"wp-image-702728\" width=\"269\" height=\"166\" srcset=\"https:\/\/dhg1h5j42swfq.cloudfront.net\/2025\/06\/27101122\/ficha-tecnica-1-1024x632.png 1024w, https:\/\/dhg1h5j42swfq.cloudfront.net\/2025\/06\/27101122\/ficha-tecnica-1-300x185.png 300w, https:\/\/dhg1h5j42swfq.cloudfront.net\/2025\/06\/27101122\/ficha-tecnica-1-768x474.png 768w, https:\/\/dhg1h5j42swfq.cloudfront.net\/2025\/06\/27101122\/ficha-tecnica-1-1536x948.png 1536w, https:\/\/dhg1h5j42swfq.cloudfront.net\/2025\/06\/27101122\/ficha-tecnica-1-610x377.png 610w, https:\/\/dhg1h5j42swfq.cloudfront.net\/2025\/06\/27101122\/ficha-tecnica-1.png 1571w\" sizes=\"auto, (max-width: 269px) 100vw, 269px\" \/><\/figure>\n\n\n\n<h3 class=\"wp-block-heading\" id=\"ficha\">Informa\u00e7\u00f5es do edital SEFAZ SC<\/h3>\n\n\n\n<ul class=\"wp-block-list\"><li><strong style=\"color: initial;\">Provas<\/strong><span style=\"color: initial;\">: 19 de dezembro<\/span><\/li><li><strong>Vagas<\/strong>: 58<\/li><li><strong>Cargos<\/strong>: Analista de Receita Estadual IV<\/li><li><strong>Banca<\/strong>: FCC<\/li><li><strong>Escolaridade<\/strong>: N\u00edvel superior<\/li><li><strong>Edital<\/strong>:\u00a0<a href=\"https:\/\/dhg1h5j42swfq.cloudfront.net\/2021\/10\/05102910\/edital_sefsc_2021_01outubro2021_versao_final.pdf\" target=\"_blank\" rel=\"noreferrer noopener nofollow\">Sefaz SC 2021<\/a><\/li><\/ul>\n\n\n\n<p><\/p>\n","protected":false},"excerpt":{"rendered":"<p>Aten\u00e7\u00e3o, corujas! J\u00e1 est\u00e3o encerradas as inscri\u00e7\u00f5es do edital Sefaz SC para provimento de vagas no cargo de Analista da Receita Estadual IV. Os interessados puderam se inscrever at\u00e9 o dia 12 de novembro. Al\u00e9m disso, tamb\u00e9m \u00e9 necess\u00e1rio efetuar o pagamento da taxa fixada no valor de R$ 150, conforme estipula o edital. O [&hellip;]<\/p>\n","protected":false},"author":1276,"featured_media":749134,"comment_status":"open","ping_status":"closed","sticky":false,"template":"","format":"standard","meta":{"post_tipo":"news","footnotes":""},"categories":[1983,220219],"tags":[],"tax_estado":[219987],"class_list":["post-877158","post","type-post","status-publish","format-standard","has-post-thumbnail","hentry","category-fiscal-estadual","category-noticias","tax_estado-sc"],"acf":[],"yoast_head":"<!-- This site is optimized with the Yoast SEO Premium plugin v27.2 (Yoast SEO v27.2) - https:\/\/yoast.com\/product\/yoast-seo-premium-wordpress\/ -->\n<title>Edital SEFAZ SC: FCC encerra inscri\u00e7\u00f5es do concurso<\/title>\n<meta name=\"description\" content=\"Edital SEFAZ SC 2021: inscri\u00e7\u00f5es est\u00e3o encerradas. S\u00e3o ofertadas 58 vagas com remunera\u00e7\u00e3o inicial de R$ 5 mil mais benef\u00edcios.\" \/>\n<meta name=\"robots\" content=\"index, follow, max-snippet:-1, max-image-preview:large, max-video-preview:-1\" \/>\n<link rel=\"canonical\" href=\"https:\/\/www.estrategiaconcursos.com.br\/blog\/edital-sefaz-sc\/\" \/>\n<meta property=\"og:locale\" content=\"pt_BR\" \/>\n<meta property=\"og:type\" content=\"article\" \/>\n<meta property=\"og:title\" content=\"Edital SEFAZ SC: FCC encerra inscri\u00e7\u00f5es do concurso\" \/>\n<meta property=\"og:description\" content=\"Edital SEFAZ SC 2021: inscri\u00e7\u00f5es est\u00e3o encerradas. S\u00e3o ofertadas 58 vagas com remunera\u00e7\u00e3o inicial de R$ 5 mil mais benef\u00edcios.\" \/>\n<meta property=\"og:url\" content=\"https:\/\/www.estrategiaconcursos.com.br\/blog\/edital-sefaz-sc\/\" \/>\n<meta property=\"og:site_name\" content=\"Estrat\u00e9gia Concursos\" \/>\n<meta property=\"article:published_time\" content=\"2021-11-12T17:00:00+00:00\" \/>\n<meta property=\"article:modified_time\" content=\"2021-11-12T17:43:06+00:00\" \/>\n<meta property=\"og:image\" content=\"https:\/\/dhg1h5j42swfq.cloudfront.net\/2021\/05\/24100723\/sefaz-sc.jpg\" \/>\n\t<meta property=\"og:image:width\" content=\"768\" \/>\n\t<meta property=\"og:image:height\" content=\"432\" \/>\n\t<meta property=\"og:image:type\" content=\"image\/jpeg\" \/>\n<meta name=\"author\" content=\"Victor Shinichi Tanaka\" \/>\n<meta name=\"twitter:card\" content=\"summary_large_image\" \/>\n<meta name=\"twitter:creator\" content=\"@EstratConcursos\" \/>\n<meta name=\"twitter:site\" content=\"@EstratConcursos\" \/>\n<meta name=\"twitter:label1\" content=\"Escrito por\" \/>\n\t<meta name=\"twitter:data1\" content=\"Victor Shinichi Tanaka\" \/>\n\t<meta name=\"twitter:label2\" content=\"Est. tempo de leitura\" \/>\n\t<meta name=\"twitter:data2\" content=\"5 minutos\" \/>\n<script type=\"application\/ld+json\" class=\"yoast-schema-graph\">{\"@context\":\"https:\/\/schema.org\",\"@graph\":[{\"@type\":\"NewsArticle\",\"@id\":\"https:\/\/www.estrategiaconcursos.com.br\/blog\/edital-sefaz-sc\/#article\",\"isPartOf\":{\"@id\":\"https:\/\/www.estrategiaconcursos.com.br\/blog\/edital-sefaz-sc\/\"},\"author\":{\"name\":\"Victor Shinichi Tanaka\",\"@id\":\"https:\/\/www.estrategiaconcursos.com.br\/blog\/#\/schema\/person\/602a4eaf2bed921c107675da3a65b0e0\"},\"headline\":\"Edital SEFAZ SC: FCC encerra inscri\u00e7\u00f5es do concurso\",\"datePublished\":\"2021-11-12T17:00:00+00:00\",\"dateModified\":\"2021-11-12T17:43:06+00:00\",\"mainEntityOfPage\":{\"@id\":\"https:\/\/www.estrategiaconcursos.com.br\/blog\/edital-sefaz-sc\/\"},\"wordCount\":876,\"commentCount\":0,\"publisher\":{\"@id\":\"https:\/\/www.estrategiaconcursos.com.br\/blog\/#organization\"},\"image\":{\"@id\":\"https:\/\/www.estrategiaconcursos.com.br\/blog\/edital-sefaz-sc\/#primaryimage\"},\"thumbnailUrl\":\"https:\/\/dhg1h5j42swfq.cloudfront.net\/2021\/05\/24100723\/sefaz-sc.jpg\",\"articleSection\":[\"Fiscal - Estadual (ICMS)\",\"\u00daltimas not\u00edcias\"],\"inLanguage\":\"pt-BR\",\"potentialAction\":[{\"@type\":\"CommentAction\",\"name\":\"Comment\",\"target\":[\"https:\/\/www.estrategiaconcursos.com.br\/blog\/edital-sefaz-sc\/#respond\"]}],\"copyrightYear\":\"2021\",\"copyrightHolder\":{\"@id\":\"https:\/\/www.estrategiaconcursos.com.br\/blog\/#organization\"}},{\"@type\":\"WebPage\",\"@id\":\"https:\/\/www.estrategiaconcursos.com.br\/blog\/edital-sefaz-sc\/\",\"url\":\"https:\/\/www.estrategiaconcursos.com.br\/blog\/edital-sefaz-sc\/\",\"name\":\"Edital SEFAZ SC: FCC encerra inscri\u00e7\u00f5es do concurso\",\"isPartOf\":{\"@id\":\"https:\/\/www.estrategiaconcursos.com.br\/blog\/#website\"},\"primaryImageOfPage\":{\"@id\":\"https:\/\/www.estrategiaconcursos.com.br\/blog\/edital-sefaz-sc\/#primaryimage\"},\"image\":{\"@id\":\"https:\/\/www.estrategiaconcursos.com.br\/blog\/edital-sefaz-sc\/#primaryimage\"},\"thumbnailUrl\":\"https:\/\/dhg1h5j42swfq.cloudfront.net\/2021\/05\/24100723\/sefaz-sc.jpg\",\"datePublished\":\"2021-11-12T17:00:00+00:00\",\"dateModified\":\"2021-11-12T17:43:06+00:00\",\"description\":\"Edital SEFAZ SC 2021: inscri\u00e7\u00f5es est\u00e3o encerradas. S\u00e3o ofertadas 58 vagas com remunera\u00e7\u00e3o inicial de R$ 5 mil mais benef\u00edcios.\",\"breadcrumb\":{\"@id\":\"https:\/\/www.estrategiaconcursos.com.br\/blog\/edital-sefaz-sc\/#breadcrumb\"},\"inLanguage\":\"pt-BR\",\"potentialAction\":[{\"@type\":\"ReadAction\",\"target\":[\"https:\/\/www.estrategiaconcursos.com.br\/blog\/edital-sefaz-sc\/\"]}]},{\"@type\":\"ImageObject\",\"inLanguage\":\"pt-BR\",\"@id\":\"https:\/\/www.estrategiaconcursos.com.br\/blog\/edital-sefaz-sc\/#primaryimage\",\"url\":\"https:\/\/dhg1h5j42swfq.cloudfront.net\/2021\/05\/24100723\/sefaz-sc.jpg\",\"contentUrl\":\"https:\/\/dhg1h5j42swfq.cloudfront.net\/2021\/05\/24100723\/sefaz-sc.jpg\",\"width\":768,\"height\":432,\"caption\":\"Lei n\u00ba 17715 para a SEFAZ-SC\"},{\"@type\":\"BreadcrumbList\",\"@id\":\"https:\/\/www.estrategiaconcursos.com.br\/blog\/edital-sefaz-sc\/#breadcrumb\",\"itemListElement\":[{\"@type\":\"ListItem\",\"position\":1,\"name\":\"In\u00edcio\",\"item\":\"https:\/\/www.estrategiaconcursos.com.br\/blog\/\"},{\"@type\":\"ListItem\",\"position\":2,\"name\":\"Edital SEFAZ SC: FCC encerra inscri\u00e7\u00f5es do concurso\"}]},{\"@type\":\"WebSite\",\"@id\":\"https:\/\/www.estrategiaconcursos.com.br\/blog\/#website\",\"url\":\"https:\/\/www.estrategiaconcursos.com.br\/blog\/\",\"name\":\"Estrat\u00e9gia Concursos\",\"description\":\"O blog da Estrat\u00e9gia Concursos traz not\u00edcias sobre concursos e artigos de professores oferecendo cursos para concursos (pdf + videaulas) no site.\",\"publisher\":{\"@id\":\"https:\/\/www.estrategiaconcursos.com.br\/blog\/#organization\"},\"potentialAction\":[{\"@type\":\"SearchAction\",\"target\":{\"@type\":\"EntryPoint\",\"urlTemplate\":\"https:\/\/www.estrategiaconcursos.com.br\/blog\/?s={search_term_string}\"},\"query-input\":{\"@type\":\"PropertyValueSpecification\",\"valueRequired\":true,\"valueName\":\"search_term_string\"}}],\"inLanguage\":\"pt-BR\"},{\"@type\":\"Organization\",\"@id\":\"https:\/\/www.estrategiaconcursos.com.br\/blog\/#organization\",\"name\":\"Estrat\u00e9gia Concursos\",\"url\":\"https:\/\/www.estrategiaconcursos.com.br\/blog\/\",\"logo\":{\"@type\":\"ImageObject\",\"inLanguage\":\"pt-BR\",\"@id\":\"https:\/\/www.estrategiaconcursos.com.br\/blog\/#\/schema\/logo\/image\/\",\"url\":\"https:\/\/dhg1h5j42swfq.cloudfront.net\/2025\/06\/03203428\/logo_concursos-1.jpg\",\"contentUrl\":\"https:\/\/dhg1h5j42swfq.cloudfront.net\/2025\/06\/03203428\/logo_concursos-1.jpg\",\"width\":230,\"height\":60,\"caption\":\"Estrat\u00e9gia Concursos\"},\"image\":{\"@id\":\"https:\/\/www.estrategiaconcursos.com.br\/blog\/#\/schema\/logo\/image\/\"},\"sameAs\":[\"https:\/\/x.com\/EstratConcursos\"]},{\"@type\":\"Person\",\"@id\":\"https:\/\/www.estrategiaconcursos.com.br\/blog\/#\/schema\/person\/602a4eaf2bed921c107675da3a65b0e0\",\"name\":\"Victor Shinichi Tanaka\",\"image\":{\"@type\":\"ImageObject\",\"inLanguage\":\"pt-BR\",\"@id\":\"https:\/\/secure.gravatar.com\/avatar\/3772723eea77b2e6a2231e357d6339c6c129c6fb65cda4d02d0f3ca700221333?s=96&d=mm&r=g\",\"url\":\"https:\/\/secure.gravatar.com\/avatar\/3772723eea77b2e6a2231e357d6339c6c129c6fb65cda4d02d0f3ca700221333?s=96&d=mm&r=g\",\"contentUrl\":\"https:\/\/secure.gravatar.com\/avatar\/3772723eea77b2e6a2231e357d6339c6c129c6fb65cda4d02d0f3ca700221333?s=96&d=mm&r=g\",\"caption\":\"Victor Shinichi Tanaka\"},\"url\":\"https:\/\/www.estrategiaconcursos.com.br\/blog\/author\/victorstanakagmail-com\/\"}]}<\/script>\n<!-- \/ Yoast SEO Premium plugin. -->","yoast_head_json":{"title":"Edital SEFAZ SC: FCC encerra inscri\u00e7\u00f5es do concurso","description":"Edital SEFAZ SC 2021: inscri\u00e7\u00f5es est\u00e3o encerradas. S\u00e3o ofertadas 58 vagas com remunera\u00e7\u00e3o inicial de R$ 5 mil mais benef\u00edcios.","robots":{"index":"index","follow":"follow","max-snippet":"max-snippet:-1","max-image-preview":"max-image-preview:large","max-video-preview":"max-video-preview:-1"},"canonical":"https:\/\/www.estrategiaconcursos.com.br\/blog\/edital-sefaz-sc\/","og_locale":"pt_BR","og_type":"article","og_title":"Edital SEFAZ SC: FCC encerra inscri\u00e7\u00f5es do concurso","og_description":"Edital SEFAZ SC 2021: inscri\u00e7\u00f5es est\u00e3o encerradas. S\u00e3o ofertadas 58 vagas com remunera\u00e7\u00e3o inicial de R$ 5 mil mais benef\u00edcios.","og_url":"https:\/\/www.estrategiaconcursos.com.br\/blog\/edital-sefaz-sc\/","og_site_name":"Estrat\u00e9gia Concursos","article_published_time":"2021-11-12T17:00:00+00:00","article_modified_time":"2021-11-12T17:43:06+00:00","og_image":[{"width":768,"height":432,"url":"https:\/\/dhg1h5j42swfq.cloudfront.net\/2021\/05\/24100723\/sefaz-sc.jpg","type":"image\/jpeg"}],"author":"Victor Shinichi Tanaka","twitter_card":"summary_large_image","twitter_creator":"@EstratConcursos","twitter_site":"@EstratConcursos","twitter_misc":{"Escrito por":"Victor Shinichi Tanaka","Est. tempo de leitura":"5 minutos"},"schema":{"@context":"https:\/\/schema.org","@graph":[{"@type":"NewsArticle","@id":"https:\/\/www.estrategiaconcursos.com.br\/blog\/edital-sefaz-sc\/#article","isPartOf":{"@id":"https:\/\/www.estrategiaconcursos.com.br\/blog\/edital-sefaz-sc\/"},"author":{"name":"Victor Shinichi Tanaka","@id":"https:\/\/www.estrategiaconcursos.com.br\/blog\/#\/schema\/person\/602a4eaf2bed921c107675da3a65b0e0"},"headline":"Edital SEFAZ SC: FCC encerra inscri\u00e7\u00f5es do concurso","datePublished":"2021-11-12T17:00:00+00:00","dateModified":"2021-11-12T17:43:06+00:00","mainEntityOfPage":{"@id":"https:\/\/www.estrategiaconcursos.com.br\/blog\/edital-sefaz-sc\/"},"wordCount":876,"commentCount":0,"publisher":{"@id":"https:\/\/www.estrategiaconcursos.com.br\/blog\/#organization"},"image":{"@id":"https:\/\/www.estrategiaconcursos.com.br\/blog\/edital-sefaz-sc\/#primaryimage"},"thumbnailUrl":"https:\/\/dhg1h5j42swfq.cloudfront.net\/2021\/05\/24100723\/sefaz-sc.jpg","articleSection":["Fiscal - Estadual (ICMS)","\u00daltimas not\u00edcias"],"inLanguage":"pt-BR","potentialAction":[{"@type":"CommentAction","name":"Comment","target":["https:\/\/www.estrategiaconcursos.com.br\/blog\/edital-sefaz-sc\/#respond"]}],"copyrightYear":"2021","copyrightHolder":{"@id":"https:\/\/www.estrategiaconcursos.com.br\/blog\/#organization"}},{"@type":"WebPage","@id":"https:\/\/www.estrategiaconcursos.com.br\/blog\/edital-sefaz-sc\/","url":"https:\/\/www.estrategiaconcursos.com.br\/blog\/edital-sefaz-sc\/","name":"Edital SEFAZ SC: FCC encerra inscri\u00e7\u00f5es do concurso","isPartOf":{"@id":"https:\/\/www.estrategiaconcursos.com.br\/blog\/#website"},"primaryImageOfPage":{"@id":"https:\/\/www.estrategiaconcursos.com.br\/blog\/edital-sefaz-sc\/#primaryimage"},"image":{"@id":"https:\/\/www.estrategiaconcursos.com.br\/blog\/edital-sefaz-sc\/#primaryimage"},"thumbnailUrl":"https:\/\/dhg1h5j42swfq.cloudfront.net\/2021\/05\/24100723\/sefaz-sc.jpg","datePublished":"2021-11-12T17:00:00+00:00","dateModified":"2021-11-12T17:43:06+00:00","description":"Edital SEFAZ SC 2021: inscri\u00e7\u00f5es est\u00e3o encerradas. S\u00e3o ofertadas 58 vagas com remunera\u00e7\u00e3o inicial de R$ 5 mil mais benef\u00edcios.","breadcrumb":{"@id":"https:\/\/www.estrategiaconcursos.com.br\/blog\/edital-sefaz-sc\/#breadcrumb"},"inLanguage":"pt-BR","potentialAction":[{"@type":"ReadAction","target":["https:\/\/www.estrategiaconcursos.com.br\/blog\/edital-sefaz-sc\/"]}]},{"@type":"ImageObject","inLanguage":"pt-BR","@id":"https:\/\/www.estrategiaconcursos.com.br\/blog\/edital-sefaz-sc\/#primaryimage","url":"https:\/\/dhg1h5j42swfq.cloudfront.net\/2021\/05\/24100723\/sefaz-sc.jpg","contentUrl":"https:\/\/dhg1h5j42swfq.cloudfront.net\/2021\/05\/24100723\/sefaz-sc.jpg","width":768,"height":432,"caption":"Lei n\u00ba 17715 para a SEFAZ-SC"},{"@type":"BreadcrumbList","@id":"https:\/\/www.estrategiaconcursos.com.br\/blog\/edital-sefaz-sc\/#breadcrumb","itemListElement":[{"@type":"ListItem","position":1,"name":"In\u00edcio","item":"https:\/\/www.estrategiaconcursos.com.br\/blog\/"},{"@type":"ListItem","position":2,"name":"Edital SEFAZ SC: FCC encerra inscri\u00e7\u00f5es do concurso"}]},{"@type":"WebSite","@id":"https:\/\/www.estrategiaconcursos.com.br\/blog\/#website","url":"https:\/\/www.estrategiaconcursos.com.br\/blog\/","name":"Estrat\u00e9gia Concursos","description":"O blog da Estrat\u00e9gia Concursos traz not\u00edcias sobre concursos e artigos de professores oferecendo cursos para concursos (pdf + videaulas) no site.","publisher":{"@id":"https:\/\/www.estrategiaconcursos.com.br\/blog\/#organization"},"potentialAction":[{"@type":"SearchAction","target":{"@type":"EntryPoint","urlTemplate":"https:\/\/www.estrategiaconcursos.com.br\/blog\/?s={search_term_string}"},"query-input":{"@type":"PropertyValueSpecification","valueRequired":true,"valueName":"search_term_string"}}],"inLanguage":"pt-BR"},{"@type":"Organization","@id":"https:\/\/www.estrategiaconcursos.com.br\/blog\/#organization","name":"Estrat\u00e9gia Concursos","url":"https:\/\/www.estrategiaconcursos.com.br\/blog\/","logo":{"@type":"ImageObject","inLanguage":"pt-BR","@id":"https:\/\/www.estrategiaconcursos.com.br\/blog\/#\/schema\/logo\/image\/","url":"https:\/\/dhg1h5j42swfq.cloudfront.net\/2025\/06\/03203428\/logo_concursos-1.jpg","contentUrl":"https:\/\/dhg1h5j42swfq.cloudfront.net\/2025\/06\/03203428\/logo_concursos-1.jpg","width":230,"height":60,"caption":"Estrat\u00e9gia Concursos"},"image":{"@id":"https:\/\/www.estrategiaconcursos.com.br\/blog\/#\/schema\/logo\/image\/"},"sameAs":["https:\/\/x.com\/EstratConcursos"]},{"@type":"Person","@id":"https:\/\/www.estrategiaconcursos.com.br\/blog\/#\/schema\/person\/602a4eaf2bed921c107675da3a65b0e0","name":"Victor Shinichi Tanaka","image":{"@type":"ImageObject","inLanguage":"pt-BR","@id":"https:\/\/secure.gravatar.com\/avatar\/3772723eea77b2e6a2231e357d6339c6c129c6fb65cda4d02d0f3ca700221333?s=96&d=mm&r=g","url":"https:\/\/secure.gravatar.com\/avatar\/3772723eea77b2e6a2231e357d6339c6c129c6fb65cda4d02d0f3ca700221333?s=96&d=mm&r=g","contentUrl":"https:\/\/secure.gravatar.com\/avatar\/3772723eea77b2e6a2231e357d6339c6c129c6fb65cda4d02d0f3ca700221333?s=96&d=mm&r=g","caption":"Victor Shinichi Tanaka"},"url":"https:\/\/www.estrategiaconcursos.com.br\/blog\/author\/victorstanakagmail-com\/"}]}},"_links":{"self":[{"href":"https:\/\/www.estrategiaconcursos.com.br\/blog\/wp-json\/wp\/v2\/posts\/877158","targetHints":{"allow":["GET"]}}],"collection":[{"href":"https:\/\/www.estrategiaconcursos.com.br\/blog\/wp-json\/wp\/v2\/posts"}],"about":[{"href":"https:\/\/www.estrategiaconcursos.com.br\/blog\/wp-json\/wp\/v2\/types\/post"}],"author":[{"embeddable":true,"href":"https:\/\/www.estrategiaconcursos.com.br\/blog\/wp-json\/wp\/v2\/users\/1276"}],"replies":[{"embeddable":true,"href":"https:\/\/www.estrategiaconcursos.com.br\/blog\/wp-json\/wp\/v2\/comments?post=877158"}],"version-history":[{"count":53,"href":"https:\/\/www.estrategiaconcursos.com.br\/blog\/wp-json\/wp\/v2\/posts\/877158\/revisions"}],"predecessor-version":[{"id":907583,"href":"https:\/\/www.estrategiaconcursos.com.br\/blog\/wp-json\/wp\/v2\/posts\/877158\/revisions\/907583"}],"wp:featuredmedia":[{"embeddable":true,"href":"https:\/\/www.estrategiaconcursos.com.br\/blog\/wp-json\/wp\/v2\/media\/749134"}],"wp:attachment":[{"href":"https:\/\/www.estrategiaconcursos.com.br\/blog\/wp-json\/wp\/v2\/media?parent=877158"}],"wp:term":[{"taxonomy":"category","embeddable":true,"href":"https:\/\/www.estrategiaconcursos.com.br\/blog\/wp-json\/wp\/v2\/categories?post=877158"},{"taxonomy":"post_tag","embeddable":true,"href":"https:\/\/www.estrategiaconcursos.com.br\/blog\/wp-json\/wp\/v2\/tags?post=877158"},{"taxonomy":"tax_estado","embeddable":true,"href":"https:\/\/www.estrategiaconcursos.com.br\/blog\/wp-json\/wp\/v2\/tax_estado?post=877158"}],"curies":[{"name":"wp","href":"https:\/\/api.w.org\/{rel}","templated":true}]}}