{"id":877015,"date":"2021-10-04T18:50:00","date_gmt":"2021-10-04T21:50:00","guid":{"rendered":"https:\/\/www.estrategiaconcursos.com.br\/blog\/?p=877015"},"modified":"2021-10-06T12:20:59","modified_gmt":"2021-10-06T15:20:59","slug":"delegado-da-pc-pr-gabarito-preliminar-objetiva","status":"publish","type":"post","link":"https:\/\/www.estrategiaconcursos.com.br\/blog\/delegado-da-pc-pr-gabarito-preliminar-objetiva\/","title":{"rendered":"Delegado da PC PR: Divulgado o gabarito preliminar da Objetiva!"},"content":{"rendered":"\n<p>A Pol\u00edcia Civil do Paran\u00e1 e a UFPR divulgaram o gabarito preliminar da Prova Preambular Objetiva do Concurso Delegado da PC PR, que oferta  <strong>50 vagas<\/strong> <strong>imediatas<\/strong> para a classe inicial do cargo de <strong>Delegado de Pol\u00edcia<\/strong>. A prova foi aplicada no \u00faltimo domingo, 3 de outubro e de acordo com a banca, mais de 55% dos candidatos inscritos para o concurso policial (n\u00e3o somente de Delegado)&nbsp;faltaram aos exames.  <\/p>\n\n\n\n<p>A prova preambular, de car\u00e1ter classificat\u00f3rio e eliminat\u00f3rio, foi composta por <strong>100 quest\u00f5es<\/strong> objetivas de m\u00faltipla escolha, devendo os candidatos acertarem aos menos 60% das quest\u00f5es e figurarem em posi\u00e7\u00f5es m\u00e1ximas espec\u00edficas para serem encaminhados \u00e0 segunda etapa do certame. <\/p>\n\n\n\n<p>A interposi\u00e7\u00e3o de recursos \u00e9 permitida a partir das <strong>12h00min do dia 04 at\u00e9 as 11h59min do dia 06 de outubro de 2021 (quarta-feira)<\/strong> pelo endere\u00e7o eletr\u00f4nico da UFPR. Para conferir o gabarito preliminar da prova do concurso de Delegado da PC PR, j\u00e1 inserido no caderno de quest\u00f5es tamb\u00e9m divulgado, clique nos links abaixo: <\/p>\n\n\n\n<p class=\"has-text-align-center has-black-color has-text-color has-background\" style=\"background-color:#bbcddd;font-size:clamp(14px, 0.875rem + ((1vw - 3.2px) * 0.392), 18px);\"><strong><a href=\"https:\/\/dhg1h5j42swfq.cloudfront.net\/2021\/10\/04194616\/301a.pdf\" target=\"_blank\" rel=\"noreferrer noopener nofollow\">Prova TIPO A<\/a> <\/strong><\/p>\n\n\n\n<p class=\"has-text-align-center has-black-color has-text-color has-background\" style=\"background-color:#bbcddd;font-size:clamp(14px, 0.875rem + ((1vw - 3.2px) * 0.392), 18px);\"><a href=\"https:\/\/dhg1h5j42swfq.cloudfront.net\/2021\/10\/04194644\/302b.pdf\" target=\"_blank\" rel=\"noreferrer noopener nofollow\"><strong>Prova TIPO B<\/strong><\/a><\/p>\n\n\n\n<p class=\"has-text-align-center has-black-color has-text-color has-background\" style=\"background-color:#bbcddd;font-size:clamp(14px, 0.875rem + ((1vw - 3.2px) * 0.392), 18px);\"><strong>   <a href=\"https:\/\/dhg1h5j42swfq.cloudfront.net\/2021\/10\/04194718\/303c.pdf\" target=\"_blank\" rel=\"noreferrer noopener\">Prova Tipo C<\/a>  <\/strong><\/p>\n\n\n\n<p>A Prova Discursiva ter\u00e1 dura\u00e7\u00e3o de <strong>5 horas<\/strong>, e ser\u00e1 composta por<strong> <\/strong>quest\u00f5es<strong> <\/strong>discursivas e pela elabora\u00e7\u00e3o de uma Pe\u00e7a Pr\u00e1tica consistente em Representa\u00e7\u00e3o por medida cautelar usualmente utilizada por Delegado de Pol\u00edcia com valor total de <strong>100 pontos<\/strong>. Para ser aprovado nesta etapa, \u00e9 necess\u00e1rio atingir&nbsp;<strong>50%<\/strong> de aproveitamento.  <\/p>\n\n\n\n<p>Para a investidura no cargo, \u00e9 necess\u00e1rio que o candidato possua, na data da posse, a <strong>idade m\u00ednima de&nbsp;18 anos<\/strong>, diploma de <strong>Bacharel em Direito<\/strong> e <strong>Carteira Nacional de Habilita\u00e7\u00e3o (CNH) na categoria &#8220;B&#8221;<\/strong>, no m\u00ednimo. <\/p>\n\n\n\n<p class=\"has-text-align-center has-luminous-vivid-amber-background-color has-background\"><strong>Mais informa\u00e7\u00f5es: <a href=\"https:\/\/www.estrategiaconcursos.com.br\/blog\/concurso-delegado-pr\" target=\"_blank\" rel=\"noreferrer noopener\">Concurso Delegado PR<\/a> <\/strong><\/p>\n\n\n\n<h2 class=\"has-text-align-center wp-block-heading\" id=\"cursos\">Quer saber tudo sobre concursos previstos?<br \/><strong>Confira nossos artigos!<\/strong><\/h2>\n\n\n\n<ul class=\"wp-block-list\"><li><a href=\"https:\/\/www.estrategiaconcursos.com.br\/blog\/concursos-abertos\/\" target=\"_blank\" rel=\"noreferrer noopener\">Concursos abertos<\/a><\/li><li><a href=\"https:\/\/www.estrategiaconcursos.com.br\/blog\/concursos-2021\/\" target=\"_blank\" rel=\"noreferrer noopener\">Concursos 2021<\/a><\/li><li><a href=\"https:\/\/www.estrategiaconcursos.com.br\/blog\/concursos-2022\/\" target=\"_blank\" rel=\"noreferrer noopener\">Concursos 2022<\/a><\/li><\/ul>\n\n\n\n<h2 class=\"has-text-align-center wp-block-heading\" id=\"cursos\">Cursos e assinaturas<\/h2>\n\n\n\n<div class=\"container\" id=\"boxes\">\n  <div class=\"row\">\n\n    <div class=\"col-sm\">\n      <div class=\"banner-ecj\" id=\"box-assinatura\">\n        <h3 class=\"titulo-assinatura\">Curso para Delegado PR <\/h3>\n        <p class=\"subtitulo-assinatura\">Cursos focados no edital do concurso<\/p>\n        <div class=\"box-botao\">\n          <a class=\"btn-assinatura\" target=\"_blank\" href=\"https:\/\/www.estrategiaconcursos.com.br\/cursosPorConcurso\/pc-pr-policia-civil-do-parana-delegado\/\" role=\"button\" rel=\"noopener noreferrer\">Conhe\u00e7a mais<\/a>\n        <\/div>\n      <\/div>\n      <p class=\"texto-auxiliar\">Prepare-se com o melhor material e com quem mais aprova em concursos de Procuradorias em todo o pa\u00eds. \n<\/p>\n    <\/div>\n\n  <\/div>\n<\/div>\n\n\n\n<div class=\"container\" id=\"boxes\">\n  <div class=\"row\">\n\n    <div class=\"col-sm\">\n      <div class=\"banner-ecj\" id=\"box-assinatura\">\n        <h3 class=\"titulo-assinatura\">Assinatura Jur\u00eddica <\/h3>\n        <p class=\"subtitulo-assinatura\">Conhe\u00e7a os planos<\/p>\n        <div class=\"box-botao\">\n          <a class=\"btn-assinatura\" target=\"_blank\" href=\"https:\/\/www.estrategiaconcursos.com.br\/assinaturas-ecj\/\" role=\"button\" rel=\"noopener noreferrer\">Conhe\u00e7a mais<\/a>\n        <\/div>\n      <\/div>\n      <p class=\"texto-auxiliar\">Prepare-se com o melhor material e com quem mais aprova em Concursos P\u00fablicos em todo o pa\u00eds. \n<\/p>\n    <\/div>\n\n  <\/div>\n<\/div>\n","protected":false},"excerpt":{"rendered":"<p>A Pol\u00edcia Civil do Paran\u00e1 e a UFPR divulgaram o gabarito preliminar da Prova Preambular Objetiva do Concurso Delegado da PC PR, que oferta 50 vagas imediatas para a classe inicial do cargo de Delegado de Pol\u00edcia. A prova foi aplicada no \u00faltimo domingo, 3 de outubro e de acordo com a banca, mais de [&hellip;]<\/p>\n","protected":false},"author":317,"featured_media":877034,"comment_status":"open","ping_status":"closed","sticky":false,"template":"","format":"standard","meta":{"post_tipo":"news","footnotes":""},"categories":[220194],"tags":[],"tax_estado":[219981],"class_list":["post-877015","post","type-post","status-publish","format-standard","has-post-thumbnail","hentry","category-delegado","tax_estado-pr"],"acf":[],"yoast_head":"<!-- This site is optimized with the Yoast SEO Premium plugin v27.2 (Yoast SEO v27.2) - https:\/\/yoast.com\/product\/yoast-seo-premium-wordpress\/ -->\n<title>Delegado da PC PR: Divulgado o gabarito preliminar da Objetiva!<\/title>\n<meta name=\"description\" content=\"Foi divulgado, nesta segunda, 4, o gabarito preliminar da prova do concurso de Delegado da PC PR, realizado no \u00faltimo domingo, Confira!\" \/>\n<meta name=\"robots\" content=\"index, follow, max-snippet:-1, max-image-preview:large, max-video-preview:-1\" \/>\n<link rel=\"canonical\" href=\"https:\/\/www.estrategiaconcursos.com.br\/blog\/delegado-da-pc-pr-gabarito-preliminar-objetiva\/\" \/>\n<meta property=\"og:locale\" content=\"pt_BR\" \/>\n<meta property=\"og:type\" content=\"article\" \/>\n<meta property=\"og:title\" content=\"Delegado da PC PR: Divulgado o gabarito preliminar da Objetiva!\" \/>\n<meta property=\"og:description\" content=\"Foi divulgado, nesta segunda, 4, o gabarito preliminar da prova do concurso de Delegado da PC PR, realizado no \u00faltimo domingo, Confira!\" \/>\n<meta property=\"og:url\" content=\"https:\/\/www.estrategiaconcursos.com.br\/blog\/delegado-da-pc-pr-gabarito-preliminar-objetiva\/\" \/>\n<meta property=\"og:site_name\" content=\"Estrat\u00e9gia Concursos\" \/>\n<meta property=\"article:author\" content=\"https:\/\/www.facebook.com\/igor.maciel.1420\" \/>\n<meta property=\"article:published_time\" content=\"2021-10-04T21:50:00+00:00\" \/>\n<meta property=\"article:modified_time\" content=\"2021-10-06T15:20:59+00:00\" \/>\n<meta property=\"og:image\" content=\"https:\/\/dhg1h5j42swfq.cloudfront.net\/2021\/10\/04195037\/delegado_pr-3.jpg\" \/>\n\t<meta property=\"og:image:width\" content=\"1200\" \/>\n\t<meta property=\"og:image:height\" content=\"625\" \/>\n\t<meta property=\"og:image:type\" content=\"image\/jpeg\" \/>\n<meta name=\"author\" content=\"Igor Maciel\" \/>\n<meta name=\"twitter:card\" content=\"summary_large_image\" \/>\n<meta name=\"twitter:creator\" content=\"@EstratConcursos\" \/>\n<meta name=\"twitter:site\" content=\"@EstratConcursos\" \/>\n<meta name=\"twitter:label1\" content=\"Escrito por\" \/>\n\t<meta name=\"twitter:data1\" content=\"Igor Maciel\" \/>\n\t<meta name=\"twitter:label2\" content=\"Est. tempo de leitura\" \/>\n\t<meta name=\"twitter:data2\" content=\"2 minutos\" \/>\n<script type=\"application\/ld+json\" class=\"yoast-schema-graph\">{\"@context\":\"https:\/\/schema.org\",\"@graph\":[{\"@type\":\"NewsArticle\",\"@id\":\"https:\/\/www.estrategiaconcursos.com.br\/blog\/delegado-da-pc-pr-gabarito-preliminar-objetiva\/#article\",\"isPartOf\":{\"@id\":\"https:\/\/www.estrategiaconcursos.com.br\/blog\/delegado-da-pc-pr-gabarito-preliminar-objetiva\/\"},\"author\":{\"name\":\"Igor Maciel\",\"@id\":\"https:\/\/www.estrategiaconcursos.com.br\/blog\/#\/schema\/person\/024d26d5efb06d95dfc04025d7301591\"},\"headline\":\"Delegado da PC PR: Divulgado o gabarito preliminar da Objetiva!\",\"datePublished\":\"2021-10-04T21:50:00+00:00\",\"dateModified\":\"2021-10-06T15:20:59+00:00\",\"mainEntityOfPage\":{\"@id\":\"https:\/\/www.estrategiaconcursos.com.br\/blog\/delegado-da-pc-pr-gabarito-preliminar-objetiva\/\"},\"wordCount\":372,\"commentCount\":0,\"publisher\":{\"@id\":\"https:\/\/www.estrategiaconcursos.com.br\/blog\/#organization\"},\"image\":{\"@id\":\"https:\/\/www.estrategiaconcursos.com.br\/blog\/delegado-da-pc-pr-gabarito-preliminar-objetiva\/#primaryimage\"},\"thumbnailUrl\":\"https:\/\/dhg1h5j42swfq.cloudfront.net\/2021\/10\/04195037\/delegado_pr-3.jpg\",\"articleSection\":[\"Jur\u00eddico - Delegado\"],\"inLanguage\":\"pt-BR\",\"potentialAction\":[{\"@type\":\"CommentAction\",\"name\":\"Comment\",\"target\":[\"https:\/\/www.estrategiaconcursos.com.br\/blog\/delegado-da-pc-pr-gabarito-preliminar-objetiva\/#respond\"]}],\"copyrightYear\":\"2021\",\"copyrightHolder\":{\"@id\":\"https:\/\/www.estrategiaconcursos.com.br\/blog\/#organization\"}},{\"@type\":\"WebPage\",\"@id\":\"https:\/\/www.estrategiaconcursos.com.br\/blog\/delegado-da-pc-pr-gabarito-preliminar-objetiva\/\",\"url\":\"https:\/\/www.estrategiaconcursos.com.br\/blog\/delegado-da-pc-pr-gabarito-preliminar-objetiva\/\",\"name\":\"Delegado da PC PR: Divulgado o gabarito preliminar da Objetiva!\",\"isPartOf\":{\"@id\":\"https:\/\/www.estrategiaconcursos.com.br\/blog\/#website\"},\"primaryImageOfPage\":{\"@id\":\"https:\/\/www.estrategiaconcursos.com.br\/blog\/delegado-da-pc-pr-gabarito-preliminar-objetiva\/#primaryimage\"},\"image\":{\"@id\":\"https:\/\/www.estrategiaconcursos.com.br\/blog\/delegado-da-pc-pr-gabarito-preliminar-objetiva\/#primaryimage\"},\"thumbnailUrl\":\"https:\/\/dhg1h5j42swfq.cloudfront.net\/2021\/10\/04195037\/delegado_pr-3.jpg\",\"datePublished\":\"2021-10-04T21:50:00+00:00\",\"dateModified\":\"2021-10-06T15:20:59+00:00\",\"description\":\"Foi divulgado, nesta segunda, 4, o gabarito preliminar da prova do concurso de Delegado da PC PR, realizado no \u00faltimo domingo, Confira!\",\"breadcrumb\":{\"@id\":\"https:\/\/www.estrategiaconcursos.com.br\/blog\/delegado-da-pc-pr-gabarito-preliminar-objetiva\/#breadcrumb\"},\"inLanguage\":\"pt-BR\",\"potentialAction\":[{\"@type\":\"ReadAction\",\"target\":[\"https:\/\/www.estrategiaconcursos.com.br\/blog\/delegado-da-pc-pr-gabarito-preliminar-objetiva\/\"]}]},{\"@type\":\"ImageObject\",\"inLanguage\":\"pt-BR\",\"@id\":\"https:\/\/www.estrategiaconcursos.com.br\/blog\/delegado-da-pc-pr-gabarito-preliminar-objetiva\/#primaryimage\",\"url\":\"https:\/\/dhg1h5j42swfq.cloudfront.net\/2021\/10\/04195037\/delegado_pr-3.jpg\",\"contentUrl\":\"https:\/\/dhg1h5j42swfq.cloudfront.net\/2021\/10\/04195037\/delegado_pr-3.jpg\",\"width\":1200,\"height\":625,\"caption\":\"Revis\u00e3o de V\u00e9spera Delta da\"},{\"@type\":\"BreadcrumbList\",\"@id\":\"https:\/\/www.estrategiaconcursos.com.br\/blog\/delegado-da-pc-pr-gabarito-preliminar-objetiva\/#breadcrumb\",\"itemListElement\":[{\"@type\":\"ListItem\",\"position\":1,\"name\":\"In\u00edcio\",\"item\":\"https:\/\/www.estrategiaconcursos.com.br\/blog\/\"},{\"@type\":\"ListItem\",\"position\":2,\"name\":\"Delegado da PC PR: Divulgado o gabarito preliminar da Objetiva!\"}]},{\"@type\":\"WebSite\",\"@id\":\"https:\/\/www.estrategiaconcursos.com.br\/blog\/#website\",\"url\":\"https:\/\/www.estrategiaconcursos.com.br\/blog\/\",\"name\":\"Estrat\u00e9gia Concursos\",\"description\":\"O blog da Estrat\u00e9gia Concursos traz not\u00edcias sobre concursos e artigos de professores oferecendo cursos para concursos (pdf + videaulas) no site.\",\"publisher\":{\"@id\":\"https:\/\/www.estrategiaconcursos.com.br\/blog\/#organization\"},\"potentialAction\":[{\"@type\":\"SearchAction\",\"target\":{\"@type\":\"EntryPoint\",\"urlTemplate\":\"https:\/\/www.estrategiaconcursos.com.br\/blog\/?s={search_term_string}\"},\"query-input\":{\"@type\":\"PropertyValueSpecification\",\"valueRequired\":true,\"valueName\":\"search_term_string\"}}],\"inLanguage\":\"pt-BR\"},{\"@type\":\"Organization\",\"@id\":\"https:\/\/www.estrategiaconcursos.com.br\/blog\/#organization\",\"name\":\"Estrat\u00e9gia Concursos\",\"url\":\"https:\/\/www.estrategiaconcursos.com.br\/blog\/\",\"logo\":{\"@type\":\"ImageObject\",\"inLanguage\":\"pt-BR\",\"@id\":\"https:\/\/www.estrategiaconcursos.com.br\/blog\/#\/schema\/logo\/image\/\",\"url\":\"https:\/\/dhg1h5j42swfq.cloudfront.net\/2025\/06\/03203428\/logo_concursos-1.jpg\",\"contentUrl\":\"https:\/\/dhg1h5j42swfq.cloudfront.net\/2025\/06\/03203428\/logo_concursos-1.jpg\",\"width\":230,\"height\":60,\"caption\":\"Estrat\u00e9gia Concursos\"},\"image\":{\"@id\":\"https:\/\/www.estrategiaconcursos.com.br\/blog\/#\/schema\/logo\/image\/\"},\"sameAs\":[\"https:\/\/x.com\/EstratConcursos\"]},{\"@type\":\"Person\",\"@id\":\"https:\/\/www.estrategiaconcursos.com.br\/blog\/#\/schema\/person\/024d26d5efb06d95dfc04025d7301591\",\"name\":\"Igor Maciel\",\"image\":{\"@type\":\"ImageObject\",\"inLanguage\":\"pt-BR\",\"@id\":\"https:\/\/secure.gravatar.com\/avatar\/e983a676af6facf4aebcb2989d49e3bf61b718712d5e7a4b3f355b7fe651bc2f?s=96&d=mm&r=g\",\"url\":\"https:\/\/secure.gravatar.com\/avatar\/e983a676af6facf4aebcb2989d49e3bf61b718712d5e7a4b3f355b7fe651bc2f?s=96&d=mm&r=g\",\"contentUrl\":\"https:\/\/secure.gravatar.com\/avatar\/e983a676af6facf4aebcb2989d49e3bf61b718712d5e7a4b3f355b7fe651bc2f?s=96&d=mm&r=g\",\"caption\":\"Igor Maciel\"},\"description\":\"Graduado na Universidade Federal de Pernambuco, com extens\u00e3o na Universidade de Coimbra\/Portugal. Especialista LLM em Direito Corporativo pelo IBMEC\/RJ. Mestrando em Direito e Pol\u00edticas P\u00fablicas pelo UNICEUB\/DF. Advogado com atua\u00e7\u00e3o profissional centrada no Direito Tribut\u00e1rio e no Direito Administrativo, especialmente na defesa de servidores p\u00fablicos.\",\"sameAs\":[\"http:\/\/www.imaciel.com.br\",\"https:\/\/www.facebook.com\/igor.maciel.1420\"],\"url\":\"https:\/\/www.estrategiaconcursos.com.br\/blog\/author\/contatoimaciel-com-br\/\"}]}<\/script>\n<!-- \/ Yoast SEO Premium plugin. -->","yoast_head_json":{"title":"Delegado da PC PR: Divulgado o gabarito preliminar da Objetiva!","description":"Foi divulgado, nesta segunda, 4, o gabarito preliminar da prova do concurso de Delegado da PC PR, realizado no \u00faltimo domingo, Confira!","robots":{"index":"index","follow":"follow","max-snippet":"max-snippet:-1","max-image-preview":"max-image-preview:large","max-video-preview":"max-video-preview:-1"},"canonical":"https:\/\/www.estrategiaconcursos.com.br\/blog\/delegado-da-pc-pr-gabarito-preliminar-objetiva\/","og_locale":"pt_BR","og_type":"article","og_title":"Delegado da PC PR: Divulgado o gabarito preliminar da Objetiva!","og_description":"Foi divulgado, nesta segunda, 4, o gabarito preliminar da prova do concurso de Delegado da PC PR, realizado no \u00faltimo domingo, Confira!","og_url":"https:\/\/www.estrategiaconcursos.com.br\/blog\/delegado-da-pc-pr-gabarito-preliminar-objetiva\/","og_site_name":"Estrat\u00e9gia Concursos","article_author":"https:\/\/www.facebook.com\/igor.maciel.1420","article_published_time":"2021-10-04T21:50:00+00:00","article_modified_time":"2021-10-06T15:20:59+00:00","og_image":[{"width":1200,"height":625,"url":"https:\/\/dhg1h5j42swfq.cloudfront.net\/2021\/10\/04195037\/delegado_pr-3.jpg","type":"image\/jpeg"}],"author":"Igor Maciel","twitter_card":"summary_large_image","twitter_creator":"@EstratConcursos","twitter_site":"@EstratConcursos","twitter_misc":{"Escrito por":"Igor Maciel","Est. tempo de leitura":"2 minutos"},"schema":{"@context":"https:\/\/schema.org","@graph":[{"@type":"NewsArticle","@id":"https:\/\/www.estrategiaconcursos.com.br\/blog\/delegado-da-pc-pr-gabarito-preliminar-objetiva\/#article","isPartOf":{"@id":"https:\/\/www.estrategiaconcursos.com.br\/blog\/delegado-da-pc-pr-gabarito-preliminar-objetiva\/"},"author":{"name":"Igor Maciel","@id":"https:\/\/www.estrategiaconcursos.com.br\/blog\/#\/schema\/person\/024d26d5efb06d95dfc04025d7301591"},"headline":"Delegado da PC PR: Divulgado o gabarito preliminar da Objetiva!","datePublished":"2021-10-04T21:50:00+00:00","dateModified":"2021-10-06T15:20:59+00:00","mainEntityOfPage":{"@id":"https:\/\/www.estrategiaconcursos.com.br\/blog\/delegado-da-pc-pr-gabarito-preliminar-objetiva\/"},"wordCount":372,"commentCount":0,"publisher":{"@id":"https:\/\/www.estrategiaconcursos.com.br\/blog\/#organization"},"image":{"@id":"https:\/\/www.estrategiaconcursos.com.br\/blog\/delegado-da-pc-pr-gabarito-preliminar-objetiva\/#primaryimage"},"thumbnailUrl":"https:\/\/dhg1h5j42swfq.cloudfront.net\/2021\/10\/04195037\/delegado_pr-3.jpg","articleSection":["Jur\u00eddico - Delegado"],"inLanguage":"pt-BR","potentialAction":[{"@type":"CommentAction","name":"Comment","target":["https:\/\/www.estrategiaconcursos.com.br\/blog\/delegado-da-pc-pr-gabarito-preliminar-objetiva\/#respond"]}],"copyrightYear":"2021","copyrightHolder":{"@id":"https:\/\/www.estrategiaconcursos.com.br\/blog\/#organization"}},{"@type":"WebPage","@id":"https:\/\/www.estrategiaconcursos.com.br\/blog\/delegado-da-pc-pr-gabarito-preliminar-objetiva\/","url":"https:\/\/www.estrategiaconcursos.com.br\/blog\/delegado-da-pc-pr-gabarito-preliminar-objetiva\/","name":"Delegado da PC PR: Divulgado o gabarito preliminar da Objetiva!","isPartOf":{"@id":"https:\/\/www.estrategiaconcursos.com.br\/blog\/#website"},"primaryImageOfPage":{"@id":"https:\/\/www.estrategiaconcursos.com.br\/blog\/delegado-da-pc-pr-gabarito-preliminar-objetiva\/#primaryimage"},"image":{"@id":"https:\/\/www.estrategiaconcursos.com.br\/blog\/delegado-da-pc-pr-gabarito-preliminar-objetiva\/#primaryimage"},"thumbnailUrl":"https:\/\/dhg1h5j42swfq.cloudfront.net\/2021\/10\/04195037\/delegado_pr-3.jpg","datePublished":"2021-10-04T21:50:00+00:00","dateModified":"2021-10-06T15:20:59+00:00","description":"Foi divulgado, nesta segunda, 4, o gabarito preliminar da prova do concurso de Delegado da PC PR, realizado no \u00faltimo domingo, Confira!","breadcrumb":{"@id":"https:\/\/www.estrategiaconcursos.com.br\/blog\/delegado-da-pc-pr-gabarito-preliminar-objetiva\/#breadcrumb"},"inLanguage":"pt-BR","potentialAction":[{"@type":"ReadAction","target":["https:\/\/www.estrategiaconcursos.com.br\/blog\/delegado-da-pc-pr-gabarito-preliminar-objetiva\/"]}]},{"@type":"ImageObject","inLanguage":"pt-BR","@id":"https:\/\/www.estrategiaconcursos.com.br\/blog\/delegado-da-pc-pr-gabarito-preliminar-objetiva\/#primaryimage","url":"https:\/\/dhg1h5j42swfq.cloudfront.net\/2021\/10\/04195037\/delegado_pr-3.jpg","contentUrl":"https:\/\/dhg1h5j42swfq.cloudfront.net\/2021\/10\/04195037\/delegado_pr-3.jpg","width":1200,"height":625,"caption":"Revis\u00e3o de V\u00e9spera Delta da"},{"@type":"BreadcrumbList","@id":"https:\/\/www.estrategiaconcursos.com.br\/blog\/delegado-da-pc-pr-gabarito-preliminar-objetiva\/#breadcrumb","itemListElement":[{"@type":"ListItem","position":1,"name":"In\u00edcio","item":"https:\/\/www.estrategiaconcursos.com.br\/blog\/"},{"@type":"ListItem","position":2,"name":"Delegado da PC PR: Divulgado o gabarito preliminar da Objetiva!"}]},{"@type":"WebSite","@id":"https:\/\/www.estrategiaconcursos.com.br\/blog\/#website","url":"https:\/\/www.estrategiaconcursos.com.br\/blog\/","name":"Estrat\u00e9gia Concursos","description":"O blog da Estrat\u00e9gia Concursos traz not\u00edcias sobre concursos e artigos de professores oferecendo cursos para concursos (pdf + videaulas) no site.","publisher":{"@id":"https:\/\/www.estrategiaconcursos.com.br\/blog\/#organization"},"potentialAction":[{"@type":"SearchAction","target":{"@type":"EntryPoint","urlTemplate":"https:\/\/www.estrategiaconcursos.com.br\/blog\/?s={search_term_string}"},"query-input":{"@type":"PropertyValueSpecification","valueRequired":true,"valueName":"search_term_string"}}],"inLanguage":"pt-BR"},{"@type":"Organization","@id":"https:\/\/www.estrategiaconcursos.com.br\/blog\/#organization","name":"Estrat\u00e9gia Concursos","url":"https:\/\/www.estrategiaconcursos.com.br\/blog\/","logo":{"@type":"ImageObject","inLanguage":"pt-BR","@id":"https:\/\/www.estrategiaconcursos.com.br\/blog\/#\/schema\/logo\/image\/","url":"https:\/\/dhg1h5j42swfq.cloudfront.net\/2025\/06\/03203428\/logo_concursos-1.jpg","contentUrl":"https:\/\/dhg1h5j42swfq.cloudfront.net\/2025\/06\/03203428\/logo_concursos-1.jpg","width":230,"height":60,"caption":"Estrat\u00e9gia Concursos"},"image":{"@id":"https:\/\/www.estrategiaconcursos.com.br\/blog\/#\/schema\/logo\/image\/"},"sameAs":["https:\/\/x.com\/EstratConcursos"]},{"@type":"Person","@id":"https:\/\/www.estrategiaconcursos.com.br\/blog\/#\/schema\/person\/024d26d5efb06d95dfc04025d7301591","name":"Igor Maciel","image":{"@type":"ImageObject","inLanguage":"pt-BR","@id":"https:\/\/secure.gravatar.com\/avatar\/e983a676af6facf4aebcb2989d49e3bf61b718712d5e7a4b3f355b7fe651bc2f?s=96&d=mm&r=g","url":"https:\/\/secure.gravatar.com\/avatar\/e983a676af6facf4aebcb2989d49e3bf61b718712d5e7a4b3f355b7fe651bc2f?s=96&d=mm&r=g","contentUrl":"https:\/\/secure.gravatar.com\/avatar\/e983a676af6facf4aebcb2989d49e3bf61b718712d5e7a4b3f355b7fe651bc2f?s=96&d=mm&r=g","caption":"Igor Maciel"},"description":"Graduado na Universidade Federal de Pernambuco, com extens\u00e3o na Universidade de Coimbra\/Portugal. Especialista LLM em Direito Corporativo pelo IBMEC\/RJ. Mestrando em Direito e Pol\u00edticas P\u00fablicas pelo UNICEUB\/DF. Advogado com atua\u00e7\u00e3o profissional centrada no Direito Tribut\u00e1rio e no Direito Administrativo, especialmente na defesa de servidores p\u00fablicos.","sameAs":["http:\/\/www.imaciel.com.br","https:\/\/www.facebook.com\/igor.maciel.1420"],"url":"https:\/\/www.estrategiaconcursos.com.br\/blog\/author\/contatoimaciel-com-br\/"}]}},"_links":{"self":[{"href":"https:\/\/www.estrategiaconcursos.com.br\/blog\/wp-json\/wp\/v2\/posts\/877015","targetHints":{"allow":["GET"]}}],"collection":[{"href":"https:\/\/www.estrategiaconcursos.com.br\/blog\/wp-json\/wp\/v2\/posts"}],"about":[{"href":"https:\/\/www.estrategiaconcursos.com.br\/blog\/wp-json\/wp\/v2\/types\/post"}],"author":[{"embeddable":true,"href":"https:\/\/www.estrategiaconcursos.com.br\/blog\/wp-json\/wp\/v2\/users\/317"}],"replies":[{"embeddable":true,"href":"https:\/\/www.estrategiaconcursos.com.br\/blog\/wp-json\/wp\/v2\/comments?post=877015"}],"version-history":[{"count":20,"href":"https:\/\/www.estrategiaconcursos.com.br\/blog\/wp-json\/wp\/v2\/posts\/877015\/revisions"}],"predecessor-version":[{"id":878676,"href":"https:\/\/www.estrategiaconcursos.com.br\/blog\/wp-json\/wp\/v2\/posts\/877015\/revisions\/878676"}],"wp:featuredmedia":[{"embeddable":true,"href":"https:\/\/www.estrategiaconcursos.com.br\/blog\/wp-json\/wp\/v2\/media\/877034"}],"wp:attachment":[{"href":"https:\/\/www.estrategiaconcursos.com.br\/blog\/wp-json\/wp\/v2\/media?parent=877015"}],"wp:term":[{"taxonomy":"category","embeddable":true,"href":"https:\/\/www.estrategiaconcursos.com.br\/blog\/wp-json\/wp\/v2\/categories?post=877015"},{"taxonomy":"post_tag","embeddable":true,"href":"https:\/\/www.estrategiaconcursos.com.br\/blog\/wp-json\/wp\/v2\/tags?post=877015"},{"taxonomy":"tax_estado","embeddable":true,"href":"https:\/\/www.estrategiaconcursos.com.br\/blog\/wp-json\/wp\/v2\/tax_estado?post=877015"}],"curies":[{"name":"wp","href":"https:\/\/api.w.org\/{rel}","templated":true}]}}