{"id":87660,"date":"2017-08-31T20:02:11","date_gmt":"2017-08-31T23:02:11","guid":{"rendered":"https:\/\/www.estrategiaconcursos.com.br\/blog\/?p=87660"},"modified":"2017-08-31T20:03:36","modified_gmt":"2017-08-31T23:03:36","slug":"cldf-realidade-do-df-entenda-por-que-cabeceira-grande-mg-nao-faz-parte-da-ridedf","status":"publish","type":"post","link":"https:\/\/www.estrategiaconcursos.com.br\/blog\/cldf-realidade-do-df-entenda-por-que-cabeceira-grande-mg-nao-faz-parte-da-ridedf\/","title":{"rendered":"CLDF &#8211; Realidade do DF &#8211; Entenda por que CABECEIRA GRANDE (MG) n\u00e3o faz parte da RIDE\/DF"},"content":{"rendered":"<p style=\"text-align: justify\">Ol\u00e1 pessoal,<\/p>\n<p style=\"text-align: justify\">Nos meus cursos de <span style=\"color: #0000ff\"><strong>Realidade do Distrito Federal<\/strong> <\/span>para concursos do <span style=\"color: #0000ff\"><strong>Distrito Federal<\/strong><\/span> tenho informado que o munic\u00edpio de <span style=\"color: #ff0000\"><strong>Cabeceira Grande (MG)<\/strong><\/span> n\u00e3o faz parte da <span style=\"color: #ff0000\"><strong>Regi\u00e3o Integrada de Desenvolvimento do Distrito Federal e Entorno (RIDE\/DF)<\/strong><\/span>.<\/p>\n<p style=\"text-align: justify\">Tamb\u00e9m tenho passado essa informa\u00e7\u00e3o nas minhas aulas ao vivo pelo canal do Estrat\u00e9gia Concursos no YouTube.<\/p>\n<p style=\"text-align: justify\">Em uma das aulas do meu curso no Estrat\u00e9gia, explico detalhadamente a situa\u00e7\u00e3o. Nem todos os que me assistem no YouTube adquirem o curso e mesmo entre aqueles que adquiriram o curso h\u00e1 alunos c\u00e9ticos, que resistem em aceitar a informa\u00e7\u00e3o do professor.<\/p>\n<p style=\"text-align: justify\">A desinforma\u00e7\u00e3o e o ceticismo se devem a tr\u00eas motivos:<\/p>\n<p style=\"text-align: justify\">1\u00ba &#8211; Por uma interpreta\u00e7\u00e3o err\u00f4nea da legisla\u00e7\u00e3o, at\u00e9 pouco tempo atr\u00e1s, Cabeceira Grande (MG) fazia parte da RIDE-DF. Eu mesmo, em cursos anteriores inclu\u00eda Cabeceira Grande no rol de munic\u00edpios que faziam parte da RIDE\/DF.<\/p>\n<p style=\"text-align: justify\">2\u00ba &#8211; Sites da internet \u2013 governamentais e n\u00e3o governamentais \u2013 est\u00e3o desatualizados e concurseiros est\u00e3o pesquisando em sites desatualizados.<\/p>\n<p style=\"text-align: justify\">3\u00ba &#8211; Materiais pedag\u00f3gicos, certos cursos e professores continuam passando a informa\u00e7\u00e3o de que Cabeceira Grande (MG) faz parte da RIDE\/DF.<\/p>\n<p style=\"text-align: justify\">Sempre que vou iniciar um novo curso de Realidade do DF fa\u00e7o uma verifica\u00e7\u00e3o de atualiza\u00e7\u00e3o de informa\u00e7\u00f5es. Quanto \u00e0 RIDE\/DF, a minha fonte segura \u00e9 a <span style=\"color: #0000ff\"><strong>Superintend\u00eancia do Desenvolvimento do Centro-Oeste (SUDECO)<\/strong><\/span>, entidade vinculada ao Minist\u00e9rio da Integra\u00e7\u00e3o Nacional (MI). O <span style=\"color: #ff0000\"><strong>Conselho Administrativo da Regi\u00e3o Integrada de Desenvolvimento do Distrito Federal e Entorno (COARIDE)<\/strong><\/span> est\u00e1 vinculado \u00e0 SUDECO. Ou seja, \u00e9 a entidade que administra a RIDE\/DF, o que nos d\u00e1 seguran\u00e7a de que \u00e9 a mais bem informada sobre a Regi\u00e3o.<\/p>\n<p style=\"text-align: justify\">Link da RIDE\/DF no site da SUDECO: <a href=\"http:\/\/www.sudeco.gov.br\/web\/guest\/municipios-ride-df\">http:\/\/www.sudeco.gov.br\/web\/guest\/municipios-ride-df<\/a><\/p>\n<p style=\"text-align: justify\">Em uma an\u00e1lise mais apurada de legisla\u00e7\u00e3o, o competente Coordenador-Geral de Articula\u00e7\u00e3o, Planos e Projetos Especiais da Superintend\u00eancia, ge\u00f3grafo S\u00e9rgio Magno Carvalho de Souza constatou que Cabeceira Grande (MG) n\u00e3o fazia parte da RIDE\/DF. Como vi que a informa\u00e7\u00e3o foi alterada no site da entidade, fui fundo, pesquisei e contatei os t\u00e9cnicos da SUDECO.<\/p>\n<p style=\"text-align: justify\">Explico os fatos, os quais concordo plenamente:<\/p>\n<p style=\"text-align: justify\">A Lei Complementar n\u00ba 94 de 19 de fevereiro de 1998 disp\u00f5e no art. 1\u00ba, \u00a7 1\u00ba que a RIDE\/DF <em>\u00e9 constitu\u00edda pelo Distrito Federal, pelos Munic\u00edpios de Abadi\u00e2nia, \u00c1gua Fria de Goi\u00e1s, \u00c1guas Lindas, Alex\u00e2nia, Cabeceiras, Cidade Ocidental, Cocalzinho de Goi\u00e1s, Corumb\u00e1 de Goi\u00e1s, Cristalina, Formosa, Luzi\u00e2nia, Mimoso de Goi\u00e1s, Novo Gama, Padre Bernardo, Piren\u00f3polis, Planaltina, Santo Ant\u00f4nio do Descoberto, Valpara\u00edso e Vila Boa, no Estado de Goi\u00e1s, e de <strong><span style=\"color: #ff0000\">Una\u00ed<\/span> e <span style=\"color: #ff0000\">Buritis<\/span>, no <span style=\"color: #0000ff\">Estado de Minas Gerais<\/span><\/strong>.<\/em><\/p>\n<p style=\"text-align: justify\">Observem que o \u00a7 1\u00ba n\u00e3o menciona o munic\u00edpio de Cabeceira Grande (MG). Ent\u00e3o, de onde veio a confus\u00e3o?<\/p>\n<p style=\"text-align: justify\">Veio do erro interpretativo do \u00a7 2\u00ba. Vejamos: <em>Os Munic\u00edpios que vierem a ser constitu\u00eddos a partir de desmembramento de territ\u00f3rio de Munic\u00edpio citado no \u00a7 1\u00ba deste artigo passar\u00e3o a compor, automaticamente, a Regi\u00e3o Integrada de Desenvolvimento do Distrito Federal e Entorno.<\/em><\/p>\n<p style=\"text-align: justify\">O munic\u00edpio de Cabeceira Grande (MG) emancipou-se (desmembrou-se) do munic\u00edpio de Una\u00ed por meio da Lei Estadual n\u00ba 12.030, de 21 de dezembro de 1995, de Minas Gerais.<\/p>\n<p style=\"text-align: justify\">(Fonte: <a href=\"http:\/\/cidades.ibge.gov.br\/painel\/historico.php?lang=&amp;codmun=310945&amp;search=minas-gerais|cabeceira-grande|infograficos:-historico\">http:\/\/cidades.ibge.gov.br\/painel\/historico.php?lang=&amp;codmun=310945&amp;search=minas-gerais|cabeceira-grande|infograficos:-historico<\/a>)<\/p>\n<p style=\"text-align: justify\">Eis o erro interpretativo. Aplicou-se o \u00a7 2\u00ba ao munic\u00edpio de Cabeceira Grande. Ocorre que a emancipa\u00e7\u00e3o foi em 1995, anterior a lei que instituiu a RIDE\/DF que \u00e9 de 1998. O \u00a7 2\u00ba de LC n\u00ba 94\/1998 aplica-se aos desmembramentos que vierem a surgir ap\u00f3s a exist\u00eancia da lei e n\u00e3o aos que ocorreram previamente ao seu surgimento no plano jur\u00eddico federal. E o \u00a7 1\u00ba de lei complementar n\u00e3o relaciona expressamente Cabeceira Grande (MG) no rol dos munic\u00edpios que comp\u00f5e a RIDE\/DF.<\/p>\n<p style=\"text-align: justify\">Tanto est\u00e1 correta a leitura t\u00e9cnica da SUDECO que tramita no Congresso Nacional, o <span style=\"color: #0000ff\"><strong>PROJETO DE LEI DA C\u00c2MARA n\u00ba 102, de 2015 (complementar)<\/strong> <\/span><span style=\"color: #ff0000\"><strong>para incluir Cabeceira Grande (MG)<\/strong><\/span> e outros munic\u00edpios<span style=\"color: #ff0000\"><strong> na RIDE\/DF<\/strong><\/span>. O PL j\u00e1 foi aprovado pela C\u00e2mara dos Deputados e encontra-se pronto para delibera\u00e7\u00e3o do Plen\u00e1rio do Senado Federal.<\/p>\n<p style=\"text-align: justify\">Esta pode ser uma quest\u00e3o da sua prova e somente os candidatos bem informados v\u00e3o acertar.<\/p>\n<p style=\"text-align: justify\">Aproveito para lhe convidar para conhecer os meus <span style=\"color: #0000ff\"><strong>cursos de Realidade do DF <\/strong><\/span>para o<span style=\"color: #0000ff\"><strong> concurso da CLDF<\/strong><\/span>. Acesse a aula demonstrativa nos links a seguir:<\/p>\n<p style=\"text-align: justify\"><span style=\"color: #ff0000\"><strong>T\u00e9cnico Legislativo, Consultor Legislativo e Consultor T\u00e9cnico Legislativo:<\/strong><\/span><\/p>\n<p style=\"text-align: justify\"><a href=\"https:\/\/www.estrategiaconcursos.com.br\/curso\/realidade-do-distrito-federal-p-cldf-tec-legislativo-consultor-legislativo-e-consultor-tec-legis\/\">https:\/\/www.estrategiaconcursos.com.br\/curso\/realidade-do-distrito-federal-p-cldf-tec-legislativo-consultor-legislativo-e-consultor-tec-legis\/<\/a><\/p>\n<p style=\"text-align: justify\"><span style=\"color: #ff0000\"><strong>Inspetor e Agente de Pol\u00edcia:<\/strong><\/span><\/p>\n<p style=\"text-align: justify\"><a href=\"https:\/\/www.estrategiaconcursos.com.br\/curso\/realidade-do-distrito-federal-p-cldf-inspetor-e-agente-de-policia\/\">https:\/\/www.estrategiaconcursos.com.br\/curso\/realidade-do-distrito-federal-p-cldf-inspetor-e-agente-de-policia\/<\/a><\/p>\n<p style=\"text-align: justify\"><span style=\"color: #ff0000\"><strong>Procurador Legislativo:<\/strong><\/span><\/p>\n<p style=\"text-align: justify\"><a href=\"https:\/\/www.estrategiaconcursos.com.br\/curso\/realidade-do-distrito-federal-p-cldf-procurador-legislativo\/\">https:\/\/www.estrategiaconcursos.com.br\/curso\/realidade-do-distrito-federal-p-cldf-procurador-legislativo\/<\/a><\/p>\n<p style=\"text-align: justify\">Bons estudos! Sucesso no concurso!<\/p>\n<p style=\"text-align: justify\">Prof. Leandro Signori<\/p>\n","protected":false},"excerpt":{"rendered":"<p>Ol\u00e1 pessoal, Nos meus cursos de Realidade do Distrito Federal para concursos do Distrito Federal tenho informado que o munic\u00edpio de Cabeceira Grande (MG) n\u00e3o faz parte da Regi\u00e3o Integrada de Desenvolvimento do Distrito Federal e Entorno (RIDE\/DF). Tamb\u00e9m tenho passado essa informa\u00e7\u00e3o nas minhas aulas ao vivo pelo canal do Estrat\u00e9gia Concursos no YouTube. [&hellip;]<\/p>\n","protected":false},"author":306,"featured_media":0,"comment_status":"open","ping_status":"open","sticky":false,"template":"","format":"standard","meta":{"post_tipo":"article","footnotes":""},"categories":[1,2017],"tags":[2902,2903],"tax_estado":[],"class_list":["post-87660","post","type-post","status-publish","format-standard","hentry","category-cursos-e-concursos","category-concursos-legislativos","tag-realidade-do-df","tag-realidade-do-distrito-federal"],"acf":[],"yoast_head":"<!-- This site is optimized with the Yoast SEO Premium plugin v27.2 (Yoast SEO v27.2) - https:\/\/yoast.com\/product\/yoast-seo-premium-wordpress\/ -->\n<title>CLDF - Realidade do DF - Entenda por que CABECEIRA GRANDE (MG) n\u00e3o faz parte da RIDE\/DF<\/title>\n<meta name=\"robots\" content=\"index, follow, max-snippet:-1, max-image-preview:large, max-video-preview:-1\" \/>\n<link rel=\"canonical\" href=\"https:\/\/www.estrategiaconcursos.com.br\/blog\/cldf-realidade-do-df-entenda-por-que-cabeceira-grande-mg-nao-faz-parte-da-ridedf\/\" \/>\n<meta property=\"og:locale\" content=\"pt_BR\" \/>\n<meta property=\"og:type\" content=\"article\" \/>\n<meta property=\"og:title\" content=\"CLDF - Realidade do DF - Entenda por que CABECEIRA GRANDE (MG) n\u00e3o faz parte da RIDE\/DF\" \/>\n<meta property=\"og:description\" content=\"Ol\u00e1 pessoal, Nos meus cursos de Realidade do Distrito Federal para concursos do Distrito Federal tenho informado que o munic\u00edpio de Cabeceira Grande (MG) n\u00e3o faz parte da Regi\u00e3o Integrada de Desenvolvimento do Distrito Federal e Entorno (RIDE\/DF). Tamb\u00e9m tenho passado essa informa\u00e7\u00e3o nas minhas aulas ao vivo pelo canal do Estrat\u00e9gia Concursos no YouTube. [&hellip;]\" \/>\n<meta property=\"og:url\" content=\"https:\/\/www.estrategiaconcursos.com.br\/blog\/cldf-realidade-do-df-entenda-por-que-cabeceira-grande-mg-nao-faz-parte-da-ridedf\/\" \/>\n<meta property=\"og:site_name\" content=\"Estrat\u00e9gia Concursos\" \/>\n<meta property=\"article:author\" content=\"https:\/\/www.facebook.com\/leandrosignoriatualidades\/\" \/>\n<meta property=\"article:published_time\" content=\"2017-08-31T23:02:11+00:00\" \/>\n<meta property=\"article:modified_time\" content=\"2017-08-31T23:03:36+00:00\" \/>\n<meta name=\"author\" content=\"Leandro Signori\" \/>\n<meta name=\"twitter:card\" content=\"summary_large_image\" \/>\n<meta name=\"twitter:creator\" content=\"@EstratConcursos\" \/>\n<meta name=\"twitter:site\" content=\"@EstratConcursos\" \/>\n<meta name=\"twitter:label1\" content=\"Escrito por\" \/>\n\t<meta name=\"twitter:data1\" content=\"Leandro Signori\" \/>\n\t<meta name=\"twitter:label2\" content=\"Est. tempo de leitura\" \/>\n\t<meta name=\"twitter:data2\" content=\"4 minutos\" \/>\n<script type=\"application\/ld+json\" class=\"yoast-schema-graph\">{\"@context\":\"https:\/\/schema.org\",\"@graph\":[{\"@type\":\"NewsArticle\",\"@id\":\"https:\/\/www.estrategiaconcursos.com.br\/blog\/cldf-realidade-do-df-entenda-por-que-cabeceira-grande-mg-nao-faz-parte-da-ridedf\/#article\",\"isPartOf\":{\"@id\":\"https:\/\/www.estrategiaconcursos.com.br\/blog\/cldf-realidade-do-df-entenda-por-que-cabeceira-grande-mg-nao-faz-parte-da-ridedf\/\"},\"author\":{\"name\":\"Leandro Signori\",\"@id\":\"https:\/\/www.estrategiaconcursos.com.br\/blog\/#\/schema\/person\/d2e7d78de4b9d6ba51cc24fd558a7f42\"},\"headline\":\"CLDF &#8211; Realidade do DF &#8211; Entenda por que CABECEIRA GRANDE (MG) n\u00e3o faz parte da RIDE\/DF\",\"datePublished\":\"2017-08-31T23:02:11+00:00\",\"dateModified\":\"2017-08-31T23:03:36+00:00\",\"mainEntityOfPage\":{\"@id\":\"https:\/\/www.estrategiaconcursos.com.br\/blog\/cldf-realidade-do-df-entenda-por-que-cabeceira-grande-mg-nao-faz-parte-da-ridedf\/\"},\"wordCount\":834,\"commentCount\":14,\"publisher\":{\"@id\":\"https:\/\/www.estrategiaconcursos.com.br\/blog\/#organization\"},\"keywords\":[\"Realidade do DF\",\"Realidade do Distrito Federal\"],\"articleSection\":[\"Concursos P\u00fablicos\",\"Legislativo\"],\"inLanguage\":\"pt-BR\",\"potentialAction\":[{\"@type\":\"CommentAction\",\"name\":\"Comment\",\"target\":[\"https:\/\/www.estrategiaconcursos.com.br\/blog\/cldf-realidade-do-df-entenda-por-que-cabeceira-grande-mg-nao-faz-parte-da-ridedf\/#respond\"]}],\"copyrightYear\":\"2017\",\"copyrightHolder\":{\"@id\":\"https:\/\/www.estrategiaconcursos.com.br\/blog\/#organization\"}},{\"@type\":\"WebPage\",\"@id\":\"https:\/\/www.estrategiaconcursos.com.br\/blog\/cldf-realidade-do-df-entenda-por-que-cabeceira-grande-mg-nao-faz-parte-da-ridedf\/\",\"url\":\"https:\/\/www.estrategiaconcursos.com.br\/blog\/cldf-realidade-do-df-entenda-por-que-cabeceira-grande-mg-nao-faz-parte-da-ridedf\/\",\"name\":\"CLDF - Realidade do DF - Entenda por que CABECEIRA GRANDE (MG) n\u00e3o faz parte da RIDE\/DF\",\"isPartOf\":{\"@id\":\"https:\/\/www.estrategiaconcursos.com.br\/blog\/#website\"},\"datePublished\":\"2017-08-31T23:02:11+00:00\",\"dateModified\":\"2017-08-31T23:03:36+00:00\",\"breadcrumb\":{\"@id\":\"https:\/\/www.estrategiaconcursos.com.br\/blog\/cldf-realidade-do-df-entenda-por-que-cabeceira-grande-mg-nao-faz-parte-da-ridedf\/#breadcrumb\"},\"inLanguage\":\"pt-BR\",\"potentialAction\":[{\"@type\":\"ReadAction\",\"target\":[\"https:\/\/www.estrategiaconcursos.com.br\/blog\/cldf-realidade-do-df-entenda-por-que-cabeceira-grande-mg-nao-faz-parte-da-ridedf\/\"]}]},{\"@type\":\"BreadcrumbList\",\"@id\":\"https:\/\/www.estrategiaconcursos.com.br\/blog\/cldf-realidade-do-df-entenda-por-que-cabeceira-grande-mg-nao-faz-parte-da-ridedf\/#breadcrumb\",\"itemListElement\":[{\"@type\":\"ListItem\",\"position\":1,\"name\":\"In\u00edcio\",\"item\":\"https:\/\/www.estrategiaconcursos.com.br\/blog\/\"},{\"@type\":\"ListItem\",\"position\":2,\"name\":\"CLDF &#8211; Realidade do DF &#8211; Entenda por que CABECEIRA GRANDE (MG) n\u00e3o faz parte da RIDE\/DF\"}]},{\"@type\":\"WebSite\",\"@id\":\"https:\/\/www.estrategiaconcursos.com.br\/blog\/#website\",\"url\":\"https:\/\/www.estrategiaconcursos.com.br\/blog\/\",\"name\":\"Estrat\u00e9gia Concursos\",\"description\":\"O blog da Estrat\u00e9gia Concursos traz not\u00edcias sobre concursos e artigos de professores oferecendo cursos para concursos (pdf + videaulas) no site.\",\"publisher\":{\"@id\":\"https:\/\/www.estrategiaconcursos.com.br\/blog\/#organization\"},\"potentialAction\":[{\"@type\":\"SearchAction\",\"target\":{\"@type\":\"EntryPoint\",\"urlTemplate\":\"https:\/\/www.estrategiaconcursos.com.br\/blog\/?s={search_term_string}\"},\"query-input\":{\"@type\":\"PropertyValueSpecification\",\"valueRequired\":true,\"valueName\":\"search_term_string\"}}],\"inLanguage\":\"pt-BR\"},{\"@type\":\"Organization\",\"@id\":\"https:\/\/www.estrategiaconcursos.com.br\/blog\/#organization\",\"name\":\"Estrat\u00e9gia Concursos\",\"url\":\"https:\/\/www.estrategiaconcursos.com.br\/blog\/\",\"logo\":{\"@type\":\"ImageObject\",\"inLanguage\":\"pt-BR\",\"@id\":\"https:\/\/www.estrategiaconcursos.com.br\/blog\/#\/schema\/logo\/image\/\",\"url\":\"https:\/\/dhg1h5j42swfq.cloudfront.net\/2025\/06\/03203428\/logo_concursos-1.jpg\",\"contentUrl\":\"https:\/\/dhg1h5j42swfq.cloudfront.net\/2025\/06\/03203428\/logo_concursos-1.jpg\",\"width\":230,\"height\":60,\"caption\":\"Estrat\u00e9gia Concursos\"},\"image\":{\"@id\":\"https:\/\/www.estrategiaconcursos.com.br\/blog\/#\/schema\/logo\/image\/\"},\"sameAs\":[\"https:\/\/x.com\/EstratConcursos\"]},{\"@type\":\"Person\",\"@id\":\"https:\/\/www.estrategiaconcursos.com.br\/blog\/#\/schema\/person\/d2e7d78de4b9d6ba51cc24fd558a7f42\",\"name\":\"Leandro Signori\",\"image\":{\"@type\":\"ImageObject\",\"inLanguage\":\"pt-BR\",\"@id\":\"https:\/\/secure.gravatar.com\/avatar\/aa2ef98e93764dcf1758f52d2792d4b3e4089ee25bc520608dde62ad802ae541?s=96&d=mm&r=g\",\"url\":\"https:\/\/secure.gravatar.com\/avatar\/aa2ef98e93764dcf1758f52d2792d4b3e4089ee25bc520608dde62ad802ae541?s=96&d=mm&r=g\",\"contentUrl\":\"https:\/\/secure.gravatar.com\/avatar\/aa2ef98e93764dcf1758f52d2792d4b3e4089ee25bc520608dde62ad802ae541?s=96&d=mm&r=g\",\"caption\":\"Leandro Signori\"},\"description\":\"Licenciado em Geografia pela Universidade Federal do Rio Grande do Sul (UFRGS) e Bacharel em Geografia pela Uniceub (Bras\u00edlia). Como servidor p\u00fablico, foi funcion\u00e1rio da Prefeitura de S\u00e3o Leopoldo (RS), Prefeitura de Porto Alegre (RS), Companhia Riograndense de Saneamento (Corsan) e Minist\u00e9rio da Integra\u00e7\u00e3o Nacional. \u00c9 professor de Geografia para o ensino m\u00e9dio na rede particular de ensino. Leciona as disciplinas de Atualidades, Conhecimentos Gerais, Geografia, Realidade Brasileira e Hist\u00f3ria, em cursos on line e presenciais preparat\u00f3rios para concursos p\u00fablicos.\",\"sameAs\":[\"https:\/\/www.facebook.com\/leandrosignoriatualidades\/\"],\"url\":\"https:\/\/www.estrategiaconcursos.com.br\/blog\/author\/leandroestrategiaconcursos-com-br\/\"}]}<\/script>\n<!-- \/ Yoast SEO Premium plugin. -->","yoast_head_json":{"title":"CLDF - Realidade do DF - Entenda por que CABECEIRA GRANDE (MG) n\u00e3o faz parte da RIDE\/DF","robots":{"index":"index","follow":"follow","max-snippet":"max-snippet:-1","max-image-preview":"max-image-preview:large","max-video-preview":"max-video-preview:-1"},"canonical":"https:\/\/www.estrategiaconcursos.com.br\/blog\/cldf-realidade-do-df-entenda-por-que-cabeceira-grande-mg-nao-faz-parte-da-ridedf\/","og_locale":"pt_BR","og_type":"article","og_title":"CLDF - Realidade do DF - Entenda por que CABECEIRA GRANDE (MG) n\u00e3o faz parte da RIDE\/DF","og_description":"Ol\u00e1 pessoal, Nos meus cursos de Realidade do Distrito Federal para concursos do Distrito Federal tenho informado que o munic\u00edpio de Cabeceira Grande (MG) n\u00e3o faz parte da Regi\u00e3o Integrada de Desenvolvimento do Distrito Federal e Entorno (RIDE\/DF). Tamb\u00e9m tenho passado essa informa\u00e7\u00e3o nas minhas aulas ao vivo pelo canal do Estrat\u00e9gia Concursos no YouTube. [&hellip;]","og_url":"https:\/\/www.estrategiaconcursos.com.br\/blog\/cldf-realidade-do-df-entenda-por-que-cabeceira-grande-mg-nao-faz-parte-da-ridedf\/","og_site_name":"Estrat\u00e9gia Concursos","article_author":"https:\/\/www.facebook.com\/leandrosignoriatualidades\/","article_published_time":"2017-08-31T23:02:11+00:00","article_modified_time":"2017-08-31T23:03:36+00:00","author":"Leandro Signori","twitter_card":"summary_large_image","twitter_creator":"@EstratConcursos","twitter_site":"@EstratConcursos","twitter_misc":{"Escrito por":"Leandro Signori","Est. tempo de leitura":"4 minutos"},"schema":{"@context":"https:\/\/schema.org","@graph":[{"@type":"NewsArticle","@id":"https:\/\/www.estrategiaconcursos.com.br\/blog\/cldf-realidade-do-df-entenda-por-que-cabeceira-grande-mg-nao-faz-parte-da-ridedf\/#article","isPartOf":{"@id":"https:\/\/www.estrategiaconcursos.com.br\/blog\/cldf-realidade-do-df-entenda-por-que-cabeceira-grande-mg-nao-faz-parte-da-ridedf\/"},"author":{"name":"Leandro Signori","@id":"https:\/\/www.estrategiaconcursos.com.br\/blog\/#\/schema\/person\/d2e7d78de4b9d6ba51cc24fd558a7f42"},"headline":"CLDF &#8211; Realidade do DF &#8211; Entenda por que CABECEIRA GRANDE (MG) n\u00e3o faz parte da RIDE\/DF","datePublished":"2017-08-31T23:02:11+00:00","dateModified":"2017-08-31T23:03:36+00:00","mainEntityOfPage":{"@id":"https:\/\/www.estrategiaconcursos.com.br\/blog\/cldf-realidade-do-df-entenda-por-que-cabeceira-grande-mg-nao-faz-parte-da-ridedf\/"},"wordCount":834,"commentCount":14,"publisher":{"@id":"https:\/\/www.estrategiaconcursos.com.br\/blog\/#organization"},"keywords":["Realidade do DF","Realidade do Distrito Federal"],"articleSection":["Concursos P\u00fablicos","Legislativo"],"inLanguage":"pt-BR","potentialAction":[{"@type":"CommentAction","name":"Comment","target":["https:\/\/www.estrategiaconcursos.com.br\/blog\/cldf-realidade-do-df-entenda-por-que-cabeceira-grande-mg-nao-faz-parte-da-ridedf\/#respond"]}],"copyrightYear":"2017","copyrightHolder":{"@id":"https:\/\/www.estrategiaconcursos.com.br\/blog\/#organization"}},{"@type":"WebPage","@id":"https:\/\/www.estrategiaconcursos.com.br\/blog\/cldf-realidade-do-df-entenda-por-que-cabeceira-grande-mg-nao-faz-parte-da-ridedf\/","url":"https:\/\/www.estrategiaconcursos.com.br\/blog\/cldf-realidade-do-df-entenda-por-que-cabeceira-grande-mg-nao-faz-parte-da-ridedf\/","name":"CLDF - Realidade do DF - Entenda por que CABECEIRA GRANDE (MG) n\u00e3o faz parte da RIDE\/DF","isPartOf":{"@id":"https:\/\/www.estrategiaconcursos.com.br\/blog\/#website"},"datePublished":"2017-08-31T23:02:11+00:00","dateModified":"2017-08-31T23:03:36+00:00","breadcrumb":{"@id":"https:\/\/www.estrategiaconcursos.com.br\/blog\/cldf-realidade-do-df-entenda-por-que-cabeceira-grande-mg-nao-faz-parte-da-ridedf\/#breadcrumb"},"inLanguage":"pt-BR","potentialAction":[{"@type":"ReadAction","target":["https:\/\/www.estrategiaconcursos.com.br\/blog\/cldf-realidade-do-df-entenda-por-que-cabeceira-grande-mg-nao-faz-parte-da-ridedf\/"]}]},{"@type":"BreadcrumbList","@id":"https:\/\/www.estrategiaconcursos.com.br\/blog\/cldf-realidade-do-df-entenda-por-que-cabeceira-grande-mg-nao-faz-parte-da-ridedf\/#breadcrumb","itemListElement":[{"@type":"ListItem","position":1,"name":"In\u00edcio","item":"https:\/\/www.estrategiaconcursos.com.br\/blog\/"},{"@type":"ListItem","position":2,"name":"CLDF &#8211; Realidade do DF &#8211; Entenda por que CABECEIRA GRANDE (MG) n\u00e3o faz parte da RIDE\/DF"}]},{"@type":"WebSite","@id":"https:\/\/www.estrategiaconcursos.com.br\/blog\/#website","url":"https:\/\/www.estrategiaconcursos.com.br\/blog\/","name":"Estrat\u00e9gia Concursos","description":"O blog da Estrat\u00e9gia Concursos traz not\u00edcias sobre concursos e artigos de professores oferecendo cursos para concursos (pdf + videaulas) no site.","publisher":{"@id":"https:\/\/www.estrategiaconcursos.com.br\/blog\/#organization"},"potentialAction":[{"@type":"SearchAction","target":{"@type":"EntryPoint","urlTemplate":"https:\/\/www.estrategiaconcursos.com.br\/blog\/?s={search_term_string}"},"query-input":{"@type":"PropertyValueSpecification","valueRequired":true,"valueName":"search_term_string"}}],"inLanguage":"pt-BR"},{"@type":"Organization","@id":"https:\/\/www.estrategiaconcursos.com.br\/blog\/#organization","name":"Estrat\u00e9gia Concursos","url":"https:\/\/www.estrategiaconcursos.com.br\/blog\/","logo":{"@type":"ImageObject","inLanguage":"pt-BR","@id":"https:\/\/www.estrategiaconcursos.com.br\/blog\/#\/schema\/logo\/image\/","url":"https:\/\/dhg1h5j42swfq.cloudfront.net\/2025\/06\/03203428\/logo_concursos-1.jpg","contentUrl":"https:\/\/dhg1h5j42swfq.cloudfront.net\/2025\/06\/03203428\/logo_concursos-1.jpg","width":230,"height":60,"caption":"Estrat\u00e9gia Concursos"},"image":{"@id":"https:\/\/www.estrategiaconcursos.com.br\/blog\/#\/schema\/logo\/image\/"},"sameAs":["https:\/\/x.com\/EstratConcursos"]},{"@type":"Person","@id":"https:\/\/www.estrategiaconcursos.com.br\/blog\/#\/schema\/person\/d2e7d78de4b9d6ba51cc24fd558a7f42","name":"Leandro Signori","image":{"@type":"ImageObject","inLanguage":"pt-BR","@id":"https:\/\/secure.gravatar.com\/avatar\/aa2ef98e93764dcf1758f52d2792d4b3e4089ee25bc520608dde62ad802ae541?s=96&d=mm&r=g","url":"https:\/\/secure.gravatar.com\/avatar\/aa2ef98e93764dcf1758f52d2792d4b3e4089ee25bc520608dde62ad802ae541?s=96&d=mm&r=g","contentUrl":"https:\/\/secure.gravatar.com\/avatar\/aa2ef98e93764dcf1758f52d2792d4b3e4089ee25bc520608dde62ad802ae541?s=96&d=mm&r=g","caption":"Leandro Signori"},"description":"Licenciado em Geografia pela Universidade Federal do Rio Grande do Sul (UFRGS) e Bacharel em Geografia pela Uniceub (Bras\u00edlia). Como servidor p\u00fablico, foi funcion\u00e1rio da Prefeitura de S\u00e3o Leopoldo (RS), Prefeitura de Porto Alegre (RS), Companhia Riograndense de Saneamento (Corsan) e Minist\u00e9rio da Integra\u00e7\u00e3o Nacional. \u00c9 professor de Geografia para o ensino m\u00e9dio na rede particular de ensino. Leciona as disciplinas de Atualidades, Conhecimentos Gerais, Geografia, Realidade Brasileira e Hist\u00f3ria, em cursos on line e presenciais preparat\u00f3rios para concursos p\u00fablicos.","sameAs":["https:\/\/www.facebook.com\/leandrosignoriatualidades\/"],"url":"https:\/\/www.estrategiaconcursos.com.br\/blog\/author\/leandroestrategiaconcursos-com-br\/"}]}},"_links":{"self":[{"href":"https:\/\/www.estrategiaconcursos.com.br\/blog\/wp-json\/wp\/v2\/posts\/87660","targetHints":{"allow":["GET"]}}],"collection":[{"href":"https:\/\/www.estrategiaconcursos.com.br\/blog\/wp-json\/wp\/v2\/posts"}],"about":[{"href":"https:\/\/www.estrategiaconcursos.com.br\/blog\/wp-json\/wp\/v2\/types\/post"}],"author":[{"embeddable":true,"href":"https:\/\/www.estrategiaconcursos.com.br\/blog\/wp-json\/wp\/v2\/users\/306"}],"replies":[{"embeddable":true,"href":"https:\/\/www.estrategiaconcursos.com.br\/blog\/wp-json\/wp\/v2\/comments?post=87660"}],"version-history":[{"count":5,"href":"https:\/\/www.estrategiaconcursos.com.br\/blog\/wp-json\/wp\/v2\/posts\/87660\/revisions"}],"predecessor-version":[{"id":87667,"href":"https:\/\/www.estrategiaconcursos.com.br\/blog\/wp-json\/wp\/v2\/posts\/87660\/revisions\/87667"}],"wp:attachment":[{"href":"https:\/\/www.estrategiaconcursos.com.br\/blog\/wp-json\/wp\/v2\/media?parent=87660"}],"wp:term":[{"taxonomy":"category","embeddable":true,"href":"https:\/\/www.estrategiaconcursos.com.br\/blog\/wp-json\/wp\/v2\/categories?post=87660"},{"taxonomy":"post_tag","embeddable":true,"href":"https:\/\/www.estrategiaconcursos.com.br\/blog\/wp-json\/wp\/v2\/tags?post=87660"},{"taxonomy":"tax_estado","embeddable":true,"href":"https:\/\/www.estrategiaconcursos.com.br\/blog\/wp-json\/wp\/v2\/tax_estado?post=87660"}],"curies":[{"name":"wp","href":"https:\/\/api.w.org\/{rel}","templated":true}]}}