{"id":875611,"date":"2021-10-02T06:58:00","date_gmt":"2021-10-02T09:58:00","guid":{"rendered":"https:\/\/www.estrategiaconcursos.com.br\/blog\/?p=875611"},"modified":"2021-10-02T10:49:13","modified_gmt":"2021-10-02T13:49:13","slug":"aquecimento-tj-rj-tecnico-de-atividade-judiciaria","status":"publish","type":"post","link":"https:\/\/www.estrategiaconcursos.com.br\/blog\/aquecimento-tj-rj-tecnico-de-atividade-judiciaria\/","title":{"rendered":"Aquecimento TJ RJ: T\u00e9cnico de Atividade Judici\u00e1ria &#8211; P\u00f3s-Edital: Confira!"},"content":{"rendered":"\n<p>Ao longo deste s\u00e1bado,<strong> 2 de outubro de 2021<\/strong>, a partir das <strong>08:00<\/strong>, a equipe de professores do Estrat\u00e9gia Concursos apresentar\u00e1 o evento <em>&#8220;Aquecimento TJ RJ: T\u00e9cnico de Atividade Judici\u00e1ria &#8211; P\u00f3s-Edital&#8221;<\/em>, exclusivamente para voc\u00ea que est\u00e1 prestes a prestar a prova do certame. Acompanhe ao vivo e gratuitamente pelo canal do Estrat\u00e9gia Concursos no YouTube.<\/p>\n\n\n\n<h2 class=\"wp-block-heading\" id=\"h-aquecimento-tj-rj-t-cnico-de-atividade-judici-ria-p-s-edital\">Aquecimento TJ RJ: T\u00e9cnico de Atividade Judici\u00e1ria &#8211; P\u00f3s-Edital<\/h2>\n\n\n\n<h3 class=\"wp-block-heading\" id=\"h-cronograma\">Cronograma<\/h3>\n\n\n\n<p class=\"has-very-light-gray-background-color has-background\"><strong>Data: <\/strong>02 de outubro de 2021<strong><br \/>Hor\u00e1rio: <\/strong>das 08:00 \u00e0s 18:00<strong><br \/>Onde: <\/strong><a href=\"https:\/\/www.youtube.com\/channel\/UChvwkhC3eHxJsVxW_ItDjdA\" target=\"_blank\" rel=\"noreferrer noopener\">Canal do Estrat\u00e9gia Concursos no Youtube<\/a><\/p>\n\n\n\n<h3 class=\"wp-block-heading\" id=\"h-programa-o\">Programa\u00e7\u00e3o<\/h3>\n\n\n\n<figure class=\"wp-block-table is-style-stripes\"><table class=\"has-fixed-layout\"><tbody><tr><td class=\"has-text-align-center\" data-align=\"center\"><strong>Hor\u00e1rio<\/strong><\/td><td class=\"has-text-align-center\" data-align=\"center\"><strong>Disciplina<\/strong><\/td><td class=\"has-text-align-center\" data-align=\"center\"><strong>Respons\u00e1vel<\/strong><\/td><\/tr><tr><td class=\"has-text-align-center\" data-align=\"center\">08:00 \u2013 09:30<\/td><td class=\"has-text-align-center\" data-align=\"center\">Portugu\u00eas<\/td><td class=\"has-text-align-center\" data-align=\"center\">Adriana Figueiredo<\/td><\/tr><tr><td class=\"has-text-align-center\" data-align=\"center\">09:30 \u2013 11:00<\/td><td class=\"has-text-align-center\" data-align=\"center\">Direito Administrativo e \u00c9tica no Servi\u00e7o P\u00fablico<\/td><td class=\"has-text-align-center\" data-align=\"center\">Th\u00e1llius Moraes<\/td><\/tr><tr><td class=\"has-text-align-center\" data-align=\"center\">11:00 \u2013 12:00<\/td><td class=\"has-text-align-center\" data-align=\"center\">Direito Constitucional<\/td><td class=\"has-text-align-center\" data-align=\"center\">Nelma Fontana<\/td><\/tr><tr><td class=\"has-text-align-center\" data-align=\"center\">13:00 \u2013 14:00<\/td><td class=\"has-text-align-center\" data-align=\"center\">Direito Processual Civil<\/td><td class=\"has-text-align-center\" data-align=\"center\">Ricardo Torques<\/td><\/tr><tr><td class=\"has-text-align-center\" data-align=\"center\">14:00 \u2013 15:00<\/td><td class=\"has-text-align-center\" data-align=\"center\">Legisla\u00e7\u00e3o<\/td><td class=\"has-text-align-center\" data-align=\"center\">Tiago Zanolla<\/td><\/tr><tr><td class=\"has-text-align-center\" data-align=\"center\">15:00 \u00e0s 16:00<\/td><td class=\"has-text-align-center\" data-align=\"center\">Direito Processual Penal<\/td><td class=\"has-text-align-center\" data-align=\"center\">Renan Araujo<\/td><\/tr><tr><td class=\"has-text-align-center\" data-align=\"center\">16:00 \u2013 17:00<\/td><td class=\"has-text-align-center\" data-align=\"center\">Legisla\u00e7\u00e3o Especial<\/td><td class=\"has-text-align-center\" data-align=\"center\">Emerson Bruno<\/td><\/tr><tr><td class=\"has-text-align-center\" data-align=\"center\">17:00 \u2013 18:00<\/td><td class=\"has-text-align-center\" data-align=\"center\">Direito das Pessoas com Defici\u00eancia<\/td><td class=\"has-text-align-center\" data-align=\"center\">Lilian Novakoski<\/td><\/tr><\/tbody><\/table><\/figure>\n\n\n\n<h3 class=\"wp-block-heading\" id=\"h-curiosidades\">Curiosidades <\/h3>\n\n\n\n<p>Foi republicado o edital do concurso Tribunal de Justi\u00e7a do Rio de Janeiro (TJ RJ), com<strong> oferta 10 vagas para T\u00e9cnico Judici\u00e1rio de n\u00edvel m\u00e9dio, com remunera\u00e7\u00e3o de R$ 3.870,06<\/strong> e 122 vagas para Analista Judici\u00e1rio de n\u00edvel&nbsp;superior.  <\/p>\n\n\n\n<p>O cargo de  T\u00e9cnico de Atividade Judici\u00e1ria \u2013 Sem especialidade  exige apenas n\u00edvel m\u00e9dio de escolaridade. As <strong>inscri\u00e7\u00f5es<\/strong> ser\u00e3o reabertas<strong> no per\u00edodo de 4 a 13\/10\/2021<\/strong>, e as <strong>taxas<\/strong> de inscri\u00e7\u00e3o foram reajustadas para <strong>R$ 80,00<\/strong>.<strong> As inscri\u00e7\u00f5es efetuadas em 2020 seguem v\u00e1lidas.<\/strong><\/p>\n\n\n\n<p>O certame ser\u00e1 composto de <strong>provas objetiva e discursiva, que ser\u00e3o aplicadas no dia 05 de dezembro de 2021.<\/strong> <\/p>\n\n\n\n<p class=\"has-text-align-center has-light-green-cyan-background-color has-background has-medium-font-size\">Mais informa\u00e7\u00f5es: <a href=\"https:\/\/www.estrategiaconcursos.com.br\/blog\/concurso-tj-rj\" target=\"_blank\" rel=\"noreferrer noopener\">Concurso TJ RJ<\/a><\/p>\n\n\n\n<h2 class=\"has-text-align-center wp-block-heading\" id=\"cursos\">Cursos e Assinaturas <\/h2>\n\n\n\n<div class=\"container\" id=\"boxes\">\n  <div class=\"row\">\n\n    <div class=\"col-sm\">\n      <div class=\"banner-tribunal\" id=\"box-assinatura\">\n        <h3 class=\"titulo-assinatura\">Curso TJ RJ<\/h3>\n        <p class=\"subtitulo-assinatura\">Conhe\u00e7a os cursos<\/p>\n        <div class=\"box-botao\">\n          <a class=\"btn-assinatura\" target=\"_blank\" href=\"https:\/\/www.estrategiaconcursos.com.br\/cursosPorConcurso\/tj-rj\/\" role=\"button\" rel=\"noopener noreferrer\">Conhe\u00e7a mais<\/a>\n        <\/div>\n      <\/div>\n      <p class=\"texto-auxiliar\">Prepare-se com o melhor material e com quem mais aprova em Concursos P\u00fablicos em todo o pa\u00eds.<\/p>\n    <\/div>\n\n  <\/div>\n<\/div>\n\n\n\n<div class=\"container\" id=\"boxes\">\n  <div class=\"row\">\n\n    <div class=\"col-sm\">\n      <div class=\"estrategia\" id=\"box-assinatura\">\n        <h3 class=\"titulo-assinatura\">Assinaturas<\/h3>\n        <p class=\"subtitulo-assinatura\">Assinatura de 1 ano ou 2 anos<\/p>\n        <div class=\"box-botao\">\n          <a class=\"btn-assinatura\" target=\"_blank\" href=\"https:\/\/www.estrategiaconcursos.com.br\/assinaturas\/\" role=\"button\" rel=\"noopener noreferrer\">ASSINE AGORA<\/a>\n        <\/div>\n      <\/div>\n     \n    <\/div><\/div><\/div>\n\n\n\n<div class=\"container\" id=\"boxes\">\n  <div class=\"row\">\n\n    <div class=\"col-sm\" id=\"boxes-concursos\">\n      <div style=\"background-color: #005DAD;\" class=\"conteudo-concursos\" id=\"box-concursos\">\n        <h3 class=\"titulo-assinatura\">Concursos Abertos<\/h3>\n        <p class=\"subtitulo-assinatura\">Os editais publicados<\/p>\n        <div class=\"box-botao\">\n          <a class=\"btn-assinatura\" target=\"_blank\" href=\"https:\/\/www.estrategiaconcursos.com.br\/blog\/concursos-abertos\/\" role=\"button\" rel=\"noopener noreferrer\">Conhe\u00e7a Agora<\/a>\n        <\/div>\n      <\/div>\n    <\/div>\n\n    <div class=\"col-sm\" id=\"boxes-concursos\">\n      <div style=\"background-color: #1A7ED5;\" class=\"conteudo-concursos\" id=\"box-concursos\">\n        <h3 class=\"titulo-assinatura\">Concursos 2021<\/h3>\n        <p class=\"subtitulo-assinatura\">As oportunidades previstas<\/p>\n        <div class=\"box-botao\">\n          <a class=\"btn-assinatura\" target=\"_blank\" href=\"https:\/\/www.estrategiaconcursos.com.br\/blog\/concursos-2021\/\" role=\"button\" rel=\"noopener noreferrer\">Conhe\u00e7a Agora<\/a>\n        <\/div>\n      <\/div>\n    <\/div>\n\n    <div class=\"col-sm\" id=\"boxes-concursos\">\n      <div style=\"background-color: #419FF0;\" class=\"conteudo-concursos\" id=\"box-concursos\">\n        <h3 class=\"titulo-assinatura\">Concursos 2022<\/h3>\n        <p class=\"subtitulo-assinatura\">Vagas para o pr\u00f3ximo ano<\/p>\n        <div class=\"box-botao\">\n          <a class=\"btn-assinatura\" target=\"_blank\" href=\"https:\/\/www.estrategiaconcursos.com.br\/blog\/concursos-2022\/\" role=\"button\" rel=\"noopener noreferrer\">Conhe\u00e7a Agora<\/a>\n        <\/div>\n      <\/div>\n    <\/div>\n\n  <\/div>\n<\/div>\n","protected":false},"excerpt":{"rendered":"<p>Ao longo deste s\u00e1bado, 2 de outubro de 2021, a partir das 08:00, a equipe de professores do Estrat\u00e9gia Concursos apresentar\u00e1 o evento &#8220;Aquecimento TJ RJ: T\u00e9cnico de Atividade Judici\u00e1ria &#8211; P\u00f3s-Edital&#8221;, exclusivamente para voc\u00ea que est\u00e1 prestes a prestar a prova do certame. Acompanhe ao vivo e gratuitamente pelo canal do Estrat\u00e9gia Concursos no [&hellip;]<\/p>\n","protected":false},"author":741,"featured_media":875624,"comment_status":"open","ping_status":"closed","sticky":false,"template":"","format":"standard","meta":{"post_tipo":"news","footnotes":""},"categories":[1984],"tags":[],"tax_estado":[219982],"class_list":["post-875611","post","type-post","status-publish","format-standard","has-post-thumbnail","hentry","category-tribunais","tax_estado-rj"],"acf":[],"yoast_head":"<!-- This site is optimized with the Yoast SEO Premium plugin v27.2 (Yoast SEO v27.2) - https:\/\/yoast.com\/product\/yoast-seo-premium-wordpress\/ -->\n<title>Aquecimento TJ RJ: T\u00e9cnico de Atividade Judici\u00e1ria - P\u00f3s-Edital: Confira!<\/title>\n<meta name=\"description\" content=\"Confira ao longo de todo este s\u00e1bado o Aquecimento TJ RJ: T\u00e9cnico de Atividade Judici\u00e1ria - P\u00f3s-Edital e arrase na prova do concurso!\" \/>\n<meta name=\"robots\" content=\"index, follow, max-snippet:-1, max-image-preview:large, max-video-preview:-1\" \/>\n<link rel=\"canonical\" href=\"https:\/\/www.estrategiaconcursos.com.br\/blog\/aquecimento-tj-rj-tecnico-de-atividade-judiciaria\/\" \/>\n<meta property=\"og:locale\" content=\"pt_BR\" \/>\n<meta property=\"og:type\" content=\"article\" \/>\n<meta property=\"og:title\" content=\"Aquecimento TJ RJ: T\u00e9cnico de Atividade Judici\u00e1ria - P\u00f3s-Edital: Confira!\" \/>\n<meta property=\"og:description\" content=\"Confira ao longo de todo este s\u00e1bado o Aquecimento TJ RJ: T\u00e9cnico de Atividade Judici\u00e1ria - P\u00f3s-Edital e arrase na prova do concurso!\" \/>\n<meta property=\"og:url\" content=\"https:\/\/www.estrategiaconcursos.com.br\/blog\/aquecimento-tj-rj-tecnico-de-atividade-judiciaria\/\" \/>\n<meta property=\"og:site_name\" content=\"Estrat\u00e9gia Concursos\" \/>\n<meta property=\"article:published_time\" content=\"2021-10-02T09:58:00+00:00\" \/>\n<meta property=\"article:modified_time\" content=\"2021-10-02T13:49:13+00:00\" \/>\n<meta property=\"og:image\" content=\"https:\/\/dhg1h5j42swfq.cloudfront.net\/2021\/10\/01175904\/1280-720-max-1.jpg\" \/>\n\t<meta property=\"og:image:width\" content=\"1280\" \/>\n\t<meta property=\"og:image:height\" content=\"720\" \/>\n\t<meta property=\"og:image:type\" content=\"image\/jpeg\" \/>\n<meta name=\"author\" content=\"Brunno Lima\" \/>\n<meta name=\"twitter:card\" content=\"summary_large_image\" \/>\n<meta name=\"twitter:creator\" content=\"@EstratConcursos\" \/>\n<meta name=\"twitter:site\" content=\"@EstratConcursos\" \/>\n<meta name=\"twitter:label1\" content=\"Escrito por\" \/>\n\t<meta name=\"twitter:data1\" content=\"Brunno Lima\" \/>\n\t<meta name=\"twitter:label2\" content=\"Est. tempo de leitura\" \/>\n\t<meta name=\"twitter:data2\" content=\"2 minutos\" \/>\n<script type=\"application\/ld+json\" class=\"yoast-schema-graph\">{\"@context\":\"https:\/\/schema.org\",\"@graph\":[{\"@type\":\"NewsArticle\",\"@id\":\"https:\/\/www.estrategiaconcursos.com.br\/blog\/aquecimento-tj-rj-tecnico-de-atividade-judiciaria\/#article\",\"isPartOf\":{\"@id\":\"https:\/\/www.estrategiaconcursos.com.br\/blog\/aquecimento-tj-rj-tecnico-de-atividade-judiciaria\/\"},\"author\":{\"name\":\"Brunno Lima\",\"@id\":\"https:\/\/www.estrategiaconcursos.com.br\/blog\/#\/schema\/person\/2865ec132c3404c9912015dd7a24eb1e\"},\"headline\":\"Aquecimento TJ RJ: T\u00e9cnico de Atividade Judici\u00e1ria &#8211; P\u00f3s-Edital: Confira!\",\"datePublished\":\"2021-10-02T09:58:00+00:00\",\"dateModified\":\"2021-10-02T13:49:13+00:00\",\"mainEntityOfPage\":{\"@id\":\"https:\/\/www.estrategiaconcursos.com.br\/blog\/aquecimento-tj-rj-tecnico-de-atividade-judiciaria\/\"},\"wordCount\":339,\"commentCount\":0,\"publisher\":{\"@id\":\"https:\/\/www.estrategiaconcursos.com.br\/blog\/#organization\"},\"image\":{\"@id\":\"https:\/\/www.estrategiaconcursos.com.br\/blog\/aquecimento-tj-rj-tecnico-de-atividade-judiciaria\/#primaryimage\"},\"thumbnailUrl\":\"https:\/\/dhg1h5j42swfq.cloudfront.net\/2021\/10\/01175904\/1280-720-max-1.jpg\",\"articleSection\":[\"Tribunais\"],\"inLanguage\":\"pt-BR\",\"potentialAction\":[{\"@type\":\"CommentAction\",\"name\":\"Comment\",\"target\":[\"https:\/\/www.estrategiaconcursos.com.br\/blog\/aquecimento-tj-rj-tecnico-de-atividade-judiciaria\/#respond\"]}],\"copyrightYear\":\"2021\",\"copyrightHolder\":{\"@id\":\"https:\/\/www.estrategiaconcursos.com.br\/blog\/#organization\"}},{\"@type\":\"WebPage\",\"@id\":\"https:\/\/www.estrategiaconcursos.com.br\/blog\/aquecimento-tj-rj-tecnico-de-atividade-judiciaria\/\",\"url\":\"https:\/\/www.estrategiaconcursos.com.br\/blog\/aquecimento-tj-rj-tecnico-de-atividade-judiciaria\/\",\"name\":\"Aquecimento TJ RJ: T\u00e9cnico de Atividade Judici\u00e1ria - P\u00f3s-Edital: Confira!\",\"isPartOf\":{\"@id\":\"https:\/\/www.estrategiaconcursos.com.br\/blog\/#website\"},\"primaryImageOfPage\":{\"@id\":\"https:\/\/www.estrategiaconcursos.com.br\/blog\/aquecimento-tj-rj-tecnico-de-atividade-judiciaria\/#primaryimage\"},\"image\":{\"@id\":\"https:\/\/www.estrategiaconcursos.com.br\/blog\/aquecimento-tj-rj-tecnico-de-atividade-judiciaria\/#primaryimage\"},\"thumbnailUrl\":\"https:\/\/dhg1h5j42swfq.cloudfront.net\/2021\/10\/01175904\/1280-720-max-1.jpg\",\"datePublished\":\"2021-10-02T09:58:00+00:00\",\"dateModified\":\"2021-10-02T13:49:13+00:00\",\"description\":\"Confira ao longo de todo este s\u00e1bado o Aquecimento TJ RJ: T\u00e9cnico de Atividade Judici\u00e1ria - P\u00f3s-Edital e arrase na prova do concurso!\",\"breadcrumb\":{\"@id\":\"https:\/\/www.estrategiaconcursos.com.br\/blog\/aquecimento-tj-rj-tecnico-de-atividade-judiciaria\/#breadcrumb\"},\"inLanguage\":\"pt-BR\",\"potentialAction\":[{\"@type\":\"ReadAction\",\"target\":[\"https:\/\/www.estrategiaconcursos.com.br\/blog\/aquecimento-tj-rj-tecnico-de-atividade-judiciaria\/\"]}]},{\"@type\":\"ImageObject\",\"inLanguage\":\"pt-BR\",\"@id\":\"https:\/\/www.estrategiaconcursos.com.br\/blog\/aquecimento-tj-rj-tecnico-de-atividade-judiciaria\/#primaryimage\",\"url\":\"https:\/\/dhg1h5j42swfq.cloudfront.net\/2021\/10\/01175904\/1280-720-max-1.jpg\",\"contentUrl\":\"https:\/\/dhg1h5j42swfq.cloudfront.net\/2021\/10\/01175904\/1280-720-max-1.jpg\",\"width\":1280,\"height\":720,\"caption\":\"Aquecimento TJ RJ\"},{\"@type\":\"BreadcrumbList\",\"@id\":\"https:\/\/www.estrategiaconcursos.com.br\/blog\/aquecimento-tj-rj-tecnico-de-atividade-judiciaria\/#breadcrumb\",\"itemListElement\":[{\"@type\":\"ListItem\",\"position\":1,\"name\":\"In\u00edcio\",\"item\":\"https:\/\/www.estrategiaconcursos.com.br\/blog\/\"},{\"@type\":\"ListItem\",\"position\":2,\"name\":\"Aquecimento TJ RJ: T\u00e9cnico de Atividade Judici\u00e1ria &#8211; P\u00f3s-Edital: Confira!\"}]},{\"@type\":\"WebSite\",\"@id\":\"https:\/\/www.estrategiaconcursos.com.br\/blog\/#website\",\"url\":\"https:\/\/www.estrategiaconcursos.com.br\/blog\/\",\"name\":\"Estrat\u00e9gia Concursos\",\"description\":\"O blog da Estrat\u00e9gia Concursos traz not\u00edcias sobre concursos e artigos de professores oferecendo cursos para concursos (pdf + videaulas) no site.\",\"publisher\":{\"@id\":\"https:\/\/www.estrategiaconcursos.com.br\/blog\/#organization\"},\"potentialAction\":[{\"@type\":\"SearchAction\",\"target\":{\"@type\":\"EntryPoint\",\"urlTemplate\":\"https:\/\/www.estrategiaconcursos.com.br\/blog\/?s={search_term_string}\"},\"query-input\":{\"@type\":\"PropertyValueSpecification\",\"valueRequired\":true,\"valueName\":\"search_term_string\"}}],\"inLanguage\":\"pt-BR\"},{\"@type\":\"Organization\",\"@id\":\"https:\/\/www.estrategiaconcursos.com.br\/blog\/#organization\",\"name\":\"Estrat\u00e9gia Concursos\",\"url\":\"https:\/\/www.estrategiaconcursos.com.br\/blog\/\",\"logo\":{\"@type\":\"ImageObject\",\"inLanguage\":\"pt-BR\",\"@id\":\"https:\/\/www.estrategiaconcursos.com.br\/blog\/#\/schema\/logo\/image\/\",\"url\":\"https:\/\/dhg1h5j42swfq.cloudfront.net\/2025\/06\/03203428\/logo_concursos-1.jpg\",\"contentUrl\":\"https:\/\/dhg1h5j42swfq.cloudfront.net\/2025\/06\/03203428\/logo_concursos-1.jpg\",\"width\":230,\"height\":60,\"caption\":\"Estrat\u00e9gia Concursos\"},\"image\":{\"@id\":\"https:\/\/www.estrategiaconcursos.com.br\/blog\/#\/schema\/logo\/image\/\"},\"sameAs\":[\"https:\/\/x.com\/EstratConcursos\"]},{\"@type\":\"Person\",\"@id\":\"https:\/\/www.estrategiaconcursos.com.br\/blog\/#\/schema\/person\/2865ec132c3404c9912015dd7a24eb1e\",\"name\":\"Brunno Lima\",\"image\":{\"@type\":\"ImageObject\",\"inLanguage\":\"pt-BR\",\"@id\":\"https:\/\/secure.gravatar.com\/avatar\/d40b472e5e2856222d4a4a1c3ee2189ed7d7a9f67dc3343b880cc1889a7bd6af?s=96&d=mm&r=g\",\"url\":\"https:\/\/secure.gravatar.com\/avatar\/d40b472e5e2856222d4a4a1c3ee2189ed7d7a9f67dc3343b880cc1889a7bd6af?s=96&d=mm&r=g\",\"contentUrl\":\"https:\/\/secure.gravatar.com\/avatar\/d40b472e5e2856222d4a4a1c3ee2189ed7d7a9f67dc3343b880cc1889a7bd6af?s=96&d=mm&r=g\",\"caption\":\"Brunno Lima\"},\"url\":\"https:\/\/www.estrategiaconcursos.com.br\/blog\/author\/brunnoestrategiaconcursos-com-br\/\"}]}<\/script>\n<!-- \/ Yoast SEO Premium plugin. -->","yoast_head_json":{"title":"Aquecimento TJ RJ: T\u00e9cnico de Atividade Judici\u00e1ria - P\u00f3s-Edital: Confira!","description":"Confira ao longo de todo este s\u00e1bado o Aquecimento TJ RJ: T\u00e9cnico de Atividade Judici\u00e1ria - P\u00f3s-Edital e arrase na prova do concurso!","robots":{"index":"index","follow":"follow","max-snippet":"max-snippet:-1","max-image-preview":"max-image-preview:large","max-video-preview":"max-video-preview:-1"},"canonical":"https:\/\/www.estrategiaconcursos.com.br\/blog\/aquecimento-tj-rj-tecnico-de-atividade-judiciaria\/","og_locale":"pt_BR","og_type":"article","og_title":"Aquecimento TJ RJ: T\u00e9cnico de Atividade Judici\u00e1ria - P\u00f3s-Edital: Confira!","og_description":"Confira ao longo de todo este s\u00e1bado o Aquecimento TJ RJ: T\u00e9cnico de Atividade Judici\u00e1ria - P\u00f3s-Edital e arrase na prova do concurso!","og_url":"https:\/\/www.estrategiaconcursos.com.br\/blog\/aquecimento-tj-rj-tecnico-de-atividade-judiciaria\/","og_site_name":"Estrat\u00e9gia Concursos","article_published_time":"2021-10-02T09:58:00+00:00","article_modified_time":"2021-10-02T13:49:13+00:00","og_image":[{"width":1280,"height":720,"url":"https:\/\/dhg1h5j42swfq.cloudfront.net\/2021\/10\/01175904\/1280-720-max-1.jpg","type":"image\/jpeg"}],"author":"Brunno Lima","twitter_card":"summary_large_image","twitter_creator":"@EstratConcursos","twitter_site":"@EstratConcursos","twitter_misc":{"Escrito por":"Brunno Lima","Est. tempo de leitura":"2 minutos"},"schema":{"@context":"https:\/\/schema.org","@graph":[{"@type":"NewsArticle","@id":"https:\/\/www.estrategiaconcursos.com.br\/blog\/aquecimento-tj-rj-tecnico-de-atividade-judiciaria\/#article","isPartOf":{"@id":"https:\/\/www.estrategiaconcursos.com.br\/blog\/aquecimento-tj-rj-tecnico-de-atividade-judiciaria\/"},"author":{"name":"Brunno Lima","@id":"https:\/\/www.estrategiaconcursos.com.br\/blog\/#\/schema\/person\/2865ec132c3404c9912015dd7a24eb1e"},"headline":"Aquecimento TJ RJ: T\u00e9cnico de Atividade Judici\u00e1ria &#8211; P\u00f3s-Edital: Confira!","datePublished":"2021-10-02T09:58:00+00:00","dateModified":"2021-10-02T13:49:13+00:00","mainEntityOfPage":{"@id":"https:\/\/www.estrategiaconcursos.com.br\/blog\/aquecimento-tj-rj-tecnico-de-atividade-judiciaria\/"},"wordCount":339,"commentCount":0,"publisher":{"@id":"https:\/\/www.estrategiaconcursos.com.br\/blog\/#organization"},"image":{"@id":"https:\/\/www.estrategiaconcursos.com.br\/blog\/aquecimento-tj-rj-tecnico-de-atividade-judiciaria\/#primaryimage"},"thumbnailUrl":"https:\/\/dhg1h5j42swfq.cloudfront.net\/2021\/10\/01175904\/1280-720-max-1.jpg","articleSection":["Tribunais"],"inLanguage":"pt-BR","potentialAction":[{"@type":"CommentAction","name":"Comment","target":["https:\/\/www.estrategiaconcursos.com.br\/blog\/aquecimento-tj-rj-tecnico-de-atividade-judiciaria\/#respond"]}],"copyrightYear":"2021","copyrightHolder":{"@id":"https:\/\/www.estrategiaconcursos.com.br\/blog\/#organization"}},{"@type":"WebPage","@id":"https:\/\/www.estrategiaconcursos.com.br\/blog\/aquecimento-tj-rj-tecnico-de-atividade-judiciaria\/","url":"https:\/\/www.estrategiaconcursos.com.br\/blog\/aquecimento-tj-rj-tecnico-de-atividade-judiciaria\/","name":"Aquecimento TJ RJ: T\u00e9cnico de Atividade Judici\u00e1ria - P\u00f3s-Edital: Confira!","isPartOf":{"@id":"https:\/\/www.estrategiaconcursos.com.br\/blog\/#website"},"primaryImageOfPage":{"@id":"https:\/\/www.estrategiaconcursos.com.br\/blog\/aquecimento-tj-rj-tecnico-de-atividade-judiciaria\/#primaryimage"},"image":{"@id":"https:\/\/www.estrategiaconcursos.com.br\/blog\/aquecimento-tj-rj-tecnico-de-atividade-judiciaria\/#primaryimage"},"thumbnailUrl":"https:\/\/dhg1h5j42swfq.cloudfront.net\/2021\/10\/01175904\/1280-720-max-1.jpg","datePublished":"2021-10-02T09:58:00+00:00","dateModified":"2021-10-02T13:49:13+00:00","description":"Confira ao longo de todo este s\u00e1bado o Aquecimento TJ RJ: T\u00e9cnico de Atividade Judici\u00e1ria - P\u00f3s-Edital e arrase na prova do concurso!","breadcrumb":{"@id":"https:\/\/www.estrategiaconcursos.com.br\/blog\/aquecimento-tj-rj-tecnico-de-atividade-judiciaria\/#breadcrumb"},"inLanguage":"pt-BR","potentialAction":[{"@type":"ReadAction","target":["https:\/\/www.estrategiaconcursos.com.br\/blog\/aquecimento-tj-rj-tecnico-de-atividade-judiciaria\/"]}]},{"@type":"ImageObject","inLanguage":"pt-BR","@id":"https:\/\/www.estrategiaconcursos.com.br\/blog\/aquecimento-tj-rj-tecnico-de-atividade-judiciaria\/#primaryimage","url":"https:\/\/dhg1h5j42swfq.cloudfront.net\/2021\/10\/01175904\/1280-720-max-1.jpg","contentUrl":"https:\/\/dhg1h5j42swfq.cloudfront.net\/2021\/10\/01175904\/1280-720-max-1.jpg","width":1280,"height":720,"caption":"Aquecimento TJ RJ"},{"@type":"BreadcrumbList","@id":"https:\/\/www.estrategiaconcursos.com.br\/blog\/aquecimento-tj-rj-tecnico-de-atividade-judiciaria\/#breadcrumb","itemListElement":[{"@type":"ListItem","position":1,"name":"In\u00edcio","item":"https:\/\/www.estrategiaconcursos.com.br\/blog\/"},{"@type":"ListItem","position":2,"name":"Aquecimento TJ RJ: T\u00e9cnico de Atividade Judici\u00e1ria &#8211; P\u00f3s-Edital: Confira!"}]},{"@type":"WebSite","@id":"https:\/\/www.estrategiaconcursos.com.br\/blog\/#website","url":"https:\/\/www.estrategiaconcursos.com.br\/blog\/","name":"Estrat\u00e9gia Concursos","description":"O blog da Estrat\u00e9gia Concursos traz not\u00edcias sobre concursos e artigos de professores oferecendo cursos para concursos (pdf + videaulas) no site.","publisher":{"@id":"https:\/\/www.estrategiaconcursos.com.br\/blog\/#organization"},"potentialAction":[{"@type":"SearchAction","target":{"@type":"EntryPoint","urlTemplate":"https:\/\/www.estrategiaconcursos.com.br\/blog\/?s={search_term_string}"},"query-input":{"@type":"PropertyValueSpecification","valueRequired":true,"valueName":"search_term_string"}}],"inLanguage":"pt-BR"},{"@type":"Organization","@id":"https:\/\/www.estrategiaconcursos.com.br\/blog\/#organization","name":"Estrat\u00e9gia Concursos","url":"https:\/\/www.estrategiaconcursos.com.br\/blog\/","logo":{"@type":"ImageObject","inLanguage":"pt-BR","@id":"https:\/\/www.estrategiaconcursos.com.br\/blog\/#\/schema\/logo\/image\/","url":"https:\/\/dhg1h5j42swfq.cloudfront.net\/2025\/06\/03203428\/logo_concursos-1.jpg","contentUrl":"https:\/\/dhg1h5j42swfq.cloudfront.net\/2025\/06\/03203428\/logo_concursos-1.jpg","width":230,"height":60,"caption":"Estrat\u00e9gia Concursos"},"image":{"@id":"https:\/\/www.estrategiaconcursos.com.br\/blog\/#\/schema\/logo\/image\/"},"sameAs":["https:\/\/x.com\/EstratConcursos"]},{"@type":"Person","@id":"https:\/\/www.estrategiaconcursos.com.br\/blog\/#\/schema\/person\/2865ec132c3404c9912015dd7a24eb1e","name":"Brunno Lima","image":{"@type":"ImageObject","inLanguage":"pt-BR","@id":"https:\/\/secure.gravatar.com\/avatar\/d40b472e5e2856222d4a4a1c3ee2189ed7d7a9f67dc3343b880cc1889a7bd6af?s=96&d=mm&r=g","url":"https:\/\/secure.gravatar.com\/avatar\/d40b472e5e2856222d4a4a1c3ee2189ed7d7a9f67dc3343b880cc1889a7bd6af?s=96&d=mm&r=g","contentUrl":"https:\/\/secure.gravatar.com\/avatar\/d40b472e5e2856222d4a4a1c3ee2189ed7d7a9f67dc3343b880cc1889a7bd6af?s=96&d=mm&r=g","caption":"Brunno Lima"},"url":"https:\/\/www.estrategiaconcursos.com.br\/blog\/author\/brunnoestrategiaconcursos-com-br\/"}]}},"_links":{"self":[{"href":"https:\/\/www.estrategiaconcursos.com.br\/blog\/wp-json\/wp\/v2\/posts\/875611","targetHints":{"allow":["GET"]}}],"collection":[{"href":"https:\/\/www.estrategiaconcursos.com.br\/blog\/wp-json\/wp\/v2\/posts"}],"about":[{"href":"https:\/\/www.estrategiaconcursos.com.br\/blog\/wp-json\/wp\/v2\/types\/post"}],"author":[{"embeddable":true,"href":"https:\/\/www.estrategiaconcursos.com.br\/blog\/wp-json\/wp\/v2\/users\/741"}],"replies":[{"embeddable":true,"href":"https:\/\/www.estrategiaconcursos.com.br\/blog\/wp-json\/wp\/v2\/comments?post=875611"}],"version-history":[{"count":16,"href":"https:\/\/www.estrategiaconcursos.com.br\/blog\/wp-json\/wp\/v2\/posts\/875611\/revisions"}],"predecessor-version":[{"id":876023,"href":"https:\/\/www.estrategiaconcursos.com.br\/blog\/wp-json\/wp\/v2\/posts\/875611\/revisions\/876023"}],"wp:featuredmedia":[{"embeddable":true,"href":"https:\/\/www.estrategiaconcursos.com.br\/blog\/wp-json\/wp\/v2\/media\/875624"}],"wp:attachment":[{"href":"https:\/\/www.estrategiaconcursos.com.br\/blog\/wp-json\/wp\/v2\/media?parent=875611"}],"wp:term":[{"taxonomy":"category","embeddable":true,"href":"https:\/\/www.estrategiaconcursos.com.br\/blog\/wp-json\/wp\/v2\/categories?post=875611"},{"taxonomy":"post_tag","embeddable":true,"href":"https:\/\/www.estrategiaconcursos.com.br\/blog\/wp-json\/wp\/v2\/tags?post=875611"},{"taxonomy":"tax_estado","embeddable":true,"href":"https:\/\/www.estrategiaconcursos.com.br\/blog\/wp-json\/wp\/v2\/tax_estado?post=875611"}],"curies":[{"name":"wp","href":"https:\/\/api.w.org\/{rel}","templated":true}]}}