{"id":875367,"date":"2021-11-20T03:00:00","date_gmt":"2021-11-20T06:00:00","guid":{"rendered":"https:\/\/www.estrategiaconcursos.com.br\/blog\/?p=875367"},"modified":"2025-01-23T15:18:20","modified_gmt":"2025-01-23T18:18:20","slug":"edital-sanesul","status":"publish","type":"post","link":"https:\/\/www.estrategiaconcursos.com.br\/blog\/edital-sanesul\/","title":{"rendered":"Edital Sanesul est\u00e1 com as inscri\u00e7\u00f5es ENCERRADAS!"},"content":{"rendered":"\n<p>As inscri\u00e7\u00f5es do <strong>edital SANESUL<\/strong> foram encerradas. O per\u00edodo esteve aberto at\u00e9 o dia 19 de novembro. Todo o procedimento precisou ser realizado pelo site da banca, o <strong>Instituto AOCP<\/strong>. <\/p>\n\n\n\n<p>Ao todo, o edital SANESUL oferta 74 vagas para oportunidades divididas entre 26 cargos. Os sal\u00e1rios iniciais podem alternar conforme a fun\u00e7\u00e3o desejada, podendo chegar a R$ 9.350,00.<\/p>\n\n\n\n<h2 class=\"wp-block-heading\" id=\"h-principais-datas-do-edital-sanesul\">Principais datas do edital Sanesul<\/h2>\n\n\n\n<p class=\"has-background\" style=\"background-color:#dce5ec\"><strong>Inscri\u00e7\u00f5es<\/strong>: <s>at\u00e9 19\/11\/21 (prorrogadas)<\/s><strong><br \/>\u00daltimo dia para pagamento<\/strong>: <s>19\/11\/21<\/s><strong><br \/>Prova<\/strong>: 19\/12\/21<\/p>\n\n\n\n<p class=\"has-text-align-center has-luminous-vivid-orange-color has-black-background-color has-text-color has-background\"><strong>Quer estudar com quem mais aprova em concursos p\u00fablicos no Brasil, com um valor que cabe no seu bolso? Confira a nossa Black Friday!<\/strong>&nbsp;<strong>Clique no banner para participar:<\/strong><\/p>\n\n\n\n<div class=\"wp-block-image\"><figure class=\"aligncenter\"><a href=\"https:\/\/gratis.estrategiaconcursos.com.br\/bf-ec\/\" target=\"_blank\" rel=\"noreferrer noopener\"><img loading=\"lazy\" decoding=\"async\" width=\"801\" height=\"274\" src=\"https:\/\/dhg1h5j42swfq.cloudfront.net\/2021\/10\/28093835\/image-503.png\" alt=\"\" class=\"wp-image-895601\" srcset=\"https:\/\/dhg1h5j42swfq.cloudfront.net\/2021\/10\/28093835\/image-503.png 801w, https:\/\/dhg1h5j42swfq.cloudfront.net\/2021\/10\/28093835\/image-503-300x103.png 300w, https:\/\/dhg1h5j42swfq.cloudfront.net\/2021\/10\/28093835\/image-503-768x263.png 768w, https:\/\/dhg1h5j42swfq.cloudfront.net\/2021\/10\/28093835\/image-503-610x209.png 610w\" sizes=\"auto, (max-width: 801px) 100vw, 801px\" \/><\/a><\/figure><\/div>\n\n\n\n<h2 class=\"wp-block-heading\">Cargos, vagas e remunera\u00e7\u00f5es do edital Sanesul <\/h2>\n\n\n\n<h3 class=\"wp-block-heading\">N\u00edvel m\u00e9dio\/t\u00e9cnico <\/h3>\n\n\n\n<figure class=\"wp-block-table is-style-stripes\"><table class=\"has-background has-fixed-layout\" style=\"background-color:#aed3ea\"><thead><tr><th class=\"has-text-align-center\" data-align=\"center\">Cargos<\/th><th class=\"has-text-align-center\" data-align=\"center\">Vagas<\/th><th class=\"has-text-align-center\" data-align=\"center\">Sal\u00e1rio<\/th><\/tr><\/thead><tbody><tr><td class=\"has-text-align-center\" data-align=\"center\">Agente em<br \/>Saneamento<\/td><td class=\"has-text-align-center\" data-align=\"center\">24<\/td><td class=\"has-text-align-center\" data-align=\"center\">R$ 1.606,13<\/td><\/tr><tr><td class=\"has-text-align-center\" data-align=\"center\">Assistente<br \/>Administrativo<\/td><td class=\"has-text-align-center\" data-align=\"center\">02 + CR<\/td><td class=\"has-text-align-center\" data-align=\"center\">R$ 2.474,31<\/td><\/tr><tr><td class=\"has-text-align-center\" data-align=\"center\">T\u00e9cnico em<br \/>Agrimensura<\/td><td class=\"has-text-align-center\" data-align=\"center\">01<\/td><td class=\"has-text-align-center\" data-align=\"center\">R$ 3.520,44<\/td><\/tr><tr><td class=\"has-text-align-center\" data-align=\"center\">T\u00e9cnico em An\u00e1lise e<br \/>Tratamento<\/td><td class=\"has-text-align-center\" data-align=\"center\">07 + CR<\/td><td class=\"has-text-align-center\" data-align=\"center\">R$ 3.008,22<\/td><\/tr><tr><td class=\"has-text-align-center\" data-align=\"center\">T\u00e9cnico em Automa\u00e7\u00e3o<\/td><td class=\"has-text-align-center\" data-align=\"center\">01<\/td><td class=\"has-text-align-center\" data-align=\"center\">R$ 3.520,44<\/td><\/tr><tr><td class=\"has-text-align-center\" data-align=\"center\">T\u00e9cnico em Edifica\u00e7\u00f5es<\/td><td class=\"has-text-align-center\" data-align=\"center\">04<\/td><td class=\"has-text-align-center\" data-align=\"center\">R$ 3.520,44<\/td><\/tr><tr><td class=\"has-text-align-center\" data-align=\"center\">T\u00e9cnico em<br \/>Enfermagem do<br \/>Trabalho<\/td><td class=\"has-text-align-center\" data-align=\"center\">CR<\/td><td class=\"has-text-align-center\" data-align=\"center\">R$ 3.520,44<\/td><\/tr><tr><td class=\"has-text-align-center\" data-align=\"center\">T\u00e9cnico em<br \/>Manuten\u00e7\u00e3o<br \/>Eletromec\u00e2nica<\/td><td class=\"has-text-align-center\" data-align=\"center\">08 + CR<\/td><td class=\"has-text-align-center\" data-align=\"center\">R$ 3.008,22<\/td><\/tr><tr><td class=\"has-text-align-center\" data-align=\"center\">T\u00e9cnico em Recursos<br \/>Humanos<\/td><td class=\"has-text-align-center\" data-align=\"center\">01<\/td><td class=\"has-text-align-center\" data-align=\"center\">R$ 3.520,44<\/td><\/tr><tr><td class=\"has-text-align-center\" data-align=\"center\">T\u00e9cnico em Seguran\u00e7a<br \/>do Trabalho<\/td><td class=\"has-text-align-center\" data-align=\"center\">01<\/td><td class=\"has-text-align-center\" data-align=\"center\">R$ 3.520,44<\/td><\/tr><tr><td class=\"has-text-align-center\" data-align=\"center\">T\u00e9cnico em Tecnologia<br \/>da Informa\u00e7\u00e3o<\/td><td class=\"has-text-align-center\" data-align=\"center\">01<\/td><td class=\"has-text-align-center\" data-align=\"center\">R$ 3.520,44<\/td><\/tr><\/tbody><\/table><\/figure>\n\n\n\n<h3 class=\"wp-block-heading\">N\u00edvel superior<\/h3>\n\n\n\n<figure class=\"wp-block-table is-style-stripes\"><table class=\"has-background has-fixed-layout\" style=\"background-color:#aed3ea\"><thead><tr><th class=\"has-text-align-center\" data-align=\"center\">Cargos<\/th><th class=\"has-text-align-center\" data-align=\"center\">Vagas<\/th><th class=\"has-text-align-center\" data-align=\"center\">Sal\u00e1rio<\/th><\/tr><\/thead><tbody><tr><td class=\"has-text-align-center\" data-align=\"center\">Administrador<\/td><td class=\"has-text-align-center\" data-align=\"center\">01<\/td><td class=\"has-text-align-center\" data-align=\"center\">R$ 6.337,67<\/td><\/tr><tr><td class=\"has-text-align-center\" data-align=\"center\">Advogado<\/td><td class=\"has-text-align-center\" data-align=\"center\">01<\/td><td class=\"has-text-align-center\" data-align=\"center\">R$ 6.337,67<\/td><\/tr><tr><td class=\"has-text-align-center\" data-align=\"center\">Analista de Tecnologia<br \/>da Informa\u00e7\u00e3o &#8211; A<\/td><td class=\"has-text-align-center\" data-align=\"center\">01<\/td><td class=\"has-text-align-center\" data-align=\"center\">R$ 6.337,67<\/td><\/tr><tr><td class=\"has-text-align-center\" data-align=\"center\">Analista de Tecnologia<br \/>da Informa\u00e7\u00e3o &#8211; B<\/td><td class=\"has-text-align-center\" data-align=\"center\">01<\/td><td class=\"has-text-align-center\" data-align=\"center\">R$ 6.337,67<\/td><\/tr><tr><td class=\"has-text-align-center\" data-align=\"center\">Bi\u00f3logo<\/td><td class=\"has-text-align-center\" data-align=\"center\">01<\/td><td class=\"has-text-align-center\" data-align=\"center\">R$ 6.337,67<\/td><\/tr><tr><td class=\"has-text-align-center\" data-align=\"center\">Contador<\/td><td class=\"has-text-align-center\" data-align=\"center\">02<\/td><td class=\"has-text-align-center\" data-align=\"center\">R$ 6.337,67<\/td><\/tr><tr><td class=\"has-text-align-center\" data-align=\"center\">Economista<\/td><td class=\"has-text-align-center\" data-align=\"center\">01<\/td><td class=\"has-text-align-center\" data-align=\"center\">R$ 6.337,67<\/td><\/tr><tr><td class=\"has-text-align-center\" data-align=\"center\">Engenheiro (diversas especialidades)<\/td><td class=\"has-text-align-center\" data-align=\"center\">05<\/td><td class=\"has-text-align-center\" data-align=\"center\">8,5 x Sal\u00e1rio<br \/>m\u00ednimo<br \/>vigente no<br \/>momento da<br \/>Admiss\u00e3o<\/td><\/tr><tr><td class=\"has-text-align-center\" data-align=\"center\">Jornalista<\/td><td class=\"has-text-align-center\" data-align=\"center\">01<\/td><td class=\"has-text-align-center\" data-align=\"center\">R$ 2.970,78<\/td><\/tr><tr><td class=\"has-text-align-center\" data-align=\"center\">M\u00e9dico do Trabalho<\/td><td class=\"has-text-align-center\" data-align=\"center\">01<\/td><td class=\"has-text-align-center\" data-align=\"center\">R$ 8.343,20 <\/td><\/tr><tr><td class=\"has-text-align-center\" data-align=\"center\">Psic\u00f3logo<\/td><td class=\"has-text-align-center\" data-align=\"center\">01<\/td><td class=\"has-text-align-center\" data-align=\"center\">R$ 6.337,67<\/td><\/tr><tr><td class=\"has-text-align-center\" data-align=\"center\">Qu\u00edmico<\/td><td class=\"has-text-align-center\" data-align=\"center\">01 + CR<\/td><td class=\"has-text-align-center\" data-align=\"center\">R$ 6.337,67<\/td><\/tr><tr><td class=\"has-text-align-center\" data-align=\"center\">Tecn\u00f3logo em<br \/>Saneamento Ambiental<\/td><td class=\"has-text-align-center\" data-align=\"center\">06<\/td><td class=\"has-text-align-center\" data-align=\"center\">R$ 6.337,67<\/td><\/tr><\/tbody><\/table><\/figure>\n\n\n\n<h2 class=\"wp-block-heading\">Etapas do edital&nbsp;Sanesul  <\/h2>\n\n\n\n<p>O edital SANESUL ser\u00e1 composto por quatro importantes etapas, sendo elas de Prova Objetiva, Pr\u00e1tica, Avalia\u00e7\u00e3o de T\u00edtulos e Prova de Aptid\u00e3o F\u00edsica.<\/p>\n\n\n\n<p><strong>Prova objetiva&nbsp;<\/strong>\u2013 todos os cargos do concurso;<br \/><strong>Prova pr\u00e1tica<\/strong>&nbsp;\u2013 exclusivamente para os cargos de Agente em Saneamento, T\u00e9cnico em Manuten\u00e7\u00e3o Eletromec\u00e2nica, T\u00e9cnico em An\u00e1lise e Tratamento e o T\u00e9cnico em Automa\u00e7\u00e3o;<br \/><strong>Avalia\u00e7\u00e3o de t\u00edtulos<\/strong>&nbsp;\u2013 todos os cargos de n\u00edvel superior;<br \/><strong>Teste de Aptid\u00e3o<\/strong>&nbsp;\u2013 Agente em Saneamento, T\u00e9cnico em Manuten\u00e7\u00e3o Eletromec\u00e2nica, T\u00e9cnico em An\u00e1lise e Tratamento e o T\u00e9cnico em Automa\u00e7\u00e3o.<\/p>\n\n\n\n<h3 class=\"wp-block-heading\">Prova Objetiva <\/h3>\n\n\n\n<p>A Prova Objetiva ser\u00e1 composta de 70 quest\u00f5es distribu\u00eddas por \u00e1reas de conhecimento. Cada quest\u00e3o 5 (cinco) alternativas, sendo que cada quest\u00e3o ter\u00e1 apenas 1 (uma) alternativa correta, distribu\u00eddas da seguinte forma:<\/p>\n\n\n\n<p><strong>N\u00edvel m\u00e9dio<\/strong><\/p>\n\n\n\n<ul class=\"wp-block-list\"><li>Portugu\u00eas (25)<\/li><li>Racioc\u00ednio L\u00f3gico-Matem\u00e1tico (20)<\/li><li>Inform\u00e1tica (15)<\/li><li>Conhecimentos Gerais (10)<\/li><\/ul>\n\n\n\n<p><strong>N\u00edvel t\u00e9cnico<\/strong><\/p>\n\n\n\n<ul class=\"wp-block-list\"><li>Portugu\u00eas (20)<\/li><li>Inform\u00e1tica (15)<\/li><li>Conhecimentos Gerais (10)<\/li><li>Conhecimentos Espec\u00edficos (25)<\/li><\/ul>\n\n\n\n<p><strong>N\u00edvel t\u00e9cnico \u2013 T\u00e9cnico em Tecnologia da Informa\u00e7\u00e3o<\/strong><\/p>\n\n\n\n<ul class=\"wp-block-list\"><li>Portugu\u00eas (20)<\/li><li>Conhecimentos Gerais (10)<\/li><li>Conhecimentos Espec\u00edficos (40)<\/li><\/ul>\n\n\n\n<p><strong>N\u00edvel superior<\/strong><\/p>\n\n\n\n<ul class=\"wp-block-list\"><li>Portugu\u00eas (20)<\/li><li>Inform\u00e1tica (15)<\/li><li>Conhecimentos Gerais (10)<\/li><li>Conhecimentos Espec\u00edficos (25)<\/li><\/ul>\n\n\n\n<p><strong>N\u00edvel superior \u2013 Analista de Tecnologia da Informa\u00e7\u00e3o A e B<\/strong><\/p>\n\n\n\n<ul class=\"wp-block-list\"><li>Portugu\u00eas (20)<\/li><li>Conhecimentos Gerais (10)<\/li><li>Conhecimentos Espec\u00edficos (40)<\/li><\/ul>\n\n\n\n<p>O candidato dever\u00e1 obter 50% ou mais do total de pontos previstos na Prova Objetiva para n\u00e3o ser eliminado do concurso para emprego p\u00fablico.<\/p>\n\n\n\n<p>A Prova Objetiva ser\u00e1 aplicada nas cidades de Campo Grande e Dourados, Estado do Mato Grosso do Sul, podendo ser aplicada tamb\u00e9m em cidades vizinhas, caso o n\u00famero de inscritos exceda a capacidade de aloca\u00e7\u00e3o dos munic\u00edpios.<\/p>\n\n\n\n<h3 class=\"wp-block-heading\">Prova de Aptid\u00e3o F\u00edsica<\/h3>\n\n\n\n<p>A Prova de Aptid\u00e3o F\u00edsica do edital SANESUL ser\u00e1 realizada na cidade de Campo Grande\/MS, para os empregos de Agente em Saneamento, T\u00e9cnico em Manuten\u00e7\u00e3o Eletromec\u00e2nica, T\u00e9cnico em An\u00e1lise e Tratamento e o T\u00e9cnico em Automa\u00e7\u00e3o.<\/p>\n\n\n\n<p>Ser\u00e1 convocado somente quem for aprovado na Prova Objetiva.<\/p>\n\n\n\n<p>A prova ser\u00e1 composta das seguintes tarefas:<\/p>\n\n\n\n<ul class=\"wp-block-list\"><li>Dinamometria manual;<\/li><li>Flex\u00e3o e extens\u00e3o de bra\u00e7os e antebra\u00e7os;<\/li><li>Abdominal remador;<\/li><li>Corrida de 12 minutos.<\/li><\/ul>\n\n\n\n<div class=\"wp-block-image\"><figure class=\"aligncenter size-full\"><img loading=\"lazy\" decoding=\"async\" width=\"713\" height=\"312\" src=\"https:\/\/dhg1h5j42swfq.cloudfront.net\/2021\/10\/01154031\/image-20-1.png\" alt=\"provas edital\u00a0Sanesul  \" class=\"wp-image-875476\" srcset=\"https:\/\/dhg1h5j42swfq.cloudfront.net\/2021\/10\/01154031\/image-20-1.png 713w, https:\/\/dhg1h5j42swfq.cloudfront.net\/2021\/10\/01154031\/image-20-1-300x131.png 300w, https:\/\/dhg1h5j42swfq.cloudfront.net\/2021\/10\/01154031\/image-20-1-610x267.png 610w\" sizes=\"auto, (max-width: 713px) 100vw, 713px\" \/><\/figure><\/div>\n\n\n\n<div class=\"wp-block-image\"><figure class=\"aligncenter size-full\"><img loading=\"lazy\" decoding=\"async\" width=\"717\" height=\"590\" src=\"https:\/\/dhg1h5j42swfq.cloudfront.net\/2021\/10\/01154049\/image-21-1.png\" alt=\"provas edital\u00a0Sanesul  \" class=\"wp-image-875477\" srcset=\"https:\/\/dhg1h5j42swfq.cloudfront.net\/2021\/10\/01154049\/image-21-1.png 717w, https:\/\/dhg1h5j42swfq.cloudfront.net\/2021\/10\/01154049\/image-21-1-300x247.png 300w, https:\/\/dhg1h5j42swfq.cloudfront.net\/2021\/10\/01154049\/image-21-1-610x502.png 610w\" sizes=\"auto, (max-width: 717px) 100vw, 717px\" \/><\/figure><\/div>\n\n\n\n<h3 class=\"wp-block-heading\">Prova Pr\u00e1tica<\/h3>\n\n\n\n<p>Os candidatos a Agente em Saneamento, T\u00e9cnico em Manuten\u00e7\u00e3o Eletromec\u00e2nica, T\u00e9cnico em An\u00e1lise e Tratamento e T\u00e9cnico em Automa\u00e7\u00e3o que forem aprovados na prova de aptid\u00e3o f\u00edsica v\u00e3o passar por uma prova pr\u00e1tica, de car\u00e1ter eliminat\u00f3rio e classificat\u00f3rio<\/p>\n\n\n\n<div class=\"wp-block-image\"><figure class=\"aligncenter size-full\"><img loading=\"lazy\" decoding=\"async\" width=\"725\" height=\"384\" src=\"https:\/\/dhg1h5j42swfq.cloudfront.net\/2021\/10\/01153917\/image-16-1.png\" alt=\"provas edital\u00a0Sanesul  \" class=\"wp-image-875471\" srcset=\"https:\/\/dhg1h5j42swfq.cloudfront.net\/2021\/10\/01153917\/image-16-1.png 725w, https:\/\/dhg1h5j42swfq.cloudfront.net\/2021\/10\/01153917\/image-16-1-300x159.png 300w, https:\/\/dhg1h5j42swfq.cloudfront.net\/2021\/10\/01153917\/image-16-1-610x323.png 610w\" sizes=\"auto, (max-width: 725px) 100vw, 725px\" \/><\/figure><\/div>\n\n\n\n<div class=\"wp-block-image\"><figure class=\"aligncenter size-full\"><img loading=\"lazy\" decoding=\"async\" width=\"735\" height=\"834\" src=\"https:\/\/dhg1h5j42swfq.cloudfront.net\/2021\/10\/01153926\/image-17-1.png\" alt=\"provas edital\u00a0Sanesul  \" class=\"wp-image-875472\" srcset=\"https:\/\/dhg1h5j42swfq.cloudfront.net\/2021\/10\/01153926\/image-17-1.png 735w, https:\/\/dhg1h5j42swfq.cloudfront.net\/2021\/10\/01153926\/image-17-1-264x300.png 264w, https:\/\/dhg1h5j42swfq.cloudfront.net\/2021\/10\/01153926\/image-17-1-610x692.png 610w\" sizes=\"auto, (max-width: 735px) 100vw, 735px\" \/><\/figure><\/div>\n\n\n\n<div class=\"wp-block-image\"><figure class=\"aligncenter size-full\"><img loading=\"lazy\" decoding=\"async\" width=\"726\" height=\"490\" src=\"https:\/\/dhg1h5j42swfq.cloudfront.net\/2021\/10\/01153936\/image-18-1.png\" alt=\"\" class=\"wp-image-875475\" srcset=\"https:\/\/dhg1h5j42swfq.cloudfront.net\/2021\/10\/01153936\/image-18-1.png 726w, https:\/\/dhg1h5j42swfq.cloudfront.net\/2021\/10\/01153936\/image-18-1-300x202.png 300w, https:\/\/dhg1h5j42swfq.cloudfront.net\/2021\/10\/01153936\/image-18-1-610x412.png 610w\" sizes=\"auto, (max-width: 726px) 100vw, 726px\" \/><\/figure><\/div>\n\n\n\n<h3 class=\"wp-block-heading\">Prova de T\u00edtulos<\/h3>\n\n\n\n<p>A Prova de T\u00edtulos ter\u00e1 car\u00e1ter classificat\u00f3rio e ser\u00e1 realizada para todos os cargos de n\u00edvel superior. Ser\u00e3o considerados os t\u00edtulos de p\u00f3s-gradua\u00e7\u00e3o em n\u00edvel de doutorado, mestrado e especializa\u00e7\u00e3o lato sensu. <\/p>\n\n\n\n<p>Os documentos comprobat\u00f3rios dever\u00e3o ser entregues por meio do site da banca.<\/p>\n\n\n\n<div class=\"wp-block-image\"><figure class=\"aligncenter size-full\"><img loading=\"lazy\" decoding=\"async\" width=\"859\" height=\"331\" src=\"https:\/\/dhg1h5j42swfq.cloudfront.net\/2021\/10\/01152058\/image-13.png\" alt=\"provas edital\u00a0Sanesul  \" class=\"wp-image-875426\" srcset=\"https:\/\/dhg1h5j42swfq.cloudfront.net\/2021\/10\/01152058\/image-13.png 859w, https:\/\/dhg1h5j42swfq.cloudfront.net\/2021\/10\/01152058\/image-13-300x116.png 300w, https:\/\/dhg1h5j42swfq.cloudfront.net\/2021\/10\/01152058\/image-13-768x296.png 768w, https:\/\/dhg1h5j42swfq.cloudfront.net\/2021\/10\/01152058\/image-13-610x235.png 610w\" sizes=\"auto, (max-width: 859px) 100vw, 859px\" \/><\/figure><\/div>\n\n\n\n<hr class=\"wp-block-separator\"\/>\n\n\n\n<h2 class=\"has-text-align-center wp-block-heading\" id=\"curso\"><strong>Quer estudar para o edital Sanesul?<\/strong><\/h2>\n\n\n\n<div class=\"container\" id=\"boxes\">\n  <div class=\"row\">\n\n    <div class=\"col-sm\">\n      <div class=\"banner-adm\" id=\"box-assinatura\">\n        <h3 class=\"titulo-assinatura\">Concurso Sanesul<\/h3>\n        <p class=\"subtitulo-assinatura\">Conhe\u00e7a os cursos<\/p>\n        <div class=\"box-botao\">\n          <a class=\"btn-assinatura\" target=\"_blank\" href=\"https:\/\/www.estrategiaconcursos.com.br\/cursos\/\" rel=\"noopener\">Conhe\u00e7a mais<\/a>\n        <\/div>\n      <\/div>\n      \n    <\/div>\n\n  <\/div>\n<\/div>\n\n\n\n<div class=\"container\" id=\"boxes\">\n  <div class=\"row\">\n\n    <div class=\"col-sm\">\n      <div class=\"estrategia\" id=\"box-assinatura\">\n        <h3 class=\"titulo-assinatura\"> Concursos P\u00fablicos\n        <p class=\"subtitulo-assinatura\">Assinatura de 1 ano ou 2 anos<\/p>\n        <div class=\"box-botao\">\n          <a class=\"btn-assinatura\" target=\"_blank\" href=\"https:\/\/www.estrategiaconcursos.com.br\/assinaturas\/\" role=\"button\" rel=\"noopener noreferrer\">ASSINE AGORA<\/a>\n        <\/div>\n      <\/h3><\/div><\/div><\/div><\/div>\n\n\n\n<h2 class=\"has-text-align-center wp-block-heading\">Quer saber tudo sobre concursos previstos?<br \/>Confira nossos artigos!<\/h2>\n\n\n\n<ul class=\"wp-block-list\"><li><a target=\"_blank\" href=\"https:\/\/www.estrategiaconcursos.com.br\/blog\/concursos-abertos\/\" rel=\"noreferrer noopener\">Concursos abertos<\/a><\/li><li><a target=\"_blank\" href=\"https:\/\/www.estrategiaconcursos.com.br\/blog\/concursos-2021\/\" rel=\"noreferrer noopener\">Concursos 2021<\/a><\/li><li><a target=\"_blank\" href=\"https:\/\/www.estrategiaconcursos.com.br\/blog\/concursos-2022\/\" rel=\"noreferrer noopener\">Concursos 2022<\/a><\/li><\/ul>\n\n\n\n<figure class=\"wp-block-image size-large is-resized\"><img loading=\"lazy\" decoding=\"async\" src=\"https:\/\/dhg1h5j42swfq.cloudfront.net\/2021\/04\/15205809\/ficha-tecnica-1-1024x632-1-1.png\" alt=\"Informa\u00e7\u00f5es do edital Sanesul \" class=\"wp-image-715231\" width=\"254\" height=\"157\" srcset=\"https:\/\/dhg1h5j42swfq.cloudfront.net\/2021\/04\/15205809\/ficha-tecnica-1-1024x632-1-1.png 1024w, https:\/\/dhg1h5j42swfq.cloudfront.net\/2021\/04\/15205809\/ficha-tecnica-1-1024x632-1-1-300x185.png 300w, https:\/\/dhg1h5j42swfq.cloudfront.net\/2021\/04\/15205809\/ficha-tecnica-1-1024x632-1-1-768x474.png 768w, https:\/\/dhg1h5j42swfq.cloudfront.net\/2021\/04\/15205809\/ficha-tecnica-1-1024x632-1-1-610x376.png 610w\" sizes=\"auto, (max-width: 254px) 100vw, 254px\" \/><\/figure>\n\n\n\n<h3 class=\"wp-block-heading\" id=\"ficha\">Informa\u00e7\u00f5es do edital Sanesul <\/h3>\n\n\n\n<ul class=\"wp-block-list\"><li><strong>Data da prova:<\/strong> 19\/12\/2021<\/li><li><strong>Vagas:&nbsp;<\/strong>74 + CR<\/li><li><strong>Cargo:<\/strong>&nbsp;diversos<\/li><li><strong>Escolaridade:<\/strong> N\u00edveis m\u00e9dio\/t\u00e9cnico e superior <\/li><li><strong>Banca:&nbsp;<\/strong><a href=\"https:\/\/www.institutoaocp.org.br\/concurso.jsp?id=282\" target=\"_blank\" rel=\"noreferrer noopener\">Instituto AOCP<\/a><\/li><li><strong>Edital:<\/strong> <a href=\"https:\/\/dhg1h5j42swfq.cloudfront.net\/2021\/10\/01152957\/ed_abert_sanesul_2021-1.pdf\" target=\"_blank\" rel=\"noreferrer noopener nofollow\">Edital Sanesul 2021<\/a><\/li><\/ul>\n","protected":false},"excerpt":{"rendered":"<p>As inscri\u00e7\u00f5es do edital SANESUL foram encerradas. O per\u00edodo esteve aberto at\u00e9 o dia 19 de novembro. Todo o procedimento precisou ser realizado pelo site da banca, o Instituto AOCP. Ao todo, o edital SANESUL oferta 74 vagas para oportunidades divididas entre 26 cargos. Os sal\u00e1rios iniciais podem alternar conforme a fun\u00e7\u00e3o desejada, podendo chegar [&hellip;]<\/p>\n","protected":false},"author":656,"featured_media":879595,"comment_status":"open","ping_status":"closed","sticky":false,"template":"","format":"standard","meta":{"post_tipo":"news","footnotes":""},"categories":[214992,220219],"tags":[],"tax_estado":[219975],"class_list":["post-875367","post","type-post","status-publish","format-standard","has-post-thumbnail","hentry","category-concursos-administrativos","category-noticias","tax_estado-ms"],"acf":[],"yoast_head":"<!-- This site is optimized with the Yoast SEO Premium plugin v27.2 (Yoast SEO v27.2) - https:\/\/yoast.com\/product\/yoast-seo-premium-wordpress\/ -->\n<title>Edital Sanesul est\u00e1 com as inscri\u00e7\u00f5es ENCERRADAS!<\/title>\n<meta name=\"description\" content=\"Edital Sanesul: inscri\u00e7\u00f5es ENCERRADAS. Provas ser\u00e3o aplicadas em dezembro. Edital oferta 74 vagas mais CR. Acesse e saiba mais!\" \/>\n<meta name=\"robots\" content=\"index, follow, max-snippet:-1, max-image-preview:large, max-video-preview:-1\" \/>\n<link rel=\"canonical\" href=\"https:\/\/www.estrategiaconcursos.com.br\/blog\/edital-sanesul\/\" \/>\n<meta property=\"og:locale\" content=\"pt_BR\" \/>\n<meta property=\"og:type\" content=\"article\" \/>\n<meta property=\"og:title\" content=\"Edital Sanesul est\u00e1 com as inscri\u00e7\u00f5es ENCERRADAS!\" \/>\n<meta property=\"og:description\" content=\"Edital Sanesul: inscri\u00e7\u00f5es ENCERRADAS. Provas ser\u00e3o aplicadas em dezembro. Edital oferta 74 vagas mais CR. Acesse e saiba mais!\" \/>\n<meta property=\"og:url\" content=\"https:\/\/www.estrategiaconcursos.com.br\/blog\/edital-sanesul\/\" \/>\n<meta property=\"og:site_name\" content=\"Estrat\u00e9gia Concursos\" \/>\n<meta property=\"article:published_time\" content=\"2021-11-20T06:00:00+00:00\" \/>\n<meta property=\"article:modified_time\" content=\"2025-01-23T18:18:20+00:00\" \/>\n<meta property=\"og:image\" content=\"https:\/\/dhg1h5j42swfq.cloudfront.net\/2021\/10\/07100023\/sanesul-1.jpg\" \/>\n\t<meta property=\"og:image:width\" content=\"768\" \/>\n\t<meta property=\"og:image:height\" content=\"432\" \/>\n\t<meta property=\"og:image:type\" content=\"image\/jpeg\" \/>\n<meta name=\"author\" content=\"F\u00e1bio Scaldelai\" \/>\n<meta name=\"twitter:card\" content=\"summary_large_image\" \/>\n<meta name=\"twitter:creator\" content=\"@EstratConcursos\" \/>\n<meta name=\"twitter:site\" content=\"@EstratConcursos\" \/>\n<meta name=\"twitter:label1\" content=\"Escrito por\" \/>\n\t<meta name=\"twitter:data1\" content=\"F\u00e1bio Scaldelai\" \/>\n\t<meta name=\"twitter:label2\" content=\"Est. tempo de leitura\" \/>\n\t<meta name=\"twitter:data2\" content=\"5 minutos\" \/>\n<script type=\"application\/ld+json\" class=\"yoast-schema-graph\">{\"@context\":\"https:\/\/schema.org\",\"@graph\":[{\"@type\":\"NewsArticle\",\"@id\":\"https:\/\/www.estrategiaconcursos.com.br\/blog\/edital-sanesul\/#article\",\"isPartOf\":{\"@id\":\"https:\/\/www.estrategiaconcursos.com.br\/blog\/edital-sanesul\/\"},\"author\":{\"name\":\"F\u00e1bio Scaldelai\",\"@id\":\"https:\/\/www.estrategiaconcursos.com.br\/blog\/#\/schema\/person\/e3b6b7ce0192dd4ad270655969d61750\"},\"headline\":\"Edital Sanesul est\u00e1 com as inscri\u00e7\u00f5es ENCERRADAS!\",\"datePublished\":\"2021-11-20T06:00:00+00:00\",\"dateModified\":\"2025-01-23T18:18:20+00:00\",\"mainEntityOfPage\":{\"@id\":\"https:\/\/www.estrategiaconcursos.com.br\/blog\/edital-sanesul\/\"},\"wordCount\":818,\"commentCount\":0,\"publisher\":{\"@id\":\"https:\/\/www.estrategiaconcursos.com.br\/blog\/#organization\"},\"image\":{\"@id\":\"https:\/\/www.estrategiaconcursos.com.br\/blog\/edital-sanesul\/#primaryimage\"},\"thumbnailUrl\":\"https:\/\/dhg1h5j42swfq.cloudfront.net\/2021\/10\/07100023\/sanesul-1.jpg\",\"articleSection\":[\"Executivo (Administrativa)\",\"\u00daltimas not\u00edcias\"],\"inLanguage\":\"pt-BR\",\"potentialAction\":[{\"@type\":\"CommentAction\",\"name\":\"Comment\",\"target\":[\"https:\/\/www.estrategiaconcursos.com.br\/blog\/edital-sanesul\/#respond\"]}],\"copyrightYear\":\"2021\",\"copyrightHolder\":{\"@id\":\"https:\/\/www.estrategiaconcursos.com.br\/blog\/#organization\"}},{\"@type\":\"WebPage\",\"@id\":\"https:\/\/www.estrategiaconcursos.com.br\/blog\/edital-sanesul\/\",\"url\":\"https:\/\/www.estrategiaconcursos.com.br\/blog\/edital-sanesul\/\",\"name\":\"Edital Sanesul est\u00e1 com as inscri\u00e7\u00f5es ENCERRADAS!\",\"isPartOf\":{\"@id\":\"https:\/\/www.estrategiaconcursos.com.br\/blog\/#website\"},\"primaryImageOfPage\":{\"@id\":\"https:\/\/www.estrategiaconcursos.com.br\/blog\/edital-sanesul\/#primaryimage\"},\"image\":{\"@id\":\"https:\/\/www.estrategiaconcursos.com.br\/blog\/edital-sanesul\/#primaryimage\"},\"thumbnailUrl\":\"https:\/\/dhg1h5j42swfq.cloudfront.net\/2021\/10\/07100023\/sanesul-1.jpg\",\"datePublished\":\"2021-11-20T06:00:00+00:00\",\"dateModified\":\"2025-01-23T18:18:20+00:00\",\"description\":\"Edital Sanesul: inscri\u00e7\u00f5es ENCERRADAS. Provas ser\u00e3o aplicadas em dezembro. Edital oferta 74 vagas mais CR. Acesse e saiba mais!\",\"breadcrumb\":{\"@id\":\"https:\/\/www.estrategiaconcursos.com.br\/blog\/edital-sanesul\/#breadcrumb\"},\"inLanguage\":\"pt-BR\",\"potentialAction\":[{\"@type\":\"ReadAction\",\"target\":[\"https:\/\/www.estrategiaconcursos.com.br\/blog\/edital-sanesul\/\"]}]},{\"@type\":\"ImageObject\",\"inLanguage\":\"pt-BR\",\"@id\":\"https:\/\/www.estrategiaconcursos.com.br\/blog\/edital-sanesul\/#primaryimage\",\"url\":\"https:\/\/dhg1h5j42swfq.cloudfront.net\/2021\/10\/07100023\/sanesul-1.jpg\",\"contentUrl\":\"https:\/\/dhg1h5j42swfq.cloudfront.net\/2021\/10\/07100023\/sanesul-1.jpg\",\"width\":768,\"height\":432,\"caption\":\"Concurso Sanesul resultado preliminar\"},{\"@type\":\"BreadcrumbList\",\"@id\":\"https:\/\/www.estrategiaconcursos.com.br\/blog\/edital-sanesul\/#breadcrumb\",\"itemListElement\":[{\"@type\":\"ListItem\",\"position\":1,\"name\":\"In\u00edcio\",\"item\":\"https:\/\/www.estrategiaconcursos.com.br\/blog\/\"},{\"@type\":\"ListItem\",\"position\":2,\"name\":\"Edital Sanesul est\u00e1 com as inscri\u00e7\u00f5es ENCERRADAS!\"}]},{\"@type\":\"WebSite\",\"@id\":\"https:\/\/www.estrategiaconcursos.com.br\/blog\/#website\",\"url\":\"https:\/\/www.estrategiaconcursos.com.br\/blog\/\",\"name\":\"Estrat\u00e9gia Concursos\",\"description\":\"O blog da Estrat\u00e9gia Concursos traz not\u00edcias sobre concursos e artigos de professores oferecendo cursos para concursos (pdf + videaulas) no site.\",\"publisher\":{\"@id\":\"https:\/\/www.estrategiaconcursos.com.br\/blog\/#organization\"},\"potentialAction\":[{\"@type\":\"SearchAction\",\"target\":{\"@type\":\"EntryPoint\",\"urlTemplate\":\"https:\/\/www.estrategiaconcursos.com.br\/blog\/?s={search_term_string}\"},\"query-input\":{\"@type\":\"PropertyValueSpecification\",\"valueRequired\":true,\"valueName\":\"search_term_string\"}}],\"inLanguage\":\"pt-BR\"},{\"@type\":\"Organization\",\"@id\":\"https:\/\/www.estrategiaconcursos.com.br\/blog\/#organization\",\"name\":\"Estrat\u00e9gia Concursos\",\"url\":\"https:\/\/www.estrategiaconcursos.com.br\/blog\/\",\"logo\":{\"@type\":\"ImageObject\",\"inLanguage\":\"pt-BR\",\"@id\":\"https:\/\/www.estrategiaconcursos.com.br\/blog\/#\/schema\/logo\/image\/\",\"url\":\"https:\/\/dhg1h5j42swfq.cloudfront.net\/2025\/06\/03203428\/logo_concursos-1.jpg\",\"contentUrl\":\"https:\/\/dhg1h5j42swfq.cloudfront.net\/2025\/06\/03203428\/logo_concursos-1.jpg\",\"width\":230,\"height\":60,\"caption\":\"Estrat\u00e9gia Concursos\"},\"image\":{\"@id\":\"https:\/\/www.estrategiaconcursos.com.br\/blog\/#\/schema\/logo\/image\/\"},\"sameAs\":[\"https:\/\/x.com\/EstratConcursos\"]},{\"@type\":\"Person\",\"@id\":\"https:\/\/www.estrategiaconcursos.com.br\/blog\/#\/schema\/person\/e3b6b7ce0192dd4ad270655969d61750\",\"name\":\"F\u00e1bio Scaldelai\",\"image\":{\"@type\":\"ImageObject\",\"inLanguage\":\"pt-BR\",\"@id\":\"https:\/\/secure.gravatar.com\/avatar\/8ed7492c4d88d8495bc0cb24cda6847b8ae23eec459a919e08e77d0ca0fd79ec?s=96&d=mm&r=g\",\"url\":\"https:\/\/secure.gravatar.com\/avatar\/8ed7492c4d88d8495bc0cb24cda6847b8ae23eec459a919e08e77d0ca0fd79ec?s=96&d=mm&r=g\",\"contentUrl\":\"https:\/\/secure.gravatar.com\/avatar\/8ed7492c4d88d8495bc0cb24cda6847b8ae23eec459a919e08e77d0ca0fd79ec?s=96&d=mm&r=g\",\"caption\":\"F\u00e1bio Scaldelai\"},\"description\":\"Jornalista no Estrat\u00e9gia Concursos e Produtor de Televis\u00e3o, formado em Jornalismo, R\u00e1dio e TV pela Faculdade Integrada Rio Branco, com especializa\u00e7\u00f5es em Gest\u00e3o Empresarial e Marketing pelo M\u00f3dulo. Atuou como produtor no SBT, TV Bandeirantes e R\u00e1dio Band FM, al\u00e9m de acumular tr\u00eas anos de experi\u00eancia no setor de concursos p\u00fablicos pela LFG (Luiz Fl\u00e1vio Gomes). No Estrat\u00e9gia Concursos, atua na apura\u00e7\u00e3o de not\u00edcias da \u00e1rea fiscal, al\u00e9m de coberturas sobre concursos das \u00e1reas de controle (TCU, TCE, etc), concurso AFT, \u00e1rea de gest\u00e3o e administrativa, bem como dos \u00f3rg\u00e3os participantes do CNU. Tamb\u00e9m possui experi\u00eancia em link building e an\u00e1lise de m\u00eddia, adquirida durante sua atua\u00e7\u00e3o na ag\u00eancia SEO Marketing.\",\"url\":\"https:\/\/www.estrategiaconcursos.com.br\/blog\/author\/fabio-scaldelaiestrategiaconcursos-com-br\/\"}]}<\/script>\n<!-- \/ Yoast SEO Premium plugin. -->","yoast_head_json":{"title":"Edital Sanesul est\u00e1 com as inscri\u00e7\u00f5es ENCERRADAS!","description":"Edital Sanesul: inscri\u00e7\u00f5es ENCERRADAS. Provas ser\u00e3o aplicadas em dezembro. Edital oferta 74 vagas mais CR. Acesse e saiba mais!","robots":{"index":"index","follow":"follow","max-snippet":"max-snippet:-1","max-image-preview":"max-image-preview:large","max-video-preview":"max-video-preview:-1"},"canonical":"https:\/\/www.estrategiaconcursos.com.br\/blog\/edital-sanesul\/","og_locale":"pt_BR","og_type":"article","og_title":"Edital Sanesul est\u00e1 com as inscri\u00e7\u00f5es ENCERRADAS!","og_description":"Edital Sanesul: inscri\u00e7\u00f5es ENCERRADAS. Provas ser\u00e3o aplicadas em dezembro. Edital oferta 74 vagas mais CR. Acesse e saiba mais!","og_url":"https:\/\/www.estrategiaconcursos.com.br\/blog\/edital-sanesul\/","og_site_name":"Estrat\u00e9gia Concursos","article_published_time":"2021-11-20T06:00:00+00:00","article_modified_time":"2025-01-23T18:18:20+00:00","og_image":[{"width":768,"height":432,"url":"https:\/\/dhg1h5j42swfq.cloudfront.net\/2021\/10\/07100023\/sanesul-1.jpg","type":"image\/jpeg"}],"author":"F\u00e1bio Scaldelai","twitter_card":"summary_large_image","twitter_creator":"@EstratConcursos","twitter_site":"@EstratConcursos","twitter_misc":{"Escrito por":"F\u00e1bio Scaldelai","Est. tempo de leitura":"5 minutos"},"schema":{"@context":"https:\/\/schema.org","@graph":[{"@type":"NewsArticle","@id":"https:\/\/www.estrategiaconcursos.com.br\/blog\/edital-sanesul\/#article","isPartOf":{"@id":"https:\/\/www.estrategiaconcursos.com.br\/blog\/edital-sanesul\/"},"author":{"name":"F\u00e1bio Scaldelai","@id":"https:\/\/www.estrategiaconcursos.com.br\/blog\/#\/schema\/person\/e3b6b7ce0192dd4ad270655969d61750"},"headline":"Edital Sanesul est\u00e1 com as inscri\u00e7\u00f5es ENCERRADAS!","datePublished":"2021-11-20T06:00:00+00:00","dateModified":"2025-01-23T18:18:20+00:00","mainEntityOfPage":{"@id":"https:\/\/www.estrategiaconcursos.com.br\/blog\/edital-sanesul\/"},"wordCount":818,"commentCount":0,"publisher":{"@id":"https:\/\/www.estrategiaconcursos.com.br\/blog\/#organization"},"image":{"@id":"https:\/\/www.estrategiaconcursos.com.br\/blog\/edital-sanesul\/#primaryimage"},"thumbnailUrl":"https:\/\/dhg1h5j42swfq.cloudfront.net\/2021\/10\/07100023\/sanesul-1.jpg","articleSection":["Executivo (Administrativa)","\u00daltimas not\u00edcias"],"inLanguage":"pt-BR","potentialAction":[{"@type":"CommentAction","name":"Comment","target":["https:\/\/www.estrategiaconcursos.com.br\/blog\/edital-sanesul\/#respond"]}],"copyrightYear":"2021","copyrightHolder":{"@id":"https:\/\/www.estrategiaconcursos.com.br\/blog\/#organization"}},{"@type":"WebPage","@id":"https:\/\/www.estrategiaconcursos.com.br\/blog\/edital-sanesul\/","url":"https:\/\/www.estrategiaconcursos.com.br\/blog\/edital-sanesul\/","name":"Edital Sanesul est\u00e1 com as inscri\u00e7\u00f5es ENCERRADAS!","isPartOf":{"@id":"https:\/\/www.estrategiaconcursos.com.br\/blog\/#website"},"primaryImageOfPage":{"@id":"https:\/\/www.estrategiaconcursos.com.br\/blog\/edital-sanesul\/#primaryimage"},"image":{"@id":"https:\/\/www.estrategiaconcursos.com.br\/blog\/edital-sanesul\/#primaryimage"},"thumbnailUrl":"https:\/\/dhg1h5j42swfq.cloudfront.net\/2021\/10\/07100023\/sanesul-1.jpg","datePublished":"2021-11-20T06:00:00+00:00","dateModified":"2025-01-23T18:18:20+00:00","description":"Edital Sanesul: inscri\u00e7\u00f5es ENCERRADAS. Provas ser\u00e3o aplicadas em dezembro. Edital oferta 74 vagas mais CR. Acesse e saiba mais!","breadcrumb":{"@id":"https:\/\/www.estrategiaconcursos.com.br\/blog\/edital-sanesul\/#breadcrumb"},"inLanguage":"pt-BR","potentialAction":[{"@type":"ReadAction","target":["https:\/\/www.estrategiaconcursos.com.br\/blog\/edital-sanesul\/"]}]},{"@type":"ImageObject","inLanguage":"pt-BR","@id":"https:\/\/www.estrategiaconcursos.com.br\/blog\/edital-sanesul\/#primaryimage","url":"https:\/\/dhg1h5j42swfq.cloudfront.net\/2021\/10\/07100023\/sanesul-1.jpg","contentUrl":"https:\/\/dhg1h5j42swfq.cloudfront.net\/2021\/10\/07100023\/sanesul-1.jpg","width":768,"height":432,"caption":"Concurso Sanesul resultado preliminar"},{"@type":"BreadcrumbList","@id":"https:\/\/www.estrategiaconcursos.com.br\/blog\/edital-sanesul\/#breadcrumb","itemListElement":[{"@type":"ListItem","position":1,"name":"In\u00edcio","item":"https:\/\/www.estrategiaconcursos.com.br\/blog\/"},{"@type":"ListItem","position":2,"name":"Edital Sanesul est\u00e1 com as inscri\u00e7\u00f5es ENCERRADAS!"}]},{"@type":"WebSite","@id":"https:\/\/www.estrategiaconcursos.com.br\/blog\/#website","url":"https:\/\/www.estrategiaconcursos.com.br\/blog\/","name":"Estrat\u00e9gia Concursos","description":"O blog da Estrat\u00e9gia Concursos traz not\u00edcias sobre concursos e artigos de professores oferecendo cursos para concursos (pdf + videaulas) no site.","publisher":{"@id":"https:\/\/www.estrategiaconcursos.com.br\/blog\/#organization"},"potentialAction":[{"@type":"SearchAction","target":{"@type":"EntryPoint","urlTemplate":"https:\/\/www.estrategiaconcursos.com.br\/blog\/?s={search_term_string}"},"query-input":{"@type":"PropertyValueSpecification","valueRequired":true,"valueName":"search_term_string"}}],"inLanguage":"pt-BR"},{"@type":"Organization","@id":"https:\/\/www.estrategiaconcursos.com.br\/blog\/#organization","name":"Estrat\u00e9gia Concursos","url":"https:\/\/www.estrategiaconcursos.com.br\/blog\/","logo":{"@type":"ImageObject","inLanguage":"pt-BR","@id":"https:\/\/www.estrategiaconcursos.com.br\/blog\/#\/schema\/logo\/image\/","url":"https:\/\/dhg1h5j42swfq.cloudfront.net\/2025\/06\/03203428\/logo_concursos-1.jpg","contentUrl":"https:\/\/dhg1h5j42swfq.cloudfront.net\/2025\/06\/03203428\/logo_concursos-1.jpg","width":230,"height":60,"caption":"Estrat\u00e9gia Concursos"},"image":{"@id":"https:\/\/www.estrategiaconcursos.com.br\/blog\/#\/schema\/logo\/image\/"},"sameAs":["https:\/\/x.com\/EstratConcursos"]},{"@type":"Person","@id":"https:\/\/www.estrategiaconcursos.com.br\/blog\/#\/schema\/person\/e3b6b7ce0192dd4ad270655969d61750","name":"F\u00e1bio Scaldelai","image":{"@type":"ImageObject","inLanguage":"pt-BR","@id":"https:\/\/secure.gravatar.com\/avatar\/8ed7492c4d88d8495bc0cb24cda6847b8ae23eec459a919e08e77d0ca0fd79ec?s=96&d=mm&r=g","url":"https:\/\/secure.gravatar.com\/avatar\/8ed7492c4d88d8495bc0cb24cda6847b8ae23eec459a919e08e77d0ca0fd79ec?s=96&d=mm&r=g","contentUrl":"https:\/\/secure.gravatar.com\/avatar\/8ed7492c4d88d8495bc0cb24cda6847b8ae23eec459a919e08e77d0ca0fd79ec?s=96&d=mm&r=g","caption":"F\u00e1bio Scaldelai"},"description":"Jornalista no Estrat\u00e9gia Concursos e Produtor de Televis\u00e3o, formado em Jornalismo, R\u00e1dio e TV pela Faculdade Integrada Rio Branco, com especializa\u00e7\u00f5es em Gest\u00e3o Empresarial e Marketing pelo M\u00f3dulo. Atuou como produtor no SBT, TV Bandeirantes e R\u00e1dio Band FM, al\u00e9m de acumular tr\u00eas anos de experi\u00eancia no setor de concursos p\u00fablicos pela LFG (Luiz Fl\u00e1vio Gomes). No Estrat\u00e9gia Concursos, atua na apura\u00e7\u00e3o de not\u00edcias da \u00e1rea fiscal, al\u00e9m de coberturas sobre concursos das \u00e1reas de controle (TCU, TCE, etc), concurso AFT, \u00e1rea de gest\u00e3o e administrativa, bem como dos \u00f3rg\u00e3os participantes do CNU. Tamb\u00e9m possui experi\u00eancia em link building e an\u00e1lise de m\u00eddia, adquirida durante sua atua\u00e7\u00e3o na ag\u00eancia SEO Marketing.","url":"https:\/\/www.estrategiaconcursos.com.br\/blog\/author\/fabio-scaldelaiestrategiaconcursos-com-br\/"}]}},"_links":{"self":[{"href":"https:\/\/www.estrategiaconcursos.com.br\/blog\/wp-json\/wp\/v2\/posts\/875367","targetHints":{"allow":["GET"]}}],"collection":[{"href":"https:\/\/www.estrategiaconcursos.com.br\/blog\/wp-json\/wp\/v2\/posts"}],"about":[{"href":"https:\/\/www.estrategiaconcursos.com.br\/blog\/wp-json\/wp\/v2\/types\/post"}],"author":[{"embeddable":true,"href":"https:\/\/www.estrategiaconcursos.com.br\/blog\/wp-json\/wp\/v2\/users\/656"}],"replies":[{"embeddable":true,"href":"https:\/\/www.estrategiaconcursos.com.br\/blog\/wp-json\/wp\/v2\/comments?post=875367"}],"version-history":[{"count":34,"href":"https:\/\/www.estrategiaconcursos.com.br\/blog\/wp-json\/wp\/v2\/posts\/875367\/revisions"}],"predecessor-version":[{"id":912826,"href":"https:\/\/www.estrategiaconcursos.com.br\/blog\/wp-json\/wp\/v2\/posts\/875367\/revisions\/912826"}],"wp:featuredmedia":[{"embeddable":true,"href":"https:\/\/www.estrategiaconcursos.com.br\/blog\/wp-json\/wp\/v2\/media\/879595"}],"wp:attachment":[{"href":"https:\/\/www.estrategiaconcursos.com.br\/blog\/wp-json\/wp\/v2\/media?parent=875367"}],"wp:term":[{"taxonomy":"category","embeddable":true,"href":"https:\/\/www.estrategiaconcursos.com.br\/blog\/wp-json\/wp\/v2\/categories?post=875367"},{"taxonomy":"post_tag","embeddable":true,"href":"https:\/\/www.estrategiaconcursos.com.br\/blog\/wp-json\/wp\/v2\/tags?post=875367"},{"taxonomy":"tax_estado","embeddable":true,"href":"https:\/\/www.estrategiaconcursos.com.br\/blog\/wp-json\/wp\/v2\/tax_estado?post=875367"}],"curies":[{"name":"wp","href":"https:\/\/api.w.org\/{rel}","templated":true}]}}