{"id":87505,"date":"2017-08-31T00:56:52","date_gmt":"2017-08-31T03:56:52","guid":{"rendered":"https:\/\/www.estrategiaconcursos.com.br\/blog\/?p=87505"},"modified":"2017-09-01T16:18:38","modified_gmt":"2017-09-01T19:18:38","slug":"trt-sc-recurso-tjaa-administracao-publica","status":"publish","type":"post","link":"https:\/\/www.estrategiaconcursos.com.br\/blog\/trt-sc-recurso-tjaa-administracao-publica\/","title":{"rendered":"TRT-SC &#8211; RECURSO TJAA &#8211; Administra\u00e7\u00e3o P\u00fablica"},"content":{"rendered":"<p>Ol\u00e1 pessoal,<\/p>\n<p style=\"text-align: justify;\">No domingo comentei as quest\u00f5es da FGV, antes de o edital ser publicado. Na segunda o gabarito preliminar foi divulgado e na minha opini\u00e3o, olhando com mais calma, identifiquei uma quest\u00e3o que extrapolou o edital.<\/p>\n<p>Estou falando da quest\u00e3o 58 da prova Tipo 3 &#8211; Amarela para TJAA.<\/p>\n<p style=\"text-align: justify;\">Veja, Minha mat\u00e9ria n\u00e3o continha a Lei de Responsabilidade Fiscal (LRF). Continha a LC 131\/2009 que altera o artigo da LRF (o art. 48). Mas a referida LC n\u00e3o altera o caput do artigo 48. E para resolver a quest\u00e3o, voc\u00ea precisava do&#8230;caput! Entendeu? E n\u00e3o sou professor de AFO. Por isso, atenho-me nessa proposta de recurso a analisar sob o que estava no edital, ou seja, a LC 131\/2009.<\/p>\n<p>Ora, como cobrar algo que dependia de algo que n\u00e3o foi alterado pela LC 131\/2009? Foi isso que aconteceu, de acordo com o gabarito.<\/p>\n<p>O caput que reproduzo logo abaixo N\u00c3O foi alterado pela LC 131\/2009! Logo, nada do que est\u00e1 nele poderia ser cobrado. Veja no final do artigo a reprodu\u00e7\u00e3o da lei por completo.<\/p>\n<p align=\"JUSTIFY\"><em><small><span style=\"font-family: Arial;\">\u00a0 \u00a0 \u00a0 \u00a0Art. 48.<b>\u00a0<\/b><strong>S\u00e3o instrumentos de transpar\u00eancia da gest\u00e3o fiscal,<\/strong> aos quais ser\u00e1 dada ampla divulga\u00e7\u00e3o, inclusive em meios eletr\u00f4nicos de acesso p\u00fablico: <strong>os planos, or\u00e7amentos e leis de diretrizes or\u00e7ament\u00e1rias<\/strong>; <strong>as presta\u00e7\u00f5es de contas e o respectivo parecer pr\u00e9vio<\/strong>; <strong>o Relat\u00f3rio Resumido da Execu\u00e7\u00e3o Or\u00e7ament\u00e1ria e o Relat\u00f3rio de Gest\u00e3o Fiscal<\/strong>; <strong>e as vers\u00f5es simplificadas desses documentos. [<span style=\"color: #ff0000;\"> O CAPUT DO ARTIGO 48 DA LRF N\u00c3O EST\u00c1 NO EDITAL, POIS ELE N\u00c3O FOI ALTERADO PELA LC 131\/2009 &#8211; ESSA SIM PEDIDA EM EDITAL]<\/span><\/strong><\/span><\/small><\/em><\/p>\n<p><span style=\"text-decoration: underline;\">Veja a quest\u00e3o:<\/span><\/p>\n<p>&nbsp;<\/p>\n<p><a href=\"https:\/\/dhg1h5j42swfq.cloudfront.net\/2017\/08\/31001626\/Captura-de-Tela-2017-08-31-a%CC%80s-00.15.59.jpg\"><img loading=\"lazy\" decoding=\"async\" class=\"aligncenter size-full wp-image-87506\" src=\"https:\/\/dhg1h5j42swfq.cloudfront.net\/2017\/08\/31001626\/Captura-de-Tela-2017-08-31-a%CC%80s-00.15.59.jpg\" alt=\"\" width=\"718\" height=\"378\" srcset=\"https:\/\/dhg1h5j42swfq.cloudfront.net\/2017\/08\/31001626\/Captura-de-Tela-2017-08-31-a%CC%80s-00.15.59.jpg 718w, https:\/\/dhg1h5j42swfq.cloudfront.net\/2017\/08\/31001626\/Captura-de-Tela-2017-08-31-a%CC%80s-00.15.59.jpg 300w, https:\/\/dhg1h5j42swfq.cloudfront.net\/2017\/08\/31001626\/Captura-de-Tela-2017-08-31-a%CC%80s-00.15.59.jpg 610w\" sizes=\"auto, (max-width: 718px) 100vw, 718px\" \/><\/a>Pela mentalidade da FGV:<\/p>\n<ul>\n<li>A letra A poderia estar certa (mas poderia ser considerada incompleta)<\/li>\n<li>A letra D estaria correta (foi o gabarito dado)<\/li>\n<li>A letra E tamb\u00e9m estaria correta<\/li>\n<li>A letra C \u00e9 a que estaria mais pr\u00f3xima do que foi pedido no edital, ou seja, \u00a0a LC 131\/2009. Mas olhando com calma tamb\u00e9m estaria errada em seu final.<\/li>\n<li>A letra B nem est\u00e1 na LC 131\/2009<\/li>\n<li><strong><span style=\"color: #ff0000;\">LC 131\/2009 &#8211; <\/span><\/strong>\n<p><strong><span style=\"color: #ff0000;\">A transpar\u00eancia ser\u00e1 assegurada<\/span> tamb\u00e9m mediante:\u00a0<\/strong><\/p>\n<p>I \u2013 incentivo \u00e0 participa\u00e7\u00e3o popular e<span style=\"color: #ff0000;\"> realiza\u00e7\u00e3o de audi\u00eancias p\u00fablicas, durante os processos de elabora\u00e7\u00e3o e discuss\u00e3o dos planos,<\/span> lei de diretrizes or\u00e7ament\u00e1rias e or\u00e7amentos;<\/li>\n<\/ul>\n<p>Diante disso, sugiro que seja pedida a anula\u00e7\u00e3o dessa quest\u00e3o. Recomendo escrever com suas palavras, de forma respeitosa \u00e0 Banca. Se voc\u00ea copiar do jeito que est\u00e1 aqui, suas chances s\u00e3o quase zero. Cite a pr\u00f3pria LC 101\/2000 (LRF) como fonte e escolha o livro de algum autor que possa embasar seu pedido. Voc\u00ea possui duas tentativas: a) extrapola\u00e7\u00e3o do edital por falta de cobran\u00e7a do que se restringia \u00e0 LC 131\/2009; b) mais de uma resposta correta caso se utilize da LC 101\/2000 que n\u00e3o constava do edital de &#8220;No\u00e7\u00f5es de Administra\u00e7\u00e3o P\u00fablica&#8221;.<\/p>\n<p>Veja a LC inteira. Ela \u00e9 bem curta:<\/p>\n<p><strong>O\u00a0PRESIDENTE DA REP\u00daBLICA\u00a0<\/strong>Fa\u00e7o saber que o Congresso Nacional decreta e eu sanciono a seguinte Lei Complementar:<\/p>\n<p>&nbsp;<\/p>\n<p style=\"padding-left: 60px;\"><span style=\"font-size: 10pt;\"><strong><span style=\"color: #000080;\">LEI COMPLEMENTAR N\u00ba 131, DE 27 DE MAIO DE 2009<\/span><\/strong><\/span><\/p>\n<p style=\"padding-left: 60px;\"><span style=\"font-size: 10pt;\">Art. 1<u><sup>o<\/sup><\/u>\u00a0 O art. 48 da Lei Complementar n<u><sup>o<\/sup><\/u>\u00a0101, de 4 de maio de 2000, passa a vigorar com a seguinte reda\u00e7\u00e3o:\u00a0<\/span><\/p>\n<p style=\"padding-left: 60px;\"><span style=\"font-size: 10pt;\">\u201cArt. 48.\u00a0 &#8230;&#8230;&#8230;&#8230;&#8230;&#8230;&#8230;&#8230;&#8230;&#8230;&#8230;&#8230;&#8230;&#8230;&#8230;&#8230;&#8230;&#8230;&#8230;&#8230;&#8230;&#8230;&#8230;&#8230;&#8230;&#8230;&#8230;..\u00a0<\/span><\/p>\n<p style=\"padding-left: 60px;\"><span style=\"font-size: 10pt;\"><a href=\"http:\/\/www.planalto.gov.br\/ccivil_03\/leis\/lcp\/Lcp101.htm#art48p.\">Par\u00e1grafo \u00fanico<\/a>.\u00a0 A transpar\u00eancia ser\u00e1 assegurada tamb\u00e9m mediante:\u00a0<\/span><\/p>\n<p style=\"padding-left: 60px;\"><span style=\"font-size: 10pt;\">I \u2013 incentivo \u00e0 participa\u00e7\u00e3o popular e realiza\u00e7\u00e3o de audi\u00eancias p\u00fablicas, durante os processos de elabora\u00e7\u00e3o e discuss\u00e3o dos planos, lei de diretrizes or\u00e7ament\u00e1rias e or\u00e7amentos;\u00a0<\/span><\/p>\n<p style=\"padding-left: 60px;\"><span style=\"font-size: 10pt;\">II \u2013 libera\u00e7\u00e3o ao pleno conhecimento e acompanhamento da sociedade, em tempo real, de informa\u00e7\u00f5es pormenorizadas sobre a execu\u00e7\u00e3o or\u00e7ament\u00e1ria e financeira, em meios eletr\u00f4nicos de acesso p\u00fablico;\u00a0<\/span><\/p>\n<p style=\"padding-left: 60px;\"><span style=\"font-size: 10pt;\">III \u2013 ado\u00e7\u00e3o de sistema integrado de administra\u00e7\u00e3o financeira e controle, que atenda a padr\u00e3o m\u00ednimo de qualidade estabelecido pelo Poder Executivo da Uni\u00e3o e ao disposto no art. 48-A.\u201d\u00a0(NR)\u00a0<\/span><\/p>\n<p style=\"padding-left: 60px;\"><span style=\"font-size: 10pt;\">Art. 2<u><sup>o<\/sup><\/u>\u00a0 A Lei Complementar n<u><sup>o<\/sup><\/u>\u00a0101, de 4 de maio de 2000, passa a vigorar acrescida dos seguintes arts. 48-A, 73-A, 73-B e 73-C:\u00a0<\/span><\/p>\n<p style=\"padding-left: 60px;\"><span style=\"font-size: 10pt;\">\u201c<a href=\"http:\/\/www.planalto.gov.br\/ccivil_03\/leis\/lcp\/Lcp101.htm#art48a\">Art. 48-A.<\/a>\u00a0 Para os fins a que se refere o inciso II do par\u00e1grafo \u00fanico do art. 48, os entes da Federa\u00e7\u00e3o disponibilizar\u00e3o a qualquer pessoa f\u00edsica ou jur\u00eddica o acesso a informa\u00e7\u00f5es referentes a:\u00a0<\/span><\/p>\n<p style=\"padding-left: 60px;\"><span style=\"font-size: 10pt;\">I \u2013 quanto \u00e0 despesa: todos os atos praticados pelas unidades gestoras no decorrer da execu\u00e7\u00e3o da despesa, no momento de sua realiza\u00e7\u00e3o, com a disponibiliza\u00e7\u00e3o m\u00ednima dos dados referentes ao n\u00famero do correspondente processo, ao bem fornecido ou ao servi\u00e7o prestado, \u00e0 pessoa f\u00edsica ou jur\u00eddica benefici\u00e1ria do pagamento e, quando for o caso, ao procedimento licitat\u00f3rio realizado;\u00a0<\/span><\/p>\n<p style=\"padding-left: 60px;\"><span style=\"font-size: 10pt;\">II \u2013 quanto \u00e0 receita: o lan\u00e7amento e o recebimento de toda a receita das unidades gestoras, inclusive referente a recursos extraordin\u00e1rios.\u201d\u00a0<\/span><\/p>\n<p style=\"padding-left: 60px;\"><span style=\"font-size: 10pt;\">\u201c<a href=\"http:\/\/www.planalto.gov.br\/ccivil_03\/leis\/lcp\/Lcp101.htm#art73a\">Art. 73-A.<\/a>\u00a0\u00a0Qualquer cidad\u00e3o, partido pol\u00edtico, associa\u00e7\u00e3o ou sindicato \u00e9 parte leg\u00edtima para denunciar ao respectivo Tribunal de Contas e ao \u00f3rg\u00e3o competente do Minist\u00e9rio P\u00fablico o descumprimento das prescri\u00e7\u00f5es estabelecidas nesta Lei Complementar.\u201d\u00a0<\/span><\/p>\n<p style=\"padding-left: 60px;\"><span style=\"font-size: 10pt;\">\u201c<a href=\"http:\/\/www.planalto.gov.br\/ccivil_03\/leis\/lcp\/Lcp101.htm#art73b\">Art. 73-B.<\/a>\u00a0 Ficam estabelecidos os seguintes prazos para o cumprimento das determina\u00e7\u00f5es dispostas nos incisos II e III do par\u00e1grafo \u00fanico do art. 48 e do art. 48-A:\u00a0<\/span><\/p>\n<p style=\"padding-left: 60px;\"><span style=\"font-size: 10pt;\">I \u2013 1 (um) ano para a Uni\u00e3o, os Estados, o Distrito Federal e os Munic\u00edpios com mais de 100.000 (cem mil) habitantes;\u00a0<\/span><\/p>\n<p style=\"padding-left: 60px;\"><span style=\"font-size: 10pt;\">II \u2013 2 (dois) anos para os Munic\u00edpios que tenham entre 50.000 (cinquenta mil) e 100.000 (cem mil) habitantes;\u00a0<\/span><\/p>\n<p style=\"padding-left: 60px;\"><span style=\"font-size: 10pt;\">III \u2013 4 (quatro) anos para os Munic\u00edpios que tenham at\u00e9 50.000 (cinquenta mil) habitantes.\u00a0<\/span><\/p>\n<p style=\"padding-left: 60px;\"><span style=\"font-size: 10pt;\">Par\u00e1grafo \u00fanico.\u00a0 Os prazos estabelecidos neste artigo ser\u00e3o contados a partir da data de publica\u00e7\u00e3o da lei complementar que introduziu os dispositivos referidos no\u00a0caput<em>\u00a0<\/em>deste artigo.\u201d\u00a0<\/span><\/p>\n<p style=\"padding-left: 60px;\"><span style=\"font-size: 10pt;\">\u201c<a href=\"http:\/\/www.planalto.gov.br\/ccivil_03\/leis\/lcp\/Lcp101.htm#art73c\">Art. 73-C.\u00a0<\/a>\u00a0O n\u00e3o atendimento, at\u00e9 o encerramento dos prazos previstos no art. 73-B, das determina\u00e7\u00f5es contidas nos incisos II e III do par\u00e1grafo \u00fanico do art. 48 e no art. 48-A sujeita o ente \u00e0 san\u00e7\u00e3o prevista no inciso I do \u00a7 3<u><sup>o<\/sup><\/u>\u00a0do art. 23.\u201d\u00a0<\/span><\/p>\n<p style=\"padding-left: 60px;\"><span style=\"font-size: 10pt;\">Art. 3<u><sup>o<\/sup><\/u>\u00a0 Esta Lei Complementar entra em vigor na data de sua publica\u00e7\u00e3o.\u00a0<\/span><\/p>\n<p style=\"padding-left: 60px;\"><span style=\"font-size: 10pt;\">Bras\u00edlia,\u00a0 27\u00a0 de\u00a0 maio\u00a0 de 2009; 188<u><sup>o<\/sup><\/u>\u00a0da Independ\u00eancia e 121<u><sup>o<\/sup><\/u>\u00a0da Rep\u00fablica.\u00a0<\/span><\/p>\n<p style=\"padding-left: 60px;\"><span style=\"font-size: 10pt;\">LUIZ IN\u00c1CIO LULA DA SILVA\u00a0<\/span><br \/>\n<span style=\"font-size: 10pt;\"><em>Tarso Genro<br \/>\nGuido Mantega<br \/>\nPaulo Bernardo Silva<br \/>\n<\/em><em>Luiz Augusto Fraga Navarro de Britto Filho<\/em><\/span><\/p>\n<p>&nbsp;<\/p>\n<p>Um abra\u00e7o<\/p>\n<p>Ronaldo Fonseca<\/p>\n<p>&nbsp;<\/p>\n<p>&nbsp;<\/p>\n","protected":false},"excerpt":{"rendered":"<p>Ol\u00e1 pessoal, No domingo comentei as quest\u00f5es da FGV, antes de o edital ser publicado. Na segunda o gabarito preliminar foi divulgado e na minha opini\u00e3o, olhando com mais calma, identifiquei uma quest\u00e3o que extrapolou o edital. Estou falando da quest\u00e3o 58 da prova Tipo 3 &#8211; Amarela para TJAA. Veja, Minha mat\u00e9ria n\u00e3o continha [&hellip;]<\/p>\n","protected":false},"author":48,"featured_media":0,"comment_status":"open","ping_status":"open","sticky":false,"template":"","format":"standard","meta":{"post_tipo":"article","footnotes":""},"categories":[1,1984],"tags":[],"tax_estado":[],"class_list":["post-87505","post","type-post","status-publish","format-standard","hentry","category-cursos-e-concursos","category-tribunais"],"acf":[],"yoast_head":"<!-- This site is optimized with the Yoast SEO Premium plugin v27.2 (Yoast SEO v27.2) - https:\/\/yoast.com\/product\/yoast-seo-premium-wordpress\/ -->\n<title>TRT-SC - RECURSO TJAA - Administra\u00e7\u00e3o P\u00fablica<\/title>\n<meta name=\"robots\" content=\"index, follow, max-snippet:-1, max-image-preview:large, max-video-preview:-1\" \/>\n<link rel=\"canonical\" href=\"https:\/\/www.estrategiaconcursos.com.br\/blog\/trt-sc-recurso-tjaa-administracao-publica\/\" \/>\n<meta property=\"og:locale\" content=\"pt_BR\" \/>\n<meta property=\"og:type\" content=\"article\" \/>\n<meta property=\"og:title\" content=\"TRT-SC - RECURSO TJAA - Administra\u00e7\u00e3o P\u00fablica\" \/>\n<meta property=\"og:description\" content=\"Ol\u00e1 pessoal, No domingo comentei as quest\u00f5es da FGV, antes de o edital ser publicado. Na segunda o gabarito preliminar foi divulgado e na minha opini\u00e3o, olhando com mais calma, identifiquei uma quest\u00e3o que extrapolou o edital. Estou falando da quest\u00e3o 58 da prova Tipo 3 &#8211; Amarela para TJAA. Veja, Minha mat\u00e9ria n\u00e3o continha [&hellip;]\" \/>\n<meta property=\"og:url\" content=\"https:\/\/www.estrategiaconcursos.com.br\/blog\/trt-sc-recurso-tjaa-administracao-publica\/\" \/>\n<meta property=\"og:site_name\" content=\"Estrat\u00e9gia Concursos\" \/>\n<meta property=\"article:published_time\" content=\"2017-08-31T03:56:52+00:00\" \/>\n<meta property=\"article:modified_time\" content=\"2017-09-01T19:18:38+00:00\" \/>\n<meta name=\"author\" content=\"Coordena\u00e7\u00e3o\" \/>\n<meta name=\"twitter:card\" content=\"summary_large_image\" \/>\n<meta name=\"twitter:creator\" content=\"@EstratConcursos\" \/>\n<meta name=\"twitter:site\" content=\"@EstratConcursos\" \/>\n<meta name=\"twitter:label1\" content=\"Escrito por\" \/>\n\t<meta name=\"twitter:data1\" content=\"Coordena\u00e7\u00e3o\" \/>\n\t<meta name=\"twitter:label2\" content=\"Est. tempo de leitura\" \/>\n\t<meta name=\"twitter:data2\" content=\"5 minutos\" \/>\n<script type=\"application\/ld+json\" class=\"yoast-schema-graph\">{\"@context\":\"https:\/\/schema.org\",\"@graph\":[{\"@type\":\"NewsArticle\",\"@id\":\"https:\/\/www.estrategiaconcursos.com.br\/blog\/trt-sc-recurso-tjaa-administracao-publica\/#article\",\"isPartOf\":{\"@id\":\"https:\/\/www.estrategiaconcursos.com.br\/blog\/trt-sc-recurso-tjaa-administracao-publica\/\"},\"author\":{\"name\":\"Coordena\u00e7\u00e3o\",\"@id\":\"https:\/\/www.estrategiaconcursos.com.br\/blog\/#\/schema\/person\/cdad40b5818eb228a838461fcd656da7\"},\"headline\":\"TRT-SC &#8211; RECURSO TJAA &#8211; Administra\u00e7\u00e3o P\u00fablica\",\"datePublished\":\"2017-08-31T03:56:52+00:00\",\"dateModified\":\"2017-09-01T19:18:38+00:00\",\"mainEntityOfPage\":{\"@id\":\"https:\/\/www.estrategiaconcursos.com.br\/blog\/trt-sc-recurso-tjaa-administracao-publica\/\"},\"wordCount\":1079,\"commentCount\":0,\"publisher\":{\"@id\":\"https:\/\/www.estrategiaconcursos.com.br\/blog\/#organization\"},\"articleSection\":[\"Concursos P\u00fablicos\",\"Tribunais\"],\"inLanguage\":\"pt-BR\",\"potentialAction\":[{\"@type\":\"CommentAction\",\"name\":\"Comment\",\"target\":[\"https:\/\/www.estrategiaconcursos.com.br\/blog\/trt-sc-recurso-tjaa-administracao-publica\/#respond\"]}],\"copyrightYear\":\"2017\",\"copyrightHolder\":{\"@id\":\"https:\/\/www.estrategiaconcursos.com.br\/blog\/#organization\"}},{\"@type\":\"WebPage\",\"@id\":\"https:\/\/www.estrategiaconcursos.com.br\/blog\/trt-sc-recurso-tjaa-administracao-publica\/\",\"url\":\"https:\/\/www.estrategiaconcursos.com.br\/blog\/trt-sc-recurso-tjaa-administracao-publica\/\",\"name\":\"TRT-SC - RECURSO TJAA - Administra\u00e7\u00e3o P\u00fablica\",\"isPartOf\":{\"@id\":\"https:\/\/www.estrategiaconcursos.com.br\/blog\/#website\"},\"datePublished\":\"2017-08-31T03:56:52+00:00\",\"dateModified\":\"2017-09-01T19:18:38+00:00\",\"breadcrumb\":{\"@id\":\"https:\/\/www.estrategiaconcursos.com.br\/blog\/trt-sc-recurso-tjaa-administracao-publica\/#breadcrumb\"},\"inLanguage\":\"pt-BR\",\"potentialAction\":[{\"@type\":\"ReadAction\",\"target\":[\"https:\/\/www.estrategiaconcursos.com.br\/blog\/trt-sc-recurso-tjaa-administracao-publica\/\"]}]},{\"@type\":\"BreadcrumbList\",\"@id\":\"https:\/\/www.estrategiaconcursos.com.br\/blog\/trt-sc-recurso-tjaa-administracao-publica\/#breadcrumb\",\"itemListElement\":[{\"@type\":\"ListItem\",\"position\":1,\"name\":\"In\u00edcio\",\"item\":\"https:\/\/www.estrategiaconcursos.com.br\/blog\/\"},{\"@type\":\"ListItem\",\"position\":2,\"name\":\"TRT-SC &#8211; RECURSO TJAA &#8211; Administra\u00e7\u00e3o P\u00fablica\"}]},{\"@type\":\"WebSite\",\"@id\":\"https:\/\/www.estrategiaconcursos.com.br\/blog\/#website\",\"url\":\"https:\/\/www.estrategiaconcursos.com.br\/blog\/\",\"name\":\"Estrat\u00e9gia Concursos\",\"description\":\"O blog da Estrat\u00e9gia Concursos traz not\u00edcias sobre concursos e artigos de professores oferecendo cursos para concursos (pdf + videaulas) no site.\",\"publisher\":{\"@id\":\"https:\/\/www.estrategiaconcursos.com.br\/blog\/#organization\"},\"potentialAction\":[{\"@type\":\"SearchAction\",\"target\":{\"@type\":\"EntryPoint\",\"urlTemplate\":\"https:\/\/www.estrategiaconcursos.com.br\/blog\/?s={search_term_string}\"},\"query-input\":{\"@type\":\"PropertyValueSpecification\",\"valueRequired\":true,\"valueName\":\"search_term_string\"}}],\"inLanguage\":\"pt-BR\"},{\"@type\":\"Organization\",\"@id\":\"https:\/\/www.estrategiaconcursos.com.br\/blog\/#organization\",\"name\":\"Estrat\u00e9gia Concursos\",\"url\":\"https:\/\/www.estrategiaconcursos.com.br\/blog\/\",\"logo\":{\"@type\":\"ImageObject\",\"inLanguage\":\"pt-BR\",\"@id\":\"https:\/\/www.estrategiaconcursos.com.br\/blog\/#\/schema\/logo\/image\/\",\"url\":\"https:\/\/dhg1h5j42swfq.cloudfront.net\/2025\/06\/03203428\/logo_concursos-1.jpg\",\"contentUrl\":\"https:\/\/dhg1h5j42swfq.cloudfront.net\/2025\/06\/03203428\/logo_concursos-1.jpg\",\"width\":230,\"height\":60,\"caption\":\"Estrat\u00e9gia Concursos\"},\"image\":{\"@id\":\"https:\/\/www.estrategiaconcursos.com.br\/blog\/#\/schema\/logo\/image\/\"},\"sameAs\":[\"https:\/\/x.com\/EstratConcursos\"]},{\"@type\":\"Person\",\"@id\":\"https:\/\/www.estrategiaconcursos.com.br\/blog\/#\/schema\/person\/cdad40b5818eb228a838461fcd656da7\",\"name\":\"Coordena\u00e7\u00e3o\",\"image\":{\"@type\":\"ImageObject\",\"inLanguage\":\"pt-BR\",\"@id\":\"https:\/\/secure.gravatar.com\/avatar\/a413b22da0f5009c634f6c4586a2dbe5207074fd5becd88db5183b8069ef25e4?s=96&d=mm&r=g\",\"url\":\"https:\/\/secure.gravatar.com\/avatar\/a413b22da0f5009c634f6c4586a2dbe5207074fd5becd88db5183b8069ef25e4?s=96&d=mm&r=g\",\"contentUrl\":\"https:\/\/secure.gravatar.com\/avatar\/a413b22da0f5009c634f6c4586a2dbe5207074fd5becd88db5183b8069ef25e4?s=96&d=mm&r=g\",\"caption\":\"Coordena\u00e7\u00e3o\"},\"url\":\"https:\/\/www.estrategiaconcursos.com.br\/blog\/author\/contatoestrategiaconcursos-com-br\/\"}]}<\/script>\n<!-- \/ Yoast SEO Premium plugin. -->","yoast_head_json":{"title":"TRT-SC - RECURSO TJAA - Administra\u00e7\u00e3o P\u00fablica","robots":{"index":"index","follow":"follow","max-snippet":"max-snippet:-1","max-image-preview":"max-image-preview:large","max-video-preview":"max-video-preview:-1"},"canonical":"https:\/\/www.estrategiaconcursos.com.br\/blog\/trt-sc-recurso-tjaa-administracao-publica\/","og_locale":"pt_BR","og_type":"article","og_title":"TRT-SC - RECURSO TJAA - Administra\u00e7\u00e3o P\u00fablica","og_description":"Ol\u00e1 pessoal, No domingo comentei as quest\u00f5es da FGV, antes de o edital ser publicado. Na segunda o gabarito preliminar foi divulgado e na minha opini\u00e3o, olhando com mais calma, identifiquei uma quest\u00e3o que extrapolou o edital. Estou falando da quest\u00e3o 58 da prova Tipo 3 &#8211; Amarela para TJAA. Veja, Minha mat\u00e9ria n\u00e3o continha [&hellip;]","og_url":"https:\/\/www.estrategiaconcursos.com.br\/blog\/trt-sc-recurso-tjaa-administracao-publica\/","og_site_name":"Estrat\u00e9gia Concursos","article_published_time":"2017-08-31T03:56:52+00:00","article_modified_time":"2017-09-01T19:18:38+00:00","author":"Coordena\u00e7\u00e3o","twitter_card":"summary_large_image","twitter_creator":"@EstratConcursos","twitter_site":"@EstratConcursos","twitter_misc":{"Escrito por":"Coordena\u00e7\u00e3o","Est. tempo de leitura":"5 minutos"},"schema":{"@context":"https:\/\/schema.org","@graph":[{"@type":"NewsArticle","@id":"https:\/\/www.estrategiaconcursos.com.br\/blog\/trt-sc-recurso-tjaa-administracao-publica\/#article","isPartOf":{"@id":"https:\/\/www.estrategiaconcursos.com.br\/blog\/trt-sc-recurso-tjaa-administracao-publica\/"},"author":{"name":"Coordena\u00e7\u00e3o","@id":"https:\/\/www.estrategiaconcursos.com.br\/blog\/#\/schema\/person\/cdad40b5818eb228a838461fcd656da7"},"headline":"TRT-SC &#8211; RECURSO TJAA &#8211; Administra\u00e7\u00e3o P\u00fablica","datePublished":"2017-08-31T03:56:52+00:00","dateModified":"2017-09-01T19:18:38+00:00","mainEntityOfPage":{"@id":"https:\/\/www.estrategiaconcursos.com.br\/blog\/trt-sc-recurso-tjaa-administracao-publica\/"},"wordCount":1079,"commentCount":0,"publisher":{"@id":"https:\/\/www.estrategiaconcursos.com.br\/blog\/#organization"},"articleSection":["Concursos P\u00fablicos","Tribunais"],"inLanguage":"pt-BR","potentialAction":[{"@type":"CommentAction","name":"Comment","target":["https:\/\/www.estrategiaconcursos.com.br\/blog\/trt-sc-recurso-tjaa-administracao-publica\/#respond"]}],"copyrightYear":"2017","copyrightHolder":{"@id":"https:\/\/www.estrategiaconcursos.com.br\/blog\/#organization"}},{"@type":"WebPage","@id":"https:\/\/www.estrategiaconcursos.com.br\/blog\/trt-sc-recurso-tjaa-administracao-publica\/","url":"https:\/\/www.estrategiaconcursos.com.br\/blog\/trt-sc-recurso-tjaa-administracao-publica\/","name":"TRT-SC - RECURSO TJAA - Administra\u00e7\u00e3o P\u00fablica","isPartOf":{"@id":"https:\/\/www.estrategiaconcursos.com.br\/blog\/#website"},"datePublished":"2017-08-31T03:56:52+00:00","dateModified":"2017-09-01T19:18:38+00:00","breadcrumb":{"@id":"https:\/\/www.estrategiaconcursos.com.br\/blog\/trt-sc-recurso-tjaa-administracao-publica\/#breadcrumb"},"inLanguage":"pt-BR","potentialAction":[{"@type":"ReadAction","target":["https:\/\/www.estrategiaconcursos.com.br\/blog\/trt-sc-recurso-tjaa-administracao-publica\/"]}]},{"@type":"BreadcrumbList","@id":"https:\/\/www.estrategiaconcursos.com.br\/blog\/trt-sc-recurso-tjaa-administracao-publica\/#breadcrumb","itemListElement":[{"@type":"ListItem","position":1,"name":"In\u00edcio","item":"https:\/\/www.estrategiaconcursos.com.br\/blog\/"},{"@type":"ListItem","position":2,"name":"TRT-SC &#8211; RECURSO TJAA &#8211; Administra\u00e7\u00e3o P\u00fablica"}]},{"@type":"WebSite","@id":"https:\/\/www.estrategiaconcursos.com.br\/blog\/#website","url":"https:\/\/www.estrategiaconcursos.com.br\/blog\/","name":"Estrat\u00e9gia Concursos","description":"O blog da Estrat\u00e9gia Concursos traz not\u00edcias sobre concursos e artigos de professores oferecendo cursos para concursos (pdf + videaulas) no site.","publisher":{"@id":"https:\/\/www.estrategiaconcursos.com.br\/blog\/#organization"},"potentialAction":[{"@type":"SearchAction","target":{"@type":"EntryPoint","urlTemplate":"https:\/\/www.estrategiaconcursos.com.br\/blog\/?s={search_term_string}"},"query-input":{"@type":"PropertyValueSpecification","valueRequired":true,"valueName":"search_term_string"}}],"inLanguage":"pt-BR"},{"@type":"Organization","@id":"https:\/\/www.estrategiaconcursos.com.br\/blog\/#organization","name":"Estrat\u00e9gia Concursos","url":"https:\/\/www.estrategiaconcursos.com.br\/blog\/","logo":{"@type":"ImageObject","inLanguage":"pt-BR","@id":"https:\/\/www.estrategiaconcursos.com.br\/blog\/#\/schema\/logo\/image\/","url":"https:\/\/dhg1h5j42swfq.cloudfront.net\/2025\/06\/03203428\/logo_concursos-1.jpg","contentUrl":"https:\/\/dhg1h5j42swfq.cloudfront.net\/2025\/06\/03203428\/logo_concursos-1.jpg","width":230,"height":60,"caption":"Estrat\u00e9gia Concursos"},"image":{"@id":"https:\/\/www.estrategiaconcursos.com.br\/blog\/#\/schema\/logo\/image\/"},"sameAs":["https:\/\/x.com\/EstratConcursos"]},{"@type":"Person","@id":"https:\/\/www.estrategiaconcursos.com.br\/blog\/#\/schema\/person\/cdad40b5818eb228a838461fcd656da7","name":"Coordena\u00e7\u00e3o","image":{"@type":"ImageObject","inLanguage":"pt-BR","@id":"https:\/\/secure.gravatar.com\/avatar\/a413b22da0f5009c634f6c4586a2dbe5207074fd5becd88db5183b8069ef25e4?s=96&d=mm&r=g","url":"https:\/\/secure.gravatar.com\/avatar\/a413b22da0f5009c634f6c4586a2dbe5207074fd5becd88db5183b8069ef25e4?s=96&d=mm&r=g","contentUrl":"https:\/\/secure.gravatar.com\/avatar\/a413b22da0f5009c634f6c4586a2dbe5207074fd5becd88db5183b8069ef25e4?s=96&d=mm&r=g","caption":"Coordena\u00e7\u00e3o"},"url":"https:\/\/www.estrategiaconcursos.com.br\/blog\/author\/contatoestrategiaconcursos-com-br\/"}]}},"_links":{"self":[{"href":"https:\/\/www.estrategiaconcursos.com.br\/blog\/wp-json\/wp\/v2\/posts\/87505","targetHints":{"allow":["GET"]}}],"collection":[{"href":"https:\/\/www.estrategiaconcursos.com.br\/blog\/wp-json\/wp\/v2\/posts"}],"about":[{"href":"https:\/\/www.estrategiaconcursos.com.br\/blog\/wp-json\/wp\/v2\/types\/post"}],"author":[{"embeddable":true,"href":"https:\/\/www.estrategiaconcursos.com.br\/blog\/wp-json\/wp\/v2\/users\/48"}],"replies":[{"embeddable":true,"href":"https:\/\/www.estrategiaconcursos.com.br\/blog\/wp-json\/wp\/v2\/comments?post=87505"}],"version-history":[{"count":1,"href":"https:\/\/www.estrategiaconcursos.com.br\/blog\/wp-json\/wp\/v2\/posts\/87505\/revisions"}],"predecessor-version":[{"id":87507,"href":"https:\/\/www.estrategiaconcursos.com.br\/blog\/wp-json\/wp\/v2\/posts\/87505\/revisions\/87507"}],"wp:attachment":[{"href":"https:\/\/www.estrategiaconcursos.com.br\/blog\/wp-json\/wp\/v2\/media?parent=87505"}],"wp:term":[{"taxonomy":"category","embeddable":true,"href":"https:\/\/www.estrategiaconcursos.com.br\/blog\/wp-json\/wp\/v2\/categories?post=87505"},{"taxonomy":"post_tag","embeddable":true,"href":"https:\/\/www.estrategiaconcursos.com.br\/blog\/wp-json\/wp\/v2\/tags?post=87505"},{"taxonomy":"tax_estado","embeddable":true,"href":"https:\/\/www.estrategiaconcursos.com.br\/blog\/wp-json\/wp\/v2\/tax_estado?post=87505"}],"curies":[{"name":"wp","href":"https:\/\/api.w.org\/{rel}","templated":true}]}}