{"id":874293,"date":"2021-09-30T11:07:00","date_gmt":"2021-09-30T14:07:00","guid":{"rendered":"https:\/\/www.estrategiaconcursos.com.br\/blog\/?p=874293"},"modified":"2021-09-30T17:44:19","modified_gmt":"2021-09-30T20:44:19","slug":"residencia-medica-pa","status":"publish","type":"post","link":"https:\/\/www.estrategiaconcursos.com.br\/blog\/residencia-medica-pa\/","title":{"rendered":"Resid\u00eancia M\u00e9dica PA: Edital publicado; confira!"},"content":{"rendered":"\n<p>Foi publicado o edital do Processo Seletivo de Resid\u00eancia M\u00e9dica do estado do Par\u00e1. S\u00e3o, no total, 71 vagas de n\u00edvel superior.<\/p>\n\n\n\n<p>Os interessados em participar da sele\u00e7\u00e3o devem realizar as inscri\u00e7\u00f5es no per\u00edodo de 04 de outubro a 03 de novembro, no site do Centro de Processos Seletivos da Universidade Federal do Par\u00e1. A taxa de inscri\u00e7\u00e3o foi fixada no valor de R$ 300,00.<\/p>\n\n\n\n<ul class=\"has-pale-ocean-gradient-background has-background wp-block-list\"><li><strong>Resid\u00eancia M\u00e9dica PA<\/strong><\/li><li><strong>Status:<\/strong> Edital publicado<\/li><li><strong>Banca:<\/strong> UFPA<\/li><\/ul>\n\n\n\n<p>A fim de te deixar sempre bem informado, elaboramos este artigo com as principais informa\u00e7\u00f5es e novidades sobre a Resid\u00eancia M\u00e9dica PA. Acompanhe os t\u00f3picos abaixo e n\u00e3o perca nenhum detalhe:<\/p>\n\n\n\n<div class=\"container\" id=\"boxes\">\n  <div class=\"row\">\n\n    <div class=\"col-sm\">\n      <div class=\"banner-medicina\" id=\"box-assinatura\">\n        <h3 class=\"titulo-assinatura\">Resid\u00eancia M\u00e9dica Par\u00e1<\/h3>\n        <p class=\"subtitulo-assinatura\">Conhe\u00e7a nossos cursos<\/p>\n        <div class=\"box-botao\">\n          <a class=\"btn-assinatura\" target=\"_blank\" href=\"https:\/\/www.estrategiaconcursos.com.br\/cursosPorConcurso\/preparatorios-para-residencias\/\" role=\"button\" rel=\"noopener noreferrer\">Conhe\u00e7a mais<\/a>\n        <\/div>\n      <\/div>\n      <p class=\"texto-auxiliar\"><\/p>\n    <\/div>\n\n  <\/div>\n<\/div>\n\n\n\n<ul class=\"wp-block-list\"><li><a href=\"#situacao\">Situa\u00e7\u00e3o atual do concurso<\/a><ul><li><a href=\"#datas\">Principais datas<\/a><\/li><\/ul><\/li><li><a href=\"#cargos\">Cargos e vagas<\/a><\/li><li><a href=\"#etapas\">Etapas e provas<\/a><ul><li><a href=\"#objetiva\">Prova objetiva<\/a><\/li><li><a href=\"#avalia\u00e7ao\">Avalia\u00e7\u00e3o curricular<\/a><\/li><\/ul><\/li><li><a href=\"#cursos\">Cursos e assinaturas<\/a><\/li><li>Ficha t\u00e9cnica<\/li><\/ul>\n\n\n\n<h2 class=\"wp-block-heading\" id=\"situacao\">Resid\u00eancia M\u00e9dica PA: Situa\u00e7\u00e3o atual do concurso<\/h2>\n\n\n\n<h3 class=\"wp-block-heading\" id=\"datas\">Principais datas<\/h3>\n\n\n\n<p class=\"has-very-light-gray-background-color has-background\"><strong>Inscri\u00e7\u00f5es<\/strong>: 04 de outubro a 03 de novembro <br \/><strong>Isen\u00e7\u00e3o da taxa<\/strong>: 04 a 11 de outubro<br \/><strong>\u00daltimo dia para pagamento<\/strong>: 05 de novembro<br \/><strong>Prova<\/strong>: 05 de dezembro<\/p>\n\n\n\n<h2 class=\"wp-block-heading\" id=\"cargos\">Resid\u00eancia M\u00e9dica PA: Cargos e vagas<\/h2>\n\n\n\n<p><strong>Programas de Resid\u00eancia M\u00e9dica de Acesso Direto<\/strong><\/p>\n\n\n\n<figure class=\"wp-block-table is-style-stripes\"><table class=\"has-background has-fixed-layout\" style=\"background-color:#b6e3d4\"><thead><tr><th class=\"has-text-align-center\" data-align=\"center\">Especialidade<\/th><th class=\"has-text-align-center\" data-align=\"center\"> Vagas <\/th><th class=\"has-text-align-center\" data-align=\"center\"> Dura\u00e7\u00e3o (Anos) <\/th><th class=\"has-text-align-center\" data-align=\"center\"> Local <\/th><\/tr><\/thead><tbody><tr><td class=\"has-text-align-center\" data-align=\"center\">Anestesiologia<\/td><td class=\"has-text-align-center\" data-align=\"center\">06<\/td><td class=\"has-text-align-center\" data-align=\"center\">03<\/td><td class=\"has-text-align-center\" data-align=\"center\">HUJBB<\/td><\/tr><tr><td class=\"has-text-align-center\" data-align=\"center\">Cl\u00ednica M\u00e9dica<\/td><td class=\"has-text-align-center\" data-align=\"center\">10<\/td><td class=\"has-text-align-center\" data-align=\"center\">02<\/td><td class=\"has-text-align-center\" data-align=\"center\">HUJBB<\/td><\/tr><tr><td class=\"has-text-align-center\" data-align=\"center\">Cirurgia Geral<\/td><td class=\"has-text-align-center\" data-align=\"center\">06<\/td><td class=\"has-text-align-center\" data-align=\"center\">03<\/td><td class=\"has-text-align-center\" data-align=\"center\">HUJBB<\/td><\/tr><tr><td class=\"has-text-align-center\" data-align=\"center\">Dermatologia<\/td><td class=\"has-text-align-center\" data-align=\"center\">03<\/td><td class=\"has-text-align-center\" data-align=\"center\">03<\/td><td class=\"has-text-align-center\" data-align=\"center\">HUJBB<\/td><\/tr><tr><td class=\"has-text-align-center\" data-align=\"center\">Ginecologia e Obstetr\u00edcia<\/td><td class=\"has-text-align-center\" data-align=\"center\">06<\/td><td class=\"has-text-align-center\" data-align=\"center\">03<\/td><td class=\"has-text-align-center\" data-align=\"center\">HUBFS<\/td><\/tr><tr><td class=\"has-text-align-center\" data-align=\"center\">Infectologia<\/td><td class=\"has-text-align-center\" data-align=\"center\">05<\/td><td class=\"has-text-align-center\" data-align=\"center\">03<\/td><td class=\"has-text-align-center\" data-align=\"center\">HUJBB<\/td><\/tr><tr><td class=\"has-text-align-center\" data-align=\"center\">Medicina de Fam\u00edlia e Comunidade<\/td><td class=\"has-text-align-center\" data-align=\"center\">10<\/td><td class=\"has-text-align-center\" data-align=\"center\">02<\/td><td class=\"has-text-align-center\" data-align=\"center\">HUJBB<\/td><\/tr><tr><td class=\"has-text-align-center\" data-align=\"center\">Oftalmologia<\/td><td class=\"has-text-align-center\" data-align=\"center\">04<\/td><td class=\"has-text-align-center\" data-align=\"center\">03<\/td><td class=\"has-text-align-center\" data-align=\"center\">HUBFS<\/td><\/tr><tr><td class=\"has-text-align-center\" data-align=\"center\">Otorrinolaringologia<\/td><td class=\"has-text-align-center\" data-align=\"center\">04<\/td><td class=\"has-text-align-center\" data-align=\"center\">03<\/td><td class=\"has-text-align-center\" data-align=\"center\">HUBFS<\/td><\/tr><tr><td class=\"has-text-align-center\" data-align=\"center\">Pediatria<\/td><td class=\"has-text-align-center\" data-align=\"center\">08<\/td><td class=\"has-text-align-center\" data-align=\"center\">03<\/td><td class=\"has-text-align-center\" data-align=\"center\">HUBFS<\/td><\/tr><\/tbody><\/table><\/figure>\n\n\n\n<p><strong>Programas de Resid\u00eancia M\u00e9dica com exig\u00eancia de Pr\u00e9-requisito em Cl\u00ednica M\u00e9dica<\/strong><\/p>\n\n\n\n<figure class=\"wp-block-table is-style-stripes\"><table class=\"has-background has-fixed-layout\" style=\"background-color:#b6e3d4\"><thead><tr><th class=\"has-text-align-center\" data-align=\"center\"> Especialidade <\/th><th class=\"has-text-align-center\" data-align=\"center\"> Vagas <\/th><th class=\"has-text-align-center\" data-align=\"center\"> Dura\u00e7\u00e3o (Anos) <\/th><th class=\"has-text-align-center\" data-align=\"center\"> Hospital <\/th><\/tr><\/thead><tbody><tr><td class=\"has-text-align-center\" data-align=\"center\">Endocrinologia<\/td><td class=\"has-text-align-center\" data-align=\"center\">02<\/td><td class=\"has-text-align-center\" data-align=\"center\">02<\/td><td class=\"has-text-align-center\" data-align=\"center\">HUJBB<\/td><\/tr><tr><td class=\"has-text-align-center\" data-align=\"center\">Geriatria<\/td><td class=\"has-text-align-center\" data-align=\"center\">02<\/td><td class=\"has-text-align-center\" data-align=\"center\">02<\/td><td class=\"has-text-align-center\" data-align=\"center\">HUJBB<\/td><\/tr><tr><td class=\"has-text-align-center\" data-align=\"center\">Pneumologia<\/td><td class=\"has-text-align-center\" data-align=\"center\">02<\/td><td class=\"has-text-align-center\" data-align=\"center\">02<\/td><td class=\"has-text-align-center\" data-align=\"center\">HUJBB<\/td><\/tr><\/tbody><\/table><\/figure>\n\n\n\n<p><strong>Programas de Resid\u00eancia M\u00e9dica com exig\u00eancia de Pr\u00e9-requisito em Cirurgia Geral<\/strong><\/p>\n\n\n\n<figure class=\"wp-block-table is-style-stripes\"><table class=\"has-background has-fixed-layout\" style=\"background-color:#b6e3d4\"><thead><tr><th class=\"has-text-align-center\" data-align=\"center\"> Especialidade <\/th><th class=\"has-text-align-center\" data-align=\"center\"> Vagas <\/th><th class=\"has-text-align-center\" data-align=\"center\"> Dura\u00e7\u00e3o (Anos) <\/th><th class=\"has-text-align-center\" data-align=\"center\"> Hospital <\/th><\/tr><\/thead><tbody><tr><td class=\"has-text-align-center\" data-align=\"center\">Cirurgia do Aparelho Digestivo<\/td><td class=\"has-text-align-center\" data-align=\"center\">03<\/td><td class=\"has-text-align-center\" data-align=\"center\">02<\/td><td class=\"has-text-align-center\" data-align=\"center\">HUJBB<\/td><\/tr><\/tbody><\/table><\/figure>\n\n\n\n<h2 class=\"wp-block-heading\" id=\"etapas\">Resid\u00eancia M\u00e9dica PA: Etapas e provas<\/h2>\n\n\n\n<ul class=\"wp-block-list\"><li>Prova de sufici\u00eancia te\u00f3rica, mediante aplica\u00e7\u00e3o de Prova Objetiva, de car\u00e1ter eliminat\u00f3rio e classificat\u00f3rio;<\/li><li>Avalia\u00e7\u00e3o de Curr\u00edculo, mediante an\u00e1lise de documentos, de car\u00e1ter eliminat\u00f3rio e classificat\u00f3rio.<\/li><\/ul>\n\n\n\n<h3 class=\"wp-block-heading\" id=\"objetiva\">Prova Objetiva<\/h3>\n\n\n\n<p>A Prova Objetiva ser\u00e1 realizada no dia 05 de dezembro de 2021, com in\u00edcio \u00e0s 14h30 e t\u00e9rmino \u00e0s 18h30 (hor\u00e1rio de Bel\u00e9m-PA). <\/p>\n\n\n\n<p>A prova ser\u00e1 composta de 100 quest\u00f5es de m\u00faltipla escolha, cada quest\u00e3o valendo 1,00 ponto e consistir\u00e1 com igual n\u00famero de quest\u00f5es nas especialidades de Cl\u00ednica M\u00e9dica, Cirurgia Geral, Pediatria, Obstetr\u00edcia e Ginecologia e Medicina Preventiva e Social (Sa\u00fade Coletiva e Medicina Geral de Fam\u00edlia e Comunidade).<\/p>\n\n\n\n<p>A Prova Objetiva para os Programas de Resid\u00eancia M\u00e9dica com Exig\u00eancia de Pr\u00e9-requisito basear-se-\u00e1 exclusivamente nos programas das especialidades pr\u00e9-requisito, ser\u00e1 composta de 20 quest\u00f5es de m\u00faltipla escolha, cada quest\u00e3o valendo 5,00 pontos.<\/p>\n\n\n\n<p>Para cada quest\u00e3o da prova haver\u00e1 5 op\u00e7\u00f5es de resposta, identificadas pelas alternativas (A, B, C, D e E). Apenas uma op\u00e7\u00e3o responder\u00e1 corretamente \u00e0 quest\u00e3o.<\/p>\n\n\n\n<h3 class=\"wp-block-heading\" id=\"avalia\u00e7ao\">Avalia\u00e7\u00e3o curricular<\/h3>\n\n\n\n<p>Avali\u00e7\u00e3o do curr\u00edculo dos candidatos classificados ser\u00e1 realizada pela pelas bancas avaliadoras sem a presen\u00e7a dos candidatos nos dias e locais definidos para avalia\u00e7\u00e3o dos curr\u00edculos.<\/p>\n\n\n\n<p>A Avalia\u00e7\u00e3o de Curr\u00edculo valer\u00e1, no m\u00e1ximo, 100,00 pontos, ter\u00e1 Peso 1 e avaliar\u00e1 a forma\u00e7\u00e3o acad\u00eamica do candidato, segundo os crit\u00e9rios mostrados no quadro a seguir.<\/p>\n\n\n\n<figure class=\"wp-block-table is-style-stripes\"><table class=\"has-background has-fixed-layout\" style=\"background-color:#b6e3d4\"><thead><tr><th class=\"has-text-align-center\" data-align=\"center\">Atividade<\/th><th class=\"has-text-align-center\" data-align=\"center\">N\u00ba m\u00e1ximo de documentos a avaliar<\/th><th class=\"has-text-align-center\" data-align=\"center\">Pontua\u00e7\u00e3o por documento<\/th><th class=\"has-text-align-center\" data-align=\"center\">Pontua\u00e7\u00e3o m\u00e1xima<\/th><\/tr><\/thead><tbody><tr><td class=\"has-text-align-center\" data-align=\"center\">Participa\u00e7\u00e3o em projeto de pesquisa e\/ou projeto de extens\u00e3o, e\/ou de inicia\u00e7\u00e3o cient\u00edfica, e\/ou PET (Programa de Educa\u00e7\u00e3o Tutorial), com carga hor\u00e1ria m\u00ednima de 180 horas (por certificado), comprovada por documento expedido pela  institui\u00e7\u00e3o e assinado pelo dirigente ou coordenador acad\u00eamico da institui\u00e7\u00e3o. Bolsista 6 pontos. Volunt\u00e1rio 5pontos. * <\/td><td class=\"has-text-align-center\" data-align=\"center\">3<\/td><td class=\"has-text-align-center\" data-align=\"center\">6,0<\/td><td class=\"has-text-align-center\" data-align=\"center\">18,0<\/td><\/tr><tr><td class=\"has-text-align-center\" data-align=\"center\">Monitoria em disciplina da grade curricular da \u00e1rea m\u00e9dica, com carga hor\u00e1ria m\u00ednima de 180 horas, comprovada por certificado ou declara\u00e7\u00e3o expedida pela institui\u00e7\u00e3o ou pelo professor respons\u00e1vel pela disciplina. Bolsista 6 pontos. Volunt\u00e1rio 5 pontos. * <\/td><td class=\"has-text-align-center\" data-align=\"center\">1<\/td><td class=\"has-text-align-center\" data-align=\"center\">6,0<\/td><td class=\"has-text-align-center\" data-align=\"center\">6,0<\/td><\/tr><tr><td class=\"has-text-align-center\" data-align=\"center\">Curso presencial com carga hor\u00e1ria de, no m\u00ednimo 30 horas<\/td><td class=\"has-text-align-center\" data-align=\"center\">6<\/td><td class=\"has-text-align-center\" data-align=\"center\">1,0<\/td><td class=\"has-text-align-center\" data-align=\"center\">6,0<\/td><\/tr><tr><td class=\"has-text-align-center\" data-align=\"center\">Artigo cient\u00edfico na \u00edntegra publicado em revistada \u00e1rea de sa\u00fade de qualquer Qualis**<\/td><td class=\"has-text-align-center\" data-align=\"center\">3<\/td><td class=\"has-text-align-center\" data-align=\"center\">10,0<\/td><td class=\"has-text-align-center\" data-align=\"center\">30,0<\/td><\/tr><tr><td class=\"has-text-align-center\" data-align=\"center\">Apresenta\u00e7\u00e3o de trabalho em evento cient\u00edfico (apresenta\u00e7\u00e3o oral ou p\u00f4ster)<\/td><td class=\"has-text-align-center\" data-align=\"center\">2<\/td><td class=\"has-text-align-center\" data-align=\"center\">10,0<\/td><td class=\"has-text-align-center\" data-align=\"center\">20,0<\/td><\/tr><tr><td class=\"has-text-align-center\" data-align=\"center\">Participa\u00e7\u00e3o em evento cient\u00edfico como ouvinte\/organizador<\/td><td class=\"has-text-align-center\" data-align=\"center\">10<\/td><td class=\"has-text-align-center\" data-align=\"center\">1,0<\/td><td class=\"has-text-align-center\" data-align=\"center\">10,0<\/td><\/tr><tr><td class=\"has-text-align-center\" data-align=\"center\">L\u00edngua estrangeira &#8211; curso com carga hor\u00e1ria de,no m\u00ednimo, 100 horas ***<\/td><td class=\"has-text-align-center\" data-align=\"center\">1<\/td><td class=\"has-text-align-center\" data-align=\"center\">2,0<\/td><td class=\"has-text-align-center\" data-align=\"center\">2,0<\/td><\/tr><tr><td class=\"has-text-align-center\" data-align=\"center\">L\u00edngua estrangeira &#8211; curso com carga hor\u00e1ria superior a 150 horas ***<\/td><td class=\"has-text-align-center\" data-align=\"center\">2<\/td><td class=\"has-text-align-center\" data-align=\"center\">4,0<\/td><td class=\"has-text-align-center\" data-align=\"center\">8,0<\/td><\/tr><\/tbody><\/table><\/figure>\n\n\n\n<h2 class=\"has-text-align-center wp-block-heading\" id=\"cursos\">Quer estudar para a Resid\u00eancia M\u00e9dica Par\u00e1?<\/h2>\n\n\n\n<div class=\"container\" id=\"boxes\">\n  <div class=\"row\">\n\n    <div class=\"col-sm\">\n      <div class=\"banner-medicina\" id=\"box-assinatura\">\n        <h3 class=\"titulo-assinatura\">Resid\u00eancia M\u00e9dica Par\u00e1<\/h3>\n        <p class=\"subtitulo-assinatura\">Conhe\u00e7a nossos cursos<\/p>\n        <div class=\"box-botao\">\n          <a class=\"btn-assinatura\" target=\"_blank\" href=\"https:\/\/www.estrategiaconcursos.com.br\/cursosPorConcurso\/preparatorios-para-residencias\/\" role=\"button\" rel=\"noopener noreferrer\">Conhe\u00e7a mais<\/a>\n        <\/div>\n      <\/div>\n      <p class=\"texto-auxiliar\"><\/p>\n    <\/div>\n\n  <\/div>\n<\/div>\n\n\n\n<div class=\"container\" id=\"boxes\">\n  <div class=\"row\">\n\n    <div class=\"col-sm\">\n      <div class=\"estrategia\" id=\"box-assinatura\">\n        <h3 class=\"titulo-assinatura\">Assinatura Concursos<\/h3>\n        <p class=\"subtitulo-assinatura\">Assinatura de 1 ano ou 2 anos<\/p>\n        <div class=\"box-botao\">\n          <a class=\"btn-assinatura\" target=\"_blank\" href=\"https:\/\/www.estrategiaconcursos.com.br\/assinaturas\/\" role=\"button\" rel=\"noopener noreferrer\">ASSINE AGORA<\/a>\n        <\/div>\n      <\/div><\/div><\/div><\/div>\n\n\n\n<div class=\"container\" id=\"boxes\">\n  <div class=\"row\">\n\n    <div class=\"col-sm\" id=\"boxes-concursos\">\n      <div style=\"background-color: #005DAD;\" class=\"conteudo-concursos\" id=\"box-concursos\">\n        <h3 class=\"titulo-assinatura\">Concursos Abertos<\/h3>\n        <p class=\"subtitulo-assinatura\">Os editais publicados<\/p>\n        <div class=\"box-botao\">\n          <a class=\"btn-assinatura\" target=\"_blank\" href=\"https:\/\/www.estrategiaconcursos.com.br\/blog\/concursos-abertos\/\" role=\"button\" rel=\"noopener noreferrer\">Conhe\u00e7a Agora<\/a>\n        <\/div>\n      <\/div>\n    <\/div>\n\n    <div class=\"col-sm\" id=\"boxes-concursos\">\n      <div style=\"background-color: #1A7ED5;\" class=\"conteudo-concursos\" id=\"box-concursos\">\n        <h3 class=\"titulo-assinatura\">Concursos 2021<\/h3>\n        <p class=\"subtitulo-assinatura\">As oportunidades previstas<\/p>\n        <div class=\"box-botao\">\n          <a class=\"btn-assinatura\" target=\"_blank\" href=\"https:\/\/www.estrategiaconcursos.com.br\/blog\/concursos-2021\/\" role=\"button\" rel=\"noopener noreferrer\">Conhe\u00e7a Agora<\/a>\n        <\/div>\n      <\/div>\n    <\/div>\n\n    <div class=\"col-sm\" id=\"boxes-concursos\">\n      <div style=\"background-color: #419FF0;\" class=\"conteudo-concursos\" id=\"box-concursos\">\n        <h3 class=\"titulo-assinatura\">Concursos 2022<\/h3>\n        <p class=\"subtitulo-assinatura\">Vagas para o pr\u00f3ximo ano<\/p>\n        <div class=\"box-botao\">\n          <a class=\"btn-assinatura\" target=\"_blank\" href=\"https:\/\/www.estrategiaconcursos.com.br\/blog\/concursos-2022\/\" role=\"button\" rel=\"noopener noreferrer\">Conhe\u00e7a Agora<\/a>\n        <\/div>\n      <\/div>\n    <\/div>\n\n  <\/div>\n<\/div>\n\n\n\n<figure class=\"wp-block-image is-resized\"><img loading=\"lazy\" decoding=\"async\" src=\"https:\/\/dhg1h5j42swfq.cloudfront.net\/2021\/05\/19100903\/ficha-tecnica-34-1024x632.png\" alt=\"Informa\u00e7\u00f5es Resid\u00eancia M\u00e9dica Ribeir\u00e3o Preto\" class=\"wp-image-744973\" width=\"289\" height=\"178\" srcset=\"https:\/\/dhg1h5j42swfq.cloudfront.net\/2021\/05\/19100903\/ficha-tecnica-34-1024x632.png 1024w, https:\/\/dhg1h5j42swfq.cloudfront.net\/2021\/05\/19100903\/ficha-tecnica-34-300x185.png 300w, https:\/\/dhg1h5j42swfq.cloudfront.net\/2021\/05\/19100903\/ficha-tecnica-34-768x474.png 768w, https:\/\/dhg1h5j42swfq.cloudfront.net\/2021\/05\/19100903\/ficha-tecnica-34-1536x948.png 1536w, https:\/\/dhg1h5j42swfq.cloudfront.net\/2021\/05\/19100903\/ficha-tecnica-34-610x377.png 610w, https:\/\/dhg1h5j42swfq.cloudfront.net\/2021\/05\/19100903\/ficha-tecnica-34.png 1571w\" sizes=\"auto, (max-width: 289px) 100vw, 289px\" \/><\/figure>\n\n\n\n<h3 class=\"wp-block-heading\" id=\"ficha\">Informa\u00e7\u00f5es Resid\u00eancia M\u00e9dica Par\u00e1<\/h3>\n\n\n\n<ul class=\"wp-block-list\"><li><strong>Data<\/strong>\u00a0<strong>da prova:\u00a0<\/strong>05 de dezembro<\/li><li><strong>Vagas<\/strong>: 71<\/li><li><strong>Banca<\/strong>: UFPA<\/li><li><strong>Edital:<\/strong>\u00a0<a href=\"https:\/\/www.in.gov.br\/web\/dou\/-\/edital-n-1-coreme\/ufpa-de-29-de-setembro-de-2021processo-seletivo-de-residencia-medica-do-ano-de-2022-psrm-2022-349263196\">Resid\u00eancia M\u00e9dica Par\u00e1<\/a><\/li><\/ul>\n","protected":false},"excerpt":{"rendered":"<p>Foi publicado o edital do Processo Seletivo de Resid\u00eancia M\u00e9dica do estado do Par\u00e1. S\u00e3o, no total, 71 vagas de n\u00edvel superior. Os interessados em participar da sele\u00e7\u00e3o devem realizar as inscri\u00e7\u00f5es no per\u00edodo de 04 de outubro a 03 de novembro, no site do Centro de Processos Seletivos da Universidade Federal do Par\u00e1. A [&hellip;]<\/p>\n","protected":false},"author":1,"featured_media":752320,"comment_status":"open","ping_status":"closed","sticky":false,"template":"","format":"standard","meta":{"post_tipo":"news_page","footnotes":""},"categories":[1981,220219],"tags":[],"tax_estado":[219977],"class_list":["post-874293","post","type-post","status-publish","format-standard","has-post-thumbnail","hentry","category-saude","category-noticias","tax_estado-pa"],"acf":[],"yoast_head":"<!-- This site is optimized with the Yoast SEO Premium plugin v27.2 (Yoast SEO v27.2) - https:\/\/yoast.com\/product\/yoast-seo-premium-wordpress\/ -->\n<title>Resid\u00eancia M\u00e9dica PA: Edital publicado; confira!<\/title>\n<meta name=\"description\" content=\"Foi publicado o edital do Processo Seletivo de Resid\u00eancia M\u00e9dica do estado do Par\u00e1 (PA). Confira todos os detalhes no Estrat\u00e9gia!\" \/>\n<meta name=\"robots\" content=\"index, follow, max-snippet:-1, max-image-preview:large, max-video-preview:-1\" \/>\n<link rel=\"canonical\" href=\"https:\/\/www.estrategiaconcursos.com.br\/blog\/residencia-medica-pa\/\" \/>\n<meta property=\"og:locale\" content=\"pt_BR\" \/>\n<meta property=\"og:type\" content=\"article\" \/>\n<meta property=\"og:title\" content=\"Resid\u00eancia M\u00e9dica PA: Edital publicado; confira!\" \/>\n<meta property=\"og:description\" content=\"Foi publicado o edital do Processo Seletivo de Resid\u00eancia M\u00e9dica do estado do Par\u00e1 (PA). Confira todos os detalhes no Estrat\u00e9gia!\" \/>\n<meta property=\"og:url\" content=\"https:\/\/www.estrategiaconcursos.com.br\/blog\/residencia-medica-pa\/\" \/>\n<meta property=\"og:site_name\" content=\"Estrat\u00e9gia Concursos\" \/>\n<meta property=\"article:author\" content=\"https:\/\/www.facebook.com\/EstrategiaConcursos\" \/>\n<meta property=\"article:published_time\" content=\"2021-09-30T14:07:00+00:00\" \/>\n<meta property=\"article:modified_time\" content=\"2021-09-30T20:44:19+00:00\" \/>\n<meta property=\"og:image\" content=\"https:\/\/dhg1h5j42swfq.cloudfront.net\/2021\/05\/26153621\/concursos-saude.jpg\" \/>\n\t<meta property=\"og:image:width\" content=\"768\" \/>\n\t<meta property=\"og:image:height\" content=\"432\" \/>\n\t<meta property=\"og:image:type\" content=\"image\/jpeg\" \/>\n<meta name=\"author\" content=\"Coordena\u00e7\u00e3o\" \/>\n<meta name=\"twitter:card\" content=\"summary_large_image\" \/>\n<meta name=\"twitter:creator\" content=\"@EstratConcursos\" \/>\n<meta name=\"twitter:site\" content=\"@EstratConcursos\" \/>\n<meta name=\"twitter:label1\" content=\"Escrito por\" \/>\n\t<meta name=\"twitter:data1\" content=\"Coordena\u00e7\u00e3o\" \/>\n\t<meta name=\"twitter:label2\" content=\"Est. tempo de leitura\" \/>\n\t<meta name=\"twitter:data2\" content=\"4 minutos\" \/>\n<script type=\"application\/ld+json\" class=\"yoast-schema-graph\">{\"@context\":\"https:\/\/schema.org\",\"@graph\":[{\"@type\":\"NewsArticle\",\"@id\":\"https:\/\/www.estrategiaconcursos.com.br\/blog\/residencia-medica-pa\/#article\",\"isPartOf\":{\"@id\":\"https:\/\/www.estrategiaconcursos.com.br\/blog\/residencia-medica-pa\/\"},\"author\":{\"name\":\"Coordena\u00e7\u00e3o\",\"@id\":\"https:\/\/www.estrategiaconcursos.com.br\/blog\/#\/schema\/person\/b4a388c97673c5f483d72185668afa1f\"},\"headline\":\"Resid\u00eancia M\u00e9dica PA: Edital publicado; confira!\",\"datePublished\":\"2021-09-30T14:07:00+00:00\",\"dateModified\":\"2021-09-30T20:44:19+00:00\",\"mainEntityOfPage\":{\"@id\":\"https:\/\/www.estrategiaconcursos.com.br\/blog\/residencia-medica-pa\/\"},\"wordCount\":831,\"commentCount\":0,\"publisher\":{\"@id\":\"https:\/\/www.estrategiaconcursos.com.br\/blog\/#organization\"},\"image\":{\"@id\":\"https:\/\/www.estrategiaconcursos.com.br\/blog\/residencia-medica-pa\/#primaryimage\"},\"thumbnailUrl\":\"https:\/\/dhg1h5j42swfq.cloudfront.net\/2021\/05\/26153621\/concursos-saude.jpg\",\"articleSection\":[\"Sa\u00fade\",\"\u00daltimas not\u00edcias\"],\"inLanguage\":\"pt-BR\",\"potentialAction\":[{\"@type\":\"CommentAction\",\"name\":\"Comment\",\"target\":[\"https:\/\/www.estrategiaconcursos.com.br\/blog\/residencia-medica-pa\/#respond\"]}],\"copyrightYear\":\"2021\",\"copyrightHolder\":{\"@id\":\"https:\/\/www.estrategiaconcursos.com.br\/blog\/#organization\"}},{\"@type\":\"WebPage\",\"@id\":\"https:\/\/www.estrategiaconcursos.com.br\/blog\/residencia-medica-pa\/\",\"url\":\"https:\/\/www.estrategiaconcursos.com.br\/blog\/residencia-medica-pa\/\",\"name\":\"Resid\u00eancia M\u00e9dica PA: Edital publicado; confira!\",\"isPartOf\":{\"@id\":\"https:\/\/www.estrategiaconcursos.com.br\/blog\/#website\"},\"primaryImageOfPage\":{\"@id\":\"https:\/\/www.estrategiaconcursos.com.br\/blog\/residencia-medica-pa\/#primaryimage\"},\"image\":{\"@id\":\"https:\/\/www.estrategiaconcursos.com.br\/blog\/residencia-medica-pa\/#primaryimage\"},\"thumbnailUrl\":\"https:\/\/dhg1h5j42swfq.cloudfront.net\/2021\/05\/26153621\/concursos-saude.jpg\",\"datePublished\":\"2021-09-30T14:07:00+00:00\",\"dateModified\":\"2021-09-30T20:44:19+00:00\",\"description\":\"Foi publicado o edital do Processo Seletivo de Resid\u00eancia M\u00e9dica do estado do Par\u00e1 (PA). Confira todos os detalhes no Estrat\u00e9gia!\",\"breadcrumb\":{\"@id\":\"https:\/\/www.estrategiaconcursos.com.br\/blog\/residencia-medica-pa\/#breadcrumb\"},\"inLanguage\":\"pt-BR\",\"potentialAction\":[{\"@type\":\"ReadAction\",\"target\":[\"https:\/\/www.estrategiaconcursos.com.br\/blog\/residencia-medica-pa\/\"]}]},{\"@type\":\"ImageObject\",\"inLanguage\":\"pt-BR\",\"@id\":\"https:\/\/www.estrategiaconcursos.com.br\/blog\/residencia-medica-pa\/#primaryimage\",\"url\":\"https:\/\/dhg1h5j42swfq.cloudfront.net\/2021\/05\/26153621\/concursos-saude.jpg\",\"contentUrl\":\"https:\/\/dhg1h5j42swfq.cloudfront.net\/2021\/05\/26153621\/concursos-saude.jpg\",\"width\":768,\"height\":432,\"caption\":\"concursos sa\u00fade\"},{\"@type\":\"BreadcrumbList\",\"@id\":\"https:\/\/www.estrategiaconcursos.com.br\/blog\/residencia-medica-pa\/#breadcrumb\",\"itemListElement\":[{\"@type\":\"ListItem\",\"position\":1,\"name\":\"In\u00edcio\",\"item\":\"https:\/\/www.estrategiaconcursos.com.br\/blog\/\"},{\"@type\":\"ListItem\",\"position\":2,\"name\":\"Resid\u00eancia M\u00e9dica PA: Edital publicado; confira!\"}]},{\"@type\":\"WebSite\",\"@id\":\"https:\/\/www.estrategiaconcursos.com.br\/blog\/#website\",\"url\":\"https:\/\/www.estrategiaconcursos.com.br\/blog\/\",\"name\":\"Estrat\u00e9gia Concursos\",\"description\":\"O blog da Estrat\u00e9gia Concursos traz not\u00edcias sobre concursos e artigos de professores oferecendo cursos para concursos (pdf + videaulas) no site.\",\"publisher\":{\"@id\":\"https:\/\/www.estrategiaconcursos.com.br\/blog\/#organization\"},\"potentialAction\":[{\"@type\":\"SearchAction\",\"target\":{\"@type\":\"EntryPoint\",\"urlTemplate\":\"https:\/\/www.estrategiaconcursos.com.br\/blog\/?s={search_term_string}\"},\"query-input\":{\"@type\":\"PropertyValueSpecification\",\"valueRequired\":true,\"valueName\":\"search_term_string\"}}],\"inLanguage\":\"pt-BR\"},{\"@type\":\"Organization\",\"@id\":\"https:\/\/www.estrategiaconcursos.com.br\/blog\/#organization\",\"name\":\"Estrat\u00e9gia Concursos\",\"url\":\"https:\/\/www.estrategiaconcursos.com.br\/blog\/\",\"logo\":{\"@type\":\"ImageObject\",\"inLanguage\":\"pt-BR\",\"@id\":\"https:\/\/www.estrategiaconcursos.com.br\/blog\/#\/schema\/logo\/image\/\",\"url\":\"https:\/\/dhg1h5j42swfq.cloudfront.net\/2025\/06\/03203428\/logo_concursos-1.jpg\",\"contentUrl\":\"https:\/\/dhg1h5j42swfq.cloudfront.net\/2025\/06\/03203428\/logo_concursos-1.jpg\",\"width\":230,\"height\":60,\"caption\":\"Estrat\u00e9gia Concursos\"},\"image\":{\"@id\":\"https:\/\/www.estrategiaconcursos.com.br\/blog\/#\/schema\/logo\/image\/\"},\"sameAs\":[\"https:\/\/x.com\/EstratConcursos\"]},{\"@type\":\"Person\",\"@id\":\"https:\/\/www.estrategiaconcursos.com.br\/blog\/#\/schema\/person\/b4a388c97673c5f483d72185668afa1f\",\"name\":\"Coordena\u00e7\u00e3o\",\"image\":{\"@type\":\"ImageObject\",\"inLanguage\":\"pt-BR\",\"@id\":\"https:\/\/secure.gravatar.com\/avatar\/b720319e4c9a967eb58678d110f4fe35452fc5d5f97b202bac7b8acceb18c6ad?s=96&d=mm&r=g\",\"url\":\"https:\/\/secure.gravatar.com\/avatar\/b720319e4c9a967eb58678d110f4fe35452fc5d5f97b202bac7b8acceb18c6ad?s=96&d=mm&r=g\",\"contentUrl\":\"https:\/\/secure.gravatar.com\/avatar\/b720319e4c9a967eb58678d110f4fe35452fc5d5f97b202bac7b8acceb18c6ad?s=96&d=mm&r=g\",\"caption\":\"Coordena\u00e7\u00e3o\"},\"sameAs\":[\"https:\/\/www.facebook.com\/EstrategiaConcursos\",\"https:\/\/x.com\/EstratConcursos\"],\"url\":\"https:\/\/www.estrategiaconcursos.com.br\/blog\/author\/estrategia2013\/\"}]}<\/script>\n<!-- \/ Yoast SEO Premium plugin. -->","yoast_head_json":{"title":"Resid\u00eancia M\u00e9dica PA: Edital publicado; confira!","description":"Foi publicado o edital do Processo Seletivo de Resid\u00eancia M\u00e9dica do estado do Par\u00e1 (PA). Confira todos os detalhes no Estrat\u00e9gia!","robots":{"index":"index","follow":"follow","max-snippet":"max-snippet:-1","max-image-preview":"max-image-preview:large","max-video-preview":"max-video-preview:-1"},"canonical":"https:\/\/www.estrategiaconcursos.com.br\/blog\/residencia-medica-pa\/","og_locale":"pt_BR","og_type":"article","og_title":"Resid\u00eancia M\u00e9dica PA: Edital publicado; confira!","og_description":"Foi publicado o edital do Processo Seletivo de Resid\u00eancia M\u00e9dica do estado do Par\u00e1 (PA). Confira todos os detalhes no Estrat\u00e9gia!","og_url":"https:\/\/www.estrategiaconcursos.com.br\/blog\/residencia-medica-pa\/","og_site_name":"Estrat\u00e9gia Concursos","article_author":"https:\/\/www.facebook.com\/EstrategiaConcursos","article_published_time":"2021-09-30T14:07:00+00:00","article_modified_time":"2021-09-30T20:44:19+00:00","og_image":[{"width":768,"height":432,"url":"https:\/\/dhg1h5j42swfq.cloudfront.net\/2021\/05\/26153621\/concursos-saude.jpg","type":"image\/jpeg"}],"author":"Coordena\u00e7\u00e3o","twitter_card":"summary_large_image","twitter_creator":"@EstratConcursos","twitter_site":"@EstratConcursos","twitter_misc":{"Escrito por":"Coordena\u00e7\u00e3o","Est. tempo de leitura":"4 minutos"},"schema":{"@context":"https:\/\/schema.org","@graph":[{"@type":"NewsArticle","@id":"https:\/\/www.estrategiaconcursos.com.br\/blog\/residencia-medica-pa\/#article","isPartOf":{"@id":"https:\/\/www.estrategiaconcursos.com.br\/blog\/residencia-medica-pa\/"},"author":{"name":"Coordena\u00e7\u00e3o","@id":"https:\/\/www.estrategiaconcursos.com.br\/blog\/#\/schema\/person\/b4a388c97673c5f483d72185668afa1f"},"headline":"Resid\u00eancia M\u00e9dica PA: Edital publicado; confira!","datePublished":"2021-09-30T14:07:00+00:00","dateModified":"2021-09-30T20:44:19+00:00","mainEntityOfPage":{"@id":"https:\/\/www.estrategiaconcursos.com.br\/blog\/residencia-medica-pa\/"},"wordCount":831,"commentCount":0,"publisher":{"@id":"https:\/\/www.estrategiaconcursos.com.br\/blog\/#organization"},"image":{"@id":"https:\/\/www.estrategiaconcursos.com.br\/blog\/residencia-medica-pa\/#primaryimage"},"thumbnailUrl":"https:\/\/dhg1h5j42swfq.cloudfront.net\/2021\/05\/26153621\/concursos-saude.jpg","articleSection":["Sa\u00fade","\u00daltimas not\u00edcias"],"inLanguage":"pt-BR","potentialAction":[{"@type":"CommentAction","name":"Comment","target":["https:\/\/www.estrategiaconcursos.com.br\/blog\/residencia-medica-pa\/#respond"]}],"copyrightYear":"2021","copyrightHolder":{"@id":"https:\/\/www.estrategiaconcursos.com.br\/blog\/#organization"}},{"@type":"WebPage","@id":"https:\/\/www.estrategiaconcursos.com.br\/blog\/residencia-medica-pa\/","url":"https:\/\/www.estrategiaconcursos.com.br\/blog\/residencia-medica-pa\/","name":"Resid\u00eancia M\u00e9dica PA: Edital publicado; confira!","isPartOf":{"@id":"https:\/\/www.estrategiaconcursos.com.br\/blog\/#website"},"primaryImageOfPage":{"@id":"https:\/\/www.estrategiaconcursos.com.br\/blog\/residencia-medica-pa\/#primaryimage"},"image":{"@id":"https:\/\/www.estrategiaconcursos.com.br\/blog\/residencia-medica-pa\/#primaryimage"},"thumbnailUrl":"https:\/\/dhg1h5j42swfq.cloudfront.net\/2021\/05\/26153621\/concursos-saude.jpg","datePublished":"2021-09-30T14:07:00+00:00","dateModified":"2021-09-30T20:44:19+00:00","description":"Foi publicado o edital do Processo Seletivo de Resid\u00eancia M\u00e9dica do estado do Par\u00e1 (PA). Confira todos os detalhes no Estrat\u00e9gia!","breadcrumb":{"@id":"https:\/\/www.estrategiaconcursos.com.br\/blog\/residencia-medica-pa\/#breadcrumb"},"inLanguage":"pt-BR","potentialAction":[{"@type":"ReadAction","target":["https:\/\/www.estrategiaconcursos.com.br\/blog\/residencia-medica-pa\/"]}]},{"@type":"ImageObject","inLanguage":"pt-BR","@id":"https:\/\/www.estrategiaconcursos.com.br\/blog\/residencia-medica-pa\/#primaryimage","url":"https:\/\/dhg1h5j42swfq.cloudfront.net\/2021\/05\/26153621\/concursos-saude.jpg","contentUrl":"https:\/\/dhg1h5j42swfq.cloudfront.net\/2021\/05\/26153621\/concursos-saude.jpg","width":768,"height":432,"caption":"concursos sa\u00fade"},{"@type":"BreadcrumbList","@id":"https:\/\/www.estrategiaconcursos.com.br\/blog\/residencia-medica-pa\/#breadcrumb","itemListElement":[{"@type":"ListItem","position":1,"name":"In\u00edcio","item":"https:\/\/www.estrategiaconcursos.com.br\/blog\/"},{"@type":"ListItem","position":2,"name":"Resid\u00eancia M\u00e9dica PA: Edital publicado; confira!"}]},{"@type":"WebSite","@id":"https:\/\/www.estrategiaconcursos.com.br\/blog\/#website","url":"https:\/\/www.estrategiaconcursos.com.br\/blog\/","name":"Estrat\u00e9gia Concursos","description":"O blog da Estrat\u00e9gia Concursos traz not\u00edcias sobre concursos e artigos de professores oferecendo cursos para concursos (pdf + videaulas) no site.","publisher":{"@id":"https:\/\/www.estrategiaconcursos.com.br\/blog\/#organization"},"potentialAction":[{"@type":"SearchAction","target":{"@type":"EntryPoint","urlTemplate":"https:\/\/www.estrategiaconcursos.com.br\/blog\/?s={search_term_string}"},"query-input":{"@type":"PropertyValueSpecification","valueRequired":true,"valueName":"search_term_string"}}],"inLanguage":"pt-BR"},{"@type":"Organization","@id":"https:\/\/www.estrategiaconcursos.com.br\/blog\/#organization","name":"Estrat\u00e9gia Concursos","url":"https:\/\/www.estrategiaconcursos.com.br\/blog\/","logo":{"@type":"ImageObject","inLanguage":"pt-BR","@id":"https:\/\/www.estrategiaconcursos.com.br\/blog\/#\/schema\/logo\/image\/","url":"https:\/\/dhg1h5j42swfq.cloudfront.net\/2025\/06\/03203428\/logo_concursos-1.jpg","contentUrl":"https:\/\/dhg1h5j42swfq.cloudfront.net\/2025\/06\/03203428\/logo_concursos-1.jpg","width":230,"height":60,"caption":"Estrat\u00e9gia Concursos"},"image":{"@id":"https:\/\/www.estrategiaconcursos.com.br\/blog\/#\/schema\/logo\/image\/"},"sameAs":["https:\/\/x.com\/EstratConcursos"]},{"@type":"Person","@id":"https:\/\/www.estrategiaconcursos.com.br\/blog\/#\/schema\/person\/b4a388c97673c5f483d72185668afa1f","name":"Coordena\u00e7\u00e3o","image":{"@type":"ImageObject","inLanguage":"pt-BR","@id":"https:\/\/secure.gravatar.com\/avatar\/b720319e4c9a967eb58678d110f4fe35452fc5d5f97b202bac7b8acceb18c6ad?s=96&d=mm&r=g","url":"https:\/\/secure.gravatar.com\/avatar\/b720319e4c9a967eb58678d110f4fe35452fc5d5f97b202bac7b8acceb18c6ad?s=96&d=mm&r=g","contentUrl":"https:\/\/secure.gravatar.com\/avatar\/b720319e4c9a967eb58678d110f4fe35452fc5d5f97b202bac7b8acceb18c6ad?s=96&d=mm&r=g","caption":"Coordena\u00e7\u00e3o"},"sameAs":["https:\/\/www.facebook.com\/EstrategiaConcursos","https:\/\/x.com\/EstratConcursos"],"url":"https:\/\/www.estrategiaconcursos.com.br\/blog\/author\/estrategia2013\/"}]}},"_links":{"self":[{"href":"https:\/\/www.estrategiaconcursos.com.br\/blog\/wp-json\/wp\/v2\/posts\/874293","targetHints":{"allow":["GET"]}}],"collection":[{"href":"https:\/\/www.estrategiaconcursos.com.br\/blog\/wp-json\/wp\/v2\/posts"}],"about":[{"href":"https:\/\/www.estrategiaconcursos.com.br\/blog\/wp-json\/wp\/v2\/types\/post"}],"author":[{"embeddable":true,"href":"https:\/\/www.estrategiaconcursos.com.br\/blog\/wp-json\/wp\/v2\/users\/1"}],"replies":[{"embeddable":true,"href":"https:\/\/www.estrategiaconcursos.com.br\/blog\/wp-json\/wp\/v2\/comments?post=874293"}],"version-history":[{"count":12,"href":"https:\/\/www.estrategiaconcursos.com.br\/blog\/wp-json\/wp\/v2\/posts\/874293\/revisions"}],"predecessor-version":[{"id":874748,"href":"https:\/\/www.estrategiaconcursos.com.br\/blog\/wp-json\/wp\/v2\/posts\/874293\/revisions\/874748"}],"wp:featuredmedia":[{"embeddable":true,"href":"https:\/\/www.estrategiaconcursos.com.br\/blog\/wp-json\/wp\/v2\/media\/752320"}],"wp:attachment":[{"href":"https:\/\/www.estrategiaconcursos.com.br\/blog\/wp-json\/wp\/v2\/media?parent=874293"}],"wp:term":[{"taxonomy":"category","embeddable":true,"href":"https:\/\/www.estrategiaconcursos.com.br\/blog\/wp-json\/wp\/v2\/categories?post=874293"},{"taxonomy":"post_tag","embeddable":true,"href":"https:\/\/www.estrategiaconcursos.com.br\/blog\/wp-json\/wp\/v2\/tags?post=874293"},{"taxonomy":"tax_estado","embeddable":true,"href":"https:\/\/www.estrategiaconcursos.com.br\/blog\/wp-json\/wp\/v2\/tax_estado?post=874293"}],"curies":[{"name":"wp","href":"https:\/\/api.w.org\/{rel}","templated":true}]}}