{"id":873213,"date":"2021-09-29T10:00:00","date_gmt":"2021-09-29T13:00:00","guid":{"rendered":"https:\/\/www.estrategiaconcursos.com.br\/blog\/?p=873213"},"modified":"2021-09-29T10:34:12","modified_gmt":"2021-09-29T13:34:12","slug":"pss-ministerio-da-economia-comissao-especial-formada","status":"publish","type":"post","link":"https:\/\/www.estrategiaconcursos.com.br\/blog\/pss-ministerio-da-economia-comissao-especial-formada\/","title":{"rendered":"PSS Minist\u00e9rio da Economia: comiss\u00e3o especial formada"},"content":{"rendered":"\n<p>Aten\u00e7\u00e3o, estrategistas! Foi formada a <strong>comiss\u00e3o especial<\/strong> respons\u00e1vel pelo pr\u00f3ximo\u00a0<strong>PSS Minist\u00e9rio da Economia<\/strong>. Ao todo, o processo seletivo simplificado contar\u00e1 com\u00a0<strong>300 vagas tempor\u00e1rias<\/strong>.<\/p>\n\n\n\n<p>A Portaria foi divulgada nesta quarta-feira, 29 de setembro de 2021, no Di\u00e1rio Oficial da Uni\u00e3o (<strong><a href=\"https:\/\/www.in.gov.br\/web\/dou\/-\/portaria-se\/me-n-11.634-de-28-de-setembro-de-2021-348227783\" target=\"_blank\" rel=\"noreferrer noopener\">DOU<\/a><\/strong>). De acordo com o documento, ficam designados os seguintes servidores:<\/p>\n\n\n\n<ul class=\"wp-block-list\"><li><strong>I &#8211;<\/strong> Representante do Departamento de Centraliza\u00e7\u00e3o de Inativos, Pensionistas e \u00d3rg\u00e3os Extintos &#8211; DECIPEX, da Secretaria de Gest\u00e3o e Desempenho de Pessoal, da Secretaria Especial de Desburocratiza\u00e7\u00e3o, Gest\u00e3o e Governo Digital do Minist\u00e9rio da Economia:<ul><li>a) Claudiana Maria Coelho Andrade da Costa &#8211; Assistente T\u00e9cnico &#8211; matr\u00edcula 1528780 &#8211; titular; e<\/li><li>b) Daniela Nunes de Menezes &#8211; Escritur\u00e1rio &#8211; matr\u00edcula 1248095 &#8211; suplente;<\/li><\/ul><\/li><li><strong>II &#8211;<\/strong> Representante da Coordena\u00e7\u00e3o-Geral de Desenvolvimento e Movimenta\u00e7\u00e3o de Pessoal da Diretoria de Gest\u00e3o de Pessoas da Secretaria de Gest\u00e3o Corporativa da Secretaria Executiva do Minist\u00e9rio da Economia (CGDEP\/DGP\/SGC):<ul><li>a) Rodrigo de Oliveira Alves &#8211; Coordenador-Geral de Desenvolvimento e Movimenta\u00e7\u00e3o de Pessoal &#8211; matr\u00edcula 1808731 &#8211; titular; e<\/li><li>b) Daniel Pires de Castro &#8211; Coordenador de Provimento e Dimensionamento de Pessoas &#8211; matr\u00edcula 1750497 &#8211; suplente; e<\/li><\/ul><\/li><li><strong>III &#8211;<\/strong> Representante da Coordena\u00e7\u00e3o-Geral de Legisla\u00e7\u00e3o de Pessoal da Diretoria de Gest\u00e3o de Pessoas da Secretaria de Gest\u00e3o Corporativa da Secretaria Executiva do Minist\u00e9rio da Economia (CGLEJ\/DGP\/SGC):<ul><li>a) Daniela Viterbo Oliveira &#8211; Coordenadora de Uniformiza\u00e7\u00e3o de Normas, Direitos e Deveres de Pessoal &#8211; matr\u00edcula 2129759 &#8211; titular; e<\/li><li>b) Iris Francisca Alves de Sousa &#8211; Chefe da Divis\u00e3o de Normas, Direitos e Deveres de Pessoal &#8211; matr\u00edcula 1161699 &#8211; suplente. <\/li><\/ul><\/li><\/ul>\n\n\n\n<div class=\"wp-block-image\"><figure class=\"aligncenter size-full is-resized\"><img loading=\"lazy\" decoding=\"async\" src=\"https:\/\/dhg1h5j42swfq.cloudfront.net\/2021\/09\/29102451\/51052582457_aa8b6fc8e4_o-1-960x540-1-1.jpg\" alt=\"\" class=\"wp-image-873245\" width=\"669\" height=\"376\" srcset=\"https:\/\/dhg1h5j42swfq.cloudfront.net\/2021\/09\/29102451\/51052582457_aa8b6fc8e4_o-1-960x540-1-1.jpg 960w, https:\/\/dhg1h5j42swfq.cloudfront.net\/2021\/09\/29102451\/51052582457_aa8b6fc8e4_o-1-960x540-1-1-300x169.jpg 300w, https:\/\/dhg1h5j42swfq.cloudfront.net\/2021\/09\/29102451\/51052582457_aa8b6fc8e4_o-1-960x540-1-1-768x432.jpg 768w, https:\/\/dhg1h5j42swfq.cloudfront.net\/2021\/09\/29102451\/51052582457_aa8b6fc8e4_o-1-960x540-1-1-610x343.jpg 610w\" sizes=\"auto, (max-width: 669px) 100vw, 669px\" \/><figcaption>Minist\u00e9rio da Economia | Imagem: Washington Costa\/Ascom\/ME<br \/><\/figcaption><\/figure><\/div>\n\n\n\n<p>Compete \u00e0 comiss\u00e3o especial praticar todos os atos necess\u00e1rios \u00e0 realiza\u00e7\u00e3o do processo seletivo simplificado do Minist\u00e9rio da Economia. Essas atividades ter\u00e3o o prazo de 90 dias, podendo ser prorrogado por igual per\u00edodo.<\/p>\n\n\n\n<p><a href=\"https:\/\/www.estrategiaconcursos.com.br\/blog\/concurso-ministerio-da-economia-autorizacao\/\" target=\"_blank\" rel=\"noreferrer noopener\">Autorizado<\/a> desde agosto de 2021, o concurso do Minist\u00e9rio da Economia contar\u00e1 com vagas para cargos dos n\u00edveis m\u00e9dio e superior, sendo eles:<\/p>\n\n\n\n<figure class=\"wp-block-table is-style-stripes\"><table class=\"has-background has-fixed-layout\" style=\"background-color:#d3e7f3\"><tbody><tr><td class=\"has-text-align-center\" data-align=\"center\"><strong>Cargo<\/strong><\/td><td class=\"has-text-align-center\" data-align=\"center\"><strong>Escolaridade<\/strong><\/td><td class=\"has-text-align-center\" data-align=\"center\"><strong>Vagas<\/strong><\/td><td class=\"has-text-align-center\" data-align=\"center\"><strong>Sal\u00e1rio<\/strong><\/td><\/tr><tr><td class=\"has-text-align-center\" data-align=\"center\">Analista de Neg\u00f3cio<\/td><td class=\"has-text-align-center\" data-align=\"center\">n\u00edvel superior<\/td><td class=\"has-text-align-center\" data-align=\"center\">40<\/td><td class=\"has-text-align-center\" data-align=\"center\">R$6.130<\/td><\/tr><tr><td class=\"has-text-align-center\" data-align=\"center\">Analista t\u00e9cnico de demandas previdenci\u00e1rias, judiciais e de controle<\/td><td class=\"has-text-align-center\" data-align=\"center\">n\u00edvel superior<\/td><td class=\"has-text-align-center\" data-align=\"center\">145<\/td><td class=\"has-text-align-center\" data-align=\"center\">R$3.800<\/td><\/tr><tr><td class=\"has-text-align-center\" data-align=\"center\">T\u00e9cnico em atividades previdenci\u00e1rias e de apoio&nbsp;&nbsp; &nbsp;<\/td><td class=\"has-text-align-center\" data-align=\"center\">n\u00edvel m\u00e9dio<\/td><td class=\"has-text-align-center\" data-align=\"center\">115<\/td><td class=\"has-text-align-center\" data-align=\"center\">R$1.700<\/td><\/tr><\/tbody><\/table><\/figure>\n\n\n\n<p>Os profissionais ser\u00e3o contratados para atuar na execu\u00e7\u00e3o de atividades relativas \u00e0 centraliza\u00e7\u00e3o dos servi\u00e7os de inativos e pensionistas dos \u00f3rg\u00e3os da administra\u00e7\u00e3o p\u00fablica federal direta, aut\u00e1rquica e fundacional.<\/p>\n\n\n\n<p>Al\u00e9m disso, os contratados tamb\u00e9m ter\u00e3o que trabalhar nos processos de compensa\u00e7\u00e3o previdenci\u00e1ria entre Regimes de Previd\u00eancia e atividades de natureza administrativa, no \u00e2mbito do Departamento de Centraliza\u00e7\u00e3o de Inativos, Pensionistas e \u00d3rg\u00e3os Extintos \u2013&nbsp;<a href=\"https:\/\/www.gov.br\/servidor\/pt-br\/acesso-a-informacao\/servidor\/decipex-1\" target=\"_blank\" rel=\"noreferrer noopener\">DECIPEX do Minist\u00e9rio da Economia.<\/a><\/p>\n\n\n\n<p>Lembrando que a publica\u00e7\u00e3o do edital deve ocorrer dentro do prazo de cinco meses, ou seja, at\u00e9 o final de fevereiro de 2022. No entanto, \u00e9 prov\u00e1vel que saia ainda neste ano.<\/p>\n\n\n\n<p class=\"has-text-align-center\"><em>Para mais detalhes do concurso PSS Minist\u00e9rio da Economia, cuja comiss\u00e3o especial foi formada, acesse o link abaixo. Preparamos um artigo completo, separado por t\u00f3picos, para que facilite a sua compreens\u00e3o:<\/em><\/p>\n\n\n\n<p class=\"has-text-align-center has-luminous-vivid-amber-background-color has-background\" style=\"font-size:clamp(14.642px, 0.915rem + ((1vw - 3.2px) * 0.721), 22px);\"><strong>Saiba mais:&nbsp;<a href=\"https:\/\/www.estrategiaconcursos.com.br\/blog\/concurso-ministerio-da-economia\/\" target=\"_blank\" rel=\"noreferrer noopener\">concurso Minist\u00e9rio da Economia<\/a><\/strong><\/p>\n\n\n\n<h2 class=\"has-text-align-center wp-block-heading\" id=\"cursos-assinatura\">Quer estudar para o processo seletivo do Minist\u00e9rio da Economia?<\/h2>\n\n\n\n<div id=\"boxes\" class=\"container\">\n<div class=\"row\">\n<div class=\"col-sm\">\n<div id=\"box-assinatura\" class=\"banner-adm\">\n<h3 class=\"titulo-assinatura\">Minist\u00e9rio da Economia<\/h3>\n<p class=\"subtitulo-assinatura\">Conhe\u00e7a os cursos<\/p>\n<div class=\"box-botao\"><a class=\"btn-assinatura\" role=\"button\" href=\"https:\/\/www.estrategiaconcursos.com.br\/cursosPorConcurso\/ministerio-da-economia\/\" target=\"_blank\" rel=\"noopener noreferrer\">Conhe\u00e7a mais<\/a><\/div>\n<\/div>\n<\/div>\n<\/div>\n<\/div>\n\n\n\n<div class=\"container\" id=\"boxes\">\n  <div class=\"row\">\n\n    <div class=\"col-sm\">\n      <div class=\"estrategia\" id=\"box-assinatura\">\n        <h3 class=\"titulo-assinatura\"> Concursos P\u00fablicos\n        <p class=\"subtitulo-assinatura\">Assinatura de 1 ano ou 2 anos<\/p>\n        <div class=\"box-botao\">\n          <a class=\"btn-assinatura\" target=\"_blank\" href=\"https:\/\/www.estrategiaconcursos.com.br\/assinaturas\/\" role=\"button\" rel=\"noopener noreferrer\">ASSINE AGORA<\/a>\n        <\/div>\n      <\/h3><\/div><\/div><\/div><\/div>\n\n\n\n<div class=\"container\" id=\"boxes\">\n  <div class=\"row\">\n\n    <div class=\"col-sm\" id=\"boxes-concursos\">\n      <div style=\"background-color: #005DAD;\" class=\"conteudo-concursos\" id=\"box-concursos\">\n        <h3 class=\"titulo-assinatura\">Concursos Abertos<\/h3>\n        <p class=\"subtitulo-assinatura\">Confira os editais publicados<\/p>\n        <div class=\"box-botao\">\n          <a class=\"btn-assinatura\" target=\"_blank\" href=\"https:\/\/www.estrategiaconcursos.com.br\/blog\/concursos-abertos\/\" role=\"button\" rel=\"noopener noreferrer\">Conhe\u00e7a Agora<\/a>\n        <\/div>\n      <\/div>\n    <\/div>\n\n    <div class=\"col-sm\" id=\"boxes-concursos\">\n      <div style=\"background-color: #1A7ED5;\" class=\"conteudo-concursos\" id=\"box-concursos\">\n        <h3 class=\"titulo-assinatura\">Concursos 2021<\/h3>\n        <p class=\"subtitulo-assinatura\">As oportunidades previstas<\/p>\n        <div class=\"box-botao\">\n          <a class=\"btn-assinatura\" target=\"_blank\" href=\"https:\/\/www.estrategiaconcursos.com.br\/blog\/concursos-2021\/\" role=\"button\" rel=\"noopener noreferrer\">Conhe\u00e7a Agora<\/a>\n        <\/div>\n      <\/div>\n    <\/div>\n\n    <div class=\"col-sm\" id=\"boxes-concursos\">\n      <div style=\"background-color: #419FF0;\" class=\"conteudo-concursos\" id=\"box-concursos\">\n        <h3 class=\"titulo-assinatura\">Concursos 2022<\/h3>\n        <p class=\"subtitulo-assinatura\">Vagas para o pr\u00f3ximo ano<\/p>\n        <div class=\"box-botao\">\n          <a class=\"btn-assinatura\" target=\"_blank\" href=\"https:\/\/www.estrategiaconcursos.com.br\/blog\/concursos-2022\/\" role=\"button\" rel=\"noopener noreferrer\">Conhe\u00e7a Agora<\/a>\n        <\/div>\n      <\/div>\n    <\/div>\n\n  <\/div>\n<\/div>\n","protected":false},"excerpt":{"rendered":"<p>Aten\u00e7\u00e3o, estrategistas! Foi formada a comiss\u00e3o especial respons\u00e1vel pelo pr\u00f3ximo\u00a0PSS Minist\u00e9rio da Economia. Ao todo, o processo seletivo simplificado contar\u00e1 com\u00a0300 vagas tempor\u00e1rias. A Portaria foi divulgada nesta quarta-feira, 29 de setembro de 2021, no Di\u00e1rio Oficial da Uni\u00e3o (DOU). De acordo com o documento, ficam designados os seguintes servidores: I &#8211; Representante do Departamento [&hellip;]<\/p>\n","protected":false},"author":2018,"featured_media":756003,"comment_status":"open","ping_status":"closed","sticky":false,"template":"","format":"standard","meta":{"post_tipo":"news","footnotes":""},"categories":[214992,220219],"tags":[],"tax_estado":[219963],"class_list":["post-873213","post","type-post","status-publish","format-standard","has-post-thumbnail","hentry","category-concursos-administrativos","category-noticias","tax_estado-concursos-federais"],"acf":[],"yoast_head":"<!-- This site is optimized with the Yoast SEO Premium plugin v27.2 (Yoast SEO v27.2) - https:\/\/yoast.com\/product\/yoast-seo-premium-wordpress\/ -->\n<title>PSS Minist\u00e9rio da Economia: comiss\u00e3o especial formada<\/title>\n<meta name=\"description\" content=\"Concurso PSS Minist\u00e9rio da Economia: formada a comiss\u00e3o especial respons\u00e1vel pelo pr\u00f3ximo PSS, que contar\u00e1 com 300 vagas tempor\u00e1rias.\" \/>\n<meta name=\"robots\" content=\"index, follow, max-snippet:-1, max-image-preview:large, max-video-preview:-1\" \/>\n<link rel=\"canonical\" href=\"https:\/\/www.estrategiaconcursos.com.br\/blog\/pss-ministerio-da-economia-comissao-especial-formada\/\" \/>\n<meta property=\"og:locale\" content=\"pt_BR\" \/>\n<meta property=\"og:type\" content=\"article\" \/>\n<meta property=\"og:title\" content=\"PSS Minist\u00e9rio da Economia: comiss\u00e3o especial formada\" \/>\n<meta property=\"og:description\" content=\"Concurso PSS Minist\u00e9rio da Economia: formada a comiss\u00e3o especial respons\u00e1vel pelo pr\u00f3ximo PSS, que contar\u00e1 com 300 vagas tempor\u00e1rias.\" \/>\n<meta property=\"og:url\" content=\"https:\/\/www.estrategiaconcursos.com.br\/blog\/pss-ministerio-da-economia-comissao-especial-formada\/\" \/>\n<meta property=\"og:site_name\" content=\"Estrat\u00e9gia Concursos\" \/>\n<meta property=\"article:published_time\" content=\"2021-09-29T13:00:00+00:00\" \/>\n<meta property=\"article:modified_time\" content=\"2021-09-29T13:34:12+00:00\" \/>\n<meta property=\"og:image\" content=\"https:\/\/dhg1h5j42swfq.cloudfront.net\/2021\/05\/31140019\/ministerio-da-economia.jpg\" \/>\n\t<meta property=\"og:image:width\" content=\"768\" \/>\n\t<meta property=\"og:image:height\" content=\"432\" \/>\n\t<meta property=\"og:image:type\" content=\"image\/jpeg\" \/>\n<meta name=\"author\" content=\"B\u00e1rbara Carvalho Santos\" \/>\n<meta name=\"twitter:card\" content=\"summary_large_image\" \/>\n<meta name=\"twitter:creator\" content=\"@EstratConcursos\" \/>\n<meta name=\"twitter:site\" content=\"@EstratConcursos\" \/>\n<meta name=\"twitter:label1\" content=\"Escrito por\" \/>\n\t<meta name=\"twitter:data1\" content=\"B\u00e1rbara Carvalho Santos\" \/>\n\t<meta name=\"twitter:label2\" content=\"Est. tempo de leitura\" \/>\n\t<meta name=\"twitter:data2\" content=\"3 minutos\" \/>\n<script type=\"application\/ld+json\" class=\"yoast-schema-graph\">{\"@context\":\"https:\/\/schema.org\",\"@graph\":[{\"@type\":\"NewsArticle\",\"@id\":\"https:\/\/www.estrategiaconcursos.com.br\/blog\/pss-ministerio-da-economia-comissao-especial-formada\/#article\",\"isPartOf\":{\"@id\":\"https:\/\/www.estrategiaconcursos.com.br\/blog\/pss-ministerio-da-economia-comissao-especial-formada\/\"},\"author\":{\"name\":\"B\u00e1rbara Carvalho Santos\",\"@id\":\"https:\/\/www.estrategiaconcursos.com.br\/blog\/#\/schema\/person\/e3882259fa157d54c44c21f4ee4e0e60\"},\"headline\":\"PSS Minist\u00e9rio da Economia: comiss\u00e3o especial formada\",\"datePublished\":\"2021-09-29T13:00:00+00:00\",\"dateModified\":\"2021-09-29T13:34:12+00:00\",\"mainEntityOfPage\":{\"@id\":\"https:\/\/www.estrategiaconcursos.com.br\/blog\/pss-ministerio-da-economia-comissao-especial-formada\/\"},\"wordCount\":627,\"commentCount\":0,\"publisher\":{\"@id\":\"https:\/\/www.estrategiaconcursos.com.br\/blog\/#organization\"},\"image\":{\"@id\":\"https:\/\/www.estrategiaconcursos.com.br\/blog\/pss-ministerio-da-economia-comissao-especial-formada\/#primaryimage\"},\"thumbnailUrl\":\"https:\/\/dhg1h5j42swfq.cloudfront.net\/2021\/05\/31140019\/ministerio-da-economia.jpg\",\"articleSection\":[\"Executivo (Administrativa)\",\"\u00daltimas not\u00edcias\"],\"inLanguage\":\"pt-BR\",\"potentialAction\":[{\"@type\":\"CommentAction\",\"name\":\"Comment\",\"target\":[\"https:\/\/www.estrategiaconcursos.com.br\/blog\/pss-ministerio-da-economia-comissao-especial-formada\/#respond\"]}],\"copyrightYear\":\"2021\",\"copyrightHolder\":{\"@id\":\"https:\/\/www.estrategiaconcursos.com.br\/blog\/#organization\"}},{\"@type\":\"WebPage\",\"@id\":\"https:\/\/www.estrategiaconcursos.com.br\/blog\/pss-ministerio-da-economia-comissao-especial-formada\/\",\"url\":\"https:\/\/www.estrategiaconcursos.com.br\/blog\/pss-ministerio-da-economia-comissao-especial-formada\/\",\"name\":\"PSS Minist\u00e9rio da Economia: comiss\u00e3o especial formada\",\"isPartOf\":{\"@id\":\"https:\/\/www.estrategiaconcursos.com.br\/blog\/#website\"},\"primaryImageOfPage\":{\"@id\":\"https:\/\/www.estrategiaconcursos.com.br\/blog\/pss-ministerio-da-economia-comissao-especial-formada\/#primaryimage\"},\"image\":{\"@id\":\"https:\/\/www.estrategiaconcursos.com.br\/blog\/pss-ministerio-da-economia-comissao-especial-formada\/#primaryimage\"},\"thumbnailUrl\":\"https:\/\/dhg1h5j42swfq.cloudfront.net\/2021\/05\/31140019\/ministerio-da-economia.jpg\",\"datePublished\":\"2021-09-29T13:00:00+00:00\",\"dateModified\":\"2021-09-29T13:34:12+00:00\",\"description\":\"Concurso PSS Minist\u00e9rio da Economia: formada a comiss\u00e3o especial respons\u00e1vel pelo pr\u00f3ximo PSS, que contar\u00e1 com 300 vagas tempor\u00e1rias.\",\"breadcrumb\":{\"@id\":\"https:\/\/www.estrategiaconcursos.com.br\/blog\/pss-ministerio-da-economia-comissao-especial-formada\/#breadcrumb\"},\"inLanguage\":\"pt-BR\",\"potentialAction\":[{\"@type\":\"ReadAction\",\"target\":[\"https:\/\/www.estrategiaconcursos.com.br\/blog\/pss-ministerio-da-economia-comissao-especial-formada\/\"]}]},{\"@type\":\"ImageObject\",\"inLanguage\":\"pt-BR\",\"@id\":\"https:\/\/www.estrategiaconcursos.com.br\/blog\/pss-ministerio-da-economia-comissao-especial-formada\/#primaryimage\",\"url\":\"https:\/\/dhg1h5j42swfq.cloudfront.net\/2021\/05\/31140019\/ministerio-da-economia.jpg\",\"contentUrl\":\"https:\/\/dhg1h5j42swfq.cloudfront.net\/2021\/05\/31140019\/ministerio-da-economia.jpg\",\"width\":768,\"height\":432,\"caption\":\"Minist\u00e9rio da Economia banca\"},{\"@type\":\"BreadcrumbList\",\"@id\":\"https:\/\/www.estrategiaconcursos.com.br\/blog\/pss-ministerio-da-economia-comissao-especial-formada\/#breadcrumb\",\"itemListElement\":[{\"@type\":\"ListItem\",\"position\":1,\"name\":\"In\u00edcio\",\"item\":\"https:\/\/www.estrategiaconcursos.com.br\/blog\/\"},{\"@type\":\"ListItem\",\"position\":2,\"name\":\"PSS Minist\u00e9rio da Economia: comiss\u00e3o especial formada\"}]},{\"@type\":\"WebSite\",\"@id\":\"https:\/\/www.estrategiaconcursos.com.br\/blog\/#website\",\"url\":\"https:\/\/www.estrategiaconcursos.com.br\/blog\/\",\"name\":\"Estrat\u00e9gia Concursos\",\"description\":\"O blog da Estrat\u00e9gia Concursos traz not\u00edcias sobre concursos e artigos de professores oferecendo cursos para concursos (pdf + videaulas) no site.\",\"publisher\":{\"@id\":\"https:\/\/www.estrategiaconcursos.com.br\/blog\/#organization\"},\"potentialAction\":[{\"@type\":\"SearchAction\",\"target\":{\"@type\":\"EntryPoint\",\"urlTemplate\":\"https:\/\/www.estrategiaconcursos.com.br\/blog\/?s={search_term_string}\"},\"query-input\":{\"@type\":\"PropertyValueSpecification\",\"valueRequired\":true,\"valueName\":\"search_term_string\"}}],\"inLanguage\":\"pt-BR\"},{\"@type\":\"Organization\",\"@id\":\"https:\/\/www.estrategiaconcursos.com.br\/blog\/#organization\",\"name\":\"Estrat\u00e9gia Concursos\",\"url\":\"https:\/\/www.estrategiaconcursos.com.br\/blog\/\",\"logo\":{\"@type\":\"ImageObject\",\"inLanguage\":\"pt-BR\",\"@id\":\"https:\/\/www.estrategiaconcursos.com.br\/blog\/#\/schema\/logo\/image\/\",\"url\":\"https:\/\/dhg1h5j42swfq.cloudfront.net\/2025\/06\/03203428\/logo_concursos-1.jpg\",\"contentUrl\":\"https:\/\/dhg1h5j42swfq.cloudfront.net\/2025\/06\/03203428\/logo_concursos-1.jpg\",\"width\":230,\"height\":60,\"caption\":\"Estrat\u00e9gia Concursos\"},\"image\":{\"@id\":\"https:\/\/www.estrategiaconcursos.com.br\/blog\/#\/schema\/logo\/image\/\"},\"sameAs\":[\"https:\/\/x.com\/EstratConcursos\"]},{\"@type\":\"Person\",\"@id\":\"https:\/\/www.estrategiaconcursos.com.br\/blog\/#\/schema\/person\/e3882259fa157d54c44c21f4ee4e0e60\",\"name\":\"B\u00e1rbara Carvalho Santos\",\"image\":{\"@type\":\"ImageObject\",\"inLanguage\":\"pt-BR\",\"@id\":\"https:\/\/secure.gravatar.com\/avatar\/353300f73140f779692b9be2b39f434d1341e4e34c7f55bd5a990fe29ef352eb?s=96&d=mm&r=g\",\"url\":\"https:\/\/secure.gravatar.com\/avatar\/353300f73140f779692b9be2b39f434d1341e4e34c7f55bd5a990fe29ef352eb?s=96&d=mm&r=g\",\"contentUrl\":\"https:\/\/secure.gravatar.com\/avatar\/353300f73140f779692b9be2b39f434d1341e4e34c7f55bd5a990fe29ef352eb?s=96&d=mm&r=g\",\"caption\":\"B\u00e1rbara Carvalho Santos\"},\"description\":\"M\u00e3e e jornalista formada pela UNIP, possui ampla experi\u00eancia na cobertura de entretenimento em grandes ve\u00edculos, como o site da CNN, RedeTV! e Estrat\u00e9gia Educacional. Atuou tamb\u00e9m em ag\u00eancias de marketing, produtoras musicais e assessorias de imprensa, com foco especial no trabalho com personalidades p\u00fablicas. Atualmente, integra a equipe do Estrat\u00e9gia Concursos, onde \u00e9 respons\u00e1vel pela produ\u00e7\u00e3o de conte\u00fados estrat\u00e9gicos voltados para o setor de concursos p\u00fablicos, com destaque para a \u00e1rea fiscal, gest\u00e3o, controle, concursos administrativos e Minist\u00e9rios participantes do CNU, al\u00e9m de diversos \u00f3rg\u00e3os federais. Tem como miss\u00e3o transformar informa\u00e7\u00f5es complexas em conte\u00fados acess\u00edveis, relevantes e de alto valor para quem sonha com uma carreira no servi\u00e7o p\u00fablico.\",\"url\":\"https:\/\/www.estrategiaconcursos.com.br\/blog\/author\/barbara-santos\/\"}]}<\/script>\n<!-- \/ Yoast SEO Premium plugin. -->","yoast_head_json":{"title":"PSS Minist\u00e9rio da Economia: comiss\u00e3o especial formada","description":"Concurso PSS Minist\u00e9rio da Economia: formada a comiss\u00e3o especial respons\u00e1vel pelo pr\u00f3ximo PSS, que contar\u00e1 com 300 vagas tempor\u00e1rias.","robots":{"index":"index","follow":"follow","max-snippet":"max-snippet:-1","max-image-preview":"max-image-preview:large","max-video-preview":"max-video-preview:-1"},"canonical":"https:\/\/www.estrategiaconcursos.com.br\/blog\/pss-ministerio-da-economia-comissao-especial-formada\/","og_locale":"pt_BR","og_type":"article","og_title":"PSS Minist\u00e9rio da Economia: comiss\u00e3o especial formada","og_description":"Concurso PSS Minist\u00e9rio da Economia: formada a comiss\u00e3o especial respons\u00e1vel pelo pr\u00f3ximo PSS, que contar\u00e1 com 300 vagas tempor\u00e1rias.","og_url":"https:\/\/www.estrategiaconcursos.com.br\/blog\/pss-ministerio-da-economia-comissao-especial-formada\/","og_site_name":"Estrat\u00e9gia Concursos","article_published_time":"2021-09-29T13:00:00+00:00","article_modified_time":"2021-09-29T13:34:12+00:00","og_image":[{"width":768,"height":432,"url":"https:\/\/dhg1h5j42swfq.cloudfront.net\/2021\/05\/31140019\/ministerio-da-economia.jpg","type":"image\/jpeg"}],"author":"B\u00e1rbara Carvalho Santos","twitter_card":"summary_large_image","twitter_creator":"@EstratConcursos","twitter_site":"@EstratConcursos","twitter_misc":{"Escrito por":"B\u00e1rbara Carvalho Santos","Est. tempo de leitura":"3 minutos"},"schema":{"@context":"https:\/\/schema.org","@graph":[{"@type":"NewsArticle","@id":"https:\/\/www.estrategiaconcursos.com.br\/blog\/pss-ministerio-da-economia-comissao-especial-formada\/#article","isPartOf":{"@id":"https:\/\/www.estrategiaconcursos.com.br\/blog\/pss-ministerio-da-economia-comissao-especial-formada\/"},"author":{"name":"B\u00e1rbara Carvalho Santos","@id":"https:\/\/www.estrategiaconcursos.com.br\/blog\/#\/schema\/person\/e3882259fa157d54c44c21f4ee4e0e60"},"headline":"PSS Minist\u00e9rio da Economia: comiss\u00e3o especial formada","datePublished":"2021-09-29T13:00:00+00:00","dateModified":"2021-09-29T13:34:12+00:00","mainEntityOfPage":{"@id":"https:\/\/www.estrategiaconcursos.com.br\/blog\/pss-ministerio-da-economia-comissao-especial-formada\/"},"wordCount":627,"commentCount":0,"publisher":{"@id":"https:\/\/www.estrategiaconcursos.com.br\/blog\/#organization"},"image":{"@id":"https:\/\/www.estrategiaconcursos.com.br\/blog\/pss-ministerio-da-economia-comissao-especial-formada\/#primaryimage"},"thumbnailUrl":"https:\/\/dhg1h5j42swfq.cloudfront.net\/2021\/05\/31140019\/ministerio-da-economia.jpg","articleSection":["Executivo (Administrativa)","\u00daltimas not\u00edcias"],"inLanguage":"pt-BR","potentialAction":[{"@type":"CommentAction","name":"Comment","target":["https:\/\/www.estrategiaconcursos.com.br\/blog\/pss-ministerio-da-economia-comissao-especial-formada\/#respond"]}],"copyrightYear":"2021","copyrightHolder":{"@id":"https:\/\/www.estrategiaconcursos.com.br\/blog\/#organization"}},{"@type":"WebPage","@id":"https:\/\/www.estrategiaconcursos.com.br\/blog\/pss-ministerio-da-economia-comissao-especial-formada\/","url":"https:\/\/www.estrategiaconcursos.com.br\/blog\/pss-ministerio-da-economia-comissao-especial-formada\/","name":"PSS Minist\u00e9rio da Economia: comiss\u00e3o especial formada","isPartOf":{"@id":"https:\/\/www.estrategiaconcursos.com.br\/blog\/#website"},"primaryImageOfPage":{"@id":"https:\/\/www.estrategiaconcursos.com.br\/blog\/pss-ministerio-da-economia-comissao-especial-formada\/#primaryimage"},"image":{"@id":"https:\/\/www.estrategiaconcursos.com.br\/blog\/pss-ministerio-da-economia-comissao-especial-formada\/#primaryimage"},"thumbnailUrl":"https:\/\/dhg1h5j42swfq.cloudfront.net\/2021\/05\/31140019\/ministerio-da-economia.jpg","datePublished":"2021-09-29T13:00:00+00:00","dateModified":"2021-09-29T13:34:12+00:00","description":"Concurso PSS Minist\u00e9rio da Economia: formada a comiss\u00e3o especial respons\u00e1vel pelo pr\u00f3ximo PSS, que contar\u00e1 com 300 vagas tempor\u00e1rias.","breadcrumb":{"@id":"https:\/\/www.estrategiaconcursos.com.br\/blog\/pss-ministerio-da-economia-comissao-especial-formada\/#breadcrumb"},"inLanguage":"pt-BR","potentialAction":[{"@type":"ReadAction","target":["https:\/\/www.estrategiaconcursos.com.br\/blog\/pss-ministerio-da-economia-comissao-especial-formada\/"]}]},{"@type":"ImageObject","inLanguage":"pt-BR","@id":"https:\/\/www.estrategiaconcursos.com.br\/blog\/pss-ministerio-da-economia-comissao-especial-formada\/#primaryimage","url":"https:\/\/dhg1h5j42swfq.cloudfront.net\/2021\/05\/31140019\/ministerio-da-economia.jpg","contentUrl":"https:\/\/dhg1h5j42swfq.cloudfront.net\/2021\/05\/31140019\/ministerio-da-economia.jpg","width":768,"height":432,"caption":"Minist\u00e9rio da Economia banca"},{"@type":"BreadcrumbList","@id":"https:\/\/www.estrategiaconcursos.com.br\/blog\/pss-ministerio-da-economia-comissao-especial-formada\/#breadcrumb","itemListElement":[{"@type":"ListItem","position":1,"name":"In\u00edcio","item":"https:\/\/www.estrategiaconcursos.com.br\/blog\/"},{"@type":"ListItem","position":2,"name":"PSS Minist\u00e9rio da Economia: comiss\u00e3o especial formada"}]},{"@type":"WebSite","@id":"https:\/\/www.estrategiaconcursos.com.br\/blog\/#website","url":"https:\/\/www.estrategiaconcursos.com.br\/blog\/","name":"Estrat\u00e9gia Concursos","description":"O blog da Estrat\u00e9gia Concursos traz not\u00edcias sobre concursos e artigos de professores oferecendo cursos para concursos (pdf + videaulas) no site.","publisher":{"@id":"https:\/\/www.estrategiaconcursos.com.br\/blog\/#organization"},"potentialAction":[{"@type":"SearchAction","target":{"@type":"EntryPoint","urlTemplate":"https:\/\/www.estrategiaconcursos.com.br\/blog\/?s={search_term_string}"},"query-input":{"@type":"PropertyValueSpecification","valueRequired":true,"valueName":"search_term_string"}}],"inLanguage":"pt-BR"},{"@type":"Organization","@id":"https:\/\/www.estrategiaconcursos.com.br\/blog\/#organization","name":"Estrat\u00e9gia Concursos","url":"https:\/\/www.estrategiaconcursos.com.br\/blog\/","logo":{"@type":"ImageObject","inLanguage":"pt-BR","@id":"https:\/\/www.estrategiaconcursos.com.br\/blog\/#\/schema\/logo\/image\/","url":"https:\/\/dhg1h5j42swfq.cloudfront.net\/2025\/06\/03203428\/logo_concursos-1.jpg","contentUrl":"https:\/\/dhg1h5j42swfq.cloudfront.net\/2025\/06\/03203428\/logo_concursos-1.jpg","width":230,"height":60,"caption":"Estrat\u00e9gia Concursos"},"image":{"@id":"https:\/\/www.estrategiaconcursos.com.br\/blog\/#\/schema\/logo\/image\/"},"sameAs":["https:\/\/x.com\/EstratConcursos"]},{"@type":"Person","@id":"https:\/\/www.estrategiaconcursos.com.br\/blog\/#\/schema\/person\/e3882259fa157d54c44c21f4ee4e0e60","name":"B\u00e1rbara Carvalho Santos","image":{"@type":"ImageObject","inLanguage":"pt-BR","@id":"https:\/\/secure.gravatar.com\/avatar\/353300f73140f779692b9be2b39f434d1341e4e34c7f55bd5a990fe29ef352eb?s=96&d=mm&r=g","url":"https:\/\/secure.gravatar.com\/avatar\/353300f73140f779692b9be2b39f434d1341e4e34c7f55bd5a990fe29ef352eb?s=96&d=mm&r=g","contentUrl":"https:\/\/secure.gravatar.com\/avatar\/353300f73140f779692b9be2b39f434d1341e4e34c7f55bd5a990fe29ef352eb?s=96&d=mm&r=g","caption":"B\u00e1rbara Carvalho Santos"},"description":"M\u00e3e e jornalista formada pela UNIP, possui ampla experi\u00eancia na cobertura de entretenimento em grandes ve\u00edculos, como o site da CNN, RedeTV! e Estrat\u00e9gia Educacional. Atuou tamb\u00e9m em ag\u00eancias de marketing, produtoras musicais e assessorias de imprensa, com foco especial no trabalho com personalidades p\u00fablicas. Atualmente, integra a equipe do Estrat\u00e9gia Concursos, onde \u00e9 respons\u00e1vel pela produ\u00e7\u00e3o de conte\u00fados estrat\u00e9gicos voltados para o setor de concursos p\u00fablicos, com destaque para a \u00e1rea fiscal, gest\u00e3o, controle, concursos administrativos e Minist\u00e9rios participantes do CNU, al\u00e9m de diversos \u00f3rg\u00e3os federais. Tem como miss\u00e3o transformar informa\u00e7\u00f5es complexas em conte\u00fados acess\u00edveis, relevantes e de alto valor para quem sonha com uma carreira no servi\u00e7o p\u00fablico.","url":"https:\/\/www.estrategiaconcursos.com.br\/blog\/author\/barbara-santos\/"}]}},"_links":{"self":[{"href":"https:\/\/www.estrategiaconcursos.com.br\/blog\/wp-json\/wp\/v2\/posts\/873213","targetHints":{"allow":["GET"]}}],"collection":[{"href":"https:\/\/www.estrategiaconcursos.com.br\/blog\/wp-json\/wp\/v2\/posts"}],"about":[{"href":"https:\/\/www.estrategiaconcursos.com.br\/blog\/wp-json\/wp\/v2\/types\/post"}],"author":[{"embeddable":true,"href":"https:\/\/www.estrategiaconcursos.com.br\/blog\/wp-json\/wp\/v2\/users\/2018"}],"replies":[{"embeddable":true,"href":"https:\/\/www.estrategiaconcursos.com.br\/blog\/wp-json\/wp\/v2\/comments?post=873213"}],"version-history":[{"count":11,"href":"https:\/\/www.estrategiaconcursos.com.br\/blog\/wp-json\/wp\/v2\/posts\/873213\/revisions"}],"predecessor-version":[{"id":873265,"href":"https:\/\/www.estrategiaconcursos.com.br\/blog\/wp-json\/wp\/v2\/posts\/873213\/revisions\/873265"}],"wp:featuredmedia":[{"embeddable":true,"href":"https:\/\/www.estrategiaconcursos.com.br\/blog\/wp-json\/wp\/v2\/media\/756003"}],"wp:attachment":[{"href":"https:\/\/www.estrategiaconcursos.com.br\/blog\/wp-json\/wp\/v2\/media?parent=873213"}],"wp:term":[{"taxonomy":"category","embeddable":true,"href":"https:\/\/www.estrategiaconcursos.com.br\/blog\/wp-json\/wp\/v2\/categories?post=873213"},{"taxonomy":"post_tag","embeddable":true,"href":"https:\/\/www.estrategiaconcursos.com.br\/blog\/wp-json\/wp\/v2\/tags?post=873213"},{"taxonomy":"tax_estado","embeddable":true,"href":"https:\/\/www.estrategiaconcursos.com.br\/blog\/wp-json\/wp\/v2\/tax_estado?post=873213"}],"curies":[{"name":"wp","href":"https:\/\/api.w.org\/{rel}","templated":true}]}}