{"id":872838,"date":"2021-10-05T07:58:00","date_gmt":"2021-10-05T10:58:00","guid":{"rendered":"https:\/\/www.estrategiaconcursos.com.br\/blog\/?p=872838"},"modified":"2021-10-04T14:49:25","modified_gmt":"2021-10-04T17:49:25","slug":"resumo-da-sujeicao-passiva-icms-sefaz-rr","status":"publish","type":"post","link":"https:\/\/www.estrategiaconcursos.com.br\/blog\/resumo-da-sujeicao-passiva-icms-sefaz-rr\/","title":{"rendered":"Resumo da Sujei\u00e7\u00e3o Passiva ICMS SEFAZ-RR"},"content":{"rendered":"\n<p>Ol\u00e1, pessoal. Tudo certo? No artigo de hoje veremos o Resumo da Sujei\u00e7\u00e3o Passiva ICMS SEFAZ-RR.<\/p>\n\n\n\n<p>Os temas est\u00e3o disciplinados principalmente no RICMS, mas tamb\u00e9m veremos algumas partes da Lei 59\/93 quando necess\u00e1rio.<\/p>\n\n\n\n<p>Trataremos o tema da seguinte forma:<\/p>\n\n\n\n<ul class=\"wp-block-list\"><li>Disposi\u00e7\u00f5es Gerais<\/li><li>Contribuinte<\/li><li>Respons\u00e1vel<\/li><\/ul>\n\n\n\n<div class=\"wp-block-image\"><figure class=\"aligncenter size-full\"><img loading=\"lazy\" decoding=\"async\" width=\"358\" height=\"81\" src=\"https:\/\/dhg1h5j42swfq.cloudfront.net\/2021\/09\/28202410\/image-554.png\" alt=\"Resumo da Sujei\u00e7\u00e3o Passiva ICMS SEFAZ-RR \" class=\"wp-image-872839\" srcset=\"https:\/\/dhg1h5j42swfq.cloudfront.net\/2021\/09\/28202410\/image-554.png 358w, https:\/\/dhg1h5j42swfq.cloudfront.net\/2021\/09\/28202410\/image-554-300x68.png 300w\" sizes=\"auto, (max-width: 358px) 100vw, 358px\" \/><figcaption>Resumo da Sujei\u00e7\u00e3o Passiva ICMS SEFAZ-RR<\/figcaption><\/figure><\/div>\n\n\n\n<p>Vamos l\u00e1.<\/p>\n\n\n\n<h2 class=\"wp-block-heading\">Disposi\u00e7\u00f5es Gerais<\/h2>\n\n\n\n<p>Vamos iniciar o resumo da Sujei\u00e7\u00e3o Passiva ICMS SEFAZ-RR pelas Disposi\u00e7\u00f5es Gerais.<\/p>\n\n\n\n<p>Antes disso, vamos relembrar rapidamente a <span class=\"has-inline-color has-vivid-cyan-blue-color\"><strong>sujei\u00e7\u00e3o passiva<\/strong>.<\/span><\/p>\n\n\n\n<ul class=\"wp-block-list\"><li><strong><span class=\"has-inline-color has-vivid-green-cyan-color\">Contribuinte <\/span>(sujeito passivo direto):<\/strong> Rela\u00e7\u00e3o pessoal e direta com o fato gerador.<\/li><li><strong><span class=\"has-inline-color has-vivid-green-cyan-color\">Respons\u00e1vel <\/span>(sujeito passivo indireto): <\/strong>Obriga\u00e7\u00e3o decorre de lei.<\/li><\/ul>\n\n\n\n<p>Com isso em mente, vejamos as disposi\u00e7\u00f5es espec\u00edficas.<\/p>\n\n\n\n<p>Do CTN (Art. 126), j\u00e1 sabemos que capacidade tribut\u00e1ria passiva independe da capacidade civil, da regularidade da pessoa jur\u00eddica e etc. O RICMS abordou de forma muito semelhante, assim destacaremos apenas dois incisos.<\/p>\n\n\n\n<p><em>Art. 22. S\u00e3o <span class=\"has-inline-color has-vivid-green-cyan-color\"><strong>irrelevantes<\/strong> <\/span>para excluir a <span class=\"has-inline-color has-vivid-green-cyan-color\"><strong>responsabilidade<\/strong> <\/span>pelo cumprimento da obriga\u00e7\u00e3o tribut\u00e1ria ou a decorrente de sua inobserv\u00e2ncia:<\/em><\/p>\n\n\n\n<p><em>III \u2013 a <strong>irregularidade<\/strong> formal na <strong><span class=\"has-inline-color has-vivid-purple-color\">constitui\u00e7\u00e3o da pessoa jur\u00eddica<\/span><\/strong> do direito privado ou da firma individual, <strong>bastando que configure uma unidade econ\u00f4mica ou profissional<\/strong>;<\/em><\/p>\n\n\n\n<p><em>IV \u2013 a <strong><span class=\"has-inline-color has-vivid-purple-color\">inexist\u00eancia <\/span>de estabelecimento fixo<\/strong> e a sua <strong><span class=\"has-inline-color has-vivid-purple-color\">clandestinidade<\/span><\/strong>, ou a precariedade de suas instala\u00e7\u00f5es.<\/em><\/p>\n\n\n\n<h2 class=\"wp-block-heading\">Contribuinte<\/h2>\n\n\n\n<p>Dando continuidade ao Resumo da Sujei\u00e7\u00e3o Passiva ICMS SEFAZ-RR, conhe\u00e7amos as disposi\u00e7\u00f5es sobre o contribuinte.<\/p>\n\n\n\n<p>Em parte o RICMS apenas copiou a Lei Kandir, assim veremos apenas alguns itens do rol (exemplificativo) elencado.<\/p>\n\n\n\n<p><strong><span class=\"has-inline-color has-vivid-cyan-blue-color\">Rol de contribuintes<\/span><\/strong> (Art. 18, \u00a7 1\u00ba):<\/p>\n\n\n\n<ul class=\"wp-block-list\"><li>III \u2013 a <strong><span class=\"has-inline-color has-vivid-green-cyan-color\">institui\u00e7\u00e3o financeira e a seguradora<\/span><\/strong>;<\/li><li><span style=\"color: initial;\">V \u2013 a <\/span><strong style=\"color: initial;\"><span class=\"has-inline-color has-vivid-green-cyan-color\">sociedade civil de fim <\/span><span class=\"has-inline-color has-vivid-red-color\">n\u00e3o <\/span><span class=\"has-inline-color has-vivid-green-cyan-color\">econ\u00f4mico <\/span><\/strong><span style=\"color: initial;\">que explore estabelecimento de <\/span><strong style=\"color: initial;\">extra\u00e7\u00e3o de subst\u00e2ncia mineral ou f\u00f3ssil<\/strong><span style=\"color: initial;\">, de <\/span><strong style=\"color: initial;\">produ\u00e7\u00e3o agropecu\u00e1ria, industrial<\/strong><span style=\"color: initial;\"> ou que comercialize mercadoria para esse fim adquirida ou produzida, bem como <\/span><strong style=\"color: initial;\">servi\u00e7os de transporte e de comunica\u00e7\u00e3o<\/strong><span style=\"color: initial;\">; <\/span><\/li><li>VI \u2013 os <strong><span class=\"has-inline-color has-vivid-green-cyan-color\">\u00f3rg\u00e3os da administra\u00e7\u00e3o p\u00fablica, as entidades da administra\u00e7\u00e3o indireta e as funda\u00e7\u00f5es institu\u00eddas e mantidas pelo Poder P\u00fablico<\/span><\/strong>, <strong>que vendam<\/strong>, ainda que apenas a um comprador de determinada categoria profissional ou funcional, <strong>mercadoria que, para esse fim adquirirem ou produzirem<\/strong>; <\/li><li>XI \u2013 qualquer pessoa indicada nos itens anteriores que, na condi\u00e7\u00e3o de<span class=\"has-inline-color has-vivid-green-cyan-color\"> <strong>consumidor final<\/strong><\/span>, <strong>adquira bens ou servi\u00e7os em opera\u00e7\u00f5es ou presta\u00e7\u00f5es interestaduais<\/strong>; <\/li><li>XII \u2013 os <span class=\"has-inline-color has-vivid-green-cyan-color\"><strong>templos<\/strong> <\/span>de qualquer culto, entidades <strong><span class=\"has-inline-color has-vivid-green-cyan-color\">sindicais de trabalhadores<\/span><\/strong>, os <strong><span class=\"has-inline-color has-vivid-green-cyan-color\">partidos pol\u00edticos<\/span><\/strong> e suas funda\u00e7\u00f5es, <strong><span class=\"has-inline-color has-vivid-green-cyan-color\">institui\u00e7\u00f5es de educa\u00e7\u00e3o e de assist\u00eancia social sem fins lucrativos<\/span><\/strong> que <strong>realizarem opera\u00e7\u00f5es ou presta\u00e7\u00f5es n\u00e3o relacionadas com suas finalidades essenciais<\/strong>.<\/li><\/ul>\n\n\n\n<p>\u00c9 bem verdade que algumas dessas hip\u00f3teses s\u00e3o \u201cestranhas\u201d, como por exemplo, incid\u00eancia sobre venda de \u00f3rg\u00e3os da administra\u00e7\u00e3o, mas de qualquer forma entenda que a regra \u00e9 se praticou fato gerador do ICMS com habitualidade ou volume que caracterize intuito comercial, ser\u00e1 considerado contribuinte.<\/p>\n\n\n\n<h2 class=\"wp-block-heading\">Do Respons\u00e1vel<\/h2>\n\n\n\n<p>Dando continuidade ao Resumo da Sujei\u00e7\u00e3o Passiva ICMS SEFAZ-RR, vamos separar os casos de <span class=\"has-inline-color has-vivid-cyan-blue-color\"><strong>responsabilidade<\/strong> <\/span>nos seguintes grupos para facilitar a compreens\u00e3o.<\/p>\n\n\n\n<ul class=\"wp-block-list\"><li><strong style=\"color: initial;\">Subsidi\u00e1rio<\/strong><span style=\"color: initial;\"> -&gt; pessoas que tenham rela\u00e7\u00e3o com a opera\u00e7\u00e3o (muito relacionado a opera\u00e7\u00f5es interestaduais)<\/span><\/li><li><strong>Solidariamente<\/strong> -&gt; em regra, ocorre alguma irregularidade.<\/li><li><strong>Substituto<\/strong> -&gt; Apenas pessoas jur\u00eddicas &#8220;grandes&#8221; Ex. F\u00e1brica<\/li><\/ul>\n\n\n\n<p>Perceba que s\u00e3o generaliza\u00e7\u00f5es que n\u00e3o devem ser levadas ao \u201cp\u00e9 da letra\u201d, mas j\u00e1 ajuda a organizar o pensamento sobre as hip\u00f3teses. &nbsp;<\/p>\n\n\n\n<h3 class=\"wp-block-heading\">Subsidi\u00e1rio<\/h3>\n\n\n\n<p><strong><span class=\"has-inline-color has-vivid-cyan-blue-color\">Respons\u00e1veis <\/span><\/strong>(Art. 20)<\/p>\n\n\n\n<ul class=\"wp-block-list\"><li>I \u2013 o<span class=\"has-inline-color has-vivid-green-cyan-color\"> <strong>armaz\u00e9m geral<\/strong> <\/span>ou o <span class=\"has-inline-color has-vivid-green-cyan-color\"><strong>deposit\u00e1rio<\/strong> <\/span>a qualquer t\u00edtulo:<\/li><\/ul>\n\n\n\n<p>a) na <strong>sa\u00edda<\/strong> <strong>de mercadoria depositada<\/strong> por <strong>contribuinte<\/strong> <strong>de <span class=\"has-inline-color has-vivid-red-color\">outro Estado<\/span><\/strong>;<\/p>\n\n\n\n<p>b) na <strong>transmiss\u00e3o<\/strong> de propriedade de <strong>mercadoria depositada por contribuinte<\/strong> <strong>de <span class=\"has-inline-color has-vivid-red-color\">outro Estado<\/span><\/strong>;<\/p>\n\n\n\n<ul class=\"wp-block-list\"><li>II \u2013 o <strong><span class=\"has-inline-color has-vivid-green-cyan-color\">transportador<\/span><\/strong>, em rela\u00e7\u00e3o \u00e0 mercadoria:<\/li><\/ul>\n\n\n\n<p>a) <strong>proveniente<\/strong> <strong>de <span class=\"has-inline-color has-vivid-red-color\">outra unidade da Federa\u00e7\u00e3o<\/span><\/strong> para entrega a <strong>destinat\u00e1rio incerto neste Estado<\/strong>;<\/p>\n\n\n\n<ul class=\"wp-block-list\"><li>III \u2013 o <strong><span class=\"has-inline-color has-vivid-green-cyan-color\">arrematante<\/span><\/strong>, em rela\u00e7\u00e3o \u00e0 sa\u00edda de mercadoria objeto de <strong>arremata\u00e7\u00e3o judicial<\/strong>;<\/li><\/ul>\n\n\n\n<ul class=\"wp-block-list\"><li>IV \u2013 o <strong><span class=\"has-inline-color has-vivid-green-cyan-color\">leiloeiro<\/span><\/strong>, em rela\u00e7\u00e3o \u00e0 sa\u00edda de mercadoria objeto de <strong>aliena\u00e7\u00e3o em leil\u00e3o<\/strong>;<\/li><\/ul>\n\n\n\n<ul class=\"wp-block-list\"><li>X \u2013 a <span class=\"has-inline-color has-vivid-green-cyan-color\"><strong>pessoa<\/strong> <\/span>que, tendo <strong>recebido<\/strong> mercadoria ou servi\u00e7o <strong>beneficiados<\/strong> com isen\u00e7\u00e3o ou n\u00e3o-incid\u00eancia sob determinados requisitos,<strong> n\u00e3o lhes der a correta destina\u00e7\u00e3o<\/strong> ou desvirtuar suas finalidades;<\/li><\/ul>\n\n\n\n<ul class=\"wp-block-list\"><li>XIII \u2013 o<span class=\"has-inline-color has-vivid-green-cyan-color\"> <strong>destinat\u00e1rio localizado neste Estado<\/strong><\/span> de <strong>mercadoria<\/strong> ou bem importados do <strong>exterior<\/strong> <strong>por importador de <\/strong><span class=\"has-inline-color has-vivid-red-color\"><strong>outro Estado<\/strong> <\/span>ou do Distrito Federal e <strong>entrados fisicamente neste Estado<\/strong>, pelo imposto incidente no desembara\u00e7o aduaneiro e em opera\u00e7\u00e3o subseq\u00fcente da qual decorrer a aquisi\u00e7\u00e3o da mercadoria ou bem; -&gt; N\u00e3o h\u00e1 responsabilidade se o importador realizar o pagamento (Art. 20, \u00a72\u00ba)<\/li><\/ul>\n\n\n\n<ul class=\"wp-block-list\"><li>XIV &#8211; o<span class=\"has-inline-color has-vivid-green-cyan-color\"> <strong>fabricante ou credenciado de equipamento emissor de cupom fiscal<\/strong><\/span>, bem como, o produtor, o programador, o analista ou o licenciante do uso de programa de computador (software), <strong>sempre que<\/strong>, por meio de dispositivos, mecanismos ou fun\u00e7\u00f5es do equipamento ou programa, <strong>colaborarem com a insufici\u00eancia ou falta de pagamento do imposto<\/strong>.<\/li><\/ul>\n\n\n\n<h4 class=\"wp-block-heading\">Outros subsidi\u00e1rios<\/h4>\n\n\n\n<p><strong><span class=\"has-inline-color has-vivid-cyan-blue-color\">Respons\u00e1veis <\/span><\/strong>(Art. 21)<\/p>\n\n\n\n<ul class=\"wp-block-list\"><li>III \u2013 a <strong><span class=\"has-inline-color has-vivid-green-cyan-color\">pessoa jur\u00eddica<\/span><\/strong> que <strong>resultar de fus\u00e3o, transforma\u00e7\u00e3o ou incorpora\u00e7\u00e3o,<\/strong> pelo d\u00e9bito fiscal da pessoa jur\u00eddica fusionada, transformada ou incorporada;<\/li><\/ul>\n\n\n\n<ul class=\"wp-block-list\"><li>V \u2013 o <strong><span class=\"has-inline-color has-vivid-green-cyan-color\">esp\u00f3lio<\/span><\/strong>, pelo d\u00e9bito fiscal do de cujus, <strong>at\u00e9 a data da abertura da sucess\u00e3o<\/strong>;<\/li><\/ul>\n\n\n\n<ul class=\"wp-block-list\"><li>VI \u2013 o<span class=\"has-inline-color has-vivid-green-cyan-color\"> <strong>s\u00f3cio remanescente ou seu esp\u00f3lio<\/strong><\/span>, pelo d\u00e9bito fiscal da <strong>pessoa jur\u00eddica extinta<\/strong>, quando <strong>continuar a respectiva atividade<\/strong>, sob a mesma ou outra raz\u00e3o social ou sob firma individual;<\/li><\/ul>\n\n\n\n<p>Ainda a LC 59\/93 elenca a seguinte responsabilidade.<\/p>\n\n\n\n<p>LC 59\/93. Art. 34, IV &#8211; o<span class=\"has-inline-color has-vivid-green-cyan-color\"> <strong>s\u00edndico, comiss\u00e1rio, inventariante ou liquidante<\/strong><\/span>, em rela\u00e7\u00e3o \u00e0s <strong>sa\u00eddas<\/strong> de mercadorias decorrentes de sua <strong>aliena\u00e7\u00e3o em fal\u00eancia, concordata, invent\u00e1rio ou dissolu\u00e7\u00e3o de sociedade,<\/strong> respectivamente;<\/p>\n\n\n\n<h3 class=\"wp-block-heading\">Solid\u00e1rio<\/h3>\n\n\n\n<p><strong><span class=\"has-inline-color has-vivid-cyan-blue-color\">Respons\u00e1veis solid\u00e1rios<\/span><\/strong> (Art. 20).<\/p>\n\n\n\n<ul class=\"wp-block-list\"><li>I \u2013 o <span class=\"has-inline-color has-vivid-green-cyan-color\"><strong>armaz\u00e9m geral<\/strong> <\/span>ou o <span class=\"has-inline-color has-vivid-green-cyan-color\"><strong>deposit\u00e1rio<\/strong> <\/span>a qualquer t\u00edtulo:<\/li><\/ul>\n\n\n\n<p>c) solidariamente, no <strong>recebimento ou na sa\u00edda de mercadoria<\/strong> <strong><span class=\"has-inline-color has-vivid-purple-color\">sem documenta\u00e7\u00e3o fiscal<\/span><\/strong> ou com <strong><span class=\"has-inline-color has-vivid-purple-color\">documenta\u00e7\u00e3o fiscal inid\u00f4nea<\/span>;<\/strong><\/p>\n\n\n\n<ul class=\"wp-block-list\"><li>II \u2013 o <strong><span class=\"has-inline-color has-vivid-green-cyan-color\">transportador<\/span><\/strong>, em rela\u00e7\u00e3o \u00e0 mercadoria:<\/li><\/ul>\n\n\n\n<p>b) <strong><span class=\"has-inline-color has-vivid-purple-color\">negociada durante o transporte<\/span><\/strong>, solidariamente;<\/p>\n\n\n\n<p>d) entregue a <strong><span class=\"has-inline-color has-vivid-purple-color\">destinat\u00e1rio diverso<\/span><\/strong> do <strong>indicado na documenta\u00e7\u00e3o fiscal<\/strong>, solidariamente;<\/p>\n\n\n\n<p>e) <strong>transportada<\/strong> com<span class=\"has-inline-color has-vivid-purple-color\"> <strong>Nota Fiscal com prazo de validade vencido<\/strong> <\/span>ou com documenta\u00e7\u00e3o fiscal falsa ou inid\u00f4nea, solidariamente;<\/p>\n\n\n\n<p>c) <strong>aceita<\/strong> para despacho ou transporte<span class=\"has-inline-color has-vivid-purple-color\"> <strong>sem documenta\u00e7\u00e3o fiscal<\/strong> <\/span>ou acompanhada de documenta\u00e7\u00e3o fiscal inid\u00f4nea, solidariamente<strong><span class=\"has-inline-color has-vivid-red-color\">*<\/span><\/strong>; <\/p>\n\n\n\n<p><strong><span class=\"has-inline-color has-vivid-red-color\">*<\/span><\/strong>\u00a7 3\u00ba <strong><span class=\"has-inline-color has-luminous-vivid-orange-color\">Fica exclu\u00edda a responsabilidade<\/span><\/strong> nos <strong>casos de suspens\u00e3o ou baixa de inscri\u00e7\u00e3o<\/strong> do destinat\u00e1rio das mercadorias, <strong>quando<\/strong>:<\/p>\n\n\n\n<p>I \u2013 o <strong>evento cadastral ocorrer ap\u00f3s a data do in\u00edcio da presta\u00e7\u00e3o<\/strong> do servi\u00e7o de transporte;<\/p>\n\n\n\n<p>II \u2013 <strong>ap\u00f3s a regulariza\u00e7\u00e3o da situa\u00e7\u00e3o cadastral, o destinat\u00e1rio prestar fian\u00e7a em favor do autuado<\/strong>, nos termos do artigo 879 deste Regulamento<\/p>\n\n\n\n<ul class=\"wp-block-list\"><li>V \u2013 solidariamente, o <span class=\"has-inline-color has-vivid-green-cyan-color\"><strong>contribuinte<\/strong> <\/span>que <strong>promover a sa\u00edda<\/strong> de mercadoria <strong><span class=\"has-inline-color has-vivid-purple-color\">sem documenta\u00e7\u00e3o fiscal<\/span><\/strong>, relativamente \u00e0s opera\u00e7\u00f5es subseq\u00fcentes;<\/li><\/ul>\n\n\n\n<h3 class=\"wp-block-heading\">Continua\u00e7\u00e3o &#8211; solid\u00e1rios<\/h3>\n\n\n\n<p>Deu para perceber que h\u00e1 &#8220;ilegalidade&#8221; nas hip\u00f3teses, n\u00e3o \u00e9 mesmo? Continuemos.<\/p>\n\n\n\n<ul class=\"wp-block-list\"><li>VI \u2013 solidariamente, <strong><span class=\"has-inline-color has-vivid-green-cyan-color\">aquele <\/span><span class=\"has-inline-color has-vivid-purple-color\">que n\u00e3o efetivar a exporta\u00e7\u00e3o<\/span><\/strong> de mercadoria ou de servi\u00e7o <strong>recebidos para esse fim,<\/strong> ainda que em decorr\u00eancia de perda ou reintrodu\u00e7\u00e3o no mercado interno;<\/li><\/ul>\n\n\n\n<ul class=\"wp-block-list\"><li>VII \u2013 solidariamente, as <span class=\"has-inline-color has-vivid-green-cyan-color\"><strong>empresas<\/strong> <strong>concession\u00e1rias ou permission\u00e1rias de portos e aeroportos<\/strong><\/span> alfandegados e de recintos alfandegados de zona prim\u00e1ria e de zona secund\u00e1ria, definidos pela legisla\u00e7\u00e3o federal, ou outro deposit\u00e1rio a qualquer t\u00edtulo ou outra pessoa que promova:<\/li><\/ul>\n\n\n\n<p>a) a <strong>remessa<\/strong> de mercadoria para o <strong>exterior<\/strong><span class=\"has-inline-color has-vivid-purple-color\"> <strong>sem documenta\u00e7\u00e3o fiscal<\/strong>;<\/span><\/p>\n\n\n\n<p>b) a <strong>entrega ou remessa de mercadoria<\/strong> ou bem<span class=\"has-inline-color has-vivid-purple-color\"> <strong>sem documenta\u00e7\u00e3o fiscal<\/strong><\/span> ou com <span class=\"has-inline-color has-vivid-purple-color\"><strong>destino a estabelecimento diverso<\/strong> <\/span>daquele que tiver importado, arrematado ou adquirido em licita\u00e7\u00e3o promovida pelo Poder P\u00fablico;<\/p>\n\n\n\n<p>c) a <strong>entrega ou remessa<\/strong> de mercadoria ou bem origin\u00e1rios do exterior <span class=\"has-inline-color has-vivid-purple-color\"><strong>sem<\/strong> <\/span>a correspondente <span class=\"has-inline-color has-vivid-purple-color\"><strong>autoriza\u00e7\u00e3o<\/strong> <\/span>do \u00f3rg\u00e3o respons\u00e1vel pelo desembara\u00e7o;<\/p>\n\n\n\n<ul class=\"wp-block-list\"><li>VIII \u2013 solidariamente, a <span class=\"has-inline-color has-vivid-green-cyan-color\"><strong>pessoa<\/strong> <\/span>que realizar <strong><span class=\"has-inline-color has-vivid-green-cyan-color\">intermedia\u00e7\u00e3o de servi\u00e7o<\/span><\/strong>:<\/li><\/ul>\n\n\n\n<p>a) com <strong>destino ao exterior<\/strong> <strong><span class=\"has-inline-color has-vivid-purple-color\">sem <\/span><\/strong>a correspondente <strong><span class=\"has-inline-color has-vivid-purple-color\">documenta\u00e7\u00e3o fiscal<\/span><\/strong>;<\/p>\n\n\n\n<p>b) <strong>iniciado ou prestado no exterior<\/strong> <span class=\"has-inline-color has-vivid-purple-color\"><strong>sem<\/strong> <\/span>a correspondente <strong><span class=\"has-inline-color has-vivid-purple-color\">documenta\u00e7\u00e3o fiscal<\/span><\/strong> ou que vier a ser destinado a <strong>pessoa<\/strong> <strong>diversa<\/strong> daquela que o tiver <strong>contratado<\/strong>;<\/p>\n\n\n\n<ul class=\"wp-block-list\"><li>IX \u2013 solidariamente, o <strong><span class=\"has-inline-color has-vivid-green-cyan-color\">representante, mandat\u00e1rio, comiss\u00e1rio ou gestor<\/span> de neg\u00f3cio<\/strong>, em rela\u00e7\u00e3o \u00e0 <strong>opera\u00e7\u00e3o ou presta\u00e7\u00e3o feitas por seu interm\u00e9dio<\/strong>;<\/li><\/ul>\n\n\n\n<ul class=\"wp-block-list\"><li>XI \u2013 solidariamente, as <span class=\"has-inline-color has-vivid-green-cyan-color\"><strong>pessoas<\/strong> <\/span>que tiverem<span class=\"has-inline-color has-vivid-green-cyan-color\"> <strong>interesse comum<\/strong><\/span> na situa\u00e7\u00e3o que tiver dado origem \u00e0 obriga\u00e7\u00e3o principal <span class=\"has-inline-color has-vivid-purple-color\">-&gt; Presume-se ter interesse comum adquirente da mercadoria ou o tomador do servi\u00e7o, em opera\u00e7\u00e3o ou presta\u00e7\u00e3o realizadas <span style=\"text-decoration: underline;\">sem documenta\u00e7\u00e3o fiscal.<\/span> (Art. 20, \u00a71\u00ba)<\/span><\/li><\/ul>\n\n\n\n<p><strong><span class=\"has-inline-color has-luminous-vivid-amber-color\">Obs.:<\/span><\/strong> Pela literalidade da LC 59\/93, n\u00e3o se trata de caso de solidariedade (Art. 34, VIII)<\/p>\n\n\n\n<ul class=\"wp-block-list\"><li>XII \u2013 solidariamente, <strong><span class=\"has-inline-color has-vivid-green-cyan-color\">todo <\/span>aquele que efetivamente concorrer<\/strong> <strong>para <\/strong>a<span class=\"has-inline-color has-vivid-purple-color\"> <strong>sonega\u00e7\u00e3o do imposto<\/strong><\/span>;<\/li><\/ul>\n\n\n\n<h4 class=\"wp-block-heading\">Outros solid\u00e1rios<\/h4>\n\n\n\n<p><strong><span class=\"has-inline-color has-vivid-cyan-blue-color\">Respons\u00e1veis <\/span><\/strong><span class=\"has-inline-color has-vivid-cyan-blue-color\"><strong>solid\u00e1rios<\/strong> <\/span>(Art. 21).<\/p>\n\n\n\n<ul class=\"wp-block-list\"><li>I \u2013 solidariamente, a<span class=\"has-inline-color has-vivid-green-cyan-color\"> <strong>pessoa natural ou jur\u00eddica<\/strong><\/span>, pelo <strong>d\u00e9bito fiscal do alienante<\/strong>, quando <strong>adquirir fundo<\/strong> de com\u00e9rcio ou estabelecimento comercial, industrial ou profissional, na hip\u00f3tese do <strong><span class=\"has-inline-color has-vivid-purple-color\">alienante cessar <\/span>a explora\u00e7\u00e3o do com\u00e9rcio, ind\u00fastria ou atividade*<\/strong>;<\/li><\/ul>\n\n\n\n<ul class=\"wp-block-list\"><li>II \u2013 solidariamente, a <strong><span class=\"has-inline-color has-vivid-green-cyan-color\">pessoa natural ou jur\u00eddica<\/span><\/strong>, pelo <strong>d\u00e9bito fiscal do alienante<\/strong>, <strong>at\u00e9 a data do ato,<\/strong> quando <strong>adquirir fundo de com\u00e9rcio<\/strong> ou estabelecimento comercial, industrial ou profissional e <strong>continuar a respectiva explora\u00e7\u00e3o<\/strong>, sob a mesma ou outra denomina\u00e7\u00e3o ou raz\u00e3o social ou, ainda, sob firma ou nome individual, na hip\u00f3tese do <strong><span class=\"has-inline-color has-vivid-purple-color\">alienante prosseguir <\/span>na explora\u00e7\u00e3o ou iniciar, dentro de 6 meses<\/strong> a contar da data da aliena\u00e7\u00e3o, nova atividade no mesmo ou em outro ramo de com\u00e9rcio, ind\u00fastria ou profiss\u00e3o<strong>*<\/strong>;<\/li><\/ul>\n\n\n\n<p>* Aten\u00e7\u00e3o para<strong><span class=\"has-inline-color has-cyan-bluish-gray-color\"> n\u00e3o confundir com o CTN <\/span><\/strong>(Art. 133), lembre-se que:<\/p>\n\n\n\n<p><strong>Se alienante cessar atividades<\/strong> -&gt; responsabilidade integral<\/p>\n\n\n\n<p><strong>Se alienante prosseguir com as atividades<\/strong> -&gt; responsabilidade subsidi\u00e1ria<\/p>\n\n\n\n<ul class=\"wp-block-list\"><li>IV \u2013 solidariamente, a<span class=\"has-inline-color has-vivid-green-cyan-color\"> <strong>pessoa jur\u00eddica<\/strong><\/span> que tiver absorvido patrim\u00f4nio de outra em <strong>raz\u00e3o de cis\u00e3o<\/strong>, total ou parcial, pelo d\u00e9bito fiscal da pessoa jur\u00eddica cindida, at\u00e9 a data do ato;<\/li><\/ul>\n\n\n\n<ul class=\"wp-block-list\"><li>VII \u2013 solidariamente, o <strong><span class=\"has-inline-color has-vivid-green-cyan-color\">s\u00f3cio<\/span><\/strong>, no caso de <strong><span class=\"has-inline-color has-black-color\">liquida\u00e7\u00e3o de sociedade de pessoas<\/span><\/strong>, pelo d\u00e9bito fiscal da sociedade;<\/li><\/ul>\n\n\n\n<ul class=\"wp-block-list\"><li>VIII \u2013 solidariamente, o <span class=\"has-inline-color has-vivid-green-cyan-color\"><strong>tutor ou o curador<\/strong>,<\/span> pelo d\u00e9bito fiscal de seu tutelado ou curatelado.<\/li><\/ul>\n\n\n\n<h3 class=\"wp-block-heading\">Substituto<\/h3>\n\n\n\n<p>Para finalizar o Resumo da Sujei\u00e7\u00e3o Passiva ICMS SEFAZ-RR, conhe\u00e7amos as disposi\u00e7\u00f5es da substitui\u00e7\u00e3o tribut\u00e1ria.<\/p>\n\n\n\n<p><strong><span class=\"has-inline-color has-vivid-cyan-blue-color\">Substituto tribut\u00e1rio<\/span><\/strong> (Art. 19): &nbsp;\u00e9 a <strong>pessoa jur\u00eddica:<\/strong><\/p>\n\n\n\n<ul class=\"wp-block-list\"><li>I \u2013 <span class=\"has-inline-color has-vivid-green-cyan-color\"><strong>industrial<\/strong>, <strong>comerciante<\/strong><\/span> ou outra categoria de contribuinte;<\/li><li>II \u2013 <strong><span class=\"has-inline-color has-vivid-green-cyan-color\">produtor, extrator e distribuidor<\/span><\/strong>;<\/li><li>III \u2013 <strong><span class=\"has-inline-color has-vivid-green-cyan-color\">deposit\u00e1rio<\/span><\/strong>, a qualquer t\u00edtulo, em rela\u00e7\u00e3o \u00e0 mercadoria depositada por contribuinte;<\/li><li>IV \u2013 <strong><span class=\"has-inline-color has-vivid-green-cyan-color\">contratante de servi\u00e7os<\/span><\/strong> ou terceiro que participe de presta\u00e7\u00e3o de servi\u00e7os de transporte interestadual e intermunicipal e de comunica\u00e7\u00e3o;<\/li><li>V \u2013<span class=\"has-inline-color has-vivid-green-cyan-color\"> <strong>contribuinte que realizar opera\u00e7\u00f5es com petr\u00f3leo<\/strong><\/span>, inclusive lubrificantes e combust\u00edveis l\u00edquidos e gasosos dele derivados;<\/li><li>VI \u2013 <span class=\"has-inline-color has-vivid-green-cyan-color\"><strong>gerador<\/strong>, <strong>importador ou distribuidor<\/strong> <\/span>de <strong>energia el\u00e9trica<\/strong>.<\/li><\/ul>\n\n\n\n<p><span class=\"has-inline-color has-vivid-purple-color\"><strong>Suspens\u00e3o do Regime<\/strong> <\/span>(Lei 59\/93, Art. 36, \u00a710\u00ba): a <strong>autoridade fazend\u00e1ria<\/strong> competente <strong>poder\u00e1<\/strong>, a <strong>qualquer momento, suspender <\/strong>em raz\u00e3o do descredenciamento do contribuinte substituto, determinado <strong>por motivo de inadimpl\u00eancia <\/strong>deste em rela\u00e7\u00e3o ao imposto retido e n\u00e3o recolhido nos prazos regulamentares.<\/p>\n\n\n\n<p><strong><span class=\"has-inline-color has-luminous-vivid-orange-color\">Responsabilidade na suspens\u00e3o<\/span><\/strong> (Lei 59\/93, Art. 36, \u00a711\u00ba): a partir das opera\u00e7\u00f5es ou presta\u00e7\u00f5es subsequentes ao descredenciamento, <strong>ficar\u00e1 transferida para o adquirente<\/strong> da mercadoria ou o contratante do servi\u00e7o.<\/p>\n\n\n\n<p>Nesse sentido, entenda que a <strong><span class=\"has-inline-color has-vivid-cyan-blue-color\">substitui\u00e7\u00e3o tribut\u00e1ria<\/span><\/strong> <strong><span class=\"has-inline-color has-vivid-red-color\">n\u00e3o <\/span>exclui a responsabilidade supletiva do <\/strong>contribuinte <strong>substitu\u00eddo<\/strong>, no caso de descumprimento total ou parcial pelo contribuinte substituto (Lei 59\/93, Art. 36, \u00a7 9\u00ba).<\/p>\n\n\n\n<h2 class=\"wp-block-heading\">Considera\u00e7\u00f5es Finais<\/h2>\n\n\n\n<p>Pessoal, chegamos ao final do Resumo da Sujei\u00e7\u00e3o Passiva ICMS SEFAZ-RR. Espero que tenham gostado.<\/p>\n\n\n\n<p>Como voc\u00eas provavelmente perceberam, esse assunto exige memoriza\u00e7\u00e3o, n\u00e3o h\u00e1 como fugir. Pensando nisso, o Estrat\u00e9gia oferece centenas de quest\u00f5es in\u00e9ditas para treino.<\/p>\n\n\n\n<p class=\"has-text-align-center\"><a href=\"https:\/\/concursos.estrategiaeducacional.com.br\/\">SQ \u2013 Estrat\u00e9gia Concurso<\/a><\/p>\n\n\n\n<p class=\"has-text-align-center\"><a href=\"https:\/\/www.estrategiaconcursos.com.br\/blog\/questoes-ineditas-sefaz-rr\/\">Quest\u00f5es in\u00e9ditas \u2013 SEFAZ-RR<\/a><\/p>\n\n\n\n<p>N\u00e3o deixe de conferir.<\/p>\n\n\n\n<p>Gostou do conte\u00fado?<\/p>\n\n\n\n<p class=\"has-text-align-center\"><a href=\"https:\/\/www.instagram.com\/resumospassarin\/\">https:\/\/www.instagram.com\/resumospassarin\/<\/a><\/p>\n\n\n\n<h2 class=\"has-text-align-center wp-block-heading\" id=\"h-cursos-e-assinaturas\">Cursos e Assinaturas<\/h2>\n\n\n\n<div class=\"container\" id=\"boxes\">\n  <div class=\"row\">\n\n    <div class=\"col-sm\">\n      <div class=\"estrategia\" id=\"box-assinatura\">\n        <h3 class=\"titulo-assinatura\">Assinatura Concursos<\/h3>\n        <p class=\"subtitulo-assinatura\">Assinatura de 1 ano ou 2 anos<\/p>\n        <div class=\"box-botao\">\n          <a class=\"btn-assinatura\" target=\"_blank\" href=\"https:\/\/www.estrategiaconcursos.com.br\/assinaturas\/\" role=\"button\" rel=\"noopener noreferrer\">ASSINE AGORA<\/a>\n        <\/div>\n      <\/div><\/div><\/div><\/div>\n\n\n\n<div class=\"container\" id=\"boxes\">\n  <div class=\"row\">\n\n    <div class=\"col-sm\" id=\"boxes-concursos\">\n      <div style=\"background-color: #005DAD;\" class=\"conteudo-concursos\" id=\"box-concursos\">\n        <h3 class=\"titulo-assinatura\">Concursos Abertos<\/h3>\n        <p class=\"subtitulo-assinatura\">Os editais publicados<\/p>\n        <div class=\"box-botao\">\n          <a class=\"btn-assinatura\" target=\"_blank\" href=\"https:\/\/www.estrategiaconcursos.com.br\/blog\/concursos-abertos\/\" role=\"button\" rel=\"noopener noreferrer\">Conhe\u00e7a Agora<\/a>\n        <\/div>\n      <\/div>\n    <\/div>\n\n    <div class=\"col-sm\" id=\"boxes-concursos\">\n      <div style=\"background-color: #1A7ED5;\" class=\"conteudo-concursos\" id=\"box-concursos\">\n        <h3 class=\"titulo-assinatura\">Concursos 2021<\/h3>\n        <p class=\"subtitulo-assinatura\">As oportunidades previstas<\/p>\n        <div class=\"box-botao\">\n          <a class=\"btn-assinatura\" target=\"_blank\" href=\"https:\/\/www.estrategiaconcursos.com.br\/blog\/concursos-2021\/\" role=\"button\" rel=\"noopener noreferrer\">Conhe\u00e7a Agora<\/a>\n        <\/div>\n      <\/div>\n    <\/div>\n\n    <div class=\"col-sm\" id=\"boxes-concursos\">\n      <div style=\"background-color: #419FF0;\" class=\"conteudo-concursos\" id=\"box-concursos\">\n        <h3 class=\"titulo-assinatura\">Concursos 2022<\/h3>\n        <p class=\"subtitulo-assinatura\">Vagas para o pr\u00f3ximo ano<\/p>\n        <div class=\"box-botao\">\n          <a class=\"btn-assinatura\" target=\"_blank\" href=\"https:\/\/www.estrategiaconcursos.com.br\/blog\/concursos-2022\/\" role=\"button\" rel=\"noopener noreferrer\">Conhe\u00e7a Agora<\/a>\n        <\/div>\n      <\/div>\n    <\/div>\n\n  <\/div>\n<\/div>\n\n\n\n<div class=\"container\" id=\"boxes\">\n  <div class=\"row\">\n\n    <div class=\"col-sm\">\n      <div class=\"banner-tribunal\" id=\"box-assinatura\">\n        <h3 class=\"titulo-assinatura\">Cursos para Carreiras Jur\u00eddicas<\/h3>\n        <p class=\"subtitulo-assinatura\">Conhe\u00e7a os cursos<\/p>\n        <div class=\"box-botao\">\n          <a class=\"btn-assinatura\" target=\"_blank\" href=\"https:\/\/www.estrategiaconcursos.com.br\/cursosPorConcurso\/assinaturas-carreira-juridica\/\" rel=\"noopener noreferrer\">Conhe\u00e7a mais<\/a>\n        <\/div>\n      <\/div>\n      <p class=\"texto-auxiliar\">Prepare-se com o melhor material e com quem mais aprova em Concursos P\u00fablicos em todo o pa\u00eds.<\/p>\n    <\/div>\n\n  <\/div>\n<\/div>\n\n\n\n<p>At\u00e9 mais e bons estudos!<\/p>\n","protected":false},"excerpt":{"rendered":"<p>Ol\u00e1, pessoal. Tudo certo? No artigo de hoje veremos o Resumo da Sujei\u00e7\u00e3o Passiva ICMS SEFAZ-RR. Os temas est\u00e3o disciplinados principalmente no RICMS, mas tamb\u00e9m veremos algumas partes da Lei 59\/93 quando necess\u00e1rio. Trataremos o tema da seguinte forma: Disposi\u00e7\u00f5es Gerais Contribuinte Respons\u00e1vel Vamos l\u00e1. Disposi\u00e7\u00f5es Gerais Vamos iniciar o resumo da Sujei\u00e7\u00e3o Passiva ICMS [&hellip;]<\/p>\n","protected":false},"author":1763,"featured_media":409747,"comment_status":"open","ping_status":"closed","sticky":false,"template":"","format":"standard","meta":{"post_tipo":"article","footnotes":""},"categories":[1983],"tags":[],"tax_estado":[219985],"class_list":["post-872838","post","type-post","status-publish","format-standard","has-post-thumbnail","hentry","category-fiscal-estadual","tax_estado-rr"],"acf":[],"yoast_head":"<!-- This site is optimized with the Yoast SEO Premium plugin v27.2 (Yoast SEO v27.2) - https:\/\/yoast.com\/product\/yoast-seo-premium-wordpress\/ -->\n<title>Resumo da Sujei\u00e7\u00e3o Passiva ICMS SEFAZ-RR<\/title>\n<meta name=\"description\" content=\"Veja neste artigo o Resumo da Sujei\u00e7\u00e3o Passiva ICMS SEFAZ-RR. O tema est\u00e1 disciplinado no RICMS e de forma residual na Lei 59\/93.\" \/>\n<meta name=\"robots\" content=\"index, follow, max-snippet:-1, max-image-preview:large, max-video-preview:-1\" \/>\n<link rel=\"canonical\" href=\"https:\/\/www.estrategiaconcursos.com.br\/blog\/resumo-da-sujeicao-passiva-icms-sefaz-rr\/\" \/>\n<meta property=\"og:locale\" content=\"pt_BR\" \/>\n<meta property=\"og:type\" content=\"article\" \/>\n<meta property=\"og:title\" content=\"Resumo da Sujei\u00e7\u00e3o Passiva ICMS SEFAZ-RR\" \/>\n<meta property=\"og:description\" content=\"Veja neste artigo o Resumo da Sujei\u00e7\u00e3o Passiva ICMS SEFAZ-RR. O tema est\u00e1 disciplinado no RICMS e de forma residual na Lei 59\/93.\" \/>\n<meta property=\"og:url\" content=\"https:\/\/www.estrategiaconcursos.com.br\/blog\/resumo-da-sujeicao-passiva-icms-sefaz-rr\/\" \/>\n<meta property=\"og:site_name\" content=\"Estrat\u00e9gia Concursos\" \/>\n<meta property=\"article:published_time\" content=\"2021-10-05T10:58:00+00:00\" \/>\n<meta property=\"og:image\" content=\"https:\/\/dhg1h5j42swfq.cloudfront.net\/2019\/08\/14174051\/concursos-roraima1.jpg\" \/>\n\t<meta property=\"og:image:width\" content=\"1200\" \/>\n\t<meta property=\"og:image:height\" content=\"628\" \/>\n\t<meta property=\"og:image:type\" content=\"image\/jpeg\" \/>\n<meta name=\"author\" content=\"Leonardo Menezes Passarin\" \/>\n<meta name=\"twitter:card\" content=\"summary_large_image\" \/>\n<meta name=\"twitter:creator\" content=\"@EstratConcursos\" \/>\n<meta name=\"twitter:site\" content=\"@EstratConcursos\" \/>\n<meta name=\"twitter:label1\" content=\"Escrito por\" \/>\n\t<meta name=\"twitter:data1\" content=\"Leonardo Menezes Passarin\" \/>\n\t<meta name=\"twitter:label2\" content=\"Est. tempo de leitura\" \/>\n\t<meta name=\"twitter:data2\" content=\"9 minutos\" \/>\n<script type=\"application\/ld+json\" class=\"yoast-schema-graph\">{\"@context\":\"https:\/\/schema.org\",\"@graph\":[{\"@type\":\"NewsArticle\",\"@id\":\"https:\/\/www.estrategiaconcursos.com.br\/blog\/resumo-da-sujeicao-passiva-icms-sefaz-rr\/#article\",\"isPartOf\":{\"@id\":\"https:\/\/www.estrategiaconcursos.com.br\/blog\/resumo-da-sujeicao-passiva-icms-sefaz-rr\/\"},\"author\":{\"name\":\"Leonardo Menezes Passarin\",\"@id\":\"https:\/\/www.estrategiaconcursos.com.br\/blog\/#\/schema\/person\/245b44e43eb13f0dbd04a7a078cd0d0d\"},\"headline\":\"Resumo da Sujei\u00e7\u00e3o Passiva ICMS SEFAZ-RR\",\"datePublished\":\"2021-10-05T10:58:00+00:00\",\"mainEntityOfPage\":{\"@id\":\"https:\/\/www.estrategiaconcursos.com.br\/blog\/resumo-da-sujeicao-passiva-icms-sefaz-rr\/\"},\"wordCount\":2078,\"commentCount\":0,\"publisher\":{\"@id\":\"https:\/\/www.estrategiaconcursos.com.br\/blog\/#organization\"},\"image\":{\"@id\":\"https:\/\/www.estrategiaconcursos.com.br\/blog\/resumo-da-sujeicao-passiva-icms-sefaz-rr\/#primaryimage\"},\"thumbnailUrl\":\"https:\/\/dhg1h5j42swfq.cloudfront.net\/2019\/08\/14174051\/concursos-roraima1.jpg\",\"articleSection\":[\"Fiscal - Estadual (ICMS)\"],\"inLanguage\":\"pt-BR\",\"potentialAction\":[{\"@type\":\"CommentAction\",\"name\":\"Comment\",\"target\":[\"https:\/\/www.estrategiaconcursos.com.br\/blog\/resumo-da-sujeicao-passiva-icms-sefaz-rr\/#respond\"]}],\"copyrightYear\":\"2021\",\"copyrightHolder\":{\"@id\":\"https:\/\/www.estrategiaconcursos.com.br\/blog\/#organization\"}},{\"@type\":\"WebPage\",\"@id\":\"https:\/\/www.estrategiaconcursos.com.br\/blog\/resumo-da-sujeicao-passiva-icms-sefaz-rr\/\",\"url\":\"https:\/\/www.estrategiaconcursos.com.br\/blog\/resumo-da-sujeicao-passiva-icms-sefaz-rr\/\",\"name\":\"Resumo da Sujei\u00e7\u00e3o Passiva ICMS SEFAZ-RR\",\"isPartOf\":{\"@id\":\"https:\/\/www.estrategiaconcursos.com.br\/blog\/#website\"},\"primaryImageOfPage\":{\"@id\":\"https:\/\/www.estrategiaconcursos.com.br\/blog\/resumo-da-sujeicao-passiva-icms-sefaz-rr\/#primaryimage\"},\"image\":{\"@id\":\"https:\/\/www.estrategiaconcursos.com.br\/blog\/resumo-da-sujeicao-passiva-icms-sefaz-rr\/#primaryimage\"},\"thumbnailUrl\":\"https:\/\/dhg1h5j42swfq.cloudfront.net\/2019\/08\/14174051\/concursos-roraima1.jpg\",\"datePublished\":\"2021-10-05T10:58:00+00:00\",\"description\":\"Veja neste artigo o Resumo da Sujei\u00e7\u00e3o Passiva ICMS SEFAZ-RR. O tema est\u00e1 disciplinado no RICMS e de forma residual na Lei 59\/93.\",\"breadcrumb\":{\"@id\":\"https:\/\/www.estrategiaconcursos.com.br\/blog\/resumo-da-sujeicao-passiva-icms-sefaz-rr\/#breadcrumb\"},\"inLanguage\":\"pt-BR\",\"potentialAction\":[{\"@type\":\"ReadAction\",\"target\":[\"https:\/\/www.estrategiaconcursos.com.br\/blog\/resumo-da-sujeicao-passiva-icms-sefaz-rr\/\"]}]},{\"@type\":\"ImageObject\",\"inLanguage\":\"pt-BR\",\"@id\":\"https:\/\/www.estrategiaconcursos.com.br\/blog\/resumo-da-sujeicao-passiva-icms-sefaz-rr\/#primaryimage\",\"url\":\"https:\/\/dhg1h5j42swfq.cloudfront.net\/2019\/08\/14174051\/concursos-roraima1.jpg\",\"contentUrl\":\"https:\/\/dhg1h5j42swfq.cloudfront.net\/2019\/08\/14174051\/concursos-roraima1.jpg\",\"width\":1200,\"height\":628,\"caption\":\"concursos rr\"},{\"@type\":\"BreadcrumbList\",\"@id\":\"https:\/\/www.estrategiaconcursos.com.br\/blog\/resumo-da-sujeicao-passiva-icms-sefaz-rr\/#breadcrumb\",\"itemListElement\":[{\"@type\":\"ListItem\",\"position\":1,\"name\":\"In\u00edcio\",\"item\":\"https:\/\/www.estrategiaconcursos.com.br\/blog\/\"},{\"@type\":\"ListItem\",\"position\":2,\"name\":\"Resumo da Sujei\u00e7\u00e3o Passiva ICMS SEFAZ-RR\"}]},{\"@type\":\"WebSite\",\"@id\":\"https:\/\/www.estrategiaconcursos.com.br\/blog\/#website\",\"url\":\"https:\/\/www.estrategiaconcursos.com.br\/blog\/\",\"name\":\"Estrat\u00e9gia Concursos\",\"description\":\"O blog da Estrat\u00e9gia Concursos traz not\u00edcias sobre concursos e artigos de professores oferecendo cursos para concursos (pdf + videaulas) no site.\",\"publisher\":{\"@id\":\"https:\/\/www.estrategiaconcursos.com.br\/blog\/#organization\"},\"potentialAction\":[{\"@type\":\"SearchAction\",\"target\":{\"@type\":\"EntryPoint\",\"urlTemplate\":\"https:\/\/www.estrategiaconcursos.com.br\/blog\/?s={search_term_string}\"},\"query-input\":{\"@type\":\"PropertyValueSpecification\",\"valueRequired\":true,\"valueName\":\"search_term_string\"}}],\"inLanguage\":\"pt-BR\"},{\"@type\":\"Organization\",\"@id\":\"https:\/\/www.estrategiaconcursos.com.br\/blog\/#organization\",\"name\":\"Estrat\u00e9gia Concursos\",\"url\":\"https:\/\/www.estrategiaconcursos.com.br\/blog\/\",\"logo\":{\"@type\":\"ImageObject\",\"inLanguage\":\"pt-BR\",\"@id\":\"https:\/\/www.estrategiaconcursos.com.br\/blog\/#\/schema\/logo\/image\/\",\"url\":\"https:\/\/dhg1h5j42swfq.cloudfront.net\/2025\/06\/03203428\/logo_concursos-1.jpg\",\"contentUrl\":\"https:\/\/dhg1h5j42swfq.cloudfront.net\/2025\/06\/03203428\/logo_concursos-1.jpg\",\"width\":230,\"height\":60,\"caption\":\"Estrat\u00e9gia Concursos\"},\"image\":{\"@id\":\"https:\/\/www.estrategiaconcursos.com.br\/blog\/#\/schema\/logo\/image\/\"},\"sameAs\":[\"https:\/\/x.com\/EstratConcursos\"]},{\"@type\":\"Person\",\"@id\":\"https:\/\/www.estrategiaconcursos.com.br\/blog\/#\/schema\/person\/245b44e43eb13f0dbd04a7a078cd0d0d\",\"name\":\"Leonardo Menezes Passarin\",\"image\":{\"@type\":\"ImageObject\",\"inLanguage\":\"pt-BR\",\"@id\":\"https:\/\/secure.gravatar.com\/avatar\/fc0e5714ceaa97f24e6e6a30eab74ba8a701c2b62f8cab100ffdb22c6d8f42c3?s=96&d=mm&r=g\",\"url\":\"https:\/\/secure.gravatar.com\/avatar\/fc0e5714ceaa97f24e6e6a30eab74ba8a701c2b62f8cab100ffdb22c6d8f42c3?s=96&d=mm&r=g\",\"contentUrl\":\"https:\/\/secure.gravatar.com\/avatar\/fc0e5714ceaa97f24e6e6a30eab74ba8a701c2b62f8cab100ffdb22c6d8f42c3?s=96&d=mm&r=g\",\"caption\":\"Leonardo Menezes Passarin\"},\"url\":\"https:\/\/www.estrategiaconcursos.com.br\/blog\/author\/passarin-leonardohotmail-com\/\"}]}<\/script>\n<!-- \/ Yoast SEO Premium plugin. -->","yoast_head_json":{"title":"Resumo da Sujei\u00e7\u00e3o Passiva ICMS SEFAZ-RR","description":"Veja neste artigo o Resumo da Sujei\u00e7\u00e3o Passiva ICMS SEFAZ-RR. O tema est\u00e1 disciplinado no RICMS e de forma residual na Lei 59\/93.","robots":{"index":"index","follow":"follow","max-snippet":"max-snippet:-1","max-image-preview":"max-image-preview:large","max-video-preview":"max-video-preview:-1"},"canonical":"https:\/\/www.estrategiaconcursos.com.br\/blog\/resumo-da-sujeicao-passiva-icms-sefaz-rr\/","og_locale":"pt_BR","og_type":"article","og_title":"Resumo da Sujei\u00e7\u00e3o Passiva ICMS SEFAZ-RR","og_description":"Veja neste artigo o Resumo da Sujei\u00e7\u00e3o Passiva ICMS SEFAZ-RR. O tema est\u00e1 disciplinado no RICMS e de forma residual na Lei 59\/93.","og_url":"https:\/\/www.estrategiaconcursos.com.br\/blog\/resumo-da-sujeicao-passiva-icms-sefaz-rr\/","og_site_name":"Estrat\u00e9gia Concursos","article_published_time":"2021-10-05T10:58:00+00:00","og_image":[{"width":1200,"height":628,"url":"https:\/\/dhg1h5j42swfq.cloudfront.net\/2019\/08\/14174051\/concursos-roraima1.jpg","type":"image\/jpeg"}],"author":"Leonardo Menezes Passarin","twitter_card":"summary_large_image","twitter_creator":"@EstratConcursos","twitter_site":"@EstratConcursos","twitter_misc":{"Escrito por":"Leonardo Menezes Passarin","Est. tempo de leitura":"9 minutos"},"schema":{"@context":"https:\/\/schema.org","@graph":[{"@type":"NewsArticle","@id":"https:\/\/www.estrategiaconcursos.com.br\/blog\/resumo-da-sujeicao-passiva-icms-sefaz-rr\/#article","isPartOf":{"@id":"https:\/\/www.estrategiaconcursos.com.br\/blog\/resumo-da-sujeicao-passiva-icms-sefaz-rr\/"},"author":{"name":"Leonardo Menezes Passarin","@id":"https:\/\/www.estrategiaconcursos.com.br\/blog\/#\/schema\/person\/245b44e43eb13f0dbd04a7a078cd0d0d"},"headline":"Resumo da Sujei\u00e7\u00e3o Passiva ICMS SEFAZ-RR","datePublished":"2021-10-05T10:58:00+00:00","mainEntityOfPage":{"@id":"https:\/\/www.estrategiaconcursos.com.br\/blog\/resumo-da-sujeicao-passiva-icms-sefaz-rr\/"},"wordCount":2078,"commentCount":0,"publisher":{"@id":"https:\/\/www.estrategiaconcursos.com.br\/blog\/#organization"},"image":{"@id":"https:\/\/www.estrategiaconcursos.com.br\/blog\/resumo-da-sujeicao-passiva-icms-sefaz-rr\/#primaryimage"},"thumbnailUrl":"https:\/\/dhg1h5j42swfq.cloudfront.net\/2019\/08\/14174051\/concursos-roraima1.jpg","articleSection":["Fiscal - Estadual (ICMS)"],"inLanguage":"pt-BR","potentialAction":[{"@type":"CommentAction","name":"Comment","target":["https:\/\/www.estrategiaconcursos.com.br\/blog\/resumo-da-sujeicao-passiva-icms-sefaz-rr\/#respond"]}],"copyrightYear":"2021","copyrightHolder":{"@id":"https:\/\/www.estrategiaconcursos.com.br\/blog\/#organization"}},{"@type":"WebPage","@id":"https:\/\/www.estrategiaconcursos.com.br\/blog\/resumo-da-sujeicao-passiva-icms-sefaz-rr\/","url":"https:\/\/www.estrategiaconcursos.com.br\/blog\/resumo-da-sujeicao-passiva-icms-sefaz-rr\/","name":"Resumo da Sujei\u00e7\u00e3o Passiva ICMS SEFAZ-RR","isPartOf":{"@id":"https:\/\/www.estrategiaconcursos.com.br\/blog\/#website"},"primaryImageOfPage":{"@id":"https:\/\/www.estrategiaconcursos.com.br\/blog\/resumo-da-sujeicao-passiva-icms-sefaz-rr\/#primaryimage"},"image":{"@id":"https:\/\/www.estrategiaconcursos.com.br\/blog\/resumo-da-sujeicao-passiva-icms-sefaz-rr\/#primaryimage"},"thumbnailUrl":"https:\/\/dhg1h5j42swfq.cloudfront.net\/2019\/08\/14174051\/concursos-roraima1.jpg","datePublished":"2021-10-05T10:58:00+00:00","description":"Veja neste artigo o Resumo da Sujei\u00e7\u00e3o Passiva ICMS SEFAZ-RR. O tema est\u00e1 disciplinado no RICMS e de forma residual na Lei 59\/93.","breadcrumb":{"@id":"https:\/\/www.estrategiaconcursos.com.br\/blog\/resumo-da-sujeicao-passiva-icms-sefaz-rr\/#breadcrumb"},"inLanguage":"pt-BR","potentialAction":[{"@type":"ReadAction","target":["https:\/\/www.estrategiaconcursos.com.br\/blog\/resumo-da-sujeicao-passiva-icms-sefaz-rr\/"]}]},{"@type":"ImageObject","inLanguage":"pt-BR","@id":"https:\/\/www.estrategiaconcursos.com.br\/blog\/resumo-da-sujeicao-passiva-icms-sefaz-rr\/#primaryimage","url":"https:\/\/dhg1h5j42swfq.cloudfront.net\/2019\/08\/14174051\/concursos-roraima1.jpg","contentUrl":"https:\/\/dhg1h5j42swfq.cloudfront.net\/2019\/08\/14174051\/concursos-roraima1.jpg","width":1200,"height":628,"caption":"concursos rr"},{"@type":"BreadcrumbList","@id":"https:\/\/www.estrategiaconcursos.com.br\/blog\/resumo-da-sujeicao-passiva-icms-sefaz-rr\/#breadcrumb","itemListElement":[{"@type":"ListItem","position":1,"name":"In\u00edcio","item":"https:\/\/www.estrategiaconcursos.com.br\/blog\/"},{"@type":"ListItem","position":2,"name":"Resumo da Sujei\u00e7\u00e3o Passiva ICMS SEFAZ-RR"}]},{"@type":"WebSite","@id":"https:\/\/www.estrategiaconcursos.com.br\/blog\/#website","url":"https:\/\/www.estrategiaconcursos.com.br\/blog\/","name":"Estrat\u00e9gia Concursos","description":"O blog da Estrat\u00e9gia Concursos traz not\u00edcias sobre concursos e artigos de professores oferecendo cursos para concursos (pdf + videaulas) no site.","publisher":{"@id":"https:\/\/www.estrategiaconcursos.com.br\/blog\/#organization"},"potentialAction":[{"@type":"SearchAction","target":{"@type":"EntryPoint","urlTemplate":"https:\/\/www.estrategiaconcursos.com.br\/blog\/?s={search_term_string}"},"query-input":{"@type":"PropertyValueSpecification","valueRequired":true,"valueName":"search_term_string"}}],"inLanguage":"pt-BR"},{"@type":"Organization","@id":"https:\/\/www.estrategiaconcursos.com.br\/blog\/#organization","name":"Estrat\u00e9gia Concursos","url":"https:\/\/www.estrategiaconcursos.com.br\/blog\/","logo":{"@type":"ImageObject","inLanguage":"pt-BR","@id":"https:\/\/www.estrategiaconcursos.com.br\/blog\/#\/schema\/logo\/image\/","url":"https:\/\/dhg1h5j42swfq.cloudfront.net\/2025\/06\/03203428\/logo_concursos-1.jpg","contentUrl":"https:\/\/dhg1h5j42swfq.cloudfront.net\/2025\/06\/03203428\/logo_concursos-1.jpg","width":230,"height":60,"caption":"Estrat\u00e9gia Concursos"},"image":{"@id":"https:\/\/www.estrategiaconcursos.com.br\/blog\/#\/schema\/logo\/image\/"},"sameAs":["https:\/\/x.com\/EstratConcursos"]},{"@type":"Person","@id":"https:\/\/www.estrategiaconcursos.com.br\/blog\/#\/schema\/person\/245b44e43eb13f0dbd04a7a078cd0d0d","name":"Leonardo Menezes Passarin","image":{"@type":"ImageObject","inLanguage":"pt-BR","@id":"https:\/\/secure.gravatar.com\/avatar\/fc0e5714ceaa97f24e6e6a30eab74ba8a701c2b62f8cab100ffdb22c6d8f42c3?s=96&d=mm&r=g","url":"https:\/\/secure.gravatar.com\/avatar\/fc0e5714ceaa97f24e6e6a30eab74ba8a701c2b62f8cab100ffdb22c6d8f42c3?s=96&d=mm&r=g","contentUrl":"https:\/\/secure.gravatar.com\/avatar\/fc0e5714ceaa97f24e6e6a30eab74ba8a701c2b62f8cab100ffdb22c6d8f42c3?s=96&d=mm&r=g","caption":"Leonardo Menezes Passarin"},"url":"https:\/\/www.estrategiaconcursos.com.br\/blog\/author\/passarin-leonardohotmail-com\/"}]}},"_links":{"self":[{"href":"https:\/\/www.estrategiaconcursos.com.br\/blog\/wp-json\/wp\/v2\/posts\/872838","targetHints":{"allow":["GET"]}}],"collection":[{"href":"https:\/\/www.estrategiaconcursos.com.br\/blog\/wp-json\/wp\/v2\/posts"}],"about":[{"href":"https:\/\/www.estrategiaconcursos.com.br\/blog\/wp-json\/wp\/v2\/types\/post"}],"author":[{"embeddable":true,"href":"https:\/\/www.estrategiaconcursos.com.br\/blog\/wp-json\/wp\/v2\/users\/1763"}],"replies":[{"embeddable":true,"href":"https:\/\/www.estrategiaconcursos.com.br\/blog\/wp-json\/wp\/v2\/comments?post=872838"}],"version-history":[{"count":3,"href":"https:\/\/www.estrategiaconcursos.com.br\/blog\/wp-json\/wp\/v2\/posts\/872838\/revisions"}],"predecessor-version":[{"id":876635,"href":"https:\/\/www.estrategiaconcursos.com.br\/blog\/wp-json\/wp\/v2\/posts\/872838\/revisions\/876635"}],"wp:featuredmedia":[{"embeddable":true,"href":"https:\/\/www.estrategiaconcursos.com.br\/blog\/wp-json\/wp\/v2\/media\/409747"}],"wp:attachment":[{"href":"https:\/\/www.estrategiaconcursos.com.br\/blog\/wp-json\/wp\/v2\/media?parent=872838"}],"wp:term":[{"taxonomy":"category","embeddable":true,"href":"https:\/\/www.estrategiaconcursos.com.br\/blog\/wp-json\/wp\/v2\/categories?post=872838"},{"taxonomy":"post_tag","embeddable":true,"href":"https:\/\/www.estrategiaconcursos.com.br\/blog\/wp-json\/wp\/v2\/tags?post=872838"},{"taxonomy":"tax_estado","embeddable":true,"href":"https:\/\/www.estrategiaconcursos.com.br\/blog\/wp-json\/wp\/v2\/tax_estado?post=872838"}],"curies":[{"name":"wp","href":"https:\/\/api.w.org\/{rel}","templated":true}]}}