{"id":871737,"date":"2021-10-04T14:46:49","date_gmt":"2021-10-04T17:46:49","guid":{"rendered":"https:\/\/www.estrategiaconcursos.com.br\/blog\/?p=871737"},"modified":"2021-10-04T14:46:52","modified_gmt":"2021-10-04T17:46:52","slug":"tj-sp-estatuto-pessoa-com-deficiencia","status":"publish","type":"post","link":"https:\/\/www.estrategiaconcursos.com.br\/blog\/tj-sp-estatuto-pessoa-com-deficiencia\/","title":{"rendered":"TJ-SP: ESTATUTO DA PESSOA COM DEFICI\u00caNCIA"},"content":{"rendered":"\n<p>TJ-SP: ESTATUTO DA PESSOA COM DEFICI\u00caNCIA \u2013 <em>faltando menos de 30 dias para a prova, confira o que vale a pena priorizar para o concurso de <strong>Escrevente T\u00e9cnico Judici\u00e1rio.<\/strong><\/em><\/p>\n\n\n\n<div class=\"wp-block-image is-style-default\"><figure class=\"aligncenter size-full is-resized\"><img loading=\"lazy\" decoding=\"async\" src=\"https:\/\/dhg1h5j42swfq.cloudfront.net\/2021\/09\/28000413\/image-539.png\" alt=\"TJ-SP: ESTATUTO DA PESSOA COM DEFICI\u00caNCIA\" class=\"wp-image-871739\" width=\"369\" height=\"251\" srcset=\"https:\/\/dhg1h5j42swfq.cloudfront.net\/2021\/09\/28000413\/image-539.png 634w, https:\/\/dhg1h5j42swfq.cloudfront.net\/2021\/09\/28000413\/image-539-300x204.png 300w, https:\/\/dhg1h5j42swfq.cloudfront.net\/2021\/09\/28000413\/image-539-610x416.png 610w\" sizes=\"auto, (max-width: 369px) 100vw, 369px\" \/><figcaption>Voc\u00ea j\u00e1 est\u00e1 dominando a lei 13.146\/2015 para a prova do TJ-SP?<\/figcaption><\/figure><\/div>\n\n\n\n<p>E a\u00ed, pessoal, tudo bem?<\/p>\n\n\n\n<p>O Concurso do TJ-SP est\u00e1 chegando. A prova acontecer\u00e1 dia 31 de outubro e, embora o edital seja enxuto, nessa reta final, devemos ficar atentos no que priorizar, principalmente quem est\u00e1 correndo atr\u00e1s do preju\u00edzo!<\/p>\n\n\n\n<p>A <strong>prova objetiva ter\u00e1 100 quest\u00f5es<\/strong>, divididas em blocos:<\/p>\n\n\n\n<ul class=\"wp-block-list\"><li><strong>Bloco I:<\/strong> L\u00edngua Portuguesa (24);<\/li><li><strong>Bloco II:<\/strong> Conhecimentos em Direito (40);<\/li><li><strong>Bloco III: <\/strong>Conhecimentos Gerais (36).<\/li><\/ul>\n\n\n\n<p>O Estatuto da Pessoa com Defici\u00eancia, curiosamente, n\u00e3o est\u00e1 no bloco II, de Conhecimentos de Direito, mas sim, no <strong>Bloco III<\/strong> \u2013 Conhecimentos Gerais, dentro da disciplina de Atualidades:<\/p>\n\n\n\n<blockquote class=\"wp-block-quote is-layout-flow wp-block-quote-is-layout-flow\"><p><em>Quest\u00f5es relacionadas a fatos pol\u00edticos, econ\u00f4micos, sociais e culturais, nacionais e internacionais, ocorridos a partir do 1\u00b0 semestre de 2021, divulgados na m\u00eddia local e\/ou nacional;<\/em><\/p><p><em><strong>Artigos 1\u00ba ao 13; 34 ao 38 da Lei n\u00ba 13.146\/2015 \u2013 Estatuto da Pessoa com Defici\u00eancia, com as altera\u00e7\u00f5es vigentes at\u00e9 a publica\u00e7\u00e3o deste edital.<\/strong><\/em><\/p><\/blockquote>\n\n\n\n<h3 class=\"has-text-align-center has-cyan-bluish-gray-background-color has-background wp-block-heading\"><a href=\"https:\/\/www.estrategiaconcursos.com.br\/blog\/atualidades-para-o-tj-sp\/\" target=\"_blank\" rel=\"noreferrer noopener\">ATUALIDADES PARA O TJ-SP<\/a><\/h3>\n\n\n\n<p>De fato, o Estatuto da Pessoa com Defici\u00eancia poderia ser considerado uma mat\u00e9ria aut\u00f4noma, que estaria junto das disciplinas de Direito, mas, provavelmente, o colocaram junto com Atualidades para n\u00e3o reduzir o n\u00famero de quest\u00f5es das demais disciplinas do Bloco II.<\/p>\n\n\n\n<p>Portanto, ser\u00e3o 6 quest\u00f5es de Atualidades. Se houver uma divis\u00e3o em partes iguais, teremos 3 quest\u00f5es do Estatuto da Pessoa com Defici\u00eancia, ou seja, apenas 3% da prova. <\/p>\n\n\n\n<p>Por outro lado, nada impede que a banca o fa\u00e7a de modo desproporcional, por exemplo, 4 quest\u00f5es de Atualidades e 2 do Estatuto ou vice-versa.<\/p>\n\n\n\n<div class=\"wp-block-image is-style-default\"><figure class=\"aligncenter size-full is-resized\"><img loading=\"lazy\" decoding=\"async\" src=\"https:\/\/dhg1h5j42swfq.cloudfront.net\/2021\/09\/28001105\/image-541.png\" alt=\"Estatuto da Pessoa com Defici\u00eancia e Atualidades correspondem a 6% da prova.\" class=\"wp-image-871741\" width=\"521\" height=\"306\" srcset=\"https:\/\/dhg1h5j42swfq.cloudfront.net\/2021\/09\/28001105\/image-541.png 867w, https:\/\/dhg1h5j42swfq.cloudfront.net\/2021\/09\/28001105\/image-541-300x176.png 300w, https:\/\/dhg1h5j42swfq.cloudfront.net\/2021\/09\/28001105\/image-541-768x451.png 768w, https:\/\/dhg1h5j42swfq.cloudfront.net\/2021\/09\/28001105\/image-541-610x358.png 610w\" sizes=\"auto, (max-width: 521px) 100vw, 521px\" \/><figcaption>Estatuto da Pessoa com Defici\u00eancia e Atualidades correspondem a 6% da prova.<\/figcaption><\/figure><\/div>\n\n\n\n<p>O Estatuto da Pessoa com Defici\u00eancia tem baixa incid\u00eancia, se o compararmos com Portugu\u00eas, por exemplo, que equivale a 24% da prova. Contudo, s\u00e3o pouqu\u00edssimos artigos (18), ent\u00e3o, vale a pena domin\u00e1-los.<\/p>\n\n\n\n<p>Neste artigo, apresentaremos os principais pontos da disciplina, que voc\u00ea, obrigatoriamente, <strong>precisa saber para sua prova<\/strong>.<\/p>\n\n\n\n<p>O conte\u00fado foi baseado no <strong>Curso P\u00f3s Edital do Estrat\u00e9gia<\/strong>, do Prof. Ricardo Torques. Ent\u00e3o, nem \u00e9 preciso mencionar a qualidade, n\u00e3o \u00e9 mesmo?<\/p>\n\n\n\n<p>Vamos nessa!<\/p>\n\n\n\n<h2 class=\"wp-block-heading\"><span class=\"has-inline-color has-cyan-bluish-gray-color\">TJ-SP: ESTATUTO DA PESSOA COM DEFICI\u00caNCIA<\/span><\/h2>\n\n\n\n<h2 class=\"wp-block-heading\">AN\u00c1LISE ESTAT\u00cdSTICA<\/h2>\n\n\n\n<p>Nos termos do edital, 18 artigos do Estatuto da Pessoa com Defici\u00eancia (Lei n\u00ba 13.146\/2015) poder\u00e3o aparecer em sua prova.<\/p>\n\n\n\n<p>Dessa forma, fizemos uma an\u00e1lise estat\u00edstica dos pontos mais relevantes para a Vunesp com base em provas anteriores:<\/p>\n\n\n\n<div class=\"wp-block-image is-style-default\"><figure class=\"aligncenter size-full is-resized\"><img loading=\"lazy\" decoding=\"async\" src=\"https:\/\/dhg1h5j42swfq.cloudfront.net\/2021\/09\/28001535\/image-542.png\" alt=\"n\u00e1lise Estat\u00edstica  TJ-SP: ESTATUTO DA PESSOA COM DEFICI\u00caNCIA\" class=\"wp-image-871742\" width=\"686\" height=\"227\" srcset=\"https:\/\/dhg1h5j42swfq.cloudfront.net\/2021\/09\/28001535\/image-542.png 1023w, https:\/\/dhg1h5j42swfq.cloudfront.net\/2021\/09\/28001535\/image-542-300x99.png 300w, https:\/\/dhg1h5j42swfq.cloudfront.net\/2021\/09\/28001535\/image-542-768x254.png 768w, https:\/\/dhg1h5j42swfq.cloudfront.net\/2021\/09\/28001535\/image-542-610x202.png 610w\" sizes=\"auto, (max-width: 686px) 100vw, 686px\" \/><figcaption>An\u00e1lise Estat\u00edstica  <span class=\"has-inline-color has-black-color\">TJ-SP: ESTATUTO DA PESSOA COM DEFICI\u00caNCIA <\/span><\/figcaption><\/figure><\/div>\n\n\n\n<div class=\"wp-block-image is-style-default\"><figure class=\"aligncenter size-full is-resized\"><img loading=\"lazy\" decoding=\"async\" src=\"https:\/\/dhg1h5j42swfq.cloudfront.net\/2021\/09\/28001642\/image-543.png\" alt=\"Incid\u00eancia dos artigos em forma de gr\u00e1fico\" class=\"wp-image-871743\" width=\"744\" height=\"389\" srcset=\"https:\/\/dhg1h5j42swfq.cloudfront.net\/2021\/09\/28001642\/image-543.png 981w, https:\/\/dhg1h5j42swfq.cloudfront.net\/2021\/09\/28001642\/image-543-300x157.png 300w, https:\/\/dhg1h5j42swfq.cloudfront.net\/2021\/09\/28001642\/image-543-768x402.png 768w, https:\/\/dhg1h5j42swfq.cloudfront.net\/2021\/09\/28001642\/image-543-610x319.png 610w\" sizes=\"auto, (max-width: 744px) 100vw, 744px\" \/><figcaption>Os primeiros artigos costumam cair <em>muito<\/em> nas provas da Vunesp.<\/figcaption><\/figure><\/div>\n\n\n\n<p>Perceba que os nove primeiros artigos do Estatuto possuem um \u00edndice de incid\u00eancia muito maior do que os demais (73%). Eles tratam das disposi\u00e7\u00f5es preliminares e \u00e9 sobre elas que vamos falar, em especial, sobre os conceitos nelas dispostos.<\/p>\n\n\n\n<h2 class=\"wp-block-heading\">Disposi\u00e7\u00f5es Preliminares da Lei n\u00ba 13.146\/2015<\/h2>\n\n\n\n<h2 class=\"wp-block-heading\"><strong>Pessoa com Defici\u00eancia<\/strong><\/h2>\n\n\n\n<p>Nos termos do art. 2\u00ba do Estatuto, <strong><em>pessoa com defici\u00eancia \u00e9 aquela que possui impedimento de longo prazo de natureza f\u00edsica, mental, intelectual ou sensorial<\/em><\/strong>. <\/p>\n\n\n\n<p>Essa limita\u00e7\u00e3o, em intera\u00e7\u00e3o com uma ou mais <strong>barreiras<\/strong>, pode impedir sua participa\u00e7\u00e3o plena e efetiva na sociedade em iguais condi\u00e7\u00f5es com os demais.<\/p>\n\n\n\n<div class=\"wp-block-image is-style-default\"><figure class=\"aligncenter size-full is-resized\"><img loading=\"lazy\" decoding=\"async\" src=\"https:\/\/dhg1h5j42swfq.cloudfront.net\/2021\/09\/28001907\/image-544.png\" alt=\"TJ-SP: ESTATUTO DA PESSOA COM DEFICI\u00caNCIA\" class=\"wp-image-871744\" width=\"527\" height=\"88\" srcset=\"https:\/\/dhg1h5j42swfq.cloudfront.net\/2021\/09\/28001907\/image-544.png 425w, https:\/\/dhg1h5j42swfq.cloudfront.net\/2021\/09\/28001907\/image-544-300x50.png 300w\" sizes=\"auto, (max-width: 527px) 100vw, 527px\" \/><figcaption>Se houver limita\u00e7\u00e3o e barreira, teremos defici\u00eancia. Essa \u00e9 a f\u00f3rmula.<\/figcaption><\/figure><\/div>\n\n\n\n<p>H\u00e1 necessidade de que a limita\u00e7\u00e3o seja de <strong><u>longo prazo.<\/u><\/strong><\/p>\n\n\n\n<p>J\u00e1 a <strong>avalia\u00e7\u00e3o da defici\u00eancia<\/strong>, quando necess\u00e1ria, ser\u00e1 <strong><u>biopsicossocial<\/u><\/strong>, realizada por equipe multiprofissional e interdisciplinar e considerar\u00e1:<\/p>\n\n\n\n<ol class=\"wp-block-list\"><li>Os impedimentos nas fun\u00e7\u00f5es e nas estruturas do corpo;<\/li><li>Os fatores socioambientais, psicol\u00f3gicos e pessoais;<\/li><li>A limita\u00e7\u00e3o no desempenho de atividades; e<\/li><li>A restri\u00e7\u00e3o de participa\u00e7\u00e3o.<\/li><\/ol>\n\n\n\n<p>A avalia\u00e7\u00e3o biopsicossocial \u00e9 aquela que considera aspectos sociais que circundam o deficiente, al\u00e9m, por \u00f3bvio, de dados m\u00e9dicos capazes de demonstrar sua incapacidade.<\/p>\n\n\n\n<div class=\"wp-block-image is-style-default\"><figure class=\"aligncenter size-full is-resized\"><img loading=\"lazy\" decoding=\"async\" src=\"https:\/\/dhg1h5j42swfq.cloudfront.net\/2021\/09\/28002132\/image-545.png\" alt=\"AVALIA\u00c7\u00c3O DA DEFICIENCIA \" class=\"wp-image-871745\" width=\"818\" height=\"163\" srcset=\"https:\/\/dhg1h5j42swfq.cloudfront.net\/2021\/09\/28002132\/image-545.png 567w, https:\/\/dhg1h5j42swfq.cloudfront.net\/2021\/09\/28002132\/image-545-300x60.png 300w\" sizes=\"auto, (max-width: 818px) 100vw, 818px\" \/><figcaption>A avalia\u00e7\u00e3o de defici\u00eancia considera aspectos sociais.<\/figcaption><\/figure><\/div>\n\n\n\n<h2 class=\"has-cyan-bluish-gray-color has-text-color wp-block-heading\">TJ-SP: ESTATUTO DA PESSOA COM DEFICI\u00caNCIA<\/h2>\n\n\n\n<h2 class=\"wp-block-heading\"><strong>Barreiras<\/strong><\/h2>\n\n\n\n<p>O conceito de barreira e seus tipos sempre caem em prova, <em>galera<\/em>!<\/p>\n\n\n\n<p>Barreira, nos termos do art. 3\u00ba, inciso IV, do Estatuto, \u00e9:<\/p>\n\n\n\n<blockquote class=\"wp-block-quote is-layout-flow wp-block-quote-is-layout-flow\"><p>&#8220;<em>qualquer entrave, obst\u00e1culo, atitude ou comportamento que limite ou impe\u00e7a a participa\u00e7\u00e3o social da pessoa, bem como o gozo, a frui\u00e7\u00e3o e o exerc\u00edcio de seus direitos \u00e0 acessibilidade, \u00e0 liberdade de movimento e de express\u00e3o, \u00e0 comunica\u00e7\u00e3o, ao acesso \u00e0 informa\u00e7\u00e3o, \u00e0 compreens\u00e3o, \u00e0 circula\u00e7\u00e3o com seguran\u00e7a, entre outros&#8221;.&nbsp;&nbsp;<\/em><\/p><\/blockquote>\n\n\n\n<p>Em outras palavras, barreira \u00e9 qualquer problema que possa limitar uma pessoa que queira usufruir de seus direitos. <\/p>\n\n\n\n<p>Assim, para caracterizar a <strong>DEFICI\u00caNCIA<\/strong>, \u00e9 necess\u00e1rio existir <strong>LIMITA\u00c7\u00c3O + BARREIRA<\/strong>.<\/p>\n\n\n\n<p>H\u00e1 diversas esp\u00e9cies de barreiras:<\/p>\n\n\n\n<p><strong>Barreiras Urban\u00edsticas<\/strong>: s\u00e3o as que envolvem a edifica\u00e7\u00e3o de uma cidade. Lembre-se das vias e espa\u00e7os p\u00fablicos, bem como os privados, mas de uso coletivo.<\/p>\n\n\n\n<p><strong>Barreiras Arquitet\u00f4nicas<\/strong>: referem-se \u00e0 arte de projetar, ou seja, a constru\u00e7\u00e3o de edif\u00edcios p\u00fablicos e privados.<\/p>\n\n\n\n<p>A Vunesp adora trocar os conceitos de Barreiras Urban\u00edsticas e de Barreiras Arquitet\u00f4nicas. Como m\u00e9todo de memoriza\u00e7\u00e3o, pense que urbano, \u00e9 algo mais amplo, envolve a cidade toda, lugares abertos, espa\u00e7os. J\u00e1 o termo arquitet\u00f4nico vem de arquitetura, que remete a projetos, edifica\u00e7\u00f5es.<\/p>\n\n\n\n<p>Destaquei esses dois tipos de barreiras, pois s\u00e3o as que mais confundem o candidato, mas existem diversas outras e todas DESPENCAM EM PROVA:<\/p>\n\n\n\n<div class=\"wp-block-image is-style-default\"><figure class=\"aligncenter size-full is-resized\"><img loading=\"lazy\" decoding=\"async\" src=\"https:\/\/dhg1h5j42swfq.cloudfront.net\/2021\/09\/28002635\/image-546.png\" alt=\"TJ-SP: ESTATUTO DA PESSOA COM DEFICI\u00caNCIA\" class=\"wp-image-871746\" width=\"690\" height=\"330\" srcset=\"https:\/\/dhg1h5j42swfq.cloudfront.net\/2021\/09\/28002635\/image-546.png 861w, https:\/\/dhg1h5j42swfq.cloudfront.net\/2021\/09\/28002635\/image-546-300x144.png 300w, https:\/\/dhg1h5j42swfq.cloudfront.net\/2021\/09\/28002635\/image-546-768x368.png 768w, https:\/\/dhg1h5j42swfq.cloudfront.net\/2021\/09\/28002635\/image-546-610x293.png 610w\" sizes=\"auto, (max-width: 690px) 100vw, 690px\" \/><figcaption>Os tipos de barreiras est\u00e3o expressos nas al\u00edneas do inciso IV do artigo 3\u00ba do Estatuto.<\/figcaption><\/figure><\/div>\n\n\n\n<h2 class=\"has-cyan-bluish-gray-color has-text-color wp-block-heading\">TJ-SP: ESTATUTO DA PESSOA COM DEFICI\u00caNCIA<\/h2>\n\n\n\n<h2 class=\"wp-block-heading\"><strong>Acessibilidade<\/strong><\/h2>\n\n\n\n<p><strong>Acessibilidade<\/strong> \u00e9 o meio pelo qual a pessoa com defici\u00eancia alcan\u00e7a iguais condi\u00e7\u00f5es com as demais.<\/p>\n\n\n\n<p>Para isso, existe o <strong>Desenho Universal,<\/strong> que \u00e9 a concep\u00e7\u00e3o de produtos, ambientes, programas e servi\u00e7os a serem utilizados por todos, sem a necessidade de adapta\u00e7\u00e3o, o que inclui os recursos de tecnologia assistiva.<\/p>\n\n\n\n<p><strong>Tecnologia Assistiva<\/strong>, por sua vez, \u00e9 sin\u00f4nimo de <em>ajuda t\u00e9cnica<\/em>. S\u00e3o produtos, equipamentos, dispositivos, recursos, metodologias, estrat\u00e9gias, pr\u00e1ticas e servi\u00e7os que levam \u00e0 promo\u00e7\u00e3o da funcionalidade, relacionada \u00e0 atividade e \u00e0 participa\u00e7\u00e3o da pessoa com defici\u00eancia ou com mobilidade reduzida.<\/p>\n\n\n\n<p>O objetivo \u00e9 alcan\u00e7ar a autonomia, independ\u00eancia, qualidade de vida e inclus\u00e3o social da pessoa portadora de defici\u00eancia.<\/p>\n\n\n\n<p>Por fim, temos as <strong>Adapta\u00e7\u00f5es Razo\u00e1veis<\/strong>, que s\u00e3o adapta\u00e7\u00f5es, modifica\u00e7\u00f5es e ajustes necess\u00e1rios e adequados que n\u00e3o gerem \u00f4nus desproporcional e indevido.<\/p>\n\n\n\n<p>Seu prop\u00f3sito \u00e9 assegurar que a pessoa com defici\u00eancia possa gozar ou exercer todos os direitos e liberdades fundamentais dos quais todos t\u00eam direito.<\/p>\n\n\n\n<p>Perceba que os quatro conceitos &#8211; <strong>Acessibilidade, Desenho Universal, Tecnologia Assistiva e Adapta\u00e7\u00f5es Razo\u00e1veis<\/strong> \u2013 s\u00e3o bem similares e tamb\u00e9m podem ser misturados para te confundir na prova.<\/p>\n\n\n\n<p>Procure salvar <strong>palavras-chave <\/strong>para facilitar na memoriza\u00e7\u00e3o:<\/p>\n\n\n\n<blockquote class=\"wp-block-quote is-layout-flow wp-block-quote-is-layout-flow\"><p>ACESSIBILIDADE&gt;ACESSO&gt;ALCAN\u00c7AR<\/p><p>DESENHO UNIVERSAL&gt; UNIVERSO &gt; PARA TODOS<\/p><p>TECNOLOGIA ASSISTIVA&gt; ASSISTIR&gt;AJUDAR&gt;AJUDA T\u00c9CNICA<\/p><p>ADAPTA\u00c7\u00d5ES RAZO\u00c1VEIS &gt; PROPORCIONAIS, DEVIDAS<\/p><\/blockquote>\n\n\n\n<h2 class=\"has-cyan-bluish-gray-color has-text-color wp-block-heading\">TJ-SP: ESTATUTO DA PESSOA COM DEFICI\u00caNCIA<\/h2>\n\n\n\n<h2 class=\"wp-block-heading\"><strong>Mobilidade Reduzida<\/strong><\/h2>\n\n\n\n<p>A pessoa com mobilidade reduzida \u00e9 aquela que, por qualquer motivo, possui dificuldade de movimenta\u00e7\u00e3o, permanente ou tempor\u00e1ria, gerando redu\u00e7\u00e3o efetiva da mobilidade, da flexibilidade, da coordena\u00e7\u00e3o motora ou da percep\u00e7\u00e3o.<\/p>\n\n\n\n<p>O idoso, a gestante, a lactante, a pessoa com crian\u00e7a de colo e o obeso s\u00e3o exemplos de pessoas com mobilidade reduzida.<\/p>\n\n\n\n<div class=\"wp-block-image is-style-default\"><figure class=\"aligncenter size-full is-resized\"><img loading=\"lazy\" decoding=\"async\" src=\"https:\/\/dhg1h5j42swfq.cloudfront.net\/2021\/09\/28003032\/image-547.png\" alt=\"mobilidade reduzida\" class=\"wp-image-871748\" width=\"738\" height=\"181\" srcset=\"https:\/\/dhg1h5j42swfq.cloudfront.net\/2021\/09\/28003032\/image-547.png 567w, https:\/\/dhg1h5j42swfq.cloudfront.net\/2021\/09\/28003032\/image-547-300x74.png 300w\" sizes=\"auto, (max-width: 738px) 100vw, 738px\" \/><figcaption>mobilidade reduzida \u00e9 diferente de defici\u00eancia!<\/figcaption><\/figure><\/div>\n\n\n\n<p>Podemos concluir, assim, que <strong>pessoa com mobilidade reduzida n\u00e3o \u00e9 sin\u00f4nimo de pessoa com defici\u00eancia.<\/strong><\/p>\n\n\n\n<p>Al\u00e9m disso, as regras do Estatuto s\u00f3 s\u00e3o aplic\u00e1veis \u00e0s pessoas com mobilidade reduzida se houver previs\u00e3o legal expressa.<\/p>\n\n\n\n<h2 class=\"has-cyan-bluish-gray-color has-text-color wp-block-heading\">TJ-SP: ESTATUTO DA PESSOA COM DEFICI\u00caNCIA<\/h2>\n\n\n\n<h2 class=\"wp-block-heading\"><strong>Atendente Pessoal e Acompanhante<\/strong><\/h2>\n\n\n\n<p>Ligue o<em><strong> <span class=\"has-inline-color has-vivid-red-color\">pisca-alerta<\/span><\/strong><\/em> nesse momento! <\/p>\n\n\n\n<p>A <strong>diferen\u00e7a entre atendente pessoal e acompanhante<\/strong> \u00e9 uma quest\u00e3o constante nas provas da Vunesp.<\/p>\n\n\n\n<p>Vamos ver como o Estatuto trata da quest\u00e3o:<\/p>\n\n\n\n<blockquote class=\"wp-block-quote is-layout-flow wp-block-quote-is-layout-flow\"><p><em>Art. 3\u00ba (&#8230;)<\/em><\/p><p><em>XII &#8211; atendente pessoal: pessoa, <strong>membro ou n\u00e3o da fam\u00edlia,<\/strong> que, com ou sem remunera\u00e7\u00e3o, assiste ou presta cuidados b\u00e1sicos e essenciais \u00e0 pessoa com defici\u00eancia no exerc\u00edcio de suas atividades di\u00e1rias, exclu\u00eddas as t\u00e9cnicas ou os procedimentos identificados com profiss\u00f5es legalmente estabelecidas;<\/em><\/p><p><em>XIV &#8211; acompanhante: aquele que acompanha a pessoa com defici\u00eancia, podendo ou n\u00e3o desempenhar as fun\u00e7\u00f5es de atendente pessoal.<\/em><\/p><\/blockquote>\n\n\n\n<p>Sobre o <strong>atendente pessoal<\/strong>, o que precisamos memorizar:<\/p>\n\n\n\n<ul class=\"wp-block-list\"><li>N\u00e3o importa se ele \u00e9 da fam\u00edlia ou n\u00e3o.<\/li><li>Ele pode trabalhar de gra\u00e7a ou ganhar para isso.<\/li><li>N\u00e3o pode ser atendente pessoal quem tiver profiss\u00e3o legalmente estabelecida.<\/li><\/ul>\n\n\n\n<p>Agora, com rela\u00e7\u00e3o ao <strong>acompanhante:<\/strong><\/p>\n\n\n\n<ul class=\"wp-block-list\"><li>N\u00e3o precisa ser atendente pessoal para ser acompanhante.<\/li><li>\u00c9 quem acompanha <strong>fisicamente <\/strong>a pessoa com defici\u00eancia.<\/li><li>Conceito mais amplo.<\/li><\/ul>\n\n\n\n<h2 class=\"has-cyan-bluish-gray-color has-text-color wp-block-heading\">TJ-SP: ESTATUTO DA PESSOA COM DEFICI\u00caNCIA<\/h2>\n\n\n\n<h2 class=\"wp-block-heading\"><strong>Atendimento Priorit\u00e1rio<\/strong><\/h2>\n\n\n\n<p>O art. 9\u00ba do Estatuto, apresenta um rol de finalidades do atendimento priorit\u00e1rio, consistente em:<\/p>\n\n\n\n<ul class=\"wp-block-list\"><li>Presta\u00e7\u00e3o de Socorro<\/li><li>Atendimento em institui\u00e7\u00f5es e servi\u00e7os p\u00fablicos<\/li><li>Disponibiliza\u00e7\u00e3o de recursos<\/li><li>Disponibiliza\u00e7\u00e3o de pontos de parada<\/li><li>Acesso \u00e0 informa\u00e7\u00e3o e disponibiliza\u00e7\u00e3o de recursos de comunica\u00e7\u00e3o<\/li><li>Restitui\u00e7\u00e3o de imposto de renda (IR)<\/li><li>Tramita\u00e7\u00e3o processual<\/li><\/ul>\n\n\n\n<p>Vale mencionar que o <strong>acompanhante pessoal ou um atendente pessoal <\/strong>da pessoa portadora de defici\u00eancia tamb\u00e9m ter\u00e1 atendimento priorit\u00e1rio na maioria dos pontos acima citados.<\/p>\n\n\n\n<p>Contudo, existem <strong><span class=\"has-inline-color has-vivid-red-color\">duas exce\u00e7\u00f5es<\/span><\/strong>, que s\u00e3o muito presentes nas provas:<\/p>\n\n\n\n<blockquote class=\"wp-block-quote is-layout-flow wp-block-quote-is-layout-flow\"><p>N\u00e3o se estende o atendimento priorit\u00e1rio para o acompanhante nem para o atendente pessoal com rela\u00e7\u00e3o \u00e0 <span class=\"has-inline-color has-vivid-red-color\">prioridade de restitui\u00e7\u00e3o de IR<\/span> bem como \u00e0<span class=\"has-inline-color has-vivid-red-color\"> tramita\u00e7\u00e3o preferencial dos processos.<\/span><\/p><\/blockquote>\n\n\n\n<p>Outro ponto peculiar \u00e9 acerca dos servi\u00e7os de emerg\u00eancia, tanto particulares quanto privados, os quais possuem protocolos de atendimento m\u00e9dico pr\u00f3prio para delimitar quais casos ser\u00e3o prioridade. <\/p>\n\n\n\n<p>Ent\u00e3o, n\u00e3o necessariamente seguir\u00e3o a regra do Estatuto. <\/p>\n\n\n\n<p>Por exemplo: <em>uma pessoa portadora de defici\u00eancia est\u00e1 aguardando atendimento m\u00e9dico no hospital, pois quebrou um dedo. Em seguida, chega para ser atendido, um indiv\u00edduo em parada cardio-respirat\u00f3ria que n\u00e3o \u00e9 portador de defici\u00eancia. <\/em>Este indiv\u00edduo com certeza ter\u00e1 prioridade no atendimento, embora n\u00e3o seja portador de defici\u00eancia.<\/p>\n\n\n\n<h2 class=\"has-cyan-bluish-gray-color has-text-color wp-block-heading\"> TJ-SP: ESTATUTO DA PESSOA COM DEFICI\u00caNCIA <\/h2>\n\n\n\n<h2 class=\"wp-block-heading\">Conclus\u00e3o<\/h2>\n\n\n\n<p>Pois bem. Neste artigo, apresentamos para voc\u00ea uma an\u00e1lise estat\u00edstica do Estatuto da Pessoa com Defici\u00eancia para o concurso de Escrevente do TJ-SP.<\/p>\n\n\n\n<p>Trabalhamos com conceitos fundamentais presentes nas Disposi\u00e7\u00f5es Preliminares (artigos 1\u00ba ao 9\u00ba) do Estatuto, tema este com grande incid\u00eancia nas provas da Vunesp.<\/p>\n\n\n\n<p>De modo resumido, apresentamos 10 defini\u00e7\u00f5es que voc\u00ea <em><strong>precisa<\/strong><\/em> memorizar:<\/p>\n\n\n\n<ol class=\"wp-block-list\"><li><strong><em>Pessoa com Defici\u00eancia<\/em><\/strong><\/li><li><strong><em>Barreiras<\/em><\/strong><\/li><li><strong><em>Acessibilidade<\/em><\/strong><\/li><li><strong><em>Tecnologia Assistiva<\/em><\/strong><\/li><li><strong><em>Desenho Universal<\/em><\/strong><\/li><li><strong><em>Adapta\u00e7\u00f5es Razo\u00e1vei<\/em><\/strong><em>s<\/em><\/li><li><strong><em>Mobilidade Reduzida<\/em><\/strong><\/li><li><strong><em>Atendente Pessoal<\/em><\/strong><\/li><li><strong><em>Acompanhante<\/em><\/strong><\/li><li><strong><em>Atendimento Priorit\u00e1rio<\/em><\/strong><\/li><\/ol>\n\n\n\n<p>Importante salientar que os temas n\u00e3o foram aprofundados, limitando-se apenas aos conceitos, finalidades e algumas exce\u00e7\u00f5es.<\/p>\n\n\n\n<p>As chances de tais pontos estarem na sua prova s\u00e3o<strong> gigantes<\/strong>, por isso, estude com aten\u00e7\u00e3o esses institutos.<\/p>\n\n\n\n<p>Por fim, como s\u00e3o poucos artigos, n\u00e3o deixe de estudar a <strong>lei seca.<\/strong><\/p>\n\n\n\n<p>Espero ter ajudado!<\/p>\n\n\n\n<p>Um abra\u00e7o.<\/p>\n\n\n\n<p><a href=\"https:\/\/www.instagram.com\/heloisatondinelli\/?hl=pt-br\" target=\"_blank\" rel=\"noreferrer noopener\">Helo\u00edsa Tondinelli<\/a><\/p>\n\n\n\n<p class=\"has-text-align-center has-background\" style=\"background-color:#e3e5e7\"> <strong><a href=\"https:\/\/www.estrategiaconcursos.com.br\/curso\/tj-sp-escrevente-judiciario-prova-pratica-2-etapa-digitacao-e-formatacao-2021-pos-edital\/\" target=\"_blank\" rel=\"noreferrer noopener\">CURSO DE DIGITA\u00c7\u00c3O E DE FORMATA\u00c7\u00c3O &#8211; PROVA PR\u00c1TICA TJSP<\/a><\/strong> <\/p>\n\n\n\n<p class=\"has-text-align-center has-background has-medium-font-size\" style=\"background-color:#e3e5e7\"><strong>Saiba mais: <a href=\"https:\/\/www.estrategiaconcursos.com.br\/blog\/concurso-tj-sp-2021\/\" target=\"_blank\" rel=\"noreferrer noopener\">concurso TJ SP<\/a><\/strong><\/p>\n\n\n\n<hr class=\"wp-block-separator\"\/>\n\n\n\n<h2 class=\"has-text-align-center wp-block-heading\" id=\"cursos-assinatura\">Quer estudar para o edital do concurso TJ SP?<\/h2>\n\n\n\n<div class=\"container\" id=\"boxes\">\n  <div class=\"row\">\n\n    <div class=\"col-sm\">\n      <div class=\"banner-tribunal\" id=\"box-assinatura\">\n        <h3 class=\"titulo-assinatura\">Concurso TJ SP<\/h3>\n        <p class=\"subtitulo-assinatura\">Conhe\u00e7a os cursos<\/p>\n        <div class=\"box-botao\">\n          <a class=\"btn-assinatura\" target=\"_blank\" href=\"https:\/\/www.estrategiaconcursos.com.br\/cursosPorConcurso\/tj-sp-escrevente\/\" role=\"button\" rel=\"noopener noreferrer\">Conhe\u00e7a mais<\/a>\n        <\/div>\n      <\/div>\n     \n    <\/div>\n\n  <\/div>\n<\/div>\n","protected":false},"excerpt":{"rendered":"<p>TJ-SP: ESTATUTO DA PESSOA COM DEFICI\u00caNCIA \u2013 faltando menos de 30 dias para a prova, confira o que vale a pena priorizar para o concurso de Escrevente T\u00e9cnico Judici\u00e1rio. E a\u00ed, pessoal, tudo bem? O Concurso do TJ-SP est\u00e1 chegando. A prova acontecer\u00e1 dia 31 de outubro e, embora o edital seja enxuto, nessa reta [&hellip;]<\/p>\n","protected":false},"author":1621,"featured_media":871739,"comment_status":"open","ping_status":"closed","sticky":false,"template":"","format":"standard","meta":{"post_tipo":"article","footnotes":""},"categories":[1],"tags":[],"tax_estado":[219989],"class_list":["post-871737","post","type-post","status-publish","format-standard","has-post-thumbnail","hentry","category-cursos-e-concursos","tax_estado-sp"],"acf":[],"yoast_head":"<!-- This site is optimized with the Yoast SEO Premium plugin v27.2 (Yoast SEO v27.2) - https:\/\/yoast.com\/product\/yoast-seo-premium-wordpress\/ -->\n<title>TJ-SP: ESTATUTO DA PESSOA COM DEFICI\u00caNCIA<\/title>\n<meta name=\"description\" content=\"TJ-SP: ESTATUTO DA PESSOA COM DEFICI\u00caNCIA \u2013 a menos de 30 dias para a prova, confira o que vale priorizar para o concurso de Escrevente.\" \/>\n<meta name=\"robots\" content=\"index, follow, max-snippet:-1, max-image-preview:large, max-video-preview:-1\" \/>\n<link rel=\"canonical\" href=\"https:\/\/www.estrategiaconcursos.com.br\/blog\/tj-sp-estatuto-pessoa-com-deficiencia\/\" \/>\n<meta property=\"og:locale\" content=\"pt_BR\" \/>\n<meta property=\"og:type\" content=\"article\" \/>\n<meta property=\"og:title\" content=\"TJ-SP: ESTATUTO DA PESSOA COM DEFICI\u00caNCIA\" \/>\n<meta property=\"og:description\" content=\"TJ-SP: ESTATUTO DA PESSOA COM DEFICI\u00caNCIA \u2013 a menos de 30 dias para a prova, confira o que vale priorizar para o concurso de Escrevente.\" \/>\n<meta property=\"og:url\" content=\"https:\/\/www.estrategiaconcursos.com.br\/blog\/tj-sp-estatuto-pessoa-com-deficiencia\/\" \/>\n<meta property=\"og:site_name\" content=\"Estrat\u00e9gia Concursos\" \/>\n<meta property=\"article:published_time\" content=\"2021-10-04T17:46:49+00:00\" \/>\n<meta property=\"article:modified_time\" content=\"2021-10-04T17:46:52+00:00\" \/>\n<meta property=\"og:image\" content=\"https:\/\/dhg1h5j42swfq.cloudfront.net\/2021\/09\/28000413\/image-539.png\" \/>\n\t<meta property=\"og:image:width\" content=\"634\" \/>\n\t<meta property=\"og:image:height\" content=\"432\" \/>\n\t<meta property=\"og:image:type\" content=\"image\/png\" \/>\n<meta name=\"author\" content=\"Helo\u00edsa Tondinelli\" \/>\n<meta name=\"twitter:card\" content=\"summary_large_image\" \/>\n<meta name=\"twitter:creator\" content=\"@EstratConcursos\" \/>\n<meta name=\"twitter:site\" content=\"@EstratConcursos\" \/>\n<meta name=\"twitter:label1\" content=\"Escrito por\" \/>\n\t<meta name=\"twitter:data1\" content=\"Helo\u00edsa Tondinelli\" \/>\n\t<meta name=\"twitter:label2\" content=\"Est. tempo de leitura\" \/>\n\t<meta name=\"twitter:data2\" content=\"10 minutos\" \/>\n<script type=\"application\/ld+json\" class=\"yoast-schema-graph\">{\"@context\":\"https:\/\/schema.org\",\"@graph\":[{\"@type\":\"NewsArticle\",\"@id\":\"https:\/\/www.estrategiaconcursos.com.br\/blog\/tj-sp-estatuto-pessoa-com-deficiencia\/#article\",\"isPartOf\":{\"@id\":\"https:\/\/www.estrategiaconcursos.com.br\/blog\/tj-sp-estatuto-pessoa-com-deficiencia\/\"},\"author\":{\"name\":\"Helo\u00edsa Tondinelli\",\"@id\":\"https:\/\/www.estrategiaconcursos.com.br\/blog\/#\/schema\/person\/58417749ed06746cdf1e9b4b1b7b41ec\"},\"headline\":\"TJ-SP: ESTATUTO DA PESSOA COM DEFICI\u00caNCIA\",\"datePublished\":\"2021-10-04T17:46:49+00:00\",\"dateModified\":\"2021-10-04T17:46:52+00:00\",\"mainEntityOfPage\":{\"@id\":\"https:\/\/www.estrategiaconcursos.com.br\/blog\/tj-sp-estatuto-pessoa-com-deficiencia\/\"},\"wordCount\":1916,\"commentCount\":0,\"publisher\":{\"@id\":\"https:\/\/www.estrategiaconcursos.com.br\/blog\/#organization\"},\"image\":{\"@id\":\"https:\/\/www.estrategiaconcursos.com.br\/blog\/tj-sp-estatuto-pessoa-com-deficiencia\/#primaryimage\"},\"thumbnailUrl\":\"https:\/\/dhg1h5j42swfq.cloudfront.net\/2021\/09\/28000413\/image-539.png\",\"articleSection\":[\"Concursos P\u00fablicos\"],\"inLanguage\":\"pt-BR\",\"potentialAction\":[{\"@type\":\"CommentAction\",\"name\":\"Comment\",\"target\":[\"https:\/\/www.estrategiaconcursos.com.br\/blog\/tj-sp-estatuto-pessoa-com-deficiencia\/#respond\"]}],\"copyrightYear\":\"2021\",\"copyrightHolder\":{\"@id\":\"https:\/\/www.estrategiaconcursos.com.br\/blog\/#organization\"}},{\"@type\":\"WebPage\",\"@id\":\"https:\/\/www.estrategiaconcursos.com.br\/blog\/tj-sp-estatuto-pessoa-com-deficiencia\/\",\"url\":\"https:\/\/www.estrategiaconcursos.com.br\/blog\/tj-sp-estatuto-pessoa-com-deficiencia\/\",\"name\":\"TJ-SP: ESTATUTO DA PESSOA COM DEFICI\u00caNCIA\",\"isPartOf\":{\"@id\":\"https:\/\/www.estrategiaconcursos.com.br\/blog\/#website\"},\"primaryImageOfPage\":{\"@id\":\"https:\/\/www.estrategiaconcursos.com.br\/blog\/tj-sp-estatuto-pessoa-com-deficiencia\/#primaryimage\"},\"image\":{\"@id\":\"https:\/\/www.estrategiaconcursos.com.br\/blog\/tj-sp-estatuto-pessoa-com-deficiencia\/#primaryimage\"},\"thumbnailUrl\":\"https:\/\/dhg1h5j42swfq.cloudfront.net\/2021\/09\/28000413\/image-539.png\",\"datePublished\":\"2021-10-04T17:46:49+00:00\",\"dateModified\":\"2021-10-04T17:46:52+00:00\",\"description\":\"TJ-SP: ESTATUTO DA PESSOA COM DEFICI\u00caNCIA \u2013 a menos de 30 dias para a prova, confira o que vale priorizar para o concurso de Escrevente.\",\"breadcrumb\":{\"@id\":\"https:\/\/www.estrategiaconcursos.com.br\/blog\/tj-sp-estatuto-pessoa-com-deficiencia\/#breadcrumb\"},\"inLanguage\":\"pt-BR\",\"potentialAction\":[{\"@type\":\"ReadAction\",\"target\":[\"https:\/\/www.estrategiaconcursos.com.br\/blog\/tj-sp-estatuto-pessoa-com-deficiencia\/\"]}]},{\"@type\":\"ImageObject\",\"inLanguage\":\"pt-BR\",\"@id\":\"https:\/\/www.estrategiaconcursos.com.br\/blog\/tj-sp-estatuto-pessoa-com-deficiencia\/#primaryimage\",\"url\":\"https:\/\/dhg1h5j42swfq.cloudfront.net\/2021\/09\/28000413\/image-539.png\",\"contentUrl\":\"https:\/\/dhg1h5j42swfq.cloudfront.net\/2021\/09\/28000413\/image-539.png\",\"width\":634,\"height\":432,\"caption\":\"TJ-SP: ESTATUTO DA PESSOA COM DEFICI\u00caNCIA\"},{\"@type\":\"BreadcrumbList\",\"@id\":\"https:\/\/www.estrategiaconcursos.com.br\/blog\/tj-sp-estatuto-pessoa-com-deficiencia\/#breadcrumb\",\"itemListElement\":[{\"@type\":\"ListItem\",\"position\":1,\"name\":\"In\u00edcio\",\"item\":\"https:\/\/www.estrategiaconcursos.com.br\/blog\/\"},{\"@type\":\"ListItem\",\"position\":2,\"name\":\"TJ-SP: ESTATUTO DA PESSOA COM DEFICI\u00caNCIA\"}]},{\"@type\":\"WebSite\",\"@id\":\"https:\/\/www.estrategiaconcursos.com.br\/blog\/#website\",\"url\":\"https:\/\/www.estrategiaconcursos.com.br\/blog\/\",\"name\":\"Estrat\u00e9gia Concursos\",\"description\":\"O blog da Estrat\u00e9gia Concursos traz not\u00edcias sobre concursos e artigos de professores oferecendo cursos para concursos (pdf + videaulas) no site.\",\"publisher\":{\"@id\":\"https:\/\/www.estrategiaconcursos.com.br\/blog\/#organization\"},\"potentialAction\":[{\"@type\":\"SearchAction\",\"target\":{\"@type\":\"EntryPoint\",\"urlTemplate\":\"https:\/\/www.estrategiaconcursos.com.br\/blog\/?s={search_term_string}\"},\"query-input\":{\"@type\":\"PropertyValueSpecification\",\"valueRequired\":true,\"valueName\":\"search_term_string\"}}],\"inLanguage\":\"pt-BR\"},{\"@type\":\"Organization\",\"@id\":\"https:\/\/www.estrategiaconcursos.com.br\/blog\/#organization\",\"name\":\"Estrat\u00e9gia Concursos\",\"url\":\"https:\/\/www.estrategiaconcursos.com.br\/blog\/\",\"logo\":{\"@type\":\"ImageObject\",\"inLanguage\":\"pt-BR\",\"@id\":\"https:\/\/www.estrategiaconcursos.com.br\/blog\/#\/schema\/logo\/image\/\",\"url\":\"https:\/\/dhg1h5j42swfq.cloudfront.net\/2025\/06\/03203428\/logo_concursos-1.jpg\",\"contentUrl\":\"https:\/\/dhg1h5j42swfq.cloudfront.net\/2025\/06\/03203428\/logo_concursos-1.jpg\",\"width\":230,\"height\":60,\"caption\":\"Estrat\u00e9gia Concursos\"},\"image\":{\"@id\":\"https:\/\/www.estrategiaconcursos.com.br\/blog\/#\/schema\/logo\/image\/\"},\"sameAs\":[\"https:\/\/x.com\/EstratConcursos\"]},{\"@type\":\"Person\",\"@id\":\"https:\/\/www.estrategiaconcursos.com.br\/blog\/#\/schema\/person\/58417749ed06746cdf1e9b4b1b7b41ec\",\"name\":\"Helo\u00edsa Tondinelli\",\"image\":{\"@type\":\"ImageObject\",\"inLanguage\":\"pt-BR\",\"@id\":\"https:\/\/secure.gravatar.com\/avatar\/1f2ae64ae5927cc0ec3c32c24974a05c7b99b52f5c520ccf5278b3e98ee3ca16?s=96&d=mm&r=g\",\"url\":\"https:\/\/secure.gravatar.com\/avatar\/1f2ae64ae5927cc0ec3c32c24974a05c7b99b52f5c520ccf5278b3e98ee3ca16?s=96&d=mm&r=g\",\"contentUrl\":\"https:\/\/secure.gravatar.com\/avatar\/1f2ae64ae5927cc0ec3c32c24974a05c7b99b52f5c520ccf5278b3e98ee3ca16?s=96&d=mm&r=g\",\"caption\":\"Helo\u00edsa Tondinelli\"},\"url\":\"https:\/\/www.estrategiaconcursos.com.br\/blog\/author\/helotondinellihotmail-com\/\"}]}<\/script>\n<!-- \/ Yoast SEO Premium plugin. -->","yoast_head_json":{"title":"TJ-SP: ESTATUTO DA PESSOA COM DEFICI\u00caNCIA","description":"TJ-SP: ESTATUTO DA PESSOA COM DEFICI\u00caNCIA \u2013 a menos de 30 dias para a prova, confira o que vale priorizar para o concurso de Escrevente.","robots":{"index":"index","follow":"follow","max-snippet":"max-snippet:-1","max-image-preview":"max-image-preview:large","max-video-preview":"max-video-preview:-1"},"canonical":"https:\/\/www.estrategiaconcursos.com.br\/blog\/tj-sp-estatuto-pessoa-com-deficiencia\/","og_locale":"pt_BR","og_type":"article","og_title":"TJ-SP: ESTATUTO DA PESSOA COM DEFICI\u00caNCIA","og_description":"TJ-SP: ESTATUTO DA PESSOA COM DEFICI\u00caNCIA \u2013 a menos de 30 dias para a prova, confira o que vale priorizar para o concurso de Escrevente.","og_url":"https:\/\/www.estrategiaconcursos.com.br\/blog\/tj-sp-estatuto-pessoa-com-deficiencia\/","og_site_name":"Estrat\u00e9gia Concursos","article_published_time":"2021-10-04T17:46:49+00:00","article_modified_time":"2021-10-04T17:46:52+00:00","og_image":[{"width":634,"height":432,"url":"https:\/\/dhg1h5j42swfq.cloudfront.net\/2021\/09\/28000413\/image-539.png","type":"image\/png"}],"author":"Helo\u00edsa Tondinelli","twitter_card":"summary_large_image","twitter_creator":"@EstratConcursos","twitter_site":"@EstratConcursos","twitter_misc":{"Escrito por":"Helo\u00edsa Tondinelli","Est. tempo de leitura":"10 minutos"},"schema":{"@context":"https:\/\/schema.org","@graph":[{"@type":"NewsArticle","@id":"https:\/\/www.estrategiaconcursos.com.br\/blog\/tj-sp-estatuto-pessoa-com-deficiencia\/#article","isPartOf":{"@id":"https:\/\/www.estrategiaconcursos.com.br\/blog\/tj-sp-estatuto-pessoa-com-deficiencia\/"},"author":{"name":"Helo\u00edsa Tondinelli","@id":"https:\/\/www.estrategiaconcursos.com.br\/blog\/#\/schema\/person\/58417749ed06746cdf1e9b4b1b7b41ec"},"headline":"TJ-SP: ESTATUTO DA PESSOA COM DEFICI\u00caNCIA","datePublished":"2021-10-04T17:46:49+00:00","dateModified":"2021-10-04T17:46:52+00:00","mainEntityOfPage":{"@id":"https:\/\/www.estrategiaconcursos.com.br\/blog\/tj-sp-estatuto-pessoa-com-deficiencia\/"},"wordCount":1916,"commentCount":0,"publisher":{"@id":"https:\/\/www.estrategiaconcursos.com.br\/blog\/#organization"},"image":{"@id":"https:\/\/www.estrategiaconcursos.com.br\/blog\/tj-sp-estatuto-pessoa-com-deficiencia\/#primaryimage"},"thumbnailUrl":"https:\/\/dhg1h5j42swfq.cloudfront.net\/2021\/09\/28000413\/image-539.png","articleSection":["Concursos P\u00fablicos"],"inLanguage":"pt-BR","potentialAction":[{"@type":"CommentAction","name":"Comment","target":["https:\/\/www.estrategiaconcursos.com.br\/blog\/tj-sp-estatuto-pessoa-com-deficiencia\/#respond"]}],"copyrightYear":"2021","copyrightHolder":{"@id":"https:\/\/www.estrategiaconcursos.com.br\/blog\/#organization"}},{"@type":"WebPage","@id":"https:\/\/www.estrategiaconcursos.com.br\/blog\/tj-sp-estatuto-pessoa-com-deficiencia\/","url":"https:\/\/www.estrategiaconcursos.com.br\/blog\/tj-sp-estatuto-pessoa-com-deficiencia\/","name":"TJ-SP: ESTATUTO DA PESSOA COM DEFICI\u00caNCIA","isPartOf":{"@id":"https:\/\/www.estrategiaconcursos.com.br\/blog\/#website"},"primaryImageOfPage":{"@id":"https:\/\/www.estrategiaconcursos.com.br\/blog\/tj-sp-estatuto-pessoa-com-deficiencia\/#primaryimage"},"image":{"@id":"https:\/\/www.estrategiaconcursos.com.br\/blog\/tj-sp-estatuto-pessoa-com-deficiencia\/#primaryimage"},"thumbnailUrl":"https:\/\/dhg1h5j42swfq.cloudfront.net\/2021\/09\/28000413\/image-539.png","datePublished":"2021-10-04T17:46:49+00:00","dateModified":"2021-10-04T17:46:52+00:00","description":"TJ-SP: ESTATUTO DA PESSOA COM DEFICI\u00caNCIA \u2013 a menos de 30 dias para a prova, confira o que vale priorizar para o concurso de Escrevente.","breadcrumb":{"@id":"https:\/\/www.estrategiaconcursos.com.br\/blog\/tj-sp-estatuto-pessoa-com-deficiencia\/#breadcrumb"},"inLanguage":"pt-BR","potentialAction":[{"@type":"ReadAction","target":["https:\/\/www.estrategiaconcursos.com.br\/blog\/tj-sp-estatuto-pessoa-com-deficiencia\/"]}]},{"@type":"ImageObject","inLanguage":"pt-BR","@id":"https:\/\/www.estrategiaconcursos.com.br\/blog\/tj-sp-estatuto-pessoa-com-deficiencia\/#primaryimage","url":"https:\/\/dhg1h5j42swfq.cloudfront.net\/2021\/09\/28000413\/image-539.png","contentUrl":"https:\/\/dhg1h5j42swfq.cloudfront.net\/2021\/09\/28000413\/image-539.png","width":634,"height":432,"caption":"TJ-SP: ESTATUTO DA PESSOA COM DEFICI\u00caNCIA"},{"@type":"BreadcrumbList","@id":"https:\/\/www.estrategiaconcursos.com.br\/blog\/tj-sp-estatuto-pessoa-com-deficiencia\/#breadcrumb","itemListElement":[{"@type":"ListItem","position":1,"name":"In\u00edcio","item":"https:\/\/www.estrategiaconcursos.com.br\/blog\/"},{"@type":"ListItem","position":2,"name":"TJ-SP: ESTATUTO DA PESSOA COM DEFICI\u00caNCIA"}]},{"@type":"WebSite","@id":"https:\/\/www.estrategiaconcursos.com.br\/blog\/#website","url":"https:\/\/www.estrategiaconcursos.com.br\/blog\/","name":"Estrat\u00e9gia Concursos","description":"O blog da Estrat\u00e9gia Concursos traz not\u00edcias sobre concursos e artigos de professores oferecendo cursos para concursos (pdf + videaulas) no site.","publisher":{"@id":"https:\/\/www.estrategiaconcursos.com.br\/blog\/#organization"},"potentialAction":[{"@type":"SearchAction","target":{"@type":"EntryPoint","urlTemplate":"https:\/\/www.estrategiaconcursos.com.br\/blog\/?s={search_term_string}"},"query-input":{"@type":"PropertyValueSpecification","valueRequired":true,"valueName":"search_term_string"}}],"inLanguage":"pt-BR"},{"@type":"Organization","@id":"https:\/\/www.estrategiaconcursos.com.br\/blog\/#organization","name":"Estrat\u00e9gia Concursos","url":"https:\/\/www.estrategiaconcursos.com.br\/blog\/","logo":{"@type":"ImageObject","inLanguage":"pt-BR","@id":"https:\/\/www.estrategiaconcursos.com.br\/blog\/#\/schema\/logo\/image\/","url":"https:\/\/dhg1h5j42swfq.cloudfront.net\/2025\/06\/03203428\/logo_concursos-1.jpg","contentUrl":"https:\/\/dhg1h5j42swfq.cloudfront.net\/2025\/06\/03203428\/logo_concursos-1.jpg","width":230,"height":60,"caption":"Estrat\u00e9gia Concursos"},"image":{"@id":"https:\/\/www.estrategiaconcursos.com.br\/blog\/#\/schema\/logo\/image\/"},"sameAs":["https:\/\/x.com\/EstratConcursos"]},{"@type":"Person","@id":"https:\/\/www.estrategiaconcursos.com.br\/blog\/#\/schema\/person\/58417749ed06746cdf1e9b4b1b7b41ec","name":"Helo\u00edsa Tondinelli","image":{"@type":"ImageObject","inLanguage":"pt-BR","@id":"https:\/\/secure.gravatar.com\/avatar\/1f2ae64ae5927cc0ec3c32c24974a05c7b99b52f5c520ccf5278b3e98ee3ca16?s=96&d=mm&r=g","url":"https:\/\/secure.gravatar.com\/avatar\/1f2ae64ae5927cc0ec3c32c24974a05c7b99b52f5c520ccf5278b3e98ee3ca16?s=96&d=mm&r=g","contentUrl":"https:\/\/secure.gravatar.com\/avatar\/1f2ae64ae5927cc0ec3c32c24974a05c7b99b52f5c520ccf5278b3e98ee3ca16?s=96&d=mm&r=g","caption":"Helo\u00edsa Tondinelli"},"url":"https:\/\/www.estrategiaconcursos.com.br\/blog\/author\/helotondinellihotmail-com\/"}]}},"_links":{"self":[{"href":"https:\/\/www.estrategiaconcursos.com.br\/blog\/wp-json\/wp\/v2\/posts\/871737","targetHints":{"allow":["GET"]}}],"collection":[{"href":"https:\/\/www.estrategiaconcursos.com.br\/blog\/wp-json\/wp\/v2\/posts"}],"about":[{"href":"https:\/\/www.estrategiaconcursos.com.br\/blog\/wp-json\/wp\/v2\/types\/post"}],"author":[{"embeddable":true,"href":"https:\/\/www.estrategiaconcursos.com.br\/blog\/wp-json\/wp\/v2\/users\/1621"}],"replies":[{"embeddable":true,"href":"https:\/\/www.estrategiaconcursos.com.br\/blog\/wp-json\/wp\/v2\/comments?post=871737"}],"version-history":[{"count":9,"href":"https:\/\/www.estrategiaconcursos.com.br\/blog\/wp-json\/wp\/v2\/posts\/871737\/revisions"}],"predecessor-version":[{"id":876630,"href":"https:\/\/www.estrategiaconcursos.com.br\/blog\/wp-json\/wp\/v2\/posts\/871737\/revisions\/876630"}],"wp:featuredmedia":[{"embeddable":true,"href":"https:\/\/www.estrategiaconcursos.com.br\/blog\/wp-json\/wp\/v2\/media\/871739"}],"wp:attachment":[{"href":"https:\/\/www.estrategiaconcursos.com.br\/blog\/wp-json\/wp\/v2\/media?parent=871737"}],"wp:term":[{"taxonomy":"category","embeddable":true,"href":"https:\/\/www.estrategiaconcursos.com.br\/blog\/wp-json\/wp\/v2\/categories?post=871737"},{"taxonomy":"post_tag","embeddable":true,"href":"https:\/\/www.estrategiaconcursos.com.br\/blog\/wp-json\/wp\/v2\/tags?post=871737"},{"taxonomy":"tax_estado","embeddable":true,"href":"https:\/\/www.estrategiaconcursos.com.br\/blog\/wp-json\/wp\/v2\/tax_estado?post=871737"}],"curies":[{"name":"wp","href":"https:\/\/api.w.org\/{rel}","templated":true}]}}