{"id":87081,"date":"2017-08-28T15:20:51","date_gmt":"2017-08-28T18:20:51","guid":{"rendered":"https:\/\/www.estrategiaconcursos.com.br\/blog\/?p=87081"},"modified":"2017-08-29T10:34:31","modified_gmt":"2017-08-29T13:34:31","slug":"gabarito-extraoficial-trt-sc-oficial-de-justica-avaliador","status":"publish","type":"post","link":"https:\/\/www.estrategiaconcursos.com.br\/blog\/gabarito-extraoficial-trt-sc-oficial-de-justica-avaliador\/","title":{"rendered":"Gabarito extraoficial &#8211; TRT SC &#8211; Oficial de Justi\u00e7a Avaliador"},"content":{"rendered":"<p style=\"text-align: justify\">Ol\u00e1, pessoal, tudo bem?!<\/p>\n<p style=\"text-align: justify\">Meu nome \u00e9 <strong>Fabr\u00edcio R\u00eag<\/strong>o, sou OJAF do TJDFT, professor do Estrat\u00e9gia que ministrou o conte\u00fado de Conhecimentos Aplicados ao Oficial de Justi\u00e7a Avaliador federal.<\/p>\n<p style=\"text-align: justify\">Iremos, neste artigo, comentar a prova de Oficial de Justi\u00e7a Avaliador Federal do Tribunal Regional do Trabalho de Santa Catarina, especificamente no que diz respeito ao conte\u00fado de Conhecimentos Aplicados ao OJAF. Os coment\u00e1rios ser\u00e3o com base na prova enviada por aluno, <strong>O QUAL INCLUSIVE GABARITOU A MAT\u00c9RIA!<\/strong><\/p>\n<p>Registre-se que aqui temos um gabarito extraoficial, n\u00e3o ainda confirmado pela banca.<\/p>\n<p>&nbsp;<\/p>\n<p><strong>PROVA OBJETIVA<\/strong><\/p>\n<p>&nbsp;<\/p>\n<p style=\"text-align: justify\">Como a numera\u00e7\u00e3o pode mudar de uma para outra, colocaremos o in\u00edcio do enunciado e das assertivas.<\/p>\n<p style=\"text-align: justify\"><strong>(FGV \u2013 TRT-SC \u2013 OJAF) \u2013 De acordo com o C\u00f3digo (&#8230;)<\/strong><\/p>\n<ol style=\"text-align: justify\">\n<li>O exequente arguir&#8230;<\/li>\n<li>O executado arguir&#8230;<\/li>\n<li>Se verificar&#8230;<\/li>\n<li>O juiz tiver fundada d\u00favida&#8230;<\/li>\n<li>Houver alega\u00e7\u00e3o<\/li>\n<\/ol>\n<p style=\"text-align: justify\"><strong>COMENT\u00c1RIOS<\/strong><\/p>\n<p style=\"text-align: justify\">De in\u00edcio, veja que a quest\u00e3o pede a hip\u00f3tese em que N\u00c3O dever\u00e1 haver nova avalia\u00e7\u00e3o, o que pode ser respondido por exclus\u00e3o com base no art. 873.<\/p>\n<p style=\"text-align: justify\">A letra E deveria ter sido marcada, com base no inciso I do art. 873, o qual disp\u00f5es que qualquer das partes pode arguir, desde que fundamentadamente. Na assertiva E vimos que o examinador se referiu a \u201calega\u00e7\u00e3o simples\u201d, motivo do erro. Observe que a letra E est\u00e1 em desacordo com as assertivas A e B.<\/p>\n<p style=\"text-align: justify\">Art. 873.\u00a0 \u00c9 admitida nova avalia\u00e7\u00e3o quando:<\/p>\n<p style=\"text-align: justify\">I &#8211; qualquer das partes arguir, fundamentadamente, a ocorr\u00eancia de erro na avalia\u00e7\u00e3o ou dolo do avaliador;<\/p>\n<p style=\"text-align: justify\">II &#8211; se verificar, posteriormente \u00e0 avalia\u00e7\u00e3o, que houve majora\u00e7\u00e3o ou diminui\u00e7\u00e3o no valor do bem;<\/p>\n<p style=\"text-align: justify\">III &#8211; o juiz tiver fundada d\u00favida sobre o valor atribu\u00eddo ao bem na primeira avalia\u00e7\u00e3o.<\/p>\n<p style=\"text-align: justify\">Par\u00e1grafo \u00fanico.\u00a0 Aplica-se o art. 480 \u00e0 nova avalia\u00e7\u00e3o prevista no inciso III do caput deste artigo.<\/p>\n<p style=\"text-align: justify\"><strong>(FGV \u2013 TRT-SC \u2013 OJAF) \u2013 Edson \u00e9 oficial de justi\u00e7a&#8230;<\/strong><\/p>\n<ol style=\"text-align: justify\">\n<li>O oficial de justi\u00e7a dever\u00e1 imediatamente&#8230;<\/li>\n<li>Edson dever\u00e1 comunicar o fato ao juiz&#8230;<\/li>\n<li>O oficial de justi\u00e7a dever\u00e1 dirigir-se&#8230;<\/li>\n<li>Uma vez que o oficial de justi\u00e7a&#8230;<\/li>\n<li>Edson dever\u00e1 tentar localizar&#8230;<\/li>\n<\/ol>\n<p style=\"text-align: justify\"><strong>COMENT\u00c1RIOS<\/strong><\/p>\n<p style=\"text-align: justify\">A alternativa B \u00e9 a correta, haja vista que o enunciado nada disse sobre haver o mandado ordem de arrombamento.<\/p>\n<p style=\"text-align: justify\">Em situa\u00e7\u00f5es como essas, deve o oficial seguir o disposto no art. 846, caput, do CPC. Confira:<\/p>\n<p style=\"text-align: justify\">Art. 846. \u00a0Se o executado fechar as portas da casa a fim de obstar a penhora dos bens, o oficial de justi\u00e7a comunicar\u00e1 o fato ao juiz, solicitando-lhe ordem de arrombamento.<\/p>\n<p style=\"text-align: justify\"><strong>(FGV \u2013 TRT-SC \u2013 OJAF) \u2013 Iolanda \u00e9 oficial de justi\u00e7a no TRT&#8230;<\/strong><\/p>\n<ol style=\"text-align: justify\">\n<li>A oficial de justi\u00e7a est\u00e1 equivocada&#8230;<\/li>\n<li>A atitude de Iolanda est\u00e1 correta<\/li>\n<li>Caso se admita que a oficial&#8230;<\/li>\n<li>O que verdadeiramente importa&#8230;<\/li>\n<li>N\u00e3o h\u00e1 ilegalidade&#8230;<\/li>\n<\/ol>\n<p style=\"text-align: justify\"><strong>COMENT\u00c1RIOS<\/strong><\/p>\n<p style=\"text-align: justify\">Sem d\u00favida que a atitude da Oficial em dividir os trabalhos com outros colegas, sobretudo t\u00e9cnicos, n\u00e3o est\u00e1 correta.<\/p>\n<p style=\"text-align: justify\">O princ\u00edpio da legalidade est\u00e1 nitidamente ferido na atitude, haja vista as atribui\u00e7\u00f5es serem vinculadas por lei apenas ao cargo de OJAF.<\/p>\n<p style=\"text-align: justify\">Ademais, veja que existe apenas uma possibilidade de uma pessoa que n\u00e3o o pr\u00f3prio OJAF realizar a cita\u00e7\u00e3o de algu\u00e9m, diretamente, que \u00e9 o inciso III do art. 246 do CPC:<\/p>\n<p style=\"text-align: justify\">Art. 246.\u00a0 A cita\u00e7\u00e3o ser\u00e1 feita:<\/p>\n<p style=\"text-align: justify\">I &#8211; pelo correio;<\/p>\n<p style=\"text-align: justify\">II &#8211; por oficial de justi\u00e7a;<\/p>\n<p style=\"text-align: justify\">III &#8211; pelo escriv\u00e3o ou chefe de secretaria, se o citando comparecer em cart\u00f3rio;<\/p>\n<p style=\"text-align: justify\">IV &#8211; por edital;<\/p>\n<p style=\"text-align: justify\">V &#8211; por meio eletr\u00f4nico, conforme regulado em lei.<\/p>\n<p style=\"text-align: justify\">[&#8230;]<\/p>\n<p style=\"text-align: justify\"><strong>(FGV \u2013 TRT-SC \u2013 OJAF) Em determinado processo trabalhista&#8230;<\/strong><\/p>\n<ol style=\"text-align: justify\">\n<li>Far-se-\u00e1 cita\u00e7\u00e3o por edital, publicado no jornal oficial ou&#8230;<\/li>\n<li>O juiz dever\u00e1 acionar&#8230;<\/li>\n<li>Far-se-\u00e1 cita\u00e7\u00e3o por edital, publicado em jornal de grande&#8230;<\/li>\n<li>Far-se-\u00e1 de imediato a cita\u00e7\u00e3o&#8230;<\/li>\n<li>Dever\u00e1 ser intimado&#8230;<\/li>\n<\/ol>\n<p style=\"text-align: justify\"><strong>COMENT\u00c1RIOS<\/strong><\/p>\n<p style=\"text-align: justify\">A resposta da quest\u00e3o \u00e9 a letra A, com base no art. 841 da CLT, confira:<\/p>\n<p style=\"text-align: justify\">Art. 841 &#8211; Recebida e protocolada a reclama\u00e7\u00e3o, o escriv\u00e3o ou secret\u00e1rio, dentro de 48 (quarenta e oito) horas, remeter\u00e1 a segunda via da peti\u00e7\u00e3o, ou do termo, ao reclamado, notificando-o ao mesmo tempo, para comparecer \u00e0 audi\u00eancia do julgamento, que ser\u00e1 a primeira desimpedida, depois de 5 (cinco) dias.<\/p>\n<ul style=\"text-align: justify\">\n<li><strong> 1\u00ba &#8211; A notifica\u00e7\u00e3o ser\u00e1 feita em registro postal com franquia. Se o reclamado criar embara\u00e7os ao seu recebimento ou n\u00e3o for encontrado, far-se-\u00e1 a notifica\u00e7\u00e3o por edital, inserto no jornal oficial ou no que publicar o expediente forense, ou, na falta, afixado na sede da Junta ou Ju\u00edzo.<\/strong><\/li>\n<li>2\u00ba &#8211; O reclamante ser\u00e1 notificado no ato da apresenta\u00e7\u00e3o da reclama\u00e7\u00e3o ou na forma do par\u00e1grafo anterior.<\/li>\n<\/ul>\n<p style=\"text-align: justify\">Veja que o enunciado trouxe de forma espec\u00edfica \u201cconsiderando o disposto na CLT\u201d, o que fez um recorte em rela\u00e7\u00e3o ao CPC.<\/p>\n<p style=\"text-align: justify\">Nas nossas aulas vimos de forma expressa essa diferen\u00e7a, de modo que voc\u00ea n\u00e3o deve ter encontrado dificuldades.<\/p>\n<p style=\"text-align: justify\"><strong>(FGV \u2013 TRT-SC \u2013 OJAF) \u2013 \u00c1lvaro \u00e9 oficial&#8230;.<\/strong><\/p>\n<ol style=\"text-align: justify\">\n<li>Ferramenta \u00fatil&#8230;<\/li>\n<li>Seguro de vida&#8230;<\/li>\n<li>Vestu\u00e1rio de elevado valor;<\/li>\n<li>Material necess\u00e1rio&#8230;<\/li>\n<li>Utilidade dom\u00e9stica&#8230;<\/li>\n<\/ol>\n<p style=\"text-align: justify\"><strong>COMENT\u00c1RIOS<\/strong><\/p>\n<p style=\"text-align: justify\">O conte\u00fado \u00e9 sobre a impenhorabilidade de bens, algo bem tranquilo. A resposta correta \u00e9 a letra C, j\u00e1 que e um vestu\u00e1rio de elevado valor, conforme o inciso III do Art 833 do<br \/>\nCPC.<\/p>\n<p style=\"text-align: justify\">Confira, no c\u00f3digo, a resposta que fundamenta cada uma das assertivas:<\/p>\n<p style=\"text-align: justify\">A \u2013 Art. 833, V<\/p>\n<p style=\"text-align: justify\">B \u2013 Art. 833, VI<\/p>\n<p style=\"text-align: justify\">C \u2013 Art. 833, III<\/p>\n<p style=\"text-align: justify\">D \u2013 Art. 833, VII<\/p>\n<p style=\"text-align: justify\">E \u2013 Art. 833, II<\/p>\n<p style=\"text-align: justify\">Art. 833. \u00a0S\u00e3o impenhor\u00e1veis:<\/p>\n<p style=\"text-align: justify\">I &#8211; os bens inalien\u00e1veis e os declarados, por ato volunt\u00e1rio, n\u00e3o sujeitos \u00e0 execu\u00e7\u00e3o;<\/p>\n<p style=\"text-align: justify\">II &#8211; os m\u00f3veis, os pertences e as <strong>utilidades dom\u00e9sticas<\/strong> que guarnecem a resid\u00eancia do executado, salvo os de elevado valor ou os que ultrapassem as necessidades comuns correspondentes a um m\u00e9dio padr\u00e3o de vida;<\/p>\n<p style=\"text-align: justify\"><strong>III &#8211; os vestu\u00e1rios, bem como os pertences de uso pessoal do executado, salvo se de elevado valor;<\/strong><\/p>\n<p style=\"text-align: justify\">IV &#8211; os vencimentos, os subs\u00eddios, os soldos, os sal\u00e1rios, as remunera\u00e7\u00f5es, os proventos de aposentadoria, as pens\u00f5es, os pec\u00falios e os montepios, bem como as quantias recebidas por liberalidade de terceiro e destinadas ao sustento do devedor e de sua fam\u00edlia, os ganhos de trabalhador aut\u00f4nomo e os honor\u00e1rios de profissional liberal, ressalvado o \u00a7 2<u><sup>o<\/sup><\/u>;<\/p>\n<p style=\"text-align: justify\">V &#8211; os livros, as m\u00e1quinas, as <strong>ferramentas<\/strong>, os utens\u00edlios, os instrumentos ou outros bens m\u00f3veis necess\u00e1rios ou <strong>\u00fateis ao exerc\u00edcio da profiss\u00e3o do executado<\/strong>;<\/p>\n<p style=\"text-align: justify\">VI &#8211; <strong>o seguro de vida<\/strong>;<\/p>\n<p style=\"text-align: justify\">VII &#8211; <strong>os materiais necess\u00e1rios para obras em andamento, salvo se essas forem penhoradas;<\/strong><\/p>\n<p style=\"text-align: justify\">VIII &#8211; a pequena propriedade rural, assim definida em lei, desde que trabalhada pela fam\u00edlia;<\/p>\n<p style=\"text-align: justify\">IX &#8211; os recursos p\u00fablicos recebidos por institui\u00e7\u00f5es privadas para aplica\u00e7\u00e3o compuls\u00f3ria em educa\u00e7\u00e3o, sa\u00fade ou assist\u00eancia social;<\/p>\n<p style=\"text-align: justify\">X &#8211; a quantia depositada em caderneta de poupan\u00e7a, at\u00e9 o limite de 40 (quarenta) sal\u00e1rios-m\u00ednimos;<\/p>\n<p style=\"text-align: justify\">XI &#8211; os recursos p\u00fablicos do fundo partid\u00e1rio recebidos por partido pol\u00edtico, nos termos da lei;<\/p>\n<p style=\"text-align: justify\">XII &#8211; os cr\u00e9ditos oriundos de aliena\u00e7\u00e3o de unidades imobili\u00e1rias, sob regime de incorpora\u00e7\u00e3o imobili\u00e1ria, vinculados \u00e0 execu\u00e7\u00e3o da obra.<\/p>\n<p>&nbsp;<\/p>\n<p><strong>PROVA DISSERTATIVA<\/strong><\/p>\n<p>&nbsp;<\/p>\n<p>Justino \u00e9 oficial&#8230;<\/p>\n<ol style=\"list-style-type: lower-roman\">\n<li>Caso o titular da empresa&#8230;<\/li>\n<li>Informe se Justino agiu&#8230;<\/li>\n<li>Hipoteticamente analisado&#8230;<\/li>\n<li>Diante da informa\u00e7\u00e3o&#8230;<\/li>\n<\/ol>\n<p>&nbsp;<\/p>\n<p>&nbsp;<\/p>\n<p><strong>COMENT\u00c1RIOS<\/strong><\/p>\n<p>&nbsp;<\/p>\n<ol style=\"list-style-type: lower-roman\">\n<li>Justino, oficial, possui f\u00e9 p\u00fablica, logo deve prevalecer a sua vers\u00e3o, salvo prova em contr\u00e1rio.<\/li>\n<li>Justino agiu corretamente, haja vista que n\u00e3o encontrou bens penhor\u00e1veis.<\/li>\n<li>Em tese, Justino foi v\u00edtima de desacato por parte do titular da empresa.<\/li>\n<li>No caso, em tese, caberia uma penhora de cr\u00e9ditos, com fulcro nos arts. 855 do CPC e seguintes<\/li>\n<\/ol>\n","protected":false},"excerpt":{"rendered":"<p>Ol\u00e1, pessoal, tudo bem?! Meu nome \u00e9 Fabr\u00edcio R\u00eago, sou OJAF do TJDFT, professor do Estrat\u00e9gia que ministrou o conte\u00fado de Conhecimentos Aplicados ao Oficial de Justi\u00e7a Avaliador federal. Iremos, neste artigo, comentar a prova de Oficial de Justi\u00e7a Avaliador Federal do Tribunal Regional do Trabalho de Santa Catarina, especificamente no que diz respeito ao [&hellip;]<\/p>\n","protected":false},"author":48,"featured_media":0,"comment_status":"open","ping_status":"open","sticky":false,"template":"","format":"standard","meta":{"post_tipo":"article","footnotes":""},"categories":[1],"tags":[],"tax_estado":[],"class_list":["post-87081","post","type-post","status-publish","format-standard","hentry","category-cursos-e-concursos"],"acf":[],"yoast_head":"<!-- This site is optimized with the Yoast SEO Premium plugin v27.2 (Yoast SEO v27.2) - https:\/\/yoast.com\/product\/yoast-seo-premium-wordpress\/ -->\n<title>Gabarito extraoficial - TRT SC - Oficial de Justi\u00e7a Avaliador<\/title>\n<meta name=\"robots\" content=\"index, follow, max-snippet:-1, max-image-preview:large, max-video-preview:-1\" \/>\n<link rel=\"canonical\" href=\"https:\/\/www.estrategiaconcursos.com.br\/blog\/gabarito-extraoficial-trt-sc-oficial-de-justica-avaliador\/\" \/>\n<meta property=\"og:locale\" content=\"pt_BR\" \/>\n<meta property=\"og:type\" content=\"article\" \/>\n<meta property=\"og:title\" content=\"Gabarito extraoficial - TRT SC - Oficial de Justi\u00e7a Avaliador\" \/>\n<meta property=\"og:description\" content=\"Ol\u00e1, pessoal, tudo bem?! Meu nome \u00e9 Fabr\u00edcio R\u00eago, sou OJAF do TJDFT, professor do Estrat\u00e9gia que ministrou o conte\u00fado de Conhecimentos Aplicados ao Oficial de Justi\u00e7a Avaliador federal. Iremos, neste artigo, comentar a prova de Oficial de Justi\u00e7a Avaliador Federal do Tribunal Regional do Trabalho de Santa Catarina, especificamente no que diz respeito ao [&hellip;]\" \/>\n<meta property=\"og:url\" content=\"https:\/\/www.estrategiaconcursos.com.br\/blog\/gabarito-extraoficial-trt-sc-oficial-de-justica-avaliador\/\" \/>\n<meta property=\"og:site_name\" content=\"Estrat\u00e9gia Concursos\" \/>\n<meta property=\"article:published_time\" content=\"2017-08-28T18:20:51+00:00\" \/>\n<meta property=\"article:modified_time\" content=\"2017-08-29T13:34:31+00:00\" \/>\n<meta name=\"author\" content=\"Coordena\u00e7\u00e3o\" \/>\n<meta name=\"twitter:card\" content=\"summary_large_image\" \/>\n<meta name=\"twitter:creator\" content=\"@EstratConcursos\" \/>\n<meta name=\"twitter:site\" content=\"@EstratConcursos\" \/>\n<meta name=\"twitter:label1\" content=\"Escrito por\" \/>\n\t<meta name=\"twitter:data1\" content=\"Coordena\u00e7\u00e3o\" \/>\n\t<meta name=\"twitter:label2\" content=\"Est. tempo de leitura\" \/>\n\t<meta name=\"twitter:data2\" content=\"6 minutos\" \/>\n<script type=\"application\/ld+json\" class=\"yoast-schema-graph\">{\"@context\":\"https:\/\/schema.org\",\"@graph\":[{\"@type\":\"NewsArticle\",\"@id\":\"https:\/\/www.estrategiaconcursos.com.br\/blog\/gabarito-extraoficial-trt-sc-oficial-de-justica-avaliador\/#article\",\"isPartOf\":{\"@id\":\"https:\/\/www.estrategiaconcursos.com.br\/blog\/gabarito-extraoficial-trt-sc-oficial-de-justica-avaliador\/\"},\"author\":{\"name\":\"Coordena\u00e7\u00e3o\",\"@id\":\"https:\/\/www.estrategiaconcursos.com.br\/blog\/#\/schema\/person\/cdad40b5818eb228a838461fcd656da7\"},\"headline\":\"Gabarito extraoficial &#8211; TRT SC &#8211; Oficial de Justi\u00e7a Avaliador\",\"datePublished\":\"2017-08-28T18:20:51+00:00\",\"dateModified\":\"2017-08-29T13:34:31+00:00\",\"mainEntityOfPage\":{\"@id\":\"https:\/\/www.estrategiaconcursos.com.br\/blog\/gabarito-extraoficial-trt-sc-oficial-de-justica-avaliador\/\"},\"wordCount\":1303,\"commentCount\":0,\"publisher\":{\"@id\":\"https:\/\/www.estrategiaconcursos.com.br\/blog\/#organization\"},\"articleSection\":[\"Concursos P\u00fablicos\"],\"inLanguage\":\"pt-BR\",\"potentialAction\":[{\"@type\":\"CommentAction\",\"name\":\"Comment\",\"target\":[\"https:\/\/www.estrategiaconcursos.com.br\/blog\/gabarito-extraoficial-trt-sc-oficial-de-justica-avaliador\/#respond\"]}],\"copyrightYear\":\"2017\",\"copyrightHolder\":{\"@id\":\"https:\/\/www.estrategiaconcursos.com.br\/blog\/#organization\"}},{\"@type\":\"WebPage\",\"@id\":\"https:\/\/www.estrategiaconcursos.com.br\/blog\/gabarito-extraoficial-trt-sc-oficial-de-justica-avaliador\/\",\"url\":\"https:\/\/www.estrategiaconcursos.com.br\/blog\/gabarito-extraoficial-trt-sc-oficial-de-justica-avaliador\/\",\"name\":\"Gabarito extraoficial - TRT SC - Oficial de Justi\u00e7a Avaliador\",\"isPartOf\":{\"@id\":\"https:\/\/www.estrategiaconcursos.com.br\/blog\/#website\"},\"datePublished\":\"2017-08-28T18:20:51+00:00\",\"dateModified\":\"2017-08-29T13:34:31+00:00\",\"breadcrumb\":{\"@id\":\"https:\/\/www.estrategiaconcursos.com.br\/blog\/gabarito-extraoficial-trt-sc-oficial-de-justica-avaliador\/#breadcrumb\"},\"inLanguage\":\"pt-BR\",\"potentialAction\":[{\"@type\":\"ReadAction\",\"target\":[\"https:\/\/www.estrategiaconcursos.com.br\/blog\/gabarito-extraoficial-trt-sc-oficial-de-justica-avaliador\/\"]}]},{\"@type\":\"BreadcrumbList\",\"@id\":\"https:\/\/www.estrategiaconcursos.com.br\/blog\/gabarito-extraoficial-trt-sc-oficial-de-justica-avaliador\/#breadcrumb\",\"itemListElement\":[{\"@type\":\"ListItem\",\"position\":1,\"name\":\"In\u00edcio\",\"item\":\"https:\/\/www.estrategiaconcursos.com.br\/blog\/\"},{\"@type\":\"ListItem\",\"position\":2,\"name\":\"Gabarito extraoficial &#8211; TRT SC &#8211; Oficial de Justi\u00e7a Avaliador\"}]},{\"@type\":\"WebSite\",\"@id\":\"https:\/\/www.estrategiaconcursos.com.br\/blog\/#website\",\"url\":\"https:\/\/www.estrategiaconcursos.com.br\/blog\/\",\"name\":\"Estrat\u00e9gia Concursos\",\"description\":\"O blog da Estrat\u00e9gia Concursos traz not\u00edcias sobre concursos e artigos de professores oferecendo cursos para concursos (pdf + videaulas) no site.\",\"publisher\":{\"@id\":\"https:\/\/www.estrategiaconcursos.com.br\/blog\/#organization\"},\"potentialAction\":[{\"@type\":\"SearchAction\",\"target\":{\"@type\":\"EntryPoint\",\"urlTemplate\":\"https:\/\/www.estrategiaconcursos.com.br\/blog\/?s={search_term_string}\"},\"query-input\":{\"@type\":\"PropertyValueSpecification\",\"valueRequired\":true,\"valueName\":\"search_term_string\"}}],\"inLanguage\":\"pt-BR\"},{\"@type\":\"Organization\",\"@id\":\"https:\/\/www.estrategiaconcursos.com.br\/blog\/#organization\",\"name\":\"Estrat\u00e9gia Concursos\",\"url\":\"https:\/\/www.estrategiaconcursos.com.br\/blog\/\",\"logo\":{\"@type\":\"ImageObject\",\"inLanguage\":\"pt-BR\",\"@id\":\"https:\/\/www.estrategiaconcursos.com.br\/blog\/#\/schema\/logo\/image\/\",\"url\":\"https:\/\/dhg1h5j42swfq.cloudfront.net\/2025\/06\/03203428\/logo_concursos-1.jpg\",\"contentUrl\":\"https:\/\/dhg1h5j42swfq.cloudfront.net\/2025\/06\/03203428\/logo_concursos-1.jpg\",\"width\":230,\"height\":60,\"caption\":\"Estrat\u00e9gia Concursos\"},\"image\":{\"@id\":\"https:\/\/www.estrategiaconcursos.com.br\/blog\/#\/schema\/logo\/image\/\"},\"sameAs\":[\"https:\/\/x.com\/EstratConcursos\"]},{\"@type\":\"Person\",\"@id\":\"https:\/\/www.estrategiaconcursos.com.br\/blog\/#\/schema\/person\/cdad40b5818eb228a838461fcd656da7\",\"name\":\"Coordena\u00e7\u00e3o\",\"image\":{\"@type\":\"ImageObject\",\"inLanguage\":\"pt-BR\",\"@id\":\"https:\/\/secure.gravatar.com\/avatar\/a413b22da0f5009c634f6c4586a2dbe5207074fd5becd88db5183b8069ef25e4?s=96&d=mm&r=g\",\"url\":\"https:\/\/secure.gravatar.com\/avatar\/a413b22da0f5009c634f6c4586a2dbe5207074fd5becd88db5183b8069ef25e4?s=96&d=mm&r=g\",\"contentUrl\":\"https:\/\/secure.gravatar.com\/avatar\/a413b22da0f5009c634f6c4586a2dbe5207074fd5becd88db5183b8069ef25e4?s=96&d=mm&r=g\",\"caption\":\"Coordena\u00e7\u00e3o\"},\"url\":\"https:\/\/www.estrategiaconcursos.com.br\/blog\/author\/contatoestrategiaconcursos-com-br\/\"}]}<\/script>\n<!-- \/ Yoast SEO Premium plugin. -->","yoast_head_json":{"title":"Gabarito extraoficial - TRT SC - Oficial de Justi\u00e7a Avaliador","robots":{"index":"index","follow":"follow","max-snippet":"max-snippet:-1","max-image-preview":"max-image-preview:large","max-video-preview":"max-video-preview:-1"},"canonical":"https:\/\/www.estrategiaconcursos.com.br\/blog\/gabarito-extraoficial-trt-sc-oficial-de-justica-avaliador\/","og_locale":"pt_BR","og_type":"article","og_title":"Gabarito extraoficial - TRT SC - Oficial de Justi\u00e7a Avaliador","og_description":"Ol\u00e1, pessoal, tudo bem?! Meu nome \u00e9 Fabr\u00edcio R\u00eago, sou OJAF do TJDFT, professor do Estrat\u00e9gia que ministrou o conte\u00fado de Conhecimentos Aplicados ao Oficial de Justi\u00e7a Avaliador federal. Iremos, neste artigo, comentar a prova de Oficial de Justi\u00e7a Avaliador Federal do Tribunal Regional do Trabalho de Santa Catarina, especificamente no que diz respeito ao [&hellip;]","og_url":"https:\/\/www.estrategiaconcursos.com.br\/blog\/gabarito-extraoficial-trt-sc-oficial-de-justica-avaliador\/","og_site_name":"Estrat\u00e9gia Concursos","article_published_time":"2017-08-28T18:20:51+00:00","article_modified_time":"2017-08-29T13:34:31+00:00","author":"Coordena\u00e7\u00e3o","twitter_card":"summary_large_image","twitter_creator":"@EstratConcursos","twitter_site":"@EstratConcursos","twitter_misc":{"Escrito por":"Coordena\u00e7\u00e3o","Est. tempo de leitura":"6 minutos"},"schema":{"@context":"https:\/\/schema.org","@graph":[{"@type":"NewsArticle","@id":"https:\/\/www.estrategiaconcursos.com.br\/blog\/gabarito-extraoficial-trt-sc-oficial-de-justica-avaliador\/#article","isPartOf":{"@id":"https:\/\/www.estrategiaconcursos.com.br\/blog\/gabarito-extraoficial-trt-sc-oficial-de-justica-avaliador\/"},"author":{"name":"Coordena\u00e7\u00e3o","@id":"https:\/\/www.estrategiaconcursos.com.br\/blog\/#\/schema\/person\/cdad40b5818eb228a838461fcd656da7"},"headline":"Gabarito extraoficial &#8211; TRT SC &#8211; Oficial de Justi\u00e7a Avaliador","datePublished":"2017-08-28T18:20:51+00:00","dateModified":"2017-08-29T13:34:31+00:00","mainEntityOfPage":{"@id":"https:\/\/www.estrategiaconcursos.com.br\/blog\/gabarito-extraoficial-trt-sc-oficial-de-justica-avaliador\/"},"wordCount":1303,"commentCount":0,"publisher":{"@id":"https:\/\/www.estrategiaconcursos.com.br\/blog\/#organization"},"articleSection":["Concursos P\u00fablicos"],"inLanguage":"pt-BR","potentialAction":[{"@type":"CommentAction","name":"Comment","target":["https:\/\/www.estrategiaconcursos.com.br\/blog\/gabarito-extraoficial-trt-sc-oficial-de-justica-avaliador\/#respond"]}],"copyrightYear":"2017","copyrightHolder":{"@id":"https:\/\/www.estrategiaconcursos.com.br\/blog\/#organization"}},{"@type":"WebPage","@id":"https:\/\/www.estrategiaconcursos.com.br\/blog\/gabarito-extraoficial-trt-sc-oficial-de-justica-avaliador\/","url":"https:\/\/www.estrategiaconcursos.com.br\/blog\/gabarito-extraoficial-trt-sc-oficial-de-justica-avaliador\/","name":"Gabarito extraoficial - TRT SC - Oficial de Justi\u00e7a Avaliador","isPartOf":{"@id":"https:\/\/www.estrategiaconcursos.com.br\/blog\/#website"},"datePublished":"2017-08-28T18:20:51+00:00","dateModified":"2017-08-29T13:34:31+00:00","breadcrumb":{"@id":"https:\/\/www.estrategiaconcursos.com.br\/blog\/gabarito-extraoficial-trt-sc-oficial-de-justica-avaliador\/#breadcrumb"},"inLanguage":"pt-BR","potentialAction":[{"@type":"ReadAction","target":["https:\/\/www.estrategiaconcursos.com.br\/blog\/gabarito-extraoficial-trt-sc-oficial-de-justica-avaliador\/"]}]},{"@type":"BreadcrumbList","@id":"https:\/\/www.estrategiaconcursos.com.br\/blog\/gabarito-extraoficial-trt-sc-oficial-de-justica-avaliador\/#breadcrumb","itemListElement":[{"@type":"ListItem","position":1,"name":"In\u00edcio","item":"https:\/\/www.estrategiaconcursos.com.br\/blog\/"},{"@type":"ListItem","position":2,"name":"Gabarito extraoficial &#8211; TRT SC &#8211; Oficial de Justi\u00e7a Avaliador"}]},{"@type":"WebSite","@id":"https:\/\/www.estrategiaconcursos.com.br\/blog\/#website","url":"https:\/\/www.estrategiaconcursos.com.br\/blog\/","name":"Estrat\u00e9gia Concursos","description":"O blog da Estrat\u00e9gia Concursos traz not\u00edcias sobre concursos e artigos de professores oferecendo cursos para concursos (pdf + videaulas) no site.","publisher":{"@id":"https:\/\/www.estrategiaconcursos.com.br\/blog\/#organization"},"potentialAction":[{"@type":"SearchAction","target":{"@type":"EntryPoint","urlTemplate":"https:\/\/www.estrategiaconcursos.com.br\/blog\/?s={search_term_string}"},"query-input":{"@type":"PropertyValueSpecification","valueRequired":true,"valueName":"search_term_string"}}],"inLanguage":"pt-BR"},{"@type":"Organization","@id":"https:\/\/www.estrategiaconcursos.com.br\/blog\/#organization","name":"Estrat\u00e9gia Concursos","url":"https:\/\/www.estrategiaconcursos.com.br\/blog\/","logo":{"@type":"ImageObject","inLanguage":"pt-BR","@id":"https:\/\/www.estrategiaconcursos.com.br\/blog\/#\/schema\/logo\/image\/","url":"https:\/\/dhg1h5j42swfq.cloudfront.net\/2025\/06\/03203428\/logo_concursos-1.jpg","contentUrl":"https:\/\/dhg1h5j42swfq.cloudfront.net\/2025\/06\/03203428\/logo_concursos-1.jpg","width":230,"height":60,"caption":"Estrat\u00e9gia Concursos"},"image":{"@id":"https:\/\/www.estrategiaconcursos.com.br\/blog\/#\/schema\/logo\/image\/"},"sameAs":["https:\/\/x.com\/EstratConcursos"]},{"@type":"Person","@id":"https:\/\/www.estrategiaconcursos.com.br\/blog\/#\/schema\/person\/cdad40b5818eb228a838461fcd656da7","name":"Coordena\u00e7\u00e3o","image":{"@type":"ImageObject","inLanguage":"pt-BR","@id":"https:\/\/secure.gravatar.com\/avatar\/a413b22da0f5009c634f6c4586a2dbe5207074fd5becd88db5183b8069ef25e4?s=96&d=mm&r=g","url":"https:\/\/secure.gravatar.com\/avatar\/a413b22da0f5009c634f6c4586a2dbe5207074fd5becd88db5183b8069ef25e4?s=96&d=mm&r=g","contentUrl":"https:\/\/secure.gravatar.com\/avatar\/a413b22da0f5009c634f6c4586a2dbe5207074fd5becd88db5183b8069ef25e4?s=96&d=mm&r=g","caption":"Coordena\u00e7\u00e3o"},"url":"https:\/\/www.estrategiaconcursos.com.br\/blog\/author\/contatoestrategiaconcursos-com-br\/"}]}},"_links":{"self":[{"href":"https:\/\/www.estrategiaconcursos.com.br\/blog\/wp-json\/wp\/v2\/posts\/87081","targetHints":{"allow":["GET"]}}],"collection":[{"href":"https:\/\/www.estrategiaconcursos.com.br\/blog\/wp-json\/wp\/v2\/posts"}],"about":[{"href":"https:\/\/www.estrategiaconcursos.com.br\/blog\/wp-json\/wp\/v2\/types\/post"}],"author":[{"embeddable":true,"href":"https:\/\/www.estrategiaconcursos.com.br\/blog\/wp-json\/wp\/v2\/users\/48"}],"replies":[{"embeddable":true,"href":"https:\/\/www.estrategiaconcursos.com.br\/blog\/wp-json\/wp\/v2\/comments?post=87081"}],"version-history":[{"count":2,"href":"https:\/\/www.estrategiaconcursos.com.br\/blog\/wp-json\/wp\/v2\/posts\/87081\/revisions"}],"predecessor-version":[{"id":87089,"href":"https:\/\/www.estrategiaconcursos.com.br\/blog\/wp-json\/wp\/v2\/posts\/87081\/revisions\/87089"}],"wp:attachment":[{"href":"https:\/\/www.estrategiaconcursos.com.br\/blog\/wp-json\/wp\/v2\/media?parent=87081"}],"wp:term":[{"taxonomy":"category","embeddable":true,"href":"https:\/\/www.estrategiaconcursos.com.br\/blog\/wp-json\/wp\/v2\/categories?post=87081"},{"taxonomy":"post_tag","embeddable":true,"href":"https:\/\/www.estrategiaconcursos.com.br\/blog\/wp-json\/wp\/v2\/tags?post=87081"},{"taxonomy":"tax_estado","embeddable":true,"href":"https:\/\/www.estrategiaconcursos.com.br\/blog\/wp-json\/wp\/v2\/tax_estado?post=87081"}],"curies":[{"name":"wp","href":"https:\/\/api.w.org\/{rel}","templated":true}]}}