{"id":86931,"date":"2017-08-27T21:45:38","date_gmt":"2017-08-28T00:45:38","guid":{"rendered":"https:\/\/www.estrategiaconcursos.com.br\/blog\/?p=86931"},"modified":"2018-10-23T18:43:40","modified_gmt":"2018-10-23T21:43:40","slug":"prova-tj-rs-direito-administrativo-gabarito-extraoficial","status":"publish","type":"post","link":"https:\/\/www.estrategiaconcursos.com.br\/blog\/prova-tj-rs-direito-administrativo-gabarito-extraoficial\/","title":{"rendered":"Prova TJ-RS Direito Administrativo: gabarito extraoficial"},"content":{"rendered":"<p style=\"text-align: justify;\">Ol\u00e1 pessoal!<\/p>\n<p style=\"text-align: justify;\">Venho aqui para comentar a prova de Direito Administrativo do TJ-RS, aplicada pela banca FAURGS.<\/p>\n<p style=\"text-align: justify;\">Por enquanto, confira as quest\u00f5es junto com o seu caderno de provas, ok?<\/p>\n<p style=\"text-align: justify;\">As alternativas que, na minha opini\u00e3o, ser\u00e3o o gabarito da banca, est\u00e3o destacadas em azul.<\/p>\n<p style=\"text-align: justify;\"><span style=\"color: #0000ff; font-size: 14pt;\"><strong>AJAA<\/strong><\/span><\/p>\n<p style=\"text-align: justify;\"><span style=\"font-size: 14pt;\"><strong>25. Em rela\u00e7\u00e3o aos agentes p\u00fablicas, assinale a alternativa correta.<\/strong><\/span><\/p>\n<p style=\"text-align: justify;\"><span style=\"color: #0000ff;\"><strong>a) As fun\u00e7\u00f5es de confian\u00e7a, exercidas exclusivamente por servidores ocupantes de cargo efetivo&#8230;<\/strong><\/span><\/p>\n<p style=\"text-align: justify;\"><span style=\"color: #0000ff;\">CERTA. Transcri\u00e7\u00e3o do art. 37, \u00a75\u00ba da Constitui\u00e7\u00e3o Federal.<\/span><\/p>\n<p style=\"text-align: justify;\"><strong>b) Os casos de contrata\u00e7\u00e3o por tempo determinado&#8230;<\/strong><\/p>\n<p style=\"text-align: justify;\">ERRADA. A defini\u00e7\u00e3o de d\u00e1 por lei, e n\u00e3o por decreto.<\/p>\n<p style=\"text-align: justify;\"><strong>c) Embora a Constitui\u00e7\u00e3o da Rep\u00fablica Federativa do Brasil&#8230;.<\/strong><\/p>\n<p style=\"text-align: justify;\">ERRADA. A CF n\u00e3o exige LC para regulamentar o direito de greve. Poder ser Lei Ordin\u00e1ria.<\/p>\n<p style=\"text-align: justify;\"><strong>d) Para a garantia da regra constitucional&#8230;<\/strong><\/p>\n<p style=\"text-align: justify;\">ERRADA. A CF veda a equipara\u00e7\u00e3o de remunera\u00e7\u00f5es (CF, art. 37, XIII).<\/p>\n<p style=\"text-align: justify;\">e<strong>) A investidura em cargo ou emprego p\u00fablico depende&#8230;<\/strong><\/p>\n<p style=\"text-align: justify;\">ERRADA. A CF n\u00e3o admite exce\u00e7\u00f5es \u00e0 regra do concurso p\u00fablico para o acesso a cargos e empregos p\u00fablicos efetivos.<\/p>\n<p style=\"text-align: justify;\"><span style=\"font-size: 14pt;\"><strong>26. Acerca dos poderes administrativos, \u00e9 correto afirmar que:<\/strong><\/span><\/p>\n<p style=\"text-align: justify;\"><strong>a) tendo em vista a autoexecutoriedade dos poderes administrativos&#8230;<\/strong><\/p>\n<p style=\"text-align: justify;\">ERRADA.A autoexecutoriedade permite que os atos sejam praticados independentemente de autoriza\u00e7\u00e3o judicial, mas n\u00e3o de autoriza\u00e7\u00e3o legislativa.<\/p>\n<p style=\"text-align: justify;\"><span style=\"color: #0000ff;\"><strong>b) considera-se regular o exerc\u00edcio do poder de pol\u00edcia quando&#8230;<\/strong><\/span><\/p>\n<p style=\"text-align: justify;\"><span style=\"color: #0000ff;\">CERTA. O poder de pol\u00edcia deve ser praticado por agente competente e nos limites da lei, sem abuso de poder.<\/span><\/p>\n<p style=\"text-align: justify;\"><strong>c) desde o advento da Emenda Constitucional&#8230;<\/strong><\/p>\n<p style=\"text-align: justify;\">ERRADA. O poder regulamentar aut\u00f4nomo n\u00e3o \u00e9 sem restri\u00e7\u00f5es. Por exemplo, segundo o art. 84, VI da CF, \u00a0os cargos p\u00fablicos s\u00f3 podem ser extintos por decretos aut\u00f4nomos se estiverem vagos.<\/p>\n<p style=\"text-align: justify;\"><strong>d) a estrutura administrativa \u00e9 uma estrutura hierarquizada&#8230;<\/strong><\/p>\n<p style=\"text-align: justify;\">ERRADA. A aplica\u00e7\u00e3o de san\u00e7\u00f5es \u00e9 um ato vinculado. Assim, em tese, a autoridade superior somente poderia cancelar a san\u00e7\u00e3o aplicada por seu subordinado caso identificasse alguma ilegalidade, e n\u00e3o por crit\u00e9rios puramente discricion\u00e1rios.<\/p>\n<p style=\"text-align: justify;\"><strong>e) tendo em vista que a Constitui\u00e7\u00e3o da Rep\u00fablica Federativa do Brasil&#8230;<\/strong><\/p>\n<p style=\"text-align: justify;\">ERRADA. O com\u00e9rcio em pra\u00e7as e ruas p\u00fablicas por vendedores ambulantes pode sim ser restringido com base no poder de pol\u00edcia, desde que exista previs\u00e3o legal.<\/p>\n<p style=\"text-align: justify;\"><strong>27. No que se refere \u00e0 aposentadoria de servidores p\u00fablicos civis, assinale a alternativa correta:<\/strong><\/p>\n<p style=\"text-align: justify;\"><strong>a) O servidor p\u00fablico civil adquire o direito \u00e0 aposentadoria volunt\u00e1ria&#8230;<\/strong><\/p>\n<p style=\"text-align: justify;\">ERRADA. Faltou o requisito de idade para a aposentadoria por tempo de contribui\u00e7\u00e3o.<\/p>\n<p style=\"text-align: justify;\"><strong>b) Determinadas categorias de servidores p\u00fablicos civis&#8230;<\/strong><\/p>\n<p style=\"text-align: justify;\">ERRADA. O art. 41, \u00a710 da CF veda qualquer forma de contagem fict\u00edcia de tempo de contribui\u00e7\u00e3o.<\/p>\n<p style=\"text-align: justify;\"><strong><span style=\"color: #0000ff;\">c) Ao servidor ocupante, exclusivamente, de cargo em comiss\u00e3o&#8230;<\/span><\/strong><\/p>\n<p style=\"text-align: justify;\"><span style=\"color: #0000ff;\">CERTA.Transcri\u00e7\u00e3o do art. 41, \u00a713 da CF.<\/span><\/p>\n<p style=\"text-align: justify;\"><strong>d) A remunera\u00e7\u00e3o do servidor p\u00fablico aposentado&#8230;.<\/strong><\/p>\n<p style=\"text-align: justify;\">ERRADA. N\u00e3o existe mais a integralidade dos proventos da aposentadoria.<\/p>\n<p style=\"text-align: justify;\"><strong>e) o servidor p\u00fablico civil aposentado que venha a prestar concurso p\u00fablico&#8230;<\/strong><\/p>\n<p style=\"text-align: justify;\">ERRADA. A CF veda a acumula\u00e7\u00e3o de proventos da aposentadoria com a remunera\u00e7\u00e3o de cargos efetivos, exceto cargos acumul\u00e1veis (CF, art. 41, \u00a76\u00ba).<\/p>\n<p style=\"text-align: justify;\"><span style=\"font-size: 14pt;\"><strong>28. Sobre o controle interno e externo da Administra\u00e7\u00e3o P\u00fablica, assinale a alternativa correta:<\/strong><\/span><\/p>\n<p style=\"text-align: justify;\"><strong>a) A presen\u00e7a do Tribunal de Contas do Estado&#8230;<\/strong><\/p>\n<p style=\"text-align: justify;\">ERRADA. Os munic\u00edpios devem instituir sistema de controle interno, independentemente da fiscaliza\u00e7\u00e3o exercida pelo Tribunal de Contas.<\/p>\n<p style=\"text-align: justify;\"><strong>b) O parecer pr\u00e9vio, emitido pelo Procurador do Minist\u00e9rio P\u00fablico junto ao Tribunal de Contas&#8230;<\/strong><\/p>\n<p style=\"text-align: justify;\">ERRADA. O parecer pr\u00e9vio sobre as contas dos Prefeitos \u00e9 emitido pelo Tribunal de Contas, e n\u00e3o pelo Procurador do MP.<\/p>\n<p style=\"text-align: justify;\"><strong>c) A cobran\u00e7a de multa e glosa imputadas pelo Tribunal de Contas do Estado&#8230;<\/strong><\/p>\n<p style=\"text-align: justify;\">ERRADA. A decis\u00e3o do TC que imputa multa possui efic\u00e1cia de t\u00edtulo executivo extrajudicial, raz\u00e3o pela qual sua cobran\u00e7a independe da a\u00e7\u00e3o de conhecimento junto ao Judici\u00e1rio.<\/p>\n<p style=\"text-align: justify;\"><span style=\"color: #0000ff;\"><strong>d) Os Conselheiros do Tribunal de Contas do Estado do Rio Grande do Sul ter\u00e3o as mesmas garantias&#8230;<\/strong><\/span><\/p>\n<p style=\"text-align: justify;\"><span style=\"color: #0000ff;\">CERTA, nos termos da Constitui\u00e7\u00e3o do Estado.<\/span><\/p>\n<p style=\"text-align: justify;\"><strong>e) Tendo em vista o car\u00e1ter sancionat\u00f3rio das decis\u00f5es&#8230;.<\/strong><\/p>\n<p style=\"text-align: justify;\">ERRADA. As decis\u00f5es do Tribunal de Contas possuem car\u00e1ter administrativo e seus processos, inclusive aqueles dos quais resultem san\u00e7\u00f5es, s\u00e3o regidos pelas normas de seu Regimento Interno, n\u00e3o pelo C\u00f3digo de Processo Penal.<\/p>\n<p style=\"text-align: justify;\"><span style=\"font-size: 14pt;\"><strong>29. Acerca da licita\u00e7\u00e3o, assinale a alternativa correta:<\/strong><\/span><\/p>\n<p style=\"text-align: justify;\"><strong>a) Toda modalidade de licita\u00e7\u00e3o deve ser determinada&#8230;<\/strong><\/p>\n<p style=\"text-align: justify;\">ERRADA. Nem toda modalidade \u00e9 escolhida em raz\u00e3o do valor. O preg\u00e3o, por exemplo, n\u00e3o \u00e9 determinado pelo valor da contrata\u00e7\u00e3o.<\/p>\n<p style=\"text-align: justify;\"><strong>b) Para a manuten\u00e7\u00e3o da igualdade de tratamento entre os licitantes&#8230;<\/strong><\/p>\n<p style=\"text-align: justify;\">ERRADA. Al\u00e9m da comiss\u00e3o permanete, tamb\u00e9m podem ser formadas comiss\u00f5es tempor\u00e1rias, espec\u00edficas para conduzir determinada licita\u00e7\u00e3o.<\/p>\n<p style=\"text-align: justify;\"><strong>c) A habilita\u00e7\u00e3o dos licitantes deve ser feita&#8230;<\/strong><\/p>\n<p style=\"text-align: justify;\">ERRADA. Os requisitos de habilita\u00e7\u00e3o podem ser dispensados em determinados casos, a depender do objeto.<\/p>\n<p style=\"text-align: justify;\"><strong>d) O leil\u00e3o \u00e9 modalidade de licita\u00e7\u00e3o&#8230;<\/strong><\/p>\n<p style=\"text-align: justify;\">ERRADA. O leil\u00e3o \u00e9 utilizado nas aliena\u00e7\u00f5es de bens, e n\u00e3o nas aquisi\u00e7\u00f5es.<\/p>\n<p style=\"text-align: justify;\"><span style=\"color: #0000ff;\"><strong>e) A pessoa jur\u00eddica em d\u00e9bito com o sistema de seguridade social&#8230;<\/strong><\/span><\/p>\n<p style=\"text-align: justify;\"><span style=\"color: #0000ff;\">CERTA. Transcri\u00e7\u00e3o do art. 195, \u00a73\u00ba da CF.<\/span><\/p>\n<p style=\"text-align: justify;\"><span style=\"font-size: 14pt;\"><strong>30. Sobre os contratos administrativos, assinale a alternativa correta:<\/strong><\/span><\/p>\n<p style=\"text-align: justify;\"><strong>a) Em rela\u00e7\u00e3o \u00e0 garantia&#8230;<\/strong><\/p>\n<p style=\"text-align: justify;\">ERRADA. n\u00e3o h\u00e1 previs\u00e3o de hipoteca como garantia.<\/p>\n<p style=\"text-align: justify;\"><strong>b) A declara\u00e7\u00e3o de nulidade do contrato administrativo&#8230;<\/strong><\/p>\n<p style=\"text-align: justify;\">ERRADA. Produz efeitos retroativos (ex tunc), conforme art. 59 da Lei 8.666\/93.<\/p>\n<p style=\"text-align: justify;\"><strong>c) O contrato verbal com a Administra\u00e7\u00e3o p\u00fablica&#8230;<\/strong><\/p>\n<p style=\"text-align: justify;\">ERRADA. O contrato verbal \u00e9 vi\u00e1vel mas apenas para pequenas compras de pronto pagamento, e n\u00e3o em fun\u00e7\u00e3o da modalidade de licita\u00e7\u00e3o.<\/p>\n<p style=\"text-align: justify;\"><span style=\"color: #0000ff;\"><strong>d) Em havendo altera\u00e7\u00e3o unilateral do contrato&#8230;<\/strong><\/span><\/p>\n<p style=\"text-align: justify;\"><span style=\"color: #0000ff;\">CERTA. Sempre que houver altera\u00e7\u00e3o do contrato, seu equil\u00edbrio econ\u00f4mico-financeiro dever\u00e1 ser restabelecido.<\/span><\/p>\n<p style=\"text-align: justify;\"><strong>e) O contrato poder\u00e1 ser alterado unilateralmente&#8230;<\/strong><\/p>\n<p style=\"text-align: justify;\">ERRADA. Nessa hip\u00f3tese, o contrato pode ser alterado apenas por acordo entre as partes, e n\u00e3o unilateralmente.<\/p>\n<p style=\"text-align: justify;\"><span style=\"font-size: 14pt;\"><strong>31. Acerca do regime de concess\u00f5es e permiss\u00f5es do servi\u00e7o p\u00fablico, assinale a alternativa correta:<\/strong><\/span><\/p>\n<p style=\"text-align: justify;\"><strong>a) Caber\u00e1 \u00e0 lei complementar&#8230;<\/strong><\/p>\n<p style=\"text-align: justify;\">ERRADA. N\u00e3o se trata de mat\u00e9ria reservada \u00e0 lei complementar (CF, art. 175).<\/p>\n<p style=\"text-align: justify;\"><strong>b) A cria\u00e7\u00e3o, altera\u00e7\u00e3o ou extin\u00e7\u00e3o de quaisquer tributos..<\/strong><\/p>\n<p style=\"text-align: justify;\">ERRADA. Implica sim revis\u00e3o da tarifa, nos termos do art. 9\u00ba, \u00a73\u00ba da lei 8.987\/95.<\/p>\n<p style=\"text-align: justify;\"><span style=\"color: #0000ff;\"><strong>c) Constitui encargo da concession\u00e1ria&#8230;<\/strong><\/span><\/p>\n<p style=\"text-align: justify;\"><span style=\"color: #0000ff;\">CERTA, conforme art. 31, VI da Lei 8.987\/95<\/span><\/p>\n<p style=\"text-align: justify;\"><strong>d) A interven\u00e7\u00e3o na concess\u00e3o&#8230;<\/strong><\/p>\n<p style=\"text-align: justify;\">ERRADA. A interven\u00e7\u00e3o \u00e9 feita mediante decreto do poder concedente, conforme art. 32 da Lei 8.987\/95.<\/p>\n<p style=\"text-align: justify;\"><strong>e) Considera-se revers\u00e3o&#8230;<\/strong><\/p>\n<p style=\"text-align: justify;\">ERRADA. O correto seria &#8220;encampa\u00e7\u00e3o&#8221; no lugar de &#8220;revers\u00e3o&#8221;.<\/p>\n<p style=\"text-align: justify;\"><span style=\"font-size: 14pt;\"><strong>32. Quanto \u00e0 Lei de Improbidade Administrativa, assinale a alternativa correta:<\/strong><\/span><\/p>\n<p style=\"text-align: justify;\"><strong>a) A Lei de Improbidade Administrativa estabelece puni\u00e7\u00f5es&#8230;<\/strong><\/p>\n<p style=\"text-align: justify;\">ERRADA. A LIA \u00e9 aplic\u00e1vel inclusive aos agentes que n\u00e3o recebem remunera\u00e7\u00e3o.<\/p>\n<p style=\"text-align: justify;\"><span style=\"color: #0000ff;\"><strong>b) A posse e o exerc\u00edcio de agente p\u00fablico&#8230;<\/strong><\/span><\/p>\n<p style=\"text-align: justify;\"><span style=\"color: #0000ff;\">CERTA. Transcri\u00e7\u00e3o do art 13 da Lei 8.429\/92.<\/span><\/p>\n<p style=\"text-align: justify;\"><strong>c) O ato de improbidade administrativa que causa preju\u00edzo ao er\u00e1rio&#8230;<\/strong><\/p>\n<p style=\"text-align: justify;\">ERRADA. Essa esp\u00e9cie de ato tamb\u00e9m pode ser caracterizada em decorr\u00eancia de conduta culposa, e n\u00e3o apenas dolosa.<\/p>\n<p style=\"text-align: justify;\"><strong>d) As a\u00e7\u00f5es destinadas a levar a efeito as san\u00e7\u00f5es&#8230;<\/strong><\/p>\n<p style=\"text-align: justify;\">ERRADA. A prescri\u00e7\u00e3o n\u00e3o conta a partir da pr\u00e1tica do ato, conforme art. 23 da Lei 8.429\/92.<\/p>\n<p style=\"text-align: justify;\">e) Tendo em vista a legisla\u00e7\u00e3o penal&#8230;<\/p>\n<p style=\"text-align: justify;\">ERRADA.\u00a0\u00c9 vedada a transa\u00e7\u00e3o, acordo ou concilia\u00e7\u00e3o nas a\u00e7\u00f5es de improbidade administrativa.<\/p>\n<p style=\"text-align: justify;\">*****<\/p>\n<p style=\"text-align: justify;\">\u00c9 isso pessoal.\u00a0N\u00e3o visualizei recursos at\u00e9 o momento.<\/p>\n<p style=\"text-align: justify;\">Quem tiver alguma d\u00favida ou coment\u00e1rio, pode postar direto aqui no artigo.<\/p>\n","protected":false},"excerpt":{"rendered":"<p>Ol\u00e1 pessoal! Venho aqui para comentar a prova de Direito Administrativo do TJ-RS, aplicada pela banca FAURGS. Por enquanto, confira as quest\u00f5es junto com o seu caderno de provas, ok? As alternativas que, na minha opini\u00e3o, ser\u00e3o o gabarito da banca, est\u00e3o destacadas em azul. AJAA 25. Em rela\u00e7\u00e3o aos agentes p\u00fablicas, assinale a alternativa [&hellip;]<\/p>\n","protected":false},"author":48,"featured_media":0,"comment_status":"open","ping_status":"open","sticky":false,"template":"","format":"standard","meta":{"post_tipo":"article","footnotes":""},"categories":[1],"tags":[],"tax_estado":[],"class_list":["post-86931","post","type-post","status-publish","format-standard","hentry","category-cursos-e-concursos"],"acf":[],"yoast_head":"<!-- This site is optimized with the Yoast SEO Premium plugin v27.2 (Yoast SEO v27.2) - https:\/\/yoast.com\/product\/yoast-seo-premium-wordpress\/ -->\n<title>Prova TJ-RS Direito Administrativo: gabarito extraoficial<\/title>\n<meta name=\"description\" content=\"Gabarito extraoficial do Prof. Erick Alves sobre as quest\u00f5es de Direito Administrativo do concurso do TJ-RS, cargo AJAA, organizado pela FAURGS.\" \/>\n<meta name=\"robots\" content=\"index, follow, max-snippet:-1, max-image-preview:large, max-video-preview:-1\" \/>\n<link rel=\"canonical\" href=\"https:\/\/www.estrategiaconcursos.com.br\/blog\/prova-tj-rs-direito-administrativo-gabarito-extraoficial\/\" \/>\n<meta property=\"og:locale\" content=\"pt_BR\" \/>\n<meta property=\"og:type\" content=\"article\" \/>\n<meta property=\"og:title\" content=\"Prova TJ-RS Direito Administrativo: gabarito extraoficial\" \/>\n<meta property=\"og:description\" content=\"Gabarito extraoficial do Prof. Erick Alves sobre as quest\u00f5es de Direito Administrativo do concurso do TJ-RS, cargo AJAA, organizado pela FAURGS.\" \/>\n<meta property=\"og:url\" content=\"https:\/\/www.estrategiaconcursos.com.br\/blog\/prova-tj-rs-direito-administrativo-gabarito-extraoficial\/\" \/>\n<meta property=\"og:site_name\" content=\"Estrat\u00e9gia Concursos\" \/>\n<meta property=\"article:published_time\" content=\"2017-08-28T00:45:38+00:00\" \/>\n<meta property=\"article:modified_time\" content=\"2018-10-23T21:43:40+00:00\" \/>\n<meta name=\"author\" content=\"Coordena\u00e7\u00e3o\" \/>\n<meta name=\"twitter:card\" content=\"summary_large_image\" \/>\n<meta name=\"twitter:creator\" content=\"@EstratConcursos\" \/>\n<meta name=\"twitter:site\" content=\"@EstratConcursos\" \/>\n<meta name=\"twitter:label1\" content=\"Escrito por\" \/>\n\t<meta name=\"twitter:data1\" content=\"Coordena\u00e7\u00e3o\" \/>\n\t<meta name=\"twitter:label2\" content=\"Est. tempo de leitura\" \/>\n\t<meta name=\"twitter:data2\" content=\"6 minutos\" \/>\n<script type=\"application\/ld+json\" class=\"yoast-schema-graph\">{\"@context\":\"https:\/\/schema.org\",\"@graph\":[{\"@type\":\"NewsArticle\",\"@id\":\"https:\/\/www.estrategiaconcursos.com.br\/blog\/prova-tj-rs-direito-administrativo-gabarito-extraoficial\/#article\",\"isPartOf\":{\"@id\":\"https:\/\/www.estrategiaconcursos.com.br\/blog\/prova-tj-rs-direito-administrativo-gabarito-extraoficial\/\"},\"author\":{\"name\":\"Coordena\u00e7\u00e3o\",\"@id\":\"https:\/\/www.estrategiaconcursos.com.br\/blog\/#\/schema\/person\/cdad40b5818eb228a838461fcd656da7\"},\"headline\":\"Prova TJ-RS Direito Administrativo: gabarito extraoficial\",\"datePublished\":\"2017-08-28T00:45:38+00:00\",\"dateModified\":\"2018-10-23T21:43:40+00:00\",\"mainEntityOfPage\":{\"@id\":\"https:\/\/www.estrategiaconcursos.com.br\/blog\/prova-tj-rs-direito-administrativo-gabarito-extraoficial\/\"},\"wordCount\":1289,\"commentCount\":4,\"publisher\":{\"@id\":\"https:\/\/www.estrategiaconcursos.com.br\/blog\/#organization\"},\"articleSection\":[\"Concursos P\u00fablicos\"],\"inLanguage\":\"pt-BR\",\"potentialAction\":[{\"@type\":\"CommentAction\",\"name\":\"Comment\",\"target\":[\"https:\/\/www.estrategiaconcursos.com.br\/blog\/prova-tj-rs-direito-administrativo-gabarito-extraoficial\/#respond\"]}],\"copyrightYear\":\"2017\",\"copyrightHolder\":{\"@id\":\"https:\/\/www.estrategiaconcursos.com.br\/blog\/#organization\"}},{\"@type\":\"WebPage\",\"@id\":\"https:\/\/www.estrategiaconcursos.com.br\/blog\/prova-tj-rs-direito-administrativo-gabarito-extraoficial\/\",\"url\":\"https:\/\/www.estrategiaconcursos.com.br\/blog\/prova-tj-rs-direito-administrativo-gabarito-extraoficial\/\",\"name\":\"Prova TJ-RS Direito Administrativo: gabarito extraoficial\",\"isPartOf\":{\"@id\":\"https:\/\/www.estrategiaconcursos.com.br\/blog\/#website\"},\"datePublished\":\"2017-08-28T00:45:38+00:00\",\"dateModified\":\"2018-10-23T21:43:40+00:00\",\"description\":\"Gabarito extraoficial do Prof. Erick Alves sobre as quest\u00f5es de Direito Administrativo do concurso do TJ-RS, cargo AJAA, organizado pela FAURGS.\",\"breadcrumb\":{\"@id\":\"https:\/\/www.estrategiaconcursos.com.br\/blog\/prova-tj-rs-direito-administrativo-gabarito-extraoficial\/#breadcrumb\"},\"inLanguage\":\"pt-BR\",\"potentialAction\":[{\"@type\":\"ReadAction\",\"target\":[\"https:\/\/www.estrategiaconcursos.com.br\/blog\/prova-tj-rs-direito-administrativo-gabarito-extraoficial\/\"]}]},{\"@type\":\"BreadcrumbList\",\"@id\":\"https:\/\/www.estrategiaconcursos.com.br\/blog\/prova-tj-rs-direito-administrativo-gabarito-extraoficial\/#breadcrumb\",\"itemListElement\":[{\"@type\":\"ListItem\",\"position\":1,\"name\":\"In\u00edcio\",\"item\":\"https:\/\/www.estrategiaconcursos.com.br\/blog\/\"},{\"@type\":\"ListItem\",\"position\":2,\"name\":\"Prova TJ-RS Direito Administrativo: gabarito extraoficial\"}]},{\"@type\":\"WebSite\",\"@id\":\"https:\/\/www.estrategiaconcursos.com.br\/blog\/#website\",\"url\":\"https:\/\/www.estrategiaconcursos.com.br\/blog\/\",\"name\":\"Estrat\u00e9gia Concursos\",\"description\":\"O blog da Estrat\u00e9gia Concursos traz not\u00edcias sobre concursos e artigos de professores oferecendo cursos para concursos (pdf + videaulas) no site.\",\"publisher\":{\"@id\":\"https:\/\/www.estrategiaconcursos.com.br\/blog\/#organization\"},\"potentialAction\":[{\"@type\":\"SearchAction\",\"target\":{\"@type\":\"EntryPoint\",\"urlTemplate\":\"https:\/\/www.estrategiaconcursos.com.br\/blog\/?s={search_term_string}\"},\"query-input\":{\"@type\":\"PropertyValueSpecification\",\"valueRequired\":true,\"valueName\":\"search_term_string\"}}],\"inLanguage\":\"pt-BR\"},{\"@type\":\"Organization\",\"@id\":\"https:\/\/www.estrategiaconcursos.com.br\/blog\/#organization\",\"name\":\"Estrat\u00e9gia Concursos\",\"url\":\"https:\/\/www.estrategiaconcursos.com.br\/blog\/\",\"logo\":{\"@type\":\"ImageObject\",\"inLanguage\":\"pt-BR\",\"@id\":\"https:\/\/www.estrategiaconcursos.com.br\/blog\/#\/schema\/logo\/image\/\",\"url\":\"https:\/\/dhg1h5j42swfq.cloudfront.net\/2025\/06\/03203428\/logo_concursos-1.jpg\",\"contentUrl\":\"https:\/\/dhg1h5j42swfq.cloudfront.net\/2025\/06\/03203428\/logo_concursos-1.jpg\",\"width\":230,\"height\":60,\"caption\":\"Estrat\u00e9gia Concursos\"},\"image\":{\"@id\":\"https:\/\/www.estrategiaconcursos.com.br\/blog\/#\/schema\/logo\/image\/\"},\"sameAs\":[\"https:\/\/x.com\/EstratConcursos\"]},{\"@type\":\"Person\",\"@id\":\"https:\/\/www.estrategiaconcursos.com.br\/blog\/#\/schema\/person\/cdad40b5818eb228a838461fcd656da7\",\"name\":\"Coordena\u00e7\u00e3o\",\"image\":{\"@type\":\"ImageObject\",\"inLanguage\":\"pt-BR\",\"@id\":\"https:\/\/secure.gravatar.com\/avatar\/a413b22da0f5009c634f6c4586a2dbe5207074fd5becd88db5183b8069ef25e4?s=96&d=mm&r=g\",\"url\":\"https:\/\/secure.gravatar.com\/avatar\/a413b22da0f5009c634f6c4586a2dbe5207074fd5becd88db5183b8069ef25e4?s=96&d=mm&r=g\",\"contentUrl\":\"https:\/\/secure.gravatar.com\/avatar\/a413b22da0f5009c634f6c4586a2dbe5207074fd5becd88db5183b8069ef25e4?s=96&d=mm&r=g\",\"caption\":\"Coordena\u00e7\u00e3o\"},\"url\":\"https:\/\/www.estrategiaconcursos.com.br\/blog\/author\/contatoestrategiaconcursos-com-br\/\"}]}<\/script>\n<!-- \/ Yoast SEO Premium plugin. -->","yoast_head_json":{"title":"Prova TJ-RS Direito Administrativo: gabarito extraoficial","description":"Gabarito extraoficial do Prof. Erick Alves sobre as quest\u00f5es de Direito Administrativo do concurso do TJ-RS, cargo AJAA, organizado pela FAURGS.","robots":{"index":"index","follow":"follow","max-snippet":"max-snippet:-1","max-image-preview":"max-image-preview:large","max-video-preview":"max-video-preview:-1"},"canonical":"https:\/\/www.estrategiaconcursos.com.br\/blog\/prova-tj-rs-direito-administrativo-gabarito-extraoficial\/","og_locale":"pt_BR","og_type":"article","og_title":"Prova TJ-RS Direito Administrativo: gabarito extraoficial","og_description":"Gabarito extraoficial do Prof. Erick Alves sobre as quest\u00f5es de Direito Administrativo do concurso do TJ-RS, cargo AJAA, organizado pela FAURGS.","og_url":"https:\/\/www.estrategiaconcursos.com.br\/blog\/prova-tj-rs-direito-administrativo-gabarito-extraoficial\/","og_site_name":"Estrat\u00e9gia Concursos","article_published_time":"2017-08-28T00:45:38+00:00","article_modified_time":"2018-10-23T21:43:40+00:00","author":"Coordena\u00e7\u00e3o","twitter_card":"summary_large_image","twitter_creator":"@EstratConcursos","twitter_site":"@EstratConcursos","twitter_misc":{"Escrito por":"Coordena\u00e7\u00e3o","Est. tempo de leitura":"6 minutos"},"schema":{"@context":"https:\/\/schema.org","@graph":[{"@type":"NewsArticle","@id":"https:\/\/www.estrategiaconcursos.com.br\/blog\/prova-tj-rs-direito-administrativo-gabarito-extraoficial\/#article","isPartOf":{"@id":"https:\/\/www.estrategiaconcursos.com.br\/blog\/prova-tj-rs-direito-administrativo-gabarito-extraoficial\/"},"author":{"name":"Coordena\u00e7\u00e3o","@id":"https:\/\/www.estrategiaconcursos.com.br\/blog\/#\/schema\/person\/cdad40b5818eb228a838461fcd656da7"},"headline":"Prova TJ-RS Direito Administrativo: gabarito extraoficial","datePublished":"2017-08-28T00:45:38+00:00","dateModified":"2018-10-23T21:43:40+00:00","mainEntityOfPage":{"@id":"https:\/\/www.estrategiaconcursos.com.br\/blog\/prova-tj-rs-direito-administrativo-gabarito-extraoficial\/"},"wordCount":1289,"commentCount":4,"publisher":{"@id":"https:\/\/www.estrategiaconcursos.com.br\/blog\/#organization"},"articleSection":["Concursos P\u00fablicos"],"inLanguage":"pt-BR","potentialAction":[{"@type":"CommentAction","name":"Comment","target":["https:\/\/www.estrategiaconcursos.com.br\/blog\/prova-tj-rs-direito-administrativo-gabarito-extraoficial\/#respond"]}],"copyrightYear":"2017","copyrightHolder":{"@id":"https:\/\/www.estrategiaconcursos.com.br\/blog\/#organization"}},{"@type":"WebPage","@id":"https:\/\/www.estrategiaconcursos.com.br\/blog\/prova-tj-rs-direito-administrativo-gabarito-extraoficial\/","url":"https:\/\/www.estrategiaconcursos.com.br\/blog\/prova-tj-rs-direito-administrativo-gabarito-extraoficial\/","name":"Prova TJ-RS Direito Administrativo: gabarito extraoficial","isPartOf":{"@id":"https:\/\/www.estrategiaconcursos.com.br\/blog\/#website"},"datePublished":"2017-08-28T00:45:38+00:00","dateModified":"2018-10-23T21:43:40+00:00","description":"Gabarito extraoficial do Prof. Erick Alves sobre as quest\u00f5es de Direito Administrativo do concurso do TJ-RS, cargo AJAA, organizado pela FAURGS.","breadcrumb":{"@id":"https:\/\/www.estrategiaconcursos.com.br\/blog\/prova-tj-rs-direito-administrativo-gabarito-extraoficial\/#breadcrumb"},"inLanguage":"pt-BR","potentialAction":[{"@type":"ReadAction","target":["https:\/\/www.estrategiaconcursos.com.br\/blog\/prova-tj-rs-direito-administrativo-gabarito-extraoficial\/"]}]},{"@type":"BreadcrumbList","@id":"https:\/\/www.estrategiaconcursos.com.br\/blog\/prova-tj-rs-direito-administrativo-gabarito-extraoficial\/#breadcrumb","itemListElement":[{"@type":"ListItem","position":1,"name":"In\u00edcio","item":"https:\/\/www.estrategiaconcursos.com.br\/blog\/"},{"@type":"ListItem","position":2,"name":"Prova TJ-RS Direito Administrativo: gabarito extraoficial"}]},{"@type":"WebSite","@id":"https:\/\/www.estrategiaconcursos.com.br\/blog\/#website","url":"https:\/\/www.estrategiaconcursos.com.br\/blog\/","name":"Estrat\u00e9gia Concursos","description":"O blog da Estrat\u00e9gia Concursos traz not\u00edcias sobre concursos e artigos de professores oferecendo cursos para concursos (pdf + videaulas) no site.","publisher":{"@id":"https:\/\/www.estrategiaconcursos.com.br\/blog\/#organization"},"potentialAction":[{"@type":"SearchAction","target":{"@type":"EntryPoint","urlTemplate":"https:\/\/www.estrategiaconcursos.com.br\/blog\/?s={search_term_string}"},"query-input":{"@type":"PropertyValueSpecification","valueRequired":true,"valueName":"search_term_string"}}],"inLanguage":"pt-BR"},{"@type":"Organization","@id":"https:\/\/www.estrategiaconcursos.com.br\/blog\/#organization","name":"Estrat\u00e9gia Concursos","url":"https:\/\/www.estrategiaconcursos.com.br\/blog\/","logo":{"@type":"ImageObject","inLanguage":"pt-BR","@id":"https:\/\/www.estrategiaconcursos.com.br\/blog\/#\/schema\/logo\/image\/","url":"https:\/\/dhg1h5j42swfq.cloudfront.net\/2025\/06\/03203428\/logo_concursos-1.jpg","contentUrl":"https:\/\/dhg1h5j42swfq.cloudfront.net\/2025\/06\/03203428\/logo_concursos-1.jpg","width":230,"height":60,"caption":"Estrat\u00e9gia Concursos"},"image":{"@id":"https:\/\/www.estrategiaconcursos.com.br\/blog\/#\/schema\/logo\/image\/"},"sameAs":["https:\/\/x.com\/EstratConcursos"]},{"@type":"Person","@id":"https:\/\/www.estrategiaconcursos.com.br\/blog\/#\/schema\/person\/cdad40b5818eb228a838461fcd656da7","name":"Coordena\u00e7\u00e3o","image":{"@type":"ImageObject","inLanguage":"pt-BR","@id":"https:\/\/secure.gravatar.com\/avatar\/a413b22da0f5009c634f6c4586a2dbe5207074fd5becd88db5183b8069ef25e4?s=96&d=mm&r=g","url":"https:\/\/secure.gravatar.com\/avatar\/a413b22da0f5009c634f6c4586a2dbe5207074fd5becd88db5183b8069ef25e4?s=96&d=mm&r=g","contentUrl":"https:\/\/secure.gravatar.com\/avatar\/a413b22da0f5009c634f6c4586a2dbe5207074fd5becd88db5183b8069ef25e4?s=96&d=mm&r=g","caption":"Coordena\u00e7\u00e3o"},"url":"https:\/\/www.estrategiaconcursos.com.br\/blog\/author\/contatoestrategiaconcursos-com-br\/"}]}},"_links":{"self":[{"href":"https:\/\/www.estrategiaconcursos.com.br\/blog\/wp-json\/wp\/v2\/posts\/86931","targetHints":{"allow":["GET"]}}],"collection":[{"href":"https:\/\/www.estrategiaconcursos.com.br\/blog\/wp-json\/wp\/v2\/posts"}],"about":[{"href":"https:\/\/www.estrategiaconcursos.com.br\/blog\/wp-json\/wp\/v2\/types\/post"}],"author":[{"embeddable":true,"href":"https:\/\/www.estrategiaconcursos.com.br\/blog\/wp-json\/wp\/v2\/users\/48"}],"replies":[{"embeddable":true,"href":"https:\/\/www.estrategiaconcursos.com.br\/blog\/wp-json\/wp\/v2\/comments?post=86931"}],"version-history":[{"count":3,"href":"https:\/\/www.estrategiaconcursos.com.br\/blog\/wp-json\/wp\/v2\/posts\/86931\/revisions"}],"predecessor-version":[{"id":148646,"href":"https:\/\/www.estrategiaconcursos.com.br\/blog\/wp-json\/wp\/v2\/posts\/86931\/revisions\/148646"}],"wp:attachment":[{"href":"https:\/\/www.estrategiaconcursos.com.br\/blog\/wp-json\/wp\/v2\/media?parent=86931"}],"wp:term":[{"taxonomy":"category","embeddable":true,"href":"https:\/\/www.estrategiaconcursos.com.br\/blog\/wp-json\/wp\/v2\/categories?post=86931"},{"taxonomy":"post_tag","embeddable":true,"href":"https:\/\/www.estrategiaconcursos.com.br\/blog\/wp-json\/wp\/v2\/tags?post=86931"},{"taxonomy":"tax_estado","embeddable":true,"href":"https:\/\/www.estrategiaconcursos.com.br\/blog\/wp-json\/wp\/v2\/tax_estado?post=86931"}],"curies":[{"name":"wp","href":"https:\/\/api.w.org\/{rel}","templated":true}]}}