{"id":869119,"date":"2021-10-04T20:12:00","date_gmt":"2021-10-04T23:12:00","guid":{"rendered":"https:\/\/www.estrategiaconcursos.com.br\/blog\/?p=869119"},"modified":"2021-09-29T15:36:46","modified_gmt":"2021-09-29T18:36:46","slug":"resumo-sobre-local-momento-ricms-sefaz-rr","status":"publish","type":"post","link":"https:\/\/www.estrategiaconcursos.com.br\/blog\/resumo-sobre-local-momento-ricms-sefaz-rr\/","title":{"rendered":"Resumo sobre Local e Momento RICMS SEFAZ-RR"},"content":{"rendered":"\n<p>Ol\u00e1, pessoal. Tudo certo? No artigo de hoje veremos o Resumo sobre Local e Momento RICMS SEFAZ-RR.<\/p>\n\n\n\n<p>A maior parte do conte\u00fado j\u00e1 foi abordado pela Lei Kandir, assim tentaremos focar nas inova\u00e7\u00f5es da Legisla\u00e7\u00e3o de Roraima.<\/p>\n\n\n\n<p>Assuntos que ser\u00e3o tratados:<\/p>\n\n\n\n<ul class=\"wp-block-list\"><li>Local da Opera\u00e7\u00e3o<\/li><li>Estabelecimento<\/li><li>Momento do Fato Gerador<\/li><\/ul>\n\n\n\n<div class=\"wp-block-image\"><figure class=\"aligncenter size-full is-resized\"><img loading=\"lazy\" decoding=\"async\" src=\"https:\/\/dhg1h5j42swfq.cloudfront.net\/2021\/09\/23194105\/image-458.png\" alt=\"Local e Momento RICMS SEFAZ-RR\" class=\"wp-image-869120\" width=\"755\" height=\"167\" srcset=\"https:\/\/dhg1h5j42swfq.cloudfront.net\/2021\/09\/23194105\/image-458.png 950w, https:\/\/dhg1h5j42swfq.cloudfront.net\/2021\/09\/23194105\/image-458-300x67.png 300w, https:\/\/dhg1h5j42swfq.cloudfront.net\/2021\/09\/23194105\/image-458-768x171.png 768w, https:\/\/dhg1h5j42swfq.cloudfront.net\/2021\/09\/23194105\/image-458-610x135.png 610w\" sizes=\"auto, (max-width: 755px) 100vw, 755px\" \/><figcaption>Resumo sobre Local e Momento RICMS SEFAZ-RR<\/figcaption><\/figure><\/div>\n\n\n\n<p>Preparado (a)? Vamos l\u00e1.<\/p>\n\n\n\n<h2 class=\"wp-block-heading\">Local da opera\u00e7\u00e3o e da presta\u00e7\u00e3o<\/h2>\n\n\n\n<p>Iniciemos o Resumo sobre Local e Momento RICMS SEFAZ-RR pelo local da opera\u00e7\u00e3o. Novamente, vamos focar apenas nas partes \u201cdiferentes\u201d.<\/p>\n\n\n\n<p><span class=\"has-inline-color has-vivid-cyan-blue-color\"><strong>Local da opera\u00e7\u00e3o<\/strong> <strong>ou da presta\u00e7\u00e3o<\/strong><\/span> (Art. 17) &#8211; para os efeitos da cobran\u00e7a do imposto e defini\u00e7\u00e3o do estabelecimento respons\u00e1vel, \u00e9:<\/p>\n\n\n\n<ul class=\"wp-block-list\"><li>I &#8211;<strong> <\/strong><span class=\"has-inline-color has-vivid-green-cyan-color\"><strong>Mercadoria ou bem<\/strong>:<\/span><\/li><\/ul>\n\n\n\n<p>i)<span class=\"has-inline-color has-vivid-purple-color\"> <strong>estabelecimento do adquirente<\/strong> <\/span><strong>na entrada de mercadoria<\/strong> ou bem <strong>oriundo de outra unidade da Federa\u00e7\u00e3o<\/strong>, <strong>destinado a consumo ou ativo permanente<\/strong>; <strong><span class=\"has-inline-color has-luminous-vivid-amber-color\">-&gt; Difal<\/span><\/strong><\/p>\n\n\n\n<p>j) <strong><span class=\"has-inline-color has-vivid-purple-color\">onde seja realizado o leil\u00e3o ou a arremata\u00e7\u00e3o<\/span><\/strong> de <strong>mercadorias<\/strong> ou bens novos ou usados <strong>promovidos pelo poder p\u00fablico<\/strong>; <strong><span class=\"has-inline-color has-luminous-vivid-amber-color\">-&gt; a Kandir fala em \u201cimportados do exterior e apreendidos ou abandonados\u201d<\/span><\/strong><\/p>\n\n\n\n<ul class=\"wp-block-list\"><li>III &#8211;<strong> <span class=\"has-inline-color has-vivid-green-cyan-color\">Presta\u00e7\u00e3o onerosa de servi\u00e7o de comunica\u00e7\u00e3o<\/span><\/strong>:<\/li><\/ul>\n\n\n\n<p>O RICMS n\u00e3o previu a seguinte hip\u00f3tese da Kandir:<\/p>\n\n\n\n<p>Lei Kandir, Art. 11, III, c) o do estabelecimento destinat\u00e1rio do servi\u00e7o, na hip\u00f3tese da utiliza, por contribuinte de servi\u00e7o cuja presta\u00e7\u00e3o se tenha iniciado em outro Estado e n\u00e3o esteja vinculada a opera\u00e7\u00e3o ou presta\u00e7\u00e3o subsequente; &nbsp;<\/p>\n\n\n\n<p>Continuando no RICMS.<\/p>\n\n\n\n<ul class=\"wp-block-list\"><li>V &#8211; <strong><span class=\"has-inline-color has-vivid-purple-color\">Estabelecimento do contribuinte<\/span> que<span class=\"has-inline-color has-vivid-green-cyan-color\"> n\u00e3o comprove a sa\u00edda da mercadoria<\/span><\/strong> com <strong>destino \u00e0 outra unidade da Federa\u00e7\u00e3o ou para o exterior;<\/strong><\/li><\/ul>\n\n\n\n<ul class=\"wp-block-list\"><li>VI &#8211;<span class=\"has-inline-color has-vivid-purple-color\"> <strong>Estabelecimento do depositante<\/strong>,<\/span> na<span class=\"has-inline-color has-vivid-green-cyan-color\"> <strong>sa\u00edda de mercadoria remetida para armaz\u00e9m geral<\/strong> <\/span>ou para dep\u00f3sito fechado do pr\u00f3prio contribuinte, <strong>neste Estado<\/strong>,<span style=\"text-decoration: underline;\"> salvo se para retornar<\/span> ao estabelecimento do remetente;<\/li><\/ul>\n\n\n\n<p>Ainda, atente-se que caso <strong><span class=\"has-inline-color has-luminous-vivid-orange-color\">im\u00f3vel estiver situado em de mais de um Munic\u00edpio <\/span><\/strong>deste Estado, <strong>considera-se<\/strong> o contribuinte jurisdicionado no Munic\u00edpio em que se encontrar <strong>localizada a sede <\/strong>da propriedade, <strong>ou na aus\u00eancia desta<\/strong>, naquela <strong>onde<\/strong> se <strong>situar a maior \u00e1rea da propriedade <\/strong>(Art. 17, \u00a73\u00ba)<\/p>\n\n\n\n<h3 class=\"wp-block-heading\">Equipara\u00e7\u00f5es a sa\u00edda<\/h3>\n\n\n\n<p>Prosseguindo no Resumo sobre Local e Momento RICMS SEFAZ-RR<\/p>\n\n\n\n<p><strong><span class=\"has-inline-color has-vivid-cyan-blue-color\">Equipara\u00e7\u00f5es <\/span><\/strong><span class=\"has-inline-color has-vivid-cyan-blue-color\"><strong>a sa\u00edda<\/strong> <\/span>(Art. 2, \u00a75\u00ba) &#8211; efeitos de incid\u00eancia do imposto <strong>considera-se<\/strong>:<\/p>\n\n\n\n<ul class=\"wp-block-list\"><li>I \u2013 <strong>sa\u00edda do estabelecimento<\/strong>, a mercadoria constante do <span class=\"has-inline-color has-vivid-green-cyan-color\"><strong>estoque final<\/strong> <\/span>na data do <strong><span class=\"has-inline-color has-vivid-green-cyan-color\">encerramento de <\/span><\/strong>suas<strong> <span class=\"has-inline-color has-vivid-green-cyan-color\">atividades<\/span><\/strong>;<\/li><\/ul>\n\n\n\n<ul class=\"wp-block-list\"><li>II \u2013 <strong>sa\u00edda do estabelecimento do importador, do arrematante ou do adquirente em licita\u00e7\u00e3o realizada pelo Poder P\u00fablico<\/strong>, neste Estado, a <strong><span class=\"has-inline-color has-vivid-green-cyan-color\">mercadoria estrangeira sa\u00edda da reparti\u00e7\u00e3o aduaneira com destino a estabelecimento diverso<\/span><\/strong> daquele que a tenha importado, arrematado ou adquirido;<\/li><\/ul>\n\n\n\n<ul class=\"wp-block-list\"><li>III \u2013 <strong>sa\u00edda do estabelecimento depositante<\/strong>, localizado neste Estado, a <span class=\"has-inline-color has-vivid-green-cyan-color\"><strong>mercadoria remetida para armaz\u00e9m<\/strong> <\/span>geral ou para dep\u00f3sito fechado do pr\u00f3prio contribuinte e entregue, real ou simbolicamente, <strong>a <\/strong><span class=\"has-inline-color has-vivid-green-cyan-color\"><strong>estabelecimento diverso<\/strong> <\/span>daquele que a tenha depositado;<\/li><\/ul>\n\n\n\n<ul class=\"wp-block-list\"><li>IV \u2013 <strong>sa\u00edda do estabelecimento do autor da encomenda<\/strong>, dentro do Estado, a <span class=\"has-inline-color has-vivid-green-cyan-color\"><strong>mercadoria<\/strong> <\/span>que, pelo estabelecimento executor da industrializa\u00e7\u00e3o, for <span class=\"has-inline-color has-vivid-green-cyan-color\"><strong>remetida diretamente a terceiros adquirentes ou estabelecimento diferente daquele que a tiver mandado industrializar<\/strong><\/span>, salvo se para novas etapas de industrializa\u00e7\u00e3o, nos casos previstos neste Regulamento; <span class=\"has-inline-color has-vivid-purple-color\">-&gt; Caso a mercadoria n\u00e3o retornar ao encomendante <\/span><\/li><\/ul>\n\n\n\n<ul class=\"wp-block-list\"><li>V \u2013 <strong>sa\u00edda do estabelecimento que promoveu o abate<\/strong>, de carne e todos os produtos e subprodutos resultantes do gado, quando<span class=\"has-inline-color has-vivid-green-cyan-color\"> <strong>abatido em estabelecimento de terceiros<\/strong><\/span>;<\/li><\/ul>\n\n\n\n<ul class=\"wp-block-list\"><li>VI \u2013 <strong>sa\u00edda do estabelecimento remetente<\/strong>, a<span class=\"has-inline-color has-vivid-green-cyan-color\"> <strong>reintrodu\u00e7\u00e3o no mercado interno<\/strong> <strong>das mercadorias sa\u00eddas com destino<\/strong> <\/span>aos estabelecimentos das empresas comerciais situadas no Estado, que operem exclusivamente no <strong><span class=\"has-inline-color has-vivid-green-cyan-color\">com\u00e9rcio de exporta\u00e7\u00e3o<\/span> <\/strong>e dos armaz\u00e9ns alfandegados e entrepostos aduaneiros, excetuado, a hip\u00f3tese de retorno das mercadorias para o estabelecimento de origem;<\/li><\/ul>\n\n\n\n<ul class=\"wp-block-list\"><li>VII \u2013 <strong>sa\u00edda do estabelecimento remetente<\/strong>, as mercadorias <strong><span class=\"has-inline-color has-vivid-green-cyan-color\">destinadas a demonstra\u00e7\u00e3o<\/span><\/strong>, dentro do Estado, <strong>que <span class=\"has-inline-color has-vivid-green-cyan-color\">n\u00e3o retornarem<\/span><\/strong> ao estabelecimento de origem, <strong>dentro do prazo<\/strong> estabelecido para o retorno <strong>[60 dias]<\/strong>.<\/li><\/ul>\n\n\n\n<p>Reparem que as hip\u00f3teses t\u00eam um \u201cqu\u00ea\u201d de irregularidade, n\u00e3o retornar com as mercadorias, dar destino diversos, exceto na hip\u00f3tese de encerramento das atividades.<\/p>\n\n\n\n<h3 class=\"wp-block-heading\">Estabelecimento<\/h3>\n\n\n\n<p>Voc\u00ea deve ter percebido que v\u00e1rios incisos do local de opera\u00e7\u00e3o citam o \u201cestabelecimento\u201d, assim vamos conhecer suas disposi\u00e7\u00f5es.<\/p>\n\n\n\n<p>Quanto \u00e0 defini\u00e7\u00e3o do <span class=\"has-inline-color has-vivid-cyan-blue-color\"><strong>estabelecimento<\/strong> <\/span>(Art. 24) \u00e9 a mesma que j\u00e1 conhecemos da Lei Kandir.<\/p>\n\n\n\n<p><strong><span class=\"has-inline-color has-vivid-green-cyan-color\">Responsabilidade pelo estabelecimento<\/span><\/strong> (Art. 25): Do <strong>titular<\/strong>, <span style=\"text-decoration: underline;\">considerando o conjunto todos os estabelecimentos<\/span> do mesmo titular (Art. 25, \u00a71\u00ba).<\/p>\n\n\n\n<p>Entretanto \u00e9 importante lembrar que cada <strong><span class=\"has-inline-color has-vivid-purple-color\">estabelecimento \u00e9 aut\u00f4nomo <\/span>para o cumprimento da obriga\u00e7\u00e3o tribut\u00e1ria <\/strong>(Art. 25, \u00a72\u00ba).<\/p>\n\n\n\n<p>Falando em estabelecimento aut\u00f4nomo, vejamos o que a lei considerou tamb\u00e9m como estabelecimento aut\u00f4nomo.<\/p>\n\n\n\n<p><strong><span class=\"has-inline-color has-vivid-purple-color\">Estabelecimento aut\u00f4nomo<\/span> <\/strong>(Art. 26) &#8211; considera-se:<\/p>\n\n\n\n<ul class=\"wp-block-list\"><li>I &#8211; o <strong>ve\u00edculo<\/strong> utilizado na <strong>venda <\/strong>de mercadoria <strong>sem destinat\u00e1rio certo<\/strong>, neste Estado, por <strong>contribuinte de outra unidade Federada<\/strong>; <span class=\"has-inline-color has-vivid-purple-color\">-&gt; Na Kandir fala-se em ve\u00edculo usado no com\u00e9rcio ambulante (Art. 11, \u00a73\u00ba, III)<\/span><\/li><li>II &#8211; o <strong>ve\u00edculo<\/strong> utilizado na <strong>captura de pescado<\/strong>.<\/li><\/ul>\n\n\n\n<p>Ainda, fiquemos com algumas defini\u00e7\u00f5es importantes.<\/p>\n\n\n\n<p><strong><span class=\"has-inline-color has-cyan-bluish-gray-color\">Defini\u00e7\u00f5es <\/span><\/strong>(Art. 27):<\/p>\n\n\n\n<ul class=\"wp-block-list\"><li>I \u2013<span class=\"has-inline-color has-vivid-purple-color\"> <strong>dep\u00f3sito fechado<\/strong><\/span>, o estabelecimento que o contribuinte mantiver <strong>exclusivamente para armazenamento de suas mercadorias<\/strong>;<\/li><li>II \u2013 <strong><span class=\"has-inline-color has-vivid-purple-color\">comercial<\/span><\/strong>, o local fora do estabelecimento rural de produtor em que o titular deste comercializar seus produtos;<\/li><\/ul>\n\n\n\n<ul class=\"wp-block-list\"><li>III <span class=\"has-inline-color has-vivid-purple-color\">\u2013 <strong>estabelecimento rural<\/strong><\/span> (<strong>comercial ou industrial<\/strong>):<\/li><\/ul>\n\n\n\n<p>a) cujo <strong>titular for pessoa jur\u00eddica<\/strong>;<\/p>\n\n\n\n<p>b) que estiver <strong>autorizado pelo fisco<\/strong> \u00e0 observ\u00e2ncia das disposi\u00e7\u00f5es a que se sujeitarem os estabelecimentos de comerciantes ou de industriais;<\/p>\n\n\n\n<p>c) que <strong>industrializar a sua pr\u00f3pria produ\u00e7\u00e3o<\/strong>.<\/p>\n\n\n\n<h2 class=\"wp-block-heading\">Momento do Fato Gerador<\/h2>\n\n\n\n<p>Dando continuidade ao Resumo sobre Local e Momento RICMS SEFAZ-RR, vamos abordar o momento do fato gerador.<\/p>\n\n\n\n<p><strong><span class=\"has-inline-color has-vivid-cyan-blue-color\">Momento <\/span><\/strong><span class=\"has-inline-color has-vivid-cyan-blue-color\"><strong>do Fato Gerador<\/strong> <\/span>(Art. 2\u00ba)<\/p>\n\n\n\n<ul class=\"wp-block-list\"><li><strong><span class=\"has-inline-color has-cyan-bluish-gray-color\">Importa\u00e7\u00e3o<\/span><\/strong><\/li><\/ul>\n\n\n\n<p>IX \u2013 do <span class=\"has-inline-color has-vivid-green-cyan-color\"><strong>desembara\u00e7o aduaneiro<\/strong> <\/span>de <strong>mercadorias<\/strong> ou bens importados <strong>do exterior<\/strong>;<\/p>\n\n\n\n<p><strong><span class=\"has-inline-color has-vivid-purple-color\">Entrega ap\u00f3s o desembara\u00e7o aduaneiro<\/span><\/strong> (Art. 2\u00ba, \u00a72\u00ba): a <strong>entrega<\/strong> <strong>dever\u00e1 ser autorizada<\/strong> pelo \u00f3rg\u00e3o respons\u00e1vel pelo seu desembara\u00e7o que, salvo disposi\u00e7\u00e3o em contr\u00e1rio, somente se far\u00e1 <strong>mediante a exibi\u00e7\u00e3o do comprovante de pagamento do ICMS <\/strong>(Art. 2\u00ba, \u00a72\u00ba).<\/p>\n\n\n\n<p><strong><span class=\"has-inline-color has-vivid-purple-color\">Entrega <\/span><span class=\"has-inline-color has-vivid-red-color\">antes <\/span><\/strong><span class=\"has-inline-color has-vivid-purple-color\"><strong>o desembara\u00e7o aduaneiro<\/strong> <\/span>(Art. 2\u00ba, \u00a7 6\u00ba): <strong>considera<\/strong>-se ocorrido o <strong><span class=\"has-inline-color has-luminous-vivid-orange-color\">fato gerador<\/span> neste momento<\/strong>, devendo a <strong>autoridade<\/strong> respons\u00e1vel, salvo disposi\u00e7\u00e3o em contr\u00e1rio, <strong>exigir a comprova\u00e7\u00e3o do pagamento do ICMS <\/strong>(Art. 2\u00ba, \u00a76\u00ba).<\/p>\n\n\n\n<ul class=\"wp-block-list\"><li><strong><span class=\"has-inline-color has-cyan-bluish-gray-color\">Baixa<\/span><\/strong><\/li><\/ul>\n\n\n\n<p>XV \u2013 do<span class=\"has-inline-color has-vivid-green-cyan-color\"> <strong>encerramento das atividades<\/strong><\/span>, em rela\u00e7\u00e3o \u00e0s <strong>mercadorias existentes em estoque<\/strong>;<\/p>\n\n\n\n<ul class=\"wp-block-list\"><li><strong><span class=\"has-inline-color has-cyan-bluish-gray-color\">Substitui\u00e7\u00e3o ou antecipa\u00e7\u00e3o tribut\u00e1ria<\/span><\/strong><\/li><\/ul>\n\n\n\n<p>XVII \u2013 <strong><span class=\"has-inline-color has-vivid-green-cyan-color\">da contrata\u00e7\u00e3o<\/span><\/strong>, por contribuinte, de <strong>servi\u00e7o<\/strong> a ser <strong>prestado por transportador aut\u00f4nomo<\/strong>, para efeito de exig\u00eancia do imposto por <span class=\"has-inline-color has-vivid-purple-color\"><strong>substitui\u00e7\u00e3o ou antecipa\u00e7\u00e3o tribut\u00e1ria<\/strong>;<\/span><\/p>\n\n\n\n<p>XVIII \u2013 <strong><span class=\"has-inline-color has-vivid-green-cyan-color\">da entrada no Estado<\/span><\/strong>, de <strong>mercadoria<\/strong> ou bem, para efeito de exig\u00eancia do imposto por <strong>s<\/strong><span class=\"has-inline-color has-vivid-purple-color\"><strong>ubstitui\u00e7\u00e3o ou antecipa\u00e7\u00e3o tribut\u00e1ria<\/strong>; <\/span><\/p>\n\n\n\n<ul class=\"wp-block-list\"><li><strong><span class=\"has-inline-color has-cyan-bluish-gray-color\">Opera\u00e7\u00f5es interestaduais para consumidor final<\/span><\/strong><\/li><\/ul>\n\n\n\n<p>XIII \u2013 da <span class=\"has-inline-color has-vivid-green-cyan-color\"><strong>entrada<\/strong>, <strong>no estabelecimento<\/strong> <\/span>de contribuinte, de <strong>bens oriundos de outra unidade da Federa\u00e7\u00e3o<\/strong>, destinados a <strong>consumo ou ao ativo permanente<\/strong>;<\/p>\n\n\n\n<p>XIV &#8211;<span class=\"has-inline-color has-vivid-green-cyan-color\"> <strong>da utiliza\u00e7\u00e3o<\/strong><\/span><strong>, por contribuinte<\/strong>, de <strong>servi\u00e7o<\/strong> cuja presta\u00e7\u00e3o se tenha iniciada em <strong>outra unidade da Federa\u00e7\u00e3o<\/strong> e <strong>n\u00e3o esteja vinculada a opera\u00e7\u00e3o ou presta\u00e7\u00e3o subsequente<\/strong>; <\/p>\n\n\n\n<p>XIX \u2013<span class=\"has-inline-color has-vivid-green-cyan-color\"> da <strong>entrada de bens ou servi\u00e7os<\/strong><\/span> oriundos de <strong>outra unidade da Federa\u00e7\u00e3o destinados ao consumidor final n\u00e3o contribuinte do ICMS<\/strong><span class=\"has-inline-color has-vivid-red-color\">*<\/span> &nbsp;&#8211;<span class=\"has-inline-color has-vivid-purple-color\">&gt; contribuinte de outra UF pode solicitar inscri\u00e7\u00e3o, vedado no caso de j\u00e1 estar cadastrado como substituto tribut\u00e1rio (\u00a714\u00ba)<\/span><\/p>\n\n\n\n<p>XX \u2013 da<span class=\"has-inline-color has-vivid-green-cyan-color\"> <strong>sa\u00edda de bens e servi\u00e7os<\/strong><\/span> <strong>a<\/strong> <strong>consumidor final n\u00e3o contribuinte do ICMS<\/strong>, <strong>localizado em outra unidade da Federa\u00e7\u00e3o<span class=\"has-inline-color has-vivid-red-color\">*<\/span> <\/strong><\/p>\n\n\n\n<h3 class=\"wp-block-heading\">Regras \u2013 Opera\u00e7\u00f5es Interestaduais (\u00a7\u00a77\u00ba ao 21), incisos XIX e XX<span class=\"has-inline-color has-vivid-red-color\">*<\/span><\/h3>\n\n\n\n<p>Conhe\u00e7amos algumas das<span class=\"has-inline-color has-vivid-cyan-blue-color\"> <strong>regras referentes \u00e0s opera\u00e7\u00f5es interestaduais a consumidor final n\u00e3o contribuinte<\/strong><\/span>.<\/p>\n\n\n\n<p><span class=\"has-inline-color has-vivid-green-cyan-color\"><strong>F\u00f3rmula<\/strong> <\/span>(Art. 2\u00ba, \u00a79\u00ba)<\/p>\n\n\n\n<p>ICMS origem = BC x ALQ inter<\/p>\n\n\n\n<p>ICMS destino = [BC x ALQ intra] &#8211; ICMS origem<\/p>\n\n\n\n<p>Onde: BC = base de c\u00e1lculo do imposto, observado o disposto no \u00a7 8\u00ba;<\/p>\n\n\n\n<p>ALQ inter = al\u00edquota interestadual aplic\u00e1vel \u00e0 opera\u00e7\u00e3o ou presta\u00e7\u00e3o;<\/p>\n\n\n\n<p>ALQ intra = al\u00edquota interna aplic\u00e1vel \u00e0 opera\u00e7\u00e3o ou presta\u00e7\u00e3o no Estado de destino.<\/p>\n\n\n\n<p><strong><span class=\"has-inline-color has-vivid-green-cyan-color\">Recolhimento do DIFAL<\/span><\/strong><span class=\"has-inline-color has-vivid-purple-color\"> <\/span>(\u00a712\u00ba): por meio da <strong>Guia Nacional de Recolhimento de Tributos Estaduais &#8211; GNRE<\/strong>, <strong>por ocasi\u00e3o da sa\u00edda<\/strong> do bem ou do in\u00edcio da presta\u00e7\u00e3o de servi\u00e7o, em rela\u00e7\u00e3o a cada opera\u00e7\u00e3o ou presta\u00e7\u00e3o; -&gt; deve conter o n\u00famero do respectivo documento fiscal e acompanhar o tr\u00e2nsito do bem ou a presta\u00e7\u00e3o do servi\u00e7o (\u00a713\u00ba)<\/p>\n\n\n\n<p><strong><span class=\"has-inline-color has-vivid-purple-color\">Recolhimento para prestadora de servi\u00e7o de transporte a\u00e9reo de cargas<\/span> <\/strong>(\u00a712\u00ba-A): at\u00e9 o <strong>15\u00ba dia do m\u00eas subsequente<\/strong> ao in\u00edcio da presta\u00e7\u00e3o de servi\u00e7o, independentemente de inscri\u00e7\u00e3o no Cadastro Geral da Fazenda do Estado de Roraima;<\/p>\n\n\n\n<p>Ainda, \u00e9 importante lembrar que as regras valem para os contribuintes optantes pelo Regime Especial Unificado de Arrecada\u00e7\u00e3o de Tributos e Contribui\u00e7\u00f5es devido pelo <strong><span class=\"has-inline-color has-luminous-vivid-orange-color\">Simples Nacional <\/span><\/strong>em <strong>rela\u00e7\u00e3o ao imposto devido \u00e0 unidade federada de destino <\/strong>(\u00a719\u00ba).<\/p>\n\n\n\n<h2 class=\"wp-block-heading\">Considera\u00e7\u00f5es Finais<\/h2>\n\n\n\n<p>Pessoal, chegamos ao final do Resumo sobre Local e Momento RICMS SEFAZ-RR &nbsp;\u2013 Decreto 4.335-E\/2001 (RICMS). Espero que tenham gostado.<\/p>\n\n\n\n<p>Como voc\u00eas devem saber, os artigos n\u00e3o t\u00eam por objetivo substituir as aulas. Aqui encontra-se os conte\u00fados principais de forma simplificada, assim n\u00e3o deixe de acompanhar o conte\u00fado das aulas, pois ali voc\u00eas encontrar\u00e3o exerc\u00edcios que ajudar\u00e3o a fixa\u00e7\u00e3o do conte\u00fado, al\u00e9m de uma explica\u00e7\u00e3o aprofundada sobre o tema.<\/p>\n\n\n\n<p>Gostou do conte\u00fado? Siga nossa p\u00e1gina<\/p>\n\n\n\n<p class=\"has-text-align-center\"><a href=\"https:\/\/www.instagram.com\/resumospassarin\">https:\/\/www.instagram.com\/resumospassarin<\/a><\/p>\n\n\n\n<h2 class=\"has-text-align-center wp-block-heading\" id=\"h-cursos-e-assinaturas\">Cursos e Assinaturas<\/h2>\n\n\n\n<div class=\"container\" id=\"boxes\">\n  <div class=\"row\">\n\n    <div class=\"col-sm\">\n      <div class=\"estrategia\" id=\"box-assinatura\">\n        <h3 class=\"titulo-assinatura\">Assinatura Concursos<\/h3>\n        <p class=\"subtitulo-assinatura\">Assinatura de 1 ano ou 2 anos<\/p>\n        <div class=\"box-botao\">\n          <a class=\"btn-assinatura\" target=\"_blank\" href=\"https:\/\/www.estrategiaconcursos.com.br\/assinaturas\/\" role=\"button\" rel=\"noopener noreferrer\">ASSINE AGORA<\/a>\n        <\/div>\n      <\/div><\/div><\/div><\/div>\n\n\n\n<div class=\"container\" id=\"boxes\">\n  <div class=\"row\">\n\n    <div class=\"col-sm\" id=\"boxes-concursos\">\n      <div style=\"background-color: #005DAD;\" class=\"conteudo-concursos\" id=\"box-concursos\">\n        <h3 class=\"titulo-assinatura\">Concursos Abertos<\/h3>\n        <p class=\"subtitulo-assinatura\">Os editais publicados<\/p>\n        <div class=\"box-botao\">\n          <a class=\"btn-assinatura\" target=\"_blank\" href=\"https:\/\/www.estrategiaconcursos.com.br\/blog\/concursos-abertos\/\" role=\"button\" rel=\"noopener noreferrer\">Conhe\u00e7a Agora<\/a>\n        <\/div>\n      <\/div>\n    <\/div>\n\n    <div class=\"col-sm\" id=\"boxes-concursos\">\n      <div style=\"background-color: #1A7ED5;\" class=\"conteudo-concursos\" id=\"box-concursos\">\n        <h3 class=\"titulo-assinatura\">Concursos 2021<\/h3>\n        <p class=\"subtitulo-assinatura\">As oportunidades previstas<\/p>\n        <div class=\"box-botao\">\n          <a class=\"btn-assinatura\" target=\"_blank\" href=\"https:\/\/www.estrategiaconcursos.com.br\/blog\/concursos-2021\/\" role=\"button\" rel=\"noopener noreferrer\">Conhe\u00e7a Agora<\/a>\n        <\/div>\n      <\/div>\n    <\/div>\n\n    <div class=\"col-sm\" id=\"boxes-concursos\">\n      <div style=\"background-color: #419FF0;\" class=\"conteudo-concursos\" id=\"box-concursos\">\n        <h3 class=\"titulo-assinatura\">Concursos 2022<\/h3>\n        <p class=\"subtitulo-assinatura\">Vagas para o pr\u00f3ximo ano<\/p>\n        <div class=\"box-botao\">\n          <a class=\"btn-assinatura\" target=\"_blank\" href=\"https:\/\/www.estrategiaconcursos.com.br\/blog\/concursos-2022\/\" role=\"button\" rel=\"noopener noreferrer\">Conhe\u00e7a Agora<\/a>\n        <\/div>\n      <\/div>\n    <\/div>\n\n  <\/div>\n<\/div>\n\n\n\n<div class=\"container\" id=\"boxes\">\n  <div class=\"row\">\n\n    <div class=\"col-sm\">\n      <div class=\"banner-tribunal\" id=\"box-assinatura\">\n        <h3 class=\"titulo-assinatura\">Cursos para Carreiras Jur\u00eddicas<\/h3>\n        <p class=\"subtitulo-assinatura\">Conhe\u00e7a os cursos<\/p>\n        <div class=\"box-botao\">\n          <a class=\"btn-assinatura\" target=\"_blank\" href=\"https:\/\/www.estrategiaconcursos.com.br\/cursosPorConcurso\/assinaturas-carreira-juridica\/\" rel=\"noopener noreferrer\">Conhe\u00e7a mais<\/a>\n        <\/div>\n      <\/div>\n      <p class=\"texto-auxiliar\">Prepare-se com o melhor material e com quem mais aprova em Concursos P\u00fablicos em todo o pa\u00eds.<\/p>\n    <\/div>\n\n  <\/div>\n<\/div>\n\n\n\n<p>At\u00e9 mais e bons estudos!<\/p>\n","protected":false},"excerpt":{"rendered":"<p>Ol\u00e1, pessoal. Tudo certo? No artigo de hoje veremos o Resumo sobre Local e Momento RICMS SEFAZ-RR. A maior parte do conte\u00fado j\u00e1 foi abordado pela Lei Kandir, assim tentaremos focar nas inova\u00e7\u00f5es da Legisla\u00e7\u00e3o de Roraima. Assuntos que ser\u00e3o tratados: Local da Opera\u00e7\u00e3o Estabelecimento Momento do Fato Gerador Preparado (a)? Vamos l\u00e1. Local da [&hellip;]<\/p>\n","protected":false},"author":1763,"featured_media":848790,"comment_status":"open","ping_status":"closed","sticky":false,"template":"","format":"standard","meta":{"post_tipo":"article","footnotes":""},"categories":[1983],"tags":[],"tax_estado":[219985],"class_list":["post-869119","post","type-post","status-publish","format-standard","has-post-thumbnail","hentry","category-fiscal-estadual","tax_estado-rr"],"acf":[],"yoast_head":"<!-- This site is optimized with the Yoast SEO Premium plugin v27.2 (Yoast SEO v27.2) - https:\/\/yoast.com\/product\/yoast-seo-premium-wordpress\/ -->\n<title>Resumo sobre Local e Momento RICMS SEFAZ-RR<\/title>\n<meta name=\"description\" content=\"Veja no artigo de hoje o Resumo sobre o Local de opera\u00e7\u00e3o e Momento do Fato Gerador no Decreto 4.335-E\/2001 (RICMS) para SEFAZ-RR.\" \/>\n<meta name=\"robots\" content=\"index, follow, max-snippet:-1, max-image-preview:large, max-video-preview:-1\" \/>\n<link rel=\"canonical\" href=\"https:\/\/www.estrategiaconcursos.com.br\/blog\/resumo-sobre-local-momento-ricms-sefaz-rr\/\" \/>\n<meta property=\"og:locale\" content=\"pt_BR\" \/>\n<meta property=\"og:type\" content=\"article\" \/>\n<meta property=\"og:title\" content=\"Resumo sobre Local e Momento RICMS SEFAZ-RR\" \/>\n<meta property=\"og:description\" content=\"Veja no artigo de hoje o Resumo sobre o Local de opera\u00e7\u00e3o e Momento do Fato Gerador no Decreto 4.335-E\/2001 (RICMS) para SEFAZ-RR.\" \/>\n<meta property=\"og:url\" content=\"https:\/\/www.estrategiaconcursos.com.br\/blog\/resumo-sobre-local-momento-ricms-sefaz-rr\/\" \/>\n<meta property=\"og:site_name\" content=\"Estrat\u00e9gia Concursos\" \/>\n<meta property=\"article:published_time\" content=\"2021-10-04T23:12:00+00:00\" \/>\n<meta property=\"og:image\" content=\"https:\/\/dhg1h5j42swfq.cloudfront.net\/2021\/08\/30102404\/imagem-sefaz-rr.jpg\" \/>\n\t<meta property=\"og:image:width\" content=\"311\" \/>\n\t<meta property=\"og:image:height\" content=\"162\" \/>\n\t<meta property=\"og:image:type\" content=\"image\/jpeg\" \/>\n<meta name=\"author\" content=\"Leonardo Menezes Passarin\" \/>\n<meta name=\"twitter:card\" content=\"summary_large_image\" \/>\n<meta name=\"twitter:creator\" content=\"@EstratConcursos\" \/>\n<meta name=\"twitter:site\" content=\"@EstratConcursos\" \/>\n<meta name=\"twitter:label1\" content=\"Escrito por\" \/>\n\t<meta name=\"twitter:data1\" content=\"Leonardo Menezes Passarin\" \/>\n\t<meta name=\"twitter:label2\" content=\"Est. tempo de leitura\" \/>\n\t<meta name=\"twitter:data2\" content=\"7 minutos\" \/>\n<script type=\"application\/ld+json\" class=\"yoast-schema-graph\">{\"@context\":\"https:\/\/schema.org\",\"@graph\":[{\"@type\":\"NewsArticle\",\"@id\":\"https:\/\/www.estrategiaconcursos.com.br\/blog\/resumo-sobre-local-momento-ricms-sefaz-rr\/#article\",\"isPartOf\":{\"@id\":\"https:\/\/www.estrategiaconcursos.com.br\/blog\/resumo-sobre-local-momento-ricms-sefaz-rr\/\"},\"author\":{\"name\":\"Leonardo Menezes Passarin\",\"@id\":\"https:\/\/www.estrategiaconcursos.com.br\/blog\/#\/schema\/person\/245b44e43eb13f0dbd04a7a078cd0d0d\"},\"headline\":\"Resumo sobre Local e Momento RICMS SEFAZ-RR\",\"datePublished\":\"2021-10-04T23:12:00+00:00\",\"mainEntityOfPage\":{\"@id\":\"https:\/\/www.estrategiaconcursos.com.br\/blog\/resumo-sobre-local-momento-ricms-sefaz-rr\/\"},\"wordCount\":1655,\"commentCount\":0,\"publisher\":{\"@id\":\"https:\/\/www.estrategiaconcursos.com.br\/blog\/#organization\"},\"image\":{\"@id\":\"https:\/\/www.estrategiaconcursos.com.br\/blog\/resumo-sobre-local-momento-ricms-sefaz-rr\/#primaryimage\"},\"thumbnailUrl\":\"https:\/\/dhg1h5j42swfq.cloudfront.net\/2021\/08\/30102404\/imagem-sefaz-rr.jpg\",\"articleSection\":[\"Fiscal - Estadual (ICMS)\"],\"inLanguage\":\"pt-BR\",\"potentialAction\":[{\"@type\":\"CommentAction\",\"name\":\"Comment\",\"target\":[\"https:\/\/www.estrategiaconcursos.com.br\/blog\/resumo-sobre-local-momento-ricms-sefaz-rr\/#respond\"]}],\"copyrightYear\":\"2021\",\"copyrightHolder\":{\"@id\":\"https:\/\/www.estrategiaconcursos.com.br\/blog\/#organization\"}},{\"@type\":\"WebPage\",\"@id\":\"https:\/\/www.estrategiaconcursos.com.br\/blog\/resumo-sobre-local-momento-ricms-sefaz-rr\/\",\"url\":\"https:\/\/www.estrategiaconcursos.com.br\/blog\/resumo-sobre-local-momento-ricms-sefaz-rr\/\",\"name\":\"Resumo sobre Local e Momento RICMS SEFAZ-RR\",\"isPartOf\":{\"@id\":\"https:\/\/www.estrategiaconcursos.com.br\/blog\/#website\"},\"primaryImageOfPage\":{\"@id\":\"https:\/\/www.estrategiaconcursos.com.br\/blog\/resumo-sobre-local-momento-ricms-sefaz-rr\/#primaryimage\"},\"image\":{\"@id\":\"https:\/\/www.estrategiaconcursos.com.br\/blog\/resumo-sobre-local-momento-ricms-sefaz-rr\/#primaryimage\"},\"thumbnailUrl\":\"https:\/\/dhg1h5j42swfq.cloudfront.net\/2021\/08\/30102404\/imagem-sefaz-rr.jpg\",\"datePublished\":\"2021-10-04T23:12:00+00:00\",\"description\":\"Veja no artigo de hoje o Resumo sobre o Local de opera\u00e7\u00e3o e Momento do Fato Gerador no Decreto 4.335-E\/2001 (RICMS) para SEFAZ-RR.\",\"breadcrumb\":{\"@id\":\"https:\/\/www.estrategiaconcursos.com.br\/blog\/resumo-sobre-local-momento-ricms-sefaz-rr\/#breadcrumb\"},\"inLanguage\":\"pt-BR\",\"potentialAction\":[{\"@type\":\"ReadAction\",\"target\":[\"https:\/\/www.estrategiaconcursos.com.br\/blog\/resumo-sobre-local-momento-ricms-sefaz-rr\/\"]}]},{\"@type\":\"ImageObject\",\"inLanguage\":\"pt-BR\",\"@id\":\"https:\/\/www.estrategiaconcursos.com.br\/blog\/resumo-sobre-local-momento-ricms-sefaz-rr\/#primaryimage\",\"url\":\"https:\/\/dhg1h5j42swfq.cloudfront.net\/2021\/08\/30102404\/imagem-sefaz-rr.jpg\",\"contentUrl\":\"https:\/\/dhg1h5j42swfq.cloudfront.net\/2021\/08\/30102404\/imagem-sefaz-rr.jpg\",\"width\":311,\"height\":162,\"caption\":\"quest\u00f5es in\u00e9ditas SEFAZ RR\"},{\"@type\":\"BreadcrumbList\",\"@id\":\"https:\/\/www.estrategiaconcursos.com.br\/blog\/resumo-sobre-local-momento-ricms-sefaz-rr\/#breadcrumb\",\"itemListElement\":[{\"@type\":\"ListItem\",\"position\":1,\"name\":\"In\u00edcio\",\"item\":\"https:\/\/www.estrategiaconcursos.com.br\/blog\/\"},{\"@type\":\"ListItem\",\"position\":2,\"name\":\"Resumo sobre Local e Momento RICMS SEFAZ-RR\"}]},{\"@type\":\"WebSite\",\"@id\":\"https:\/\/www.estrategiaconcursos.com.br\/blog\/#website\",\"url\":\"https:\/\/www.estrategiaconcursos.com.br\/blog\/\",\"name\":\"Estrat\u00e9gia Concursos\",\"description\":\"O blog da Estrat\u00e9gia Concursos traz not\u00edcias sobre concursos e artigos de professores oferecendo cursos para concursos (pdf + videaulas) no site.\",\"publisher\":{\"@id\":\"https:\/\/www.estrategiaconcursos.com.br\/blog\/#organization\"},\"potentialAction\":[{\"@type\":\"SearchAction\",\"target\":{\"@type\":\"EntryPoint\",\"urlTemplate\":\"https:\/\/www.estrategiaconcursos.com.br\/blog\/?s={search_term_string}\"},\"query-input\":{\"@type\":\"PropertyValueSpecification\",\"valueRequired\":true,\"valueName\":\"search_term_string\"}}],\"inLanguage\":\"pt-BR\"},{\"@type\":\"Organization\",\"@id\":\"https:\/\/www.estrategiaconcursos.com.br\/blog\/#organization\",\"name\":\"Estrat\u00e9gia Concursos\",\"url\":\"https:\/\/www.estrategiaconcursos.com.br\/blog\/\",\"logo\":{\"@type\":\"ImageObject\",\"inLanguage\":\"pt-BR\",\"@id\":\"https:\/\/www.estrategiaconcursos.com.br\/blog\/#\/schema\/logo\/image\/\",\"url\":\"https:\/\/dhg1h5j42swfq.cloudfront.net\/2025\/06\/03203428\/logo_concursos-1.jpg\",\"contentUrl\":\"https:\/\/dhg1h5j42swfq.cloudfront.net\/2025\/06\/03203428\/logo_concursos-1.jpg\",\"width\":230,\"height\":60,\"caption\":\"Estrat\u00e9gia Concursos\"},\"image\":{\"@id\":\"https:\/\/www.estrategiaconcursos.com.br\/blog\/#\/schema\/logo\/image\/\"},\"sameAs\":[\"https:\/\/x.com\/EstratConcursos\"]},{\"@type\":\"Person\",\"@id\":\"https:\/\/www.estrategiaconcursos.com.br\/blog\/#\/schema\/person\/245b44e43eb13f0dbd04a7a078cd0d0d\",\"name\":\"Leonardo Menezes Passarin\",\"image\":{\"@type\":\"ImageObject\",\"inLanguage\":\"pt-BR\",\"@id\":\"https:\/\/secure.gravatar.com\/avatar\/fc0e5714ceaa97f24e6e6a30eab74ba8a701c2b62f8cab100ffdb22c6d8f42c3?s=96&d=mm&r=g\",\"url\":\"https:\/\/secure.gravatar.com\/avatar\/fc0e5714ceaa97f24e6e6a30eab74ba8a701c2b62f8cab100ffdb22c6d8f42c3?s=96&d=mm&r=g\",\"contentUrl\":\"https:\/\/secure.gravatar.com\/avatar\/fc0e5714ceaa97f24e6e6a30eab74ba8a701c2b62f8cab100ffdb22c6d8f42c3?s=96&d=mm&r=g\",\"caption\":\"Leonardo Menezes Passarin\"},\"url\":\"https:\/\/www.estrategiaconcursos.com.br\/blog\/author\/passarin-leonardohotmail-com\/\"}]}<\/script>\n<!-- \/ Yoast SEO Premium plugin. -->","yoast_head_json":{"title":"Resumo sobre Local e Momento RICMS SEFAZ-RR","description":"Veja no artigo de hoje o Resumo sobre o Local de opera\u00e7\u00e3o e Momento do Fato Gerador no Decreto 4.335-E\/2001 (RICMS) para SEFAZ-RR.","robots":{"index":"index","follow":"follow","max-snippet":"max-snippet:-1","max-image-preview":"max-image-preview:large","max-video-preview":"max-video-preview:-1"},"canonical":"https:\/\/www.estrategiaconcursos.com.br\/blog\/resumo-sobre-local-momento-ricms-sefaz-rr\/","og_locale":"pt_BR","og_type":"article","og_title":"Resumo sobre Local e Momento RICMS SEFAZ-RR","og_description":"Veja no artigo de hoje o Resumo sobre o Local de opera\u00e7\u00e3o e Momento do Fato Gerador no Decreto 4.335-E\/2001 (RICMS) para SEFAZ-RR.","og_url":"https:\/\/www.estrategiaconcursos.com.br\/blog\/resumo-sobre-local-momento-ricms-sefaz-rr\/","og_site_name":"Estrat\u00e9gia Concursos","article_published_time":"2021-10-04T23:12:00+00:00","og_image":[{"width":311,"height":162,"url":"https:\/\/dhg1h5j42swfq.cloudfront.net\/2021\/08\/30102404\/imagem-sefaz-rr.jpg","type":"image\/jpeg"}],"author":"Leonardo Menezes Passarin","twitter_card":"summary_large_image","twitter_creator":"@EstratConcursos","twitter_site":"@EstratConcursos","twitter_misc":{"Escrito por":"Leonardo Menezes Passarin","Est. tempo de leitura":"7 minutos"},"schema":{"@context":"https:\/\/schema.org","@graph":[{"@type":"NewsArticle","@id":"https:\/\/www.estrategiaconcursos.com.br\/blog\/resumo-sobre-local-momento-ricms-sefaz-rr\/#article","isPartOf":{"@id":"https:\/\/www.estrategiaconcursos.com.br\/blog\/resumo-sobre-local-momento-ricms-sefaz-rr\/"},"author":{"name":"Leonardo Menezes Passarin","@id":"https:\/\/www.estrategiaconcursos.com.br\/blog\/#\/schema\/person\/245b44e43eb13f0dbd04a7a078cd0d0d"},"headline":"Resumo sobre Local e Momento RICMS SEFAZ-RR","datePublished":"2021-10-04T23:12:00+00:00","mainEntityOfPage":{"@id":"https:\/\/www.estrategiaconcursos.com.br\/blog\/resumo-sobre-local-momento-ricms-sefaz-rr\/"},"wordCount":1655,"commentCount":0,"publisher":{"@id":"https:\/\/www.estrategiaconcursos.com.br\/blog\/#organization"},"image":{"@id":"https:\/\/www.estrategiaconcursos.com.br\/blog\/resumo-sobre-local-momento-ricms-sefaz-rr\/#primaryimage"},"thumbnailUrl":"https:\/\/dhg1h5j42swfq.cloudfront.net\/2021\/08\/30102404\/imagem-sefaz-rr.jpg","articleSection":["Fiscal - Estadual (ICMS)"],"inLanguage":"pt-BR","potentialAction":[{"@type":"CommentAction","name":"Comment","target":["https:\/\/www.estrategiaconcursos.com.br\/blog\/resumo-sobre-local-momento-ricms-sefaz-rr\/#respond"]}],"copyrightYear":"2021","copyrightHolder":{"@id":"https:\/\/www.estrategiaconcursos.com.br\/blog\/#organization"}},{"@type":"WebPage","@id":"https:\/\/www.estrategiaconcursos.com.br\/blog\/resumo-sobre-local-momento-ricms-sefaz-rr\/","url":"https:\/\/www.estrategiaconcursos.com.br\/blog\/resumo-sobre-local-momento-ricms-sefaz-rr\/","name":"Resumo sobre Local e Momento RICMS SEFAZ-RR","isPartOf":{"@id":"https:\/\/www.estrategiaconcursos.com.br\/blog\/#website"},"primaryImageOfPage":{"@id":"https:\/\/www.estrategiaconcursos.com.br\/blog\/resumo-sobre-local-momento-ricms-sefaz-rr\/#primaryimage"},"image":{"@id":"https:\/\/www.estrategiaconcursos.com.br\/blog\/resumo-sobre-local-momento-ricms-sefaz-rr\/#primaryimage"},"thumbnailUrl":"https:\/\/dhg1h5j42swfq.cloudfront.net\/2021\/08\/30102404\/imagem-sefaz-rr.jpg","datePublished":"2021-10-04T23:12:00+00:00","description":"Veja no artigo de hoje o Resumo sobre o Local de opera\u00e7\u00e3o e Momento do Fato Gerador no Decreto 4.335-E\/2001 (RICMS) para SEFAZ-RR.","breadcrumb":{"@id":"https:\/\/www.estrategiaconcursos.com.br\/blog\/resumo-sobre-local-momento-ricms-sefaz-rr\/#breadcrumb"},"inLanguage":"pt-BR","potentialAction":[{"@type":"ReadAction","target":["https:\/\/www.estrategiaconcursos.com.br\/blog\/resumo-sobre-local-momento-ricms-sefaz-rr\/"]}]},{"@type":"ImageObject","inLanguage":"pt-BR","@id":"https:\/\/www.estrategiaconcursos.com.br\/blog\/resumo-sobre-local-momento-ricms-sefaz-rr\/#primaryimage","url":"https:\/\/dhg1h5j42swfq.cloudfront.net\/2021\/08\/30102404\/imagem-sefaz-rr.jpg","contentUrl":"https:\/\/dhg1h5j42swfq.cloudfront.net\/2021\/08\/30102404\/imagem-sefaz-rr.jpg","width":311,"height":162,"caption":"quest\u00f5es in\u00e9ditas SEFAZ RR"},{"@type":"BreadcrumbList","@id":"https:\/\/www.estrategiaconcursos.com.br\/blog\/resumo-sobre-local-momento-ricms-sefaz-rr\/#breadcrumb","itemListElement":[{"@type":"ListItem","position":1,"name":"In\u00edcio","item":"https:\/\/www.estrategiaconcursos.com.br\/blog\/"},{"@type":"ListItem","position":2,"name":"Resumo sobre Local e Momento RICMS SEFAZ-RR"}]},{"@type":"WebSite","@id":"https:\/\/www.estrategiaconcursos.com.br\/blog\/#website","url":"https:\/\/www.estrategiaconcursos.com.br\/blog\/","name":"Estrat\u00e9gia Concursos","description":"O blog da Estrat\u00e9gia Concursos traz not\u00edcias sobre concursos e artigos de professores oferecendo cursos para concursos (pdf + videaulas) no site.","publisher":{"@id":"https:\/\/www.estrategiaconcursos.com.br\/blog\/#organization"},"potentialAction":[{"@type":"SearchAction","target":{"@type":"EntryPoint","urlTemplate":"https:\/\/www.estrategiaconcursos.com.br\/blog\/?s={search_term_string}"},"query-input":{"@type":"PropertyValueSpecification","valueRequired":true,"valueName":"search_term_string"}}],"inLanguage":"pt-BR"},{"@type":"Organization","@id":"https:\/\/www.estrategiaconcursos.com.br\/blog\/#organization","name":"Estrat\u00e9gia Concursos","url":"https:\/\/www.estrategiaconcursos.com.br\/blog\/","logo":{"@type":"ImageObject","inLanguage":"pt-BR","@id":"https:\/\/www.estrategiaconcursos.com.br\/blog\/#\/schema\/logo\/image\/","url":"https:\/\/dhg1h5j42swfq.cloudfront.net\/2025\/06\/03203428\/logo_concursos-1.jpg","contentUrl":"https:\/\/dhg1h5j42swfq.cloudfront.net\/2025\/06\/03203428\/logo_concursos-1.jpg","width":230,"height":60,"caption":"Estrat\u00e9gia Concursos"},"image":{"@id":"https:\/\/www.estrategiaconcursos.com.br\/blog\/#\/schema\/logo\/image\/"},"sameAs":["https:\/\/x.com\/EstratConcursos"]},{"@type":"Person","@id":"https:\/\/www.estrategiaconcursos.com.br\/blog\/#\/schema\/person\/245b44e43eb13f0dbd04a7a078cd0d0d","name":"Leonardo Menezes Passarin","image":{"@type":"ImageObject","inLanguage":"pt-BR","@id":"https:\/\/secure.gravatar.com\/avatar\/fc0e5714ceaa97f24e6e6a30eab74ba8a701c2b62f8cab100ffdb22c6d8f42c3?s=96&d=mm&r=g","url":"https:\/\/secure.gravatar.com\/avatar\/fc0e5714ceaa97f24e6e6a30eab74ba8a701c2b62f8cab100ffdb22c6d8f42c3?s=96&d=mm&r=g","contentUrl":"https:\/\/secure.gravatar.com\/avatar\/fc0e5714ceaa97f24e6e6a30eab74ba8a701c2b62f8cab100ffdb22c6d8f42c3?s=96&d=mm&r=g","caption":"Leonardo Menezes Passarin"},"url":"https:\/\/www.estrategiaconcursos.com.br\/blog\/author\/passarin-leonardohotmail-com\/"}]}},"_links":{"self":[{"href":"https:\/\/www.estrategiaconcursos.com.br\/blog\/wp-json\/wp\/v2\/posts\/869119","targetHints":{"allow":["GET"]}}],"collection":[{"href":"https:\/\/www.estrategiaconcursos.com.br\/blog\/wp-json\/wp\/v2\/posts"}],"about":[{"href":"https:\/\/www.estrategiaconcursos.com.br\/blog\/wp-json\/wp\/v2\/types\/post"}],"author":[{"embeddable":true,"href":"https:\/\/www.estrategiaconcursos.com.br\/blog\/wp-json\/wp\/v2\/users\/1763"}],"replies":[{"embeddable":true,"href":"https:\/\/www.estrategiaconcursos.com.br\/blog\/wp-json\/wp\/v2\/comments?post=869119"}],"version-history":[{"count":6,"href":"https:\/\/www.estrategiaconcursos.com.br\/blog\/wp-json\/wp\/v2\/posts\/869119\/revisions"}],"predecessor-version":[{"id":873726,"href":"https:\/\/www.estrategiaconcursos.com.br\/blog\/wp-json\/wp\/v2\/posts\/869119\/revisions\/873726"}],"wp:featuredmedia":[{"embeddable":true,"href":"https:\/\/www.estrategiaconcursos.com.br\/blog\/wp-json\/wp\/v2\/media\/848790"}],"wp:attachment":[{"href":"https:\/\/www.estrategiaconcursos.com.br\/blog\/wp-json\/wp\/v2\/media?parent=869119"}],"wp:term":[{"taxonomy":"category","embeddable":true,"href":"https:\/\/www.estrategiaconcursos.com.br\/blog\/wp-json\/wp\/v2\/categories?post=869119"},{"taxonomy":"post_tag","embeddable":true,"href":"https:\/\/www.estrategiaconcursos.com.br\/blog\/wp-json\/wp\/v2\/tags?post=869119"},{"taxonomy":"tax_estado","embeddable":true,"href":"https:\/\/www.estrategiaconcursos.com.br\/blog\/wp-json\/wp\/v2\/tax_estado?post=869119"}],"curies":[{"name":"wp","href":"https:\/\/api.w.org\/{rel}","templated":true}]}}