{"id":869107,"date":"2021-09-23T18:53:00","date_gmt":"2021-09-23T21:53:00","guid":{"rendered":"https:\/\/www.estrategiaconcursos.com.br\/blog\/?p=869107"},"modified":"2021-09-23T20:04:13","modified_gmt":"2021-09-23T23:04:13","slug":"sindjus-df-transformacao-cargos-tjdft","status":"publish","type":"post","link":"https:\/\/www.estrategiaconcursos.com.br\/blog\/sindjus-df-transformacao-cargos-tjdft\/","title":{"rendered":"Sindjus DF se manifesta contra transforma\u00e7\u00e3o de cargos no TJDFT!"},"content":{"rendered":"\n<p>O Sindicato dos Servidores do Poder Judici\u00e1rio e do MPU no DF (Sindjus DF), em uma nota no seu <a href=\"https:\/\/sindjusdf.org.br\/2021\/09\/20\/sindjus-df-e-contra-extincao-de-192-cargos-de-tecnicos-do-tjdft-e-requer-reuniao-com-o-presidente-do-tribunal-para-sugerir-alternativas\/\" target=\"_blank\" rel=\"noreferrer noopener\">Portal Eletr\u00f4nico Oficial<\/a> da segunda-feira, 20 de setembro, se manifestou em contrariamente \u00e0 decis\u00e3o do TJDFT de transformar 192 cargos efetivos de t\u00e9cnicos judici\u00e1rios e policiais judiciais, atualmente vagos, em aproximadamente 100 cargos de analistas judici\u00e1rios, sem aumento de despesas, para atender solicita\u00e7\u00e3o das autoridades.<\/p>\n\n\n\n<p>Segundo a not\u00edcia, os cargos de <span style=\"text-decoration: underline;\">t\u00e9cnicos judici\u00e1rios<\/span> a serem extintos totalizariam o percentual de 3,95% do total de cargos e seriam os seguintes: <\/p>\n\n\n\n<ul class=\"wp-block-list\"><li>153 cargos da \u00e1rea administrativa sem especialidade, <\/li><li>15 cargos da \u00e1rea administrativa com a especialidade Seguran\u00e7a, <\/li><li>3 cargos da \u00e1rea de apoio especializado especialidade Enfermagem,<\/li><li>21 cargos da \u00e1rea de apoio especializado especialidade Programa\u00e7\u00e3o de Sistemas. <\/li><\/ul>\n\n\n\n<p>Segundo o SindJus DF, que afirma ser terminantemente contra a medida e que ir\u00e1 combat\u00ea-la efetivamente, n\u00e3o houve debate pr\u00e9vio com os representantes da categoria, sendo esta apenas comunicada da decis\u00e3o tomada pela coordenadora do Sindicato, S\u00f4nia Cardoso, que tamb\u00e9m \u00e9 servidora do TJDFT, e participou da reuni\u00e3o convocada pela Administra\u00e7\u00e3o para comunic\u00e1-la.<\/p>\n\n\n\n<p>A categoria exige a imediata abertura de di\u00e1logo para discutir a mat\u00e9ria que, segundo ela, promove um verdadeiro desmonte do quadro de t\u00e9cnicos do tribunal. Isto porque, a <strong>decis\u00e3o al\u00e9m de fazer mudan\u00e7as substanciais na estrutura dos cargos do TJDFT, abre precedente para que outros \u00f3rg\u00e3os do Poder Judici\u00e1rio extingam cargos de t\u00e9cnicos.<\/strong><\/p>\n\n\n\n<p>O jur\u00eddico do SindJus DF analisa tamb\u00e9m ingressar com a\u00e7\u00f5es administrativas e jur\u00eddicas cab\u00edveis. N\u00e3o obstante, caso  proposta seja efetivamente enviada ao Congresso Nacional, a categoria ir\u00e1 vai lutar dia e noite para derrub\u00e1-lo nas Casas Legislativas por meio todas as vias poss\u00edveis, inclusive fazendo campanhas e chamando atos e mobiliza\u00e7\u00f5es.<\/p>\n\n\n\n<p>Mas tais a\u00e7\u00f5es ainda podem ser evitadas j\u00e1 que, com base em estudos realizados, o Sindicato possui alternativas consistentes e vi\u00e1veis a serem apresentadas ao presidente do TJDFT. Por isso, o Sindicato refor\u00e7ou a necessidade de abrir um canal de comunica\u00e7\u00e3o direto com a Presid\u00eancia para impedir o corte no segmento de t\u00e9cnicos judici\u00e1rios.<\/p>\n\n\n\n<p>Enquanto isso, a Diretoria est\u00e1 no aguardo de audi\u00eancia com o presidente do TJDFT, desembargador Romeu Gonzaga Neiva, para tratar dessa quest\u00e3o e de outros itens da pauta dos servidores do TJDFT.<\/p>\n\n\n\n<p>A justificativa da Administra\u00e7\u00e3o \u00e9 de que um concurso para t\u00e9cnicos n\u00e3o pode exigir forma\u00e7\u00e3o em Direito, que \u00e9 a necessidade que o tribunal est\u00e1 tendo. Como o cargo de t\u00e9cnico n\u00e3o exige n\u00edvel superior, os servidores que fossem aprovados em concurso poderiam ter qualquer forma\u00e7\u00e3o superior e, at\u00e9 mesmo, n\u00e3o ter n\u00edvel superior.<\/p>\n\n\n\n<p>Contudo, o Sindicato argumenta defende a determina\u00e7\u00e3o de n\u00edvel Superior para T\u00e9cnicos, uma demanda que \u00e9 leg\u00edtima e justa que foi aprovada em todas as inst\u00e2ncias do segmento e da categoria e que precisa se tornar realidade, sem que seja necess\u00e1rio desprestigiar a carreira. <\/p>\n\n\n\n<p>Havia expectativas de que um novo concurso do Tribunal de Justi\u00e7a do Distrito Federal e Territ\u00f3rios (TJDFT) pudesse ser realizado em 2022, j\u00e1 que o certame est\u00e1 previsto no\u00a0Projeto de Lei Or\u00e7ament\u00e1ria Anual (PLOA) 2022, mencionando a oferta de <strong>250 vagas<\/strong>.  <\/p>\n\n\n\n<p>Vale lembrar tamb\u00e9m que o <strong>Conselho Especial do Tribunal de Justi\u00e7a do Distrito Federal e Territ\u00f3rios aprovou o in\u00edcio do processo<\/strong> para realiza\u00e7\u00e3o do concurso e o <strong>adiantamento dos tr\u00e2mites para publica\u00e7\u00e3o do novo edital TJDFT ainda para 2021<\/strong>, considerando a constante necessidade do provimento de cargos de servidores no tribunal. <\/p>\n\n\n\n<p>Com a aprova\u00e7\u00e3o por unanimidade, a incumb\u00eancia e atribui\u00e7\u00e3o se dar\u00e1 \u00e0 2\u00aa Vice-Presid\u00eancia do \u00f3rg\u00e3o, por meio da comiss\u00e3o de concursos. A publica\u00e7\u00e3o do edital \u00e9 de extrema import\u00e2ncia, j\u00e1 que o TJDFT teve muitas aposentadorias e outros tribunais n\u00e3o quiseram ceder servidores para que as reposi\u00e7\u00f5es acontecessem. <\/p>\n\n\n\n<p class=\"has-text-align-center has-light-green-cyan-background-color has-background has-medium-font-size\"><strong>Mais informa\u00e7\u00f5es: <a href=\"https:\/\/www.estrategiaconcursos.com.br\/blog\/concurso-tjdft-2021\" target=\"_blank\" rel=\"noreferrer noopener\">Concurso TJDFT<\/a><\/strong><\/p>\n\n\n\n<h2 class=\"has-text-align-center wp-block-heading\" id=\"cursos-concurso-tjdft\"><strong><em>Quer estudar para TJDFT?<\/em><\/strong><\/h2>\n\n\n\n<p class=\"has-text-align-center\"><em><strong>Gostou desta oportunidade e deseja come\u00e7ar se preparar agora mesmo? <\/strong><\/em><br \/><em><strong>Ent\u00e3o, confira os nossos cursos e comece a estudar para TJDFT:<\/strong><\/em><\/p>\n\n\n\n<div class=\"container\" id=\"boxes\">\n  <div class=\"row\">\n\n    <div class=\"col-sm\">\n      <div class=\"banner-tribunal\" id=\"box-assinatura\">\n        <h3 class=\"titulo-assinatura\">Curso TJDFT<\/h3>\n        <p class=\"subtitulo-assinatura\">Conhe\u00e7a os cursos<\/p>\n        <div class=\"box-botao\">\n          <a class=\"btn-assinatura\" target=\"_blank\" href=\"https:\/\/www.estrategiaconcursos.com.br\/cursosPorConcurso\/tjdft-125\/\" role=\"button\" rel=\"noopener noreferrer\">Conhe\u00e7a mais<\/a>\n        <\/div>\n      <\/div>\n      <p class=\"texto-auxiliar\">Prepare-se com o melhor material e com quem mais aprova em Concursos P\u00fablicos em todo o pa\u00eds.<\/p>\n    <\/div>\n\n  <\/div>\n<\/div>\n\n\n\n<div class=\"container\" id=\"boxes\">\n  <div class=\"row\">\n\n    <div class=\"col-sm\">\n      <div class=\"estrategia\" id=\"box-assinatura\">\n        <h3 class=\"titulo-assinatura\">Assinatura<\/h3>\n        <p class=\"subtitulo-assinatura\">Assinatura de 1 ano ou 2 anos<\/p>\n        <div class=\"box-botao\">\n          <a class=\"btn-assinatura\" target=\"_blank\" href=\"https:\/\/www.estrategiaconcursos.com.br\/assinaturas\/\" role=\"button\" rel=\"noopener noreferrer\">ASSINE AGORA<\/a>\n        <\/div>\n      <\/div>\n     \n    <\/div><\/div><\/div>\n\n\n\n<div class=\"container\" id=\"boxes\">\n  <div class=\"row\">\n\n    <div class=\"col-sm\" id=\"boxes-concursos\">\n      <div style=\"background-color: #005DAD;\" class=\"conteudo-concursos\" id=\"box-concursos\">\n        <h3 class=\"titulo-assinatura\">Concursos Abertos<\/h3>\n        <p class=\"subtitulo-assinatura\">Os editais publicados<\/p>\n        <div class=\"box-botao\">\n          <a class=\"btn-assinatura\" target=\"_blank\" href=\"https:\/\/www.estrategiaconcursos.com.br\/blog\/concursos-abertos\/\" role=\"button\" rel=\"noopener noreferrer\">Conhe\u00e7a Agora<\/a>\n        <\/div>\n      <\/div>\n    <\/div>\n\n    <div class=\"col-sm\" id=\"boxes-concursos\">\n      <div style=\"background-color: #1A7ED5;\" class=\"conteudo-concursos\" id=\"box-concursos\">\n        <h3 class=\"titulo-assinatura\">Concursos 2021<\/h3>\n        <p class=\"subtitulo-assinatura\">As oportunidades previstas<\/p>\n        <div class=\"box-botao\">\n          <a class=\"btn-assinatura\" target=\"_blank\" href=\"https:\/\/www.estrategiaconcursos.com.br\/blog\/concursos-2021\/\" role=\"button\" rel=\"noopener noreferrer\">Conhe\u00e7a Agora<\/a>\n        <\/div>\n      <\/div>\n    <\/div>\n\n    <div class=\"col-sm\" id=\"boxes-concursos\">\n      <div style=\"background-color: #419FF0;\" class=\"conteudo-concursos\" id=\"box-concursos\">\n        <h3 class=\"titulo-assinatura\">Concursos 2022<\/h3>\n        <p class=\"subtitulo-assinatura\">Vagas para o pr\u00f3ximo ano<\/p>\n        <div class=\"box-botao\">\n          <a class=\"btn-assinatura\" target=\"_blank\" href=\"https:\/\/www.estrategiaconcursos.com.br\/blog\/concursos-2022\/\" role=\"button\" rel=\"noopener noreferrer\">Conhe\u00e7a Agora<\/a>\n        <\/div>\n      <\/div>\n    <\/div>\n\n  <\/div>\n<\/div>\n","protected":false},"excerpt":{"rendered":"<p>O Sindicato dos Servidores do Poder Judici\u00e1rio e do MPU no DF (Sindjus DF), em uma nota no seu Portal Eletr\u00f4nico Oficial da segunda-feira, 20 de setembro, se manifestou em contrariamente \u00e0 decis\u00e3o do TJDFT de transformar 192 cargos efetivos de t\u00e9cnicos judici\u00e1rios e policiais judiciais, atualmente vagos, em aproximadamente 100 cargos de analistas judici\u00e1rios, [&hellip;]<\/p>\n","protected":false},"author":1,"featured_media":869122,"comment_status":"open","ping_status":"closed","sticky":false,"template":"","format":"standard","meta":{"post_tipo":"news","footnotes":""},"categories":[1984],"tags":[],"tax_estado":[219970],"class_list":["post-869107","post","type-post","status-publish","format-standard","has-post-thumbnail","hentry","category-tribunais","tax_estado-df"],"acf":[],"yoast_head":"<!-- This site is optimized with the Yoast SEO Premium plugin v27.2 (Yoast SEO v27.2) - https:\/\/yoast.com\/product\/yoast-seo-premium-wordpress\/ -->\n<title>Sindjus DF se manifesta contra transforma\u00e7\u00e3o de cargos no TJDFT!<\/title>\n<meta name=\"description\" content=\"O SindJus DF se manifestou em total contrariedade \u00e0 decis\u00e3o do TJDFT de transformar cargos de t\u00e9cnico judici\u00e1rio em analista. Saiba mais!\" \/>\n<meta name=\"robots\" content=\"index, follow, max-snippet:-1, max-image-preview:large, max-video-preview:-1\" \/>\n<link rel=\"canonical\" href=\"https:\/\/www.estrategiaconcursos.com.br\/blog\/sindjus-df-transformacao-cargos-tjdft\/\" \/>\n<meta property=\"og:locale\" content=\"pt_BR\" \/>\n<meta property=\"og:type\" content=\"article\" \/>\n<meta property=\"og:title\" content=\"Sindjus DF se manifesta contra transforma\u00e7\u00e3o de cargos no TJDFT!\" \/>\n<meta property=\"og:description\" content=\"O SindJus DF se manifestou em total contrariedade \u00e0 decis\u00e3o do TJDFT de transformar cargos de t\u00e9cnico judici\u00e1rio em analista. Saiba mais!\" \/>\n<meta property=\"og:url\" content=\"https:\/\/www.estrategiaconcursos.com.br\/blog\/sindjus-df-transformacao-cargos-tjdft\/\" \/>\n<meta property=\"og:site_name\" content=\"Estrat\u00e9gia Concursos\" \/>\n<meta property=\"article:author\" content=\"https:\/\/www.facebook.com\/EstrategiaConcursos\" \/>\n<meta property=\"article:published_time\" content=\"2021-09-23T21:53:00+00:00\" \/>\n<meta property=\"article:modified_time\" content=\"2021-09-23T23:04:13+00:00\" \/>\n<meta property=\"og:image\" content=\"https:\/\/dhg1h5j42swfq.cloudfront.net\/2021\/09\/23195132\/tjdft.jpeg\" \/>\n\t<meta property=\"og:image:width\" content=\"768\" \/>\n\t<meta property=\"og:image:height\" content=\"432\" \/>\n\t<meta property=\"og:image:type\" content=\"image\/jpeg\" \/>\n<meta name=\"author\" content=\"Coordena\u00e7\u00e3o\" \/>\n<meta name=\"twitter:card\" content=\"summary_large_image\" \/>\n<meta name=\"twitter:creator\" content=\"@EstratConcursos\" \/>\n<meta name=\"twitter:site\" content=\"@EstratConcursos\" \/>\n<meta name=\"twitter:label1\" content=\"Escrito por\" \/>\n\t<meta name=\"twitter:data1\" content=\"Coordena\u00e7\u00e3o\" \/>\n\t<meta name=\"twitter:label2\" content=\"Est. tempo de leitura\" \/>\n\t<meta name=\"twitter:data2\" content=\"4 minutos\" \/>\n<script type=\"application\/ld+json\" class=\"yoast-schema-graph\">{\"@context\":\"https:\/\/schema.org\",\"@graph\":[{\"@type\":\"NewsArticle\",\"@id\":\"https:\/\/www.estrategiaconcursos.com.br\/blog\/sindjus-df-transformacao-cargos-tjdft\/#article\",\"isPartOf\":{\"@id\":\"https:\/\/www.estrategiaconcursos.com.br\/blog\/sindjus-df-transformacao-cargos-tjdft\/\"},\"author\":{\"name\":\"Coordena\u00e7\u00e3o\",\"@id\":\"https:\/\/www.estrategiaconcursos.com.br\/blog\/#\/schema\/person\/b4a388c97673c5f483d72185668afa1f\"},\"headline\":\"Sindjus DF se manifesta contra transforma\u00e7\u00e3o de cargos no TJDFT!\",\"datePublished\":\"2021-09-23T21:53:00+00:00\",\"dateModified\":\"2021-09-23T23:04:13+00:00\",\"mainEntityOfPage\":{\"@id\":\"https:\/\/www.estrategiaconcursos.com.br\/blog\/sindjus-df-transformacao-cargos-tjdft\/\"},\"wordCount\":776,\"commentCount\":0,\"publisher\":{\"@id\":\"https:\/\/www.estrategiaconcursos.com.br\/blog\/#organization\"},\"image\":{\"@id\":\"https:\/\/www.estrategiaconcursos.com.br\/blog\/sindjus-df-transformacao-cargos-tjdft\/#primaryimage\"},\"thumbnailUrl\":\"https:\/\/dhg1h5j42swfq.cloudfront.net\/2021\/09\/23195132\/tjdft.jpeg\",\"articleSection\":[\"Tribunais\"],\"inLanguage\":\"pt-BR\",\"potentialAction\":[{\"@type\":\"CommentAction\",\"name\":\"Comment\",\"target\":[\"https:\/\/www.estrategiaconcursos.com.br\/blog\/sindjus-df-transformacao-cargos-tjdft\/#respond\"]}],\"copyrightYear\":\"2021\",\"copyrightHolder\":{\"@id\":\"https:\/\/www.estrategiaconcursos.com.br\/blog\/#organization\"}},{\"@type\":\"WebPage\",\"@id\":\"https:\/\/www.estrategiaconcursos.com.br\/blog\/sindjus-df-transformacao-cargos-tjdft\/\",\"url\":\"https:\/\/www.estrategiaconcursos.com.br\/blog\/sindjus-df-transformacao-cargos-tjdft\/\",\"name\":\"Sindjus DF se manifesta contra transforma\u00e7\u00e3o de cargos no TJDFT!\",\"isPartOf\":{\"@id\":\"https:\/\/www.estrategiaconcursos.com.br\/blog\/#website\"},\"primaryImageOfPage\":{\"@id\":\"https:\/\/www.estrategiaconcursos.com.br\/blog\/sindjus-df-transformacao-cargos-tjdft\/#primaryimage\"},\"image\":{\"@id\":\"https:\/\/www.estrategiaconcursos.com.br\/blog\/sindjus-df-transformacao-cargos-tjdft\/#primaryimage\"},\"thumbnailUrl\":\"https:\/\/dhg1h5j42swfq.cloudfront.net\/2021\/09\/23195132\/tjdft.jpeg\",\"datePublished\":\"2021-09-23T21:53:00+00:00\",\"dateModified\":\"2021-09-23T23:04:13+00:00\",\"description\":\"O SindJus DF se manifestou em total contrariedade \u00e0 decis\u00e3o do TJDFT de transformar cargos de t\u00e9cnico judici\u00e1rio em analista. Saiba mais!\",\"breadcrumb\":{\"@id\":\"https:\/\/www.estrategiaconcursos.com.br\/blog\/sindjus-df-transformacao-cargos-tjdft\/#breadcrumb\"},\"inLanguage\":\"pt-BR\",\"potentialAction\":[{\"@type\":\"ReadAction\",\"target\":[\"https:\/\/www.estrategiaconcursos.com.br\/blog\/sindjus-df-transformacao-cargos-tjdft\/\"]}]},{\"@type\":\"ImageObject\",\"inLanguage\":\"pt-BR\",\"@id\":\"https:\/\/www.estrategiaconcursos.com.br\/blog\/sindjus-df-transformacao-cargos-tjdft\/#primaryimage\",\"url\":\"https:\/\/dhg1h5j42swfq.cloudfront.net\/2021\/09\/23195132\/tjdft.jpeg\",\"contentUrl\":\"https:\/\/dhg1h5j42swfq.cloudfront.net\/2021\/09\/23195132\/tjdft.jpeg\",\"width\":768,\"height\":432,\"caption\":\"TJDFT FGV\"},{\"@type\":\"BreadcrumbList\",\"@id\":\"https:\/\/www.estrategiaconcursos.com.br\/blog\/sindjus-df-transformacao-cargos-tjdft\/#breadcrumb\",\"itemListElement\":[{\"@type\":\"ListItem\",\"position\":1,\"name\":\"In\u00edcio\",\"item\":\"https:\/\/www.estrategiaconcursos.com.br\/blog\/\"},{\"@type\":\"ListItem\",\"position\":2,\"name\":\"Sindjus DF se manifesta contra transforma\u00e7\u00e3o de cargos no TJDFT!\"}]},{\"@type\":\"WebSite\",\"@id\":\"https:\/\/www.estrategiaconcursos.com.br\/blog\/#website\",\"url\":\"https:\/\/www.estrategiaconcursos.com.br\/blog\/\",\"name\":\"Estrat\u00e9gia Concursos\",\"description\":\"O blog da Estrat\u00e9gia Concursos traz not\u00edcias sobre concursos e artigos de professores oferecendo cursos para concursos (pdf + videaulas) no site.\",\"publisher\":{\"@id\":\"https:\/\/www.estrategiaconcursos.com.br\/blog\/#organization\"},\"potentialAction\":[{\"@type\":\"SearchAction\",\"target\":{\"@type\":\"EntryPoint\",\"urlTemplate\":\"https:\/\/www.estrategiaconcursos.com.br\/blog\/?s={search_term_string}\"},\"query-input\":{\"@type\":\"PropertyValueSpecification\",\"valueRequired\":true,\"valueName\":\"search_term_string\"}}],\"inLanguage\":\"pt-BR\"},{\"@type\":\"Organization\",\"@id\":\"https:\/\/www.estrategiaconcursos.com.br\/blog\/#organization\",\"name\":\"Estrat\u00e9gia Concursos\",\"url\":\"https:\/\/www.estrategiaconcursos.com.br\/blog\/\",\"logo\":{\"@type\":\"ImageObject\",\"inLanguage\":\"pt-BR\",\"@id\":\"https:\/\/www.estrategiaconcursos.com.br\/blog\/#\/schema\/logo\/image\/\",\"url\":\"https:\/\/dhg1h5j42swfq.cloudfront.net\/2025\/06\/03203428\/logo_concursos-1.jpg\",\"contentUrl\":\"https:\/\/dhg1h5j42swfq.cloudfront.net\/2025\/06\/03203428\/logo_concursos-1.jpg\",\"width\":230,\"height\":60,\"caption\":\"Estrat\u00e9gia Concursos\"},\"image\":{\"@id\":\"https:\/\/www.estrategiaconcursos.com.br\/blog\/#\/schema\/logo\/image\/\"},\"sameAs\":[\"https:\/\/x.com\/EstratConcursos\"]},{\"@type\":\"Person\",\"@id\":\"https:\/\/www.estrategiaconcursos.com.br\/blog\/#\/schema\/person\/b4a388c97673c5f483d72185668afa1f\",\"name\":\"Coordena\u00e7\u00e3o\",\"image\":{\"@type\":\"ImageObject\",\"inLanguage\":\"pt-BR\",\"@id\":\"https:\/\/secure.gravatar.com\/avatar\/b720319e4c9a967eb58678d110f4fe35452fc5d5f97b202bac7b8acceb18c6ad?s=96&d=mm&r=g\",\"url\":\"https:\/\/secure.gravatar.com\/avatar\/b720319e4c9a967eb58678d110f4fe35452fc5d5f97b202bac7b8acceb18c6ad?s=96&d=mm&r=g\",\"contentUrl\":\"https:\/\/secure.gravatar.com\/avatar\/b720319e4c9a967eb58678d110f4fe35452fc5d5f97b202bac7b8acceb18c6ad?s=96&d=mm&r=g\",\"caption\":\"Coordena\u00e7\u00e3o\"},\"sameAs\":[\"https:\/\/www.facebook.com\/EstrategiaConcursos\",\"https:\/\/x.com\/EstratConcursos\"],\"url\":\"https:\/\/www.estrategiaconcursos.com.br\/blog\/author\/estrategia2013\/\"}]}<\/script>\n<!-- \/ Yoast SEO Premium plugin. -->","yoast_head_json":{"title":"Sindjus DF se manifesta contra transforma\u00e7\u00e3o de cargos no TJDFT!","description":"O SindJus DF se manifestou em total contrariedade \u00e0 decis\u00e3o do TJDFT de transformar cargos de t\u00e9cnico judici\u00e1rio em analista. Saiba mais!","robots":{"index":"index","follow":"follow","max-snippet":"max-snippet:-1","max-image-preview":"max-image-preview:large","max-video-preview":"max-video-preview:-1"},"canonical":"https:\/\/www.estrategiaconcursos.com.br\/blog\/sindjus-df-transformacao-cargos-tjdft\/","og_locale":"pt_BR","og_type":"article","og_title":"Sindjus DF se manifesta contra transforma\u00e7\u00e3o de cargos no TJDFT!","og_description":"O SindJus DF se manifestou em total contrariedade \u00e0 decis\u00e3o do TJDFT de transformar cargos de t\u00e9cnico judici\u00e1rio em analista. Saiba mais!","og_url":"https:\/\/www.estrategiaconcursos.com.br\/blog\/sindjus-df-transformacao-cargos-tjdft\/","og_site_name":"Estrat\u00e9gia Concursos","article_author":"https:\/\/www.facebook.com\/EstrategiaConcursos","article_published_time":"2021-09-23T21:53:00+00:00","article_modified_time":"2021-09-23T23:04:13+00:00","og_image":[{"width":768,"height":432,"url":"https:\/\/dhg1h5j42swfq.cloudfront.net\/2021\/09\/23195132\/tjdft.jpeg","type":"image\/jpeg"}],"author":"Coordena\u00e7\u00e3o","twitter_card":"summary_large_image","twitter_creator":"@EstratConcursos","twitter_site":"@EstratConcursos","twitter_misc":{"Escrito por":"Coordena\u00e7\u00e3o","Est. tempo de leitura":"4 minutos"},"schema":{"@context":"https:\/\/schema.org","@graph":[{"@type":"NewsArticle","@id":"https:\/\/www.estrategiaconcursos.com.br\/blog\/sindjus-df-transformacao-cargos-tjdft\/#article","isPartOf":{"@id":"https:\/\/www.estrategiaconcursos.com.br\/blog\/sindjus-df-transformacao-cargos-tjdft\/"},"author":{"name":"Coordena\u00e7\u00e3o","@id":"https:\/\/www.estrategiaconcursos.com.br\/blog\/#\/schema\/person\/b4a388c97673c5f483d72185668afa1f"},"headline":"Sindjus DF se manifesta contra transforma\u00e7\u00e3o de cargos no TJDFT!","datePublished":"2021-09-23T21:53:00+00:00","dateModified":"2021-09-23T23:04:13+00:00","mainEntityOfPage":{"@id":"https:\/\/www.estrategiaconcursos.com.br\/blog\/sindjus-df-transformacao-cargos-tjdft\/"},"wordCount":776,"commentCount":0,"publisher":{"@id":"https:\/\/www.estrategiaconcursos.com.br\/blog\/#organization"},"image":{"@id":"https:\/\/www.estrategiaconcursos.com.br\/blog\/sindjus-df-transformacao-cargos-tjdft\/#primaryimage"},"thumbnailUrl":"https:\/\/dhg1h5j42swfq.cloudfront.net\/2021\/09\/23195132\/tjdft.jpeg","articleSection":["Tribunais"],"inLanguage":"pt-BR","potentialAction":[{"@type":"CommentAction","name":"Comment","target":["https:\/\/www.estrategiaconcursos.com.br\/blog\/sindjus-df-transformacao-cargos-tjdft\/#respond"]}],"copyrightYear":"2021","copyrightHolder":{"@id":"https:\/\/www.estrategiaconcursos.com.br\/blog\/#organization"}},{"@type":"WebPage","@id":"https:\/\/www.estrategiaconcursos.com.br\/blog\/sindjus-df-transformacao-cargos-tjdft\/","url":"https:\/\/www.estrategiaconcursos.com.br\/blog\/sindjus-df-transformacao-cargos-tjdft\/","name":"Sindjus DF se manifesta contra transforma\u00e7\u00e3o de cargos no TJDFT!","isPartOf":{"@id":"https:\/\/www.estrategiaconcursos.com.br\/blog\/#website"},"primaryImageOfPage":{"@id":"https:\/\/www.estrategiaconcursos.com.br\/blog\/sindjus-df-transformacao-cargos-tjdft\/#primaryimage"},"image":{"@id":"https:\/\/www.estrategiaconcursos.com.br\/blog\/sindjus-df-transformacao-cargos-tjdft\/#primaryimage"},"thumbnailUrl":"https:\/\/dhg1h5j42swfq.cloudfront.net\/2021\/09\/23195132\/tjdft.jpeg","datePublished":"2021-09-23T21:53:00+00:00","dateModified":"2021-09-23T23:04:13+00:00","description":"O SindJus DF se manifestou em total contrariedade \u00e0 decis\u00e3o do TJDFT de transformar cargos de t\u00e9cnico judici\u00e1rio em analista. Saiba mais!","breadcrumb":{"@id":"https:\/\/www.estrategiaconcursos.com.br\/blog\/sindjus-df-transformacao-cargos-tjdft\/#breadcrumb"},"inLanguage":"pt-BR","potentialAction":[{"@type":"ReadAction","target":["https:\/\/www.estrategiaconcursos.com.br\/blog\/sindjus-df-transformacao-cargos-tjdft\/"]}]},{"@type":"ImageObject","inLanguage":"pt-BR","@id":"https:\/\/www.estrategiaconcursos.com.br\/blog\/sindjus-df-transformacao-cargos-tjdft\/#primaryimage","url":"https:\/\/dhg1h5j42swfq.cloudfront.net\/2021\/09\/23195132\/tjdft.jpeg","contentUrl":"https:\/\/dhg1h5j42swfq.cloudfront.net\/2021\/09\/23195132\/tjdft.jpeg","width":768,"height":432,"caption":"TJDFT FGV"},{"@type":"BreadcrumbList","@id":"https:\/\/www.estrategiaconcursos.com.br\/blog\/sindjus-df-transformacao-cargos-tjdft\/#breadcrumb","itemListElement":[{"@type":"ListItem","position":1,"name":"In\u00edcio","item":"https:\/\/www.estrategiaconcursos.com.br\/blog\/"},{"@type":"ListItem","position":2,"name":"Sindjus DF se manifesta contra transforma\u00e7\u00e3o de cargos no TJDFT!"}]},{"@type":"WebSite","@id":"https:\/\/www.estrategiaconcursos.com.br\/blog\/#website","url":"https:\/\/www.estrategiaconcursos.com.br\/blog\/","name":"Estrat\u00e9gia Concursos","description":"O blog da Estrat\u00e9gia Concursos traz not\u00edcias sobre concursos e artigos de professores oferecendo cursos para concursos (pdf + videaulas) no site.","publisher":{"@id":"https:\/\/www.estrategiaconcursos.com.br\/blog\/#organization"},"potentialAction":[{"@type":"SearchAction","target":{"@type":"EntryPoint","urlTemplate":"https:\/\/www.estrategiaconcursos.com.br\/blog\/?s={search_term_string}"},"query-input":{"@type":"PropertyValueSpecification","valueRequired":true,"valueName":"search_term_string"}}],"inLanguage":"pt-BR"},{"@type":"Organization","@id":"https:\/\/www.estrategiaconcursos.com.br\/blog\/#organization","name":"Estrat\u00e9gia Concursos","url":"https:\/\/www.estrategiaconcursos.com.br\/blog\/","logo":{"@type":"ImageObject","inLanguage":"pt-BR","@id":"https:\/\/www.estrategiaconcursos.com.br\/blog\/#\/schema\/logo\/image\/","url":"https:\/\/dhg1h5j42swfq.cloudfront.net\/2025\/06\/03203428\/logo_concursos-1.jpg","contentUrl":"https:\/\/dhg1h5j42swfq.cloudfront.net\/2025\/06\/03203428\/logo_concursos-1.jpg","width":230,"height":60,"caption":"Estrat\u00e9gia Concursos"},"image":{"@id":"https:\/\/www.estrategiaconcursos.com.br\/blog\/#\/schema\/logo\/image\/"},"sameAs":["https:\/\/x.com\/EstratConcursos"]},{"@type":"Person","@id":"https:\/\/www.estrategiaconcursos.com.br\/blog\/#\/schema\/person\/b4a388c97673c5f483d72185668afa1f","name":"Coordena\u00e7\u00e3o","image":{"@type":"ImageObject","inLanguage":"pt-BR","@id":"https:\/\/secure.gravatar.com\/avatar\/b720319e4c9a967eb58678d110f4fe35452fc5d5f97b202bac7b8acceb18c6ad?s=96&d=mm&r=g","url":"https:\/\/secure.gravatar.com\/avatar\/b720319e4c9a967eb58678d110f4fe35452fc5d5f97b202bac7b8acceb18c6ad?s=96&d=mm&r=g","contentUrl":"https:\/\/secure.gravatar.com\/avatar\/b720319e4c9a967eb58678d110f4fe35452fc5d5f97b202bac7b8acceb18c6ad?s=96&d=mm&r=g","caption":"Coordena\u00e7\u00e3o"},"sameAs":["https:\/\/www.facebook.com\/EstrategiaConcursos","https:\/\/x.com\/EstratConcursos"],"url":"https:\/\/www.estrategiaconcursos.com.br\/blog\/author\/estrategia2013\/"}]}},"_links":{"self":[{"href":"https:\/\/www.estrategiaconcursos.com.br\/blog\/wp-json\/wp\/v2\/posts\/869107","targetHints":{"allow":["GET"]}}],"collection":[{"href":"https:\/\/www.estrategiaconcursos.com.br\/blog\/wp-json\/wp\/v2\/posts"}],"about":[{"href":"https:\/\/www.estrategiaconcursos.com.br\/blog\/wp-json\/wp\/v2\/types\/post"}],"author":[{"embeddable":true,"href":"https:\/\/www.estrategiaconcursos.com.br\/blog\/wp-json\/wp\/v2\/users\/1"}],"replies":[{"embeddable":true,"href":"https:\/\/www.estrategiaconcursos.com.br\/blog\/wp-json\/wp\/v2\/comments?post=869107"}],"version-history":[{"count":10,"href":"https:\/\/www.estrategiaconcursos.com.br\/blog\/wp-json\/wp\/v2\/posts\/869107\/revisions"}],"predecessor-version":[{"id":869138,"href":"https:\/\/www.estrategiaconcursos.com.br\/blog\/wp-json\/wp\/v2\/posts\/869107\/revisions\/869138"}],"wp:featuredmedia":[{"embeddable":true,"href":"https:\/\/www.estrategiaconcursos.com.br\/blog\/wp-json\/wp\/v2\/media\/869122"}],"wp:attachment":[{"href":"https:\/\/www.estrategiaconcursos.com.br\/blog\/wp-json\/wp\/v2\/media?parent=869107"}],"wp:term":[{"taxonomy":"category","embeddable":true,"href":"https:\/\/www.estrategiaconcursos.com.br\/blog\/wp-json\/wp\/v2\/categories?post=869107"},{"taxonomy":"post_tag","embeddable":true,"href":"https:\/\/www.estrategiaconcursos.com.br\/blog\/wp-json\/wp\/v2\/tags?post=869107"},{"taxonomy":"tax_estado","embeddable":true,"href":"https:\/\/www.estrategiaconcursos.com.br\/blog\/wp-json\/wp\/v2\/tax_estado?post=869107"}],"curies":[{"name":"wp","href":"https:\/\/api.w.org\/{rel}","templated":true}]}}