{"id":868934,"date":"2021-09-23T17:39:21","date_gmt":"2021-09-23T20:39:21","guid":{"rendered":"https:\/\/www.estrategiaconcursos.com.br\/blog\/?p=868934"},"modified":"2021-09-24T13:53:25","modified_gmt":"2021-09-24T16:53:25","slug":"guarda-vidas-selecao","status":"publish","type":"post","link":"https:\/\/www.estrategiaconcursos.com.br\/blog\/guarda-vidas-selecao\/","title":{"rendered":"Guarda-vidas SP abre sele\u00e7\u00e3o com 600 vagas tempor\u00e1rias"},"content":{"rendered":"\n<p>Foi publicado o edital da nova sele\u00e7\u00e3o para o cargo de guarda-vidas, no estado de S\u00e3o Paulo. Conforme o documento, s\u00e3o ofertadas 600 vagas, com exig\u00eancia m\u00ednima de n\u00edvel fundamental completo de escolaridade. <\/p>\n\n\n\n<ul class=\"has-very-light-gray-to-cyan-bluish-gray-gradient-background has-background wp-block-list\"><li><strong>Guarda-vidas SP<\/strong><\/li><li><strong>Status:<\/strong> Edital publicado<\/li><li><strong>Banca:<\/strong> Organiza\u00e7\u00e3o pr\u00f3pria<\/li><li><strong>Vagas:<\/strong> 600<\/li><li><strong>Sal\u00e1rio inicial:<\/strong> R$1.290,66 + benef\u00edcios<\/li><\/ul>\n\n\n\n<p>Os interessados em participar da sele\u00e7\u00e3o devem realizar as inscri\u00e7\u00f5es no per\u00edodo de 1\u00ba a 31 de outubro de 2021, no site do <a href=\"http:\/\/www.corpodebombeiros.sp.gov.br\/\" target=\"_blank\" rel=\"noreferrer noopener\">Corpo de Bombeiros de S\u00e3o Paulo<\/a>. \u00c9 poss\u00edvel se inscrever, tamb\u00e9m, diretamente em alguma unidades informada no edital de abertura. <\/p>\n\n\n\n<p>A fim de te deixar sempre bem informado, elaboramos este artigo com as principais informa\u00e7\u00f5es e novidades sobre a sele\u00e7\u00e3o Guarda-vidas SP. Acompanhe os t\u00f3picos abaixo e n\u00e3o perca nenhum detalhe:<\/p>\n\n\n\n<div class=\"container\" id=\"boxes\">\n  <div class=\"row\">\n\n    <div class=\"col-sm\">\n      <div class=\"banner-policial\" id=\"box-assinatura\">\n        <h3 class=\"titulo-assinatura\">Cursos Guarda-vidas SP<\/h3>\n        <p class=\"subtitulo-assinatura\">Conhe\u00e7a os cursos<\/p>\n        <div class=\"box-botao\">\n          <a class=\"btn-assinatura\" target=\"_blank\" href=\"https:\/\/www.estrategiaconcursos.com.br\/cursosPorConcurso\/policia-militar-de-sao-paulo-pm-sp\/\" role=\"button\" rel=\"noopener noreferrer\">Conhe\u00e7a mais<\/a>\n        <\/div>\n      <\/div>\n     \n    <\/div>\n\n  <\/div>\n<\/div>\n\n\n\n<h2 class=\"wp-block-heading\" id=\"situacao\">Principais datas da sele\u00e7\u00e3o Guarda-vidas SP <\/h2>\n\n\n\n<p class=\"has-very-light-gray-background-color has-background\"><strong>Inscri\u00e7\u00f5es<\/strong>: 1\u00ba a 31 de outubro de 2021 <\/p>\n\n\n\n<h2 class=\"wp-block-heading\" id=\"cargos-vagas\">Cargos e vagas da sele\u00e7\u00e3o Guarda-vidas SP <\/h2>\n\n\n\n<h3 class=\"wp-block-heading\" id=\"fundamental\">N\u00edvel fundamental<\/h3>\n\n\n\n<figure class=\"wp-block-table is-style-stripes\"><table class=\"has-background has-fixed-layout\" style=\"background-color:#e7f5fe\"><thead><tr><th class=\"has-text-align-center\" data-align=\"center\">CARGOS<\/th><th class=\"has-text-align-center\" data-align=\"center\">VAGAS<\/th><th class=\"has-text-align-center\" data-align=\"center\">SAL\u00c1RIO<\/th><\/tr><\/thead><tbody><tr><td class=\"has-text-align-center\" data-align=\"center\">Guarda-vidas<\/td><td class=\"has-text-align-center\" data-align=\"center\">600<\/td><td class=\"has-text-align-center\" data-align=\"center\"> R$1.290,66 + benef\u00edcios <\/td><\/tr><\/tbody><\/table><\/figure>\n\n\n\n<h3 class=\"wp-block-heading\">Distribui\u00e7\u00e3o das vagas<\/h3>\n\n\n\n<ul class=\"wp-block-list\"><li>Ilha Comprida &#8211; 36 vagas<\/li><li>Guaruj\u00e1 &#8211; 50 vagas<\/li><li>Iguape &#8211; 14 vagas<\/li><li>Bertioga &#8211; 58 vagas<\/li><li>Peru\u00edbe &#8211; 40 vagas<\/li><li>S\u00e3o Sebasti\u00e3o &#8211; 30 vagas<\/li><li>Itanha\u00e9m &#8211; 50 vagas<\/li><li>Ilha Bela &#8211; 12 vagas<\/li><li>Mongagu\u00e1 &#8211; 60 vagas<\/li><li>Caraguatatuba &#8211; 20&nbsp; vagas<\/li><li>Praia Grande &#8211; 100 vagas<\/li><li>Ubatuba &#8211; 50 vagas<\/li><li>S\u00e3o Vicente &#8211; 20 vagas<\/li><li>S\u00e3o Paulo (Guarapiranga) &#8211; 36 vagas<\/li><li>Santos &#8211; 10 vagas<\/li><li>S\u00e3o Bernardo do Campo (Billings) &#8211; 14 vagas<\/li><\/ul>\n\n\n\n<h2 class=\"wp-block-heading\" id=\"etapas\">Etapas da sele\u00e7\u00e3o Guarda-vidas SP<\/h2>\n\n\n\n<h4 class=\"wp-block-heading\">A sele\u00e7\u00e3o ser\u00e1 constitu\u00edda pelas seguintes etapas:<\/h4>\n\n\n\n<p>1. Deferimento da inscri\u00e7\u00e3o, mediante an\u00e1lise de documenta\u00e7\u00e3o e apresenta\u00e7\u00e3o de atestado m\u00e9dico;<br \/>2. An\u00e1lise da documenta\u00e7\u00e3o para a contrata\u00e7\u00e3o;<br \/>3. Realiza\u00e7\u00e3o de provas pr\u00e1ticas de habilidades t\u00e9cnicas,<br \/>de car\u00e1ter eliminat\u00f3rio e classificat\u00f3rio, efetuada pela Comiss\u00e3o<br \/>Examinadora composta por Oficial e Pra\u00e7as do Corpo de Bombeiros, designada pela Comiss\u00e3o Especial de Contrata\u00e7\u00e3o;<br \/>4. Investiga\u00e7\u00e3o Social.<\/p>\n\n\n\n<h3 class=\"wp-block-heading\">Documenta\u00e7\u00e3o necess\u00e1ria<\/h3>\n\n\n\n<ul class=\"wp-block-list\"><li>Uma (1) fotografia recente, tamanho 3\u00d74 cm;<br \/>Certid\u00e3o Negativa de Antecedentes Criminais (c\u00f3pia<br \/>reprogr\u00e1fica ou original);<\/li><li>Atestado de sa\u00fade, assinado por m\u00e9dico e expedido por<br \/>\u00f3rg\u00e3os ou entidades integrantes do Sistema \u00danico de Sa\u00fade, no<br \/>qual conste estar apto para a pr\u00e1tica de atividades f\u00edsicas.<\/li><\/ul>\n\n\n\n<p>Al\u00e9m dos documentos exigidos no item anterior dever\u00e1,<br \/>tamb\u00e9m, fornecer 02 (duas) c\u00f3pias simples e leg\u00edveis dos seguintes documentos:<\/p>\n\n\n\n<ul class=\"wp-block-list\"><li>C\u00e9dula de Identidade (RG) ou Registro de Identidade Civil (RIC);<\/li><li>Registro no Cadastro de Pessoas F\u00edsicas do Minist\u00e9rio da Fazenda (CPF\/MF);<\/li><li>T\u00edtulo Eleitoral;<\/li><li>PIS e ou PASEP;<\/li><li>Certid\u00e3o, diploma ou hist\u00f3rico escolar de conclus\u00e3o do Ensino Fundamental ou equivalente expedido por estabelecimento de ensino p\u00fablico ou particular, devidamente reconhecido pela legisla\u00e7\u00e3o vigente;<\/li><\/ul>\n\n\n\n<h3 class=\"wp-block-heading\">Prova Pr\u00e1tica \u2013 sele\u00e7\u00e3o Guarda-vidas SP<\/h3>\n\n\n\n<ul class=\"wp-block-list\"><li>Correr\/andar um percurso de 1.000 metros, no tempo m\u00e1ximo de 08 minutos;<\/li><li>Nadar 200 metros em piscina, no tempo m\u00e1ximo de 06 minutos.<\/li><\/ul>\n\n\n\n<hr class=\"wp-block-separator\"\/>\n\n\n\n<h2 class=\"has-text-align-center wp-block-heading\" id=\"cursos-assinatura\">Quer estudar para o concurso Guarda-vidas SP?<\/h2>\n\n\n\n<div class=\"container\" id=\"boxes\">\n  <div class=\"row\">\n\n    <div class=\"col-sm\">\n      <div class=\"banner-policial\" id=\"box-assinatura\">\n        <h3 class=\"titulo-assinatura\">Cursos Guarda-vidas SP<\/h3>\n        <p class=\"subtitulo-assinatura\">Conhe\u00e7a os cursos<\/p>\n        <div class=\"box-botao\">\n          <a class=\"btn-assinatura\" target=\"_blank\" href=\"https:\/\/www.estrategiaconcursos.com.br\/cursosPorConcurso\/policia-militar-de-sao-paulo-pm-sp\/\" role=\"button\" rel=\"noopener noreferrer\">Conhe\u00e7a mais<\/a>\n        <\/div>\n      <\/div>\n     \n    <\/div>\n\n  <\/div>\n<\/div>\n\n\n\n<div class=\"container\" id=\"boxes\">\n  <div class=\"row\">\n\n    <div class=\"col-sm\">\n      <div class=\"estrategia\" id=\"box-assinatura\">\n        <h3 class=\"titulo-assinatura\">Assinatura Concursos<\/h3>\n        <p class=\"subtitulo-assinatura\">Assinatura de 1 ano ou 2 anos<\/p>\n        <div class=\"box-botao\">\n          <a class=\"btn-assinatura\" target=\"_blank\" href=\"https:\/\/www.estrategiaconcursos.com.br\/assinaturas\/\" role=\"button\" rel=\"noopener noreferrer\">ASSINE AGORA<\/a>\n        <\/div>\n      <\/div><\/div><\/div><\/div>\n\n\n\n<div class=\"container\" id=\"boxes\">\n  <div class=\"row\">\n\n    <div class=\"col-sm\" id=\"boxes-concursos\">\n      <div style=\"background-color: #005DAD;\" class=\"conteudo-concursos\" id=\"box-concursos\">\n        <h3 class=\"titulo-assinatura\">Concursos Abertos<\/h3>\n        <p class=\"subtitulo-assinatura\">Os editais publicados<\/p>\n        <div class=\"box-botao\">\n          <a class=\"btn-assinatura\" target=\"_blank\" href=\"https:\/\/www.estrategiaconcursos.com.br\/blog\/concursos-abertos\/\" role=\"button\" rel=\"noopener noreferrer\">Conhe\u00e7a Agora<\/a>\n        <\/div>\n      <\/div>\n    <\/div>\n\n    <div class=\"col-sm\" id=\"boxes-concursos\">\n      <div style=\"background-color: #1A7ED5;\" class=\"conteudo-concursos\" id=\"box-concursos\">\n        <h3 class=\"titulo-assinatura\">Concursos 2021<\/h3>\n        <p class=\"subtitulo-assinatura\">As oportunidades previstas<\/p>\n        <div class=\"box-botao\">\n          <a class=\"btn-assinatura\" target=\"_blank\" href=\"https:\/\/www.estrategiaconcursos.com.br\/blog\/concursos-2021\/\" role=\"button\" rel=\"noopener noreferrer\">Conhe\u00e7a Agora<\/a>\n        <\/div>\n      <\/div>\n    <\/div>\n\n    <div class=\"col-sm\" id=\"boxes-concursos\">\n      <div style=\"background-color: #419FF0;\" class=\"conteudo-concursos\" id=\"box-concursos\">\n        <h3 class=\"titulo-assinatura\">Concursos 2022<\/h3>\n        <p class=\"subtitulo-assinatura\">Vagas para o pr\u00f3ximo ano<\/p>\n        <div class=\"box-botao\">\n          <a class=\"btn-assinatura\" target=\"_blank\" href=\"https:\/\/www.estrategiaconcursos.com.br\/blog\/concursos-2022\/\" role=\"button\" rel=\"noopener noreferrer\">Conhe\u00e7a Agora<\/a>\n        <\/div>\n      <\/div>\n    <\/div>\n\n  <\/div>\n<\/div>\n\n\n\n<figure class=\"wp-block-image size-large is-resized\"><img loading=\"lazy\" decoding=\"async\" src=\"https:\/\/dhg1h5j42swfq.cloudfront.net\/2025\/06\/27101122\/ficha-tecnica-1-1024x632.png\" alt=\"Guarda-vidas sele\u00e7\u00e3o\" class=\"wp-image-702728\" width=\"269\" height=\"166\" srcset=\"https:\/\/dhg1h5j42swfq.cloudfront.net\/2025\/06\/27101122\/ficha-tecnica-1-1024x632.png 1024w, https:\/\/dhg1h5j42swfq.cloudfront.net\/2025\/06\/27101122\/ficha-tecnica-1-300x185.png 300w, https:\/\/dhg1h5j42swfq.cloudfront.net\/2025\/06\/27101122\/ficha-tecnica-1-768x474.png 768w, https:\/\/dhg1h5j42swfq.cloudfront.net\/2025\/06\/27101122\/ficha-tecnica-1-1536x948.png 1536w, https:\/\/dhg1h5j42swfq.cloudfront.net\/2025\/06\/27101122\/ficha-tecnica-1-610x377.png 610w, https:\/\/dhg1h5j42swfq.cloudfront.net\/2025\/06\/27101122\/ficha-tecnica-1.png 1571w\" sizes=\"auto, (max-width: 269px) 100vw, 269px\" \/><\/figure>\n\n\n\n<ul class=\"wp-block-list\"><li><strong>Inscri\u00e7\u00f5es<\/strong>: 1\u00ba a 31 de outubro de 2021<\/li><li><strong style=\"color: initial;\">Vagas<\/strong><span style=\"color: initial;\">: <\/span>60<\/li><li><strong>Cargos<\/strong>: Guarda-vidas<\/li><li><strong style=\"color: initial;\">Escolaridade<\/strong><span style=\"color: initial;\">: N\u00edvel <\/span>fundamental<\/li><li><strong>Edital<\/strong>:\u00a0<a href=\"https:\/\/dhg1h5j42swfq.cloudfront.net\/2021\/09\/24135124\/edital_guarda-vidas_sp_2021.pdf\" target=\"_blank\" rel=\"noreferrer noopener nofollow\">Edital Guarda-vidas SP<\/a><\/li><\/ul>\n","protected":false},"excerpt":{"rendered":"<p>Foi publicado o edital da nova sele\u00e7\u00e3o para o cargo de guarda-vidas, no estado de S\u00e3o Paulo. Conforme o documento, s\u00e3o ofertadas 600 vagas, com exig\u00eancia m\u00ednima de n\u00edvel fundamental completo de escolaridade. Guarda-vidas SP Status: Edital publicado Banca: Organiza\u00e7\u00e3o pr\u00f3pria Vagas: 600 Sal\u00e1rio inicial: R$1.290,66 + benef\u00edcios Os interessados em participar da sele\u00e7\u00e3o devem [&hellip;]<\/p>\n","protected":false},"author":1,"featured_media":384253,"comment_status":"open","ping_status":"closed","sticky":false,"template":"","format":"standard","meta":{"post_tipo":"news","footnotes":""},"categories":[220187,220219],"tags":[],"tax_estado":[219989],"class_list":["post-868934","post","type-post","status-publish","format-standard","has-post-thumbnail","hentry","category-policial-pracas","category-noticias","tax_estado-sp"],"acf":[],"yoast_head":"<!-- This site is optimized with the Yoast SEO Premium plugin v27.2 (Yoast SEO v27.2) - https:\/\/yoast.com\/product\/yoast-seo-premium-wordpress\/ -->\n<title>Guarda-vidas SP abre sele\u00e7\u00e3o com 600 vagas tempor\u00e1rias<\/title>\n<meta name=\"description\" content=\"Foi publicado o edital da nova sele\u00e7\u00e3o para o cargo de guarda-vidas, no estado de S\u00e3o Paulo, com oferta de 600 vagas. Confira no site!\" \/>\n<meta name=\"robots\" content=\"index, follow, max-snippet:-1, max-image-preview:large, max-video-preview:-1\" \/>\n<link rel=\"canonical\" href=\"https:\/\/www.estrategiaconcursos.com.br\/blog\/guarda-vidas-selecao\/\" \/>\n<meta property=\"og:locale\" content=\"pt_BR\" \/>\n<meta property=\"og:type\" content=\"article\" \/>\n<meta property=\"og:title\" content=\"Guarda-vidas SP abre sele\u00e7\u00e3o com 600 vagas tempor\u00e1rias\" \/>\n<meta property=\"og:description\" content=\"Foi publicado o edital da nova sele\u00e7\u00e3o para o cargo de guarda-vidas, no estado de S\u00e3o Paulo, com oferta de 600 vagas. Confira no site!\" \/>\n<meta property=\"og:url\" content=\"https:\/\/www.estrategiaconcursos.com.br\/blog\/guarda-vidas-selecao\/\" \/>\n<meta property=\"og:site_name\" content=\"Estrat\u00e9gia Concursos\" \/>\n<meta property=\"article:author\" content=\"https:\/\/www.facebook.com\/EstrategiaConcursos\" \/>\n<meta property=\"article:published_time\" content=\"2021-09-23T20:39:21+00:00\" \/>\n<meta property=\"article:modified_time\" content=\"2021-09-24T16:53:25+00:00\" \/>\n<meta property=\"og:image\" content=\"https:\/\/dhg1h5j42swfq.cloudfront.net\/2019\/06\/05162743\/bombeiros-sp.jpg\" \/>\n\t<meta property=\"og:image:width\" content=\"400\" \/>\n\t<meta property=\"og:image:height\" content=\"209\" \/>\n\t<meta property=\"og:image:type\" content=\"image\/jpeg\" \/>\n<meta name=\"author\" content=\"Coordena\u00e7\u00e3o\" \/>\n<meta name=\"twitter:card\" content=\"summary_large_image\" \/>\n<meta name=\"twitter:creator\" content=\"@EstratConcursos\" \/>\n<meta name=\"twitter:site\" content=\"@EstratConcursos\" \/>\n<meta name=\"twitter:label1\" content=\"Escrito por\" \/>\n\t<meta name=\"twitter:data1\" content=\"Coordena\u00e7\u00e3o\" \/>\n\t<meta name=\"twitter:label2\" content=\"Est. tempo de leitura\" \/>\n\t<meta name=\"twitter:data2\" content=\"3 minutos\" \/>\n<script type=\"application\/ld+json\" class=\"yoast-schema-graph\">{\"@context\":\"https:\/\/schema.org\",\"@graph\":[{\"@type\":\"NewsArticle\",\"@id\":\"https:\/\/www.estrategiaconcursos.com.br\/blog\/guarda-vidas-selecao\/#article\",\"isPartOf\":{\"@id\":\"https:\/\/www.estrategiaconcursos.com.br\/blog\/guarda-vidas-selecao\/\"},\"author\":{\"name\":\"Coordena\u00e7\u00e3o\",\"@id\":\"https:\/\/www.estrategiaconcursos.com.br\/blog\/#\/schema\/person\/b4a388c97673c5f483d72185668afa1f\"},\"headline\":\"Guarda-vidas SP abre sele\u00e7\u00e3o com 600 vagas tempor\u00e1rias\",\"datePublished\":\"2021-09-23T20:39:21+00:00\",\"dateModified\":\"2021-09-24T16:53:25+00:00\",\"mainEntityOfPage\":{\"@id\":\"https:\/\/www.estrategiaconcursos.com.br\/blog\/guarda-vidas-selecao\/\"},\"wordCount\":576,\"commentCount\":0,\"publisher\":{\"@id\":\"https:\/\/www.estrategiaconcursos.com.br\/blog\/#organization\"},\"image\":{\"@id\":\"https:\/\/www.estrategiaconcursos.com.br\/blog\/guarda-vidas-selecao\/#primaryimage\"},\"thumbnailUrl\":\"https:\/\/dhg1h5j42swfq.cloudfront.net\/2019\/06\/05162743\/bombeiros-sp.jpg\",\"articleSection\":[\"Policial (PM\/BM - Pra\u00e7as)\",\"\u00daltimas not\u00edcias\"],\"inLanguage\":\"pt-BR\",\"potentialAction\":[{\"@type\":\"CommentAction\",\"name\":\"Comment\",\"target\":[\"https:\/\/www.estrategiaconcursos.com.br\/blog\/guarda-vidas-selecao\/#respond\"]}],\"copyrightYear\":\"2021\",\"copyrightHolder\":{\"@id\":\"https:\/\/www.estrategiaconcursos.com.br\/blog\/#organization\"}},{\"@type\":\"WebPage\",\"@id\":\"https:\/\/www.estrategiaconcursos.com.br\/blog\/guarda-vidas-selecao\/\",\"url\":\"https:\/\/www.estrategiaconcursos.com.br\/blog\/guarda-vidas-selecao\/\",\"name\":\"Guarda-vidas SP abre sele\u00e7\u00e3o com 600 vagas tempor\u00e1rias\",\"isPartOf\":{\"@id\":\"https:\/\/www.estrategiaconcursos.com.br\/blog\/#website\"},\"primaryImageOfPage\":{\"@id\":\"https:\/\/www.estrategiaconcursos.com.br\/blog\/guarda-vidas-selecao\/#primaryimage\"},\"image\":{\"@id\":\"https:\/\/www.estrategiaconcursos.com.br\/blog\/guarda-vidas-selecao\/#primaryimage\"},\"thumbnailUrl\":\"https:\/\/dhg1h5j42swfq.cloudfront.net\/2019\/06\/05162743\/bombeiros-sp.jpg\",\"datePublished\":\"2021-09-23T20:39:21+00:00\",\"dateModified\":\"2021-09-24T16:53:25+00:00\",\"description\":\"Foi publicado o edital da nova sele\u00e7\u00e3o para o cargo de guarda-vidas, no estado de S\u00e3o Paulo, com oferta de 600 vagas. Confira no site!\",\"breadcrumb\":{\"@id\":\"https:\/\/www.estrategiaconcursos.com.br\/blog\/guarda-vidas-selecao\/#breadcrumb\"},\"inLanguage\":\"pt-BR\",\"potentialAction\":[{\"@type\":\"ReadAction\",\"target\":[\"https:\/\/www.estrategiaconcursos.com.br\/blog\/guarda-vidas-selecao\/\"]}]},{\"@type\":\"ImageObject\",\"inLanguage\":\"pt-BR\",\"@id\":\"https:\/\/www.estrategiaconcursos.com.br\/blog\/guarda-vidas-selecao\/#primaryimage\",\"url\":\"https:\/\/dhg1h5j42swfq.cloudfront.net\/2019\/06\/05162743\/bombeiros-sp.jpg\",\"contentUrl\":\"https:\/\/dhg1h5j42swfq.cloudfront.net\/2019\/06\/05162743\/bombeiros-sp.jpg\",\"width\":400,\"height\":209,\"caption\":\"Guarda-vidas sp sele\u00e7\u00e3o\"},{\"@type\":\"BreadcrumbList\",\"@id\":\"https:\/\/www.estrategiaconcursos.com.br\/blog\/guarda-vidas-selecao\/#breadcrumb\",\"itemListElement\":[{\"@type\":\"ListItem\",\"position\":1,\"name\":\"In\u00edcio\",\"item\":\"https:\/\/www.estrategiaconcursos.com.br\/blog\/\"},{\"@type\":\"ListItem\",\"position\":2,\"name\":\"Guarda-vidas SP abre sele\u00e7\u00e3o com 600 vagas tempor\u00e1rias\"}]},{\"@type\":\"WebSite\",\"@id\":\"https:\/\/www.estrategiaconcursos.com.br\/blog\/#website\",\"url\":\"https:\/\/www.estrategiaconcursos.com.br\/blog\/\",\"name\":\"Estrat\u00e9gia Concursos\",\"description\":\"O blog da Estrat\u00e9gia Concursos traz not\u00edcias sobre concursos e artigos de professores oferecendo cursos para concursos (pdf + videaulas) no site.\",\"publisher\":{\"@id\":\"https:\/\/www.estrategiaconcursos.com.br\/blog\/#organization\"},\"potentialAction\":[{\"@type\":\"SearchAction\",\"target\":{\"@type\":\"EntryPoint\",\"urlTemplate\":\"https:\/\/www.estrategiaconcursos.com.br\/blog\/?s={search_term_string}\"},\"query-input\":{\"@type\":\"PropertyValueSpecification\",\"valueRequired\":true,\"valueName\":\"search_term_string\"}}],\"inLanguage\":\"pt-BR\"},{\"@type\":\"Organization\",\"@id\":\"https:\/\/www.estrategiaconcursos.com.br\/blog\/#organization\",\"name\":\"Estrat\u00e9gia Concursos\",\"url\":\"https:\/\/www.estrategiaconcursos.com.br\/blog\/\",\"logo\":{\"@type\":\"ImageObject\",\"inLanguage\":\"pt-BR\",\"@id\":\"https:\/\/www.estrategiaconcursos.com.br\/blog\/#\/schema\/logo\/image\/\",\"url\":\"https:\/\/dhg1h5j42swfq.cloudfront.net\/2025\/06\/03203428\/logo_concursos-1.jpg\",\"contentUrl\":\"https:\/\/dhg1h5j42swfq.cloudfront.net\/2025\/06\/03203428\/logo_concursos-1.jpg\",\"width\":230,\"height\":60,\"caption\":\"Estrat\u00e9gia Concursos\"},\"image\":{\"@id\":\"https:\/\/www.estrategiaconcursos.com.br\/blog\/#\/schema\/logo\/image\/\"},\"sameAs\":[\"https:\/\/x.com\/EstratConcursos\"]},{\"@type\":\"Person\",\"@id\":\"https:\/\/www.estrategiaconcursos.com.br\/blog\/#\/schema\/person\/b4a388c97673c5f483d72185668afa1f\",\"name\":\"Coordena\u00e7\u00e3o\",\"image\":{\"@type\":\"ImageObject\",\"inLanguage\":\"pt-BR\",\"@id\":\"https:\/\/secure.gravatar.com\/avatar\/b720319e4c9a967eb58678d110f4fe35452fc5d5f97b202bac7b8acceb18c6ad?s=96&d=mm&r=g\",\"url\":\"https:\/\/secure.gravatar.com\/avatar\/b720319e4c9a967eb58678d110f4fe35452fc5d5f97b202bac7b8acceb18c6ad?s=96&d=mm&r=g\",\"contentUrl\":\"https:\/\/secure.gravatar.com\/avatar\/b720319e4c9a967eb58678d110f4fe35452fc5d5f97b202bac7b8acceb18c6ad?s=96&d=mm&r=g\",\"caption\":\"Coordena\u00e7\u00e3o\"},\"sameAs\":[\"https:\/\/www.facebook.com\/EstrategiaConcursos\",\"https:\/\/x.com\/EstratConcursos\"],\"url\":\"https:\/\/www.estrategiaconcursos.com.br\/blog\/author\/estrategia2013\/\"}]}<\/script>\n<!-- \/ Yoast SEO Premium plugin. -->","yoast_head_json":{"title":"Guarda-vidas SP abre sele\u00e7\u00e3o com 600 vagas tempor\u00e1rias","description":"Foi publicado o edital da nova sele\u00e7\u00e3o para o cargo de guarda-vidas, no estado de S\u00e3o Paulo, com oferta de 600 vagas. Confira no site!","robots":{"index":"index","follow":"follow","max-snippet":"max-snippet:-1","max-image-preview":"max-image-preview:large","max-video-preview":"max-video-preview:-1"},"canonical":"https:\/\/www.estrategiaconcursos.com.br\/blog\/guarda-vidas-selecao\/","og_locale":"pt_BR","og_type":"article","og_title":"Guarda-vidas SP abre sele\u00e7\u00e3o com 600 vagas tempor\u00e1rias","og_description":"Foi publicado o edital da nova sele\u00e7\u00e3o para o cargo de guarda-vidas, no estado de S\u00e3o Paulo, com oferta de 600 vagas. Confira no site!","og_url":"https:\/\/www.estrategiaconcursos.com.br\/blog\/guarda-vidas-selecao\/","og_site_name":"Estrat\u00e9gia Concursos","article_author":"https:\/\/www.facebook.com\/EstrategiaConcursos","article_published_time":"2021-09-23T20:39:21+00:00","article_modified_time":"2021-09-24T16:53:25+00:00","og_image":[{"width":400,"height":209,"url":"https:\/\/dhg1h5j42swfq.cloudfront.net\/2019\/06\/05162743\/bombeiros-sp.jpg","type":"image\/jpeg"}],"author":"Coordena\u00e7\u00e3o","twitter_card":"summary_large_image","twitter_creator":"@EstratConcursos","twitter_site":"@EstratConcursos","twitter_misc":{"Escrito por":"Coordena\u00e7\u00e3o","Est. tempo de leitura":"3 minutos"},"schema":{"@context":"https:\/\/schema.org","@graph":[{"@type":"NewsArticle","@id":"https:\/\/www.estrategiaconcursos.com.br\/blog\/guarda-vidas-selecao\/#article","isPartOf":{"@id":"https:\/\/www.estrategiaconcursos.com.br\/blog\/guarda-vidas-selecao\/"},"author":{"name":"Coordena\u00e7\u00e3o","@id":"https:\/\/www.estrategiaconcursos.com.br\/blog\/#\/schema\/person\/b4a388c97673c5f483d72185668afa1f"},"headline":"Guarda-vidas SP abre sele\u00e7\u00e3o com 600 vagas tempor\u00e1rias","datePublished":"2021-09-23T20:39:21+00:00","dateModified":"2021-09-24T16:53:25+00:00","mainEntityOfPage":{"@id":"https:\/\/www.estrategiaconcursos.com.br\/blog\/guarda-vidas-selecao\/"},"wordCount":576,"commentCount":0,"publisher":{"@id":"https:\/\/www.estrategiaconcursos.com.br\/blog\/#organization"},"image":{"@id":"https:\/\/www.estrategiaconcursos.com.br\/blog\/guarda-vidas-selecao\/#primaryimage"},"thumbnailUrl":"https:\/\/dhg1h5j42swfq.cloudfront.net\/2019\/06\/05162743\/bombeiros-sp.jpg","articleSection":["Policial (PM\/BM - Pra\u00e7as)","\u00daltimas not\u00edcias"],"inLanguage":"pt-BR","potentialAction":[{"@type":"CommentAction","name":"Comment","target":["https:\/\/www.estrategiaconcursos.com.br\/blog\/guarda-vidas-selecao\/#respond"]}],"copyrightYear":"2021","copyrightHolder":{"@id":"https:\/\/www.estrategiaconcursos.com.br\/blog\/#organization"}},{"@type":"WebPage","@id":"https:\/\/www.estrategiaconcursos.com.br\/blog\/guarda-vidas-selecao\/","url":"https:\/\/www.estrategiaconcursos.com.br\/blog\/guarda-vidas-selecao\/","name":"Guarda-vidas SP abre sele\u00e7\u00e3o com 600 vagas tempor\u00e1rias","isPartOf":{"@id":"https:\/\/www.estrategiaconcursos.com.br\/blog\/#website"},"primaryImageOfPage":{"@id":"https:\/\/www.estrategiaconcursos.com.br\/blog\/guarda-vidas-selecao\/#primaryimage"},"image":{"@id":"https:\/\/www.estrategiaconcursos.com.br\/blog\/guarda-vidas-selecao\/#primaryimage"},"thumbnailUrl":"https:\/\/dhg1h5j42swfq.cloudfront.net\/2019\/06\/05162743\/bombeiros-sp.jpg","datePublished":"2021-09-23T20:39:21+00:00","dateModified":"2021-09-24T16:53:25+00:00","description":"Foi publicado o edital da nova sele\u00e7\u00e3o para o cargo de guarda-vidas, no estado de S\u00e3o Paulo, com oferta de 600 vagas. Confira no site!","breadcrumb":{"@id":"https:\/\/www.estrategiaconcursos.com.br\/blog\/guarda-vidas-selecao\/#breadcrumb"},"inLanguage":"pt-BR","potentialAction":[{"@type":"ReadAction","target":["https:\/\/www.estrategiaconcursos.com.br\/blog\/guarda-vidas-selecao\/"]}]},{"@type":"ImageObject","inLanguage":"pt-BR","@id":"https:\/\/www.estrategiaconcursos.com.br\/blog\/guarda-vidas-selecao\/#primaryimage","url":"https:\/\/dhg1h5j42swfq.cloudfront.net\/2019\/06\/05162743\/bombeiros-sp.jpg","contentUrl":"https:\/\/dhg1h5j42swfq.cloudfront.net\/2019\/06\/05162743\/bombeiros-sp.jpg","width":400,"height":209,"caption":"Guarda-vidas sp sele\u00e7\u00e3o"},{"@type":"BreadcrumbList","@id":"https:\/\/www.estrategiaconcursos.com.br\/blog\/guarda-vidas-selecao\/#breadcrumb","itemListElement":[{"@type":"ListItem","position":1,"name":"In\u00edcio","item":"https:\/\/www.estrategiaconcursos.com.br\/blog\/"},{"@type":"ListItem","position":2,"name":"Guarda-vidas SP abre sele\u00e7\u00e3o com 600 vagas tempor\u00e1rias"}]},{"@type":"WebSite","@id":"https:\/\/www.estrategiaconcursos.com.br\/blog\/#website","url":"https:\/\/www.estrategiaconcursos.com.br\/blog\/","name":"Estrat\u00e9gia Concursos","description":"O blog da Estrat\u00e9gia Concursos traz not\u00edcias sobre concursos e artigos de professores oferecendo cursos para concursos (pdf + videaulas) no site.","publisher":{"@id":"https:\/\/www.estrategiaconcursos.com.br\/blog\/#organization"},"potentialAction":[{"@type":"SearchAction","target":{"@type":"EntryPoint","urlTemplate":"https:\/\/www.estrategiaconcursos.com.br\/blog\/?s={search_term_string}"},"query-input":{"@type":"PropertyValueSpecification","valueRequired":true,"valueName":"search_term_string"}}],"inLanguage":"pt-BR"},{"@type":"Organization","@id":"https:\/\/www.estrategiaconcursos.com.br\/blog\/#organization","name":"Estrat\u00e9gia Concursos","url":"https:\/\/www.estrategiaconcursos.com.br\/blog\/","logo":{"@type":"ImageObject","inLanguage":"pt-BR","@id":"https:\/\/www.estrategiaconcursos.com.br\/blog\/#\/schema\/logo\/image\/","url":"https:\/\/dhg1h5j42swfq.cloudfront.net\/2025\/06\/03203428\/logo_concursos-1.jpg","contentUrl":"https:\/\/dhg1h5j42swfq.cloudfront.net\/2025\/06\/03203428\/logo_concursos-1.jpg","width":230,"height":60,"caption":"Estrat\u00e9gia Concursos"},"image":{"@id":"https:\/\/www.estrategiaconcursos.com.br\/blog\/#\/schema\/logo\/image\/"},"sameAs":["https:\/\/x.com\/EstratConcursos"]},{"@type":"Person","@id":"https:\/\/www.estrategiaconcursos.com.br\/blog\/#\/schema\/person\/b4a388c97673c5f483d72185668afa1f","name":"Coordena\u00e7\u00e3o","image":{"@type":"ImageObject","inLanguage":"pt-BR","@id":"https:\/\/secure.gravatar.com\/avatar\/b720319e4c9a967eb58678d110f4fe35452fc5d5f97b202bac7b8acceb18c6ad?s=96&d=mm&r=g","url":"https:\/\/secure.gravatar.com\/avatar\/b720319e4c9a967eb58678d110f4fe35452fc5d5f97b202bac7b8acceb18c6ad?s=96&d=mm&r=g","contentUrl":"https:\/\/secure.gravatar.com\/avatar\/b720319e4c9a967eb58678d110f4fe35452fc5d5f97b202bac7b8acceb18c6ad?s=96&d=mm&r=g","caption":"Coordena\u00e7\u00e3o"},"sameAs":["https:\/\/www.facebook.com\/EstrategiaConcursos","https:\/\/x.com\/EstratConcursos"],"url":"https:\/\/www.estrategiaconcursos.com.br\/blog\/author\/estrategia2013\/"}]}},"_links":{"self":[{"href":"https:\/\/www.estrategiaconcursos.com.br\/blog\/wp-json\/wp\/v2\/posts\/868934","targetHints":{"allow":["GET"]}}],"collection":[{"href":"https:\/\/www.estrategiaconcursos.com.br\/blog\/wp-json\/wp\/v2\/posts"}],"about":[{"href":"https:\/\/www.estrategiaconcursos.com.br\/blog\/wp-json\/wp\/v2\/types\/post"}],"author":[{"embeddable":true,"href":"https:\/\/www.estrategiaconcursos.com.br\/blog\/wp-json\/wp\/v2\/users\/1"}],"replies":[{"embeddable":true,"href":"https:\/\/www.estrategiaconcursos.com.br\/blog\/wp-json\/wp\/v2\/comments?post=868934"}],"version-history":[{"count":11,"href":"https:\/\/www.estrategiaconcursos.com.br\/blog\/wp-json\/wp\/v2\/posts\/868934\/revisions"}],"predecessor-version":[{"id":869780,"href":"https:\/\/www.estrategiaconcursos.com.br\/blog\/wp-json\/wp\/v2\/posts\/868934\/revisions\/869780"}],"wp:featuredmedia":[{"embeddable":true,"href":"https:\/\/www.estrategiaconcursos.com.br\/blog\/wp-json\/wp\/v2\/media\/384253"}],"wp:attachment":[{"href":"https:\/\/www.estrategiaconcursos.com.br\/blog\/wp-json\/wp\/v2\/media?parent=868934"}],"wp:term":[{"taxonomy":"category","embeddable":true,"href":"https:\/\/www.estrategiaconcursos.com.br\/blog\/wp-json\/wp\/v2\/categories?post=868934"},{"taxonomy":"post_tag","embeddable":true,"href":"https:\/\/www.estrategiaconcursos.com.br\/blog\/wp-json\/wp\/v2\/tags?post=868934"},{"taxonomy":"tax_estado","embeddable":true,"href":"https:\/\/www.estrategiaconcursos.com.br\/blog\/wp-json\/wp\/v2\/tax_estado?post=868934"}],"curies":[{"name":"wp","href":"https:\/\/api.w.org\/{rel}","templated":true}]}}