{"id":86866,"date":"2017-08-28T08:27:08","date_gmt":"2017-08-28T11:27:08","guid":{"rendered":"https:\/\/www.estrategiaconcursos.com.br\/blog\/?p=86866"},"modified":"2018-09-21T15:47:19","modified_gmt":"2018-09-21T18:47:19","slug":"raciocinio-logico-trt-sc-gabarito-prova-resolvida","status":"publish","type":"post","link":"https:\/\/www.estrategiaconcursos.com.br\/blog\/raciocinio-logico-trt-sc-gabarito-prova-resolvida\/","title":{"rendered":"Racioc\u00ednio L\u00f3gico TRT SC &#8211; gabarito e prova resolvida &#8211; TODOS os cargos!"},"content":{"rendered":"<p style=\"text-align: justify;\">Caros alunos,<\/p>\n<p style=\"text-align: justify;\">Vejam a seguir a minha resolu\u00e7\u00e3o das quest\u00f5es de Racioc\u00ednio L\u00f3gico das provas do Tribunal Regional do Trabalho da 12\u00aa Regi\u00e3o (TRT\/SC). Vou come\u00e7ar pela prova de <strong>T\u00e9cnico Judici\u00e1rio &#8211; \u00c1rea Administrativa (TJAA).<\/strong><\/p>\n<p style=\"text-align: justify;\"><span style=\"text-decoration: underline; color: #ff0000;\"><strong>As quest\u00f5es de Analista e Oficial de Justi\u00e7a encontram-se ap\u00f3s as de T\u00e9cnico, ok? \u00c9 s\u00f3 rolar a tela!!!<\/strong><\/span><\/p>\n<p style=\"text-align: justify;\">Para ver os enunciados completos das quest\u00f5es, baixem estas imagens gentilmente enviado por uma aluna minha que\u00a0<span style=\"text-decoration: underline;\"><strong>GABARITOU A PROVA!!!<\/strong><\/span><\/p>\n<p style=\"text-align: justify;\"><a href=\"https:\/\/www.estrategiaconcursos.com.br\/blog\/wp-content\/uploads\/2017\/08\/21170802_1446682992085060_1621137343_o.jpg\" target=\"_blank\" rel=\"noopener\">PROVA TRT SC TJAA PARTE1<\/a><\/p>\n<p style=\"text-align: justify;\"><a style=\"text-align: center;\" href=\"https:\/\/www.estrategiaconcursos.com.br\/blog\/wp-content\/uploads\/2017\/08\/21170911_1446683005418392_219368719_o.jpg\" target=\"_blank\" rel=\"noopener\">PARTE2<\/a><\/p>\n<p style=\"text-align: justify;\"><a style=\"text-align: center;\" href=\"https:\/\/www.estrategiaconcursos.com.br\/blog\/wp-content\/uploads\/2017\/08\/21169329_1446683332085026_293873467_o.jpg\" target=\"_blank\" rel=\"noopener\">PARTE3<\/a><\/p>\n<p style=\"text-align: justify;\"><a href=\"https:\/\/www.estrategiaconcursos.com.br\/blog\/wp-content\/uploads\/2017\/08\/21147033_1446683362085023_2013336672_o.jpg\" target=\"_blank\" rel=\"noopener\">PARTE4<\/a><\/p>\n<p style=\"text-align: justify;\"><a href=\"https:\/\/www.estrategiaconcursos.com.br\/blog\/wp-content\/uploads\/2017\/08\/21147105_1446683758751650_738140412_o.jpg\" target=\"_blank\" rel=\"noopener\">PARTE5<\/a><\/p>\n<p style=\"text-align: justify;\"><strong>FGV &#8211; TRT\/SC &#8211; 2017)<\/strong>\u00a0A nova sala&#8230;<\/p>\n<p style=\"text-align: justify;\"><strong>RESOLU\u00c7\u00c3O:<\/strong><\/p>\n<p style=\"text-align: justify;\">Veja que a pasta 2310 \u00e9 a d\u00e9cima pasta da terceira gaveta do segundo arquivo.<\/p>\n<p style=\"text-align: justify;\">Ap\u00f3s esta, temos mais 2 pastas nesta gaveta: 2311 e 2312.<\/p>\n<p style=\"text-align: justify;\">Temos ainda as seguintes gavetas que devem ser totalmente preenchidas, cada uma com 12 processos:<\/p>\n<p style=\"text-align: justify;\">24, 25, 26, 31, 32, 33, 34, 35, 36, 41, 42, 43, 44, 45, 46, 51, 52, 53, 54, 55<\/p>\n<p style=\"text-align: justify;\">Veja que s\u00e3o 20 gavetas, cada uma com 12 pastas, totalizando 20&#215;12 = 240 pastas.<\/p>\n<p style=\"text-align: justify;\">Na gaveta 56, temos que preencher as pastas 5601, 5602 e 5603, ou seja, 3 pastas.<\/p>\n<p style=\"text-align: justify;\">Ao todo temos 2 + 240 + 3 = 245 pastas.<\/p>\n<p style=\"text-align: justify;\"><strong>Resposta: A (245)<\/strong><\/p>\n<p>&nbsp;<\/p>\n<p style=\"text-align: justify;\"><strong>FGV &#8211; TRT\/SC &#8211; 2017)<\/strong>\u00a0O sal\u00e3o principal&#8230;<\/p>\n<p style=\"text-align: justify;\"><strong>RESOLU\u00c7\u00c3O:<\/strong><\/p>\n<p style=\"text-align: justify;\">Temos a condicional p&#8211;&gt;q no enunciado, onde:<\/p>\n<p style=\"text-align: justify;\">p = tiver carteira de advogado<\/p>\n<p style=\"text-align: justify;\">q = pode entrar<\/p>\n<p style=\"text-align: justify;\">Esta proposi\u00e7\u00e3o equivale a ~q&#8211;&gt;~p, isto \u00e9:<\/p>\n<p style=\"text-align: justify;\">Se n\u00e3o pode entrar, ent\u00e3o n\u00e3o tem carteira de advogado<\/p>\n<p style=\"text-align: justify;\">Assim, podemos dizer que <span style=\"text-decoration: underline;\">se Pedro n\u00e3o pode entrar, ent\u00e3o ele n\u00e3o tem carteira de advogado<\/span>. Temos isso na letra C.<\/p>\n<p style=\"text-align: justify;\">Veja que \u00e9 poss\u00edvel que outras pessoas, al\u00e9m das que tem carteira de advogado, possam entrar. Isto faz com que frases como &#8220;se Jo\u00e3o entrou ent\u00e3o tem carteira de advogado&#8221; n\u00e3o possam ser necessariamente conclu\u00eddas a partir do enunciado.<\/p>\n<p style=\"text-align: justify;\"><strong>Resposta: C (se Pedro n\u00e3o pode entrar, ent\u00e3o ele n\u00e3o tem carteira de advogado)<\/strong><\/p>\n<p>&nbsp;<\/p>\n<p style=\"text-align: justify;\"><strong>FGV &#8211; TRT\/SC &#8211; 2017)<\/strong>\u00a0Em um tribunal&#8230;<\/p>\n<p style=\"text-align: justify;\"><strong>RESOLU\u00c7\u00c3O:<\/strong><\/p>\n<p style=\"text-align: justify;\">A frase do enunciado pode ser reescrita como a condicional:<\/p>\n<p style=\"text-align: justify;\">&#8220;Se o processo tem capa cinza, ent\u00e3o ele n\u00e3o vai para o arquivo&#8221;<\/p>\n<p style=\"text-align: justify;\">Esta condicional p&#8211;&gt;q equivale \u00e0 condicional ~q&#8211;&gt;~p, ou seja:<\/p>\n<p style=\"text-align: justify;\">&#8220;Se o processo vai para o arquivo, ent\u00e3o ele N\u00c3O tem capa cinza&#8221;<\/p>\n<p style=\"text-align: justify;\">Como s\u00f3 existem processos de capa azul ou cinza, a frase acima equivale a dizer:<\/p>\n<p style=\"text-align: justify;\">&#8220;Se o processo vai para o arquivo, ent\u00e3o ele tem capa azul&#8221;<\/p>\n<p style=\"text-align: justify;\">Temos essa informa\u00e7\u00e3o na alternativa:<\/p>\n<p style=\"text-align: justify;\"><span style=\"text-decoration: underline;\">&#8220;todo processo que vai para o arquivo tem capa azul&#8221;.<\/span><\/p>\n<p style=\"text-align: justify;\"><strong>Resposta: B (todo processo que vai para o arquivo tem capa azul)<\/strong><\/p>\n<p>&nbsp;<\/p>\n<p style=\"text-align: justify;\"><strong>FGV &#8211; TRT\/SC &#8211; 2017)<\/strong>\u00a0No m\u00eas de julho&#8230;<\/p>\n<p style=\"text-align: justify;\"><strong>RESOLU\u00c7\u00c3O:<\/strong><\/p>\n<p style=\"text-align: justify;\">Partindo de 17h31min, Temos 29 minutos para chegar at\u00e9 18h. Temos mais 6 horas para chegar \u00e0s 24h, e mais 7h e 5 minutos para chegar at\u00e9 o hor\u00e1rio de 07h05min.<\/p>\n<p style=\"text-align: justify;\">Assim, a noite teve:<\/p>\n<p style=\"text-align: justify;\">29min + 6h + 7h + 5min = 13h + 34min<\/p>\n<p style=\"text-align: justify;\"><strong>Resposta: D (13h34min)<\/strong><\/p>\n<p>&nbsp;<\/p>\n<p style=\"text-align: justify;\"><strong>FGV &#8211; TRT\/SC &#8211; 2017)<\/strong>\u00a0Todas as pessoas&#8230;<\/p>\n<p style=\"text-align: justify;\"><strong>RESOLU\u00c7\u00c3O:<\/strong><\/p>\n<p style=\"text-align: justify;\">Vamos julgar cada alternativa:<\/p>\n<ul style=\"text-align: justify;\">\n<li>todos os que conhecem Bianca gostam dela<\/li>\n<\/ul>\n<p style=\"text-align: justify;\">Falso, pois parte das pessoas n\u00e3o gostam de Bianca (como diz a frase &#8220;algumas pessoas que conhecem Bianca n\u00e3o gostam dela).<\/p>\n<ul style=\"text-align: justify;\">\n<li>ningu\u00e9m gosta de Bianca<\/li>\n<\/ul>\n<p style=\"text-align: justify;\">Falso, pois o pr\u00f3prio enunciado fala de pessoas que gostam de Bianca.<\/p>\n<ul style=\"text-align: justify;\">\n<li>alguns que conhecem Bianca n\u00e3o conhecem Bernardo<\/li>\n<\/ul>\n<p style=\"text-align: justify;\">Verdade, pois existem pessoas que conhecem Bianca e n\u00e3o gostam dela. Se essas pessoas tamb\u00e9m conhecessem Bernardo,elas deveriam gostar de Bianca (pois quem conhece os dois gosta de Bianca, como disse o enunciado).<\/p>\n<ul style=\"text-align: justify;\">\n<li>quem conhece Bernardo gosta de Bianca<\/li>\n<\/ul>\n<p style=\"text-align: justify;\">Falso. Sabemos que quem conhece os DOIS realmente gosta de Bianca. Mas \u00e9 poss\u00edvel existir pessoas que conhecem apenas Bernardo, assim essas pessoas n\u00e3o necessariamente gostam de Bianca.<\/p>\n<ul style=\"text-align: justify;\">\n<li>s\u00f3 quem conhece Bernardo e Bianca conhece Bianca<\/li>\n<\/ul>\n<p style=\"text-align: justify;\">Falso, pois vimos que existem pessoas que conhecem Bianca e n\u00e3o gostam dela. Essas pessoas n\u00e3o conhecem Bernardo, afinal se o conhecessem tamb\u00e9m, gostariam de Bianca.<\/p>\n<p style=\"text-align: justify;\"><strong>Resposta: C (alguns que conhecem Bianca n\u00e3o conhecem Bernardo)<\/strong><\/p>\n<p>&nbsp;<\/p>\n<p style=\"text-align: justify;\"><strong>FGV &#8211; TRT\/SC &#8211; 2017)<\/strong>\u00a0Os advogados Miguel e Lucas&#8230;<\/p>\n<p style=\"text-align: justify;\"><strong>RESOLU\u00c7\u00c3O:<\/strong><\/p>\n<p style=\"text-align: justify;\">Lucas disse que a frase de Miguel \u00e9 falsa. Se essa frase \u00e9 falsa, a sua NEGA\u00c7\u00c3O \u00e9 verdadeira.<\/p>\n<p style=\"text-align: justify;\">A frase de Miguel \u00e9 uma condicional p&#8211;&gt;q, e sua nega\u00e7\u00e3o \u00e9 dada por &#8220;p e n\u00e3o-q&#8221;, ou seja:<\/p>\n<p style=\"text-align: justify;\">&#8220;Esse processo \u00e9 de danos morais E N\u00c3O tem 100 p\u00e1ginas ou mais&#8221;<\/p>\n<p style=\"text-align: justify;\">Outra forma de dizer isso \u00e9:<\/p>\n<p style=\"text-align: justify;\">&#8220;Esse processo \u00e9 de danos morais E tem MENOS DE 100 p\u00e1ginas&#8221;<\/p>\n<p style=\"text-align: justify;\"><strong>Resposta: E (esse processo \u00e9 de danos morais e tem menos de 100 p\u00e1ginas)<\/strong><\/p>\n<p>&nbsp;<\/p>\n<p style=\"text-align: justify;\"><strong>FGV &#8211; TRT\/SC &#8211; 2017)<\/strong>\u00a0Alguns consideram que &#8230;<\/p>\n<p style=\"text-align: justify;\"><strong>RESOLU\u00c7\u00c3O:<\/strong><\/p>\n<p style=\"text-align: justify;\">Dividindo 90 dias por 7, temos o resultado 12 e o resto 6. Isto significa que 90 dias correspondem a 12 semanas completas e mais 6 dias.<\/p>\n<p style=\"text-align: justify;\">Como 23 de mar\u00e7o foi s\u00e1bado, o dia seguinte foi um domingo. A partir da\u00ed temos 12 semanas completas, todas come\u00e7ando em um domingo e terminando no s\u00e1bado seguinte, e mais seis dias: domingo, segunda, ter\u00e7a, quarta, quinta, SEXTA.<\/p>\n<p style=\"text-align: justify;\">Portanto, o dia 21 de junho \u00e9 SEXTA.<\/p>\n<p style=\"text-align: justify;\"><strong>Resposta: E (sexta-feira)<\/strong><\/p>\n<p>&nbsp;<\/p>\n<p style=\"text-align: justify;\"><strong>FGV &#8211; TRT\/SC &#8211; 2017)<\/strong>\u00a0Davi, Jo\u00e3o&#8230;<\/p>\n<p style=\"text-align: justify;\"><strong>RESOLU\u00c7\u00c3O:<\/strong><\/p>\n<p style=\"text-align: justify;\">Como Davi \u00e9 mais jovem que Gabriel e Pedro, e Gabriel \u00e9 mais velho que Pedro, temos:<\/p>\n<p style=\"text-align: justify;\">&#8230; Gabriel &#8230; Pedro &#8230; Davi &#8230;<\/p>\n<p style=\"text-align: justify;\">Veja que estou colocando as pessoas em ordem decrescente de idade, ou seja, \u00e0 esquerda temos os mais velhos e \u00e0 direita os mais novos. As retic\u00eancias indicam que podemos ter pessoas entre eles.<\/p>\n<p style=\"text-align: justify;\">Temos que posicionar ainda Jo\u00e3o e Artur. Veja que algu\u00e9m precisa ser mais velho que Gabriel (ele n\u00e3o \u00e9 o mais velho de todos), e algu\u00e9m precisa ser mais jovem que Davi (ele n\u00e3o \u00e9 o mais jovem).<\/p>\n<p style=\"text-align: justify;\">Como Artur \u00e9 mais jovem que Pedro, ele n\u00e3o pode ser o mais velho de todos. O mais velho de todos \u00e9, portanto, Jo\u00e3o. J\u00e1 o mais novo precisa ser Artur, para evitar que Davi seja o \u00faltimo. Ficamos com:<\/p>\n<p style=\"text-align: justify;\">Jo\u00e3o &#8211; Gabriel &#8211; Pedro &#8211; Davi &#8211; Artur<\/p>\n<p style=\"text-align: justify;\">Como a fila \u00e9 em ordem crescente de idade, Artur ser\u00e1 o primeiro e Jo\u00e3o o \u00faltimo.<\/p>\n<p style=\"text-align: justify;\"><strong>Resposta: E (Jo\u00e3o est\u00e1 no \u00faltimo lugar da fila)<\/strong><\/p>\n<p>&nbsp;<\/p>\n<p style=\"text-align: justify;\"><strong>FGV &#8211; TRT\/SC &#8211; 2017)<\/strong>\u00a0Considere verdadeiras&#8230;<\/p>\n<p style=\"text-align: justify;\"><strong>RESOLU\u00c7\u00c3O:<\/strong><\/p>\n<p style=\"text-align: justify;\">Imagine os conjuntos dos artistas, dos interessantes e dos que sabem dirigir.<\/p>\n<p style=\"text-align: justify;\">Como todos os artistas s\u00e3o interessantes, eles est\u00e3o totalmente dentro do conjunto dos interessantes. Como os interessantes n\u00e3o sabem dirigir, o conjunto das pessoas que dirigem est\u00e1 totalmente fora do conjunto dos interessantes.<\/p>\n<p style=\"text-align: justify;\">Temos algo assim:<\/p>\n<p style=\"text-align: justify;\"><a href=\"https:\/\/dhg1h5j42swfq.cloudfront.net\/2017\/08\/27183722\/trt-sc-questao.png\"><img loading=\"lazy\" decoding=\"async\" class=\"aligncenter size-full wp-image-86887\" src=\"https:\/\/dhg1h5j42swfq.cloudfront.net\/2017\/08\/27183722\/trt-sc-questao.png\" alt=\"\" width=\"568\" height=\"347\" srcset=\"https:\/\/dhg1h5j42swfq.cloudfront.net\/2017\/08\/27183722\/trt-sc-questao.png 568w, https:\/\/dhg1h5j42swfq.cloudfront.net\/2017\/08\/27183722\/trt-sc-questao.png 300w\" sizes=\"auto, (max-width: 568px) 100vw, 568px\" \/><\/a><\/p>\n<p style=\"text-align: justify;\">O esquema deixa claro que nenhum artista sabe dirigir.<\/p>\n<p style=\"text-align: justify;\"><strong>Resposta: E (nenhum artista sabe dirigir)<\/strong><\/p>\n<p>&nbsp;<\/p>\n<p style=\"text-align: justify;\"><strong>FGV &#8211; TRT\/SC &#8211; 2017)<\/strong>\u00a0Um funcion\u00e1rio do tribunal&#8230;<\/p>\n<p style=\"text-align: justify;\"><strong>RESOLU\u00c7\u00c3O:<\/strong><\/p>\n<p style=\"text-align: justify;\">Se divid\u00edssemos igualmente os 80 processos entre os 7 advogados, ter\u00edamos o resultado 11 e o resto 3. A partir da\u00ed, podemos imaginar como foi feita a divis\u00e3o.<\/p>\n<p style=\"text-align: justify;\">Suponha que distribu\u00edmos 12 processos para cada um dos seis advogados que receberam a mesma quantidade. Com isso, ter\u00edamos distribu\u00eddo 6&#215;12 = 72, restando 80 &#8211; 72 = 8 para o \u00faltimo advogado.<\/p>\n<p style=\"text-align: justify;\">Agora imagine que distribu\u00edmos 13 processos para cada um dos seis advogados que receberam a mesma quantidade. Com isso, ter\u00edamos distribu\u00eddo 6&#215;13 = 78 processos, restando 80 &#8211; 78 = 2 para o \u00faltimo. Veja que este caso n\u00e3o pode ser aceito, pois foi dito que o \u00faltimo recebeu MAIS de 5 processos.<\/p>\n<p style=\"text-align: justify;\">Conclu\u00edmos que o \u00fanico caso poss\u00edvel \u00e9 aquele em que distribu\u00edmos 12 processos para cada, e o \u00faltimo recebe 8.<\/p>\n<p style=\"text-align: justify;\"><strong>Resposta: B (8)<\/strong><\/p>\n<p>&nbsp;<\/p>\n<p style=\"text-align: center;\"><span style=\"text-decoration: underline; color: #ff0000;\"><strong>QUEST\u00d5ES DE ANALISTA JUDICI\u00c1RIO E OFICIAL DE JUSTI\u00c7A\u00a0<\/strong><\/span><\/p>\n<p style=\"text-align: justify;\"><strong>FGV &#8211; TRT\/SC &#8211; 2017)<\/strong>\u00a0Sabe-se que s\u00e3o verdadeiras&#8230;<\/p>\n<p style=\"text-align: justify;\"><strong>RESOLU\u00c7\u00c3O:<\/strong><\/p>\n<p style=\"text-align: justify;\">Podemos esquematizar assim:<\/p>\n<p style=\"text-align: justify;\">Z&#8211;&gt;~X<\/p>\n<p style=\"text-align: justify;\">~Z&#8211;&gt;Y<\/p>\n<p style=\"text-align: justify;\">A primeira frase pode ser transformada na equivalente: X&#8211;&gt;~Z. Assim, ficamos com:<\/p>\n<p style=\"text-align: justify;\">X&#8211;&gt;~Z<\/p>\n<p style=\"text-align: justify;\">~Z&#8211;&gt;Y<\/p>\n<p style=\"text-align: justify;\">Juntando as duas:<\/p>\n<p style=\"text-align: justify;\">X&#8211;&gt;~Z&#8211;&gt;Y<\/p>\n<p style=\"text-align: justify;\">Ou seja,<\/p>\n<p style=\"text-align: justify;\">X&#8211;&gt;Y<\/p>\n<p style=\"text-align: justify;\">Podemos dizer que X \u00e9 SUFICIENTE para Y, e que Y \u00e9 NECESS\u00c1RIO para X.<\/p>\n<p style=\"text-align: justify;\">Logo, o gabarito \u00e9:<\/p>\n<p style=\"text-align: justify;\">&#8220;Y \u00e9 necess\u00e1rio para X&#8221;<\/p>\n<p style=\"text-align: justify;\"><strong>Resposta: E (Y \u00e9 necess\u00e1rio para X)<\/strong><\/p>\n<p>&nbsp;<\/p>\n<p style=\"text-align: justify;\"><strong>FGV &#8211; TRT\/SC &#8211; 2017)<\/strong>\u00a0Se o dobro de x&#8230;<\/p>\n<p style=\"text-align: justify;\"><strong>RESOLU\u00c7\u00c3O:<\/strong><\/p>\n<p style=\"text-align: justify;\">O dobro de X \u00e9 igual ao triplo de Y:<\/p>\n<p style=\"text-align: justify;\">2X = 3Y<\/p>\n<p style=\"text-align: justify;\">Dividindo ambos os lados por 2, temos:<\/p>\n<p style=\"text-align: justify;\">X = 3Y\/2<\/p>\n<p style=\"text-align: justify;\">Dividindo ambos os lados por 3, temos:<\/p>\n<p style=\"text-align: justify;\">X\/3 = Y\/2<\/p>\n<p style=\"text-align: justify;\">Vemos que a ter\u00e7a parte de X (X\/3) corresponde \u00e0 metade de Y.<\/p>\n<p style=\"text-align: justify;\"><strong>Resposta: A (metade de Y)<\/strong><\/p>\n<p>&nbsp;<\/p>\n<p style=\"text-align: justify;\"><strong>FGV &#8211; TRT\/SC &#8211; 2017)<\/strong>\u00a0Uma gaveta A&#8230;<\/p>\n<p style=\"text-align: justify;\"><strong>RESOLU\u00c7\u00c3O:<\/strong><\/p>\n<p style=\"text-align: justify;\">Colocando 3 canetas de A em B, ficamos com:<\/p>\n<p style=\"text-align: justify;\">A: 4 vermelhas<\/p>\n<p style=\"text-align: justify;\">B: 3 vermelhas e 7 azuis<\/p>\n<p style=\"text-align: justify;\">Agora vamos tirar 4 canetas de B (que podem ser 4 azuis, 3 vermelhas e 1 azul, 2 vermelhas e 2 azuis, ou 1 vermelha e 3 azuis) e passar para A.<\/p>\n<p style=\"text-align: justify;\">Analisando as op\u00e7\u00f5es de resposta:<\/p>\n<ul style=\"text-align: justify;\">\n<li>s\u00f3 ficaram canetas azuis na gaveta B<\/li>\n<\/ul>\n<p style=\"text-align: justify;\">Falso, \u00e9 poss\u00edvel que canetas vermelhas permane\u00e7am em B.<\/p>\n<ul style=\"text-align: justify;\">\n<li>s\u00f3 ficaram canetas vermelhas na gaveta A<\/li>\n<\/ul>\n<p style=\"text-align: justify;\">Falso, \u00e9 poss\u00edvel que canetas azuis tenham vindo para A.<\/p>\n<ul style=\"text-align: justify;\">\n<li>h\u00e1 pelo menos uma caneta vermelha na gaveta B<\/li>\n<\/ul>\n<p style=\"text-align: justify;\">Falso, \u00e9 poss\u00edvel que B tenha novamente apenas canetas azuis, caso as 3 vermelhas tenham sido levadas de volta para A.<\/p>\n<ul style=\"text-align: justify;\">\n<li>h\u00e1 pelo menos uma caneta azul na gaveta A<\/li>\n<\/ul>\n<p style=\"text-align: justify;\">Verdadeiro. Como ser\u00e3o tiradas 4 canetas de B, e l\u00e1 s\u00f3 temos 3 vermelhas, certamente pelo menos 1 caneta azul ser\u00e1 levada de B para A.<\/p>\n<ul style=\"text-align: justify;\">\n<li>h\u00e1 mais canetas azuis na gaveta B do que canetas vermelhas na gaveta A<\/li>\n<\/ul>\n<p style=\"text-align: justify;\">Falso. \u00c9 poss\u00edvel, por exemplo, levarmos 3 canetas vermelhas e 1 azul de B para A, e assim ficamos com:<\/p>\n<p style=\"text-align: justify;\">A: 7 vermelhas e 1 azul<\/p>\n<p style=\"text-align: justify;\">B: 6 azuis<\/p>\n<p style=\"text-align: justify;\">Veja que, neste caso, h\u00e1 menos canetas azuis em B do que vermelhas em A.<\/p>\n<p style=\"text-align: justify;\"><strong>Resposta: D (h\u00e1 pelo menos uma caneta azul na gaveta A)<\/strong><\/p>\n<p>&nbsp;<\/p>\n<p style=\"text-align: justify;\"><strong>FGV &#8211; TRT\/SC &#8211; 2017)<\/strong>\u00a0Considere como verdadeiras&#8230;<\/p>\n<p style=\"text-align: justify;\"><strong>RESOLU\u00c7\u00c3O:<\/strong><\/p>\n<p style=\"text-align: justify;\">Como Beatriz n\u00e3o \u00e9 brasileira, o trecho &#8220;Beatriz \u00e9 brasileira&#8221; da segunda premissa \u00e9 F. Assim, o trecho\u00a0<span style=\"text-decoration: underline;\">Denise n\u00e3o \u00e9 espanhola<\/span> precisa ser V. Com isso, o trecho &#8220;Denise \u00e9 espanhola&#8221; da primeira premissa \u00e9 F, obrigando o trecho &#8220;Jorge \u00e9 franc\u00eas&#8221; a ser F tamb\u00e9m, de modo que\u00a0<span style=\"text-decoration: underline;\">Jorge n\u00e3o \u00e9 franc\u00eas<\/span>.<\/p>\n<p style=\"text-align: justify;\">Considerando as conclus\u00f5es sublinhadas, podemos marcar a alternativa:<\/p>\n<p style=\"text-align: justify;\">&#8220;Se Jorge n\u00e3o \u00e9 franc\u00eas, ent\u00e3o Denise n\u00e3o \u00e9 espanhola&#8221;, que \u00e9 uma condicional V&#8211;&gt;V, ou seja, verdadeira.<\/p>\n<p style=\"text-align: justify;\"><strong>Resposta: E (Se Jorge n\u00e3o \u00e9 franc\u00eas, ent\u00e3o Denise n\u00e3o \u00e9 espanhola)<\/strong><\/p>\n<p>&nbsp;<\/p>\n<p style=\"text-align: justify;\"><strong>FGV &#8211; TRT\/SC &#8211; 2017)<\/strong>\u00a0Jo\u00e3o \u00e9 mais baixo&#8230;<\/p>\n<p style=\"text-align: justify;\"><strong>RESOLU\u00c7\u00c3O:<\/strong><\/p>\n<p style=\"text-align: justify;\">Colocando as pessoas em ordem decrescente de altura, e sabendo que Jo\u00e3o \u00e9 mais baixo do que Ana, temos:<\/p>\n<p style=\"text-align: justify;\">&#8230; Ana &#8230; Jo\u00e3o &#8230;<\/p>\n<p style=\"text-align: justify;\">Pedro n\u00e3o \u00e9 mais baixo que Ana:<\/p>\n<p style=\"text-align: justify;\">&#8230; Pedro &#8230; Ana &#8230; Jo\u00e3o &#8230;<\/p>\n<p style=\"text-align: justify;\">Como Denise n\u00e3o \u00e9 mais alta do que Jo\u00e3o:<\/p>\n<p style=\"text-align: justify;\">Pedro &#8211; Ana &#8211; Jo\u00e3o &#8211; Denise<\/p>\n<p style=\"text-align: justify;\">Com isso, podemos concluir que Jo\u00e3o \u00e9 mais baixo do que Pedro.<\/p>\n<p style=\"text-align: justify;\">Obs.: a rigor, seria preciso considerar que Pedro e Ana podem ter a mesma altura, e que Jo\u00e3o e Denise tamb\u00e9m podem ter a mesma altura. Mas isso n\u00e3o altera o gabarito correto.<\/p>\n<p style=\"text-align: justify;\"><strong>Resposta: D (Jo\u00e3o \u00e9 mais baixo do que Pedro)<\/strong><\/p>\n<p>&nbsp;<\/p>\n<p style=\"text-align: justify;\"><strong>FGV &#8211; TRT\/SC &#8211; 2017)<\/strong>\u00a0Sabe-se que:<\/p>\n<ul style=\"text-align: justify;\">\n<li>Se X \u00e9 vermelho&#8230;<\/li>\n<\/ul>\n<p style=\"text-align: justify;\"><strong>RESOLU\u00c7\u00c3O:<\/strong><\/p>\n<p style=\"text-align: justify;\">Esquematizando as proposi\u00e7\u00f5es:<\/p>\n<p style=\"text-align: justify;\">X &#8211;&gt; ~Y<\/p>\n<p style=\"text-align: justify;\">~X &#8211;&gt; ~Z<\/p>\n<p style=\"text-align: justify;\">Y &#8211;&gt; Z<\/p>\n<p style=\"text-align: justify;\">Vejamos uma solu\u00e7\u00e3o bem r\u00e1pida, e depois a &#8220;solu\u00e7\u00e3o tradicional&#8221; pelo m\u00e9todo do chute.<\/p>\n<p style=\"text-align: justify;\"><strong>Solu\u00e7\u00e3o R\u00e1pida:<\/strong><\/p>\n<p style=\"text-align: justify;\">Podemos substituir a primeira pela equivalente Y&#8211;&gt;~X. Tamb\u00e9m podemos substituir a terceira pela equivalente ~Z&#8211;&gt;~Y. Assim, temos:<\/p>\n<p style=\"text-align: justify;\">Y&#8211;&gt;~X<\/p>\n<p style=\"text-align: justify;\">~X &#8211;&gt; ~Z<\/p>\n<p style=\"text-align: justify;\">~Z&#8211;&gt;~Y<\/p>\n<p style=\"text-align: justify;\">Veja que podemos juntar as 3, ficando:<\/p>\n<p style=\"text-align: justify;\">Y&#8211;&gt;~X&#8211;&gt;~Z&#8211;&gt;~Y<\/p>\n<p style=\"text-align: justify;\">Ou seja,<\/p>\n<p style=\"text-align: justify;\">Y &#8211;&gt; ~Y<\/p>\n<p style=\"text-align: justify;\">Para esta proposi\u00e7\u00e3o ser verdadeira, \u00e9 preciso que ~Y seja V e que Y seja F. Caso contr\u00e1rio (ou seja, se Y for V), essa proposi\u00e7\u00e3o ser\u00e1 falsa. Logo, podemos concluir que ~Y \u00e9 V, ou melhor, concluir que Y \u00e9 F. Isto \u00e9, <span style=\"text-decoration: underline;\">Y n\u00e3o \u00e9 verde<\/span>.<\/p>\n<p style=\"text-align: justify;\"><strong>Solu\u00e7\u00e3o tradicional (m\u00e9todo do chute):<\/strong><\/p>\n<p style=\"text-align: justify;\">Suponha que X \u00e9 vermelho, ou seja, X \u00e9 V. Assim, \u00e9 preciso que ~Y seja V tamb\u00e9m para tornar a primeira premissa verdadeira. Isso j\u00e1 torna a segunda premissa verdadeira (pois ~X \u00e9 F) e a terceira tamb\u00e9m (pois Y \u00e9 F). Ou seja, considerando que X \u00e9 vermelho, \u00e9 poss\u00edvel tornar todas as premissas verdadeiras.<\/p>\n<p style=\"text-align: justify;\">Suponha agora que X n\u00e3o \u00e9 vermelho, ou seja, X \u00e9 F. Isso j\u00e1 torna a primeira premissa verdadeira. Para a segunda ser verdadeira, precisamos que ~Z seja V. Com isso, Z \u00e9 F, de modo que Y precisa ser F tamb\u00e9m para deixar a proposi\u00e7\u00e3o verdadeira. Ou seja, considerando que X n\u00e3o \u00e9 vermelho, tamb\u00e9m \u00e9 poss\u00edvel deixar todas as premissas verdadeiras.<\/p>\n<p style=\"text-align: justify;\">Note que nada podemos concluir a respeito de X: sendo verdadeiro ou falso, \u00e9 poss\u00edvel deixar todas as premissas verdadeiras.<\/p>\n<p style=\"text-align: justify;\">Vamos para a an\u00e1lise de Y.<\/p>\n<p style=\"text-align: justify;\">Supondo que Y \u00e9 V, a terceira premissa indica que Z deve ser V tamb\u00e9m. Assim, ~Z \u00e9 F, de modo que na segunda premissa ~X deve ser F tamb\u00e9m. Com isso, X \u00e9 V, e como ~Y \u00e9 F, a primeira premissa fica V&#8211;&gt;F, o que a torna falsa. Logo, Y n\u00e3o pode ser V, pois se Y fosse V seria imposs\u00edvel tornar todas as premissas verdadeiras.<\/p>\n<p style=\"text-align: justify;\">Caso Y seja F, a terceira premissa j\u00e1 seria verdadeira, e a primeira tamb\u00e9m (pois ~Y seria V). Seria ainda poss\u00edvel encontrar uma combina\u00e7\u00e3o de valores l\u00f3gicos que tornasse a segunda premissa verdadeira. Portanto, podemos concluir que Y \u00e9 F (ou melhor,\u00a0<span style=\"text-decoration: underline;\">Y n\u00e3o \u00e9 verde<\/span>), pois se Y fosse verdadeiro alguma premissa ficaria falsa.<\/p>\n<p style=\"text-align: justify;\">Analisando Z: supondo que Z \u00e9 verdadeiro, a terceira premissa fica verdadeira. Para deixar a segunda verdadeira, precisamos que ~X seja F. Com isso, para a primeira ser verdadeira, precisamos que ~Y seja V. Assim, \u00e9 poss\u00edvel deixar todas as premissas verdadeiras quando consideramos que Z \u00e9 V.<\/p>\n<p style=\"text-align: justify;\">Considerando agora que Z \u00e9 F, a segunda premissa fica verdadeira. Para a terceira ser verdadeira, Y deve ser F tamb\u00e9m. Com isso, a primeira premissa j\u00e1 fica verdadeira.<\/p>\n<p style=\"text-align: justify;\">Logo, \u00e9 poss\u00edvel deixar todas as premissas verdadeiras quando Z \u00e9 F.<\/p>\n<p style=\"text-align: justify;\">Repare que n\u00e3o \u00e9 poss\u00edvel concluir nada sobre Z, afinal \u00e9 poss\u00edvel deixar todas as premissas verdadeiras quando Z \u00e9 V e tamb\u00e9m quando Z \u00e9 F.<\/p>\n<p style=\"text-align: justify;\">A \u00fanica conclus\u00e3o poss\u00edvel \u00e9 sobre Y, que deve ser F (Y n\u00e3o \u00e9 verde).<\/p>\n<p style=\"text-align: justify;\"><strong>Resposta: D (Y n\u00e3o \u00e9 verde)<\/strong><\/p>\n<p>&nbsp;<\/p>\n<p style=\"text-align: justify;\"><strong>FGV &#8211; TRT\/SC &#8211; 2017)<\/strong>\u00a0A nega\u00e7\u00e3o l\u00f3gica&#8230;<\/p>\n<p style=\"text-align: justify;\"><strong>RESOLU\u00c7\u00c3O:<\/strong><\/p>\n<p style=\"text-align: justify;\">Temos a condicional (A e B) &#8211;&gt;C, em que:<\/p>\n<p style=\"text-align: justify;\">A = eu como<\/p>\n<p style=\"text-align: justify;\">B = n\u00e3o corro<\/p>\n<p style=\"text-align: justify;\">C = engordo<\/p>\n<p style=\"text-align: justify;\">A sua nega\u00e7\u00e3o \u00e9:<\/p>\n<p style=\"text-align: justify;\">(A e B) E ~C<\/p>\n<p style=\"text-align: justify;\">Ou seja,<\/p>\n<p style=\"text-align: justify;\">&#8220;Eu como e n\u00e3o corro E n\u00e3o engordo&#8221;<\/p>\n<p style=\"text-align: justify;\"><strong>Resposta: B (Eu como e n\u00e3o corro e n\u00e3o engordo)<\/strong><\/p>\n<p>&nbsp;<\/p>\n<p style=\"text-align: justify;\"><strong>FGV &#8211; TRT\/SC &#8211; 2017) <\/strong>Considere a senten\u00e7a&#8230;<\/p>\n<p style=\"text-align: justify;\"><strong>RESOLU\u00c7\u00c3O:<\/strong><\/p>\n<p style=\"text-align: justify;\">Para a senten\u00e7a n\u00e3o ser falsa, n\u00e3o pode acontecer de a primeira parte ser verdadeira (x ser par e y ser maior que x) e, ao mesmo tempo, a segunda parte ser falsa (y ser par).<\/p>\n<p style=\"text-align: justify;\">Vejamos os casos onde a proposi\u00e7\u00e3o fica falsa:<\/p>\n<p style=\"text-align: justify;\">a) se x for par (2 ou 4) e y for maior do que x (s\u00f3 podendo ser 3 ou 5), ent\u00e3o claramente n\u00e3o tem como y ser par. Aqui \u00e9 imposs\u00edvel deixar a proposi\u00e7\u00e3o falsa. Este \u00e9 o gabarito.<\/p>\n<p style=\"text-align: justify;\">Vamos analisar a alternativa B para ficar mais claro. Neste caso podemos ter x = 2 e y = 4. Veja que obedecemos a primeira parte (x \u00e9 par e y \u00e9 maior que x), mas n\u00e3o a segunda (pois y \u00e9 par). Isso torna a senten\u00e7a falsa.<\/p>\n<p style=\"text-align: justify;\">A mesma l\u00f3gica vale para as demais alternativas.<\/p>\n<p style=\"text-align: justify;\"><strong>Resposta: A (A = {2,3,4} e B = {2,3,5})<\/strong><\/p>\n<p style=\"text-align: justify;\"><strong>FGV &#8211; TRT\/SC &#8211; 2017)<\/strong> Considere a senten\u00e7as: &#8220;Se Pedro&#8230;<\/p>\n<p style=\"text-align: justify;\"><strong>RESOLU\u00c7\u00c3O:<\/strong><\/p>\n<p style=\"text-align: justify;\">Temos a condicional (A e B)&#8211;&gt;C, onde:<\/p>\n<p style=\"text-align: justify;\">A = Pedro \u00e9 torcedor do Ava\u00ed<\/p>\n<p style=\"text-align: justify;\">B = Marcela n\u00e3o \u00e9 torcedora do Figueirense<\/p>\n<p style=\"text-align: justify;\">C = Joana \u00e9 torcedora da Chapecoense<\/p>\n<p style=\"text-align: justify;\">Esta condicional equivale a:<\/p>\n<p style=\"text-align: justify;\">~(A e B) ou C<\/p>\n<p style=\"text-align: justify;\">Isto \u00e9,<\/p>\n<p style=\"text-align: justify;\">(~A ou ~B) ou C<\/p>\n<p style=\"text-align: justify;\">Escrevendo esta:<\/p>\n<p style=\"text-align: justify;\">&#8220;Pedro n\u00e3o \u00e9 torcedor do Ava\u00ed ou Marcela \u00e9 torcedora do Figueirense ou Joana \u00e9 torcedora da Chapecoense&#8221;<\/p>\n<p style=\"text-align: justify;\">Temos isso na alternativa C.<\/p>\n<p style=\"text-align: justify;\"><strong>Resposta: C (Pedro n\u00e3o \u00e9 torcedor do Ava\u00ed ou Marcela \u00e9 torcedora do Figueirense ou Joana \u00e9 torcedora da Chapecoense)<\/strong><\/p>\n<p style=\"text-align: justify;\"><strong>FGV &#8211; TRT\/SC &#8211; 2017)<\/strong> Em uma caixa s\u00f3&#8230;<\/p>\n<p style=\"text-align: justify;\"><strong>RESOLU\u00c7\u00c3O:<\/strong><\/p>\n<p style=\"text-align: justify;\">Como n\u00e3o \u00e9 verdade que todas as bolas s\u00e3o pretas, podemos afirmar que alguma bola \/ pelo menos uma bola N\u00c3O \u00e9 preta. Ou seja, alguma bola \u00e9 branca (pois s\u00f3 temos essas duas cores). Assim, o gabarito \u00e9:<\/p>\n<p style=\"text-align: justify;\">&#8216;H\u00e1 pelo menos uma bola \u00a0branca na caixa&#8221;<\/p>\n<p style=\"text-align: justify;\"><strong>Resposta: D (h\u00e1 pelo menos uma bola branca na caixa)<\/strong><\/p>\n<p style=\"text-align: justify;\">Espero que voc\u00eas tenham ido bem!<\/p>\n<p style=\"text-align: justify;\">Sauda\u00e7\u00f5es.<\/p>\n","protected":false},"excerpt":{"rendered":"<p>Caros alunos, Vejam a seguir a minha resolu\u00e7\u00e3o das quest\u00f5es de Racioc\u00ednio L\u00f3gico das provas do Tribunal Regional do Trabalho da 12\u00aa Regi\u00e3o (TRT\/SC). Vou come\u00e7ar pela prova de T\u00e9cnico Judici\u00e1rio &#8211; \u00c1rea Administrativa (TJAA). As quest\u00f5es de Analista e Oficial de Justi\u00e7a encontram-se ap\u00f3s as de T\u00e9cnico, ok? \u00c9 s\u00f3 rolar a tela!!! Para [&hellip;]<\/p>\n","protected":false},"author":48,"featured_media":43262,"comment_status":"open","ping_status":"open","sticky":false,"template":"","format":"standard","meta":{"post_tipo":"article","footnotes":""},"categories":[],"tags":[2892],"tax_estado":[],"class_list":["post-86866","post","type-post","status-publish","format-standard","has-post-thumbnail","hentry","tag-raciocinio-logico-trt-sc"],"acf":[],"yoast_head":"<!-- This site is optimized with the Yoast SEO Premium plugin v27.2 (Yoast SEO v27.2) - https:\/\/yoast.com\/product\/yoast-seo-premium-wordpress\/ -->\n<title>Racioc\u00ednio L\u00f3gico TRT SC - gabarito e prova resolvida - TODOS os cargos!<\/title>\n<meta name=\"robots\" content=\"index, follow, max-snippet:-1, max-image-preview:large, max-video-preview:-1\" \/>\n<link rel=\"canonical\" href=\"https:\/\/www.estrategiaconcursos.com.br\/blog\/raciocinio-logico-trt-sc-gabarito-prova-resolvida\/\" \/>\n<meta property=\"og:locale\" content=\"pt_BR\" \/>\n<meta property=\"og:type\" content=\"article\" \/>\n<meta property=\"og:title\" content=\"Racioc\u00ednio L\u00f3gico TRT SC - gabarito e prova resolvida - TODOS os cargos!\" \/>\n<meta property=\"og:description\" content=\"Caros alunos, Vejam a seguir a minha resolu\u00e7\u00e3o das quest\u00f5es de Racioc\u00ednio L\u00f3gico das provas do Tribunal Regional do Trabalho da 12\u00aa Regi\u00e3o (TRT\/SC). Vou come\u00e7ar pela prova de T\u00e9cnico Judici\u00e1rio &#8211; \u00c1rea Administrativa (TJAA). As quest\u00f5es de Analista e Oficial de Justi\u00e7a encontram-se ap\u00f3s as de T\u00e9cnico, ok? \u00c9 s\u00f3 rolar a tela!!! Para [&hellip;]\" \/>\n<meta property=\"og:url\" content=\"https:\/\/www.estrategiaconcursos.com.br\/blog\/raciocinio-logico-trt-sc-gabarito-prova-resolvida\/\" \/>\n<meta property=\"og:site_name\" content=\"Estrat\u00e9gia Concursos\" \/>\n<meta property=\"article:published_time\" content=\"2017-08-28T11:27:08+00:00\" \/>\n<meta property=\"article:modified_time\" content=\"2018-09-21T18:47:19+00:00\" \/>\n<meta property=\"og:image\" content=\"https:\/\/dhg1h5j42swfq.cloudfront.net\/2016\/07\/09202054\/gabarito-e1509444514343.jpeg\" \/>\n\t<meta property=\"og:image:width\" content=\"400\" \/>\n\t<meta property=\"og:image:height\" content=\"267\" \/>\n\t<meta property=\"og:image:type\" content=\"image\/jpeg\" \/>\n<meta name=\"author\" content=\"Coordena\u00e7\u00e3o\" \/>\n<meta name=\"twitter:card\" content=\"summary_large_image\" \/>\n<meta name=\"twitter:creator\" content=\"@EstratConcursos\" \/>\n<meta name=\"twitter:site\" content=\"@EstratConcursos\" \/>\n<meta name=\"twitter:label1\" content=\"Escrito por\" \/>\n\t<meta name=\"twitter:data1\" content=\"Coordena\u00e7\u00e3o\" \/>\n\t<meta name=\"twitter:label2\" content=\"Est. tempo de leitura\" \/>\n\t<meta name=\"twitter:data2\" content=\"14 minutos\" \/>\n<script type=\"application\/ld+json\" class=\"yoast-schema-graph\">{\"@context\":\"https:\/\/schema.org\",\"@graph\":[{\"@type\":\"NewsArticle\",\"@id\":\"https:\/\/www.estrategiaconcursos.com.br\/blog\/raciocinio-logico-trt-sc-gabarito-prova-resolvida\/#article\",\"isPartOf\":{\"@id\":\"https:\/\/www.estrategiaconcursos.com.br\/blog\/raciocinio-logico-trt-sc-gabarito-prova-resolvida\/\"},\"author\":{\"name\":\"Coordena\u00e7\u00e3o\",\"@id\":\"https:\/\/www.estrategiaconcursos.com.br\/blog\/#\/schema\/person\/cdad40b5818eb228a838461fcd656da7\"},\"headline\":\"Racioc\u00ednio L\u00f3gico TRT SC &#8211; gabarito e prova resolvida &#8211; TODOS os cargos!\",\"datePublished\":\"2017-08-28T11:27:08+00:00\",\"dateModified\":\"2018-09-21T18:47:19+00:00\",\"mainEntityOfPage\":{\"@id\":\"https:\/\/www.estrategiaconcursos.com.br\/blog\/raciocinio-logico-trt-sc-gabarito-prova-resolvida\/\"},\"wordCount\":2809,\"commentCount\":3,\"publisher\":{\"@id\":\"https:\/\/www.estrategiaconcursos.com.br\/blog\/#organization\"},\"image\":{\"@id\":\"https:\/\/www.estrategiaconcursos.com.br\/blog\/raciocinio-logico-trt-sc-gabarito-prova-resolvida\/#primaryimage\"},\"thumbnailUrl\":\"https:\/\/dhg1h5j42swfq.cloudfront.net\/2016\/07\/09202054\/gabarito-e1509444514343.jpeg\",\"keywords\":[\"racioc\u00ednio l\u00f3gico TRT SC\"],\"inLanguage\":\"pt-BR\",\"potentialAction\":[{\"@type\":\"CommentAction\",\"name\":\"Comment\",\"target\":[\"https:\/\/www.estrategiaconcursos.com.br\/blog\/raciocinio-logico-trt-sc-gabarito-prova-resolvida\/#respond\"]}],\"copyrightYear\":\"2017\",\"copyrightHolder\":{\"@id\":\"https:\/\/www.estrategiaconcursos.com.br\/blog\/#organization\"}},{\"@type\":\"WebPage\",\"@id\":\"https:\/\/www.estrategiaconcursos.com.br\/blog\/raciocinio-logico-trt-sc-gabarito-prova-resolvida\/\",\"url\":\"https:\/\/www.estrategiaconcursos.com.br\/blog\/raciocinio-logico-trt-sc-gabarito-prova-resolvida\/\",\"name\":\"Racioc\u00ednio L\u00f3gico TRT SC - gabarito e prova resolvida - TODOS os cargos!\",\"isPartOf\":{\"@id\":\"https:\/\/www.estrategiaconcursos.com.br\/blog\/#website\"},\"primaryImageOfPage\":{\"@id\":\"https:\/\/www.estrategiaconcursos.com.br\/blog\/raciocinio-logico-trt-sc-gabarito-prova-resolvida\/#primaryimage\"},\"image\":{\"@id\":\"https:\/\/www.estrategiaconcursos.com.br\/blog\/raciocinio-logico-trt-sc-gabarito-prova-resolvida\/#primaryimage\"},\"thumbnailUrl\":\"https:\/\/dhg1h5j42swfq.cloudfront.net\/2016\/07\/09202054\/gabarito-e1509444514343.jpeg\",\"datePublished\":\"2017-08-28T11:27:08+00:00\",\"dateModified\":\"2018-09-21T18:47:19+00:00\",\"breadcrumb\":{\"@id\":\"https:\/\/www.estrategiaconcursos.com.br\/blog\/raciocinio-logico-trt-sc-gabarito-prova-resolvida\/#breadcrumb\"},\"inLanguage\":\"pt-BR\",\"potentialAction\":[{\"@type\":\"ReadAction\",\"target\":[\"https:\/\/www.estrategiaconcursos.com.br\/blog\/raciocinio-logico-trt-sc-gabarito-prova-resolvida\/\"]}]},{\"@type\":\"ImageObject\",\"inLanguage\":\"pt-BR\",\"@id\":\"https:\/\/www.estrategiaconcursos.com.br\/blog\/raciocinio-logico-trt-sc-gabarito-prova-resolvida\/#primaryimage\",\"url\":\"https:\/\/dhg1h5j42swfq.cloudfront.net\/2016\/07\/09202054\/gabarito-e1509444514343.jpeg\",\"contentUrl\":\"https:\/\/dhg1h5j42swfq.cloudfront.net\/2016\/07\/09202054\/gabarito-e1509444514343.jpeg\",\"width\":400,\"height\":267,\"caption\":\"concursos 2019\"},{\"@type\":\"BreadcrumbList\",\"@id\":\"https:\/\/www.estrategiaconcursos.com.br\/blog\/raciocinio-logico-trt-sc-gabarito-prova-resolvida\/#breadcrumb\",\"itemListElement\":[{\"@type\":\"ListItem\",\"position\":1,\"name\":\"In\u00edcio\",\"item\":\"https:\/\/www.estrategiaconcursos.com.br\/blog\/\"},{\"@type\":\"ListItem\",\"position\":2,\"name\":\"Racioc\u00ednio L\u00f3gico TRT SC &#8211; gabarito e prova resolvida &#8211; TODOS os cargos!\"}]},{\"@type\":\"WebSite\",\"@id\":\"https:\/\/www.estrategiaconcursos.com.br\/blog\/#website\",\"url\":\"https:\/\/www.estrategiaconcursos.com.br\/blog\/\",\"name\":\"Estrat\u00e9gia Concursos\",\"description\":\"O blog da Estrat\u00e9gia Concursos traz not\u00edcias sobre concursos e artigos de professores oferecendo cursos para concursos (pdf + videaulas) no site.\",\"publisher\":{\"@id\":\"https:\/\/www.estrategiaconcursos.com.br\/blog\/#organization\"},\"potentialAction\":[{\"@type\":\"SearchAction\",\"target\":{\"@type\":\"EntryPoint\",\"urlTemplate\":\"https:\/\/www.estrategiaconcursos.com.br\/blog\/?s={search_term_string}\"},\"query-input\":{\"@type\":\"PropertyValueSpecification\",\"valueRequired\":true,\"valueName\":\"search_term_string\"}}],\"inLanguage\":\"pt-BR\"},{\"@type\":\"Organization\",\"@id\":\"https:\/\/www.estrategiaconcursos.com.br\/blog\/#organization\",\"name\":\"Estrat\u00e9gia Concursos\",\"url\":\"https:\/\/www.estrategiaconcursos.com.br\/blog\/\",\"logo\":{\"@type\":\"ImageObject\",\"inLanguage\":\"pt-BR\",\"@id\":\"https:\/\/www.estrategiaconcursos.com.br\/blog\/#\/schema\/logo\/image\/\",\"url\":\"https:\/\/dhg1h5j42swfq.cloudfront.net\/2025\/06\/03203428\/logo_concursos-1.jpg\",\"contentUrl\":\"https:\/\/dhg1h5j42swfq.cloudfront.net\/2025\/06\/03203428\/logo_concursos-1.jpg\",\"width\":230,\"height\":60,\"caption\":\"Estrat\u00e9gia Concursos\"},\"image\":{\"@id\":\"https:\/\/www.estrategiaconcursos.com.br\/blog\/#\/schema\/logo\/image\/\"},\"sameAs\":[\"https:\/\/x.com\/EstratConcursos\"]},{\"@type\":\"Person\",\"@id\":\"https:\/\/www.estrategiaconcursos.com.br\/blog\/#\/schema\/person\/cdad40b5818eb228a838461fcd656da7\",\"name\":\"Coordena\u00e7\u00e3o\",\"image\":{\"@type\":\"ImageObject\",\"inLanguage\":\"pt-BR\",\"@id\":\"https:\/\/secure.gravatar.com\/avatar\/a413b22da0f5009c634f6c4586a2dbe5207074fd5becd88db5183b8069ef25e4?s=96&d=mm&r=g\",\"url\":\"https:\/\/secure.gravatar.com\/avatar\/a413b22da0f5009c634f6c4586a2dbe5207074fd5becd88db5183b8069ef25e4?s=96&d=mm&r=g\",\"contentUrl\":\"https:\/\/secure.gravatar.com\/avatar\/a413b22da0f5009c634f6c4586a2dbe5207074fd5becd88db5183b8069ef25e4?s=96&d=mm&r=g\",\"caption\":\"Coordena\u00e7\u00e3o\"},\"url\":\"https:\/\/www.estrategiaconcursos.com.br\/blog\/author\/contatoestrategiaconcursos-com-br\/\"}]}<\/script>\n<!-- \/ Yoast SEO Premium plugin. -->","yoast_head_json":{"title":"Racioc\u00ednio L\u00f3gico TRT SC - gabarito e prova resolvida - TODOS os cargos!","robots":{"index":"index","follow":"follow","max-snippet":"max-snippet:-1","max-image-preview":"max-image-preview:large","max-video-preview":"max-video-preview:-1"},"canonical":"https:\/\/www.estrategiaconcursos.com.br\/blog\/raciocinio-logico-trt-sc-gabarito-prova-resolvida\/","og_locale":"pt_BR","og_type":"article","og_title":"Racioc\u00ednio L\u00f3gico TRT SC - gabarito e prova resolvida - TODOS os cargos!","og_description":"Caros alunos, Vejam a seguir a minha resolu\u00e7\u00e3o das quest\u00f5es de Racioc\u00ednio L\u00f3gico das provas do Tribunal Regional do Trabalho da 12\u00aa Regi\u00e3o (TRT\/SC). Vou come\u00e7ar pela prova de T\u00e9cnico Judici\u00e1rio &#8211; \u00c1rea Administrativa (TJAA). As quest\u00f5es de Analista e Oficial de Justi\u00e7a encontram-se ap\u00f3s as de T\u00e9cnico, ok? \u00c9 s\u00f3 rolar a tela!!! Para [&hellip;]","og_url":"https:\/\/www.estrategiaconcursos.com.br\/blog\/raciocinio-logico-trt-sc-gabarito-prova-resolvida\/","og_site_name":"Estrat\u00e9gia Concursos","article_published_time":"2017-08-28T11:27:08+00:00","article_modified_time":"2018-09-21T18:47:19+00:00","og_image":[{"width":400,"height":267,"url":"https:\/\/dhg1h5j42swfq.cloudfront.net\/2016\/07\/09202054\/gabarito-e1509444514343.jpeg","type":"image\/jpeg"}],"author":"Coordena\u00e7\u00e3o","twitter_card":"summary_large_image","twitter_creator":"@EstratConcursos","twitter_site":"@EstratConcursos","twitter_misc":{"Escrito por":"Coordena\u00e7\u00e3o","Est. tempo de leitura":"14 minutos"},"schema":{"@context":"https:\/\/schema.org","@graph":[{"@type":"NewsArticle","@id":"https:\/\/www.estrategiaconcursos.com.br\/blog\/raciocinio-logico-trt-sc-gabarito-prova-resolvida\/#article","isPartOf":{"@id":"https:\/\/www.estrategiaconcursos.com.br\/blog\/raciocinio-logico-trt-sc-gabarito-prova-resolvida\/"},"author":{"name":"Coordena\u00e7\u00e3o","@id":"https:\/\/www.estrategiaconcursos.com.br\/blog\/#\/schema\/person\/cdad40b5818eb228a838461fcd656da7"},"headline":"Racioc\u00ednio L\u00f3gico TRT SC &#8211; gabarito e prova resolvida &#8211; TODOS os cargos!","datePublished":"2017-08-28T11:27:08+00:00","dateModified":"2018-09-21T18:47:19+00:00","mainEntityOfPage":{"@id":"https:\/\/www.estrategiaconcursos.com.br\/blog\/raciocinio-logico-trt-sc-gabarito-prova-resolvida\/"},"wordCount":2809,"commentCount":3,"publisher":{"@id":"https:\/\/www.estrategiaconcursos.com.br\/blog\/#organization"},"image":{"@id":"https:\/\/www.estrategiaconcursos.com.br\/blog\/raciocinio-logico-trt-sc-gabarito-prova-resolvida\/#primaryimage"},"thumbnailUrl":"https:\/\/dhg1h5j42swfq.cloudfront.net\/2016\/07\/09202054\/gabarito-e1509444514343.jpeg","keywords":["racioc\u00ednio l\u00f3gico TRT SC"],"inLanguage":"pt-BR","potentialAction":[{"@type":"CommentAction","name":"Comment","target":["https:\/\/www.estrategiaconcursos.com.br\/blog\/raciocinio-logico-trt-sc-gabarito-prova-resolvida\/#respond"]}],"copyrightYear":"2017","copyrightHolder":{"@id":"https:\/\/www.estrategiaconcursos.com.br\/blog\/#organization"}},{"@type":"WebPage","@id":"https:\/\/www.estrategiaconcursos.com.br\/blog\/raciocinio-logico-trt-sc-gabarito-prova-resolvida\/","url":"https:\/\/www.estrategiaconcursos.com.br\/blog\/raciocinio-logico-trt-sc-gabarito-prova-resolvida\/","name":"Racioc\u00ednio L\u00f3gico TRT SC - gabarito e prova resolvida - TODOS os cargos!","isPartOf":{"@id":"https:\/\/www.estrategiaconcursos.com.br\/blog\/#website"},"primaryImageOfPage":{"@id":"https:\/\/www.estrategiaconcursos.com.br\/blog\/raciocinio-logico-trt-sc-gabarito-prova-resolvida\/#primaryimage"},"image":{"@id":"https:\/\/www.estrategiaconcursos.com.br\/blog\/raciocinio-logico-trt-sc-gabarito-prova-resolvida\/#primaryimage"},"thumbnailUrl":"https:\/\/dhg1h5j42swfq.cloudfront.net\/2016\/07\/09202054\/gabarito-e1509444514343.jpeg","datePublished":"2017-08-28T11:27:08+00:00","dateModified":"2018-09-21T18:47:19+00:00","breadcrumb":{"@id":"https:\/\/www.estrategiaconcursos.com.br\/blog\/raciocinio-logico-trt-sc-gabarito-prova-resolvida\/#breadcrumb"},"inLanguage":"pt-BR","potentialAction":[{"@type":"ReadAction","target":["https:\/\/www.estrategiaconcursos.com.br\/blog\/raciocinio-logico-trt-sc-gabarito-prova-resolvida\/"]}]},{"@type":"ImageObject","inLanguage":"pt-BR","@id":"https:\/\/www.estrategiaconcursos.com.br\/blog\/raciocinio-logico-trt-sc-gabarito-prova-resolvida\/#primaryimage","url":"https:\/\/dhg1h5j42swfq.cloudfront.net\/2016\/07\/09202054\/gabarito-e1509444514343.jpeg","contentUrl":"https:\/\/dhg1h5j42swfq.cloudfront.net\/2016\/07\/09202054\/gabarito-e1509444514343.jpeg","width":400,"height":267,"caption":"concursos 2019"},{"@type":"BreadcrumbList","@id":"https:\/\/www.estrategiaconcursos.com.br\/blog\/raciocinio-logico-trt-sc-gabarito-prova-resolvida\/#breadcrumb","itemListElement":[{"@type":"ListItem","position":1,"name":"In\u00edcio","item":"https:\/\/www.estrategiaconcursos.com.br\/blog\/"},{"@type":"ListItem","position":2,"name":"Racioc\u00ednio L\u00f3gico TRT SC &#8211; gabarito e prova resolvida &#8211; TODOS os cargos!"}]},{"@type":"WebSite","@id":"https:\/\/www.estrategiaconcursos.com.br\/blog\/#website","url":"https:\/\/www.estrategiaconcursos.com.br\/blog\/","name":"Estrat\u00e9gia Concursos","description":"O blog da Estrat\u00e9gia Concursos traz not\u00edcias sobre concursos e artigos de professores oferecendo cursos para concursos (pdf + videaulas) no site.","publisher":{"@id":"https:\/\/www.estrategiaconcursos.com.br\/blog\/#organization"},"potentialAction":[{"@type":"SearchAction","target":{"@type":"EntryPoint","urlTemplate":"https:\/\/www.estrategiaconcursos.com.br\/blog\/?s={search_term_string}"},"query-input":{"@type":"PropertyValueSpecification","valueRequired":true,"valueName":"search_term_string"}}],"inLanguage":"pt-BR"},{"@type":"Organization","@id":"https:\/\/www.estrategiaconcursos.com.br\/blog\/#organization","name":"Estrat\u00e9gia Concursos","url":"https:\/\/www.estrategiaconcursos.com.br\/blog\/","logo":{"@type":"ImageObject","inLanguage":"pt-BR","@id":"https:\/\/www.estrategiaconcursos.com.br\/blog\/#\/schema\/logo\/image\/","url":"https:\/\/dhg1h5j42swfq.cloudfront.net\/2025\/06\/03203428\/logo_concursos-1.jpg","contentUrl":"https:\/\/dhg1h5j42swfq.cloudfront.net\/2025\/06\/03203428\/logo_concursos-1.jpg","width":230,"height":60,"caption":"Estrat\u00e9gia Concursos"},"image":{"@id":"https:\/\/www.estrategiaconcursos.com.br\/blog\/#\/schema\/logo\/image\/"},"sameAs":["https:\/\/x.com\/EstratConcursos"]},{"@type":"Person","@id":"https:\/\/www.estrategiaconcursos.com.br\/blog\/#\/schema\/person\/cdad40b5818eb228a838461fcd656da7","name":"Coordena\u00e7\u00e3o","image":{"@type":"ImageObject","inLanguage":"pt-BR","@id":"https:\/\/secure.gravatar.com\/avatar\/a413b22da0f5009c634f6c4586a2dbe5207074fd5becd88db5183b8069ef25e4?s=96&d=mm&r=g","url":"https:\/\/secure.gravatar.com\/avatar\/a413b22da0f5009c634f6c4586a2dbe5207074fd5becd88db5183b8069ef25e4?s=96&d=mm&r=g","contentUrl":"https:\/\/secure.gravatar.com\/avatar\/a413b22da0f5009c634f6c4586a2dbe5207074fd5becd88db5183b8069ef25e4?s=96&d=mm&r=g","caption":"Coordena\u00e7\u00e3o"},"url":"https:\/\/www.estrategiaconcursos.com.br\/blog\/author\/contatoestrategiaconcursos-com-br\/"}]}},"_links":{"self":[{"href":"https:\/\/www.estrategiaconcursos.com.br\/blog\/wp-json\/wp\/v2\/posts\/86866","targetHints":{"allow":["GET"]}}],"collection":[{"href":"https:\/\/www.estrategiaconcursos.com.br\/blog\/wp-json\/wp\/v2\/posts"}],"about":[{"href":"https:\/\/www.estrategiaconcursos.com.br\/blog\/wp-json\/wp\/v2\/types\/post"}],"author":[{"embeddable":true,"href":"https:\/\/www.estrategiaconcursos.com.br\/blog\/wp-json\/wp\/v2\/users\/48"}],"replies":[{"embeddable":true,"href":"https:\/\/www.estrategiaconcursos.com.br\/blog\/wp-json\/wp\/v2\/comments?post=86866"}],"version-history":[{"count":11,"href":"https:\/\/www.estrategiaconcursos.com.br\/blog\/wp-json\/wp\/v2\/posts\/86866\/revisions"}],"predecessor-version":[{"id":142233,"href":"https:\/\/www.estrategiaconcursos.com.br\/blog\/wp-json\/wp\/v2\/posts\/86866\/revisions\/142233"}],"wp:featuredmedia":[{"embeddable":true,"href":"https:\/\/www.estrategiaconcursos.com.br\/blog\/wp-json\/wp\/v2\/media\/43262"}],"wp:attachment":[{"href":"https:\/\/www.estrategiaconcursos.com.br\/blog\/wp-json\/wp\/v2\/media?parent=86866"}],"wp:term":[{"taxonomy":"category","embeddable":true,"href":"https:\/\/www.estrategiaconcursos.com.br\/blog\/wp-json\/wp\/v2\/categories?post=86866"},{"taxonomy":"post_tag","embeddable":true,"href":"https:\/\/www.estrategiaconcursos.com.br\/blog\/wp-json\/wp\/v2\/tags?post=86866"},{"taxonomy":"tax_estado","embeddable":true,"href":"https:\/\/www.estrategiaconcursos.com.br\/blog\/wp-json\/wp\/v2\/tax_estado?post=86866"}],"curies":[{"name":"wp","href":"https:\/\/api.w.org\/{rel}","templated":true}]}}