{"id":868582,"date":"2021-09-23T14:14:09","date_gmt":"2021-09-23T17:14:09","guid":{"rendered":"https:\/\/www.estrategiaconcursos.com.br\/blog\/?p=868582"},"modified":"2023-03-02T10:45:54","modified_gmt":"2023-03-02T13:45:54","slug":"tjmg-edital-2021-presidente","status":"publish","type":"post","link":"https:\/\/www.estrategiaconcursos.com.br\/blog\/tjmg-edital-2021-presidente\/","title":{"rendered":"TJMG deve ter edital publicado ainda em 2021, diz Presidente!"},"content":{"rendered":"\n<p>O Presidente do Tribunal de Justi\u00e7a de Minas Gerais, Desembargador Gilson Soares Lemes, em resposta dada a publica\u00e7\u00e3o de um seguidor em suas rede social oficial <em><a href=\"https:\/\/www.instagram.com\/gilsonlemestjmg\/\" target=\"_blank\" rel=\"noreferrer noopener\">Instagram<\/a><\/em>, confirmou que a publica\u00e7\u00e3o do novo edital do concurso TJMG deve ocorrer ainda em 2021. <\/p>\n\n\n\n<p>Vale lembrar que, durante a solenidade de apresenta\u00e7\u00e3o do Relat\u00f3rio de Desempenho e Produtividade dos seis meses da Gest\u00e3o 2020\/2022&nbsp;do <strong>Tribunal de Justi\u00e7a de Minas Gerais,<\/strong> foi assinado um <strong>novo ato<\/strong> prevendo a <strong>deflagra\u00e7\u00e3o do procedimento administrativo para realiza\u00e7\u00e3o&nbsp;do pr\u00f3ximo concurso TJ MG. <\/strong><\/p>\n\n\n\n<p>O <strong>concurso TJMG<\/strong> j\u00e1 tem comiss\u00e3o organizadora formada e o processo licitat\u00f3rio da escolha da banca organizadora est\u00e1 para ser iniciado a qualquer momento. O certame \u00e9 tema das reuni\u00f5es ordin\u00e1rias e extraordin\u00e1rias realizadas entre o tribunal e os sindicatos de servidores do Poder Judici\u00e1rio do Estado. <\/p>\n\n\n\n<figure class=\"wp-block-image aligncenter size-full\"><img loading=\"lazy\" decoding=\"async\" width=\"553\" height=\"540\" src=\"https:\/\/dhg1h5j42swfq.cloudfront.net\/2021\/09\/23135934\/image-456.png\" alt=\"\" class=\"wp-image-868648\" srcset=\"https:\/\/dhg1h5j42swfq.cloudfront.net\/2021\/09\/23135934\/image-456.png 553w, https:\/\/dhg1h5j42swfq.cloudfront.net\/2021\/09\/23135934\/image-456-300x293.png 300w\" sizes=\"auto, (max-width: 553px) 100vw, 553px\" \/><\/figure>\n\n\n\n<p>A sele\u00e7\u00e3o se dar\u00e1 para para provimento de cargos e forma\u00e7\u00e3o de cadastro de reserva do Quadro de Pessoal dos Servidores do Poder Judici\u00e1rio do Estado de Minas Gerais, em que n\u00e3o haja certame v\u00e1lido, o que provavelmente envolver\u00e1 os <strong>cargos de n\u00edvel superior<\/strong>. O sal\u00e1rio inicial de n\u00edvel superior \u00e9 de R$4.677,09.. <\/p>\n\n\n\n<p> Na Lei de Diretrizes Or\u00e7ament\u00e1rias para 2021 (LOA 2021),&nbsp;h\u00e1 a previs\u00e3o de realiza\u00e7\u00e3o de concurso p\u00fablico para o \u00f3rg\u00e3o, por\u00e9m por conta da LC 173\/2020 (Programa Federativo de Enfrentamento ao Coronav\u00edrus), que impede contrata\u00e7\u00f5es at\u00e9 o fim deste ano, as nomea\u00e7\u00f5es devem ocorrer apenas em 2022. O fato, contudo, n\u00e3o impacta a publica\u00e7\u00e3o do edital. <\/p>\n\n\n\n<h2 class=\"wp-block-heading\"><a href=\"https:\/\/youtu.be\/kIGBiDzCfaU\" target=\"_blank\" rel=\"noreferrer noopener\">Concurso TJ MG: Edital previsto para sair ainda este ano! AO VIVO<\/a><\/h2>\n\n\n\n<p>Quer saber mais sobre a not\u00edcia e os impactos da publica\u00e7\u00e3o do documento ainda este ano? Ent\u00e3o, n\u00e3o perca o evento exclusivo, ao vivo e gratuito que o <strong>professor Tiago Zanolla ir\u00e1 ministrar hoje, 23 de setembro, a partir das 18 horas no canal do Estrat\u00e9gia Concursos no YouTube<\/strong>. <\/p>\n\n\n\n<p class=\"has-text-align-center has-light-green-cyan-background-color has-background has-medium-font-size\"><strong>Para mais informa\u00e7\u00f5es, acesse: <a href=\"https:\/\/www.estrategiaconcursos.com.br\/blog\/concurso-tjmg-2021\" target=\"_blank\" rel=\"noreferrer noopener\">Concurso TJ MG<\/a><\/strong><\/p>\n\n\n\n<h2 class=\"has-text-align-center wp-block-heading\" id=\"CURSOS-ASSUNATURA\">Quer se preparar o TJMG? <\/h2>\n\n\n\n<div class=\"container\" id=\"boxes\">\n  <div class=\"row\">\n\n    <div class=\"col-sm\">\n      <div class=\"banner-tribunal\" id=\"box-assinatura\">\n        <h3 class=\"titulo-assinatura\">Curso TJ MG<\/h3>\n        <p class=\"subtitulo-assinatura\">Conhe\u00e7a os cursos<\/p>\n        <div class=\"box-botao\">\n          <a class=\"btn-assinatura\" target=\"_blank\" href=\"https:\/\/www.estrategiaconcursos.com.br\/cursosPorConcurso\/tj-mg-oficial-de-apoio-judicial-e-judiciario\/\" role=\"button\" rel=\"noopener noreferrer\">Conhe\u00e7a mais<\/a>\n        <\/div>\n      <\/div>\n      <p class=\"texto-auxiliar\">Prepare-se com o melhor material e com quem mais aprova em Concursos P\u00fablicos em todo o pa\u00eds.<\/p>\n    <\/div>\n\n  <\/div>\n<\/div>\n\n\n\n<div class=\"container\" id=\"boxes\">\n  <div class=\"row\">\n\n    <div class=\"col-sm\">\n      <div class=\"estrategia\" id=\"box-assinatura\">\n        <h3 class=\"titulo-assinatura\">Assinatura<\/h3>\n        <p class=\"subtitulo-assinatura\">Assinatura de 1 ano ou 2 anos<\/p>\n        <div class=\"box-botao\">\n          <a class=\"btn-assinatura\" target=\"_blank\" href=\"https:\/\/www.estrategiaconcursos.com.br\/assinaturas\/\" role=\"button\" rel=\"noopener noreferrer\">ASSINE AGORA<\/a>\n        <\/div>\n      <\/div>\n     \n    <\/div><\/div><\/div>\n\n\n\n<div class=\"container\" id=\"boxes\">\n  <div class=\"row\">\n\n    <div class=\"col-sm\" id=\"boxes-concursos\">\n      <div style=\"background-color: #005DAD;\" class=\"conteudo-concursos\" id=\"box-concursos\">\n        <h3 class=\"titulo-assinatura\">Concursos Abertos<\/h3>\n        <p class=\"subtitulo-assinatura\">Os editais publicados<\/p>\n        <div class=\"box-botao\">\n          <a class=\"btn-assinatura\" target=\"_blank\" href=\"https:\/\/www.estrategiaconcursos.com.br\/blog\/concursos-abertos\/\" role=\"button\" rel=\"noopener noreferrer\">Conhe\u00e7a Agora<\/a>\n        <\/div>\n      <\/div>\n    <\/div>\n\n    <div class=\"col-sm\" id=\"boxes-concursos\">\n      <div style=\"background-color: #1A7ED5;\" class=\"conteudo-concursos\" id=\"box-concursos\">\n        <h3 class=\"titulo-assinatura\">Concursos 2021<\/h3>\n        <p class=\"subtitulo-assinatura\">As oportunidades previstas<\/p>\n        <div class=\"box-botao\">\n          <a class=\"btn-assinatura\" target=\"_blank\" href=\"https:\/\/www.estrategiaconcursos.com.br\/blog\/concursos-2021\/\" role=\"button\" rel=\"noopener noreferrer\">Conhe\u00e7a Agora<\/a>\n        <\/div>\n      <\/div>\n    <\/div>\n\n    <div class=\"col-sm\" id=\"boxes-concursos\">\n      <div style=\"background-color: #419FF0;\" class=\"conteudo-concursos\" id=\"box-concursos\">\n        <h3 class=\"titulo-assinatura\">Concursos 2022<\/h3>\n        <p class=\"subtitulo-assinatura\">Vagas para o pr\u00f3ximo ano<\/p>\n        <div class=\"box-botao\">\n          <a class=\"btn-assinatura\" target=\"_blank\" href=\"https:\/\/www.estrategiaconcursos.com.br\/blog\/concursos-2022\/\" role=\"button\" rel=\"noopener noreferrer\">Conhe\u00e7a Agora<\/a>\n        <\/div>\n      <\/div>\n    <\/div>\n\n  <\/div>\n<\/div>\n","protected":false},"excerpt":{"rendered":"<p>O Presidente do Tribunal de Justi\u00e7a de Minas Gerais, Desembargador Gilson Soares Lemes, em resposta dada a publica\u00e7\u00e3o de um seguidor em suas rede social oficial Instagram, confirmou que a publica\u00e7\u00e3o do novo edital do concurso TJMG deve ocorrer ainda em 2021. Vale lembrar que, durante a solenidade de apresenta\u00e7\u00e3o do Relat\u00f3rio de Desempenho e [&hellip;]<\/p>\n","protected":false},"author":741,"featured_media":868651,"comment_status":"open","ping_status":"closed","sticky":false,"template":"","format":"standard","meta":{"post_tipo":"news","footnotes":""},"categories":[1984],"tags":[],"tax_estado":[219974],"class_list":["post-868582","post","type-post","status-publish","format-standard","has-post-thumbnail","hentry","category-tribunais","tax_estado-mg"],"acf":[],"yoast_head":"<!-- This site is optimized with the Yoast SEO Premium plugin v27.2 (Yoast SEO v27.2) - https:\/\/yoast.com\/product\/yoast-seo-premium-wordpress\/ -->\n<title>TJMG deve ter edital publicado ainda em 2021, diz Presidente!<\/title>\n<meta name=\"description\" content=\"O presidente do Tribunal de Justi\u00e7a de Minas Gerais, ao ser indagado sobre a possibilidade de edital TJMG em 2021, confirmou o fato!\" \/>\n<meta name=\"robots\" content=\"index, follow, max-snippet:-1, max-image-preview:large, max-video-preview:-1\" \/>\n<link rel=\"canonical\" href=\"https:\/\/www.estrategiaconcursos.com.br\/blog\/tjmg-edital-2021-presidente\/\" \/>\n<meta property=\"og:locale\" content=\"pt_BR\" \/>\n<meta property=\"og:type\" content=\"article\" \/>\n<meta property=\"og:title\" content=\"TJMG deve ter edital publicado ainda em 2021, diz Presidente!\" \/>\n<meta property=\"og:description\" content=\"O presidente do Tribunal de Justi\u00e7a de Minas Gerais, ao ser indagado sobre a possibilidade de edital TJMG em 2021, confirmou o fato!\" \/>\n<meta property=\"og:url\" content=\"https:\/\/www.estrategiaconcursos.com.br\/blog\/tjmg-edital-2021-presidente\/\" \/>\n<meta property=\"og:site_name\" content=\"Estrat\u00e9gia Concursos\" \/>\n<meta property=\"article:published_time\" content=\"2021-09-23T17:14:09+00:00\" \/>\n<meta property=\"article:modified_time\" content=\"2023-03-02T13:45:54+00:00\" \/>\n<meta property=\"og:image\" content=\"https:\/\/dhg1h5j42swfq.cloudfront.net\/2021\/09\/23140041\/tj-mg.jpg\" \/>\n\t<meta property=\"og:image:width\" content=\"1200\" \/>\n\t<meta property=\"og:image:height\" content=\"628\" \/>\n\t<meta property=\"og:image:type\" content=\"image\/jpeg\" \/>\n<meta name=\"author\" content=\"Brunno Lima\" \/>\n<meta name=\"twitter:card\" content=\"summary_large_image\" \/>\n<meta name=\"twitter:creator\" content=\"@EstratConcursos\" \/>\n<meta name=\"twitter:site\" content=\"@EstratConcursos\" \/>\n<meta name=\"twitter:label1\" content=\"Escrito por\" \/>\n\t<meta name=\"twitter:data1\" content=\"Brunno Lima\" \/>\n\t<meta name=\"twitter:label2\" content=\"Est. tempo de leitura\" \/>\n\t<meta name=\"twitter:data2\" content=\"3 minutos\" \/>\n<script type=\"application\/ld+json\" class=\"yoast-schema-graph\">{\"@context\":\"https:\/\/schema.org\",\"@graph\":[{\"@type\":\"NewsArticle\",\"@id\":\"https:\/\/www.estrategiaconcursos.com.br\/blog\/tjmg-edital-2021-presidente\/#article\",\"isPartOf\":{\"@id\":\"https:\/\/www.estrategiaconcursos.com.br\/blog\/tjmg-edital-2021-presidente\/\"},\"author\":{\"name\":\"Brunno Lima\",\"@id\":\"https:\/\/www.estrategiaconcursos.com.br\/blog\/#\/schema\/person\/2865ec132c3404c9912015dd7a24eb1e\"},\"headline\":\"TJMG deve ter edital publicado ainda em 2021, diz Presidente!\",\"datePublished\":\"2021-09-23T17:14:09+00:00\",\"dateModified\":\"2023-03-02T13:45:54+00:00\",\"mainEntityOfPage\":{\"@id\":\"https:\/\/www.estrategiaconcursos.com.br\/blog\/tjmg-edital-2021-presidente\/\"},\"wordCount\":422,\"commentCount\":0,\"publisher\":{\"@id\":\"https:\/\/www.estrategiaconcursos.com.br\/blog\/#organization\"},\"image\":{\"@id\":\"https:\/\/www.estrategiaconcursos.com.br\/blog\/tjmg-edital-2021-presidente\/#primaryimage\"},\"thumbnailUrl\":\"https:\/\/dhg1h5j42swfq.cloudfront.net\/2021\/09\/23140041\/tj-mg.jpg\",\"articleSection\":[\"Tribunais\"],\"inLanguage\":\"pt-BR\",\"potentialAction\":[{\"@type\":\"CommentAction\",\"name\":\"Comment\",\"target\":[\"https:\/\/www.estrategiaconcursos.com.br\/blog\/tjmg-edital-2021-presidente\/#respond\"]}],\"copyrightYear\":\"2021\",\"copyrightHolder\":{\"@id\":\"https:\/\/www.estrategiaconcursos.com.br\/blog\/#organization\"}},{\"@type\":\"WebPage\",\"@id\":\"https:\/\/www.estrategiaconcursos.com.br\/blog\/tjmg-edital-2021-presidente\/\",\"url\":\"https:\/\/www.estrategiaconcursos.com.br\/blog\/tjmg-edital-2021-presidente\/\",\"name\":\"TJMG deve ter edital publicado ainda em 2021, diz Presidente!\",\"isPartOf\":{\"@id\":\"https:\/\/www.estrategiaconcursos.com.br\/blog\/#website\"},\"primaryImageOfPage\":{\"@id\":\"https:\/\/www.estrategiaconcursos.com.br\/blog\/tjmg-edital-2021-presidente\/#primaryimage\"},\"image\":{\"@id\":\"https:\/\/www.estrategiaconcursos.com.br\/blog\/tjmg-edital-2021-presidente\/#primaryimage\"},\"thumbnailUrl\":\"https:\/\/dhg1h5j42swfq.cloudfront.net\/2021\/09\/23140041\/tj-mg.jpg\",\"datePublished\":\"2021-09-23T17:14:09+00:00\",\"dateModified\":\"2023-03-02T13:45:54+00:00\",\"description\":\"O presidente do Tribunal de Justi\u00e7a de Minas Gerais, ao ser indagado sobre a possibilidade de edital TJMG em 2021, confirmou o fato!\",\"breadcrumb\":{\"@id\":\"https:\/\/www.estrategiaconcursos.com.br\/blog\/tjmg-edital-2021-presidente\/#breadcrumb\"},\"inLanguage\":\"pt-BR\",\"potentialAction\":[{\"@type\":\"ReadAction\",\"target\":[\"https:\/\/www.estrategiaconcursos.com.br\/blog\/tjmg-edital-2021-presidente\/\"]}]},{\"@type\":\"ImageObject\",\"inLanguage\":\"pt-BR\",\"@id\":\"https:\/\/www.estrategiaconcursos.com.br\/blog\/tjmg-edital-2021-presidente\/#primaryimage\",\"url\":\"https:\/\/dhg1h5j42swfq.cloudfront.net\/2021\/09\/23140041\/tj-mg.jpg\",\"contentUrl\":\"https:\/\/dhg1h5j42swfq.cloudfront.net\/2021\/09\/23140041\/tj-mg.jpg\",\"width\":1200,\"height\":628,\"caption\":\"Concurso Magistratura MG\"},{\"@type\":\"BreadcrumbList\",\"@id\":\"https:\/\/www.estrategiaconcursos.com.br\/blog\/tjmg-edital-2021-presidente\/#breadcrumb\",\"itemListElement\":[{\"@type\":\"ListItem\",\"position\":1,\"name\":\"In\u00edcio\",\"item\":\"https:\/\/www.estrategiaconcursos.com.br\/blog\/\"},{\"@type\":\"ListItem\",\"position\":2,\"name\":\"TJMG deve ter edital publicado ainda em 2021, diz Presidente!\"}]},{\"@type\":\"WebSite\",\"@id\":\"https:\/\/www.estrategiaconcursos.com.br\/blog\/#website\",\"url\":\"https:\/\/www.estrategiaconcursos.com.br\/blog\/\",\"name\":\"Estrat\u00e9gia Concursos\",\"description\":\"O blog da Estrat\u00e9gia Concursos traz not\u00edcias sobre concursos e artigos de professores oferecendo cursos para concursos (pdf + videaulas) no site.\",\"publisher\":{\"@id\":\"https:\/\/www.estrategiaconcursos.com.br\/blog\/#organization\"},\"potentialAction\":[{\"@type\":\"SearchAction\",\"target\":{\"@type\":\"EntryPoint\",\"urlTemplate\":\"https:\/\/www.estrategiaconcursos.com.br\/blog\/?s={search_term_string}\"},\"query-input\":{\"@type\":\"PropertyValueSpecification\",\"valueRequired\":true,\"valueName\":\"search_term_string\"}}],\"inLanguage\":\"pt-BR\"},{\"@type\":\"Organization\",\"@id\":\"https:\/\/www.estrategiaconcursos.com.br\/blog\/#organization\",\"name\":\"Estrat\u00e9gia Concursos\",\"url\":\"https:\/\/www.estrategiaconcursos.com.br\/blog\/\",\"logo\":{\"@type\":\"ImageObject\",\"inLanguage\":\"pt-BR\",\"@id\":\"https:\/\/www.estrategiaconcursos.com.br\/blog\/#\/schema\/logo\/image\/\",\"url\":\"https:\/\/dhg1h5j42swfq.cloudfront.net\/2025\/06\/03203428\/logo_concursos-1.jpg\",\"contentUrl\":\"https:\/\/dhg1h5j42swfq.cloudfront.net\/2025\/06\/03203428\/logo_concursos-1.jpg\",\"width\":230,\"height\":60,\"caption\":\"Estrat\u00e9gia Concursos\"},\"image\":{\"@id\":\"https:\/\/www.estrategiaconcursos.com.br\/blog\/#\/schema\/logo\/image\/\"},\"sameAs\":[\"https:\/\/x.com\/EstratConcursos\"]},{\"@type\":\"Person\",\"@id\":\"https:\/\/www.estrategiaconcursos.com.br\/blog\/#\/schema\/person\/2865ec132c3404c9912015dd7a24eb1e\",\"name\":\"Brunno Lima\",\"image\":{\"@type\":\"ImageObject\",\"inLanguage\":\"pt-BR\",\"@id\":\"https:\/\/secure.gravatar.com\/avatar\/d40b472e5e2856222d4a4a1c3ee2189ed7d7a9f67dc3343b880cc1889a7bd6af?s=96&d=mm&r=g\",\"url\":\"https:\/\/secure.gravatar.com\/avatar\/d40b472e5e2856222d4a4a1c3ee2189ed7d7a9f67dc3343b880cc1889a7bd6af?s=96&d=mm&r=g\",\"contentUrl\":\"https:\/\/secure.gravatar.com\/avatar\/d40b472e5e2856222d4a4a1c3ee2189ed7d7a9f67dc3343b880cc1889a7bd6af?s=96&d=mm&r=g\",\"caption\":\"Brunno Lima\"},\"url\":\"https:\/\/www.estrategiaconcursos.com.br\/blog\/author\/brunnoestrategiaconcursos-com-br\/\"}]}<\/script>\n<!-- \/ Yoast SEO Premium plugin. -->","yoast_head_json":{"title":"TJMG deve ter edital publicado ainda em 2021, diz Presidente!","description":"O presidente do Tribunal de Justi\u00e7a de Minas Gerais, ao ser indagado sobre a possibilidade de edital TJMG em 2021, confirmou o fato!","robots":{"index":"index","follow":"follow","max-snippet":"max-snippet:-1","max-image-preview":"max-image-preview:large","max-video-preview":"max-video-preview:-1"},"canonical":"https:\/\/www.estrategiaconcursos.com.br\/blog\/tjmg-edital-2021-presidente\/","og_locale":"pt_BR","og_type":"article","og_title":"TJMG deve ter edital publicado ainda em 2021, diz Presidente!","og_description":"O presidente do Tribunal de Justi\u00e7a de Minas Gerais, ao ser indagado sobre a possibilidade de edital TJMG em 2021, confirmou o fato!","og_url":"https:\/\/www.estrategiaconcursos.com.br\/blog\/tjmg-edital-2021-presidente\/","og_site_name":"Estrat\u00e9gia Concursos","article_published_time":"2021-09-23T17:14:09+00:00","article_modified_time":"2023-03-02T13:45:54+00:00","og_image":[{"width":1200,"height":628,"url":"https:\/\/dhg1h5j42swfq.cloudfront.net\/2021\/09\/23140041\/tj-mg.jpg","type":"image\/jpeg"}],"author":"Brunno Lima","twitter_card":"summary_large_image","twitter_creator":"@EstratConcursos","twitter_site":"@EstratConcursos","twitter_misc":{"Escrito por":"Brunno Lima","Est. tempo de leitura":"3 minutos"},"schema":{"@context":"https:\/\/schema.org","@graph":[{"@type":"NewsArticle","@id":"https:\/\/www.estrategiaconcursos.com.br\/blog\/tjmg-edital-2021-presidente\/#article","isPartOf":{"@id":"https:\/\/www.estrategiaconcursos.com.br\/blog\/tjmg-edital-2021-presidente\/"},"author":{"name":"Brunno Lima","@id":"https:\/\/www.estrategiaconcursos.com.br\/blog\/#\/schema\/person\/2865ec132c3404c9912015dd7a24eb1e"},"headline":"TJMG deve ter edital publicado ainda em 2021, diz Presidente!","datePublished":"2021-09-23T17:14:09+00:00","dateModified":"2023-03-02T13:45:54+00:00","mainEntityOfPage":{"@id":"https:\/\/www.estrategiaconcursos.com.br\/blog\/tjmg-edital-2021-presidente\/"},"wordCount":422,"commentCount":0,"publisher":{"@id":"https:\/\/www.estrategiaconcursos.com.br\/blog\/#organization"},"image":{"@id":"https:\/\/www.estrategiaconcursos.com.br\/blog\/tjmg-edital-2021-presidente\/#primaryimage"},"thumbnailUrl":"https:\/\/dhg1h5j42swfq.cloudfront.net\/2021\/09\/23140041\/tj-mg.jpg","articleSection":["Tribunais"],"inLanguage":"pt-BR","potentialAction":[{"@type":"CommentAction","name":"Comment","target":["https:\/\/www.estrategiaconcursos.com.br\/blog\/tjmg-edital-2021-presidente\/#respond"]}],"copyrightYear":"2021","copyrightHolder":{"@id":"https:\/\/www.estrategiaconcursos.com.br\/blog\/#organization"}},{"@type":"WebPage","@id":"https:\/\/www.estrategiaconcursos.com.br\/blog\/tjmg-edital-2021-presidente\/","url":"https:\/\/www.estrategiaconcursos.com.br\/blog\/tjmg-edital-2021-presidente\/","name":"TJMG deve ter edital publicado ainda em 2021, diz Presidente!","isPartOf":{"@id":"https:\/\/www.estrategiaconcursos.com.br\/blog\/#website"},"primaryImageOfPage":{"@id":"https:\/\/www.estrategiaconcursos.com.br\/blog\/tjmg-edital-2021-presidente\/#primaryimage"},"image":{"@id":"https:\/\/www.estrategiaconcursos.com.br\/blog\/tjmg-edital-2021-presidente\/#primaryimage"},"thumbnailUrl":"https:\/\/dhg1h5j42swfq.cloudfront.net\/2021\/09\/23140041\/tj-mg.jpg","datePublished":"2021-09-23T17:14:09+00:00","dateModified":"2023-03-02T13:45:54+00:00","description":"O presidente do Tribunal de Justi\u00e7a de Minas Gerais, ao ser indagado sobre a possibilidade de edital TJMG em 2021, confirmou o fato!","breadcrumb":{"@id":"https:\/\/www.estrategiaconcursos.com.br\/blog\/tjmg-edital-2021-presidente\/#breadcrumb"},"inLanguage":"pt-BR","potentialAction":[{"@type":"ReadAction","target":["https:\/\/www.estrategiaconcursos.com.br\/blog\/tjmg-edital-2021-presidente\/"]}]},{"@type":"ImageObject","inLanguage":"pt-BR","@id":"https:\/\/www.estrategiaconcursos.com.br\/blog\/tjmg-edital-2021-presidente\/#primaryimage","url":"https:\/\/dhg1h5j42swfq.cloudfront.net\/2021\/09\/23140041\/tj-mg.jpg","contentUrl":"https:\/\/dhg1h5j42swfq.cloudfront.net\/2021\/09\/23140041\/tj-mg.jpg","width":1200,"height":628,"caption":"Concurso Magistratura MG"},{"@type":"BreadcrumbList","@id":"https:\/\/www.estrategiaconcursos.com.br\/blog\/tjmg-edital-2021-presidente\/#breadcrumb","itemListElement":[{"@type":"ListItem","position":1,"name":"In\u00edcio","item":"https:\/\/www.estrategiaconcursos.com.br\/blog\/"},{"@type":"ListItem","position":2,"name":"TJMG deve ter edital publicado ainda em 2021, diz Presidente!"}]},{"@type":"WebSite","@id":"https:\/\/www.estrategiaconcursos.com.br\/blog\/#website","url":"https:\/\/www.estrategiaconcursos.com.br\/blog\/","name":"Estrat\u00e9gia Concursos","description":"O blog da Estrat\u00e9gia Concursos traz not\u00edcias sobre concursos e artigos de professores oferecendo cursos para concursos (pdf + videaulas) no site.","publisher":{"@id":"https:\/\/www.estrategiaconcursos.com.br\/blog\/#organization"},"potentialAction":[{"@type":"SearchAction","target":{"@type":"EntryPoint","urlTemplate":"https:\/\/www.estrategiaconcursos.com.br\/blog\/?s={search_term_string}"},"query-input":{"@type":"PropertyValueSpecification","valueRequired":true,"valueName":"search_term_string"}}],"inLanguage":"pt-BR"},{"@type":"Organization","@id":"https:\/\/www.estrategiaconcursos.com.br\/blog\/#organization","name":"Estrat\u00e9gia Concursos","url":"https:\/\/www.estrategiaconcursos.com.br\/blog\/","logo":{"@type":"ImageObject","inLanguage":"pt-BR","@id":"https:\/\/www.estrategiaconcursos.com.br\/blog\/#\/schema\/logo\/image\/","url":"https:\/\/dhg1h5j42swfq.cloudfront.net\/2025\/06\/03203428\/logo_concursos-1.jpg","contentUrl":"https:\/\/dhg1h5j42swfq.cloudfront.net\/2025\/06\/03203428\/logo_concursos-1.jpg","width":230,"height":60,"caption":"Estrat\u00e9gia Concursos"},"image":{"@id":"https:\/\/www.estrategiaconcursos.com.br\/blog\/#\/schema\/logo\/image\/"},"sameAs":["https:\/\/x.com\/EstratConcursos"]},{"@type":"Person","@id":"https:\/\/www.estrategiaconcursos.com.br\/blog\/#\/schema\/person\/2865ec132c3404c9912015dd7a24eb1e","name":"Brunno Lima","image":{"@type":"ImageObject","inLanguage":"pt-BR","@id":"https:\/\/secure.gravatar.com\/avatar\/d40b472e5e2856222d4a4a1c3ee2189ed7d7a9f67dc3343b880cc1889a7bd6af?s=96&d=mm&r=g","url":"https:\/\/secure.gravatar.com\/avatar\/d40b472e5e2856222d4a4a1c3ee2189ed7d7a9f67dc3343b880cc1889a7bd6af?s=96&d=mm&r=g","contentUrl":"https:\/\/secure.gravatar.com\/avatar\/d40b472e5e2856222d4a4a1c3ee2189ed7d7a9f67dc3343b880cc1889a7bd6af?s=96&d=mm&r=g","caption":"Brunno Lima"},"url":"https:\/\/www.estrategiaconcursos.com.br\/blog\/author\/brunnoestrategiaconcursos-com-br\/"}]}},"_links":{"self":[{"href":"https:\/\/www.estrategiaconcursos.com.br\/blog\/wp-json\/wp\/v2\/posts\/868582","targetHints":{"allow":["GET"]}}],"collection":[{"href":"https:\/\/www.estrategiaconcursos.com.br\/blog\/wp-json\/wp\/v2\/posts"}],"about":[{"href":"https:\/\/www.estrategiaconcursos.com.br\/blog\/wp-json\/wp\/v2\/types\/post"}],"author":[{"embeddable":true,"href":"https:\/\/www.estrategiaconcursos.com.br\/blog\/wp-json\/wp\/v2\/users\/741"}],"replies":[{"embeddable":true,"href":"https:\/\/www.estrategiaconcursos.com.br\/blog\/wp-json\/wp\/v2\/comments?post=868582"}],"version-history":[{"count":29,"href":"https:\/\/www.estrategiaconcursos.com.br\/blog\/wp-json\/wp\/v2\/posts\/868582\/revisions"}],"predecessor-version":[{"id":1180108,"href":"https:\/\/www.estrategiaconcursos.com.br\/blog\/wp-json\/wp\/v2\/posts\/868582\/revisions\/1180108"}],"wp:featuredmedia":[{"embeddable":true,"href":"https:\/\/www.estrategiaconcursos.com.br\/blog\/wp-json\/wp\/v2\/media\/868651"}],"wp:attachment":[{"href":"https:\/\/www.estrategiaconcursos.com.br\/blog\/wp-json\/wp\/v2\/media?parent=868582"}],"wp:term":[{"taxonomy":"category","embeddable":true,"href":"https:\/\/www.estrategiaconcursos.com.br\/blog\/wp-json\/wp\/v2\/categories?post=868582"},{"taxonomy":"post_tag","embeddable":true,"href":"https:\/\/www.estrategiaconcursos.com.br\/blog\/wp-json\/wp\/v2\/tags?post=868582"},{"taxonomy":"tax_estado","embeddable":true,"href":"https:\/\/www.estrategiaconcursos.com.br\/blog\/wp-json\/wp\/v2\/tax_estado?post=868582"}],"curies":[{"name":"wp","href":"https:\/\/api.w.org\/{rel}","templated":true}]}}