{"id":86829,"date":"2017-08-27T11:37:46","date_gmt":"2017-08-27T14:37:46","guid":{"rendered":"https:\/\/www.estrategiaconcursos.com.br\/blog\/?p=86829"},"modified":"2017-08-27T11:38:13","modified_gmt":"2017-08-27T14:38:13","slug":"tj-rs-gabarito-preliminar-legislacao-especifica","status":"publish","type":"post","link":"https:\/\/www.estrategiaconcursos.com.br\/blog\/tj-rs-gabarito-preliminar-legislacao-especifica\/","title":{"rendered":"TJ-RS &#8211; Gabarito Preliminar Legisla\u00e7\u00e3o Espec\u00edfica"},"content":{"rendered":"<p style=\"text-align: justify\"><span style=\"font-family: verdana, geneva, sans-serif\">Oi, pessoal!<\/span><\/p>\n<p style=\"text-align: justify\"><span style=\"font-family: verdana, geneva, sans-serif\">Foi realizada neste s\u00e1bado a prova \u00a0para ingresso no cargo de <span style=\"color: #ff0000\"><strong>ANALISTA JUDICI\u00c1RIO &#8211; \u00c1REA ADMINISTRATIVA<\/strong><\/span>\u00a0do <span style=\"color: #0000ff\"><strong>TJ-RS.<\/strong><\/span><\/span><\/p>\n<p style=\"text-align: justify\"><span style=\"font-family: verdana, geneva, sans-serif\">Como de costume (rs), me alegra dizer que todas as quest\u00f5es da prova estavam em nossas aulas de Legisla\u00e7\u00e3o.<\/span><\/p>\n<p style=\"text-align: justify\"><span style=\"font-family: verdana, geneva, sans-serif\">Segue a resolu\u00e7\u00e3o comentada das quest\u00f5es relativa ao Regimento Interno e ao C\u00f3digo de Organiza\u00e7\u00e3o Judici\u00e1ria.<\/span><\/p>\n<h3 style=\"text-align: justify\"><span style=\"font-family: verdana, geneva, sans-serif\"><strong><span style=\"color: #0000ff\">Quest\u00e3o 57<\/span><\/strong><\/span><\/h3>\n<p style=\"text-align: justify\"><span style=\"font-family: verdana, geneva, sans-serif\">Tendo em vista as disposi\u00e7\u00f5es da Lei Estadual n\u00ba 7.356\/1980 &#8211; C\u00f3digo de Organiza\u00e7\u00e3o Judici\u00e1ria, relativas ao Conselho da Magistratura, assinale a alternativa <strong>INCORRETA<\/strong>.<\/span><\/p>\n<p style=\"text-align: justify\"><span style=\"font-family: verdana, geneva, sans-serif\">a) O mandato dos membros do Conselho \u00e9 facultativo e sua dura\u00e7\u00e3o \u00e9 de tr\u00eas anos, sendo poss\u00edvel a reelei\u00e7\u00e3o.<\/span><\/p>\n<p style=\"text-align: justify\"><span style=\"font-family: verdana, geneva, sans-serif\">b) O Presidente do Conselho, nas vota\u00e7\u00f5es, ter\u00e1 voto de qualidade.<\/span><\/p>\n<p style=\"text-align: justify\"><span style=\"font-family: verdana, geneva, sans-serif\">c) Os presidentes das comiss\u00f5es do Tribunal, quando presentes \u00e0s reuni\u00f5es do Conselho da Magistratura, ter\u00e3o voz nos assuntos de compet\u00eancia das respectivas comiss\u00f5es.<\/span><\/p>\n<p style=\"text-align: justify\"><span style=\"font-family: verdana, geneva, sans-serif\">d) O Presidente do Tribunal de Justi\u00e7a presidir\u00e1 o Conselho da Magistratura.<\/span><\/p>\n<p style=\"text-align: justify\"><span style=\"font-family: verdana, geneva, sans-serif\">e) O Conselho poder\u00e1, em casos especiais, e por tempo determinado, prorrog\u00e1vel a crit\u00e9rio do \u00f3rg\u00e3o, declarar qualquer Comarca ou Vara em regime de exce\u00e7\u00e3o, designando um ou mais Ju\u00edzes para exercerem, cumulativamente com o titular, a jurisdi\u00e7\u00e3o da Comarca ou Vara.<\/span><\/p>\n<p style=\"text-align: justify\"><span style=\"text-decoration: underline;font-family: verdana, geneva, sans-serif\"><strong>Coment\u00e1rios<\/strong><\/span><\/p>\n<p style=\"text-align: justify\"><span style=\"font-family: verdana, geneva, sans-serif\">A quest\u00e3o pede para assinalar a op\u00e7\u00e3o<span style=\"color: #ff0000\"><strong> INCORRETA.<\/strong><\/span> \u00c0 luz da Lei 7.356\/1980, a op\u00e7\u00e3o A est\u00e1 errada, pois o mandato dos membros do Conselho da Magistratura s\u00e3o <span style=\"color: #ff0000\"><strong>obrigat\u00f3rios<\/strong> <\/span>e tem dura\u00e7\u00e3o de <span style=\"color: #ff0000\"><strong>2 anos<\/strong><\/span>.<\/span><\/p>\n<blockquote>\n<p style=\"text-align: justify\"><span style=\"font-size: 10pt;font-family: verdana, geneva, sans-serif\"><em>Art. 37 &#8211; O Conselho da Magistratura, [&#8230;]<\/em><\/span><\/p>\n<\/blockquote>\n<div class=\"page\" style=\"text-align: justify\" title=\"Page 6\">\n<div class=\"layoutArea\">\n<div class=\"column\">\n<blockquote>\n<p style=\"text-align: justify\"><span style=\"font-size: 10pt;font-family: verdana, geneva, sans-serif\"><em>\u00a7 1 \u00ba &#8211; O mandato dos membros do Conselho \u00e9 <span style=\"text-decoration: underline\"><strong>obrigat\u00f3rio<\/strong><\/span> e sua dura\u00e7\u00e3o \u00e9 de <span style=\"text-decoration: underline\"><strong>dois anos<\/strong><\/span>, vedada a reelei\u00e7\u00e3o.<\/em><\/span><\/p>\n<p>&nbsp;<\/p><\/blockquote>\n<p><span style=\"font-family: verdana, geneva, sans-serif\">As demais op\u00e7\u00f5es est\u00e3o corretas, conforme abaixo:<\/span><\/p>\n<div class=\"page\" title=\"Page 6\">\n<div class=\"layoutArea\">\n<div class=\"column\">\n<blockquote><p><span style=\"font-size: 10pt;font-family: verdana, geneva, sans-serif\"><em>Art. 37 &#8211; O Conselho da Magistratura, \u00f3rg\u00e3o maior de inspe\u00e7\u00e3o e disciplina na primeira inst\u00e2ncia, e de planejamento da organiza\u00e7\u00e3o e da administra\u00e7\u00e3o judici\u00e1rias em primeira e segunda inst\u00e2ncias, comp\u00f5e-se dos seguintes membros:<\/em><\/span><\/p>\n<p><span style=\"font-size: 10pt;font-family: verdana, geneva, sans-serif\"><em>a) Presidente do Tribunal de Justi\u00e7a, que o presidir\u00e1; <span style=\"color: #0000ff\"><strong>==&gt;\u00a0<\/strong><strong>LETRA D<\/strong><\/span><\/em><\/span><\/p>\n<p><span style=\"font-size: 10pt;font-family: verdana, geneva, sans-serif\"><em>[&#8230;]<\/em><\/span><\/p>\n<p><span style=\"font-size: 10pt;font-family: verdana, geneva, sans-serif\"><em>\u00a7 3\u00b0 &#8211; O Presidente, nas vota\u00e7\u00f5es, ter\u00e1 voto de qualidade.\u00a0<span style=\"color: #0000ff\"><strong>==&gt;\u00a0LETRA B<\/strong><\/span><\/em><\/span><\/p>\n<p><span style=\"font-size: 10pt;font-family: verdana, geneva, sans-serif\"><em>\u00a7 4\u00ba &#8211; Os presidentes das comiss\u00f5es do Tribunal, quando presentes \u00e0s reuni\u00f5es do Conselho da Magistratura, ter\u00e3o voz nos assuntos de compet\u00eancia das respectivas comiss\u00f5es.<span style=\"color: #0000ff\"><strong>==&gt;\u00a0<\/strong><strong>LETRA C<\/strong><\/span><\/em><\/span><\/p>\n<p><span style=\"font-size: 10pt;font-family: verdana, geneva, sans-serif\"><em>[&#8230;]<\/em><\/span><\/p>\n<p><span style=\"font-size: 10pt;font-family: verdana, geneva, sans-serif\"><em>Art. 39 &#8211; Em casos especiais, e por tempo determinado, prorrog\u00e1vel a crit\u00e9rio do \u00f3rg\u00e3o, poder\u00e1 o Conselho declarar qualquer Comarca ou Vara em regime de exce\u00e7\u00e3o, designando um ou mais Ju\u00edzes para exercerem, cumulativamente com o titular, a jurisdi\u00e7\u00e3o da Comarca ou Vara.<span style=\"color: #0000ff\"><strong>==&gt;\u00a0<\/strong><strong>LETRA E<\/strong><\/span><\/em><\/span><\/p><\/blockquote>\n<\/div>\n<p><span style=\"font-family: verdana, geneva, sans-serif\"><span style=\"color: #0000ff\"><strong>GABARITO<\/strong><\/span>: Letra A<\/span><\/p>\n<\/div>\n<p>&nbsp;<\/p>\n<\/div>\n<\/div>\n<\/div>\n<\/div>\n<h3 style=\"text-align: justify\"><span style=\"color: #0000ff;font-family: verdana, geneva, sans-serif\"><strong>QUEST\u00c3O 58<\/strong>\u00a0<\/span><\/h3>\n<p style=\"text-align: justify\"><span style=\"font-family: verdana, geneva, sans-serif\">Considere as afirma\u00e7\u00f5es abaixo, tendo em vista as disposi\u00e7\u00f5es da Lei Estadual n\u00ba 7.356\/1980 &#8211; C\u00f3digo de Organiza\u00e7\u00e3o Judici\u00e1ria, relativas \u00e0 Corregedoria-Geral da Justi\u00e7a.<\/span><\/p>\n<p style=\"text-align: justify\"><span style=\"font-family: verdana, geneva, sans-serif\">I &#8211; A Corregedoria-Geral da Justi\u00e7a, \u00f3rg\u00e3o de fiscaliza\u00e7\u00e3o, disciplina e orienta\u00e7\u00e3o administrativa, com jurisdi\u00e7\u00e3o em todo o Estado, ser\u00e1 presidida por um Desembargador, com o t\u00edtulo de Corregedor-Geral da Justi\u00e7a, auxiliado por Ju\u00edzes Corregedores.<\/span><\/p>\n<p style=\"text-align: justify\"><span style=\"font-family: verdana, geneva, sans-serif\">II &#8211; O Corregedor-GEral da Justi\u00e7a ser\u00e1 sempre substitu\u00eddo em suas f\u00e9rias, licen\u00e7as e impedimentos pelo 2\u00ba Vice-Presidente do Tribunal de Justi\u00e7a.<\/span><\/p>\n<p style=\"text-align: justify\"><span style=\"font-family: verdana, geneva, sans-serif\">III &#8211; Os Ju\u00edzes Corregedores ser\u00e3o obrigatoriamente Ju\u00edzes de Direito de entr\u00e2ncia final e designados pelo Presidente do Tribunal, ouvido o Conselho da Magistratura, por proposta do Corregedor-Geral.<\/span><\/p>\n<p style=\"text-align: justify\"><span style=\"font-family: verdana, geneva, sans-serif\">Quais est\u00e3o corretas?<\/span><\/p>\n<p style=\"text-align: justify\"><span style=\"font-family: verdana, geneva, sans-serif\">a) Apenas I.<\/span><\/p>\n<p style=\"text-align: justify\"><span style=\"font-family: verdana, geneva, sans-serif\">b) Apenas II.<\/span><\/p>\n<p style=\"text-align: justify\"><span style=\"font-family: verdana, geneva, sans-serif\">c) Apenas III.<\/span><\/p>\n<p style=\"text-align: justify\"><span style=\"font-family: verdana, geneva, sans-serif\">d) Apenas I e III.<\/span><\/p>\n<p style=\"text-align: justify\"><span style=\"font-family: verdana, geneva, sans-serif\">e) I, II e III.<\/span><\/p>\n<p style=\"text-align: justify\"><span style=\"text-decoration: underline;font-family: verdana, geneva, sans-serif\"><strong>Coment\u00e1rios<\/strong><\/span><\/p>\n<p style=\"text-align: justify\"><span style=\"font-family: verdana, geneva, sans-serif\">A quest\u00e3o pede para assinalar quais as alternativas est\u00e3o <span style=\"color: #0000ff\"><strong>CORRETAS<\/strong><\/span>. \u00c0 luz do COJE, vamos analisa-las:<\/span><\/p>\n<p style=\"text-align: justify\"><span style=\"font-family: verdana, geneva, sans-serif\"><span style=\"text-decoration: underline\"><strong>ALTERNATIVA I<\/strong> <\/span>&#8211; <span style=\"color: #0000ff\"><strong>Correta<\/strong><\/span><\/span><\/p>\n<div class=\"page\" style=\"text-align: justify\" title=\"Page 8\">\n<div class=\"layoutArea\">\n<div class=\"column\">\n<blockquote><p><span style=\"font-size: 10pt;font-family: verdana, geneva, sans-serif\"><em>Art. 40. A Corregedoria-Geral da Justi\u00e7a, \u00f3rg\u00e3o de fiscaliza\u00e7\u00e3o, disciplina e orienta\u00e7\u00e3o administrativa, com jurisdi\u00e7\u00e3o em todo o Estado, ser\u00e1 presidida por um Desembargador, com o t\u00edtulo de Corregedor-Geral da Justi\u00e7a, auxiliado por Ju\u00edzes-Corregedores.<\/em><\/span><\/p><\/blockquote>\n<\/div>\n<p><span style=\"font-family: verdana, geneva, sans-serif\"><strong>ALTERNATIVA II<\/strong> &#8211; <span style=\"color: #ff0000\"><strong>Errada.<\/strong><\/span><\/span><\/p>\n<blockquote><p><span style=\"font-size: 10pt;font-family: verdana, geneva, sans-serif\"><em>Art. 41. O Corregedor-Geral da Justi\u00e7a ser\u00e1 substitu\u00eddo em suas f\u00e9rias, licen\u00e7as e impedimentos, pelo <span style=\"text-decoration: underline\"><strong>Desembargador que se lhe seguir em ordem de antiguidade<\/strong><\/span>, exclu\u00eddos os que exercem fun\u00e7\u00f5es administrativas no Tribunal ou que exercem fun\u00e7\u00f5es no Tribunal Regional Eleitoral.<\/em><\/span><\/p><\/blockquote>\n<\/div>\n<\/div>\n<p style=\"text-align: justify\"><span style=\"font-family: verdana, geneva, sans-serif\"><strong>ALTERNATIVA III<\/strong> &#8211; <span style=\"color: #0000ff\"><strong>Correta.<\/strong><\/span><\/span><\/p>\n<div class=\"page\" style=\"text-align: justify\" title=\"Page 7\">\n<div class=\"layoutArea\">\n<div class=\"column\">\n<blockquote><p><span style=\"font-size: 10pt;font-family: verdana, geneva, sans-serif\"><em>Art. 44. \u00a7 1\u00ba &#8211; Os Ju\u00edzes Corregedores ser\u00e3o obrigatoriamente Ju\u00edzes de Direito de entr\u00e2ncia final e designados pelo Presidente do Tribunal, ouvido o Conselho da Magistratura, por proposta do Corregedor-Geral.<\/em><\/span><\/p><\/blockquote>\n<\/div>\n<p><span style=\"font-family: verdana, geneva, sans-serif\"><span style=\"color: #0000ff\"><strong>GABARITO<\/strong>:<\/span> Letra D<\/span><\/p>\n<\/div>\n<p>&nbsp;<\/p>\n<\/div>\n<h3 style=\"text-align: justify\"><span style=\"color: #0000ff;font-family: verdana, geneva, sans-serif\">QUEST\u00c3O 59<\/span><\/h3>\n<p style=\"text-align: justify\"><span style=\"font-family: verdana, geneva, sans-serif\">Considere as afirma\u00e7\u00f5es a seguir, tendo em vista as disposi\u00e7\u00f5es do Regimento Interno do Tribunal de Justi\u00e7a do Estado do Rio Grande do Sul.<\/span><\/p>\n<p style=\"text-align: justify\"><span style=\"font-family: verdana, geneva, sans-serif\">I &#8211; O \u00f3rg\u00e3o especial, funcionando no exerc\u00edcio delegado das atribui\u00e7\u00f5es administrativas e jurisdicionais da compet\u00eancia origin\u00e1ria do Tribunal Pleno, \u00e9 constitu\u00eddo por vinte e cinco Desembargadores, cindo dos quais oriundos da representa\u00e7\u00e3o classista, previstas no art. 94 da Constitui\u00e7\u00e3o Federal, provendo-se doze vagas pelo crit\u00e9rio de antiguidade no Tribunal de Justi\u00e7a e a outra metade por elei\u00e7\u00e3o pelo Tribunal Pleno.<\/span><\/p>\n<p style=\"text-align: justify\"><span style=\"font-family: verdana, geneva, sans-serif\">II &#8211; Para fins de ordena\u00e7\u00e3o dos trabalhos administrativos e jurisdicionais do \u00d3rg\u00e3o Especial, ser\u00e1 observado o crit\u00e9rio de merecimento .<\/span><\/p>\n<p style=\"text-align: justify\"><span style=\"font-family: verdana, geneva, sans-serif\">III &#8211; Uma das compet\u00eancias do \u00d3rg\u00e3o Especial \u00e9 eleger os membros do Conselho da Magistratura e respectivos suplentes.<\/span><\/p>\n<p style=\"text-align: justify\"><span style=\"font-family: verdana, geneva, sans-serif\">Quais est\u00e3o corretas?<\/span><\/p>\n<p style=\"text-align: justify\"><span style=\"font-family: verdana, geneva, sans-serif\">a) Apenas I.<\/span><\/p>\n<p style=\"text-align: justify\"><span style=\"font-family: verdana, geneva, sans-serif\">b) Apenas II.<\/span><\/p>\n<p style=\"text-align: justify\"><span style=\"font-family: verdana, geneva, sans-serif\">c) Apenas III.<\/span><\/p>\n<p style=\"text-align: justify\"><span style=\"font-family: verdana, geneva, sans-serif\">d) Apenas I e III.<\/span><\/p>\n<p style=\"text-align: justify\"><span style=\"font-family: verdana, geneva, sans-serif\">e) I, II e III.<\/span><\/p>\n<p style=\"text-align: justify\"><span style=\"text-decoration: underline;font-family: verdana, geneva, sans-serif\"><strong>Coment\u00e1rios<\/strong><\/span><\/p>\n<p style=\"text-align: justify\"><span style=\"font-family: verdana, geneva, sans-serif\">A quest\u00e3o pede para assinalar as alternativas corretas. \u00c0 luz do Regimento Interno, vamos analisar as alternativas corretas.<\/span><\/p>\n<p style=\"text-align: justify\"><span style=\"font-family: verdana, geneva, sans-serif\"><strong>ALTERNATIVA I<\/strong> &#8211; <span style=\"color: #0000ff\"><strong>Correta.<\/strong><\/span><\/span><\/p>\n<blockquote>\n<p style=\"text-align: justify\"><span style=\"font-size: 10pt;font-family: verdana, geneva, sans-serif\"><em>Art. 7\u00ba O \u00d3rg\u00e3o Especial, funcionando no exerc\u00edcio delegado das atribui\u00e7\u00f5es administrativas e jurisdicionais da compet\u00eancia origin\u00e1ria do Tribunal Pleno, \u00e9 constitu\u00eddo por vinte e cinco Desembargadores, cinco dos quais oriundos da representa\u00e7\u00e3o classista prevista no art. 94 da Constitui\u00e7\u00e3o Federal, provendo-se doze vagas pelo crit\u00e9rio de antig\u00fcidade no Tribunal de Justi\u00e7a e a outra metade por elei\u00e7\u00e3o pelo Tribunal Pleno.<\/em><\/span><\/p>\n<\/blockquote>\n<p style=\"text-align: justify\"><span style=\"font-family: verdana, geneva, sans-serif\"><strong>ALTERNATIVA II<\/strong> &#8211; <strong><span style=\"color: #ff0000\">Errada<\/span>.<\/strong><\/span><\/p>\n<blockquote>\n<p style=\"text-align: justify\"><span style=\"font-size: 10pt;font-family: verdana, geneva, sans-serif\"><em>Art. 7\u00ba \u00a7 12. Para fins de ordena\u00e7\u00e3o dos trabalhos administrativos e jurisdicionais do \u00d3rg\u00e3o Especial, <span style=\"color: #ff0000\"><strong>ser\u00e1 observado o crit\u00e9rio de antig\u00fcidade.<\/strong><\/span><\/em><\/span><\/p>\n<\/blockquote>\n<p style=\"text-align: justify\"><span style=\"font-family: verdana, geneva, sans-serif\"><strong>ALTERNATIVA III<\/strong> &#8211; <span style=\"color: #0000ff\"><strong>Correta.<\/strong><\/span><\/span><\/p>\n<blockquote>\n<p class=\"A090155\" style=\"text-align: justify\"><span style=\"font-size: 10pt;font-family: verdana, geneva, sans-serif\"><em>Art. 8\u00b0 Ao \u00d3rg\u00e3o Especial, al\u00e9m das atribui\u00e7\u00f5es previstas em lei e neste Regimento, compete:<\/em><\/span><\/p>\n<p class=\"A090155\" style=\"text-align: justify\"><span style=\"font-size: 10pt;font-family: verdana, geneva, sans-serif\"><em>II &#8211; eleger:<\/em><\/span><\/p>\n<p class=\"A090155\" style=\"text-align: justify\"><span style=\"font-size: 10pt;font-family: verdana, geneva, sans-serif\"><em>b) os membros do Conselho da Magistratura e respectivos suplentes;<\/em><\/span><\/p>\n<\/blockquote>\n<p style=\"text-align: justify\"><span style=\"font-family: verdana, geneva, sans-serif\"><span style=\"color: #0000ff\"><strong>GABARITO<\/strong>:<\/span> Letra D<\/span><\/p>\n<p>&nbsp;<\/p>\n<h3 style=\"text-align: justify\"><span style=\"color: #0000ff;font-family: verdana, geneva, sans-serif\">QUEST\u00c3O 60<\/span><\/h3>\n<p style=\"text-align: justify\"><span style=\"font-family: verdana, geneva, sans-serif\">No que se refere \u00e0s disposi\u00e7\u00f5es do Regimento Interno do Tribunal de Justi\u00e7a do Rio Grande do Sul, N\u00c3O s\u00e3o compet\u00eancias do \u00f3rg\u00e3o especial:<\/span><\/p>\n<p style=\"text-align: justify\"><span style=\"font-family: verdana, geneva, sans-serif\">a) processas e julgar originariamente o Vice-Governador nas infra\u00e7\u00f5es penais comuns.<\/span><\/p>\n<p style=\"text-align: justify\"><span style=\"font-family: verdana, geneva, sans-serif\">b) processar e julgar, nas infra\u00e7\u00f5es penais comuns e nos crimes de responsabilidade, o Ju\u00edzes Estaduais, o Procurador-Geral do Estado, os secret\u00e1rios de Estado e os Vereadores.<\/span><\/p>\n<p style=\"text-align: justify\"><span style=\"font-family: verdana, geneva, sans-serif\">c) processar e julgar os habeas corpus, quando o coator ou paciente for membro do Poder Legislativo, servidor ou autoridade, cujos atos estejam diretamente submetidos \u00e0 jurisdi\u00e7\u00e3o do Tribunal de Justi\u00e7a, quando se tratar de infra\u00e7\u00e3o penal sujeita \u00e0 mesma jurisdi\u00e7\u00e3o em \u00fanica inst\u00e2ncia ou quando houver perigo de se consumar a viol\u00eancia antes que outro Juiz ou Tribunal possa conhecer do pedido.<\/span><\/p>\n<p style=\"text-align: justify\"><span style=\"font-family: verdana, geneva, sans-serif\">d) processar e julgar os mandados de seguran\u00e7a contra as condutas administrativas, os abes data e os mandados de injun\u00e7\u00e3o contra atos ou omiss\u00f5es da Assembleia Legislativa e sua Mesa e de seu Presidente.<\/span><\/p>\n<p style=\"text-align: justify\"><span style=\"font-family: verdana, geneva, sans-serif\">e) processar e julgar os conflitos de atribui\u00e7\u00f5es entre autoridades judici\u00e1ria e administrativas, quando neles forem interessado o Governador, Secret\u00e1rios de Estado, Procurado-Geral da Justi\u00e7a e Procurador-Geral do Estado.<\/span><\/p>\n<p style=\"text-align: justify\"><span style=\"text-decoration: underline;font-family: verdana, geneva, sans-serif\"><strong>Coment\u00e1rios<\/strong><\/span><\/p>\n<p style=\"text-align: justify\"><span style=\"font-family: verdana, geneva, sans-serif\">A quest\u00e3o pede para assinalar a op\u00e7\u00e3o INCORRETA quanto \u00e0s compet\u00eancias do \u00d3rg\u00e3o Especial.<\/span><\/p>\n<p style=\"text-align: justify\"><span style=\"font-family: verdana, geneva, sans-serif\"><span style=\"text-decoration: underline\"><strong>LETRA A<\/strong><\/span> &#8211; <strong><span style=\"color: #0000ff\">Correta.<\/span><\/strong><\/span><\/p>\n<blockquote>\n<p class=\"A090155\" style=\"text-align: justify\"><span style=\"font-size: 10pt;font-family: verdana, geneva, sans-serif\"><em>Art. 8\u00b0 Ao \u00d3rg\u00e3o Especial, al\u00e9m das atribui\u00e7\u00f5es previstas em lei e neste Regimento, compete:<\/em><\/span><\/p>\n<p class=\"A090155\" style=\"text-align: justify\"><span style=\"font-size: 10pt;font-family: verdana, geneva, sans-serif\"><em>IV &#8211; processar e julgar originariamente:<\/em><\/span><\/p>\n<p style=\"text-align: justify\"><span style=\"font-size: 10pt;font-family: verdana, geneva, sans-serif\"><em>b) o Vice-Governador nas infra\u00e7\u00f5es penais comuns.<\/em><\/span><\/p>\n<\/blockquote>\n<p style=\"text-align: justify\"><span style=\"font-family: verdana, geneva, sans-serif\"><strong>LETRA B<\/strong>\u00a0&#8211; <span style=\"color: #ff0000\"><strong>Errada. N\u00c3O JULGA OS VEREADORES.<\/strong><\/span><\/span><\/p>\n<blockquote>\n<p style=\"text-align: justify\"><span style=\"font-size: 10pt;font-family: verdana, geneva, sans-serif\"><em>Art. 8\u00b0 IV &#8211; processar e julgar originariamente:<\/em><\/span><\/p>\n<p style=\"text-align: justify\"><span style=\"font-size: 10pt;font-family: verdana, geneva, sans-serif\"><em>a) nas infra\u00e7\u00f5es penais comuns, inclusive nas dolosas contra a vida e nos crimes de responsabilidade, os <strong>Deputados Estaduais, os Ju\u00edzes Estaduais, os membros do Minist\u00e9rio P\u00fablico Estadual, o Procurador- Geral do Estado e os Secret\u00e1rios de Estado<\/strong>, ressalvado quanto aos dois \u00faltimos o disposto nos incisos VI e VII do art. 53 da Constitui\u00e7\u00e3o Estadual;<\/em><\/span><\/p>\n<\/blockquote>\n<p style=\"text-align: justify\"><span style=\"font-family: verdana, geneva, sans-serif\"><strong>LETRA C<\/strong>\u00a0&#8211; <span style=\"color: #0000ff\"><strong>Correta.<\/strong><\/span><\/span><\/p>\n<blockquote>\n<p style=\"text-align: justify\"><span style=\"font-size: 10pt;font-family: verdana, geneva, sans-serif\"><em>Art. 8\u00b0 V &#8211; processar e julgar os feitos a seguir enumerados:<\/em><\/span><\/p>\n<p style=\"text-align: justify\"><span style=\"font-size: 10pt;font-family: verdana, geneva, sans-serif\"><em>a) os habeas-corpus, quando o coator ou o paciente for membro do Poder Legislativo, servidor ou autoridade, cujos atos estejam diretamente submetidos \u00e0 jurisdi\u00e7\u00e3o do Tribunal de Justi\u00e7a, quando se tratar de infra\u00e7\u00e3o penal sujeita \u00e0 mesma jurisdi\u00e7\u00e3o em \u00fanica inst\u00e2ncia ou quando houver perigo de se consumar a viol\u00eancia antes que outro Juiz ou Tribunal possa conhecer do pedido;<\/em><\/span><\/p>\n<\/blockquote>\n<p style=\"text-align: justify\"><span style=\"font-family: verdana, geneva, sans-serif\"><strong>LETRA D<\/strong>\u00a0&#8211; <span style=\"color: #0000ff\"><strong>Correta.<\/strong><\/span><\/span><\/p>\n<blockquote>\n<p class=\"A090155\" style=\"text-align: justify\"><span style=\"font-size: 10pt;font-family: verdana, geneva, sans-serif\"><em>Art. 8\u00b0 V &#8211; processar e julgar os feitos a seguir enumerados:<\/em><\/span><\/p>\n<p style=\"text-align: justify\"><span style=\"font-size: 10pt;font-family: verdana, geneva, sans-serif\"><em>b) os mandados de seguran\u00e7a contra condutas administrativas, os habeas-data e os mandados de injun\u00e7\u00e3o contra atos ou omiss\u00f5es<\/em><\/span><\/p>\n<p style=\"text-align: justify\"><span style=\"font-size: 10pt;font-family: verdana, geneva, sans-serif\"><em>&#8211; da Assembl\u00e9ia Legislativa e sua Mesa e de seu Presidente;<\/em><\/span><\/p>\n<\/blockquote>\n<p style=\"text-align: justify\"><span style=\"font-family: verdana, geneva, sans-serif\"><strong>LETRA E<\/strong>\u00a0&#8211; <span style=\"color: #0000ff\"><strong>Correta.<\/strong><\/span><\/span><\/p>\n<blockquote>\n<p class=\"A090155\" style=\"text-align: justify\"><span style=\"font-size: 10pt;font-family: verdana, geneva, sans-serif\"><em>Art. 8\u00b0 V &#8211; processar e julgar os feitos a seguir enumerados:<\/em><\/span><\/p>\n<p class=\"A090155\" style=\"text-align: justify\"><span style=\"font-size: 10pt;font-family: verdana, geneva, sans-serif\"><em>d) os conflitos de atribui\u00e7\u00f5es entre autoridades judici\u00e1rias e administrativas, quando neles forem interessados o Governador, Secret\u00e1rios de Estado, Procurador-Geral da Justi\u00e7a e Procurador-Geral do Estado;<\/em><\/span><\/p>\n<\/blockquote>\n<p style=\"text-align: justify\"><span style=\"font-family: verdana, geneva, sans-serif\"><strong>GABARITO<\/strong>: Letra B<\/span><\/p>\n<h3 style=\"text-align: justify\"><span style=\"color: #0000ff;font-family: verdana, geneva, sans-serif\">QUEST\u00c3O 62<\/span><\/h3>\n<p style=\"text-align: justify\"><span style=\"font-family: verdana, geneva, sans-serif\">Considere as afirma\u00e7\u00f5es a seguir, tendo em vista as disposi\u00e7\u00f5es do Regimento Interno do Tribunal de Justi\u00e7a do Rio Grande do Sula, relativas \u00e0s sess\u00f5es.<\/span><\/p>\n<p style=\"text-align: justify\"><span style=\"font-family: verdana, geneva, sans-serif\">I &#8211; As convoca\u00e7\u00f5es para as sess\u00f5es do \u00d3rg\u00e3o Especial dever\u00e3o sempre especificar a mat\u00e9ria a ser apreciada.<\/span><\/p>\n<p style=\"text-align: justify\"><span style=\"font-family: verdana, geneva, sans-serif\">II &#8211; As decis\u00f5es jurisdicionais e as administrativas dever\u00e3o ser motivadas, sendo as disciplinares tomadas pela maioria simples de seus membros.<\/span><\/p>\n<p style=\"text-align: justify\"><span style=\"font-family: verdana, geneva, sans-serif\">III &#8211; Os habeas corpus ser\u00e3o os primeiros na ordem de prefer\u00eancia nos julgamentos do \u00d3rg\u00e3o Especial.<\/span><\/p>\n<p style=\"text-align: justify\"><span style=\"font-family: verdana, geneva, sans-serif\">Quais est\u00e3o corretas?<\/span><\/p>\n<p style=\"text-align: justify\"><span style=\"font-family: verdana, geneva, sans-serif\">a) Apenas I.<\/span><\/p>\n<p style=\"text-align: justify\"><span style=\"font-family: verdana, geneva, sans-serif\">b) Apenas II.<\/span><\/p>\n<p style=\"text-align: justify\"><span style=\"font-family: verdana, geneva, sans-serif\">c) Apenas III.<\/span><\/p>\n<p style=\"text-align: justify\"><span style=\"font-family: verdana, geneva, sans-serif\">d) Apenas I e III.<\/span><\/p>\n<p style=\"text-align: justify\"><span style=\"font-family: verdana, geneva, sans-serif\">e) I, II e III.<\/span><\/p>\n<p style=\"text-align: justify\"><span style=\"text-decoration: underline;font-family: verdana, geneva, sans-serif\"><strong>Coment\u00e1rios<\/strong><\/span><\/p>\n<p style=\"text-align: justify\"><span style=\"font-family: verdana, geneva, sans-serif\">A quest\u00e3o pede para assinalar as op\u00e7\u00f5es CORRETAS.<\/span><\/p>\n<p style=\"text-align: justify\"><span style=\"font-family: verdana, geneva, sans-serif\"><strong>ALTERNATIVA I<\/strong>\u00a0&#8211; <span style=\"color: #ff0000\"><strong>ERRADA. N\u00c3O \u00c9 SEMPRE.<\/strong><\/span><\/span><\/p>\n<blockquote>\n<p class=\"A090155\" style=\"text-align: justify\"><span style=\"font-size: 10pt;font-family: verdana, geneva, sans-serif\"><em>Art. 154. <span style=\"text-decoration: underline\"><strong>Salvo nos casos urgentes de car\u00e1ter administrativo,<\/strong><\/span> as convoca\u00e7\u00f5es para as sess\u00f5es do \u00d3rg\u00e3o Especial especificar\u00e3o a mat\u00e9ria a ser apreciada.<\/em><\/span><\/p>\n<\/blockquote>\n<p style=\"text-align: justify\"><span style=\"font-family: verdana, geneva, sans-serif\"><strong>ALTERNATIVA II<\/strong> &#8211; <span style=\"color: #ff0000\"><b>ERRADA. S\u00c3O PELA MAIORIA ABSOLUTA.<\/b><\/span><\/span><\/p>\n<blockquote>\n<p style=\"text-align: justify\"><span style=\"font-size: 10pt;font-family: verdana, geneva, sans-serif\"><em>Art. 156. As sess\u00f5es jurisdicionais e administrativas ser\u00e3o p\u00fablicas, podendo, quando a lei ou o interesse p\u00fablico o\u00a0 exigir, ser limitada a presen\u00e7a \u00e0s pr\u00f3prias partes e a seus advogados, ou somente a estes.<\/em><\/span><\/p>\n<p style=\"text-align: justify\"><span style=\"font-size: 10pt;font-family: verdana, geneva, sans-serif\"><em>Par\u00e1grafo \u00fanico. Tanto as decis\u00f5es jurisdicionais quanto as administrativas ser\u00e3o motivadas, sendo as disciplinares tomadas pelo <span style=\"text-decoration: underline\"><strong>voto da maioria absoluta de seus membros.<\/strong><\/span><\/em><\/span><\/p>\n<\/blockquote>\n<p style=\"text-align: justify\"><span style=\"font-family: verdana, geneva, sans-serif\"><strong>ALTERNATIVA III<\/strong> &#8211; <span style=\"color: #0000ff\"><strong>Correta.<\/strong><\/span><\/span><\/p>\n<blockquote>\n<p style=\"text-align: justify\"><span style=\"font-size: 10pt;font-family: verdana, geneva, sans-serif\"><em>Art. 161. Ser\u00e1 a seguinte a ordem de prefer\u00eancia no julgamento:<\/em><\/span><\/p>\n<p style=\"text-align: justify\"><span style=\"font-size: 10pt;font-family: verdana, geneva, sans-serif\"><em>I &#8211; No \u00d3rg\u00e3o Especial:<\/em><\/span><\/p>\n<p style=\"text-align: justify\"><span style=\"font-size: 10pt;font-family: verdana, geneva, sans-serif\"><em>1\u00b0 &#8211; habeas-corpus;<\/em><\/span><\/p>\n<p style=\"text-align: justify\"><span style=\"font-family: verdana, geneva, sans-serif\"><em>[&#8230;]<\/em><\/span><\/p>\n<\/blockquote>\n<p style=\"text-align: justify\"><span style=\"font-family: verdana, geneva, sans-serif\"><span style=\"text-decoration: underline\"><strong>GABARITO<\/strong>:<\/span> Letra C<\/span><\/p>\n<p>&nbsp;<\/p>\n<p>&nbsp;<\/p>\n<p style=\"text-align: justify\"><span style=\"font-family: verdana, geneva, sans-serif\">Espero que tenham obtido \u00eaxito.<\/span><\/p>\n<p style=\"text-align: justify\"><span style=\"font-family: verdana, geneva, sans-serif\">Abs,<\/span><\/p>\n<p style=\"text-align: justify\"><span style=\"font-family: verdana, geneva, sans-serif\">Prof. Tiago Zanolla<\/span><\/p>\n","protected":false},"excerpt":{"rendered":"<p>Oi, pessoal! Foi realizada neste s\u00e1bado a prova \u00a0para ingresso no cargo de ANALISTA JUDICI\u00c1RIO &#8211; \u00c1REA ADMINISTRATIVA\u00a0do TJ-RS. Como de costume (rs), me alegra dizer que todas as quest\u00f5es da prova estavam em nossas aulas de Legisla\u00e7\u00e3o. Segue a resolu\u00e7\u00e3o comentada das quest\u00f5es relativa ao Regimento Interno e ao C\u00f3digo de Organiza\u00e7\u00e3o Judici\u00e1ria. Quest\u00e3o [&hellip;]<\/p>\n","protected":false},"author":388,"featured_media":0,"comment_status":"open","ping_status":"open","sticky":false,"template":"","format":"standard","meta":{"post_tipo":"article","footnotes":""},"categories":[1],"tags":[],"tax_estado":[],"class_list":["post-86829","post","type-post","status-publish","format-standard","hentry","category-cursos-e-concursos"],"acf":[],"yoast_head":"<!-- This site is optimized with the Yoast SEO Premium plugin v27.2 (Yoast SEO v27.2) - https:\/\/yoast.com\/product\/yoast-seo-premium-wordpress\/ -->\n<title>TJ-RS - Gabarito Preliminar Legisla\u00e7\u00e3o Espec\u00edfica<\/title>\n<meta name=\"robots\" content=\"index, follow, max-snippet:-1, max-image-preview:large, max-video-preview:-1\" \/>\n<link rel=\"canonical\" href=\"https:\/\/www.estrategiaconcursos.com.br\/blog\/tj-rs-gabarito-preliminar-legislacao-especifica\/\" \/>\n<meta property=\"og:locale\" content=\"pt_BR\" \/>\n<meta property=\"og:type\" content=\"article\" \/>\n<meta property=\"og:title\" content=\"TJ-RS - Gabarito Preliminar Legisla\u00e7\u00e3o Espec\u00edfica\" \/>\n<meta property=\"og:description\" content=\"Oi, pessoal! Foi realizada neste s\u00e1bado a prova \u00a0para ingresso no cargo de ANALISTA JUDICI\u00c1RIO &#8211; \u00c1REA ADMINISTRATIVA\u00a0do TJ-RS. Como de costume (rs), me alegra dizer que todas as quest\u00f5es da prova estavam em nossas aulas de Legisla\u00e7\u00e3o. Segue a resolu\u00e7\u00e3o comentada das quest\u00f5es relativa ao Regimento Interno e ao C\u00f3digo de Organiza\u00e7\u00e3o Judici\u00e1ria. Quest\u00e3o [&hellip;]\" \/>\n<meta property=\"og:url\" content=\"https:\/\/www.estrategiaconcursos.com.br\/blog\/tj-rs-gabarito-preliminar-legislacao-especifica\/\" \/>\n<meta property=\"og:site_name\" content=\"Estrat\u00e9gia Concursos\" \/>\n<meta property=\"article:published_time\" content=\"2017-08-27T14:37:46+00:00\" \/>\n<meta property=\"article:modified_time\" content=\"2017-08-27T14:38:13+00:00\" \/>\n<meta name=\"author\" content=\"Tiago Zanolla\" \/>\n<meta name=\"twitter:card\" content=\"summary_large_image\" \/>\n<meta name=\"twitter:creator\" content=\"@EstratConcursos\" \/>\n<meta name=\"twitter:site\" content=\"@EstratConcursos\" \/>\n<meta name=\"twitter:label1\" content=\"Escrito por\" \/>\n\t<meta name=\"twitter:data1\" content=\"Tiago Zanolla\" \/>\n\t<meta name=\"twitter:label2\" content=\"Est. tempo de leitura\" \/>\n\t<meta name=\"twitter:data2\" content=\"9 minutos\" \/>\n<script type=\"application\/ld+json\" class=\"yoast-schema-graph\">{\"@context\":\"https:\/\/schema.org\",\"@graph\":[{\"@type\":\"NewsArticle\",\"@id\":\"https:\/\/www.estrategiaconcursos.com.br\/blog\/tj-rs-gabarito-preliminar-legislacao-especifica\/#article\",\"isPartOf\":{\"@id\":\"https:\/\/www.estrategiaconcursos.com.br\/blog\/tj-rs-gabarito-preliminar-legislacao-especifica\/\"},\"author\":{\"name\":\"Tiago Zanolla\",\"@id\":\"https:\/\/www.estrategiaconcursos.com.br\/blog\/#\/schema\/person\/1509739fd92a40c9b52116de04a90310\"},\"headline\":\"TJ-RS &#8211; Gabarito Preliminar Legisla\u00e7\u00e3o Espec\u00edfica\",\"datePublished\":\"2017-08-27T14:37:46+00:00\",\"dateModified\":\"2017-08-27T14:38:13+00:00\",\"mainEntityOfPage\":{\"@id\":\"https:\/\/www.estrategiaconcursos.com.br\/blog\/tj-rs-gabarito-preliminar-legislacao-especifica\/\"},\"wordCount\":1885,\"commentCount\":5,\"publisher\":{\"@id\":\"https:\/\/www.estrategiaconcursos.com.br\/blog\/#organization\"},\"articleSection\":[\"Concursos P\u00fablicos\"],\"inLanguage\":\"pt-BR\",\"potentialAction\":[{\"@type\":\"CommentAction\",\"name\":\"Comment\",\"target\":[\"https:\/\/www.estrategiaconcursos.com.br\/blog\/tj-rs-gabarito-preliminar-legislacao-especifica\/#respond\"]}],\"copyrightYear\":\"2017\",\"copyrightHolder\":{\"@id\":\"https:\/\/www.estrategiaconcursos.com.br\/blog\/#organization\"}},{\"@type\":\"WebPage\",\"@id\":\"https:\/\/www.estrategiaconcursos.com.br\/blog\/tj-rs-gabarito-preliminar-legislacao-especifica\/\",\"url\":\"https:\/\/www.estrategiaconcursos.com.br\/blog\/tj-rs-gabarito-preliminar-legislacao-especifica\/\",\"name\":\"TJ-RS - Gabarito Preliminar Legisla\u00e7\u00e3o Espec\u00edfica\",\"isPartOf\":{\"@id\":\"https:\/\/www.estrategiaconcursos.com.br\/blog\/#website\"},\"datePublished\":\"2017-08-27T14:37:46+00:00\",\"dateModified\":\"2017-08-27T14:38:13+00:00\",\"breadcrumb\":{\"@id\":\"https:\/\/www.estrategiaconcursos.com.br\/blog\/tj-rs-gabarito-preliminar-legislacao-especifica\/#breadcrumb\"},\"inLanguage\":\"pt-BR\",\"potentialAction\":[{\"@type\":\"ReadAction\",\"target\":[\"https:\/\/www.estrategiaconcursos.com.br\/blog\/tj-rs-gabarito-preliminar-legislacao-especifica\/\"]}]},{\"@type\":\"BreadcrumbList\",\"@id\":\"https:\/\/www.estrategiaconcursos.com.br\/blog\/tj-rs-gabarito-preliminar-legislacao-especifica\/#breadcrumb\",\"itemListElement\":[{\"@type\":\"ListItem\",\"position\":1,\"name\":\"In\u00edcio\",\"item\":\"https:\/\/www.estrategiaconcursos.com.br\/blog\/\"},{\"@type\":\"ListItem\",\"position\":2,\"name\":\"TJ-RS &#8211; Gabarito Preliminar Legisla\u00e7\u00e3o Espec\u00edfica\"}]},{\"@type\":\"WebSite\",\"@id\":\"https:\/\/www.estrategiaconcursos.com.br\/blog\/#website\",\"url\":\"https:\/\/www.estrategiaconcursos.com.br\/blog\/\",\"name\":\"Estrat\u00e9gia Concursos\",\"description\":\"O blog da Estrat\u00e9gia Concursos traz not\u00edcias sobre concursos e artigos de professores oferecendo cursos para concursos (pdf + videaulas) no site.\",\"publisher\":{\"@id\":\"https:\/\/www.estrategiaconcursos.com.br\/blog\/#organization\"},\"potentialAction\":[{\"@type\":\"SearchAction\",\"target\":{\"@type\":\"EntryPoint\",\"urlTemplate\":\"https:\/\/www.estrategiaconcursos.com.br\/blog\/?s={search_term_string}\"},\"query-input\":{\"@type\":\"PropertyValueSpecification\",\"valueRequired\":true,\"valueName\":\"search_term_string\"}}],\"inLanguage\":\"pt-BR\"},{\"@type\":\"Organization\",\"@id\":\"https:\/\/www.estrategiaconcursos.com.br\/blog\/#organization\",\"name\":\"Estrat\u00e9gia Concursos\",\"url\":\"https:\/\/www.estrategiaconcursos.com.br\/blog\/\",\"logo\":{\"@type\":\"ImageObject\",\"inLanguage\":\"pt-BR\",\"@id\":\"https:\/\/www.estrategiaconcursos.com.br\/blog\/#\/schema\/logo\/image\/\",\"url\":\"https:\/\/dhg1h5j42swfq.cloudfront.net\/2025\/06\/03203428\/logo_concursos-1.jpg\",\"contentUrl\":\"https:\/\/dhg1h5j42swfq.cloudfront.net\/2025\/06\/03203428\/logo_concursos-1.jpg\",\"width\":230,\"height\":60,\"caption\":\"Estrat\u00e9gia Concursos\"},\"image\":{\"@id\":\"https:\/\/www.estrategiaconcursos.com.br\/blog\/#\/schema\/logo\/image\/\"},\"sameAs\":[\"https:\/\/x.com\/EstratConcursos\"]},{\"@type\":\"Person\",\"@id\":\"https:\/\/www.estrategiaconcursos.com.br\/blog\/#\/schema\/person\/1509739fd92a40c9b52116de04a90310\",\"name\":\"Tiago Zanolla\",\"image\":{\"@type\":\"ImageObject\",\"inLanguage\":\"pt-BR\",\"@id\":\"https:\/\/secure.gravatar.com\/avatar\/e647cb200c21008603a1760df42f3f713d32dd977761568b5689c47f0b1747ee?s=96&d=mm&r=g\",\"url\":\"https:\/\/secure.gravatar.com\/avatar\/e647cb200c21008603a1760df42f3f713d32dd977761568b5689c47f0b1747ee?s=96&d=mm&r=g\",\"contentUrl\":\"https:\/\/secure.gravatar.com\/avatar\/e647cb200c21008603a1760df42f3f713d32dd977761568b5689c47f0b1747ee?s=96&d=mm&r=g\",\"caption\":\"Tiago Zanolla\"},\"url\":\"https:\/\/www.estrategiaconcursos.com.br\/blog\/author\/zanolla-estrategiagmail-com\/\"}]}<\/script>\n<!-- \/ Yoast SEO Premium plugin. -->","yoast_head_json":{"title":"TJ-RS - Gabarito Preliminar Legisla\u00e7\u00e3o Espec\u00edfica","robots":{"index":"index","follow":"follow","max-snippet":"max-snippet:-1","max-image-preview":"max-image-preview:large","max-video-preview":"max-video-preview:-1"},"canonical":"https:\/\/www.estrategiaconcursos.com.br\/blog\/tj-rs-gabarito-preliminar-legislacao-especifica\/","og_locale":"pt_BR","og_type":"article","og_title":"TJ-RS - Gabarito Preliminar Legisla\u00e7\u00e3o Espec\u00edfica","og_description":"Oi, pessoal! Foi realizada neste s\u00e1bado a prova \u00a0para ingresso no cargo de ANALISTA JUDICI\u00c1RIO &#8211; \u00c1REA ADMINISTRATIVA\u00a0do TJ-RS. Como de costume (rs), me alegra dizer que todas as quest\u00f5es da prova estavam em nossas aulas de Legisla\u00e7\u00e3o. Segue a resolu\u00e7\u00e3o comentada das quest\u00f5es relativa ao Regimento Interno e ao C\u00f3digo de Organiza\u00e7\u00e3o Judici\u00e1ria. Quest\u00e3o [&hellip;]","og_url":"https:\/\/www.estrategiaconcursos.com.br\/blog\/tj-rs-gabarito-preliminar-legislacao-especifica\/","og_site_name":"Estrat\u00e9gia Concursos","article_published_time":"2017-08-27T14:37:46+00:00","article_modified_time":"2017-08-27T14:38:13+00:00","author":"Tiago Zanolla","twitter_card":"summary_large_image","twitter_creator":"@EstratConcursos","twitter_site":"@EstratConcursos","twitter_misc":{"Escrito por":"Tiago Zanolla","Est. tempo de leitura":"9 minutos"},"schema":{"@context":"https:\/\/schema.org","@graph":[{"@type":"NewsArticle","@id":"https:\/\/www.estrategiaconcursos.com.br\/blog\/tj-rs-gabarito-preliminar-legislacao-especifica\/#article","isPartOf":{"@id":"https:\/\/www.estrategiaconcursos.com.br\/blog\/tj-rs-gabarito-preliminar-legislacao-especifica\/"},"author":{"name":"Tiago Zanolla","@id":"https:\/\/www.estrategiaconcursos.com.br\/blog\/#\/schema\/person\/1509739fd92a40c9b52116de04a90310"},"headline":"TJ-RS &#8211; Gabarito Preliminar Legisla\u00e7\u00e3o Espec\u00edfica","datePublished":"2017-08-27T14:37:46+00:00","dateModified":"2017-08-27T14:38:13+00:00","mainEntityOfPage":{"@id":"https:\/\/www.estrategiaconcursos.com.br\/blog\/tj-rs-gabarito-preliminar-legislacao-especifica\/"},"wordCount":1885,"commentCount":5,"publisher":{"@id":"https:\/\/www.estrategiaconcursos.com.br\/blog\/#organization"},"articleSection":["Concursos P\u00fablicos"],"inLanguage":"pt-BR","potentialAction":[{"@type":"CommentAction","name":"Comment","target":["https:\/\/www.estrategiaconcursos.com.br\/blog\/tj-rs-gabarito-preliminar-legislacao-especifica\/#respond"]}],"copyrightYear":"2017","copyrightHolder":{"@id":"https:\/\/www.estrategiaconcursos.com.br\/blog\/#organization"}},{"@type":"WebPage","@id":"https:\/\/www.estrategiaconcursos.com.br\/blog\/tj-rs-gabarito-preliminar-legislacao-especifica\/","url":"https:\/\/www.estrategiaconcursos.com.br\/blog\/tj-rs-gabarito-preliminar-legislacao-especifica\/","name":"TJ-RS - Gabarito Preliminar Legisla\u00e7\u00e3o Espec\u00edfica","isPartOf":{"@id":"https:\/\/www.estrategiaconcursos.com.br\/blog\/#website"},"datePublished":"2017-08-27T14:37:46+00:00","dateModified":"2017-08-27T14:38:13+00:00","breadcrumb":{"@id":"https:\/\/www.estrategiaconcursos.com.br\/blog\/tj-rs-gabarito-preliminar-legislacao-especifica\/#breadcrumb"},"inLanguage":"pt-BR","potentialAction":[{"@type":"ReadAction","target":["https:\/\/www.estrategiaconcursos.com.br\/blog\/tj-rs-gabarito-preliminar-legislacao-especifica\/"]}]},{"@type":"BreadcrumbList","@id":"https:\/\/www.estrategiaconcursos.com.br\/blog\/tj-rs-gabarito-preliminar-legislacao-especifica\/#breadcrumb","itemListElement":[{"@type":"ListItem","position":1,"name":"In\u00edcio","item":"https:\/\/www.estrategiaconcursos.com.br\/blog\/"},{"@type":"ListItem","position":2,"name":"TJ-RS &#8211; Gabarito Preliminar Legisla\u00e7\u00e3o Espec\u00edfica"}]},{"@type":"WebSite","@id":"https:\/\/www.estrategiaconcursos.com.br\/blog\/#website","url":"https:\/\/www.estrategiaconcursos.com.br\/blog\/","name":"Estrat\u00e9gia Concursos","description":"O blog da Estrat\u00e9gia Concursos traz not\u00edcias sobre concursos e artigos de professores oferecendo cursos para concursos (pdf + videaulas) no site.","publisher":{"@id":"https:\/\/www.estrategiaconcursos.com.br\/blog\/#organization"},"potentialAction":[{"@type":"SearchAction","target":{"@type":"EntryPoint","urlTemplate":"https:\/\/www.estrategiaconcursos.com.br\/blog\/?s={search_term_string}"},"query-input":{"@type":"PropertyValueSpecification","valueRequired":true,"valueName":"search_term_string"}}],"inLanguage":"pt-BR"},{"@type":"Organization","@id":"https:\/\/www.estrategiaconcursos.com.br\/blog\/#organization","name":"Estrat\u00e9gia Concursos","url":"https:\/\/www.estrategiaconcursos.com.br\/blog\/","logo":{"@type":"ImageObject","inLanguage":"pt-BR","@id":"https:\/\/www.estrategiaconcursos.com.br\/blog\/#\/schema\/logo\/image\/","url":"https:\/\/dhg1h5j42swfq.cloudfront.net\/2025\/06\/03203428\/logo_concursos-1.jpg","contentUrl":"https:\/\/dhg1h5j42swfq.cloudfront.net\/2025\/06\/03203428\/logo_concursos-1.jpg","width":230,"height":60,"caption":"Estrat\u00e9gia Concursos"},"image":{"@id":"https:\/\/www.estrategiaconcursos.com.br\/blog\/#\/schema\/logo\/image\/"},"sameAs":["https:\/\/x.com\/EstratConcursos"]},{"@type":"Person","@id":"https:\/\/www.estrategiaconcursos.com.br\/blog\/#\/schema\/person\/1509739fd92a40c9b52116de04a90310","name":"Tiago Zanolla","image":{"@type":"ImageObject","inLanguage":"pt-BR","@id":"https:\/\/secure.gravatar.com\/avatar\/e647cb200c21008603a1760df42f3f713d32dd977761568b5689c47f0b1747ee?s=96&d=mm&r=g","url":"https:\/\/secure.gravatar.com\/avatar\/e647cb200c21008603a1760df42f3f713d32dd977761568b5689c47f0b1747ee?s=96&d=mm&r=g","contentUrl":"https:\/\/secure.gravatar.com\/avatar\/e647cb200c21008603a1760df42f3f713d32dd977761568b5689c47f0b1747ee?s=96&d=mm&r=g","caption":"Tiago Zanolla"},"url":"https:\/\/www.estrategiaconcursos.com.br\/blog\/author\/zanolla-estrategiagmail-com\/"}]}},"_links":{"self":[{"href":"https:\/\/www.estrategiaconcursos.com.br\/blog\/wp-json\/wp\/v2\/posts\/86829","targetHints":{"allow":["GET"]}}],"collection":[{"href":"https:\/\/www.estrategiaconcursos.com.br\/blog\/wp-json\/wp\/v2\/posts"}],"about":[{"href":"https:\/\/www.estrategiaconcursos.com.br\/blog\/wp-json\/wp\/v2\/types\/post"}],"author":[{"embeddable":true,"href":"https:\/\/www.estrategiaconcursos.com.br\/blog\/wp-json\/wp\/v2\/users\/388"}],"replies":[{"embeddable":true,"href":"https:\/\/www.estrategiaconcursos.com.br\/blog\/wp-json\/wp\/v2\/comments?post=86829"}],"version-history":[{"count":8,"href":"https:\/\/www.estrategiaconcursos.com.br\/blog\/wp-json\/wp\/v2\/posts\/86829\/revisions"}],"predecessor-version":[{"id":86837,"href":"https:\/\/www.estrategiaconcursos.com.br\/blog\/wp-json\/wp\/v2\/posts\/86829\/revisions\/86837"}],"wp:attachment":[{"href":"https:\/\/www.estrategiaconcursos.com.br\/blog\/wp-json\/wp\/v2\/media?parent=86829"}],"wp:term":[{"taxonomy":"category","embeddable":true,"href":"https:\/\/www.estrategiaconcursos.com.br\/blog\/wp-json\/wp\/v2\/categories?post=86829"},{"taxonomy":"post_tag","embeddable":true,"href":"https:\/\/www.estrategiaconcursos.com.br\/blog\/wp-json\/wp\/v2\/tags?post=86829"},{"taxonomy":"tax_estado","embeddable":true,"href":"https:\/\/www.estrategiaconcursos.com.br\/blog\/wp-json\/wp\/v2\/tax_estado?post=86829"}],"curies":[{"name":"wp","href":"https:\/\/api.w.org\/{rel}","templated":true}]}}