{"id":867742,"date":"2026-08-31T15:49:00","date_gmt":"2026-08-31T18:49:00","guid":{"rendered":"https:\/\/blog-estrategia.mystagingwebsite.com\/blog\/?p=867742"},"modified":"2026-08-31T15:50:47","modified_gmt":"2026-08-31T18:50:47","slug":"concurso-prefeitura-bauru","status":"publish","type":"post","link":"https:\/\/www.estrategiaconcursos.com.br\/blog\/concurso-prefeitura-bauru\/","title":{"rendered":"Concurso Bauru SP: confira todos os detalhes!"},"content":{"rendered":"\n<p class=\"wp-block-paragraph\" style=\"font-size:clamp(15.747px, 0.984rem + ((1vw - 3.2px) * 0.809), 24px);\"><em><strong>Prefeitura de Bauru tem v\u00e1rios editais de concurso publicados em 2026<\/strong><\/em><\/p>\n\n\n\n<p class=\"wp-block-paragraph\">A <strong><a href=\"https:\/\/www.estrategiaconcursos.com.br\/cursosPorConcurso\/prefeitura-muncipal-de-bauru-sp\/\" target=\"_blank\" rel=\"noreferrer noopener\">Prefeitura Municipal de Bauru<\/a><\/strong>, localizada no interior do estado de S\u00e3o Paulo, est\u00e3o com diversos editais na pra\u00e7a.  Logo abaixo voc\u00ea confere a lista com os cargos do concurso mais recente:<\/p>\n\n\n\n<ul class=\"wp-block-list\">\n<li>Instalador\/Reparador de Redes Telef\u00f4nicas e de Comunica\u00e7\u00e3o de Dados;<\/li>\n\n\n\n<li>Lactarista;<\/li>\n\n\n\n<li>Pedreiro;<\/li>\n\n\n\n<li>Agente Cultural;<\/li>\n\n\n\n<li>Encanador; e<\/li>\n\n\n\n<li>T\u00e9cnico de Imobiliza\u00e7\u00e3o Ortop\u00e9dica.<\/li>\n<\/ul>\n\n\n\n<p class=\"wp-block-paragraph\">Lembrando que as provas foram aplicadas todas no m\u00eas de agosto. Deste modo, os candidatos j\u00e1 podem conferir os gabaritos e os cadernos de avalia\u00e7\u00e3o. Para isso , <a href=\"https:\/\/www2.bauru.sp.gov.br\/administracao\/concursos\/default.aspx?m=3&amp;i=530\" target=\"_blank\" rel=\"noreferrer noopener\">acesse o link dispon\u00edvel!<\/a><\/p>\n\n\n\n<p class=\"wp-block-paragraph\">Os respectivos cargos oferecem, ao todo, seis vagas, com sal\u00e1rios iniciais que podem variar entre R$ 1.452,30 a R$ 3.826,58.<\/p>\n\n\n\n<ul class=\"wp-block-list has-very-light-gray-to-cyan-bluish-gray-gradient-background has-background\">\n<li><strong>Prefeitura Municipal de Bauru &#8211; SP<\/strong><em> <\/em><\/li>\n\n\n\n<li><strong style=\"color: initial;\">Situa\u00e7\u00e3o:<\/strong> gabaritos publicados<\/li>\n\n\n\n<li><strong>Banca:<\/strong>\u00a0organiza\u00e7\u00e3o pr\u00f3pria<\/li>\n\n\n\n<li><strong>Vagas:<\/strong>&nbsp;06<\/li>\n\n\n\n<li><strong>Sal\u00e1rio inicial:<\/strong>&nbsp;R$ 1.452,30 a R$ 3.826,58<\/li>\n\n\n\n<li><strong>Editais (2026):<\/strong>\n<ul class=\"wp-block-list\">\n<li><a href=\"https:\/\/dhg1h5j42swfq.cloudfront.net\/2026\/06\/09143555\/instalador-concuros-bauru.pdf\" target=\"_blank\" rel=\"noreferrer noopener\">Edital N\u00ba 6\/2026: Instalador<\/a><\/li>\n\n\n\n<li><a href=\"https:\/\/dhg1h5j42swfq.cloudfront.net\/2026\/06\/09143551\/lactador-concurso-bauru.pdf\" target=\"_blank\" rel=\"noreferrer noopener\">Edital N\u00ba 7\/2026: Lactarista<\/a> <\/li>\n\n\n\n<li><a href=\"https:\/\/dhg1h5j42swfq.cloudfront.net\/2026\/06\/09143549\/pedreiro-concuros-bauru.pdf\" target=\"_blank\" rel=\"noreferrer noopener\">Edital N\u00ba 8\/2026: Pedreiro<\/a><\/li>\n\n\n\n<li><a href=\"https:\/\/dhg1h5j42swfq.cloudfront.net\/2026\/06\/09143600\/agente-concurso-bauru.pdf\" target=\"_blank\" rel=\"noreferrer noopener\">Edital N\u00ba 9\/2026: Agente<\/a><\/li>\n\n\n\n<li><a href=\"https:\/\/dhg1h5j42swfq.cloudfront.net\/2026\/06\/09143558\/encanador-concurso-bauru.pdf\" target=\"_blank\" rel=\"noreferrer noopener\">Edital N\u00ba 10\/2026: Encanador<\/a><\/li>\n\n\n\n<li><a href=\"https:\/\/dhg1h5j42swfq.cloudfront.net\/2026\/06\/09143547\/tecnico-concuros-bauru.pdf\" target=\"_blank\" rel=\"noreferrer noopener\">Edital N\u00ba 11\/2026: T\u00e9cnico<\/a><\/li>\n<\/ul>\n<\/li>\n<\/ul>\n\n\n\n<p class=\"wp-block-paragraph\">Anteriormente, o munic\u00edpio j\u00e1 havia divulgado outras sele\u00e7\u00f5es para os cargos de <strong>Ajudante Geral<\/strong>, <strong>Motorista <\/strong>e <strong>Administrador<\/strong>. Para esses, as provas aconteceram nos dias <strong>21 e 28<\/strong> <strong>de junho<\/strong> e o gabaritos tamb\u00e9m foram disponibilizados, assim como os resultados. <\/p>\n\n\n\n<ul class=\"wp-block-list has-very-light-gray-to-cyan-bluish-gray-gradient-background has-background\">\n<li><strong>Prefeitura Municipal de Bauru &#8211; SP<\/strong><em> <\/em><\/li>\n\n\n\n<li><strong style=\"color: initial;\">Situa\u00e7\u00e3o:<\/strong> em andamento<\/li>\n\n\n\n<li><strong>Banca:<\/strong>&nbsp;organiza\u00e7\u00e3o pr\u00f3pria<\/li>\n\n\n\n<li><strong>Vagas:<\/strong>&nbsp;03 <\/li>\n\n\n\n<li><strong>Sal\u00e1rio inicial:<\/strong>&nbsp;R$ 1.319,41 a R$ 3.826,58<\/li>\n\n\n\n<li><strong>Editais (2026):<\/strong>\n<ul class=\"wp-block-list\">\n<li><a href=\"https:\/\/dhg1h5j42swfq.cloudfront.net\/2026\/04\/23093923\/edital-bauru-motorista-1.pdf\" target=\"_blank\" rel=\"noreferrer noopener\">Edital N\u00ba 1\/2026: Motorista<\/a><\/li>\n\n\n\n<li><a href=\"https:\/\/dhg1h5j42swfq.cloudfront.net\/2026\/04\/23093115\/edital-bauru-ajudante-geral.pdf\" target=\"_blank\" rel=\"noreferrer noopener\">Edital N\u00ba 4\/2026: Ajudante Geral<\/a><\/li>\n\n\n\n<li><a href=\"https:\/\/dhg1h5j42swfq.cloudfront.net\/2026\/04\/23093110\/edital-bauru-adm.pdf\" target=\"_blank\" rel=\"noreferrer noopener\">Edital N\u00ba 5\/2026: Administrador<\/a><\/li>\n<\/ul>\n<\/li>\n<\/ul>\n\n\n\n<p class=\"wp-block-paragraph\">Se ficou interessado nos novos editais, veja neste artigo mais informa\u00e7\u00f5es sobre o Concurso Bauru e os detalhes de cada edital. Acompanhe pelos t\u00f3picos abaixo:<\/p>\n\n\n\n<ul id=\"indice\" class=\"wp-block-list\">\n<li><strong><a href=\"#2026\">Editais 2026<\/a><\/strong>\n<ul class=\"wp-block-list\">\n<li><a href=\"#datas-2026\">Principais datas<\/a><\/li>\n\n\n\n<li><a href=\"#vagas-2026\">Distribui\u00e7\u00e3o das vagas<\/a><\/li>\n\n\n\n<li><a href=\"#etapas-2026\">Etapas de prova<\/a><\/li>\n<\/ul>\n<\/li>\n\n\n\n<li><a href=\"#cursos-assinatura\"><strong>Assinatura e cursos<\/strong><\/a><\/li>\n\n\n\n<li><a href=\"#ficha-tecnica\"><strong>Ficha t\u00e9cnica<\/strong><\/a><\/li>\n<\/ul>\n\n\n\n<div class=\"container\" id=\"boxes\">\n  <div class=\"row\">\n\n    <div class=\"col-sm\">\n      <div class=\"banner-prefeituras-ec\" id=\"box-assinatura\">\n        <h2 class=\"titulo-assinatura\" style=\"text-align: left;\">Cursos para Pref. Bauru<\/h2>\n        <p class=\"subtitulo-assinatura\" style=\"text-align: left;\">Prepara\u00e7\u00e3o completa para a carreira!<\/p>\n        <div class=\"box-botao\" style=\"text-align: left;\">\n          <a class=\"btn-assinatura\" target=\"_blank\" href=\"https:\/\/www.estrategiaconcursos.com.br\/cursosPorConcurso\/prefeitura-muncipal-de-bauru-sp\/\" role=\"button\" rel=\"noopener noreferrer\">EXPLORAR CURSOS<\/a>\n        <\/div>\n      <\/div><\/div><\/div><\/div>\n\n\n\n<h2 id=\"2026\" class=\"wp-block-heading\">Concursos Prefeitura de Bauru 2026<\/h2>\n\n\n\n<h3 id=\"datas-2026\" class=\"wp-block-heading\">Datas do concurso <\/h3>\n\n\n\n<p class=\"wp-block-paragraph\"><strong>Editais n\u00ba 1, 4 e 5<\/strong>:<\/p>\n\n\n\n<ul class=\"wp-block-list\">\n<li><strong>Inscri\u00e7\u00f5es<\/strong>: <s>14 de maio a 25 de maio<\/s><\/li>\n\n\n\n<li><strong>Data da prova objetiva: <\/strong>\n<ul class=\"wp-block-list\">\n<li><s>21 de junho: Motorista<\/s><\/li>\n\n\n\n<li><s>28 de junho: Administrador e Ajudante<\/s><\/li>\n<\/ul>\n<\/li>\n<\/ul>\n\n\n\n<p class=\"wp-block-paragraph\"><strong>Editais n\u00ba 6 a 11<\/strong>:<\/p>\n\n\n\n<ul class=\"wp-block-list\">\n<li><strong>Inscri\u00e7\u00f5es<\/strong>: <s>08 a 18 de junho<\/s><\/li>\n\n\n\n<li><strong>Data da prova objetiva: <\/strong>\n<ul class=\"wp-block-list\">\n<li><s>02 de agosto: Instalador, Lactarista e Pedreiro<\/s><\/li>\n\n\n\n<li><s>23 de agosto: Agente Cultural, Encanador e T\u00e9cnico<\/s><\/li>\n<\/ul>\n<\/li>\n<\/ul>\n\n\n\n<p class=\"wp-block-paragraph\" id=\"vagas-novo\">Distribui\u00e7\u00e3o das vagas do novo Concurso Bauru<\/p>\n\n\n\n<figure class=\"wp-block-table is-style-stripes\"><table class=\"has-fixed-layout\"><thead><tr><th class=\"has-text-align-center\" data-align=\"center\">Cargos<\/th><th class=\"has-text-align-center\" data-align=\"center\">Edital<\/th><th class=\"has-text-align-center\" data-align=\"center\">Vagas<\/th><th class=\"has-text-align-center\" data-align=\"center\">Vencimento <\/th><th class=\"has-text-align-center\" data-align=\"center\">Requisitos<\/th><\/tr><\/thead><tbody><tr><td class=\"has-text-align-center\" data-align=\"center\">Ajudante Geral<\/td><td class=\"has-text-align-center\" data-align=\"center\">N\u00ba 04<\/td><td class=\"has-text-align-center\" data-align=\"center\">01<\/td><td class=\"has-text-align-center\" data-align=\"center\">R$ 1.319,41<\/td><td class=\"has-text-align-center\" data-align=\"center\">Fundamental <\/td><\/tr><tr><td class=\"has-text-align-center\" data-align=\"center\">Lacatarista<\/td><td class=\"has-text-align-center\" data-align=\"center\">N\u00ba 07<\/td><td class=\"has-text-align-center\" data-align=\"center\">01<\/td><td class=\"has-text-align-center\" data-align=\"center\">R$ 1.632,79<\/td><td class=\"has-text-align-center\" data-align=\"center\">Fundamental<\/td><\/tr><tr><td class=\"has-text-align-center\" data-align=\"center\">Pedreiro<\/td><td class=\"has-text-align-center\" data-align=\"center\">N\u00ba 08<\/td><td class=\"has-text-align-center\" data-align=\"center\">01<\/td><td class=\"has-text-align-center\" data-align=\"center\">R$ 1.452,30<\/td><td class=\"has-text-align-center\" data-align=\"center\">Fundamental <\/td><\/tr><tr><td class=\"has-text-align-center\" data-align=\"center\">Encanador<\/td><td class=\"has-text-align-center\" data-align=\"center\">N\u00ba 09<\/td><td class=\"has-text-align-center\" data-align=\"center\">01<\/td><td class=\"has-text-align-center\" data-align=\"center\">R$ 1.452,30<\/td><td class=\"has-text-align-center\" data-align=\"center\">Fundamental <\/td><\/tr><tr><td class=\"has-text-align-center\" data-align=\"center\">Motorista<\/td><td class=\"has-text-align-center\" data-align=\"center\">N\u00ba 01<\/td><td class=\"has-text-align-center\" data-align=\"center\">01<\/td><td class=\"has-text-align-center\" data-align=\"center\">R$ 1.877,72<\/td><td class=\"has-text-align-center\" data-align=\"center\">M\u00e9dio<\/td><\/tr><tr><td class=\"has-text-align-center\" data-align=\"center\">Instalador\/Reparador de Redes Telef\u00f4nicas e de Comunica\u00e7\u00e3o de Dados<\/td><td class=\"has-text-align-center\" data-align=\"center\">N\u00ba 06<\/td><td class=\"has-text-align-center\" data-align=\"center\">01<\/td><td class=\"has-text-align-center\" data-align=\"center\">R$ 1.632,79<\/td><td class=\"has-text-align-center\" data-align=\"center\">M\u00e9dio<\/td><\/tr><tr><td class=\"has-text-align-center\" data-align=\"center\">T\u00e9cnico de Imobiliza\u00e7\u00e3o Ortop\u00e9dica<\/td><td class=\"has-text-align-center\" data-align=\"center\">N\u00ba 11<\/td><td class=\"has-text-align-center\" data-align=\"center\">01<\/td><td class=\"has-text-align-center\" data-align=\"center\">R$ 2.307,11<\/td><td class=\"has-text-align-center\" data-align=\"center\">M\u00e9dio\/t\u00e9cnico<\/td><\/tr><tr><td class=\"has-text-align-center\" data-align=\"center\">Administrador<\/td><td class=\"has-text-align-center\" data-align=\"center\">N\u00ba 05<\/td><td class=\"has-text-align-center\" data-align=\"center\">01<\/td><td class=\"has-text-align-center\" data-align=\"center\">R$ 3.826,58<\/td><td class=\"has-text-align-center\" data-align=\"center\">Superior<\/td><\/tr><tr><td class=\"has-text-align-center\" data-align=\"center\">Agente Cultural<\/td><td class=\"has-text-align-center\" data-align=\"center\">N\u00ba 09<\/td><td class=\"has-text-align-center\" data-align=\"center\">01<\/td><td class=\"has-text-align-center\" data-align=\"center\">R$ 3.826,58<\/td><td class=\"has-text-align-center\" data-align=\"center\">Superior<\/td><\/tr><\/tbody><\/table><\/figure>\n\n\n\n<h3 id=\"etapas-2026\" class=\"wp-block-heading\">Etapas de prova<\/h3>\n\n\n\n<p class=\"wp-block-paragraph\">O processo seletivo conta com <strong>provas objetivas <\/strong>para todos os candidatos, por\u00e9m as datas de aplica\u00e7\u00e3o variavam conforme o cargo.<\/p>\n\n\n\n<p class=\"wp-block-paragraph\">Al\u00e9m da fase te\u00f3rica, algumas fun\u00e7\u00f5es exigiram etapas complementares. Os candidatos aos cargos de Administrador e Agente Cultural aprovados na objetiva passaram por uma <strong>an\u00e1lise de t\u00edtulos<\/strong>.<\/p>\n\n\n\n<p class=\"wp-block-paragraph\">Para os cargos de Motorista, Ajudante Geral, Pedreiro, Instalador\/Reparador de Redes Telef\u00f4nicas e Encanador, houve uma <strong>prova pr\u00e1tica <\/strong>de car\u00e1ter eliminat\u00f3rio e classificat\u00f3rio.<\/p>\n\n\n\n<hr class=\"wp-block-separator has-alpha-channel-opacity\"\/>\n\n\n\n<p class=\"has-text-align-center has-x-large-font-size wp-block-paragraph\" id=\"cursos-assinatura\"><strong><em>Quer estudar para o Concurso Bauru?<\/em><\/strong><\/p>\n\n\n\n<div class=\"container\" id=\"boxes\">\n  <div class=\"row\">\n\n    <div class=\"col-sm\">\n      <div class=\"banner-prefeituras-ec\" id=\"box-assinatura\">\n        <h2 class=\"titulo-assinatura\" style=\"text-align: left;\">Cursos para Pref. Bauru<\/h2>\n        <p class=\"subtitulo-assinatura\" style=\"text-align: left;\">Prepara\u00e7\u00e3o completa para a carreira!<\/p>\n        <div class=\"box-botao\" style=\"text-align: left;\">\n          <a class=\"btn-assinatura\" target=\"_blank\" href=\"https:\/\/www.estrategiaconcursos.com.br\/cursosPorConcurso\/prefeitura-muncipal-de-bauru-sp\/\" role=\"button\" rel=\"noopener noreferrer\">EXPLORAR CURSOS<\/a>\n        <\/div>\n      <\/div><\/div><\/div><\/div>\n\n\n\n<div class=\"container\" id=\"boxes\">\n  <div class=\"row\">\n\n    <div class=\"col-sm\">\n      <div class=\"estrategia\" id=\"box-assinatura\">\n        <h3 class=\"titulo-assinatura\">Assinatura Concursos<\/h3>\n        <p class=\"subtitulo-assinatura\">Assinatura de 1 ano ou 2 anos<\/p>\n        <div class=\"box-botao\">\n          <a class=\"btn-assinatura\" target=\"_blank\" href=\"https:\/\/www.estrategiaconcursos.com.br\/blog\/assinaturas\/\" role=\"button\" rel=\"noopener noreferrer\">ASSINE AGORA<\/a>\n        <\/div>\n      <\/div><\/div><\/div><\/div>\n\n\n\n<p class=\"has-text-align-center has-x-large-font-size wp-block-paragraph\" id=\"h-quer-saber-tudo-sobre-concursos-previstos-confira-os-nossos-artigos\"><strong>Quer saber tudo sobre concursos previstos? Confira os nossos artigos!<\/strong><\/p>\n\n\n\n<ul class=\"wp-block-list\">\n<li><a href=\"https:\/\/www.estrategiaconcursos.com.br\/blog\/concursos-abertos\/\" target=\"_blank\" rel=\"noreferrer noopener\">Concursos Abertos<\/a><\/li>\n\n\n\n<li><a href=\"https:\/\/www.estrategiaconcursos.com.br\/blog\/concursos-prefeituras\/\" target=\"_blank\" rel=\"noreferrer noopener\">Concursos Prefeituras<\/a><\/li>\n\n\n\n<li><a href=\"https:\/\/www.estrategiaconcursos.com.br\/blog\/concursos-abertos-prefeituras\/\" target=\"_blank\" rel=\"noreferrer noopener\">Concursos Abertos Prefeituras<\/a><\/li>\n\n\n\n<li><a href=\"https:\/\/www.estrategiaconcursos.com.br\/blog\/concursos-2025\/\">Concursos 2026<\/a><\/li>\n\n\n\n<li><a href=\"https:\/\/www.estrategiaconcursos.com.br\/blog\/concursos-2027\/\" target=\"_blank\" rel=\"noreferrer noopener\">Concursos 2027<\/a><\/li>\n<\/ul>\n\n\n\n<figure class=\"wp-block-image is-resized\"><img loading=\"lazy\" decoding=\"async\" width=\"1024\" height=\"632\" src=\"https:\/\/dhg1h5j42swfq.cloudfront.net\/2021\/04\/01161145\/ficha-tecnica-5-1024x632.png\" alt=\"Informa\u00e7\u00f5es do concurso Prefeitura Bauru - SP\" class=\"wp-image-706736\" style=\"width:236px;height:145px\" srcset=\"https:\/\/dhg1h5j42swfq.cloudfront.net\/2021\/04\/01161145\/ficha-tecnica-5-1024x632.png 1024w, https:\/\/dhg1h5j42swfq.cloudfront.net\/2021\/04\/01161145\/ficha-tecnica-5-300x185.png 300w, https:\/\/dhg1h5j42swfq.cloudfront.net\/2021\/04\/01161145\/ficha-tecnica-5-768x474.png 768w, https:\/\/dhg1h5j42swfq.cloudfront.net\/2021\/04\/01161145\/ficha-tecnica-5-1536x948.png 1536w, https:\/\/dhg1h5j42swfq.cloudfront.net\/2021\/04\/01161145\/ficha-tecnica-5-610x377.png 610w, https:\/\/dhg1h5j42swfq.cloudfront.net\/2021\/04\/01161145\/ficha-tecnica-5.png 1571w\" sizes=\"auto, (max-width: 1024px) 100vw, 1024px\" \/><\/figure>\n\n\n\n<p class=\"wp-block-paragraph\" id=\"ficha-tecnica\"><strong>Informa\u00e7\u00f5es dos Concurso Prefeitura Bauru &#8211; 2026<\/strong><\/p>\n\n\n\n<ul class=\"wp-block-list\">\n<li><strong>Data da prova<\/strong>:<s> 21 e 28\/06\/2026 | 02 e 23\/08\/2026<\/s><\/li>\n\n\n\n<li><strong>Banca<\/strong>: organiza\u00e7\u00e3o pr\u00f3pria<\/li>\n\n\n\n<li><strong>Escolaridade<\/strong>: n\u00edveis fundamental, m\u00e9dio, t\u00e9cnico e superior<\/li>\n\n\n\n<li><strong>Vagas:<\/strong> 09<\/li>\n\n\n\n<li><strong>Editais:<\/strong>\n<ul class=\"wp-block-list\">\n<li><a href=\"https:\/\/dhg1h5j42swfq.cloudfront.net\/2026\/04\/23093923\/edital-bauru-motorista-1.pdf\" target=\"_blank\" rel=\"noreferrer noopener\">Edital N\u00ba 1\/2026: Motorista<\/a><\/li>\n\n\n\n<li><a href=\"https:\/\/dhg1h5j42swfq.cloudfront.net\/2026\/04\/23093115\/edital-bauru-ajudante-geral.pdf\" target=\"_blank\" rel=\"noreferrer noopener\">Edital N\u00ba 4\/2026: Ajudante Geral<\/a><\/li>\n\n\n\n<li><a href=\"https:\/\/dhg1h5j42swfq.cloudfront.net\/2026\/04\/23093110\/edital-bauru-adm.pdf\" target=\"_blank\" rel=\"noreferrer noopener\">Edital N\u00ba 5\/2026: Administrador<\/a><\/li>\n\n\n\n<li><a href=\"https:\/\/dhg1h5j42swfq.cloudfront.net\/2026\/06\/09143555\/instalador-concuros-bauru.pdf\" target=\"_blank\" rel=\"noreferrer noopener\">Edital N\u00ba 6\/2026: Instalador<\/a><\/li>\n\n\n\n<li><a href=\"https:\/\/dhg1h5j42swfq.cloudfront.net\/2026\/06\/09143551\/lactador-concurso-bauru.pdf\" target=\"_blank\" rel=\"noreferrer noopener\">Edital N\u00ba 7\/2026: Lactarista<\/a> <\/li>\n\n\n\n<li><a href=\"https:\/\/dhg1h5j42swfq.cloudfront.net\/2026\/06\/09143549\/pedreiro-concuros-bauru.pdf\" target=\"_blank\" rel=\"noreferrer noopener\">Edital N\u00ba 8\/2026: Pedreiro<\/a><\/li>\n\n\n\n<li><a href=\"https:\/\/dhg1h5j42swfq.cloudfront.net\/2026\/06\/09143600\/agente-concurso-bauru.pdf\" target=\"_blank\" rel=\"noreferrer noopener\">Edital N\u00ba 9\/2026: Agente<\/a><\/li>\n\n\n\n<li><a href=\"https:\/\/dhg1h5j42swfq.cloudfront.net\/2026\/06\/09143558\/encanador-concurso-bauru.pdf\" target=\"_blank\" rel=\"noreferrer noopener\">Edital N\u00ba 10\/2026: Encanador<\/a><\/li>\n\n\n\n<li><a href=\"https:\/\/dhg1h5j42swfq.cloudfront.net\/2026\/06\/09143547\/tecnico-concuros-bauru.pdf\" target=\"_blank\" rel=\"noreferrer noopener\">Edital N\u00ba 11\/2026: T\u00e9cnico<\/a><\/li>\n<\/ul>\n<\/li>\n<\/ul>\n","protected":false},"excerpt":{"rendered":"<p>Prefeitura de Bauru tem v\u00e1rios editais de concurso publicados em 2026 A Prefeitura Municipal de Bauru, localizada no interior do estado de S\u00e3o Paulo, est\u00e3o com diversos editais na pra\u00e7a. Logo abaixo voc\u00ea confere a lista com os cargos do concurso mais recente: Lembrando que as provas foram aplicadas todas no m\u00eas de agosto. Deste [&hellip;]<\/p>\n","protected":false},"author":643,"featured_media":873374,"comment_status":"open","ping_status":"closed","sticky":false,"template":"","format":"standard","meta":{"_acf_changed":false,"post_tipo":"news_page","footnotes":""},"categories":[222278],"tags":[],"tax_estado":[219989],"class_list":["post-867742","post","type-post","status-publish","format-standard","has-post-thumbnail","hentry","category-prefeituras","tax_estado-sp"],"acf":[],"yoast_head":"<!-- This site is optimized with the Yoast SEO Premium plugin v28.1 (Yoast SEO v28.1) - https:\/\/yoast.com\/product\/yoast-seo-premium-wordpress\/ -->\n<title>Concurso Bauru SP: confira todos os detalhes!<\/title>\n<meta name=\"description\" content=\"Concurso Prefeitura de Bauru: confira todas as atualiza\u00e7\u00f5es do certame. Provas aplicadas e gabaritos\/resultados dispon\u00edveis!\" \/>\n<meta name=\"robots\" content=\"index, follow, max-snippet:-1, max-image-preview:large, max-video-preview:-1\" \/>\n<link rel=\"canonical\" href=\"https:\/\/www.estrategiaconcursos.com.br\/blog\/concurso-prefeitura-bauru\/\" \/>\n<meta property=\"og:locale\" content=\"pt_BR\" \/>\n<meta property=\"og:type\" content=\"article\" \/>\n<meta property=\"og:title\" content=\"Concurso Bauru SP: confira todos os detalhes!\" \/>\n<meta property=\"og:description\" content=\"Concurso Prefeitura de Bauru: confira todas as atualiza\u00e7\u00f5es do certame. Provas aplicadas e gabaritos\/resultados dispon\u00edveis!\" \/>\n<meta property=\"og:url\" content=\"https:\/\/www.estrategiaconcursos.com.br\/blog\/concurso-prefeitura-bauru\/\" \/>\n<meta property=\"og:site_name\" content=\"Estrat\u00e9gia Concursos\" \/>\n<meta property=\"article:published_time\" content=\"2026-08-31T18:49:00+00:00\" \/>\n<meta property=\"article:modified_time\" content=\"2026-08-31T18:50:47+00:00\" \/>\n<meta property=\"og:image\" content=\"https:\/\/dhg1h5j42swfq.cloudfront.net\/2021\/09\/29120243\/prefeitura_de_bauru.jpg\" \/>\n\t<meta property=\"og:image:width\" content=\"768\" \/>\n\t<meta property=\"og:image:height\" content=\"432\" \/>\n\t<meta property=\"og:image:type\" content=\"image\/jpeg\" \/>\n<meta name=\"author\" content=\"F\u00e1bio Scaldelai\" \/>\n<meta name=\"twitter:card\" content=\"summary_large_image\" \/>\n<meta name=\"twitter:creator\" content=\"@EstratConcursos\" \/>\n<meta name=\"twitter:site\" content=\"@EstratConcursos\" \/>\n<meta name=\"twitter:label1\" content=\"Escrito por\" \/>\n\t<meta name=\"twitter:data1\" content=\"F\u00e1bio Scaldelai\" \/>\n\t<meta name=\"twitter:label2\" content=\"Est. tempo de leitura\" \/>\n\t<meta name=\"twitter:data2\" content=\"6 minutos\" \/>\n<script type=\"application\/ld+json\" class=\"yoast-schema-graph\">{\"@context\":\"https:\\\/\\\/schema.org\",\"@graph\":[{\"@type\":\"NewsArticle\",\"@id\":\"https:\\\/\\\/www.estrategiaconcursos.com.br\\\/blog\\\/concurso-prefeitura-bauru\\\/#article\",\"isPartOf\":{\"@id\":\"https:\\\/\\\/www.estrategiaconcursos.com.br\\\/blog\\\/concurso-prefeitura-bauru\\\/\"},\"author\":{\"name\":\"F\u00e1bio Scaldelai\",\"@id\":\"https:\\\/\\\/blog-estrategia.mystagingwebsite.com\\\/#\\\/schema\\\/person\\\/b27f725b445a1519b2f20bf79001496d\"},\"headline\":\"Concurso Bauru SP: confira todos os detalhes!\",\"datePublished\":\"2026-08-31T18:49:00+00:00\",\"dateModified\":\"2026-08-31T18:50:47+00:00\",\"mainEntityOfPage\":{\"@id\":\"https:\\\/\\\/www.estrategiaconcursos.com.br\\\/blog\\\/concurso-prefeitura-bauru\\\/\"},\"wordCount\":624,\"commentCount\":0,\"publisher\":{\"@id\":\"https:\\\/\\\/blog-estrategia.mystagingwebsite.com\\\/#organization\"},\"image\":{\"@id\":\"https:\\\/\\\/www.estrategiaconcursos.com.br\\\/blog\\\/concurso-prefeitura-bauru\\\/#primaryimage\"},\"thumbnailUrl\":\"https:\\\/\\\/dhg1h5j42swfq.cloudfront.net\\\/2021\\\/09\\\/29120243\\\/prefeitura_de_bauru.jpg\",\"articleSection\":[\"Prefeituras\"],\"inLanguage\":\"pt-BR\",\"potentialAction\":[{\"@type\":\"CommentAction\",\"name\":\"Comment\",\"target\":[\"https:\\\/\\\/www.estrategiaconcursos.com.br\\\/blog\\\/concurso-prefeitura-bauru\\\/#respond\"]}],\"copyrightYear\":\"2026\",\"copyrightHolder\":{\"@id\":\"https:\\\/\\\/www.estrategiaconcursos.com.br\\\/blog\\\/#organization\"}},{\"@type\":\"WebPage\",\"@id\":\"https:\\\/\\\/www.estrategiaconcursos.com.br\\\/blog\\\/concurso-prefeitura-bauru\\\/\",\"url\":\"https:\\\/\\\/www.estrategiaconcursos.com.br\\\/blog\\\/concurso-prefeitura-bauru\\\/\",\"name\":\"Concurso Bauru SP: confira todos os detalhes!\",\"isPartOf\":{\"@id\":\"https:\\\/\\\/blog-estrategia.mystagingwebsite.com\\\/#website\"},\"primaryImageOfPage\":{\"@id\":\"https:\\\/\\\/www.estrategiaconcursos.com.br\\\/blog\\\/concurso-prefeitura-bauru\\\/#primaryimage\"},\"image\":{\"@id\":\"https:\\\/\\\/www.estrategiaconcursos.com.br\\\/blog\\\/concurso-prefeitura-bauru\\\/#primaryimage\"},\"thumbnailUrl\":\"https:\\\/\\\/dhg1h5j42swfq.cloudfront.net\\\/2021\\\/09\\\/29120243\\\/prefeitura_de_bauru.jpg\",\"datePublished\":\"2026-08-31T18:49:00+00:00\",\"dateModified\":\"2026-08-31T18:50:47+00:00\",\"description\":\"Concurso Prefeitura de Bauru: confira todas as atualiza\u00e7\u00f5es do certame. Provas aplicadas e gabaritos\\\/resultados dispon\u00edveis!\",\"breadcrumb\":{\"@id\":\"https:\\\/\\\/www.estrategiaconcursos.com.br\\\/blog\\\/concurso-prefeitura-bauru\\\/#breadcrumb\"},\"inLanguage\":\"pt-BR\",\"potentialAction\":[{\"@type\":\"ReadAction\",\"target\":[\"https:\\\/\\\/www.estrategiaconcursos.com.br\\\/blog\\\/concurso-prefeitura-bauru\\\/\"]}]},{\"@type\":\"ImageObject\",\"inLanguage\":\"pt-BR\",\"@id\":\"https:\\\/\\\/www.estrategiaconcursos.com.br\\\/blog\\\/concurso-prefeitura-bauru\\\/#primaryimage\",\"url\":\"https:\\\/\\\/dhg1h5j42swfq.cloudfront.net\\\/2021\\\/09\\\/29120243\\\/prefeitura_de_bauru.jpg\",\"contentUrl\":\"https:\\\/\\\/dhg1h5j42swfq.cloudfront.net\\\/2021\\\/09\\\/29120243\\\/prefeitura_de_bauru.jpg\",\"width\":768,\"height\":432},{\"@type\":\"BreadcrumbList\",\"@id\":\"https:\\\/\\\/www.estrategiaconcursos.com.br\\\/blog\\\/concurso-prefeitura-bauru\\\/#breadcrumb\",\"itemListElement\":[{\"@type\":\"ListItem\",\"position\":1,\"name\":\"In\u00edcio\",\"item\":\"https:\\\/\\\/blog-estrategia.mystagingwebsite.com\\\/\"},{\"@type\":\"ListItem\",\"position\":2,\"name\":\"Concurso Bauru SP: confira todos os detalhes!\"}]},{\"@type\":\"WebSite\",\"@id\":\"https:\\\/\\\/blog-estrategia.mystagingwebsite.com\\\/#website\",\"url\":\"https:\\\/\\\/blog-estrategia.mystagingwebsite.com\\\/\",\"name\":\"Estrat\u00e9gia Concursos\",\"description\":\"O blog da Estrat\u00e9gia Concursos traz not\u00edcias sobre concursos e artigos de professores oferecendo cursos para concursos (pdf + videaulas) no site.\",\"publisher\":{\"@id\":\"https:\\\/\\\/blog-estrategia.mystagingwebsite.com\\\/#organization\"},\"potentialAction\":[{\"@type\":\"SearchAction\",\"target\":{\"@type\":\"EntryPoint\",\"urlTemplate\":\"https:\\\/\\\/blog-estrategia.mystagingwebsite.com\\\/?s={search_term_string}\"},\"query-input\":{\"@type\":\"PropertyValueSpecification\",\"valueRequired\":true,\"valueName\":\"search_term_string\"}}],\"inLanguage\":\"pt-BR\"},{\"@type\":\"Organization\",\"@id\":\"https:\\\/\\\/blog-estrategia.mystagingwebsite.com\\\/#organization\",\"name\":\"Estrat\u00e9gia Concursos\",\"url\":\"https:\\\/\\\/blog-estrategia.mystagingwebsite.com\\\/\",\"logo\":{\"@type\":\"ImageObject\",\"inLanguage\":\"pt-BR\",\"@id\":\"https:\\\/\\\/blog-estrategia.mystagingwebsite.com\\\/#\\\/schema\\\/logo\\\/image\\\/\",\"url\":\"https:\\\/\\\/dhg1h5j42swfq.cloudfront.net\\\/2025\\\/06\\\/03203428\\\/logo_concursos-1.jpg\",\"contentUrl\":\"https:\\\/\\\/dhg1h5j42swfq.cloudfront.net\\\/2025\\\/06\\\/03203428\\\/logo_concursos-1.jpg\",\"width\":230,\"height\":60,\"caption\":\"Estrat\u00e9gia Concursos\"},\"image\":{\"@id\":\"https:\\\/\\\/blog-estrategia.mystagingwebsite.com\\\/#\\\/schema\\\/logo\\\/image\\\/\"},\"sameAs\":[\"https:\\\/\\\/x.com\\\/EstratConcursos\"]},{\"@type\":\"Person\",\"@id\":\"https:\\\/\\\/blog-estrategia.mystagingwebsite.com\\\/#\\\/schema\\\/person\\\/b27f725b445a1519b2f20bf79001496d\",\"name\":\"F\u00e1bio Scaldelai\",\"image\":{\"@type\":\"ImageObject\",\"inLanguage\":\"pt-BR\",\"@id\":\"https:\\\/\\\/secure.gravatar.com\\\/avatar\\\/d87536a395daa9c44d428de53feb744c60ed200e5635eefecfcfa4cdd3fbd7dc?s=96&d=mm&r=g\",\"url\":\"https:\\\/\\\/secure.gravatar.com\\\/avatar\\\/d87536a395daa9c44d428de53feb744c60ed200e5635eefecfcfa4cdd3fbd7dc?s=96&d=mm&r=g\",\"contentUrl\":\"https:\\\/\\\/secure.gravatar.com\\\/avatar\\\/d87536a395daa9c44d428de53feb744c60ed200e5635eefecfcfa4cdd3fbd7dc?s=96&d=mm&r=g\",\"caption\":\"F\u00e1bio Scaldelai\"},\"url\":\"https:\\\/\\\/www.estrategiaconcursos.com.br\\\/blog\\\/author\\\/fabio-scaldelai\\\/\"}]}<\/script>\n<!-- \/ Yoast SEO Premium plugin. -->","yoast_head_json":{"title":"Concurso Bauru SP: confira todos os detalhes!","description":"Concurso Prefeitura de Bauru: confira todas as atualiza\u00e7\u00f5es do certame. Provas aplicadas e gabaritos\/resultados dispon\u00edveis!","robots":{"index":"index","follow":"follow","max-snippet":"max-snippet:-1","max-image-preview":"max-image-preview:large","max-video-preview":"max-video-preview:-1"},"canonical":"https:\/\/www.estrategiaconcursos.com.br\/blog\/concurso-prefeitura-bauru\/","og_locale":"pt_BR","og_type":"article","og_title":"Concurso Bauru SP: confira todos os detalhes!","og_description":"Concurso Prefeitura de Bauru: confira todas as atualiza\u00e7\u00f5es do certame. Provas aplicadas e gabaritos\/resultados dispon\u00edveis!","og_url":"https:\/\/www.estrategiaconcursos.com.br\/blog\/concurso-prefeitura-bauru\/","og_site_name":"Estrat\u00e9gia Concursos","article_published_time":"2026-08-31T18:49:00+00:00","article_modified_time":"2026-08-31T18:50:47+00:00","og_image":[{"width":768,"height":432,"url":"https:\/\/dhg1h5j42swfq.cloudfront.net\/2021\/09\/29120243\/prefeitura_de_bauru.jpg","type":"image\/jpeg"}],"author":"F\u00e1bio Scaldelai","twitter_card":"summary_large_image","twitter_creator":"@EstratConcursos","twitter_site":"@EstratConcursos","twitter_misc":{"Escrito por":"F\u00e1bio Scaldelai","Est. tempo de leitura":"6 minutos"},"schema":{"@context":"https:\/\/schema.org","@graph":[{"@type":"NewsArticle","@id":"https:\/\/www.estrategiaconcursos.com.br\/blog\/concurso-prefeitura-bauru\/#article","isPartOf":{"@id":"https:\/\/www.estrategiaconcursos.com.br\/blog\/concurso-prefeitura-bauru\/"},"author":{"name":"F\u00e1bio Scaldelai","@id":"https:\/\/blog-estrategia.mystagingwebsite.com\/#\/schema\/person\/b27f725b445a1519b2f20bf79001496d"},"headline":"Concurso Bauru SP: confira todos os detalhes!","datePublished":"2026-08-31T18:49:00+00:00","dateModified":"2026-08-31T18:50:47+00:00","mainEntityOfPage":{"@id":"https:\/\/www.estrategiaconcursos.com.br\/blog\/concurso-prefeitura-bauru\/"},"wordCount":624,"commentCount":0,"publisher":{"@id":"https:\/\/blog-estrategia.mystagingwebsite.com\/#organization"},"image":{"@id":"https:\/\/www.estrategiaconcursos.com.br\/blog\/concurso-prefeitura-bauru\/#primaryimage"},"thumbnailUrl":"https:\/\/dhg1h5j42swfq.cloudfront.net\/2021\/09\/29120243\/prefeitura_de_bauru.jpg","articleSection":["Prefeituras"],"inLanguage":"pt-BR","potentialAction":[{"@type":"CommentAction","name":"Comment","target":["https:\/\/www.estrategiaconcursos.com.br\/blog\/concurso-prefeitura-bauru\/#respond"]}],"copyrightYear":"2026","copyrightHolder":{"@id":"https:\/\/www.estrategiaconcursos.com.br\/blog\/#organization"}},{"@type":"WebPage","@id":"https:\/\/www.estrategiaconcursos.com.br\/blog\/concurso-prefeitura-bauru\/","url":"https:\/\/www.estrategiaconcursos.com.br\/blog\/concurso-prefeitura-bauru\/","name":"Concurso Bauru SP: confira todos os detalhes!","isPartOf":{"@id":"https:\/\/blog-estrategia.mystagingwebsite.com\/#website"},"primaryImageOfPage":{"@id":"https:\/\/www.estrategiaconcursos.com.br\/blog\/concurso-prefeitura-bauru\/#primaryimage"},"image":{"@id":"https:\/\/www.estrategiaconcursos.com.br\/blog\/concurso-prefeitura-bauru\/#primaryimage"},"thumbnailUrl":"https:\/\/dhg1h5j42swfq.cloudfront.net\/2021\/09\/29120243\/prefeitura_de_bauru.jpg","datePublished":"2026-08-31T18:49:00+00:00","dateModified":"2026-08-31T18:50:47+00:00","description":"Concurso Prefeitura de Bauru: confira todas as atualiza\u00e7\u00f5es do certame. Provas aplicadas e gabaritos\/resultados dispon\u00edveis!","breadcrumb":{"@id":"https:\/\/www.estrategiaconcursos.com.br\/blog\/concurso-prefeitura-bauru\/#breadcrumb"},"inLanguage":"pt-BR","potentialAction":[{"@type":"ReadAction","target":["https:\/\/www.estrategiaconcursos.com.br\/blog\/concurso-prefeitura-bauru\/"]}]},{"@type":"ImageObject","inLanguage":"pt-BR","@id":"https:\/\/www.estrategiaconcursos.com.br\/blog\/concurso-prefeitura-bauru\/#primaryimage","url":"https:\/\/dhg1h5j42swfq.cloudfront.net\/2021\/09\/29120243\/prefeitura_de_bauru.jpg","contentUrl":"https:\/\/dhg1h5j42swfq.cloudfront.net\/2021\/09\/29120243\/prefeitura_de_bauru.jpg","width":768,"height":432},{"@type":"BreadcrumbList","@id":"https:\/\/www.estrategiaconcursos.com.br\/blog\/concurso-prefeitura-bauru\/#breadcrumb","itemListElement":[{"@type":"ListItem","position":1,"name":"In\u00edcio","item":"https:\/\/blog-estrategia.mystagingwebsite.com\/"},{"@type":"ListItem","position":2,"name":"Concurso Bauru SP: confira todos os detalhes!"}]},{"@type":"WebSite","@id":"https:\/\/blog-estrategia.mystagingwebsite.com\/#website","url":"https:\/\/blog-estrategia.mystagingwebsite.com\/","name":"Estrat\u00e9gia Concursos","description":"O blog da Estrat\u00e9gia Concursos traz not\u00edcias sobre concursos e artigos de professores oferecendo cursos para concursos (pdf + videaulas) no site.","publisher":{"@id":"https:\/\/blog-estrategia.mystagingwebsite.com\/#organization"},"potentialAction":[{"@type":"SearchAction","target":{"@type":"EntryPoint","urlTemplate":"https:\/\/blog-estrategia.mystagingwebsite.com\/?s={search_term_string}"},"query-input":{"@type":"PropertyValueSpecification","valueRequired":true,"valueName":"search_term_string"}}],"inLanguage":"pt-BR"},{"@type":"Organization","@id":"https:\/\/blog-estrategia.mystagingwebsite.com\/#organization","name":"Estrat\u00e9gia Concursos","url":"https:\/\/blog-estrategia.mystagingwebsite.com\/","logo":{"@type":"ImageObject","inLanguage":"pt-BR","@id":"https:\/\/blog-estrategia.mystagingwebsite.com\/#\/schema\/logo\/image\/","url":"https:\/\/dhg1h5j42swfq.cloudfront.net\/2025\/06\/03203428\/logo_concursos-1.jpg","contentUrl":"https:\/\/dhg1h5j42swfq.cloudfront.net\/2025\/06\/03203428\/logo_concursos-1.jpg","width":230,"height":60,"caption":"Estrat\u00e9gia Concursos"},"image":{"@id":"https:\/\/blog-estrategia.mystagingwebsite.com\/#\/schema\/logo\/image\/"},"sameAs":["https:\/\/x.com\/EstratConcursos"]},{"@type":"Person","@id":"https:\/\/blog-estrategia.mystagingwebsite.com\/#\/schema\/person\/b27f725b445a1519b2f20bf79001496d","name":"F\u00e1bio Scaldelai","image":{"@type":"ImageObject","inLanguage":"pt-BR","@id":"https:\/\/secure.gravatar.com\/avatar\/d87536a395daa9c44d428de53feb744c60ed200e5635eefecfcfa4cdd3fbd7dc?s=96&d=mm&r=g","url":"https:\/\/secure.gravatar.com\/avatar\/d87536a395daa9c44d428de53feb744c60ed200e5635eefecfcfa4cdd3fbd7dc?s=96&d=mm&r=g","contentUrl":"https:\/\/secure.gravatar.com\/avatar\/d87536a395daa9c44d428de53feb744c60ed200e5635eefecfcfa4cdd3fbd7dc?s=96&d=mm&r=g","caption":"F\u00e1bio Scaldelai"},"url":"https:\/\/www.estrategiaconcursos.com.br\/blog\/author\/fabio-scaldelai\/"}]}},"_links":{"self":[{"href":"https:\/\/www.estrategiaconcursos.com.br\/blog\/wp-json\/wp\/v2\/posts\/867742","targetHints":{"allow":["GET"]}}],"collection":[{"href":"https:\/\/www.estrategiaconcursos.com.br\/blog\/wp-json\/wp\/v2\/posts"}],"about":[{"href":"https:\/\/www.estrategiaconcursos.com.br\/blog\/wp-json\/wp\/v2\/types\/post"}],"author":[{"embeddable":true,"href":"https:\/\/www.estrategiaconcursos.com.br\/blog\/wp-json\/wp\/v2\/users\/643"}],"replies":[{"embeddable":true,"href":"https:\/\/www.estrategiaconcursos.com.br\/blog\/wp-json\/wp\/v2\/comments?post=867742"}],"version-history":[{"count":7,"href":"https:\/\/www.estrategiaconcursos.com.br\/blog\/wp-json\/wp\/v2\/posts\/867742\/revisions"}],"predecessor-version":[{"id":1804796,"href":"https:\/\/www.estrategiaconcursos.com.br\/blog\/wp-json\/wp\/v2\/posts\/867742\/revisions\/1804796"}],"wp:featuredmedia":[{"embeddable":true,"href":"https:\/\/www.estrategiaconcursos.com.br\/blog\/wp-json\/wp\/v2\/media\/873374"}],"wp:attachment":[{"href":"https:\/\/www.estrategiaconcursos.com.br\/blog\/wp-json\/wp\/v2\/media?parent=867742"}],"wp:term":[{"taxonomy":"category","embeddable":true,"href":"https:\/\/www.estrategiaconcursos.com.br\/blog\/wp-json\/wp\/v2\/categories?post=867742"},{"taxonomy":"post_tag","embeddable":true,"href":"https:\/\/www.estrategiaconcursos.com.br\/blog\/wp-json\/wp\/v2\/tags?post=867742"},{"taxonomy":"tax_estado","embeddable":true,"href":"https:\/\/www.estrategiaconcursos.com.br\/blog\/wp-json\/wp\/v2\/tax_estado?post=867742"}],"curies":[{"name":"wp","href":"https:\/\/api.w.org\/{rel}","templated":true}]}}