{"id":867251,"date":"2021-10-13T23:59:00","date_gmt":"2021-10-14T02:59:00","guid":{"rendered":"https:\/\/www.estrategiaconcursos.com.br\/blog\/?p=867251"},"modified":"2021-10-14T12:27:59","modified_gmt":"2021-10-14T15:27:59","slug":"editais-prefeitura-de-bauru","status":"publish","type":"post","link":"https:\/\/www.estrategiaconcursos.com.br\/blog\/editais-prefeitura-de-bauru\/","title":{"rendered":"Editais Prefeitura de Bauru: inscri\u00e7\u00f5es encerradas!"},"content":{"rendered":"\n<p>Est\u00e3o encerradas as inscri\u00e7\u00f5es dos editais<strong> da Prefeitura de Bauru<\/strong>, localizada no estado de S\u00e3o Paulo. Os interessados puderam se inscrever no per\u00edodo de <strong>04 a 13 de outubro<\/strong>, no <a href=\"https:\/\/www2.bauru.sp.gov.br\/\" target=\"_blank\" rel=\"noreferrer noopener\">site<\/a> do pr\u00f3prio mun\u00edcipio. <\/p>\n\n\n\n<p>Ao todo, s\u00e3o quatro editais com vagas destinadas aos cargos de <strong>Analista de Desenvolvimento de Sistemas<\/strong>, <strong>Programador de Sistemas de Informa\u00e7\u00e3o<\/strong>, <strong>T\u00e9cnico de Farm\u00e1cia e Psic\u00f3logo<\/strong>.<\/p>\n\n\n\n<h2 class=\"wp-block-heading\" id=\"h-principais-datas-dos-editais-prefeitura-de-bauru\">Principais datas dos editais Prefeitura de Bauru<\/h2>\n\n\n\n<p class=\"has-background\" style=\"background-color:#d5eafa\"><strong>Inscri\u00e7\u00f5es<\/strong>: <s>04 a 13\/10\/2021<\/s><br \/><strong>Isen\u00e7\u00e3o:<\/strong> <s>04 e 05\/10\/2021<\/s><br \/><strong>Prova:<\/strong> 21 e 28\/11\/21 (editais n\u00ba 9 e 10) | 12\/12\/21 (editais n\u00ba 7 e 8)<\/p>\n\n\n\n<h2 class=\"wp-block-heading\">Cargos, vagas e remunera\u00e7\u00f5es dos editais Prefeitura de Bauru <\/h2>\n\n\n\n<figure class=\"wp-block-table is-style-stripes\"><table class=\"has-background has-fixed-layout\" style=\"background-color:#c6e5f8\"><thead><tr><th class=\"has-text-align-center\" data-align=\"center\">Cargos<\/th><th class=\"has-text-align-center\" data-align=\"center\">Vagas<\/th><th class=\"has-text-align-center\" data-align=\"center\">Remunera\u00e7\u00e3o<\/th><th class=\"has-text-align-center\" data-align=\"center\">Requisitos<\/th><\/tr><\/thead><tbody><tr><td class=\"has-text-align-center\" data-align=\"center\">Analista de Desenvolvimento de Sistemas<\/td><td class=\"has-text-align-center\" data-align=\"center\">01<\/td><td class=\"has-text-align-center\" data-align=\"center\">R$ 3.833,62 + benef\u00edcios<\/td><td class=\"has-text-align-center\" data-align=\"center\">Gradua\u00e7\u00e3o em<br \/>Computa\u00e7\u00e3o<\/td><\/tr><tr><td class=\"has-text-align-center\" data-align=\"center\">Programador de Sistemas de Informa\u00e7\u00e3o<\/td><td class=\"has-text-align-center\" data-align=\"center\">01<\/td><td class=\"has-text-align-center\" data-align=\"center\">R$ 2.845,07 + benef\u00edcios<\/td><td class=\"has-text-align-center\" data-align=\"center\">Gradua\u00e7\u00e3o em<br \/>Computa\u00e7\u00e3o<\/td><\/tr><tr><td class=\"has-text-align-center\" data-align=\"center\">T\u00e9cnico de Farm\u00e1cia<\/td><td class=\"has-text-align-center\" data-align=\"center\">01<\/td><td class=\"has-text-align-center\" data-align=\"center\">R$ 1.715,34 + benef\u00edcios<\/td><td class=\"has-text-align-center\" data-align=\"center\">Ensino M\u00e9dio<br \/>e Curso<br \/>T\u00e9cnico em<br \/>Farm\u00e1cia<\/td><\/tr><tr><td class=\"has-text-align-center\" data-align=\"center\">Psic\u00f3logo<\/td><td class=\"has-text-align-center\" data-align=\"center\">01<\/td><td class=\"has-text-align-center\" data-align=\"center\">R$ 2.845,07 + benef\u00edcios<\/td><td class=\"has-text-align-center\" data-align=\"center\">Gradua\u00e7\u00e3o em<br \/>Psicologia e<br \/>Registro no<br \/>Conselho<br \/>Regional de<br \/>Psicologia<br \/>(CRP)<\/td><\/tr><\/tbody><\/table><\/figure>\n\n\n\n<h2 class=\"wp-block-heading\">Etapas dos editais Prefeitura de Bauru  <\/h2>\n\n\n\n<p>O concurso da Prefeitura de&nbsp;Bauru avaliar\u00e1 os candidatos por meio de Provas Objetivas (todos os cargos), Prova Pr\u00e1tica (cargos de Analista de Desenvolvimento de Sistemas e Programador de Sistemas de Informa\u00e7\u00e3o) e Avalia\u00e7\u00e3o de T\u00edtulos (oportunidades de n\u00edvel superior). <\/p>\n\n\n\n<h3 class=\"wp-block-heading\">Provas Objetivas<\/h3>\n\n\n\n<p>As Provas Objetivas, de car\u00e1ter eliminat\u00f3rio e classificat\u00f3rio, ser\u00e3o aplicadas para todos os cargos.<\/p>\n\n\n\n<ul class=\"wp-block-list\"><li><strong>Cargo de T\u00e9cnico de Farm\u00e1cia <\/strong><\/li><\/ul>\n\n\n\n<div class=\"wp-block-image\"><figure class=\"aligncenter size-full is-resized\"><img loading=\"lazy\" decoding=\"async\" src=\"https:\/\/dhg1h5j42swfq.cloudfront.net\/2021\/09\/22123552\/image-397.png\" alt=\"provas Prefeitura de Bauru\" class=\"wp-image-867275\" width=\"700\" height=\"146\" srcset=\"https:\/\/dhg1h5j42swfq.cloudfront.net\/2021\/09\/22123552\/image-397.png 877w, https:\/\/dhg1h5j42swfq.cloudfront.net\/2021\/09\/22123552\/image-397-300x63.png 300w, https:\/\/dhg1h5j42swfq.cloudfront.net\/2021\/09\/22123552\/image-397-768x160.png 768w, https:\/\/dhg1h5j42swfq.cloudfront.net\/2021\/09\/22123552\/image-397-610x127.png 610w\" sizes=\"auto, (max-width: 700px) 100vw, 700px\" \/><\/figure><\/div>\n\n\n\n<p>Valendo 100 pontos, prevista para realizar-se no dia <strong>12 de dezembro de 2021<\/strong>, ser\u00e1 composta por 40 quest\u00f5es objetivas de m\u00faltipla escolha com 4 alternativas cada, sendo considerada apenas uma alternativa correta e sua aplica\u00e7\u00e3o ter\u00e1 dura\u00e7\u00e3o de 3 horas. <\/p>\n\n\n\n<ul class=\"wp-block-list\"><li><strong>Cargo de Psic\u00f3logo<\/strong><\/li><\/ul>\n\n\n\n<div class=\"wp-block-image\"><figure class=\"aligncenter size-full is-resized\"><img loading=\"lazy\" decoding=\"async\" src=\"https:\/\/dhg1h5j42swfq.cloudfront.net\/2021\/09\/22133705\/image-402.png\" alt=\"provas concurso da Prefeitura de Bauru\" class=\"wp-image-867343\" width=\"703\" height=\"239\" srcset=\"https:\/\/dhg1h5j42swfq.cloudfront.net\/2021\/09\/22133705\/image-402.png 896w, https:\/\/dhg1h5j42swfq.cloudfront.net\/2021\/09\/22133705\/image-402-300x102.png 300w, https:\/\/dhg1h5j42swfq.cloudfront.net\/2021\/09\/22133705\/image-402-768x262.png 768w, https:\/\/dhg1h5j42swfq.cloudfront.net\/2021\/09\/22133705\/image-402-610x208.png 610w\" sizes=\"auto, (max-width: 703px) 100vw, 703px\" \/><\/figure><\/div>\n\n\n\n<p>Valendo 90 pontos, prevista para realizar-se no dia 12 de dezembro de 2021, ser\u00e1 composta por 40 quest\u00f5es objetivas de m\u00faltipla escolha com 04 alternativas cada, sendo considerada apenas 01 alternativa correta e sua aplica\u00e7\u00e3o ter\u00e1 dura\u00e7\u00e3o de 03 horas. <\/p>\n\n\n\n<ul class=\"wp-block-list\"><li><strong>Cargo de Programador de Sistema de Informa\u00e7\u00e3o<\/strong><\/li><\/ul>\n\n\n\n<div class=\"wp-block-image\"><figure class=\"aligncenter size-full is-resized\"><img loading=\"lazy\" decoding=\"async\" src=\"https:\/\/dhg1h5j42swfq.cloudfront.net\/2021\/09\/22134331\/image-403.png\" alt=\"Provas Objetivas dos editais Prefeitura de Bauru\" class=\"wp-image-867350\" width=\"701\" height=\"390\" srcset=\"https:\/\/dhg1h5j42swfq.cloudfront.net\/2021\/09\/22134331\/image-403.png 685w, https:\/\/dhg1h5j42swfq.cloudfront.net\/2021\/09\/22134331\/image-403-300x167.png 300w, https:\/\/dhg1h5j42swfq.cloudfront.net\/2021\/09\/22134331\/image-403-610x339.png 610w\" sizes=\"auto, (max-width: 701px) 100vw, 701px\" \/><\/figure><\/div>\n\n\n\n<p>Valendo 40 pontos, prevista para realizar-se no dia 21 de novembro de 2021, ser\u00e1 composta por 50 quest\u00f5es objetivas de m\u00faltipla escolha com 4 alternativas cada, sendo considerada apenas 1 alternativa correta e sua aplica\u00e7\u00e3o ter\u00e1 dura\u00e7\u00e3o de 3 horas.<\/p>\n\n\n\n<ul class=\"wp-block-list\"><li><strong>Cargo de Analista de Desenvolvimento de Sistemas<\/strong><\/li><\/ul>\n\n\n\n<div class=\"wp-block-image\"><figure class=\"aligncenter size-full is-resized\"><img loading=\"lazy\" decoding=\"async\" src=\"https:\/\/dhg1h5j42swfq.cloudfront.net\/2021\/09\/22134752\/image-404.png\" alt=\"provas concurso da Prefeitura de Bauru\" class=\"wp-image-867356\" width=\"695\" height=\"422\" srcset=\"https:\/\/dhg1h5j42swfq.cloudfront.net\/2021\/09\/22134752\/image-404.png 794w, https:\/\/dhg1h5j42swfq.cloudfront.net\/2021\/09\/22134752\/image-404-300x182.png 300w, https:\/\/dhg1h5j42swfq.cloudfront.net\/2021\/09\/22134752\/image-404-768x466.png 768w, https:\/\/dhg1h5j42swfq.cloudfront.net\/2021\/09\/22134752\/image-404-610x370.png 610w\" sizes=\"auto, (max-width: 695px) 100vw, 695px\" \/><\/figure><\/div>\n\n\n\n<p>Valendo 40 pontos, prevista para realizar-se no dia 28 de novembro de 2021, ser\u00e1 composta por 50 quest\u00f5es objetivas de m\u00faltipla escolha com 4 alternativas cada uma, sendo considerada apenas 1 alternativa correta e sua aplica\u00e7\u00e3o ter\u00e1 dura\u00e7\u00e3o de 3 horas.<\/p>\n\n\n\n<h2 class=\"wp-block-heading\">Prova Pr\u00e1tica<\/h2>\n\n\n\n<p>A etapa, de car\u00e1ter eliminat\u00f3rio e classificat\u00f3rio, valer\u00e1 50 pontos e consistir\u00e1 na execu\u00e7\u00e3o de tarefas t\u00edpicas dos cargos de Analista de Desenvolvimento de Sistemas e Programador de Sistemas de Informa\u00e7\u00e3o. <\/p>\n\n\n\n<p>Ser\u00e3o convocados para realiza\u00e7\u00e3o da 2\u00aa Fase \u2013 Prova Pr\u00e1tica  \u2013  os candidatos habilitados na 1\u00aa Fase &#8211; Prova Objetiva, considerando-se os 80 primeiros colocados. <\/p>\n\n\n\n<h2 class=\"wp-block-heading\">Avalia\u00e7\u00e3o de T\u00edtulos<\/h2>\n\n\n\n<p>Ser\u00e3o considerados e pontuados os T\u00edtulos, conforme quadro a seguir:<\/p>\n\n\n\n<ul class=\"wp-block-list\"><li><strong>Psic\u00f3logo<\/strong><\/li><\/ul>\n\n\n\n<div class=\"wp-block-image\"><figure class=\"aligncenter size-full\"><img loading=\"lazy\" decoding=\"async\" width=\"749\" height=\"382\" src=\"https:\/\/dhg1h5j42swfq.cloudfront.net\/2021\/09\/22135859\/image-405.png\" alt=\"T\u00edtulos dos editais Prefeitura de Bauru\" class=\"wp-image-867376\" srcset=\"https:\/\/dhg1h5j42swfq.cloudfront.net\/2021\/09\/22135859\/image-405.png 749w, https:\/\/dhg1h5j42swfq.cloudfront.net\/2021\/09\/22135859\/image-405-300x153.png 300w, https:\/\/dhg1h5j42swfq.cloudfront.net\/2021\/09\/22135859\/image-405-610x311.png 610w\" sizes=\"auto, (max-width: 749px) 100vw, 749px\" \/><\/figure><\/div>\n\n\n\n<ul class=\"wp-block-list\"><li> <strong>Programador de Sistema de Informa\u00e7\u00e3o<\/strong><\/li><\/ul>\n\n\n\n<div class=\"wp-block-image\"><figure class=\"aligncenter size-full is-resized\"><img loading=\"lazy\" decoding=\"async\" src=\"https:\/\/dhg1h5j42swfq.cloudfront.net\/2021\/09\/22140043\/image-406.png\" alt=\"\" class=\"wp-image-867378\" width=\"744\" height=\"418\" srcset=\"https:\/\/dhg1h5j42swfq.cloudfront.net\/2021\/09\/22140043\/image-406.png 684w, https:\/\/dhg1h5j42swfq.cloudfront.net\/2021\/09\/22140043\/image-406-300x168.png 300w, https:\/\/dhg1h5j42swfq.cloudfront.net\/2021\/09\/22140043\/image-406-610x342.png 610w\" sizes=\"auto, (max-width: 744px) 100vw, 744px\" \/><\/figure><\/div>\n\n\n\n<ul class=\"wp-block-list\"><li> <strong>Analista de Desenvolvimento de Sistemas<\/strong><\/li><\/ul>\n\n\n\n<div class=\"wp-block-image\"><figure class=\"aligncenter size-full is-resized\"><img loading=\"lazy\" decoding=\"async\" src=\"https:\/\/dhg1h5j42swfq.cloudfront.net\/2021\/09\/22140136\/image-407.png\" alt=\"\" class=\"wp-image-867379\" width=\"738\" height=\"323\" srcset=\"https:\/\/dhg1h5j42swfq.cloudfront.net\/2021\/09\/22140136\/image-407.png 654w, https:\/\/dhg1h5j42swfq.cloudfront.net\/2021\/09\/22140136\/image-407-300x131.png 300w, https:\/\/dhg1h5j42swfq.cloudfront.net\/2021\/09\/22140136\/image-407-610x267.png 610w\" sizes=\"auto, (max-width: 738px) 100vw, 738px\" \/><\/figure><\/div>\n\n\n\n<h2 class=\"has-text-align-center wp-block-heading\">Quer estudar para os editais do concurso Prefeitura de Bauru?<\/h2>\n\n\n\n<div class=\"container\" id=\"boxes\">\n  <div class=\"row\">\n\n    <div class=\"col-sm\">\n      <div class=\"banner-estrategia\" id=\"box-assinatura\">\n        <h3 class=\"titulo-assinatura\">Prefeitura de Bauru<\/h3>\n        <p class=\"subtitulo-assinatura\">Conhe\u00e7a os cursos<\/p>\n        <div class=\"box-botao\">\n          <a class=\"btn-assinatura\" target=\"_blank\" href=\"https:\/\/www.estrategiaconcursos.com.br\/cursos\/concurso\/\" role=\"button\" rel=\"noopener noreferrer\">Conhe\u00e7a mais<\/a>\n        <\/div>\n      <\/div>\n      \n    <\/div>\n\n  <\/div>\n<\/div>\n\n\n\n<div class=\"container\" id=\"boxes\">\n  <div class=\"row\">\n\n    <div class=\"col-sm\">\n      <div class=\"estrategia\" id=\"box-assinatura\">\n        <h3 class=\"titulo-assinatura\"> Concursos P\u00fablicos\n        <p class=\"subtitulo-assinatura\">Assinatura de 1 ano ou 2 anos<\/p>\n        <div class=\"box-botao\">\n          <a class=\"btn-assinatura\" target=\"_blank\" href=\"https:\/\/www.estrategiaconcursos.com.br\/assinaturas\/\" role=\"button\" rel=\"noopener noreferrer\">ASSINE AGORA<\/a>\n        <\/div>\n      <\/h3><\/div><\/div><\/div><\/div>\n\n\n\n<h2 class=\"has-text-align-center wp-block-heading\" id=\"h-quer-saber-tudo-sobre-concursos-previstos-confira-nossos-artigos\">Quer saber tudo sobre concursos previstos?<br \/>Confira nossos artigos!<\/h2>\n\n\n\n<ul class=\"wp-block-list\"><li><a href=\"https:\/\/www.estrategiaconcursos.com.br\/blog\/concursos-abertos\/\" target=\"_blank\" rel=\"noreferrer noopener\">Concursos abertos<\/a><\/li><li><a href=\"https:\/\/www.estrategiaconcursos.com.br\/blog\/concursos-2021\/\" target=\"_blank\" rel=\"noreferrer noopener\">Concursos 2021<\/a><\/li><li><a href=\"https:\/\/www.estrategiaconcursos.com.br\/blog\/concursos-2022\/\" target=\"_blank\" rel=\"noreferrer noopener\">Concursos 2022<\/a><\/li><\/ul>\n\n\n\n<figure class=\"wp-block-image size-large is-resized\"><img loading=\"lazy\" decoding=\"async\" src=\"https:\/\/dhg1h5j42swfq.cloudfront.net\/2021\/08\/02092425\/ficha-tecnica-1024x632.png\" alt=\"Ficha dos editais Prefeitura de Bauru\" class=\"wp-image-826813\" width=\"224\" height=\"138\" srcset=\"https:\/\/dhg1h5j42swfq.cloudfront.net\/2021\/08\/02092425\/ficha-tecnica-1024x632.png 1024w, https:\/\/dhg1h5j42swfq.cloudfront.net\/2021\/08\/02092425\/ficha-tecnica-300x185.png 300w, https:\/\/dhg1h5j42swfq.cloudfront.net\/2021\/08\/02092425\/ficha-tecnica-768x474.png 768w, https:\/\/dhg1h5j42swfq.cloudfront.net\/2021\/08\/02092425\/ficha-tecnica-1536x948.png 1536w, https:\/\/dhg1h5j42swfq.cloudfront.net\/2021\/08\/02092425\/ficha-tecnica-610x377.png 610w, https:\/\/dhg1h5j42swfq.cloudfront.net\/2021\/08\/02092425\/ficha-tecnica.png 1571w\" sizes=\"auto, (max-width: 224px) 100vw, 224px\" \/><\/figure>\n\n\n\n<h3 class=\"wp-block-heading\" id=\"ficha-tecnica\"><strong>Informa\u00e7\u00f5es dos editais Prefeitura de Bauru<\/strong><\/h3>\n\n\n\n<ul class=\"wp-block-list\"><li><strong>Data das provas:<\/strong>&nbsp;21 e 28\/11 (editais n\u00ba 9 e 10) e 12\/12 (editais n\u00ba 7 e 8)<\/li><li><strong>Vagas:<\/strong>&nbsp;4<\/li><li><strong>Cargos:<\/strong>&nbsp;v\u00e1rios<\/li><li><strong>Banca:<\/strong>&nbsp;organiza\u00e7\u00e3o pr\u00f3pria<\/li><li><strong>Escolaridade:<\/strong>&nbsp;N\u00edveis m\u00e9dio t\u00e9cnico e superior<\/li><li><strong>Editais:<\/strong>&nbsp;<strong><a href=\"https:\/\/dhg1h5j42swfq.cloudfront.net\/2021\/09\/22133344\/concurso_367_anexo_1.pdf\" target=\"_blank\" rel=\"noreferrer noopener nofollow\">07<\/a> | <a href=\"https:\/\/dhg1h5j42swfq.cloudfront.net\/2021\/09\/22133413\/concurso_368_anexo_1.pdf\" target=\"_blank\" rel=\"noreferrer noopener nofollow\">08<\/a> | <a href=\"https:\/\/dhg1h5j42swfq.cloudfront.net\/2021\/09\/22133508\/concurso_369_anexo_1.pdf\" target=\"_blank\" rel=\"noreferrer noopener nofollow\">09<\/a> | <a href=\"https:\/\/dhg1h5j42swfq.cloudfront.net\/2021\/09\/22133528\/concurso_370_anexo_1.pdf\" target=\"_blank\" rel=\"noreferrer noopener nofollow\">10<\/a><\/strong><\/li><\/ul>\n","protected":false},"excerpt":{"rendered":"<p>Est\u00e3o encerradas as inscri\u00e7\u00f5es dos editais da Prefeitura de Bauru, localizada no estado de S\u00e3o Paulo. Os interessados puderam se inscrever no per\u00edodo de 04 a 13 de outubro, no site do pr\u00f3prio mun\u00edcipio. Ao todo, s\u00e3o quatro editais com vagas destinadas aos cargos de Analista de Desenvolvimento de Sistemas, Programador de Sistemas de Informa\u00e7\u00e3o, [&hellip;]<\/p>\n","protected":false},"author":656,"featured_media":873375,"comment_status":"open","ping_status":"closed","sticky":false,"template":"","format":"standard","meta":{"post_tipo":"news","footnotes":""},"categories":[214992],"tags":[],"tax_estado":[219989],"class_list":["post-867251","post","type-post","status-publish","format-standard","has-post-thumbnail","hentry","category-concursos-administrativos","tax_estado-sp"],"acf":[],"yoast_head":"<!-- This site is optimized with the Yoast SEO Premium plugin v27.2 (Yoast SEO v27.2) - https:\/\/yoast.com\/product\/yoast-seo-premium-wordpress\/ -->\n<title>Editais Prefeitura de Bauru: inscri\u00e7\u00f5es encerradas!<\/title>\n<meta name=\"description\" content=\"Editais Prefeitura de Bauru: inscri\u00e7\u00f5es ENCERRADAS e provas marcadas para novembro e dezembro de 2021. Acesse e saiba mais aqui!\" \/>\n<meta name=\"robots\" content=\"index, follow, max-snippet:-1, max-image-preview:large, max-video-preview:-1\" \/>\n<link rel=\"canonical\" href=\"https:\/\/www.estrategiaconcursos.com.br\/blog\/editais-prefeitura-de-bauru\/\" \/>\n<meta property=\"og:locale\" content=\"pt_BR\" \/>\n<meta property=\"og:type\" content=\"article\" \/>\n<meta property=\"og:title\" content=\"Editais Prefeitura de Bauru: inscri\u00e7\u00f5es encerradas!\" \/>\n<meta property=\"og:description\" content=\"Editais Prefeitura de Bauru: inscri\u00e7\u00f5es ENCERRADAS e provas marcadas para novembro e dezembro de 2021. Acesse e saiba mais aqui!\" \/>\n<meta property=\"og:url\" content=\"https:\/\/www.estrategiaconcursos.com.br\/blog\/editais-prefeitura-de-bauru\/\" \/>\n<meta property=\"og:site_name\" content=\"Estrat\u00e9gia Concursos\" \/>\n<meta property=\"article:published_time\" content=\"2021-10-14T02:59:00+00:00\" \/>\n<meta property=\"article:modified_time\" content=\"2021-10-14T15:27:59+00:00\" \/>\n<meta property=\"og:image\" content=\"https:\/\/dhg1h5j42swfq.cloudfront.net\/2021\/09\/29120304\/prefeitura_de_bauru-1.jpg\" \/>\n\t<meta property=\"og:image:width\" content=\"768\" \/>\n\t<meta property=\"og:image:height\" content=\"432\" \/>\n\t<meta property=\"og:image:type\" content=\"image\/jpeg\" \/>\n<meta name=\"author\" content=\"F\u00e1bio Scaldelai\" \/>\n<meta name=\"twitter:card\" content=\"summary_large_image\" \/>\n<meta name=\"twitter:creator\" content=\"@EstratConcursos\" \/>\n<meta name=\"twitter:site\" content=\"@EstratConcursos\" \/>\n<meta name=\"twitter:label1\" content=\"Escrito por\" \/>\n\t<meta name=\"twitter:data1\" content=\"F\u00e1bio Scaldelai\" \/>\n\t<meta name=\"twitter:label2\" content=\"Est. tempo de leitura\" \/>\n\t<meta name=\"twitter:data2\" content=\"5 minutos\" \/>\n<script type=\"application\/ld+json\" class=\"yoast-schema-graph\">{\"@context\":\"https:\/\/schema.org\",\"@graph\":[{\"@type\":\"NewsArticle\",\"@id\":\"https:\/\/www.estrategiaconcursos.com.br\/blog\/editais-prefeitura-de-bauru\/#article\",\"isPartOf\":{\"@id\":\"https:\/\/www.estrategiaconcursos.com.br\/blog\/editais-prefeitura-de-bauru\/\"},\"author\":{\"name\":\"F\u00e1bio Scaldelai\",\"@id\":\"https:\/\/www.estrategiaconcursos.com.br\/blog\/#\/schema\/person\/e3b6b7ce0192dd4ad270655969d61750\"},\"headline\":\"Editais Prefeitura de Bauru: inscri\u00e7\u00f5es encerradas!\",\"datePublished\":\"2021-10-14T02:59:00+00:00\",\"dateModified\":\"2021-10-14T15:27:59+00:00\",\"mainEntityOfPage\":{\"@id\":\"https:\/\/www.estrategiaconcursos.com.br\/blog\/editais-prefeitura-de-bauru\/\"},\"wordCount\":590,\"commentCount\":0,\"publisher\":{\"@id\":\"https:\/\/www.estrategiaconcursos.com.br\/blog\/#organization\"},\"image\":{\"@id\":\"https:\/\/www.estrategiaconcursos.com.br\/blog\/editais-prefeitura-de-bauru\/#primaryimage\"},\"thumbnailUrl\":\"https:\/\/dhg1h5j42swfq.cloudfront.net\/2021\/09\/29120304\/prefeitura_de_bauru-1.jpg\",\"articleSection\":[\"Executivo (Administrativa)\"],\"inLanguage\":\"pt-BR\",\"potentialAction\":[{\"@type\":\"CommentAction\",\"name\":\"Comment\",\"target\":[\"https:\/\/www.estrategiaconcursos.com.br\/blog\/editais-prefeitura-de-bauru\/#respond\"]}],\"copyrightYear\":\"2021\",\"copyrightHolder\":{\"@id\":\"https:\/\/www.estrategiaconcursos.com.br\/blog\/#organization\"}},{\"@type\":\"WebPage\",\"@id\":\"https:\/\/www.estrategiaconcursos.com.br\/blog\/editais-prefeitura-de-bauru\/\",\"url\":\"https:\/\/www.estrategiaconcursos.com.br\/blog\/editais-prefeitura-de-bauru\/\",\"name\":\"Editais Prefeitura de Bauru: inscri\u00e7\u00f5es encerradas!\",\"isPartOf\":{\"@id\":\"https:\/\/www.estrategiaconcursos.com.br\/blog\/#website\"},\"primaryImageOfPage\":{\"@id\":\"https:\/\/www.estrategiaconcursos.com.br\/blog\/editais-prefeitura-de-bauru\/#primaryimage\"},\"image\":{\"@id\":\"https:\/\/www.estrategiaconcursos.com.br\/blog\/editais-prefeitura-de-bauru\/#primaryimage\"},\"thumbnailUrl\":\"https:\/\/dhg1h5j42swfq.cloudfront.net\/2021\/09\/29120304\/prefeitura_de_bauru-1.jpg\",\"datePublished\":\"2021-10-14T02:59:00+00:00\",\"dateModified\":\"2021-10-14T15:27:59+00:00\",\"description\":\"Editais Prefeitura de Bauru: inscri\u00e7\u00f5es ENCERRADAS e provas marcadas para novembro e dezembro de 2021. Acesse e saiba mais aqui!\",\"breadcrumb\":{\"@id\":\"https:\/\/www.estrategiaconcursos.com.br\/blog\/editais-prefeitura-de-bauru\/#breadcrumb\"},\"inLanguage\":\"pt-BR\",\"potentialAction\":[{\"@type\":\"ReadAction\",\"target\":[\"https:\/\/www.estrategiaconcursos.com.br\/blog\/editais-prefeitura-de-bauru\/\"]}]},{\"@type\":\"ImageObject\",\"inLanguage\":\"pt-BR\",\"@id\":\"https:\/\/www.estrategiaconcursos.com.br\/blog\/editais-prefeitura-de-bauru\/#primaryimage\",\"url\":\"https:\/\/dhg1h5j42swfq.cloudfront.net\/2021\/09\/29120304\/prefeitura_de_bauru-1.jpg\",\"contentUrl\":\"https:\/\/dhg1h5j42swfq.cloudfront.net\/2021\/09\/29120304\/prefeitura_de_bauru-1.jpg\",\"width\":768,\"height\":432},{\"@type\":\"BreadcrumbList\",\"@id\":\"https:\/\/www.estrategiaconcursos.com.br\/blog\/editais-prefeitura-de-bauru\/#breadcrumb\",\"itemListElement\":[{\"@type\":\"ListItem\",\"position\":1,\"name\":\"In\u00edcio\",\"item\":\"https:\/\/www.estrategiaconcursos.com.br\/blog\/\"},{\"@type\":\"ListItem\",\"position\":2,\"name\":\"Editais Prefeitura de Bauru: inscri\u00e7\u00f5es encerradas!\"}]},{\"@type\":\"WebSite\",\"@id\":\"https:\/\/www.estrategiaconcursos.com.br\/blog\/#website\",\"url\":\"https:\/\/www.estrategiaconcursos.com.br\/blog\/\",\"name\":\"Estrat\u00e9gia Concursos\",\"description\":\"O blog da Estrat\u00e9gia Concursos traz not\u00edcias sobre concursos e artigos de professores oferecendo cursos para concursos (pdf + videaulas) no site.\",\"publisher\":{\"@id\":\"https:\/\/www.estrategiaconcursos.com.br\/blog\/#organization\"},\"potentialAction\":[{\"@type\":\"SearchAction\",\"target\":{\"@type\":\"EntryPoint\",\"urlTemplate\":\"https:\/\/www.estrategiaconcursos.com.br\/blog\/?s={search_term_string}\"},\"query-input\":{\"@type\":\"PropertyValueSpecification\",\"valueRequired\":true,\"valueName\":\"search_term_string\"}}],\"inLanguage\":\"pt-BR\"},{\"@type\":\"Organization\",\"@id\":\"https:\/\/www.estrategiaconcursos.com.br\/blog\/#organization\",\"name\":\"Estrat\u00e9gia Concursos\",\"url\":\"https:\/\/www.estrategiaconcursos.com.br\/blog\/\",\"logo\":{\"@type\":\"ImageObject\",\"inLanguage\":\"pt-BR\",\"@id\":\"https:\/\/www.estrategiaconcursos.com.br\/blog\/#\/schema\/logo\/image\/\",\"url\":\"https:\/\/dhg1h5j42swfq.cloudfront.net\/2025\/06\/03203428\/logo_concursos-1.jpg\",\"contentUrl\":\"https:\/\/dhg1h5j42swfq.cloudfront.net\/2025\/06\/03203428\/logo_concursos-1.jpg\",\"width\":230,\"height\":60,\"caption\":\"Estrat\u00e9gia Concursos\"},\"image\":{\"@id\":\"https:\/\/www.estrategiaconcursos.com.br\/blog\/#\/schema\/logo\/image\/\"},\"sameAs\":[\"https:\/\/x.com\/EstratConcursos\"]},{\"@type\":\"Person\",\"@id\":\"https:\/\/www.estrategiaconcursos.com.br\/blog\/#\/schema\/person\/e3b6b7ce0192dd4ad270655969d61750\",\"name\":\"F\u00e1bio Scaldelai\",\"image\":{\"@type\":\"ImageObject\",\"inLanguage\":\"pt-BR\",\"@id\":\"https:\/\/secure.gravatar.com\/avatar\/8ed7492c4d88d8495bc0cb24cda6847b8ae23eec459a919e08e77d0ca0fd79ec?s=96&d=mm&r=g\",\"url\":\"https:\/\/secure.gravatar.com\/avatar\/8ed7492c4d88d8495bc0cb24cda6847b8ae23eec459a919e08e77d0ca0fd79ec?s=96&d=mm&r=g\",\"contentUrl\":\"https:\/\/secure.gravatar.com\/avatar\/8ed7492c4d88d8495bc0cb24cda6847b8ae23eec459a919e08e77d0ca0fd79ec?s=96&d=mm&r=g\",\"caption\":\"F\u00e1bio Scaldelai\"},\"description\":\"Jornalista no Estrat\u00e9gia Concursos e Produtor de Televis\u00e3o, formado em Jornalismo, R\u00e1dio e TV pela Faculdade Integrada Rio Branco, com especializa\u00e7\u00f5es em Gest\u00e3o Empresarial e Marketing pelo M\u00f3dulo. Atuou como produtor no SBT, TV Bandeirantes e R\u00e1dio Band FM, al\u00e9m de acumular tr\u00eas anos de experi\u00eancia no setor de concursos p\u00fablicos pela LFG (Luiz Fl\u00e1vio Gomes). No Estrat\u00e9gia Concursos, atua na apura\u00e7\u00e3o de not\u00edcias da \u00e1rea fiscal, al\u00e9m de coberturas sobre concursos das \u00e1reas de controle (TCU, TCE, etc), concurso AFT, \u00e1rea de gest\u00e3o e administrativa, bem como dos \u00f3rg\u00e3os participantes do CNU. Tamb\u00e9m possui experi\u00eancia em link building e an\u00e1lise de m\u00eddia, adquirida durante sua atua\u00e7\u00e3o na ag\u00eancia SEO Marketing.\",\"url\":\"https:\/\/www.estrategiaconcursos.com.br\/blog\/author\/fabio-scaldelaiestrategiaconcursos-com-br\/\"}]}<\/script>\n<!-- \/ Yoast SEO Premium plugin. -->","yoast_head_json":{"title":"Editais Prefeitura de Bauru: inscri\u00e7\u00f5es encerradas!","description":"Editais Prefeitura de Bauru: inscri\u00e7\u00f5es ENCERRADAS e provas marcadas para novembro e dezembro de 2021. Acesse e saiba mais aqui!","robots":{"index":"index","follow":"follow","max-snippet":"max-snippet:-1","max-image-preview":"max-image-preview:large","max-video-preview":"max-video-preview:-1"},"canonical":"https:\/\/www.estrategiaconcursos.com.br\/blog\/editais-prefeitura-de-bauru\/","og_locale":"pt_BR","og_type":"article","og_title":"Editais Prefeitura de Bauru: inscri\u00e7\u00f5es encerradas!","og_description":"Editais Prefeitura de Bauru: inscri\u00e7\u00f5es ENCERRADAS e provas marcadas para novembro e dezembro de 2021. Acesse e saiba mais aqui!","og_url":"https:\/\/www.estrategiaconcursos.com.br\/blog\/editais-prefeitura-de-bauru\/","og_site_name":"Estrat\u00e9gia Concursos","article_published_time":"2021-10-14T02:59:00+00:00","article_modified_time":"2021-10-14T15:27:59+00:00","og_image":[{"width":768,"height":432,"url":"https:\/\/dhg1h5j42swfq.cloudfront.net\/2021\/09\/29120304\/prefeitura_de_bauru-1.jpg","type":"image\/jpeg"}],"author":"F\u00e1bio Scaldelai","twitter_card":"summary_large_image","twitter_creator":"@EstratConcursos","twitter_site":"@EstratConcursos","twitter_misc":{"Escrito por":"F\u00e1bio Scaldelai","Est. tempo de leitura":"5 minutos"},"schema":{"@context":"https:\/\/schema.org","@graph":[{"@type":"NewsArticle","@id":"https:\/\/www.estrategiaconcursos.com.br\/blog\/editais-prefeitura-de-bauru\/#article","isPartOf":{"@id":"https:\/\/www.estrategiaconcursos.com.br\/blog\/editais-prefeitura-de-bauru\/"},"author":{"name":"F\u00e1bio Scaldelai","@id":"https:\/\/www.estrategiaconcursos.com.br\/blog\/#\/schema\/person\/e3b6b7ce0192dd4ad270655969d61750"},"headline":"Editais Prefeitura de Bauru: inscri\u00e7\u00f5es encerradas!","datePublished":"2021-10-14T02:59:00+00:00","dateModified":"2021-10-14T15:27:59+00:00","mainEntityOfPage":{"@id":"https:\/\/www.estrategiaconcursos.com.br\/blog\/editais-prefeitura-de-bauru\/"},"wordCount":590,"commentCount":0,"publisher":{"@id":"https:\/\/www.estrategiaconcursos.com.br\/blog\/#organization"},"image":{"@id":"https:\/\/www.estrategiaconcursos.com.br\/blog\/editais-prefeitura-de-bauru\/#primaryimage"},"thumbnailUrl":"https:\/\/dhg1h5j42swfq.cloudfront.net\/2021\/09\/29120304\/prefeitura_de_bauru-1.jpg","articleSection":["Executivo (Administrativa)"],"inLanguage":"pt-BR","potentialAction":[{"@type":"CommentAction","name":"Comment","target":["https:\/\/www.estrategiaconcursos.com.br\/blog\/editais-prefeitura-de-bauru\/#respond"]}],"copyrightYear":"2021","copyrightHolder":{"@id":"https:\/\/www.estrategiaconcursos.com.br\/blog\/#organization"}},{"@type":"WebPage","@id":"https:\/\/www.estrategiaconcursos.com.br\/blog\/editais-prefeitura-de-bauru\/","url":"https:\/\/www.estrategiaconcursos.com.br\/blog\/editais-prefeitura-de-bauru\/","name":"Editais Prefeitura de Bauru: inscri\u00e7\u00f5es encerradas!","isPartOf":{"@id":"https:\/\/www.estrategiaconcursos.com.br\/blog\/#website"},"primaryImageOfPage":{"@id":"https:\/\/www.estrategiaconcursos.com.br\/blog\/editais-prefeitura-de-bauru\/#primaryimage"},"image":{"@id":"https:\/\/www.estrategiaconcursos.com.br\/blog\/editais-prefeitura-de-bauru\/#primaryimage"},"thumbnailUrl":"https:\/\/dhg1h5j42swfq.cloudfront.net\/2021\/09\/29120304\/prefeitura_de_bauru-1.jpg","datePublished":"2021-10-14T02:59:00+00:00","dateModified":"2021-10-14T15:27:59+00:00","description":"Editais Prefeitura de Bauru: inscri\u00e7\u00f5es ENCERRADAS e provas marcadas para novembro e dezembro de 2021. Acesse e saiba mais aqui!","breadcrumb":{"@id":"https:\/\/www.estrategiaconcursos.com.br\/blog\/editais-prefeitura-de-bauru\/#breadcrumb"},"inLanguage":"pt-BR","potentialAction":[{"@type":"ReadAction","target":["https:\/\/www.estrategiaconcursos.com.br\/blog\/editais-prefeitura-de-bauru\/"]}]},{"@type":"ImageObject","inLanguage":"pt-BR","@id":"https:\/\/www.estrategiaconcursos.com.br\/blog\/editais-prefeitura-de-bauru\/#primaryimage","url":"https:\/\/dhg1h5j42swfq.cloudfront.net\/2021\/09\/29120304\/prefeitura_de_bauru-1.jpg","contentUrl":"https:\/\/dhg1h5j42swfq.cloudfront.net\/2021\/09\/29120304\/prefeitura_de_bauru-1.jpg","width":768,"height":432},{"@type":"BreadcrumbList","@id":"https:\/\/www.estrategiaconcursos.com.br\/blog\/editais-prefeitura-de-bauru\/#breadcrumb","itemListElement":[{"@type":"ListItem","position":1,"name":"In\u00edcio","item":"https:\/\/www.estrategiaconcursos.com.br\/blog\/"},{"@type":"ListItem","position":2,"name":"Editais Prefeitura de Bauru: inscri\u00e7\u00f5es encerradas!"}]},{"@type":"WebSite","@id":"https:\/\/www.estrategiaconcursos.com.br\/blog\/#website","url":"https:\/\/www.estrategiaconcursos.com.br\/blog\/","name":"Estrat\u00e9gia Concursos","description":"O blog da Estrat\u00e9gia Concursos traz not\u00edcias sobre concursos e artigos de professores oferecendo cursos para concursos (pdf + videaulas) no site.","publisher":{"@id":"https:\/\/www.estrategiaconcursos.com.br\/blog\/#organization"},"potentialAction":[{"@type":"SearchAction","target":{"@type":"EntryPoint","urlTemplate":"https:\/\/www.estrategiaconcursos.com.br\/blog\/?s={search_term_string}"},"query-input":{"@type":"PropertyValueSpecification","valueRequired":true,"valueName":"search_term_string"}}],"inLanguage":"pt-BR"},{"@type":"Organization","@id":"https:\/\/www.estrategiaconcursos.com.br\/blog\/#organization","name":"Estrat\u00e9gia Concursos","url":"https:\/\/www.estrategiaconcursos.com.br\/blog\/","logo":{"@type":"ImageObject","inLanguage":"pt-BR","@id":"https:\/\/www.estrategiaconcursos.com.br\/blog\/#\/schema\/logo\/image\/","url":"https:\/\/dhg1h5j42swfq.cloudfront.net\/2025\/06\/03203428\/logo_concursos-1.jpg","contentUrl":"https:\/\/dhg1h5j42swfq.cloudfront.net\/2025\/06\/03203428\/logo_concursos-1.jpg","width":230,"height":60,"caption":"Estrat\u00e9gia Concursos"},"image":{"@id":"https:\/\/www.estrategiaconcursos.com.br\/blog\/#\/schema\/logo\/image\/"},"sameAs":["https:\/\/x.com\/EstratConcursos"]},{"@type":"Person","@id":"https:\/\/www.estrategiaconcursos.com.br\/blog\/#\/schema\/person\/e3b6b7ce0192dd4ad270655969d61750","name":"F\u00e1bio Scaldelai","image":{"@type":"ImageObject","inLanguage":"pt-BR","@id":"https:\/\/secure.gravatar.com\/avatar\/8ed7492c4d88d8495bc0cb24cda6847b8ae23eec459a919e08e77d0ca0fd79ec?s=96&d=mm&r=g","url":"https:\/\/secure.gravatar.com\/avatar\/8ed7492c4d88d8495bc0cb24cda6847b8ae23eec459a919e08e77d0ca0fd79ec?s=96&d=mm&r=g","contentUrl":"https:\/\/secure.gravatar.com\/avatar\/8ed7492c4d88d8495bc0cb24cda6847b8ae23eec459a919e08e77d0ca0fd79ec?s=96&d=mm&r=g","caption":"F\u00e1bio Scaldelai"},"description":"Jornalista no Estrat\u00e9gia Concursos e Produtor de Televis\u00e3o, formado em Jornalismo, R\u00e1dio e TV pela Faculdade Integrada Rio Branco, com especializa\u00e7\u00f5es em Gest\u00e3o Empresarial e Marketing pelo M\u00f3dulo. Atuou como produtor no SBT, TV Bandeirantes e R\u00e1dio Band FM, al\u00e9m de acumular tr\u00eas anos de experi\u00eancia no setor de concursos p\u00fablicos pela LFG (Luiz Fl\u00e1vio Gomes). No Estrat\u00e9gia Concursos, atua na apura\u00e7\u00e3o de not\u00edcias da \u00e1rea fiscal, al\u00e9m de coberturas sobre concursos das \u00e1reas de controle (TCU, TCE, etc), concurso AFT, \u00e1rea de gest\u00e3o e administrativa, bem como dos \u00f3rg\u00e3os participantes do CNU. Tamb\u00e9m possui experi\u00eancia em link building e an\u00e1lise de m\u00eddia, adquirida durante sua atua\u00e7\u00e3o na ag\u00eancia SEO Marketing.","url":"https:\/\/www.estrategiaconcursos.com.br\/blog\/author\/fabio-scaldelaiestrategiaconcursos-com-br\/"}]}},"_links":{"self":[{"href":"https:\/\/www.estrategiaconcursos.com.br\/blog\/wp-json\/wp\/v2\/posts\/867251","targetHints":{"allow":["GET"]}}],"collection":[{"href":"https:\/\/www.estrategiaconcursos.com.br\/blog\/wp-json\/wp\/v2\/posts"}],"about":[{"href":"https:\/\/www.estrategiaconcursos.com.br\/blog\/wp-json\/wp\/v2\/types\/post"}],"author":[{"embeddable":true,"href":"https:\/\/www.estrategiaconcursos.com.br\/blog\/wp-json\/wp\/v2\/users\/656"}],"replies":[{"embeddable":true,"href":"https:\/\/www.estrategiaconcursos.com.br\/blog\/wp-json\/wp\/v2\/comments?post=867251"}],"version-history":[{"count":22,"href":"https:\/\/www.estrategiaconcursos.com.br\/blog\/wp-json\/wp\/v2\/posts\/867251\/revisions"}],"predecessor-version":[{"id":884554,"href":"https:\/\/www.estrategiaconcursos.com.br\/blog\/wp-json\/wp\/v2\/posts\/867251\/revisions\/884554"}],"wp:featuredmedia":[{"embeddable":true,"href":"https:\/\/www.estrategiaconcursos.com.br\/blog\/wp-json\/wp\/v2\/media\/873375"}],"wp:attachment":[{"href":"https:\/\/www.estrategiaconcursos.com.br\/blog\/wp-json\/wp\/v2\/media?parent=867251"}],"wp:term":[{"taxonomy":"category","embeddable":true,"href":"https:\/\/www.estrategiaconcursos.com.br\/blog\/wp-json\/wp\/v2\/categories?post=867251"},{"taxonomy":"post_tag","embeddable":true,"href":"https:\/\/www.estrategiaconcursos.com.br\/blog\/wp-json\/wp\/v2\/tags?post=867251"},{"taxonomy":"tax_estado","embeddable":true,"href":"https:\/\/www.estrategiaconcursos.com.br\/blog\/wp-json\/wp\/v2\/tax_estado?post=867251"}],"curies":[{"name":"wp","href":"https:\/\/api.w.org\/{rel}","templated":true}]}}