{"id":86716,"date":"2017-08-25T11:54:35","date_gmt":"2017-08-25T14:54:35","guid":{"rendered":"https:\/\/www.estrategiaconcursos.com.br\/blog\/?p=86716"},"modified":"2017-08-25T11:54:35","modified_gmt":"2017-08-25T14:54:35","slug":"prova-discursiva-p-tecnico-legislativo-da-cldf-voce-esta-preparado","status":"publish","type":"post","link":"https:\/\/www.estrategiaconcursos.com.br\/blog\/prova-discursiva-p-tecnico-legislativo-da-cldf-voce-esta-preparado\/","title":{"rendered":"Prova discursiva p\/ T\u00e9cnico Legislativo da CLDF: voc\u00ea est\u00e1 preparado?"},"content":{"rendered":"<p>Prezado aluno(a),<\/p>\n<p>Meu nome \u00e9 <strong>Carlos Roberto<\/strong>, sou formado em Ci\u00eancias Cont\u00e1beis e Atuariais pela Universidade de Bras\u00edlia \u2013 UNB, p\u00f3s-graduado em Controladoria Governamental e, tamb\u00e9m, em <strong>L\u00edngua Portuguesa<\/strong>. Durante dez anos (2003-2013), fui servidor do Tribunal de Justi\u00e7a do Distrito Federal e Territ\u00f3rios \u2013 TJDFT e, atualmente, ocupo o cargo de Analista da carreira de Especialista do Banco Central do Brasil \u2013 BCB, aprovado no concurso de 2013. No Estrat\u00e9gia Concursos, sou Coach e Professor, incluindo-se, em meu escopo docente, cursos de <strong>discursivas<\/strong> e <strong>recursos<\/strong>.<\/p>\n<p>Em breve voc\u00ea far\u00e1 a prova discursiva para o cargo de T\u00e9cnico Legislativo da CLDF (Grupos 3 e 3 A). Voc\u00ea conhece as caracter\u00edsticas das provas discursivas da Funda\u00e7\u00e3o Carlos Chagas \u2013 FCC?<\/p>\n<p>A FCC tem a caracter\u00edstica de cobrar temas acerca de conhecimentos gerais (atualidades), sobre os quais \u00e9 exigida uma <strong>disserta\u00e7\u00e3o argumentativa<\/strong>.<\/p>\n<p>A caracter\u00edstica da disserta\u00e7\u00e3o argumentativa \u00e9 que voc\u00ea precisar\u00e1 defender um ponto de vista sobre o tema que for apresentado, o qual dever\u00e1 ser consubstanciado mediante argumentos convincentes.<\/p>\n<p>Portanto, futuro T\u00e9cnico Legislativo da CLDF, \u00e9 imprescind\u00edvel que voc\u00ea esteja atento a diversos assuntos atuais, sobretudo aqueles que, de alguma maneira, estejam relacionados com o Distrito Federal e com as atividades que voc\u00ea ir\u00e1 exercer em seu cargo.<\/p>\n<p>Segundo o edital, a prova discursiva consistir\u00e1 em elabora\u00e7\u00e3o de <strong>reda\u00e7\u00e3o<\/strong>, a partir de \u00fanica proposta, e destinar-se-\u00e1 a avaliar:<\/p>\n<ol>\n<li><strong><u>Macroestrutura Textual<\/u><\/strong><strong>: conte\u00fado e estrutura<\/strong> (pertin\u00eancia ao tema, respeito \u00e0 modalidade de texto proposta, clareza e l\u00f3gica na exposi\u00e7\u00e3o das ideias);<\/li>\n<li><strong><u>Microestrutura Textual<\/u><\/strong><strong>: express\u00e3o<\/strong> (dom\u00ednio correto da norma culta da L\u00edngua Portuguesa e das estruturas da l\u00edngua \u2013 adequa\u00e7\u00e3o vocabular, ortografia, morfologia, sintaxe e pontua\u00e7\u00e3o).<\/li>\n<\/ol>\n<p>Sendo assim, esta ser\u00e1 a \u201c<strong>Tr\u00edade de Avalia\u00e7\u00e3o<\/strong>\u201d \u00e0 qual voc\u00ea estar\u00e1 submetido no processo avaliativo: <strong>conte\u00fado<\/strong>, <strong>estrutura <\/strong>e <strong>express\u00e3o<\/strong>.<\/p>\n<p>Aqui, no Estrat\u00e9gia Concursos, n\u00f3s j\u00e1 disponibilizamos o curso focado na prova discursiva para o cargo de T\u00e9cnico Legislativo (Grupos 3 e 3\u00aa), o qual trabalhar\u00e1 as nuan\u00e7as da banca examinadora, al\u00e9m de oferecer-lhe corre\u00e7\u00f5es personalizadas de suas reda\u00e7\u00f5es.<\/p>\n<p>Empenhar-me-ei ao m\u00e1ximo para que voc\u00ea se sinta \u00e0 vontade no dia da prova.<\/p>\n<p>A seguir, disponibilizo meus contatos para que possamos encurtar nossa dist\u00e2ncia e me coloco \u00e0 sua disposi\u00e7\u00e3o para sanar d\u00favidas que porventura surgirem nesta empreitada.<\/p>\n<p>Bons estudos!<\/p>\n<p>Link do Curso: <a href=\"https:\/\/www.estrategiaconcursos.com.br\/curso\/discursiva-p-cldf-tecnico-legislativo-3-correcoes-por-aluno\/\">https:\/\/www.estrategiaconcursos.com.br\/curso\/discursiva-p-cldf-tecnico-legislativo-3-correcoes-por-aluno\/<\/a><\/p>\n<p>Instagram: carlosroberto_coach<\/p>\n<p>Facebook:\u00a0\u00a0 facebook.com\/coachcarlosroberto<\/p>\n<p>E-mail:\u00a0 \u00a0\u00a0\u00a0\u00a0\u00a0\u00a0\u00a0<a href=\"mailto:carlosroberto@estrategiaconcursos.com.br\">carlosroberto@estrategiaconcursos.com.br<\/a><\/p>\n<p>&nbsp;<\/p>\n<p>&nbsp;<\/p>\n<p>&nbsp;<\/p>\n<p>&nbsp;<\/p>\n","protected":false},"excerpt":{"rendered":"<p>Prezado aluno(a), Meu nome \u00e9 Carlos Roberto, sou formado em Ci\u00eancias Cont\u00e1beis e Atuariais pela Universidade de Bras\u00edlia \u2013 UNB, p\u00f3s-graduado em Controladoria Governamental e, tamb\u00e9m, em L\u00edngua Portuguesa. Durante dez anos (2003-2013), fui servidor do Tribunal de Justi\u00e7a do Distrito Federal e Territ\u00f3rios \u2013 TJDFT e, atualmente, ocupo o cargo de Analista da carreira [&hellip;]<\/p>\n","protected":false},"author":254,"featured_media":0,"comment_status":"open","ping_status":"open","sticky":false,"template":"","format":"standard","meta":{"post_tipo":"article","footnotes":""},"categories":[1],"tags":[],"tax_estado":[],"class_list":["post-86716","post","type-post","status-publish","format-standard","hentry","category-cursos-e-concursos"],"acf":[],"yoast_head":"<!-- This site is optimized with the Yoast SEO Premium plugin v27.2 (Yoast SEO v27.2) - https:\/\/yoast.com\/product\/yoast-seo-premium-wordpress\/ -->\n<title>Prova discursiva p\/ T\u00e9cnico Legislativo da CLDF: voc\u00ea est\u00e1 preparado?<\/title>\n<meta name=\"robots\" content=\"index, follow, max-snippet:-1, max-image-preview:large, max-video-preview:-1\" \/>\n<link rel=\"canonical\" href=\"https:\/\/www.estrategiaconcursos.com.br\/blog\/prova-discursiva-p-tecnico-legislativo-da-cldf-voce-esta-preparado\/\" \/>\n<meta property=\"og:locale\" content=\"pt_BR\" \/>\n<meta property=\"og:type\" content=\"article\" \/>\n<meta property=\"og:title\" content=\"Prova discursiva p\/ T\u00e9cnico Legislativo da CLDF: voc\u00ea est\u00e1 preparado?\" \/>\n<meta property=\"og:description\" content=\"Prezado aluno(a), Meu nome \u00e9 Carlos Roberto, sou formado em Ci\u00eancias Cont\u00e1beis e Atuariais pela Universidade de Bras\u00edlia \u2013 UNB, p\u00f3s-graduado em Controladoria Governamental e, tamb\u00e9m, em L\u00edngua Portuguesa. Durante dez anos (2003-2013), fui servidor do Tribunal de Justi\u00e7a do Distrito Federal e Territ\u00f3rios \u2013 TJDFT e, atualmente, ocupo o cargo de Analista da carreira [&hellip;]\" \/>\n<meta property=\"og:url\" content=\"https:\/\/www.estrategiaconcursos.com.br\/blog\/prova-discursiva-p-tecnico-legislativo-da-cldf-voce-esta-preparado\/\" \/>\n<meta property=\"og:site_name\" content=\"Estrat\u00e9gia Concursos\" \/>\n<meta property=\"article:published_time\" content=\"2017-08-25T14:54:35+00:00\" \/>\n<meta name=\"author\" content=\"Carlos Roberto Correa\" \/>\n<meta name=\"twitter:card\" content=\"summary_large_image\" \/>\n<meta name=\"twitter:creator\" content=\"@EstratConcursos\" \/>\n<meta name=\"twitter:site\" content=\"@EstratConcursos\" \/>\n<meta name=\"twitter:label1\" content=\"Escrito por\" \/>\n\t<meta name=\"twitter:data1\" content=\"Carlos Roberto Correa\" \/>\n\t<meta name=\"twitter:label2\" content=\"Est. tempo de leitura\" \/>\n\t<meta name=\"twitter:data2\" content=\"2 minutos\" \/>\n<script type=\"application\/ld+json\" class=\"yoast-schema-graph\">{\"@context\":\"https:\/\/schema.org\",\"@graph\":[{\"@type\":\"NewsArticle\",\"@id\":\"https:\/\/www.estrategiaconcursos.com.br\/blog\/prova-discursiva-p-tecnico-legislativo-da-cldf-voce-esta-preparado\/#article\",\"isPartOf\":{\"@id\":\"https:\/\/www.estrategiaconcursos.com.br\/blog\/prova-discursiva-p-tecnico-legislativo-da-cldf-voce-esta-preparado\/\"},\"author\":{\"name\":\"Carlos Roberto Correa\",\"@id\":\"https:\/\/www.estrategiaconcursos.com.br\/blog\/#\/schema\/person\/b04f52b4e46b9c2763b237dc0302b7a7\"},\"headline\":\"Prova discursiva p\/ T\u00e9cnico Legislativo da CLDF: voc\u00ea est\u00e1 preparado?\",\"datePublished\":\"2017-08-25T14:54:35+00:00\",\"mainEntityOfPage\":{\"@id\":\"https:\/\/www.estrategiaconcursos.com.br\/blog\/prova-discursiva-p-tecnico-legislativo-da-cldf-voce-esta-preparado\/\"},\"wordCount\":438,\"commentCount\":2,\"publisher\":{\"@id\":\"https:\/\/www.estrategiaconcursos.com.br\/blog\/#organization\"},\"articleSection\":[\"Concursos P\u00fablicos\"],\"inLanguage\":\"pt-BR\",\"potentialAction\":[{\"@type\":\"CommentAction\",\"name\":\"Comment\",\"target\":[\"https:\/\/www.estrategiaconcursos.com.br\/blog\/prova-discursiva-p-tecnico-legislativo-da-cldf-voce-esta-preparado\/#respond\"]}],\"copyrightYear\":\"2017\",\"copyrightHolder\":{\"@id\":\"https:\/\/www.estrategiaconcursos.com.br\/blog\/#organization\"}},{\"@type\":\"WebPage\",\"@id\":\"https:\/\/www.estrategiaconcursos.com.br\/blog\/prova-discursiva-p-tecnico-legislativo-da-cldf-voce-esta-preparado\/\",\"url\":\"https:\/\/www.estrategiaconcursos.com.br\/blog\/prova-discursiva-p-tecnico-legislativo-da-cldf-voce-esta-preparado\/\",\"name\":\"Prova discursiva p\/ T\u00e9cnico Legislativo da CLDF: voc\u00ea est\u00e1 preparado?\",\"isPartOf\":{\"@id\":\"https:\/\/www.estrategiaconcursos.com.br\/blog\/#website\"},\"datePublished\":\"2017-08-25T14:54:35+00:00\",\"breadcrumb\":{\"@id\":\"https:\/\/www.estrategiaconcursos.com.br\/blog\/prova-discursiva-p-tecnico-legislativo-da-cldf-voce-esta-preparado\/#breadcrumb\"},\"inLanguage\":\"pt-BR\",\"potentialAction\":[{\"@type\":\"ReadAction\",\"target\":[\"https:\/\/www.estrategiaconcursos.com.br\/blog\/prova-discursiva-p-tecnico-legislativo-da-cldf-voce-esta-preparado\/\"]}]},{\"@type\":\"BreadcrumbList\",\"@id\":\"https:\/\/www.estrategiaconcursos.com.br\/blog\/prova-discursiva-p-tecnico-legislativo-da-cldf-voce-esta-preparado\/#breadcrumb\",\"itemListElement\":[{\"@type\":\"ListItem\",\"position\":1,\"name\":\"In\u00edcio\",\"item\":\"https:\/\/www.estrategiaconcursos.com.br\/blog\/\"},{\"@type\":\"ListItem\",\"position\":2,\"name\":\"Prova discursiva p\/ T\u00e9cnico Legislativo da CLDF: voc\u00ea est\u00e1 preparado?\"}]},{\"@type\":\"WebSite\",\"@id\":\"https:\/\/www.estrategiaconcursos.com.br\/blog\/#website\",\"url\":\"https:\/\/www.estrategiaconcursos.com.br\/blog\/\",\"name\":\"Estrat\u00e9gia Concursos\",\"description\":\"O blog da Estrat\u00e9gia Concursos traz not\u00edcias sobre concursos e artigos de professores oferecendo cursos para concursos (pdf + videaulas) no site.\",\"publisher\":{\"@id\":\"https:\/\/www.estrategiaconcursos.com.br\/blog\/#organization\"},\"potentialAction\":[{\"@type\":\"SearchAction\",\"target\":{\"@type\":\"EntryPoint\",\"urlTemplate\":\"https:\/\/www.estrategiaconcursos.com.br\/blog\/?s={search_term_string}\"},\"query-input\":{\"@type\":\"PropertyValueSpecification\",\"valueRequired\":true,\"valueName\":\"search_term_string\"}}],\"inLanguage\":\"pt-BR\"},{\"@type\":\"Organization\",\"@id\":\"https:\/\/www.estrategiaconcursos.com.br\/blog\/#organization\",\"name\":\"Estrat\u00e9gia Concursos\",\"url\":\"https:\/\/www.estrategiaconcursos.com.br\/blog\/\",\"logo\":{\"@type\":\"ImageObject\",\"inLanguage\":\"pt-BR\",\"@id\":\"https:\/\/www.estrategiaconcursos.com.br\/blog\/#\/schema\/logo\/image\/\",\"url\":\"https:\/\/dhg1h5j42swfq.cloudfront.net\/2025\/06\/03203428\/logo_concursos-1.jpg\",\"contentUrl\":\"https:\/\/dhg1h5j42swfq.cloudfront.net\/2025\/06\/03203428\/logo_concursos-1.jpg\",\"width\":230,\"height\":60,\"caption\":\"Estrat\u00e9gia Concursos\"},\"image\":{\"@id\":\"https:\/\/www.estrategiaconcursos.com.br\/blog\/#\/schema\/logo\/image\/\"},\"sameAs\":[\"https:\/\/x.com\/EstratConcursos\"]},{\"@type\":\"Person\",\"@id\":\"https:\/\/www.estrategiaconcursos.com.br\/blog\/#\/schema\/person\/b04f52b4e46b9c2763b237dc0302b7a7\",\"name\":\"Carlos Roberto Correa\",\"image\":{\"@type\":\"ImageObject\",\"inLanguage\":\"pt-BR\",\"@id\":\"https:\/\/secure.gravatar.com\/avatar\/f4b738aef9d1cc2c2cfd779e48e5b0dee98cb28b76e015eb2f1d475ca568f24a?s=96&d=mm&r=g\",\"url\":\"https:\/\/secure.gravatar.com\/avatar\/f4b738aef9d1cc2c2cfd779e48e5b0dee98cb28b76e015eb2f1d475ca568f24a?s=96&d=mm&r=g\",\"contentUrl\":\"https:\/\/secure.gravatar.com\/avatar\/f4b738aef9d1cc2c2cfd779e48e5b0dee98cb28b76e015eb2f1d475ca568f24a?s=96&d=mm&r=g\",\"caption\":\"Carlos Roberto Correa\"},\"url\":\"https:\/\/www.estrategiaconcursos.com.br\/blog\/author\/carlosrobertoestrategiaconcursos-com-br\/\"}]}<\/script>\n<!-- \/ Yoast SEO Premium plugin. -->","yoast_head_json":{"title":"Prova discursiva p\/ T\u00e9cnico Legislativo da CLDF: voc\u00ea est\u00e1 preparado?","robots":{"index":"index","follow":"follow","max-snippet":"max-snippet:-1","max-image-preview":"max-image-preview:large","max-video-preview":"max-video-preview:-1"},"canonical":"https:\/\/www.estrategiaconcursos.com.br\/blog\/prova-discursiva-p-tecnico-legislativo-da-cldf-voce-esta-preparado\/","og_locale":"pt_BR","og_type":"article","og_title":"Prova discursiva p\/ T\u00e9cnico Legislativo da CLDF: voc\u00ea est\u00e1 preparado?","og_description":"Prezado aluno(a), Meu nome \u00e9 Carlos Roberto, sou formado em Ci\u00eancias Cont\u00e1beis e Atuariais pela Universidade de Bras\u00edlia \u2013 UNB, p\u00f3s-graduado em Controladoria Governamental e, tamb\u00e9m, em L\u00edngua Portuguesa. Durante dez anos (2003-2013), fui servidor do Tribunal de Justi\u00e7a do Distrito Federal e Territ\u00f3rios \u2013 TJDFT e, atualmente, ocupo o cargo de Analista da carreira [&hellip;]","og_url":"https:\/\/www.estrategiaconcursos.com.br\/blog\/prova-discursiva-p-tecnico-legislativo-da-cldf-voce-esta-preparado\/","og_site_name":"Estrat\u00e9gia Concursos","article_published_time":"2017-08-25T14:54:35+00:00","author":"Carlos Roberto Correa","twitter_card":"summary_large_image","twitter_creator":"@EstratConcursos","twitter_site":"@EstratConcursos","twitter_misc":{"Escrito por":"Carlos Roberto Correa","Est. tempo de leitura":"2 minutos"},"schema":{"@context":"https:\/\/schema.org","@graph":[{"@type":"NewsArticle","@id":"https:\/\/www.estrategiaconcursos.com.br\/blog\/prova-discursiva-p-tecnico-legislativo-da-cldf-voce-esta-preparado\/#article","isPartOf":{"@id":"https:\/\/www.estrategiaconcursos.com.br\/blog\/prova-discursiva-p-tecnico-legislativo-da-cldf-voce-esta-preparado\/"},"author":{"name":"Carlos Roberto Correa","@id":"https:\/\/www.estrategiaconcursos.com.br\/blog\/#\/schema\/person\/b04f52b4e46b9c2763b237dc0302b7a7"},"headline":"Prova discursiva p\/ T\u00e9cnico Legislativo da CLDF: voc\u00ea est\u00e1 preparado?","datePublished":"2017-08-25T14:54:35+00:00","mainEntityOfPage":{"@id":"https:\/\/www.estrategiaconcursos.com.br\/blog\/prova-discursiva-p-tecnico-legislativo-da-cldf-voce-esta-preparado\/"},"wordCount":438,"commentCount":2,"publisher":{"@id":"https:\/\/www.estrategiaconcursos.com.br\/blog\/#organization"},"articleSection":["Concursos P\u00fablicos"],"inLanguage":"pt-BR","potentialAction":[{"@type":"CommentAction","name":"Comment","target":["https:\/\/www.estrategiaconcursos.com.br\/blog\/prova-discursiva-p-tecnico-legislativo-da-cldf-voce-esta-preparado\/#respond"]}],"copyrightYear":"2017","copyrightHolder":{"@id":"https:\/\/www.estrategiaconcursos.com.br\/blog\/#organization"}},{"@type":"WebPage","@id":"https:\/\/www.estrategiaconcursos.com.br\/blog\/prova-discursiva-p-tecnico-legislativo-da-cldf-voce-esta-preparado\/","url":"https:\/\/www.estrategiaconcursos.com.br\/blog\/prova-discursiva-p-tecnico-legislativo-da-cldf-voce-esta-preparado\/","name":"Prova discursiva p\/ T\u00e9cnico Legislativo da CLDF: voc\u00ea est\u00e1 preparado?","isPartOf":{"@id":"https:\/\/www.estrategiaconcursos.com.br\/blog\/#website"},"datePublished":"2017-08-25T14:54:35+00:00","breadcrumb":{"@id":"https:\/\/www.estrategiaconcursos.com.br\/blog\/prova-discursiva-p-tecnico-legislativo-da-cldf-voce-esta-preparado\/#breadcrumb"},"inLanguage":"pt-BR","potentialAction":[{"@type":"ReadAction","target":["https:\/\/www.estrategiaconcursos.com.br\/blog\/prova-discursiva-p-tecnico-legislativo-da-cldf-voce-esta-preparado\/"]}]},{"@type":"BreadcrumbList","@id":"https:\/\/www.estrategiaconcursos.com.br\/blog\/prova-discursiva-p-tecnico-legislativo-da-cldf-voce-esta-preparado\/#breadcrumb","itemListElement":[{"@type":"ListItem","position":1,"name":"In\u00edcio","item":"https:\/\/www.estrategiaconcursos.com.br\/blog\/"},{"@type":"ListItem","position":2,"name":"Prova discursiva p\/ T\u00e9cnico Legislativo da CLDF: voc\u00ea est\u00e1 preparado?"}]},{"@type":"WebSite","@id":"https:\/\/www.estrategiaconcursos.com.br\/blog\/#website","url":"https:\/\/www.estrategiaconcursos.com.br\/blog\/","name":"Estrat\u00e9gia Concursos","description":"O blog da Estrat\u00e9gia Concursos traz not\u00edcias sobre concursos e artigos de professores oferecendo cursos para concursos (pdf + videaulas) no site.","publisher":{"@id":"https:\/\/www.estrategiaconcursos.com.br\/blog\/#organization"},"potentialAction":[{"@type":"SearchAction","target":{"@type":"EntryPoint","urlTemplate":"https:\/\/www.estrategiaconcursos.com.br\/blog\/?s={search_term_string}"},"query-input":{"@type":"PropertyValueSpecification","valueRequired":true,"valueName":"search_term_string"}}],"inLanguage":"pt-BR"},{"@type":"Organization","@id":"https:\/\/www.estrategiaconcursos.com.br\/blog\/#organization","name":"Estrat\u00e9gia Concursos","url":"https:\/\/www.estrategiaconcursos.com.br\/blog\/","logo":{"@type":"ImageObject","inLanguage":"pt-BR","@id":"https:\/\/www.estrategiaconcursos.com.br\/blog\/#\/schema\/logo\/image\/","url":"https:\/\/dhg1h5j42swfq.cloudfront.net\/2025\/06\/03203428\/logo_concursos-1.jpg","contentUrl":"https:\/\/dhg1h5j42swfq.cloudfront.net\/2025\/06\/03203428\/logo_concursos-1.jpg","width":230,"height":60,"caption":"Estrat\u00e9gia Concursos"},"image":{"@id":"https:\/\/www.estrategiaconcursos.com.br\/blog\/#\/schema\/logo\/image\/"},"sameAs":["https:\/\/x.com\/EstratConcursos"]},{"@type":"Person","@id":"https:\/\/www.estrategiaconcursos.com.br\/blog\/#\/schema\/person\/b04f52b4e46b9c2763b237dc0302b7a7","name":"Carlos Roberto Correa","image":{"@type":"ImageObject","inLanguage":"pt-BR","@id":"https:\/\/secure.gravatar.com\/avatar\/f4b738aef9d1cc2c2cfd779e48e5b0dee98cb28b76e015eb2f1d475ca568f24a?s=96&d=mm&r=g","url":"https:\/\/secure.gravatar.com\/avatar\/f4b738aef9d1cc2c2cfd779e48e5b0dee98cb28b76e015eb2f1d475ca568f24a?s=96&d=mm&r=g","contentUrl":"https:\/\/secure.gravatar.com\/avatar\/f4b738aef9d1cc2c2cfd779e48e5b0dee98cb28b76e015eb2f1d475ca568f24a?s=96&d=mm&r=g","caption":"Carlos Roberto Correa"},"url":"https:\/\/www.estrategiaconcursos.com.br\/blog\/author\/carlosrobertoestrategiaconcursos-com-br\/"}]}},"_links":{"self":[{"href":"https:\/\/www.estrategiaconcursos.com.br\/blog\/wp-json\/wp\/v2\/posts\/86716","targetHints":{"allow":["GET"]}}],"collection":[{"href":"https:\/\/www.estrategiaconcursos.com.br\/blog\/wp-json\/wp\/v2\/posts"}],"about":[{"href":"https:\/\/www.estrategiaconcursos.com.br\/blog\/wp-json\/wp\/v2\/types\/post"}],"author":[{"embeddable":true,"href":"https:\/\/www.estrategiaconcursos.com.br\/blog\/wp-json\/wp\/v2\/users\/254"}],"replies":[{"embeddable":true,"href":"https:\/\/www.estrategiaconcursos.com.br\/blog\/wp-json\/wp\/v2\/comments?post=86716"}],"version-history":[{"count":5,"href":"https:\/\/www.estrategiaconcursos.com.br\/blog\/wp-json\/wp\/v2\/posts\/86716\/revisions"}],"predecessor-version":[{"id":86721,"href":"https:\/\/www.estrategiaconcursos.com.br\/blog\/wp-json\/wp\/v2\/posts\/86716\/revisions\/86721"}],"wp:attachment":[{"href":"https:\/\/www.estrategiaconcursos.com.br\/blog\/wp-json\/wp\/v2\/media?parent=86716"}],"wp:term":[{"taxonomy":"category","embeddable":true,"href":"https:\/\/www.estrategiaconcursos.com.br\/blog\/wp-json\/wp\/v2\/categories?post=86716"},{"taxonomy":"post_tag","embeddable":true,"href":"https:\/\/www.estrategiaconcursos.com.br\/blog\/wp-json\/wp\/v2\/tags?post=86716"},{"taxonomy":"tax_estado","embeddable":true,"href":"https:\/\/www.estrategiaconcursos.com.br\/blog\/wp-json\/wp\/v2\/tax_estado?post=86716"}],"curies":[{"name":"wp","href":"https:\/\/api.w.org\/{rel}","templated":true}]}}