{"id":86678,"date":"2017-08-24T19:04:47","date_gmt":"2017-08-24T22:04:47","guid":{"rendered":"https:\/\/www.estrategiaconcursos.com.br\/blog\/?p=86678"},"modified":"2017-08-24T19:09:30","modified_gmt":"2017-08-24T22:09:30","slug":"atualidades-pmap-soldado-prova-comentada","status":"publish","type":"post","link":"https:\/\/www.estrategiaconcursos.com.br\/blog\/atualidades-pmap-soldado-prova-comentada\/","title":{"rendered":"Atualidades &#8211; PM\/AP &#8211; Soldado &#8211; prova comentada"},"content":{"rendered":"<p style=\"text-align: justify\">Ol\u00e1 galera do Estrat\u00e9gia Concursos,<\/p>\n<p style=\"text-align: justify\">Seguem os coment\u00e1rios das quest\u00f5es de Atualidades, da prova da Pol\u00edcia Militar do Amap\u00e1 &#8211; Soldado, aplicada no \u00faltimo domingo.<\/p>\n<p style=\"text-align: justify\">Foi uma prova tranquila, f\u00e1cil, bem no estilo da FCC. Recebi mensagens de v\u00e1rios alunos dizendo que foram muito bem na prova, por meio do estudo do nosso curso.<\/p>\n<p style=\"text-align: justify\">A banca cobrou fatos ocorridos entre os meses de maio e julho. As quest\u00f5es foram elaboradas em torno de 25 dias antes da prova, ou seja, num per\u00edodo bem pr\u00f3ximo da sua aplica\u00e7\u00e3o.<\/p>\n<p style=\"text-align: justify\">Vamos aos coment\u00e1rios:<\/p>\n<p>&nbsp;<\/p>\n<p style=\"text-align: justify\">43. O pa\u00eds confirmou nesta segunda-feira (15 de maio) o lan\u00e7amento com sucesso de um novo tipo de m\u00edssil bal\u00edstico de m\u00e9dio a longo alcance, capaz de levar uma ogiva nuclear &#8220;de grande tamanho&#8221;, informou a ag\u00eancia estatal.<\/p>\n<p style=\"text-align: justify\">L\u00edderes mundiais expressaram apreens\u00e3o quanto aos mais recentes lan\u00e7amentos de m\u00edsseis aparentemente bal\u00edsticos pelo pa\u00eds apesar das san\u00e7\u00f5es impostas pelos Estados Unidos e as Na\u00e7\u00f5es Unidas, em rea\u00e7\u00e3o aos esfor\u00e7os de armamento nuclear do pa\u00eds asi\u00e1tico.<\/p>\n<p style=\"text-align: justify\">(Adaptado de: http:\/\/g1.globo.com. Acessado em: 20\/07\/2017)<\/p>\n<p style=\"text-align: justify\">O pa\u00eds que lan\u00e7ou o m\u00edssil foi<\/p>\n<p style=\"text-align: justify\">(A) o Paquist\u00e3o.<\/p>\n<p style=\"text-align: justify\">(B) o Afeganist\u00e3o.<\/p>\n<p style=\"text-align: justify\">(C) o Iraque.<\/p>\n<p style=\"text-align: justify\">(D) a \u00cdndia.<\/p>\n<p style=\"text-align: justify\">(E) a Coreia do Norte.<\/p>\n<p style=\"text-align: justify\"><span style=\"text-decoration: underline\"><strong>COMENT\u00c1RIOS:<\/strong><\/span><\/p>\n<p style=\"text-align: justify\"><span style=\"color: #ff0000\">O m\u00edssil foi lan\u00e7ado pela Coreia do Norte. O pa\u00eds desenvolve um pol\u00eamico programa de armas nucleares e m\u00edsseis bal\u00edsticos, que tem gerado tens\u00f5es com o pa\u00eds vizinho, a Coreia do Sul, o Jap\u00e3o e os Estados Unidos. Pelo desenvolvimento das armas nucleares, a Coreia do Norte tem sofrido san\u00e7\u00f5es do Conselho de Seguran\u00e7a da ONU e dos norte-americanos.<\/span><\/p>\n<p style=\"text-align: justify\"><strong>Gabarito: E<\/strong><\/p>\n<p>&nbsp;<\/p>\n<p style=\"text-align: justify\">44. A balan\u00e7a comercial brasileira registrou em maio (2017) super\u00e1vit (exporta\u00e7\u00f5es maiores que importa\u00e7\u00f5es) de US$ 7,66 bilh\u00f5es, informou nesta quinta-feira (1o) o Minist\u00e9rio da Ind\u00fastria, Com\u00e9rcio Exterior e Servi\u00e7os (MDIC). Trata-se do maior super\u00e1vit para um \u00fanico m\u00eas desde o in\u00edcio da s\u00e9rie hist\u00f3rica do MDIC, que tem in\u00edcio em 1989, ou seja, o maior super\u00e1vit mensal em 29 anos.<\/p>\n<p style=\"text-align: justify\">(Adaptado de: goo.gl. Acessado em: 20\/07\/2017)<\/p>\n<p style=\"text-align: justify\">Entre os produtos exportados respons\u00e1veis pelo super\u00e1vit destacam-se<\/p>\n<p style=\"text-align: justify\">(A) os autom\u00f3veis e o trigo.<\/p>\n<p style=\"text-align: justify\">(B) a madeira e o feij\u00e3o.<\/p>\n<p style=\"text-align: justify\">(C) a soja e o ferro.<\/p>\n<p style=\"text-align: justify\">(D) as bebidas e os sapatos.<\/p>\n<p style=\"text-align: justify\">(E) as m\u00e1quinas pesadas e o petr\u00f3leo.<\/p>\n<p style=\"text-align: justify\"><span style=\"text-decoration: underline\"><strong>COMENT\u00c1RIOS:<\/strong><\/span><\/p>\n<p style=\"text-align: justify\"><span style=\"color: #ff0000\">Entre os produtos exportados respons\u00e1veis pelo super\u00e1vit est\u00e3o a soja e o ferro. O Brasil \u00e9 um grande exportador de commodities, como a soja, o milho, o caf\u00e9, o a\u00e7\u00facar, o suco de laranja, o ferro, o a\u00e7o e a celulose. A balan\u00e7a comercial setorial das commodities \u00e9 altamente superavit\u00e1ria, ou seja, o Brasil exporta muitas e importa poucas commodities.<\/span><\/p>\n<p style=\"text-align: justify\"><strong>Gabarito: C<\/strong><\/p>\n<p>&nbsp;<\/p>\n<p style=\"text-align: justify\">45. Em junho de 2017, uma importante capital europeia foi v\u00edtima de ataques terroristas simult\u00e2neos que mataram quase uma dezena de pessoas.<\/p>\n<p style=\"text-align: justify\">A capital mencionada na not\u00edcia \u00e9<\/p>\n<p style=\"text-align: justify\">(A) Lisboa.<\/p>\n<p style=\"text-align: justify\">(B) Madri.<\/p>\n<p style=\"text-align: justify\">(C) Oslo.<\/p>\n<p style=\"text-align: justify\">(D) Londres.<\/p>\n<p style=\"text-align: justify\">(E) Moscou.<\/p>\n<p style=\"text-align: justify\"><span style=\"text-decoration: underline\"><strong>COMENT\u00c1RIOS:<\/strong><\/span><\/p>\n<p style=\"text-align: justify\"><span style=\"color: #ff0000\">A capital mencionada na not\u00edcia \u00e9 Londres. Em 3 de junho de 2017, terroristas atropelaram com uma van os pedestres que passavam pela London Bridge, um dos cart\u00f5es-postais da cidade. <\/span><\/p>\n<p style=\"text-align: justify\"><span style=\"color: #ff0000\">Relatos de testemunhas apontam que a van deixou a \u00e1rea reservada aos ve\u00edculos na ponte e avan\u00e7ou contra os pedestres na cal\u00e7ada a mais de 80 Km\/h.<\/span><\/p>\n<p style=\"text-align: justify\"><span style=\"color: #ff0000\">Depois os homens sacaram facas e passaram a atacar pessoas que estavam em bares e restaurantes nas proximidades do Borough Market. Alguns usavam coletes com explosivos falsos, segundo os policiais. O atentado deixou 10 mortos no total, tr\u00eas terroristas e sete v\u00edtimas.<\/span><\/p>\n<p style=\"text-align: justify\"><span style=\"color: #ff0000\">O Estado Isl\u00e2mico assumiu a autoria do atentado. Na medida em que vem sofrendo derrotas e perdendo territ\u00f3rio no Iraque e na S\u00edria, o Estado Isl\u00e2mico tem intensificado o cometimento de atentados terroristas em cidades europeias.<\/span><\/p>\n<p style=\"text-align: justify\"><span style=\"color: #ff0000\">As for\u00e7as de seguran\u00e7a t\u00eam tido grande dificuldade de detectar e impedir previamente os atentados, pois s\u00e3o realizados por islamistas radicalizados que residem no pr\u00f3prio pa\u00eds do atentado. N\u00e3o s\u00e3o terroristas de fora. S\u00e3o pessoas que se radicalizaram com a mensagem do Estado Isl\u00e2mico, agindo sozinhos ou em pequenos grupos. Por isso, tamb\u00e9m s\u00e3o chamados de \u201clobos solit\u00e1rios\u201d.<\/span><\/p>\n<p style=\"text-align: justify\"><strong>Gabarito: D<\/strong><\/p>\n<p>&nbsp;<\/p>\n<p style=\"text-align: justify\">46. Insatisfeito com o salto no desmatamento nos \u00faltimos dois anos, o principal doador internacional para projetos na Amaz\u00f4nia questionar\u00e1 o mandat\u00e1rio brasileiro sobre os rumos da pol\u00edtica ambiental do pa\u00eds.<\/p>\n<p style=\"text-align: justify\">(Adaptado de: goo.gl. Acessado em: 22\/07\/2017)<\/p>\n<p style=\"text-align: justify\">O principal doador para projetos na Amaz\u00f4nia \u00e9<\/p>\n<p style=\"text-align: justify\">(A) a Noruega.<\/p>\n<p style=\"text-align: justify\">(B) Portugal.<\/p>\n<p style=\"text-align: justify\">(C) a Espanha.<\/p>\n<p style=\"text-align: justify\">(D) o Jap\u00e3o.<\/p>\n<p style=\"text-align: justify\">(E) o Canad\u00e1.<\/p>\n<p style=\"text-align: justify\"><span style=\"text-decoration: underline\"><strong>COMENT\u00c1RIOS:<\/strong><\/span><\/p>\n<p style=\"text-align: justify\"><span style=\"color: #ff0000\">A Noruega \u00e9 o principal doador para projetos ambientais na Amaz\u00f4nia brasileira. O pa\u00eds quer garantias do presidente Michel Temer de que se reverter\u00e3o as taxas de desmatamento no bioma, sob risco de suspens\u00e3o ou redu\u00e7\u00e3o do pagamento da pr\u00f3xima parcela de contribui\u00e7\u00e3o ao Fundo da Amaz\u00f4nia, no fim de 2017. O tema est\u00e1 em an\u00e1lise pelo governo noruegu\u00eas e uma decis\u00e3o ser\u00e1 tomada no segundo semestre.<\/span><\/p>\n<p style=\"text-align: justify\"><span style=\"color: #ff0000\">Pelo acordo de 2008, a distribui\u00e7\u00e3o de verbas para bancar a\u00e7\u00f5es de prote\u00e7\u00e3o da Amaz\u00f4nia s\u00f3 ocorre com resultados no combate ao desmatamento. Como em 2015 e 2016 houve aumento da \u00e1rea desflorestada, o dinheiro pode ser reduzido.<\/span><\/p>\n<p style=\"text-align: justify\"><span style=\"color: #ff0000\">No primeiro acordo, US$ 1 bilh\u00e3o foi entregue ao Brasil. Em 2015, Oslo prometeu mais US$ 600 milh\u00f5es at\u00e9 2020. No ano passado, parcela de US$ 100 milh\u00f5es foi entregue. Mas, at\u00e9 o fim de 2017, a Noruega avaliar\u00e1 se suspende temporariamente o pagamento, reduz ou mant\u00e9m a transfer\u00eancia. Essa \u00e9 a primeira vez que a coopera\u00e7\u00e3o vive esse questionamento.<\/span><\/p>\n<p style=\"text-align: justify\"><strong>Gabarito: A<\/strong><\/p>\n<p>&nbsp;<\/p>\n<p style=\"text-align: justify\">47. Com a aprova\u00e7\u00e3o no dia 11 de julho pelo Senado Federal, v\u00e1rias regras da atual legisla\u00e7\u00e3o ser\u00e3o alteradas e come\u00e7ar\u00e3o a valer para todos os contratos atuais no Brasil a partir do momento em que entrar em vigor, no m\u00eas de novembro (120 dias ap\u00f3s a san\u00e7\u00e3o do presidente, feita no dia 13 de julho).<\/p>\n<p style=\"text-align: justify\">(Adaptado de: goo.gl. Acessado em: 22\/07\/2017)<\/p>\n<p style=\"text-align: justify\">A not\u00edcia faz refer\u00eancia \u00e0 reforma<\/p>\n<p style=\"text-align: justify\">(A) pol\u00edtica.<\/p>\n<p style=\"text-align: justify\">(B) da previd\u00eancia<\/p>\n<p style=\"text-align: justify\">(C) do c\u00f3digo civil.<\/p>\n<p style=\"text-align: justify\">(D) trabalhista.<\/p>\n<p style=\"text-align: justify\">(E) do estatuto da terra.<\/p>\n<p style=\"text-align: justify\"><span style=\"text-decoration: underline\"><strong>COMENT\u00c1RIOS:<\/strong><\/span><\/p>\n<p style=\"text-align: justify\"><span style=\"color: #ff0000\">A not\u00edcia faz refer\u00eancia \u00e0 reforma trabalhista aprovada pelo Congresso Nacional e sancionada pelo presidente Michel Temer. A reforma pol\u00edtica est\u00e1 em discuss\u00e3o na C\u00e2mara dos Deputados. A tramita\u00e7\u00e3o da reforma da previd\u00eancia est\u00e1 parada na C\u00e2mara dos Deputados. No momento, n\u00e3o est\u00e1 havendo uma ampla discuss\u00e3o sobre a reforma do Estatuto da Terra e do C\u00f3digo Civil.<\/span><\/p>\n<p style=\"text-align: justify\"><strong>Gabarito: D<\/strong><\/p>\n<p>&nbsp;<\/p>\n<p style=\"text-align: justify\">48. Em 21 de julho, o presidente Michel Temer participou de reuni\u00e3o com presidentes de outros pa\u00edses sul-americanos, em Mendoza, na Argentina. Entre os temas discutidos na reuni\u00e3o estava a atual situa\u00e7\u00e3o da Venezuela. O encontro marcou a entrada do Brasil na presid\u00eancia tempor\u00e1ria do bloco pelos pr\u00f3ximos seis meses.<\/p>\n<p style=\"text-align: justify\">(Adaptado de: goo.gl. Acessado em 21\/07\/2017)<\/p>\n<p style=\"text-align: justify\">O bloco mencionado na not\u00edcia \u00e9<\/p>\n<p style=\"text-align: justify\">(A) o Nafta.<\/p>\n<p style=\"text-align: justify\">(B) o Mercosul.<\/p>\n<p style=\"text-align: justify\">(C) a Uni\u00e3o Europeia.<\/p>\n<p style=\"text-align: justify\">(D) a Unasul.<\/p>\n<p style=\"text-align: justify\">(E) a Comunidade do Pac\u00edfico.<\/p>\n<p style=\"text-align: justify\"><span style=\"text-decoration: underline\"><strong>COMENT\u00c1RIOS:<\/strong><\/span><\/p>\n<p style=\"text-align: justify\"><span style=\"color: #ff0000\">O Brasil n\u00e3o \u00e9 membro do Nafta, nem da Uni\u00e3o Europeia. A Comunidade do Pac\u00edfico \u00e9 uma entidade que congrega pa\u00edses e territ\u00f3rios situados no Oceano Pac\u00edfico. A Unasul n\u00e3o \u00e9 um bloco econ\u00f4mico, mas uma entidade que congrega os pa\u00edses da Am\u00e9rica do Sul. Por exclus\u00e3o, a resposta \u00e9 o Mercosul. O bloco possui uma presid\u00eancia rotativa. Por ordem alfab\u00e9tica, a cada seis meses um Estado-parte assume a presid\u00eancia do bloco.<\/span><\/p>\n<p style=\"text-align: justify\"><strong>Gabarito: B<\/strong><\/p>\n<p>&nbsp;<\/p>\n<p style=\"text-align: justify\">Sucesso no concurso!<\/p>\n<p style=\"text-align: justify\">Prof. Leandro Signori<\/p>\n","protected":false},"excerpt":{"rendered":"<p>Ol\u00e1 galera do Estrat\u00e9gia Concursos, Seguem os coment\u00e1rios das quest\u00f5es de Atualidades, da prova da Pol\u00edcia Militar do Amap\u00e1 &#8211; Soldado, aplicada no \u00faltimo domingo. Foi uma prova tranquila, f\u00e1cil, bem no estilo da FCC. Recebi mensagens de v\u00e1rios alunos dizendo que foram muito bem na prova, por meio do estudo do nosso curso. A [&hellip;]<\/p>\n","protected":false},"author":306,"featured_media":0,"comment_status":"open","ping_status":"open","sticky":false,"template":"","format":"standard","meta":{"post_tipo":"article","footnotes":""},"categories":[1,1988],"tags":[549],"tax_estado":[],"class_list":["post-86678","post","type-post","status-publish","format-standard","hentry","category-cursos-e-concursos","category-policia","tag-atualidades"],"acf":[],"yoast_head":"<!-- This site is optimized with the Yoast SEO Premium plugin v27.2 (Yoast SEO v27.2) - https:\/\/yoast.com\/product\/yoast-seo-premium-wordpress\/ -->\n<title>Atualidades - PM\/AP - Soldado - prova comentada<\/title>\n<meta name=\"robots\" content=\"index, follow, max-snippet:-1, max-image-preview:large, max-video-preview:-1\" \/>\n<link rel=\"canonical\" href=\"https:\/\/www.estrategiaconcursos.com.br\/blog\/atualidades-pmap-soldado-prova-comentada\/\" \/>\n<meta property=\"og:locale\" content=\"pt_BR\" \/>\n<meta property=\"og:type\" content=\"article\" \/>\n<meta property=\"og:title\" content=\"Atualidades - PM\/AP - Soldado - prova comentada\" \/>\n<meta property=\"og:description\" content=\"Ol\u00e1 galera do Estrat\u00e9gia Concursos, Seguem os coment\u00e1rios das quest\u00f5es de Atualidades, da prova da Pol\u00edcia Militar do Amap\u00e1 &#8211; Soldado, aplicada no \u00faltimo domingo. Foi uma prova tranquila, f\u00e1cil, bem no estilo da FCC. Recebi mensagens de v\u00e1rios alunos dizendo que foram muito bem na prova, por meio do estudo do nosso curso. A [&hellip;]\" \/>\n<meta property=\"og:url\" content=\"https:\/\/www.estrategiaconcursos.com.br\/blog\/atualidades-pmap-soldado-prova-comentada\/\" \/>\n<meta property=\"og:site_name\" content=\"Estrat\u00e9gia Concursos\" \/>\n<meta property=\"article:author\" content=\"https:\/\/www.facebook.com\/leandrosignoriatualidades\/\" \/>\n<meta property=\"article:published_time\" content=\"2017-08-24T22:04:47+00:00\" \/>\n<meta property=\"article:modified_time\" content=\"2017-08-24T22:09:30+00:00\" \/>\n<meta name=\"author\" content=\"Leandro Signori\" \/>\n<meta name=\"twitter:card\" content=\"summary_large_image\" \/>\n<meta name=\"twitter:creator\" content=\"@EstratConcursos\" \/>\n<meta name=\"twitter:site\" content=\"@EstratConcursos\" \/>\n<meta name=\"twitter:label1\" content=\"Escrito por\" \/>\n\t<meta name=\"twitter:data1\" content=\"Leandro Signori\" \/>\n\t<meta name=\"twitter:label2\" content=\"Est. tempo de leitura\" \/>\n\t<meta name=\"twitter:data2\" content=\"7 minutos\" \/>\n<script type=\"application\/ld+json\" class=\"yoast-schema-graph\">{\"@context\":\"https:\/\/schema.org\",\"@graph\":[{\"@type\":\"NewsArticle\",\"@id\":\"https:\/\/www.estrategiaconcursos.com.br\/blog\/atualidades-pmap-soldado-prova-comentada\/#article\",\"isPartOf\":{\"@id\":\"https:\/\/www.estrategiaconcursos.com.br\/blog\/atualidades-pmap-soldado-prova-comentada\/\"},\"author\":{\"name\":\"Leandro Signori\",\"@id\":\"https:\/\/www.estrategiaconcursos.com.br\/blog\/#\/schema\/person\/d2e7d78de4b9d6ba51cc24fd558a7f42\"},\"headline\":\"Atualidades &#8211; PM\/AP &#8211; Soldado &#8211; prova comentada\",\"datePublished\":\"2017-08-24T22:04:47+00:00\",\"dateModified\":\"2017-08-24T22:09:30+00:00\",\"mainEntityOfPage\":{\"@id\":\"https:\/\/www.estrategiaconcursos.com.br\/blog\/atualidades-pmap-soldado-prova-comentada\/\"},\"wordCount\":1349,\"commentCount\":1,\"publisher\":{\"@id\":\"https:\/\/www.estrategiaconcursos.com.br\/blog\/#organization\"},\"keywords\":[\"Atualidades\"],\"articleSection\":[\"Concursos P\u00fablicos\",\"Policial (Agente, Escriv\u00e3o e Investigador)\"],\"inLanguage\":\"pt-BR\",\"potentialAction\":[{\"@type\":\"CommentAction\",\"name\":\"Comment\",\"target\":[\"https:\/\/www.estrategiaconcursos.com.br\/blog\/atualidades-pmap-soldado-prova-comentada\/#respond\"]}],\"copyrightYear\":\"2017\",\"copyrightHolder\":{\"@id\":\"https:\/\/www.estrategiaconcursos.com.br\/blog\/#organization\"}},{\"@type\":\"WebPage\",\"@id\":\"https:\/\/www.estrategiaconcursos.com.br\/blog\/atualidades-pmap-soldado-prova-comentada\/\",\"url\":\"https:\/\/www.estrategiaconcursos.com.br\/blog\/atualidades-pmap-soldado-prova-comentada\/\",\"name\":\"Atualidades - PM\/AP - Soldado - prova comentada\",\"isPartOf\":{\"@id\":\"https:\/\/www.estrategiaconcursos.com.br\/blog\/#website\"},\"datePublished\":\"2017-08-24T22:04:47+00:00\",\"dateModified\":\"2017-08-24T22:09:30+00:00\",\"breadcrumb\":{\"@id\":\"https:\/\/www.estrategiaconcursos.com.br\/blog\/atualidades-pmap-soldado-prova-comentada\/#breadcrumb\"},\"inLanguage\":\"pt-BR\",\"potentialAction\":[{\"@type\":\"ReadAction\",\"target\":[\"https:\/\/www.estrategiaconcursos.com.br\/blog\/atualidades-pmap-soldado-prova-comentada\/\"]}]},{\"@type\":\"BreadcrumbList\",\"@id\":\"https:\/\/www.estrategiaconcursos.com.br\/blog\/atualidades-pmap-soldado-prova-comentada\/#breadcrumb\",\"itemListElement\":[{\"@type\":\"ListItem\",\"position\":1,\"name\":\"In\u00edcio\",\"item\":\"https:\/\/www.estrategiaconcursos.com.br\/blog\/\"},{\"@type\":\"ListItem\",\"position\":2,\"name\":\"Atualidades &#8211; PM\/AP &#8211; Soldado &#8211; prova comentada\"}]},{\"@type\":\"WebSite\",\"@id\":\"https:\/\/www.estrategiaconcursos.com.br\/blog\/#website\",\"url\":\"https:\/\/www.estrategiaconcursos.com.br\/blog\/\",\"name\":\"Estrat\u00e9gia Concursos\",\"description\":\"O blog da Estrat\u00e9gia Concursos traz not\u00edcias sobre concursos e artigos de professores oferecendo cursos para concursos (pdf + videaulas) no site.\",\"publisher\":{\"@id\":\"https:\/\/www.estrategiaconcursos.com.br\/blog\/#organization\"},\"potentialAction\":[{\"@type\":\"SearchAction\",\"target\":{\"@type\":\"EntryPoint\",\"urlTemplate\":\"https:\/\/www.estrategiaconcursos.com.br\/blog\/?s={search_term_string}\"},\"query-input\":{\"@type\":\"PropertyValueSpecification\",\"valueRequired\":true,\"valueName\":\"search_term_string\"}}],\"inLanguage\":\"pt-BR\"},{\"@type\":\"Organization\",\"@id\":\"https:\/\/www.estrategiaconcursos.com.br\/blog\/#organization\",\"name\":\"Estrat\u00e9gia Concursos\",\"url\":\"https:\/\/www.estrategiaconcursos.com.br\/blog\/\",\"logo\":{\"@type\":\"ImageObject\",\"inLanguage\":\"pt-BR\",\"@id\":\"https:\/\/www.estrategiaconcursos.com.br\/blog\/#\/schema\/logo\/image\/\",\"url\":\"https:\/\/dhg1h5j42swfq.cloudfront.net\/2025\/06\/03203428\/logo_concursos-1.jpg\",\"contentUrl\":\"https:\/\/dhg1h5j42swfq.cloudfront.net\/2025\/06\/03203428\/logo_concursos-1.jpg\",\"width\":230,\"height\":60,\"caption\":\"Estrat\u00e9gia Concursos\"},\"image\":{\"@id\":\"https:\/\/www.estrategiaconcursos.com.br\/blog\/#\/schema\/logo\/image\/\"},\"sameAs\":[\"https:\/\/x.com\/EstratConcursos\"]},{\"@type\":\"Person\",\"@id\":\"https:\/\/www.estrategiaconcursos.com.br\/blog\/#\/schema\/person\/d2e7d78de4b9d6ba51cc24fd558a7f42\",\"name\":\"Leandro Signori\",\"image\":{\"@type\":\"ImageObject\",\"inLanguage\":\"pt-BR\",\"@id\":\"https:\/\/secure.gravatar.com\/avatar\/aa2ef98e93764dcf1758f52d2792d4b3e4089ee25bc520608dde62ad802ae541?s=96&d=mm&r=g\",\"url\":\"https:\/\/secure.gravatar.com\/avatar\/aa2ef98e93764dcf1758f52d2792d4b3e4089ee25bc520608dde62ad802ae541?s=96&d=mm&r=g\",\"contentUrl\":\"https:\/\/secure.gravatar.com\/avatar\/aa2ef98e93764dcf1758f52d2792d4b3e4089ee25bc520608dde62ad802ae541?s=96&d=mm&r=g\",\"caption\":\"Leandro Signori\"},\"description\":\"Licenciado em Geografia pela Universidade Federal do Rio Grande do Sul (UFRGS) e Bacharel em Geografia pela Uniceub (Bras\u00edlia). Como servidor p\u00fablico, foi funcion\u00e1rio da Prefeitura de S\u00e3o Leopoldo (RS), Prefeitura de Porto Alegre (RS), Companhia Riograndense de Saneamento (Corsan) e Minist\u00e9rio da Integra\u00e7\u00e3o Nacional. \u00c9 professor de Geografia para o ensino m\u00e9dio na rede particular de ensino. Leciona as disciplinas de Atualidades, Conhecimentos Gerais, Geografia, Realidade Brasileira e Hist\u00f3ria, em cursos on line e presenciais preparat\u00f3rios para concursos p\u00fablicos.\",\"sameAs\":[\"https:\/\/www.facebook.com\/leandrosignoriatualidades\/\"],\"url\":\"https:\/\/www.estrategiaconcursos.com.br\/blog\/author\/leandroestrategiaconcursos-com-br\/\"}]}<\/script>\n<!-- \/ Yoast SEO Premium plugin. -->","yoast_head_json":{"title":"Atualidades - PM\/AP - Soldado - prova comentada","robots":{"index":"index","follow":"follow","max-snippet":"max-snippet:-1","max-image-preview":"max-image-preview:large","max-video-preview":"max-video-preview:-1"},"canonical":"https:\/\/www.estrategiaconcursos.com.br\/blog\/atualidades-pmap-soldado-prova-comentada\/","og_locale":"pt_BR","og_type":"article","og_title":"Atualidades - PM\/AP - Soldado - prova comentada","og_description":"Ol\u00e1 galera do Estrat\u00e9gia Concursos, Seguem os coment\u00e1rios das quest\u00f5es de Atualidades, da prova da Pol\u00edcia Militar do Amap\u00e1 &#8211; Soldado, aplicada no \u00faltimo domingo. Foi uma prova tranquila, f\u00e1cil, bem no estilo da FCC. Recebi mensagens de v\u00e1rios alunos dizendo que foram muito bem na prova, por meio do estudo do nosso curso. A [&hellip;]","og_url":"https:\/\/www.estrategiaconcursos.com.br\/blog\/atualidades-pmap-soldado-prova-comentada\/","og_site_name":"Estrat\u00e9gia Concursos","article_author":"https:\/\/www.facebook.com\/leandrosignoriatualidades\/","article_published_time":"2017-08-24T22:04:47+00:00","article_modified_time":"2017-08-24T22:09:30+00:00","author":"Leandro Signori","twitter_card":"summary_large_image","twitter_creator":"@EstratConcursos","twitter_site":"@EstratConcursos","twitter_misc":{"Escrito por":"Leandro Signori","Est. tempo de leitura":"7 minutos"},"schema":{"@context":"https:\/\/schema.org","@graph":[{"@type":"NewsArticle","@id":"https:\/\/www.estrategiaconcursos.com.br\/blog\/atualidades-pmap-soldado-prova-comentada\/#article","isPartOf":{"@id":"https:\/\/www.estrategiaconcursos.com.br\/blog\/atualidades-pmap-soldado-prova-comentada\/"},"author":{"name":"Leandro Signori","@id":"https:\/\/www.estrategiaconcursos.com.br\/blog\/#\/schema\/person\/d2e7d78de4b9d6ba51cc24fd558a7f42"},"headline":"Atualidades &#8211; PM\/AP &#8211; Soldado &#8211; prova comentada","datePublished":"2017-08-24T22:04:47+00:00","dateModified":"2017-08-24T22:09:30+00:00","mainEntityOfPage":{"@id":"https:\/\/www.estrategiaconcursos.com.br\/blog\/atualidades-pmap-soldado-prova-comentada\/"},"wordCount":1349,"commentCount":1,"publisher":{"@id":"https:\/\/www.estrategiaconcursos.com.br\/blog\/#organization"},"keywords":["Atualidades"],"articleSection":["Concursos P\u00fablicos","Policial (Agente, Escriv\u00e3o e Investigador)"],"inLanguage":"pt-BR","potentialAction":[{"@type":"CommentAction","name":"Comment","target":["https:\/\/www.estrategiaconcursos.com.br\/blog\/atualidades-pmap-soldado-prova-comentada\/#respond"]}],"copyrightYear":"2017","copyrightHolder":{"@id":"https:\/\/www.estrategiaconcursos.com.br\/blog\/#organization"}},{"@type":"WebPage","@id":"https:\/\/www.estrategiaconcursos.com.br\/blog\/atualidades-pmap-soldado-prova-comentada\/","url":"https:\/\/www.estrategiaconcursos.com.br\/blog\/atualidades-pmap-soldado-prova-comentada\/","name":"Atualidades - PM\/AP - Soldado - prova comentada","isPartOf":{"@id":"https:\/\/www.estrategiaconcursos.com.br\/blog\/#website"},"datePublished":"2017-08-24T22:04:47+00:00","dateModified":"2017-08-24T22:09:30+00:00","breadcrumb":{"@id":"https:\/\/www.estrategiaconcursos.com.br\/blog\/atualidades-pmap-soldado-prova-comentada\/#breadcrumb"},"inLanguage":"pt-BR","potentialAction":[{"@type":"ReadAction","target":["https:\/\/www.estrategiaconcursos.com.br\/blog\/atualidades-pmap-soldado-prova-comentada\/"]}]},{"@type":"BreadcrumbList","@id":"https:\/\/www.estrategiaconcursos.com.br\/blog\/atualidades-pmap-soldado-prova-comentada\/#breadcrumb","itemListElement":[{"@type":"ListItem","position":1,"name":"In\u00edcio","item":"https:\/\/www.estrategiaconcursos.com.br\/blog\/"},{"@type":"ListItem","position":2,"name":"Atualidades &#8211; PM\/AP &#8211; Soldado &#8211; prova comentada"}]},{"@type":"WebSite","@id":"https:\/\/www.estrategiaconcursos.com.br\/blog\/#website","url":"https:\/\/www.estrategiaconcursos.com.br\/blog\/","name":"Estrat\u00e9gia Concursos","description":"O blog da Estrat\u00e9gia Concursos traz not\u00edcias sobre concursos e artigos de professores oferecendo cursos para concursos (pdf + videaulas) no site.","publisher":{"@id":"https:\/\/www.estrategiaconcursos.com.br\/blog\/#organization"},"potentialAction":[{"@type":"SearchAction","target":{"@type":"EntryPoint","urlTemplate":"https:\/\/www.estrategiaconcursos.com.br\/blog\/?s={search_term_string}"},"query-input":{"@type":"PropertyValueSpecification","valueRequired":true,"valueName":"search_term_string"}}],"inLanguage":"pt-BR"},{"@type":"Organization","@id":"https:\/\/www.estrategiaconcursos.com.br\/blog\/#organization","name":"Estrat\u00e9gia Concursos","url":"https:\/\/www.estrategiaconcursos.com.br\/blog\/","logo":{"@type":"ImageObject","inLanguage":"pt-BR","@id":"https:\/\/www.estrategiaconcursos.com.br\/blog\/#\/schema\/logo\/image\/","url":"https:\/\/dhg1h5j42swfq.cloudfront.net\/2025\/06\/03203428\/logo_concursos-1.jpg","contentUrl":"https:\/\/dhg1h5j42swfq.cloudfront.net\/2025\/06\/03203428\/logo_concursos-1.jpg","width":230,"height":60,"caption":"Estrat\u00e9gia Concursos"},"image":{"@id":"https:\/\/www.estrategiaconcursos.com.br\/blog\/#\/schema\/logo\/image\/"},"sameAs":["https:\/\/x.com\/EstratConcursos"]},{"@type":"Person","@id":"https:\/\/www.estrategiaconcursos.com.br\/blog\/#\/schema\/person\/d2e7d78de4b9d6ba51cc24fd558a7f42","name":"Leandro Signori","image":{"@type":"ImageObject","inLanguage":"pt-BR","@id":"https:\/\/secure.gravatar.com\/avatar\/aa2ef98e93764dcf1758f52d2792d4b3e4089ee25bc520608dde62ad802ae541?s=96&d=mm&r=g","url":"https:\/\/secure.gravatar.com\/avatar\/aa2ef98e93764dcf1758f52d2792d4b3e4089ee25bc520608dde62ad802ae541?s=96&d=mm&r=g","contentUrl":"https:\/\/secure.gravatar.com\/avatar\/aa2ef98e93764dcf1758f52d2792d4b3e4089ee25bc520608dde62ad802ae541?s=96&d=mm&r=g","caption":"Leandro Signori"},"description":"Licenciado em Geografia pela Universidade Federal do Rio Grande do Sul (UFRGS) e Bacharel em Geografia pela Uniceub (Bras\u00edlia). Como servidor p\u00fablico, foi funcion\u00e1rio da Prefeitura de S\u00e3o Leopoldo (RS), Prefeitura de Porto Alegre (RS), Companhia Riograndense de Saneamento (Corsan) e Minist\u00e9rio da Integra\u00e7\u00e3o Nacional. \u00c9 professor de Geografia para o ensino m\u00e9dio na rede particular de ensino. Leciona as disciplinas de Atualidades, Conhecimentos Gerais, Geografia, Realidade Brasileira e Hist\u00f3ria, em cursos on line e presenciais preparat\u00f3rios para concursos p\u00fablicos.","sameAs":["https:\/\/www.facebook.com\/leandrosignoriatualidades\/"],"url":"https:\/\/www.estrategiaconcursos.com.br\/blog\/author\/leandroestrategiaconcursos-com-br\/"}]}},"_links":{"self":[{"href":"https:\/\/www.estrategiaconcursos.com.br\/blog\/wp-json\/wp\/v2\/posts\/86678","targetHints":{"allow":["GET"]}}],"collection":[{"href":"https:\/\/www.estrategiaconcursos.com.br\/blog\/wp-json\/wp\/v2\/posts"}],"about":[{"href":"https:\/\/www.estrategiaconcursos.com.br\/blog\/wp-json\/wp\/v2\/types\/post"}],"author":[{"embeddable":true,"href":"https:\/\/www.estrategiaconcursos.com.br\/blog\/wp-json\/wp\/v2\/users\/306"}],"replies":[{"embeddable":true,"href":"https:\/\/www.estrategiaconcursos.com.br\/blog\/wp-json\/wp\/v2\/comments?post=86678"}],"version-history":[{"count":5,"href":"https:\/\/www.estrategiaconcursos.com.br\/blog\/wp-json\/wp\/v2\/posts\/86678\/revisions"}],"predecessor-version":[{"id":86686,"href":"https:\/\/www.estrategiaconcursos.com.br\/blog\/wp-json\/wp\/v2\/posts\/86678\/revisions\/86686"}],"wp:attachment":[{"href":"https:\/\/www.estrategiaconcursos.com.br\/blog\/wp-json\/wp\/v2\/media?parent=86678"}],"wp:term":[{"taxonomy":"category","embeddable":true,"href":"https:\/\/www.estrategiaconcursos.com.br\/blog\/wp-json\/wp\/v2\/categories?post=86678"},{"taxonomy":"post_tag","embeddable":true,"href":"https:\/\/www.estrategiaconcursos.com.br\/blog\/wp-json\/wp\/v2\/tags?post=86678"},{"taxonomy":"tax_estado","embeddable":true,"href":"https:\/\/www.estrategiaconcursos.com.br\/blog\/wp-json\/wp\/v2\/tax_estado?post=86678"}],"curies":[{"name":"wp","href":"https:\/\/api.w.org\/{rel}","templated":true}]}}