{"id":865933,"date":"2021-10-29T23:59:00","date_gmt":"2021-10-30T02:59:00","guid":{"rendered":"https:\/\/www.estrategiaconcursos.com.br\/blog\/?p=865933"},"modified":"2023-01-09T17:47:26","modified_gmt":"2023-01-09T20:47:26","slug":"editais-manausprev","status":"publish","type":"post","link":"https:\/\/www.estrategiaconcursos.com.br\/blog\/editais-manausprev\/","title":{"rendered":"Editais ManausPrev: inscri\u00e7\u00f5es encerradas; at\u00e9 R$ 12,4 mil!"},"content":{"rendered":"\n<p>Est\u00e3o encerradas as inscri\u00e7\u00f5es para os <strong>editais ManausPrev<\/strong>, autarquia do estado do Amazonas. Os interessados tiveram at\u00e9 o dia<strong> 29 de outubro <\/strong>para acessar o site da banca, a Funda\u00e7\u00e3o Carlos Chagas (<strong>FCC<\/strong>), e garantir a participa\u00e7\u00e3o. <\/p>\n\n\n\n<p>Conforme o documento, s\u00e3o ofertadas <strong>09 vagas imediatas<\/strong>, al\u00e9m de oportunidades para forma\u00e7\u00e3o de cadastro de reserva, para cargos de n\u00edveis m\u00e9dio e superior.  <\/p>\n\n\n\n<ul class=\"has-very-light-gray-to-cyan-bluish-gray-gradient-background has-background wp-block-list\"><li><strong>Manausprev<\/strong><\/li><li><strong>Status:<\/strong> Inscri\u00e7\u00f5es encerradas<\/li><li><strong>Banca:<\/strong> FCC<\/li><li><strong>Vagas:<\/strong> 9 + CR<\/li><li><strong>Sal\u00e1rios iniciais:<\/strong> R$ 4.474,91 a R$ 12.442,87<\/li><\/ul>\n\n\n\n<p>A fim de te deixar sempre bem informado, elaboramos este artigo com as principais informa\u00e7\u00f5es e novidades sobre o concurso. Acompanhe os t\u00f3picos abaixo e n\u00e3o perca nenhum detalhe:<\/p>\n\n\n\n<div class=\"container\" id=\"boxes\">\n  <div class=\"row\">\n\n    <div class=\"col-sm\">\n      <div class=\"banner-adm\" id=\"box-assinatura\">\n        <h3 class=\"titulo-assinatura\">Concurso ManausPrev<\/h3>\n        <p class=\"subtitulo-assinatura\">Conhe\u00e7a os cursos<\/p>\n        <div class=\"box-botao\">\n          <a class=\"btn-assinatura\" target=\"_blank\" href=\"https:\/\/www.estrategiaconcursos.com.br\/cursosPorConcurso\/manausprev-359\/\" role=\"button\" rel=\"noopener noreferrer\">Conhe\u00e7a mais<\/a>\n        <\/div>\n      <\/div>\n     \n    <\/div>\n\n  <\/div>\n<\/div>\n\n\n\n<p class=\"has-text-align-center has-luminous-vivid-orange-color has-black-background-color has-text-color has-background\"> <strong>Quer estudar com quem mais aprova em concursos p\u00fablicos no Brasil, com um valor que cabe no seu bolso? Confira a nossa Black Friday!<\/strong> <strong><span style=\"text-decoration: underline;\">Clique no banner para participar<\/span>:<\/strong> <\/p>\n\n\n\n<h2 class=\"wp-block-heading\" id=\"situacao\">Situa\u00e7\u00e3o atual dos editais Manausprev<\/h2>\n\n\n\n<h3 class=\"wp-block-heading\" id=\"datas\">Principais datas<\/h3>\n\n\n\n<p class=\"has-very-light-gray-background-color has-background\"><strong>Inscri\u00e7\u00f5es<\/strong>: <s>27 de setembro a 26 de outubro de 2021 <\/s><br \/><strong>Isen\u00e7\u00e3o da taxa<\/strong>: <s>27 de setembro a 01 de outubro<\/s><br \/><strong>\u00daltimo dia para pagamento<\/strong>: <s>26 de outubro<\/s><br \/><strong>Prova<\/strong>: 05 de dezembro<\/p>\n\n\n\n<h2 class=\"wp-block-heading\" id=\"cargos-vagas\">Cargos e vagas dos editais Manausprev<\/h2>\n\n\n\n<h3 class=\"wp-block-heading\" id=\"medio\">N\u00edvel m\u00e9dio \/ t\u00e9cnico<\/h3>\n\n\n\n<figure class=\"wp-block-table is-style-stripes\"><table class=\"has-background has-fixed-layout\" style=\"background-color:#e7f5fe\"><thead><tr><th class=\"has-text-align-center\" data-align=\"center\">CARGOS<\/th><th class=\"has-text-align-center\" data-align=\"center\">VAGAS<\/th><th class=\"has-text-align-center\" data-align=\"center\">SAL\u00c1RIO<\/th><\/tr><\/thead><tbody><tr><td class=\"has-text-align-center\" data-align=\"center\">T\u00e9cnico Previdenci\u00e1rio &#8211; Administrativa<\/td><td class=\"has-text-align-center\" data-align=\"center\">05<\/td><td class=\"has-text-align-center\" data-align=\"center\">R$ 4.474,91<\/td><\/tr><tr><td class=\"has-text-align-center\" data-align=\"center\"> T\u00e9cnico Previdenci\u00e1rio &#8211; Inform\u00e1tica <\/td><td class=\"has-text-align-center\" data-align=\"center\">CR<\/td><td class=\"has-text-align-center\" data-align=\"center\"> R$ 4.474,91 <\/td><\/tr><\/tbody><\/table><\/figure>\n\n\n\n<h3 class=\"wp-block-heading\" id=\"superior\">N\u00edvel superior<\/h3>\n\n\n\n<figure class=\"wp-block-table is-style-stripes\"><table class=\"has-background has-fixed-layout\" style=\"background-color:#e7f5fe\"><thead><tr><th class=\"has-text-align-center\" data-align=\"center\">CARGOS<\/th><th class=\"has-text-align-center\" data-align=\"center\">VAGAS<\/th><th class=\"has-text-align-center\" data-align=\"center\">SAL\u00c1RIO<\/th><\/tr><\/thead><tbody><tr><td class=\"has-text-align-center\" data-align=\"center\">Procurador Aut\u00e1rquico<\/td><td class=\"has-text-align-center\" data-align=\"center\">1<\/td><td class=\"has-text-align-center\" data-align=\"center\"> Vencimento de R$ 6.712,37 + Gratifica\u00e7\u00e3o de Procurat\u00f3rio de R$ 5.730,50 <\/td><\/tr><tr><td class=\"has-text-align-center\" data-align=\"center\">Analista Previdenci\u00e1rio &#8211; Administra\u00e7\u00e3o<\/td><td class=\"has-text-align-center\" data-align=\"center\">CR<\/td><td class=\"has-text-align-center\" data-align=\"center\">R$ 6.712,3<\/td><\/tr><tr><td class=\"has-text-align-center\" data-align=\"center\">Analista Previdenci\u00e1rio &#8211; Administrativa<\/td><td class=\"has-text-align-center\" data-align=\"center\">CR<\/td><td class=\"has-text-align-center\" data-align=\"center\"> R$ 6.712,37<\/td><\/tr><tr><td class=\"has-text-align-center\" data-align=\"center\"> Analista Previdenci\u00e1rio &#8211; Arquivologia <\/td><td class=\"has-text-align-center\" data-align=\"center\">CR<\/td><td class=\"has-text-align-center\" data-align=\"center\"> R$ 6.712,37<\/td><\/tr><tr><td class=\"has-text-align-center\" data-align=\"center\"> Analista Previdenci\u00e1rio &#8211; Auditoria<\/td><td class=\"has-text-align-center\" data-align=\"center\">2<\/td><td class=\"has-text-align-center\" data-align=\"center\"> R$ 6.712,37<\/td><\/tr><tr><td class=\"has-text-align-center\" data-align=\"center\"> Analista Previdenci\u00e1rio &#8211; Ci\u00eancias Atuariais<\/td><td class=\"has-text-align-center\" data-align=\"center\">1<\/td><td class=\"has-text-align-center\" data-align=\"center\"> R$ 6.712,37<\/td><\/tr><tr><td class=\"has-text-align-center\" data-align=\"center\"> Analista Previdenci\u00e1rio &#8211; Contabilidade<\/td><td class=\"has-text-align-center\" data-align=\"center\">CR<\/td><td class=\"has-text-align-center\" data-align=\"center\"> R$ 6.712,37<\/td><\/tr><tr><td class=\"has-text-align-center\" data-align=\"center\"> Analista Previdenci\u00e1rio &#8211; Economia <\/td><td class=\"has-text-align-center\" data-align=\"center\">CR<\/td><td class=\"has-text-align-center\" data-align=\"center\"> R$ 6.712,37<\/td><\/tr><tr><td class=\"has-text-align-center\" data-align=\"center\"> Analista Previdenci\u00e1rio &#8211; Psicologia <\/td><td class=\"has-text-align-center\" data-align=\"center\">CR<\/td><td class=\"has-text-align-center\" data-align=\"center\"> R$ 6.712,37<\/td><\/tr><tr><td class=\"has-text-align-center\" data-align=\"center\"> Analista Previdenci\u00e1rio &#8211; Servi\u00e7o Social<\/td><td class=\"has-text-align-center\" data-align=\"center\">CR<\/td><td class=\"has-text-align-center\" data-align=\"center\"> R$ 6.712,37<\/td><\/tr><tr><td class=\"has-text-align-center\" data-align=\"center\"> Analista Previdenci\u00e1rio &#8211; Servi\u00e7o Social<\/td><td class=\"has-text-align-center\" data-align=\"center\">CR<\/td><td class=\"has-text-align-center\" data-align=\"center\"> R$ 6.712,37<\/td><\/tr><\/tbody><\/table><\/figure>\n\n\n\n<h2 class=\"wp-block-heading\" id=\"etapas\">Etapas e provas dos editais Manausprev<\/h2>\n\n\n\n<p>Sob organiza\u00e7\u00e3o da <a href=\"https:\/\/www.concursosfcc.com.br\/\" target=\"_blank\" rel=\"noreferrer noopener\">FCC<\/a>, o concurso ManausPrev ser\u00e1 composto por Provas Objetivas, para todos os cargos ofertados, e Prova Discursiva, apenas para a fun\u00e7\u00e3o de Procurador Aut\u00e1rquico. <\/p>\n\n\n\n<h3 class=\"wp-block-heading\" id=\"objetiva\">Provas Objetivas<\/h3>\n\n\n\n<p>A Prova Objetiva, de car\u00e1ter eliminat\u00f3rio e classificat\u00f3rio, ser\u00e1 avaliada na escala de 0 a 100 pontos, para a fun\u00e7\u00e3o de  Procurador Aut\u00e1rquico, e de 0 a 60 pontos para os demais cargos. <\/p>\n\n\n\n<p>A etapa ser\u00e1 do tipo m\u00faltipla escolha, com cinco alternativas cada (A, B, C, D e E), sendo uma \u00fanica a resposta correta. As provas ter\u00e3o dura\u00e7\u00e3o total de cinco horas (Procurador Aut\u00e1rquico) e tr\u00eas horas (demais cargos).<\/p>\n\n\n\n<h4 class=\"wp-block-heading\">Disciplinas cobradas &#8211; Procurador Aut\u00e1rquico <\/h4>\n\n\n\n<figure class=\"wp-block-image aligncenter size-full\"><img loading=\"lazy\" decoding=\"async\" width=\"461\" height=\"169\" src=\"https:\/\/dhg1h5j42swfq.cloudfront.net\/2021\/09\/21084849\/image-364.png\" alt=\"Disciplinas dos editais ManausPrev\" class=\"wp-image-865988\" srcset=\"https:\/\/dhg1h5j42swfq.cloudfront.net\/2021\/09\/21084849\/image-364.png 461w, https:\/\/dhg1h5j42swfq.cloudfront.net\/2021\/09\/21084849\/image-364-300x110.png 300w\" sizes=\"auto, (max-width: 461px) 100vw, 461px\" \/><figcaption>Disciplinas cobradas nas provas dos editais do concurso Manausprev<\/figcaption><\/figure>\n\n\n\n<h4 class=\"wp-block-heading\"> Disciplinas cobradas &#8211; demais cargos<\/h4>\n\n\n\n<figure class=\"wp-block-image aligncenter size-full is-resized\"><img loading=\"lazy\" decoding=\"async\" src=\"https:\/\/dhg1h5j42swfq.cloudfront.net\/2021\/09\/21085440\/image-365.png\" alt=\"Disciplinas dos editais ManausPrev\" class=\"wp-image-866010\" width=\"456\" height=\"1058\" srcset=\"https:\/\/dhg1h5j42swfq.cloudfront.net\/2021\/09\/21085440\/image-365.png 341w, https:\/\/dhg1h5j42swfq.cloudfront.net\/2021\/09\/21085440\/image-365-129x300.png 129w\" sizes=\"auto, (max-width: 456px) 100vw, 456px\" \/><figcaption>Disciplinas cobradas nas provas dos editais do concurso Manausprev<\/figcaption><\/figure>\n\n\n\n<figure class=\"wp-block-image aligncenter size-full is-resized\"><img loading=\"lazy\" decoding=\"async\" src=\"https:\/\/dhg1h5j42swfq.cloudfront.net\/2021\/09\/21085518\/image-366.png\" alt=\"\" class=\"wp-image-866014\" width=\"495\" height=\"676\" srcset=\"https:\/\/dhg1h5j42swfq.cloudfront.net\/2021\/09\/21085518\/image-366.png 340w, https:\/\/dhg1h5j42swfq.cloudfront.net\/2021\/09\/21085518\/image-366-220x300.png 220w\" sizes=\"auto, (max-width: 495px) 100vw, 495px\" \/><\/figure>\n\n\n\n<h3 class=\"wp-block-heading\" id=\"discursiva\">Prova Discursiva<\/h3>\n\n\n\n<p>A Prova Discursiva, de car\u00e1ter eliminat\u00f3rio e classificat\u00f3rio, est\u00e1 prevista para o dia <strong>20 de fevereiro de 2022<\/strong>. <\/p>\n\n\n\n<p>A etapa ser\u00e1 avaliada na escala de 0 a 100 pontos e constar\u00e1 de 4 quest\u00f5es discursivas, valendo 40 pontos cada, sendo 10 pontos para cada quest\u00e3o; 1 Parecer ou Pe\u00e7a Pr\u00e1tica, valendo 60 pontos, relacionado \u00e0s disciplinas do conte\u00fado program\u00e1tico constante no Anexo II. <\/p>\n\n\n\n<h2 class=\"wp-block-heading\" id=\"estrategico\">Edital Estrat\u00e9gico ManausPrev: baixe gratuitamente<\/h2>\n\n\n\n<p><strong>O que \u00e9 o Edital Estrat\u00e9gico?<\/strong>&nbsp;Trata-se de uma planilha com recursos para ajud\u00e1-los no registro das diferentes tarefas de estudo: teoria, revis\u00e3o e exerc\u00edcios. O registro de cada tarefa ser\u00e1 feito para cada assunto exigido no conte\u00fado program\u00e1tico do edital.<\/p>\n\n\n\n<ul class=\"wp-block-list\"><li><a href=\"https:\/\/dhg1h5j42swfq.cloudfront.net\/2021\/09\/23090811\/edital-estrategico_manausprev_analista-previdenciario-ciencias-atuariais-1.xlsx\" target=\"_blank\" rel=\"noreferrer noopener nofollow\">Analista Previdenci\u00e1rio \u2013 Ci\u00eancias Atuariais<\/a><\/li><li><a href=\"https:\/\/dhg1h5j42swfq.cloudfront.net\/2021\/09\/23090934\/edital-estrategico_manausprev_analista-previdenciario-contabilidade.xlsx\" target=\"_blank\" rel=\"noreferrer noopener nofollow\">Analista Previdenci\u00e1rio \u2013 Contabilidade<\/a><\/li><li><a href=\"https:\/\/dhg1h5j42swfq.cloudfront.net\/2021\/09\/23091037\/edital-estrategico_manausprev_analista-previdenciario-economia.xlsx\" target=\"_blank\" rel=\"noreferrer noopener nofollow\">Analista Previdenci\u00e1rio \u2013 Economia<\/a><\/li><li><a href=\"https:\/\/dhg1h5j42swfq.cloudfront.net\/2021\/09\/23091119\/edital-estrategico_manausprev_analista-previdenciario-ti.xlsx\" target=\"_blank\" rel=\"noreferrer noopener nofollow\">Analista Previdenci\u00e1rio \u2013 TI<\/a><\/li><li><a href=\"https:\/\/dhg1h5j42swfq.cloudfront.net\/2021\/09\/23091209\/edital-estrategico_manausprev_tecnico-previdenciario-administrativa.xlsx\" target=\"_blank\" rel=\"noreferrer noopener nofollow\">T\u00e9cnico Previdenci\u00e1rio \u2013 Administrativa<\/a><\/li><li><a href=\"https:\/\/dhg1h5j42swfq.cloudfront.net\/2021\/09\/23091242\/edital-estrategico_manausprev_tecnico-previdenciario-informatica.xlsx\" target=\"_blank\" rel=\"noreferrer noopener nofollow\">T\u00e9cnico Previdenci\u00e1rio \u2013 Inform\u00e1tica<\/a><\/li><li><a href=\"https:\/\/dhg1h5j42swfq.cloudfront.net\/2021\/09\/23091511\/edital-estrategico_manausprev_analista-previdenciario-administracao.xlsx\" target=\"_blank\" rel=\"noreferrer noopener nofollow\">Analista Previdenci\u00e1rio \u2013 Administra\u00e7\u00e3o<\/a><\/li><li><a href=\"https:\/\/dhg1h5j42swfq.cloudfront.net\/2021\/09\/23091601\/edital-estrategico_manausprev_analista-previdenciario-administrativa.xlsx\" target=\"_blank\" rel=\"noreferrer noopener nofollow\">Analista Previdenci\u00e1rio \u2013 Administrativa<\/a><\/li><li><a href=\"https:\/\/dhg1h5j42swfq.cloudfront.net\/2021\/09\/23091651\/edital-estrategico_manausprev_analista-previdenciario-arquivologia.xlsx\" target=\"_blank\" rel=\"noreferrer noopener nofollow\">Analista Previdenci\u00e1rio \u2013 Arquivologia<\/a><\/li><li><a href=\"https:\/\/dhg1h5j42swfq.cloudfront.net\/2021\/09\/23091740\/edital-estrategico_manausprev_analista-previdenciario-auditoria.xlsx\" target=\"_blank\" rel=\"noreferrer noopener nofollow\">Analista Previdenci\u00e1rio \u2013 Auditoria<\/a><\/li><\/ul>\n\n\n\n<hr class=\"wp-block-separator has-css-opacity\"\/>\n\n\n\n<h2 class=\"has-text-align-center wp-block-heading\" id=\"assinatura-e-cursos\"><strong>Quer estudar para os editais do concurso ManausPrev?<\/strong><\/h2>\n\n\n\n<div class=\"container\" id=\"boxes\">\n  <div class=\"row\">\n\n    <div class=\"col-sm\">\n      <div class=\"banner-adm\" id=\"box-assinatura\">\n        <h3 class=\"titulo-assinatura\">Concurso ManausPrev<\/h3>\n        <p class=\"subtitulo-assinatura\">Conhe\u00e7a os cursos<\/p>\n        <div class=\"box-botao\">\n          <a class=\"btn-assinatura\" target=\"_blank\" href=\"https:\/\/www.estrategiaconcursos.com.br\/cursosPorConcurso\/manausprev-359\/\" role=\"button\" rel=\"noopener noreferrer\">Conhe\u00e7a mais<\/a>\n        <\/div>\n      <\/div>\n     \n    <\/div>\n\n  <\/div>\n<\/div>\n\n\n\n<div class=\"container\" id=\"boxes\">\n  <div class=\"row\">\n\n    <div class=\"col-sm\">\n      <div class=\"estrategia\" id=\"box-assinatura\">\n        <h3 class=\"titulo-assinatura\"> Concursos P\u00fablicos\n        <p class=\"subtitulo-assinatura\">Assinatura de 1 ano ou 2 anos<\/p>\n        <div class=\"box-botao\">\n          <a class=\"btn-assinatura\" target=\"_blank\" href=\"https:\/\/www.estrategiaconcursos.com.br\/assinaturas\/\" role=\"button\" rel=\"noopener noreferrer\">ASSINE AGORA<\/a>\n        <\/div>\n      <\/h3><\/div><\/div><\/div><\/div>\n\n\n\n<h2 class=\"has-text-align-center wp-block-heading\" id=\"h-quer-saber-tudo-sobre-concursos-previstos-confira-nossos-artigos\">Quer saber tudo sobre concursos previstos?<br \/>Confira nossos artigos!<\/h2>\n\n\n\n<ul class=\"wp-block-list\"><li><a href=\"https:\/\/www.estrategiaconcursos.com.br\/blog\/concursos-abertos\/\" target=\"_blank\" rel=\"noreferrer noopener\">Concursos abertos<\/a><\/li><\/ul>\n\n\n\n<figure class=\"wp-block-image size-large is-resized\"><img loading=\"lazy\" decoding=\"async\" src=\"https:\/\/dhg1h5j42swfq.cloudfront.net\/2025\/06\/27101122\/ficha-tecnica-1-1024x632.png\" alt=\"\" class=\"wp-image-702728\" width=\"269\" height=\"166\" srcset=\"https:\/\/dhg1h5j42swfq.cloudfront.net\/2025\/06\/27101122\/ficha-tecnica-1-1024x632.png 1024w, https:\/\/dhg1h5j42swfq.cloudfront.net\/2025\/06\/27101122\/ficha-tecnica-1-300x185.png 300w, https:\/\/dhg1h5j42swfq.cloudfront.net\/2025\/06\/27101122\/ficha-tecnica-1-768x474.png 768w, https:\/\/dhg1h5j42swfq.cloudfront.net\/2025\/06\/27101122\/ficha-tecnica-1-1536x948.png 1536w, https:\/\/dhg1h5j42swfq.cloudfront.net\/2025\/06\/27101122\/ficha-tecnica-1-610x377.png 610w, https:\/\/dhg1h5j42swfq.cloudfront.net\/2025\/06\/27101122\/ficha-tecnica-1.png 1571w\" sizes=\"auto, (max-width: 269px) 100vw, 269px\" \/><\/figure>\n\n\n\n<h3 class=\"wp-block-heading\" id=\"ficha\">Informa\u00e7\u00f5es dos editais do concurso Manausprev<\/h3>\n\n\n\n<ul class=\"wp-block-list\"><li><strong style=\"color: initial;\">Provas<\/strong><span style=\"color: initial;\">: 05 de dezembro<\/span><\/li><li><strong>Vagas<\/strong>: 09 + CR<\/li><li><strong>Cargos<\/strong>: Diversos<\/li><li><strong>Banca<\/strong>: FCC<\/li><li><strong>Escolaridade<\/strong>: N\u00edveis m\u00e9dio e superior<\/li><li><strong>Edital<\/strong>:&nbsp;<strong><a href=\"https:\/\/dhg1h5j42swfq.cloudfront.net\/2021\/09\/21085719\/manausprev-edital-1.pdf\" target=\"_blank\" rel=\"noreferrer noopener nofollow\">Manausprev 2021<\/a><\/strong><\/li><\/ul>\n\n\n\n<p><\/p>\n","protected":false},"excerpt":{"rendered":"<p>Est\u00e3o encerradas as inscri\u00e7\u00f5es para os editais ManausPrev, autarquia do estado do Amazonas. Os interessados tiveram at\u00e9 o dia 29 de outubro para acessar o site da banca, a Funda\u00e7\u00e3o Carlos Chagas (FCC), e garantir a participa\u00e7\u00e3o. Conforme o documento, s\u00e3o ofertadas 09 vagas imediatas, al\u00e9m de oportunidades para forma\u00e7\u00e3o de cadastro de reserva, para [&hellip;]<\/p>\n","protected":false},"author":656,"featured_media":729636,"comment_status":"open","ping_status":"closed","sticky":false,"template":"","format":"standard","meta":{"post_tipo":"news","footnotes":""},"categories":[214992,220219],"tags":[],"tax_estado":[219966],"class_list":["post-865933","post","type-post","status-publish","format-standard","has-post-thumbnail","hentry","category-concursos-administrativos","category-noticias","tax_estado-am"],"acf":[],"yoast_head":"<!-- This site is optimized with the Yoast SEO Premium plugin v27.2 (Yoast SEO v27.2) - https:\/\/yoast.com\/product\/yoast-seo-premium-wordpress\/ -->\n<title>Editais ManausPrev: inscri\u00e7\u00f5es encerradas; at\u00e9 R$ 12,4 mil!<\/title>\n<meta name=\"description\" content=\"Foram publicados os editais do concurso ManausPrev, autarquia do estado do Amazonas, com 9 vagas imediatas. Inscri\u00e7\u00f5es encerradas!\" \/>\n<meta name=\"robots\" content=\"index, follow, max-snippet:-1, max-image-preview:large, max-video-preview:-1\" \/>\n<link rel=\"canonical\" href=\"https:\/\/www.estrategiaconcursos.com.br\/blog\/editais-manausprev\/\" \/>\n<meta property=\"og:locale\" content=\"pt_BR\" \/>\n<meta property=\"og:type\" content=\"article\" \/>\n<meta property=\"og:title\" content=\"Editais ManausPrev: inscri\u00e7\u00f5es encerradas; at\u00e9 R$ 12,4 mil!\" \/>\n<meta property=\"og:description\" content=\"Foram publicados os editais do concurso ManausPrev, autarquia do estado do Amazonas, com 9 vagas imediatas. Inscri\u00e7\u00f5es encerradas!\" \/>\n<meta property=\"og:url\" content=\"https:\/\/www.estrategiaconcursos.com.br\/blog\/editais-manausprev\/\" \/>\n<meta property=\"og:site_name\" content=\"Estrat\u00e9gia Concursos\" \/>\n<meta property=\"article:published_time\" content=\"2021-10-30T02:59:00+00:00\" \/>\n<meta property=\"article:modified_time\" content=\"2023-01-09T20:47:26+00:00\" \/>\n<meta property=\"og:image\" content=\"https:\/\/dhg1h5j42swfq.cloudfront.net\/2021\/05\/03110304\/manausprev.jpg\" \/>\n\t<meta property=\"og:image:width\" content=\"768\" \/>\n\t<meta property=\"og:image:height\" content=\"432\" \/>\n\t<meta property=\"og:image:type\" content=\"image\/jpeg\" \/>\n<meta name=\"author\" content=\"F\u00e1bio Scaldelai\" \/>\n<meta name=\"twitter:card\" content=\"summary_large_image\" \/>\n<meta name=\"twitter:creator\" content=\"@EstratConcursos\" \/>\n<meta name=\"twitter:site\" content=\"@EstratConcursos\" \/>\n<meta name=\"twitter:label1\" content=\"Escrito por\" \/>\n\t<meta name=\"twitter:data1\" content=\"F\u00e1bio Scaldelai\" \/>\n\t<meta name=\"twitter:label2\" content=\"Est. tempo de leitura\" \/>\n\t<meta name=\"twitter:data2\" content=\"4 minutos\" \/>\n<script type=\"application\/ld+json\" class=\"yoast-schema-graph\">{\"@context\":\"https:\/\/schema.org\",\"@graph\":[{\"@type\":\"NewsArticle\",\"@id\":\"https:\/\/www.estrategiaconcursos.com.br\/blog\/editais-manausprev\/#article\",\"isPartOf\":{\"@id\":\"https:\/\/www.estrategiaconcursos.com.br\/blog\/editais-manausprev\/\"},\"author\":{\"name\":\"F\u00e1bio Scaldelai\",\"@id\":\"https:\/\/www.estrategiaconcursos.com.br\/blog\/#\/schema\/person\/e3b6b7ce0192dd4ad270655969d61750\"},\"headline\":\"Editais ManausPrev: inscri\u00e7\u00f5es encerradas; at\u00e9 R$ 12,4 mil!\",\"datePublished\":\"2021-10-30T02:59:00+00:00\",\"dateModified\":\"2023-01-09T20:47:26+00:00\",\"mainEntityOfPage\":{\"@id\":\"https:\/\/www.estrategiaconcursos.com.br\/blog\/editais-manausprev\/\"},\"wordCount\":695,\"commentCount\":0,\"publisher\":{\"@id\":\"https:\/\/www.estrategiaconcursos.com.br\/blog\/#organization\"},\"image\":{\"@id\":\"https:\/\/www.estrategiaconcursos.com.br\/blog\/editais-manausprev\/#primaryimage\"},\"thumbnailUrl\":\"https:\/\/dhg1h5j42swfq.cloudfront.net\/2021\/05\/03110304\/manausprev.jpg\",\"articleSection\":[\"Executivo (Administrativa)\",\"\u00daltimas not\u00edcias\"],\"inLanguage\":\"pt-BR\",\"potentialAction\":[{\"@type\":\"CommentAction\",\"name\":\"Comment\",\"target\":[\"https:\/\/www.estrategiaconcursos.com.br\/blog\/editais-manausprev\/#respond\"]}],\"copyrightYear\":\"2021\",\"copyrightHolder\":{\"@id\":\"https:\/\/www.estrategiaconcursos.com.br\/blog\/#organization\"}},{\"@type\":\"WebPage\",\"@id\":\"https:\/\/www.estrategiaconcursos.com.br\/blog\/editais-manausprev\/\",\"url\":\"https:\/\/www.estrategiaconcursos.com.br\/blog\/editais-manausprev\/\",\"name\":\"Editais ManausPrev: inscri\u00e7\u00f5es encerradas; at\u00e9 R$ 12,4 mil!\",\"isPartOf\":{\"@id\":\"https:\/\/www.estrategiaconcursos.com.br\/blog\/#website\"},\"primaryImageOfPage\":{\"@id\":\"https:\/\/www.estrategiaconcursos.com.br\/blog\/editais-manausprev\/#primaryimage\"},\"image\":{\"@id\":\"https:\/\/www.estrategiaconcursos.com.br\/blog\/editais-manausprev\/#primaryimage\"},\"thumbnailUrl\":\"https:\/\/dhg1h5j42swfq.cloudfront.net\/2021\/05\/03110304\/manausprev.jpg\",\"datePublished\":\"2021-10-30T02:59:00+00:00\",\"dateModified\":\"2023-01-09T20:47:26+00:00\",\"description\":\"Foram publicados os editais do concurso ManausPrev, autarquia do estado do Amazonas, com 9 vagas imediatas. Inscri\u00e7\u00f5es encerradas!\",\"breadcrumb\":{\"@id\":\"https:\/\/www.estrategiaconcursos.com.br\/blog\/editais-manausprev\/#breadcrumb\"},\"inLanguage\":\"pt-BR\",\"potentialAction\":[{\"@type\":\"ReadAction\",\"target\":[\"https:\/\/www.estrategiaconcursos.com.br\/blog\/editais-manausprev\/\"]}]},{\"@type\":\"ImageObject\",\"inLanguage\":\"pt-BR\",\"@id\":\"https:\/\/www.estrategiaconcursos.com.br\/blog\/editais-manausprev\/#primaryimage\",\"url\":\"https:\/\/dhg1h5j42swfq.cloudfront.net\/2021\/05\/03110304\/manausprev.jpg\",\"contentUrl\":\"https:\/\/dhg1h5j42swfq.cloudfront.net\/2021\/05\/03110304\/manausprev.jpg\",\"width\":768,\"height\":432,\"caption\":\"Concurso ManausPrev resultado\"},{\"@type\":\"BreadcrumbList\",\"@id\":\"https:\/\/www.estrategiaconcursos.com.br\/blog\/editais-manausprev\/#breadcrumb\",\"itemListElement\":[{\"@type\":\"ListItem\",\"position\":1,\"name\":\"In\u00edcio\",\"item\":\"https:\/\/www.estrategiaconcursos.com.br\/blog\/\"},{\"@type\":\"ListItem\",\"position\":2,\"name\":\"Editais ManausPrev: inscri\u00e7\u00f5es encerradas; at\u00e9 R$ 12,4 mil!\"}]},{\"@type\":\"WebSite\",\"@id\":\"https:\/\/www.estrategiaconcursos.com.br\/blog\/#website\",\"url\":\"https:\/\/www.estrategiaconcursos.com.br\/blog\/\",\"name\":\"Estrat\u00e9gia Concursos\",\"description\":\"O blog da Estrat\u00e9gia Concursos traz not\u00edcias sobre concursos e artigos de professores oferecendo cursos para concursos (pdf + videaulas) no site.\",\"publisher\":{\"@id\":\"https:\/\/www.estrategiaconcursos.com.br\/blog\/#organization\"},\"potentialAction\":[{\"@type\":\"SearchAction\",\"target\":{\"@type\":\"EntryPoint\",\"urlTemplate\":\"https:\/\/www.estrategiaconcursos.com.br\/blog\/?s={search_term_string}\"},\"query-input\":{\"@type\":\"PropertyValueSpecification\",\"valueRequired\":true,\"valueName\":\"search_term_string\"}}],\"inLanguage\":\"pt-BR\"},{\"@type\":\"Organization\",\"@id\":\"https:\/\/www.estrategiaconcursos.com.br\/blog\/#organization\",\"name\":\"Estrat\u00e9gia Concursos\",\"url\":\"https:\/\/www.estrategiaconcursos.com.br\/blog\/\",\"logo\":{\"@type\":\"ImageObject\",\"inLanguage\":\"pt-BR\",\"@id\":\"https:\/\/www.estrategiaconcursos.com.br\/blog\/#\/schema\/logo\/image\/\",\"url\":\"https:\/\/dhg1h5j42swfq.cloudfront.net\/2025\/06\/03203428\/logo_concursos-1.jpg\",\"contentUrl\":\"https:\/\/dhg1h5j42swfq.cloudfront.net\/2025\/06\/03203428\/logo_concursos-1.jpg\",\"width\":230,\"height\":60,\"caption\":\"Estrat\u00e9gia Concursos\"},\"image\":{\"@id\":\"https:\/\/www.estrategiaconcursos.com.br\/blog\/#\/schema\/logo\/image\/\"},\"sameAs\":[\"https:\/\/x.com\/EstratConcursos\"]},{\"@type\":\"Person\",\"@id\":\"https:\/\/www.estrategiaconcursos.com.br\/blog\/#\/schema\/person\/e3b6b7ce0192dd4ad270655969d61750\",\"name\":\"F\u00e1bio Scaldelai\",\"image\":{\"@type\":\"ImageObject\",\"inLanguage\":\"pt-BR\",\"@id\":\"https:\/\/secure.gravatar.com\/avatar\/8ed7492c4d88d8495bc0cb24cda6847b8ae23eec459a919e08e77d0ca0fd79ec?s=96&d=mm&r=g\",\"url\":\"https:\/\/secure.gravatar.com\/avatar\/8ed7492c4d88d8495bc0cb24cda6847b8ae23eec459a919e08e77d0ca0fd79ec?s=96&d=mm&r=g\",\"contentUrl\":\"https:\/\/secure.gravatar.com\/avatar\/8ed7492c4d88d8495bc0cb24cda6847b8ae23eec459a919e08e77d0ca0fd79ec?s=96&d=mm&r=g\",\"caption\":\"F\u00e1bio Scaldelai\"},\"description\":\"Jornalista no Estrat\u00e9gia Concursos e Produtor de Televis\u00e3o, formado em Jornalismo, R\u00e1dio e TV pela Faculdade Integrada Rio Branco, com especializa\u00e7\u00f5es em Gest\u00e3o Empresarial e Marketing pelo M\u00f3dulo. Atuou como produtor no SBT, TV Bandeirantes e R\u00e1dio Band FM, al\u00e9m de acumular tr\u00eas anos de experi\u00eancia no setor de concursos p\u00fablicos pela LFG (Luiz Fl\u00e1vio Gomes). No Estrat\u00e9gia Concursos, atua na apura\u00e7\u00e3o de not\u00edcias da \u00e1rea fiscal, al\u00e9m de coberturas sobre concursos das \u00e1reas de controle (TCU, TCE, etc), concurso AFT, \u00e1rea de gest\u00e3o e administrativa, bem como dos \u00f3rg\u00e3os participantes do CNU. Tamb\u00e9m possui experi\u00eancia em link building e an\u00e1lise de m\u00eddia, adquirida durante sua atua\u00e7\u00e3o na ag\u00eancia SEO Marketing.\",\"url\":\"https:\/\/www.estrategiaconcursos.com.br\/blog\/author\/fabio-scaldelaiestrategiaconcursos-com-br\/\"}]}<\/script>\n<!-- \/ Yoast SEO Premium plugin. -->","yoast_head_json":{"title":"Editais ManausPrev: inscri\u00e7\u00f5es encerradas; at\u00e9 R$ 12,4 mil!","description":"Foram publicados os editais do concurso ManausPrev, autarquia do estado do Amazonas, com 9 vagas imediatas. Inscri\u00e7\u00f5es encerradas!","robots":{"index":"index","follow":"follow","max-snippet":"max-snippet:-1","max-image-preview":"max-image-preview:large","max-video-preview":"max-video-preview:-1"},"canonical":"https:\/\/www.estrategiaconcursos.com.br\/blog\/editais-manausprev\/","og_locale":"pt_BR","og_type":"article","og_title":"Editais ManausPrev: inscri\u00e7\u00f5es encerradas; at\u00e9 R$ 12,4 mil!","og_description":"Foram publicados os editais do concurso ManausPrev, autarquia do estado do Amazonas, com 9 vagas imediatas. Inscri\u00e7\u00f5es encerradas!","og_url":"https:\/\/www.estrategiaconcursos.com.br\/blog\/editais-manausprev\/","og_site_name":"Estrat\u00e9gia Concursos","article_published_time":"2021-10-30T02:59:00+00:00","article_modified_time":"2023-01-09T20:47:26+00:00","og_image":[{"width":768,"height":432,"url":"https:\/\/dhg1h5j42swfq.cloudfront.net\/2021\/05\/03110304\/manausprev.jpg","type":"image\/jpeg"}],"author":"F\u00e1bio Scaldelai","twitter_card":"summary_large_image","twitter_creator":"@EstratConcursos","twitter_site":"@EstratConcursos","twitter_misc":{"Escrito por":"F\u00e1bio Scaldelai","Est. tempo de leitura":"4 minutos"},"schema":{"@context":"https:\/\/schema.org","@graph":[{"@type":"NewsArticle","@id":"https:\/\/www.estrategiaconcursos.com.br\/blog\/editais-manausprev\/#article","isPartOf":{"@id":"https:\/\/www.estrategiaconcursos.com.br\/blog\/editais-manausprev\/"},"author":{"name":"F\u00e1bio Scaldelai","@id":"https:\/\/www.estrategiaconcursos.com.br\/blog\/#\/schema\/person\/e3b6b7ce0192dd4ad270655969d61750"},"headline":"Editais ManausPrev: inscri\u00e7\u00f5es encerradas; at\u00e9 R$ 12,4 mil!","datePublished":"2021-10-30T02:59:00+00:00","dateModified":"2023-01-09T20:47:26+00:00","mainEntityOfPage":{"@id":"https:\/\/www.estrategiaconcursos.com.br\/blog\/editais-manausprev\/"},"wordCount":695,"commentCount":0,"publisher":{"@id":"https:\/\/www.estrategiaconcursos.com.br\/blog\/#organization"},"image":{"@id":"https:\/\/www.estrategiaconcursos.com.br\/blog\/editais-manausprev\/#primaryimage"},"thumbnailUrl":"https:\/\/dhg1h5j42swfq.cloudfront.net\/2021\/05\/03110304\/manausprev.jpg","articleSection":["Executivo (Administrativa)","\u00daltimas not\u00edcias"],"inLanguage":"pt-BR","potentialAction":[{"@type":"CommentAction","name":"Comment","target":["https:\/\/www.estrategiaconcursos.com.br\/blog\/editais-manausprev\/#respond"]}],"copyrightYear":"2021","copyrightHolder":{"@id":"https:\/\/www.estrategiaconcursos.com.br\/blog\/#organization"}},{"@type":"WebPage","@id":"https:\/\/www.estrategiaconcursos.com.br\/blog\/editais-manausprev\/","url":"https:\/\/www.estrategiaconcursos.com.br\/blog\/editais-manausprev\/","name":"Editais ManausPrev: inscri\u00e7\u00f5es encerradas; at\u00e9 R$ 12,4 mil!","isPartOf":{"@id":"https:\/\/www.estrategiaconcursos.com.br\/blog\/#website"},"primaryImageOfPage":{"@id":"https:\/\/www.estrategiaconcursos.com.br\/blog\/editais-manausprev\/#primaryimage"},"image":{"@id":"https:\/\/www.estrategiaconcursos.com.br\/blog\/editais-manausprev\/#primaryimage"},"thumbnailUrl":"https:\/\/dhg1h5j42swfq.cloudfront.net\/2021\/05\/03110304\/manausprev.jpg","datePublished":"2021-10-30T02:59:00+00:00","dateModified":"2023-01-09T20:47:26+00:00","description":"Foram publicados os editais do concurso ManausPrev, autarquia do estado do Amazonas, com 9 vagas imediatas. Inscri\u00e7\u00f5es encerradas!","breadcrumb":{"@id":"https:\/\/www.estrategiaconcursos.com.br\/blog\/editais-manausprev\/#breadcrumb"},"inLanguage":"pt-BR","potentialAction":[{"@type":"ReadAction","target":["https:\/\/www.estrategiaconcursos.com.br\/blog\/editais-manausprev\/"]}]},{"@type":"ImageObject","inLanguage":"pt-BR","@id":"https:\/\/www.estrategiaconcursos.com.br\/blog\/editais-manausprev\/#primaryimage","url":"https:\/\/dhg1h5j42swfq.cloudfront.net\/2021\/05\/03110304\/manausprev.jpg","contentUrl":"https:\/\/dhg1h5j42swfq.cloudfront.net\/2021\/05\/03110304\/manausprev.jpg","width":768,"height":432,"caption":"Concurso ManausPrev resultado"},{"@type":"BreadcrumbList","@id":"https:\/\/www.estrategiaconcursos.com.br\/blog\/editais-manausprev\/#breadcrumb","itemListElement":[{"@type":"ListItem","position":1,"name":"In\u00edcio","item":"https:\/\/www.estrategiaconcursos.com.br\/blog\/"},{"@type":"ListItem","position":2,"name":"Editais ManausPrev: inscri\u00e7\u00f5es encerradas; at\u00e9 R$ 12,4 mil!"}]},{"@type":"WebSite","@id":"https:\/\/www.estrategiaconcursos.com.br\/blog\/#website","url":"https:\/\/www.estrategiaconcursos.com.br\/blog\/","name":"Estrat\u00e9gia Concursos","description":"O blog da Estrat\u00e9gia Concursos traz not\u00edcias sobre concursos e artigos de professores oferecendo cursos para concursos (pdf + videaulas) no site.","publisher":{"@id":"https:\/\/www.estrategiaconcursos.com.br\/blog\/#organization"},"potentialAction":[{"@type":"SearchAction","target":{"@type":"EntryPoint","urlTemplate":"https:\/\/www.estrategiaconcursos.com.br\/blog\/?s={search_term_string}"},"query-input":{"@type":"PropertyValueSpecification","valueRequired":true,"valueName":"search_term_string"}}],"inLanguage":"pt-BR"},{"@type":"Organization","@id":"https:\/\/www.estrategiaconcursos.com.br\/blog\/#organization","name":"Estrat\u00e9gia Concursos","url":"https:\/\/www.estrategiaconcursos.com.br\/blog\/","logo":{"@type":"ImageObject","inLanguage":"pt-BR","@id":"https:\/\/www.estrategiaconcursos.com.br\/blog\/#\/schema\/logo\/image\/","url":"https:\/\/dhg1h5j42swfq.cloudfront.net\/2025\/06\/03203428\/logo_concursos-1.jpg","contentUrl":"https:\/\/dhg1h5j42swfq.cloudfront.net\/2025\/06\/03203428\/logo_concursos-1.jpg","width":230,"height":60,"caption":"Estrat\u00e9gia Concursos"},"image":{"@id":"https:\/\/www.estrategiaconcursos.com.br\/blog\/#\/schema\/logo\/image\/"},"sameAs":["https:\/\/x.com\/EstratConcursos"]},{"@type":"Person","@id":"https:\/\/www.estrategiaconcursos.com.br\/blog\/#\/schema\/person\/e3b6b7ce0192dd4ad270655969d61750","name":"F\u00e1bio Scaldelai","image":{"@type":"ImageObject","inLanguage":"pt-BR","@id":"https:\/\/secure.gravatar.com\/avatar\/8ed7492c4d88d8495bc0cb24cda6847b8ae23eec459a919e08e77d0ca0fd79ec?s=96&d=mm&r=g","url":"https:\/\/secure.gravatar.com\/avatar\/8ed7492c4d88d8495bc0cb24cda6847b8ae23eec459a919e08e77d0ca0fd79ec?s=96&d=mm&r=g","contentUrl":"https:\/\/secure.gravatar.com\/avatar\/8ed7492c4d88d8495bc0cb24cda6847b8ae23eec459a919e08e77d0ca0fd79ec?s=96&d=mm&r=g","caption":"F\u00e1bio Scaldelai"},"description":"Jornalista no Estrat\u00e9gia Concursos e Produtor de Televis\u00e3o, formado em Jornalismo, R\u00e1dio e TV pela Faculdade Integrada Rio Branco, com especializa\u00e7\u00f5es em Gest\u00e3o Empresarial e Marketing pelo M\u00f3dulo. Atuou como produtor no SBT, TV Bandeirantes e R\u00e1dio Band FM, al\u00e9m de acumular tr\u00eas anos de experi\u00eancia no setor de concursos p\u00fablicos pela LFG (Luiz Fl\u00e1vio Gomes). No Estrat\u00e9gia Concursos, atua na apura\u00e7\u00e3o de not\u00edcias da \u00e1rea fiscal, al\u00e9m de coberturas sobre concursos das \u00e1reas de controle (TCU, TCE, etc), concurso AFT, \u00e1rea de gest\u00e3o e administrativa, bem como dos \u00f3rg\u00e3os participantes do CNU. Tamb\u00e9m possui experi\u00eancia em link building e an\u00e1lise de m\u00eddia, adquirida durante sua atua\u00e7\u00e3o na ag\u00eancia SEO Marketing.","url":"https:\/\/www.estrategiaconcursos.com.br\/blog\/author\/fabio-scaldelaiestrategiaconcursos-com-br\/"}]}},"_links":{"self":[{"href":"https:\/\/www.estrategiaconcursos.com.br\/blog\/wp-json\/wp\/v2\/posts\/865933","targetHints":{"allow":["GET"]}}],"collection":[{"href":"https:\/\/www.estrategiaconcursos.com.br\/blog\/wp-json\/wp\/v2\/posts"}],"about":[{"href":"https:\/\/www.estrategiaconcursos.com.br\/blog\/wp-json\/wp\/v2\/types\/post"}],"author":[{"embeddable":true,"href":"https:\/\/www.estrategiaconcursos.com.br\/blog\/wp-json\/wp\/v2\/users\/656"}],"replies":[{"embeddable":true,"href":"https:\/\/www.estrategiaconcursos.com.br\/blog\/wp-json\/wp\/v2\/comments?post=865933"}],"version-history":[{"count":27,"href":"https:\/\/www.estrategiaconcursos.com.br\/blog\/wp-json\/wp\/v2\/posts\/865933\/revisions"}],"predecessor-version":[{"id":1149857,"href":"https:\/\/www.estrategiaconcursos.com.br\/blog\/wp-json\/wp\/v2\/posts\/865933\/revisions\/1149857"}],"wp:featuredmedia":[{"embeddable":true,"href":"https:\/\/www.estrategiaconcursos.com.br\/blog\/wp-json\/wp\/v2\/media\/729636"}],"wp:attachment":[{"href":"https:\/\/www.estrategiaconcursos.com.br\/blog\/wp-json\/wp\/v2\/media?parent=865933"}],"wp:term":[{"taxonomy":"category","embeddable":true,"href":"https:\/\/www.estrategiaconcursos.com.br\/blog\/wp-json\/wp\/v2\/categories?post=865933"},{"taxonomy":"post_tag","embeddable":true,"href":"https:\/\/www.estrategiaconcursos.com.br\/blog\/wp-json\/wp\/v2\/tags?post=865933"},{"taxonomy":"tax_estado","embeddable":true,"href":"https:\/\/www.estrategiaconcursos.com.br\/blog\/wp-json\/wp\/v2\/tax_estado?post=865933"}],"curies":[{"name":"wp","href":"https:\/\/api.w.org\/{rel}","templated":true}]}}