{"id":865907,"date":"2021-09-21T06:50:00","date_gmt":"2021-09-21T09:50:00","guid":{"rendered":"https:\/\/www.estrategiaconcursos.com.br\/blog\/?p=865907"},"modified":"2026-01-23T14:32:09","modified_gmt":"2026-01-23T17:32:09","slug":"sefa-pa-fundacao-fadesp-organizara-certame","status":"publish","type":"post","link":"https:\/\/www.estrategiaconcursos.com.br\/blog\/sefa-pa-fundacao-fadesp-organizara-certame\/","title":{"rendered":"Concurso Sefa PA: FADESP organizar\u00e1 o certame. VEJA!"},"content":{"rendered":"\n<p>Aten\u00e7\u00e3o, estrategistas! O edital do pr\u00f3ximo <strong><em>concurso Sefa PA <\/em><\/strong>est\u00e1 cada vez mais pr\u00f3ximo de ser publicado. Isso porque, ap\u00f3s per\u00edodo de\u00a0<a href=\"https:\/\/www.estrategiaconcursos.com.br\/blog\/concurso-sefa-pa-recurso\/\" target=\"_blank\" rel=\"noreferrer noopener\">recursos<\/a>\u00a0<strong>da decis\u00e3o prolatada<\/strong>\u00a0pela Comiss\u00e3o Especial de Licita\u00e7\u00e3o, foi decido judicialmente o objeto licitado em favor da empresa <strong><a href=\"https:\/\/portalfadesp.org.br\/\" target=\"_blank\" rel=\"noreferrer noopener\">FADESP<\/a><\/strong>. <\/p>\n\n\n\n<p><strong>Confira o documento na \u00edntegra: <\/strong><\/p>\n\n\n\n<div class=\"wp-block-image\"><figure class=\"aligncenter size-full is-resized\"><img loading=\"lazy\" decoding=\"async\" src=\"https:\/\/dhg1h5j42swfq.cloudfront.net\/2021\/09\/21073807\/image-363-1.png\" alt=\"Sefa PA: Funda\u00e7\u00e3o FADESP organizar\u00e1 certame. VEJA!\" class=\"wp-image-865911\" width=\"445\" height=\"587\" srcset=\"https:\/\/dhg1h5j42swfq.cloudfront.net\/2021\/09\/21073807\/image-363-1.png 445w, https:\/\/dhg1h5j42swfq.cloudfront.net\/2021\/09\/21073807\/image-363-1-227x300.png 227w\" sizes=\"auto, (max-width: 445px) 100vw, 445px\" \/><\/figure><\/div>\n\n\n\n<p>A defini\u00e7\u00e3o judicialmente <strong>homologada <\/strong>foi publicada no\u00a0Di\u00e1rio Oficial do Estado, nesta ter\u00e7a-feira, 21 de setembro de 2021.<\/p>\n\n\n\n<p>Com comiss\u00e3o formada, o concurso Sefa PA ofertar\u00e1, ao todo, <strong>110 vagas<\/strong>, sendo elas, 38 vagas imediatas + 62 em cadastro reserva para Auditor Fiscal e 10 vagas imediatas para Fiscal de Receita. <\/p>\n\n\n\n<p>A aplica\u00e7\u00e3o das provas deve ficar para\u00a0<strong>2022<\/strong>. A informa\u00e7\u00e3o foi confirmada pela Secret\u00e1ria da SEPLAD PA, Hanah Ghassan, em reposta a uma seguidora no Twitter:<\/p>\n\n\n\n<div class=\"wp-block-image\"><figure class=\"aligncenter size-full is-resized\"><img loading=\"lazy\" decoding=\"async\" src=\"https:\/\/dhg1h5j42swfq.cloudfront.net\/2021\/09\/21074104\/image-59-1.png\" alt=\"concurso sefa pa provas em 2022\" class=\"wp-image-865912\" width=\"470\" height=\"360\" srcset=\"https:\/\/dhg1h5j42swfq.cloudfront.net\/2021\/09\/21074104\/image-59-1.png 503w, https:\/\/dhg1h5j42swfq.cloudfront.net\/2021\/09\/21074104\/image-59-1-300x230.png 300w\" sizes=\"auto, (max-width: 470px) 100vw, 470px\" \/><\/figure><\/div>\n\n\n\n<h3 class=\"wp-block-heading\" id=\"remuneracao\">Sefa PA: remunera\u00e7\u00f5es<\/h3>\n\n\n\n<p>Para os cargos de Fiscal de Receitas Estaduais:\u00a0<strong>R$ 11.910,51<\/strong>, correspondente a vencimento base + Gratifica\u00e7\u00e3o de Escolaridade.<\/p>\n\n\n\n<p>Para os cargos de N\u00edvel Auditor Fiscal de Receitas Estaduais:\u00a0<strong>R$ 15.076,58<\/strong>, correspondente a vencimento base + Gratifica\u00e7\u00e3o de Escolaridade.<\/p>\n\n\n\n<p>Conforme consulta ao Portal da Transpar\u00eancia do estado, as remunera\u00e7\u00f5es reais s\u00e3o bem maiores! Na imagem abaixo, \u00e9 poss\u00edvel ver que o sal\u00e1rio l\u00edquido para\u00a0<a href=\"https:\/\/www.estrategiaconcursos.com.br\/curso\/pacotaco-pacote-teorico-pacote-passo-p-sefaz-pa-auditor-fiscal-2021-pre-edital\/\" target=\"_blank\" rel=\"noreferrer noopener\"><strong>Auditor Fiscal<\/strong>,<\/a>\u00a0j\u00e1 com todos os descontos,\u00a0<strong>ultrapassa os R$ 20 mil<\/strong>:<\/p>\n\n\n\n<div class=\"wp-block-image\"><figure class=\"aligncenter size-large\"><img loading=\"lazy\" decoding=\"async\" width=\"1024\" height=\"260\" src=\"https:\/\/dhg1h5j42swfq.cloudfront.net\/2021\/09\/21074247\/auditos-1024x260.png\" alt=\"remunera\u00e7\u00e3o concurso sefa pa\" class=\"wp-image-865913\" srcset=\"https:\/\/dhg1h5j42swfq.cloudfront.net\/2021\/09\/21074247\/auditos-1024x260.png 1024w, https:\/\/dhg1h5j42swfq.cloudfront.net\/2021\/09\/21074247\/auditos-300x76.png 300w, https:\/\/dhg1h5j42swfq.cloudfront.net\/2021\/09\/21074247\/auditos-768x195.png 768w, https:\/\/dhg1h5j42swfq.cloudfront.net\/2021\/09\/21074247\/auditos-610x155.png 610w, https:\/\/dhg1h5j42swfq.cloudfront.net\/2021\/09\/21074247\/auditos.png 1298w\" sizes=\"auto, (max-width: 1024px) 100vw, 1024px\" \/><\/figure><\/div>\n\n\n\n<p>Apesar de um pouco mais baixa, a remunera\u00e7\u00e3o de\u00a0<strong><a href=\"https:\/\/www.estrategiaconcursos.com.br\/curso\/pacotaco-pacote-teorico-pacote-passo-p-sefaz-pa-fiscal-de-receitas-2021-pre-edital\/\" target=\"_blank\" rel=\"noreferrer noopener\">Fiscal de Receitas<\/a><\/strong>\u00a0n\u00e3o fica atr\u00e1s. Como \u00e9 poss\u00edvel ver abaixo, os valores tamb\u00e9m ultrapassam os R$ 20 mil:<\/p>\n\n\n\n<div class=\"wp-block-image\"><figure class=\"aligncenter size-large\"><img loading=\"lazy\" decoding=\"async\" width=\"1024\" height=\"257\" src=\"https:\/\/dhg1h5j42swfq.cloudfront.net\/2021\/09\/21074312\/fiscal-1024x257.png\" alt=\"\" class=\"wp-image-865914\" srcset=\"https:\/\/dhg1h5j42swfq.cloudfront.net\/2021\/09\/21074312\/fiscal-1024x257.png 1024w, https:\/\/dhg1h5j42swfq.cloudfront.net\/2021\/09\/21074312\/fiscal-300x75.png 300w, https:\/\/dhg1h5j42swfq.cloudfront.net\/2021\/09\/21074312\/fiscal-768x193.png 768w, https:\/\/dhg1h5j42swfq.cloudfront.net\/2021\/09\/21074312\/fiscal-610x153.png 610w, https:\/\/dhg1h5j42swfq.cloudfront.net\/2021\/09\/21074312\/fiscal.png 1298w\" sizes=\"auto, (max-width: 1024px) 100vw, 1024px\" \/><\/figure><\/div>\n\n\n\n<p class=\"has-text-align-center\"><em>Para mais detalhes do concurso Sefa PA, em que a Funda\u00e7\u00e3o FADESP organizar\u00e1 certame, acesse o link abaixo. Preparamos um artigo completo, separado por t\u00f3picos, para que facilite a sua compreens\u00e3o:<\/em><\/p>\n\n\n\n<p class=\"has-text-align-center has-luminous-vivid-amber-background-color has-background\" style=\"font-size:clamp(14.642px, 0.915rem + ((1vw - 3.2px) * 0.721), 22px);\"><strong>Saiba mais: <a href=\"https:\/\/www.estrategiaconcursos.com.br\/blog\/concurso-sefa-pa\/\" target=\"_blank\" rel=\"noreferrer noopener\">concurso Sefa PA<\/a><\/strong><\/p>\n\n\n\n<h2 class=\"has-text-align-center wp-block-heading\" id=\"cursos-assinatura\">Quer estudar para o concurso Sefa PA?<\/h2>\n\n\n\n<div id=\"boxes\" class=\"container\">\n<div class=\"row\">\n<div class=\"col-sm\">\n<div id=\"box-assinatura\" class=\"banner-fiscal-01\">\n<h3 class=\"titulo-assinatura\">Carreiras Fiscais<\/h3>\n<p class=\"subtitulo-assinatura\">Conhe\u00e7a os cursos para Sefaz PA<\/p>\n<div class=\"box-botao\"><a class=\"btn-assinatura\" role=\"button\" href=\"https:\/\/www.estrategiaconcursos.com.br\/cursosPorConcurso\/secretaria-da-fazendo-do-para-sefaz-pa\/\" target=\"_blank\" rel=\"noopener noreferrer\">Conhe\u00e7a mais<\/a><\/div>\n<\/div>\n<\/div>\n<\/div>\n<\/div>\n\n\n\n<div class=\"container\" id=\"boxes\">\n  <div class=\"row\">\n\n    <div class=\"col-sm\">\n      <div class=\"estrategia\" id=\"box-assinatura\">\n        <h3 class=\"titulo-assinatura\">Assinatura Concursos<\/h3>\n        <p class=\"subtitulo-assinatura\">Assinatura de 1 ano ou 2 anos<\/p>\n        <div class=\"box-botao\">\n          <a class=\"btn-assinatura\" target=\"_blank\" href=\"https:\/\/www.estrategiaconcursos.com.br\/assinaturas\/\" role=\"button\" rel=\"noopener noreferrer\">ASSINE AGORA<\/a>\n        <\/div>\n      <\/div><\/div><\/div><\/div>\n\n\n\n<div class=\"container\" id=\"boxes\">\n  <div class=\"row\">\n\n    <div class=\"col-sm\" id=\"boxes-concursos\">\n      <div style=\"background-color: #005DAD;\" class=\"conteudo-concursos\" id=\"box-concursos\">\n        <h3 class=\"titulo-assinatura\">Concursos Abertos<\/h3>\n        <p class=\"subtitulo-assinatura\">Confira os editais publicados<\/p>\n        <div class=\"box-botao\">\n          <a class=\"btn-assinatura\" target=\"_blank\" href=\"https:\/\/www.estrategiaconcursos.com.br\/blog\/concursos-abertos\/\" role=\"button\" rel=\"noopener noreferrer\">Conhe\u00e7a Agora<\/a>\n        <\/div>\n      <\/div>\n    <\/div>\n\n    <div class=\"col-sm\" id=\"boxes-concursos\">\n      <div style=\"background-color: #1A7ED5;\" class=\"conteudo-concursos\" id=\"box-concursos\">\n        <h3 class=\"titulo-assinatura\">Concursos 2021<\/h3>\n        <p class=\"subtitulo-assinatura\">As oportunidades previstas<\/p>\n        <div class=\"box-botao\">\n          <a class=\"btn-assinatura\" target=\"_blank\" href=\"https:\/\/www.estrategiaconcursos.com.br\/blog\/concursos-2021\/\" role=\"button\" rel=\"noopener noreferrer\">Conhe\u00e7a Agora<\/a>\n        <\/div>\n      <\/div>\n    <\/div>\n\n    <div class=\"col-sm\" id=\"boxes-concursos\">\n      <div style=\"background-color: #419FF0;\" class=\"conteudo-concursos\" id=\"box-concursos\">\n        <h3 class=\"titulo-assinatura\">Concursos 2022<\/h3>\n        <p class=\"subtitulo-assinatura\">Vagas para o pr\u00f3ximo ano<\/p>\n        <div class=\"box-botao\">\n          <a class=\"btn-assinatura\" target=\"_blank\" href=\"https:\/\/www.estrategiaconcursos.com.br\/blog\/concursos-2022\/\" role=\"button\" rel=\"noopener noreferrer\">Conhe\u00e7a Agora<\/a>\n        <\/div>\n      <\/div>\n    <\/div>\n\n  <\/div>\n<\/div>\n","protected":false},"excerpt":{"rendered":"<p>Aten\u00e7\u00e3o, estrategistas! O edital do pr\u00f3ximo concurso Sefa PA est\u00e1 cada vez mais pr\u00f3ximo de ser publicado. Isso porque, ap\u00f3s per\u00edodo de\u00a0recursos\u00a0da decis\u00e3o prolatada\u00a0pela Comiss\u00e3o Especial de Licita\u00e7\u00e3o, foi decido judicialmente o objeto licitado em favor da empresa FADESP. Confira o documento na \u00edntegra: A defini\u00e7\u00e3o judicialmente homologada foi publicada no\u00a0Di\u00e1rio Oficial do Estado, nesta [&hellip;]<\/p>\n","protected":false},"author":2018,"featured_media":853281,"comment_status":"open","ping_status":"closed","sticky":false,"template":"","format":"standard","meta":{"post_tipo":"news","footnotes":""},"categories":[1983,220219],"tags":[],"tax_estado":[219977],"class_list":["post-865907","post","type-post","status-publish","format-standard","has-post-thumbnail","hentry","category-fiscal-estadual","category-noticias","tax_estado-pa"],"acf":[],"yoast_head":"<!-- This site is optimized with the Yoast SEO Premium plugin v27.2 (Yoast SEO v27.2) - https:\/\/yoast.com\/product\/yoast-seo-premium-wordpress\/ -->\n<title>Concurso Sefa PA: FADESP organizar\u00e1 o certame. VEJA!<\/title>\n<meta name=\"description\" content=\"Concurso Sefa PA: ap\u00f3s per\u00edodo de recursos, FADESP \u00e9 confirmada e organizar\u00e1 o certame. Ao todo, 110 vagas ser\u00e3o ofertadas. Saiba mais!\" \/>\n<meta name=\"robots\" content=\"index, follow, max-snippet:-1, max-image-preview:large, max-video-preview:-1\" \/>\n<link rel=\"canonical\" href=\"https:\/\/www.estrategiaconcursos.com.br\/blog\/sefa-pa-fundacao-fadesp-organizara-certame\/\" \/>\n<meta property=\"og:locale\" content=\"pt_BR\" \/>\n<meta property=\"og:type\" content=\"article\" \/>\n<meta property=\"og:title\" content=\"Concurso Sefa PA: FADESP organizar\u00e1 o certame. VEJA!\" \/>\n<meta property=\"og:description\" content=\"Concurso Sefa PA: ap\u00f3s per\u00edodo de recursos, FADESP \u00e9 confirmada e organizar\u00e1 o certame. Ao todo, 110 vagas ser\u00e3o ofertadas. Saiba mais!\" \/>\n<meta property=\"og:url\" content=\"https:\/\/www.estrategiaconcursos.com.br\/blog\/sefa-pa-fundacao-fadesp-organizara-certame\/\" \/>\n<meta property=\"og:site_name\" content=\"Estrat\u00e9gia Concursos\" \/>\n<meta property=\"article:published_time\" content=\"2021-09-21T09:50:00+00:00\" \/>\n<meta property=\"article:modified_time\" content=\"2026-01-23T17:32:09+00:00\" \/>\n<meta property=\"og:image\" content=\"https:\/\/dhg1h5j42swfq.cloudfront.net\/2021\/09\/03113134\/sefa-pa.jpg\" \/>\n\t<meta property=\"og:image:width\" content=\"1024\" \/>\n\t<meta property=\"og:image:height\" content=\"536\" \/>\n\t<meta property=\"og:image:type\" content=\"image\/jpeg\" \/>\n<meta name=\"author\" content=\"B\u00e1rbara Carvalho Santos\" \/>\n<meta name=\"twitter:card\" content=\"summary_large_image\" \/>\n<meta name=\"twitter:creator\" content=\"@EstratConcursos\" \/>\n<meta name=\"twitter:site\" content=\"@EstratConcursos\" \/>\n<meta name=\"twitter:label1\" content=\"Escrito por\" \/>\n\t<meta name=\"twitter:data1\" content=\"B\u00e1rbara Carvalho Santos\" \/>\n\t<meta name=\"twitter:label2\" content=\"Est. tempo de leitura\" \/>\n\t<meta name=\"twitter:data2\" content=\"3 minutos\" \/>\n<script type=\"application\/ld+json\" class=\"yoast-schema-graph\">{\"@context\":\"https:\/\/schema.org\",\"@graph\":[{\"@type\":\"NewsArticle\",\"@id\":\"https:\/\/www.estrategiaconcursos.com.br\/blog\/sefa-pa-fundacao-fadesp-organizara-certame\/#article\",\"isPartOf\":{\"@id\":\"https:\/\/www.estrategiaconcursos.com.br\/blog\/sefa-pa-fundacao-fadesp-organizara-certame\/\"},\"author\":{\"name\":\"B\u00e1rbara Carvalho Santos\",\"@id\":\"https:\/\/www.estrategiaconcursos.com.br\/blog\/#\/schema\/person\/e3882259fa157d54c44c21f4ee4e0e60\"},\"headline\":\"Concurso Sefa PA: FADESP organizar\u00e1 o certame. VEJA!\",\"datePublished\":\"2021-09-21T09:50:00+00:00\",\"dateModified\":\"2026-01-23T17:32:09+00:00\",\"mainEntityOfPage\":{\"@id\":\"https:\/\/www.estrategiaconcursos.com.br\/blog\/sefa-pa-fundacao-fadesp-organizara-certame\/\"},\"wordCount\":345,\"commentCount\":0,\"publisher\":{\"@id\":\"https:\/\/www.estrategiaconcursos.com.br\/blog\/#organization\"},\"image\":{\"@id\":\"https:\/\/www.estrategiaconcursos.com.br\/blog\/sefa-pa-fundacao-fadesp-organizara-certame\/#primaryimage\"},\"thumbnailUrl\":\"https:\/\/dhg1h5j42swfq.cloudfront.net\/2021\/09\/03113134\/sefa-pa.jpg\",\"articleSection\":[\"Fiscal - Estadual (ICMS)\",\"\u00daltimas not\u00edcias\"],\"inLanguage\":\"pt-BR\",\"potentialAction\":[{\"@type\":\"CommentAction\",\"name\":\"Comment\",\"target\":[\"https:\/\/www.estrategiaconcursos.com.br\/blog\/sefa-pa-fundacao-fadesp-organizara-certame\/#respond\"]}],\"copyrightYear\":\"2021\",\"copyrightHolder\":{\"@id\":\"https:\/\/www.estrategiaconcursos.com.br\/blog\/#organization\"}},{\"@type\":\"WebPage\",\"@id\":\"https:\/\/www.estrategiaconcursos.com.br\/blog\/sefa-pa-fundacao-fadesp-organizara-certame\/\",\"url\":\"https:\/\/www.estrategiaconcursos.com.br\/blog\/sefa-pa-fundacao-fadesp-organizara-certame\/\",\"name\":\"Concurso Sefa PA: FADESP organizar\u00e1 o certame. VEJA!\",\"isPartOf\":{\"@id\":\"https:\/\/www.estrategiaconcursos.com.br\/blog\/#website\"},\"primaryImageOfPage\":{\"@id\":\"https:\/\/www.estrategiaconcursos.com.br\/blog\/sefa-pa-fundacao-fadesp-organizara-certame\/#primaryimage\"},\"image\":{\"@id\":\"https:\/\/www.estrategiaconcursos.com.br\/blog\/sefa-pa-fundacao-fadesp-organizara-certame\/#primaryimage\"},\"thumbnailUrl\":\"https:\/\/dhg1h5j42swfq.cloudfront.net\/2021\/09\/03113134\/sefa-pa.jpg\",\"datePublished\":\"2021-09-21T09:50:00+00:00\",\"dateModified\":\"2026-01-23T17:32:09+00:00\",\"description\":\"Concurso Sefa PA: ap\u00f3s per\u00edodo de recursos, FADESP \u00e9 confirmada e organizar\u00e1 o certame. Ao todo, 110 vagas ser\u00e3o ofertadas. Saiba mais!\",\"breadcrumb\":{\"@id\":\"https:\/\/www.estrategiaconcursos.com.br\/blog\/sefa-pa-fundacao-fadesp-organizara-certame\/#breadcrumb\"},\"inLanguage\":\"pt-BR\",\"potentialAction\":[{\"@type\":\"ReadAction\",\"target\":[\"https:\/\/www.estrategiaconcursos.com.br\/blog\/sefa-pa-fundacao-fadesp-organizara-certame\/\"]}]},{\"@type\":\"ImageObject\",\"inLanguage\":\"pt-BR\",\"@id\":\"https:\/\/www.estrategiaconcursos.com.br\/blog\/sefa-pa-fundacao-fadesp-organizara-certame\/#primaryimage\",\"url\":\"https:\/\/dhg1h5j42swfq.cloudfront.net\/2021\/09\/03113134\/sefa-pa.jpg\",\"contentUrl\":\"https:\/\/dhg1h5j42swfq.cloudfront.net\/2021\/09\/03113134\/sefa-pa.jpg\",\"width\":1024,\"height\":536,\"caption\":\"Concurso Sefa PA resultado definitivo\"},{\"@type\":\"BreadcrumbList\",\"@id\":\"https:\/\/www.estrategiaconcursos.com.br\/blog\/sefa-pa-fundacao-fadesp-organizara-certame\/#breadcrumb\",\"itemListElement\":[{\"@type\":\"ListItem\",\"position\":1,\"name\":\"In\u00edcio\",\"item\":\"https:\/\/www.estrategiaconcursos.com.br\/blog\/\"},{\"@type\":\"ListItem\",\"position\":2,\"name\":\"Concurso Sefa PA: FADESP organizar\u00e1 o certame. VEJA!\"}]},{\"@type\":\"WebSite\",\"@id\":\"https:\/\/www.estrategiaconcursos.com.br\/blog\/#website\",\"url\":\"https:\/\/www.estrategiaconcursos.com.br\/blog\/\",\"name\":\"Estrat\u00e9gia Concursos\",\"description\":\"O blog da Estrat\u00e9gia Concursos traz not\u00edcias sobre concursos e artigos de professores oferecendo cursos para concursos (pdf + videaulas) no site.\",\"publisher\":{\"@id\":\"https:\/\/www.estrategiaconcursos.com.br\/blog\/#organization\"},\"potentialAction\":[{\"@type\":\"SearchAction\",\"target\":{\"@type\":\"EntryPoint\",\"urlTemplate\":\"https:\/\/www.estrategiaconcursos.com.br\/blog\/?s={search_term_string}\"},\"query-input\":{\"@type\":\"PropertyValueSpecification\",\"valueRequired\":true,\"valueName\":\"search_term_string\"}}],\"inLanguage\":\"pt-BR\"},{\"@type\":\"Organization\",\"@id\":\"https:\/\/www.estrategiaconcursos.com.br\/blog\/#organization\",\"name\":\"Estrat\u00e9gia Concursos\",\"url\":\"https:\/\/www.estrategiaconcursos.com.br\/blog\/\",\"logo\":{\"@type\":\"ImageObject\",\"inLanguage\":\"pt-BR\",\"@id\":\"https:\/\/www.estrategiaconcursos.com.br\/blog\/#\/schema\/logo\/image\/\",\"url\":\"https:\/\/dhg1h5j42swfq.cloudfront.net\/2025\/06\/03203428\/logo_concursos-1.jpg\",\"contentUrl\":\"https:\/\/dhg1h5j42swfq.cloudfront.net\/2025\/06\/03203428\/logo_concursos-1.jpg\",\"width\":230,\"height\":60,\"caption\":\"Estrat\u00e9gia Concursos\"},\"image\":{\"@id\":\"https:\/\/www.estrategiaconcursos.com.br\/blog\/#\/schema\/logo\/image\/\"},\"sameAs\":[\"https:\/\/x.com\/EstratConcursos\"]},{\"@type\":\"Person\",\"@id\":\"https:\/\/www.estrategiaconcursos.com.br\/blog\/#\/schema\/person\/e3882259fa157d54c44c21f4ee4e0e60\",\"name\":\"B\u00e1rbara Carvalho Santos\",\"image\":{\"@type\":\"ImageObject\",\"inLanguage\":\"pt-BR\",\"@id\":\"https:\/\/secure.gravatar.com\/avatar\/353300f73140f779692b9be2b39f434d1341e4e34c7f55bd5a990fe29ef352eb?s=96&d=mm&r=g\",\"url\":\"https:\/\/secure.gravatar.com\/avatar\/353300f73140f779692b9be2b39f434d1341e4e34c7f55bd5a990fe29ef352eb?s=96&d=mm&r=g\",\"contentUrl\":\"https:\/\/secure.gravatar.com\/avatar\/353300f73140f779692b9be2b39f434d1341e4e34c7f55bd5a990fe29ef352eb?s=96&d=mm&r=g\",\"caption\":\"B\u00e1rbara Carvalho Santos\"},\"description\":\"M\u00e3e e jornalista formada pela UNIP, possui ampla experi\u00eancia na cobertura de entretenimento em grandes ve\u00edculos, como o site da CNN, RedeTV! e Estrat\u00e9gia Educacional. Atuou tamb\u00e9m em ag\u00eancias de marketing, produtoras musicais e assessorias de imprensa, com foco especial no trabalho com personalidades p\u00fablicas. Atualmente, integra a equipe do Estrat\u00e9gia Concursos, onde \u00e9 respons\u00e1vel pela produ\u00e7\u00e3o de conte\u00fados estrat\u00e9gicos voltados para o setor de concursos p\u00fablicos, com destaque para a \u00e1rea fiscal, gest\u00e3o, controle, concursos administrativos e Minist\u00e9rios participantes do CNU, al\u00e9m de diversos \u00f3rg\u00e3os federais. Tem como miss\u00e3o transformar informa\u00e7\u00f5es complexas em conte\u00fados acess\u00edveis, relevantes e de alto valor para quem sonha com uma carreira no servi\u00e7o p\u00fablico.\",\"url\":\"https:\/\/www.estrategiaconcursos.com.br\/blog\/author\/barbara-santos\/\"}]}<\/script>\n<!-- \/ Yoast SEO Premium plugin. -->","yoast_head_json":{"title":"Concurso Sefa PA: FADESP organizar\u00e1 o certame. VEJA!","description":"Concurso Sefa PA: ap\u00f3s per\u00edodo de recursos, FADESP \u00e9 confirmada e organizar\u00e1 o certame. Ao todo, 110 vagas ser\u00e3o ofertadas. Saiba mais!","robots":{"index":"index","follow":"follow","max-snippet":"max-snippet:-1","max-image-preview":"max-image-preview:large","max-video-preview":"max-video-preview:-1"},"canonical":"https:\/\/www.estrategiaconcursos.com.br\/blog\/sefa-pa-fundacao-fadesp-organizara-certame\/","og_locale":"pt_BR","og_type":"article","og_title":"Concurso Sefa PA: FADESP organizar\u00e1 o certame. VEJA!","og_description":"Concurso Sefa PA: ap\u00f3s per\u00edodo de recursos, FADESP \u00e9 confirmada e organizar\u00e1 o certame. Ao todo, 110 vagas ser\u00e3o ofertadas. Saiba mais!","og_url":"https:\/\/www.estrategiaconcursos.com.br\/blog\/sefa-pa-fundacao-fadesp-organizara-certame\/","og_site_name":"Estrat\u00e9gia Concursos","article_published_time":"2021-09-21T09:50:00+00:00","article_modified_time":"2026-01-23T17:32:09+00:00","og_image":[{"width":1024,"height":536,"url":"https:\/\/dhg1h5j42swfq.cloudfront.net\/2021\/09\/03113134\/sefa-pa.jpg","type":"image\/jpeg"}],"author":"B\u00e1rbara Carvalho Santos","twitter_card":"summary_large_image","twitter_creator":"@EstratConcursos","twitter_site":"@EstratConcursos","twitter_misc":{"Escrito por":"B\u00e1rbara Carvalho Santos","Est. tempo de leitura":"3 minutos"},"schema":{"@context":"https:\/\/schema.org","@graph":[{"@type":"NewsArticle","@id":"https:\/\/www.estrategiaconcursos.com.br\/blog\/sefa-pa-fundacao-fadesp-organizara-certame\/#article","isPartOf":{"@id":"https:\/\/www.estrategiaconcursos.com.br\/blog\/sefa-pa-fundacao-fadesp-organizara-certame\/"},"author":{"name":"B\u00e1rbara Carvalho Santos","@id":"https:\/\/www.estrategiaconcursos.com.br\/blog\/#\/schema\/person\/e3882259fa157d54c44c21f4ee4e0e60"},"headline":"Concurso Sefa PA: FADESP organizar\u00e1 o certame. VEJA!","datePublished":"2021-09-21T09:50:00+00:00","dateModified":"2026-01-23T17:32:09+00:00","mainEntityOfPage":{"@id":"https:\/\/www.estrategiaconcursos.com.br\/blog\/sefa-pa-fundacao-fadesp-organizara-certame\/"},"wordCount":345,"commentCount":0,"publisher":{"@id":"https:\/\/www.estrategiaconcursos.com.br\/blog\/#organization"},"image":{"@id":"https:\/\/www.estrategiaconcursos.com.br\/blog\/sefa-pa-fundacao-fadesp-organizara-certame\/#primaryimage"},"thumbnailUrl":"https:\/\/dhg1h5j42swfq.cloudfront.net\/2021\/09\/03113134\/sefa-pa.jpg","articleSection":["Fiscal - Estadual (ICMS)","\u00daltimas not\u00edcias"],"inLanguage":"pt-BR","potentialAction":[{"@type":"CommentAction","name":"Comment","target":["https:\/\/www.estrategiaconcursos.com.br\/blog\/sefa-pa-fundacao-fadesp-organizara-certame\/#respond"]}],"copyrightYear":"2021","copyrightHolder":{"@id":"https:\/\/www.estrategiaconcursos.com.br\/blog\/#organization"}},{"@type":"WebPage","@id":"https:\/\/www.estrategiaconcursos.com.br\/blog\/sefa-pa-fundacao-fadesp-organizara-certame\/","url":"https:\/\/www.estrategiaconcursos.com.br\/blog\/sefa-pa-fundacao-fadesp-organizara-certame\/","name":"Concurso Sefa PA: FADESP organizar\u00e1 o certame. VEJA!","isPartOf":{"@id":"https:\/\/www.estrategiaconcursos.com.br\/blog\/#website"},"primaryImageOfPage":{"@id":"https:\/\/www.estrategiaconcursos.com.br\/blog\/sefa-pa-fundacao-fadesp-organizara-certame\/#primaryimage"},"image":{"@id":"https:\/\/www.estrategiaconcursos.com.br\/blog\/sefa-pa-fundacao-fadesp-organizara-certame\/#primaryimage"},"thumbnailUrl":"https:\/\/dhg1h5j42swfq.cloudfront.net\/2021\/09\/03113134\/sefa-pa.jpg","datePublished":"2021-09-21T09:50:00+00:00","dateModified":"2026-01-23T17:32:09+00:00","description":"Concurso Sefa PA: ap\u00f3s per\u00edodo de recursos, FADESP \u00e9 confirmada e organizar\u00e1 o certame. Ao todo, 110 vagas ser\u00e3o ofertadas. Saiba mais!","breadcrumb":{"@id":"https:\/\/www.estrategiaconcursos.com.br\/blog\/sefa-pa-fundacao-fadesp-organizara-certame\/#breadcrumb"},"inLanguage":"pt-BR","potentialAction":[{"@type":"ReadAction","target":["https:\/\/www.estrategiaconcursos.com.br\/blog\/sefa-pa-fundacao-fadesp-organizara-certame\/"]}]},{"@type":"ImageObject","inLanguage":"pt-BR","@id":"https:\/\/www.estrategiaconcursos.com.br\/blog\/sefa-pa-fundacao-fadesp-organizara-certame\/#primaryimage","url":"https:\/\/dhg1h5j42swfq.cloudfront.net\/2021\/09\/03113134\/sefa-pa.jpg","contentUrl":"https:\/\/dhg1h5j42swfq.cloudfront.net\/2021\/09\/03113134\/sefa-pa.jpg","width":1024,"height":536,"caption":"Concurso Sefa PA resultado definitivo"},{"@type":"BreadcrumbList","@id":"https:\/\/www.estrategiaconcursos.com.br\/blog\/sefa-pa-fundacao-fadesp-organizara-certame\/#breadcrumb","itemListElement":[{"@type":"ListItem","position":1,"name":"In\u00edcio","item":"https:\/\/www.estrategiaconcursos.com.br\/blog\/"},{"@type":"ListItem","position":2,"name":"Concurso Sefa PA: FADESP organizar\u00e1 o certame. VEJA!"}]},{"@type":"WebSite","@id":"https:\/\/www.estrategiaconcursos.com.br\/blog\/#website","url":"https:\/\/www.estrategiaconcursos.com.br\/blog\/","name":"Estrat\u00e9gia Concursos","description":"O blog da Estrat\u00e9gia Concursos traz not\u00edcias sobre concursos e artigos de professores oferecendo cursos para concursos (pdf + videaulas) no site.","publisher":{"@id":"https:\/\/www.estrategiaconcursos.com.br\/blog\/#organization"},"potentialAction":[{"@type":"SearchAction","target":{"@type":"EntryPoint","urlTemplate":"https:\/\/www.estrategiaconcursos.com.br\/blog\/?s={search_term_string}"},"query-input":{"@type":"PropertyValueSpecification","valueRequired":true,"valueName":"search_term_string"}}],"inLanguage":"pt-BR"},{"@type":"Organization","@id":"https:\/\/www.estrategiaconcursos.com.br\/blog\/#organization","name":"Estrat\u00e9gia Concursos","url":"https:\/\/www.estrategiaconcursos.com.br\/blog\/","logo":{"@type":"ImageObject","inLanguage":"pt-BR","@id":"https:\/\/www.estrategiaconcursos.com.br\/blog\/#\/schema\/logo\/image\/","url":"https:\/\/dhg1h5j42swfq.cloudfront.net\/2025\/06\/03203428\/logo_concursos-1.jpg","contentUrl":"https:\/\/dhg1h5j42swfq.cloudfront.net\/2025\/06\/03203428\/logo_concursos-1.jpg","width":230,"height":60,"caption":"Estrat\u00e9gia Concursos"},"image":{"@id":"https:\/\/www.estrategiaconcursos.com.br\/blog\/#\/schema\/logo\/image\/"},"sameAs":["https:\/\/x.com\/EstratConcursos"]},{"@type":"Person","@id":"https:\/\/www.estrategiaconcursos.com.br\/blog\/#\/schema\/person\/e3882259fa157d54c44c21f4ee4e0e60","name":"B\u00e1rbara Carvalho Santos","image":{"@type":"ImageObject","inLanguage":"pt-BR","@id":"https:\/\/secure.gravatar.com\/avatar\/353300f73140f779692b9be2b39f434d1341e4e34c7f55bd5a990fe29ef352eb?s=96&d=mm&r=g","url":"https:\/\/secure.gravatar.com\/avatar\/353300f73140f779692b9be2b39f434d1341e4e34c7f55bd5a990fe29ef352eb?s=96&d=mm&r=g","contentUrl":"https:\/\/secure.gravatar.com\/avatar\/353300f73140f779692b9be2b39f434d1341e4e34c7f55bd5a990fe29ef352eb?s=96&d=mm&r=g","caption":"B\u00e1rbara Carvalho Santos"},"description":"M\u00e3e e jornalista formada pela UNIP, possui ampla experi\u00eancia na cobertura de entretenimento em grandes ve\u00edculos, como o site da CNN, RedeTV! e Estrat\u00e9gia Educacional. Atuou tamb\u00e9m em ag\u00eancias de marketing, produtoras musicais e assessorias de imprensa, com foco especial no trabalho com personalidades p\u00fablicas. Atualmente, integra a equipe do Estrat\u00e9gia Concursos, onde \u00e9 respons\u00e1vel pela produ\u00e7\u00e3o de conte\u00fados estrat\u00e9gicos voltados para o setor de concursos p\u00fablicos, com destaque para a \u00e1rea fiscal, gest\u00e3o, controle, concursos administrativos e Minist\u00e9rios participantes do CNU, al\u00e9m de diversos \u00f3rg\u00e3os federais. Tem como miss\u00e3o transformar informa\u00e7\u00f5es complexas em conte\u00fados acess\u00edveis, relevantes e de alto valor para quem sonha com uma carreira no servi\u00e7o p\u00fablico.","url":"https:\/\/www.estrategiaconcursos.com.br\/blog\/author\/barbara-santos\/"}]}},"_links":{"self":[{"href":"https:\/\/www.estrategiaconcursos.com.br\/blog\/wp-json\/wp\/v2\/posts\/865907","targetHints":{"allow":["GET"]}}],"collection":[{"href":"https:\/\/www.estrategiaconcursos.com.br\/blog\/wp-json\/wp\/v2\/posts"}],"about":[{"href":"https:\/\/www.estrategiaconcursos.com.br\/blog\/wp-json\/wp\/v2\/types\/post"}],"author":[{"embeddable":true,"href":"https:\/\/www.estrategiaconcursos.com.br\/blog\/wp-json\/wp\/v2\/users\/2018"}],"replies":[{"embeddable":true,"href":"https:\/\/www.estrategiaconcursos.com.br\/blog\/wp-json\/wp\/v2\/comments?post=865907"}],"version-history":[{"count":7,"href":"https:\/\/www.estrategiaconcursos.com.br\/blog\/wp-json\/wp\/v2\/posts\/865907\/revisions"}],"predecessor-version":[{"id":865918,"href":"https:\/\/www.estrategiaconcursos.com.br\/blog\/wp-json\/wp\/v2\/posts\/865907\/revisions\/865918"}],"wp:featuredmedia":[{"embeddable":true,"href":"https:\/\/www.estrategiaconcursos.com.br\/blog\/wp-json\/wp\/v2\/media\/853281"}],"wp:attachment":[{"href":"https:\/\/www.estrategiaconcursos.com.br\/blog\/wp-json\/wp\/v2\/media?parent=865907"}],"wp:term":[{"taxonomy":"category","embeddable":true,"href":"https:\/\/www.estrategiaconcursos.com.br\/blog\/wp-json\/wp\/v2\/categories?post=865907"},{"taxonomy":"post_tag","embeddable":true,"href":"https:\/\/www.estrategiaconcursos.com.br\/blog\/wp-json\/wp\/v2\/tags?post=865907"},{"taxonomy":"tax_estado","embeddable":true,"href":"https:\/\/www.estrategiaconcursos.com.br\/blog\/wp-json\/wp\/v2\/tax_estado?post=865907"}],"curies":[{"name":"wp","href":"https:\/\/api.w.org\/{rel}","templated":true}]}}