{"id":865823,"date":"2021-09-20T20:30:24","date_gmt":"2021-09-20T23:30:24","guid":{"rendered":"https:\/\/www.estrategiaconcursos.com.br\/blog\/?p=865823"},"modified":"2021-09-21T14:56:19","modified_gmt":"2021-09-21T17:56:19","slug":"concurso-guarda-de-pitimbu-gabaritos-preliminares","status":"publish","type":"post","link":"https:\/\/www.estrategiaconcursos.com.br\/blog\/concurso-guarda-de-pitimbu-gabaritos-preliminares\/","title":{"rendered":"Concurso Guarda de Pitimbu: confira os gabaritos preliminares"},"content":{"rendered":"\n<p>Aten\u00e7\u00e3o, corujas! Foram divulgados, pela banca <a href=\"https:\/\/www.idib.org.br\/Concurso.aspx?ID=196\" target=\"_blank\" rel=\"noreferrer noopener\">Idib<\/a>, os gabaritos preliminares das provas objetivas do <strong>concurso Guarda de Pitimbu PB<\/strong>. A etapa aconteceu no dia 19 de setembro. Para acessar, clique nos links abaixo:<\/p>\n\n\n\n<p class=\"has-text-align-center has-black-color has-text-color has-background\" style=\"background-color:#dee2e5;font-size:clamp(14px, 0.875rem + ((1vw - 3.2px) * 0.392), 18px);\"><strong><a href=\"https:\/\/dhg1h5j42swfq.cloudfront.net\/2021\/09\/20190146\/1vd29x3gps6ppriycw9m0du30ghrlrfg6i6nn78h8goncblqwgwonxkiw3rikija8omfrgk8uxxo3s1q4633-1.pdf\" target=\"_blank\" rel=\"noreferrer noopener\">Gabarito Preliminar &#8211; Tipo A<\/a><\/strong><br \/><strong><a href=\"https:\/\/dhg1h5j42swfq.cloudfront.net\/2021\/09\/20190206\/ca75c8wmb4v2bs4s1wa31kko2el4iwj3gup1j154edmb77vrhmyi9g5ac5kru1qt6ytatves32bwa64h4636-1.pdf\" target=\"_blank\" rel=\"noreferrer noopener\">Gabarito Preliminar &#8211; Tipo B<\/a><\/strong><\/p>\n\n\n\n<div class=\"wp-block-image\"><figure class=\"aligncenter size-full is-resized\"><img loading=\"lazy\" decoding=\"async\" src=\"https:\/\/dhg1h5j42swfq.cloudfront.net\/2021\/09\/20202547\/pitimbu.jpg\" alt=\"guarda de pitimbu gabaritos\" class=\"wp-image-865829\" width=\"635\" height=\"423\" srcset=\"https:\/\/dhg1h5j42swfq.cloudfront.net\/2021\/09\/20202547\/pitimbu.jpg 470w, https:\/\/dhg1h5j42swfq.cloudfront.net\/2021\/09\/20202547\/pitimbu-300x200.jpg 300w\" sizes=\"auto, (max-width: 635px) 100vw, 635px\" \/><figcaption>Concurso Guarda de Pitimbu PB tem seus gabaritos preliminares divulgados | Imagem: reprodu\u00e7\u00e3o<\/figcaption><\/figure><\/div>\n\n\n\n<p>O concurso oferta <strong>cinco vagas imediatas<\/strong> e outras cinco oportunidades para forma\u00e7\u00e3o de cadastro reserva destinadas ao cargo Guarda Municipal, de n\u00edvel m\u00e9dio e sal\u00e1rio de R$ 1.045,00. Importante frisar que a sele\u00e7\u00e3o passou por um longo per\u00edodo de suspens\u00e3o, por conta da atual pandemia de Covid-19.<\/p>\n\n\n\n<h2 class=\"wp-block-heading\" id=\"etapas\">Etapas do concurso Guarda de Pitimbu PB    <\/h2>\n\n\n\n<p>O concurso Guarda de Pitimbu PB \u00e9 constitu\u00eddo por sete etapas, em duas fases. Confira a seguir as principais etapas do certame: <\/p>\n\n\n\n<ol class=\"wp-block-list\"><li><strong>Prova Objetiva<\/strong>;<\/li><li><strong>Teste de Aptid\u00e3o F\u00edsica<\/strong>;<\/li><li><strong>Avalia\u00e7\u00e3o psicol\u00f3gica<\/strong>;<\/li><li><strong>Apresenta\u00e7\u00e3o de Exames M\u00e9dicos<\/strong>;<\/li><li><strong>Investiga\u00e7\u00e3o Social<\/strong>;<\/li><li><strong>Fase te\u00f3rica do Curso de Forma\u00e7\u00e3o Profissional<\/strong>;<\/li><li><strong>Fase Pr\u00e1tica do Curso de Forma\u00e7\u00e3o Profissional<\/strong>.<\/li><\/ol>\n\n\n\n<h3 class=\"wp-block-heading\" id=\"taf\">Teste de Aptid\u00e3o F\u00edsica<\/h3>\n\n\n\n<p>A prova de capacidade f\u00edsica, de presen\u00e7a\/execu\u00e7\u00e3o obrigat\u00f3ria e de car\u00e1ter apenas eliminat\u00f3rio, ser\u00e1 realizada pelo IDIB e visa a avaliar a capacidade m\u00ednima do candidato para suportar, f\u00edsica e organicamente, as atividades e demais exig\u00eancias pr\u00f3prias do cargo de Guarda Municipal da Prefeitura de Pitimbu.<\/p>\n\n\n\n<h3 class=\"wp-block-heading\" id=\"psicologica\">Avalia\u00e7\u00e3o Psicol\u00f3gica<\/h3>\n\n\n\n<p>Participar\u00e3o da Avalia\u00e7\u00e3o Psicol\u00f3gica os candidatos \u201cAPTOS\u201d na Prova de Aptid\u00e3o F\u00edsica. Os candidatos n\u00e3o convocados para a Avalia\u00e7\u00e3o Psicol\u00f3gica estar\u00e3o eliminados do concurso Guarda de Pitimbu.<\/p>\n\n\n\n<p>A Avalia\u00e7\u00e3o Psicol\u00f3gica consistir\u00e1 na aplica\u00e7\u00e3o e na avalia\u00e7\u00e3o de baterias de testes e instrumentos psicol\u00f3gicos cient\u00edficos que permitam identificar a compatibilidade de caracter\u00edsticas psicol\u00f3gicas do candidato com as atribui\u00e7\u00f5es do cargo, visando verificar, entre outros:<\/p>\n\n\n\n<ul class=\"wp-block-list\"><li>a) capacidade de concentra\u00e7\u00e3o e aten\u00e7\u00e3o;<\/li><li>b) capacidade de mem\u00f3ria;<\/li><li>c) tipos de racioc\u00ednio;<\/li><li>d) caracter\u00edsticas de personalidade como: controle emocional, relacionamento interpessoal, extrovers\u00e3o, altru\u00edsmo, assertividade, disciplina, ordem, dinamismo, persist\u00eancia, entre outras.<\/li><\/ul>\n\n\n\n<h3 class=\"wp-block-heading\" id=\"formacao\">Curso de forma\u00e7\u00e3o<\/h3>\n\n\n\n<p>O Curso de Forma\u00e7\u00e3o Profissional ser\u00e1 realizado pela Prefeitura Municipal, ter\u00e1 car\u00e1ter eliminat\u00f3rio e dura\u00e7\u00e3o m\u00ednima de 476 horas, em obedi\u00eancia \u00e0 matriz curricular nacional do SENASP, al\u00e9m de cumprir com o necess\u00e1rio para que o candidato esteja, ao fim do curso de forma\u00e7\u00e3o, apto para portar armas de fogo. <\/p>\n\n\n\n<p>Para saber todas as informa\u00e7\u00f5es sobre o concurso Guarda de Pitimbu PB, bem como da divulga\u00e7\u00e3o dos gabaritos preliminares, acesse nosso artigo completo abaixo:<\/p>\n\n\n\n<p class=\"has-text-align-center has-black-color has-cyan-bluish-gray-background-color has-text-color has-background\">Saiba mais: <strong><a href=\"https:\/\/www.estrategiaconcursos.com.br\/blog\/concurso-guarda-de-pitimbu-pb\/\" target=\"_blank\" rel=\"noreferrer noopener\">Concurso Guarda de Pitimbu <\/a><\/strong><\/p>\n\n\n\n<h2 class=\"has-text-align-center wp-block-heading\" id=\"cursos\">Quer estudar para o concurso Guarda de Pitimbu?<\/h2>\n\n\n\n<div class=\"container\" id=\"boxes\">\n  <div class=\"row\">\n\n    <div class=\"col-sm\">\n      <div class=\"banner-policial\" id=\"box-assinatura\">\n        <h3 class=\"titulo-assinatura\">Guarda de Pitimbu PB<\/h3>\n        <p class=\"subtitulo-assinatura\">Conhe\u00e7a os cursos<\/p>\n        <div class=\"box-botao\">\n          <a class=\"btn-assinatura\" target=\"_blank\" href=\"https:\/\/www.estrategiaconcursos.com.br\/cursosPorConcurso\" role=\"button\" rel=\"noopener noreferrer\">Conhe\u00e7a mais<\/a>\n        <\/div>\n      <\/div><\/div><\/div><\/div>\n\n\n\n<div class=\"container\" id=\"boxes\">\n  <div class=\"row\">\n\n    <div class=\"col-sm\">\n      <div class=\"estrategia\" id=\"box-assinatura\">\n        <h3 class=\"titulo-assinatura\">Assinatura Ilimitada<\/h3>\n        <p class=\"subtitulo-assinatura\">Assinatura Anual Ilimitada*<\/p>\n        <div class=\"box-botao\">\n          <a class=\"btn-assinatura\" target=\"_blank\" href=\"https:\/\/www.estrategiaconcursos.com.br\/assinaturas\/\" role=\"button\" rel=\"noopener noreferrer\">ASSINE AGORA<\/a>\n        <\/div>\n      <\/div>\n      <p class=\"texto-auxiliar\"><\/p>\n    <\/div><\/div><\/div>\n\n\n\n<div class=\"container\" id=\"boxes\">\n  <div class=\"row\">\n\n    <div class=\"col-sm\" id=\"boxes-concursos\">\n      <div style=\"background-color: #005DAD;\" class=\"conteudo-concursos\" id=\"box-concursos\">\n        <h3 class=\"titulo-assinatura\">Concursos Abertos<\/h3>\n        <p class=\"subtitulo-assinatura\">Os editais publicados<\/p>\n        <div class=\"box-botao\">\n          <a class=\"btn-assinatura\" target=\"_blank\" href=\"https:\/\/www.estrategiaconcursos.com.br\/blog\/concursos-abertos\/\" role=\"button\" rel=\"noopener noreferrer\">Conhe\u00e7a Agora<\/a>\n        <\/div>\n      <\/div>\n    <\/div>\n\n    <div class=\"col-sm\" id=\"boxes-concursos\">\n      <div style=\"background-color: #1A7ED5;\" class=\"conteudo-concursos\" id=\"box-concursos\">\n        <h3 class=\"titulo-assinatura\">Concursos 2021<\/h3>\n        <p class=\"subtitulo-assinatura\">As oportunidades previstas<\/p>\n        <div class=\"box-botao\">\n          <a class=\"btn-assinatura\" target=\"_blank\" href=\"https:\/\/www.estrategiaconcursos.com.br\/blog\/concursos-2021\/\" role=\"button\" rel=\"noopener noreferrer\">Conhe\u00e7a Agora<\/a>\n        <\/div>\n      <\/div>\n    <\/div>\n\n    <div class=\"col-sm\" id=\"boxes-concursos\">\n      <div style=\"background-color: #419FF0;\" class=\"conteudo-concursos\" id=\"box-concursos\">\n        <h3 class=\"titulo-assinatura\">Concursos 2022<\/h3>\n        <p class=\"subtitulo-assinatura\">Vagas para o pr\u00f3ximo ano<\/p>\n        <div class=\"box-botao\">\n          <a class=\"btn-assinatura\" target=\"_blank\" href=\"https:\/\/www.estrategiaconcursos.com.br\/blog\/concursos-2022\/\" role=\"button\" rel=\"noopener noreferrer\">Conhe\u00e7a Agora<\/a>\n        <\/div>\n      <\/div>\n    <\/div>\n\n  <\/div>\n<\/div>\n","protected":false},"excerpt":{"rendered":"<p>Aten\u00e7\u00e3o, corujas! Foram divulgados, pela banca Idib, os gabaritos preliminares das provas objetivas do concurso Guarda de Pitimbu PB. A etapa aconteceu no dia 19 de setembro. Para acessar, clique nos links abaixo: Gabarito Preliminar &#8211; Tipo AGabarito Preliminar &#8211; Tipo B O concurso oferta cinco vagas imediatas e outras cinco oportunidades para forma\u00e7\u00e3o de [&hellip;]<\/p>\n","protected":false},"author":2134,"featured_media":865791,"comment_status":"open","ping_status":"closed","sticky":false,"template":"","format":"standard","meta":{"post_tipo":"news","footnotes":""},"categories":[220189,220219],"tags":[],"tax_estado":[219978],"class_list":["post-865823","post","type-post","status-publish","format-standard","has-post-thumbnail","hentry","category-policial-guarda-civis","category-noticias","tax_estado-pb"],"acf":[],"yoast_head":"<!-- This site is optimized with the Yoast SEO Premium plugin v27.2 (Yoast SEO v27.2) - https:\/\/yoast.com\/product\/yoast-seo-premium-wordpress\/ -->\n<title>Concurso Guarda de Pitimbu: confira os gabaritos preliminares<\/title>\n<meta name=\"description\" content=\"Foram divulgados os gabaritos preliminares das provas do concurso Guarda de Pitimbu. A etapa aconteceu em 19\/09. Confira os detalhes!\" \/>\n<meta name=\"robots\" content=\"index, follow, max-snippet:-1, max-image-preview:large, max-video-preview:-1\" \/>\n<link rel=\"canonical\" href=\"https:\/\/www.estrategiaconcursos.com.br\/blog\/concurso-guarda-de-pitimbu-gabaritos-preliminares\/\" \/>\n<meta property=\"og:locale\" content=\"pt_BR\" \/>\n<meta property=\"og:type\" content=\"article\" \/>\n<meta property=\"og:title\" content=\"Concurso Guarda de Pitimbu: confira os gabaritos preliminares\" \/>\n<meta property=\"og:description\" content=\"Foram divulgados os gabaritos preliminares das provas do concurso Guarda de Pitimbu. A etapa aconteceu em 19\/09. Confira os detalhes!\" \/>\n<meta property=\"og:url\" content=\"https:\/\/www.estrategiaconcursos.com.br\/blog\/concurso-guarda-de-pitimbu-gabaritos-preliminares\/\" \/>\n<meta property=\"og:site_name\" content=\"Estrat\u00e9gia Concursos\" \/>\n<meta property=\"article:published_time\" content=\"2021-09-20T23:30:24+00:00\" \/>\n<meta property=\"article:modified_time\" content=\"2021-09-21T17:56:19+00:00\" \/>\n<meta property=\"og:image\" content=\"https:\/\/dhg1h5j42swfq.cloudfront.net\/2021\/09\/20191539\/gcm-pitimbu-pb.jpg\" \/>\n\t<meta property=\"og:image:width\" content=\"768\" \/>\n\t<meta property=\"og:image:height\" content=\"432\" \/>\n\t<meta property=\"og:image:type\" content=\"image\/jpeg\" \/>\n<meta name=\"author\" content=\"Rafaela Teixeira\" \/>\n<meta name=\"twitter:card\" content=\"summary_large_image\" \/>\n<meta name=\"twitter:creator\" content=\"@EstratConcursos\" \/>\n<meta name=\"twitter:site\" content=\"@EstratConcursos\" \/>\n<meta name=\"twitter:label1\" content=\"Escrito por\" \/>\n\t<meta name=\"twitter:data1\" content=\"Rafaela Teixeira\" \/>\n\t<meta name=\"twitter:label2\" content=\"Est. tempo de leitura\" \/>\n\t<meta name=\"twitter:data2\" content=\"3 minutos\" \/>\n<script type=\"application\/ld+json\" class=\"yoast-schema-graph\">{\"@context\":\"https:\/\/schema.org\",\"@graph\":[{\"@type\":\"NewsArticle\",\"@id\":\"https:\/\/www.estrategiaconcursos.com.br\/blog\/concurso-guarda-de-pitimbu-gabaritos-preliminares\/#article\",\"isPartOf\":{\"@id\":\"https:\/\/www.estrategiaconcursos.com.br\/blog\/concurso-guarda-de-pitimbu-gabaritos-preliminares\/\"},\"author\":{\"name\":\"Rafaela Teixeira\",\"@id\":\"https:\/\/www.estrategiaconcursos.com.br\/blog\/#\/schema\/person\/e75352021ea7f60781c599934f916eb1\"},\"headline\":\"Concurso Guarda de Pitimbu: confira os gabaritos preliminares\",\"datePublished\":\"2021-09-20T23:30:24+00:00\",\"dateModified\":\"2021-09-21T17:56:19+00:00\",\"mainEntityOfPage\":{\"@id\":\"https:\/\/www.estrategiaconcursos.com.br\/blog\/concurso-guarda-de-pitimbu-gabaritos-preliminares\/\"},\"wordCount\":517,\"commentCount\":0,\"publisher\":{\"@id\":\"https:\/\/www.estrategiaconcursos.com.br\/blog\/#organization\"},\"image\":{\"@id\":\"https:\/\/www.estrategiaconcursos.com.br\/blog\/concurso-guarda-de-pitimbu-gabaritos-preliminares\/#primaryimage\"},\"thumbnailUrl\":\"https:\/\/dhg1h5j42swfq.cloudfront.net\/2021\/09\/20191539\/gcm-pitimbu-pb.jpg\",\"articleSection\":[\"Policial (Guardas Civis)\",\"\u00daltimas not\u00edcias\"],\"inLanguage\":\"pt-BR\",\"potentialAction\":[{\"@type\":\"CommentAction\",\"name\":\"Comment\",\"target\":[\"https:\/\/www.estrategiaconcursos.com.br\/blog\/concurso-guarda-de-pitimbu-gabaritos-preliminares\/#respond\"]}],\"copyrightYear\":\"2021\",\"copyrightHolder\":{\"@id\":\"https:\/\/www.estrategiaconcursos.com.br\/blog\/#organization\"}},{\"@type\":\"WebPage\",\"@id\":\"https:\/\/www.estrategiaconcursos.com.br\/blog\/concurso-guarda-de-pitimbu-gabaritos-preliminares\/\",\"url\":\"https:\/\/www.estrategiaconcursos.com.br\/blog\/concurso-guarda-de-pitimbu-gabaritos-preliminares\/\",\"name\":\"Concurso Guarda de Pitimbu: confira os gabaritos preliminares\",\"isPartOf\":{\"@id\":\"https:\/\/www.estrategiaconcursos.com.br\/blog\/#website\"},\"primaryImageOfPage\":{\"@id\":\"https:\/\/www.estrategiaconcursos.com.br\/blog\/concurso-guarda-de-pitimbu-gabaritos-preliminares\/#primaryimage\"},\"image\":{\"@id\":\"https:\/\/www.estrategiaconcursos.com.br\/blog\/concurso-guarda-de-pitimbu-gabaritos-preliminares\/#primaryimage\"},\"thumbnailUrl\":\"https:\/\/dhg1h5j42swfq.cloudfront.net\/2021\/09\/20191539\/gcm-pitimbu-pb.jpg\",\"datePublished\":\"2021-09-20T23:30:24+00:00\",\"dateModified\":\"2021-09-21T17:56:19+00:00\",\"description\":\"Foram divulgados os gabaritos preliminares das provas do concurso Guarda de Pitimbu. A etapa aconteceu em 19\/09. Confira os detalhes!\",\"breadcrumb\":{\"@id\":\"https:\/\/www.estrategiaconcursos.com.br\/blog\/concurso-guarda-de-pitimbu-gabaritos-preliminares\/#breadcrumb\"},\"inLanguage\":\"pt-BR\",\"potentialAction\":[{\"@type\":\"ReadAction\",\"target\":[\"https:\/\/www.estrategiaconcursos.com.br\/blog\/concurso-guarda-de-pitimbu-gabaritos-preliminares\/\"]}]},{\"@type\":\"ImageObject\",\"inLanguage\":\"pt-BR\",\"@id\":\"https:\/\/www.estrategiaconcursos.com.br\/blog\/concurso-guarda-de-pitimbu-gabaritos-preliminares\/#primaryimage\",\"url\":\"https:\/\/dhg1h5j42swfq.cloudfront.net\/2021\/09\/20191539\/gcm-pitimbu-pb.jpg\",\"contentUrl\":\"https:\/\/dhg1h5j42swfq.cloudfront.net\/2021\/09\/20191539\/gcm-pitimbu-pb.jpg\",\"width\":768,\"height\":432},{\"@type\":\"BreadcrumbList\",\"@id\":\"https:\/\/www.estrategiaconcursos.com.br\/blog\/concurso-guarda-de-pitimbu-gabaritos-preliminares\/#breadcrumb\",\"itemListElement\":[{\"@type\":\"ListItem\",\"position\":1,\"name\":\"In\u00edcio\",\"item\":\"https:\/\/www.estrategiaconcursos.com.br\/blog\/\"},{\"@type\":\"ListItem\",\"position\":2,\"name\":\"Concurso Guarda de Pitimbu: confira os gabaritos preliminares\"}]},{\"@type\":\"WebSite\",\"@id\":\"https:\/\/www.estrategiaconcursos.com.br\/blog\/#website\",\"url\":\"https:\/\/www.estrategiaconcursos.com.br\/blog\/\",\"name\":\"Estrat\u00e9gia Concursos\",\"description\":\"O blog da Estrat\u00e9gia Concursos traz not\u00edcias sobre concursos e artigos de professores oferecendo cursos para concursos (pdf + videaulas) no site.\",\"publisher\":{\"@id\":\"https:\/\/www.estrategiaconcursos.com.br\/blog\/#organization\"},\"potentialAction\":[{\"@type\":\"SearchAction\",\"target\":{\"@type\":\"EntryPoint\",\"urlTemplate\":\"https:\/\/www.estrategiaconcursos.com.br\/blog\/?s={search_term_string}\"},\"query-input\":{\"@type\":\"PropertyValueSpecification\",\"valueRequired\":true,\"valueName\":\"search_term_string\"}}],\"inLanguage\":\"pt-BR\"},{\"@type\":\"Organization\",\"@id\":\"https:\/\/www.estrategiaconcursos.com.br\/blog\/#organization\",\"name\":\"Estrat\u00e9gia Concursos\",\"url\":\"https:\/\/www.estrategiaconcursos.com.br\/blog\/\",\"logo\":{\"@type\":\"ImageObject\",\"inLanguage\":\"pt-BR\",\"@id\":\"https:\/\/www.estrategiaconcursos.com.br\/blog\/#\/schema\/logo\/image\/\",\"url\":\"https:\/\/dhg1h5j42swfq.cloudfront.net\/2025\/06\/03203428\/logo_concursos-1.jpg\",\"contentUrl\":\"https:\/\/dhg1h5j42swfq.cloudfront.net\/2025\/06\/03203428\/logo_concursos-1.jpg\",\"width\":230,\"height\":60,\"caption\":\"Estrat\u00e9gia Concursos\"},\"image\":{\"@id\":\"https:\/\/www.estrategiaconcursos.com.br\/blog\/#\/schema\/logo\/image\/\"},\"sameAs\":[\"https:\/\/x.com\/EstratConcursos\"]},{\"@type\":\"Person\",\"@id\":\"https:\/\/www.estrategiaconcursos.com.br\/blog\/#\/schema\/person\/e75352021ea7f60781c599934f916eb1\",\"name\":\"Rafaela Teixeira\",\"image\":{\"@type\":\"ImageObject\",\"inLanguage\":\"pt-BR\",\"@id\":\"https:\/\/secure.gravatar.com\/avatar\/8a349a2b22039b1ee88fc06461487c950fd6aa411ea8af8633314b43334ae793?s=96&d=mm&r=g\",\"url\":\"https:\/\/secure.gravatar.com\/avatar\/8a349a2b22039b1ee88fc06461487c950fd6aa411ea8af8633314b43334ae793?s=96&d=mm&r=g\",\"contentUrl\":\"https:\/\/secure.gravatar.com\/avatar\/8a349a2b22039b1ee88fc06461487c950fd6aa411ea8af8633314b43334ae793?s=96&d=mm&r=g\",\"caption\":\"Rafaela Teixeira\"},\"description\":\"Rafaela Teixeira \u00e9 advogada conveniada \u00e0 Defensoria P\u00fablica de S\u00e3o Paulo pela OAB, com experi\u00eancia em reda\u00e7\u00e3o jur\u00eddica e atua\u00e7\u00e3o em institui\u00e7\u00f5es p\u00fablicas, incluindo est\u00e1gio no TRE-SP. Possui mais de 7 anos de experi\u00eancia na produ\u00e7\u00e3o de conte\u00fados voltados ao nicho de concursos p\u00fablicos, com foco em apura\u00e7\u00e3o jornal\u00edstica cont\u00ednua, an\u00e1lise de editais e obten\u00e7\u00e3o de informa\u00e7\u00f5es diretamente junto a \u00f3rg\u00e3os e fontes oficiais. No Blog do Estrat\u00e9gia Concursos, atua como Analista de Conte\u00fado S\u00eanior, respons\u00e1vel pelo jornalismo do per\u00edodo noturno e da madrugada, com atua\u00e7\u00e3o transversal na cobertura de concursos p\u00fablicos, garantindo a continuidade, fluidez e confiabilidade das publica\u00e7\u00f5es e dos bastidores dos certames.\",\"url\":\"https:\/\/www.estrategiaconcursos.com.br\/blog\/author\/rafaela-teixeira\/\"}]}<\/script>\n<!-- \/ Yoast SEO Premium plugin. -->","yoast_head_json":{"title":"Concurso Guarda de Pitimbu: confira os gabaritos preliminares","description":"Foram divulgados os gabaritos preliminares das provas do concurso Guarda de Pitimbu. A etapa aconteceu em 19\/09. Confira os detalhes!","robots":{"index":"index","follow":"follow","max-snippet":"max-snippet:-1","max-image-preview":"max-image-preview:large","max-video-preview":"max-video-preview:-1"},"canonical":"https:\/\/www.estrategiaconcursos.com.br\/blog\/concurso-guarda-de-pitimbu-gabaritos-preliminares\/","og_locale":"pt_BR","og_type":"article","og_title":"Concurso Guarda de Pitimbu: confira os gabaritos preliminares","og_description":"Foram divulgados os gabaritos preliminares das provas do concurso Guarda de Pitimbu. A etapa aconteceu em 19\/09. Confira os detalhes!","og_url":"https:\/\/www.estrategiaconcursos.com.br\/blog\/concurso-guarda-de-pitimbu-gabaritos-preliminares\/","og_site_name":"Estrat\u00e9gia Concursos","article_published_time":"2021-09-20T23:30:24+00:00","article_modified_time":"2021-09-21T17:56:19+00:00","og_image":[{"width":768,"height":432,"url":"https:\/\/dhg1h5j42swfq.cloudfront.net\/2021\/09\/20191539\/gcm-pitimbu-pb.jpg","type":"image\/jpeg"}],"author":"Rafaela Teixeira","twitter_card":"summary_large_image","twitter_creator":"@EstratConcursos","twitter_site":"@EstratConcursos","twitter_misc":{"Escrito por":"Rafaela Teixeira","Est. tempo de leitura":"3 minutos"},"schema":{"@context":"https:\/\/schema.org","@graph":[{"@type":"NewsArticle","@id":"https:\/\/www.estrategiaconcursos.com.br\/blog\/concurso-guarda-de-pitimbu-gabaritos-preliminares\/#article","isPartOf":{"@id":"https:\/\/www.estrategiaconcursos.com.br\/blog\/concurso-guarda-de-pitimbu-gabaritos-preliminares\/"},"author":{"name":"Rafaela Teixeira","@id":"https:\/\/www.estrategiaconcursos.com.br\/blog\/#\/schema\/person\/e75352021ea7f60781c599934f916eb1"},"headline":"Concurso Guarda de Pitimbu: confira os gabaritos preliminares","datePublished":"2021-09-20T23:30:24+00:00","dateModified":"2021-09-21T17:56:19+00:00","mainEntityOfPage":{"@id":"https:\/\/www.estrategiaconcursos.com.br\/blog\/concurso-guarda-de-pitimbu-gabaritos-preliminares\/"},"wordCount":517,"commentCount":0,"publisher":{"@id":"https:\/\/www.estrategiaconcursos.com.br\/blog\/#organization"},"image":{"@id":"https:\/\/www.estrategiaconcursos.com.br\/blog\/concurso-guarda-de-pitimbu-gabaritos-preliminares\/#primaryimage"},"thumbnailUrl":"https:\/\/dhg1h5j42swfq.cloudfront.net\/2021\/09\/20191539\/gcm-pitimbu-pb.jpg","articleSection":["Policial (Guardas Civis)","\u00daltimas not\u00edcias"],"inLanguage":"pt-BR","potentialAction":[{"@type":"CommentAction","name":"Comment","target":["https:\/\/www.estrategiaconcursos.com.br\/blog\/concurso-guarda-de-pitimbu-gabaritos-preliminares\/#respond"]}],"copyrightYear":"2021","copyrightHolder":{"@id":"https:\/\/www.estrategiaconcursos.com.br\/blog\/#organization"}},{"@type":"WebPage","@id":"https:\/\/www.estrategiaconcursos.com.br\/blog\/concurso-guarda-de-pitimbu-gabaritos-preliminares\/","url":"https:\/\/www.estrategiaconcursos.com.br\/blog\/concurso-guarda-de-pitimbu-gabaritos-preliminares\/","name":"Concurso Guarda de Pitimbu: confira os gabaritos preliminares","isPartOf":{"@id":"https:\/\/www.estrategiaconcursos.com.br\/blog\/#website"},"primaryImageOfPage":{"@id":"https:\/\/www.estrategiaconcursos.com.br\/blog\/concurso-guarda-de-pitimbu-gabaritos-preliminares\/#primaryimage"},"image":{"@id":"https:\/\/www.estrategiaconcursos.com.br\/blog\/concurso-guarda-de-pitimbu-gabaritos-preliminares\/#primaryimage"},"thumbnailUrl":"https:\/\/dhg1h5j42swfq.cloudfront.net\/2021\/09\/20191539\/gcm-pitimbu-pb.jpg","datePublished":"2021-09-20T23:30:24+00:00","dateModified":"2021-09-21T17:56:19+00:00","description":"Foram divulgados os gabaritos preliminares das provas do concurso Guarda de Pitimbu. A etapa aconteceu em 19\/09. Confira os detalhes!","breadcrumb":{"@id":"https:\/\/www.estrategiaconcursos.com.br\/blog\/concurso-guarda-de-pitimbu-gabaritos-preliminares\/#breadcrumb"},"inLanguage":"pt-BR","potentialAction":[{"@type":"ReadAction","target":["https:\/\/www.estrategiaconcursos.com.br\/blog\/concurso-guarda-de-pitimbu-gabaritos-preliminares\/"]}]},{"@type":"ImageObject","inLanguage":"pt-BR","@id":"https:\/\/www.estrategiaconcursos.com.br\/blog\/concurso-guarda-de-pitimbu-gabaritos-preliminares\/#primaryimage","url":"https:\/\/dhg1h5j42swfq.cloudfront.net\/2021\/09\/20191539\/gcm-pitimbu-pb.jpg","contentUrl":"https:\/\/dhg1h5j42swfq.cloudfront.net\/2021\/09\/20191539\/gcm-pitimbu-pb.jpg","width":768,"height":432},{"@type":"BreadcrumbList","@id":"https:\/\/www.estrategiaconcursos.com.br\/blog\/concurso-guarda-de-pitimbu-gabaritos-preliminares\/#breadcrumb","itemListElement":[{"@type":"ListItem","position":1,"name":"In\u00edcio","item":"https:\/\/www.estrategiaconcursos.com.br\/blog\/"},{"@type":"ListItem","position":2,"name":"Concurso Guarda de Pitimbu: confira os gabaritos preliminares"}]},{"@type":"WebSite","@id":"https:\/\/www.estrategiaconcursos.com.br\/blog\/#website","url":"https:\/\/www.estrategiaconcursos.com.br\/blog\/","name":"Estrat\u00e9gia Concursos","description":"O blog da Estrat\u00e9gia Concursos traz not\u00edcias sobre concursos e artigos de professores oferecendo cursos para concursos (pdf + videaulas) no site.","publisher":{"@id":"https:\/\/www.estrategiaconcursos.com.br\/blog\/#organization"},"potentialAction":[{"@type":"SearchAction","target":{"@type":"EntryPoint","urlTemplate":"https:\/\/www.estrategiaconcursos.com.br\/blog\/?s={search_term_string}"},"query-input":{"@type":"PropertyValueSpecification","valueRequired":true,"valueName":"search_term_string"}}],"inLanguage":"pt-BR"},{"@type":"Organization","@id":"https:\/\/www.estrategiaconcursos.com.br\/blog\/#organization","name":"Estrat\u00e9gia Concursos","url":"https:\/\/www.estrategiaconcursos.com.br\/blog\/","logo":{"@type":"ImageObject","inLanguage":"pt-BR","@id":"https:\/\/www.estrategiaconcursos.com.br\/blog\/#\/schema\/logo\/image\/","url":"https:\/\/dhg1h5j42swfq.cloudfront.net\/2025\/06\/03203428\/logo_concursos-1.jpg","contentUrl":"https:\/\/dhg1h5j42swfq.cloudfront.net\/2025\/06\/03203428\/logo_concursos-1.jpg","width":230,"height":60,"caption":"Estrat\u00e9gia Concursos"},"image":{"@id":"https:\/\/www.estrategiaconcursos.com.br\/blog\/#\/schema\/logo\/image\/"},"sameAs":["https:\/\/x.com\/EstratConcursos"]},{"@type":"Person","@id":"https:\/\/www.estrategiaconcursos.com.br\/blog\/#\/schema\/person\/e75352021ea7f60781c599934f916eb1","name":"Rafaela Teixeira","image":{"@type":"ImageObject","inLanguage":"pt-BR","@id":"https:\/\/secure.gravatar.com\/avatar\/8a349a2b22039b1ee88fc06461487c950fd6aa411ea8af8633314b43334ae793?s=96&d=mm&r=g","url":"https:\/\/secure.gravatar.com\/avatar\/8a349a2b22039b1ee88fc06461487c950fd6aa411ea8af8633314b43334ae793?s=96&d=mm&r=g","contentUrl":"https:\/\/secure.gravatar.com\/avatar\/8a349a2b22039b1ee88fc06461487c950fd6aa411ea8af8633314b43334ae793?s=96&d=mm&r=g","caption":"Rafaela Teixeira"},"description":"Rafaela Teixeira \u00e9 advogada conveniada \u00e0 Defensoria P\u00fablica de S\u00e3o Paulo pela OAB, com experi\u00eancia em reda\u00e7\u00e3o jur\u00eddica e atua\u00e7\u00e3o em institui\u00e7\u00f5es p\u00fablicas, incluindo est\u00e1gio no TRE-SP. Possui mais de 7 anos de experi\u00eancia na produ\u00e7\u00e3o de conte\u00fados voltados ao nicho de concursos p\u00fablicos, com foco em apura\u00e7\u00e3o jornal\u00edstica cont\u00ednua, an\u00e1lise de editais e obten\u00e7\u00e3o de informa\u00e7\u00f5es diretamente junto a \u00f3rg\u00e3os e fontes oficiais. No Blog do Estrat\u00e9gia Concursos, atua como Analista de Conte\u00fado S\u00eanior, respons\u00e1vel pelo jornalismo do per\u00edodo noturno e da madrugada, com atua\u00e7\u00e3o transversal na cobertura de concursos p\u00fablicos, garantindo a continuidade, fluidez e confiabilidade das publica\u00e7\u00f5es e dos bastidores dos certames.","url":"https:\/\/www.estrategiaconcursos.com.br\/blog\/author\/rafaela-teixeira\/"}]}},"_links":{"self":[{"href":"https:\/\/www.estrategiaconcursos.com.br\/blog\/wp-json\/wp\/v2\/posts\/865823","targetHints":{"allow":["GET"]}}],"collection":[{"href":"https:\/\/www.estrategiaconcursos.com.br\/blog\/wp-json\/wp\/v2\/posts"}],"about":[{"href":"https:\/\/www.estrategiaconcursos.com.br\/blog\/wp-json\/wp\/v2\/types\/post"}],"author":[{"embeddable":true,"href":"https:\/\/www.estrategiaconcursos.com.br\/blog\/wp-json\/wp\/v2\/users\/2134"}],"replies":[{"embeddable":true,"href":"https:\/\/www.estrategiaconcursos.com.br\/blog\/wp-json\/wp\/v2\/comments?post=865823"}],"version-history":[{"count":10,"href":"https:\/\/www.estrategiaconcursos.com.br\/blog\/wp-json\/wp\/v2\/posts\/865823\/revisions"}],"predecessor-version":[{"id":866501,"href":"https:\/\/www.estrategiaconcursos.com.br\/blog\/wp-json\/wp\/v2\/posts\/865823\/revisions\/866501"}],"wp:featuredmedia":[{"embeddable":true,"href":"https:\/\/www.estrategiaconcursos.com.br\/blog\/wp-json\/wp\/v2\/media\/865791"}],"wp:attachment":[{"href":"https:\/\/www.estrategiaconcursos.com.br\/blog\/wp-json\/wp\/v2\/media?parent=865823"}],"wp:term":[{"taxonomy":"category","embeddable":true,"href":"https:\/\/www.estrategiaconcursos.com.br\/blog\/wp-json\/wp\/v2\/categories?post=865823"},{"taxonomy":"post_tag","embeddable":true,"href":"https:\/\/www.estrategiaconcursos.com.br\/blog\/wp-json\/wp\/v2\/tags?post=865823"},{"taxonomy":"tax_estado","embeddable":true,"href":"https:\/\/www.estrategiaconcursos.com.br\/blog\/wp-json\/wp\/v2\/tax_estado?post=865823"}],"curies":[{"name":"wp","href":"https:\/\/api.w.org\/{rel}","templated":true}]}}