{"id":865761,"date":"2021-09-25T07:38:00","date_gmt":"2021-09-25T10:38:00","guid":{"rendered":"https:\/\/www.estrategiaconcursos.com.br\/blog\/?p=865761"},"modified":"2022-09-21T11:32:55","modified_gmt":"2022-09-21T14:32:55","slug":"5o-simulado-para-1a-fase-do-xxxiii-exame-de-ordem","status":"publish","type":"post","link":"https:\/\/www.estrategiaconcursos.com.br\/blog\/5o-simulado-para-1a-fase-do-xxxiii-exame-de-ordem\/","title":{"rendered":"5\u00ba Simulado para 1\u00aa Fase do XXXIII Exame de Ordem: participe hoje!"},"content":{"rendered":"\n<p>Para voc\u00ea, futuro advogado, que quer chegar preparado no dia da aplica\u00e7\u00e3o do XXXIII Exame da Ordem, o <strong>Estrat\u00e9gia OAB <\/strong>ir\u00e1 realizar neste s\u00e1bado, dia <strong>25\/09\/2021, o 5\u00ba Simulado para 1\u00aa Fase<\/strong>.<\/p>\n\n\n\n<p>A publica\u00e7\u00e3o edital do <strong>XXXIII<\/strong>&nbsp;<strong>Exame de Ordem<\/strong> ocorreu dia 11 de agosto, data que se celebra o Dia do Advogado. O exame est\u00e1 previsto para o dia <strong>17 de outubro de 2021<\/strong>. J\u00e1 a segunda fase, consistente em uma&nbsp;<strong>pe\u00e7a pr\u00e1tico-profissional,<\/strong>&nbsp;ocorrer\u00e1 em&nbsp;<strong>12 de dezembro de 2021.<\/strong><\/p>\n\n\n\n<p>O caderno do Simulado ser\u00e1 publicado neste artigo \u00e0s 8h e a corre\u00e7\u00e3o ocorrer\u00e1 AO VIVO, \u00e0s 14h.<\/p>\n\n\n\n<p class=\"has-text-align-center has-medium-font-size\"><strong>Confira o cronograma do 5\u00ba Simulado para 1\u00aa Fase do XXXIII Exame de Ordem:<\/strong><\/p>\n\n\n\n<figure class=\"wp-block-table is-style-stripes\"><table class=\"has-background has-fixed-layout\" style=\"background-color:#fcf0ef\"><tbody><tr><td class=\"has-text-align-center\" data-align=\"center\"><strong>Disciplina<\/strong><\/td><td class=\"has-text-align-center\" data-align=\"center\"><strong>Professor<\/strong><\/td><td class=\"has-text-align-center\" data-align=\"center\"><strong>Distribui\u00e7\u00e3o<\/strong><\/td><\/tr><tr><td class=\"has-text-align-center\" data-align=\"center\">\u00c9tica Profissional<\/td><td class=\"has-text-align-center\" data-align=\"center\">Priscila Ferreira<\/td><td class=\"has-text-align-center\" data-align=\"center\">1 a 8<\/td><\/tr><tr><td class=\"has-text-align-center\" data-align=\"center\">Filosofia do Direito<\/td><td class=\"has-text-align-center\" data-align=\"center\">Jean Vilbert<\/td><td class=\"has-text-align-center\" data-align=\"center\">9 e 10<\/td><\/tr><tr><td class=\"has-text-align-center\" data-align=\"center\">Direito Constitucional<\/td><td class=\"has-text-align-center\" data-align=\"center\">Diego Cerqueira<\/td><td class=\"has-text-align-center\" data-align=\"center\">11 a 17<\/td><\/tr><tr><td class=\"has-text-align-center\" data-align=\"center\">Direitos Humanos<\/td><td class=\"has-text-align-center\" data-align=\"center\">Ricardo Torques<\/td><td class=\"has-text-align-center\" data-align=\"center\">18 e 19<\/td><\/tr><tr><td class=\"has-text-align-center\" data-align=\"center\">Direito Internacional<\/td><td class=\"has-text-align-center\" data-align=\"center\">Vanessa Arns<\/td><td class=\"has-text-align-center\" data-align=\"center\">20 e 21<\/td><\/tr><tr><td class=\"has-text-align-center\" data-align=\"center\">Direito Tribut\u00e1rio<\/td><td class=\"has-text-align-center\" data-align=\"center\">Rodrigo Martins<\/td><td class=\"has-text-align-center\" data-align=\"center\">22 a 26<\/td><\/tr><tr><td class=\"has-text-align-center\" data-align=\"center\">Direito Administrativo<\/td><td class=\"has-text-align-center\" data-align=\"center\">Igor Maciel<\/td><td class=\"has-text-align-center\" data-align=\"center\">27 a 32<\/td><\/tr><tr><td class=\"has-text-align-center\" data-align=\"center\">Direito Ambiental<\/td><td class=\"has-text-align-center\" data-align=\"center\">Rosenval Jr.<\/td><td class=\"has-text-align-center\" data-align=\"center\">33 e 34<\/td><\/tr><tr><td class=\"has-text-align-center\" data-align=\"center\">Direito Civil<\/td><td class=\"has-text-align-center\" data-align=\"center\">Paulo Sousa<\/td><td class=\"has-text-align-center\" data-align=\"center\">35 a 41<\/td><\/tr><tr><td class=\"has-text-align-center\" data-align=\"center\">Direito da Crian\u00e7a e do Adolescente<\/td><td class=\"has-text-align-center\" data-align=\"center\">Ricardo Torques<\/td><td class=\"has-text-align-center\" data-align=\"center\">42 e 43<\/td><\/tr><tr><td class=\"has-text-align-center\" data-align=\"center\">Direito do Consumidor<\/td><td class=\"has-text-align-center\" data-align=\"center\">Igor Maciel<\/td><td class=\"has-text-align-center\" data-align=\"center\">44 e 45<\/td><\/tr><tr><td class=\"has-text-align-center\" data-align=\"center\">Direito Empresarial<\/td><td class=\"has-text-align-center\" data-align=\"center\">Alessandro Sanchez<\/td><td class=\"has-text-align-center\" data-align=\"center\">46 a 50<\/td><\/tr><tr><td class=\"has-text-align-center\" data-align=\"center\">Direito Processual Civil<\/td><td class=\"has-text-align-center\" data-align=\"center\">Ricardo Torques<\/td><td class=\"has-text-align-center\" data-align=\"center\">51 a 57<\/td><\/tr><tr><td class=\"has-text-align-center\" data-align=\"center\">Direito Penal<\/td><td class=\"has-text-align-center\" data-align=\"center\">Cristiano Rodrigues<\/td><td class=\"has-text-align-center\" data-align=\"center\">58 a 63<\/td><\/tr><tr><td class=\"has-text-align-center\" data-align=\"center\">Direito Processual Penal<\/td><td class=\"has-text-align-center\" data-align=\"center\">Ivan Marques<\/td><td class=\"has-text-align-center\" data-align=\"center\">64 a 69<\/td><\/tr><tr><td class=\"has-text-align-center\" data-align=\"center\">Direito do Trabalho<\/td><td class=\"has-text-align-center\" data-align=\"center\">Priscila Ferreira<\/td><td class=\"has-text-align-center\" data-align=\"center\">70 a 75<\/td><\/tr><tr><td class=\"has-text-align-center\" data-align=\"center\">Direito Processual do Trabalho<\/td><td class=\"has-text-align-center\" data-align=\"center\">Priscila Ferreira<\/td><td class=\"has-text-align-center\" data-align=\"center\">76 a 80<\/td><\/tr><\/tbody><\/table><\/figure>\n\n\n\n<p class=\"has-text-align-center has-background has-medium-font-size\" style=\"background-color:#df945f\"><em><strong><a href=\"https:\/\/dhg1h5j42swfq.cloudfront.net\/2021\/09\/24152106\/caderno_sem_comentarios_-_5o-simulado_1a_fase-xxxiii_da_oab_-_25-09.pdf\">Baixe AQUI o PDF do&nbsp;5\u00ba Simulado para 1\u00aa Fase do XXXIII Exame de Ordem<\/a><\/strong><\/em><\/p>\n\n\n\n<p class=\"has-text-align-center has-luminous-vivid-amber-background-color has-background has-medium-font-size\"><strong><a href=\"https:\/\/docs.google.com\/forms\/d\/e\/1FAIpQLSfzlVdEIDZsKtFcsUJcNFIqobTTeKg3S4cRNNTBWythiv0rtA\/viewform\" target=\"_blank\" rel=\"noreferrer noopener\">Preencha seu gabarito<\/a><\/strong><\/p>\n\n\n\n<p class=\"has-text-align-center has-background has-medium-font-size\" style=\"background-color:#efe47e\"><strong><a href=\"https:\/\/docs.google.com\/spreadsheets\/d\/15phFqD_gcdYEXZxkZRNUY5i-eqSmpquP_Hrr1xTqZsw\/edit#gid=430333596\" target=\"_blank\" rel=\"noreferrer noopener\">Ranking Estrat\u00e9gico<\/a><\/strong><\/p>\n\n\n\n<p class=\"has-text-align-center has-cyan-bluish-gray-background-color has-background has-medium-font-size\"><strong><a href=\"https:\/\/dhg1h5j42swfq.cloudfront.net\/2021\/09\/24151753\/gabarito_-_5o-simulado_1a_fase-xxxiii_da_oab_-_25-09.pdf\" target=\"_blank\" rel=\"noreferrer noopener nofollow\">Gabarito<\/a><\/strong><\/p>\n\n\n\n<h3 class=\"wp-block-heading\" id=\"h-o-xxxiii-exame-de-ordem\">O XXXIII Exame de Ordem<\/h3>\n\n\n\n<p>O Exame de Ordem pode ser prestado por bacharel em Direito \u2013 ainda que pendente a sua cola\u00e7\u00e3o de grau -, formado em institui\u00e7\u00e3o regularmente credenciada. Poder\u00e3o realiz\u00e1-lo os estudantes de Direito do \u00faltimo ano do curso de gradua\u00e7\u00e3o em Direito ou dos dois \u00faltimos semestres.<\/p>\n\n\n\n<p>A primeira fase do Exame de Ordem consiste em uma&nbsp;<strong>prova objetiva<\/strong>&nbsp;com&nbsp;<strong>80 quest\u00f5es<\/strong>&nbsp;de m\u00faltipla escolha. A prova ter\u00e1 a dura\u00e7\u00e3o de&nbsp;<strong>5 horas&nbsp;<\/strong>e ser\u00e1 aplicada na data prov\u00e1vel de&nbsp;<strong>17 de outubro de 2021<\/strong>.<\/p>\n\n\n\n<h2 class=\"has-text-align-center wp-block-heading\">Quer saber mais sobre o XXXIII Exame de Ordem?<\/h2>\n\n\n\n<p class=\"has-text-align-center has-pale-pink-background-color has-background has-medium-font-size\"><a href=\"https:\/\/www.estrategiaconcursos.com.br\/blog\/exame-de-ordem-2\/\" target=\"_blank\" rel=\"noreferrer noopener\"><strong>Exame de Ordem &#8211; Guia Completo<\/strong><\/a><\/p>\n\n\n\n<h2 class=\"has-text-align-center wp-block-heading\">Pacotes completos Exame de Ordem <\/h2>\n\n\n\n<div class=\"container\" id=\"boxes\">\n  <div class=\"row\">\n\n    <div class=\"col-sm\">\n      <div class=\"banner-oab\" id=\"box-assinatura\">\n        <h3 class=\"titulo-assinatura\">Curso OAB 1\u00aa Fase<\/h3>\n        <p class=\"subtitulo-assinatura\">Conhe\u00e7a os cursos<\/p>\n        <div class=\"box-botao\">\n          <a class=\"btn-assinatura\" target=\"_blank\" href=\"https:\/\/www.estrategiaconcursos.com.br\/cursosPorConcurso\/exame-de-ordem-oab-1-fase\/\" role=\"button\" rel=\"noopener noreferrer\">Conhe\u00e7a mais<\/a>\n        <\/div>\n      <\/div>\n      <p class=\"texto-auxiliar\">Prepare-se com o melhor material e com quem mais aprova em Concursos P\u00fablicos em todo o pa\u00eds. Assine agora a nossa Assinatura Anual e tenha acesso ilimitado* a todos os nossos cursos.<\/p>\n    <\/div>\n\n  <\/div>\n<\/div>\n\n\n\n<div class=\"container\" id=\"boxes\">\n  <div class=\"row\">\n\n    <div class=\"col-sm\">\n      <div class=\"banner-oab\" id=\"box-assinatura\">\n        <h3 class=\"titulo-assinatura\">Curso OAB 2\u00aa Fase<\/h3>\n        <p class=\"subtitulo-assinatura\">Conhe\u00e7a os cursos<\/p>\n        <div class=\"box-botao\">\n          <a class=\"btn-assinatura\" target=\"_blank\" href=\"https:\/\/www.estrategiaconcursos.com.br\/\/cursosPorConcurso\/oab-2-fase-192\/\" role=\"button\" rel=\"noopener noreferrer\">Conhe\u00e7a mais<\/a>\n        <\/div>\n      <\/div>\n      <p class=\"texto-auxiliar\">Prepare-se com o melhor material e com quem mais aprova em Concursos P\u00fablicos em todo o pa\u00eds. Assine agora a nossa Assinatura Anual e tenha acesso ilimitado* a todos os nossos cursos.<\/p>\n    <\/div>\n\n  <\/div>\n<\/div>\n\n\n\n<h2 class=\"has-text-align-center wp-block-heading\" id=\"cursos-ficha\">Assinatura Carreiras Jur\u00eddicas<\/h2>\n\n\n\n<p class=\"has-text-align-center\">O Estrat\u00e9gia Carreira Jur\u00eddica \u00e9 campe\u00e3o de aprova\u00e7\u00f5es nos concursos para Carreiras Jur\u00eddicas com um corpo docente qualificado e materiais completos. Conhe\u00e7a nossos cursos e garanta sua aprova\u00e7\u00e3o:<\/p>\n\n\n\n<div class=\"container\" id=\"boxes\">\n  <div class=\"row\">\n\n    <div class=\"col-sm\">\n      <div class=\"banner-ecj\" id=\"box-assinatura\">\n        <h3 class=\"titulo-assinatura\">Assinatura Jur\u00eddica <\/h3>\n        <p class=\"subtitulo-assinatura\">Conhe\u00e7a os planos<\/p>\n        <div class=\"box-botao\">\n          <a class=\"btn-assinatura\" target=\"_blank\" href=\"https:\/\/www.estrategiaconcursos.com.br\/assinaturas-ecj\/\" role=\"button\" rel=\"noopener noreferrer\">Conhe\u00e7a mais<\/a>\n        <\/div>\n      <\/div>\n      <p class=\"texto-auxiliar\">Prepare-se com o melhor material e com quem mais aprova em Concursos P\u00fablicos em todo o pa\u00eds. \n<\/p>\n    <\/div>\n\n  <\/div>\n<\/div>\n\n\n\n<div class=\"container\" id=\"boxes\">\n  <div class=\"row\">\n\n    <div class=\"col-sm\">\n      <div class=\"questoes\" id=\"box-assinatura\">\n        <h3 class=\"titulo-assinatura\">Sistema de Quest\u00f5es<\/h3>\n        <p class=\"subtitulo-assinatura\">Assinatura 1 ano ou 2 anos*\n<\/p>\n        <div class=\"box-botao\">\n          <a class=\"btn-assinatura\" target=\"_blank\" href=\"https:\/\/www.estrategiaconcursos.com.br\/cursosPorConcurso\/sistema-de-questoes\/#\/\" role=\"button\" rel=\"noopener noreferrer\">ASSINE AGORA<\/a>\n        <\/div>\n      <\/div>\n      <p class=\"texto-auxiliar\">Estrat\u00e9gia Quest\u00f5es nasceu maior do que todos os concorrentes, com mais quest\u00f5es cadastradas e mais solu\u00e7\u00f5es por professores. Clique no link e aproveite os descontos e b\u00f4nus imperd\u00edveis!<\/p>\n    <\/div>\n  <\/div>\n<\/div>\n\n\n\n<p class=\"has-text-align-center\"><strong>Nossas redes sociais<\/strong><\/p>\n\n\n\n<p class=\"has-text-align-center has-pale-cyan-blue-background-color has-background\"><a href=\"https:\/\/www.instagram.com\/estrategiaoab\/\" target=\"_blank\" rel=\"noreferrer noopener\">Instagram Estrat\u00e9gia OAB<\/a><\/p>\n\n\n\n<p class=\"has-text-align-center has-light-green-cyan-background-color has-background\"><a href=\"https:\/\/www.youtube.com\/channel\/UC7rgrKTSF5aOrBGWOw60ovw\" target=\"_blank\" rel=\"noreferrer noopener\">YouTube do Estrat\u00e9gia OAB<\/a><\/p>\n\n\n\n<p class=\"has-text-align-center\"><strong>Grupo de Telegram para a OAB<\/strong><\/p>\n\n\n\n<p class=\"has-text-align-center has-very-light-gray-background-color has-background\"><a href=\"http:\/\/bit.ly\/TelegramOAB\"><strong>Inscreva-se no nosso grupo do Telegram<\/strong><\/a><\/p>\n","protected":false},"excerpt":{"rendered":"<p>Para voc\u00ea, futuro advogado, que quer chegar preparado no dia da aplica\u00e7\u00e3o do XXXIII Exame da Ordem, o Estrat\u00e9gia OAB ir\u00e1 realizar neste s\u00e1bado, dia 25\/09\/2021, o 5\u00ba Simulado para 1\u00aa Fase. A publica\u00e7\u00e3o edital do XXXIII&nbsp;Exame de Ordem ocorreu dia 11 de agosto, data que se celebra o Dia do Advogado. O exame est\u00e1 [&hellip;]<\/p>\n","protected":false},"author":1,"featured_media":868378,"comment_status":"open","ping_status":"closed","sticky":false,"template":"","format":"standard","meta":{"post_tipo":"news","footnotes":""},"categories":[1],"tags":[],"tax_estado":[219963],"class_list":["post-865761","post","type-post","status-publish","format-standard","has-post-thumbnail","hentry","category-cursos-e-concursos","tax_estado-concursos-federais"],"acf":[],"yoast_head":"<!-- This site is optimized with the Yoast SEO Premium plugin v27.2 (Yoast SEO v27.2) - https:\/\/yoast.com\/product\/yoast-seo-premium-wordpress\/ -->\n<title>5\u00ba Simulado para 1\u00aa Fase do XXXIII Exame de Ordem: participe hoje!<\/title>\n<meta name=\"description\" content=\"Voc\u00ea examinando do exame de ordem, n\u00e3o deixe de participar do 5\u00ba Simulado para 1\u00aa Fase do XXXIII, com corre\u00e7\u00e3o ao vivo logo em seguida!\" \/>\n<meta name=\"robots\" content=\"index, follow, max-snippet:-1, max-image-preview:large, max-video-preview:-1\" \/>\n<link rel=\"canonical\" href=\"https:\/\/www.estrategiaconcursos.com.br\/blog\/5o-simulado-para-1a-fase-do-xxxiii-exame-de-ordem\/\" \/>\n<meta property=\"og:locale\" content=\"pt_BR\" \/>\n<meta property=\"og:type\" content=\"article\" \/>\n<meta property=\"og:title\" content=\"5\u00ba Simulado para 1\u00aa Fase do XXXIII Exame de Ordem: participe hoje!\" \/>\n<meta property=\"og:description\" content=\"Voc\u00ea examinando do exame de ordem, n\u00e3o deixe de participar do 5\u00ba Simulado para 1\u00aa Fase do XXXIII, com corre\u00e7\u00e3o ao vivo logo em seguida!\" \/>\n<meta property=\"og:url\" content=\"https:\/\/www.estrategiaconcursos.com.br\/blog\/5o-simulado-para-1a-fase-do-xxxiii-exame-de-ordem\/\" \/>\n<meta property=\"og:site_name\" content=\"Estrat\u00e9gia Concursos\" \/>\n<meta property=\"article:author\" content=\"https:\/\/www.facebook.com\/EstrategiaConcursos\" \/>\n<meta property=\"article:published_time\" content=\"2021-09-25T10:38:00+00:00\" \/>\n<meta property=\"article:modified_time\" content=\"2022-09-21T14:32:55+00:00\" \/>\n<meta property=\"og:image\" content=\"https:\/\/dhg1h5j42swfq.cloudfront.net\/2021\/09\/23113337\/1280-720-max-38.jpg\" \/>\n\t<meta property=\"og:image:width\" content=\"1280\" \/>\n\t<meta property=\"og:image:height\" content=\"720\" \/>\n\t<meta property=\"og:image:type\" content=\"image\/jpeg\" \/>\n<meta name=\"author\" content=\"Coordena\u00e7\u00e3o\" \/>\n<meta name=\"twitter:card\" content=\"summary_large_image\" \/>\n<meta name=\"twitter:creator\" content=\"@EstratConcursos\" \/>\n<meta name=\"twitter:site\" content=\"@EstratConcursos\" \/>\n<meta name=\"twitter:label1\" content=\"Escrito por\" \/>\n\t<meta name=\"twitter:data1\" content=\"Coordena\u00e7\u00e3o\" \/>\n\t<meta name=\"twitter:label2\" content=\"Est. tempo de leitura\" \/>\n\t<meta name=\"twitter:data2\" content=\"3 minutos\" \/>\n<script type=\"application\/ld+json\" class=\"yoast-schema-graph\">{\"@context\":\"https:\/\/schema.org\",\"@graph\":[{\"@type\":\"NewsArticle\",\"@id\":\"https:\/\/www.estrategiaconcursos.com.br\/blog\/5o-simulado-para-1a-fase-do-xxxiii-exame-de-ordem\/#article\",\"isPartOf\":{\"@id\":\"https:\/\/www.estrategiaconcursos.com.br\/blog\/5o-simulado-para-1a-fase-do-xxxiii-exame-de-ordem\/\"},\"author\":{\"name\":\"Coordena\u00e7\u00e3o\",\"@id\":\"https:\/\/www.estrategiaconcursos.com.br\/blog\/#\/schema\/person\/b4a388c97673c5f483d72185668afa1f\"},\"headline\":\"5\u00ba Simulado para 1\u00aa Fase do XXXIII Exame de Ordem: participe hoje!\",\"datePublished\":\"2021-09-25T10:38:00+00:00\",\"dateModified\":\"2022-09-21T14:32:55+00:00\",\"mainEntityOfPage\":{\"@id\":\"https:\/\/www.estrategiaconcursos.com.br\/blog\/5o-simulado-para-1a-fase-do-xxxiii-exame-de-ordem\/\"},\"wordCount\":590,\"commentCount\":0,\"publisher\":{\"@id\":\"https:\/\/www.estrategiaconcursos.com.br\/blog\/#organization\"},\"image\":{\"@id\":\"https:\/\/www.estrategiaconcursos.com.br\/blog\/5o-simulado-para-1a-fase-do-xxxiii-exame-de-ordem\/#primaryimage\"},\"thumbnailUrl\":\"https:\/\/dhg1h5j42swfq.cloudfront.net\/2021\/09\/23113337\/1280-720-max-38.jpg\",\"articleSection\":[\"Concursos P\u00fablicos\"],\"inLanguage\":\"pt-BR\",\"potentialAction\":[{\"@type\":\"CommentAction\",\"name\":\"Comment\",\"target\":[\"https:\/\/www.estrategiaconcursos.com.br\/blog\/5o-simulado-para-1a-fase-do-xxxiii-exame-de-ordem\/#respond\"]}],\"copyrightYear\":\"2021\",\"copyrightHolder\":{\"@id\":\"https:\/\/www.estrategiaconcursos.com.br\/blog\/#organization\"}},{\"@type\":\"WebPage\",\"@id\":\"https:\/\/www.estrategiaconcursos.com.br\/blog\/5o-simulado-para-1a-fase-do-xxxiii-exame-de-ordem\/\",\"url\":\"https:\/\/www.estrategiaconcursos.com.br\/blog\/5o-simulado-para-1a-fase-do-xxxiii-exame-de-ordem\/\",\"name\":\"5\u00ba Simulado para 1\u00aa Fase do XXXIII Exame de Ordem: participe hoje!\",\"isPartOf\":{\"@id\":\"https:\/\/www.estrategiaconcursos.com.br\/blog\/#website\"},\"primaryImageOfPage\":{\"@id\":\"https:\/\/www.estrategiaconcursos.com.br\/blog\/5o-simulado-para-1a-fase-do-xxxiii-exame-de-ordem\/#primaryimage\"},\"image\":{\"@id\":\"https:\/\/www.estrategiaconcursos.com.br\/blog\/5o-simulado-para-1a-fase-do-xxxiii-exame-de-ordem\/#primaryimage\"},\"thumbnailUrl\":\"https:\/\/dhg1h5j42swfq.cloudfront.net\/2021\/09\/23113337\/1280-720-max-38.jpg\",\"datePublished\":\"2021-09-25T10:38:00+00:00\",\"dateModified\":\"2022-09-21T14:32:55+00:00\",\"description\":\"Voc\u00ea examinando do exame de ordem, n\u00e3o deixe de participar do 5\u00ba Simulado para 1\u00aa Fase do XXXIII, com corre\u00e7\u00e3o ao vivo logo em seguida!\",\"breadcrumb\":{\"@id\":\"https:\/\/www.estrategiaconcursos.com.br\/blog\/5o-simulado-para-1a-fase-do-xxxiii-exame-de-ordem\/#breadcrumb\"},\"inLanguage\":\"pt-BR\",\"potentialAction\":[{\"@type\":\"ReadAction\",\"target\":[\"https:\/\/www.estrategiaconcursos.com.br\/blog\/5o-simulado-para-1a-fase-do-xxxiii-exame-de-ordem\/\"]}]},{\"@type\":\"ImageObject\",\"inLanguage\":\"pt-BR\",\"@id\":\"https:\/\/www.estrategiaconcursos.com.br\/blog\/5o-simulado-para-1a-fase-do-xxxiii-exame-de-ordem\/#primaryimage\",\"url\":\"https:\/\/dhg1h5j42swfq.cloudfront.net\/2021\/09\/23113337\/1280-720-max-38.jpg\",\"contentUrl\":\"https:\/\/dhg1h5j42swfq.cloudfront.net\/2021\/09\/23113337\/1280-720-max-38.jpg\",\"width\":1280,\"height\":720,\"caption\":\"5\u00ba Simulado para 1\u00aa Fase do XXXIII\"},{\"@type\":\"BreadcrumbList\",\"@id\":\"https:\/\/www.estrategiaconcursos.com.br\/blog\/5o-simulado-para-1a-fase-do-xxxiii-exame-de-ordem\/#breadcrumb\",\"itemListElement\":[{\"@type\":\"ListItem\",\"position\":1,\"name\":\"In\u00edcio\",\"item\":\"https:\/\/www.estrategiaconcursos.com.br\/blog\/\"},{\"@type\":\"ListItem\",\"position\":2,\"name\":\"5\u00ba Simulado para 1\u00aa Fase do XXXIII Exame de Ordem: participe hoje!\"}]},{\"@type\":\"WebSite\",\"@id\":\"https:\/\/www.estrategiaconcursos.com.br\/blog\/#website\",\"url\":\"https:\/\/www.estrategiaconcursos.com.br\/blog\/\",\"name\":\"Estrat\u00e9gia Concursos\",\"description\":\"O blog da Estrat\u00e9gia Concursos traz not\u00edcias sobre concursos e artigos de professores oferecendo cursos para concursos (pdf + videaulas) no site.\",\"publisher\":{\"@id\":\"https:\/\/www.estrategiaconcursos.com.br\/blog\/#organization\"},\"potentialAction\":[{\"@type\":\"SearchAction\",\"target\":{\"@type\":\"EntryPoint\",\"urlTemplate\":\"https:\/\/www.estrategiaconcursos.com.br\/blog\/?s={search_term_string}\"},\"query-input\":{\"@type\":\"PropertyValueSpecification\",\"valueRequired\":true,\"valueName\":\"search_term_string\"}}],\"inLanguage\":\"pt-BR\"},{\"@type\":\"Organization\",\"@id\":\"https:\/\/www.estrategiaconcursos.com.br\/blog\/#organization\",\"name\":\"Estrat\u00e9gia Concursos\",\"url\":\"https:\/\/www.estrategiaconcursos.com.br\/blog\/\",\"logo\":{\"@type\":\"ImageObject\",\"inLanguage\":\"pt-BR\",\"@id\":\"https:\/\/www.estrategiaconcursos.com.br\/blog\/#\/schema\/logo\/image\/\",\"url\":\"https:\/\/dhg1h5j42swfq.cloudfront.net\/2025\/06\/03203428\/logo_concursos-1.jpg\",\"contentUrl\":\"https:\/\/dhg1h5j42swfq.cloudfront.net\/2025\/06\/03203428\/logo_concursos-1.jpg\",\"width\":230,\"height\":60,\"caption\":\"Estrat\u00e9gia Concursos\"},\"image\":{\"@id\":\"https:\/\/www.estrategiaconcursos.com.br\/blog\/#\/schema\/logo\/image\/\"},\"sameAs\":[\"https:\/\/x.com\/EstratConcursos\"]},{\"@type\":\"Person\",\"@id\":\"https:\/\/www.estrategiaconcursos.com.br\/blog\/#\/schema\/person\/b4a388c97673c5f483d72185668afa1f\",\"name\":\"Coordena\u00e7\u00e3o\",\"image\":{\"@type\":\"ImageObject\",\"inLanguage\":\"pt-BR\",\"@id\":\"https:\/\/secure.gravatar.com\/avatar\/b720319e4c9a967eb58678d110f4fe35452fc5d5f97b202bac7b8acceb18c6ad?s=96&d=mm&r=g\",\"url\":\"https:\/\/secure.gravatar.com\/avatar\/b720319e4c9a967eb58678d110f4fe35452fc5d5f97b202bac7b8acceb18c6ad?s=96&d=mm&r=g\",\"contentUrl\":\"https:\/\/secure.gravatar.com\/avatar\/b720319e4c9a967eb58678d110f4fe35452fc5d5f97b202bac7b8acceb18c6ad?s=96&d=mm&r=g\",\"caption\":\"Coordena\u00e7\u00e3o\"},\"sameAs\":[\"https:\/\/www.facebook.com\/EstrategiaConcursos\",\"https:\/\/x.com\/EstratConcursos\"],\"url\":\"https:\/\/www.estrategiaconcursos.com.br\/blog\/author\/estrategia2013\/\"}]}<\/script>\n<!-- \/ Yoast SEO Premium plugin. -->","yoast_head_json":{"title":"5\u00ba Simulado para 1\u00aa Fase do XXXIII Exame de Ordem: participe hoje!","description":"Voc\u00ea examinando do exame de ordem, n\u00e3o deixe de participar do 5\u00ba Simulado para 1\u00aa Fase do XXXIII, com corre\u00e7\u00e3o ao vivo logo em seguida!","robots":{"index":"index","follow":"follow","max-snippet":"max-snippet:-1","max-image-preview":"max-image-preview:large","max-video-preview":"max-video-preview:-1"},"canonical":"https:\/\/www.estrategiaconcursos.com.br\/blog\/5o-simulado-para-1a-fase-do-xxxiii-exame-de-ordem\/","og_locale":"pt_BR","og_type":"article","og_title":"5\u00ba Simulado para 1\u00aa Fase do XXXIII Exame de Ordem: participe hoje!","og_description":"Voc\u00ea examinando do exame de ordem, n\u00e3o deixe de participar do 5\u00ba Simulado para 1\u00aa Fase do XXXIII, com corre\u00e7\u00e3o ao vivo logo em seguida!","og_url":"https:\/\/www.estrategiaconcursos.com.br\/blog\/5o-simulado-para-1a-fase-do-xxxiii-exame-de-ordem\/","og_site_name":"Estrat\u00e9gia Concursos","article_author":"https:\/\/www.facebook.com\/EstrategiaConcursos","article_published_time":"2021-09-25T10:38:00+00:00","article_modified_time":"2022-09-21T14:32:55+00:00","og_image":[{"width":1280,"height":720,"url":"https:\/\/dhg1h5j42swfq.cloudfront.net\/2021\/09\/23113337\/1280-720-max-38.jpg","type":"image\/jpeg"}],"author":"Coordena\u00e7\u00e3o","twitter_card":"summary_large_image","twitter_creator":"@EstratConcursos","twitter_site":"@EstratConcursos","twitter_misc":{"Escrito por":"Coordena\u00e7\u00e3o","Est. tempo de leitura":"3 minutos"},"schema":{"@context":"https:\/\/schema.org","@graph":[{"@type":"NewsArticle","@id":"https:\/\/www.estrategiaconcursos.com.br\/blog\/5o-simulado-para-1a-fase-do-xxxiii-exame-de-ordem\/#article","isPartOf":{"@id":"https:\/\/www.estrategiaconcursos.com.br\/blog\/5o-simulado-para-1a-fase-do-xxxiii-exame-de-ordem\/"},"author":{"name":"Coordena\u00e7\u00e3o","@id":"https:\/\/www.estrategiaconcursos.com.br\/blog\/#\/schema\/person\/b4a388c97673c5f483d72185668afa1f"},"headline":"5\u00ba Simulado para 1\u00aa Fase do XXXIII Exame de Ordem: participe hoje!","datePublished":"2021-09-25T10:38:00+00:00","dateModified":"2022-09-21T14:32:55+00:00","mainEntityOfPage":{"@id":"https:\/\/www.estrategiaconcursos.com.br\/blog\/5o-simulado-para-1a-fase-do-xxxiii-exame-de-ordem\/"},"wordCount":590,"commentCount":0,"publisher":{"@id":"https:\/\/www.estrategiaconcursos.com.br\/blog\/#organization"},"image":{"@id":"https:\/\/www.estrategiaconcursos.com.br\/blog\/5o-simulado-para-1a-fase-do-xxxiii-exame-de-ordem\/#primaryimage"},"thumbnailUrl":"https:\/\/dhg1h5j42swfq.cloudfront.net\/2021\/09\/23113337\/1280-720-max-38.jpg","articleSection":["Concursos P\u00fablicos"],"inLanguage":"pt-BR","potentialAction":[{"@type":"CommentAction","name":"Comment","target":["https:\/\/www.estrategiaconcursos.com.br\/blog\/5o-simulado-para-1a-fase-do-xxxiii-exame-de-ordem\/#respond"]}],"copyrightYear":"2021","copyrightHolder":{"@id":"https:\/\/www.estrategiaconcursos.com.br\/blog\/#organization"}},{"@type":"WebPage","@id":"https:\/\/www.estrategiaconcursos.com.br\/blog\/5o-simulado-para-1a-fase-do-xxxiii-exame-de-ordem\/","url":"https:\/\/www.estrategiaconcursos.com.br\/blog\/5o-simulado-para-1a-fase-do-xxxiii-exame-de-ordem\/","name":"5\u00ba Simulado para 1\u00aa Fase do XXXIII Exame de Ordem: participe hoje!","isPartOf":{"@id":"https:\/\/www.estrategiaconcursos.com.br\/blog\/#website"},"primaryImageOfPage":{"@id":"https:\/\/www.estrategiaconcursos.com.br\/blog\/5o-simulado-para-1a-fase-do-xxxiii-exame-de-ordem\/#primaryimage"},"image":{"@id":"https:\/\/www.estrategiaconcursos.com.br\/blog\/5o-simulado-para-1a-fase-do-xxxiii-exame-de-ordem\/#primaryimage"},"thumbnailUrl":"https:\/\/dhg1h5j42swfq.cloudfront.net\/2021\/09\/23113337\/1280-720-max-38.jpg","datePublished":"2021-09-25T10:38:00+00:00","dateModified":"2022-09-21T14:32:55+00:00","description":"Voc\u00ea examinando do exame de ordem, n\u00e3o deixe de participar do 5\u00ba Simulado para 1\u00aa Fase do XXXIII, com corre\u00e7\u00e3o ao vivo logo em seguida!","breadcrumb":{"@id":"https:\/\/www.estrategiaconcursos.com.br\/blog\/5o-simulado-para-1a-fase-do-xxxiii-exame-de-ordem\/#breadcrumb"},"inLanguage":"pt-BR","potentialAction":[{"@type":"ReadAction","target":["https:\/\/www.estrategiaconcursos.com.br\/blog\/5o-simulado-para-1a-fase-do-xxxiii-exame-de-ordem\/"]}]},{"@type":"ImageObject","inLanguage":"pt-BR","@id":"https:\/\/www.estrategiaconcursos.com.br\/blog\/5o-simulado-para-1a-fase-do-xxxiii-exame-de-ordem\/#primaryimage","url":"https:\/\/dhg1h5j42swfq.cloudfront.net\/2021\/09\/23113337\/1280-720-max-38.jpg","contentUrl":"https:\/\/dhg1h5j42swfq.cloudfront.net\/2021\/09\/23113337\/1280-720-max-38.jpg","width":1280,"height":720,"caption":"5\u00ba Simulado para 1\u00aa Fase do XXXIII"},{"@type":"BreadcrumbList","@id":"https:\/\/www.estrategiaconcursos.com.br\/blog\/5o-simulado-para-1a-fase-do-xxxiii-exame-de-ordem\/#breadcrumb","itemListElement":[{"@type":"ListItem","position":1,"name":"In\u00edcio","item":"https:\/\/www.estrategiaconcursos.com.br\/blog\/"},{"@type":"ListItem","position":2,"name":"5\u00ba Simulado para 1\u00aa Fase do XXXIII Exame de Ordem: participe hoje!"}]},{"@type":"WebSite","@id":"https:\/\/www.estrategiaconcursos.com.br\/blog\/#website","url":"https:\/\/www.estrategiaconcursos.com.br\/blog\/","name":"Estrat\u00e9gia Concursos","description":"O blog da Estrat\u00e9gia Concursos traz not\u00edcias sobre concursos e artigos de professores oferecendo cursos para concursos (pdf + videaulas) no site.","publisher":{"@id":"https:\/\/www.estrategiaconcursos.com.br\/blog\/#organization"},"potentialAction":[{"@type":"SearchAction","target":{"@type":"EntryPoint","urlTemplate":"https:\/\/www.estrategiaconcursos.com.br\/blog\/?s={search_term_string}"},"query-input":{"@type":"PropertyValueSpecification","valueRequired":true,"valueName":"search_term_string"}}],"inLanguage":"pt-BR"},{"@type":"Organization","@id":"https:\/\/www.estrategiaconcursos.com.br\/blog\/#organization","name":"Estrat\u00e9gia Concursos","url":"https:\/\/www.estrategiaconcursos.com.br\/blog\/","logo":{"@type":"ImageObject","inLanguage":"pt-BR","@id":"https:\/\/www.estrategiaconcursos.com.br\/blog\/#\/schema\/logo\/image\/","url":"https:\/\/dhg1h5j42swfq.cloudfront.net\/2025\/06\/03203428\/logo_concursos-1.jpg","contentUrl":"https:\/\/dhg1h5j42swfq.cloudfront.net\/2025\/06\/03203428\/logo_concursos-1.jpg","width":230,"height":60,"caption":"Estrat\u00e9gia Concursos"},"image":{"@id":"https:\/\/www.estrategiaconcursos.com.br\/blog\/#\/schema\/logo\/image\/"},"sameAs":["https:\/\/x.com\/EstratConcursos"]},{"@type":"Person","@id":"https:\/\/www.estrategiaconcursos.com.br\/blog\/#\/schema\/person\/b4a388c97673c5f483d72185668afa1f","name":"Coordena\u00e7\u00e3o","image":{"@type":"ImageObject","inLanguage":"pt-BR","@id":"https:\/\/secure.gravatar.com\/avatar\/b720319e4c9a967eb58678d110f4fe35452fc5d5f97b202bac7b8acceb18c6ad?s=96&d=mm&r=g","url":"https:\/\/secure.gravatar.com\/avatar\/b720319e4c9a967eb58678d110f4fe35452fc5d5f97b202bac7b8acceb18c6ad?s=96&d=mm&r=g","contentUrl":"https:\/\/secure.gravatar.com\/avatar\/b720319e4c9a967eb58678d110f4fe35452fc5d5f97b202bac7b8acceb18c6ad?s=96&d=mm&r=g","caption":"Coordena\u00e7\u00e3o"},"sameAs":["https:\/\/www.facebook.com\/EstrategiaConcursos","https:\/\/x.com\/EstratConcursos"],"url":"https:\/\/www.estrategiaconcursos.com.br\/blog\/author\/estrategia2013\/"}]}},"_links":{"self":[{"href":"https:\/\/www.estrategiaconcursos.com.br\/blog\/wp-json\/wp\/v2\/posts\/865761","targetHints":{"allow":["GET"]}}],"collection":[{"href":"https:\/\/www.estrategiaconcursos.com.br\/blog\/wp-json\/wp\/v2\/posts"}],"about":[{"href":"https:\/\/www.estrategiaconcursos.com.br\/blog\/wp-json\/wp\/v2\/types\/post"}],"author":[{"embeddable":true,"href":"https:\/\/www.estrategiaconcursos.com.br\/blog\/wp-json\/wp\/v2\/users\/1"}],"replies":[{"embeddable":true,"href":"https:\/\/www.estrategiaconcursos.com.br\/blog\/wp-json\/wp\/v2\/comments?post=865761"}],"version-history":[{"count":15,"href":"https:\/\/www.estrategiaconcursos.com.br\/blog\/wp-json\/wp\/v2\/posts\/865761\/revisions"}],"predecessor-version":[{"id":1098147,"href":"https:\/\/www.estrategiaconcursos.com.br\/blog\/wp-json\/wp\/v2\/posts\/865761\/revisions\/1098147"}],"wp:featuredmedia":[{"embeddable":true,"href":"https:\/\/www.estrategiaconcursos.com.br\/blog\/wp-json\/wp\/v2\/media\/868378"}],"wp:attachment":[{"href":"https:\/\/www.estrategiaconcursos.com.br\/blog\/wp-json\/wp\/v2\/media?parent=865761"}],"wp:term":[{"taxonomy":"category","embeddable":true,"href":"https:\/\/www.estrategiaconcursos.com.br\/blog\/wp-json\/wp\/v2\/categories?post=865761"},{"taxonomy":"post_tag","embeddable":true,"href":"https:\/\/www.estrategiaconcursos.com.br\/blog\/wp-json\/wp\/v2\/tags?post=865761"},{"taxonomy":"tax_estado","embeddable":true,"href":"https:\/\/www.estrategiaconcursos.com.br\/blog\/wp-json\/wp\/v2\/tax_estado?post=865761"}],"curies":[{"name":"wp","href":"https:\/\/api.w.org\/{rel}","templated":true}]}}