{"id":863503,"date":"2021-09-17T16:19:26","date_gmt":"2021-09-17T19:19:26","guid":{"rendered":"https:\/\/www.estrategiaconcursos.com.br\/blog\/?p=863503"},"modified":"2021-09-17T17:04:40","modified_gmt":"2021-09-17T20:04:40","slug":"concurso-pm-ac-denuncia-maus-tratos","status":"publish","type":"post","link":"https:\/\/www.estrategiaconcursos.com.br\/blog\/concurso-pm-ac-denuncia-maus-tratos\/","title":{"rendered":"Concurso PM AC: den\u00fancia de maus-tratos feita por ex-aluno!"},"content":{"rendered":"\n<p>Em den\u00fancia feita por Reginaldo Ribeiro, de 34 anos, ex-aluno do Curso de Forma\u00e7\u00e3o de Oficiais da PM AC, muitos candidatos sofreram maus-tratos e humilha\u00e7\u00f5es durante a realiza\u00e7\u00e3o do curso, o que ocasionou seu desligamento no dia 3 de setembro, for\u00e7adamente.<\/p>\n\n\n\n<p>O aluno afirmou que as humilha\u00e7\u00f5es come\u00e7aram ap\u00f3s 3 dias de in\u00edcio do curso, que foi realizado no Centro Integrado de Ensino e Pesquisa de Seguran\u00e7a e Justi\u00e7a Francisco Mangabeira (Cieps), no Rio Branco, estado do Acre.<\/p>\n\n\n\n<p>Ribeiro ressalta que foi obrigado a permanecer sem o gorro de prote\u00e7\u00e3o da cabe\u00e7a debaixo de um sol escaldante, juntamente com outros alunos. Desta forma, ele n\u00e3o conseguiu completar o treinamento, visto que j\u00e1 se encontrava desorientado ap\u00f3s passar muito mal, com v\u00f4mitos, tonturas e sem sentir as pernas.<\/p>\n\n\n\n<blockquote class=\"wp-block-quote is-layout-flow wp-block-quote-is-layout-flow\"><p><em>&#8220;Foi retirada de mim, a possibilidade de usar o gorro, que \u00e9 a cobertura, s\u00f3 eu fiquei sem e os outros quase 200 alunos usavam. Deram o gorro na quinta-feira [2], mas o meu foi tomado depois. Passei o dia com a cabe\u00e7a descoberta com o cabelo j\u00e1 cortado bem baixinho, e peguei sol o dia todo. <\/em><\/p><p><em>Passei mal, a vista escureceu, senti tontura, v\u00f4mito e n\u00e3o sentia as pernas. Falaram que eu n\u00e3o tinha perfil para ser policial militar, que era para eu pedir para sair porque l\u00e1 n\u00e3o era meu lugar. Falaram que eu era usu\u00e1rio de entorpecente, faccionado, que era de gangue e l\u00e1 n\u00e3o era meu lugar&#8221;<\/em>, afirmou Ribeiro.<\/p><\/blockquote>\n\n\n\n<p>O aluno ent\u00e3o afirma que seu desligamento, que ocorreu no dia 3 de setembro, cuja publica\u00e7\u00e3o foi feita no Di\u00e1rio Oficial do Estado em 9 de setembro, aconteceu de forma for\u00e7ada, j\u00e1 que este se encontrava inconsciente quando assinou o documento para se desligar do treinamento.<\/p>\n\n\n\n<blockquote class=\"wp-block-quote is-layout-flow wp-block-quote-is-layout-flow\"><p><em>&#8220;Foi uma press\u00e3o desnecess\u00e1ria, acredito eu, porque quando uma pessoa fica mediante o estresse e percebe que n\u00e3o tem voca\u00e7\u00e3o para ser policial militar pede para sair mesmo, toma a iniciativa, n\u00e3o \u00e9 pressionada. Eu fui o contr\u00e1rio, houve uma press\u00e3o, parece que eu estava marcado para sair. Assinei naquele momento sem ter plena consci\u00eancia do que estava fazendo&#8221;<\/em>, ressaltou Ribeiro.<\/p><\/blockquote>\n\n\n\n<p>Em contato com a corpora\u00e7\u00e3o militar do Acre, esta respondeu que &#8220;a primeira semana de curso mostra-se sempre dif\u00edcil para os alunos, j\u00e1 que est\u00e3o saindo do meio civil e ingressando na carreira militar, e n\u00e3o possuem o psicol\u00f3gico e, especialmente, o f\u00edsico, adaptados para a realiza\u00e7\u00e3o de atividades que demandem um esfor\u00e7o maior.&#8221;<\/p>\n\n\n\n<p><strong>Veja, abaixo, a nota de esclarecimento da assessoria de comunica\u00e7\u00e3o da PM AC, na \u00edntegra:<\/strong><\/p>\n\n\n\n<div class=\"wp-block-image\"><figure class=\"aligncenter size-large is-resized\"><img loading=\"lazy\" decoding=\"async\" src=\"https:\/\/dhg1h5j42swfq.cloudfront.net\/2021\/09\/17161409\/nota-pmac-2-1024x814.jpg\" alt=\"\" class=\"wp-image-863567\" width=\"821\" height=\"652\" srcset=\"https:\/\/dhg1h5j42swfq.cloudfront.net\/2021\/09\/17161409\/nota-pmac-2-1024x814.jpg 1024w, https:\/\/dhg1h5j42swfq.cloudfront.net\/2021\/09\/17161409\/nota-pmac-2-300x239.jpg 300w, https:\/\/dhg1h5j42swfq.cloudfront.net\/2021\/09\/17161409\/nota-pmac-2-768x611.jpg 768w, https:\/\/dhg1h5j42swfq.cloudfront.net\/2021\/09\/17161409\/nota-pmac-2-1536x1222.jpg 1536w, https:\/\/dhg1h5j42swfq.cloudfront.net\/2021\/09\/17161409\/nota-pmac-2-610x485.jpg 610w, https:\/\/dhg1h5j42swfq.cloudfront.net\/2021\/09\/17161409\/nota-pmac-2.jpg 1866w\" sizes=\"auto, (max-width: 821px) 100vw, 821px\" \/><\/figure><\/div>\n\n\n\n<h3 class=\"wp-block-heading\">Sobre o concurso PM AC<\/h3>\n\n\n\n<p>Importante frisar que um novo edital poder\u00e1 ser publicado ainda em 2021. Em Decreto assinado em mar\u00e7o, o governador do estado do Acre, Gladson Cameli, autorizou a convoca\u00e7\u00e3o de 325 candidatos aprovados no \u00faltimo edital do <strong>concurso PM AC<\/strong>, da Pol\u00edcia Militar do Acre, publicado em 2017. O an\u00fancio foi feito por meio das rede sociais.<\/p>\n\n\n\n<p>No v\u00eddeo, Cameli prometeu que realizar\u00e1 um novo concurso durante o seu mandato. Al\u00e9m disso, o secret\u00e1rio de Planejamento, cel. Ricardo Brand\u00e3o, revelou que os aprovados nas oportunidades para cadastro reserva tamb\u00e9m ser\u00e3o convocados. <\/p>\n\n\n\n<p>Atualmente, a corpora\u00e7\u00e3o s\u00f3 possui 2.500 policiais, por\u00e9m a PM AC poder\u00e1 contratar at\u00e9 4.000 profissionais, segundo informa\u00e7\u00f5es recentes.<\/p>\n\n\n\n<p class=\"has-text-align-center\"><strong>Para saber todas as informa\u00e7\u00f5es do concurso PM AC, acesse nosso artigo abaixo:<\/strong><\/p>\n\n\n\n<p class=\"has-text-align-center has-black-color has-cyan-bluish-gray-background-color has-text-color has-background\" style=\"font-size:clamp(14px, 0.875rem + ((1vw - 3.2px) * 0.392), 18px);\">Saiba mais: <strong><a href=\"https:\/\/www.estrategiaconcursos.com.br\/blog\/concurso-pm-acre\/\" target=\"_blank\" rel=\"noreferrer noopener\">Concurso PM AC<\/a><\/strong><\/p>\n\n\n\n<h2 class=\"has-text-align-center wp-block-heading\" id=\"cursos-assinatura\"><strong><em>Quer estudar para Concurso PM AC?<\/em><\/strong><\/h2>\n\n\n\n<p class=\"has-text-align-center\"><em>Gostou desta oportunidade e deseja come\u00e7ar se preparar agora mesmo? Ent\u00e3o, confira os nossos cursos e comece a estudar para PM AC:<\/em><\/p>\n\n\n\n<div class=\"container\" id=\"boxes\">\n  <div class=\"row\">\n\n    <div class=\"col-sm\">\n      <div class=\"banner-policial\" id=\"box-assinatura\">\n        <h3 class=\"titulo-assinatura\">Curso PM AC<\/h3>\n        <p class=\"subtitulo-assinatura\">Conhe\u00e7a os cursos<\/p>\n        <div class=\"box-botao\">\n          <a class=\"btn-assinatura\" target=\"_blank\" href=\"https:\/\/www.estrategiaconcursos.com.br\/cursosPorConcurso\/policia-militar-do-acre-pm-ac\/\" role=\"button\" rel=\"noopener noreferrer\">Conhe\u00e7a mais<\/a>\n        <\/div>\n      <\/div>\n      <p class=\"texto-auxiliar\">Prepare-se com o melhor material e com quem mais aprova em Concursos P\u00fablicos em todo o pa\u00eds. <\/p>\n    <\/div>\n\n  <\/div>\n<\/div>\n\n\n\n<div id=\"boxes\" class=\"container\">\n<div class=\"row\">\n<div class=\"col-sm\">\n<div id=\"box-assinatura\" class=\"estrategia\">\n<h3 class=\"titulo-assinatura\">Assinatura de Concursos<\/h3>\n<p class=\"subtitulo-assinatura\">Assinatura de 1 ou 2 anos<\/p>\n<div class=\"box-botao\"><a class=\"btn-assinatura\" role=\"button\" href=\"https:\/\/www.estrategiaconcursos.com.br\/assinaturas\/\" target=\"_blank\" rel=\"noopener noreferrer\">ASSINE AGORA<\/a><\/div>\n<\/div>\n<p class=\"texto-auxiliar\">&nbsp;<\/p><\/div><\/div><\/div>\n\n\n\n<div class=\"container\" id=\"boxes\">\n  <div class=\"row\">\n\n    <div class=\"col-sm\" id=\"boxes-concursos\">\n      <div style=\"background-color: #005DAD;\" class=\"conteudo-concursos\" id=\"box-concursos\">\n        <h3 class=\"titulo-assinatura\">Concursos Abertos<\/h3>\n        <p class=\"subtitulo-assinatura\">Os editais publicados<\/p>\n        <div class=\"box-botao\">\n          <a class=\"btn-assinatura\" target=\"_blank\" href=\"https:\/\/www.estrategiaconcursos.com.br\/blog\/concursos-abertos\/\" role=\"button\" rel=\"noopener noreferrer\">Conhe\u00e7a Agora<\/a>\n        <\/div>\n      <\/div>\n    <\/div>\n\n    <div class=\"col-sm\" id=\"boxes-concursos\">\n      <div style=\"background-color: #1A7ED5;\" class=\"conteudo-concursos\" id=\"box-concursos\">\n        <h3 class=\"titulo-assinatura\">Concursos 2021<\/h3>\n        <p class=\"subtitulo-assinatura\">As oportunidades previstas<\/p>\n        <div class=\"box-botao\">\n          <a class=\"btn-assinatura\" target=\"_blank\" href=\"https:\/\/www.estrategiaconcursos.com.br\/blog\/concursos-2021\/\" role=\"button\" rel=\"noopener noreferrer\">Conhe\u00e7a Agora<\/a>\n        <\/div>\n      <\/div>\n    <\/div>\n\n    <div class=\"col-sm\" id=\"boxes-concursos\">\n      <div style=\"background-color: #419FF0;\" class=\"conteudo-concursos\" id=\"box-concursos\">\n        <h3 class=\"titulo-assinatura\">Concursos 2022<\/h3>\n        <p class=\"subtitulo-assinatura\">Vagas para o pr\u00f3ximo ano<\/p>\n        <div class=\"box-botao\">\n          <a class=\"btn-assinatura\" target=\"_blank\" href=\"https:\/\/www.estrategiaconcursos.com.br\/blog\/concursos-2022\/\" role=\"button\" rel=\"noopener noreferrer\">Conhe\u00e7a Agora<\/a>\n        <\/div>\n      <\/div>\n    <\/div>\n\n  <\/div>\n<\/div>\n","protected":false},"excerpt":{"rendered":"<p>Em den\u00fancia feita por Reginaldo Ribeiro, de 34 anos, ex-aluno do Curso de Forma\u00e7\u00e3o de Oficiais da PM AC, muitos candidatos sofreram maus-tratos e humilha\u00e7\u00f5es durante a realiza\u00e7\u00e3o do curso, o que ocasionou seu desligamento no dia 3 de setembro, for\u00e7adamente. O aluno afirmou que as humilha\u00e7\u00f5es come\u00e7aram ap\u00f3s 3 dias de in\u00edcio do curso, [&hellip;]<\/p>\n","protected":false},"author":1,"featured_media":681721,"comment_status":"open","ping_status":"closed","sticky":false,"template":"","format":"standard","meta":{"post_tipo":"news","footnotes":""},"categories":[220186,220187],"tags":[],"tax_estado":[219964],"class_list":["post-863503","post","type-post","status-publish","format-standard","has-post-thumbnail","hentry","category-policial-oficial","category-policial-pracas","tax_estado-ac"],"acf":[],"yoast_head":"<!-- This site is optimized with the Yoast SEO Premium plugin v27.2 (Yoast SEO v27.2) - https:\/\/yoast.com\/product\/yoast-seo-premium-wordpress\/ -->\n<title>Concurso PM AC: den\u00fancia de maus-tratos feita por ex-aluno!<\/title>\n<meta name=\"robots\" content=\"index, follow, max-snippet:-1, max-image-preview:large, max-video-preview:-1\" \/>\n<link rel=\"canonical\" href=\"https:\/\/www.estrategiaconcursos.com.br\/blog\/concurso-pm-ac-denuncia-maus-tratos\/\" \/>\n<meta property=\"og:locale\" content=\"pt_BR\" \/>\n<meta property=\"og:type\" content=\"article\" \/>\n<meta property=\"og:title\" content=\"Concurso PM AC: den\u00fancia de maus-tratos feita por ex-aluno!\" \/>\n<meta property=\"og:description\" content=\"Em den\u00fancia feita por Reginaldo Ribeiro, de 34 anos, ex-aluno do Curso de Forma\u00e7\u00e3o de Oficiais da PM AC, muitos candidatos sofreram maus-tratos e humilha\u00e7\u00f5es durante a realiza\u00e7\u00e3o do curso, o que ocasionou seu desligamento no dia 3 de setembro, for\u00e7adamente. O aluno afirmou que as humilha\u00e7\u00f5es come\u00e7aram ap\u00f3s 3 dias de in\u00edcio do curso, [&hellip;]\" \/>\n<meta property=\"og:url\" content=\"https:\/\/www.estrategiaconcursos.com.br\/blog\/concurso-pm-ac-denuncia-maus-tratos\/\" \/>\n<meta property=\"og:site_name\" content=\"Estrat\u00e9gia Concursos\" \/>\n<meta property=\"article:author\" content=\"https:\/\/www.facebook.com\/EstrategiaConcursos\" \/>\n<meta property=\"article:published_time\" content=\"2021-09-17T19:19:26+00:00\" \/>\n<meta property=\"article:modified_time\" content=\"2021-09-17T20:04:40+00:00\" \/>\n<meta property=\"og:image\" content=\"https:\/\/dhg1h5j42swfq.cloudfront.net\/2021\/02\/27100109\/pm_ac.jpg\" \/>\n\t<meta property=\"og:image:width\" content=\"1200\" \/>\n\t<meta property=\"og:image:height\" content=\"628\" \/>\n\t<meta property=\"og:image:type\" content=\"image\/jpeg\" \/>\n<meta name=\"author\" content=\"Coordena\u00e7\u00e3o\" \/>\n<meta name=\"twitter:card\" content=\"summary_large_image\" \/>\n<meta name=\"twitter:creator\" content=\"@EstratConcursos\" \/>\n<meta name=\"twitter:site\" content=\"@EstratConcursos\" \/>\n<meta name=\"twitter:label1\" content=\"Escrito por\" \/>\n\t<meta name=\"twitter:data1\" content=\"Coordena\u00e7\u00e3o\" \/>\n\t<meta name=\"twitter:label2\" content=\"Est. tempo de leitura\" \/>\n\t<meta name=\"twitter:data2\" content=\"3 minutos\" \/>\n<script type=\"application\/ld+json\" class=\"yoast-schema-graph\">{\"@context\":\"https:\/\/schema.org\",\"@graph\":[{\"@type\":\"NewsArticle\",\"@id\":\"https:\/\/www.estrategiaconcursos.com.br\/blog\/concurso-pm-ac-denuncia-maus-tratos\/#article\",\"isPartOf\":{\"@id\":\"https:\/\/www.estrategiaconcursos.com.br\/blog\/concurso-pm-ac-denuncia-maus-tratos\/\"},\"author\":{\"name\":\"Coordena\u00e7\u00e3o\",\"@id\":\"https:\/\/www.estrategiaconcursos.com.br\/blog\/#\/schema\/person\/b4a388c97673c5f483d72185668afa1f\"},\"headline\":\"Concurso PM AC: den\u00fancia de maus-tratos feita por ex-aluno!\",\"datePublished\":\"2021-09-17T19:19:26+00:00\",\"dateModified\":\"2021-09-17T20:04:40+00:00\",\"mainEntityOfPage\":{\"@id\":\"https:\/\/www.estrategiaconcursos.com.br\/blog\/concurso-pm-ac-denuncia-maus-tratos\/\"},\"wordCount\":696,\"commentCount\":0,\"publisher\":{\"@id\":\"https:\/\/www.estrategiaconcursos.com.br\/blog\/#organization\"},\"image\":{\"@id\":\"https:\/\/www.estrategiaconcursos.com.br\/blog\/concurso-pm-ac-denuncia-maus-tratos\/#primaryimage\"},\"thumbnailUrl\":\"https:\/\/dhg1h5j42swfq.cloudfront.net\/2021\/02\/27100109\/pm_ac.jpg\",\"articleSection\":[\"Policial (PM\/BM - Oficial)\",\"Policial (PM\/BM - Pra\u00e7as)\"],\"inLanguage\":\"pt-BR\",\"potentialAction\":[{\"@type\":\"CommentAction\",\"name\":\"Comment\",\"target\":[\"https:\/\/www.estrategiaconcursos.com.br\/blog\/concurso-pm-ac-denuncia-maus-tratos\/#respond\"]}],\"copyrightYear\":\"2021\",\"copyrightHolder\":{\"@id\":\"https:\/\/www.estrategiaconcursos.com.br\/blog\/#organization\"}},{\"@type\":\"WebPage\",\"@id\":\"https:\/\/www.estrategiaconcursos.com.br\/blog\/concurso-pm-ac-denuncia-maus-tratos\/\",\"url\":\"https:\/\/www.estrategiaconcursos.com.br\/blog\/concurso-pm-ac-denuncia-maus-tratos\/\",\"name\":\"Concurso PM AC: den\u00fancia de maus-tratos feita por ex-aluno!\",\"isPartOf\":{\"@id\":\"https:\/\/www.estrategiaconcursos.com.br\/blog\/#website\"},\"primaryImageOfPage\":{\"@id\":\"https:\/\/www.estrategiaconcursos.com.br\/blog\/concurso-pm-ac-denuncia-maus-tratos\/#primaryimage\"},\"image\":{\"@id\":\"https:\/\/www.estrategiaconcursos.com.br\/blog\/concurso-pm-ac-denuncia-maus-tratos\/#primaryimage\"},\"thumbnailUrl\":\"https:\/\/dhg1h5j42swfq.cloudfront.net\/2021\/02\/27100109\/pm_ac.jpg\",\"datePublished\":\"2021-09-17T19:19:26+00:00\",\"dateModified\":\"2021-09-17T20:04:40+00:00\",\"breadcrumb\":{\"@id\":\"https:\/\/www.estrategiaconcursos.com.br\/blog\/concurso-pm-ac-denuncia-maus-tratos\/#breadcrumb\"},\"inLanguage\":\"pt-BR\",\"potentialAction\":[{\"@type\":\"ReadAction\",\"target\":[\"https:\/\/www.estrategiaconcursos.com.br\/blog\/concurso-pm-ac-denuncia-maus-tratos\/\"]}]},{\"@type\":\"ImageObject\",\"inLanguage\":\"pt-BR\",\"@id\":\"https:\/\/www.estrategiaconcursos.com.br\/blog\/concurso-pm-ac-denuncia-maus-tratos\/#primaryimage\",\"url\":\"https:\/\/dhg1h5j42swfq.cloudfront.net\/2021\/02\/27100109\/pm_ac.jpg\",\"contentUrl\":\"https:\/\/dhg1h5j42swfq.cloudfront.net\/2021\/02\/27100109\/pm_ac.jpg\",\"width\":1200,\"height\":628},{\"@type\":\"BreadcrumbList\",\"@id\":\"https:\/\/www.estrategiaconcursos.com.br\/blog\/concurso-pm-ac-denuncia-maus-tratos\/#breadcrumb\",\"itemListElement\":[{\"@type\":\"ListItem\",\"position\":1,\"name\":\"In\u00edcio\",\"item\":\"https:\/\/www.estrategiaconcursos.com.br\/blog\/\"},{\"@type\":\"ListItem\",\"position\":2,\"name\":\"Concurso PM AC: den\u00fancia de maus-tratos feita por ex-aluno!\"}]},{\"@type\":\"WebSite\",\"@id\":\"https:\/\/www.estrategiaconcursos.com.br\/blog\/#website\",\"url\":\"https:\/\/www.estrategiaconcursos.com.br\/blog\/\",\"name\":\"Estrat\u00e9gia Concursos\",\"description\":\"O blog da Estrat\u00e9gia Concursos traz not\u00edcias sobre concursos e artigos de professores oferecendo cursos para concursos (pdf + videaulas) no site.\",\"publisher\":{\"@id\":\"https:\/\/www.estrategiaconcursos.com.br\/blog\/#organization\"},\"potentialAction\":[{\"@type\":\"SearchAction\",\"target\":{\"@type\":\"EntryPoint\",\"urlTemplate\":\"https:\/\/www.estrategiaconcursos.com.br\/blog\/?s={search_term_string}\"},\"query-input\":{\"@type\":\"PropertyValueSpecification\",\"valueRequired\":true,\"valueName\":\"search_term_string\"}}],\"inLanguage\":\"pt-BR\"},{\"@type\":\"Organization\",\"@id\":\"https:\/\/www.estrategiaconcursos.com.br\/blog\/#organization\",\"name\":\"Estrat\u00e9gia Concursos\",\"url\":\"https:\/\/www.estrategiaconcursos.com.br\/blog\/\",\"logo\":{\"@type\":\"ImageObject\",\"inLanguage\":\"pt-BR\",\"@id\":\"https:\/\/www.estrategiaconcursos.com.br\/blog\/#\/schema\/logo\/image\/\",\"url\":\"https:\/\/dhg1h5j42swfq.cloudfront.net\/2025\/06\/03203428\/logo_concursos-1.jpg\",\"contentUrl\":\"https:\/\/dhg1h5j42swfq.cloudfront.net\/2025\/06\/03203428\/logo_concursos-1.jpg\",\"width\":230,\"height\":60,\"caption\":\"Estrat\u00e9gia Concursos\"},\"image\":{\"@id\":\"https:\/\/www.estrategiaconcursos.com.br\/blog\/#\/schema\/logo\/image\/\"},\"sameAs\":[\"https:\/\/x.com\/EstratConcursos\"]},{\"@type\":\"Person\",\"@id\":\"https:\/\/www.estrategiaconcursos.com.br\/blog\/#\/schema\/person\/b4a388c97673c5f483d72185668afa1f\",\"name\":\"Coordena\u00e7\u00e3o\",\"image\":{\"@type\":\"ImageObject\",\"inLanguage\":\"pt-BR\",\"@id\":\"https:\/\/secure.gravatar.com\/avatar\/b720319e4c9a967eb58678d110f4fe35452fc5d5f97b202bac7b8acceb18c6ad?s=96&d=mm&r=g\",\"url\":\"https:\/\/secure.gravatar.com\/avatar\/b720319e4c9a967eb58678d110f4fe35452fc5d5f97b202bac7b8acceb18c6ad?s=96&d=mm&r=g\",\"contentUrl\":\"https:\/\/secure.gravatar.com\/avatar\/b720319e4c9a967eb58678d110f4fe35452fc5d5f97b202bac7b8acceb18c6ad?s=96&d=mm&r=g\",\"caption\":\"Coordena\u00e7\u00e3o\"},\"sameAs\":[\"https:\/\/www.facebook.com\/EstrategiaConcursos\",\"https:\/\/x.com\/EstratConcursos\"],\"url\":\"https:\/\/www.estrategiaconcursos.com.br\/blog\/author\/estrategia2013\/\"}]}<\/script>\n<!-- \/ Yoast SEO Premium plugin. -->","yoast_head_json":{"title":"Concurso PM AC: den\u00fancia de maus-tratos feita por ex-aluno!","robots":{"index":"index","follow":"follow","max-snippet":"max-snippet:-1","max-image-preview":"max-image-preview:large","max-video-preview":"max-video-preview:-1"},"canonical":"https:\/\/www.estrategiaconcursos.com.br\/blog\/concurso-pm-ac-denuncia-maus-tratos\/","og_locale":"pt_BR","og_type":"article","og_title":"Concurso PM AC: den\u00fancia de maus-tratos feita por ex-aluno!","og_description":"Em den\u00fancia feita por Reginaldo Ribeiro, de 34 anos, ex-aluno do Curso de Forma\u00e7\u00e3o de Oficiais da PM AC, muitos candidatos sofreram maus-tratos e humilha\u00e7\u00f5es durante a realiza\u00e7\u00e3o do curso, o que ocasionou seu desligamento no dia 3 de setembro, for\u00e7adamente. O aluno afirmou que as humilha\u00e7\u00f5es come\u00e7aram ap\u00f3s 3 dias de in\u00edcio do curso, [&hellip;]","og_url":"https:\/\/www.estrategiaconcursos.com.br\/blog\/concurso-pm-ac-denuncia-maus-tratos\/","og_site_name":"Estrat\u00e9gia Concursos","article_author":"https:\/\/www.facebook.com\/EstrategiaConcursos","article_published_time":"2021-09-17T19:19:26+00:00","article_modified_time":"2021-09-17T20:04:40+00:00","og_image":[{"width":1200,"height":628,"url":"https:\/\/dhg1h5j42swfq.cloudfront.net\/2021\/02\/27100109\/pm_ac.jpg","type":"image\/jpeg"}],"author":"Coordena\u00e7\u00e3o","twitter_card":"summary_large_image","twitter_creator":"@EstratConcursos","twitter_site":"@EstratConcursos","twitter_misc":{"Escrito por":"Coordena\u00e7\u00e3o","Est. tempo de leitura":"3 minutos"},"schema":{"@context":"https:\/\/schema.org","@graph":[{"@type":"NewsArticle","@id":"https:\/\/www.estrategiaconcursos.com.br\/blog\/concurso-pm-ac-denuncia-maus-tratos\/#article","isPartOf":{"@id":"https:\/\/www.estrategiaconcursos.com.br\/blog\/concurso-pm-ac-denuncia-maus-tratos\/"},"author":{"name":"Coordena\u00e7\u00e3o","@id":"https:\/\/www.estrategiaconcursos.com.br\/blog\/#\/schema\/person\/b4a388c97673c5f483d72185668afa1f"},"headline":"Concurso PM AC: den\u00fancia de maus-tratos feita por ex-aluno!","datePublished":"2021-09-17T19:19:26+00:00","dateModified":"2021-09-17T20:04:40+00:00","mainEntityOfPage":{"@id":"https:\/\/www.estrategiaconcursos.com.br\/blog\/concurso-pm-ac-denuncia-maus-tratos\/"},"wordCount":696,"commentCount":0,"publisher":{"@id":"https:\/\/www.estrategiaconcursos.com.br\/blog\/#organization"},"image":{"@id":"https:\/\/www.estrategiaconcursos.com.br\/blog\/concurso-pm-ac-denuncia-maus-tratos\/#primaryimage"},"thumbnailUrl":"https:\/\/dhg1h5j42swfq.cloudfront.net\/2021\/02\/27100109\/pm_ac.jpg","articleSection":["Policial (PM\/BM - Oficial)","Policial (PM\/BM - Pra\u00e7as)"],"inLanguage":"pt-BR","potentialAction":[{"@type":"CommentAction","name":"Comment","target":["https:\/\/www.estrategiaconcursos.com.br\/blog\/concurso-pm-ac-denuncia-maus-tratos\/#respond"]}],"copyrightYear":"2021","copyrightHolder":{"@id":"https:\/\/www.estrategiaconcursos.com.br\/blog\/#organization"}},{"@type":"WebPage","@id":"https:\/\/www.estrategiaconcursos.com.br\/blog\/concurso-pm-ac-denuncia-maus-tratos\/","url":"https:\/\/www.estrategiaconcursos.com.br\/blog\/concurso-pm-ac-denuncia-maus-tratos\/","name":"Concurso PM AC: den\u00fancia de maus-tratos feita por ex-aluno!","isPartOf":{"@id":"https:\/\/www.estrategiaconcursos.com.br\/blog\/#website"},"primaryImageOfPage":{"@id":"https:\/\/www.estrategiaconcursos.com.br\/blog\/concurso-pm-ac-denuncia-maus-tratos\/#primaryimage"},"image":{"@id":"https:\/\/www.estrategiaconcursos.com.br\/blog\/concurso-pm-ac-denuncia-maus-tratos\/#primaryimage"},"thumbnailUrl":"https:\/\/dhg1h5j42swfq.cloudfront.net\/2021\/02\/27100109\/pm_ac.jpg","datePublished":"2021-09-17T19:19:26+00:00","dateModified":"2021-09-17T20:04:40+00:00","breadcrumb":{"@id":"https:\/\/www.estrategiaconcursos.com.br\/blog\/concurso-pm-ac-denuncia-maus-tratos\/#breadcrumb"},"inLanguage":"pt-BR","potentialAction":[{"@type":"ReadAction","target":["https:\/\/www.estrategiaconcursos.com.br\/blog\/concurso-pm-ac-denuncia-maus-tratos\/"]}]},{"@type":"ImageObject","inLanguage":"pt-BR","@id":"https:\/\/www.estrategiaconcursos.com.br\/blog\/concurso-pm-ac-denuncia-maus-tratos\/#primaryimage","url":"https:\/\/dhg1h5j42swfq.cloudfront.net\/2021\/02\/27100109\/pm_ac.jpg","contentUrl":"https:\/\/dhg1h5j42swfq.cloudfront.net\/2021\/02\/27100109\/pm_ac.jpg","width":1200,"height":628},{"@type":"BreadcrumbList","@id":"https:\/\/www.estrategiaconcursos.com.br\/blog\/concurso-pm-ac-denuncia-maus-tratos\/#breadcrumb","itemListElement":[{"@type":"ListItem","position":1,"name":"In\u00edcio","item":"https:\/\/www.estrategiaconcursos.com.br\/blog\/"},{"@type":"ListItem","position":2,"name":"Concurso PM AC: den\u00fancia de maus-tratos feita por ex-aluno!"}]},{"@type":"WebSite","@id":"https:\/\/www.estrategiaconcursos.com.br\/blog\/#website","url":"https:\/\/www.estrategiaconcursos.com.br\/blog\/","name":"Estrat\u00e9gia Concursos","description":"O blog da Estrat\u00e9gia Concursos traz not\u00edcias sobre concursos e artigos de professores oferecendo cursos para concursos (pdf + videaulas) no site.","publisher":{"@id":"https:\/\/www.estrategiaconcursos.com.br\/blog\/#organization"},"potentialAction":[{"@type":"SearchAction","target":{"@type":"EntryPoint","urlTemplate":"https:\/\/www.estrategiaconcursos.com.br\/blog\/?s={search_term_string}"},"query-input":{"@type":"PropertyValueSpecification","valueRequired":true,"valueName":"search_term_string"}}],"inLanguage":"pt-BR"},{"@type":"Organization","@id":"https:\/\/www.estrategiaconcursos.com.br\/blog\/#organization","name":"Estrat\u00e9gia Concursos","url":"https:\/\/www.estrategiaconcursos.com.br\/blog\/","logo":{"@type":"ImageObject","inLanguage":"pt-BR","@id":"https:\/\/www.estrategiaconcursos.com.br\/blog\/#\/schema\/logo\/image\/","url":"https:\/\/dhg1h5j42swfq.cloudfront.net\/2025\/06\/03203428\/logo_concursos-1.jpg","contentUrl":"https:\/\/dhg1h5j42swfq.cloudfront.net\/2025\/06\/03203428\/logo_concursos-1.jpg","width":230,"height":60,"caption":"Estrat\u00e9gia Concursos"},"image":{"@id":"https:\/\/www.estrategiaconcursos.com.br\/blog\/#\/schema\/logo\/image\/"},"sameAs":["https:\/\/x.com\/EstratConcursos"]},{"@type":"Person","@id":"https:\/\/www.estrategiaconcursos.com.br\/blog\/#\/schema\/person\/b4a388c97673c5f483d72185668afa1f","name":"Coordena\u00e7\u00e3o","image":{"@type":"ImageObject","inLanguage":"pt-BR","@id":"https:\/\/secure.gravatar.com\/avatar\/b720319e4c9a967eb58678d110f4fe35452fc5d5f97b202bac7b8acceb18c6ad?s=96&d=mm&r=g","url":"https:\/\/secure.gravatar.com\/avatar\/b720319e4c9a967eb58678d110f4fe35452fc5d5f97b202bac7b8acceb18c6ad?s=96&d=mm&r=g","contentUrl":"https:\/\/secure.gravatar.com\/avatar\/b720319e4c9a967eb58678d110f4fe35452fc5d5f97b202bac7b8acceb18c6ad?s=96&d=mm&r=g","caption":"Coordena\u00e7\u00e3o"},"sameAs":["https:\/\/www.facebook.com\/EstrategiaConcursos","https:\/\/x.com\/EstratConcursos"],"url":"https:\/\/www.estrategiaconcursos.com.br\/blog\/author\/estrategia2013\/"}]}},"_links":{"self":[{"href":"https:\/\/www.estrategiaconcursos.com.br\/blog\/wp-json\/wp\/v2\/posts\/863503","targetHints":{"allow":["GET"]}}],"collection":[{"href":"https:\/\/www.estrategiaconcursos.com.br\/blog\/wp-json\/wp\/v2\/posts"}],"about":[{"href":"https:\/\/www.estrategiaconcursos.com.br\/blog\/wp-json\/wp\/v2\/types\/post"}],"author":[{"embeddable":true,"href":"https:\/\/www.estrategiaconcursos.com.br\/blog\/wp-json\/wp\/v2\/users\/1"}],"replies":[{"embeddable":true,"href":"https:\/\/www.estrategiaconcursos.com.br\/blog\/wp-json\/wp\/v2\/comments?post=863503"}],"version-history":[{"count":25,"href":"https:\/\/www.estrategiaconcursos.com.br\/blog\/wp-json\/wp\/v2\/posts\/863503\/revisions"}],"predecessor-version":[{"id":863693,"href":"https:\/\/www.estrategiaconcursos.com.br\/blog\/wp-json\/wp\/v2\/posts\/863503\/revisions\/863693"}],"wp:featuredmedia":[{"embeddable":true,"href":"https:\/\/www.estrategiaconcursos.com.br\/blog\/wp-json\/wp\/v2\/media\/681721"}],"wp:attachment":[{"href":"https:\/\/www.estrategiaconcursos.com.br\/blog\/wp-json\/wp\/v2\/media?parent=863503"}],"wp:term":[{"taxonomy":"category","embeddable":true,"href":"https:\/\/www.estrategiaconcursos.com.br\/blog\/wp-json\/wp\/v2\/categories?post=863503"},{"taxonomy":"post_tag","embeddable":true,"href":"https:\/\/www.estrategiaconcursos.com.br\/blog\/wp-json\/wp\/v2\/tags?post=863503"},{"taxonomy":"tax_estado","embeddable":true,"href":"https:\/\/www.estrategiaconcursos.com.br\/blog\/wp-json\/wp\/v2\/tax_estado?post=863503"}],"curies":[{"name":"wp","href":"https:\/\/api.w.org\/{rel}","templated":true}]}}