{"id":862954,"date":"2021-09-16T20:00:00","date_gmt":"2021-09-16T23:00:00","guid":{"rendered":"https:\/\/www.estrategiaconcursos.com.br\/blog\/?p=862954"},"modified":"2023-01-06T17:19:17","modified_gmt":"2023-01-06T20:19:17","slug":"concurso-sefaz-pr-como-conciliar-os-estudos-para-auditor-e-af","status":"publish","type":"post","link":"https:\/\/www.estrategiaconcursos.com.br\/blog\/concurso-sefaz-pr-como-conciliar-os-estudos-para-auditor-e-af\/","title":{"rendered":"Concurso SEFAZ PR: Como conciliar os estudos para Auditor e AF"},"content":{"rendered":"\n<p>Aten\u00e7\u00e3o, coruja, pronta para mais um evento 100% GRATUITO?<\/p>\n\n\n\n<p>Conforme mencionado pela equipe de jornalismo do Estrat\u00e9gia Concursos, o concurso para a <strong>Secretaria da Fazenda do estado do Paran\u00e1<\/strong>, SEFAZ PR, tem comiss\u00f5es formadas para os cargos de <strong>Auditor e Agente Fazend\u00e1rio Estadual<\/strong>.<\/p>\n\n\n\n<p>Ambas as fun\u00e7\u00f5es ainda n\u00e3o det\u00eam quantidade de vagas definidas, assim como demais detalhes. No entanto, sabe-se, a partir de editais anteriores, algumas das poss\u00edveis disciplinas cobradas nas etapas avaliativas.<\/p>\n\n\n\n<p>Nesse sentido, cria-se um frequente questionamento:<em> &#8220;\u00c9 poss\u00edvel conciliar os estudos para Auditor e Agente Fazend\u00e1rio<\/em>?&#8221;. De antem\u00e3o, eu posso responder que <em>sim<\/em>. Para saber o como n\u00e3o deixe de conferir a aula de hoje!<\/p>\n\n\n\n<p><strong>A transmiss\u00e3o s\u00edncrona via YouTube ficar\u00e1 dispon\u00edvel \u00e0s 21h.<\/strong> N\u00e3o esque\u00e7a de levar seus principais questionamentos no que diz respeito \u00e0 tem\u00e1tica em quest\u00e3o e muita coragem para se lan\u00e7ar. Te vejo l\u00e1!<\/p>\n\n\n\n<p class=\"has-text-align-center\"><em>Para ficar por dentro de todos os detalhes acerca do certame SEFAZ PR (edital, datas e atualiza\u00e7\u00f5es fresquinhas), confira um artigo completo, de f\u00e1cil compreens\u00e3o, que elaboramos EXCLUSIVAMENTE para voc\u00ea!<\/em><\/p>\n\n\n\n<p class=\"has-text-align-center has-luminous-vivid-amber-background-color has-background\" style=\"font-size:clamp(14.642px, 0.915rem + ((1vw - 3.2px) * 0.721), 22px);\"><strong>Saiba mais: <a href=\"https:\/\/www.estrategiaconcursos.com.br\/blog\/concurso-sefaz-pr\/\" target=\"_blank\" rel=\"noreferrer noopener\">Concurso SEFAZ PR<\/a><\/strong><\/p>\n\n\n\n<hr class=\"wp-block-separator has-css-opacity\"\/>\n\n\n\n<p class=\"has-text-align-center\">Voc\u00ea sabia que&nbsp;<em>no \u00faltimo concurso Sefaz AL, dos 60 aprovados para Auditor Fiscal,&nbsp;<strong>38 foram alunos do Estrat\u00e9gia<\/strong>!? Al\u00e9m disso,&nbsp;dos 5 primeiros, 4 eram nossos! Se voc\u00ea quer fazer parte dessa estat\u00edstica no pr\u00f3ximo concurso Sefaz PR, n\u00e3o perca tempo e&nbsp;estude com a Coruja!<\/em><\/p>\n\n\n\n<figure class=\"wp-block-image aligncenter size-full is-resized\"><img loading=\"lazy\" decoding=\"async\" src=\"https:\/\/dhg1h5j42swfq.cloudfront.net\/2020\/12\/11172928\/logo_estrategia_concursos.png\" alt=\"\" class=\"wp-image-629128\" width=\"50\" height=\"99\" srcset=\"https:\/\/dhg1h5j42swfq.cloudfront.net\/2020\/12\/11172928\/logo_estrategia_concursos.png 200w, https:\/\/dhg1h5j42swfq.cloudfront.net\/2020\/12\/11172928\/logo_estrategia_concursos-151x300.png 151w\" sizes=\"auto, (max-width: 50px) 100vw, 50px\" \/><\/figure>\n\n\n\n<h2 class=\"has-text-align-center wp-block-heading\" id=\"cursos-assinatura\">Cursos e Assinaturas para o concurso Sefaz PR<\/h2>\n\n\n\n<div id=\"boxes\" class=\"container\">\n<div class=\"row\">\n<div class=\"col-sm\">\n<div id=\"box-assinatura\" class=\"banner-fiscal-01\">\n<h3 class=\"titulo-assinatura\">Carreiras Fiscais<\/h3>\n<p class=\"subtitulo-assinatura\">Conhe\u00e7a os cursos para Sefaz PR<\/p>\n<div class=\"box-botao\"><a class=\"btn-assinatura\" role=\"button\" href=\"https:\/\/www.estrategiaconcursos.com.br\/cursosPorConcurso\/secretaria-da-fazenda-do-estado-do-parana-sefaz-pr\/\" target=\"_blank\" rel=\"noopener noreferrer\">Conhe\u00e7a mais<\/a><\/div>\n<\/div>\n<\/div>\n<\/div>\n<\/div>\n\n\n\n<div class=\"container\" id=\"boxes\">\n  <div class=\"row\">\n\n    <div class=\"col-sm\">\n      <div class=\"estrategia\" id=\"box-assinatura\">\n        <h3 class=\"titulo-assinatura\">Assinatura Concursos<\/h3>\n        <p class=\"subtitulo-assinatura\">Assinatura de 1 ano ou 2 anos<\/p>\n        <div class=\"box-botao\">\n          <a class=\"btn-assinatura\" target=\"_blank\" href=\"https:\/\/www.estrategiaconcursos.com.br\/assinaturas\/\" role=\"button\" rel=\"noopener noreferrer\">ASSINE AGORA<\/a>\n        <\/div>\n      <\/div><\/div><\/div><\/div>\n\n\n\n<div class=\"container\" id=\"boxes\">\n  <div class=\"row\">\n\n    <div class=\"col-sm\" id=\"boxes-concursos\">\n      <div style=\"background-color: #005DAD;\" class=\"conteudo-concursos\" id=\"box-concursos\">\n        <h3 class=\"titulo-assinatura\">Concursos Abertos<\/h3>\n        <p class=\"subtitulo-assinatura\">Confira os editais publicados<\/p>\n        <div class=\"box-botao\">\n          <a class=\"btn-assinatura\" target=\"_blank\" href=\"https:\/\/www.estrategiaconcursos.com.br\/blog\/concursos-abertos\/\" role=\"button\" rel=\"noopener noreferrer\">Conhe\u00e7a Agora<\/a>\n        <\/div>\n      <\/div>\n    <\/div>\n\n    <div class=\"col-sm\" id=\"boxes-concursos\">\n      <div style=\"background-color: #1A7ED5;\" class=\"conteudo-concursos\" id=\"box-concursos\">\n        <h3 class=\"titulo-assinatura\">Concursos 2021<\/h3>\n        <p class=\"subtitulo-assinatura\">As oportunidades previstas<\/p>\n        <div class=\"box-botao\">\n          <a class=\"btn-assinatura\" target=\"_blank\" href=\"https:\/\/www.estrategiaconcursos.com.br\/blog\/concursos-2021\/\" role=\"button\" rel=\"noopener noreferrer\">Conhe\u00e7a Agora<\/a>\n        <\/div>\n      <\/div>\n    <\/div>\n\n    <div class=\"col-sm\" id=\"boxes-concursos\">\n      <div style=\"background-color: #419FF0;\" class=\"conteudo-concursos\" id=\"box-concursos\">\n        <h3 class=\"titulo-assinatura\">Concursos 2022<\/h3>\n        <p class=\"subtitulo-assinatura\">Vagas para o pr\u00f3ximo ano<\/p>\n        <div class=\"box-botao\">\n          <a class=\"btn-assinatura\" target=\"_blank\" href=\"https:\/\/www.estrategiaconcursos.com.br\/blog\/concursos-2022\/\" role=\"button\" rel=\"noopener noreferrer\">Conhe\u00e7a Agora<\/a>\n        <\/div>\n      <\/div>\n    <\/div>\n\n  <\/div>\n<\/div>\n","protected":false},"excerpt":{"rendered":"<p>Aten\u00e7\u00e3o, coruja, pronta para mais um evento 100% GRATUITO? Conforme mencionado pela equipe de jornalismo do Estrat\u00e9gia Concursos, o concurso para a Secretaria da Fazenda do estado do Paran\u00e1, SEFAZ PR, tem comiss\u00f5es formadas para os cargos de Auditor e Agente Fazend\u00e1rio Estadual. Ambas as fun\u00e7\u00f5es ainda n\u00e3o det\u00eam quantidade de vagas definidas, assim como [&hellip;]<\/p>\n","protected":false},"author":1906,"featured_media":862958,"comment_status":"open","ping_status":"closed","sticky":false,"template":"","format":"standard","meta":{"post_tipo":"news","footnotes":""},"categories":[1983,220219],"tags":[],"tax_estado":[219981],"class_list":["post-862954","post","type-post","status-publish","format-standard","has-post-thumbnail","hentry","category-fiscal-estadual","category-noticias","tax_estado-pr"],"acf":[],"yoast_head":"<!-- This site is optimized with the Yoast SEO Premium plugin v27.2 (Yoast SEO v27.2) - https:\/\/yoast.com\/product\/yoast-seo-premium-wordpress\/ -->\n<title>Concurso SEFAZ PR: Como conciliar os estudos para Auditor e AF<\/title>\n<meta name=\"description\" content=\"Acesse esse artigo e descubra, em aula s\u00edncrona, como conciliar os estudos para Auditor e Agente Fazend\u00e1rio Estadual do concurso SEFAZ PR!\" \/>\n<meta name=\"robots\" content=\"index, follow, max-snippet:-1, max-image-preview:large, max-video-preview:-1\" \/>\n<link rel=\"canonical\" href=\"https:\/\/www.estrategiaconcursos.com.br\/blog\/concurso-sefaz-pr-como-conciliar-os-estudos-para-auditor-e-af\/\" \/>\n<meta property=\"og:locale\" content=\"pt_BR\" \/>\n<meta property=\"og:type\" content=\"article\" \/>\n<meta property=\"og:title\" content=\"Concurso SEFAZ PR: Como conciliar os estudos para Auditor e AF\" \/>\n<meta property=\"og:description\" content=\"Acesse esse artigo e descubra, em aula s\u00edncrona, como conciliar os estudos para Auditor e Agente Fazend\u00e1rio Estadual do concurso SEFAZ PR!\" \/>\n<meta property=\"og:url\" content=\"https:\/\/www.estrategiaconcursos.com.br\/blog\/concurso-sefaz-pr-como-conciliar-os-estudos-para-auditor-e-af\/\" \/>\n<meta property=\"og:site_name\" content=\"Estrat\u00e9gia Concursos\" \/>\n<meta property=\"article:published_time\" content=\"2021-09-16T23:00:00+00:00\" \/>\n<meta property=\"article:modified_time\" content=\"2023-01-06T20:19:17+00:00\" \/>\n<meta property=\"og:image\" content=\"https:\/\/dhg1h5j42swfq.cloudfront.net\/2021\/09\/16181030\/sem-titulo-56.png\" \/>\n\t<meta property=\"og:image:width\" content=\"637\" \/>\n\t<meta property=\"og:image:height\" content=\"637\" \/>\n\t<meta property=\"og:image:type\" content=\"image\/png\" \/>\n<meta name=\"author\" content=\"Bruno Bezerra\" \/>\n<meta name=\"twitter:card\" content=\"summary_large_image\" \/>\n<meta name=\"twitter:creator\" content=\"@EstratConcursos\" \/>\n<meta name=\"twitter:site\" content=\"@EstratConcursos\" \/>\n<meta name=\"twitter:label1\" content=\"Escrito por\" \/>\n\t<meta name=\"twitter:data1\" content=\"Bruno Bezerra\" \/>\n\t<meta name=\"twitter:label2\" content=\"Est. tempo de leitura\" \/>\n\t<meta name=\"twitter:data2\" content=\"2 minutos\" \/>\n<script type=\"application\/ld+json\" class=\"yoast-schema-graph\">{\"@context\":\"https:\/\/schema.org\",\"@graph\":[{\"@type\":\"NewsArticle\",\"@id\":\"https:\/\/www.estrategiaconcursos.com.br\/blog\/concurso-sefaz-pr-como-conciliar-os-estudos-para-auditor-e-af\/#article\",\"isPartOf\":{\"@id\":\"https:\/\/www.estrategiaconcursos.com.br\/blog\/concurso-sefaz-pr-como-conciliar-os-estudos-para-auditor-e-af\/\"},\"author\":{\"name\":\"Bruno Bezerra\",\"@id\":\"https:\/\/www.estrategiaconcursos.com.br\/blog\/#\/schema\/person\/addb2bc42f2320184427f8f4ff161f88\"},\"headline\":\"Concurso SEFAZ PR: Como conciliar os estudos para Auditor e AF\",\"datePublished\":\"2021-09-16T23:00:00+00:00\",\"dateModified\":\"2023-01-06T20:19:17+00:00\",\"mainEntityOfPage\":{\"@id\":\"https:\/\/www.estrategiaconcursos.com.br\/blog\/concurso-sefaz-pr-como-conciliar-os-estudos-para-auditor-e-af\/\"},\"wordCount\":314,\"commentCount\":0,\"publisher\":{\"@id\":\"https:\/\/www.estrategiaconcursos.com.br\/blog\/#organization\"},\"image\":{\"@id\":\"https:\/\/www.estrategiaconcursos.com.br\/blog\/concurso-sefaz-pr-como-conciliar-os-estudos-para-auditor-e-af\/#primaryimage\"},\"thumbnailUrl\":\"https:\/\/dhg1h5j42swfq.cloudfront.net\/2021\/09\/16181030\/sem-titulo-56.png\",\"articleSection\":[\"Fiscal - Estadual (ICMS)\",\"\u00daltimas not\u00edcias\"],\"inLanguage\":\"pt-BR\",\"potentialAction\":[{\"@type\":\"CommentAction\",\"name\":\"Comment\",\"target\":[\"https:\/\/www.estrategiaconcursos.com.br\/blog\/concurso-sefaz-pr-como-conciliar-os-estudos-para-auditor-e-af\/#respond\"]}],\"copyrightYear\":\"2021\",\"copyrightHolder\":{\"@id\":\"https:\/\/www.estrategiaconcursos.com.br\/blog\/#organization\"}},{\"@type\":\"WebPage\",\"@id\":\"https:\/\/www.estrategiaconcursos.com.br\/blog\/concurso-sefaz-pr-como-conciliar-os-estudos-para-auditor-e-af\/\",\"url\":\"https:\/\/www.estrategiaconcursos.com.br\/blog\/concurso-sefaz-pr-como-conciliar-os-estudos-para-auditor-e-af\/\",\"name\":\"Concurso SEFAZ PR: Como conciliar os estudos para Auditor e AF\",\"isPartOf\":{\"@id\":\"https:\/\/www.estrategiaconcursos.com.br\/blog\/#website\"},\"primaryImageOfPage\":{\"@id\":\"https:\/\/www.estrategiaconcursos.com.br\/blog\/concurso-sefaz-pr-como-conciliar-os-estudos-para-auditor-e-af\/#primaryimage\"},\"image\":{\"@id\":\"https:\/\/www.estrategiaconcursos.com.br\/blog\/concurso-sefaz-pr-como-conciliar-os-estudos-para-auditor-e-af\/#primaryimage\"},\"thumbnailUrl\":\"https:\/\/dhg1h5j42swfq.cloudfront.net\/2021\/09\/16181030\/sem-titulo-56.png\",\"datePublished\":\"2021-09-16T23:00:00+00:00\",\"dateModified\":\"2023-01-06T20:19:17+00:00\",\"description\":\"Acesse esse artigo e descubra, em aula s\u00edncrona, como conciliar os estudos para Auditor e Agente Fazend\u00e1rio Estadual do concurso SEFAZ PR!\",\"breadcrumb\":{\"@id\":\"https:\/\/www.estrategiaconcursos.com.br\/blog\/concurso-sefaz-pr-como-conciliar-os-estudos-para-auditor-e-af\/#breadcrumb\"},\"inLanguage\":\"pt-BR\",\"potentialAction\":[{\"@type\":\"ReadAction\",\"target\":[\"https:\/\/www.estrategiaconcursos.com.br\/blog\/concurso-sefaz-pr-como-conciliar-os-estudos-para-auditor-e-af\/\"]}]},{\"@type\":\"ImageObject\",\"inLanguage\":\"pt-BR\",\"@id\":\"https:\/\/www.estrategiaconcursos.com.br\/blog\/concurso-sefaz-pr-como-conciliar-os-estudos-para-auditor-e-af\/#primaryimage\",\"url\":\"https:\/\/dhg1h5j42swfq.cloudfront.net\/2021\/09\/16181030\/sem-titulo-56.png\",\"contentUrl\":\"https:\/\/dhg1h5j42swfq.cloudfront.net\/2021\/09\/16181030\/sem-titulo-56.png\",\"width\":637,\"height\":637},{\"@type\":\"BreadcrumbList\",\"@id\":\"https:\/\/www.estrategiaconcursos.com.br\/blog\/concurso-sefaz-pr-como-conciliar-os-estudos-para-auditor-e-af\/#breadcrumb\",\"itemListElement\":[{\"@type\":\"ListItem\",\"position\":1,\"name\":\"In\u00edcio\",\"item\":\"https:\/\/www.estrategiaconcursos.com.br\/blog\/\"},{\"@type\":\"ListItem\",\"position\":2,\"name\":\"Concurso SEFAZ PR: Como conciliar os estudos para Auditor e AF\"}]},{\"@type\":\"WebSite\",\"@id\":\"https:\/\/www.estrategiaconcursos.com.br\/blog\/#website\",\"url\":\"https:\/\/www.estrategiaconcursos.com.br\/blog\/\",\"name\":\"Estrat\u00e9gia Concursos\",\"description\":\"O blog da Estrat\u00e9gia Concursos traz not\u00edcias sobre concursos e artigos de professores oferecendo cursos para concursos (pdf + videaulas) no site.\",\"publisher\":{\"@id\":\"https:\/\/www.estrategiaconcursos.com.br\/blog\/#organization\"},\"potentialAction\":[{\"@type\":\"SearchAction\",\"target\":{\"@type\":\"EntryPoint\",\"urlTemplate\":\"https:\/\/www.estrategiaconcursos.com.br\/blog\/?s={search_term_string}\"},\"query-input\":{\"@type\":\"PropertyValueSpecification\",\"valueRequired\":true,\"valueName\":\"search_term_string\"}}],\"inLanguage\":\"pt-BR\"},{\"@type\":\"Organization\",\"@id\":\"https:\/\/www.estrategiaconcursos.com.br\/blog\/#organization\",\"name\":\"Estrat\u00e9gia Concursos\",\"url\":\"https:\/\/www.estrategiaconcursos.com.br\/blog\/\",\"logo\":{\"@type\":\"ImageObject\",\"inLanguage\":\"pt-BR\",\"@id\":\"https:\/\/www.estrategiaconcursos.com.br\/blog\/#\/schema\/logo\/image\/\",\"url\":\"https:\/\/dhg1h5j42swfq.cloudfront.net\/2025\/06\/03203428\/logo_concursos-1.jpg\",\"contentUrl\":\"https:\/\/dhg1h5j42swfq.cloudfront.net\/2025\/06\/03203428\/logo_concursos-1.jpg\",\"width\":230,\"height\":60,\"caption\":\"Estrat\u00e9gia Concursos\"},\"image\":{\"@id\":\"https:\/\/www.estrategiaconcursos.com.br\/blog\/#\/schema\/logo\/image\/\"},\"sameAs\":[\"https:\/\/x.com\/EstratConcursos\"]},{\"@type\":\"Person\",\"@id\":\"https:\/\/www.estrategiaconcursos.com.br\/blog\/#\/schema\/person\/addb2bc42f2320184427f8f4ff161f88\",\"name\":\"Bruno Bezerra\",\"image\":{\"@type\":\"ImageObject\",\"inLanguage\":\"pt-BR\",\"@id\":\"https:\/\/secure.gravatar.com\/avatar\/40ea3c769299f1a8cf27f1763fd967425b67870e213668ed09cbc95da7547dfe?s=96&d=mm&r=g\",\"url\":\"https:\/\/secure.gravatar.com\/avatar\/40ea3c769299f1a8cf27f1763fd967425b67870e213668ed09cbc95da7547dfe?s=96&d=mm&r=g\",\"contentUrl\":\"https:\/\/secure.gravatar.com\/avatar\/40ea3c769299f1a8cf27f1763fd967425b67870e213668ed09cbc95da7547dfe?s=96&d=mm&r=g\",\"caption\":\"Bruno Bezerra\"},\"url\":\"https:\/\/www.estrategiaconcursos.com.br\/blog\/author\/antbrunobezerrayahoo-com-br\/\"}]}<\/script>\n<!-- \/ Yoast SEO Premium plugin. -->","yoast_head_json":{"title":"Concurso SEFAZ PR: Como conciliar os estudos para Auditor e AF","description":"Acesse esse artigo e descubra, em aula s\u00edncrona, como conciliar os estudos para Auditor e Agente Fazend\u00e1rio Estadual do concurso SEFAZ PR!","robots":{"index":"index","follow":"follow","max-snippet":"max-snippet:-1","max-image-preview":"max-image-preview:large","max-video-preview":"max-video-preview:-1"},"canonical":"https:\/\/www.estrategiaconcursos.com.br\/blog\/concurso-sefaz-pr-como-conciliar-os-estudos-para-auditor-e-af\/","og_locale":"pt_BR","og_type":"article","og_title":"Concurso SEFAZ PR: Como conciliar os estudos para Auditor e AF","og_description":"Acesse esse artigo e descubra, em aula s\u00edncrona, como conciliar os estudos para Auditor e Agente Fazend\u00e1rio Estadual do concurso SEFAZ PR!","og_url":"https:\/\/www.estrategiaconcursos.com.br\/blog\/concurso-sefaz-pr-como-conciliar-os-estudos-para-auditor-e-af\/","og_site_name":"Estrat\u00e9gia Concursos","article_published_time":"2021-09-16T23:00:00+00:00","article_modified_time":"2023-01-06T20:19:17+00:00","og_image":[{"width":637,"height":637,"url":"https:\/\/dhg1h5j42swfq.cloudfront.net\/2021\/09\/16181030\/sem-titulo-56.png","type":"image\/png"}],"author":"Bruno Bezerra","twitter_card":"summary_large_image","twitter_creator":"@EstratConcursos","twitter_site":"@EstratConcursos","twitter_misc":{"Escrito por":"Bruno Bezerra","Est. tempo de leitura":"2 minutos"},"schema":{"@context":"https:\/\/schema.org","@graph":[{"@type":"NewsArticle","@id":"https:\/\/www.estrategiaconcursos.com.br\/blog\/concurso-sefaz-pr-como-conciliar-os-estudos-para-auditor-e-af\/#article","isPartOf":{"@id":"https:\/\/www.estrategiaconcursos.com.br\/blog\/concurso-sefaz-pr-como-conciliar-os-estudos-para-auditor-e-af\/"},"author":{"name":"Bruno Bezerra","@id":"https:\/\/www.estrategiaconcursos.com.br\/blog\/#\/schema\/person\/addb2bc42f2320184427f8f4ff161f88"},"headline":"Concurso SEFAZ PR: Como conciliar os estudos para Auditor e AF","datePublished":"2021-09-16T23:00:00+00:00","dateModified":"2023-01-06T20:19:17+00:00","mainEntityOfPage":{"@id":"https:\/\/www.estrategiaconcursos.com.br\/blog\/concurso-sefaz-pr-como-conciliar-os-estudos-para-auditor-e-af\/"},"wordCount":314,"commentCount":0,"publisher":{"@id":"https:\/\/www.estrategiaconcursos.com.br\/blog\/#organization"},"image":{"@id":"https:\/\/www.estrategiaconcursos.com.br\/blog\/concurso-sefaz-pr-como-conciliar-os-estudos-para-auditor-e-af\/#primaryimage"},"thumbnailUrl":"https:\/\/dhg1h5j42swfq.cloudfront.net\/2021\/09\/16181030\/sem-titulo-56.png","articleSection":["Fiscal - Estadual (ICMS)","\u00daltimas not\u00edcias"],"inLanguage":"pt-BR","potentialAction":[{"@type":"CommentAction","name":"Comment","target":["https:\/\/www.estrategiaconcursos.com.br\/blog\/concurso-sefaz-pr-como-conciliar-os-estudos-para-auditor-e-af\/#respond"]}],"copyrightYear":"2021","copyrightHolder":{"@id":"https:\/\/www.estrategiaconcursos.com.br\/blog\/#organization"}},{"@type":"WebPage","@id":"https:\/\/www.estrategiaconcursos.com.br\/blog\/concurso-sefaz-pr-como-conciliar-os-estudos-para-auditor-e-af\/","url":"https:\/\/www.estrategiaconcursos.com.br\/blog\/concurso-sefaz-pr-como-conciliar-os-estudos-para-auditor-e-af\/","name":"Concurso SEFAZ PR: Como conciliar os estudos para Auditor e AF","isPartOf":{"@id":"https:\/\/www.estrategiaconcursos.com.br\/blog\/#website"},"primaryImageOfPage":{"@id":"https:\/\/www.estrategiaconcursos.com.br\/blog\/concurso-sefaz-pr-como-conciliar-os-estudos-para-auditor-e-af\/#primaryimage"},"image":{"@id":"https:\/\/www.estrategiaconcursos.com.br\/blog\/concurso-sefaz-pr-como-conciliar-os-estudos-para-auditor-e-af\/#primaryimage"},"thumbnailUrl":"https:\/\/dhg1h5j42swfq.cloudfront.net\/2021\/09\/16181030\/sem-titulo-56.png","datePublished":"2021-09-16T23:00:00+00:00","dateModified":"2023-01-06T20:19:17+00:00","description":"Acesse esse artigo e descubra, em aula s\u00edncrona, como conciliar os estudos para Auditor e Agente Fazend\u00e1rio Estadual do concurso SEFAZ PR!","breadcrumb":{"@id":"https:\/\/www.estrategiaconcursos.com.br\/blog\/concurso-sefaz-pr-como-conciliar-os-estudos-para-auditor-e-af\/#breadcrumb"},"inLanguage":"pt-BR","potentialAction":[{"@type":"ReadAction","target":["https:\/\/www.estrategiaconcursos.com.br\/blog\/concurso-sefaz-pr-como-conciliar-os-estudos-para-auditor-e-af\/"]}]},{"@type":"ImageObject","inLanguage":"pt-BR","@id":"https:\/\/www.estrategiaconcursos.com.br\/blog\/concurso-sefaz-pr-como-conciliar-os-estudos-para-auditor-e-af\/#primaryimage","url":"https:\/\/dhg1h5j42swfq.cloudfront.net\/2021\/09\/16181030\/sem-titulo-56.png","contentUrl":"https:\/\/dhg1h5j42swfq.cloudfront.net\/2021\/09\/16181030\/sem-titulo-56.png","width":637,"height":637},{"@type":"BreadcrumbList","@id":"https:\/\/www.estrategiaconcursos.com.br\/blog\/concurso-sefaz-pr-como-conciliar-os-estudos-para-auditor-e-af\/#breadcrumb","itemListElement":[{"@type":"ListItem","position":1,"name":"In\u00edcio","item":"https:\/\/www.estrategiaconcursos.com.br\/blog\/"},{"@type":"ListItem","position":2,"name":"Concurso SEFAZ PR: Como conciliar os estudos para Auditor e AF"}]},{"@type":"WebSite","@id":"https:\/\/www.estrategiaconcursos.com.br\/blog\/#website","url":"https:\/\/www.estrategiaconcursos.com.br\/blog\/","name":"Estrat\u00e9gia Concursos","description":"O blog da Estrat\u00e9gia Concursos traz not\u00edcias sobre concursos e artigos de professores oferecendo cursos para concursos (pdf + videaulas) no site.","publisher":{"@id":"https:\/\/www.estrategiaconcursos.com.br\/blog\/#organization"},"potentialAction":[{"@type":"SearchAction","target":{"@type":"EntryPoint","urlTemplate":"https:\/\/www.estrategiaconcursos.com.br\/blog\/?s={search_term_string}"},"query-input":{"@type":"PropertyValueSpecification","valueRequired":true,"valueName":"search_term_string"}}],"inLanguage":"pt-BR"},{"@type":"Organization","@id":"https:\/\/www.estrategiaconcursos.com.br\/blog\/#organization","name":"Estrat\u00e9gia Concursos","url":"https:\/\/www.estrategiaconcursos.com.br\/blog\/","logo":{"@type":"ImageObject","inLanguage":"pt-BR","@id":"https:\/\/www.estrategiaconcursos.com.br\/blog\/#\/schema\/logo\/image\/","url":"https:\/\/dhg1h5j42swfq.cloudfront.net\/2025\/06\/03203428\/logo_concursos-1.jpg","contentUrl":"https:\/\/dhg1h5j42swfq.cloudfront.net\/2025\/06\/03203428\/logo_concursos-1.jpg","width":230,"height":60,"caption":"Estrat\u00e9gia Concursos"},"image":{"@id":"https:\/\/www.estrategiaconcursos.com.br\/blog\/#\/schema\/logo\/image\/"},"sameAs":["https:\/\/x.com\/EstratConcursos"]},{"@type":"Person","@id":"https:\/\/www.estrategiaconcursos.com.br\/blog\/#\/schema\/person\/addb2bc42f2320184427f8f4ff161f88","name":"Bruno Bezerra","image":{"@type":"ImageObject","inLanguage":"pt-BR","@id":"https:\/\/secure.gravatar.com\/avatar\/40ea3c769299f1a8cf27f1763fd967425b67870e213668ed09cbc95da7547dfe?s=96&d=mm&r=g","url":"https:\/\/secure.gravatar.com\/avatar\/40ea3c769299f1a8cf27f1763fd967425b67870e213668ed09cbc95da7547dfe?s=96&d=mm&r=g","contentUrl":"https:\/\/secure.gravatar.com\/avatar\/40ea3c769299f1a8cf27f1763fd967425b67870e213668ed09cbc95da7547dfe?s=96&d=mm&r=g","caption":"Bruno Bezerra"},"url":"https:\/\/www.estrategiaconcursos.com.br\/blog\/author\/antbrunobezerrayahoo-com-br\/"}]}},"_links":{"self":[{"href":"https:\/\/www.estrategiaconcursos.com.br\/blog\/wp-json\/wp\/v2\/posts\/862954","targetHints":{"allow":["GET"]}}],"collection":[{"href":"https:\/\/www.estrategiaconcursos.com.br\/blog\/wp-json\/wp\/v2\/posts"}],"about":[{"href":"https:\/\/www.estrategiaconcursos.com.br\/blog\/wp-json\/wp\/v2\/types\/post"}],"author":[{"embeddable":true,"href":"https:\/\/www.estrategiaconcursos.com.br\/blog\/wp-json\/wp\/v2\/users\/1906"}],"replies":[{"embeddable":true,"href":"https:\/\/www.estrategiaconcursos.com.br\/blog\/wp-json\/wp\/v2\/comments?post=862954"}],"version-history":[{"count":6,"href":"https:\/\/www.estrategiaconcursos.com.br\/blog\/wp-json\/wp\/v2\/posts\/862954\/revisions"}],"predecessor-version":[{"id":1148844,"href":"https:\/\/www.estrategiaconcursos.com.br\/blog\/wp-json\/wp\/v2\/posts\/862954\/revisions\/1148844"}],"wp:featuredmedia":[{"embeddable":true,"href":"https:\/\/www.estrategiaconcursos.com.br\/blog\/wp-json\/wp\/v2\/media\/862958"}],"wp:attachment":[{"href":"https:\/\/www.estrategiaconcursos.com.br\/blog\/wp-json\/wp\/v2\/media?parent=862954"}],"wp:term":[{"taxonomy":"category","embeddable":true,"href":"https:\/\/www.estrategiaconcursos.com.br\/blog\/wp-json\/wp\/v2\/categories?post=862954"},{"taxonomy":"post_tag","embeddable":true,"href":"https:\/\/www.estrategiaconcursos.com.br\/blog\/wp-json\/wp\/v2\/tags?post=862954"},{"taxonomy":"tax_estado","embeddable":true,"href":"https:\/\/www.estrategiaconcursos.com.br\/blog\/wp-json\/wp\/v2\/tax_estado?post=862954"}],"curies":[{"name":"wp","href":"https:\/\/api.w.org\/{rel}","templated":true}]}}