{"id":862690,"date":"2021-09-17T15:02:00","date_gmt":"2021-09-17T18:02:00","guid":{"rendered":"https:\/\/www.estrategiaconcursos.com.br\/blog\/?p=862690"},"modified":"2021-10-19T08:30:06","modified_gmt":"2021-10-19T11:30:06","slug":"edital-ufmg-2021","status":"publish","type":"post","link":"https:\/\/www.estrategiaconcursos.com.br\/blog\/edital-ufmg-2021\/","title":{"rendered":"Edital UFMG: inscri\u00e7\u00f5es encerradas! 15 vagas para m\u00e9dio e superior"},"content":{"rendered":"\n<p><strong>Est\u00e3o encerradas as inscri\u00e7\u00f5es do concurso UFMG.<\/strong>&nbsp;A realiza\u00e7\u00e3o das provas est\u00e1 prevista para 14 de novembro de 2021.<\/p>\n\n\n\n<ul id=\"block-ee678516-e9d1-48bd-b327-7b9acd55f0fd\" class=\"has-very-light-gray-to-cyan-bluish-gray-gradient-background has-background wp-block-list\"><li><strong>Concurso UFMG<\/strong><\/li><li><strong>Status:<\/strong>&nbsp;inscri\u00e7\u00f5es encerradas<\/li><li><strong>Banca:&nbsp;<\/strong>Copeve\/UFMG<\/li><li><strong>Vagas:&nbsp;<\/strong>15<\/li><li><strong>Sal\u00e1rio inicial:<\/strong>&nbsp;R$ 2.446,96 a R$ 4.180,66<\/li><li><a href=\"https:\/\/dhg1h5j42swfq.cloudfront.net\/2021\/09\/16145406\/edital-no-1410-de-13-de-setembro-de-2021-edital-no-1410-de-13-de-setembro-de-2021-dou-imprensa-nacional.pdf\" target=\"_blank\" rel=\"noreferrer noopener\">Edital UFMG<\/a><\/li><\/ul>\n\n\n\n<p>A universidade Federal de Minas Geral oferta de&nbsp;<strong>15 vagas<\/strong>&nbsp;para&nbsp;<strong>T\u00e9cnico-Administrativo em Educa\u00e7\u00e3o<\/strong>, para diversas forma\u00e7\u00f5es, com carga hor\u00e1ria de 20h e 40h e remunera\u00e7\u00f5es que variam entre R$2.446,96 e R$ 4.180,66.<\/p>\n\n\n\n<h2 class=\"wp-block-heading\" id=\"atual\">Edital UFMG: Situa\u00e7\u00e3o atual<\/h2>\n\n\n\n<p class=\"has-cyan-bluish-gray-background-color has-background\"><strong>Inscri\u00e7\u00f5es:<\/strong> <s>01 a 18\/10\/2021<\/s><br \/><strong>Taxa: <\/strong>n\u00edvel m\u00e9dio R$ 90,00 \/ n\u00edvel superior R$ 135,00<br \/><strong>Prova: <\/strong>14\/11\/2021<\/p>\n\n\n\n<h2 class=\"wp-block-heading\" id=\"carreira\">Edital UFMG : Carreira<\/h2>\n\n\n\n<h3 class=\"wp-block-heading\" id=\"cargo\">Cargos e Vagas<\/h3>\n\n\n\n<h4 class=\"wp-block-heading\">N\u00edvel M\u00e9dio (Classifica\u00e7\u00e3o &#8220;D&#8221;)<\/h4>\n\n\n\n<figure class=\"wp-block-table is-style-stripes\"><table class=\"has-background has-fixed-layout\" style=\"background-color:#e9fbe5\"><tbody><tr><td><strong>CARGO<\/strong><\/td><td><strong> <\/strong><strong>VAGAS<\/strong> <\/td><td> <strong>REQUISITOS<\/strong> <\/td><td> <strong>REMUNERA\u00c7\u00c3O<\/strong> <\/td><td><strong>JORNADA<\/strong><\/td><\/tr><tr><td>Assistente em Administra\u00e7\u00e3o<\/td><td>5<\/td><td>M\u00e9dio Profissionalizante ou M\u00e9dio completo<\/td><td>R$ 2.446,96<\/td><td>40 horas<\/td><\/tr><tr><td>T\u00e9cnico em Tecnologia da Informa\u00e7\u00e3o<\/td><td>6<\/td><td>M\u00e9dio Profissionalizante; ou M\u00e9dio completo + curso t\u00e9cnico em eletr\u00f4nica com \u00eanfase em sistemas computacionais; ou forma\u00e7\u00e3o superior a fim com abrang\u00eancia suficiente para abarcar todos os conhecimentos exig\u00edveis para o cargo.<\/td><td> R$ 2.446,96 <\/td><td> 40 horas <\/td><\/tr><\/tbody><\/table><\/figure>\n\n\n\n<h4 class=\"wp-block-heading\">N\u00edvel Superior (Classifica\u00e7\u00e3o &#8220;E&#8221;)<\/h4>\n\n\n\n<figure class=\"wp-block-table is-style-stripes\"><table class=\"has-background has-fixed-layout\" style=\"background-color:#fcf0ef\"><tbody><tr><td><strong>CARGO<\/strong><\/td><td><strong>VAGAS<\/strong><\/td><td><strong>REQUISITOS<\/strong><\/td><td><strong>REMUNERA\u00c7\u00c3O<\/strong><\/td><td><strong>JORNADA<\/strong><\/td><\/tr><tr><td>Arque\u00f3logo<\/td><td>1<\/td><td>Curso superior em Arqueologia e registro no \u00f3rg\u00e3o competente.<\/td><td>R$ 4.180,66<\/td><td>40 horas<\/td><\/tr><tr><td>Bibliotec\u00e1rio-Documentalista<\/td><td>2<\/td><td>Curso superior em Biblioteconomia e registro no \u00f3rg\u00e3o competente.<\/td><td>R$ 4.180,66<\/td><td>40 horas<\/td><\/tr><tr><td>M\u00e9dico-\u00c1rea Cl\u00ednica M\u00e9dica<\/td><td>1<\/td><td>Curso superior em Medicina com resid\u00eancia m\u00e9dica em Cl\u00ednica M\u00e9dica credenciada pelo MEC ou t\u00edtulo de especialista na \u00e1rea, conferido pelo Conselho Federal ou Regional de Medicina, ou sociedade espec\u00edfica da \u00e1rea e registro no conselho competente<\/td><td>R$ 4.180,66<\/td><td>20 horas<\/td><\/tr><\/tbody><\/table><\/figure>\n\n\n\n<h3 class=\"wp-block-heading\" id=\"salario\">Sal\u00e1rios e Benef\u00edcios <\/h3>\n\n\n\n<p>Os sal\u00e1rios iniciais v\u00e3o de R$ 2.446,96 a R$ 4.180,66. Al\u00e9m desses valores, o novo profissional perceber\u00e1 aux\u00edlio-alimenta\u00e7\u00e3o no valor em vigor de R$458,00 (quatrocentos e cinquenta e oito reais), podendo ser acrescido de vantagens, benef\u00edcios e adicionais previstos na legisla\u00e7\u00e3o.<\/p>\n\n\n\n<h2 class=\"wp-block-heading\" id=\"prova\">Edital UFMG : Etapas de provas<\/h2>\n\n\n\n<p>O Concurso ser\u00e1 realizado em etapa \u00fanica por meio da aplica\u00e7\u00e3o de uma prova objetiva, com dura\u00e7\u00e3o de 3 horas.<\/p>\n\n\n\n<p>A Prova ser\u00e1 composta de 45 quest\u00f5es de m\u00faltipla escolha, com 4 alternativas e apenas uma resposta a ser assinalada. O candidato far\u00e1 a prova de acordo com o grau de escolaridade exigido para o cargo escolhido Cada quest\u00e3o valer\u00e1 1 ponto. <\/p>\n\n\n\n<figure class=\"wp-block-table is-style-stripes\"><table class=\"has-fixed-layout\"><tbody><tr><td><strong>Assuntos<\/strong><\/td><td><strong>N\u00famero de quest\u00f5es<\/strong><\/td><\/tr><tr><td>L\u00edngua Portuguesa<\/td><td>11<\/td><\/tr><tr><td>Legisla\u00e7\u00e3o<\/td><td>4<\/td><\/tr><tr><td>Conhecimentos Espec\u00edficos de cada cargo<\/td><td>30<\/td><\/tr><\/tbody><\/table><\/figure>\n\n\n\n<p>O resultado da Prova ser\u00e1 a soma dos pontos obtidos em todas as quest\u00f5es. Para cada quest\u00e3o acertada ser\u00e1 atribu\u00eddo 1 ponto e para cada quest\u00e3o errada ser\u00e1 atribu\u00eddo 0  ponto. A pontua\u00e7\u00e3o m\u00ednima necess\u00e1ria para a habilita\u00e7\u00e3o \u00e9 de 23 pontos. <\/p>\n\n\n\n<p>A nota final dos candidatos ser\u00e1 igual ao total de pontos obtidos na Prova Objetiva.<\/p>\n\n\n\n<p>Ser\u00e1 <span style=\"text-decoration: underline;\">eliminado<\/span> deste Concurso o candidato que:<\/p>\n\n\n\n<p>a) <strong>n\u00e3o obtiver<\/strong>, no m\u00ednimo, <strong>23 pontos na prova objetiva<\/strong>;<\/p>\n\n\n\n<p>b) <strong>obtiver nota zero<\/strong> no total de quest\u00f5es de <strong>L\u00edngua Portuguesa<\/strong>;<\/p>\n\n\n\n<p>c) <strong>obtiver nota zero<\/strong> no total de quest\u00f5es de <strong>Conhecimentos Espec\u00edficos<\/strong>.<\/p>\n\n\n\n<h2 class=\"has-text-align-center wp-block-heading\" id=\"h-quer-saber-tudo-sobre-concursos-previstos-confira-nossos-artigos\">Quer saber tudo sobre concursos previstos?<br \/>Confira nossos artigos!<\/h2>\n\n\n\n<ul class=\"wp-block-list\"><li><a href=\"https:\/\/www.estrategiaconcursos.com.br\/blog\/concursos-abertos\/\" target=\"_blank\" rel=\"noreferrer noopener\">Concursos abertos<\/a><\/li><li><a href=\"https:\/\/www.estrategiaconcursos.com.br\/blog\/concursos-2021\/\" target=\"_blank\" rel=\"noreferrer noopener\">Concursos 2021<\/a><\/li><li><a href=\"https:\/\/www.estrategiaconcursos.com.br\/blog\/concursos-2022\/\" target=\"_blank\" rel=\"noreferrer noopener\">Concursos 2022<\/a><\/li><\/ul>\n\n\n\n<h2 class=\"has-text-align-center wp-block-heading\" id=\"CURSO\">CURSOS E ASSINATURAS<\/h2>\n\n\n\n<div class=\"col-sm\">\n      <div class=\"banner-estrategia\" id=\"box-assinatura\">\n        <h3 class=\"titulo-assinatura\">Cursos para UFMG<\/h3>\n        <p class=\"subtitulo-assinatura\">Conhe\u00e7a os cursos<\/p>\n        <div class=\"box-botao\">\n          <a class=\"btn-assinatura\" target=\"_blank\" href=\"https:\/\/www.estrategiaconcursos.com.br\/cursosPorConcurso\/universidade-federal-de-minas-gerais-ufmg\/\" role=\"button\" rel=\"noopener noreferrer\">Conhe\u00e7a mais<\/a>\n        <\/div>\n      <\/div>\n      <p class=\"texto-auxiliar\">Prepare-se com o melhor material e com quem mais aprova em Concursos P\u00fablicos em todo o pa\u00eds.<\/p>\n    <\/div>\n\n\n\n<div class=\"container\" id=\"boxes\">\n  <div class=\"row\">\n\n    <div class=\"col-sm\">\n      <div class=\"estrategia\" id=\"box-assinatura\">\n        <h3 class=\"titulo-assinatura\">Assinatura de Concursos<\/h3>\n        <p class=\"subtitulo-assinatura\">Assinatura de 1 ano ou 2 anos<\/p>\n        <div class=\"box-botao\">\n          <a class=\"btn-assinatura\" target=\"_blank\" href=\"https:\/\/www.estrategiaconcursos.com.br\/assinaturas\/\" role=\"button\" rel=\"noopener noreferrer\">ASSINE AGORA<\/a>\n        <\/div>\n      <\/div>\n     \n    <\/div><\/div><\/div>\n\n\n\n<figure class=\"wp-block-image size-full is-resized\"><img loading=\"lazy\" decoding=\"async\" src=\"https:\/\/dhg1h5j42swfq.cloudfront.net\/2021\/04\/30154833\/ficha-tecnica-1-1024x632-1-20.png\" alt=\"\" class=\"wp-image-728312\" width=\"176\" height=\"108\" srcset=\"https:\/\/dhg1h5j42swfq.cloudfront.net\/2021\/04\/30154833\/ficha-tecnica-1-1024x632-1-20.png 1024w, https:\/\/dhg1h5j42swfq.cloudfront.net\/2021\/04\/30154833\/ficha-tecnica-1-1024x632-1-20-300x185.png 300w, https:\/\/dhg1h5j42swfq.cloudfront.net\/2021\/04\/30154833\/ficha-tecnica-1-1024x632-1-20-768x474.png 768w, https:\/\/dhg1h5j42swfq.cloudfront.net\/2021\/04\/30154833\/ficha-tecnica-1-1024x632-1-20-610x376.png 610w\" sizes=\"auto, (max-width: 176px) 100vw, 176px\" \/><\/figure>\n\n\n\n<h4 class=\"wp-block-heading\" id=\"ficha\">Informa\u00e7\u00f5es do edital UFMG<\/h4>\n\n\n\n<p>\u25ba<strong>Data:<\/strong>\u00a0<s>01 a 18\/10\/2021<\/s><br \/>\u25ba<strong>Banca:<\/strong>\u00a0UFMG<br \/>\u25ba<strong>Vagas:<\/strong> 15<br \/>\u25ba<strong>Escolaridade:<\/strong>\u00a0N\u00edvel m\u00e9dio e superior <br \/>\u25ba<strong>Edital:<\/strong> <a href=\"https:\/\/dhg1h5j42swfq.cloudfront.net\/2021\/09\/16145406\/edital-no-1410-de-13-de-setembro-de-2021-edital-no-1410-de-13-de-setembro-de-2021-dou-imprensa-nacional.pdf\" target=\"_blank\" rel=\"noreferrer noopener nofollow\">Edital 2021<\/a><\/p>\n","protected":false},"excerpt":{"rendered":"<p>Est\u00e3o encerradas as inscri\u00e7\u00f5es do concurso UFMG.&nbsp;A realiza\u00e7\u00e3o das provas est\u00e1 prevista para 14 de novembro de 2021. Concurso UFMG Status:&nbsp;inscri\u00e7\u00f5es encerradas Banca:&nbsp;Copeve\/UFMG Vagas:&nbsp;15 Sal\u00e1rio inicial:&nbsp;R$ 2.446,96 a R$ 4.180,66 Edital UFMG A universidade Federal de Minas Geral oferta de&nbsp;15 vagas&nbsp;para&nbsp;T\u00e9cnico-Administrativo em Educa\u00e7\u00e3o, para diversas forma\u00e7\u00f5es, com carga hor\u00e1ria de 20h e 40h e remunera\u00e7\u00f5es [&hellip;]<\/p>\n","protected":false},"author":1482,"featured_media":872588,"comment_status":"open","ping_status":"closed","sticky":false,"template":"","format":"standard","meta":{"post_tipo":"news","footnotes":""},"categories":[3766],"tags":[],"tax_estado":[219974],"class_list":["post-862690","post","type-post","status-publish","format-standard","has-post-thumbnail","hentry","category-educacional","tax_estado-mg"],"acf":[],"yoast_head":"<!-- This site is optimized with the Yoast SEO Premium plugin v27.2 (Yoast SEO v27.2) - https:\/\/yoast.com\/product\/yoast-seo-premium-wordpress\/ -->\n<title>Edital UFMG: inscri\u00e7\u00f5es encerradas! 15 vagas para m\u00e9dio e superior<\/title>\n<meta name=\"description\" content=\"Edital UFMG: inscri\u00e7\u00f5es encerradas! S\u00e3o ofertadas 15 vagas diretas para cargos t\u00e9cnico-administrativos de n\u00edveis m\u00e9dio e superior. Saiba mais!\" \/>\n<meta name=\"robots\" content=\"index, follow, max-snippet:-1, max-image-preview:large, max-video-preview:-1\" \/>\n<link rel=\"canonical\" href=\"https:\/\/www.estrategiaconcursos.com.br\/blog\/edital-ufmg-2021\/\" \/>\n<meta property=\"og:locale\" content=\"pt_BR\" \/>\n<meta property=\"og:type\" content=\"article\" \/>\n<meta property=\"og:title\" content=\"Edital UFMG: inscri\u00e7\u00f5es encerradas! 15 vagas para m\u00e9dio e superior\" \/>\n<meta property=\"og:description\" content=\"Edital UFMG: inscri\u00e7\u00f5es encerradas! S\u00e3o ofertadas 15 vagas diretas para cargos t\u00e9cnico-administrativos de n\u00edveis m\u00e9dio e superior. Saiba mais!\" \/>\n<meta property=\"og:url\" content=\"https:\/\/www.estrategiaconcursos.com.br\/blog\/edital-ufmg-2021\/\" \/>\n<meta property=\"og:site_name\" content=\"Estrat\u00e9gia Concursos\" \/>\n<meta property=\"article:published_time\" content=\"2021-09-17T18:02:00+00:00\" \/>\n<meta property=\"article:modified_time\" content=\"2021-10-19T11:30:06+00:00\" \/>\n<meta property=\"og:image\" content=\"https:\/\/dhg1h5j42swfq.cloudfront.net\/2021\/09\/28170607\/ufmg.jpeg\" \/>\n\t<meta property=\"og:image:width\" content=\"768\" \/>\n\t<meta property=\"og:image:height\" content=\"432\" \/>\n\t<meta property=\"og:image:type\" content=\"image\/jpeg\" \/>\n<meta name=\"author\" content=\"Diego Cerqueira\" \/>\n<meta name=\"twitter:card\" content=\"summary_large_image\" \/>\n<meta name=\"twitter:creator\" content=\"@EstratConcursos\" \/>\n<meta name=\"twitter:site\" content=\"@EstratConcursos\" \/>\n<meta name=\"twitter:label1\" content=\"Escrito por\" \/>\n\t<meta name=\"twitter:data1\" content=\"Diego Cerqueira\" \/>\n\t<meta name=\"twitter:label2\" content=\"Est. tempo de leitura\" \/>\n\t<meta name=\"twitter:data2\" content=\"3 minutos\" \/>\n<script type=\"application\/ld+json\" class=\"yoast-schema-graph\">{\"@context\":\"https:\/\/schema.org\",\"@graph\":[{\"@type\":\"NewsArticle\",\"@id\":\"https:\/\/www.estrategiaconcursos.com.br\/blog\/edital-ufmg-2021\/#article\",\"isPartOf\":{\"@id\":\"https:\/\/www.estrategiaconcursos.com.br\/blog\/edital-ufmg-2021\/\"},\"author\":{\"name\":\"Diego Cerqueira\",\"@id\":\"https:\/\/www.estrategiaconcursos.com.br\/blog\/#\/schema\/person\/dd9f6d98671a3ac63bf25b40baf6f2e2\"},\"headline\":\"Edital UFMG: inscri\u00e7\u00f5es encerradas! 15 vagas para m\u00e9dio e superior\",\"datePublished\":\"2021-09-17T18:02:00+00:00\",\"dateModified\":\"2021-10-19T11:30:06+00:00\",\"mainEntityOfPage\":{\"@id\":\"https:\/\/www.estrategiaconcursos.com.br\/blog\/edital-ufmg-2021\/\"},\"wordCount\":599,\"commentCount\":0,\"publisher\":{\"@id\":\"https:\/\/www.estrategiaconcursos.com.br\/blog\/#organization\"},\"image\":{\"@id\":\"https:\/\/www.estrategiaconcursos.com.br\/blog\/edital-ufmg-2021\/#primaryimage\"},\"thumbnailUrl\":\"https:\/\/dhg1h5j42swfq.cloudfront.net\/2021\/09\/28170607\/ufmg.jpeg\",\"articleSection\":[\"Educa\u00e7\u00e3o\"],\"inLanguage\":\"pt-BR\",\"potentialAction\":[{\"@type\":\"CommentAction\",\"name\":\"Comment\",\"target\":[\"https:\/\/www.estrategiaconcursos.com.br\/blog\/edital-ufmg-2021\/#respond\"]}],\"copyrightYear\":\"2021\",\"copyrightHolder\":{\"@id\":\"https:\/\/www.estrategiaconcursos.com.br\/blog\/#organization\"}},{\"@type\":\"WebPage\",\"@id\":\"https:\/\/www.estrategiaconcursos.com.br\/blog\/edital-ufmg-2021\/\",\"url\":\"https:\/\/www.estrategiaconcursos.com.br\/blog\/edital-ufmg-2021\/\",\"name\":\"Edital UFMG: inscri\u00e7\u00f5es encerradas! 15 vagas para m\u00e9dio e superior\",\"isPartOf\":{\"@id\":\"https:\/\/www.estrategiaconcursos.com.br\/blog\/#website\"},\"primaryImageOfPage\":{\"@id\":\"https:\/\/www.estrategiaconcursos.com.br\/blog\/edital-ufmg-2021\/#primaryimage\"},\"image\":{\"@id\":\"https:\/\/www.estrategiaconcursos.com.br\/blog\/edital-ufmg-2021\/#primaryimage\"},\"thumbnailUrl\":\"https:\/\/dhg1h5j42swfq.cloudfront.net\/2021\/09\/28170607\/ufmg.jpeg\",\"datePublished\":\"2021-09-17T18:02:00+00:00\",\"dateModified\":\"2021-10-19T11:30:06+00:00\",\"description\":\"Edital UFMG: inscri\u00e7\u00f5es encerradas! S\u00e3o ofertadas 15 vagas diretas para cargos t\u00e9cnico-administrativos de n\u00edveis m\u00e9dio e superior. Saiba mais!\",\"breadcrumb\":{\"@id\":\"https:\/\/www.estrategiaconcursos.com.br\/blog\/edital-ufmg-2021\/#breadcrumb\"},\"inLanguage\":\"pt-BR\",\"potentialAction\":[{\"@type\":\"ReadAction\",\"target\":[\"https:\/\/www.estrategiaconcursos.com.br\/blog\/edital-ufmg-2021\/\"]}]},{\"@type\":\"ImageObject\",\"inLanguage\":\"pt-BR\",\"@id\":\"https:\/\/www.estrategiaconcursos.com.br\/blog\/edital-ufmg-2021\/#primaryimage\",\"url\":\"https:\/\/dhg1h5j42swfq.cloudfront.net\/2021\/09\/28170607\/ufmg.jpeg\",\"contentUrl\":\"https:\/\/dhg1h5j42swfq.cloudfront.net\/2021\/09\/28170607\/ufmg.jpeg\",\"width\":768,\"height\":432},{\"@type\":\"BreadcrumbList\",\"@id\":\"https:\/\/www.estrategiaconcursos.com.br\/blog\/edital-ufmg-2021\/#breadcrumb\",\"itemListElement\":[{\"@type\":\"ListItem\",\"position\":1,\"name\":\"In\u00edcio\",\"item\":\"https:\/\/www.estrategiaconcursos.com.br\/blog\/\"},{\"@type\":\"ListItem\",\"position\":2,\"name\":\"Edital UFMG: inscri\u00e7\u00f5es encerradas! 15 vagas para m\u00e9dio e superior\"}]},{\"@type\":\"WebSite\",\"@id\":\"https:\/\/www.estrategiaconcursos.com.br\/blog\/#website\",\"url\":\"https:\/\/www.estrategiaconcursos.com.br\/blog\/\",\"name\":\"Estrat\u00e9gia Concursos\",\"description\":\"O blog da Estrat\u00e9gia Concursos traz not\u00edcias sobre concursos e artigos de professores oferecendo cursos para concursos (pdf + videaulas) no site.\",\"publisher\":{\"@id\":\"https:\/\/www.estrategiaconcursos.com.br\/blog\/#organization\"},\"potentialAction\":[{\"@type\":\"SearchAction\",\"target\":{\"@type\":\"EntryPoint\",\"urlTemplate\":\"https:\/\/www.estrategiaconcursos.com.br\/blog\/?s={search_term_string}\"},\"query-input\":{\"@type\":\"PropertyValueSpecification\",\"valueRequired\":true,\"valueName\":\"search_term_string\"}}],\"inLanguage\":\"pt-BR\"},{\"@type\":\"Organization\",\"@id\":\"https:\/\/www.estrategiaconcursos.com.br\/blog\/#organization\",\"name\":\"Estrat\u00e9gia Concursos\",\"url\":\"https:\/\/www.estrategiaconcursos.com.br\/blog\/\",\"logo\":{\"@type\":\"ImageObject\",\"inLanguage\":\"pt-BR\",\"@id\":\"https:\/\/www.estrategiaconcursos.com.br\/blog\/#\/schema\/logo\/image\/\",\"url\":\"https:\/\/dhg1h5j42swfq.cloudfront.net\/2025\/06\/03203428\/logo_concursos-1.jpg\",\"contentUrl\":\"https:\/\/dhg1h5j42swfq.cloudfront.net\/2025\/06\/03203428\/logo_concursos-1.jpg\",\"width\":230,\"height\":60,\"caption\":\"Estrat\u00e9gia Concursos\"},\"image\":{\"@id\":\"https:\/\/www.estrategiaconcursos.com.br\/blog\/#\/schema\/logo\/image\/\"},\"sameAs\":[\"https:\/\/x.com\/EstratConcursos\"]},{\"@type\":\"Person\",\"@id\":\"https:\/\/www.estrategiaconcursos.com.br\/blog\/#\/schema\/person\/dd9f6d98671a3ac63bf25b40baf6f2e2\",\"name\":\"Diego Cerqueira\",\"image\":{\"@type\":\"ImageObject\",\"inLanguage\":\"pt-BR\",\"@id\":\"https:\/\/secure.gravatar.com\/avatar\/93f5bbe4c5469a613830caa67379a40ab60d82fa495e4fbb9e4039bce737c0cc?s=96&d=mm&r=g\",\"url\":\"https:\/\/secure.gravatar.com\/avatar\/93f5bbe4c5469a613830caa67379a40ab60d82fa495e4fbb9e4039bce737c0cc?s=96&d=mm&r=g\",\"contentUrl\":\"https:\/\/secure.gravatar.com\/avatar\/93f5bbe4c5469a613830caa67379a40ab60d82fa495e4fbb9e4039bce737c0cc?s=96&d=mm&r=g\",\"caption\":\"Diego Cerqueira\"},\"url\":\"https:\/\/www.estrategiaconcursos.com.br\/blog\/author\/diegocerqueiraestrategiaconcursos-com-br-2\/\"}]}<\/script>\n<!-- \/ Yoast SEO Premium plugin. -->","yoast_head_json":{"title":"Edital UFMG: inscri\u00e7\u00f5es encerradas! 15 vagas para m\u00e9dio e superior","description":"Edital UFMG: inscri\u00e7\u00f5es encerradas! S\u00e3o ofertadas 15 vagas diretas para cargos t\u00e9cnico-administrativos de n\u00edveis m\u00e9dio e superior. Saiba mais!","robots":{"index":"index","follow":"follow","max-snippet":"max-snippet:-1","max-image-preview":"max-image-preview:large","max-video-preview":"max-video-preview:-1"},"canonical":"https:\/\/www.estrategiaconcursos.com.br\/blog\/edital-ufmg-2021\/","og_locale":"pt_BR","og_type":"article","og_title":"Edital UFMG: inscri\u00e7\u00f5es encerradas! 15 vagas para m\u00e9dio e superior","og_description":"Edital UFMG: inscri\u00e7\u00f5es encerradas! S\u00e3o ofertadas 15 vagas diretas para cargos t\u00e9cnico-administrativos de n\u00edveis m\u00e9dio e superior. Saiba mais!","og_url":"https:\/\/www.estrategiaconcursos.com.br\/blog\/edital-ufmg-2021\/","og_site_name":"Estrat\u00e9gia Concursos","article_published_time":"2021-09-17T18:02:00+00:00","article_modified_time":"2021-10-19T11:30:06+00:00","og_image":[{"width":768,"height":432,"url":"https:\/\/dhg1h5j42swfq.cloudfront.net\/2021\/09\/28170607\/ufmg.jpeg","type":"image\/jpeg"}],"author":"Diego Cerqueira","twitter_card":"summary_large_image","twitter_creator":"@EstratConcursos","twitter_site":"@EstratConcursos","twitter_misc":{"Escrito por":"Diego Cerqueira","Est. tempo de leitura":"3 minutos"},"schema":{"@context":"https:\/\/schema.org","@graph":[{"@type":"NewsArticle","@id":"https:\/\/www.estrategiaconcursos.com.br\/blog\/edital-ufmg-2021\/#article","isPartOf":{"@id":"https:\/\/www.estrategiaconcursos.com.br\/blog\/edital-ufmg-2021\/"},"author":{"name":"Diego Cerqueira","@id":"https:\/\/www.estrategiaconcursos.com.br\/blog\/#\/schema\/person\/dd9f6d98671a3ac63bf25b40baf6f2e2"},"headline":"Edital UFMG: inscri\u00e7\u00f5es encerradas! 15 vagas para m\u00e9dio e superior","datePublished":"2021-09-17T18:02:00+00:00","dateModified":"2021-10-19T11:30:06+00:00","mainEntityOfPage":{"@id":"https:\/\/www.estrategiaconcursos.com.br\/blog\/edital-ufmg-2021\/"},"wordCount":599,"commentCount":0,"publisher":{"@id":"https:\/\/www.estrategiaconcursos.com.br\/blog\/#organization"},"image":{"@id":"https:\/\/www.estrategiaconcursos.com.br\/blog\/edital-ufmg-2021\/#primaryimage"},"thumbnailUrl":"https:\/\/dhg1h5j42swfq.cloudfront.net\/2021\/09\/28170607\/ufmg.jpeg","articleSection":["Educa\u00e7\u00e3o"],"inLanguage":"pt-BR","potentialAction":[{"@type":"CommentAction","name":"Comment","target":["https:\/\/www.estrategiaconcursos.com.br\/blog\/edital-ufmg-2021\/#respond"]}],"copyrightYear":"2021","copyrightHolder":{"@id":"https:\/\/www.estrategiaconcursos.com.br\/blog\/#organization"}},{"@type":"WebPage","@id":"https:\/\/www.estrategiaconcursos.com.br\/blog\/edital-ufmg-2021\/","url":"https:\/\/www.estrategiaconcursos.com.br\/blog\/edital-ufmg-2021\/","name":"Edital UFMG: inscri\u00e7\u00f5es encerradas! 15 vagas para m\u00e9dio e superior","isPartOf":{"@id":"https:\/\/www.estrategiaconcursos.com.br\/blog\/#website"},"primaryImageOfPage":{"@id":"https:\/\/www.estrategiaconcursos.com.br\/blog\/edital-ufmg-2021\/#primaryimage"},"image":{"@id":"https:\/\/www.estrategiaconcursos.com.br\/blog\/edital-ufmg-2021\/#primaryimage"},"thumbnailUrl":"https:\/\/dhg1h5j42swfq.cloudfront.net\/2021\/09\/28170607\/ufmg.jpeg","datePublished":"2021-09-17T18:02:00+00:00","dateModified":"2021-10-19T11:30:06+00:00","description":"Edital UFMG: inscri\u00e7\u00f5es encerradas! S\u00e3o ofertadas 15 vagas diretas para cargos t\u00e9cnico-administrativos de n\u00edveis m\u00e9dio e superior. Saiba mais!","breadcrumb":{"@id":"https:\/\/www.estrategiaconcursos.com.br\/blog\/edital-ufmg-2021\/#breadcrumb"},"inLanguage":"pt-BR","potentialAction":[{"@type":"ReadAction","target":["https:\/\/www.estrategiaconcursos.com.br\/blog\/edital-ufmg-2021\/"]}]},{"@type":"ImageObject","inLanguage":"pt-BR","@id":"https:\/\/www.estrategiaconcursos.com.br\/blog\/edital-ufmg-2021\/#primaryimage","url":"https:\/\/dhg1h5j42swfq.cloudfront.net\/2021\/09\/28170607\/ufmg.jpeg","contentUrl":"https:\/\/dhg1h5j42swfq.cloudfront.net\/2021\/09\/28170607\/ufmg.jpeg","width":768,"height":432},{"@type":"BreadcrumbList","@id":"https:\/\/www.estrategiaconcursos.com.br\/blog\/edital-ufmg-2021\/#breadcrumb","itemListElement":[{"@type":"ListItem","position":1,"name":"In\u00edcio","item":"https:\/\/www.estrategiaconcursos.com.br\/blog\/"},{"@type":"ListItem","position":2,"name":"Edital UFMG: inscri\u00e7\u00f5es encerradas! 15 vagas para m\u00e9dio e superior"}]},{"@type":"WebSite","@id":"https:\/\/www.estrategiaconcursos.com.br\/blog\/#website","url":"https:\/\/www.estrategiaconcursos.com.br\/blog\/","name":"Estrat\u00e9gia Concursos","description":"O blog da Estrat\u00e9gia Concursos traz not\u00edcias sobre concursos e artigos de professores oferecendo cursos para concursos (pdf + videaulas) no site.","publisher":{"@id":"https:\/\/www.estrategiaconcursos.com.br\/blog\/#organization"},"potentialAction":[{"@type":"SearchAction","target":{"@type":"EntryPoint","urlTemplate":"https:\/\/www.estrategiaconcursos.com.br\/blog\/?s={search_term_string}"},"query-input":{"@type":"PropertyValueSpecification","valueRequired":true,"valueName":"search_term_string"}}],"inLanguage":"pt-BR"},{"@type":"Organization","@id":"https:\/\/www.estrategiaconcursos.com.br\/blog\/#organization","name":"Estrat\u00e9gia Concursos","url":"https:\/\/www.estrategiaconcursos.com.br\/blog\/","logo":{"@type":"ImageObject","inLanguage":"pt-BR","@id":"https:\/\/www.estrategiaconcursos.com.br\/blog\/#\/schema\/logo\/image\/","url":"https:\/\/dhg1h5j42swfq.cloudfront.net\/2025\/06\/03203428\/logo_concursos-1.jpg","contentUrl":"https:\/\/dhg1h5j42swfq.cloudfront.net\/2025\/06\/03203428\/logo_concursos-1.jpg","width":230,"height":60,"caption":"Estrat\u00e9gia Concursos"},"image":{"@id":"https:\/\/www.estrategiaconcursos.com.br\/blog\/#\/schema\/logo\/image\/"},"sameAs":["https:\/\/x.com\/EstratConcursos"]},{"@type":"Person","@id":"https:\/\/www.estrategiaconcursos.com.br\/blog\/#\/schema\/person\/dd9f6d98671a3ac63bf25b40baf6f2e2","name":"Diego Cerqueira","image":{"@type":"ImageObject","inLanguage":"pt-BR","@id":"https:\/\/secure.gravatar.com\/avatar\/93f5bbe4c5469a613830caa67379a40ab60d82fa495e4fbb9e4039bce737c0cc?s=96&d=mm&r=g","url":"https:\/\/secure.gravatar.com\/avatar\/93f5bbe4c5469a613830caa67379a40ab60d82fa495e4fbb9e4039bce737c0cc?s=96&d=mm&r=g","contentUrl":"https:\/\/secure.gravatar.com\/avatar\/93f5bbe4c5469a613830caa67379a40ab60d82fa495e4fbb9e4039bce737c0cc?s=96&d=mm&r=g","caption":"Diego Cerqueira"},"url":"https:\/\/www.estrategiaconcursos.com.br\/blog\/author\/diegocerqueiraestrategiaconcursos-com-br-2\/"}]}},"_links":{"self":[{"href":"https:\/\/www.estrategiaconcursos.com.br\/blog\/wp-json\/wp\/v2\/posts\/862690","targetHints":{"allow":["GET"]}}],"collection":[{"href":"https:\/\/www.estrategiaconcursos.com.br\/blog\/wp-json\/wp\/v2\/posts"}],"about":[{"href":"https:\/\/www.estrategiaconcursos.com.br\/blog\/wp-json\/wp\/v2\/types\/post"}],"author":[{"embeddable":true,"href":"https:\/\/www.estrategiaconcursos.com.br\/blog\/wp-json\/wp\/v2\/users\/1482"}],"replies":[{"embeddable":true,"href":"https:\/\/www.estrategiaconcursos.com.br\/blog\/wp-json\/wp\/v2\/comments?post=862690"}],"version-history":[{"count":10,"href":"https:\/\/www.estrategiaconcursos.com.br\/blog\/wp-json\/wp\/v2\/posts\/862690\/revisions"}],"predecessor-version":[{"id":887881,"href":"https:\/\/www.estrategiaconcursos.com.br\/blog\/wp-json\/wp\/v2\/posts\/862690\/revisions\/887881"}],"wp:featuredmedia":[{"embeddable":true,"href":"https:\/\/www.estrategiaconcursos.com.br\/blog\/wp-json\/wp\/v2\/media\/872588"}],"wp:attachment":[{"href":"https:\/\/www.estrategiaconcursos.com.br\/blog\/wp-json\/wp\/v2\/media?parent=862690"}],"wp:term":[{"taxonomy":"category","embeddable":true,"href":"https:\/\/www.estrategiaconcursos.com.br\/blog\/wp-json\/wp\/v2\/categories?post=862690"},{"taxonomy":"post_tag","embeddable":true,"href":"https:\/\/www.estrategiaconcursos.com.br\/blog\/wp-json\/wp\/v2\/tags?post=862690"},{"taxonomy":"tax_estado","embeddable":true,"href":"https:\/\/www.estrategiaconcursos.com.br\/blog\/wp-json\/wp\/v2\/tax_estado?post=862690"}],"curies":[{"name":"wp","href":"https:\/\/api.w.org\/{rel}","templated":true}]}}