{"id":862062,"date":"2021-09-15T17:57:30","date_gmt":"2021-09-15T20:57:30","guid":{"rendered":"https:\/\/www.estrategiaconcursos.com.br\/blog\/?p=862062"},"modified":"2021-09-15T18:54:54","modified_gmt":"2021-09-15T21:54:54","slug":"concurso-pm-al-suspensao","status":"publish","type":"post","link":"https:\/\/www.estrategiaconcursos.com.br\/blog\/concurso-pm-al-suspensao\/","title":{"rendered":"Concurso PM AL: juiz determina suspens\u00e3o das atividades do certame"},"content":{"rendered":"\n<p>O juiz Geraldo Ten\u00f3rio Silveira J\u00fanior, da 31\u00aa Vara C\u00edvel da Capital &#8211; Fazenda P\u00fablica Estadual e Juizado da Fazenda P\u00fablica Adjunto, determinou, em decis\u00e3o liminar, a suspens\u00e3o das atividades do concurso p\u00fablico da Pol\u00edcia Militar de Alagoas (PM AL).<\/p>\n\n\n\n<figure class=\"wp-block-image size-large\"><img loading=\"lazy\" decoding=\"async\" width=\"1024\" height=\"680\" src=\"https:\/\/dhg1h5j42swfq.cloudfront.net\/2021\/09\/15175855\/5fc425539f40e-scale-1200-1024x680.jpg\" alt=\"concurso pm al suspens\u00e3o\" class=\"wp-image-862109\" srcset=\"https:\/\/dhg1h5j42swfq.cloudfront.net\/2021\/09\/15175855\/5fc425539f40e-scale-1200-1024x680.jpg 1024w, https:\/\/dhg1h5j42swfq.cloudfront.net\/2021\/09\/15175855\/5fc425539f40e-scale-1200-300x199.jpg 300w, https:\/\/dhg1h5j42swfq.cloudfront.net\/2021\/09\/15175855\/5fc425539f40e-scale-1200-768x510.jpg 768w, https:\/\/dhg1h5j42swfq.cloudfront.net\/2021\/09\/15175855\/5fc425539f40e-scale-1200-610x405.jpg 610w, https:\/\/dhg1h5j42swfq.cloudfront.net\/2021\/09\/15175855\/5fc425539f40e-scale-1200.jpg 1200w\" sizes=\"auto, (max-width: 1024px) 100vw, 1024px\" \/><figcaption>Justi\u00e7a determina suspens\u00e3o do concurso PM AL | Imagem: reprodu\u00e7\u00e3o<\/figcaption><\/figure>\n\n\n\n<h4 class=\"wp-block-heading\">O documento na \u00edntegra voc\u00ea confere no link abaixo:<\/h4>\n\n\n\n<p class=\"has-text-align-center has-background has-medium-font-size\" style=\"background-color:#fcbe4b\"><a href=\"https:\/\/dhg1h5j42swfq.cloudfront.net\/2021\/09\/15170843\/doc_39936484.pdf\" target=\"_blank\" rel=\"noreferrer noopener nofollow\"><strong>Suspens\u00e3o &#8211; PM AL<\/strong><\/a><\/p>\n\n\n\n<p>Ap\u00f3s a divulga\u00e7\u00e3o do <a href=\"https:\/\/dhg1h5j42swfq.cloudfront.net\/2021\/09\/10181930\/ed_8_pm_al_21_final_obj_prov_disc.pdf\" target=\"_blank\" rel=\"noreferrer noopener nofollow\">resultado final da prova objetiva<\/a>, bem como o provis\u00f3rio da discursiva, uma <a href=\"https:\/\/dhg1h5j42swfq.cloudfront.net\/2021\/09\/14125850\/acaopopularconcursopmal-1.pdf\" target=\"_blank\" rel=\"noreferrer noopener nofollow\">A\u00e7\u00e3o Popular<\/a>, protocolada no Tribunal de Justi\u00e7a do Estado, pediu a suspens\u00e3o imediata das atividades.<\/p>\n\n\n\n<p>O pedido se deu a partir do caso de <a href=\"https:\/\/www.estrategiaconcursos.com.br\/blog\/concurso-pm-al-seplag-divulga-nota-oficial-sobre-suposta-fraude\/\" target=\"_blank\" rel=\"noreferrer noopener\">suposta fraude<\/a> na aplica\u00e7\u00e3o das provas, por conta da aprova\u00e7\u00e3o de um candidato, apreendido pela pol\u00edcia [e com v\u00e1rias passagens criminais], que obteve 100 pontos l\u00edquidos na avalia\u00e7\u00e3o.<\/p>\n\n\n\n<p>De acordo com o documento, a A\u00e7\u00e3o, movida pelo advogado Jos\u00e9 Moura Neto [conhecido pelos casos da PF e PRF], solicita a suspens\u00e3o do andamento do concurso, bem como a anula\u00e7\u00e3o do resultado final da prova. Neto ainda ressalta falhas cometidas pelo Cebraspe em outros certames.<\/p>\n\n\n\n<p>S\u00e3o ofertadas <strong>1.060 vagas<\/strong>, distribu\u00eddas entre os cargos de Soldado e Oficial, ambos de n\u00edvel m\u00e9dio. Os sal\u00e1rios variam de R$ 4.250,06 e R$ 8.099,94, respectivamente, ap\u00f3s o curso de forma\u00e7\u00e3o. No total, foram registradas 67.884 inscri\u00e7\u00f5es, sendo 61.455 para Soldado Combatente e 6.429 para Oficial Combatente. <\/p>\n\n\n\n<p>Para mais informa\u00e7\u00f5es do concurso PM AL, cuja suspens\u00e3o foi determinado pela Justi\u00e7a, acesso o link abaixo. Preparamos um artigo completo para voc\u00ea!<\/p>\n\n\n\n<p class=\"has-text-align-center has-background has-medium-font-size\" style=\"background-color:#c1c7ca\"><strong><a href=\"https:\/\/www.estrategiaconcursos.com.br\/blog\/concurso-pm-al\/\" target=\"_blank\" rel=\"noreferrer noopener\">Concurso PM AL<\/a><\/strong><\/p>\n\n\n\n<h2 class=\"has-text-align-center wp-block-heading\" id=\"cursos-assinatura\"><strong><em>Quer estudar para concurso PM AL?<\/em><\/strong><\/h2>\n\n\n\n<div class=\"container\" id=\"boxes\">\n  <div class=\"row\">\n\n    <div class=\"col-sm\">\n      <div class=\"banner-policial\" id=\"box-assinatura\">\n        <h3 class=\"titulo-assinatura\">Concurso PM AL<\/h3>\n        <p class=\"subtitulo-assinatura\">Conhe\u00e7a os cursos<\/p>\n        <div class=\"box-botao\">\n          <a class=\"btn-assinatura\" target=\"_blank\" href=\"https:\/\/www.estrategiaconcursos.com.br\/cursosPorConcurso\/pm-al\/\" role=\"button\" rel=\"noopener noreferrer\">Conhe\u00e7a mais<\/a>\n        <\/div>\n      <\/div>\n  \n    <\/div>\n\n  <\/div>\n<\/div>\n\n\n\n<div class=\"container\" id=\"boxes\">\n  <div class=\"row\">\n\n    <div class=\"col-sm\">\n      <div class=\"estrategia\" id=\"box-assinatura\">\n        <h3 class=\"titulo-assinatura\">Assinatura Concursos<\/h3>\n        <p class=\"subtitulo-assinatura\">Assinatura de 1 ano ou 2 anos<\/p>\n        <div class=\"box-botao\">\n          <a class=\"btn-assinatura\" target=\"_blank\" href=\"https:\/\/www.estrategiaconcursos.com.br\/assinaturas\/\" role=\"button\" rel=\"noopener noreferrer\">ASSINE AGORA<\/a>\n        <\/div>\n      <\/div>\n     \n    <\/div><\/div><\/div>\n\n\n\n<div class=\"container\" id=\"boxes\">\n  <div class=\"row\">\n\n    <div class=\"col-sm\" id=\"boxes-concursos\">\n      <div style=\"background-color: #005DAD;\" class=\"conteudo-concursos\" id=\"box-concursos\">\n        <h3 class=\"titulo-assinatura\">Concursos Abertos<\/h3>\n        <p class=\"subtitulo-assinatura\">Os editais publicados<\/p>\n        <div class=\"box-botao\">\n          <a class=\"btn-assinatura\" target=\"_blank\" href=\"https:\/\/www.estrategiaconcursos.com.br\/blog\/concursos-abertos\/\" role=\"button\" rel=\"noopener noreferrer\">Conhe\u00e7a Agora<\/a>\n        <\/div>\n      <\/div>\n    <\/div>\n\n    <div class=\"col-sm\" id=\"boxes-concursos\">\n      <div style=\"background-color: #1A7ED5;\" class=\"conteudo-concursos\" id=\"box-concursos\">\n        <h3 class=\"titulo-assinatura\">Concursos 2021<\/h3>\n        <p class=\"subtitulo-assinatura\">As oportunidades previstas<\/p>\n        <div class=\"box-botao\">\n          <a class=\"btn-assinatura\" target=\"_blank\" href=\"https:\/\/www.estrategiaconcursos.com.br\/blog\/concursos-2021\/\" role=\"button\" rel=\"noopener noreferrer\">Conhe\u00e7a Agora<\/a>\n        <\/div>\n      <\/div>\n    <\/div>\n\n    <div class=\"col-sm\" id=\"boxes-concursos\">\n      <div style=\"background-color: #419FF0;\" class=\"conteudo-concursos\" id=\"box-concursos\">\n        <h3 class=\"titulo-assinatura\">Concursos 2022<\/h3>\n        <p class=\"subtitulo-assinatura\">Vagas para o pr\u00f3ximo ano<\/p>\n        <div class=\"box-botao\">\n          <a class=\"btn-assinatura\" target=\"_blank\" href=\"https:\/\/www.estrategiaconcursos.com.br\/blog\/concursos-2022\/\" role=\"button\" rel=\"noopener noreferrer\">Conhe\u00e7a Agora<\/a>\n        <\/div>\n      <\/div>\n    <\/div>\n\n  <\/div>\n<\/div>\n","protected":false},"excerpt":{"rendered":"<p>O juiz Geraldo Ten\u00f3rio Silveira J\u00fanior, da 31\u00aa Vara C\u00edvel da Capital &#8211; Fazenda P\u00fablica Estadual e Juizado da Fazenda P\u00fablica Adjunto, determinou, em decis\u00e3o liminar, a suspens\u00e3o das atividades do concurso p\u00fablico da Pol\u00edcia Militar de Alagoas (PM AL). O documento na \u00edntegra voc\u00ea confere no link abaixo: Suspens\u00e3o &#8211; PM AL Ap\u00f3s a [&hellip;]<\/p>\n","protected":false},"author":1,"featured_media":740957,"comment_status":"open","ping_status":"closed","sticky":false,"template":"","format":"standard","meta":{"post_tipo":"news","footnotes":""},"categories":[220186,220187,220219],"tags":[],"tax_estado":[219965],"class_list":["post-862062","post","type-post","status-publish","format-standard","has-post-thumbnail","hentry","category-policial-oficial","category-policial-pracas","category-noticias","tax_estado-al"],"acf":[],"yoast_head":"<!-- This site is optimized with the Yoast SEO Premium plugin v27.2 (Yoast SEO v27.2) - https:\/\/yoast.com\/product\/yoast-seo-premium-wordpress\/ -->\n<title>Concurso PM AL: juiz determina suspens\u00e3o das atividades do certame<\/title>\n<meta name=\"description\" content=\"A Justi\u00e7a de Alagoas determinou a suspens\u00e3o provis\u00f3ria das atividades do concurso PM AL. Confira as informa\u00e7\u00f5es no site do Estrat\u00e9gia!\" \/>\n<meta name=\"robots\" content=\"index, follow, max-snippet:-1, max-image-preview:large, max-video-preview:-1\" \/>\n<link rel=\"canonical\" href=\"https:\/\/www.estrategiaconcursos.com.br\/blog\/concurso-pm-al-suspensao\/\" \/>\n<meta property=\"og:locale\" content=\"pt_BR\" \/>\n<meta property=\"og:type\" content=\"article\" \/>\n<meta property=\"og:title\" content=\"Concurso PM AL: juiz determina suspens\u00e3o das atividades do certame\" \/>\n<meta property=\"og:description\" content=\"A Justi\u00e7a de Alagoas determinou a suspens\u00e3o provis\u00f3ria das atividades do concurso PM AL. Confira as informa\u00e7\u00f5es no site do Estrat\u00e9gia!\" \/>\n<meta property=\"og:url\" content=\"https:\/\/www.estrategiaconcursos.com.br\/blog\/concurso-pm-al-suspensao\/\" \/>\n<meta property=\"og:site_name\" content=\"Estrat\u00e9gia Concursos\" \/>\n<meta property=\"article:author\" content=\"https:\/\/www.facebook.com\/EstrategiaConcursos\" \/>\n<meta property=\"article:published_time\" content=\"2021-09-15T20:57:30+00:00\" \/>\n<meta property=\"article:modified_time\" content=\"2021-09-15T21:54:54+00:00\" \/>\n<meta property=\"og:image\" content=\"https:\/\/dhg1h5j42swfq.cloudfront.net\/2021\/05\/14121551\/pm-al.jpg\" \/>\n\t<meta property=\"og:image:width\" content=\"768\" \/>\n\t<meta property=\"og:image:height\" content=\"432\" \/>\n\t<meta property=\"og:image:type\" content=\"image\/jpeg\" \/>\n<meta name=\"author\" content=\"Coordena\u00e7\u00e3o\" \/>\n<meta name=\"twitter:card\" content=\"summary_large_image\" \/>\n<meta name=\"twitter:creator\" content=\"@EstratConcursos\" \/>\n<meta name=\"twitter:site\" content=\"@EstratConcursos\" \/>\n<meta name=\"twitter:label1\" content=\"Escrito por\" \/>\n\t<meta name=\"twitter:data1\" content=\"Coordena\u00e7\u00e3o\" \/>\n\t<meta name=\"twitter:label2\" content=\"Est. tempo de leitura\" \/>\n\t<meta name=\"twitter:data2\" content=\"2 minutos\" \/>\n<script type=\"application\/ld+json\" class=\"yoast-schema-graph\">{\"@context\":\"https:\/\/schema.org\",\"@graph\":[{\"@type\":\"NewsArticle\",\"@id\":\"https:\/\/www.estrategiaconcursos.com.br\/blog\/concurso-pm-al-suspensao\/#article\",\"isPartOf\":{\"@id\":\"https:\/\/www.estrategiaconcursos.com.br\/blog\/concurso-pm-al-suspensao\/\"},\"author\":{\"name\":\"Coordena\u00e7\u00e3o\",\"@id\":\"https:\/\/www.estrategiaconcursos.com.br\/blog\/#\/schema\/person\/b4a388c97673c5f483d72185668afa1f\"},\"headline\":\"Concurso PM AL: juiz determina suspens\u00e3o das atividades do certame\",\"datePublished\":\"2021-09-15T20:57:30+00:00\",\"dateModified\":\"2021-09-15T21:54:54+00:00\",\"mainEntityOfPage\":{\"@id\":\"https:\/\/www.estrategiaconcursos.com.br\/blog\/concurso-pm-al-suspensao\/\"},\"wordCount\":341,\"commentCount\":0,\"publisher\":{\"@id\":\"https:\/\/www.estrategiaconcursos.com.br\/blog\/#organization\"},\"image\":{\"@id\":\"https:\/\/www.estrategiaconcursos.com.br\/blog\/concurso-pm-al-suspensao\/#primaryimage\"},\"thumbnailUrl\":\"https:\/\/dhg1h5j42swfq.cloudfront.net\/2021\/05\/14121551\/pm-al.jpg\",\"articleSection\":[\"Policial (PM\/BM - Oficial)\",\"Policial (PM\/BM - Pra\u00e7as)\",\"\u00daltimas not\u00edcias\"],\"inLanguage\":\"pt-BR\",\"potentialAction\":[{\"@type\":\"CommentAction\",\"name\":\"Comment\",\"target\":[\"https:\/\/www.estrategiaconcursos.com.br\/blog\/concurso-pm-al-suspensao\/#respond\"]}],\"copyrightYear\":\"2021\",\"copyrightHolder\":{\"@id\":\"https:\/\/www.estrategiaconcursos.com.br\/blog\/#organization\"}},{\"@type\":\"WebPage\",\"@id\":\"https:\/\/www.estrategiaconcursos.com.br\/blog\/concurso-pm-al-suspensao\/\",\"url\":\"https:\/\/www.estrategiaconcursos.com.br\/blog\/concurso-pm-al-suspensao\/\",\"name\":\"Concurso PM AL: juiz determina suspens\u00e3o das atividades do certame\",\"isPartOf\":{\"@id\":\"https:\/\/www.estrategiaconcursos.com.br\/blog\/#website\"},\"primaryImageOfPage\":{\"@id\":\"https:\/\/www.estrategiaconcursos.com.br\/blog\/concurso-pm-al-suspensao\/#primaryimage\"},\"image\":{\"@id\":\"https:\/\/www.estrategiaconcursos.com.br\/blog\/concurso-pm-al-suspensao\/#primaryimage\"},\"thumbnailUrl\":\"https:\/\/dhg1h5j42swfq.cloudfront.net\/2021\/05\/14121551\/pm-al.jpg\",\"datePublished\":\"2021-09-15T20:57:30+00:00\",\"dateModified\":\"2021-09-15T21:54:54+00:00\",\"description\":\"A Justi\u00e7a de Alagoas determinou a suspens\u00e3o provis\u00f3ria das atividades do concurso PM AL. Confira as informa\u00e7\u00f5es no site do Estrat\u00e9gia!\",\"breadcrumb\":{\"@id\":\"https:\/\/www.estrategiaconcursos.com.br\/blog\/concurso-pm-al-suspensao\/#breadcrumb\"},\"inLanguage\":\"pt-BR\",\"potentialAction\":[{\"@type\":\"ReadAction\",\"target\":[\"https:\/\/www.estrategiaconcursos.com.br\/blog\/concurso-pm-al-suspensao\/\"]}]},{\"@type\":\"ImageObject\",\"inLanguage\":\"pt-BR\",\"@id\":\"https:\/\/www.estrategiaconcursos.com.br\/blog\/concurso-pm-al-suspensao\/#primaryimage\",\"url\":\"https:\/\/dhg1h5j42swfq.cloudfront.net\/2021\/05\/14121551\/pm-al.jpg\",\"contentUrl\":\"https:\/\/dhg1h5j42swfq.cloudfront.net\/2021\/05\/14121551\/pm-al.jpg\",\"width\":768,\"height\":432,\"caption\":\"PM AL\"},{\"@type\":\"BreadcrumbList\",\"@id\":\"https:\/\/www.estrategiaconcursos.com.br\/blog\/concurso-pm-al-suspensao\/#breadcrumb\",\"itemListElement\":[{\"@type\":\"ListItem\",\"position\":1,\"name\":\"In\u00edcio\",\"item\":\"https:\/\/www.estrategiaconcursos.com.br\/blog\/\"},{\"@type\":\"ListItem\",\"position\":2,\"name\":\"Concurso PM AL: juiz determina suspens\u00e3o das atividades do certame\"}]},{\"@type\":\"WebSite\",\"@id\":\"https:\/\/www.estrategiaconcursos.com.br\/blog\/#website\",\"url\":\"https:\/\/www.estrategiaconcursos.com.br\/blog\/\",\"name\":\"Estrat\u00e9gia Concursos\",\"description\":\"O blog da Estrat\u00e9gia Concursos traz not\u00edcias sobre concursos e artigos de professores oferecendo cursos para concursos (pdf + videaulas) no site.\",\"publisher\":{\"@id\":\"https:\/\/www.estrategiaconcursos.com.br\/blog\/#organization\"},\"potentialAction\":[{\"@type\":\"SearchAction\",\"target\":{\"@type\":\"EntryPoint\",\"urlTemplate\":\"https:\/\/www.estrategiaconcursos.com.br\/blog\/?s={search_term_string}\"},\"query-input\":{\"@type\":\"PropertyValueSpecification\",\"valueRequired\":true,\"valueName\":\"search_term_string\"}}],\"inLanguage\":\"pt-BR\"},{\"@type\":\"Organization\",\"@id\":\"https:\/\/www.estrategiaconcursos.com.br\/blog\/#organization\",\"name\":\"Estrat\u00e9gia Concursos\",\"url\":\"https:\/\/www.estrategiaconcursos.com.br\/blog\/\",\"logo\":{\"@type\":\"ImageObject\",\"inLanguage\":\"pt-BR\",\"@id\":\"https:\/\/www.estrategiaconcursos.com.br\/blog\/#\/schema\/logo\/image\/\",\"url\":\"https:\/\/dhg1h5j42swfq.cloudfront.net\/2025\/06\/03203428\/logo_concursos-1.jpg\",\"contentUrl\":\"https:\/\/dhg1h5j42swfq.cloudfront.net\/2025\/06\/03203428\/logo_concursos-1.jpg\",\"width\":230,\"height\":60,\"caption\":\"Estrat\u00e9gia Concursos\"},\"image\":{\"@id\":\"https:\/\/www.estrategiaconcursos.com.br\/blog\/#\/schema\/logo\/image\/\"},\"sameAs\":[\"https:\/\/x.com\/EstratConcursos\"]},{\"@type\":\"Person\",\"@id\":\"https:\/\/www.estrategiaconcursos.com.br\/blog\/#\/schema\/person\/b4a388c97673c5f483d72185668afa1f\",\"name\":\"Coordena\u00e7\u00e3o\",\"image\":{\"@type\":\"ImageObject\",\"inLanguage\":\"pt-BR\",\"@id\":\"https:\/\/secure.gravatar.com\/avatar\/b720319e4c9a967eb58678d110f4fe35452fc5d5f97b202bac7b8acceb18c6ad?s=96&d=mm&r=g\",\"url\":\"https:\/\/secure.gravatar.com\/avatar\/b720319e4c9a967eb58678d110f4fe35452fc5d5f97b202bac7b8acceb18c6ad?s=96&d=mm&r=g\",\"contentUrl\":\"https:\/\/secure.gravatar.com\/avatar\/b720319e4c9a967eb58678d110f4fe35452fc5d5f97b202bac7b8acceb18c6ad?s=96&d=mm&r=g\",\"caption\":\"Coordena\u00e7\u00e3o\"},\"sameAs\":[\"https:\/\/www.facebook.com\/EstrategiaConcursos\",\"https:\/\/x.com\/EstratConcursos\"],\"url\":\"https:\/\/www.estrategiaconcursos.com.br\/blog\/author\/estrategia2013\/\"}]}<\/script>\n<!-- \/ Yoast SEO Premium plugin. -->","yoast_head_json":{"title":"Concurso PM AL: juiz determina suspens\u00e3o das atividades do certame","description":"A Justi\u00e7a de Alagoas determinou a suspens\u00e3o provis\u00f3ria das atividades do concurso PM AL. Confira as informa\u00e7\u00f5es no site do Estrat\u00e9gia!","robots":{"index":"index","follow":"follow","max-snippet":"max-snippet:-1","max-image-preview":"max-image-preview:large","max-video-preview":"max-video-preview:-1"},"canonical":"https:\/\/www.estrategiaconcursos.com.br\/blog\/concurso-pm-al-suspensao\/","og_locale":"pt_BR","og_type":"article","og_title":"Concurso PM AL: juiz determina suspens\u00e3o das atividades do certame","og_description":"A Justi\u00e7a de Alagoas determinou a suspens\u00e3o provis\u00f3ria das atividades do concurso PM AL. Confira as informa\u00e7\u00f5es no site do Estrat\u00e9gia!","og_url":"https:\/\/www.estrategiaconcursos.com.br\/blog\/concurso-pm-al-suspensao\/","og_site_name":"Estrat\u00e9gia Concursos","article_author":"https:\/\/www.facebook.com\/EstrategiaConcursos","article_published_time":"2021-09-15T20:57:30+00:00","article_modified_time":"2021-09-15T21:54:54+00:00","og_image":[{"width":768,"height":432,"url":"https:\/\/dhg1h5j42swfq.cloudfront.net\/2021\/05\/14121551\/pm-al.jpg","type":"image\/jpeg"}],"author":"Coordena\u00e7\u00e3o","twitter_card":"summary_large_image","twitter_creator":"@EstratConcursos","twitter_site":"@EstratConcursos","twitter_misc":{"Escrito por":"Coordena\u00e7\u00e3o","Est. tempo de leitura":"2 minutos"},"schema":{"@context":"https:\/\/schema.org","@graph":[{"@type":"NewsArticle","@id":"https:\/\/www.estrategiaconcursos.com.br\/blog\/concurso-pm-al-suspensao\/#article","isPartOf":{"@id":"https:\/\/www.estrategiaconcursos.com.br\/blog\/concurso-pm-al-suspensao\/"},"author":{"name":"Coordena\u00e7\u00e3o","@id":"https:\/\/www.estrategiaconcursos.com.br\/blog\/#\/schema\/person\/b4a388c97673c5f483d72185668afa1f"},"headline":"Concurso PM AL: juiz determina suspens\u00e3o das atividades do certame","datePublished":"2021-09-15T20:57:30+00:00","dateModified":"2021-09-15T21:54:54+00:00","mainEntityOfPage":{"@id":"https:\/\/www.estrategiaconcursos.com.br\/blog\/concurso-pm-al-suspensao\/"},"wordCount":341,"commentCount":0,"publisher":{"@id":"https:\/\/www.estrategiaconcursos.com.br\/blog\/#organization"},"image":{"@id":"https:\/\/www.estrategiaconcursos.com.br\/blog\/concurso-pm-al-suspensao\/#primaryimage"},"thumbnailUrl":"https:\/\/dhg1h5j42swfq.cloudfront.net\/2021\/05\/14121551\/pm-al.jpg","articleSection":["Policial (PM\/BM - Oficial)","Policial (PM\/BM - Pra\u00e7as)","\u00daltimas not\u00edcias"],"inLanguage":"pt-BR","potentialAction":[{"@type":"CommentAction","name":"Comment","target":["https:\/\/www.estrategiaconcursos.com.br\/blog\/concurso-pm-al-suspensao\/#respond"]}],"copyrightYear":"2021","copyrightHolder":{"@id":"https:\/\/www.estrategiaconcursos.com.br\/blog\/#organization"}},{"@type":"WebPage","@id":"https:\/\/www.estrategiaconcursos.com.br\/blog\/concurso-pm-al-suspensao\/","url":"https:\/\/www.estrategiaconcursos.com.br\/blog\/concurso-pm-al-suspensao\/","name":"Concurso PM AL: juiz determina suspens\u00e3o das atividades do certame","isPartOf":{"@id":"https:\/\/www.estrategiaconcursos.com.br\/blog\/#website"},"primaryImageOfPage":{"@id":"https:\/\/www.estrategiaconcursos.com.br\/blog\/concurso-pm-al-suspensao\/#primaryimage"},"image":{"@id":"https:\/\/www.estrategiaconcursos.com.br\/blog\/concurso-pm-al-suspensao\/#primaryimage"},"thumbnailUrl":"https:\/\/dhg1h5j42swfq.cloudfront.net\/2021\/05\/14121551\/pm-al.jpg","datePublished":"2021-09-15T20:57:30+00:00","dateModified":"2021-09-15T21:54:54+00:00","description":"A Justi\u00e7a de Alagoas determinou a suspens\u00e3o provis\u00f3ria das atividades do concurso PM AL. Confira as informa\u00e7\u00f5es no site do Estrat\u00e9gia!","breadcrumb":{"@id":"https:\/\/www.estrategiaconcursos.com.br\/blog\/concurso-pm-al-suspensao\/#breadcrumb"},"inLanguage":"pt-BR","potentialAction":[{"@type":"ReadAction","target":["https:\/\/www.estrategiaconcursos.com.br\/blog\/concurso-pm-al-suspensao\/"]}]},{"@type":"ImageObject","inLanguage":"pt-BR","@id":"https:\/\/www.estrategiaconcursos.com.br\/blog\/concurso-pm-al-suspensao\/#primaryimage","url":"https:\/\/dhg1h5j42swfq.cloudfront.net\/2021\/05\/14121551\/pm-al.jpg","contentUrl":"https:\/\/dhg1h5j42swfq.cloudfront.net\/2021\/05\/14121551\/pm-al.jpg","width":768,"height":432,"caption":"PM AL"},{"@type":"BreadcrumbList","@id":"https:\/\/www.estrategiaconcursos.com.br\/blog\/concurso-pm-al-suspensao\/#breadcrumb","itemListElement":[{"@type":"ListItem","position":1,"name":"In\u00edcio","item":"https:\/\/www.estrategiaconcursos.com.br\/blog\/"},{"@type":"ListItem","position":2,"name":"Concurso PM AL: juiz determina suspens\u00e3o das atividades do certame"}]},{"@type":"WebSite","@id":"https:\/\/www.estrategiaconcursos.com.br\/blog\/#website","url":"https:\/\/www.estrategiaconcursos.com.br\/blog\/","name":"Estrat\u00e9gia Concursos","description":"O blog da Estrat\u00e9gia Concursos traz not\u00edcias sobre concursos e artigos de professores oferecendo cursos para concursos (pdf + videaulas) no site.","publisher":{"@id":"https:\/\/www.estrategiaconcursos.com.br\/blog\/#organization"},"potentialAction":[{"@type":"SearchAction","target":{"@type":"EntryPoint","urlTemplate":"https:\/\/www.estrategiaconcursos.com.br\/blog\/?s={search_term_string}"},"query-input":{"@type":"PropertyValueSpecification","valueRequired":true,"valueName":"search_term_string"}}],"inLanguage":"pt-BR"},{"@type":"Organization","@id":"https:\/\/www.estrategiaconcursos.com.br\/blog\/#organization","name":"Estrat\u00e9gia Concursos","url":"https:\/\/www.estrategiaconcursos.com.br\/blog\/","logo":{"@type":"ImageObject","inLanguage":"pt-BR","@id":"https:\/\/www.estrategiaconcursos.com.br\/blog\/#\/schema\/logo\/image\/","url":"https:\/\/dhg1h5j42swfq.cloudfront.net\/2025\/06\/03203428\/logo_concursos-1.jpg","contentUrl":"https:\/\/dhg1h5j42swfq.cloudfront.net\/2025\/06\/03203428\/logo_concursos-1.jpg","width":230,"height":60,"caption":"Estrat\u00e9gia Concursos"},"image":{"@id":"https:\/\/www.estrategiaconcursos.com.br\/blog\/#\/schema\/logo\/image\/"},"sameAs":["https:\/\/x.com\/EstratConcursos"]},{"@type":"Person","@id":"https:\/\/www.estrategiaconcursos.com.br\/blog\/#\/schema\/person\/b4a388c97673c5f483d72185668afa1f","name":"Coordena\u00e7\u00e3o","image":{"@type":"ImageObject","inLanguage":"pt-BR","@id":"https:\/\/secure.gravatar.com\/avatar\/b720319e4c9a967eb58678d110f4fe35452fc5d5f97b202bac7b8acceb18c6ad?s=96&d=mm&r=g","url":"https:\/\/secure.gravatar.com\/avatar\/b720319e4c9a967eb58678d110f4fe35452fc5d5f97b202bac7b8acceb18c6ad?s=96&d=mm&r=g","contentUrl":"https:\/\/secure.gravatar.com\/avatar\/b720319e4c9a967eb58678d110f4fe35452fc5d5f97b202bac7b8acceb18c6ad?s=96&d=mm&r=g","caption":"Coordena\u00e7\u00e3o"},"sameAs":["https:\/\/www.facebook.com\/EstrategiaConcursos","https:\/\/x.com\/EstratConcursos"],"url":"https:\/\/www.estrategiaconcursos.com.br\/blog\/author\/estrategia2013\/"}]}},"_links":{"self":[{"href":"https:\/\/www.estrategiaconcursos.com.br\/blog\/wp-json\/wp\/v2\/posts\/862062","targetHints":{"allow":["GET"]}}],"collection":[{"href":"https:\/\/www.estrategiaconcursos.com.br\/blog\/wp-json\/wp\/v2\/posts"}],"about":[{"href":"https:\/\/www.estrategiaconcursos.com.br\/blog\/wp-json\/wp\/v2\/types\/post"}],"author":[{"embeddable":true,"href":"https:\/\/www.estrategiaconcursos.com.br\/blog\/wp-json\/wp\/v2\/users\/1"}],"replies":[{"embeddable":true,"href":"https:\/\/www.estrategiaconcursos.com.br\/blog\/wp-json\/wp\/v2\/comments?post=862062"}],"version-history":[{"count":8,"href":"https:\/\/www.estrategiaconcursos.com.br\/blog\/wp-json\/wp\/v2\/posts\/862062\/revisions"}],"predecessor-version":[{"id":862165,"href":"https:\/\/www.estrategiaconcursos.com.br\/blog\/wp-json\/wp\/v2\/posts\/862062\/revisions\/862165"}],"wp:featuredmedia":[{"embeddable":true,"href":"https:\/\/www.estrategiaconcursos.com.br\/blog\/wp-json\/wp\/v2\/media\/740957"}],"wp:attachment":[{"href":"https:\/\/www.estrategiaconcursos.com.br\/blog\/wp-json\/wp\/v2\/media?parent=862062"}],"wp:term":[{"taxonomy":"category","embeddable":true,"href":"https:\/\/www.estrategiaconcursos.com.br\/blog\/wp-json\/wp\/v2\/categories?post=862062"},{"taxonomy":"post_tag","embeddable":true,"href":"https:\/\/www.estrategiaconcursos.com.br\/blog\/wp-json\/wp\/v2\/tags?post=862062"},{"taxonomy":"tax_estado","embeddable":true,"href":"https:\/\/www.estrategiaconcursos.com.br\/blog\/wp-json\/wp\/v2\/tax_estado?post=862062"}],"curies":[{"name":"wp","href":"https:\/\/api.w.org\/{rel}","templated":true}]}}