{"id":861959,"date":"2021-09-15T17:49:47","date_gmt":"2021-09-15T20:49:47","guid":{"rendered":"https:\/\/www.estrategiaconcursos.com.br\/blog\/?p=861959"},"modified":"2021-09-16T16:41:41","modified_gmt":"2021-09-16T19:41:41","slug":"detran-pa-selecao","status":"publish","type":"post","link":"https:\/\/www.estrategiaconcursos.com.br\/blog\/detran-pa-selecao\/","title":{"rendered":"Detran PA abre sele\u00e7\u00e3o com 158 vagas. Confira!"},"content":{"rendered":"\n<p>Foi publicado o edital da nova sele\u00e7\u00e3o do Detran PA. Conforme o documento, s\u00e3o ofertadas 158 vagas, sendo 4 (quatro) reservadas aos candidatos com defici\u00eancia (PcDs).<\/p>\n\n\n\n<ul class=\"has-very-light-gray-to-cyan-bluish-gray-gradient-background has-background wp-block-list\"><li><strong>Detran PA &#8211; Assistente de<\/strong> <strong>Tr\u00e2nsito<\/strong><\/li><li><strong>Status:<\/strong> Edital publicado<\/li><li><strong>Banca:<\/strong> Sipros<\/li><li><strong>Vagas:<\/strong> 158<\/li><li><strong>Sal\u00e1rio inicial:<\/strong> R$ 1.317,14<\/li><\/ul>\n\n\n\n<p>Os interessados em participar da sele\u00e7\u00e3o devem realizar as inscri\u00e7\u00f5es no per\u00edodo de 16 de setembro a 17 de setembro, exclusivamente, no site da <a href=\"https:\/\/www.sipros.pa.gov.br\/selecoes\/eyJpdiI6IllBUWVwR3c4K2RFVU9UQ25HTkpzSHc9PSIsInZhbHVlIjoieU1UamRnWEdIMkFKeURqc1crSURvUT09IiwibWFjIjoiOTM5MDdmNDIzZTA3ZjdmODBmY2ZlZDhjMGU2YjVmZjY0ZGZhZjEyODQwMzI3MTI0YzE5ZGVmNzRlMWZhMjZiZCJ9\/detalhe\" target=\"_blank\" rel=\"noreferrer noopener\">Sipros<\/a>.<\/p>\n\n\n\n<p>Este sele\u00e7\u00e3o do Departamento de Tr\u00e2nsito do estado do Par\u00e1 (Detran PA) \u00e9 destinada \u00e0 contrata\u00e7\u00e3o tempor\u00e1ria para o cargo de Assistente de Tr\u00e2nsito, de n\u00edvel m\u00e9dio.<\/p>\n\n\n\n<p>Importante frisar que o prazo de contrata\u00e7\u00e3o ser\u00e1 de 12 (doze) meses, a contar da data de formaliza\u00e7\u00e3o do contrato administrativo de presta\u00e7\u00e3o de servi\u00e7os, podendo ser prorrogado por igual per\u00edodo.<\/p>\n\n\n\n<p>A fim de te deixar sempre bem informado, elaboramos este artigo com as principais informa\u00e7\u00f5es e novidades sobre o Edital Detran PA. Acompanhe abaixo e n\u00e3o perca nenhum detalhe!<\/p>\n\n\n\n<div class=\"container\" id=\"boxes\">\n  <div class=\"row\">\n\n    <div class=\"col-sm\">\n      <div class=\"banner-estrategia\" id=\"box-assinatura\">\n        <h3 class=\"titulo-assinatura\">Detran PA<\/h3>\n        <p class=\"subtitulo-assinatura\">Conhe\u00e7a os cursos<\/p>\n        <div class=\"box-botao\">\n          <a class=\"btn-assinatura\" target=\"_blank\" href=\"https:\/\/www.estrategiaconcursos.com.br\/cursos\/\" role=\"button\" rel=\"noopener noreferrer\">Conhe\u00e7a mais<\/a>\n        <\/div>\n      <\/div>\n     \n    <\/div>\n\n  <\/div>\n<\/div>\n\n\n\n<h2 class=\"wp-block-heading\" id=\"datas\">Principais datas da sele\u00e7\u00e3o Detran PA<\/h2>\n\n\n\n<p class=\"has-very-light-gray-background-color has-background\"><strong>Inscri\u00e7\u00f5es<\/strong>: 16 a 17 de setembro<br \/><strong>Etapa de Entrevista<\/strong>: 04 de outubro a 03 de novembro<\/p>\n\n\n\n<h2 class=\"wp-block-heading\" id=\"cargos-vagas\">Cargos e vagas da sele\u00e7\u00e3o Detran PA<\/h2>\n\n\n\n<h3 class=\"wp-block-heading\" id=\"medio\">Ensino m\u00e9dio<\/h3>\n\n\n\n<figure class=\"wp-block-table is-style-stripes\"><table class=\"has-background has-fixed-layout\" style=\"background-color:#e7f5fe\"><thead><tr><th class=\"has-text-align-center\" data-align=\"center\">CARGOS<\/th><th class=\"has-text-align-center\" data-align=\"center\">VAGAS<\/th><th class=\"has-text-align-center\" data-align=\"center\">SAL\u00c1RIO<\/th><\/tr><\/thead><tbody><tr><td class=\"has-text-align-center\" data-align=\"center\">Assistente de Tr\u00e2nsito &#8211; tempor\u00e1rio<\/td><td class=\"has-text-align-center\" data-align=\"center\">158<\/td><td class=\"has-text-align-center\" data-align=\"center\">R$ 1.317,14 <\/td><\/tr><\/tbody><\/table><\/figure>\n\n\n\n<p>Al\u00e9m da remunera\u00e7\u00e3o, os contratados tempor\u00e1rios far\u00e3o jus \u00e0 gratifica\u00e7\u00e3o de tr\u00e2nsito, aux\u00edlio alimenta\u00e7\u00e3o e aux\u00edlio transporte. A jornada de trabalho ser\u00e1 de 6 (seis) horas, totalizando 30 (trinta) horas semanais.<\/p>\n\n\n\n<h3 class=\"wp-block-heading\">Atribui\u00e7\u00f5es<\/h3>\n\n\n\n<p>Prestar atendimento ao p\u00fablico em quest\u00f5es ligadas \u00e0s unidades final\u00edsticas; gerar processos relativos \u00e0 habilita\u00e7\u00e3o de condutores e de registro de ve\u00edculos; operar os sistemas informatizados do DETRAN-PA, integrados ao DENATRAN; instruir processos de complexidade m\u00e9dia relacionados \u00e0 \u00e1rea de tr\u00e2nsito e executar outras atividades correlatas e sua \u00e1rea de atua\u00e7\u00e3o.<\/p>\n\n\n\n<h3 class=\"wp-block-heading\">Requisitos<\/h3>\n\n\n\n<p>Al\u00e9m do n\u00edvel m\u00e9dio completo, s\u00e3o requisitos b\u00e1sicos para o ingresso na fun\u00e7\u00e3o tempor\u00e1ria, atrav\u00e9s do Processo Seletivo Simplificado \u2013 PSS, no Departamento de Tr\u00e2nsito do Estado do Par\u00e1 \u2013 DETRAN\/PA:<\/p>\n\n\n\n<ul class=\"wp-block-list\"><li>a) Ser brasileiro nato ou naturalizado;<\/li><li>b) Ter no m\u00ednimo 18 (dezoito) anos de idade;<\/li><li>c) Estar quite com as obriga\u00e7\u00f5es eleitorais e militares;<\/li><li>d) N\u00e3o haver sofrido san\u00e7\u00e3o impeditiva de exerc\u00edcio de cargo p\u00fablico (reda\u00e7\u00e3o extra\u00edda do inciso VII, do artigo 6\u00ba, do Decreto Estadual n\u00ba 1.471\/2017);<\/li><li>e) Estar em pleno exerc\u00edcio dos direitos pol\u00edticos (reda\u00e7\u00e3o extra\u00edda do inciso III, do artigo 6\u00ba, do Decreto Estadual n\u00ba 1.741\/2017);<\/li><li>f) Possuir diploma ou certificado de conclus\u00e3o de curso compat\u00edvel ao cargo que concorre, conforme exig\u00eancia no Anexo II;<\/li><li>g) Possuir capacidade f\u00edsica e aptid\u00e3o psicol\u00f3gica compat\u00edvel com as atribui\u00e7\u00f5es da fun\u00e7\u00e3o pretendida, comprovadas atrav\u00e9s de atestado emitido por profissional competente;<\/li><li>h) N\u00e3o possuir ac\u00famulo de cargos p\u00fablicos, exceto quando houver compatibilidade de hor\u00e1rios, nos seguintes casos, conforme disposto no art. 37, XVI, da Constitui\u00e7\u00e3o Federal.<\/li><li>i) O candidato aprovado e convocado n\u00e3o poder\u00e1 assumir a fun\u00e7\u00e3o e ser\u00e1 eliminado deste PSS, se houver sido contratado e distratado da fun\u00e7\u00e3o de servidor tempor\u00e1rio da Administra\u00e7\u00e3o P\u00fablica Estadual num per\u00edodo inferior a 06 (seis) meses da data da contrata\u00e7\u00e3o, conforme artigo 2\u00ba, par\u00e1grafo \u00fanico, da Lei Complementar n\u00ba 07\/1991;<\/li><li>j) N\u00e3o ter sido contratado anteriormente pelo DETRAN\/PA ou por outro \u00f3rg\u00e3o da Administra\u00e7\u00e3o Estadual, cujo distrat  ocorreu por ato motivado e\/ou determina\u00e7\u00e3o judicial;<\/li><\/ul>\n\n\n\n<h2 class=\"wp-block-heading\" id=\"etapas\">Etapas e provas do Edital Detran PA<\/h2>\n\n\n\n<p>O processo de sele\u00e7\u00e3o compreender\u00e1 3 (quatro) fases, veja abaixo:<\/p>\n\n\n\n<ul class=\"wp-block-list\"><li><strong>Primeira Fase<\/strong>: Inscri\u00e7\u00e3o; de car\u00e1ter habilitat\u00f3rio;<\/li><li><strong>Segunda Fase<\/strong>: An\u00e1lise Documental e Curricular, de car\u00e1ter eliminat\u00f3rio e classificat\u00f3rio, conforme crit\u00e9rios de avalia\u00e7\u00e3o estabelecidos no Anexo IV do edital; e<\/li><li><strong>Terceira Fase<\/strong>: Entrevista pessoal, de car\u00e1ter eliminat\u00f3rio e classificat\u00f3rio, segundo crit\u00e9rios de avalia\u00e7\u00e3o estabelecidos no Anexo V do edital;<\/li><\/ul>\n\n\n\n<h3 class=\"wp-block-heading\">Inscri\u00e7\u00e3o<\/h3>\n\n\n\n<p>A inscri\u00e7\u00e3o do candidato implicar\u00e1 no conhecimento e aceita\u00e7\u00e3o irrestrita das normas e condi\u00e7\u00f5es estabelecidas no Edital, em rela\u00e7\u00e3o \u00e0s quais n\u00e3o poder\u00e1 alegar desconhecimento em qualquer de suas fases, sob nenhuma hip\u00f3tese.<\/p>\n\n\n\n<p>A inscri\u00e7\u00e3o ao Processo Seletivo Simplificado &#8211; PSS ser\u00e1 realizada exclusivamente por meio eletr\u00f4nico, no seguinte endere\u00e7o www.sipros.pa.gov.br, no hor\u00e1rio de 00h01min do dia 16 de setembro de 2021 \u00e0s 23h59min do dia 17 de setembro de 2021, conforme previsto no cronograma do Edital.<\/p>\n\n\n\n<p>Ser\u00e1 indeferida a inscri\u00e7\u00e3o quando for verificado, atrav\u00e9s do Sistema Integrado de Processo Seletivo Simplificado \u2013 SIPROS a qualquer tempo, o n\u00e3o atendimento a quaisquer dos requisitos fixados no Edital.<\/p>\n\n\n\n<p><strong>N\u00e3o ser\u00e1 cobrada taxa de inscri\u00e7\u00e3o.<\/strong><\/p>\n\n\n\n<p>No ato da inscri\u00e7\u00e3o o candidato dever\u00e1 fazer o upload &#8211; envio de arquivos com no m\u00e1ximo 1 MB (um megabyte), nos formatos \u201cJPEG\u201d, \u201cPNG\u201d, \u201cJPG\u201d ou \u201cPDF\u201d para endere\u00e7o eletr\u00f4nico www.sipros.pa.gov.br, das seguintes documenta\u00e7\u00f5es para confer\u00eancia, com a nomenclatura do arquivo devidamente identificando seu conte\u00fado:<\/p>\n\n\n\n<ul class=\"wp-block-list\"><li>a) Documenta\u00e7\u00e3o comprobat\u00f3ria da escolaridade (Frente e Verso) (upload \u2013 campo \u201cEscolaridade\u201d).<\/li><li>b) Documenta\u00e7\u00e3o que comprove a experi\u00eancia profissional na \u00e1rea ou fun\u00e7\u00e3o a que concorre (Frente e Verso) (upload \u2013 campo \u201cExperi\u00eancia Profissional\u201d).<\/li><li>c) Documenta\u00e7\u00e3o de qualifica\u00e7\u00e3o profissional, de acordo com as informa\u00e7\u00f5es prestadas no ato do preenchimento do requerimento de inscri\u00e7\u00e3o, na \u00e1rea ou fun\u00e7\u00e3o a que concorre (Frente e Verso) (upload \u2013 campo \u201cQualifica\u00e7\u00e3o Profissional\u201d).<\/li><li>d) Cadastro da Pessoa F\u00edsica (upload \u2013 campo \u201cDemais Documentos\u201d)<\/li><li>e) Carteira de Identidade, Carteira Nacional de Habilita\u00e7\u00e3o ou outro documento oficial de identifica\u00e7\u00e3o (Frente e Verso) (upload \u2013 campo \u201cDemais Documentos\u201d)<\/li><li>f) Certid\u00e3o de nascimento, casamento ou declara\u00e7\u00e3o de uni\u00e3o est\u00e1vel (upload \u2013 campo \u201cDemais Documentos\u201d)<\/li><li>g) T\u00edtulo Eleitoral (Frente e Verso) e Certid\u00e3o de quita\u00e7\u00e3o eleitoral (upload \u2013 campo \u201cDemais Documentos\u201d)<\/li><li>h) Carteira de reservista ou comprovante de dispensa, para candidatos do sexo masculino (Frente e Verso) (upload \u2013 campo \u201cDemais Documentos\u201d)<\/li><li>i) Comprovante de resid\u00eancia, expedido nos \u00faltimos 60 (sessenta) dias, de luz, \u00e1gua ou telefone, que podem estar em nome do candidato, do pai, m\u00e3e ou c\u00f4njuge. Quando o comprovante de resid\u00eancia n\u00e3o estiver em nome do candidato, este poder\u00e1 ser apresentado em nome de terceiro, desde que acompanhado de Declara\u00e7\u00e3o de Resid\u00eancia, conforme modelo contido no Anexo VI deste Edital, autenticada em cart\u00f3rio, na qual o titular do documento declara e assina que o candidato reside no im\u00f3vel, ou ainda, a c\u00f3pia autenticada do contrato de loca\u00e7\u00e3o (upload \u2013 campo \u201cDemais Documentos\u201d)<\/li><li>j) Certid\u00f5es de antecedentes criminais da Justi\u00e7a Estadual e da Justi\u00e7a Federal do domic\u00edlio do candidato e\/ou do Estado do Par\u00e1, dentro do prazo de validade espec\u00edfico (upload \u2013 campo \u201cDemais Documentos\u201d)<\/li><li>k) Declara\u00e7\u00e3o de Disponibilidade de Viagem se houver necessidade de servi\u00e7o, do DETRAN, para viajar por todo o territ\u00f3rio nacional, podendo ser atrav\u00e9s dos meios de transporte (a\u00e9reo, terrestre e mar\u00edtimo), conforme modelo contido no Anexo VII (upload \u2013 campo \u201cDemais Documentos\u201d)<\/li><li>l) Declara\u00e7\u00e3o de inexist\u00eancia de v\u00ednculo tempor\u00e1rio com a Administra\u00e7\u00e3o P\u00fablica nos \u00faltimos 06 (seis) meses &#8211; Anexo VIII (upload \u2013 campo \u201cDemais Documentos\u201d)<\/li><li>m) Curr\u00edculo com no m\u00e1ximo 03 (tr\u00eas) p\u00e1ginas (upload \u2013 campo \u201cDemais Documentos\u201d)<\/li><\/ul>\n\n\n\n<p>Ser\u00e1 automaticamente eliminado deste processo seletivo, o candidato que n\u00e3o apresentar qualquer dos documentos obrigat\u00f3rios descritos no item 2.1.12 do Edital;<\/p>\n\n\n\n<p>Ap\u00f3s preenchimento dos dados, o envio da documenta\u00e7\u00e3o e a confirma\u00e7\u00e3o da inscri\u00e7\u00e3o, o sistema emitir\u00e1 um n\u00famero que comprova a inscri\u00e7\u00e3o e a pontua\u00e7\u00e3o obtida pelo candidato de acordo com os Crit\u00e9rios de Avalia\u00e7\u00e3o Curricular constantes no Anexo IV do Edital.<\/p>\n\n\n\n<h3 class=\"wp-block-heading\" id=\"objetiva\">An\u00e1lise Documental e Curricular<\/h3>\n\n\n\n<p>Para a segunda fase, ser\u00e3o analisadas pela Comiss\u00e3o do PSS as documenta\u00e7\u00f5es comprobat\u00f3rias apresentadas no ato da inscri\u00e7\u00e3o dos candidatos que obtiveram, no m\u00ednimo nota 8,5 (oito e meio), observando, ainda, o limite m\u00e1ximo de<br \/>02 (duas) vezes o n\u00famero de vagas ofertadas para a fun\u00e7\u00e3o, respeitando o crit\u00e9rio de desempate;<\/p>\n\n\n\n<p>Somente ser\u00e3o pontuados, no campo \u201cQualifica\u00e7\u00e3o Profissional\u201d os certificados e\/ou diplomas e\/ou comprovantes correspondentes na \u00e1rea de atua\u00e7\u00e3o relacionada ao cargo em que concorre dos \u00faltimos cinco anos, emitidos at\u00e9 a data da inscri\u00e7\u00e3o deste PSS;<\/p>\n\n\n\n<p>Na hip\u00f3tese de n\u00e3o comprova\u00e7\u00e3o das informa\u00e7\u00f5es prestadas no ato da inscri\u00e7\u00e3o, o candidato n\u00e3o receber\u00e1 a devida pontua\u00e7\u00e3o requerida e ter\u00e1 sua nota revista e alterada, podendo ser eliminado se a nota n\u00e3o alcan\u00e7ar a m\u00ednima exigida, conforme o subitem 2.2.1;<\/p>\n\n\n\n<p>Os crit\u00e9rios e respectivas pontua\u00e7\u00f5es a ser considerados para An\u00e1lise Documental e Curricular s\u00e3o os constantes do Anexo IV do Edital;<\/p>\n\n\n\n<p>N\u00e3o ser\u00e1 aceita, para fins de comprova\u00e7\u00e3o da An\u00e1lise Documental e Curricular, documenta\u00e7\u00e3o ileg\u00edvel, parcial, incompleta, extempor\u00e2nea ou com erro de preenchimento e\/ou digita\u00e7\u00e3o;<\/p>\n\n\n\n<p>A nota do candidato nesta fase ser\u00e1 a valida\u00e7\u00e3o do somat\u00f3rio dos pontos obtidos em rela\u00e7\u00e3o a sua An\u00e1lise Documental e Curricular.<\/p>\n\n\n\n<h3 class=\"wp-block-heading\" id=\"discursiva\">Entrevista<\/h3>\n\n\n\n<p>Ser\u00e3o convocados para entrevista somente os classificados na etapa anterior, pela ordem decrescente da pontua\u00e7\u00e3o obtida na An\u00e1lise Documental e Curricular, respeitando o crit\u00e9rio de desempate;<\/p>\n\n\n\n<p>Os Crit\u00e9rios de Avalia\u00e7\u00e3o para Entrevista e suas respectivas pontua\u00e7\u00f5es s\u00e3o os constantes no Anexo V do Edital;<\/p>\n\n\n\n<p>A nota do candidato nesta terceira fase ser\u00e1 a somat\u00f3ria dos pontos obtidos de acordo com os crit\u00e9rios de avalia\u00e7\u00e3o de sua respectiva entrevista; Ser\u00e1 aprovado nesta fase o candidato que obtiver a nota m\u00ednima de 6,0 (seis) pontos;<br \/><br \/>Somente ingressar\u00e1 nos espa\u00e7os da entrevista, o candidato que estiver portando documento de identifica\u00e7\u00e3o oficial original com foto e curr\u00edculo resumido de no m\u00e1ximo 03 (tr\u00eas) p\u00e1ginas, contendo as comprova\u00e7\u00f5es prestadas no ato da inscri\u00e7\u00e3o.<br \/><br \/>Por ocasi\u00e3o da realiza\u00e7\u00e3o da Entrevista, o candidato que n\u00e3o apresentar documento de identidade original, na forma definida no subitem 2.3.9.1 do edital, n\u00e3o poder\u00e1 realiz\u00e1-la e ser\u00e1 automaticamente eliminado do PSS;<\/p>\n\n\n\n<p>O candidato, no momento da Entrevista dever\u00e1 assinar lista de presen\u00e7a emitida pelo DETRAN\/PA, para comprova\u00e7\u00e3o de comparecimento.<\/p>\n\n\n\n<p>Ser\u00e1 automaticamente eliminado do processo, o candidato que n\u00e3o comparecer para realizar a entrevista no local, datas e hor\u00e1rios definidos.<\/p>\n\n\n\n<h3 class=\"wp-block-heading\">Da Classifica\u00e7\u00e3o Final<\/h3>\n\n\n\n<p>A pontua\u00e7\u00e3o final do candidato ser\u00e1 composta pela somat\u00f3ria das notas obtidas na an\u00e1lise documental, curricular e entrevista. Os candidatos ser\u00e3o classificados pela ordem decrescente da pontua\u00e7\u00e3o final, observadas a pontua\u00e7\u00e3o final de que trata os subitens anteriores.<\/p>\n\n\n\n<p>Ser\u00e1 considerado APROVADO E CLASSIFICADO, o candidato cuja ordem de classifica\u00e7\u00e3o esteja dentro do n\u00famero de vagas ofertadas para a fun\u00e7\u00e3o a qual concorre, conforme Anexo I deste Edital.<\/p>\n\n\n\n<p><strong>N\u00e3o haver\u00e1 forma\u00e7\u00e3o de cadastro de reserva.<\/strong><\/p>\n\n\n\n<hr class=\"wp-block-separator\"\/>\n\n\n\n<h2 class=\"has-text-align-center wp-block-heading\" id=\"cursos-assinatura\">Quer estudar para a sele\u00e7\u00e3o Detran PA?<\/h2>\n\n\n\n<div class=\"container\" id=\"boxes\">\n  <div class=\"row\">\n\n    <div class=\"col-sm\">\n      <div class=\"banner-estrategia\" id=\"box-assinatura\">\n        <h3 class=\"titulo-assinatura\">Detran PA<\/h3>\n        <p class=\"subtitulo-assinatura\">Conhe\u00e7a os cursos<\/p>\n        <div class=\"box-botao\">\n          <a class=\"btn-assinatura\" target=\"_blank\" href=\"https:\/\/www.estrategiaconcursos.com.br\/cursos\/\" role=\"button\" rel=\"noopener noreferrer\">Conhe\u00e7a mais<\/a>\n        <\/div>\n      <\/div>\n     \n    <\/div>\n\n  <\/div>\n<\/div>\n\n\n\n<div class=\"container\" id=\"boxes\">\n  <div class=\"row\">\n\n    <div class=\"col-sm\">\n      <div class=\"estrategia\" id=\"box-assinatura\">\n        <h3 class=\"titulo-assinatura\">Assinatura Concursos<\/h3>\n        <p class=\"subtitulo-assinatura\">Assinatura de 1 ano ou 2 anos<\/p>\n        <div class=\"box-botao\">\n          <a class=\"btn-assinatura\" target=\"_blank\" href=\"https:\/\/www.estrategiaconcursos.com.br\/assinaturas\/\" role=\"button\" rel=\"noopener noreferrer\">ASSINE AGORA<\/a>\n        <\/div>\n      <\/div><\/div><\/div><\/div>\n\n\n\n<div class=\"container\" id=\"boxes\">\n  <div class=\"row\">\n\n    <div class=\"col-sm\" id=\"boxes-concursos\">\n      <div style=\"background-color: #005DAD;\" class=\"conteudo-concursos\" id=\"box-concursos\">\n        <h3 class=\"titulo-assinatura\">Concursos Abertos<\/h3>\n        <p class=\"subtitulo-assinatura\">Os editais publicados<\/p>\n        <div class=\"box-botao\">\n          <a class=\"btn-assinatura\" target=\"_blank\" href=\"https:\/\/www.estrategiaconcursos.com.br\/blog\/concursos-abertos\/\" role=\"button\" rel=\"noopener noreferrer\">Conhe\u00e7a Agora<\/a>\n        <\/div>\n      <\/div>\n    <\/div>\n\n    <div class=\"col-sm\" id=\"boxes-concursos\">\n      <div style=\"background-color: #1A7ED5;\" class=\"conteudo-concursos\" id=\"box-concursos\">\n        <h3 class=\"titulo-assinatura\">Concursos 2021<\/h3>\n        <p class=\"subtitulo-assinatura\">As oportunidades previstas<\/p>\n        <div class=\"box-botao\">\n          <a class=\"btn-assinatura\" target=\"_blank\" href=\"https:\/\/www.estrategiaconcursos.com.br\/blog\/concursos-2021\/\" role=\"button\" rel=\"noopener noreferrer\">Conhe\u00e7a Agora<\/a>\n        <\/div>\n      <\/div>\n    <\/div>\n\n    <div class=\"col-sm\" id=\"boxes-concursos\">\n      <div style=\"background-color: #419FF0;\" class=\"conteudo-concursos\" id=\"box-concursos\">\n        <h3 class=\"titulo-assinatura\">Concursos 2022<\/h3>\n        <p class=\"subtitulo-assinatura\">Vagas para o pr\u00f3ximo ano<\/p>\n        <div class=\"box-botao\">\n          <a class=\"btn-assinatura\" target=\"_blank\" href=\"https:\/\/www.estrategiaconcursos.com.br\/blog\/concursos-2022\/\" role=\"button\" rel=\"noopener noreferrer\">Conhe\u00e7a Agora<\/a>\n        <\/div>\n      <\/div>\n    <\/div>\n\n  <\/div>\n<\/div>\n\n\n\n<figure class=\"wp-block-image size-large is-resized\"><img loading=\"lazy\" decoding=\"async\" src=\"https:\/\/dhg1h5j42swfq.cloudfront.net\/2025\/06\/27101122\/ficha-tecnica-1-1024x632.png\" alt=\"Informa\u00e7\u00f5es da sele\u00e7\u00e3o Detran PA\" class=\"wp-image-702728\" width=\"269\" height=\"166\" srcset=\"https:\/\/dhg1h5j42swfq.cloudfront.net\/2025\/06\/27101122\/ficha-tecnica-1-1024x632.png 1024w, https:\/\/dhg1h5j42swfq.cloudfront.net\/2025\/06\/27101122\/ficha-tecnica-1-300x185.png 300w, https:\/\/dhg1h5j42swfq.cloudfront.net\/2025\/06\/27101122\/ficha-tecnica-1-768x474.png 768w, https:\/\/dhg1h5j42swfq.cloudfront.net\/2025\/06\/27101122\/ficha-tecnica-1-1536x948.png 1536w, https:\/\/dhg1h5j42swfq.cloudfront.net\/2025\/06\/27101122\/ficha-tecnica-1-610x377.png 610w, https:\/\/dhg1h5j42swfq.cloudfront.net\/2025\/06\/27101122\/ficha-tecnica-1.png 1571w\" sizes=\"auto, (max-width: 269px) 100vw, 269px\" \/><\/figure>\n\n\n\n<h3 class=\"wp-block-heading\" id=\"ficha\">Informa\u00e7\u00f5es da sele\u00e7\u00e3o Detran PA<\/h3>\n\n\n\n<ul class=\"wp-block-list\"><li><strong>Inscri\u00e7\u00f5es<\/strong>: 16 a 17 de setembro<\/li><li><strong>Entrevista<\/strong>: 04 outubro a 03 de novembro<\/li><li><strong>Vagas<\/strong>: 158<\/li><li><strong>Cargo<\/strong>: Assistente de Tr\u00e2nsito tempor\u00e1rio<\/li><li><strong>Banca<\/strong>: Sipros<\/li><li><strong>Escolaridade<\/strong>: N\u00edvel m\u00e9dio<\/li><li><strong>Edital<\/strong>:&nbsp;<a href=\"https:\/\/www.sipros.pa.gov.br\/selecoes\/eyJpdiI6IlFhZGdkUW51dHBtZy9NN3hxZDd5ZVE9PSIsInZhbHVlIjoiU2FXR3E0a0lrcHBUTDI5RENEZitpdz09IiwibWFjIjoiZTE0YzZjYjQ2MTFhMzg0YzAwOTg2N2FhNGY2NzgwZTQ0MzgyZjY5ZDJkNjkyM2Q5ZjlkNjM5NjNkYjhjN2UwZCJ9\/arquivo\" target=\"_blank\" rel=\"noreferrer noopener\"><strong>Detran PA &#8211; Assistente de Tr\u00e2nsito<\/strong><\/a><\/li><\/ul>\n","protected":false},"excerpt":{"rendered":"<p>Foi publicado o edital da nova sele\u00e7\u00e3o do Detran PA. Conforme o documento, s\u00e3o ofertadas 158 vagas, sendo 4 (quatro) reservadas aos candidatos com defici\u00eancia (PcDs). Detran PA &#8211; Assistente de Tr\u00e2nsito Status: Edital publicado Banca: Sipros Vagas: 158 Sal\u00e1rio inicial: R$ 1.317,14 Os interessados em participar da sele\u00e7\u00e3o devem realizar as inscri\u00e7\u00f5es no per\u00edodo [&hellip;]<\/p>\n","protected":false},"author":1,"featured_media":862092,"comment_status":"open","ping_status":"closed","sticky":false,"template":"","format":"standard","meta":{"post_tipo":"news","footnotes":""},"categories":[214992],"tags":[],"tax_estado":[219977],"class_list":["post-861959","post","type-post","status-publish","format-standard","has-post-thumbnail","hentry","category-concursos-administrativos","tax_estado-pa"],"acf":[],"yoast_head":"<!-- This site is optimized with the Yoast SEO Premium plugin v27.2 (Yoast SEO v27.2) - https:\/\/yoast.com\/product\/yoast-seo-premium-wordpress\/ -->\n<title>Detran PA abre sele\u00e7\u00e3o com 158 vagas. Confira!<\/title>\n<meta name=\"description\" content=\"Foi publicado o edital da sele\u00e7\u00e3o Detran PA para o cargo de Assistente de Tr\u00e2nsito tempor\u00e1rio, com 158 vagas. Confira as informa\u00e7\u00f5es aqui!\" \/>\n<meta name=\"robots\" content=\"index, follow, max-snippet:-1, max-image-preview:large, max-video-preview:-1\" \/>\n<link rel=\"canonical\" href=\"https:\/\/www.estrategiaconcursos.com.br\/blog\/detran-pa-selecao\/\" \/>\n<meta property=\"og:locale\" content=\"pt_BR\" \/>\n<meta property=\"og:type\" content=\"article\" \/>\n<meta property=\"og:title\" content=\"Detran PA abre sele\u00e7\u00e3o com 158 vagas. Confira!\" \/>\n<meta property=\"og:description\" content=\"Foi publicado o edital da sele\u00e7\u00e3o Detran PA para o cargo de Assistente de Tr\u00e2nsito tempor\u00e1rio, com 158 vagas. Confira as informa\u00e7\u00f5es aqui!\" \/>\n<meta property=\"og:url\" content=\"https:\/\/www.estrategiaconcursos.com.br\/blog\/detran-pa-selecao\/\" \/>\n<meta property=\"og:site_name\" content=\"Estrat\u00e9gia Concursos\" \/>\n<meta property=\"article:author\" content=\"https:\/\/www.facebook.com\/EstrategiaConcursos\" \/>\n<meta property=\"article:published_time\" content=\"2021-09-15T20:49:47+00:00\" \/>\n<meta property=\"article:modified_time\" content=\"2021-09-16T19:41:41+00:00\" \/>\n<meta property=\"og:image\" content=\"https:\/\/dhg1h5j42swfq.cloudfront.net\/2021\/09\/15174933\/detran-pa-departamento-de-transito-do-estado-do-para.png\" \/>\n\t<meta property=\"og:image:width\" content=\"990\" \/>\n\t<meta property=\"og:image:height\" content=\"774\" \/>\n\t<meta property=\"og:image:type\" content=\"image\/png\" \/>\n<meta name=\"author\" content=\"Coordena\u00e7\u00e3o\" \/>\n<meta name=\"twitter:card\" content=\"summary_large_image\" \/>\n<meta name=\"twitter:creator\" content=\"@EstratConcursos\" \/>\n<meta name=\"twitter:site\" content=\"@EstratConcursos\" \/>\n<meta name=\"twitter:label1\" content=\"Escrito por\" \/>\n\t<meta name=\"twitter:data1\" content=\"Coordena\u00e7\u00e3o\" \/>\n\t<meta name=\"twitter:label2\" content=\"Est. tempo de leitura\" \/>\n\t<meta name=\"twitter:data2\" content=\"8 minutos\" \/>\n<script type=\"application\/ld+json\" class=\"yoast-schema-graph\">{\"@context\":\"https:\/\/schema.org\",\"@graph\":[{\"@type\":\"NewsArticle\",\"@id\":\"https:\/\/www.estrategiaconcursos.com.br\/blog\/detran-pa-selecao\/#article\",\"isPartOf\":{\"@id\":\"https:\/\/www.estrategiaconcursos.com.br\/blog\/detran-pa-selecao\/\"},\"author\":{\"name\":\"Coordena\u00e7\u00e3o\",\"@id\":\"https:\/\/www.estrategiaconcursos.com.br\/blog\/#\/schema\/person\/b4a388c97673c5f483d72185668afa1f\"},\"headline\":\"Detran PA abre sele\u00e7\u00e3o com 158 vagas. Confira!\",\"datePublished\":\"2021-09-15T20:49:47+00:00\",\"dateModified\":\"2021-09-16T19:41:41+00:00\",\"mainEntityOfPage\":{\"@id\":\"https:\/\/www.estrategiaconcursos.com.br\/blog\/detran-pa-selecao\/\"},\"wordCount\":1978,\"commentCount\":0,\"publisher\":{\"@id\":\"https:\/\/www.estrategiaconcursos.com.br\/blog\/#organization\"},\"image\":{\"@id\":\"https:\/\/www.estrategiaconcursos.com.br\/blog\/detran-pa-selecao\/#primaryimage\"},\"thumbnailUrl\":\"https:\/\/dhg1h5j42swfq.cloudfront.net\/2021\/09\/15174933\/detran-pa-departamento-de-transito-do-estado-do-para.png\",\"articleSection\":[\"Executivo (Administrativa)\"],\"inLanguage\":\"pt-BR\",\"potentialAction\":[{\"@type\":\"CommentAction\",\"name\":\"Comment\",\"target\":[\"https:\/\/www.estrategiaconcursos.com.br\/blog\/detran-pa-selecao\/#respond\"]}],\"copyrightYear\":\"2021\",\"copyrightHolder\":{\"@id\":\"https:\/\/www.estrategiaconcursos.com.br\/blog\/#organization\"}},{\"@type\":\"WebPage\",\"@id\":\"https:\/\/www.estrategiaconcursos.com.br\/blog\/detran-pa-selecao\/\",\"url\":\"https:\/\/www.estrategiaconcursos.com.br\/blog\/detran-pa-selecao\/\",\"name\":\"Detran PA abre sele\u00e7\u00e3o com 158 vagas. Confira!\",\"isPartOf\":{\"@id\":\"https:\/\/www.estrategiaconcursos.com.br\/blog\/#website\"},\"primaryImageOfPage\":{\"@id\":\"https:\/\/www.estrategiaconcursos.com.br\/blog\/detran-pa-selecao\/#primaryimage\"},\"image\":{\"@id\":\"https:\/\/www.estrategiaconcursos.com.br\/blog\/detran-pa-selecao\/#primaryimage\"},\"thumbnailUrl\":\"https:\/\/dhg1h5j42swfq.cloudfront.net\/2021\/09\/15174933\/detran-pa-departamento-de-transito-do-estado-do-para.png\",\"datePublished\":\"2021-09-15T20:49:47+00:00\",\"dateModified\":\"2021-09-16T19:41:41+00:00\",\"description\":\"Foi publicado o edital da sele\u00e7\u00e3o Detran PA para o cargo de Assistente de Tr\u00e2nsito tempor\u00e1rio, com 158 vagas. Confira as informa\u00e7\u00f5es aqui!\",\"breadcrumb\":{\"@id\":\"https:\/\/www.estrategiaconcursos.com.br\/blog\/detran-pa-selecao\/#breadcrumb\"},\"inLanguage\":\"pt-BR\",\"potentialAction\":[{\"@type\":\"ReadAction\",\"target\":[\"https:\/\/www.estrategiaconcursos.com.br\/blog\/detran-pa-selecao\/\"]}]},{\"@type\":\"ImageObject\",\"inLanguage\":\"pt-BR\",\"@id\":\"https:\/\/www.estrategiaconcursos.com.br\/blog\/detran-pa-selecao\/#primaryimage\",\"url\":\"https:\/\/dhg1h5j42swfq.cloudfront.net\/2021\/09\/15174933\/detran-pa-departamento-de-transito-do-estado-do-para.png\",\"contentUrl\":\"https:\/\/dhg1h5j42swfq.cloudfront.net\/2021\/09\/15174933\/detran-pa-departamento-de-transito-do-estado-do-para.png\",\"width\":990,\"height\":774},{\"@type\":\"BreadcrumbList\",\"@id\":\"https:\/\/www.estrategiaconcursos.com.br\/blog\/detran-pa-selecao\/#breadcrumb\",\"itemListElement\":[{\"@type\":\"ListItem\",\"position\":1,\"name\":\"In\u00edcio\",\"item\":\"https:\/\/www.estrategiaconcursos.com.br\/blog\/\"},{\"@type\":\"ListItem\",\"position\":2,\"name\":\"Detran PA abre sele\u00e7\u00e3o com 158 vagas. Confira!\"}]},{\"@type\":\"WebSite\",\"@id\":\"https:\/\/www.estrategiaconcursos.com.br\/blog\/#website\",\"url\":\"https:\/\/www.estrategiaconcursos.com.br\/blog\/\",\"name\":\"Estrat\u00e9gia Concursos\",\"description\":\"O blog da Estrat\u00e9gia Concursos traz not\u00edcias sobre concursos e artigos de professores oferecendo cursos para concursos (pdf + videaulas) no site.\",\"publisher\":{\"@id\":\"https:\/\/www.estrategiaconcursos.com.br\/blog\/#organization\"},\"potentialAction\":[{\"@type\":\"SearchAction\",\"target\":{\"@type\":\"EntryPoint\",\"urlTemplate\":\"https:\/\/www.estrategiaconcursos.com.br\/blog\/?s={search_term_string}\"},\"query-input\":{\"@type\":\"PropertyValueSpecification\",\"valueRequired\":true,\"valueName\":\"search_term_string\"}}],\"inLanguage\":\"pt-BR\"},{\"@type\":\"Organization\",\"@id\":\"https:\/\/www.estrategiaconcursos.com.br\/blog\/#organization\",\"name\":\"Estrat\u00e9gia Concursos\",\"url\":\"https:\/\/www.estrategiaconcursos.com.br\/blog\/\",\"logo\":{\"@type\":\"ImageObject\",\"inLanguage\":\"pt-BR\",\"@id\":\"https:\/\/www.estrategiaconcursos.com.br\/blog\/#\/schema\/logo\/image\/\",\"url\":\"https:\/\/dhg1h5j42swfq.cloudfront.net\/2025\/06\/03203428\/logo_concursos-1.jpg\",\"contentUrl\":\"https:\/\/dhg1h5j42swfq.cloudfront.net\/2025\/06\/03203428\/logo_concursos-1.jpg\",\"width\":230,\"height\":60,\"caption\":\"Estrat\u00e9gia Concursos\"},\"image\":{\"@id\":\"https:\/\/www.estrategiaconcursos.com.br\/blog\/#\/schema\/logo\/image\/\"},\"sameAs\":[\"https:\/\/x.com\/EstratConcursos\"]},{\"@type\":\"Person\",\"@id\":\"https:\/\/www.estrategiaconcursos.com.br\/blog\/#\/schema\/person\/b4a388c97673c5f483d72185668afa1f\",\"name\":\"Coordena\u00e7\u00e3o\",\"image\":{\"@type\":\"ImageObject\",\"inLanguage\":\"pt-BR\",\"@id\":\"https:\/\/secure.gravatar.com\/avatar\/b720319e4c9a967eb58678d110f4fe35452fc5d5f97b202bac7b8acceb18c6ad?s=96&d=mm&r=g\",\"url\":\"https:\/\/secure.gravatar.com\/avatar\/b720319e4c9a967eb58678d110f4fe35452fc5d5f97b202bac7b8acceb18c6ad?s=96&d=mm&r=g\",\"contentUrl\":\"https:\/\/secure.gravatar.com\/avatar\/b720319e4c9a967eb58678d110f4fe35452fc5d5f97b202bac7b8acceb18c6ad?s=96&d=mm&r=g\",\"caption\":\"Coordena\u00e7\u00e3o\"},\"sameAs\":[\"https:\/\/www.facebook.com\/EstrategiaConcursos\",\"https:\/\/x.com\/EstratConcursos\"],\"url\":\"https:\/\/www.estrategiaconcursos.com.br\/blog\/author\/estrategia2013\/\"}]}<\/script>\n<!-- \/ Yoast SEO Premium plugin. -->","yoast_head_json":{"title":"Detran PA abre sele\u00e7\u00e3o com 158 vagas. Confira!","description":"Foi publicado o edital da sele\u00e7\u00e3o Detran PA para o cargo de Assistente de Tr\u00e2nsito tempor\u00e1rio, com 158 vagas. Confira as informa\u00e7\u00f5es aqui!","robots":{"index":"index","follow":"follow","max-snippet":"max-snippet:-1","max-image-preview":"max-image-preview:large","max-video-preview":"max-video-preview:-1"},"canonical":"https:\/\/www.estrategiaconcursos.com.br\/blog\/detran-pa-selecao\/","og_locale":"pt_BR","og_type":"article","og_title":"Detran PA abre sele\u00e7\u00e3o com 158 vagas. Confira!","og_description":"Foi publicado o edital da sele\u00e7\u00e3o Detran PA para o cargo de Assistente de Tr\u00e2nsito tempor\u00e1rio, com 158 vagas. Confira as informa\u00e7\u00f5es aqui!","og_url":"https:\/\/www.estrategiaconcursos.com.br\/blog\/detran-pa-selecao\/","og_site_name":"Estrat\u00e9gia Concursos","article_author":"https:\/\/www.facebook.com\/EstrategiaConcursos","article_published_time":"2021-09-15T20:49:47+00:00","article_modified_time":"2021-09-16T19:41:41+00:00","og_image":[{"width":990,"height":774,"url":"https:\/\/dhg1h5j42swfq.cloudfront.net\/2021\/09\/15174933\/detran-pa-departamento-de-transito-do-estado-do-para.png","type":"image\/png"}],"author":"Coordena\u00e7\u00e3o","twitter_card":"summary_large_image","twitter_creator":"@EstratConcursos","twitter_site":"@EstratConcursos","twitter_misc":{"Escrito por":"Coordena\u00e7\u00e3o","Est. tempo de leitura":"8 minutos"},"schema":{"@context":"https:\/\/schema.org","@graph":[{"@type":"NewsArticle","@id":"https:\/\/www.estrategiaconcursos.com.br\/blog\/detran-pa-selecao\/#article","isPartOf":{"@id":"https:\/\/www.estrategiaconcursos.com.br\/blog\/detran-pa-selecao\/"},"author":{"name":"Coordena\u00e7\u00e3o","@id":"https:\/\/www.estrategiaconcursos.com.br\/blog\/#\/schema\/person\/b4a388c97673c5f483d72185668afa1f"},"headline":"Detran PA abre sele\u00e7\u00e3o com 158 vagas. Confira!","datePublished":"2021-09-15T20:49:47+00:00","dateModified":"2021-09-16T19:41:41+00:00","mainEntityOfPage":{"@id":"https:\/\/www.estrategiaconcursos.com.br\/blog\/detran-pa-selecao\/"},"wordCount":1978,"commentCount":0,"publisher":{"@id":"https:\/\/www.estrategiaconcursos.com.br\/blog\/#organization"},"image":{"@id":"https:\/\/www.estrategiaconcursos.com.br\/blog\/detran-pa-selecao\/#primaryimage"},"thumbnailUrl":"https:\/\/dhg1h5j42swfq.cloudfront.net\/2021\/09\/15174933\/detran-pa-departamento-de-transito-do-estado-do-para.png","articleSection":["Executivo (Administrativa)"],"inLanguage":"pt-BR","potentialAction":[{"@type":"CommentAction","name":"Comment","target":["https:\/\/www.estrategiaconcursos.com.br\/blog\/detran-pa-selecao\/#respond"]}],"copyrightYear":"2021","copyrightHolder":{"@id":"https:\/\/www.estrategiaconcursos.com.br\/blog\/#organization"}},{"@type":"WebPage","@id":"https:\/\/www.estrategiaconcursos.com.br\/blog\/detran-pa-selecao\/","url":"https:\/\/www.estrategiaconcursos.com.br\/blog\/detran-pa-selecao\/","name":"Detran PA abre sele\u00e7\u00e3o com 158 vagas. Confira!","isPartOf":{"@id":"https:\/\/www.estrategiaconcursos.com.br\/blog\/#website"},"primaryImageOfPage":{"@id":"https:\/\/www.estrategiaconcursos.com.br\/blog\/detran-pa-selecao\/#primaryimage"},"image":{"@id":"https:\/\/www.estrategiaconcursos.com.br\/blog\/detran-pa-selecao\/#primaryimage"},"thumbnailUrl":"https:\/\/dhg1h5j42swfq.cloudfront.net\/2021\/09\/15174933\/detran-pa-departamento-de-transito-do-estado-do-para.png","datePublished":"2021-09-15T20:49:47+00:00","dateModified":"2021-09-16T19:41:41+00:00","description":"Foi publicado o edital da sele\u00e7\u00e3o Detran PA para o cargo de Assistente de Tr\u00e2nsito tempor\u00e1rio, com 158 vagas. Confira as informa\u00e7\u00f5es aqui!","breadcrumb":{"@id":"https:\/\/www.estrategiaconcursos.com.br\/blog\/detran-pa-selecao\/#breadcrumb"},"inLanguage":"pt-BR","potentialAction":[{"@type":"ReadAction","target":["https:\/\/www.estrategiaconcursos.com.br\/blog\/detran-pa-selecao\/"]}]},{"@type":"ImageObject","inLanguage":"pt-BR","@id":"https:\/\/www.estrategiaconcursos.com.br\/blog\/detran-pa-selecao\/#primaryimage","url":"https:\/\/dhg1h5j42swfq.cloudfront.net\/2021\/09\/15174933\/detran-pa-departamento-de-transito-do-estado-do-para.png","contentUrl":"https:\/\/dhg1h5j42swfq.cloudfront.net\/2021\/09\/15174933\/detran-pa-departamento-de-transito-do-estado-do-para.png","width":990,"height":774},{"@type":"BreadcrumbList","@id":"https:\/\/www.estrategiaconcursos.com.br\/blog\/detran-pa-selecao\/#breadcrumb","itemListElement":[{"@type":"ListItem","position":1,"name":"In\u00edcio","item":"https:\/\/www.estrategiaconcursos.com.br\/blog\/"},{"@type":"ListItem","position":2,"name":"Detran PA abre sele\u00e7\u00e3o com 158 vagas. Confira!"}]},{"@type":"WebSite","@id":"https:\/\/www.estrategiaconcursos.com.br\/blog\/#website","url":"https:\/\/www.estrategiaconcursos.com.br\/blog\/","name":"Estrat\u00e9gia Concursos","description":"O blog da Estrat\u00e9gia Concursos traz not\u00edcias sobre concursos e artigos de professores oferecendo cursos para concursos (pdf + videaulas) no site.","publisher":{"@id":"https:\/\/www.estrategiaconcursos.com.br\/blog\/#organization"},"potentialAction":[{"@type":"SearchAction","target":{"@type":"EntryPoint","urlTemplate":"https:\/\/www.estrategiaconcursos.com.br\/blog\/?s={search_term_string}"},"query-input":{"@type":"PropertyValueSpecification","valueRequired":true,"valueName":"search_term_string"}}],"inLanguage":"pt-BR"},{"@type":"Organization","@id":"https:\/\/www.estrategiaconcursos.com.br\/blog\/#organization","name":"Estrat\u00e9gia Concursos","url":"https:\/\/www.estrategiaconcursos.com.br\/blog\/","logo":{"@type":"ImageObject","inLanguage":"pt-BR","@id":"https:\/\/www.estrategiaconcursos.com.br\/blog\/#\/schema\/logo\/image\/","url":"https:\/\/dhg1h5j42swfq.cloudfront.net\/2025\/06\/03203428\/logo_concursos-1.jpg","contentUrl":"https:\/\/dhg1h5j42swfq.cloudfront.net\/2025\/06\/03203428\/logo_concursos-1.jpg","width":230,"height":60,"caption":"Estrat\u00e9gia Concursos"},"image":{"@id":"https:\/\/www.estrategiaconcursos.com.br\/blog\/#\/schema\/logo\/image\/"},"sameAs":["https:\/\/x.com\/EstratConcursos"]},{"@type":"Person","@id":"https:\/\/www.estrategiaconcursos.com.br\/blog\/#\/schema\/person\/b4a388c97673c5f483d72185668afa1f","name":"Coordena\u00e7\u00e3o","image":{"@type":"ImageObject","inLanguage":"pt-BR","@id":"https:\/\/secure.gravatar.com\/avatar\/b720319e4c9a967eb58678d110f4fe35452fc5d5f97b202bac7b8acceb18c6ad?s=96&d=mm&r=g","url":"https:\/\/secure.gravatar.com\/avatar\/b720319e4c9a967eb58678d110f4fe35452fc5d5f97b202bac7b8acceb18c6ad?s=96&d=mm&r=g","contentUrl":"https:\/\/secure.gravatar.com\/avatar\/b720319e4c9a967eb58678d110f4fe35452fc5d5f97b202bac7b8acceb18c6ad?s=96&d=mm&r=g","caption":"Coordena\u00e7\u00e3o"},"sameAs":["https:\/\/www.facebook.com\/EstrategiaConcursos","https:\/\/x.com\/EstratConcursos"],"url":"https:\/\/www.estrategiaconcursos.com.br\/blog\/author\/estrategia2013\/"}]}},"_links":{"self":[{"href":"https:\/\/www.estrategiaconcursos.com.br\/blog\/wp-json\/wp\/v2\/posts\/861959","targetHints":{"allow":["GET"]}}],"collection":[{"href":"https:\/\/www.estrategiaconcursos.com.br\/blog\/wp-json\/wp\/v2\/posts"}],"about":[{"href":"https:\/\/www.estrategiaconcursos.com.br\/blog\/wp-json\/wp\/v2\/types\/post"}],"author":[{"embeddable":true,"href":"https:\/\/www.estrategiaconcursos.com.br\/blog\/wp-json\/wp\/v2\/users\/1"}],"replies":[{"embeddable":true,"href":"https:\/\/www.estrategiaconcursos.com.br\/blog\/wp-json\/wp\/v2\/comments?post=861959"}],"version-history":[{"count":21,"href":"https:\/\/www.estrategiaconcursos.com.br\/blog\/wp-json\/wp\/v2\/posts\/861959\/revisions"}],"predecessor-version":[{"id":862824,"href":"https:\/\/www.estrategiaconcursos.com.br\/blog\/wp-json\/wp\/v2\/posts\/861959\/revisions\/862824"}],"wp:featuredmedia":[{"embeddable":true,"href":"https:\/\/www.estrategiaconcursos.com.br\/blog\/wp-json\/wp\/v2\/media\/862092"}],"wp:attachment":[{"href":"https:\/\/www.estrategiaconcursos.com.br\/blog\/wp-json\/wp\/v2\/media?parent=861959"}],"wp:term":[{"taxonomy":"category","embeddable":true,"href":"https:\/\/www.estrategiaconcursos.com.br\/blog\/wp-json\/wp\/v2\/categories?post=861959"},{"taxonomy":"post_tag","embeddable":true,"href":"https:\/\/www.estrategiaconcursos.com.br\/blog\/wp-json\/wp\/v2\/tags?post=861959"},{"taxonomy":"tax_estado","embeddable":true,"href":"https:\/\/www.estrategiaconcursos.com.br\/blog\/wp-json\/wp\/v2\/tax_estado?post=861959"}],"curies":[{"name":"wp","href":"https:\/\/api.w.org\/{rel}","templated":true}]}}