{"id":861077,"date":"2021-09-14T16:50:01","date_gmt":"2021-09-14T19:50:01","guid":{"rendered":"https:\/\/www.estrategiaconcursos.com.br\/blog\/?p=861077"},"modified":"2021-09-14T16:54:07","modified_gmt":"2021-09-14T19:54:07","slug":"manaus-concursos-saude-seguranca","status":"publish","type":"post","link":"https:\/\/www.estrategiaconcursos.com.br\/blog\/manaus-concursos-saude-seguranca\/","title":{"rendered":"Prefeito de Manaus anuncia concursos para Sa\u00fade e Seguran\u00e7a"},"content":{"rendered":"\n<p>Em entrevista para uma emissora de televis\u00e3o, o prefeito do munic\u00edpio de <a href=\"https:\/\/www.manaus.am.gov.br\/\" target=\"_blank\" rel=\"noreferrer noopener\">Manaus<\/a>, David Almeida, anunciou novos concursos para as \u00e1reas da Sa\u00fade e Seguran\u00e7a P\u00fablica. <\/p>\n\n\n\n<div class=\"wp-block-image\"><figure class=\"aligncenter size-full\"><img loading=\"lazy\" decoding=\"async\" width=\"720\" height=\"407\" src=\"https:\/\/dhg1h5j42swfq.cloudfront.net\/2021\/09\/14164402\/img_9673-720x407-1.jpg\" alt=\"\" class=\"wp-image-861107\" srcset=\"https:\/\/dhg1h5j42swfq.cloudfront.net\/2021\/09\/14164402\/img_9673-720x407-1.jpg 720w, https:\/\/dhg1h5j42swfq.cloudfront.net\/2021\/09\/14164402\/img_9673-720x407-1-300x170.jpg 300w, https:\/\/dhg1h5j42swfq.cloudfront.net\/2021\/09\/14164402\/img_9673-720x407-1-610x345.jpg 610w\" sizes=\"auto, (max-width: 720px) 100vw, 720px\" \/><figcaption>Manaus ter\u00e1 novos concursos para as \u00e1reas da Sa\u00fade e Seguran\u00e7a | Imagem: reprodu\u00e7\u00e3o<\/figcaption><\/figure><\/div>\n\n\n\n<p>Conforme j\u00e1 anunciado pelo Estrat\u00e9gia Concursos, o <strong>concurso SEMSA Manaus<\/strong>&nbsp;ofertar\u00e1 2.001 vagas imediatas, al\u00e9m de oportunidades para forma\u00e7\u00e3o de cadastro de reserva. Segundo a previs\u00e3o do prefeito, o edital deve ser publicado at\u00e9 outubro, com provas em fevereiro de 2022.<\/p>\n\n\n\n<p>O objetivo da sele\u00e7\u00e3o \u00e9 suprir o d\u00e9ficit atual da Secretaria que possui, aproximadamente, um d\u00e9ficit de 2,8 mil profissionais. As oportunidades ser\u00e3o distribu\u00eddas entre diversos cargos, tais como m\u00e9dico, enfermeiro, farmac\u00eautico, nutricionista, assistente social, t\u00e9cnico em enfermagem, condutor de ambul\u00e2ncia e assistente em administra\u00e7\u00e3o.<\/p>\n\n\n\n<blockquote class=\"wp-block-quote is-layout-flow wp-block-quote-is-layout-flow\"><p><em>\u201cTemos um n\u00famero grande de pessoas que est\u00e3o deixando a secretaria por aposentadoria ou cumpriram o tempo de trabalho. Isso deixou um v\u00e1cuo muito grande de pessoas na nossa administra\u00e7\u00e3o\u201d<\/em>, disse o prefeito Davi Almeida.<\/p><\/blockquote>\n\n\n\n<h4 class=\"wp-block-heading\" id=\"h-concurso-da-guarda-municipal\"> Concurso da Guarda Municipal<\/h4>\n\n\n\n<p>Segundo as \u00faltimas declara\u00e7\u00e3o do vereador Carp\u00ea Andrade, o munic\u00edpio conta com uma guarda abandonada e com idade avan\u00e7ada. E para mudar este quadro, um novo concurso Guarda de Manaus AM tamb\u00e9m foi anunciado.<\/p>\n\n\n\n<p>&#8220;N\u00e3o vou especificar o n\u00famero de guardas a serem contratados, por\u00e9m, at\u00e9 o final do ano, lan\u00e7aremos este edital para a Guarda Municipal&#8221;, anunciou Almeida.<\/p>\n\n\n\n<p>Agora que voc\u00ea j\u00e1 que que teremos novos concursos das \u00e1reas de Sa\u00fade e Seguran\u00e7a em Manaus, \u00e9 hora de iniciar seu preparo. Acesse os artigos abaixo e n\u00e3o perca nenhum detalhe. <\/p>\n\n\n\n<p class=\"has-text-align-center has-pale-cyan-blue-background-color has-background has-medium-font-size\"><strong><a href=\"https:\/\/www.estrategiaconcursos.com.br\/blog\/concurso-semsa-manaus\/\" target=\"_blank\" rel=\"noreferrer noopener\">Concurso SEMSA<\/a> | <a href=\"https:\/\/www.estrategiaconcursos.com.br\/blog\/concurso-guarda-de-manaus\/\" target=\"_blank\" rel=\"noreferrer noopener\">Guarda de Manaus<\/a><\/strong><\/p>\n\n\n\n<div class=\"container\" id=\"boxes\">\n  <div class=\"row\">\n\n    <div class=\"col-sm\">\n      <div class=\"estrategia\" id=\"box-assinatura\">\n        <h3 class=\"titulo-assinatura\">Assinatura Concursos<\/h3>\n        <p class=\"subtitulo-assinatura\">Assinatura de 1 ano ou 2 anos<\/p>\n        <div class=\"box-botao\">\n          <a class=\"btn-assinatura\" target=\"_blank\" href=\"https:\/\/www.estrategiaconcursos.com.br\/assinaturas\/\" role=\"button\" rel=\"noopener noreferrer\">ASSINE AGORA<\/a>\n        <\/div>\n      <\/div>\n     \n    <\/div><\/div><\/div>\n\n\n\n<div class=\"container\" id=\"boxes\">\n  <div class=\"row\">\n\n    <div class=\"col-sm\" id=\"boxes-concursos\">\n      <div style=\"background-color: #005DAD;\" class=\"conteudo-concursos\" id=\"box-concursos\">\n        <h3 class=\"titulo-assinatura\">Concursos Abertos<\/h3>\n        <p class=\"subtitulo-assinatura\">Os editais publicados<\/p>\n        <div class=\"box-botao\">\n          <a class=\"btn-assinatura\" target=\"_blank\" href=\"https:\/\/www.estrategiaconcursos.com.br\/blog\/concursos-abertos\/\" role=\"button\" rel=\"noopener noreferrer\">Conhe\u00e7a Agora<\/a>\n        <\/div>\n      <\/div>\n    <\/div>\n\n    <div class=\"col-sm\" id=\"boxes-concursos\">\n      <div style=\"background-color: #1A7ED5;\" class=\"conteudo-concursos\" id=\"box-concursos\">\n        <h3 class=\"titulo-assinatura\">Concursos 2021<\/h3>\n        <p class=\"subtitulo-assinatura\">As oportunidades previstas<\/p>\n        <div class=\"box-botao\">\n          <a class=\"btn-assinatura\" target=\"_blank\" href=\"https:\/\/www.estrategiaconcursos.com.br\/blog\/concursos-2021\/\" role=\"button\" rel=\"noopener noreferrer\">Conhe\u00e7a Agora<\/a>\n        <\/div>\n      <\/div>\n    <\/div>\n\n    <div class=\"col-sm\" id=\"boxes-concursos\">\n      <div style=\"background-color: #419FF0;\" class=\"conteudo-concursos\" id=\"box-concursos\">\n        <h3 class=\"titulo-assinatura\">Concursos 2022<\/h3>\n        <p class=\"subtitulo-assinatura\">Vagas para o pr\u00f3ximo ano<\/p>\n        <div class=\"box-botao\">\n          <a class=\"btn-assinatura\" target=\"_blank\" href=\"https:\/\/www.estrategiaconcursos.com.br\/blog\/concursos-2022\/\" role=\"button\" rel=\"noopener noreferrer\">Conhe\u00e7a Agora<\/a>\n        <\/div>\n      <\/div>\n    <\/div>\n\n  <\/div>\n<\/div>\n","protected":false},"excerpt":{"rendered":"<p>Em entrevista para uma emissora de televis\u00e3o, o prefeito do munic\u00edpio de Manaus, David Almeida, anunciou novos concursos para as \u00e1reas da Sa\u00fade e Seguran\u00e7a P\u00fablica. Conforme j\u00e1 anunciado pelo Estrat\u00e9gia Concursos, o concurso SEMSA Manaus&nbsp;ofertar\u00e1 2.001 vagas imediatas, al\u00e9m de oportunidades para forma\u00e7\u00e3o de cadastro de reserva. Segundo a previs\u00e3o do prefeito, o edital [&hellip;]<\/p>\n","protected":false},"author":1,"featured_media":779925,"comment_status":"open","ping_status":"closed","sticky":false,"template":"","format":"standard","meta":{"post_tipo":"news","footnotes":""},"categories":[220189,1981,220219],"tags":[],"tax_estado":[219966],"class_list":["post-861077","post","type-post","status-publish","format-standard","has-post-thumbnail","hentry","category-policial-guarda-civis","category-saude","category-noticias","tax_estado-am"],"acf":[],"yoast_head":"<!-- This site is optimized with the Yoast SEO Premium plugin v27.2 (Yoast SEO v27.2) - https:\/\/yoast.com\/product\/yoast-seo-premium-wordpress\/ -->\n<title>Prefeito de Manaus anuncia concursos para Sa\u00fade e Seguran\u00e7a<\/title>\n<meta name=\"description\" content=\"O prefeito do munic\u00edpio de Manaus, David Almeida, anunciou novos concursos para as \u00e1reas da Sa\u00fade e Seguran\u00e7a P\u00fablica. Confira no site!\" \/>\n<meta name=\"robots\" content=\"index, follow, max-snippet:-1, max-image-preview:large, max-video-preview:-1\" \/>\n<link rel=\"canonical\" href=\"https:\/\/www.estrategiaconcursos.com.br\/blog\/manaus-concursos-saude-seguranca\/\" \/>\n<meta property=\"og:locale\" content=\"pt_BR\" \/>\n<meta property=\"og:type\" content=\"article\" \/>\n<meta property=\"og:title\" content=\"Prefeito de Manaus anuncia concursos para Sa\u00fade e Seguran\u00e7a\" \/>\n<meta property=\"og:description\" content=\"O prefeito do munic\u00edpio de Manaus, David Almeida, anunciou novos concursos para as \u00e1reas da Sa\u00fade e Seguran\u00e7a P\u00fablica. Confira no site!\" \/>\n<meta property=\"og:url\" content=\"https:\/\/www.estrategiaconcursos.com.br\/blog\/manaus-concursos-saude-seguranca\/\" \/>\n<meta property=\"og:site_name\" content=\"Estrat\u00e9gia Concursos\" \/>\n<meta property=\"article:author\" content=\"https:\/\/www.facebook.com\/EstrategiaConcursos\" \/>\n<meta property=\"article:published_time\" content=\"2021-09-14T19:50:01+00:00\" \/>\n<meta property=\"article:modified_time\" content=\"2021-09-14T19:54:07+00:00\" \/>\n<meta property=\"og:image\" content=\"https:\/\/dhg1h5j42swfq.cloudfront.net\/2021\/06\/29082402\/prefeitura_de_manaus.jpg\" \/>\n\t<meta property=\"og:image:width\" content=\"768\" \/>\n\t<meta property=\"og:image:height\" content=\"432\" \/>\n\t<meta property=\"og:image:type\" content=\"image\/jpeg\" \/>\n<meta name=\"author\" content=\"Coordena\u00e7\u00e3o\" \/>\n<meta name=\"twitter:card\" content=\"summary_large_image\" \/>\n<meta name=\"twitter:creator\" content=\"@EstratConcursos\" \/>\n<meta name=\"twitter:site\" content=\"@EstratConcursos\" \/>\n<meta name=\"twitter:label1\" content=\"Escrito por\" \/>\n\t<meta name=\"twitter:data1\" content=\"Coordena\u00e7\u00e3o\" \/>\n\t<meta name=\"twitter:label2\" content=\"Est. tempo de leitura\" \/>\n\t<meta name=\"twitter:data2\" content=\"2 minutos\" \/>\n<script type=\"application\/ld+json\" class=\"yoast-schema-graph\">{\"@context\":\"https:\/\/schema.org\",\"@graph\":[{\"@type\":\"NewsArticle\",\"@id\":\"https:\/\/www.estrategiaconcursos.com.br\/blog\/manaus-concursos-saude-seguranca\/#article\",\"isPartOf\":{\"@id\":\"https:\/\/www.estrategiaconcursos.com.br\/blog\/manaus-concursos-saude-seguranca\/\"},\"author\":{\"name\":\"Coordena\u00e7\u00e3o\",\"@id\":\"https:\/\/www.estrategiaconcursos.com.br\/blog\/#\/schema\/person\/b4a388c97673c5f483d72185668afa1f\"},\"headline\":\"Prefeito de Manaus anuncia concursos para Sa\u00fade e Seguran\u00e7a\",\"datePublished\":\"2021-09-14T19:50:01+00:00\",\"dateModified\":\"2021-09-14T19:54:07+00:00\",\"mainEntityOfPage\":{\"@id\":\"https:\/\/www.estrategiaconcursos.com.br\/blog\/manaus-concursos-saude-seguranca\/\"},\"wordCount\":338,\"commentCount\":0,\"publisher\":{\"@id\":\"https:\/\/www.estrategiaconcursos.com.br\/blog\/#organization\"},\"image\":{\"@id\":\"https:\/\/www.estrategiaconcursos.com.br\/blog\/manaus-concursos-saude-seguranca\/#primaryimage\"},\"thumbnailUrl\":\"https:\/\/dhg1h5j42swfq.cloudfront.net\/2021\/06\/29082402\/prefeitura_de_manaus.jpg\",\"articleSection\":[\"Policial (Guardas Civis)\",\"Sa\u00fade\",\"\u00daltimas not\u00edcias\"],\"inLanguage\":\"pt-BR\",\"potentialAction\":[{\"@type\":\"CommentAction\",\"name\":\"Comment\",\"target\":[\"https:\/\/www.estrategiaconcursos.com.br\/blog\/manaus-concursos-saude-seguranca\/#respond\"]}],\"copyrightYear\":\"2021\",\"copyrightHolder\":{\"@id\":\"https:\/\/www.estrategiaconcursos.com.br\/blog\/#organization\"}},{\"@type\":\"WebPage\",\"@id\":\"https:\/\/www.estrategiaconcursos.com.br\/blog\/manaus-concursos-saude-seguranca\/\",\"url\":\"https:\/\/www.estrategiaconcursos.com.br\/blog\/manaus-concursos-saude-seguranca\/\",\"name\":\"Prefeito de Manaus anuncia concursos para Sa\u00fade e Seguran\u00e7a\",\"isPartOf\":{\"@id\":\"https:\/\/www.estrategiaconcursos.com.br\/blog\/#website\"},\"primaryImageOfPage\":{\"@id\":\"https:\/\/www.estrategiaconcursos.com.br\/blog\/manaus-concursos-saude-seguranca\/#primaryimage\"},\"image\":{\"@id\":\"https:\/\/www.estrategiaconcursos.com.br\/blog\/manaus-concursos-saude-seguranca\/#primaryimage\"},\"thumbnailUrl\":\"https:\/\/dhg1h5j42swfq.cloudfront.net\/2021\/06\/29082402\/prefeitura_de_manaus.jpg\",\"datePublished\":\"2021-09-14T19:50:01+00:00\",\"dateModified\":\"2021-09-14T19:54:07+00:00\",\"description\":\"O prefeito do munic\u00edpio de Manaus, David Almeida, anunciou novos concursos para as \u00e1reas da Sa\u00fade e Seguran\u00e7a P\u00fablica. Confira no site!\",\"breadcrumb\":{\"@id\":\"https:\/\/www.estrategiaconcursos.com.br\/blog\/manaus-concursos-saude-seguranca\/#breadcrumb\"},\"inLanguage\":\"pt-BR\",\"potentialAction\":[{\"@type\":\"ReadAction\",\"target\":[\"https:\/\/www.estrategiaconcursos.com.br\/blog\/manaus-concursos-saude-seguranca\/\"]}]},{\"@type\":\"ImageObject\",\"inLanguage\":\"pt-BR\",\"@id\":\"https:\/\/www.estrategiaconcursos.com.br\/blog\/manaus-concursos-saude-seguranca\/#primaryimage\",\"url\":\"https:\/\/dhg1h5j42swfq.cloudfront.net\/2021\/06\/29082402\/prefeitura_de_manaus.jpg\",\"contentUrl\":\"https:\/\/dhg1h5j42swfq.cloudfront.net\/2021\/06\/29082402\/prefeitura_de_manaus.jpg\",\"width\":768,\"height\":432},{\"@type\":\"BreadcrumbList\",\"@id\":\"https:\/\/www.estrategiaconcursos.com.br\/blog\/manaus-concursos-saude-seguranca\/#breadcrumb\",\"itemListElement\":[{\"@type\":\"ListItem\",\"position\":1,\"name\":\"In\u00edcio\",\"item\":\"https:\/\/www.estrategiaconcursos.com.br\/blog\/\"},{\"@type\":\"ListItem\",\"position\":2,\"name\":\"Prefeito de Manaus anuncia concursos para Sa\u00fade e Seguran\u00e7a\"}]},{\"@type\":\"WebSite\",\"@id\":\"https:\/\/www.estrategiaconcursos.com.br\/blog\/#website\",\"url\":\"https:\/\/www.estrategiaconcursos.com.br\/blog\/\",\"name\":\"Estrat\u00e9gia Concursos\",\"description\":\"O blog da Estrat\u00e9gia Concursos traz not\u00edcias sobre concursos e artigos de professores oferecendo cursos para concursos (pdf + videaulas) no site.\",\"publisher\":{\"@id\":\"https:\/\/www.estrategiaconcursos.com.br\/blog\/#organization\"},\"potentialAction\":[{\"@type\":\"SearchAction\",\"target\":{\"@type\":\"EntryPoint\",\"urlTemplate\":\"https:\/\/www.estrategiaconcursos.com.br\/blog\/?s={search_term_string}\"},\"query-input\":{\"@type\":\"PropertyValueSpecification\",\"valueRequired\":true,\"valueName\":\"search_term_string\"}}],\"inLanguage\":\"pt-BR\"},{\"@type\":\"Organization\",\"@id\":\"https:\/\/www.estrategiaconcursos.com.br\/blog\/#organization\",\"name\":\"Estrat\u00e9gia Concursos\",\"url\":\"https:\/\/www.estrategiaconcursos.com.br\/blog\/\",\"logo\":{\"@type\":\"ImageObject\",\"inLanguage\":\"pt-BR\",\"@id\":\"https:\/\/www.estrategiaconcursos.com.br\/blog\/#\/schema\/logo\/image\/\",\"url\":\"https:\/\/dhg1h5j42swfq.cloudfront.net\/2025\/06\/03203428\/logo_concursos-1.jpg\",\"contentUrl\":\"https:\/\/dhg1h5j42swfq.cloudfront.net\/2025\/06\/03203428\/logo_concursos-1.jpg\",\"width\":230,\"height\":60,\"caption\":\"Estrat\u00e9gia Concursos\"},\"image\":{\"@id\":\"https:\/\/www.estrategiaconcursos.com.br\/blog\/#\/schema\/logo\/image\/\"},\"sameAs\":[\"https:\/\/x.com\/EstratConcursos\"]},{\"@type\":\"Person\",\"@id\":\"https:\/\/www.estrategiaconcursos.com.br\/blog\/#\/schema\/person\/b4a388c97673c5f483d72185668afa1f\",\"name\":\"Coordena\u00e7\u00e3o\",\"image\":{\"@type\":\"ImageObject\",\"inLanguage\":\"pt-BR\",\"@id\":\"https:\/\/secure.gravatar.com\/avatar\/b720319e4c9a967eb58678d110f4fe35452fc5d5f97b202bac7b8acceb18c6ad?s=96&d=mm&r=g\",\"url\":\"https:\/\/secure.gravatar.com\/avatar\/b720319e4c9a967eb58678d110f4fe35452fc5d5f97b202bac7b8acceb18c6ad?s=96&d=mm&r=g\",\"contentUrl\":\"https:\/\/secure.gravatar.com\/avatar\/b720319e4c9a967eb58678d110f4fe35452fc5d5f97b202bac7b8acceb18c6ad?s=96&d=mm&r=g\",\"caption\":\"Coordena\u00e7\u00e3o\"},\"sameAs\":[\"https:\/\/www.facebook.com\/EstrategiaConcursos\",\"https:\/\/x.com\/EstratConcursos\"],\"url\":\"https:\/\/www.estrategiaconcursos.com.br\/blog\/author\/estrategia2013\/\"}]}<\/script>\n<!-- \/ Yoast SEO Premium plugin. -->","yoast_head_json":{"title":"Prefeito de Manaus anuncia concursos para Sa\u00fade e Seguran\u00e7a","description":"O prefeito do munic\u00edpio de Manaus, David Almeida, anunciou novos concursos para as \u00e1reas da Sa\u00fade e Seguran\u00e7a P\u00fablica. Confira no site!","robots":{"index":"index","follow":"follow","max-snippet":"max-snippet:-1","max-image-preview":"max-image-preview:large","max-video-preview":"max-video-preview:-1"},"canonical":"https:\/\/www.estrategiaconcursos.com.br\/blog\/manaus-concursos-saude-seguranca\/","og_locale":"pt_BR","og_type":"article","og_title":"Prefeito de Manaus anuncia concursos para Sa\u00fade e Seguran\u00e7a","og_description":"O prefeito do munic\u00edpio de Manaus, David Almeida, anunciou novos concursos para as \u00e1reas da Sa\u00fade e Seguran\u00e7a P\u00fablica. Confira no site!","og_url":"https:\/\/www.estrategiaconcursos.com.br\/blog\/manaus-concursos-saude-seguranca\/","og_site_name":"Estrat\u00e9gia Concursos","article_author":"https:\/\/www.facebook.com\/EstrategiaConcursos","article_published_time":"2021-09-14T19:50:01+00:00","article_modified_time":"2021-09-14T19:54:07+00:00","og_image":[{"width":768,"height":432,"url":"https:\/\/dhg1h5j42swfq.cloudfront.net\/2021\/06\/29082402\/prefeitura_de_manaus.jpg","type":"image\/jpeg"}],"author":"Coordena\u00e7\u00e3o","twitter_card":"summary_large_image","twitter_creator":"@EstratConcursos","twitter_site":"@EstratConcursos","twitter_misc":{"Escrito por":"Coordena\u00e7\u00e3o","Est. tempo de leitura":"2 minutos"},"schema":{"@context":"https:\/\/schema.org","@graph":[{"@type":"NewsArticle","@id":"https:\/\/www.estrategiaconcursos.com.br\/blog\/manaus-concursos-saude-seguranca\/#article","isPartOf":{"@id":"https:\/\/www.estrategiaconcursos.com.br\/blog\/manaus-concursos-saude-seguranca\/"},"author":{"name":"Coordena\u00e7\u00e3o","@id":"https:\/\/www.estrategiaconcursos.com.br\/blog\/#\/schema\/person\/b4a388c97673c5f483d72185668afa1f"},"headline":"Prefeito de Manaus anuncia concursos para Sa\u00fade e Seguran\u00e7a","datePublished":"2021-09-14T19:50:01+00:00","dateModified":"2021-09-14T19:54:07+00:00","mainEntityOfPage":{"@id":"https:\/\/www.estrategiaconcursos.com.br\/blog\/manaus-concursos-saude-seguranca\/"},"wordCount":338,"commentCount":0,"publisher":{"@id":"https:\/\/www.estrategiaconcursos.com.br\/blog\/#organization"},"image":{"@id":"https:\/\/www.estrategiaconcursos.com.br\/blog\/manaus-concursos-saude-seguranca\/#primaryimage"},"thumbnailUrl":"https:\/\/dhg1h5j42swfq.cloudfront.net\/2021\/06\/29082402\/prefeitura_de_manaus.jpg","articleSection":["Policial (Guardas Civis)","Sa\u00fade","\u00daltimas not\u00edcias"],"inLanguage":"pt-BR","potentialAction":[{"@type":"CommentAction","name":"Comment","target":["https:\/\/www.estrategiaconcursos.com.br\/blog\/manaus-concursos-saude-seguranca\/#respond"]}],"copyrightYear":"2021","copyrightHolder":{"@id":"https:\/\/www.estrategiaconcursos.com.br\/blog\/#organization"}},{"@type":"WebPage","@id":"https:\/\/www.estrategiaconcursos.com.br\/blog\/manaus-concursos-saude-seguranca\/","url":"https:\/\/www.estrategiaconcursos.com.br\/blog\/manaus-concursos-saude-seguranca\/","name":"Prefeito de Manaus anuncia concursos para Sa\u00fade e Seguran\u00e7a","isPartOf":{"@id":"https:\/\/www.estrategiaconcursos.com.br\/blog\/#website"},"primaryImageOfPage":{"@id":"https:\/\/www.estrategiaconcursos.com.br\/blog\/manaus-concursos-saude-seguranca\/#primaryimage"},"image":{"@id":"https:\/\/www.estrategiaconcursos.com.br\/blog\/manaus-concursos-saude-seguranca\/#primaryimage"},"thumbnailUrl":"https:\/\/dhg1h5j42swfq.cloudfront.net\/2021\/06\/29082402\/prefeitura_de_manaus.jpg","datePublished":"2021-09-14T19:50:01+00:00","dateModified":"2021-09-14T19:54:07+00:00","description":"O prefeito do munic\u00edpio de Manaus, David Almeida, anunciou novos concursos para as \u00e1reas da Sa\u00fade e Seguran\u00e7a P\u00fablica. Confira no site!","breadcrumb":{"@id":"https:\/\/www.estrategiaconcursos.com.br\/blog\/manaus-concursos-saude-seguranca\/#breadcrumb"},"inLanguage":"pt-BR","potentialAction":[{"@type":"ReadAction","target":["https:\/\/www.estrategiaconcursos.com.br\/blog\/manaus-concursos-saude-seguranca\/"]}]},{"@type":"ImageObject","inLanguage":"pt-BR","@id":"https:\/\/www.estrategiaconcursos.com.br\/blog\/manaus-concursos-saude-seguranca\/#primaryimage","url":"https:\/\/dhg1h5j42swfq.cloudfront.net\/2021\/06\/29082402\/prefeitura_de_manaus.jpg","contentUrl":"https:\/\/dhg1h5j42swfq.cloudfront.net\/2021\/06\/29082402\/prefeitura_de_manaus.jpg","width":768,"height":432},{"@type":"BreadcrumbList","@id":"https:\/\/www.estrategiaconcursos.com.br\/blog\/manaus-concursos-saude-seguranca\/#breadcrumb","itemListElement":[{"@type":"ListItem","position":1,"name":"In\u00edcio","item":"https:\/\/www.estrategiaconcursos.com.br\/blog\/"},{"@type":"ListItem","position":2,"name":"Prefeito de Manaus anuncia concursos para Sa\u00fade e Seguran\u00e7a"}]},{"@type":"WebSite","@id":"https:\/\/www.estrategiaconcursos.com.br\/blog\/#website","url":"https:\/\/www.estrategiaconcursos.com.br\/blog\/","name":"Estrat\u00e9gia Concursos","description":"O blog da Estrat\u00e9gia Concursos traz not\u00edcias sobre concursos e artigos de professores oferecendo cursos para concursos (pdf + videaulas) no site.","publisher":{"@id":"https:\/\/www.estrategiaconcursos.com.br\/blog\/#organization"},"potentialAction":[{"@type":"SearchAction","target":{"@type":"EntryPoint","urlTemplate":"https:\/\/www.estrategiaconcursos.com.br\/blog\/?s={search_term_string}"},"query-input":{"@type":"PropertyValueSpecification","valueRequired":true,"valueName":"search_term_string"}}],"inLanguage":"pt-BR"},{"@type":"Organization","@id":"https:\/\/www.estrategiaconcursos.com.br\/blog\/#organization","name":"Estrat\u00e9gia Concursos","url":"https:\/\/www.estrategiaconcursos.com.br\/blog\/","logo":{"@type":"ImageObject","inLanguage":"pt-BR","@id":"https:\/\/www.estrategiaconcursos.com.br\/blog\/#\/schema\/logo\/image\/","url":"https:\/\/dhg1h5j42swfq.cloudfront.net\/2025\/06\/03203428\/logo_concursos-1.jpg","contentUrl":"https:\/\/dhg1h5j42swfq.cloudfront.net\/2025\/06\/03203428\/logo_concursos-1.jpg","width":230,"height":60,"caption":"Estrat\u00e9gia Concursos"},"image":{"@id":"https:\/\/www.estrategiaconcursos.com.br\/blog\/#\/schema\/logo\/image\/"},"sameAs":["https:\/\/x.com\/EstratConcursos"]},{"@type":"Person","@id":"https:\/\/www.estrategiaconcursos.com.br\/blog\/#\/schema\/person\/b4a388c97673c5f483d72185668afa1f","name":"Coordena\u00e7\u00e3o","image":{"@type":"ImageObject","inLanguage":"pt-BR","@id":"https:\/\/secure.gravatar.com\/avatar\/b720319e4c9a967eb58678d110f4fe35452fc5d5f97b202bac7b8acceb18c6ad?s=96&d=mm&r=g","url":"https:\/\/secure.gravatar.com\/avatar\/b720319e4c9a967eb58678d110f4fe35452fc5d5f97b202bac7b8acceb18c6ad?s=96&d=mm&r=g","contentUrl":"https:\/\/secure.gravatar.com\/avatar\/b720319e4c9a967eb58678d110f4fe35452fc5d5f97b202bac7b8acceb18c6ad?s=96&d=mm&r=g","caption":"Coordena\u00e7\u00e3o"},"sameAs":["https:\/\/www.facebook.com\/EstrategiaConcursos","https:\/\/x.com\/EstratConcursos"],"url":"https:\/\/www.estrategiaconcursos.com.br\/blog\/author\/estrategia2013\/"}]}},"_links":{"self":[{"href":"https:\/\/www.estrategiaconcursos.com.br\/blog\/wp-json\/wp\/v2\/posts\/861077","targetHints":{"allow":["GET"]}}],"collection":[{"href":"https:\/\/www.estrategiaconcursos.com.br\/blog\/wp-json\/wp\/v2\/posts"}],"about":[{"href":"https:\/\/www.estrategiaconcursos.com.br\/blog\/wp-json\/wp\/v2\/types\/post"}],"author":[{"embeddable":true,"href":"https:\/\/www.estrategiaconcursos.com.br\/blog\/wp-json\/wp\/v2\/users\/1"}],"replies":[{"embeddable":true,"href":"https:\/\/www.estrategiaconcursos.com.br\/blog\/wp-json\/wp\/v2\/comments?post=861077"}],"version-history":[{"count":6,"href":"https:\/\/www.estrategiaconcursos.com.br\/blog\/wp-json\/wp\/v2\/posts\/861077\/revisions"}],"predecessor-version":[{"id":861120,"href":"https:\/\/www.estrategiaconcursos.com.br\/blog\/wp-json\/wp\/v2\/posts\/861077\/revisions\/861120"}],"wp:featuredmedia":[{"embeddable":true,"href":"https:\/\/www.estrategiaconcursos.com.br\/blog\/wp-json\/wp\/v2\/media\/779925"}],"wp:attachment":[{"href":"https:\/\/www.estrategiaconcursos.com.br\/blog\/wp-json\/wp\/v2\/media?parent=861077"}],"wp:term":[{"taxonomy":"category","embeddable":true,"href":"https:\/\/www.estrategiaconcursos.com.br\/blog\/wp-json\/wp\/v2\/categories?post=861077"},{"taxonomy":"post_tag","embeddable":true,"href":"https:\/\/www.estrategiaconcursos.com.br\/blog\/wp-json\/wp\/v2\/tags?post=861077"},{"taxonomy":"tax_estado","embeddable":true,"href":"https:\/\/www.estrategiaconcursos.com.br\/blog\/wp-json\/wp\/v2\/tax_estado?post=861077"}],"curies":[{"name":"wp","href":"https:\/\/api.w.org\/{rel}","templated":true}]}}