{"id":860740,"date":"2021-09-14T13:30:00","date_gmt":"2021-09-14T16:30:00","guid":{"rendered":"https:\/\/www.estrategiaconcursos.com.br\/blog\/?p=860740"},"modified":"2021-09-14T12:10:36","modified_gmt":"2021-09-14T15:10:36","slug":"ibama-comissao-formada-quais-proximos-passos","status":"publish","type":"post","link":"https:\/\/www.estrategiaconcursos.com.br\/blog\/ibama-comissao-formada-quais-proximos-passos\/","title":{"rendered":"Concurso IBAMA: comiss\u00e3o formada, quais os pr\u00f3ximos passos?"},"content":{"rendered":"\n<p>Novidades, concurseiros! A <strong>comiss\u00e3o respons\u00e1vel pela coordena\u00e7\u00e3o do pr\u00f3ximo <em>concurso IBAMA<\/em> foi formada<\/strong>! A forma\u00e7\u00e3o do Grupo de Trabalho consta na&nbsp;<a rel=\"noreferrer noopener\" href=\"https:\/\/www.gov.br\/ibama\/pt-br\/assuntos\/noticias\/2021\/ibama-publica-portaria-que-estabelece-comissao-para-coordenacao-do-concurso-publico\/20210910Portaria_n_2311Constitui_Comissao_de_Coordenacao_do_Concurso_Publico_Ibama.pdf\" target=\"_blank\"><strong>Portaria n\u00ba 2.311<\/strong>&nbsp;<\/a>, assinada pelo presidente do Instituto Brasileiro do Meio Ambiente e dos Recursos Naturais Renov\u00e1veis, Eduardo Fortunato.<\/p>\n\n\n\n<p><strong>Mas, agora, com comiss\u00e3o formada, voc\u00ea sabe quais ser\u00e3o os pr\u00f3ximos passos para a realiza\u00e7\u00e3o do concurso IBAMA? <\/strong>Os sete membros que instituem o Grupo de Trabalho ser\u00e3o respons\u00e1veis por: acompanhar a realiza\u00e7\u00e3o do\u00a0certame, desde a etapa de produ\u00e7\u00e3o do projeto b\u00e1sico, defini\u00e7\u00e3o da banca, at\u00e9 a publica\u00e7\u00e3o do edital. E ainda as etapas do p\u00f3s-edital: inscri\u00e7\u00f5es, provas, e outros.<\/p>\n\n\n\n<div class=\"wp-block-image\"><figure class=\"aligncenter size-large is-resized\"><img loading=\"lazy\" decoding=\"async\" src=\"https:\/\/dhg1h5j42swfq.cloudfront.net\/2021\/08\/26083518\/ibama-1024x492.jpeg\" alt=\"IBAMA: comiss\u00e3o formada | Imagem: divulga\u00e7\u00e3o\" class=\"wp-image-846031\" width=\"662\" height=\"318\" srcset=\"https:\/\/dhg1h5j42swfq.cloudfront.net\/2021\/08\/26083518\/ibama-1024x492.jpeg 1024w, https:\/\/dhg1h5j42swfq.cloudfront.net\/2021\/08\/26083518\/ibama-300x144.jpeg 300w, https:\/\/dhg1h5j42swfq.cloudfront.net\/2021\/08\/26083518\/ibama-768x369.jpeg 768w, https:\/\/dhg1h5j42swfq.cloudfront.net\/2021\/08\/26083518\/ibama-610x293.jpeg 610w, https:\/\/dhg1h5j42swfq.cloudfront.net\/2021\/08\/26083518\/ibama.jpeg 1250w\" sizes=\"auto, (max-width: 662px) 100vw, 662px\" \/><figcaption>IBAMA: comiss\u00e3o formada | Imagem: divulga\u00e7\u00e3o<\/figcaption><\/figure><\/div>\n\n\n\n<h2 class=\"wp-block-heading\" id=\"h-concurso-ibama-comiss-o-formada\">Concurso IBAMA: comiss\u00e3o formada<\/h2>\n\n\n\n<p>Ao todo, sete servidores, de diversas \u00e1reas do Instituto, integram o Grupo de Trabalho do pr\u00f3ximo concurso IBAMA, sendo eles:<\/p>\n\n\n\n<ul class=\"wp-block-list\"><li><strong>Diretoria de Planejamento, Administra\u00e7\u00e3o e Log\u00edstica<\/strong>&nbsp;\u2013 Paulo S\u00e9rgio de Souza<\/li><li><strong>Coordena\u00e7\u00e3o Geral de Gest\u00e3o de Pessoas<\/strong>&nbsp;\u2013 Marion Lima<\/li><li><strong>Coordena\u00e7\u00e3o de Planejamento<\/strong>&nbsp;\u2013 Albert Jan Geert de Jager<\/li><li><strong>Diretoria de Licenciamento Ambiental<\/strong>&nbsp;\u2013 Giselle Bianca Silva Fraga<\/li><li><strong>Diretoria de Prote\u00e7\u00e3o Ambiental&nbsp;<\/strong>\u2013 Adriano Oliveira Fahel<\/li><li><strong>Diretoria de Uso Sustent\u00e1vel da Biodiversidade e Florestas<\/strong>&nbsp;\u2013 Edgar dos Santos Costa Pereira<\/li><li><strong>Diretoria de Qualidade Ambiental<\/strong>&nbsp;\u2013 Simone de Castro Vianna<\/li><\/ul>\n\n\n\n<p>Entre tantas atribui\u00e7\u00f5es, a Comiss\u00e3o Organizadora tamb\u00e9m tem o papel de selecionar a banca que ser\u00e1 respons\u00e1vel por aplicar todas as etapas&nbsp;e pela organiza\u00e7\u00e3o geral do concurso. <\/p>\n\n\n\n<p>A escolha da banca \u00e9 um passo extremamente importante para um concurso. Al\u00e9m de praticamente confirmar que o concurso ser\u00e1 realizado, define tamb\u00e9m como ser\u00e1 a estrutura b\u00e1sica da prova do concurso.<\/p>\n\n\n\n<p>Cada banca possui seu pr\u00f3prio \u201cestilo\u201d de provas. Algumas descontam pontos caso voc\u00ea erre alguma quest\u00e3o, dificultando os famosos \u201cchutes\u201d. Algumas adotam o sistema de quest\u00f5es de m\u00faltipla escolha, enquanto que outras adotam o estilo de Certo ou Errado.<\/p>\n\n\n\n<p>Todas as pr\u00f3ximas fases do certame IBAMA ser\u00e3o divulgadas, celeremente, pela equipe de Jornalismo do Estrat\u00e9gia Concursos. N\u00e3o deixe de nos acompanhar! <strong>Estamos de olho<\/strong>.<\/p>\n\n\n\n<h2 class=\"wp-block-heading\">Concurso IBAMA: situa\u00e7\u00e3o atual<\/h2>\n\n\n\n<p>Autorizado no in\u00edcio da semana, o concurso IBAMA vai ofertar&nbsp;<strong>568 vagas<\/strong>, distribu\u00eddas da seguinte forma:<\/p>\n\n\n\n<ul class=\"has-very-light-gray-to-cyan-bluish-gray-gradient-background has-background wp-block-list\"><li><strong>Analista Ambiental:&nbsp;<\/strong>96 \u2013 N\u00edvel superior;<\/li><li><strong>Analista Administrativo:<\/strong>&nbsp;40 \u2013 N\u00edvel superior;<\/li><li><strong>T\u00e9cnico Ambiental:<\/strong>&nbsp;432 \u2013 N\u00edvel M\u00e9dio<\/li><\/ul>\n\n\n\n<p class=\"has-text-align-center\"><em>Para mais detalhes do pr\u00f3ximos passos do concurso IBAMA, cujo comiss\u00e3o foi formada, acesse o link abaixo. Preparamos um artigo completo, separado por t\u00f3picos, para que facilite a sua compreens\u00e3o:<\/em><\/p>\n\n\n\n<p class=\"has-text-align-center has-luminous-vivid-amber-background-color has-background\" style=\"font-size:clamp(14.642px, 0.915rem + ((1vw - 3.2px) * 0.721), 22px);\"><strong>Saiba mais: <a href=\"https:\/\/www.estrategiaconcursos.com.br\/blog\/concurso-ibama\/\" target=\"_blank\" rel=\"noreferrer noopener\">concurso IBAMA<\/a><\/strong><\/p>\n\n\n\n<h2 class=\"has-text-align-center wp-block-heading\">Quer estudar para o concurso IBAMA?<\/h2>\n\n\n\n<div class=\"container\" id=\"boxes\">\n  <div class=\"row\">\n\n    <div class=\"col-sm\">\n      <div class=\"banner-estrategia\" id=\"box-assinatura\">\n        <h3 class=\"titulo-assinatura\">Concurso IBAMA<\/h3>\n        <p class=\"subtitulo-assinatura\">Estude conosco<\/p>\n        <div class=\"box-botao\">\n          <a class=\"btn-assinatura\" target=\"_blank\" href=\"https:\/\/www.estrategiaconcursos.com.br\/cursosPorConcurso\/ibama-analista-61\/\" role=\"button\" rel=\"noopener noreferrer\">Conhe\u00e7a os cursos<\/a>\n        <\/div>\n      <\/div>\n     \n    <\/div>\n\n  <\/div>\n<\/div>\n\n\n\n<div class=\"container\" id=\"boxes\">\n  <div class=\"row\">\n\n    <div class=\"col-sm\">\n      <div class=\"estrategia\" id=\"box-assinatura\">\n        <h3 class=\"titulo-assinatura\">Assinatura Concursos<\/h3>\n        <p class=\"subtitulo-assinatura\">Assinatura de 1 ano ou 2 anos<\/p>\n        <div class=\"box-botao\">\n          <a class=\"btn-assinatura\" target=\"_blank\" href=\"https:\/\/www.estrategiaconcursos.com.br\/assinaturas\/\" role=\"button\" rel=\"noopener noreferrer\">ASSINE AGORA<\/a>\n        <\/div>\n      <\/div><\/div><\/div><\/div>\n\n\n\n<div class=\"container\" id=\"boxes\">\n  <div class=\"row\">\n\n    <div class=\"col-sm\" id=\"boxes-concursos\">\n      <div style=\"background-color: #005DAD;\" class=\"conteudo-concursos\" id=\"box-concursos\">\n        <h3 class=\"titulo-assinatura\">Concursos Abertos<\/h3>\n        <p class=\"subtitulo-assinatura\">Confira os editais publicados<\/p>\n        <div class=\"box-botao\">\n          <a class=\"btn-assinatura\" target=\"_blank\" href=\"https:\/\/www.estrategiaconcursos.com.br\/blog\/concursos-abertos\/\" role=\"button\" rel=\"noopener noreferrer\">Conhe\u00e7a Agora<\/a>\n        <\/div>\n      <\/div>\n    <\/div>\n\n    <div class=\"col-sm\" id=\"boxes-concursos\">\n      <div style=\"background-color: #1A7ED5;\" class=\"conteudo-concursos\" id=\"box-concursos\">\n        <h3 class=\"titulo-assinatura\">Concursos 2021<\/h3>\n        <p class=\"subtitulo-assinatura\">As oportunidades previstas<\/p>\n        <div class=\"box-botao\">\n          <a class=\"btn-assinatura\" target=\"_blank\" href=\"https:\/\/www.estrategiaconcursos.com.br\/blog\/concursos-2021\/\" role=\"button\" rel=\"noopener noreferrer\">Conhe\u00e7a Agora<\/a>\n        <\/div>\n      <\/div>\n    <\/div>\n\n    <div class=\"col-sm\" id=\"boxes-concursos\">\n      <div style=\"background-color: #419FF0;\" class=\"conteudo-concursos\" id=\"box-concursos\">\n        <h3 class=\"titulo-assinatura\">Concursos 2022<\/h3>\n        <p class=\"subtitulo-assinatura\">Vagas para o pr\u00f3ximo ano<\/p>\n        <div class=\"box-botao\">\n          <a class=\"btn-assinatura\" target=\"_blank\" href=\"https:\/\/www.estrategiaconcursos.com.br\/blog\/concursos-2022\/\" role=\"button\" rel=\"noopener noreferrer\">Conhe\u00e7a Agora<\/a>\n        <\/div>\n      <\/div>\n    <\/div>\n\n  <\/div>\n<\/div>\n","protected":false},"excerpt":{"rendered":"<p>Novidades, concurseiros! A comiss\u00e3o respons\u00e1vel pela coordena\u00e7\u00e3o do pr\u00f3ximo concurso IBAMA foi formada! A forma\u00e7\u00e3o do Grupo de Trabalho consta na&nbsp;Portaria n\u00ba 2.311&nbsp;, assinada pelo presidente do Instituto Brasileiro do Meio Ambiente e dos Recursos Naturais Renov\u00e1veis, Eduardo Fortunato. Mas, agora, com comiss\u00e3o formada, voc\u00ea sabe quais ser\u00e3o os pr\u00f3ximos passos para a realiza\u00e7\u00e3o do [&hellip;]<\/p>\n","protected":false},"author":2018,"featured_media":731068,"comment_status":"open","ping_status":"closed","sticky":false,"template":"","format":"standard","meta":{"post_tipo":"news","footnotes":""},"categories":[214992,220219],"tags":[],"tax_estado":[219963],"class_list":["post-860740","post","type-post","status-publish","format-standard","has-post-thumbnail","hentry","category-concursos-administrativos","category-noticias","tax_estado-concursos-federais"],"acf":[],"yoast_head":"<!-- This site is optimized with the Yoast SEO Premium plugin v27.2 (Yoast SEO v27.2) - https:\/\/yoast.com\/product\/yoast-seo-premium-wordpress\/ -->\n<title>Concurso IBAMA: comiss\u00e3o formada, quais os pr\u00f3ximos passos?<\/title>\n<meta name=\"description\" content=\"Concurso IBAMA: comiss\u00e3o foi formada; 568 vagas autorizadas! Acesse o artigo e saiba quais ser\u00e3o os pr\u00f3ximos passos, a partir de agora!\" \/>\n<meta name=\"robots\" content=\"index, follow, max-snippet:-1, max-image-preview:large, max-video-preview:-1\" \/>\n<link rel=\"canonical\" href=\"https:\/\/www.estrategiaconcursos.com.br\/blog\/ibama-comissao-formada-quais-proximos-passos\/\" \/>\n<meta property=\"og:locale\" content=\"pt_BR\" \/>\n<meta property=\"og:type\" content=\"article\" \/>\n<meta property=\"og:title\" content=\"Concurso IBAMA: comiss\u00e3o formada, quais os pr\u00f3ximos passos?\" \/>\n<meta property=\"og:description\" content=\"Concurso IBAMA: comiss\u00e3o foi formada; 568 vagas autorizadas! Acesse o artigo e saiba quais ser\u00e3o os pr\u00f3ximos passos, a partir de agora!\" \/>\n<meta property=\"og:url\" content=\"https:\/\/www.estrategiaconcursos.com.br\/blog\/ibama-comissao-formada-quais-proximos-passos\/\" \/>\n<meta property=\"og:site_name\" content=\"Estrat\u00e9gia Concursos\" \/>\n<meta property=\"article:published_time\" content=\"2021-09-14T16:30:00+00:00\" \/>\n<meta property=\"og:image\" content=\"https:\/\/dhg1h5j42swfq.cloudfront.net\/2021\/05\/04154828\/ibama.jpg\" \/>\n\t<meta property=\"og:image:width\" content=\"768\" \/>\n\t<meta property=\"og:image:height\" content=\"432\" \/>\n\t<meta property=\"og:image:type\" content=\"image\/jpeg\" \/>\n<meta name=\"author\" content=\"B\u00e1rbara Carvalho Santos\" \/>\n<meta name=\"twitter:card\" content=\"summary_large_image\" \/>\n<meta name=\"twitter:creator\" content=\"@EstratConcursos\" \/>\n<meta name=\"twitter:site\" content=\"@EstratConcursos\" \/>\n<meta name=\"twitter:label1\" content=\"Escrito por\" \/>\n\t<meta name=\"twitter:data1\" content=\"B\u00e1rbara Carvalho Santos\" \/>\n\t<meta name=\"twitter:label2\" content=\"Est. tempo de leitura\" \/>\n\t<meta name=\"twitter:data2\" content=\"3 minutos\" \/>\n<script type=\"application\/ld+json\" class=\"yoast-schema-graph\">{\"@context\":\"https:\/\/schema.org\",\"@graph\":[{\"@type\":\"NewsArticle\",\"@id\":\"https:\/\/www.estrategiaconcursos.com.br\/blog\/ibama-comissao-formada-quais-proximos-passos\/#article\",\"isPartOf\":{\"@id\":\"https:\/\/www.estrategiaconcursos.com.br\/blog\/ibama-comissao-formada-quais-proximos-passos\/\"},\"author\":{\"name\":\"B\u00e1rbara Carvalho Santos\",\"@id\":\"https:\/\/www.estrategiaconcursos.com.br\/blog\/#\/schema\/person\/e3882259fa157d54c44c21f4ee4e0e60\"},\"headline\":\"Concurso IBAMA: comiss\u00e3o formada, quais os pr\u00f3ximos passos?\",\"datePublished\":\"2021-09-14T16:30:00+00:00\",\"mainEntityOfPage\":{\"@id\":\"https:\/\/www.estrategiaconcursos.com.br\/blog\/ibama-comissao-formada-quais-proximos-passos\/\"},\"wordCount\":511,\"commentCount\":0,\"publisher\":{\"@id\":\"https:\/\/www.estrategiaconcursos.com.br\/blog\/#organization\"},\"image\":{\"@id\":\"https:\/\/www.estrategiaconcursos.com.br\/blog\/ibama-comissao-formada-quais-proximos-passos\/#primaryimage\"},\"thumbnailUrl\":\"https:\/\/dhg1h5j42swfq.cloudfront.net\/2021\/05\/04154828\/ibama.jpg\",\"articleSection\":[\"Executivo (Administrativa)\",\"\u00daltimas not\u00edcias\"],\"inLanguage\":\"pt-BR\",\"potentialAction\":[{\"@type\":\"CommentAction\",\"name\":\"Comment\",\"target\":[\"https:\/\/www.estrategiaconcursos.com.br\/blog\/ibama-comissao-formada-quais-proximos-passos\/#respond\"]}],\"copyrightYear\":\"2021\",\"copyrightHolder\":{\"@id\":\"https:\/\/www.estrategiaconcursos.com.br\/blog\/#organization\"}},{\"@type\":\"WebPage\",\"@id\":\"https:\/\/www.estrategiaconcursos.com.br\/blog\/ibama-comissao-formada-quais-proximos-passos\/\",\"url\":\"https:\/\/www.estrategiaconcursos.com.br\/blog\/ibama-comissao-formada-quais-proximos-passos\/\",\"name\":\"Concurso IBAMA: comiss\u00e3o formada, quais os pr\u00f3ximos passos?\",\"isPartOf\":{\"@id\":\"https:\/\/www.estrategiaconcursos.com.br\/blog\/#website\"},\"primaryImageOfPage\":{\"@id\":\"https:\/\/www.estrategiaconcursos.com.br\/blog\/ibama-comissao-formada-quais-proximos-passos\/#primaryimage\"},\"image\":{\"@id\":\"https:\/\/www.estrategiaconcursos.com.br\/blog\/ibama-comissao-formada-quais-proximos-passos\/#primaryimage\"},\"thumbnailUrl\":\"https:\/\/dhg1h5j42swfq.cloudfront.net\/2021\/05\/04154828\/ibama.jpg\",\"datePublished\":\"2021-09-14T16:30:00+00:00\",\"description\":\"Concurso IBAMA: comiss\u00e3o foi formada; 568 vagas autorizadas! Acesse o artigo e saiba quais ser\u00e3o os pr\u00f3ximos passos, a partir de agora!\",\"breadcrumb\":{\"@id\":\"https:\/\/www.estrategiaconcursos.com.br\/blog\/ibama-comissao-formada-quais-proximos-passos\/#breadcrumb\"},\"inLanguage\":\"pt-BR\",\"potentialAction\":[{\"@type\":\"ReadAction\",\"target\":[\"https:\/\/www.estrategiaconcursos.com.br\/blog\/ibama-comissao-formada-quais-proximos-passos\/\"]}]},{\"@type\":\"ImageObject\",\"inLanguage\":\"pt-BR\",\"@id\":\"https:\/\/www.estrategiaconcursos.com.br\/blog\/ibama-comissao-formada-quais-proximos-passos\/#primaryimage\",\"url\":\"https:\/\/dhg1h5j42swfq.cloudfront.net\/2021\/05\/04154828\/ibama.jpg\",\"contentUrl\":\"https:\/\/dhg1h5j42swfq.cloudfront.net\/2021\/05\/04154828\/ibama.jpg\",\"width\":768,\"height\":432,\"caption\":\"Concurso do IBAMA!\"},{\"@type\":\"BreadcrumbList\",\"@id\":\"https:\/\/www.estrategiaconcursos.com.br\/blog\/ibama-comissao-formada-quais-proximos-passos\/#breadcrumb\",\"itemListElement\":[{\"@type\":\"ListItem\",\"position\":1,\"name\":\"In\u00edcio\",\"item\":\"https:\/\/www.estrategiaconcursos.com.br\/blog\/\"},{\"@type\":\"ListItem\",\"position\":2,\"name\":\"Concurso IBAMA: comiss\u00e3o formada, quais os pr\u00f3ximos passos?\"}]},{\"@type\":\"WebSite\",\"@id\":\"https:\/\/www.estrategiaconcursos.com.br\/blog\/#website\",\"url\":\"https:\/\/www.estrategiaconcursos.com.br\/blog\/\",\"name\":\"Estrat\u00e9gia Concursos\",\"description\":\"O blog da Estrat\u00e9gia Concursos traz not\u00edcias sobre concursos e artigos de professores oferecendo cursos para concursos (pdf + videaulas) no site.\",\"publisher\":{\"@id\":\"https:\/\/www.estrategiaconcursos.com.br\/blog\/#organization\"},\"potentialAction\":[{\"@type\":\"SearchAction\",\"target\":{\"@type\":\"EntryPoint\",\"urlTemplate\":\"https:\/\/www.estrategiaconcursos.com.br\/blog\/?s={search_term_string}\"},\"query-input\":{\"@type\":\"PropertyValueSpecification\",\"valueRequired\":true,\"valueName\":\"search_term_string\"}}],\"inLanguage\":\"pt-BR\"},{\"@type\":\"Organization\",\"@id\":\"https:\/\/www.estrategiaconcursos.com.br\/blog\/#organization\",\"name\":\"Estrat\u00e9gia Concursos\",\"url\":\"https:\/\/www.estrategiaconcursos.com.br\/blog\/\",\"logo\":{\"@type\":\"ImageObject\",\"inLanguage\":\"pt-BR\",\"@id\":\"https:\/\/www.estrategiaconcursos.com.br\/blog\/#\/schema\/logo\/image\/\",\"url\":\"https:\/\/dhg1h5j42swfq.cloudfront.net\/2025\/06\/03203428\/logo_concursos-1.jpg\",\"contentUrl\":\"https:\/\/dhg1h5j42swfq.cloudfront.net\/2025\/06\/03203428\/logo_concursos-1.jpg\",\"width\":230,\"height\":60,\"caption\":\"Estrat\u00e9gia Concursos\"},\"image\":{\"@id\":\"https:\/\/www.estrategiaconcursos.com.br\/blog\/#\/schema\/logo\/image\/\"},\"sameAs\":[\"https:\/\/x.com\/EstratConcursos\"]},{\"@type\":\"Person\",\"@id\":\"https:\/\/www.estrategiaconcursos.com.br\/blog\/#\/schema\/person\/e3882259fa157d54c44c21f4ee4e0e60\",\"name\":\"B\u00e1rbara Carvalho Santos\",\"image\":{\"@type\":\"ImageObject\",\"inLanguage\":\"pt-BR\",\"@id\":\"https:\/\/secure.gravatar.com\/avatar\/353300f73140f779692b9be2b39f434d1341e4e34c7f55bd5a990fe29ef352eb?s=96&d=mm&r=g\",\"url\":\"https:\/\/secure.gravatar.com\/avatar\/353300f73140f779692b9be2b39f434d1341e4e34c7f55bd5a990fe29ef352eb?s=96&d=mm&r=g\",\"contentUrl\":\"https:\/\/secure.gravatar.com\/avatar\/353300f73140f779692b9be2b39f434d1341e4e34c7f55bd5a990fe29ef352eb?s=96&d=mm&r=g\",\"caption\":\"B\u00e1rbara Carvalho Santos\"},\"description\":\"M\u00e3e e jornalista formada pela UNIP, possui ampla experi\u00eancia na cobertura de entretenimento em grandes ve\u00edculos, como o site da CNN, RedeTV! e Estrat\u00e9gia Educacional. Atuou tamb\u00e9m em ag\u00eancias de marketing, produtoras musicais e assessorias de imprensa, com foco especial no trabalho com personalidades p\u00fablicas. Atualmente, integra a equipe do Estrat\u00e9gia Concursos, onde \u00e9 respons\u00e1vel pela produ\u00e7\u00e3o de conte\u00fados estrat\u00e9gicos voltados para o setor de concursos p\u00fablicos, com destaque para a \u00e1rea fiscal, gest\u00e3o, controle, concursos administrativos e Minist\u00e9rios participantes do CNU, al\u00e9m de diversos \u00f3rg\u00e3os federais. Tem como miss\u00e3o transformar informa\u00e7\u00f5es complexas em conte\u00fados acess\u00edveis, relevantes e de alto valor para quem sonha com uma carreira no servi\u00e7o p\u00fablico.\",\"url\":\"https:\/\/www.estrategiaconcursos.com.br\/blog\/author\/barbara-santos\/\"}]}<\/script>\n<!-- \/ Yoast SEO Premium plugin. -->","yoast_head_json":{"title":"Concurso IBAMA: comiss\u00e3o formada, quais os pr\u00f3ximos passos?","description":"Concurso IBAMA: comiss\u00e3o foi formada; 568 vagas autorizadas! Acesse o artigo e saiba quais ser\u00e3o os pr\u00f3ximos passos, a partir de agora!","robots":{"index":"index","follow":"follow","max-snippet":"max-snippet:-1","max-image-preview":"max-image-preview:large","max-video-preview":"max-video-preview:-1"},"canonical":"https:\/\/www.estrategiaconcursos.com.br\/blog\/ibama-comissao-formada-quais-proximos-passos\/","og_locale":"pt_BR","og_type":"article","og_title":"Concurso IBAMA: comiss\u00e3o formada, quais os pr\u00f3ximos passos?","og_description":"Concurso IBAMA: comiss\u00e3o foi formada; 568 vagas autorizadas! Acesse o artigo e saiba quais ser\u00e3o os pr\u00f3ximos passos, a partir de agora!","og_url":"https:\/\/www.estrategiaconcursos.com.br\/blog\/ibama-comissao-formada-quais-proximos-passos\/","og_site_name":"Estrat\u00e9gia Concursos","article_published_time":"2021-09-14T16:30:00+00:00","og_image":[{"width":768,"height":432,"url":"https:\/\/dhg1h5j42swfq.cloudfront.net\/2021\/05\/04154828\/ibama.jpg","type":"image\/jpeg"}],"author":"B\u00e1rbara Carvalho Santos","twitter_card":"summary_large_image","twitter_creator":"@EstratConcursos","twitter_site":"@EstratConcursos","twitter_misc":{"Escrito por":"B\u00e1rbara Carvalho Santos","Est. tempo de leitura":"3 minutos"},"schema":{"@context":"https:\/\/schema.org","@graph":[{"@type":"NewsArticle","@id":"https:\/\/www.estrategiaconcursos.com.br\/blog\/ibama-comissao-formada-quais-proximos-passos\/#article","isPartOf":{"@id":"https:\/\/www.estrategiaconcursos.com.br\/blog\/ibama-comissao-formada-quais-proximos-passos\/"},"author":{"name":"B\u00e1rbara Carvalho Santos","@id":"https:\/\/www.estrategiaconcursos.com.br\/blog\/#\/schema\/person\/e3882259fa157d54c44c21f4ee4e0e60"},"headline":"Concurso IBAMA: comiss\u00e3o formada, quais os pr\u00f3ximos passos?","datePublished":"2021-09-14T16:30:00+00:00","mainEntityOfPage":{"@id":"https:\/\/www.estrategiaconcursos.com.br\/blog\/ibama-comissao-formada-quais-proximos-passos\/"},"wordCount":511,"commentCount":0,"publisher":{"@id":"https:\/\/www.estrategiaconcursos.com.br\/blog\/#organization"},"image":{"@id":"https:\/\/www.estrategiaconcursos.com.br\/blog\/ibama-comissao-formada-quais-proximos-passos\/#primaryimage"},"thumbnailUrl":"https:\/\/dhg1h5j42swfq.cloudfront.net\/2021\/05\/04154828\/ibama.jpg","articleSection":["Executivo (Administrativa)","\u00daltimas not\u00edcias"],"inLanguage":"pt-BR","potentialAction":[{"@type":"CommentAction","name":"Comment","target":["https:\/\/www.estrategiaconcursos.com.br\/blog\/ibama-comissao-formada-quais-proximos-passos\/#respond"]}],"copyrightYear":"2021","copyrightHolder":{"@id":"https:\/\/www.estrategiaconcursos.com.br\/blog\/#organization"}},{"@type":"WebPage","@id":"https:\/\/www.estrategiaconcursos.com.br\/blog\/ibama-comissao-formada-quais-proximos-passos\/","url":"https:\/\/www.estrategiaconcursos.com.br\/blog\/ibama-comissao-formada-quais-proximos-passos\/","name":"Concurso IBAMA: comiss\u00e3o formada, quais os pr\u00f3ximos passos?","isPartOf":{"@id":"https:\/\/www.estrategiaconcursos.com.br\/blog\/#website"},"primaryImageOfPage":{"@id":"https:\/\/www.estrategiaconcursos.com.br\/blog\/ibama-comissao-formada-quais-proximos-passos\/#primaryimage"},"image":{"@id":"https:\/\/www.estrategiaconcursos.com.br\/blog\/ibama-comissao-formada-quais-proximos-passos\/#primaryimage"},"thumbnailUrl":"https:\/\/dhg1h5j42swfq.cloudfront.net\/2021\/05\/04154828\/ibama.jpg","datePublished":"2021-09-14T16:30:00+00:00","description":"Concurso IBAMA: comiss\u00e3o foi formada; 568 vagas autorizadas! Acesse o artigo e saiba quais ser\u00e3o os pr\u00f3ximos passos, a partir de agora!","breadcrumb":{"@id":"https:\/\/www.estrategiaconcursos.com.br\/blog\/ibama-comissao-formada-quais-proximos-passos\/#breadcrumb"},"inLanguage":"pt-BR","potentialAction":[{"@type":"ReadAction","target":["https:\/\/www.estrategiaconcursos.com.br\/blog\/ibama-comissao-formada-quais-proximos-passos\/"]}]},{"@type":"ImageObject","inLanguage":"pt-BR","@id":"https:\/\/www.estrategiaconcursos.com.br\/blog\/ibama-comissao-formada-quais-proximos-passos\/#primaryimage","url":"https:\/\/dhg1h5j42swfq.cloudfront.net\/2021\/05\/04154828\/ibama.jpg","contentUrl":"https:\/\/dhg1h5j42swfq.cloudfront.net\/2021\/05\/04154828\/ibama.jpg","width":768,"height":432,"caption":"Concurso do IBAMA!"},{"@type":"BreadcrumbList","@id":"https:\/\/www.estrategiaconcursos.com.br\/blog\/ibama-comissao-formada-quais-proximos-passos\/#breadcrumb","itemListElement":[{"@type":"ListItem","position":1,"name":"In\u00edcio","item":"https:\/\/www.estrategiaconcursos.com.br\/blog\/"},{"@type":"ListItem","position":2,"name":"Concurso IBAMA: comiss\u00e3o formada, quais os pr\u00f3ximos passos?"}]},{"@type":"WebSite","@id":"https:\/\/www.estrategiaconcursos.com.br\/blog\/#website","url":"https:\/\/www.estrategiaconcursos.com.br\/blog\/","name":"Estrat\u00e9gia Concursos","description":"O blog da Estrat\u00e9gia Concursos traz not\u00edcias sobre concursos e artigos de professores oferecendo cursos para concursos (pdf + videaulas) no site.","publisher":{"@id":"https:\/\/www.estrategiaconcursos.com.br\/blog\/#organization"},"potentialAction":[{"@type":"SearchAction","target":{"@type":"EntryPoint","urlTemplate":"https:\/\/www.estrategiaconcursos.com.br\/blog\/?s={search_term_string}"},"query-input":{"@type":"PropertyValueSpecification","valueRequired":true,"valueName":"search_term_string"}}],"inLanguage":"pt-BR"},{"@type":"Organization","@id":"https:\/\/www.estrategiaconcursos.com.br\/blog\/#organization","name":"Estrat\u00e9gia Concursos","url":"https:\/\/www.estrategiaconcursos.com.br\/blog\/","logo":{"@type":"ImageObject","inLanguage":"pt-BR","@id":"https:\/\/www.estrategiaconcursos.com.br\/blog\/#\/schema\/logo\/image\/","url":"https:\/\/dhg1h5j42swfq.cloudfront.net\/2025\/06\/03203428\/logo_concursos-1.jpg","contentUrl":"https:\/\/dhg1h5j42swfq.cloudfront.net\/2025\/06\/03203428\/logo_concursos-1.jpg","width":230,"height":60,"caption":"Estrat\u00e9gia Concursos"},"image":{"@id":"https:\/\/www.estrategiaconcursos.com.br\/blog\/#\/schema\/logo\/image\/"},"sameAs":["https:\/\/x.com\/EstratConcursos"]},{"@type":"Person","@id":"https:\/\/www.estrategiaconcursos.com.br\/blog\/#\/schema\/person\/e3882259fa157d54c44c21f4ee4e0e60","name":"B\u00e1rbara Carvalho Santos","image":{"@type":"ImageObject","inLanguage":"pt-BR","@id":"https:\/\/secure.gravatar.com\/avatar\/353300f73140f779692b9be2b39f434d1341e4e34c7f55bd5a990fe29ef352eb?s=96&d=mm&r=g","url":"https:\/\/secure.gravatar.com\/avatar\/353300f73140f779692b9be2b39f434d1341e4e34c7f55bd5a990fe29ef352eb?s=96&d=mm&r=g","contentUrl":"https:\/\/secure.gravatar.com\/avatar\/353300f73140f779692b9be2b39f434d1341e4e34c7f55bd5a990fe29ef352eb?s=96&d=mm&r=g","caption":"B\u00e1rbara Carvalho Santos"},"description":"M\u00e3e e jornalista formada pela UNIP, possui ampla experi\u00eancia na cobertura de entretenimento em grandes ve\u00edculos, como o site da CNN, RedeTV! e Estrat\u00e9gia Educacional. Atuou tamb\u00e9m em ag\u00eancias de marketing, produtoras musicais e assessorias de imprensa, com foco especial no trabalho com personalidades p\u00fablicas. Atualmente, integra a equipe do Estrat\u00e9gia Concursos, onde \u00e9 respons\u00e1vel pela produ\u00e7\u00e3o de conte\u00fados estrat\u00e9gicos voltados para o setor de concursos p\u00fablicos, com destaque para a \u00e1rea fiscal, gest\u00e3o, controle, concursos administrativos e Minist\u00e9rios participantes do CNU, al\u00e9m de diversos \u00f3rg\u00e3os federais. Tem como miss\u00e3o transformar informa\u00e7\u00f5es complexas em conte\u00fados acess\u00edveis, relevantes e de alto valor para quem sonha com uma carreira no servi\u00e7o p\u00fablico.","url":"https:\/\/www.estrategiaconcursos.com.br\/blog\/author\/barbara-santos\/"}]}},"_links":{"self":[{"href":"https:\/\/www.estrategiaconcursos.com.br\/blog\/wp-json\/wp\/v2\/posts\/860740","targetHints":{"allow":["GET"]}}],"collection":[{"href":"https:\/\/www.estrategiaconcursos.com.br\/blog\/wp-json\/wp\/v2\/posts"}],"about":[{"href":"https:\/\/www.estrategiaconcursos.com.br\/blog\/wp-json\/wp\/v2\/types\/post"}],"author":[{"embeddable":true,"href":"https:\/\/www.estrategiaconcursos.com.br\/blog\/wp-json\/wp\/v2\/users\/2018"}],"replies":[{"embeddable":true,"href":"https:\/\/www.estrategiaconcursos.com.br\/blog\/wp-json\/wp\/v2\/comments?post=860740"}],"version-history":[{"count":13,"href":"https:\/\/www.estrategiaconcursos.com.br\/blog\/wp-json\/wp\/v2\/posts\/860740\/revisions"}],"predecessor-version":[{"id":860787,"href":"https:\/\/www.estrategiaconcursos.com.br\/blog\/wp-json\/wp\/v2\/posts\/860740\/revisions\/860787"}],"wp:featuredmedia":[{"embeddable":true,"href":"https:\/\/www.estrategiaconcursos.com.br\/blog\/wp-json\/wp\/v2\/media\/731068"}],"wp:attachment":[{"href":"https:\/\/www.estrategiaconcursos.com.br\/blog\/wp-json\/wp\/v2\/media?parent=860740"}],"wp:term":[{"taxonomy":"category","embeddable":true,"href":"https:\/\/www.estrategiaconcursos.com.br\/blog\/wp-json\/wp\/v2\/categories?post=860740"},{"taxonomy":"post_tag","embeddable":true,"href":"https:\/\/www.estrategiaconcursos.com.br\/blog\/wp-json\/wp\/v2\/tags?post=860740"},{"taxonomy":"tax_estado","embeddable":true,"href":"https:\/\/www.estrategiaconcursos.com.br\/blog\/wp-json\/wp\/v2\/tax_estado?post=860740"}],"curies":[{"name":"wp","href":"https:\/\/api.w.org\/{rel}","templated":true}]}}