{"id":860576,"date":"2021-10-11T13:00:00","date_gmt":"2021-10-11T16:00:00","guid":{"rendered":"https:\/\/www.estrategiaconcursos.com.br\/blog\/?p=860576"},"modified":"2021-10-11T16:58:50","modified_gmt":"2021-10-11T19:58:50","slug":"cabo-frio-rj-gabaritos","status":"publish","type":"post","link":"https:\/\/www.estrategiaconcursos.com.br\/blog\/cabo-frio-rj-gabaritos\/","title":{"rendered":"Cabo Frio RJ: gabaritos preliminares divulgados. Confira!"},"content":{"rendered":"\n<p>Aten\u00e7\u00e3o, corujinhas! Foram divulgados os <strong>gabaritos preliminares<\/strong>\u00a0do concurso p\u00fablico da\u00a0<strong>Prefeitura de Cabo Frio<\/strong>, localizada no Rio de Janeiro, referentes aos cargos de:<\/p>\n\n\n\n<p class=\"has-vivid-cyan-blue-color has-text-color\">Auxiliar em Sa\u00fade Bucal; Cuidador; Fiscal Fazend\u00e1rio; Fiscal Fundi\u00e1rio; Fiscal de Obras; Fiscal de Postura; Fiscal de Transporte; Fiscal Sanit\u00e1rio; Gestor Ambiental; Inspetor de Alunos; Secret\u00e1rio Escolar; T\u00e9cnico de Laborat\u00f3rio; T\u00e9cnico de Necropsia; T\u00e9cnico de Radiologia; T\u00e9cnico Massagista.<\/p>\n\n\n\n<p>As avalia\u00e7\u00f5es para os cargos mencionados acima foram aplicadas no dia 10 de outubro. Os interessados em interpor recursos, poder\u00e3o realiz\u00e1-los entre os dias 13 e 14 de outubro, pelo site da banca organizadora, <strong><a href=\"http:\/\/www.ibam-concursos.org.br\/candidato.asp\" target=\"_blank\" rel=\"noreferrer noopener\">Ibam<\/a><\/strong>.<\/p>\n\n\n\n<p><strong>Confira todos os detalhes pelo link abaixo:<\/strong><\/p>\n\n\n\n<p class=\"has-text-align-center has-background\" style=\"background-color:#c9d5df\"><strong><a href=\"https:\/\/dhg1h5j42swfq.cloudfront.net\/2021\/10\/11130644\/gabp-cf3-d2-1.pdf\" target=\"_blank\" rel=\"noreferrer noopener nofollow\">Gabaritos preliminares<\/a><\/strong><\/p>\n\n\n\n<div class=\"wp-block-image\"><figure class=\"aligncenter size-full is-resized\"><img loading=\"lazy\" decoding=\"async\" src=\"https:\/\/dhg1h5j42swfq.cloudfront.net\/2021\/09\/14101926\/prefeitura-1.jpeg\" alt=\"Fachada Prefeitura de Cabo Frio | Imagem: reprodu\u00e7\u00e3o\n\" class=\"wp-image-860615\" width=\"593\" height=\"308\" srcset=\"https:\/\/dhg1h5j42swfq.cloudfront.net\/2021\/09\/14101926\/prefeitura-1.jpeg 770w, https:\/\/dhg1h5j42swfq.cloudfront.net\/2021\/09\/14101926\/prefeitura-1-300x156.jpeg 300w, https:\/\/dhg1h5j42swfq.cloudfront.net\/2021\/09\/14101926\/prefeitura-1-768x399.jpeg 768w, https:\/\/dhg1h5j42swfq.cloudfront.net\/2021\/09\/14101926\/prefeitura-1-610x317.jpeg 610w\" sizes=\"auto, (max-width: 593px) 100vw, 593px\" \/><figcaption>Fachada Prefeitura de Cabo Frio | Imagem: reprodu\u00e7\u00e3o<br \/><\/figcaption><\/figure><\/div>\n\n\n\n<p>Os candidatos ainda ser\u00e3o avaliados em um \u00faltimo dia, isto \u00e9, em <strong>17 de outubro<\/strong>. Ao todo, s\u00e3o ofertadas<strong>&nbsp;980 vagas<\/strong>&nbsp;imediatas, al\u00e9m de forma\u00e7\u00e3o de cadastro reserva. As oportunidades s\u00e3o distribu\u00eddas entre diversos cargos em todas as escolaridades, com remunera\u00e7\u00e3o de&nbsp;<strong>at\u00e9 R$ 5.018,98<\/strong>.<\/p>\n\n\n\n<p>O concurso da Prefeitura de Cabo Frio, a respeito do segundo edital, ser\u00e1 constitu\u00eddo das seguintes etapas: Provas Objetivas e Prova de T\u00edtulos.<\/p>\n\n\n\n<h3 class=\"wp-block-heading\">Pr\u00f3ximas provas do concurso Cabo Frio RJ<\/h3>\n\n\n\n<p>As avalia\u00e7\u00f5es da Prefeitura de Cabo Frio ainda ser\u00e3o aplicadas para mais mais um grupo. Confira o cronograma:<\/p>\n\n\n\n<ul class=\"has-background wp-block-list\" style=\"background-color:#d7e0e7\"><li><strong>17\/10\/21 (manh\u00e3) \u2013 Edital N\u00ba 04\/2020<\/strong><ul><li>Agente de Postura, Auxiliar de Necropsia e Guarda Mar\u00edtimo e Ambiental;<\/li><\/ul><\/li><li><strong>17\/10\/21 (tarde) \u2013 Edital N\u00ba 04\/2020<\/strong><ul><li>Coveiro e Cozinheiro.<\/li><\/ul><\/li><\/ul>\n\n\n\n<h3 class=\"wp-block-heading\" id=\"objetivas\">Provas Objetivas<\/h3>\n\n\n\n<p>As Provas Objetivas, de car\u00e1ter eliminat\u00f3rio e classificat\u00f3rio, ser\u00e3o constitu\u00eddas de quest\u00f5es objetivas de m\u00faltipla escolha, contendo quatro op\u00e7\u00f5es de respostas (A, B, C e D).<\/p>\n\n\n\n<p class=\"has-text-align-center\"><em>Para mais detalhes do concurso Prefeitura de Cabo Frio, em que novos gabaritos foram divulgados, acesse o link abaixo:<\/em><\/p>\n\n\n\n<p class=\"has-text-align-center has-luminous-vivid-amber-background-color has-background\" style=\"font-size:clamp(14.642px, 0.915rem + ((1vw - 3.2px) * 0.721), 22px);\"><strong>Saiba mais: <a href=\"https:\/\/www.estrategiaconcursos.com.br\/blog\/concurso-prefeitura-de-cabo-frio-rj\/\" target=\"_blank\" rel=\"noreferrer noopener\">concurso Prefeitura de Cabo Frio<\/a><\/strong><\/p>\n\n\n\n<hr class=\"wp-block-separator\"\/>\n\n\n\n<h2 class=\"has-text-align-center wp-block-heading\" id=\"assinatura-e-cursos\">Quer estudar para o concurso da Prefeitura de Cabo Frio?<\/h2>\n\n\n\n<div class=\"container\" id=\"boxes\">\n  <div class=\"row\">\n\n    <div class=\"col-sm\">\n      <div class=\"banner-estrategia\" id=\"box-assinatura\">\n        <h3 class=\"titulo-assinatura\">Concurso Prefeitura de Cabo Frio<\/h3>\n        <p class=\"subtitulo-assinatura\">Estude conosco<\/p>\n        <div class=\"box-botao\">\n          <a class=\"btn-assinatura\" target=\"_blank\" href=\"https:\/\/www.estrategiaconcursos.com.br\/cursosPorConcurso\/prefeitura-municipal-de-cabo-frio-rj\/\" role=\"button\" rel=\"noopener noreferrer\">Conhe\u00e7a os cursos<\/a>\n        <\/div>\n      <\/div>\n     \n    <\/div>\n\n  <\/div>\n<\/div>\n\n\n\n<div class=\"container\" id=\"boxes\">\n  <div class=\"row\">\n\n    <div class=\"col-sm\">\n      <div class=\"estrategia\" id=\"box-assinatura\">\n        <h3 class=\"titulo-assinatura\">Assinatura Concursos<\/h3>\n        <p class=\"subtitulo-assinatura\">Assinatura de 1 ano ou 2 anos<\/p>\n        <div class=\"box-botao\">\n          <a class=\"btn-assinatura\" target=\"_blank\" href=\"https:\/\/www.estrategiaconcursos.com.br\/assinaturas\/\" role=\"button\" rel=\"noopener noreferrer\">ASSINE AGORA<\/a>\n        <\/div>\n      <\/div>\n     \n    <\/div><\/div><\/div>\n\n\n\n<h2 class=\"has-text-align-center wp-block-heading\">Quer saber tudo sobre concursos previstos?<br \/>Confira nossos artigos!<\/h2>\n\n\n\n<ul class=\"wp-block-list\"><li><a target=\"_blank\" href=\"https:\/\/www.estrategiaconcursos.com.br\/blog\/concursos-abertos\/\" rel=\"noreferrer noopener\">Concursos abertos<\/a><\/li><li><a target=\"_blank\" href=\"https:\/\/www.estrategiaconcursos.com.br\/blog\/concursos-2021\/\" rel=\"noreferrer noopener\">Concursos 2021<\/a><\/li><li><a target=\"_blank\" href=\"https:\/\/www.estrategiaconcursos.com.br\/blog\/concursos-2022\/\" rel=\"noreferrer noopener\">Concursos 2022<\/a><\/li><\/ul>\n","protected":false},"excerpt":{"rendered":"<p>Aten\u00e7\u00e3o, corujinhas! Foram divulgados os gabaritos preliminares\u00a0do concurso p\u00fablico da\u00a0Prefeitura de Cabo Frio, localizada no Rio de Janeiro, referentes aos cargos de: Auxiliar em Sa\u00fade Bucal; Cuidador; Fiscal Fazend\u00e1rio; Fiscal Fundi\u00e1rio; Fiscal de Obras; Fiscal de Postura; Fiscal de Transporte; Fiscal Sanit\u00e1rio; Gestor Ambiental; Inspetor de Alunos; Secret\u00e1rio Escolar; T\u00e9cnico de Laborat\u00f3rio; T\u00e9cnico de Necropsia; [&hellip;]<\/p>\n","protected":false},"author":2018,"featured_media":731088,"comment_status":"open","ping_status":"closed","sticky":false,"template":"","format":"standard","meta":{"post_tipo":"news","footnotes":""},"categories":[214992,220219],"tags":[],"tax_estado":[219982],"class_list":["post-860576","post","type-post","status-publish","format-standard","has-post-thumbnail","hentry","category-concursos-administrativos","category-noticias","tax_estado-rj"],"acf":[],"yoast_head":"<!-- This site is optimized with the Yoast SEO Premium plugin v27.2 (Yoast SEO v27.2) - https:\/\/yoast.com\/product\/yoast-seo-premium-wordpress\/ -->\n<title>Cabo Frio RJ: gabaritos preliminares divulgados. Confira!<\/title>\n<meta name=\"description\" content=\"Concurso Cabo Frio RJ: gabaritos divulgados! Provas foram aplicadas no dia 10 de outubro. Edital oferta 980 vagas mais CR. Confira!\" \/>\n<meta name=\"robots\" content=\"index, follow, max-snippet:-1, max-image-preview:large, max-video-preview:-1\" \/>\n<link rel=\"canonical\" href=\"https:\/\/www.estrategiaconcursos.com.br\/blog\/cabo-frio-rj-gabaritos\/\" \/>\n<meta property=\"og:locale\" content=\"pt_BR\" \/>\n<meta property=\"og:type\" content=\"article\" \/>\n<meta property=\"og:title\" content=\"Cabo Frio RJ: gabaritos preliminares divulgados. Confira!\" \/>\n<meta property=\"og:description\" content=\"Concurso Cabo Frio RJ: gabaritos divulgados! Provas foram aplicadas no dia 10 de outubro. Edital oferta 980 vagas mais CR. Confira!\" \/>\n<meta property=\"og:url\" content=\"https:\/\/www.estrategiaconcursos.com.br\/blog\/cabo-frio-rj-gabaritos\/\" \/>\n<meta property=\"og:site_name\" content=\"Estrat\u00e9gia Concursos\" \/>\n<meta property=\"article:published_time\" content=\"2021-10-11T16:00:00+00:00\" \/>\n<meta property=\"article:modified_time\" content=\"2021-10-11T19:58:50+00:00\" \/>\n<meta property=\"og:image\" content=\"https:\/\/dhg1h5j42swfq.cloudfront.net\/2021\/05\/04155250\/prefeitura-de-cabo-frio-rj.jpg\" \/>\n\t<meta property=\"og:image:width\" content=\"768\" \/>\n\t<meta property=\"og:image:height\" content=\"432\" \/>\n\t<meta property=\"og:image:type\" content=\"image\/jpeg\" \/>\n<meta name=\"author\" content=\"B\u00e1rbara Carvalho Santos\" \/>\n<meta name=\"twitter:card\" content=\"summary_large_image\" \/>\n<meta name=\"twitter:creator\" content=\"@EstratConcursos\" \/>\n<meta name=\"twitter:site\" content=\"@EstratConcursos\" \/>\n<meta name=\"twitter:label1\" content=\"Escrito por\" \/>\n\t<meta name=\"twitter:data1\" content=\"B\u00e1rbara Carvalho Santos\" \/>\n\t<meta name=\"twitter:label2\" content=\"Est. tempo de leitura\" \/>\n\t<meta name=\"twitter:data2\" content=\"2 minutos\" \/>\n<script type=\"application\/ld+json\" class=\"yoast-schema-graph\">{\"@context\":\"https:\/\/schema.org\",\"@graph\":[{\"@type\":\"NewsArticle\",\"@id\":\"https:\/\/www.estrategiaconcursos.com.br\/blog\/cabo-frio-rj-gabaritos\/#article\",\"isPartOf\":{\"@id\":\"https:\/\/www.estrategiaconcursos.com.br\/blog\/cabo-frio-rj-gabaritos\/\"},\"author\":{\"name\":\"B\u00e1rbara Carvalho Santos\",\"@id\":\"https:\/\/www.estrategiaconcursos.com.br\/blog\/#\/schema\/person\/e3882259fa157d54c44c21f4ee4e0e60\"},\"headline\":\"Cabo Frio RJ: gabaritos preliminares divulgados. Confira!\",\"datePublished\":\"2021-10-11T16:00:00+00:00\",\"dateModified\":\"2021-10-11T19:58:50+00:00\",\"mainEntityOfPage\":{\"@id\":\"https:\/\/www.estrategiaconcursos.com.br\/blog\/cabo-frio-rj-gabaritos\/\"},\"wordCount\":363,\"commentCount\":0,\"publisher\":{\"@id\":\"https:\/\/www.estrategiaconcursos.com.br\/blog\/#organization\"},\"image\":{\"@id\":\"https:\/\/www.estrategiaconcursos.com.br\/blog\/cabo-frio-rj-gabaritos\/#primaryimage\"},\"thumbnailUrl\":\"https:\/\/dhg1h5j42swfq.cloudfront.net\/2021\/05\/04155250\/prefeitura-de-cabo-frio-rj.jpg\",\"articleSection\":[\"Executivo (Administrativa)\",\"\u00daltimas not\u00edcias\"],\"inLanguage\":\"pt-BR\",\"potentialAction\":[{\"@type\":\"CommentAction\",\"name\":\"Comment\",\"target\":[\"https:\/\/www.estrategiaconcursos.com.br\/blog\/cabo-frio-rj-gabaritos\/#respond\"]}],\"copyrightYear\":\"2021\",\"copyrightHolder\":{\"@id\":\"https:\/\/www.estrategiaconcursos.com.br\/blog\/#organization\"}},{\"@type\":\"WebPage\",\"@id\":\"https:\/\/www.estrategiaconcursos.com.br\/blog\/cabo-frio-rj-gabaritos\/\",\"url\":\"https:\/\/www.estrategiaconcursos.com.br\/blog\/cabo-frio-rj-gabaritos\/\",\"name\":\"Cabo Frio RJ: gabaritos preliminares divulgados. Confira!\",\"isPartOf\":{\"@id\":\"https:\/\/www.estrategiaconcursos.com.br\/blog\/#website\"},\"primaryImageOfPage\":{\"@id\":\"https:\/\/www.estrategiaconcursos.com.br\/blog\/cabo-frio-rj-gabaritos\/#primaryimage\"},\"image\":{\"@id\":\"https:\/\/www.estrategiaconcursos.com.br\/blog\/cabo-frio-rj-gabaritos\/#primaryimage\"},\"thumbnailUrl\":\"https:\/\/dhg1h5j42swfq.cloudfront.net\/2021\/05\/04155250\/prefeitura-de-cabo-frio-rj.jpg\",\"datePublished\":\"2021-10-11T16:00:00+00:00\",\"dateModified\":\"2021-10-11T19:58:50+00:00\",\"description\":\"Concurso Cabo Frio RJ: gabaritos divulgados! Provas foram aplicadas no dia 10 de outubro. Edital oferta 980 vagas mais CR. Confira!\",\"breadcrumb\":{\"@id\":\"https:\/\/www.estrategiaconcursos.com.br\/blog\/cabo-frio-rj-gabaritos\/#breadcrumb\"},\"inLanguage\":\"pt-BR\",\"potentialAction\":[{\"@type\":\"ReadAction\",\"target\":[\"https:\/\/www.estrategiaconcursos.com.br\/blog\/cabo-frio-rj-gabaritos\/\"]}]},{\"@type\":\"ImageObject\",\"inLanguage\":\"pt-BR\",\"@id\":\"https:\/\/www.estrategiaconcursos.com.br\/blog\/cabo-frio-rj-gabaritos\/#primaryimage\",\"url\":\"https:\/\/dhg1h5j42swfq.cloudfront.net\/2021\/05\/04155250\/prefeitura-de-cabo-frio-rj.jpg\",\"contentUrl\":\"https:\/\/dhg1h5j42swfq.cloudfront.net\/2021\/05\/04155250\/prefeitura-de-cabo-frio-rj.jpg\",\"width\":768,\"height\":432,\"caption\":\"Concurso Cabo Frio gabaritos\"},{\"@type\":\"BreadcrumbList\",\"@id\":\"https:\/\/www.estrategiaconcursos.com.br\/blog\/cabo-frio-rj-gabaritos\/#breadcrumb\",\"itemListElement\":[{\"@type\":\"ListItem\",\"position\":1,\"name\":\"In\u00edcio\",\"item\":\"https:\/\/www.estrategiaconcursos.com.br\/blog\/\"},{\"@type\":\"ListItem\",\"position\":2,\"name\":\"Cabo Frio RJ: gabaritos preliminares divulgados. Confira!\"}]},{\"@type\":\"WebSite\",\"@id\":\"https:\/\/www.estrategiaconcursos.com.br\/blog\/#website\",\"url\":\"https:\/\/www.estrategiaconcursos.com.br\/blog\/\",\"name\":\"Estrat\u00e9gia Concursos\",\"description\":\"O blog da Estrat\u00e9gia Concursos traz not\u00edcias sobre concursos e artigos de professores oferecendo cursos para concursos (pdf + videaulas) no site.\",\"publisher\":{\"@id\":\"https:\/\/www.estrategiaconcursos.com.br\/blog\/#organization\"},\"potentialAction\":[{\"@type\":\"SearchAction\",\"target\":{\"@type\":\"EntryPoint\",\"urlTemplate\":\"https:\/\/www.estrategiaconcursos.com.br\/blog\/?s={search_term_string}\"},\"query-input\":{\"@type\":\"PropertyValueSpecification\",\"valueRequired\":true,\"valueName\":\"search_term_string\"}}],\"inLanguage\":\"pt-BR\"},{\"@type\":\"Organization\",\"@id\":\"https:\/\/www.estrategiaconcursos.com.br\/blog\/#organization\",\"name\":\"Estrat\u00e9gia Concursos\",\"url\":\"https:\/\/www.estrategiaconcursos.com.br\/blog\/\",\"logo\":{\"@type\":\"ImageObject\",\"inLanguage\":\"pt-BR\",\"@id\":\"https:\/\/www.estrategiaconcursos.com.br\/blog\/#\/schema\/logo\/image\/\",\"url\":\"https:\/\/dhg1h5j42swfq.cloudfront.net\/2025\/06\/03203428\/logo_concursos-1.jpg\",\"contentUrl\":\"https:\/\/dhg1h5j42swfq.cloudfront.net\/2025\/06\/03203428\/logo_concursos-1.jpg\",\"width\":230,\"height\":60,\"caption\":\"Estrat\u00e9gia Concursos\"},\"image\":{\"@id\":\"https:\/\/www.estrategiaconcursos.com.br\/blog\/#\/schema\/logo\/image\/\"},\"sameAs\":[\"https:\/\/x.com\/EstratConcursos\"]},{\"@type\":\"Person\",\"@id\":\"https:\/\/www.estrategiaconcursos.com.br\/blog\/#\/schema\/person\/e3882259fa157d54c44c21f4ee4e0e60\",\"name\":\"B\u00e1rbara Carvalho Santos\",\"image\":{\"@type\":\"ImageObject\",\"inLanguage\":\"pt-BR\",\"@id\":\"https:\/\/secure.gravatar.com\/avatar\/353300f73140f779692b9be2b39f434d1341e4e34c7f55bd5a990fe29ef352eb?s=96&d=mm&r=g\",\"url\":\"https:\/\/secure.gravatar.com\/avatar\/353300f73140f779692b9be2b39f434d1341e4e34c7f55bd5a990fe29ef352eb?s=96&d=mm&r=g\",\"contentUrl\":\"https:\/\/secure.gravatar.com\/avatar\/353300f73140f779692b9be2b39f434d1341e4e34c7f55bd5a990fe29ef352eb?s=96&d=mm&r=g\",\"caption\":\"B\u00e1rbara Carvalho Santos\"},\"description\":\"M\u00e3e e jornalista formada pela UNIP, possui ampla experi\u00eancia na cobertura de entretenimento em grandes ve\u00edculos, como o site da CNN, RedeTV! e Estrat\u00e9gia Educacional. Atuou tamb\u00e9m em ag\u00eancias de marketing, produtoras musicais e assessorias de imprensa, com foco especial no trabalho com personalidades p\u00fablicas. Atualmente, integra a equipe do Estrat\u00e9gia Concursos, onde \u00e9 respons\u00e1vel pela produ\u00e7\u00e3o de conte\u00fados estrat\u00e9gicos voltados para o setor de concursos p\u00fablicos, com destaque para a \u00e1rea fiscal, gest\u00e3o, controle, concursos administrativos e Minist\u00e9rios participantes do CNU, al\u00e9m de diversos \u00f3rg\u00e3os federais. Tem como miss\u00e3o transformar informa\u00e7\u00f5es complexas em conte\u00fados acess\u00edveis, relevantes e de alto valor para quem sonha com uma carreira no servi\u00e7o p\u00fablico.\",\"url\":\"https:\/\/www.estrategiaconcursos.com.br\/blog\/author\/barbara-santos\/\"}]}<\/script>\n<!-- \/ Yoast SEO Premium plugin. -->","yoast_head_json":{"title":"Cabo Frio RJ: gabaritos preliminares divulgados. Confira!","description":"Concurso Cabo Frio RJ: gabaritos divulgados! Provas foram aplicadas no dia 10 de outubro. Edital oferta 980 vagas mais CR. Confira!","robots":{"index":"index","follow":"follow","max-snippet":"max-snippet:-1","max-image-preview":"max-image-preview:large","max-video-preview":"max-video-preview:-1"},"canonical":"https:\/\/www.estrategiaconcursos.com.br\/blog\/cabo-frio-rj-gabaritos\/","og_locale":"pt_BR","og_type":"article","og_title":"Cabo Frio RJ: gabaritos preliminares divulgados. Confira!","og_description":"Concurso Cabo Frio RJ: gabaritos divulgados! Provas foram aplicadas no dia 10 de outubro. Edital oferta 980 vagas mais CR. Confira!","og_url":"https:\/\/www.estrategiaconcursos.com.br\/blog\/cabo-frio-rj-gabaritos\/","og_site_name":"Estrat\u00e9gia Concursos","article_published_time":"2021-10-11T16:00:00+00:00","article_modified_time":"2021-10-11T19:58:50+00:00","og_image":[{"width":768,"height":432,"url":"https:\/\/dhg1h5j42swfq.cloudfront.net\/2021\/05\/04155250\/prefeitura-de-cabo-frio-rj.jpg","type":"image\/jpeg"}],"author":"B\u00e1rbara Carvalho Santos","twitter_card":"summary_large_image","twitter_creator":"@EstratConcursos","twitter_site":"@EstratConcursos","twitter_misc":{"Escrito por":"B\u00e1rbara Carvalho Santos","Est. tempo de leitura":"2 minutos"},"schema":{"@context":"https:\/\/schema.org","@graph":[{"@type":"NewsArticle","@id":"https:\/\/www.estrategiaconcursos.com.br\/blog\/cabo-frio-rj-gabaritos\/#article","isPartOf":{"@id":"https:\/\/www.estrategiaconcursos.com.br\/blog\/cabo-frio-rj-gabaritos\/"},"author":{"name":"B\u00e1rbara Carvalho Santos","@id":"https:\/\/www.estrategiaconcursos.com.br\/blog\/#\/schema\/person\/e3882259fa157d54c44c21f4ee4e0e60"},"headline":"Cabo Frio RJ: gabaritos preliminares divulgados. Confira!","datePublished":"2021-10-11T16:00:00+00:00","dateModified":"2021-10-11T19:58:50+00:00","mainEntityOfPage":{"@id":"https:\/\/www.estrategiaconcursos.com.br\/blog\/cabo-frio-rj-gabaritos\/"},"wordCount":363,"commentCount":0,"publisher":{"@id":"https:\/\/www.estrategiaconcursos.com.br\/blog\/#organization"},"image":{"@id":"https:\/\/www.estrategiaconcursos.com.br\/blog\/cabo-frio-rj-gabaritos\/#primaryimage"},"thumbnailUrl":"https:\/\/dhg1h5j42swfq.cloudfront.net\/2021\/05\/04155250\/prefeitura-de-cabo-frio-rj.jpg","articleSection":["Executivo (Administrativa)","\u00daltimas not\u00edcias"],"inLanguage":"pt-BR","potentialAction":[{"@type":"CommentAction","name":"Comment","target":["https:\/\/www.estrategiaconcursos.com.br\/blog\/cabo-frio-rj-gabaritos\/#respond"]}],"copyrightYear":"2021","copyrightHolder":{"@id":"https:\/\/www.estrategiaconcursos.com.br\/blog\/#organization"}},{"@type":"WebPage","@id":"https:\/\/www.estrategiaconcursos.com.br\/blog\/cabo-frio-rj-gabaritos\/","url":"https:\/\/www.estrategiaconcursos.com.br\/blog\/cabo-frio-rj-gabaritos\/","name":"Cabo Frio RJ: gabaritos preliminares divulgados. Confira!","isPartOf":{"@id":"https:\/\/www.estrategiaconcursos.com.br\/blog\/#website"},"primaryImageOfPage":{"@id":"https:\/\/www.estrategiaconcursos.com.br\/blog\/cabo-frio-rj-gabaritos\/#primaryimage"},"image":{"@id":"https:\/\/www.estrategiaconcursos.com.br\/blog\/cabo-frio-rj-gabaritos\/#primaryimage"},"thumbnailUrl":"https:\/\/dhg1h5j42swfq.cloudfront.net\/2021\/05\/04155250\/prefeitura-de-cabo-frio-rj.jpg","datePublished":"2021-10-11T16:00:00+00:00","dateModified":"2021-10-11T19:58:50+00:00","description":"Concurso Cabo Frio RJ: gabaritos divulgados! Provas foram aplicadas no dia 10 de outubro. Edital oferta 980 vagas mais CR. Confira!","breadcrumb":{"@id":"https:\/\/www.estrategiaconcursos.com.br\/blog\/cabo-frio-rj-gabaritos\/#breadcrumb"},"inLanguage":"pt-BR","potentialAction":[{"@type":"ReadAction","target":["https:\/\/www.estrategiaconcursos.com.br\/blog\/cabo-frio-rj-gabaritos\/"]}]},{"@type":"ImageObject","inLanguage":"pt-BR","@id":"https:\/\/www.estrategiaconcursos.com.br\/blog\/cabo-frio-rj-gabaritos\/#primaryimage","url":"https:\/\/dhg1h5j42swfq.cloudfront.net\/2021\/05\/04155250\/prefeitura-de-cabo-frio-rj.jpg","contentUrl":"https:\/\/dhg1h5j42swfq.cloudfront.net\/2021\/05\/04155250\/prefeitura-de-cabo-frio-rj.jpg","width":768,"height":432,"caption":"Concurso Cabo Frio gabaritos"},{"@type":"BreadcrumbList","@id":"https:\/\/www.estrategiaconcursos.com.br\/blog\/cabo-frio-rj-gabaritos\/#breadcrumb","itemListElement":[{"@type":"ListItem","position":1,"name":"In\u00edcio","item":"https:\/\/www.estrategiaconcursos.com.br\/blog\/"},{"@type":"ListItem","position":2,"name":"Cabo Frio RJ: gabaritos preliminares divulgados. Confira!"}]},{"@type":"WebSite","@id":"https:\/\/www.estrategiaconcursos.com.br\/blog\/#website","url":"https:\/\/www.estrategiaconcursos.com.br\/blog\/","name":"Estrat\u00e9gia Concursos","description":"O blog da Estrat\u00e9gia Concursos traz not\u00edcias sobre concursos e artigos de professores oferecendo cursos para concursos (pdf + videaulas) no site.","publisher":{"@id":"https:\/\/www.estrategiaconcursos.com.br\/blog\/#organization"},"potentialAction":[{"@type":"SearchAction","target":{"@type":"EntryPoint","urlTemplate":"https:\/\/www.estrategiaconcursos.com.br\/blog\/?s={search_term_string}"},"query-input":{"@type":"PropertyValueSpecification","valueRequired":true,"valueName":"search_term_string"}}],"inLanguage":"pt-BR"},{"@type":"Organization","@id":"https:\/\/www.estrategiaconcursos.com.br\/blog\/#organization","name":"Estrat\u00e9gia Concursos","url":"https:\/\/www.estrategiaconcursos.com.br\/blog\/","logo":{"@type":"ImageObject","inLanguage":"pt-BR","@id":"https:\/\/www.estrategiaconcursos.com.br\/blog\/#\/schema\/logo\/image\/","url":"https:\/\/dhg1h5j42swfq.cloudfront.net\/2025\/06\/03203428\/logo_concursos-1.jpg","contentUrl":"https:\/\/dhg1h5j42swfq.cloudfront.net\/2025\/06\/03203428\/logo_concursos-1.jpg","width":230,"height":60,"caption":"Estrat\u00e9gia Concursos"},"image":{"@id":"https:\/\/www.estrategiaconcursos.com.br\/blog\/#\/schema\/logo\/image\/"},"sameAs":["https:\/\/x.com\/EstratConcursos"]},{"@type":"Person","@id":"https:\/\/www.estrategiaconcursos.com.br\/blog\/#\/schema\/person\/e3882259fa157d54c44c21f4ee4e0e60","name":"B\u00e1rbara Carvalho Santos","image":{"@type":"ImageObject","inLanguage":"pt-BR","@id":"https:\/\/secure.gravatar.com\/avatar\/353300f73140f779692b9be2b39f434d1341e4e34c7f55bd5a990fe29ef352eb?s=96&d=mm&r=g","url":"https:\/\/secure.gravatar.com\/avatar\/353300f73140f779692b9be2b39f434d1341e4e34c7f55bd5a990fe29ef352eb?s=96&d=mm&r=g","contentUrl":"https:\/\/secure.gravatar.com\/avatar\/353300f73140f779692b9be2b39f434d1341e4e34c7f55bd5a990fe29ef352eb?s=96&d=mm&r=g","caption":"B\u00e1rbara Carvalho Santos"},"description":"M\u00e3e e jornalista formada pela UNIP, possui ampla experi\u00eancia na cobertura de entretenimento em grandes ve\u00edculos, como o site da CNN, RedeTV! e Estrat\u00e9gia Educacional. Atuou tamb\u00e9m em ag\u00eancias de marketing, produtoras musicais e assessorias de imprensa, com foco especial no trabalho com personalidades p\u00fablicas. Atualmente, integra a equipe do Estrat\u00e9gia Concursos, onde \u00e9 respons\u00e1vel pela produ\u00e7\u00e3o de conte\u00fados estrat\u00e9gicos voltados para o setor de concursos p\u00fablicos, com destaque para a \u00e1rea fiscal, gest\u00e3o, controle, concursos administrativos e Minist\u00e9rios participantes do CNU, al\u00e9m de diversos \u00f3rg\u00e3os federais. Tem como miss\u00e3o transformar informa\u00e7\u00f5es complexas em conte\u00fados acess\u00edveis, relevantes e de alto valor para quem sonha com uma carreira no servi\u00e7o p\u00fablico.","url":"https:\/\/www.estrategiaconcursos.com.br\/blog\/author\/barbara-santos\/"}]}},"_links":{"self":[{"href":"https:\/\/www.estrategiaconcursos.com.br\/blog\/wp-json\/wp\/v2\/posts\/860576","targetHints":{"allow":["GET"]}}],"collection":[{"href":"https:\/\/www.estrategiaconcursos.com.br\/blog\/wp-json\/wp\/v2\/posts"}],"about":[{"href":"https:\/\/www.estrategiaconcursos.com.br\/blog\/wp-json\/wp\/v2\/types\/post"}],"author":[{"embeddable":true,"href":"https:\/\/www.estrategiaconcursos.com.br\/blog\/wp-json\/wp\/v2\/users\/2018"}],"replies":[{"embeddable":true,"href":"https:\/\/www.estrategiaconcursos.com.br\/blog\/wp-json\/wp\/v2\/comments?post=860576"}],"version-history":[{"count":11,"href":"https:\/\/www.estrategiaconcursos.com.br\/blog\/wp-json\/wp\/v2\/posts\/860576\/revisions"}],"predecessor-version":[{"id":882557,"href":"https:\/\/www.estrategiaconcursos.com.br\/blog\/wp-json\/wp\/v2\/posts\/860576\/revisions\/882557"}],"wp:featuredmedia":[{"embeddable":true,"href":"https:\/\/www.estrategiaconcursos.com.br\/blog\/wp-json\/wp\/v2\/media\/731088"}],"wp:attachment":[{"href":"https:\/\/www.estrategiaconcursos.com.br\/blog\/wp-json\/wp\/v2\/media?parent=860576"}],"wp:term":[{"taxonomy":"category","embeddable":true,"href":"https:\/\/www.estrategiaconcursos.com.br\/blog\/wp-json\/wp\/v2\/categories?post=860576"},{"taxonomy":"post_tag","embeddable":true,"href":"https:\/\/www.estrategiaconcursos.com.br\/blog\/wp-json\/wp\/v2\/tags?post=860576"},{"taxonomy":"tax_estado","embeddable":true,"href":"https:\/\/www.estrategiaconcursos.com.br\/blog\/wp-json\/wp\/v2\/tax_estado?post=860576"}],"curies":[{"name":"wp","href":"https:\/\/api.w.org\/{rel}","templated":true}]}}