{"id":86037,"date":"2017-08-21T00:45:36","date_gmt":"2017-08-21T03:45:36","guid":{"rendered":"https:\/\/www.estrategiaconcursos.com.br\/blog\/?p=86037"},"modified":"2017-08-21T14:56:13","modified_gmt":"2017-08-21T17:56:13","slug":"gabarito-extraoficial-direito-constitucional-treba-ajaj","status":"publish","type":"post","link":"https:\/\/www.estrategiaconcursos.com.br\/blog\/gabarito-extraoficial-direito-constitucional-treba-ajaj\/","title":{"rendered":"Gabarito Extraoficial &#8211; Direito Constitucional &#8211; TRE\/BA &#8211; AJAJ"},"content":{"rendered":"<p>Ol\u00e1, pessoal! Tudo bem?<\/p>\n<p>A prova de Direito Constitucional do TRE-BA (AJAJ) foi em um n\u00edvel de dificuldade bem superior ao dos outros cargos.<\/p>\n<p>Na minha opini\u00e3o, h\u00e1 2 (duas) quest\u00f5es um pouco controversas: as quest\u00f5es 29 e 30. Aguardemos o gabarito oficial do CESPE para verificar a possibilidade de recurso.<\/p>\n<p>Seguem meus coment\u00e1rios abaixo:<\/p>\n<p><strong>27 &#8211; (CESPE \/ TRE-BA \u2013 2017)<\/strong> <strong>A Constitui\u00e7\u00e3o Federal de 1988 estabelece que os tribunais regionais eleitorais sejam compostos por dois ju\u00edzes dentre seis advogados de not\u00e1vel saber jur\u00eddico e idoneidade moral indicados pelo<\/strong><\/p>\n<p>a) Tribunal de Justi\u00e7a.<\/p>\n<p>b) Superior Tribunal de Justi\u00e7a.<\/p>\n<p>c) Presidente do Supremo Tribunal Federal.<\/p>\n<p>d) Tribunal Superior Eleitoral.<\/p>\n<p>e) Presidente da Rep\u00fablica.<\/p>\n<p><strong>Coment\u00e1rios:<\/strong><\/p>\n<p>A composi\u00e7\u00e3o dos TREs \u00e9 definida pelo art. 120, \u00a7 1\u00ba, CF\/88:<\/p>\n<p style=\"padding-left: 30px\"><strong>Art. 120<\/strong>. Haver\u00e1 um Tribunal Regional Eleitoral na Capital de cada Estado e no Distrito Federal.<\/p>\n<p style=\"padding-left: 30px\"><strong>\u00a7\u00a01\u00ba &#8211;<\/strong> Os Tribunais Regionais Eleitorais compor-se-\u00e3o:<\/p>\n<p style=\"padding-left: 30px\"><strong>I &#8211;<\/strong> mediante elei\u00e7\u00e3o, pelo voto secreto:<\/p>\n<p style=\"padding-left: 30px\"><strong>a)<\/strong> de dois ju\u00edzes dentre os desembargadores do Tribunal de Justi\u00e7a;<\/p>\n<p style=\"padding-left: 30px\"><strong>b)<\/strong> de dois ju\u00edzes, dentre ju\u00edzes de direito, escolhidos pelo Tribunal de Justi\u00e7a;<\/p>\n<p style=\"padding-left: 30px\"><strong>II &#8211;<\/strong> de um juiz do Tribunal Regional Federal com sede na Capital do Estado ou no Distrito Federal, ou, n\u00e3o havendo, de juiz federal, escolhido, em qualquer caso, pelo Tribunal Regional Federal respectivo;<\/p>\n<p style=\"padding-left: 30px\"><strong>III &#8211;<\/strong> por nomea\u00e7\u00e3o, pelo Presidente da Rep\u00fablica, de dois ju\u00edzes dentre seis advogados de not\u00e1vel saber jur\u00eddico e idoneidade moral, indicados pelo Tribunal de Justi\u00e7a.<\/p>\n<p>Observe que 2 ju\u00edzes dos TREs ser\u00e3o <strong><em>oriundos da advocacia<\/em><\/strong>. Eles ser\u00e3o nomeados pelo Presidente da Rep\u00fablica dentre 6 advogados <em><strong>indicados pelo Tribunal de Justi\u00e7a<\/strong><\/em>.<\/p>\n<p>O gabarito \u00e9 a letra A.<\/p>\n<p><strong>28 &#8211; (CESPE \/ TRE-BA \u2013 2017)<\/strong> <strong>Acerca das normas constitucionais que regem os direitos pol\u00edticos e os partidos pol\u00edticos, assinale a op\u00e7\u00e3o correta, conforme a Constitui\u00e7\u00e3o Federal de 1988 e o entendimento do Supremo Tribunal Federal.<\/strong><\/p>\n<p>a) \u00c9 ineleg\u00edvel para cargo de vereador ex-c\u00f4njuge de governador do estado, ainda que se trate de reelei\u00e7\u00e3o e a dissolu\u00e7\u00e3o do v\u00ednculo conjugal tenha ocorrido antes do in\u00edcio do mandato de governador.<\/p>\n<p>b) N\u00e3o se aplica a regra da perda de mandato por infidelidade partid\u00e1ria a governador que, depois de eleito pelo sistema majorit\u00e1rio, resolva mudar de partido pol\u00edtico.<\/p>\n<p>c) A condena\u00e7\u00e3o de servidor p\u00fablico federal por ato de improbidade administrativa n\u00e3o impede sua candidatura ao cargo de deputado federal, uma vez que tal situa\u00e7\u00e3o n\u00e3o se inclui entre as hip\u00f3teses de suspens\u00e3o de direitos pol\u00edticos.<\/p>\n<p>d) O voto \u00e9 obrigat\u00f3rio para o cidad\u00e3o brasileiro naturalizado que seja analfabeto.<\/p>\n<p>e) A\u00e7\u00e3o para impugna\u00e7\u00e3o do mandato de prefeito eleito gra\u00e7as a esquema de compra de votos deve ser ajuizada na justi\u00e7a federal, dentro do prazo de seis meses, e instru\u00edda com provas do abuso do poder econ\u00f4mico.<\/p>\n<p><strong>Coment\u00e1rios:<\/strong><\/p>\n<p>Letra A: errada. H\u00e1 dois pontos a serem analisados nessa assertiva:<\/p>\n<p style=\"padding-left: 30px\"><strong>a)<\/strong> A inelegibilidade reflexa n\u00e3o se aplica caso o indiv\u00edduo j\u00e1 seja titular de mandato eletivo e candidato \u00e0 reelei\u00e7\u00e3o.<\/p>\n<p style=\"padding-left: 30px\"><strong>b) <\/strong>A S\u00famula Vinculante n\u00ba 18 prev\u00ea que a dissolu\u00e7\u00e3o da sociedade, no curso do mandato, n\u00e3o afasta a inelegibilidade reflexa. Em sentido contr\u00e1rio, caso a dissolu\u00e7\u00e3o da sociedade conjugal seja pr\u00e9via ao mandato, o c\u00f4njuge <strong><em>n\u00e3o se tornar\u00e1 ineleg\u00edvel<\/em><\/strong>.<\/p>\n<p>Letra B: correta. A infidelidade partid\u00e1ria resulta na perda do mandato eletivo para aqueles eleitos pelo sistema proporcional. Segundo o STF, essa regra <strong><em>n\u00e3o se aplica \u00e0queles eleitos pelo sistema majorit\u00e1rio<\/em><\/strong>, a fim de n\u00e3o se violar a soberania popular.<\/p>\n<p>Letra C: errada. A improbidade administrativa resulta na suspens\u00e3o dos direitos pol\u00edticos.<\/p>\n<p>Letra D: errada. O voto \u00e9 facultativo para os analfabetos.<\/p>\n<p>Letra E: errada. O mandato eletivo poder\u00e1 ser impugnado ante a Justi\u00e7a Eleitoral no <strong><em>prazo de 15 dias contados da diploma\u00e7\u00e3o<\/em><\/strong> (art. 14, \u00a7 10, CF\/88).<\/p>\n<p>O gabarito \u00e9 a letra B.<\/p>\n<p><strong>29 &#8211; (CESPE \/ TRE-BA \u2013 2017) De acordo com a Constitui\u00e7\u00e3o Federal de 1988 e o entendimento do Supremo Tribunal Federal, compete<\/strong><\/p>\n<p>a) \u00e0 Uni\u00e3o legislar sobre a cria\u00e7\u00e3o de novos munic\u00edpios.<\/p>\n<p>b) aos estados legislar sobre as custas de servi\u00e7os forenses enquanto inexistir lei federal que disponha sobre normas gerais.<\/p>\n<p>c) aos munic\u00edpios litor\u00e2neos legislar sobre o uso de terrenos de Marinha que se encontrem em seu territ\u00f3rio.<\/p>\n<p>d) aos estados-membros legislar sobre crimes de responsabilidade.<\/p>\n<p>e) aos munic\u00edpios legislar sobre quest\u00f5es espec\u00edficas em mat\u00e9ria eleitoral.<\/p>\n<p><strong>Coment\u00e1rios<\/strong>:<\/p>\n<p>Letra A: errada. Aqui, temos uma poss\u00edvel pol\u00eamica. Pode ser que o CESPE considere essa quest\u00e3o como correta, uma vez que a Uni\u00e3o tem compet\u00eancia para editar <strong><em>lei complementar<\/em><\/strong> definindo o <strong><em>per\u00edodo dentro do qual<\/em><\/strong> podem ser criados novos munic\u00edpios. Entretanto, no meu entendimento, a quest\u00e3o est\u00e1 errada, uma vez que a cria\u00e7\u00e3o de novo munic\u00edpio se materializa mediante <strong><em>lei ordin\u00e1ria estadual<\/em><\/strong>.<\/p>\n<p>Letra B: correta. \u00c9 compet\u00eancia concorrente da Uni\u00e3o, Estados e Distrito Federal legislar sobre custas dos servi\u00e7os forenses (art. 24, IV, CF\/88). Na aus\u00eancia de lei federal de normas gerais, os Estados adquirem compet\u00eancia legislativa plena sobre as mat\u00e9rias da compet\u00eancia concorrente.<\/p>\n<p>O CESPE pode vir a considerar essa assertiva errada? Sim, uma vez que a reda\u00e7\u00e3o n\u00e3o ficou t\u00e3o clara, podendo dar a entender que, havendo lei federal, os Estados deixariam de ter compet\u00eancia para legislar sobre custas forenses, o que n\u00e3o \u00e9 verdadeiro.<\/p>\n<p>Letra C: errada. Os terrenos de marinha s\u00e3o bens da Uni\u00e3o. Portanto, cabe \u00e0 Uni\u00e3o legislar sobre o uso desses terrenos.<\/p>\n<p>Letra D: errada. A S\u00famula Vinculante n\u00ba 46 estabelece que <em>\u201ca defini\u00e7\u00e3o dos crimes de responsabilidade e o estabelecimento das respectivas normas de processo e julgamento s\u00e3o de compet\u00eancia legislativa privativa da Uni\u00e3o<\/em>\u201d.<\/p>\n<p>Letra E: errada. \u00c9 <strong><em>compet\u00eancia privativa da Uni\u00e3o<\/em><\/strong> legislar sobre direito eleitoral (art. 22, I, CF\/88).<\/p>\n<p>O gabarito \u00e9 a letra B.<\/p>\n<p><strong>30 &#8211; (CESPE \/ TRE-BA \u2013 2017) A respeito dos direitos e das garantias fundamentais, julgue os seguintes itens.<\/strong><\/p>\n<p><strong>I \u2013<\/strong> Conforme a Constitui\u00e7\u00e3o Federal de 1988, \u00e9 cab\u00edvel o ajuizamento de mandado de injun\u00e7\u00e3o no caso de omiss\u00e3o legislativa inconstitucional que inviabilize o exerc\u00edcio do direito de sufr\u00e1gio.<\/p>\n<p><strong>II \u2013<\/strong> Perder\u00e1 os direitos pol\u00edticos o cidad\u00e3o que alegar convic\u00e7\u00f5es pol\u00edticas para deixar de prestar o servi\u00e7o militar obrigat\u00f3rio e que se recusar a cumprir presta\u00e7\u00e3o alternativa fixada em lei.<\/p>\n<p><strong>III \u2013<\/strong> \u00c9 vedada a candidatura ao cargo de governador a cidad\u00e3o naturalizado brasileiro, por se tratar de cargo privativo de brasileiro nato.<\/p>\n<p><strong>Assinale a op\u00e7\u00e3o correta.<\/strong><\/p>\n<p>a) Apenas o item I est\u00e1 certo.<\/p>\n<p>b) Apenas o item II est\u00e1 certo.<\/p>\n<p>c) Apenas os itens I e III est\u00e3o certos.<\/p>\n<p>d) Apenas os itens II e III est\u00e3o certos.<\/p>\n<p>e) Todos os itens est\u00e3o certos.<\/p>\n<p><strong>Coment\u00e1rios:<\/strong><\/p>\n<p>A <strong><em>primeira assertiva<\/em><\/strong> est\u00e1 correta. O mandado de injun\u00e7\u00e3o ser\u00e1 concedido sempre que a falta de norma regulamentadora torne invi\u00e1vel o exerc\u00edcio dos direitos e liberdades constitucionais e das prerrogativas inerentes \u00e0 nacionalidade, \u00e0 soberania e \u00e0 cidadania.<\/p>\n<p>A <strong><em>segunda assertiva<\/em><\/strong> est\u00e1 errada. Entretanto, h\u00e1 pol\u00eamica a respeito. A doutrina constitucionalista (e.g, Alexandre de Moraes) afirma que a \u201c<em>dupla recusa<\/em>\u201d implica na perda de direitos pol\u00edticos. No entanto, em Direito Eleitoral, \u00e9 comum que a doutrina considere que se trata de hip\u00f3tese de suspens\u00e3o de direitos pol\u00edticos.<\/p>\n<p>A <strong><em>terceira assertiva<\/em><\/strong> est\u00e1 errada. O cargo de Governador n\u00e3o \u00e9 privativo de brasileiro nato.<\/p>\n<p>O gabarito \u00e9 a letra A.<\/p>\n<p>Por\u00e9m, cabe recurso, pois n\u00e3o h\u00e1 consenso na doutrina quanto ao fato de a \u201c<em>dupla recusa<\/em>\u201d ser hip\u00f3tese de perda ou suspens\u00e3o de direitos pol\u00edticos.<\/p>\n<p><strong>31 &#8211; (CESPE \/ TRE-BA \u2013 2017) O presidente da Rep\u00fablica, fundamentando-se no argumento de que o exerc\u00edcio dos direitos pol\u00edticos n\u00e3o deve ser imposto pelo Estado, pretende extinguir o voto obrigat\u00f3rio para os cidad\u00e3os com idade entre dezoito e setenta anos nas elei\u00e7\u00f5es de cargos eletivos do Poder Legislativo e do Poder Executivo e implementar o voto facultativo.<\/strong><\/p>\n<p><strong>Nesse caso, a implementa\u00e7\u00e3o do voto facultativo dever\u00e1 ocorrer por<\/strong><\/p>\n<p>a) lei complementar.<\/p>\n<p>b) medida provis\u00f3ria.<\/p>\n<p>c) lei ordin\u00e1ria.<\/p>\n<p>d) emenda constitucional.<\/p>\n<p>e) decreto legislativo.<\/p>\n<p><strong>Coment\u00e1rios:<\/strong><\/p>\n<p>A CF\/88 estabelece que o voto \u00e9 obrigat\u00f3rio para os maiores de 18 anos. Logo, o estabelecimento de voto facultativo para aqueles entre 18 e 70 anos dependeria de altera\u00e7\u00e3o da CF\/88, mediante emenda constitucional. O gabarito \u00e9 a letra D.<\/p>\n<p><strong>32 &#8211; (CESPE \/ TRE-BA \u2013 2017) Acerca das normas constitucionais que regem a administra\u00e7\u00e3o p\u00fablica, assinale a op\u00e7\u00e3o correta.<\/strong><\/p>\n<p>a) Advogado concursado de \u00f3rg\u00e3o p\u00fablico federal que seja aprovado em concurso p\u00fablico para o cargo de professor em universidade estadual estar\u00e1 impedido de tomar posse enquanto estiver no exerc\u00edcio do cargo no \u00f3rg\u00e3o federal, ainda que haja compatibilidade de hor\u00e1rios.<\/p>\n<p>b) Ap\u00f3s o est\u00e1gio probat\u00f3rio, o servidor p\u00fablico somente perder\u00e1 seu cargo em raz\u00e3o de processo administrativo disciplinar ou de decis\u00e3o judicial condenat\u00f3ria transitada em julgado.<\/p>\n<p>c) Ao ocupante de cargo p\u00fablico federal efetivo eleito vereador ser\u00e1 garantida a investidura no mandato eletivo, n\u00e3o havendo necessidade de afastamento do cargo que exerce nem preju\u00edzo de sua remunera\u00e7\u00e3o, desde que haja compatibilidade de hor\u00e1rios.<\/p>\n<p>d) Servidor p\u00fablico de sessenta e cinco anos de idade e em exerc\u00edcio, h\u00e1 trinta anos, no cargo para o qual foi aprovado por concurso p\u00fablico tem direito \u00e0 requisi\u00e7\u00e3o da aposentadoria com proventos integrais, independentemente do tempo de contribui\u00e7\u00e3o.<\/p>\n<p>e) Cidad\u00e3o estrangeiro, ainda que residente no Brasil h\u00e1 mais de dez anos, n\u00e3o pode ser nomeado para exercer cargo em comiss\u00e3o, uma vez que a natureza desse cargo exige a condi\u00e7\u00e3o de brasileiro nato ou naturalizado.<\/p>\n<p><strong>Coment\u00e1rios: <\/strong><\/p>\n<p>Letra A: errada. \u00c9 poss\u00edvel a acumula\u00e7\u00e3o de 1 (um) cargo t\u00e9cnico ou cient\u00edfico com 1 (um) cargo p\u00fablico de professor, desde que haja compatibilidade de hor\u00e1rios.<\/p>\n<p>Letra B: errada. O servidor p\u00fablico est\u00e1vel poder\u00e1 perder o cargo nas seguintes hip\u00f3teses:<\/p>\n<p style=\"padding-left: 30px\"><strong>a)<\/strong> senten\u00e7a judicial transitada em julgado.<\/p>\n<p style=\"padding-left: 30px\"><strong>b)<\/strong> processo administrativo no qual lhe seja assegurada ampla defesa.<\/p>\n<p style=\"padding-left: 30px\"><strong>c)<\/strong> avalia\u00e7\u00e3o peri\u00f3dica de desempenho, na forma de lei complementar, assegurada ampla defesa.<\/p>\n<p style=\"padding-left: 30px\"><strong>d)<\/strong> excesso de despesas com pessoal, na forma do art. 169, \u00a7\u00a03\u00ba.<\/p>\n<p>Letra C: correta. Havendo compatibilidade de hor\u00e1rios, \u00e9 poss\u00edvel a acumula\u00e7\u00e3o do cargo efetivo com o mandato de Vereador. Nesse caso, receber\u00e1 as duas remunera\u00e7\u00f5es.<\/p>\n<p>Letra D: errada. O servidor p\u00fablico poder\u00e1 se aposentar voluntariamente aos 65 anos, independentemente de tempo de contribui\u00e7\u00e3o, com <strong><em>proventos proporcionais<\/em><\/strong> (art. 40, \u00a7 1\u00ba, III, al\u00ednea \u201cb).<\/p>\n<p>Letra E: errada. O estrangeiro <strong><em>poder\u00e1 ocupar cargo p\u00fablico<\/em><\/strong>, na forma do que dispuser a lei.<\/p>\n<p>O gabarito \u00e9 a letra C.<\/p>\n<p><strong>33 &#8211; (CESPE \/ TRE-BA \u2013 2017) Determinada lei, publicada seis meses antes da data da realiza\u00e7\u00e3o de elei\u00e7\u00f5es estaduais, criou hip\u00f3tese de inelegibilidade para dificultar abuso do poder econ\u00f4mico.<\/strong><\/p>\n<p><strong>Assinale a op\u00e7\u00e3o correta a respeito da classifica\u00e7\u00e3o da referida lei e de sua vig\u00eancia e aplica\u00e7\u00e3o.<\/strong><\/p>\n<p>a) Tal lei deve ser complementar, e viger\u00e1 e se aplicar\u00e1 a partir da data da sua publica\u00e7\u00e3o.<\/p>\n<p>b) Tal lei deve ser complementar e n\u00e3o se aplicar\u00e1 \u00e0s referidas elei\u00e7\u00f5es.<\/p>\n<p>c) Tal lei deve ser ordin\u00e1ria estadual e n\u00e3o se aplicar\u00e1 \u00e0s referidas elei\u00e7\u00f5es.<\/p>\n<p>d) Tal lei deve ser ordin\u00e1ria distrital, e viger\u00e1 e se aplicar\u00e1 a partir da data da sua publica\u00e7\u00e3o.<\/p>\n<p>e) Tal lei deve ser ordin\u00e1ria federal, e se aplicar\u00e1 a partir da data de sua publica\u00e7\u00e3o.<\/p>\n<p><strong>Coment\u00e1rios: <\/strong><\/p>\n<p>H\u00e1 dois pontos a serem analisados nessa quest\u00e3o:<\/p>\n<p style=\"padding-left: 30px\"><strong>a)<\/strong> A cria\u00e7\u00e3o de novas hip\u00f3teses de inelegibilidade ser\u00e1 feita mediante <strong><em>lei complementar<\/em><\/strong>.<\/p>\n<p style=\"padding-left: 30px\"><strong>b) <\/strong>A lei que altera o processo eleitoral entrar\u00e1 em vigor na data de sua publica\u00e7\u00e3o, <strong><em>n\u00e3o se aplicando<\/em><\/strong> \u00e0 elei\u00e7\u00e3o que ocorra at\u00e9 um ano da data de sua vig\u00eancia (art. 16, CF\/88). \u00c9 o princ\u00edpio da anterioridade eleitoral.<\/p>\n<p>O gabarito \u00e9 a letra B.<\/p>\n<p>&nbsp;<\/p>\n<p><strong>\u00a0<\/strong><\/p>\n<p>&nbsp;<\/p>\n<p>&nbsp;<\/p>\n","protected":false},"excerpt":{"rendered":"<p>Ol\u00e1, pessoal! Tudo bem? A prova de Direito Constitucional do TRE-BA (AJAJ) foi em um n\u00edvel de dificuldade bem superior ao dos outros cargos. Na minha opini\u00e3o, h\u00e1 2 (duas) quest\u00f5es um pouco controversas: as quest\u00f5es 29 e 30. Aguardemos o gabarito oficial do CESPE para verificar a possibilidade de recurso. Seguem meus coment\u00e1rios abaixo: [&hellip;]<\/p>\n","protected":false},"author":26,"featured_media":0,"comment_status":"open","ping_status":"open","sticky":false,"template":"","format":"standard","meta":{"post_tipo":"article","footnotes":""},"categories":[1,1984],"tags":[2384],"tax_estado":[],"class_list":["post-86037","post","type-post","status-publish","format-standard","hentry","category-cursos-e-concursos","category-tribunais","tag-concurso-tre-ba"],"acf":[],"yoast_head":"<!-- This site is optimized with the Yoast SEO Premium plugin v27.2 (Yoast SEO v27.2) - https:\/\/yoast.com\/product\/yoast-seo-premium-wordpress\/ -->\n<title>Gabarito Extraoficial - Direito Constitucional - TRE\/BA - AJAJ<\/title>\n<meta name=\"robots\" content=\"index, follow, max-snippet:-1, max-image-preview:large, max-video-preview:-1\" \/>\n<link rel=\"canonical\" href=\"https:\/\/www.estrategiaconcursos.com.br\/blog\/gabarito-extraoficial-direito-constitucional-treba-ajaj\/\" \/>\n<meta property=\"og:locale\" content=\"pt_BR\" \/>\n<meta property=\"og:type\" content=\"article\" \/>\n<meta property=\"og:title\" content=\"Gabarito Extraoficial - Direito Constitucional - TRE\/BA - AJAJ\" \/>\n<meta property=\"og:description\" content=\"Ol\u00e1, pessoal! Tudo bem? A prova de Direito Constitucional do TRE-BA (AJAJ) foi em um n\u00edvel de dificuldade bem superior ao dos outros cargos. Na minha opini\u00e3o, h\u00e1 2 (duas) quest\u00f5es um pouco controversas: as quest\u00f5es 29 e 30. Aguardemos o gabarito oficial do CESPE para verificar a possibilidade de recurso. Seguem meus coment\u00e1rios abaixo: [&hellip;]\" \/>\n<meta property=\"og:url\" content=\"https:\/\/www.estrategiaconcursos.com.br\/blog\/gabarito-extraoficial-direito-constitucional-treba-ajaj\/\" \/>\n<meta property=\"og:site_name\" content=\"Estrat\u00e9gia Concursos\" \/>\n<meta property=\"article:author\" content=\"https:\/\/www.facebook.com\/rvale01\" \/>\n<meta property=\"article:published_time\" content=\"2017-08-21T03:45:36+00:00\" \/>\n<meta property=\"article:modified_time\" content=\"2017-08-21T17:56:13+00:00\" \/>\n<meta name=\"author\" content=\"Ricardo Vale\" \/>\n<meta name=\"twitter:card\" content=\"summary_large_image\" \/>\n<meta name=\"twitter:creator\" content=\"@https:\/\/twitter.com\/EstratConcursos\" \/>\n<meta name=\"twitter:site\" content=\"@EstratConcursos\" \/>\n<meta name=\"twitter:label1\" content=\"Escrito por\" \/>\n\t<meta name=\"twitter:data1\" content=\"Ricardo Vale\" \/>\n\t<meta name=\"twitter:label2\" content=\"Est. tempo de leitura\" \/>\n\t<meta name=\"twitter:data2\" content=\"10 minutos\" \/>\n<script type=\"application\/ld+json\" class=\"yoast-schema-graph\">{\"@context\":\"https:\/\/schema.org\",\"@graph\":[{\"@type\":\"NewsArticle\",\"@id\":\"https:\/\/www.estrategiaconcursos.com.br\/blog\/gabarito-extraoficial-direito-constitucional-treba-ajaj\/#article\",\"isPartOf\":{\"@id\":\"https:\/\/www.estrategiaconcursos.com.br\/blog\/gabarito-extraoficial-direito-constitucional-treba-ajaj\/\"},\"author\":{\"name\":\"Ricardo Vale\",\"@id\":\"https:\/\/www.estrategiaconcursos.com.br\/blog\/#\/schema\/person\/c32e47dba2159cafe7796a9569a6ff7e\"},\"headline\":\"Gabarito Extraoficial &#8211; Direito Constitucional &#8211; TRE\/BA &#8211; AJAJ\",\"datePublished\":\"2017-08-21T03:45:36+00:00\",\"dateModified\":\"2017-08-21T17:56:13+00:00\",\"mainEntityOfPage\":{\"@id\":\"https:\/\/www.estrategiaconcursos.com.br\/blog\/gabarito-extraoficial-direito-constitucional-treba-ajaj\/\"},\"wordCount\":2066,\"commentCount\":0,\"publisher\":{\"@id\":\"https:\/\/www.estrategiaconcursos.com.br\/blog\/#organization\"},\"keywords\":[\"concurso TRE BA\"],\"articleSection\":[\"Concursos P\u00fablicos\",\"Tribunais\"],\"inLanguage\":\"pt-BR\",\"potentialAction\":[{\"@type\":\"CommentAction\",\"name\":\"Comment\",\"target\":[\"https:\/\/www.estrategiaconcursos.com.br\/blog\/gabarito-extraoficial-direito-constitucional-treba-ajaj\/#respond\"]}],\"copyrightYear\":\"2017\",\"copyrightHolder\":{\"@id\":\"https:\/\/www.estrategiaconcursos.com.br\/blog\/#organization\"}},{\"@type\":\"WebPage\",\"@id\":\"https:\/\/www.estrategiaconcursos.com.br\/blog\/gabarito-extraoficial-direito-constitucional-treba-ajaj\/\",\"url\":\"https:\/\/www.estrategiaconcursos.com.br\/blog\/gabarito-extraoficial-direito-constitucional-treba-ajaj\/\",\"name\":\"Gabarito Extraoficial - Direito Constitucional - TRE\/BA - AJAJ\",\"isPartOf\":{\"@id\":\"https:\/\/www.estrategiaconcursos.com.br\/blog\/#website\"},\"datePublished\":\"2017-08-21T03:45:36+00:00\",\"dateModified\":\"2017-08-21T17:56:13+00:00\",\"breadcrumb\":{\"@id\":\"https:\/\/www.estrategiaconcursos.com.br\/blog\/gabarito-extraoficial-direito-constitucional-treba-ajaj\/#breadcrumb\"},\"inLanguage\":\"pt-BR\",\"potentialAction\":[{\"@type\":\"ReadAction\",\"target\":[\"https:\/\/www.estrategiaconcursos.com.br\/blog\/gabarito-extraoficial-direito-constitucional-treba-ajaj\/\"]}]},{\"@type\":\"BreadcrumbList\",\"@id\":\"https:\/\/www.estrategiaconcursos.com.br\/blog\/gabarito-extraoficial-direito-constitucional-treba-ajaj\/#breadcrumb\",\"itemListElement\":[{\"@type\":\"ListItem\",\"position\":1,\"name\":\"In\u00edcio\",\"item\":\"https:\/\/www.estrategiaconcursos.com.br\/blog\/\"},{\"@type\":\"ListItem\",\"position\":2,\"name\":\"Gabarito Extraoficial &#8211; Direito Constitucional &#8211; TRE\/BA &#8211; AJAJ\"}]},{\"@type\":\"WebSite\",\"@id\":\"https:\/\/www.estrategiaconcursos.com.br\/blog\/#website\",\"url\":\"https:\/\/www.estrategiaconcursos.com.br\/blog\/\",\"name\":\"Estrat\u00e9gia Concursos\",\"description\":\"O blog da Estrat\u00e9gia Concursos traz not\u00edcias sobre concursos e artigos de professores oferecendo cursos para concursos (pdf + videaulas) no site.\",\"publisher\":{\"@id\":\"https:\/\/www.estrategiaconcursos.com.br\/blog\/#organization\"},\"potentialAction\":[{\"@type\":\"SearchAction\",\"target\":{\"@type\":\"EntryPoint\",\"urlTemplate\":\"https:\/\/www.estrategiaconcursos.com.br\/blog\/?s={search_term_string}\"},\"query-input\":{\"@type\":\"PropertyValueSpecification\",\"valueRequired\":true,\"valueName\":\"search_term_string\"}}],\"inLanguage\":\"pt-BR\"},{\"@type\":\"Organization\",\"@id\":\"https:\/\/www.estrategiaconcursos.com.br\/blog\/#organization\",\"name\":\"Estrat\u00e9gia Concursos\",\"url\":\"https:\/\/www.estrategiaconcursos.com.br\/blog\/\",\"logo\":{\"@type\":\"ImageObject\",\"inLanguage\":\"pt-BR\",\"@id\":\"https:\/\/www.estrategiaconcursos.com.br\/blog\/#\/schema\/logo\/image\/\",\"url\":\"https:\/\/dhg1h5j42swfq.cloudfront.net\/2025\/06\/03203428\/logo_concursos-1.jpg\",\"contentUrl\":\"https:\/\/dhg1h5j42swfq.cloudfront.net\/2025\/06\/03203428\/logo_concursos-1.jpg\",\"width\":230,\"height\":60,\"caption\":\"Estrat\u00e9gia Concursos\"},\"image\":{\"@id\":\"https:\/\/www.estrategiaconcursos.com.br\/blog\/#\/schema\/logo\/image\/\"},\"sameAs\":[\"https:\/\/x.com\/EstratConcursos\"]},{\"@type\":\"Person\",\"@id\":\"https:\/\/www.estrategiaconcursos.com.br\/blog\/#\/schema\/person\/c32e47dba2159cafe7796a9569a6ff7e\",\"name\":\"Ricardo Vale\",\"image\":{\"@type\":\"ImageObject\",\"inLanguage\":\"pt-BR\",\"@id\":\"https:\/\/secure.gravatar.com\/avatar\/e5a5658c798bb49dd53314263f59f38c192d73370fb65839a372c2ae9027be74?s=96&d=mm&r=g\",\"url\":\"https:\/\/secure.gravatar.com\/avatar\/e5a5658c798bb49dd53314263f59f38c192d73370fb65839a372c2ae9027be74?s=96&d=mm&r=g\",\"contentUrl\":\"https:\/\/secure.gravatar.com\/avatar\/e5a5658c798bb49dd53314263f59f38c192d73370fb65839a372c2ae9027be74?s=96&d=mm&r=g\",\"caption\":\"Ricardo Vale\"},\"sameAs\":[\"https:\/\/www.facebook.com\/rvale01\",\"https:\/\/x.com\/https:\/\/twitter.com\/EstratConcursos\"],\"url\":\"https:\/\/www.estrategiaconcursos.com.br\/blog\/author\/ricardovaleestrategiaconcursos-com-br\/\"}]}<\/script>\n<!-- \/ Yoast SEO Premium plugin. -->","yoast_head_json":{"title":"Gabarito Extraoficial - Direito Constitucional - TRE\/BA - AJAJ","robots":{"index":"index","follow":"follow","max-snippet":"max-snippet:-1","max-image-preview":"max-image-preview:large","max-video-preview":"max-video-preview:-1"},"canonical":"https:\/\/www.estrategiaconcursos.com.br\/blog\/gabarito-extraoficial-direito-constitucional-treba-ajaj\/","og_locale":"pt_BR","og_type":"article","og_title":"Gabarito Extraoficial - Direito Constitucional - TRE\/BA - AJAJ","og_description":"Ol\u00e1, pessoal! Tudo bem? A prova de Direito Constitucional do TRE-BA (AJAJ) foi em um n\u00edvel de dificuldade bem superior ao dos outros cargos. Na minha opini\u00e3o, h\u00e1 2 (duas) quest\u00f5es um pouco controversas: as quest\u00f5es 29 e 30. Aguardemos o gabarito oficial do CESPE para verificar a possibilidade de recurso. Seguem meus coment\u00e1rios abaixo: [&hellip;]","og_url":"https:\/\/www.estrategiaconcursos.com.br\/blog\/gabarito-extraoficial-direito-constitucional-treba-ajaj\/","og_site_name":"Estrat\u00e9gia Concursos","article_author":"https:\/\/www.facebook.com\/rvale01","article_published_time":"2017-08-21T03:45:36+00:00","article_modified_time":"2017-08-21T17:56:13+00:00","author":"Ricardo Vale","twitter_card":"summary_large_image","twitter_creator":"@https:\/\/twitter.com\/EstratConcursos","twitter_site":"@EstratConcursos","twitter_misc":{"Escrito por":"Ricardo Vale","Est. tempo de leitura":"10 minutos"},"schema":{"@context":"https:\/\/schema.org","@graph":[{"@type":"NewsArticle","@id":"https:\/\/www.estrategiaconcursos.com.br\/blog\/gabarito-extraoficial-direito-constitucional-treba-ajaj\/#article","isPartOf":{"@id":"https:\/\/www.estrategiaconcursos.com.br\/blog\/gabarito-extraoficial-direito-constitucional-treba-ajaj\/"},"author":{"name":"Ricardo Vale","@id":"https:\/\/www.estrategiaconcursos.com.br\/blog\/#\/schema\/person\/c32e47dba2159cafe7796a9569a6ff7e"},"headline":"Gabarito Extraoficial &#8211; Direito Constitucional &#8211; TRE\/BA &#8211; AJAJ","datePublished":"2017-08-21T03:45:36+00:00","dateModified":"2017-08-21T17:56:13+00:00","mainEntityOfPage":{"@id":"https:\/\/www.estrategiaconcursos.com.br\/blog\/gabarito-extraoficial-direito-constitucional-treba-ajaj\/"},"wordCount":2066,"commentCount":0,"publisher":{"@id":"https:\/\/www.estrategiaconcursos.com.br\/blog\/#organization"},"keywords":["concurso TRE BA"],"articleSection":["Concursos P\u00fablicos","Tribunais"],"inLanguage":"pt-BR","potentialAction":[{"@type":"CommentAction","name":"Comment","target":["https:\/\/www.estrategiaconcursos.com.br\/blog\/gabarito-extraoficial-direito-constitucional-treba-ajaj\/#respond"]}],"copyrightYear":"2017","copyrightHolder":{"@id":"https:\/\/www.estrategiaconcursos.com.br\/blog\/#organization"}},{"@type":"WebPage","@id":"https:\/\/www.estrategiaconcursos.com.br\/blog\/gabarito-extraoficial-direito-constitucional-treba-ajaj\/","url":"https:\/\/www.estrategiaconcursos.com.br\/blog\/gabarito-extraoficial-direito-constitucional-treba-ajaj\/","name":"Gabarito Extraoficial - Direito Constitucional - TRE\/BA - AJAJ","isPartOf":{"@id":"https:\/\/www.estrategiaconcursos.com.br\/blog\/#website"},"datePublished":"2017-08-21T03:45:36+00:00","dateModified":"2017-08-21T17:56:13+00:00","breadcrumb":{"@id":"https:\/\/www.estrategiaconcursos.com.br\/blog\/gabarito-extraoficial-direito-constitucional-treba-ajaj\/#breadcrumb"},"inLanguage":"pt-BR","potentialAction":[{"@type":"ReadAction","target":["https:\/\/www.estrategiaconcursos.com.br\/blog\/gabarito-extraoficial-direito-constitucional-treba-ajaj\/"]}]},{"@type":"BreadcrumbList","@id":"https:\/\/www.estrategiaconcursos.com.br\/blog\/gabarito-extraoficial-direito-constitucional-treba-ajaj\/#breadcrumb","itemListElement":[{"@type":"ListItem","position":1,"name":"In\u00edcio","item":"https:\/\/www.estrategiaconcursos.com.br\/blog\/"},{"@type":"ListItem","position":2,"name":"Gabarito Extraoficial &#8211; Direito Constitucional &#8211; TRE\/BA &#8211; AJAJ"}]},{"@type":"WebSite","@id":"https:\/\/www.estrategiaconcursos.com.br\/blog\/#website","url":"https:\/\/www.estrategiaconcursos.com.br\/blog\/","name":"Estrat\u00e9gia Concursos","description":"O blog da Estrat\u00e9gia Concursos traz not\u00edcias sobre concursos e artigos de professores oferecendo cursos para concursos (pdf + videaulas) no site.","publisher":{"@id":"https:\/\/www.estrategiaconcursos.com.br\/blog\/#organization"},"potentialAction":[{"@type":"SearchAction","target":{"@type":"EntryPoint","urlTemplate":"https:\/\/www.estrategiaconcursos.com.br\/blog\/?s={search_term_string}"},"query-input":{"@type":"PropertyValueSpecification","valueRequired":true,"valueName":"search_term_string"}}],"inLanguage":"pt-BR"},{"@type":"Organization","@id":"https:\/\/www.estrategiaconcursos.com.br\/blog\/#organization","name":"Estrat\u00e9gia Concursos","url":"https:\/\/www.estrategiaconcursos.com.br\/blog\/","logo":{"@type":"ImageObject","inLanguage":"pt-BR","@id":"https:\/\/www.estrategiaconcursos.com.br\/blog\/#\/schema\/logo\/image\/","url":"https:\/\/dhg1h5j42swfq.cloudfront.net\/2025\/06\/03203428\/logo_concursos-1.jpg","contentUrl":"https:\/\/dhg1h5j42swfq.cloudfront.net\/2025\/06\/03203428\/logo_concursos-1.jpg","width":230,"height":60,"caption":"Estrat\u00e9gia Concursos"},"image":{"@id":"https:\/\/www.estrategiaconcursos.com.br\/blog\/#\/schema\/logo\/image\/"},"sameAs":["https:\/\/x.com\/EstratConcursos"]},{"@type":"Person","@id":"https:\/\/www.estrategiaconcursos.com.br\/blog\/#\/schema\/person\/c32e47dba2159cafe7796a9569a6ff7e","name":"Ricardo Vale","image":{"@type":"ImageObject","inLanguage":"pt-BR","@id":"https:\/\/secure.gravatar.com\/avatar\/e5a5658c798bb49dd53314263f59f38c192d73370fb65839a372c2ae9027be74?s=96&d=mm&r=g","url":"https:\/\/secure.gravatar.com\/avatar\/e5a5658c798bb49dd53314263f59f38c192d73370fb65839a372c2ae9027be74?s=96&d=mm&r=g","contentUrl":"https:\/\/secure.gravatar.com\/avatar\/e5a5658c798bb49dd53314263f59f38c192d73370fb65839a372c2ae9027be74?s=96&d=mm&r=g","caption":"Ricardo Vale"},"sameAs":["https:\/\/www.facebook.com\/rvale01","https:\/\/x.com\/https:\/\/twitter.com\/EstratConcursos"],"url":"https:\/\/www.estrategiaconcursos.com.br\/blog\/author\/ricardovaleestrategiaconcursos-com-br\/"}]}},"_links":{"self":[{"href":"https:\/\/www.estrategiaconcursos.com.br\/blog\/wp-json\/wp\/v2\/posts\/86037","targetHints":{"allow":["GET"]}}],"collection":[{"href":"https:\/\/www.estrategiaconcursos.com.br\/blog\/wp-json\/wp\/v2\/posts"}],"about":[{"href":"https:\/\/www.estrategiaconcursos.com.br\/blog\/wp-json\/wp\/v2\/types\/post"}],"author":[{"embeddable":true,"href":"https:\/\/www.estrategiaconcursos.com.br\/blog\/wp-json\/wp\/v2\/users\/26"}],"replies":[{"embeddable":true,"href":"https:\/\/www.estrategiaconcursos.com.br\/blog\/wp-json\/wp\/v2\/comments?post=86037"}],"version-history":[{"count":2,"href":"https:\/\/www.estrategiaconcursos.com.br\/blog\/wp-json\/wp\/v2\/posts\/86037\/revisions"}],"predecessor-version":[{"id":86039,"href":"https:\/\/www.estrategiaconcursos.com.br\/blog\/wp-json\/wp\/v2\/posts\/86037\/revisions\/86039"}],"wp:attachment":[{"href":"https:\/\/www.estrategiaconcursos.com.br\/blog\/wp-json\/wp\/v2\/media?parent=86037"}],"wp:term":[{"taxonomy":"category","embeddable":true,"href":"https:\/\/www.estrategiaconcursos.com.br\/blog\/wp-json\/wp\/v2\/categories?post=86037"},{"taxonomy":"post_tag","embeddable":true,"href":"https:\/\/www.estrategiaconcursos.com.br\/blog\/wp-json\/wp\/v2\/tags?post=86037"},{"taxonomy":"tax_estado","embeddable":true,"href":"https:\/\/www.estrategiaconcursos.com.br\/blog\/wp-json\/wp\/v2\/tax_estado?post=86037"}],"curies":[{"name":"wp","href":"https:\/\/api.w.org\/{rel}","templated":true}]}}