{"id":85999,"date":"2017-08-21T13:04:59","date_gmt":"2017-08-21T16:04:59","guid":{"rendered":"https:\/\/www.estrategiaconcursos.com.br\/blog\/?p=85999"},"modified":"2017-08-21T13:04:59","modified_gmt":"2017-08-21T16:04:59","slug":"politica-nacional-atencao-urgencias","status":"publish","type":"post","link":"https:\/\/www.estrategiaconcursos.com.br\/blog\/politica-nacional-atencao-urgencias\/","title":{"rendered":"Pol\u00edtica Nacional de Aten\u00e7\u00e3o \u00e0s Urg\u00eancias"},"content":{"rendered":"<p style=\"text-align: justify\">\u00a0 \u00a0 \u00a0 \u00a0<img loading=\"lazy\" decoding=\"async\" class=\"alignnone wp-image-86117\" src=\"https:\/\/dhg1h5j42swfq.cloudfront.net\/2017\/08\/21125039\/lllewll.png\" alt=\"\" width=\"312\" height=\"218\" srcset=\"https:\/\/dhg1h5j42swfq.cloudfront.net\/2017\/08\/21125039\/lllewll.png 700w, https:\/\/dhg1h5j42swfq.cloudfront.net\/2017\/08\/21125039\/lllewll.png 300w, https:\/\/dhg1h5j42swfq.cloudfront.net\/2017\/08\/21125039\/lllewll.png 610w\" sizes=\"auto, (max-width: 312px) 100vw, 312px\" \/><\/p>\n<p><span style=\"font-size: 8pt\">Fonte:http:\/\/www.redehumanizasus.net\/rede-de-urgencia-e-emergencia<\/span><\/p>\n<p>OL\u00c1 PESSOAL !!!<\/p>\n<p style=\"text-align: justify\">\u00a0 \u00a0 \u00a0 \u00a0Quando come\u00e7amos estudar pol\u00edticas de sa\u00fade temos sempre dificuldade, pois, foge \u00e0 nossa realidade pratica do dia a dia tornando-se distante e at\u00e9 mesmo inating\u00edvel. Mas calma existem v\u00e1rias maneiras para absorvermos esse conte\u00fado te\u00f3rico e aqui vou falar sobre algumas delas. Primeiramente, a Pol\u00edtica Nacional de Aten\u00e7\u00e3o \u00e0s Urg\u00eancias foi criada por meio da\u00a0portaria n\u00ba 1.863\/GM em 29 de setembro de 2003. Ela estabelece uma rede de\u00a0assist\u00eancia\u00a0 regionalizada\u00a0 e\u00a0 hierarquizada, \u00a0<strong>proporcionando articular os\u00a0<\/strong><strong>servi\u00e7os de sa\u00fade<\/strong>,<strong> definir fluxo <\/strong>e<strong> proporcionar refer\u00eancias resolutivas\u00a0<\/strong><strong>a assist\u00eancia a sa\u00fade<\/strong>. Mas como estuda-la como fixar defini\u00e7\u00f5es t\u00e3o amplas e parecidas.<\/p>\n<p>\u00a0 \u00a0 \u00a0 \u00a0 \u00a0 \u00a0 Minha primeira dica de estudos com rela\u00e7\u00e3o \u00e0 Pol\u00edtica Nacional de Aten\u00e7\u00e3o \u00e0s Urg\u00eancias e talvez a mais importante de todas, \u00e9 come\u00e7ar seus estudos do <strong>geral para o particular,<\/strong> como assim?\u00a0 \u00a0Pode parecer estranha essa sugest\u00e3o, mas voc\u00ea precisa entender que uma lei, decreto, portarias e outras normas al\u00e9m de envolver profundas discuss\u00f5es, existem dispositivos que no mundo jur\u00eddico \u00e9 chamado hierarquia das leis, como voc\u00ea vai entender a fun\u00e7\u00e3o de uma portaria se voc\u00ea n\u00e3o sabe o alcance de seu conte\u00fado? Amigos como \u00e9 \u00a0a natureza jur\u00eddica de uma pol\u00edtica? Bem \u00e9 um documento de ato administrativo de uma autoridade p\u00fablica, que cont\u00e9m instru\u00e7\u00f5es acerca da aplica\u00e7\u00e3o <strong>de leis ou regulamentos<\/strong>, no caso a Pol\u00edtica Nacional de Aten\u00e7\u00e3o \u00e1s Urg\u00eancias que \u00e9 o nosso foco de estudos \u00e9 de origem do executivo e reorganiza os servi\u00e7os de urg\u00eancia\u00a0a ser implantada em todas as\u00a0unidades federadas, respeitadas as compet\u00eancias das tr\u00eas esferas de gest\u00e3o.<\/p>\n<p>E porque preciso saber disso? Queridos no texto da pr\u00f3pria portaria tem os dispositivos nos quais ela vai abranger!!! Por isso a necessidade de estudar o geral, que \u00e9 as leis que engloba a \u00a0\u00a0<strong>Pol\u00edtica Nacional de Aten\u00e7\u00e3o \u00e0s Urg\u00eancias<\/strong><strong>, para<\/strong><strong> o especifico, que s\u00e3o as portarias e decretos (que envolvam o conte\u00fado da tem\u00e1tica em quest\u00e3o).\u00a0<\/strong>Queridos j\u00e1 expliquei como tem que funcionar esses dispositivos legais agora vamos discutir nosso objeto de estudo que \u00e9 a Pol\u00edtica Nacional de Aten\u00e7\u00e3o \u00e0s Urg\u00eancias, quando estudamos a Pol\u00edtica \u00e9 necess\u00e1rio um cronograma estruturado e sistematizado com revis\u00f5es peri\u00f3dicas e realiza\u00e7\u00e3o de exerc\u00edcios, esse cronograma semanal deve ser condicionado a sua realidade de tempo com descanso e lazer pr\u00e9 definidos, ap\u00f3s fechar um conte\u00fado geral iniciar os espec\u00edficos, como j\u00e1 falei com voc\u00eas, da\u00ed \u00e9 s\u00f3 fechar conte\u00fado ap\u00f3s conte\u00fado e realizar uma prova com a convic\u00e7\u00e3o que voc\u00ea fez o seu melhor.<\/p>\n<p>S\u00f3 aqui no Estrat\u00e9gia voc\u00eas ter\u00e3o um suporte adequado para estudar a Pol\u00edtica Nacional de Aten\u00e7\u00e3o \u00e0s Urg\u00eancias e todo conte\u00fado relevante dentro de urg\u00eancia e emerg\u00eancia para concursos.<\/p>\n<p>&nbsp;<\/p>\n<p><a href=\"https:\/\/www.estrategiaconcursos.com.br\/pesquisa?q=emergencia\">https:\/\/www.estrategiaconcursos.com.br\/pesquisa?q=emergencia<\/a><\/p>\n<h3><a href=\"https:\/\/www.estrategiaconcursos.com.br\/blog\/cat\/cursos-e-concursos\/concursos-saude\/\">Concursos Sa\u00fade<\/a><\/h3>\n<h3>Facebook:\u00a0<a href=\"https:\/\/www.facebook.com\/Estrategianasaude\/\">@Estrat\u00e9gianaSa\u00fade<\/a><\/h3>\n<p>Estude com foco e dedica\u00e7\u00e3o.<\/p>\n<p>At\u00e9 logo.<\/p>\n<p>Prof\u00aa Regina Barros<\/p>\n<p>&nbsp;<\/p>\n<p>&nbsp;<\/p>\n","protected":false},"excerpt":{"rendered":"<p>\u00a0 \u00a0 \u00a0 \u00a0 Fonte:http:\/\/www.redehumanizasus.net\/rede-de-urgencia-e-emergencia OL\u00c1 PESSOAL !!! \u00a0 \u00a0 \u00a0 \u00a0Quando come\u00e7amos estudar pol\u00edticas de sa\u00fade temos sempre dificuldade, pois, foge \u00e0 nossa realidade pratica do dia a dia tornando-se distante e at\u00e9 mesmo inating\u00edvel. Mas calma existem v\u00e1rias maneiras para absorvermos esse conte\u00fado te\u00f3rico e aqui vou falar sobre algumas delas. Primeiramente, a [&hellip;]<\/p>\n","protected":false},"author":264,"featured_media":0,"comment_status":"open","ping_status":"open","sticky":false,"template":"","format":"standard","meta":{"post_tipo":"article","footnotes":""},"categories":[1],"tags":[],"tax_estado":[],"class_list":["post-85999","post","type-post","status-publish","format-standard","hentry","category-cursos-e-concursos"],"acf":[],"yoast_head":"<!-- This site is optimized with the Yoast SEO Premium plugin v27.2 (Yoast SEO v27.2) - https:\/\/yoast.com\/product\/yoast-seo-premium-wordpress\/ -->\n<title>Pol\u00edtica Nacional de Aten\u00e7\u00e3o \u00e0s Urg\u00eancias<\/title>\n<meta name=\"robots\" content=\"index, follow, max-snippet:-1, max-image-preview:large, max-video-preview:-1\" \/>\n<link rel=\"canonical\" href=\"https:\/\/www.estrategiaconcursos.com.br\/blog\/politica-nacional-atencao-urgencias\/\" \/>\n<meta property=\"og:locale\" content=\"pt_BR\" \/>\n<meta property=\"og:type\" content=\"article\" \/>\n<meta property=\"og:title\" content=\"Pol\u00edtica Nacional de Aten\u00e7\u00e3o \u00e0s Urg\u00eancias\" \/>\n<meta property=\"og:description\" content=\"\u00a0 \u00a0 \u00a0 \u00a0 Fonte:http:\/\/www.redehumanizasus.net\/rede-de-urgencia-e-emergencia OL\u00c1 PESSOAL !!! \u00a0 \u00a0 \u00a0 \u00a0Quando come\u00e7amos estudar pol\u00edticas de sa\u00fade temos sempre dificuldade, pois, foge \u00e0 nossa realidade pratica do dia a dia tornando-se distante e at\u00e9 mesmo inating\u00edvel. Mas calma existem v\u00e1rias maneiras para absorvermos esse conte\u00fado te\u00f3rico e aqui vou falar sobre algumas delas. Primeiramente, a [&hellip;]\" \/>\n<meta property=\"og:url\" content=\"https:\/\/www.estrategiaconcursos.com.br\/blog\/politica-nacional-atencao-urgencias\/\" \/>\n<meta property=\"og:site_name\" content=\"Estrat\u00e9gia Concursos\" \/>\n<meta property=\"article:published_time\" content=\"2017-08-21T16:04:59+00:00\" \/>\n<meta property=\"og:image\" content=\"https:\/\/www.estrategiaconcursos.com.br\/blog\/wp-content\/uploads\/2017\/08\/lllewll-300x209.png\" \/>\n<meta name=\"author\" content=\"Regina Barros\" \/>\n<meta name=\"twitter:card\" content=\"summary_large_image\" \/>\n<meta name=\"twitter:creator\" content=\"@EstratConcursos\" \/>\n<meta name=\"twitter:site\" content=\"@EstratConcursos\" \/>\n<meta name=\"twitter:label1\" content=\"Escrito por\" \/>\n\t<meta name=\"twitter:data1\" content=\"Regina Barros\" \/>\n\t<meta name=\"twitter:label2\" content=\"Est. tempo de leitura\" \/>\n\t<meta name=\"twitter:data2\" content=\"3 minutos\" \/>\n<script type=\"application\/ld+json\" class=\"yoast-schema-graph\">{\"@context\":\"https:\/\/schema.org\",\"@graph\":[{\"@type\":\"NewsArticle\",\"@id\":\"https:\/\/www.estrategiaconcursos.com.br\/blog\/politica-nacional-atencao-urgencias\/#article\",\"isPartOf\":{\"@id\":\"https:\/\/www.estrategiaconcursos.com.br\/blog\/politica-nacional-atencao-urgencias\/\"},\"author\":{\"name\":\"Regina Barros\",\"@id\":\"https:\/\/www.estrategiaconcursos.com.br\/blog\/#\/schema\/person\/cda6b90917ec974feacf2acfdf49d85a\"},\"headline\":\"Pol\u00edtica Nacional de Aten\u00e7\u00e3o \u00e0s Urg\u00eancias\",\"datePublished\":\"2017-08-21T16:04:59+00:00\",\"mainEntityOfPage\":{\"@id\":\"https:\/\/www.estrategiaconcursos.com.br\/blog\/politica-nacional-atencao-urgencias\/\"},\"wordCount\":545,\"commentCount\":0,\"publisher\":{\"@id\":\"https:\/\/www.estrategiaconcursos.com.br\/blog\/#organization\"},\"image\":{\"@id\":\"https:\/\/www.estrategiaconcursos.com.br\/blog\/politica-nacional-atencao-urgencias\/#primaryimage\"},\"thumbnailUrl\":\"https:\/\/www.estrategiaconcursos.com.br\/blog\/wp-content\/uploads\/2017\/08\/lllewll-300x209.png\",\"articleSection\":[\"Concursos P\u00fablicos\"],\"inLanguage\":\"pt-BR\",\"potentialAction\":[{\"@type\":\"CommentAction\",\"name\":\"Comment\",\"target\":[\"https:\/\/www.estrategiaconcursos.com.br\/blog\/politica-nacional-atencao-urgencias\/#respond\"]}],\"copyrightYear\":\"2017\",\"copyrightHolder\":{\"@id\":\"https:\/\/www.estrategiaconcursos.com.br\/blog\/#organization\"}},{\"@type\":\"WebPage\",\"@id\":\"https:\/\/www.estrategiaconcursos.com.br\/blog\/politica-nacional-atencao-urgencias\/\",\"url\":\"https:\/\/www.estrategiaconcursos.com.br\/blog\/politica-nacional-atencao-urgencias\/\",\"name\":\"Pol\u00edtica Nacional de Aten\u00e7\u00e3o \u00e0s Urg\u00eancias\",\"isPartOf\":{\"@id\":\"https:\/\/www.estrategiaconcursos.com.br\/blog\/#website\"},\"primaryImageOfPage\":{\"@id\":\"https:\/\/www.estrategiaconcursos.com.br\/blog\/politica-nacional-atencao-urgencias\/#primaryimage\"},\"image\":{\"@id\":\"https:\/\/www.estrategiaconcursos.com.br\/blog\/politica-nacional-atencao-urgencias\/#primaryimage\"},\"thumbnailUrl\":\"https:\/\/www.estrategiaconcursos.com.br\/blog\/wp-content\/uploads\/2017\/08\/lllewll-300x209.png\",\"datePublished\":\"2017-08-21T16:04:59+00:00\",\"breadcrumb\":{\"@id\":\"https:\/\/www.estrategiaconcursos.com.br\/blog\/politica-nacional-atencao-urgencias\/#breadcrumb\"},\"inLanguage\":\"pt-BR\",\"potentialAction\":[{\"@type\":\"ReadAction\",\"target\":[\"https:\/\/www.estrategiaconcursos.com.br\/blog\/politica-nacional-atencao-urgencias\/\"]}]},{\"@type\":\"ImageObject\",\"inLanguage\":\"pt-BR\",\"@id\":\"https:\/\/www.estrategiaconcursos.com.br\/blog\/politica-nacional-atencao-urgencias\/#primaryimage\",\"url\":\"https:\/\/dhg1h5j42swfq.cloudfront.net\/2017\/08\/21125039\/lllewll.png\",\"contentUrl\":\"https:\/\/dhg1h5j42swfq.cloudfront.net\/2017\/08\/21125039\/lllewll.png\",\"width\":700,\"height\":488},{\"@type\":\"BreadcrumbList\",\"@id\":\"https:\/\/www.estrategiaconcursos.com.br\/blog\/politica-nacional-atencao-urgencias\/#breadcrumb\",\"itemListElement\":[{\"@type\":\"ListItem\",\"position\":1,\"name\":\"In\u00edcio\",\"item\":\"https:\/\/www.estrategiaconcursos.com.br\/blog\/\"},{\"@type\":\"ListItem\",\"position\":2,\"name\":\"Pol\u00edtica Nacional de Aten\u00e7\u00e3o \u00e0s Urg\u00eancias\"}]},{\"@type\":\"WebSite\",\"@id\":\"https:\/\/www.estrategiaconcursos.com.br\/blog\/#website\",\"url\":\"https:\/\/www.estrategiaconcursos.com.br\/blog\/\",\"name\":\"Estrat\u00e9gia Concursos\",\"description\":\"O blog da Estrat\u00e9gia Concursos traz not\u00edcias sobre concursos e artigos de professores oferecendo cursos para concursos (pdf + videaulas) no site.\",\"publisher\":{\"@id\":\"https:\/\/www.estrategiaconcursos.com.br\/blog\/#organization\"},\"potentialAction\":[{\"@type\":\"SearchAction\",\"target\":{\"@type\":\"EntryPoint\",\"urlTemplate\":\"https:\/\/www.estrategiaconcursos.com.br\/blog\/?s={search_term_string}\"},\"query-input\":{\"@type\":\"PropertyValueSpecification\",\"valueRequired\":true,\"valueName\":\"search_term_string\"}}],\"inLanguage\":\"pt-BR\"},{\"@type\":\"Organization\",\"@id\":\"https:\/\/www.estrategiaconcursos.com.br\/blog\/#organization\",\"name\":\"Estrat\u00e9gia Concursos\",\"url\":\"https:\/\/www.estrategiaconcursos.com.br\/blog\/\",\"logo\":{\"@type\":\"ImageObject\",\"inLanguage\":\"pt-BR\",\"@id\":\"https:\/\/www.estrategiaconcursos.com.br\/blog\/#\/schema\/logo\/image\/\",\"url\":\"https:\/\/dhg1h5j42swfq.cloudfront.net\/2025\/06\/03203428\/logo_concursos-1.jpg\",\"contentUrl\":\"https:\/\/dhg1h5j42swfq.cloudfront.net\/2025\/06\/03203428\/logo_concursos-1.jpg\",\"width\":230,\"height\":60,\"caption\":\"Estrat\u00e9gia Concursos\"},\"image\":{\"@id\":\"https:\/\/www.estrategiaconcursos.com.br\/blog\/#\/schema\/logo\/image\/\"},\"sameAs\":[\"https:\/\/x.com\/EstratConcursos\"]},{\"@type\":\"Person\",\"@id\":\"https:\/\/www.estrategiaconcursos.com.br\/blog\/#\/schema\/person\/cda6b90917ec974feacf2acfdf49d85a\",\"name\":\"Regina Barros\",\"image\":{\"@type\":\"ImageObject\",\"inLanguage\":\"pt-BR\",\"@id\":\"https:\/\/secure.gravatar.com\/avatar\/3feaec5d994bd05c175419d97ccb10e46dd35b83a5d54fdd4b21fee3f6c79d6f?s=96&d=mm&r=g\",\"url\":\"https:\/\/secure.gravatar.com\/avatar\/3feaec5d994bd05c175419d97ccb10e46dd35b83a5d54fdd4b21fee3f6c79d6f?s=96&d=mm&r=g\",\"contentUrl\":\"https:\/\/secure.gravatar.com\/avatar\/3feaec5d994bd05c175419d97ccb10e46dd35b83a5d54fdd4b21fee3f6c79d6f?s=96&d=mm&r=g\",\"caption\":\"Regina Barros\"},\"url\":\"https:\/\/www.estrategiaconcursos.com.br\/blog\/author\/regina920gmail-com\/\"}]}<\/script>\n<!-- \/ Yoast SEO Premium plugin. -->","yoast_head_json":{"title":"Pol\u00edtica Nacional de Aten\u00e7\u00e3o \u00e0s Urg\u00eancias","robots":{"index":"index","follow":"follow","max-snippet":"max-snippet:-1","max-image-preview":"max-image-preview:large","max-video-preview":"max-video-preview:-1"},"canonical":"https:\/\/www.estrategiaconcursos.com.br\/blog\/politica-nacional-atencao-urgencias\/","og_locale":"pt_BR","og_type":"article","og_title":"Pol\u00edtica Nacional de Aten\u00e7\u00e3o \u00e0s Urg\u00eancias","og_description":"\u00a0 \u00a0 \u00a0 \u00a0 Fonte:http:\/\/www.redehumanizasus.net\/rede-de-urgencia-e-emergencia OL\u00c1 PESSOAL !!! \u00a0 \u00a0 \u00a0 \u00a0Quando come\u00e7amos estudar pol\u00edticas de sa\u00fade temos sempre dificuldade, pois, foge \u00e0 nossa realidade pratica do dia a dia tornando-se distante e at\u00e9 mesmo inating\u00edvel. Mas calma existem v\u00e1rias maneiras para absorvermos esse conte\u00fado te\u00f3rico e aqui vou falar sobre algumas delas. Primeiramente, a [&hellip;]","og_url":"https:\/\/www.estrategiaconcursos.com.br\/blog\/politica-nacional-atencao-urgencias\/","og_site_name":"Estrat\u00e9gia Concursos","article_published_time":"2017-08-21T16:04:59+00:00","og_image":[{"url":"https:\/\/www.estrategiaconcursos.com.br\/blog\/wp-content\/uploads\/2017\/08\/lllewll-300x209.png","type":"","width":"","height":""}],"author":"Regina Barros","twitter_card":"summary_large_image","twitter_creator":"@EstratConcursos","twitter_site":"@EstratConcursos","twitter_misc":{"Escrito por":"Regina Barros","Est. tempo de leitura":"3 minutos"},"schema":{"@context":"https:\/\/schema.org","@graph":[{"@type":"NewsArticle","@id":"https:\/\/www.estrategiaconcursos.com.br\/blog\/politica-nacional-atencao-urgencias\/#article","isPartOf":{"@id":"https:\/\/www.estrategiaconcursos.com.br\/blog\/politica-nacional-atencao-urgencias\/"},"author":{"name":"Regina Barros","@id":"https:\/\/www.estrategiaconcursos.com.br\/blog\/#\/schema\/person\/cda6b90917ec974feacf2acfdf49d85a"},"headline":"Pol\u00edtica Nacional de Aten\u00e7\u00e3o \u00e0s Urg\u00eancias","datePublished":"2017-08-21T16:04:59+00:00","mainEntityOfPage":{"@id":"https:\/\/www.estrategiaconcursos.com.br\/blog\/politica-nacional-atencao-urgencias\/"},"wordCount":545,"commentCount":0,"publisher":{"@id":"https:\/\/www.estrategiaconcursos.com.br\/blog\/#organization"},"image":{"@id":"https:\/\/www.estrategiaconcursos.com.br\/blog\/politica-nacional-atencao-urgencias\/#primaryimage"},"thumbnailUrl":"https:\/\/www.estrategiaconcursos.com.br\/blog\/wp-content\/uploads\/2017\/08\/lllewll-300x209.png","articleSection":["Concursos P\u00fablicos"],"inLanguage":"pt-BR","potentialAction":[{"@type":"CommentAction","name":"Comment","target":["https:\/\/www.estrategiaconcursos.com.br\/blog\/politica-nacional-atencao-urgencias\/#respond"]}],"copyrightYear":"2017","copyrightHolder":{"@id":"https:\/\/www.estrategiaconcursos.com.br\/blog\/#organization"}},{"@type":"WebPage","@id":"https:\/\/www.estrategiaconcursos.com.br\/blog\/politica-nacional-atencao-urgencias\/","url":"https:\/\/www.estrategiaconcursos.com.br\/blog\/politica-nacional-atencao-urgencias\/","name":"Pol\u00edtica Nacional de Aten\u00e7\u00e3o \u00e0s Urg\u00eancias","isPartOf":{"@id":"https:\/\/www.estrategiaconcursos.com.br\/blog\/#website"},"primaryImageOfPage":{"@id":"https:\/\/www.estrategiaconcursos.com.br\/blog\/politica-nacional-atencao-urgencias\/#primaryimage"},"image":{"@id":"https:\/\/www.estrategiaconcursos.com.br\/blog\/politica-nacional-atencao-urgencias\/#primaryimage"},"thumbnailUrl":"https:\/\/www.estrategiaconcursos.com.br\/blog\/wp-content\/uploads\/2017\/08\/lllewll-300x209.png","datePublished":"2017-08-21T16:04:59+00:00","breadcrumb":{"@id":"https:\/\/www.estrategiaconcursos.com.br\/blog\/politica-nacional-atencao-urgencias\/#breadcrumb"},"inLanguage":"pt-BR","potentialAction":[{"@type":"ReadAction","target":["https:\/\/www.estrategiaconcursos.com.br\/blog\/politica-nacional-atencao-urgencias\/"]}]},{"@type":"ImageObject","inLanguage":"pt-BR","@id":"https:\/\/www.estrategiaconcursos.com.br\/blog\/politica-nacional-atencao-urgencias\/#primaryimage","url":"https:\/\/dhg1h5j42swfq.cloudfront.net\/2017\/08\/21125039\/lllewll.png","contentUrl":"https:\/\/dhg1h5j42swfq.cloudfront.net\/2017\/08\/21125039\/lllewll.png","width":700,"height":488},{"@type":"BreadcrumbList","@id":"https:\/\/www.estrategiaconcursos.com.br\/blog\/politica-nacional-atencao-urgencias\/#breadcrumb","itemListElement":[{"@type":"ListItem","position":1,"name":"In\u00edcio","item":"https:\/\/www.estrategiaconcursos.com.br\/blog\/"},{"@type":"ListItem","position":2,"name":"Pol\u00edtica Nacional de Aten\u00e7\u00e3o \u00e0s Urg\u00eancias"}]},{"@type":"WebSite","@id":"https:\/\/www.estrategiaconcursos.com.br\/blog\/#website","url":"https:\/\/www.estrategiaconcursos.com.br\/blog\/","name":"Estrat\u00e9gia Concursos","description":"O blog da Estrat\u00e9gia Concursos traz not\u00edcias sobre concursos e artigos de professores oferecendo cursos para concursos (pdf + videaulas) no site.","publisher":{"@id":"https:\/\/www.estrategiaconcursos.com.br\/blog\/#organization"},"potentialAction":[{"@type":"SearchAction","target":{"@type":"EntryPoint","urlTemplate":"https:\/\/www.estrategiaconcursos.com.br\/blog\/?s={search_term_string}"},"query-input":{"@type":"PropertyValueSpecification","valueRequired":true,"valueName":"search_term_string"}}],"inLanguage":"pt-BR"},{"@type":"Organization","@id":"https:\/\/www.estrategiaconcursos.com.br\/blog\/#organization","name":"Estrat\u00e9gia Concursos","url":"https:\/\/www.estrategiaconcursos.com.br\/blog\/","logo":{"@type":"ImageObject","inLanguage":"pt-BR","@id":"https:\/\/www.estrategiaconcursos.com.br\/blog\/#\/schema\/logo\/image\/","url":"https:\/\/dhg1h5j42swfq.cloudfront.net\/2025\/06\/03203428\/logo_concursos-1.jpg","contentUrl":"https:\/\/dhg1h5j42swfq.cloudfront.net\/2025\/06\/03203428\/logo_concursos-1.jpg","width":230,"height":60,"caption":"Estrat\u00e9gia Concursos"},"image":{"@id":"https:\/\/www.estrategiaconcursos.com.br\/blog\/#\/schema\/logo\/image\/"},"sameAs":["https:\/\/x.com\/EstratConcursos"]},{"@type":"Person","@id":"https:\/\/www.estrategiaconcursos.com.br\/blog\/#\/schema\/person\/cda6b90917ec974feacf2acfdf49d85a","name":"Regina Barros","image":{"@type":"ImageObject","inLanguage":"pt-BR","@id":"https:\/\/secure.gravatar.com\/avatar\/3feaec5d994bd05c175419d97ccb10e46dd35b83a5d54fdd4b21fee3f6c79d6f?s=96&d=mm&r=g","url":"https:\/\/secure.gravatar.com\/avatar\/3feaec5d994bd05c175419d97ccb10e46dd35b83a5d54fdd4b21fee3f6c79d6f?s=96&d=mm&r=g","contentUrl":"https:\/\/secure.gravatar.com\/avatar\/3feaec5d994bd05c175419d97ccb10e46dd35b83a5d54fdd4b21fee3f6c79d6f?s=96&d=mm&r=g","caption":"Regina Barros"},"url":"https:\/\/www.estrategiaconcursos.com.br\/blog\/author\/regina920gmail-com\/"}]}},"_links":{"self":[{"href":"https:\/\/www.estrategiaconcursos.com.br\/blog\/wp-json\/wp\/v2\/posts\/85999","targetHints":{"allow":["GET"]}}],"collection":[{"href":"https:\/\/www.estrategiaconcursos.com.br\/blog\/wp-json\/wp\/v2\/posts"}],"about":[{"href":"https:\/\/www.estrategiaconcursos.com.br\/blog\/wp-json\/wp\/v2\/types\/post"}],"author":[{"embeddable":true,"href":"https:\/\/www.estrategiaconcursos.com.br\/blog\/wp-json\/wp\/v2\/users\/264"}],"replies":[{"embeddable":true,"href":"https:\/\/www.estrategiaconcursos.com.br\/blog\/wp-json\/wp\/v2\/comments?post=85999"}],"version-history":[{"count":7,"href":"https:\/\/www.estrategiaconcursos.com.br\/blog\/wp-json\/wp\/v2\/posts\/85999\/revisions"}],"predecessor-version":[{"id":86121,"href":"https:\/\/www.estrategiaconcursos.com.br\/blog\/wp-json\/wp\/v2\/posts\/85999\/revisions\/86121"}],"wp:attachment":[{"href":"https:\/\/www.estrategiaconcursos.com.br\/blog\/wp-json\/wp\/v2\/media?parent=85999"}],"wp:term":[{"taxonomy":"category","embeddable":true,"href":"https:\/\/www.estrategiaconcursos.com.br\/blog\/wp-json\/wp\/v2\/categories?post=85999"},{"taxonomy":"post_tag","embeddable":true,"href":"https:\/\/www.estrategiaconcursos.com.br\/blog\/wp-json\/wp\/v2\/tags?post=85999"},{"taxonomy":"tax_estado","embeddable":true,"href":"https:\/\/www.estrategiaconcursos.com.br\/blog\/wp-json\/wp\/v2\/tax_estado?post=85999"}],"curies":[{"name":"wp","href":"https:\/\/api.w.org\/{rel}","templated":true}]}}