{"id":85985,"date":"2017-08-20T20:23:06","date_gmt":"2017-08-20T23:23:06","guid":{"rendered":"https:\/\/www.estrategiaconcursos.com.br\/blog\/?p=85985"},"modified":"2017-08-21T14:56:13","modified_gmt":"2017-08-21T17:56:13","slug":"gabarito-de-sustentabilidade-tecnico-e-analista-do-tre-ba","status":"publish","type":"post","link":"https:\/\/www.estrategiaconcursos.com.br\/blog\/gabarito-de-sustentabilidade-tecnico-e-analista-do-tre-ba\/","title":{"rendered":"Gabarito de Sustentabilidade &#8211; T\u00e9cnico e Analista do TRE BA"},"content":{"rendered":"<p><strong>Fala, pessoal!<\/strong><\/p>\n<p><strong>Segue o gabarito das quest\u00f5es de sustentabilidade!<\/strong><\/p>\n<p><strong>Para T\u00e9cnico tivemos 3 quest\u00f5es.<\/strong><\/p>\n<p><strong>Para Analista foram 2 quest\u00f5es.<\/strong><\/p>\n<p><strong>A prova de t\u00e9cnico foi mais tranquila e muitos alunos enviaram mensagens para mim informando que gabaritaram.<\/strong><\/p>\n<p><strong>J\u00e1 a prova de analista foi mais dif\u00edcil e cobrou uma decoreba n\u00edvel hard!\u00a0<\/strong><\/p>\n<p><strong>Prova de T\u00e9cnico<\/strong><\/p>\n<p><strong>13 &#8211; (CESPE \u2013 T\u00c9CNICO &#8211; TRE BA \u2013 20\/08\/2017)<\/strong><\/p>\n<p><strong>O Plano de Log\u00edstica Sustent\u00e1vel do Poder Judici\u00e1rio&#8230;.<\/strong><\/p>\n<p><strong>De acordo com esse Plano, os crit\u00e9rios de sustentabilidade a serem observados nas contrata\u00e7\u00f5es efetuadas pelos \u00f3rg\u00e3os do Poder Judici\u00e1rio incluem:<\/strong><\/p>\n<p><strong>I \u2013 a t\u00e9cnica do menor pre\u00e7o<\/strong><\/p>\n<p><strong>II \u2013 a t\u00e9cnica do menor prazo<\/strong><\/p>\n<p><strong>III &#8211; a\u00a0<\/strong><strong>efici\u00eancia energ\u00e9tica<\/strong><\/p>\n<p><strong>IV &#8211; o emprego da log\u00edstica reversa<\/strong><\/p>\n<p><strong>V &#8211; o n\u00edvel de emiss\u00e3o de poluentes de m\u00e1quinas e aparelhos consumidores de energia.<\/strong><\/p>\n<p><strong>Est\u00e3o certos apenas os itens:<\/strong><\/p>\n<p><strong>A \u2013 I, II, IV<\/strong><\/p>\n<p><strong>B \u2013 I, II, V<\/strong><\/p>\n<p><strong>C \u2013 I, III, V<\/strong><\/p>\n<p><strong>D \u2013 II, III, IV<\/strong><\/p>\n<p><strong>E \u2013 III, IV e V<\/strong><\/p>\n<p><strong>\u00a0<\/strong><\/p>\n<p><strong>Letra E. menor pre\u00e7o e menor prazo n\u00e3o s\u00e3o crit\u00e9rios de sustentabilidade!!!<\/strong><\/p>\n<p><strong>As contrata\u00e7\u00f5es efetuadas pelo \u00f3rg\u00e3o ou conselho dever\u00e3o observar:<\/strong><\/p>\n<p><strong>I \u2013 crit\u00e9rios de sustentabilidade na aquisi\u00e7\u00e3o de bens, tais como:<\/strong><\/p>\n<ol>\n<li><strong>a) rastreabilidade e origem dos insumos de madeira como itens de papelaria e mobili\u00e1rio, a partir de fontes de manejo sustent\u00e1vel;<\/strong><\/li>\n<li><strong>b) efici\u00eancia energ\u00e9tica e n\u00edvel de emiss\u00e3o de poluentes de m\u00e1quinas e aparelhos consumidores de energia, ve\u00edculos e pr\u00e9dios p\u00fablicos;<\/strong><\/li>\n<li><strong>c) efic\u00e1cia e seguran\u00e7a dos produtos usados na limpeza e conserva\u00e7\u00e3o de ambientes;<\/strong><\/li>\n<li><strong>d) g\u00eaneros aliment\u00edcios.<\/strong><\/li>\n<\/ol>\n<p><strong>II &#8211; pr\u00e1ticas de sustentabilidade na execu\u00e7\u00e3o dos servi\u00e7os;<\/strong><\/p>\n<p><strong>III \u2013 crit\u00e9rios e pr\u00e1ticas de sustentabilidade no projeto e execu\u00e7\u00e3o de obras e servi\u00e7os de engenharia, em conson\u00e2ncia com a Resolu\u00e7\u00e3o CNJ 114\/2010;<\/strong><\/p>\n<p><strong>IV \u2013 emprego da log\u00edstica reversa na destina\u00e7\u00e3o final de suprimentos de impress\u00e3o, pilhas e baterias, pneus, l\u00e2mpadas, \u00f3leos lubrificantes, seus res\u00edduos e embalagens, bem como produtos eletroeletr\u00f4nicos e seus componentes, de acordo com a Pol\u00edtica Nacional de Res\u00edduos S\u00f3lidos, observadas as limita\u00e7\u00f5es de cada munic\u00edpio.<\/strong><\/p>\n<p><strong>\u00a0<\/strong><\/p>\n<p><strong>14 &#8211; (CESPE \u2013 T\u00c9CNICO &#8211; TRE BA \u2013 20\/08\/2017)<\/strong><\/p>\n<p><strong>Os instrumentos da Pol\u00edtica Nacional de Res\u00edduos S\u00f3lidos incluem:<\/strong><\/p>\n<p><strong>I &#8211; os planos de res\u00edduos s\u00f3lidos<\/strong><\/p>\n<p><strong>II &#8211; prote\u00e7\u00e3o da sa\u00fade p\u00fablica\u00a0<\/strong><\/p>\n<p><strong>III &#8211; a coleta seletiva<\/strong><\/p>\n<p><strong>IV \u2013 o desenvolvimento sustent\u00e1vel<\/strong><\/p>\n<p><strong>V &#8211; \u00a0o respeito \u00e0s diversidades locais e regionais.<\/strong><\/p>\n<p><strong>\u00a0<\/strong><\/p>\n<p><strong>Est\u00e3o certos apenas os itens:<\/strong><\/p>\n<p><strong>A \u2013 I e II<\/strong><\/p>\n<p><strong>B \u2013 I e III<\/strong><\/p>\n<p><strong>C \u2013 II e V<\/strong><\/p>\n<p><strong>D \u2013 III e IV<\/strong><\/p>\n<p><strong>E \u2013 IV e V<\/strong><\/p>\n<p><strong>Gabarito: letra B.<\/strong><\/p>\n<p><strong>I &#8211; os planos de res\u00edduos s\u00f3lidos (S\u00c3O INSTRUMENTOS)<\/strong><\/p>\n<p><strong>II &#8211; prote\u00e7\u00e3o da sa\u00fade p\u00fablica e da qualidade ambiental (\u00c9 UM OBJETIVO)<\/strong><\/p>\n<p><strong>III &#8211; a coleta seletiva (\u00c9 UM INSTRUMENTO)<\/strong><\/p>\n<p><strong>IV \u2013 o desenvolvimento sustent\u00e1vel (\u00c9 UM PRINC\u00cdPIO)<\/strong><\/p>\n<p><strong>V &#8211; \u00a0o respeito \u00e0s diversidades locais e regionais. (\u00c9 UM PRINC\u00cdPIO)<\/strong><\/p>\n<p><strong>\u00a0<\/strong><\/p>\n<p><strong>15 &#8211; <\/strong><strong>(CESPE \u2013 T\u00c9CNICO &#8211; TRE BA \u2013 20\/08\/2017)<\/strong><\/p>\n<p><strong>Conforme as defini\u00e7\u00f5es contidas na Resolu\u00e7\u00e3o TSE 23.474\/16&#8230;<\/strong><\/p>\n<p><strong>Assinale a op\u00e7\u00e3o correta:<\/strong><\/p>\n<p><strong>A \u2013 <\/strong><strong>coleta seletiva corresponde \u00e0 coleta de res\u00edduos s\u00f3lidos previamente separados conforme sua constitui\u00e7\u00e3o ou composi\u00e7\u00e3o com destina\u00e7\u00e3o ambientalmente adequada.<\/strong><\/p>\n<p><strong>B &#8211; log\u00edstica sustent\u00e1vel \u00e9 o conjunto a\u00e7\u00f5es que tenham como objetivo a constru\u00e7\u00e3o de um novo modelo de cultura institucional visando \u00e0 inser\u00e7\u00e3o de crit\u00e9rios de sustentabilidade nas atividades da Justi\u00e7a Eleitoral.<\/strong><\/p>\n<p><strong>C &#8211; crit\u00e9rios de sustentabilidade s\u00e3o a\u00e7\u00f5es que tenham como objetivo a melhoria da qualidade do gasto p\u00fablico e o aperfei\u00e7oamento cont\u00ednuo na gest\u00e3o dos processos de trabalho.<\/strong><\/p>\n<p><strong>D &#8211; pr\u00e1ticas de sustentabilidade s\u00e3o processos de coordena\u00e7\u00e3o do fluxo de materiais, de servi\u00e7os e de informa\u00e7\u00f5es, do fornecimento ao desfazimento, considerando o ambientalmente correto, o socialmente justo, e o desenvolvimento econ\u00f4mico equilibrado.<\/strong><\/p>\n<p><strong>E \u2013 pr\u00e1ticas de racionaliza\u00e7\u00e3o s\u00e3o m\u00e9todos utilizados para avalia\u00e7\u00e3o e compara\u00e7\u00e3o de bens, materiais ou servi\u00e7os em fun\u00e7\u00e3o do seu impacto ambiental, social e econ\u00f4mico.<\/strong><\/p>\n<p><strong>\u00a0<\/strong><\/p>\n<p><strong>Gabarito: letra A.<\/strong><\/p>\n<p><strong>Conceito de coleta seletiva est\u00e1 perfeito!<\/strong><strong>\u00a0<\/strong><\/p>\n<p><strong>Nas demais op\u00e7\u00f5es a Banca quis confundir o candidato.<\/strong><\/p>\n<p><strong>Na revis\u00e3o eu falei:<\/strong><\/p>\n<p><strong>Crit\u00e9rios s\u00e3o m\u00e9todos!<\/strong><\/p>\n<p><strong>Pr\u00e1ticas s\u00e3o a\u00e7\u00f5es!<\/strong><\/p>\n<p><strong>Pronto! Agora \u00e9 s\u00f3 ir eliminando os itens!<\/strong><\/p>\n<p><strong>\u00a0<\/strong><\/p>\n<p><strong>\u00a0<\/strong><\/p>\n<p><strong>Prova de Analista<\/strong><\/p>\n<p><strong>Quest\u00e3o 11 (CESPE \u2013 ANALISTA &#8211; TRE BA \u2013 20\/08\/2017)<\/strong><\/p>\n<p><strong>As diretrizes da Pol\u00edtica Nacional sobre Mudan\u00e7as do Clima (Lei 12. 187\/2009) incluem:<\/strong><\/p>\n<p><strong>A &#8211; \u00a0os mecanismos financeiros e econ\u00f4micos referentes \u00e0 mitiga\u00e7\u00e3o da mudan\u00e7a do clima e \u00e0 adapta\u00e7\u00e3o aos efeitos da mudan\u00e7a do clima que existam no \u00e2mbito da Conven\u00e7\u00e3o-Quadro das Na\u00e7\u00f5es Unidas sobre Mudan\u00e7a do Clima e do Protocolo de Quioto.<\/strong><\/p>\n<p><strong>B &#8211; \u00a0os mecanismos financeiros e econ\u00f4micos, no \u00e2mbito nacional, referentes \u00e0 mitiga\u00e7\u00e3o e \u00e0 adapta\u00e7\u00e3o \u00e0 mudan\u00e7a do clima.<\/strong><\/p>\n<p><strong>C &#8211; a utiliza\u00e7\u00e3o de instrumentos financeiros e econ\u00f4micos para promover a\u00e7\u00f5es de mitiga\u00e7\u00e3o e adapta\u00e7\u00e3o \u00e0 mudan\u00e7a do clima.<\/strong><\/p>\n<p><strong>D \u2013 compatibiliza\u00e7\u00e3o das linhas de cr\u00e9dito e financiamento espec\u00edficas de agentes financeiros p\u00fablicos e privados.<\/strong><\/p>\n<p><strong>E &#8211; as medidas fiscais e tribut\u00e1rias destinadas a estimular a redu\u00e7\u00e3o das emiss\u00f5es e remo\u00e7\u00e3o de gases de efeito estufa, incluindo al\u00edquotas diferenciadas, isen\u00e7\u00f5es, compensa\u00e7\u00f5es e incentivos, a serem estabelecidos em lei espec\u00edfica.<\/strong><\/p>\n<p><strong>\u00a0<\/strong><\/p>\n<p><strong>Letra C. A \u00fanica diretriz est\u00e1 na letra C. Todas as outras alternativas trazem instrumentos.<\/strong><\/p>\n<p>&nbsp;<\/p>\n<p><strong>Quest\u00e3o 12\u00a0(CESPE \u2013 ANALISTA &#8211; TRE BA \u2013 20\/08\/2017)<\/strong><\/p>\n<p><strong>O Decreto 7.746 prev\u00ea explicitamente que a Comiss\u00e3o Interministerial de Sustentabilidade na Administra\u00e7\u00e3o P\u00fablica deve ser integrada por um representante:<\/strong><\/p>\n<p><strong>A \u2013 do Minist\u00e9rio da Sa\u00fade<\/strong><\/p>\n<p><strong>B \u2013 do Minist\u00e9rios das Cidades<\/strong><\/p>\n<p><strong>C \u2013 do Minist\u00e9rio do Trabalho e Previd\u00eancia Social<\/strong><\/p>\n<p><strong>D \u2013 da Casa Civil da Presid\u00eancia da Rep\u00fablica<\/strong><\/p>\n<p><strong>E \u2013 do Congresso Nacional<\/strong><\/p>\n<p><strong>\u00a0<\/strong><\/p>\n<p><strong>Letra D. Da lista apresentada pela Banca, apenas a Casa Civil tem representa\u00e7\u00e3o na CISAP.<\/strong><\/p>\n<p><strong>Quest\u00e3o decoreba d+!<\/strong><\/p>\n<p>&nbsp;<\/p>\n<p><strong>Sucesso!!!<\/strong><\/p>\n<p><strong>Rosenval<\/strong><\/p>\n<p><a href=\"http:\/\/www.instagram.com\/profrosenval\/\">www.instagram.com\/profrosenval\/<\/a><\/p>\n<p><strong>\u00a0<\/strong><\/p>\n<p><strong>\u00a0<\/strong><\/p>\n<p><strong>\u00a0<\/strong><\/p>\n","protected":false},"excerpt":{"rendered":"<p>Gabarito de Sustentabilidade  T\u00e9cnico e Analista do TRE BA<\/p>\n","protected":false},"author":73,"featured_media":0,"comment_status":"open","ping_status":"open","sticky":false,"template":"","format":"standard","meta":{"post_tipo":"article","footnotes":""},"categories":[1,1984],"tags":[2384,2123],"tax_estado":[],"class_list":["post-85985","post","type-post","status-publish","format-standard","hentry","category-cursos-e-concursos","category-tribunais","tag-concurso-tre-ba","tag-nocoes-de-sustentabilidade"],"acf":[],"yoast_head":"<!-- This site is optimized with the Yoast SEO Premium plugin v27.2 (Yoast SEO v27.2) - https:\/\/yoast.com\/product\/yoast-seo-premium-wordpress\/ -->\n<title>Gabarito de Sustentabilidade - T\u00e9cnico e Analista do TRE BA<\/title>\n<meta name=\"robots\" content=\"index, follow, max-snippet:-1, max-image-preview:large, max-video-preview:-1\" \/>\n<link rel=\"canonical\" href=\"https:\/\/www.estrategiaconcursos.com.br\/blog\/gabarito-de-sustentabilidade-tecnico-e-analista-do-tre-ba\/\" \/>\n<meta property=\"og:locale\" content=\"pt_BR\" \/>\n<meta property=\"og:type\" content=\"article\" \/>\n<meta property=\"og:title\" content=\"Gabarito de Sustentabilidade - T\u00e9cnico e Analista do TRE BA\" \/>\n<meta property=\"og:description\" content=\"Gabarito de Sustentabilidade T\u00e9cnico e Analista do TRE BA\" \/>\n<meta property=\"og:url\" content=\"https:\/\/www.estrategiaconcursos.com.br\/blog\/gabarito-de-sustentabilidade-tecnico-e-analista-do-tre-ba\/\" \/>\n<meta property=\"og:site_name\" content=\"Estrat\u00e9gia Concursos\" \/>\n<meta property=\"article:author\" content=\"https:\/\/www.facebook.com\/rosenvaljr\" \/>\n<meta property=\"article:published_time\" content=\"2017-08-20T23:23:06+00:00\" \/>\n<meta property=\"article:modified_time\" content=\"2017-08-21T17:56:13+00:00\" \/>\n<meta name=\"author\" content=\"Rosenval J\u00fanior\" \/>\n<meta name=\"twitter:card\" content=\"summary_large_image\" \/>\n<meta name=\"twitter:creator\" content=\"@EstratConcursos\" \/>\n<meta name=\"twitter:site\" content=\"@EstratConcursos\" \/>\n<meta name=\"twitter:label1\" content=\"Escrito por\" \/>\n\t<meta name=\"twitter:data1\" content=\"Rosenval J\u00fanior\" \/>\n\t<meta name=\"twitter:label2\" content=\"Est. tempo de leitura\" \/>\n\t<meta name=\"twitter:data2\" content=\"5 minutos\" \/>\n<script type=\"application\/ld+json\" class=\"yoast-schema-graph\">{\"@context\":\"https:\/\/schema.org\",\"@graph\":[{\"@type\":\"NewsArticle\",\"@id\":\"https:\/\/www.estrategiaconcursos.com.br\/blog\/gabarito-de-sustentabilidade-tecnico-e-analista-do-tre-ba\/#article\",\"isPartOf\":{\"@id\":\"https:\/\/www.estrategiaconcursos.com.br\/blog\/gabarito-de-sustentabilidade-tecnico-e-analista-do-tre-ba\/\"},\"author\":{\"name\":\"Rosenval J\u00fanior\",\"@id\":\"https:\/\/www.estrategiaconcursos.com.br\/blog\/#\/schema\/person\/3489eb8fb39ff11193689cf7762b03b0\"},\"headline\":\"Gabarito de Sustentabilidade &#8211; T\u00e9cnico e Analista do TRE BA\",\"datePublished\":\"2017-08-20T23:23:06+00:00\",\"dateModified\":\"2017-08-21T17:56:13+00:00\",\"mainEntityOfPage\":{\"@id\":\"https:\/\/www.estrategiaconcursos.com.br\/blog\/gabarito-de-sustentabilidade-tecnico-e-analista-do-tre-ba\/\"},\"wordCount\":1056,\"commentCount\":2,\"publisher\":{\"@id\":\"https:\/\/www.estrategiaconcursos.com.br\/blog\/#organization\"},\"keywords\":[\"concurso TRE BA\",\"No\u00e7\u00f5es de Sustentabilidade\"],\"articleSection\":[\"Concursos P\u00fablicos\",\"Tribunais\"],\"inLanguage\":\"pt-BR\",\"potentialAction\":[{\"@type\":\"CommentAction\",\"name\":\"Comment\",\"target\":[\"https:\/\/www.estrategiaconcursos.com.br\/blog\/gabarito-de-sustentabilidade-tecnico-e-analista-do-tre-ba\/#respond\"]}],\"copyrightYear\":\"2017\",\"copyrightHolder\":{\"@id\":\"https:\/\/www.estrategiaconcursos.com.br\/blog\/#organization\"}},{\"@type\":\"WebPage\",\"@id\":\"https:\/\/www.estrategiaconcursos.com.br\/blog\/gabarito-de-sustentabilidade-tecnico-e-analista-do-tre-ba\/\",\"url\":\"https:\/\/www.estrategiaconcursos.com.br\/blog\/gabarito-de-sustentabilidade-tecnico-e-analista-do-tre-ba\/\",\"name\":\"Gabarito de Sustentabilidade - T\u00e9cnico e Analista do TRE BA\",\"isPartOf\":{\"@id\":\"https:\/\/www.estrategiaconcursos.com.br\/blog\/#website\"},\"datePublished\":\"2017-08-20T23:23:06+00:00\",\"dateModified\":\"2017-08-21T17:56:13+00:00\",\"breadcrumb\":{\"@id\":\"https:\/\/www.estrategiaconcursos.com.br\/blog\/gabarito-de-sustentabilidade-tecnico-e-analista-do-tre-ba\/#breadcrumb\"},\"inLanguage\":\"pt-BR\",\"potentialAction\":[{\"@type\":\"ReadAction\",\"target\":[\"https:\/\/www.estrategiaconcursos.com.br\/blog\/gabarito-de-sustentabilidade-tecnico-e-analista-do-tre-ba\/\"]}]},{\"@type\":\"BreadcrumbList\",\"@id\":\"https:\/\/www.estrategiaconcursos.com.br\/blog\/gabarito-de-sustentabilidade-tecnico-e-analista-do-tre-ba\/#breadcrumb\",\"itemListElement\":[{\"@type\":\"ListItem\",\"position\":1,\"name\":\"In\u00edcio\",\"item\":\"https:\/\/www.estrategiaconcursos.com.br\/blog\/\"},{\"@type\":\"ListItem\",\"position\":2,\"name\":\"Gabarito de Sustentabilidade &#8211; T\u00e9cnico e Analista do TRE BA\"}]},{\"@type\":\"WebSite\",\"@id\":\"https:\/\/www.estrategiaconcursos.com.br\/blog\/#website\",\"url\":\"https:\/\/www.estrategiaconcursos.com.br\/blog\/\",\"name\":\"Estrat\u00e9gia Concursos\",\"description\":\"O blog da Estrat\u00e9gia Concursos traz not\u00edcias sobre concursos e artigos de professores oferecendo cursos para concursos (pdf + videaulas) no site.\",\"publisher\":{\"@id\":\"https:\/\/www.estrategiaconcursos.com.br\/blog\/#organization\"},\"potentialAction\":[{\"@type\":\"SearchAction\",\"target\":{\"@type\":\"EntryPoint\",\"urlTemplate\":\"https:\/\/www.estrategiaconcursos.com.br\/blog\/?s={search_term_string}\"},\"query-input\":{\"@type\":\"PropertyValueSpecification\",\"valueRequired\":true,\"valueName\":\"search_term_string\"}}],\"inLanguage\":\"pt-BR\"},{\"@type\":\"Organization\",\"@id\":\"https:\/\/www.estrategiaconcursos.com.br\/blog\/#organization\",\"name\":\"Estrat\u00e9gia Concursos\",\"url\":\"https:\/\/www.estrategiaconcursos.com.br\/blog\/\",\"logo\":{\"@type\":\"ImageObject\",\"inLanguage\":\"pt-BR\",\"@id\":\"https:\/\/www.estrategiaconcursos.com.br\/blog\/#\/schema\/logo\/image\/\",\"url\":\"https:\/\/dhg1h5j42swfq.cloudfront.net\/2025\/06\/03203428\/logo_concursos-1.jpg\",\"contentUrl\":\"https:\/\/dhg1h5j42swfq.cloudfront.net\/2025\/06\/03203428\/logo_concursos-1.jpg\",\"width\":230,\"height\":60,\"caption\":\"Estrat\u00e9gia Concursos\"},\"image\":{\"@id\":\"https:\/\/www.estrategiaconcursos.com.br\/blog\/#\/schema\/logo\/image\/\"},\"sameAs\":[\"https:\/\/x.com\/EstratConcursos\"]},{\"@type\":\"Person\",\"@id\":\"https:\/\/www.estrategiaconcursos.com.br\/blog\/#\/schema\/person\/3489eb8fb39ff11193689cf7762b03b0\",\"name\":\"Rosenval J\u00fanior\",\"image\":{\"@type\":\"ImageObject\",\"inLanguage\":\"pt-BR\",\"@id\":\"https:\/\/secure.gravatar.com\/avatar\/dc38e7bcadccb99c8a28b35b027bdc6b8b6a65ee938a25ed335e3e31eed462e0?s=96&d=mm&r=g\",\"url\":\"https:\/\/secure.gravatar.com\/avatar\/dc38e7bcadccb99c8a28b35b027bdc6b8b6a65ee938a25ed335e3e31eed462e0?s=96&d=mm&r=g\",\"contentUrl\":\"https:\/\/secure.gravatar.com\/avatar\/dc38e7bcadccb99c8a28b35b027bdc6b8b6a65ee938a25ed335e3e31eed462e0?s=96&d=mm&r=g\",\"caption\":\"Rosenval J\u00fanior\"},\"description\":\"Graduado pela Universidade Federal de Vi\u00e7osa - UFV. P\u00f3s-graduado em Direito Ambiental. Graduado tamb\u00e9m em Gest\u00e3o Ambiental, com tr\u00eas especializa\u00e7\u00f5es na \u00e1rea ambiental. Mestrando em Engenharia Ambiental. Servidor p\u00fablico do Minist\u00e9rio da Justi\u00e7a e professor de Direito Ambiental, Meio Ambiente, Direito Agr\u00e1rio e Direito Urban\u00edstico para concursos p\u00fablicos. Professor de Direito Ambiental para o Exame de Ordem. Aprovado em 15 concursos p\u00fablicos na \u00e1rea de Meio Ambiente como Analista Ambiental do Instituto Brasileiro do Meio Ambiente e dos Recursos Naturais Renov\u00e1veis - IBAMA; Analista Pericial - Especialidade Engenharia Florestal do Minist\u00e9rio P\u00fablico da Uni\u00e3o - MPU; Analista de Infraestrutura - \u00c1rea de Especializa\u00e7\u00e3o Ambiental do Departamento Nacional de Infraestrutura de Transportes - DNIT; Especialista em Regula\u00e7\u00e3o - \u00c1rea Engenharia Ambiental e Engenharia Florestal, com \u00eanfase em Meio Ambiente da Ag\u00eancia Nacional de Transportes Terrestres - ANTT; Consultor Legislativo em Meio Ambiente e Direito Ambiental, Organiza\u00e7\u00e3o Territorial, Desenvolvimento Urbano e Regional da C\u00e2mara dos Deputados; entre outros. Autor do livro \\\"Direito Ambiental para Concursos e Exame de Ordem\\\", Editora Juru\u00e1. Iniciou sua carreira no servi\u00e7o p\u00fablico federal em 2006, quando obteve aprova\u00e7\u00e3o em 1\u00b0 lugar para o cargo de engenheiro florestal da Casa Civil da Presid\u00eancia da Rep\u00fablica\/Arquivo Nacional. Alguns concursos em que foi aprovado: 1\u00b0 lugar para Analista do Minist\u00e9rio P\u00fablico de MG; 1\u00ba lugar para Engenheiro da Casa Civil da Presid\u00eancia da Rep\u00fablica; 1\u00b0 lugar para T\u00e9cnico em Recursos Naturais \u2013 n\u00edvel II \u2013 \u00c1rea Engenharia Florestal do IDAF; 2\u00b0 lugar para Analista Pericial do Minist\u00e9rio P\u00fablico da Uni\u00e3o - MPU; 2\u00b0 lugar para Analista em Reforma e Desenvolvimento Agr\u00e1rio do INCRA; 7\u00ba lugar Engenheiro J\u00fanior da Caixa Econ\u00f4mica Federal; 10\u00ba lugar para Analista Ambiental do Instituto Estadual de Florestas - IEF\/MG; 6\u00ba lugar para Analista de Infraestrutura (\u00c1rea de Especializa\u00e7\u00e3o Ambiental) do Departamento Nacional de Infraestrutura de Transportes \u2013 DNIT (Prova objetiva e discursiva); 2\u00b0 lugar para Perito Criminal da Pol\u00edcia Civil do Estado do Rio de Janeiro \u2013PCERJ (Resultado na Prova objetiva, TAF, Avalia\u00e7\u00e3o M\u00e9dica, e Psicot\u00e9cnico); 10\u00ba lugar para Perito Criminal da Pol\u00edcia Federal \u2013 DPF \u2013 \u00c1rea 9 (Resultado definitivo na prova objetiva e discursiva); 2\u00b0 lugar para Analista Ambiental do Instituto Brasileiro do Meio Ambiente e dos Recursos Naturais Renov\u00e1veis \u2013 IBAMA (Prova objetiva e discursiva); 1\u00b0 lugar para Especialista em Regula\u00e7\u00e3o Engenharia Ambiental e Engenharia Florestal (com \u00eanfase em meio ambiente) da Ag\u00eancia Nacional de Transportes Terrestres - ANTT (Resultado da prova objetiva, discursiva e de t\u00edtulos); 10\u00ba lugar para Consultor Legislativo em Meio Ambiente e Direito Ambiental, Organiza\u00e7\u00e3o Territorial, Desenvolvimento Urbano e Regional da C\u00e2mara dos Deputados. (Resultado da prova objetiva, discursiva e de t\u00edtulos) Entre em contato comigo pelo facebook e pelo Youtube. Basta colocar na busca: Rosenval J\u00fanior. Ou copiar e colar o endere\u00e7o: www.facebook.com\/rosenvaljr Acesse o meu site e saiba mais: www.aprendadireitoambiental.com.br\",\"sameAs\":[\"http:\/\/www.aprendadireitoambiental.com.br\",\"https:\/\/www.facebook.com\/rosenvaljr\"],\"url\":\"https:\/\/www.estrategiaconcursos.com.br\/blog\/author\/rosenvaljuniorestrategiaconcursos-com-br\/\"}]}<\/script>\n<!-- \/ Yoast SEO Premium plugin. -->","yoast_head_json":{"title":"Gabarito de Sustentabilidade - T\u00e9cnico e Analista do TRE BA","robots":{"index":"index","follow":"follow","max-snippet":"max-snippet:-1","max-image-preview":"max-image-preview:large","max-video-preview":"max-video-preview:-1"},"canonical":"https:\/\/www.estrategiaconcursos.com.br\/blog\/gabarito-de-sustentabilidade-tecnico-e-analista-do-tre-ba\/","og_locale":"pt_BR","og_type":"article","og_title":"Gabarito de Sustentabilidade - T\u00e9cnico e Analista do TRE BA","og_description":"Gabarito de Sustentabilidade T\u00e9cnico e Analista do TRE BA","og_url":"https:\/\/www.estrategiaconcursos.com.br\/blog\/gabarito-de-sustentabilidade-tecnico-e-analista-do-tre-ba\/","og_site_name":"Estrat\u00e9gia Concursos","article_author":"https:\/\/www.facebook.com\/rosenvaljr","article_published_time":"2017-08-20T23:23:06+00:00","article_modified_time":"2017-08-21T17:56:13+00:00","author":"Rosenval J\u00fanior","twitter_card":"summary_large_image","twitter_creator":"@EstratConcursos","twitter_site":"@EstratConcursos","twitter_misc":{"Escrito por":"Rosenval J\u00fanior","Est. tempo de leitura":"5 minutos"},"schema":{"@context":"https:\/\/schema.org","@graph":[{"@type":"NewsArticle","@id":"https:\/\/www.estrategiaconcursos.com.br\/blog\/gabarito-de-sustentabilidade-tecnico-e-analista-do-tre-ba\/#article","isPartOf":{"@id":"https:\/\/www.estrategiaconcursos.com.br\/blog\/gabarito-de-sustentabilidade-tecnico-e-analista-do-tre-ba\/"},"author":{"name":"Rosenval J\u00fanior","@id":"https:\/\/www.estrategiaconcursos.com.br\/blog\/#\/schema\/person\/3489eb8fb39ff11193689cf7762b03b0"},"headline":"Gabarito de Sustentabilidade &#8211; T\u00e9cnico e Analista do TRE BA","datePublished":"2017-08-20T23:23:06+00:00","dateModified":"2017-08-21T17:56:13+00:00","mainEntityOfPage":{"@id":"https:\/\/www.estrategiaconcursos.com.br\/blog\/gabarito-de-sustentabilidade-tecnico-e-analista-do-tre-ba\/"},"wordCount":1056,"commentCount":2,"publisher":{"@id":"https:\/\/www.estrategiaconcursos.com.br\/blog\/#organization"},"keywords":["concurso TRE BA","No\u00e7\u00f5es de Sustentabilidade"],"articleSection":["Concursos P\u00fablicos","Tribunais"],"inLanguage":"pt-BR","potentialAction":[{"@type":"CommentAction","name":"Comment","target":["https:\/\/www.estrategiaconcursos.com.br\/blog\/gabarito-de-sustentabilidade-tecnico-e-analista-do-tre-ba\/#respond"]}],"copyrightYear":"2017","copyrightHolder":{"@id":"https:\/\/www.estrategiaconcursos.com.br\/blog\/#organization"}},{"@type":"WebPage","@id":"https:\/\/www.estrategiaconcursos.com.br\/blog\/gabarito-de-sustentabilidade-tecnico-e-analista-do-tre-ba\/","url":"https:\/\/www.estrategiaconcursos.com.br\/blog\/gabarito-de-sustentabilidade-tecnico-e-analista-do-tre-ba\/","name":"Gabarito de Sustentabilidade - T\u00e9cnico e Analista do TRE BA","isPartOf":{"@id":"https:\/\/www.estrategiaconcursos.com.br\/blog\/#website"},"datePublished":"2017-08-20T23:23:06+00:00","dateModified":"2017-08-21T17:56:13+00:00","breadcrumb":{"@id":"https:\/\/www.estrategiaconcursos.com.br\/blog\/gabarito-de-sustentabilidade-tecnico-e-analista-do-tre-ba\/#breadcrumb"},"inLanguage":"pt-BR","potentialAction":[{"@type":"ReadAction","target":["https:\/\/www.estrategiaconcursos.com.br\/blog\/gabarito-de-sustentabilidade-tecnico-e-analista-do-tre-ba\/"]}]},{"@type":"BreadcrumbList","@id":"https:\/\/www.estrategiaconcursos.com.br\/blog\/gabarito-de-sustentabilidade-tecnico-e-analista-do-tre-ba\/#breadcrumb","itemListElement":[{"@type":"ListItem","position":1,"name":"In\u00edcio","item":"https:\/\/www.estrategiaconcursos.com.br\/blog\/"},{"@type":"ListItem","position":2,"name":"Gabarito de Sustentabilidade &#8211; T\u00e9cnico e Analista do TRE BA"}]},{"@type":"WebSite","@id":"https:\/\/www.estrategiaconcursos.com.br\/blog\/#website","url":"https:\/\/www.estrategiaconcursos.com.br\/blog\/","name":"Estrat\u00e9gia Concursos","description":"O blog da Estrat\u00e9gia Concursos traz not\u00edcias sobre concursos e artigos de professores oferecendo cursos para concursos (pdf + videaulas) no site.","publisher":{"@id":"https:\/\/www.estrategiaconcursos.com.br\/blog\/#organization"},"potentialAction":[{"@type":"SearchAction","target":{"@type":"EntryPoint","urlTemplate":"https:\/\/www.estrategiaconcursos.com.br\/blog\/?s={search_term_string}"},"query-input":{"@type":"PropertyValueSpecification","valueRequired":true,"valueName":"search_term_string"}}],"inLanguage":"pt-BR"},{"@type":"Organization","@id":"https:\/\/www.estrategiaconcursos.com.br\/blog\/#organization","name":"Estrat\u00e9gia Concursos","url":"https:\/\/www.estrategiaconcursos.com.br\/blog\/","logo":{"@type":"ImageObject","inLanguage":"pt-BR","@id":"https:\/\/www.estrategiaconcursos.com.br\/blog\/#\/schema\/logo\/image\/","url":"https:\/\/dhg1h5j42swfq.cloudfront.net\/2025\/06\/03203428\/logo_concursos-1.jpg","contentUrl":"https:\/\/dhg1h5j42swfq.cloudfront.net\/2025\/06\/03203428\/logo_concursos-1.jpg","width":230,"height":60,"caption":"Estrat\u00e9gia Concursos"},"image":{"@id":"https:\/\/www.estrategiaconcursos.com.br\/blog\/#\/schema\/logo\/image\/"},"sameAs":["https:\/\/x.com\/EstratConcursos"]},{"@type":"Person","@id":"https:\/\/www.estrategiaconcursos.com.br\/blog\/#\/schema\/person\/3489eb8fb39ff11193689cf7762b03b0","name":"Rosenval J\u00fanior","image":{"@type":"ImageObject","inLanguage":"pt-BR","@id":"https:\/\/secure.gravatar.com\/avatar\/dc38e7bcadccb99c8a28b35b027bdc6b8b6a65ee938a25ed335e3e31eed462e0?s=96&d=mm&r=g","url":"https:\/\/secure.gravatar.com\/avatar\/dc38e7bcadccb99c8a28b35b027bdc6b8b6a65ee938a25ed335e3e31eed462e0?s=96&d=mm&r=g","contentUrl":"https:\/\/secure.gravatar.com\/avatar\/dc38e7bcadccb99c8a28b35b027bdc6b8b6a65ee938a25ed335e3e31eed462e0?s=96&d=mm&r=g","caption":"Rosenval J\u00fanior"},"description":"Graduado pela Universidade Federal de Vi\u00e7osa - UFV. P\u00f3s-graduado em Direito Ambiental. Graduado tamb\u00e9m em Gest\u00e3o Ambiental, com tr\u00eas especializa\u00e7\u00f5es na \u00e1rea ambiental. Mestrando em Engenharia Ambiental. Servidor p\u00fablico do Minist\u00e9rio da Justi\u00e7a e professor de Direito Ambiental, Meio Ambiente, Direito Agr\u00e1rio e Direito Urban\u00edstico para concursos p\u00fablicos. Professor de Direito Ambiental para o Exame de Ordem. Aprovado em 15 concursos p\u00fablicos na \u00e1rea de Meio Ambiente como Analista Ambiental do Instituto Brasileiro do Meio Ambiente e dos Recursos Naturais Renov\u00e1veis - IBAMA; Analista Pericial - Especialidade Engenharia Florestal do Minist\u00e9rio P\u00fablico da Uni\u00e3o - MPU; Analista de Infraestrutura - \u00c1rea de Especializa\u00e7\u00e3o Ambiental do Departamento Nacional de Infraestrutura de Transportes - DNIT; Especialista em Regula\u00e7\u00e3o - \u00c1rea Engenharia Ambiental e Engenharia Florestal, com \u00eanfase em Meio Ambiente da Ag\u00eancia Nacional de Transportes Terrestres - ANTT; Consultor Legislativo em Meio Ambiente e Direito Ambiental, Organiza\u00e7\u00e3o Territorial, Desenvolvimento Urbano e Regional da C\u00e2mara dos Deputados; entre outros. Autor do livro \"Direito Ambiental para Concursos e Exame de Ordem\", Editora Juru\u00e1. Iniciou sua carreira no servi\u00e7o p\u00fablico federal em 2006, quando obteve aprova\u00e7\u00e3o em 1\u00b0 lugar para o cargo de engenheiro florestal da Casa Civil da Presid\u00eancia da Rep\u00fablica\/Arquivo Nacional. Alguns concursos em que foi aprovado: 1\u00b0 lugar para Analista do Minist\u00e9rio P\u00fablico de MG; 1\u00ba lugar para Engenheiro da Casa Civil da Presid\u00eancia da Rep\u00fablica; 1\u00b0 lugar para T\u00e9cnico em Recursos Naturais \u2013 n\u00edvel II \u2013 \u00c1rea Engenharia Florestal do IDAF; 2\u00b0 lugar para Analista Pericial do Minist\u00e9rio P\u00fablico da Uni\u00e3o - MPU; 2\u00b0 lugar para Analista em Reforma e Desenvolvimento Agr\u00e1rio do INCRA; 7\u00ba lugar Engenheiro J\u00fanior da Caixa Econ\u00f4mica Federal; 10\u00ba lugar para Analista Ambiental do Instituto Estadual de Florestas - IEF\/MG; 6\u00ba lugar para Analista de Infraestrutura (\u00c1rea de Especializa\u00e7\u00e3o Ambiental) do Departamento Nacional de Infraestrutura de Transportes \u2013 DNIT (Prova objetiva e discursiva); 2\u00b0 lugar para Perito Criminal da Pol\u00edcia Civil do Estado do Rio de Janeiro \u2013PCERJ (Resultado na Prova objetiva, TAF, Avalia\u00e7\u00e3o M\u00e9dica, e Psicot\u00e9cnico); 10\u00ba lugar para Perito Criminal da Pol\u00edcia Federal \u2013 DPF \u2013 \u00c1rea 9 (Resultado definitivo na prova objetiva e discursiva); 2\u00b0 lugar para Analista Ambiental do Instituto Brasileiro do Meio Ambiente e dos Recursos Naturais Renov\u00e1veis \u2013 IBAMA (Prova objetiva e discursiva); 1\u00b0 lugar para Especialista em Regula\u00e7\u00e3o Engenharia Ambiental e Engenharia Florestal (com \u00eanfase em meio ambiente) da Ag\u00eancia Nacional de Transportes Terrestres - ANTT (Resultado da prova objetiva, discursiva e de t\u00edtulos); 10\u00ba lugar para Consultor Legislativo em Meio Ambiente e Direito Ambiental, Organiza\u00e7\u00e3o Territorial, Desenvolvimento Urbano e Regional da C\u00e2mara dos Deputados. (Resultado da prova objetiva, discursiva e de t\u00edtulos) Entre em contato comigo pelo facebook e pelo Youtube. Basta colocar na busca: Rosenval J\u00fanior. Ou copiar e colar o endere\u00e7o: www.facebook.com\/rosenvaljr Acesse o meu site e saiba mais: www.aprendadireitoambiental.com.br","sameAs":["http:\/\/www.aprendadireitoambiental.com.br","https:\/\/www.facebook.com\/rosenvaljr"],"url":"https:\/\/www.estrategiaconcursos.com.br\/blog\/author\/rosenvaljuniorestrategiaconcursos-com-br\/"}]}},"_links":{"self":[{"href":"https:\/\/www.estrategiaconcursos.com.br\/blog\/wp-json\/wp\/v2\/posts\/85985","targetHints":{"allow":["GET"]}}],"collection":[{"href":"https:\/\/www.estrategiaconcursos.com.br\/blog\/wp-json\/wp\/v2\/posts"}],"about":[{"href":"https:\/\/www.estrategiaconcursos.com.br\/blog\/wp-json\/wp\/v2\/types\/post"}],"author":[{"embeddable":true,"href":"https:\/\/www.estrategiaconcursos.com.br\/blog\/wp-json\/wp\/v2\/users\/73"}],"replies":[{"embeddable":true,"href":"https:\/\/www.estrategiaconcursos.com.br\/blog\/wp-json\/wp\/v2\/comments?post=85985"}],"version-history":[{"count":5,"href":"https:\/\/www.estrategiaconcursos.com.br\/blog\/wp-json\/wp\/v2\/posts\/85985\/revisions"}],"predecessor-version":[{"id":85996,"href":"https:\/\/www.estrategiaconcursos.com.br\/blog\/wp-json\/wp\/v2\/posts\/85985\/revisions\/85996"}],"wp:attachment":[{"href":"https:\/\/www.estrategiaconcursos.com.br\/blog\/wp-json\/wp\/v2\/media?parent=85985"}],"wp:term":[{"taxonomy":"category","embeddable":true,"href":"https:\/\/www.estrategiaconcursos.com.br\/blog\/wp-json\/wp\/v2\/categories?post=85985"},{"taxonomy":"post_tag","embeddable":true,"href":"https:\/\/www.estrategiaconcursos.com.br\/blog\/wp-json\/wp\/v2\/tags?post=85985"},{"taxonomy":"tax_estado","embeddable":true,"href":"https:\/\/www.estrategiaconcursos.com.br\/blog\/wp-json\/wp\/v2\/tax_estado?post=85985"}],"curies":[{"name":"wp","href":"https:\/\/api.w.org\/{rel}","templated":true}]}}