{"id":859809,"date":"2024-11-28T09:31:00","date_gmt":"2024-11-28T12:31:00","guid":{"rendered":"https:\/\/www.estrategiaconcursos.com.br\/blog\/?p=859809"},"modified":"2024-11-28T11:26:49","modified_gmt":"2024-11-28T14:26:49","slug":"concurso-ifto","status":"publish","type":"post","link":"https:\/\/www.estrategiaconcursos.com.br\/blog\/concurso-ifto\/","title":{"rendered":"Concurso IFTO: resultado final homologado!"},"content":{"rendered":"\n<p>O <a href=\"https:\/\/www.estrategiaconcursos.com.br\/cursosPorConcurso\/instituto-federal-do-tocantins-ifto\/\" target=\"_blank\" rel=\"noreferrer noopener\">Instituto Federal de Educa\u00e7\u00e3o, Ci\u00eancia e Tecnologia do Tocantins<\/a> homologou o resultado o final do seu edital de concurso p\u00fablico!<\/p>\n\n\n\n<p>Com a homologa\u00e7\u00e3o, os aprovados j\u00e1 podem ser convocados. O edital ofertou <strong>52 vagas<\/strong>, sendo:<\/p>\n\n\n\n<ul class=\"wp-block-list\">\n<li>35 para o cargo de Professor da Carreira de Magist\u00e9rio do Ensino B\u00e1sico, T\u00e9cnico e Tecnol\u00f3gico &#8211; Professor EBTT &#8211; e <\/li>\n\n\n\n<li>17 vagas para cargos da Carreira de T\u00e9cnicos Administrativos em Educa\u00e7\u00e3o &#8211; TAEs.<\/li>\n<\/ul>\n\n\n\n<p>As oportunidades s\u00e3o de n\u00edveis m\u00e9dio e superior de forma\u00e7\u00e3o com sal\u00e1rios que podem chegar at\u00e9<strong> R$ 10.481,64<\/strong>, a depender da titula\u00e7\u00e3o.<\/p>\n\n\n\n<p>As inscri\u00e7\u00f5es deveriam ser feitas no pr\u00f3prio site do IFTO entre os dias 15 e 27 de agosto e a taxa de participa\u00e7\u00e3o variou entre R$ 120,00 a R$ 210,00.<\/p>\n\n\n\n<p>Confira mais informa\u00e7\u00f5es no decorrer do artigo!<\/p>\n\n\n\n<ul class=\"wp-block-list\">\n<li><strong>Status<\/strong>: resultado final homologado<\/li>\n\n\n\n<li><strong style=\"background-color: initial; color: initial;\">Banca:<\/strong> <a href=\"https:\/\/www.ifto.edu.br\/editais\/concurso\" target=\"_blank\" rel=\"noreferrer noopener\">comiss\u00e3o pr\u00f3pria<\/a><\/li>\n\n\n\n<li><strong>Vagas:<\/strong> 52 + CR<\/li>\n\n\n\n<li><strong>Cargo<\/strong>: professor e TAE <\/li>\n\n\n\n<li><strong>Sal\u00e1rio inicial:<\/strong> at\u00e9 R$ 10.481,64 + benef\u00edcios <\/li>\n\n\n\n<li><strong>Editais<\/strong>:<a href=\"https:\/\/dhg1h5j42swfq.cloudfront.net\/2024\/08\/13055858\/ifto.pdf\" target=\"_blank\" rel=\"noreferrer noopener nofollow\"> IFTO<\/a>\/ <a href=\"https:\/\/www.in.gov.br\/en\/web\/dou\/-\/edital-n-53\/rei\/ifto-de-8-de-agosto-de-2024-578682614\" target=\"_blank\" rel=\"noreferrer noopener\">vaga retificada<\/a> <\/li>\n<\/ul>\n\n\n\n<div class=\"col-sm\">\n      <div class=\"banner-estrategia\" id=\"box-assinatura\">\n        <h2 class=\"titulo-assinatura\">Cursos para IFTO<\/h2>\n        <p class=\"subtitulo-assinatura\">Conhe\u00e7a os cursos<\/p>\n        <div class=\"box-botao\">\n          <a class=\"btn-assinatura\" target=\"_blank\" href=\"https:\/\/www.estrategiaconcursos.com.br\/cursosPorConcurso\/instituto-federal-do-tocantins-ifto\/\" role=\"button\" rel=\"noopener noreferrer\">Conhe\u00e7a mais<\/a>\n        <\/div>\n      <\/div>\n      <p class=\"texto-auxiliar\">Prepare-se com o melhor material e com quem mais aprova em Concursos P\u00fablicos em todo o pa\u00eds.<\/p>\n    <\/div>\n\n\n\n<ul class=\"wp-block-list\">\n<li><strong><a href=\"#atual\">Situa\u00e7\u00e3o atual<\/a><\/strong>\n<ul class=\"wp-block-list\">\n<li><font color=\"#0073aa\"><span style=\"caret-color: rgb(0, 115, 170);\"><b><u>Homologa\u00e7\u00e3o<\/u><\/b><\/span><\/font> <\/li>\n<\/ul>\n<\/li>\n\n\n\n<li><strong><a href=\"#cargos\">Cargos e Vagas<\/a><\/strong><\/li>\n\n\n\n<li><strong><a href=\"#remuneracao\">Remunera\u00e7\u00e3o<\/a><\/strong><\/li>\n\n\n\n<li><strong><a href=\"#atribuicoes\">Atribui\u00e7\u00f5es<\/a><\/strong><\/li>\n\n\n\n<li><strong><a href=\"#etapas\">Etapas do concurso<\/a><\/strong><\/li>\n\n\n\n<li><strong><a href=\"#curso\">Cursos e Assinaturas<\/a><\/strong><\/li>\n\n\n\n<li><strong><a href=\"#ficha\">Ficha T\u00e9cnica<\/a><\/strong><\/li>\n<\/ul>\n\n\n\n<h2 class=\"wp-block-heading\" id=\"datas\">Concurso IFTO: situa\u00e7\u00e3o atual <\/h2>\n\n\n\n<h3 class=\"wp-block-heading\" id=\"resultado-homologado\">Homologa\u00e7\u00e3o <\/h3>\n\n\n\n<p>No dia 28 de novembro foi divulgado o resultado final e a homologa\u00e7\u00e3o do concurso do Instituto Federal do Tocantins. Confira abaixo a lista de aprovados e a homologa\u00e7\u00e3o:<\/p>\n\n\n\n<ul class=\"wp-block-list\">\n<li><a href=\"https:\/\/dhg1h5j42swfq.cloudfront.net\/2024\/08\/28092456\/diariooficial-82-87.pdf\" target=\"_blank\" rel=\"noreferrer noopener\">Resultado final IFTO<\/a><\/li>\n<\/ul>\n\n\n\n<h2 class=\"wp-block-heading\" id=\"cargos-vagas\">Concurso IFTO: cargos e vagas<\/h2>\n\n\n\n<p>Ao todo, foram ofertadas 52 vagas, sendo:<\/p>\n\n\n\n<figure class=\"wp-block-table is-style-stripes\"><table class=\"has-background has-fixed-layout\" style=\"background-color:#e7f5fe\"><thead><tr><th class=\"has-text-align-center\" data-align=\"center\">CARGOS<\/th><th class=\"has-text-align-center\" data-align=\"center\">VAGAS<\/th><\/tr><\/thead><tbody><tr><td class=\"has-text-align-center\" data-align=\"center\">Agrimensura com \u00eanfase em Topografia e Geod\u00e9sia para Agrimensura 20 horas<\/td><td class=\"has-text-align-center\" data-align=\"center\">1<\/td><\/tr><tr><td class=\"has-text-align-center\" data-align=\"center\">Biologia<\/td><td class=\"has-text-align-center\" data-align=\"center\">3<\/td><\/tr><tr><td class=\"has-text-align-center\" data-align=\"center\">Educa\u00e7\u00e3o F\u00edsica<\/td><td class=\"has-text-align-center\" data-align=\"center\">3<\/td><\/tr><tr><td class=\"has-text-align-center\" data-align=\"center\">Engenharia da Produ\u00e7\u00e3o<\/td><td class=\"has-text-align-center\" data-align=\"center\">1<\/td><\/tr><tr><td class=\"has-text-align-center\" data-align=\"center\">Farm\u00e1cia\/Bioqu\u00edmica<\/td><td class=\"has-text-align-center\" data-align=\"center\">1<\/td><\/tr><tr><td class=\"has-text-align-center\" data-align=\"center\">Filosofia<\/td><td class=\"has-text-align-center\" data-align=\"center\">1<\/td><\/tr><tr><td class=\"has-text-align-center\" data-align=\"center\">F\u00edsica<\/td><td class=\"has-text-align-center\" data-align=\"center\">2<\/td><\/tr><tr><td class=\"has-text-align-center\" data-align=\"center\">Geografia<\/td><td class=\"has-text-align-center\" data-align=\"center\">2<\/td><\/tr><tr><td class=\"has-text-align-center\" data-align=\"center\">Hist\u00f3ria<\/td><td class=\"has-text-align-center\" data-align=\"center\">2<\/td><\/tr><tr><td class=\"has-text-align-center\" data-align=\"center\">Letras: Portugu\u00eas\/Espanhol<\/td><td class=\"has-text-align-center\" data-align=\"center\">2<\/td><\/tr><tr><td class=\"has-text-align-center\" data-align=\"center\">Letras: Portugu\u00eas\/Ingl\u00eas<\/td><td class=\"has-text-align-center\" data-align=\"center\">1<\/td><\/tr><tr><td class=\"has-text-align-center\" data-align=\"center\">Letras: Portugu\u00eas\/Libras<\/td><td class=\"has-text-align-center\" data-align=\"center\">1<\/td><\/tr><tr><td class=\"has-text-align-center\" data-align=\"center\">Matem\u00e1tica<\/td><td class=\"has-text-align-center\" data-align=\"center\">5<\/td><\/tr><tr><td class=\"has-text-align-center\" data-align=\"center\">Medicina Veterin\u00e1ria, Ci\u00eancia Animal, Ci\u00eancia e Sa\u00fade Animal<\/td><td class=\"has-text-align-center\" data-align=\"center\">4<\/td><\/tr><tr><td class=\"has-text-align-center\" data-align=\"center\">Pedagogia<\/td><td class=\"has-text-align-center\" data-align=\"center\">2<\/td><\/tr><tr><td class=\"has-text-align-center\" data-align=\"center\">Produ\u00e7\u00e3o Animal<\/td><td class=\"has-text-align-center\" data-align=\"center\">1<\/td><\/tr><tr><td class=\"has-text-align-center\" data-align=\"center\">Qu\u00edmica<\/td><td class=\"has-text-align-center\" data-align=\"center\">3<\/td><\/tr><tr><td class=\"has-text-align-center\" data-align=\"center\">Assistente em Administra\u00e7\u00e3o<\/td><td class=\"has-text-align-center\" data-align=\"center\">3<\/td><\/tr><tr><td class=\"has-text-align-center\" data-align=\"center\">T\u00e9cnico de Laborat\u00f3rio\/\u00c1rea: Processos Industriais<\/td><td class=\"has-text-align-center\" data-align=\"center\">1<\/td><\/tr><tr><td class=\"has-text-align-center\" data-align=\"center\">T\u00e9cnico de Laborat\u00f3rio\/\u00c1rea: Ci\u00eancias da Natureza<\/td><td class=\"has-text-align-center\" data-align=\"center\">1<\/td><\/tr><tr><td class=\"has-text-align-center\" data-align=\"center\">T\u00e9cnico de Laborat\u00f3rio\/\u00c1rea: F\u00edsica<\/td><td class=\"has-text-align-center\" data-align=\"center\">1<\/td><\/tr><tr><td class=\"has-text-align-center\" data-align=\"center\">T\u00e9cnico de Laborat\u00f3rio\/\u00c1rea: Inform\u00e1tica<\/td><td class=\"has-text-align-center\" data-align=\"center\">1<\/td><\/tr><tr><td class=\"has-text-align-center\" data-align=\"center\">T\u00e9cnico de Tecnologia da Informa\u00e7\u00e3o<\/td><td class=\"has-text-align-center\" data-align=\"center\">2<\/td><\/tr><tr><td class=\"has-text-align-center\" data-align=\"center\">T\u00e9cnico em EnfermagemT\u00e9cnico em Enfermagem<\/td><td class=\"has-text-align-center\" data-align=\"center\">1<\/td><\/tr><tr><td class=\"has-text-align-center\" data-align=\"center\">Analista de Tecnologia da Informa\u00e7\u00e3o<\/td><td class=\"has-text-align-center\" data-align=\"center\">1<\/td><\/tr><tr><td class=\"has-text-align-center\" data-align=\"center\">Assistente Social<\/td><td class=\"has-text-align-center\" data-align=\"center\">1<\/td><\/tr><tr><td class=\"has-text-align-center\" data-align=\"center\">M\u00e9dico\/\u00c1rea:<br \/>Cl\u00ednico Geral<\/td><td class=\"has-text-align-center\" data-align=\"center\">1<\/td><\/tr><tr><td class=\"has-text-align-center\" data-align=\"center\">T\u00e9cnico em Assuntos Educacionais<\/td><td class=\"has-text-align-center\" data-align=\"center\">1<\/td><\/tr><tr><td class=\"has-text-align-center\" data-align=\"center\">Produtor Cultural<\/td><td class=\"has-text-align-center\" data-align=\"center\">1<\/td><\/tr><tr><td class=\"has-text-align-center\" data-align=\"center\">Engenheiro Civil<\/td><td class=\"has-text-align-center\" data-align=\"center\">1<\/td><\/tr><\/tbody><\/table><figcaption class=\"wp-element-caption\">Distribui\u00e7\u00e3o das vagas e cargos<\/figcaption><\/figure>\n\n\n\n<h3 class=\"wp-block-heading\">Concurso IFTO: remunera\u00e7\u00f5es <\/h3>\n\n\n\n<p>De acordo com o edital IFTO a remunera\u00e7\u00e3o \u00e9 de at\u00e9 R$ 10.481,64. <\/p>\n\n\n\n<h3 class=\"wp-block-heading\">TAE<\/h3>\n\n\n\n<p>A remunera\u00e7\u00e3o inicial \u00e9 a equivalente ao vencimento b\u00e1sico dos respectivos cargos, conforme classifica\u00e7\u00e3o abaixo:<\/p>\n\n\n\n<figure class=\"wp-block-table is-style-stripes\"><table class=\"has-pale-cyan-blue-background-color has-background\"><thead><tr><th class=\"has-text-align-center\" data-align=\"center\">CLASSE\/N\u00cdVEL<\/th><th class=\"has-text-align-center\" data-align=\"center\">VENCIMENTO B\u00c1SICO<\/th><\/tr><\/thead><tbody><tr><td class=\"has-text-align-center\" data-align=\"center\">DI-1<\/td><td class=\"has-text-align-center\" data-align=\"center\">R$ 2.667,19<\/td><\/tr><tr><td class=\"has-text-align-center\" data-align=\"center\">EI-1<\/td><td class=\"has-text-align-center\" data-align=\"center\">R$ 4.556,92<\/td><\/tr><\/tbody><\/table><figcaption class=\"wp-element-caption\">Remunera\u00e7\u00e3o para TAE<\/figcaption><\/figure>\n\n\n\n<h3 class=\"wp-block-heading\" id=\"h-professor\">Professor<\/h3>\n\n\n\n<p>A remunera\u00e7\u00e3o inicial da classe de Professor da Carreira de Magist\u00e9rio do Ensino B\u00e1sico, T\u00e9cnico e Tecnol\u00f3gico, em regime de trabalho de 40 horas com dedica\u00e7\u00e3o exclusiva, Classe D I, N\u00edvel 1, \u00e9 a constante do quadro abaixo:<\/p>\n\n\n\n<figure class=\"wp-block-table is-style-stripes\"><table class=\"has-pale-cyan-blue-background-color has-background\"><thead><tr><th class=\"has-text-align-center\" data-align=\"center\">TITULA\u00c7\u00c3O<\/th><th class=\"has-text-align-center\" data-align=\"center\">CLASSE\/N\u00cdVEL<\/th><th class=\"has-text-align-center\" data-align=\"center\">VB<\/th><th class=\"has-text-align-center\" data-align=\"center\">RT<\/th><th class=\"has-text-align-center\" data-align=\"center\">TOTAL<\/th><\/tr><\/thead><tbody><tr><td class=\"has-text-align-center\" data-align=\"center\">Gradua\u00e7\u00e3o<\/td><td class=\"has-text-align-center\" data-align=\"center\">DI-1<\/td><td class=\"has-text-align-center\" data-align=\"center\">R$ 4.875,18<\/td><td class=\"has-text-align-center\" data-align=\"center\">\u2013<\/td><td class=\"has-text-align-center\" data-align=\"center\">R$ 4.875,18<\/td><\/tr><tr><td class=\"has-text-align-center\" data-align=\"center\">Aperfei\u00e7oamento<\/td><td class=\"has-text-align-center\" data-align=\"center\">DI-1<\/td><td class=\"has-text-align-center\" data-align=\"center\">R$ 4.875,18<\/td><td class=\"has-text-align-center\" data-align=\"center\">R$ 487,51<\/td><td class=\"has-text-align-center\" data-align=\"center\">R$ 5.362,69<\/td><\/tr><tr><td class=\"has-text-align-center\" data-align=\"center\">Especializa\u00e7\u00e3o<\/td><td class=\"has-text-align-center\" data-align=\"center\">DI-1<\/td><td class=\"has-text-align-center\" data-align=\"center\">R$ 4.875,18<\/td><td class=\"has-text-align-center\" data-align=\"center\">R$ 975,04<\/td><td class=\"has-text-align-center\" data-align=\"center\">R$ 5.850,22<\/td><\/tr><tr><td class=\"has-text-align-center\" data-align=\"center\">Mestrado<\/td><td class=\"has-text-align-center\" data-align=\"center\">DI-1<\/td><td class=\"has-text-align-center\" data-align=\"center\">R$ 4.875,18<\/td><td class=\"has-text-align-center\" data-align=\"center\">R$ 2.437,59<\/td><td class=\"has-text-align-center\" data-align=\"center\">R$ 7.312,77<\/td><\/tr><tr><td class=\"has-text-align-center\" data-align=\"center\">Doutorado<\/td><td class=\"has-text-align-center\" data-align=\"center\">DI-1<\/td><td class=\"has-text-align-center\" data-align=\"center\">R$ 4.875,18<\/td><td class=\"has-text-align-center\" data-align=\"center\">R$ 5.606,46<\/td><td class=\"has-text-align-center\" data-align=\"center\">R$ 10.481,64<\/td><\/tr><\/tbody><\/table><figcaption class=\"wp-element-caption\">Remunera\u00e7\u00e3o para Professor 40h<\/figcaption><\/figure>\n\n\n\n<p>A remunera\u00e7\u00e3o inicial da classe de Professor da Carreira de Magist\u00e9rio do Ensino B\u00e1sico, T\u00e9cnico e Tecnol\u00f3gico em regime de trabalho de 20 (vinte) horas: remunera\u00e7\u00e3o inicial, Classe D I, n\u00edvel 1, \u00e9 a constante do quadro abaixo:<\/p>\n\n\n\n<figure class=\"wp-block-table is-style-stripes\"><table class=\"has-pale-cyan-blue-background-color has-background\"><thead><tr><th class=\"has-text-align-center\" data-align=\"center\">TITULA\u00c7\u00c3O<\/th><th class=\"has-text-align-center\" data-align=\"center\">CLASSE\/N\u00cdVEL<\/th><th class=\"has-text-align-center\" data-align=\"center\">VB<\/th><th class=\"has-text-align-center\" data-align=\"center\">RT<\/th><th class=\"has-text-align-center\" data-align=\"center\">TOTAL<\/th><\/tr><\/thead><tbody><tr><td class=\"has-text-align-center\" data-align=\"center\">Gradua\u00e7\u00e3o<\/td><td class=\"has-text-align-center\" data-align=\"center\">DI-1<\/td><td class=\"has-text-align-center\" data-align=\"center\">R$ 2.437,59<\/td><td class=\"has-text-align-center\" data-align=\"center\">\u2013<\/td><td class=\"has-text-align-center\" data-align=\"center\">R$ 2.437,59<\/td><\/tr><tr><td class=\"has-text-align-center\" data-align=\"center\">Aperfei\u00e7oamento<\/td><td class=\"has-text-align-center\" data-align=\"center\">DI-1<\/td><td class=\"has-text-align-center\" data-align=\"center\">R$ 2.437,59<\/td><td class=\"has-text-align-center\" data-align=\"center\">R$ 121,88<\/td><td class=\"has-text-align-center\" data-align=\"center\">R$ 2.559,47<\/td><\/tr><tr><td class=\"has-text-align-center\" data-align=\"center\">Especializa\u00e7\u00e3o<\/td><td class=\"has-text-align-center\" data-align=\"center\">DI-1<\/td><td class=\"has-text-align-center\" data-align=\"center\">R$ 2.437,59<\/td><td class=\"has-text-align-center\" data-align=\"center\">R$ 243,76<\/td><td class=\"has-text-align-center\" data-align=\"center\">R$ 2.681,35<\/td><\/tr><tr><td class=\"has-text-align-center\" data-align=\"center\">Mestrado<\/td><td class=\"has-text-align-center\" data-align=\"center\">DI-1<\/td><td class=\"has-text-align-center\" data-align=\"center\">R$ 2.437,59<\/td><td class=\"has-text-align-center\" data-align=\"center\">R$ 609,40<\/td><td class=\"has-text-align-center\" data-align=\"center\">R$ 3.046,99<\/td><\/tr><tr><td class=\"has-text-align-center\" data-align=\"center\">Doutorado<\/td><td class=\"has-text-align-center\" data-align=\"center\">DI-1<\/td><td class=\"has-text-align-center\" data-align=\"center\">R$ 2.437,59<\/td><td class=\"has-text-align-center\" data-align=\"center\">R$ 1.401,62<\/td><td class=\"has-text-align-center\" data-align=\"center\">R$ 3.839,21<\/td><\/tr><\/tbody><\/table><figcaption class=\"wp-element-caption\">Remunera\u00e7\u00e3o para Professor 20h<\/figcaption><\/figure>\n\n\n\n<p>O servidor poder\u00e1 ter os seguintes benef\u00edcios: aux\u00edlio-alimenta\u00e7\u00e3o, aux\u00edlio-transporte, aux\u00edlio pr\u00e9-escolar, sa\u00fade suplementar e outros, de acordo com a legisla\u00e7\u00e3o em vigor.<\/p>\n\n\n\n<h2 class=\"wp-block-heading\" id=\"h-concurso-ifto-atribuicoes\">Concurso IFTO: atribui\u00e7\u00f5es<\/h2>\n\n\n\n<h3 class=\"wp-block-heading\" id=\"h-nivel-superior\">N\u00edvel Superior<\/h3>\n\n\n\n<p><strong>Analista de Tecnologia da Informa\u00e7\u00e3o <\/strong>&#8211; Atribui\u00e7\u00f5es: Desenvolver e implantar sistemas informatizados dimensionando requisitos e funcionalidades do sistema, especificando sua arquitetura, escolhendo ferramentas de desenvolvimento, especificando programas, codificando aplicativos; administrar ambientes informatizados; prestar suporte t\u00e9cnico ao usu\u00e1rio e treinamento; elaborar documenta\u00e7\u00e3o t\u00e9cnica; estabelecer padr\u00f5es; coordenar projetos e oferecer solu\u00e7\u00f5es para ambientes informatizados; pesquisar tecnologias em inform\u00e1tica. Assessorar nas atividades de ensino, pesquisa e extens\u00e3o.<\/p>\n\n\n\n<p><strong>Assistente Social<\/strong> &#8211; Atribui\u00e7\u00f5es: Prestar servi\u00e7os sociais orientando indiv\u00edduos, fam\u00edlias, comunidade e institui\u00e7\u00f5es sobre direitos e deveres (normas, c\u00f3digos e legisla\u00e7\u00e3o), servi\u00e7os e recursos sociais e programas de educa\u00e7\u00e3o; planejar, coordenar e avaliar planos, programas e projetos sociais em diferentes \u00e1reas de atua\u00e7\u00e3o profissional (seguridade, educa\u00e7\u00e3o, trabalho, jur\u00eddica, habita\u00e7\u00e3o e outras); desempenhar tarefas administrativas e articular recursos financeiros dispon\u00edveis. Assessorar nas atividades de ensino, pesquisa e extens\u00e3o.<\/p>\n\n\n\n<p><strong>M\u00e9dico\/\u00c1rea: Cl\u00ednico Geral<\/strong> &#8211; Atribui\u00e7\u00f5es: Realizar consultas e atendimentos m\u00e9dicos; tratar pacientes; implementar a\u00e7\u00f5es para promo\u00e7\u00e3o da sa\u00fade; coordenar programas e servi\u00e7os em sa\u00fade, efetuar per\u00edcias, auditorias e sindic\u00e2ncias m\u00e9dicas; elaborar documentos e difundir conhecimentos da \u00e1rea m\u00e9dica. Assessorar nas atividades de ensino, pesquisa e extens\u00e3o.<\/p>\n\n\n\n<p><strong>T\u00e9cnico em Assuntos Educacionais <\/strong>&#8211; Atribui\u00e7\u00f5es: Coordenar as atividades de ensino, planejamento e orienta\u00e7\u00e3o, supervisionando e avaliando essas atividades para assegurar a regularidade do desenvolvimento do processo educativo; planejar, supervisionar, analisar e reformular o processo de ensino aprendizagem, tra\u00e7ando metas, estabelecendo normas, orientando e supervisionando o seu cumprimento e criando ou modificando processos educativos, em estreita articula\u00e7\u00e3o com os demais componentes do sistema educacional, para proporcionar educa\u00e7\u00e3o integral aos alunos; elaborar projetos de extens\u00e3o; realizar trabalhos estat\u00edsticos espec\u00edficos; elaborar apostilas; orientar pesquisas acad\u00eamicas; utilizar recursos de inform\u00e1tica; executar outras tarefas de mesma natureza e n\u00edvel de complexidade associadas ao ambiente organizacional. Assessorar nas atividades de ensino, pesquisa e extens\u00e3o.<\/p>\n\n\n\n<p><strong>Produtor Cultural &#8211;<\/strong> Atribui\u00e7\u00f5es: Elaborar e colaborar no planejamento e na divulga\u00e7\u00e3o de eventos culturais, art\u00edsticos e administrativos, bem como de ensino, extens\u00e3o e pesquisa. Assessorar nas atividades de ensino, pesquisa e extens\u00e3o.<\/p>\n\n\n\n<p><strong>Engenheiro Civil <\/strong>&#8211; Atribui\u00e7\u00f5es: Desenvolver projetos de engenharia; executar obras; planejar e coordenar a opera\u00e7\u00e3o e a manuten\u00e7\u00e3o; or\u00e7ar e avaliar a contrata\u00e7\u00e3o de servi\u00e7os; controlar a qualidade dos suprimentos e servi\u00e7os comprados e executados; elaborar normas e documenta\u00e7\u00e3o t\u00e9cnica; supervisionar, coordenar e dar orienta\u00e7\u00e3o t\u00e9cnica; elaborar estudos, planejamentos, projetos e especifica\u00e7\u00f5es em geral de regi\u00f5es, zonas, cidades, obras, estruturas, transporte e explora\u00e7\u00e3o de recursos naturais; realizar estudos de viabilidade t\u00e9cnico-econ\u00f4mica; prestar assist\u00eancia, assessoria e consultoria; realizar vistoria, per\u00edcia, avalia\u00e7\u00e3o, arbitramento, laudo e parecer t\u00e9cnico; desempenhar atividades de an\u00e1lise, experimenta\u00e7\u00e3o, ensaio e divulga\u00e7\u00e3o t\u00e9cnica; elaborar or\u00e7amentos; realizar atividades de padroniza\u00e7\u00e3o, mensura\u00e7\u00e3o e controle de qualidade; executar e fiscalizar obras e servi\u00e7os t\u00e9cnicos; conduzir equipe de instala\u00e7\u00e3o, montagem, opera\u00e7\u00e3o, reparo ou manuten\u00e7\u00e3o; elaborar projetos, assessorando e supervisionando a sua realiza\u00e7\u00e3o; orientar e controlar processo de produ\u00e7\u00e3o ou servi\u00e7o de manuten\u00e7\u00e3o; projetar produtos, instala\u00e7\u00f5es e sistemas; pesquisar e elaborar processos; estudar e estabelecer m\u00e9todos de utiliza\u00e7\u00e3o eficaz e econ\u00f4mica de materiais e equipamentos, bem como de gerenciamento de pessoal; utilizar recursos de inform\u00e1tica, conhecer e utilizar softwares de desenho assistido por computador (CAD); executar outras tarefas de mesma natureza e n\u00edvel de complexidade associadas ao ambiente organizacional. Assessorar nas atividades de ensino, pesquisa e extens\u00e3o.<\/p>\n\n\n\n<h3 class=\"wp-block-heading\" id=\"h-nivel-medio\">N\u00edvel M\u00e9dio<\/h3>\n\n\n\n<p><strong>Assistente em Administra\u00e7\u00e3o<\/strong> &#8211; Atribui\u00e7\u00f5es: Dar suporte administrativo e t\u00e9cnico nas \u00e1reas de recursos humanos, administra\u00e7\u00e3o, finan\u00e7as e log\u00edstica; atender usu\u00e1rios, fornecendo e recebendo informa\u00e7\u00f5es; tratar de documentos variados, cumprindo todo o procedimento necess\u00e1rio; preparar relat\u00f3rios e planilhas; executar servi\u00e7os nas \u00e1reas de escrit\u00f3rio. Assessorar nas atividades de ensino, pesquisa e extens\u00e3o.<\/p>\n\n\n\n<p><strong>T\u00e9cnico de Laborat\u00f3rio\/\u00c1rea: Processos Industriais<\/strong> &#8211; Atribui\u00e7\u00f5es: Executar trabalhos t\u00e9cnicos de laborat\u00f3rios relacionados com a \u00e1rea de atua\u00e7\u00e3o, realizando ou orientando coleta, an\u00e1lise e registros de materiais e subst\u00e2ncias atrav\u00e9s de m\u00e9todos espec\u00edficos. Assessorar nas atividades de ensino, pesquisa e extens\u00e3o.<\/p>\n\n\n\n<p><strong>T\u00e9cnico de Laborat\u00f3rio\/ \u00c1rea: Ci\u00eancias da Natureza<\/strong> &#8211; Atribui\u00e7\u00f5es: Executar trabalhos t\u00e9cnicos de laborat\u00f3rios relacionados com a \u00e1rea de atua\u00e7\u00e3o, realizando ou orientando atividades experimentais, de coleta, de an\u00e1lise e de registros de materiais e\/ou equipamentos atrav\u00e9s de m\u00e9todos espec\u00edficos. Assessorar nas atividades de ensino, pesquisa e extens\u00e3o.<\/p>\n\n\n\n<p><strong>T\u00e9cnico de Laborat\u00f3rio\/\u00c1rea: F\u00edsica <\/strong>&#8211; Atribui\u00e7\u00f5es: Executar trabalhos t\u00e9cnicos de laborat\u00f3rio relacionados com a \u00e1rea de atua\u00e7\u00e3o, realizando ou orientando coleta, an\u00e1lise e registros de materiais e subst\u00e2ncias atrav\u00e9s de m\u00e9todos espec\u00edficos. Assessorar nas atividades de ensino, pesquisa e extens\u00e3o.<\/p>\n\n\n\n<p><strong>T\u00e9cnico de Laborat\u00f3rio\/\u00c1rea: Inform\u00e1tica<\/strong> &#8211; Atribui\u00e7\u00f5es: Executar trabalhos t\u00e9cnicos de laborat\u00f3rio relacionados com a \u00e1rea de atua\u00e7\u00e3o, realizando ou orientando coleta, an\u00e1lise e registros de materiais e subst\u00e2ncias atrav\u00e9s de m\u00e9todos espec\u00edficos; administrar ambientes informatizados elaborando documenta\u00e7\u00e3o e estabelecer padr\u00f5es de ambiente informatizado; assegurar a observ\u00e2ncia aos padr\u00f5es estabelecidos; operar equipamentos de acordo com a necessidade da institui\u00e7\u00e3o; efetuar levantamentos dos materiais necess\u00e1rios ao servi\u00e7o; zelar e manter organizados os materiais e equipamentos dos laborat\u00f3rios de inform\u00e1tica; controlar a utiliza\u00e7\u00e3o e executar a manuten\u00e7\u00e3o dos equipamentos dos laborat\u00f3rios de inform\u00e1tica; prestar suporte, inclusive durante a realiza\u00e7\u00e3o das aulas; zelar pelo cumprimento das normas e rotinas dos laborat\u00f3rios; colaborar no planejamento, elabora\u00e7\u00e3o e avalia\u00e7\u00e3o dos projetos estruturais dos laborat\u00f3rios; auxiliar o corpo docente, no \u00e2mbito de sua \u00e1rea de compet\u00eancia, na elabora\u00e7\u00e3o de pareceres t\u00e9cnicos cient\u00edficos relativos \u00e0 aquisi\u00e7\u00e3o de novos equipamentos e materiais de consumo, assim como no diagn\u00f3stico das condi\u00e7\u00f5es de operacionalidade do laborat\u00f3rio; regular e monitorar o funcionamento dos equipamentos, mantendo\u2010os em condi\u00e7\u00f5es de uso; responder pelo espa\u00e7o f\u00edsico e zelar pela utiliza\u00e7\u00e3o e executar a manuten\u00e7\u00e3o dos equipamentos dos laborat\u00f3rios de inform\u00e1tica; prestar suporte, inclusive durante a realiza\u00e7\u00e3o das aulas; zelar pelo cumprimento das normas e rotinas dos laborat\u00f3rios; colaborar no planejamento, elabora\u00e7\u00e3o e avalia\u00e7\u00e3o dos projetos estruturais dos laborat\u00f3rios; auxiliar o corpo docente, no \u00e2mbito de sua \u00e1rea de compet\u00eancia, na elabora\u00e7\u00e3o de pareceres t\u00e9cnicos cient\u00edficos relativos \u00e0 aquisi\u00e7\u00e3o de novos equipamentos e materiais de consumo, assim como no diagn\u00f3stico das condi\u00e7\u00f5es de operacionalidade do laborat\u00f3rio; regular e monitorar o funcionamento dos equipamentos, mantendo\u2010os em condi\u00e7\u00f5es de uso; responder pelo espa\u00e7o f\u00edsico e zelar pela economia do material e pela conserva\u00e7\u00e3o do que for confiado \u00e0 sua guarda ou utiliza\u00e7\u00e3o. manter atualizados os documentos relativos ao Plano de Atualiza\u00e7\u00e3o de Hardware e Software dos Laborat\u00f3rios de Ensino; assistir aos pesquisadores e docentes, na \u00e1rea de sua especialidade; executar outras tarefas de mesma natureza e n\u00edvel de complexidade. Assessorar nas atividades de ensino, pesquisa e extens\u00e3o. rotinas dos laborat\u00f3rios; colaborar no planejamento, elabora\u00e7\u00e3o e avalia\u00e7\u00e3o dos projetos estruturais dos laborat\u00f3rios; auxiliar o corpo docente, no \u00e2mbito de sua \u00e1rea de compet\u00eancia, na elabora\u00e7\u00e3o de pareceres t\u00e9cnicos cient\u00edficos, relativos \u00e0 aquisi\u00e7\u00e3o de novos equipamentos e materiais de consumo, assim como no diagn\u00f3stico das condi\u00e7\u00f5es de operacionalidade do laborat\u00f3rio; regular e monitorar o funcionamento dos equipamentos, mantendo\u2010 os em condi\u00e7\u00f5es de uso; responder pelo espa\u00e7o f\u00edsico e zelar pela economia do material e pela conserva\u00e7\u00e3o do que for confiado \u00e0 sua guarda ou utiliza\u00e7\u00e3o. manter atualizados os documentos relativos ao Plano de Atualiza\u00e7\u00e3o de Hardware e Software dos Laborat\u00f3rios de Ensino; assistir aos pesquisadores e docentes, na \u00e1rea de sua especialidade; executar outras tarefas de mesma natureza e n\u00edvel de complexidade; e assessorar nas atividades de ensino, pesquisa e extens\u00e3o.<\/p>\n\n\n\n<p><strong>T\u00e9cnico de Tecnologia da Informa\u00e7\u00e3o <\/strong>&#8211; Atribui\u00e7\u00f5es: Desenvolver sistemas e aplica\u00e7\u00f5es, determinando interface gr\u00e1fica, crit\u00e9rios ergon\u00f4micos de navega\u00e7\u00e3o, montagem da estrutura de banco de dados e codifica\u00e7\u00e3o de programas; projetar, implantar e realizar manuten\u00e7\u00e3o de sistemas e aplica\u00e7\u00f5es; selecionar recursos de trabalho, tais como metodologias de desenvolvimento de sistemas, linguagem de programa\u00e7\u00e3o e ferramentas de desenvolvimento. Assessorar nas atividades de ensino, pesquisa e extens\u00e3o. especificar configura\u00e7\u00f5es de m\u00e1quinas e equipamentos (hardware); especificar m\u00e1quinas, ferramentas, acess\u00f3rios e suprimentos; compor equipe t\u00e9cnica; especificar recursos e estrat\u00e9gias de comunica\u00e7\u00e3o e comercializa\u00e7\u00e3o; solicitar consultoria t\u00e9cnica. Planejar etapas e a\u00e7\u00f5es de trabalho: definir cronograma de trabalho; reunir-se com equipe de trabalho ou cliente; definir padroniza\u00e7\u00f5es de sistemas e aplica\u00e7\u00f5es; especificar atividades e tarefas; distribuir tarefas; e assessorar nas atividades de ensino, pesquisa e extens\u00e3o.<\/p>\n\n\n\n<p><strong>T\u00e9cnico em Enfermagem <\/strong>&#8211; Atribui\u00e7\u00f5es: Desempenhar atividades t\u00e9cnicas de enfermagem: preparar e administrar medicamentos, fazer curativos simples, colher materiais para a realiza\u00e7\u00e3o de exames e executar tratamentos diversos, tais como: lavagens, aspira\u00e7\u00f5es, nebuliza\u00e7\u00f5es, controle de sinais vitais e outros; desempenhar atividades e realizar a\u00e7\u00f5es de promo\u00e7\u00e3o \u00e0 sa\u00fade e bem-estar; prestar assist\u00eancia ao paciente zelando pelo seu conforto e bem-estar; organizar o ambiente de trabalho e dar continuidade aos plant\u00f5es; trabalhar em conformidade \u00e0s boas pr\u00e1ticas, normas e procedimentos de biosseguran\u00e7a; realizar registros e elaborar relat\u00f3rios t\u00e9cnicos.<\/p>\n\n\n\n<h2 class=\"wp-block-heading\" id=\"etapas\">Etapas e provas do edital IFTO<\/h2>\n\n\n\n<p>Os candidatos passaram pelas seguintes etapas: <\/p>\n\n\n\n<ul class=\"wp-block-list\">\n<li>A prova escrita objetiva para os cargos T\u00e9cnico-Administrativos em Educa\u00e7\u00e3o ser\u00e1 composta de quest\u00f5es objetivas de conhecimentos b\u00e1sicos e espec\u00edficos, sendo realizada em uma \u00fanica fase, com dura\u00e7\u00e3o de 4 (quatro) horas, na data e no hor\u00e1rio estabelecidos no Anexo II deste edital.<\/li>\n\n\n\n<li>As provas para os cargos do Professor da carreira de Magist\u00e9rio do Ensino B\u00e1sico, T\u00e9cnico e Tecnol\u00f3gico &#8211; EBTT ser\u00e3o constitu\u00eddas por 4 (quatro) fases:\n<ul class=\"wp-block-list\">\n<li>1\u00aa fase: prova escrita dissertativa, de car\u00e1ter eliminat\u00f3rio e classificat\u00f3rio;<\/li>\n\n\n\n<li>2\u00aa fase: prova de desempenho did\u00e1tico, de car\u00e1ter eliminat\u00f3rio e classificat\u00f3rio;<\/li>\n\n\n\n<li>3\u00aa fase: projeto, de car\u00e1ter classificat\u00f3rio; e<\/li>\n\n\n\n<li>4\u00aa fase: prova de t\u00edtulos, de car\u00e1ter classificat\u00f3rio.<\/li>\n<\/ul>\n<\/li>\n<\/ul>\n\n\n\n<h3 class=\"wp-block-heading\" id=\"prova-objetiva\">Objetiva <\/h3>\n\n\n\n<p>A prova escrita constou de 50 quest\u00f5es do tipo &#8220;m\u00faltipla escolha&#8221; com as op\u00e7\u00f5es A, B, C, D e E, com dura\u00e7\u00e3o m\u00e1xima de 4 (quatro) horas.<\/p>\n\n\n\n<p>A prova escrita para todos os cargos T\u00e9cnico-Administrativos em Educa\u00e7\u00e3o do concurso teve quest\u00f5es de portugu\u00eas, fundamentos em educa\u00e7\u00e3o e legisla\u00e7\u00e3o, inform\u00e1tica e conhecimentos espec\u00edficos.<\/p>\n\n\n\n<h3 class=\"wp-block-heading\" id=\"prova-pratica\">Desempenho dissertativa<\/h3>\n\n\n\n<p>A prova dissertativa representa a 1\u00aa fase do concurso para todas as \u00e1reas de atua\u00e7\u00e3o para as vagas do cargo de Professor EBTT.<\/p>\n\n\n\n<p>A prova dissertativa, de car\u00e1ter eliminat\u00f3rio e classificat\u00f3rio, consistir\u00e1 em um exame escrito sobre 2 (dois) temas e ter\u00e1 como objetivo avaliar o desempenho do candidato nos aspectos definidos no quadro a seguir e valer\u00e1 100,00 (cem) pontos, sendo eliminado do concurso o candidato que n\u00e3o obtiver, no m\u00ednimo, 60,00 (sessenta) pontos.<\/p>\n\n\n\n<p>A Prova Dissertativa teve dura\u00e7\u00e3o de 4 (quatro) horas e ser\u00e1 aplicada no per\u00edodo matutino, na cidade de Palmas.<\/p>\n\n\n\n<h3 class=\"wp-block-heading\" id=\"h-projeto\">Projeto <\/h3>\n\n\n\n<p>O projeto teve que ser entregue \u00e0 banca avaliadora no momento da Prova Pr\u00e1tica de Desempenho Did\u00e1tico-Pedag\u00f3gico.<\/p>\n\n\n\n<p>O projeto foi avaliado em at\u00e9 30,0 (trinta) pontos, considerando-se os crit\u00e9rios do quadro a seguir, e foi submetido, por escrito, \u00e0 aprecia\u00e7\u00e3o da banca avaliadora e defendido oralmente em sess\u00e3o p\u00fablica, logo ap\u00f3s a Prova Pr\u00e1tica de Desempenho Did\u00e1tico-Pedag\u00f3gico.<\/p>\n\n\n\n<p>O candidato teve 10 (dez) minutos para apresenta\u00e7\u00e3o do projeto e, posteriormente, ser\u00e1 realizada argui\u00e7\u00e3o pela banca examinadora.<\/p>\n\n\n\n<h3 class=\"wp-block-heading\" id=\"avaliacao\">Avalia\u00e7\u00e3o de T\u00edtulos<\/h3>\n\n\n\n<p>A Prova de T\u00edtulos teve car\u00e1ter classificat\u00f3rio, no valor de 100 (cem) pontos, e foi constitu\u00edda da avalia\u00e7\u00e3o do curr\u00edculo do candidato, considerando-se a titula\u00e7\u00e3o acad\u00eamica, a experi\u00eancia de ensino e a produ\u00e7\u00e3o cient\u00edfica.<\/p>\n\n\n\n<h2 class=\"wp-block-heading\" id=\"h-ultimo-concurso-ifto\">\u00daltimo concurso IFTO<\/h2>\n\n\n\n<p>Em 2022, foram ofertadas <strong>56 vagas<\/strong> para os cargos de T\u00e9cnico Administrativo em Educa\u00e7\u00e3o e Professor de Ensino B\u00e1sico, T\u00e9cnico e Tecn\u00f3logo, de n\u00edveis m\u00e9dio e superior de forma\u00e7\u00e3o, com sal\u00e1rios iniciais que variam entre <strong>R$ 2.236,32<\/strong> e <strong>R$ 9.616,18<\/strong>.<\/p>\n\n\n\n<h2 class=\"wp-block-heading has-text-align-center\" id=\"cursos\">Quer saber tudo sobre concursos previstos?<br \/><strong>Confira nossos artigos!<\/strong><\/h2>\n\n\n\n<ul class=\"wp-block-list\">\n<li><a href=\"https:\/\/www.estrategiaconcursos.com.br\/blog\/concursos-abertos\/\" target=\"_blank\" rel=\"noreferrer noopener\">Concursos abertos<\/a><\/li>\n\n\n\n<li><a href=\"https:\/\/www.estrategiaconcursos.com.br\/blog\/concursos-educacao\/\">Concursos educa\u00e7\u00e3o<\/a><\/li>\n\n\n\n<li><a href=\"https:\/\/www.estrategiaconcursos.com.br\/blog\/concursos-2024\/\" target=\"_blank\" rel=\"noreferrer noopener\">Concursos 2024<\/a><\/li>\n\n\n\n<li><a href=\"https:\/\/www.estrategiaconcursos.com.br\/blog\/concursos-2025\/\">Concursos 2025<\/a><\/li>\n<\/ul>\n\n\n\n<h2 class=\"wp-block-heading has-text-align-center\" id=\"curso\">Quer estudar para o concurso IFTO?<\/h2>\n\n\n\n<p class=\"has-text-align-center\">Gostou desta oportunidade e deseja come\u00e7ar se preparar agora mesmo? <br \/>Ent\u00e3o, confira os nossos cursos e comece a estudar:<\/p>\n\n\n\n<div class=\"col-sm\">\n      <div class=\"banner-estrategia\" id=\"box-assinatura\">\n        <h3 class=\"titulo-assinatura\">Cursos para IFTO<\/h3>\n        <p class=\"subtitulo-assinatura\">Conhe\u00e7a os cursos<\/p>\n        <div class=\"box-botao\">\n          <a class=\"btn-assinatura\" target=\"_blank\" href=\"https:\/\/www.estrategiaconcursos.com.br\/cursosPorConcurso\/instituto-federal-do-tocantins-ifto\/\" role=\"button\" rel=\"noopener noreferrer\">Conhe\u00e7a mais<\/a>\n        <\/div>\n      <\/div>\n      <p class=\"texto-auxiliar\">Prepare-se com o melhor material e com quem mais aprova em Concursos P\u00fablicos em todo o pa\u00eds.<\/p>\n    <\/div>\n\n\n\n<div class=\"container\" id=\"boxes\">\n  <div class=\"row\">\n\n    <div class=\"col-sm\">\n      <div class=\"estrategia\" id=\"box-assinatura\">\n        <h3 class=\"titulo-assinatura\">Assinatura Concursos<\/h3>\n        <p class=\"subtitulo-assinatura\">Assinatura de 1 ano ou 2 anos<\/p>\n        <div class=\"box-botao\">\n          <a class=\"btn-assinatura\" target=\"_blank\" href=\"https:\/\/www.estrategiaconcursos.com.br\/assinaturas\/\" role=\"button\" rel=\"noopener noreferrer\">ASSINE AGORA<\/a>\n        <\/div>\n      <\/div>\n     \n    <\/div><\/div><\/div>\n\n\n\n<figure class=\"wp-block-image size-large is-resized\"><img loading=\"lazy\" decoding=\"async\" width=\"1024\" height=\"632\" src=\"https:\/\/dhg1h5j42swfq.cloudfront.net\/2025\/06\/27101122\/ficha-tecnica-1-1024x632.png\" alt=\"Informa\u00e7\u00f5es do edital IFTO\" class=\"wp-image-702728\" style=\"width:269px;height:166px\" srcset=\"https:\/\/dhg1h5j42swfq.cloudfront.net\/2025\/06\/27101122\/ficha-tecnica-1-1024x632.png 1024w, https:\/\/dhg1h5j42swfq.cloudfront.net\/2025\/06\/27101122\/ficha-tecnica-1-300x185.png 300w, https:\/\/dhg1h5j42swfq.cloudfront.net\/2025\/06\/27101122\/ficha-tecnica-1-768x474.png 768w, https:\/\/dhg1h5j42swfq.cloudfront.net\/2025\/06\/27101122\/ficha-tecnica-1-1536x948.png 1536w, https:\/\/dhg1h5j42swfq.cloudfront.net\/2025\/06\/27101122\/ficha-tecnica-1-610x377.png 610w, https:\/\/dhg1h5j42swfq.cloudfront.net\/2025\/06\/27101122\/ficha-tecnica-1.png 1571w\" sizes=\"auto, (max-width: 1024px) 100vw, 1024px\" \/><\/figure>\n\n\n\n<h3 class=\"wp-block-heading\" id=\"block-ba1614b5-988b-41ef-892d-f4c9f7e9dd42\">Informa\u00e7\u00f5es do Concurso IFTO<\/h3>\n\n\n\n<ul class=\"wp-block-list\">\n<li><strong>Provas<\/strong>: \n<ul class=\"wp-block-list\">\n<li>Realiza\u00e7\u00e3o da Prova Dissertativa \u2013 Professor EBTT: 22\/09<\/li>\n\n\n\n<li>Realiza\u00e7\u00e3o da Prova Escrita \u2013 TAE: 13\/10<\/li>\n<\/ul>\n<\/li>\n\n\n\n<li><strong>Vagas<\/strong>: 51 + CR<\/li>\n\n\n\n<li><strong>Cargos<\/strong>: diversos <\/li>\n\n\n\n<li><strong>Banca<\/strong>: <a href=\"https:\/\/www.ifto.edu.br\/editais\/concurso\" target=\"_blank\" rel=\"noreferrer noopener\">comiss\u00e3o pr\u00f3pria<\/a><\/li>\n\n\n\n<li><strong>Escolaridade<\/strong>: m\u00e9dio e superior <\/li>\n\n\n\n<li><strong>Edital<\/strong>:&nbsp;<a href=\"https:\/\/dhg1h5j42swfq.cloudfront.net\/2024\/08\/13055858\/ifto.pdf\" target=\"_blank\" rel=\"noreferrer noopener\">IFTO<\/a><\/li>\n<\/ul>\n","protected":false},"excerpt":{"rendered":"<p>O Instituto Federal de Educa\u00e7\u00e3o, Ci\u00eancia e Tecnologia do Tocantins homologou o resultado o final do seu edital de concurso p\u00fablico! Com a homologa\u00e7\u00e3o, os aprovados j\u00e1 podem ser convocados. O edital ofertou 52 vagas, sendo: As oportunidades s\u00e3o de n\u00edveis m\u00e9dio e superior de forma\u00e7\u00e3o com sal\u00e1rios que podem chegar at\u00e9 R$ 10.481,64, a [&hellip;]<\/p>\n","protected":false},"author":1,"featured_media":872626,"comment_status":"open","ping_status":"closed","sticky":false,"template":"","format":"standard","meta":{"post_tipo":"news_page","footnotes":""},"categories":[1,3766,214992],"tags":[],"tax_estado":[219990],"class_list":["post-859809","post","type-post","status-publish","format-standard","has-post-thumbnail","hentry","category-cursos-e-concursos","category-educacional","category-concursos-administrativos","tax_estado-to"],"acf":[],"yoast_head":"<!-- This site is optimized with the Yoast SEO Premium plugin v27.2 (Yoast SEO v27.2) - https:\/\/yoast.com\/product\/yoast-seo-premium-wordpress\/ -->\n<title>Concurso IFTO: resultado final homologado!<\/title>\n<meta name=\"description\" content=\"Concurso IFTO: edital ofertou 52 vagas + CR para cargos de n\u00edveis m\u00e9dio e superior. Resultado final foi homologado!\" \/>\n<meta name=\"robots\" content=\"index, follow, max-snippet:-1, max-image-preview:large, max-video-preview:-1\" \/>\n<link rel=\"canonical\" href=\"https:\/\/www.estrategiaconcursos.com.br\/blog\/concurso-ifto\/\" \/>\n<meta property=\"og:locale\" content=\"pt_BR\" \/>\n<meta property=\"og:type\" content=\"article\" \/>\n<meta property=\"og:title\" content=\"Concurso IFTO: resultado final homologado!\" \/>\n<meta property=\"og:description\" content=\"Concurso IFTO: edital ofertou 52 vagas + CR para cargos de n\u00edveis m\u00e9dio e superior. Resultado final foi homologado!\" \/>\n<meta property=\"og:url\" content=\"https:\/\/www.estrategiaconcursos.com.br\/blog\/concurso-ifto\/\" \/>\n<meta property=\"og:site_name\" content=\"Estrat\u00e9gia Concursos\" \/>\n<meta property=\"article:author\" content=\"https:\/\/www.facebook.com\/EstrategiaConcursos\" \/>\n<meta property=\"article:published_time\" content=\"2024-11-28T12:31:00+00:00\" \/>\n<meta property=\"article:modified_time\" content=\"2024-11-28T14:26:49+00:00\" \/>\n<meta property=\"og:image\" content=\"https:\/\/dhg1h5j42swfq.cloudfront.net\/2021\/09\/28171853\/ifto-1.jpeg\" \/>\n\t<meta property=\"og:image:width\" content=\"768\" \/>\n\t<meta property=\"og:image:height\" content=\"432\" \/>\n\t<meta property=\"og:image:type\" content=\"image\/jpeg\" \/>\n<meta name=\"author\" content=\"Coordena\u00e7\u00e3o\" \/>\n<meta name=\"twitter:card\" content=\"summary_large_image\" \/>\n<meta name=\"twitter:creator\" content=\"@EstratConcursos\" \/>\n<meta name=\"twitter:site\" content=\"@EstratConcursos\" \/>\n<meta name=\"twitter:label1\" content=\"Escrito por\" \/>\n\t<meta name=\"twitter:data1\" content=\"Coordena\u00e7\u00e3o\" \/>\n\t<meta name=\"twitter:label2\" content=\"Est. tempo de leitura\" \/>\n\t<meta name=\"twitter:data2\" content=\"6 minutos\" \/>\n<script type=\"application\/ld+json\" class=\"yoast-schema-graph\">{\"@context\":\"https:\/\/schema.org\",\"@graph\":[{\"@type\":\"NewsArticle\",\"@id\":\"https:\/\/www.estrategiaconcursos.com.br\/blog\/concurso-ifto\/#article\",\"isPartOf\":{\"@id\":\"https:\/\/www.estrategiaconcursos.com.br\/blog\/concurso-ifto\/\"},\"author\":{\"name\":\"Coordena\u00e7\u00e3o\",\"@id\":\"https:\/\/www.estrategiaconcursos.com.br\/blog\/#\/schema\/person\/b4a388c97673c5f483d72185668afa1f\"},\"headline\":\"Concurso IFTO: resultado final homologado!\",\"datePublished\":\"2024-11-28T12:31:00+00:00\",\"dateModified\":\"2024-11-28T14:26:49+00:00\",\"mainEntityOfPage\":{\"@id\":\"https:\/\/www.estrategiaconcursos.com.br\/blog\/concurso-ifto\/\"},\"wordCount\":2930,\"commentCount\":0,\"publisher\":{\"@id\":\"https:\/\/www.estrategiaconcursos.com.br\/blog\/#organization\"},\"image\":{\"@id\":\"https:\/\/www.estrategiaconcursos.com.br\/blog\/concurso-ifto\/#primaryimage\"},\"thumbnailUrl\":\"https:\/\/dhg1h5j42swfq.cloudfront.net\/2021\/09\/28171853\/ifto-1.jpeg\",\"articleSection\":[\"Concursos P\u00fablicos\",\"Educa\u00e7\u00e3o\",\"Executivo (Administrativa)\"],\"inLanguage\":\"pt-BR\",\"potentialAction\":[{\"@type\":\"CommentAction\",\"name\":\"Comment\",\"target\":[\"https:\/\/www.estrategiaconcursos.com.br\/blog\/concurso-ifto\/#respond\"]}],\"copyrightYear\":\"2024\",\"copyrightHolder\":{\"@id\":\"https:\/\/www.estrategiaconcursos.com.br\/blog\/#organization\"}},{\"@type\":\"WebPage\",\"@id\":\"https:\/\/www.estrategiaconcursos.com.br\/blog\/concurso-ifto\/\",\"url\":\"https:\/\/www.estrategiaconcursos.com.br\/blog\/concurso-ifto\/\",\"name\":\"Concurso IFTO: resultado final homologado!\",\"isPartOf\":{\"@id\":\"https:\/\/www.estrategiaconcursos.com.br\/blog\/#website\"},\"primaryImageOfPage\":{\"@id\":\"https:\/\/www.estrategiaconcursos.com.br\/blog\/concurso-ifto\/#primaryimage\"},\"image\":{\"@id\":\"https:\/\/www.estrategiaconcursos.com.br\/blog\/concurso-ifto\/#primaryimage\"},\"thumbnailUrl\":\"https:\/\/dhg1h5j42swfq.cloudfront.net\/2021\/09\/28171853\/ifto-1.jpeg\",\"datePublished\":\"2024-11-28T12:31:00+00:00\",\"dateModified\":\"2024-11-28T14:26:49+00:00\",\"description\":\"Concurso IFTO: edital ofertou 52 vagas + CR para cargos de n\u00edveis m\u00e9dio e superior. Resultado final foi homologado!\",\"breadcrumb\":{\"@id\":\"https:\/\/www.estrategiaconcursos.com.br\/blog\/concurso-ifto\/#breadcrumb\"},\"inLanguage\":\"pt-BR\",\"potentialAction\":[{\"@type\":\"ReadAction\",\"target\":[\"https:\/\/www.estrategiaconcursos.com.br\/blog\/concurso-ifto\/\"]}]},{\"@type\":\"ImageObject\",\"inLanguage\":\"pt-BR\",\"@id\":\"https:\/\/www.estrategiaconcursos.com.br\/blog\/concurso-ifto\/#primaryimage\",\"url\":\"https:\/\/dhg1h5j42swfq.cloudfront.net\/2021\/09\/28171853\/ifto-1.jpeg\",\"contentUrl\":\"https:\/\/dhg1h5j42swfq.cloudfront.net\/2021\/09\/28171853\/ifto-1.jpeg\",\"width\":768,\"height\":432},{\"@type\":\"BreadcrumbList\",\"@id\":\"https:\/\/www.estrategiaconcursos.com.br\/blog\/concurso-ifto\/#breadcrumb\",\"itemListElement\":[{\"@type\":\"ListItem\",\"position\":1,\"name\":\"In\u00edcio\",\"item\":\"https:\/\/www.estrategiaconcursos.com.br\/blog\/\"},{\"@type\":\"ListItem\",\"position\":2,\"name\":\"Concurso IFTO: resultado final homologado!\"}]},{\"@type\":\"WebSite\",\"@id\":\"https:\/\/www.estrategiaconcursos.com.br\/blog\/#website\",\"url\":\"https:\/\/www.estrategiaconcursos.com.br\/blog\/\",\"name\":\"Estrat\u00e9gia Concursos\",\"description\":\"O blog da Estrat\u00e9gia Concursos traz not\u00edcias sobre concursos e artigos de professores oferecendo cursos para concursos (pdf + videaulas) no site.\",\"publisher\":{\"@id\":\"https:\/\/www.estrategiaconcursos.com.br\/blog\/#organization\"},\"potentialAction\":[{\"@type\":\"SearchAction\",\"target\":{\"@type\":\"EntryPoint\",\"urlTemplate\":\"https:\/\/www.estrategiaconcursos.com.br\/blog\/?s={search_term_string}\"},\"query-input\":{\"@type\":\"PropertyValueSpecification\",\"valueRequired\":true,\"valueName\":\"search_term_string\"}}],\"inLanguage\":\"pt-BR\"},{\"@type\":\"Organization\",\"@id\":\"https:\/\/www.estrategiaconcursos.com.br\/blog\/#organization\",\"name\":\"Estrat\u00e9gia Concursos\",\"url\":\"https:\/\/www.estrategiaconcursos.com.br\/blog\/\",\"logo\":{\"@type\":\"ImageObject\",\"inLanguage\":\"pt-BR\",\"@id\":\"https:\/\/www.estrategiaconcursos.com.br\/blog\/#\/schema\/logo\/image\/\",\"url\":\"https:\/\/dhg1h5j42swfq.cloudfront.net\/2025\/06\/03203428\/logo_concursos-1.jpg\",\"contentUrl\":\"https:\/\/dhg1h5j42swfq.cloudfront.net\/2025\/06\/03203428\/logo_concursos-1.jpg\",\"width\":230,\"height\":60,\"caption\":\"Estrat\u00e9gia Concursos\"},\"image\":{\"@id\":\"https:\/\/www.estrategiaconcursos.com.br\/blog\/#\/schema\/logo\/image\/\"},\"sameAs\":[\"https:\/\/x.com\/EstratConcursos\"]},{\"@type\":\"Person\",\"@id\":\"https:\/\/www.estrategiaconcursos.com.br\/blog\/#\/schema\/person\/b4a388c97673c5f483d72185668afa1f\",\"name\":\"Coordena\u00e7\u00e3o\",\"image\":{\"@type\":\"ImageObject\",\"inLanguage\":\"pt-BR\",\"@id\":\"https:\/\/secure.gravatar.com\/avatar\/b720319e4c9a967eb58678d110f4fe35452fc5d5f97b202bac7b8acceb18c6ad?s=96&d=mm&r=g\",\"url\":\"https:\/\/secure.gravatar.com\/avatar\/b720319e4c9a967eb58678d110f4fe35452fc5d5f97b202bac7b8acceb18c6ad?s=96&d=mm&r=g\",\"contentUrl\":\"https:\/\/secure.gravatar.com\/avatar\/b720319e4c9a967eb58678d110f4fe35452fc5d5f97b202bac7b8acceb18c6ad?s=96&d=mm&r=g\",\"caption\":\"Coordena\u00e7\u00e3o\"},\"sameAs\":[\"https:\/\/www.facebook.com\/EstrategiaConcursos\",\"https:\/\/x.com\/EstratConcursos\"],\"url\":\"https:\/\/www.estrategiaconcursos.com.br\/blog\/author\/estrategia2013\/\"}]}<\/script>\n<!-- \/ Yoast SEO Premium plugin. -->","yoast_head_json":{"title":"Concurso IFTO: resultado final homologado!","description":"Concurso IFTO: edital ofertou 52 vagas + CR para cargos de n\u00edveis m\u00e9dio e superior. Resultado final foi homologado!","robots":{"index":"index","follow":"follow","max-snippet":"max-snippet:-1","max-image-preview":"max-image-preview:large","max-video-preview":"max-video-preview:-1"},"canonical":"https:\/\/www.estrategiaconcursos.com.br\/blog\/concurso-ifto\/","og_locale":"pt_BR","og_type":"article","og_title":"Concurso IFTO: resultado final homologado!","og_description":"Concurso IFTO: edital ofertou 52 vagas + CR para cargos de n\u00edveis m\u00e9dio e superior. Resultado final foi homologado!","og_url":"https:\/\/www.estrategiaconcursos.com.br\/blog\/concurso-ifto\/","og_site_name":"Estrat\u00e9gia Concursos","article_author":"https:\/\/www.facebook.com\/EstrategiaConcursos","article_published_time":"2024-11-28T12:31:00+00:00","article_modified_time":"2024-11-28T14:26:49+00:00","og_image":[{"width":768,"height":432,"url":"https:\/\/dhg1h5j42swfq.cloudfront.net\/2021\/09\/28171853\/ifto-1.jpeg","type":"image\/jpeg"}],"author":"Coordena\u00e7\u00e3o","twitter_card":"summary_large_image","twitter_creator":"@EstratConcursos","twitter_site":"@EstratConcursos","twitter_misc":{"Escrito por":"Coordena\u00e7\u00e3o","Est. tempo de leitura":"6 minutos"},"schema":{"@context":"https:\/\/schema.org","@graph":[{"@type":"NewsArticle","@id":"https:\/\/www.estrategiaconcursos.com.br\/blog\/concurso-ifto\/#article","isPartOf":{"@id":"https:\/\/www.estrategiaconcursos.com.br\/blog\/concurso-ifto\/"},"author":{"name":"Coordena\u00e7\u00e3o","@id":"https:\/\/www.estrategiaconcursos.com.br\/blog\/#\/schema\/person\/b4a388c97673c5f483d72185668afa1f"},"headline":"Concurso IFTO: resultado final homologado!","datePublished":"2024-11-28T12:31:00+00:00","dateModified":"2024-11-28T14:26:49+00:00","mainEntityOfPage":{"@id":"https:\/\/www.estrategiaconcursos.com.br\/blog\/concurso-ifto\/"},"wordCount":2930,"commentCount":0,"publisher":{"@id":"https:\/\/www.estrategiaconcursos.com.br\/blog\/#organization"},"image":{"@id":"https:\/\/www.estrategiaconcursos.com.br\/blog\/concurso-ifto\/#primaryimage"},"thumbnailUrl":"https:\/\/dhg1h5j42swfq.cloudfront.net\/2021\/09\/28171853\/ifto-1.jpeg","articleSection":["Concursos P\u00fablicos","Educa\u00e7\u00e3o","Executivo (Administrativa)"],"inLanguage":"pt-BR","potentialAction":[{"@type":"CommentAction","name":"Comment","target":["https:\/\/www.estrategiaconcursos.com.br\/blog\/concurso-ifto\/#respond"]}],"copyrightYear":"2024","copyrightHolder":{"@id":"https:\/\/www.estrategiaconcursos.com.br\/blog\/#organization"}},{"@type":"WebPage","@id":"https:\/\/www.estrategiaconcursos.com.br\/blog\/concurso-ifto\/","url":"https:\/\/www.estrategiaconcursos.com.br\/blog\/concurso-ifto\/","name":"Concurso IFTO: resultado final homologado!","isPartOf":{"@id":"https:\/\/www.estrategiaconcursos.com.br\/blog\/#website"},"primaryImageOfPage":{"@id":"https:\/\/www.estrategiaconcursos.com.br\/blog\/concurso-ifto\/#primaryimage"},"image":{"@id":"https:\/\/www.estrategiaconcursos.com.br\/blog\/concurso-ifto\/#primaryimage"},"thumbnailUrl":"https:\/\/dhg1h5j42swfq.cloudfront.net\/2021\/09\/28171853\/ifto-1.jpeg","datePublished":"2024-11-28T12:31:00+00:00","dateModified":"2024-11-28T14:26:49+00:00","description":"Concurso IFTO: edital ofertou 52 vagas + CR para cargos de n\u00edveis m\u00e9dio e superior. Resultado final foi homologado!","breadcrumb":{"@id":"https:\/\/www.estrategiaconcursos.com.br\/blog\/concurso-ifto\/#breadcrumb"},"inLanguage":"pt-BR","potentialAction":[{"@type":"ReadAction","target":["https:\/\/www.estrategiaconcursos.com.br\/blog\/concurso-ifto\/"]}]},{"@type":"ImageObject","inLanguage":"pt-BR","@id":"https:\/\/www.estrategiaconcursos.com.br\/blog\/concurso-ifto\/#primaryimage","url":"https:\/\/dhg1h5j42swfq.cloudfront.net\/2021\/09\/28171853\/ifto-1.jpeg","contentUrl":"https:\/\/dhg1h5j42swfq.cloudfront.net\/2021\/09\/28171853\/ifto-1.jpeg","width":768,"height":432},{"@type":"BreadcrumbList","@id":"https:\/\/www.estrategiaconcursos.com.br\/blog\/concurso-ifto\/#breadcrumb","itemListElement":[{"@type":"ListItem","position":1,"name":"In\u00edcio","item":"https:\/\/www.estrategiaconcursos.com.br\/blog\/"},{"@type":"ListItem","position":2,"name":"Concurso IFTO: resultado final homologado!"}]},{"@type":"WebSite","@id":"https:\/\/www.estrategiaconcursos.com.br\/blog\/#website","url":"https:\/\/www.estrategiaconcursos.com.br\/blog\/","name":"Estrat\u00e9gia Concursos","description":"O blog da Estrat\u00e9gia Concursos traz not\u00edcias sobre concursos e artigos de professores oferecendo cursos para concursos (pdf + videaulas) no site.","publisher":{"@id":"https:\/\/www.estrategiaconcursos.com.br\/blog\/#organization"},"potentialAction":[{"@type":"SearchAction","target":{"@type":"EntryPoint","urlTemplate":"https:\/\/www.estrategiaconcursos.com.br\/blog\/?s={search_term_string}"},"query-input":{"@type":"PropertyValueSpecification","valueRequired":true,"valueName":"search_term_string"}}],"inLanguage":"pt-BR"},{"@type":"Organization","@id":"https:\/\/www.estrategiaconcursos.com.br\/blog\/#organization","name":"Estrat\u00e9gia Concursos","url":"https:\/\/www.estrategiaconcursos.com.br\/blog\/","logo":{"@type":"ImageObject","inLanguage":"pt-BR","@id":"https:\/\/www.estrategiaconcursos.com.br\/blog\/#\/schema\/logo\/image\/","url":"https:\/\/dhg1h5j42swfq.cloudfront.net\/2025\/06\/03203428\/logo_concursos-1.jpg","contentUrl":"https:\/\/dhg1h5j42swfq.cloudfront.net\/2025\/06\/03203428\/logo_concursos-1.jpg","width":230,"height":60,"caption":"Estrat\u00e9gia Concursos"},"image":{"@id":"https:\/\/www.estrategiaconcursos.com.br\/blog\/#\/schema\/logo\/image\/"},"sameAs":["https:\/\/x.com\/EstratConcursos"]},{"@type":"Person","@id":"https:\/\/www.estrategiaconcursos.com.br\/blog\/#\/schema\/person\/b4a388c97673c5f483d72185668afa1f","name":"Coordena\u00e7\u00e3o","image":{"@type":"ImageObject","inLanguage":"pt-BR","@id":"https:\/\/secure.gravatar.com\/avatar\/b720319e4c9a967eb58678d110f4fe35452fc5d5f97b202bac7b8acceb18c6ad?s=96&d=mm&r=g","url":"https:\/\/secure.gravatar.com\/avatar\/b720319e4c9a967eb58678d110f4fe35452fc5d5f97b202bac7b8acceb18c6ad?s=96&d=mm&r=g","contentUrl":"https:\/\/secure.gravatar.com\/avatar\/b720319e4c9a967eb58678d110f4fe35452fc5d5f97b202bac7b8acceb18c6ad?s=96&d=mm&r=g","caption":"Coordena\u00e7\u00e3o"},"sameAs":["https:\/\/www.facebook.com\/EstrategiaConcursos","https:\/\/x.com\/EstratConcursos"],"url":"https:\/\/www.estrategiaconcursos.com.br\/blog\/author\/estrategia2013\/"}]}},"_links":{"self":[{"href":"https:\/\/www.estrategiaconcursos.com.br\/blog\/wp-json\/wp\/v2\/posts\/859809","targetHints":{"allow":["GET"]}}],"collection":[{"href":"https:\/\/www.estrategiaconcursos.com.br\/blog\/wp-json\/wp\/v2\/posts"}],"about":[{"href":"https:\/\/www.estrategiaconcursos.com.br\/blog\/wp-json\/wp\/v2\/types\/post"}],"author":[{"embeddable":true,"href":"https:\/\/www.estrategiaconcursos.com.br\/blog\/wp-json\/wp\/v2\/users\/1"}],"replies":[{"embeddable":true,"href":"https:\/\/www.estrategiaconcursos.com.br\/blog\/wp-json\/wp\/v2\/comments?post=859809"}],"version-history":[{"count":71,"href":"https:\/\/www.estrategiaconcursos.com.br\/blog\/wp-json\/wp\/v2\/posts\/859809\/revisions"}],"predecessor-version":[{"id":1496524,"href":"https:\/\/www.estrategiaconcursos.com.br\/blog\/wp-json\/wp\/v2\/posts\/859809\/revisions\/1496524"}],"wp:featuredmedia":[{"embeddable":true,"href":"https:\/\/www.estrategiaconcursos.com.br\/blog\/wp-json\/wp\/v2\/media\/872626"}],"wp:attachment":[{"href":"https:\/\/www.estrategiaconcursos.com.br\/blog\/wp-json\/wp\/v2\/media?parent=859809"}],"wp:term":[{"taxonomy":"category","embeddable":true,"href":"https:\/\/www.estrategiaconcursos.com.br\/blog\/wp-json\/wp\/v2\/categories?post=859809"},{"taxonomy":"post_tag","embeddable":true,"href":"https:\/\/www.estrategiaconcursos.com.br\/blog\/wp-json\/wp\/v2\/tags?post=859809"},{"taxonomy":"tax_estado","embeddable":true,"href":"https:\/\/www.estrategiaconcursos.com.br\/blog\/wp-json\/wp\/v2\/tax_estado?post=859809"}],"curies":[{"name":"wp","href":"https:\/\/api.w.org\/{rel}","templated":true}]}}