{"id":85954,"date":"2017-08-20T23:07:39","date_gmt":"2017-08-21T02:07:39","guid":{"rendered":"https:\/\/www.estrategiaconcursos.com.br\/blog\/?p=85954"},"modified":"2018-10-23T18:44:16","modified_gmt":"2018-10-23T21:44:16","slug":"gabarito-extraoficial-direito-administrativo-treba-tjaa","status":"publish","type":"post","link":"https:\/\/www.estrategiaconcursos.com.br\/blog\/gabarito-extraoficial-direito-administrativo-treba-tjaa\/","title":{"rendered":"Gabarito Extraoficial &#8211; Direito Administrativo &#8211; TRE\/BA &#8211; TJAA"},"content":{"rendered":"<p style=\"text-align: justify;\">Ol\u00e1 pessoal,<\/p>\n<p style=\"text-align: justify;\">Segue meu <span style=\"text-decoration: underline;\"><strong>gabarito extraoficial<\/strong><\/span> para as quest\u00f5es de Direito Administrativo da prova do TRE-BA, cargo <strong>TJAA<\/strong>.<\/p>\n<p style=\"text-align: justify;\">Na minha avalia\u00e7\u00e3o, o n\u00edvel de dificuldade da prova foi de m\u00e9dio a dif\u00edcil.<\/p>\n<p style=\"text-align: justify;\">Ressalto que podem ocorrer diverg\u00eancias em rela\u00e7\u00e3o ao gabarito preliminar a ser publicado pelo Cespe, pois algumas quest\u00f5es, a meu ver, permitem mais de uma interpreta\u00e7\u00e3o.<\/p>\n<p style=\"text-align: justify;\">Vamos l\u00e1!<\/p>\n<p style=\"text-align: justify;\"><a href=\"https:\/\/dhg1h5j42swfq.cloudfront.net\/2017\/08\/20184004\/Q21.png\"><img loading=\"lazy\" decoding=\"async\" class=\" wp-image-85960\" src=\"https:\/\/dhg1h5j42swfq.cloudfront.net\/2017\/08\/20184004\/Q21.png\" alt=\"\" width=\"511\" height=\"332\" srcset=\"https:\/\/dhg1h5j42swfq.cloudfront.net\/2017\/08\/20184004\/Q21.png 734w, https:\/\/dhg1h5j42swfq.cloudfront.net\/2017\/08\/20184004\/Q21.png 300w, https:\/\/dhg1h5j42swfq.cloudfront.net\/2017\/08\/20184004\/Q21.png 610w\" sizes=\"auto, (max-width: 511px) 100vw, 511px\" \/><\/a><\/p>\n<p><span style=\"text-decoration: underline;\">Coment\u00e1rios:<\/span> Trata-se da defini\u00e7\u00e3o doutrin\u00e1ria de atos vinculados.<\/p>\n<p><strong>Gabarito extraoficial: alternativa &#8220;c&#8221;<\/strong><\/p>\n<p>&nbsp;<\/p>\n<p style=\"text-align: justify;\"><a href=\"https:\/\/dhg1h5j42swfq.cloudfront.net\/2017\/08\/20183419\/Q22.png\"><img loading=\"lazy\" decoding=\"async\" class=\" wp-image-85957\" src=\"https:\/\/dhg1h5j42swfq.cloudfront.net\/2017\/08\/20183419\/Q22.png\" alt=\"\" width=\"454\" height=\"505\" srcset=\"https:\/\/dhg1h5j42swfq.cloudfront.net\/2017\/08\/20183419\/Q22.png 748w, https:\/\/dhg1h5j42swfq.cloudfront.net\/2017\/08\/20183419\/Q22.png 270w, https:\/\/dhg1h5j42swfq.cloudfront.net\/2017\/08\/20183419\/Q22.png 610w\" sizes=\"auto, (max-width: 454px) 100vw, 454px\" \/><\/a><\/p>\n<p style=\"text-align: justify;\"><span style=\"text-decoration: underline;\">Coment\u00e1rios<\/span>:<\/p>\n<p style=\"text-align: justify;\">a) ERRADA. O administrado n\u00e3o \u00e9 obrigado a se representar por advogado.<\/p>\n<p style=\"text-align: justify;\">b) ERRADA. O administrado tem o direito de\u00a0formular alega\u00e7\u00f5es e apresentar documentos <strong>antes<\/strong> da decis\u00e3o (e n\u00e3o depois), os quais ser\u00e3o objeto de considera\u00e7\u00e3o pelo \u00f3rg\u00e3o competente (Lei 9.784, art. 3\u00ba).<\/p>\n<p style=\"text-align: justify;\">c) ERRADA. A Administra\u00e7\u00e3o \u00e9 obrigada a se manifestar sobre as reclama\u00e7\u00f5es dos administrados (Lei 9.784\/99, art. 48).<\/p>\n<p style=\"text-align: justify;\">d) CERTA. A banca formulou a quest\u00e3o com base no art. 46 da Lei 9.784\/99:<\/p>\n<blockquote><p><i>Art<\/i><i>. 46. Os interessados t\u00eam direito \u00e0 vista do processo e a obter certid\u00f5es ou c\u00f3pias reprogr\u00e1ficas dos dados e documentos que o integram, <\/i><b><i>ressalvados os dados e documentos de <\/i><\/b><u><b><i>terceiros<\/i><\/b><\/u><b><i> protegidos por sigilo <\/i><\/b><i>ou pelo direito \u00e0 privacidade, \u00e0 honra e \u00e0 imagem.<\/i><\/p><\/blockquote>\n<p style=\"text-align: justify;\">Como se nota, o interessado n\u00e3o tem direito a acessar documentos sigilosos de <strong>terceiros<\/strong>, mas apenas os que se referem a ele pr\u00f3prio. Como a quest\u00e3o n\u00e3o especifica se o processo \u00e9 sigiloso em raz\u00e3o da presen\u00e7a de documentos do pr\u00f3prio interessado ou de terceiros, ent\u00e3o n\u00e3o \u00e9 poss\u00edvel concluir objetivamente se o interessado tem ou n\u00e3o acesso aos dados sigilosos, da\u00ed o espa\u00e7o para um eventual recurso;<\/p>\n<p style=\"text-align: justify;\">e) ERRADA. A motiva\u00e7\u00e3o pode sim ser feita mediante concord\u00e2ncia com fundamentos de pareceres anteriores (Lei 9.784, art. 50, \u00a71\u00ba).<\/p>\n<p style=\"text-align: justify;\"><strong>Gabarito extraoficial: alternativa &#8220;d&#8221; (cabe recurso)<\/strong><\/p>\n<p>&nbsp;<\/p>\n<p style=\"text-align: justify;\"><a href=\"https:\/\/dhg1h5j42swfq.cloudfront.net\/2017\/08\/20212827\/Q23.png\"><img loading=\"lazy\" decoding=\"async\" class=\" wp-image-86000\" src=\"https:\/\/dhg1h5j42swfq.cloudfront.net\/2017\/08\/20212827\/Q23.png\" alt=\"\" width=\"456\" height=\"531\" srcset=\"https:\/\/dhg1h5j42swfq.cloudfront.net\/2017\/08\/20212827\/Q23.png 808w, https:\/\/dhg1h5j42swfq.cloudfront.net\/2017\/08\/20212827\/Q23.png 258w, https:\/\/dhg1h5j42swfq.cloudfront.net\/2017\/08\/20212827\/Q23.png 768w, https:\/\/dhg1h5j42swfq.cloudfront.net\/2017\/08\/20212827\/Q23.png 610w\" sizes=\"auto, (max-width: 456px) 100vw, 456px\" \/><\/a><\/p>\n<p style=\"text-align: justify;\"><span style=\"text-decoration: underline;\">Coment\u00e1rios:<\/span><\/p>\n<p style=\"text-align: justify;\">a) CERTA. \u00c9 a correta defini\u00e7\u00e3o de ag\u00eancias reguladoras.<\/p>\n<p style=\"text-align: justify;\">b) ERRADA. As sociedades de economia mista n\u00e3o podem ser constitu\u00eddas como sociedades limitadas.<\/p>\n<p style=\"text-align: justify;\">c) ERRADA. As EP e as SEM integram a administra\u00e7\u00e3o indireta (e n\u00e3o a direta).<\/p>\n<p style=\"text-align: justify;\">d) ERRADA. As funda\u00e7\u00f5es p\u00fablicas tamb\u00e9m podem ter personalidade jur\u00eddica de direito privado.<\/p>\n<p style=\"text-align: justify;\">e) ERRADA. Empresas p\u00fablicas possuem personalidade jur\u00eddica de direito privado.<\/p>\n<p style=\"text-align: justify;\"><strong>Gabarito extraoficial: alternativa &#8220;a&#8221;<\/strong><\/p>\n<p>&nbsp;<\/p>\n<p style=\"text-align: justify;\"><a href=\"https:\/\/dhg1h5j42swfq.cloudfront.net\/2017\/08\/20213149\/Q24.png\"><img loading=\"lazy\" decoding=\"async\" class=\" wp-image-86001\" src=\"https:\/\/dhg1h5j42swfq.cloudfront.net\/2017\/08\/20213149\/Q24.png\" alt=\"\" width=\"444\" height=\"588\" srcset=\"https:\/\/dhg1h5j42swfq.cloudfront.net\/2017\/08\/20213149\/Q24.png 572w, https:\/\/dhg1h5j42swfq.cloudfront.net\/2017\/08\/20213149\/Q24.png 227w\" sizes=\"auto, (max-width: 444px) 100vw, 444px\" \/><\/a><\/p>\n<p style=\"text-align: justify;\"><span style=\"text-decoration: underline;\">Coment\u00e1rios:<\/span><\/p>\n<p style=\"text-align: justify;\">a) ERRADA. Na centraliza\u00e7\u00e3o, o Estado atua diretamente (e n\u00e3o indiretamente).<\/p>\n<p style=\"text-align: justify;\">b) CERTA. A distribui\u00e7\u00e3o interna de compet\u00eancias entre unidades do conjunto org\u00e2nico (\u00f3rg\u00e3os) caracteriza a desconcentra\u00e7\u00e3o.<\/p>\n<p style=\"text-align: justify;\">c) ERRADA. A descentraliza\u00e7\u00e3o (e n\u00e3o a desconcentra\u00e7\u00e3o) \u00e9 que pressup\u00f5e pessoas jur\u00eddicas diversas.<\/p>\n<p style=\"text-align: justify;\">d) ERRADA. A desconcentra\u00e7\u00e3o ocorre mediante a atua\u00e7\u00e3o de outros &#8220;\u00f3rg\u00e3os&#8221; p\u00fablicos, e n\u00e3o &#8220;agentes&#8221;.<\/p>\n<p style=\"text-align: justify;\">e) ERRADA. A atividade administrativa exercida pelo pr\u00f3prio Estado \u00e9 a centraliza\u00e7\u00e3o; j\u00e1 a atividade administrativa exercida pelo conjunto org\u00e2nico que o comp\u00f5e (\u00f3rg\u00e3os) \u00e9 a desconcentra\u00e7\u00e3o.<\/p>\n<p style=\"text-align: justify;\"><strong>Gabarito extraoficial: alternativa &#8220;b&#8221;<\/strong><\/p>\n<p>&nbsp;<\/p>\n<p><a href=\"https:\/\/dhg1h5j42swfq.cloudfront.net\/2017\/08\/20213759\/Q25.png\"><img loading=\"lazy\" decoding=\"async\" class=\" wp-image-86004\" src=\"https:\/\/dhg1h5j42swfq.cloudfront.net\/2017\/08\/20213759\/Q25.png\" alt=\"\" width=\"408\" height=\"262\" srcset=\"https:\/\/dhg1h5j42swfq.cloudfront.net\/2017\/08\/20213759\/Q25.png 590w, https:\/\/dhg1h5j42swfq.cloudfront.net\/2017\/08\/20213759\/Q25.png 300w\" sizes=\"auto, (max-width: 408px) 100vw, 408px\" \/><\/a><\/p>\n<p style=\"text-align: justify;\"><span style=\"text-decoration: underline;\">Coment\u00e1rio<\/span>: Trata-se do agente delegado, a exemplo dos agentes das concession\u00e1rias e permission\u00e1rias de servi\u00e7os p\u00fablicos.<\/p>\n<p style=\"text-align: justify;\"><strong>Gabarito extraoficial: alternativa &#8220;b&#8221;<\/strong><\/p>\n<p>&nbsp;<\/p>\n<p style=\"text-align: justify;\"><a href=\"https:\/\/dhg1h5j42swfq.cloudfront.net\/2017\/08\/20213932\/Q26.png\"><img loading=\"lazy\" decoding=\"async\" class=\" wp-image-86006\" src=\"https:\/\/dhg1h5j42swfq.cloudfront.net\/2017\/08\/20213932\/Q26.png\" alt=\"\" width=\"418\" height=\"357\" srcset=\"https:\/\/dhg1h5j42swfq.cloudfront.net\/2017\/08\/20213932\/Q26.png 622w, https:\/\/dhg1h5j42swfq.cloudfront.net\/2017\/08\/20213932\/Q26.png 300w, https:\/\/dhg1h5j42swfq.cloudfront.net\/2017\/08\/20213932\/Q26.png 610w\" sizes=\"auto, (max-width: 418px) 100vw, 418px\" \/><\/a><\/p>\n<p><span style=\"text-decoration: underline;\">Coment\u00e1rio:<\/span>\u00a0Os pareceres se classificam como atos administrativos enunciativos.<\/p>\n<p><strong>Gabarito extraoficial: alternativa &#8220;b&#8221;<\/strong><\/p>\n<p>&nbsp;<\/p>\n<p style=\"text-align: justify;\"><a href=\"https:\/\/dhg1h5j42swfq.cloudfront.net\/2017\/08\/20214040\/Q27.png\"><img loading=\"lazy\" decoding=\"async\" class=\" wp-image-86008\" src=\"https:\/\/dhg1h5j42swfq.cloudfront.net\/2017\/08\/20214040\/Q27.png\" alt=\"\" width=\"461\" height=\"459\" srcset=\"https:\/\/dhg1h5j42swfq.cloudfront.net\/2017\/08\/20214040\/Q27.png 650w, https:\/\/dhg1h5j42swfq.cloudfront.net\/2017\/08\/20214040\/Q27.png 150w, https:\/\/dhg1h5j42swfq.cloudfront.net\/2017\/08\/20214040\/Q27.png 300w, https:\/\/dhg1h5j42swfq.cloudfront.net\/2017\/08\/20214040\/Q27.png 610w\" sizes=\"auto, (max-width: 461px) 100vw, 461px\" \/><\/a><\/p>\n<p style=\"text-align: justify;\"><span style=\"text-decoration: underline;\">Coment\u00e1rios:<\/span><\/p>\n<p style=\"text-align: justify;\">a) ERRADA. O poder hier\u00e1rquico ocorre sempre dentro da mesma pessoa jur\u00eddica. N\u00e3o existe hierarquia entre pessoas jur\u00eddicas distintas.<\/p>\n<p style=\"text-align: justify;\">b) CERTA. Trata-se da transcri\u00e7\u00e3o do conceito de poder de pol\u00edcia dado pelo autor Hely Lopes Meirelles.<\/p>\n<p style=\"text-align: justify;\">c) ERRADA. O poder disciplinar n\u00e3o fundamenta a possibilidade de punir externamente aqueles que praticarem atos contr\u00e1rios aos interesses da Administra\u00e7\u00e3o.<\/p>\n<p style=\"text-align: justify;\">d) ERRADA. O correto seria poder hier\u00e1rquico, e n\u00e3o poder regulamentar, embora este \u00faltimo, a depender da corrente doutrin\u00e1ria adotada, tamb\u00e9m pode ser considerado como fundamento para a edi\u00e7\u00e3o de normas pelos diversos agentes p\u00fablicos.<\/p>\n<p style=\"text-align: justify;\">e) ERRADA. O poder discricion\u00e1rio n\u00e3o pode ser adotado como fundamento para a pr\u00e1tica de atos viciados.<\/p>\n<p style=\"text-align: justify;\"><strong>Gabarito extraoficial: alternativa &#8220;b&#8221;<\/strong><\/p>\n<p>&nbsp;<\/p>\n<p style=\"text-align: justify;\"><a href=\"https:\/\/dhg1h5j42swfq.cloudfront.net\/2017\/08\/20214641\/Q28.png\"><img loading=\"lazy\" decoding=\"async\" class=\" wp-image-86010\" src=\"https:\/\/dhg1h5j42swfq.cloudfront.net\/2017\/08\/20214641\/Q28.png\" alt=\"\" width=\"501\" height=\"389\" srcset=\"https:\/\/dhg1h5j42swfq.cloudfront.net\/2017\/08\/20214641\/Q28.png 691w, https:\/\/dhg1h5j42swfq.cloudfront.net\/2017\/08\/20214641\/Q28.png 300w, https:\/\/dhg1h5j42swfq.cloudfront.net\/2017\/08\/20214641\/Q28.png 610w\" sizes=\"auto, (max-width: 501px) 100vw, 501px\" \/><\/a><\/p>\n<p style=\"text-align: justify;\"><span style=\"text-decoration: underline;\">Coment\u00e1rios:<\/span> O desvio de poder ocorrer quando h\u00e1 desvio de finalidade, ou seja, quando o ato \u00e9 praticado com fim diverso daquele determinado pela lei (finalidade espec\u00edfica) ou com fim diverso do interesse p\u00fablico (finalidade gen\u00e9rica). Correta, portanto, a alternativa &#8220;c&#8221;.<\/p>\n<p style=\"text-align: justify;\"><strong>Gabarito extraoficial: alternativa &#8220;c&#8221;<\/strong><\/p>\n<p>&nbsp;<\/p>\n<p style=\"text-align: justify;\"><a href=\"https:\/\/dhg1h5j42swfq.cloudfront.net\/2017\/08\/20214946\/Q29.png\"><img loading=\"lazy\" decoding=\"async\" class=\" wp-image-86011\" src=\"https:\/\/dhg1h5j42swfq.cloudfront.net\/2017\/08\/20214946\/Q29.png\" alt=\"\" width=\"475\" height=\"539\" srcset=\"https:\/\/dhg1h5j42swfq.cloudfront.net\/2017\/08\/20214946\/Q29.png 718w, https:\/\/dhg1h5j42swfq.cloudfront.net\/2017\/08\/20214946\/Q29.png 264w, https:\/\/dhg1h5j42swfq.cloudfront.net\/2017\/08\/20214946\/Q29.png 610w\" sizes=\"auto, (max-width: 475px) 100vw, 475px\" \/><\/a><\/p>\n<p style=\"text-align: justify;\"><span style=\"text-decoration: underline;\">Coment\u00e1rios:<\/span><\/p>\n<p style=\"text-align: justify;\">a) ERRADA. Quando processo e julga o PR nos crimes de responsabilidade, o Poder Legislativo exerce fun\u00e7\u00e3o jurisdicional (e n\u00e3o administrativa).<\/p>\n<p style=\"text-align: justify;\">b) CERTA. A elabora\u00e7\u00e3o dos regimentos internos dos tribunais pode ser considerada manifesta\u00e7\u00e3o da fun\u00e7\u00e3o normativa (ou legislativa) por parte do Poder Judici\u00e1rio.<\/p>\n<p style=\"text-align: justify;\">c) ERRADA. Segundo a doutrina majorit\u00e1ria, o Poder Executivo n\u00e3o exerce fun\u00e7\u00e3o jurisdicional, nem mesmo de forma at\u00edpica, pois suas decis\u00f5es n\u00e3o s\u00e3o dotadas de definitividade, ou seja, n\u00e3o produzem coisa julgada. Com efeito, um servidor que sofrer san\u00e7\u00e3o disciplinar, poder\u00e1 questionar a legalidade do ato junto ao Poder Judici\u00e1rio.<\/p>\n<p style=\"text-align: justify;\">d) ERRADA. Somente a Constitui\u00e7\u00e3o pode autorizar o desempenho de fun\u00e7\u00f5es at\u00edpicas pelos poderes.<\/p>\n<p style=\"text-align: justify;\">e) ERRADA. Os limites de compet\u00eancia dos entes federados s\u00e3o estabelecidos pela Constitui\u00e7\u00e3o, e n\u00e3o por lei complementar.<\/p>\n<p style=\"text-align: justify;\"><strong>Gabarito extraoficial: alternativa &#8220;b&#8221;<\/strong><\/p>\n<p>&nbsp;<\/p>\n<p style=\"text-align: justify;\"><a href=\"https:\/\/dhg1h5j42swfq.cloudfront.net\/2017\/08\/20215438\/Q30.png\"><img loading=\"lazy\" decoding=\"async\" class=\" wp-image-86013\" src=\"https:\/\/dhg1h5j42swfq.cloudfront.net\/2017\/08\/20215438\/Q30.png\" alt=\"\" width=\"411\" height=\"700\" srcset=\"https:\/\/dhg1h5j42swfq.cloudfront.net\/2017\/08\/20215438\/Q30.png 502w, https:\/\/dhg1h5j42swfq.cloudfront.net\/2017\/08\/20215438\/Q30.png 176w\" sizes=\"auto, (max-width: 411px) 100vw, 411px\" \/><\/a><\/p>\n<p style=\"text-align: justify;\"><span style=\"text-decoration: underline;\">Coment\u00e1rio:<\/span>\u00a0a meu ver, a resposta correta \u00e9 a alternativa &#8220;a&#8221;. A Administra\u00e7\u00e3o, ao condicionar e restringir atividades particulares no uso do poder de pol\u00edcia, tem sempre que atuar no limite entre o interesse p\u00fablico e o respeito aos direitos assegurados aos indiv\u00edduos. Esse limite, obviamente, \u00e9 tra\u00e7ado pela lei.<\/p>\n<p style=\"text-align: justify;\">Vamos ver o erro das demais:<\/p>\n<p style=\"text-align: justify;\">b) ERRADA. O controle e fiscaliza\u00e7\u00e3o do tr\u00e2nsito constitui sim exerc\u00edcio do poder de pol\u00edcia pela Administra\u00e7\u00e3o.<\/p>\n<p style=\"text-align: justify;\">c) ERRADA. Nas duas assertivas, o item trouxe a defini\u00e7\u00e3o de poder de pol\u00edcia em sentido estrito. Portanto, a primeira parte do item est\u00e1 errada.<\/p>\n<p style=\"text-align: justify;\">d) ERRADA. Quem tem compet\u00eancia para exercer o poder de pol\u00edcia \u00e9 o ente que tem compet\u00eancia constitucional para regular a mat\u00e9ria.<\/p>\n<p style=\"text-align: justify;\">e) ERRADA. A pol\u00edcia judici\u00e1ria n\u00e3o se exaure em si mesma, pois ela prepara a fun\u00e7\u00e3o jurisdicional.<\/p>\n<p style=\"text-align: justify;\"><strong>Gabarito extraoficial: alternativa &#8220;a&#8221;<\/strong><\/p>\n<p>&nbsp;<\/p>\n<p style=\"text-align: justify;\"><a href=\"https:\/\/dhg1h5j42swfq.cloudfront.net\/2017\/08\/20221821\/Q31.png\"><img loading=\"lazy\" decoding=\"async\" class=\" wp-image-86014\" src=\"https:\/\/dhg1h5j42swfq.cloudfront.net\/2017\/08\/20221821\/Q31.png\" alt=\"\" width=\"420\" height=\"414\" srcset=\"https:\/\/dhg1h5j42swfq.cloudfront.net\/2017\/08\/20221821\/Q31.png 562w, https:\/\/dhg1h5j42swfq.cloudfront.net\/2017\/08\/20221821\/Q31.png 300w\" sizes=\"auto, (max-width: 420px) 100vw, 420px\" \/><\/a><\/p>\n<p style=\"text-align: justify;\"><span style=\"text-decoration: underline;\">Coment\u00e1rio:<\/span> A meu ver, o particular poderia invocar o princ\u00edpio da &#8220;prote\u00e7\u00e3o \u00e0 confian\u00e7a&#8221;, que possui rela\u00e7\u00e3o com o princ\u00edpio da seguran\u00e7a jur\u00eddica, o qual exige estabilidade \u00e0s rela\u00e7\u00f5es jur\u00eddicas das quais o Estado faz parte. Das alternativas da quest\u00e3o, o princ\u00edpio que mais se aproxima desse conceito \u00e9 o da &#8220;confian\u00e7a leg\u00edtima&#8221;.<\/p>\n<p style=\"text-align: justify;\"><strong>Gabarito extraoficial: alternativa &#8220;e&#8221;<\/strong><\/p>\n<p>&nbsp;<\/p>\n<p style=\"text-align: justify;\"><a href=\"https:\/\/dhg1h5j42swfq.cloudfront.net\/2017\/08\/20222538\/Q32.png\"><img loading=\"lazy\" decoding=\"async\" class=\" wp-image-86017\" src=\"https:\/\/dhg1h5j42swfq.cloudfront.net\/2017\/08\/20222538\/Q32.png\" alt=\"\" width=\"426\" height=\"379\" srcset=\"https:\/\/dhg1h5j42swfq.cloudfront.net\/2017\/08\/20222538\/Q32.png 634w, https:\/\/dhg1h5j42swfq.cloudfront.net\/2017\/08\/20222538\/Q32.png 300w, https:\/\/dhg1h5j42swfq.cloudfront.net\/2017\/08\/20222538\/Q32.png 610w\" sizes=\"auto, (max-width: 426px) 100vw, 426px\" \/><\/a><\/p>\n<p style=\"text-align: justify;\"><span style=\"text-decoration: underline;\">Coment\u00e1rios:<\/span><\/p>\n<p style=\"text-align: justify;\">a) ERRADA. A repara\u00e7\u00e3o dos danos tamb\u00e9m pode ser feita na via administrativa, sem que o particular precise entrar com a\u00e7\u00e3o judicial.<\/p>\n<p style=\"text-align: justify;\">b) ERRADA. O Estado tem a obriga\u00e7\u00e3o de indenizar o particular tanto pelos danos materiais como pelos danos morais.<\/p>\n<p style=\"text-align: justify;\">c) ERRADA. A responsabilidade do servidor \u00e9 sempre subjetiva (e n\u00e3o objetiva). Quem tem responsabilidade objetiva \u00e9 o Estado.<\/p>\n<p style=\"text-align: justify;\">d) CERTA. O Estado acionar o servidor em a\u00e7\u00e3o de regresso para ressarcir o valor da indeniza\u00e7\u00e3o paga ao particular. Detalhe \u00e9 que o servidor s\u00f3 ser\u00e1 condenado nessa a\u00e7\u00e3o se ficar comprovado que agiu com dolo ou culpa.<\/p>\n<p style=\"text-align: justify;\">e) ERRADA. O direito do particular \u00e0 repara\u00e7\u00e3o dos preju\u00edzos sofridos prescreve em 5 anos.<\/p>\n<p style=\"text-align: justify;\"><strong>Gabarito extraoficial: alternativa &#8220;d&#8221;<\/strong><\/p>\n<p>&nbsp;<\/p>\n<p style=\"text-align: justify;\"><a href=\"https:\/\/dhg1h5j42swfq.cloudfront.net\/2017\/08\/20222941\/Q33.png\"><img loading=\"lazy\" decoding=\"async\" class=\" wp-image-86018\" src=\"https:\/\/dhg1h5j42swfq.cloudfront.net\/2017\/08\/20222941\/Q33.png\" alt=\"\" width=\"431\" height=\"389\" srcset=\"https:\/\/dhg1h5j42swfq.cloudfront.net\/2017\/08\/20222941\/Q33.png 676w, https:\/\/dhg1h5j42swfq.cloudfront.net\/2017\/08\/20222941\/Q33.png 300w, https:\/\/dhg1h5j42swfq.cloudfront.net\/2017\/08\/20222941\/Q33.png 610w\" sizes=\"auto, (max-width: 431px) 100vw, 431px\" \/><\/a><\/p>\n<p style=\"text-align: justify;\"><span style=\"text-decoration: underline;\">Coment\u00e1rios:<\/span><\/p>\n<p style=\"text-align: justify;\">a) CERTA. Como as amea\u00e7as foram denunciadas ao Estado, a sua omiss\u00e3o em impedir a consuma\u00e7\u00e3o do dano configurou uma omiss\u00e3o espec\u00edfica em rela\u00e7\u00e3o ao dever legal de proteger Maria, o que atrai a responsabilidade civil objetiva do Estado.<\/p>\n<p style=\"text-align: justify;\">b) ERRADA. A responsabilidade civil do Estado, mesmo diante de condutas omissivas, tamb\u00e9m podem ser afastada, caso presente algum excludente de responsabilidade.<\/p>\n<p style=\"text-align: justify;\">c) ERRADA. A responsabilidade civil por omiss\u00e3o tamb\u00e9m depende da demonstra\u00e7\u00e3o de nexo de causalidade.<\/p>\n<p style=\"text-align: justify;\">d) ERRADA. O Estado responde tanto por atos comissivos quando omissivos.<\/p>\n<p style=\"text-align: justify;\">e) ERRADA. No caso, a responsabilidade do Estado decorre de sua omiss\u00e3o, sendo, portanto, irrelevante a qualifica\u00e7\u00e3o da pessoa que efetivamente causou o dano a Maria.<\/p>\n<p style=\"text-align: justify;\"><strong>Gabarito extraoficial: alternativa &#8220;a&#8221;<\/strong><\/p>\n<p>&nbsp;<\/p>\n<p style=\"text-align: justify;\"><a href=\"https:\/\/dhg1h5j42swfq.cloudfront.net\/2017\/08\/20223442\/Q34.png\"><img loading=\"lazy\" decoding=\"async\" class=\" wp-image-86019\" src=\"https:\/\/dhg1h5j42swfq.cloudfront.net\/2017\/08\/20223442\/Q34.png\" alt=\"\" width=\"470\" height=\"415\" srcset=\"https:\/\/dhg1h5j42swfq.cloudfront.net\/2017\/08\/20223442\/Q34.png 709w, https:\/\/dhg1h5j42swfq.cloudfront.net\/2017\/08\/20223442\/Q34.png 300w, https:\/\/dhg1h5j42swfq.cloudfront.net\/2017\/08\/20223442\/Q34.png 610w\" sizes=\"auto, (max-width: 470px) 100vw, 470px\" \/><\/a><\/p>\n<p style=\"text-align: justify;\"><span style=\"text-decoration: underline;\">Coment\u00e1rio:<\/span><\/p>\n<p style=\"text-align: justify;\">a) CERTA. A teoria do risco administrativo \u00e9 que fundamenta o atual arcabou\u00e7o legal acerca da responsabilidade civil objetiva do Estado.<\/p>\n<p style=\"text-align: justify;\">b) ERRADA. A responsabilidade civil se caracteriza mesmo se o agente p\u00fablico atuar fora de suas fun\u00e7\u00f5es, mas a pretexto de exerc\u00ea-las, ou seja, como se as tivesse exercendo aos olhos do particular.<\/p>\n<p style=\"text-align: justify;\">c) ERRADA. A responsabilidade objetiva, ao contr\u00e1rio da subjetiva, n\u00e3o demanda investiga\u00e7\u00e3o sobre a exist\u00eancia do elemento culpa na conduta administrativa.<\/p>\n<p style=\"text-align: justify;\">d) ERRADA. A culpa concorrente ou exclusiva da v\u00edtima \u00e9 considerada uma atenuante ou excludente da responsabilidade do Estado, segundo a teoria do risco administrativo.<\/p>\n<p style=\"text-align: justify;\">e) ERRADA. As pessoas jur\u00eddicas de direito privado prestadoras de servi\u00e7o p\u00fablico se sujeitam sim \u00e0 responsabilidade civil objetiva, tanto por atos comissivos como por atos omissivos.<\/p>\n<p style=\"text-align: justify;\"><strong>Gabarito extraoficial: alternativa &#8220;a&#8221;<\/strong><\/p>\n<p>&nbsp;<\/p>\n<p style=\"text-align: justify;\"><a href=\"https:\/\/dhg1h5j42swfq.cloudfront.net\/2017\/08\/20224033\/Q35.png\"><img loading=\"lazy\" decoding=\"async\" class=\" wp-image-86020\" src=\"https:\/\/dhg1h5j42swfq.cloudfront.net\/2017\/08\/20224033\/Q35.png\" alt=\"\" width=\"489\" height=\"308\" srcset=\"https:\/\/dhg1h5j42swfq.cloudfront.net\/2017\/08\/20224033\/Q35.png 737w, https:\/\/dhg1h5j42swfq.cloudfront.net\/2017\/08\/20224033\/Q35.png 300w, https:\/\/dhg1h5j42swfq.cloudfront.net\/2017\/08\/20224033\/Q35.png 610w\" sizes=\"auto, (max-width: 489px) 100vw, 489px\" \/><\/a><\/p>\n<p style=\"text-align: justify;\"><span style=\"text-decoration: underline;\">Coment\u00e1rio:<\/span> A etapa de responsabiliza\u00e7\u00e3o do Estado fundamentada na culpa dos agentes p\u00fablicos, com a distin\u00e7\u00e3o entre atos de imp\u00e9rio e atos de gest\u00e3o, foi fundamentada na chamada <strong>&#8220;teoria civilista&#8221;<\/strong>. Nesta fase, o Estado era respons\u00e1vel pelos danos causados por seus agentes quando praticavam &#8220;atos de gest\u00e3o&#8221;, mas n\u00e3o &#8220;atos de imp\u00e9rio&#8221;. Ademais,\u00a0cabia ao particular prejudicado o \u00f4nus de identificar o agente estatal causador do dano, al\u00e9m de demonstrar que ele teria agido com culpa.<\/p>\n<p style=\"text-align: justify;\">Das alternativas da quest\u00e3o, a meu ver, a que mais se aproxima da teoria civilista \u00e9 a &#8220;culpa individual&#8221;, justamente\u00a0porque, nessa teoria, havia a necessidade de se identificar o agente causador do dano, a fim de individualizar sua culpa, o que, ali\u00e1s, foi uma das principais cr\u00edticas feitas \u00e0 referida teoria.<\/p>\n<p style=\"text-align: justify;\">Detalhe \u00e9 que a teoria civilista foi substitu\u00edda pela teoria da &#8220;culpa administrativa&#8221; ou &#8220;culpa do servi\u00e7o&#8221;, em que n\u00e3o era mais necess\u00e1rio individualizar a culpa do agente.<\/p>\n<p style=\"text-align: justify;\"><strong>Gabarito extraoficial: alternativa &#8220;b&#8221;<\/strong><\/p>\n<p>&nbsp;<\/p>\n<p style=\"text-align: justify;\"><a href=\"https:\/\/dhg1h5j42swfq.cloudfront.net\/2017\/08\/20224654\/Q36.png\"><img loading=\"lazy\" decoding=\"async\" class=\" wp-image-86021\" src=\"https:\/\/dhg1h5j42swfq.cloudfront.net\/2017\/08\/20224654\/Q36.png\" alt=\"\" width=\"463\" height=\"273\" srcset=\"https:\/\/dhg1h5j42swfq.cloudfront.net\/2017\/08\/20224654\/Q36.png 743w, https:\/\/dhg1h5j42swfq.cloudfront.net\/2017\/08\/20224654\/Q36.png 300w, https:\/\/dhg1h5j42swfq.cloudfront.net\/2017\/08\/20224654\/Q36.png 610w\" sizes=\"auto, (max-width: 463px) 100vw, 463px\" \/><\/a><\/p>\n<p><span style=\"text-decoration: underline;\">Coment\u00e1rios:<\/span> Trata-se de hip\u00f3tese de dispensa de licita\u00e7\u00e3o prevista no art. 24, inciso XV da Lei 8.666\/93.<\/p>\n<p><strong>Gabarito extraoficial: alternativa &#8220;a&#8221;<\/strong><\/p>\n<p>&nbsp;<\/p>\n<p style=\"text-align: justify;\"><a href=\"https:\/\/dhg1h5j42swfq.cloudfront.net\/2017\/08\/20224820\/Q37.png\"><img loading=\"lazy\" decoding=\"async\" class=\" wp-image-86022\" src=\"https:\/\/dhg1h5j42swfq.cloudfront.net\/2017\/08\/20224820\/Q37.png\" alt=\"\" width=\"457\" height=\"321\" srcset=\"https:\/\/dhg1h5j42swfq.cloudfront.net\/2017\/08\/20224820\/Q37.png 745w, https:\/\/dhg1h5j42swfq.cloudfront.net\/2017\/08\/20224820\/Q37.png 300w, https:\/\/dhg1h5j42swfq.cloudfront.net\/2017\/08\/20224820\/Q37.png 610w\" sizes=\"auto, (max-width: 457px) 100vw, 457px\" \/><\/a><\/p>\n<p style=\"text-align: justify;\"><span style=\"text-decoration: underline;\">Coment\u00e1rios:<\/span><\/p>\n<p style=\"text-align: justify;\">a) ERRADA. O preg\u00e3o pode ser eletr\u00f4nico.<\/p>\n<p style=\"text-align: justify;\">b) ERRADA. A equipe de apoio dever\u00e1 ser integrada em sua maioria por servidores ocupantes de cargo efetivo ou emprego da Administra\u00e7\u00e3o, <em><u>preferencialmente<\/u><\/em> pertencentes ao quadro permanente do \u00f3rg\u00e3o ou entidade promotora do evento.<\/p>\n<p style=\"text-align: justify;\">c) ERRADA. No preg\u00e3o \u00e9 permitido haver negocia\u00e7\u00e3o direta entre a Administra\u00e7\u00e3o e o licitante vencedor da etapa de lances.<\/p>\n<p style=\"text-align: justify;\">d) CERTA, nos termos do art. 4\u00ba, inciso V da Lei 10.520\/2002.<\/p>\n<p style=\"text-align: justify;\">e) ERRADA. O crit\u00e9rio de julgamento das propostas no preg\u00e3o \u00e9 sempre o &#8220;menor pre\u00e7o&#8221;.<\/p>\n<p style=\"text-align: justify;\"><strong>Gabarito extraoficial: alternativa &#8220;d&#8221;<\/strong><\/p>\n<p>&nbsp;<\/p>\n<p style=\"text-align: justify;\"><a href=\"https:\/\/dhg1h5j42swfq.cloudfront.net\/2017\/08\/20225232\/Q38.png\"><img loading=\"lazy\" decoding=\"async\" class=\" wp-image-86023\" src=\"https:\/\/dhg1h5j42swfq.cloudfront.net\/2017\/08\/20225232\/Q38.png\" alt=\"\" width=\"476\" height=\"505\" srcset=\"https:\/\/dhg1h5j42swfq.cloudfront.net\/2017\/08\/20225232\/Q38.png 758w, https:\/\/dhg1h5j42swfq.cloudfront.net\/2017\/08\/20225232\/Q38.png 283w, https:\/\/dhg1h5j42swfq.cloudfront.net\/2017\/08\/20225232\/Q38.png 610w\" sizes=\"auto, (max-width: 476px) 100vw, 476px\" \/><\/a><\/p>\n<p style=\"text-align: justify;\"><span style=\"text-decoration: underline;\">Coment\u00e1rios:<\/span><\/p>\n<p style=\"text-align: justify;\">I) VERDADEIRA, nos termos art. 3\u00ba, I do Decreto 7.892\/2013.<\/p>\n<p style=\"text-align: justify;\">II) ERRADA.\u00a0Para a forma\u00e7\u00e3o do SRP, a Administra\u00e7\u00e3o deve realizar licita\u00e7\u00e3o na modalidade <strong>concorr\u00eancia,<\/strong> do tipo menor pre\u00e7o, ou <strong>preg\u00e3o,<\/strong> precedida de ampla pesquisa de mercado.<\/p>\n<p style=\"text-align: justify;\">III) ERRADA. O prazo de validade do registro de pre\u00e7os n\u00e3o poder\u00e1 ser superior a um ano, incluindo eventuais prorroga\u00e7\u00f5es, nos termos do art. 15, \u00a73\u00ba, III da Lei 8.666\/93.<\/p>\n<p style=\"text-align: justify;\"><strong>Gabarito extraoficial: alternativa &#8220;a&#8221;<\/strong><\/p>\n<p>&nbsp;<\/p>\n<p style=\"text-align: justify;\"><a href=\"https:\/\/dhg1h5j42swfq.cloudfront.net\/2017\/08\/20225617\/Q39.png\"><img loading=\"lazy\" decoding=\"async\" class=\"size-full wp-image-86024\" src=\"https:\/\/dhg1h5j42swfq.cloudfront.net\/2017\/08\/20225617\/Q39.png\" alt=\"\" width=\"415\" height=\"299\" srcset=\"https:\/\/dhg1h5j42swfq.cloudfront.net\/2017\/08\/20225617\/Q39.png 415w, https:\/\/dhg1h5j42swfq.cloudfront.net\/2017\/08\/20225617\/Q39.png 300w\" sizes=\"auto, (max-width: 415px) 100vw, 415px\" \/><\/a><\/p>\n<p style=\"text-align: justify;\"><span style=\"text-decoration: underline;\">Coment\u00e1rios:<\/span><\/p>\n<p style=\"text-align: justify;\">a) ERRADA. <b>\u00a0<\/b>Segundo a S\u00famula Vinculante 21 do STF, &#8220;\u00e9\u00a0inconstitucional a exig\u00eancia de dep\u00f3sito ou arrolamento pr\u00e9vios de dinheiro ou bem para admissibilidade de recurso administrativo&#8221;.<\/p>\n<p style=\"text-align: justify;\">b) CERTA. Como n\u00e3o existe hierarquia entre administra\u00e7\u00e3o direta e indireta, a tutela exercida pela primeira sobre a segunda depende de expressa previs\u00e3o legal.<\/p>\n<p style=\"text-align: justify;\">c) ERRADA. O exerc\u00edcio do direito de peti\u00e7\u00e3o n\u00e3o depende do pagamento de taxas.<\/p>\n<p style=\"text-align: justify;\">d) ERRADA. O pedido de reconsidera\u00e7\u00e3o n\u00e3o tem efeito suspensivo.<\/p>\n<p style=\"text-align: justify;\">e) ERRADA. No caso, seriam os recursos hier\u00e1rquicos &#8220;impr\u00f3prios&#8221;.<\/p>\n<p style=\"text-align: justify;\">\u00a0<strong>Gabarito extraoficial: alternativa &#8220;b&#8221;<\/strong><\/p>\n<p style=\"text-align: center;\">*****<\/p>\n<p>\u00c9 isso pessoal. Espero que nossos alunos tenham se sa\u00eddo muito bem!<\/p>\n<p>Qualquer d\u00favida ou sugest\u00e3o, \u00e9 s\u00f3 colocar um coment\u00e1rio neste artigo.<\/p>\n<p>Bons estudos!<\/p>\n","protected":false},"excerpt":{"rendered":"<p>Ol\u00e1 pessoal, Segue meu gabarito extraoficial para as quest\u00f5es de Direito Administrativo da prova do TRE-BA, cargo TJAA. Na minha avalia\u00e7\u00e3o, o n\u00edvel de dificuldade da prova foi de m\u00e9dio a dif\u00edcil. Ressalto que podem ocorrer diverg\u00eancias em rela\u00e7\u00e3o ao gabarito preliminar a ser publicado pelo Cespe, pois algumas quest\u00f5es, a meu ver, permitem mais [&hellip;]<\/p>\n","protected":false},"author":48,"featured_media":0,"comment_status":"open","ping_status":"open","sticky":false,"template":"","format":"standard","meta":{"post_tipo":"article","footnotes":""},"categories":[1,1984],"tags":[2384],"tax_estado":[],"class_list":["post-85954","post","type-post","status-publish","format-standard","hentry","category-cursos-e-concursos","category-tribunais","tag-concurso-tre-ba"],"acf":[],"yoast_head":"<!-- This site is optimized with the Yoast SEO Premium plugin v27.2 (Yoast SEO v27.2) - https:\/\/yoast.com\/product\/yoast-seo-premium-wordpress\/ -->\n<title>Gabarito Extraoficial - Direito Administrativo - TRE\/BA - TJAA<\/title>\n<meta name=\"robots\" content=\"index, follow, max-snippet:-1, max-image-preview:large, max-video-preview:-1\" \/>\n<link rel=\"canonical\" href=\"https:\/\/www.estrategiaconcursos.com.br\/blog\/gabarito-extraoficial-direito-administrativo-treba-tjaa\/\" \/>\n<meta property=\"og:locale\" content=\"pt_BR\" \/>\n<meta property=\"og:type\" content=\"article\" \/>\n<meta property=\"og:title\" content=\"Gabarito Extraoficial - Direito Administrativo - TRE\/BA - TJAA\" \/>\n<meta property=\"og:description\" content=\"Ol\u00e1 pessoal, Segue meu gabarito extraoficial para as quest\u00f5es de Direito Administrativo da prova do TRE-BA, cargo TJAA. Na minha avalia\u00e7\u00e3o, o n\u00edvel de dificuldade da prova foi de m\u00e9dio a dif\u00edcil. Ressalto que podem ocorrer diverg\u00eancias em rela\u00e7\u00e3o ao gabarito preliminar a ser publicado pelo Cespe, pois algumas quest\u00f5es, a meu ver, permitem mais [&hellip;]\" \/>\n<meta property=\"og:url\" content=\"https:\/\/www.estrategiaconcursos.com.br\/blog\/gabarito-extraoficial-direito-administrativo-treba-tjaa\/\" \/>\n<meta property=\"og:site_name\" content=\"Estrat\u00e9gia Concursos\" \/>\n<meta property=\"article:published_time\" content=\"2017-08-21T02:07:39+00:00\" \/>\n<meta property=\"article:modified_time\" content=\"2018-10-23T21:44:16+00:00\" \/>\n<meta property=\"og:image\" content=\"https:\/\/www.estrategiaconcursos.com.br\/blog\/wp-content\/uploads\/2017\/08\/Q21.png\" \/>\n<meta name=\"author\" content=\"Coordena\u00e7\u00e3o\" \/>\n<meta name=\"twitter:card\" content=\"summary_large_image\" \/>\n<meta name=\"twitter:creator\" content=\"@EstratConcursos\" \/>\n<meta name=\"twitter:site\" content=\"@EstratConcursos\" \/>\n<meta name=\"twitter:label1\" content=\"Escrito por\" \/>\n\t<meta name=\"twitter:data1\" content=\"Coordena\u00e7\u00e3o\" \/>\n\t<meta name=\"twitter:label2\" content=\"Est. tempo de leitura\" \/>\n\t<meta name=\"twitter:data2\" content=\"10 minutos\" \/>\n<script type=\"application\/ld+json\" class=\"yoast-schema-graph\">{\"@context\":\"https:\/\/schema.org\",\"@graph\":[{\"@type\":\"NewsArticle\",\"@id\":\"https:\/\/www.estrategiaconcursos.com.br\/blog\/gabarito-extraoficial-direito-administrativo-treba-tjaa\/#article\",\"isPartOf\":{\"@id\":\"https:\/\/www.estrategiaconcursos.com.br\/blog\/gabarito-extraoficial-direito-administrativo-treba-tjaa\/\"},\"author\":{\"name\":\"Coordena\u00e7\u00e3o\",\"@id\":\"https:\/\/www.estrategiaconcursos.com.br\/blog\/#\/schema\/person\/cdad40b5818eb228a838461fcd656da7\"},\"headline\":\"Gabarito Extraoficial &#8211; Direito Administrativo &#8211; TRE\/BA &#8211; TJAA\",\"datePublished\":\"2017-08-21T02:07:39+00:00\",\"dateModified\":\"2018-10-23T21:44:16+00:00\",\"mainEntityOfPage\":{\"@id\":\"https:\/\/www.estrategiaconcursos.com.br\/blog\/gabarito-extraoficial-direito-administrativo-treba-tjaa\/\"},\"wordCount\":2030,\"commentCount\":8,\"publisher\":{\"@id\":\"https:\/\/www.estrategiaconcursos.com.br\/blog\/#organization\"},\"image\":{\"@id\":\"https:\/\/www.estrategiaconcursos.com.br\/blog\/gabarito-extraoficial-direito-administrativo-treba-tjaa\/#primaryimage\"},\"thumbnailUrl\":\"https:\/\/www.estrategiaconcursos.com.br\/blog\/wp-content\/uploads\/2017\/08\/Q21.png\",\"keywords\":[\"concurso TRE BA\"],\"articleSection\":[\"Concursos P\u00fablicos\",\"Tribunais\"],\"inLanguage\":\"pt-BR\",\"potentialAction\":[{\"@type\":\"CommentAction\",\"name\":\"Comment\",\"target\":[\"https:\/\/www.estrategiaconcursos.com.br\/blog\/gabarito-extraoficial-direito-administrativo-treba-tjaa\/#respond\"]}],\"copyrightYear\":\"2017\",\"copyrightHolder\":{\"@id\":\"https:\/\/www.estrategiaconcursos.com.br\/blog\/#organization\"}},{\"@type\":\"WebPage\",\"@id\":\"https:\/\/www.estrategiaconcursos.com.br\/blog\/gabarito-extraoficial-direito-administrativo-treba-tjaa\/\",\"url\":\"https:\/\/www.estrategiaconcursos.com.br\/blog\/gabarito-extraoficial-direito-administrativo-treba-tjaa\/\",\"name\":\"Gabarito Extraoficial - Direito Administrativo - TRE\/BA - TJAA\",\"isPartOf\":{\"@id\":\"https:\/\/www.estrategiaconcursos.com.br\/blog\/#website\"},\"primaryImageOfPage\":{\"@id\":\"https:\/\/www.estrategiaconcursos.com.br\/blog\/gabarito-extraoficial-direito-administrativo-treba-tjaa\/#primaryimage\"},\"image\":{\"@id\":\"https:\/\/www.estrategiaconcursos.com.br\/blog\/gabarito-extraoficial-direito-administrativo-treba-tjaa\/#primaryimage\"},\"thumbnailUrl\":\"https:\/\/www.estrategiaconcursos.com.br\/blog\/wp-content\/uploads\/2017\/08\/Q21.png\",\"datePublished\":\"2017-08-21T02:07:39+00:00\",\"dateModified\":\"2018-10-23T21:44:16+00:00\",\"breadcrumb\":{\"@id\":\"https:\/\/www.estrategiaconcursos.com.br\/blog\/gabarito-extraoficial-direito-administrativo-treba-tjaa\/#breadcrumb\"},\"inLanguage\":\"pt-BR\",\"potentialAction\":[{\"@type\":\"ReadAction\",\"target\":[\"https:\/\/www.estrategiaconcursos.com.br\/blog\/gabarito-extraoficial-direito-administrativo-treba-tjaa\/\"]}]},{\"@type\":\"ImageObject\",\"inLanguage\":\"pt-BR\",\"@id\":\"https:\/\/www.estrategiaconcursos.com.br\/blog\/gabarito-extraoficial-direito-administrativo-treba-tjaa\/#primaryimage\",\"url\":\"https:\/\/dhg1h5j42swfq.cloudfront.net\/2017\/08\/20184004\/Q21.png\",\"contentUrl\":\"https:\/\/dhg1h5j42swfq.cloudfront.net\/2017\/08\/20184004\/Q21.png\",\"width\":734,\"height\":477},{\"@type\":\"BreadcrumbList\",\"@id\":\"https:\/\/www.estrategiaconcursos.com.br\/blog\/gabarito-extraoficial-direito-administrativo-treba-tjaa\/#breadcrumb\",\"itemListElement\":[{\"@type\":\"ListItem\",\"position\":1,\"name\":\"In\u00edcio\",\"item\":\"https:\/\/www.estrategiaconcursos.com.br\/blog\/\"},{\"@type\":\"ListItem\",\"position\":2,\"name\":\"Gabarito Extraoficial &#8211; Direito Administrativo &#8211; TRE\/BA &#8211; TJAA\"}]},{\"@type\":\"WebSite\",\"@id\":\"https:\/\/www.estrategiaconcursos.com.br\/blog\/#website\",\"url\":\"https:\/\/www.estrategiaconcursos.com.br\/blog\/\",\"name\":\"Estrat\u00e9gia Concursos\",\"description\":\"O blog da Estrat\u00e9gia Concursos traz not\u00edcias sobre concursos e artigos de professores oferecendo cursos para concursos (pdf + videaulas) no site.\",\"publisher\":{\"@id\":\"https:\/\/www.estrategiaconcursos.com.br\/blog\/#organization\"},\"potentialAction\":[{\"@type\":\"SearchAction\",\"target\":{\"@type\":\"EntryPoint\",\"urlTemplate\":\"https:\/\/www.estrategiaconcursos.com.br\/blog\/?s={search_term_string}\"},\"query-input\":{\"@type\":\"PropertyValueSpecification\",\"valueRequired\":true,\"valueName\":\"search_term_string\"}}],\"inLanguage\":\"pt-BR\"},{\"@type\":\"Organization\",\"@id\":\"https:\/\/www.estrategiaconcursos.com.br\/blog\/#organization\",\"name\":\"Estrat\u00e9gia Concursos\",\"url\":\"https:\/\/www.estrategiaconcursos.com.br\/blog\/\",\"logo\":{\"@type\":\"ImageObject\",\"inLanguage\":\"pt-BR\",\"@id\":\"https:\/\/www.estrategiaconcursos.com.br\/blog\/#\/schema\/logo\/image\/\",\"url\":\"https:\/\/dhg1h5j42swfq.cloudfront.net\/2025\/06\/03203428\/logo_concursos-1.jpg\",\"contentUrl\":\"https:\/\/dhg1h5j42swfq.cloudfront.net\/2025\/06\/03203428\/logo_concursos-1.jpg\",\"width\":230,\"height\":60,\"caption\":\"Estrat\u00e9gia Concursos\"},\"image\":{\"@id\":\"https:\/\/www.estrategiaconcursos.com.br\/blog\/#\/schema\/logo\/image\/\"},\"sameAs\":[\"https:\/\/x.com\/EstratConcursos\"]},{\"@type\":\"Person\",\"@id\":\"https:\/\/www.estrategiaconcursos.com.br\/blog\/#\/schema\/person\/cdad40b5818eb228a838461fcd656da7\",\"name\":\"Coordena\u00e7\u00e3o\",\"image\":{\"@type\":\"ImageObject\",\"inLanguage\":\"pt-BR\",\"@id\":\"https:\/\/secure.gravatar.com\/avatar\/a413b22da0f5009c634f6c4586a2dbe5207074fd5becd88db5183b8069ef25e4?s=96&d=mm&r=g\",\"url\":\"https:\/\/secure.gravatar.com\/avatar\/a413b22da0f5009c634f6c4586a2dbe5207074fd5becd88db5183b8069ef25e4?s=96&d=mm&r=g\",\"contentUrl\":\"https:\/\/secure.gravatar.com\/avatar\/a413b22da0f5009c634f6c4586a2dbe5207074fd5becd88db5183b8069ef25e4?s=96&d=mm&r=g\",\"caption\":\"Coordena\u00e7\u00e3o\"},\"url\":\"https:\/\/www.estrategiaconcursos.com.br\/blog\/author\/contatoestrategiaconcursos-com-br\/\"}]}<\/script>\n<!-- \/ Yoast SEO Premium plugin. -->","yoast_head_json":{"title":"Gabarito Extraoficial - Direito Administrativo - TRE\/BA - TJAA","robots":{"index":"index","follow":"follow","max-snippet":"max-snippet:-1","max-image-preview":"max-image-preview:large","max-video-preview":"max-video-preview:-1"},"canonical":"https:\/\/www.estrategiaconcursos.com.br\/blog\/gabarito-extraoficial-direito-administrativo-treba-tjaa\/","og_locale":"pt_BR","og_type":"article","og_title":"Gabarito Extraoficial - Direito Administrativo - TRE\/BA - TJAA","og_description":"Ol\u00e1 pessoal, Segue meu gabarito extraoficial para as quest\u00f5es de Direito Administrativo da prova do TRE-BA, cargo TJAA. Na minha avalia\u00e7\u00e3o, o n\u00edvel de dificuldade da prova foi de m\u00e9dio a dif\u00edcil. Ressalto que podem ocorrer diverg\u00eancias em rela\u00e7\u00e3o ao gabarito preliminar a ser publicado pelo Cespe, pois algumas quest\u00f5es, a meu ver, permitem mais [&hellip;]","og_url":"https:\/\/www.estrategiaconcursos.com.br\/blog\/gabarito-extraoficial-direito-administrativo-treba-tjaa\/","og_site_name":"Estrat\u00e9gia Concursos","article_published_time":"2017-08-21T02:07:39+00:00","article_modified_time":"2018-10-23T21:44:16+00:00","og_image":[{"url":"https:\/\/www.estrategiaconcursos.com.br\/blog\/wp-content\/uploads\/2017\/08\/Q21.png","type":"","width":"","height":""}],"author":"Coordena\u00e7\u00e3o","twitter_card":"summary_large_image","twitter_creator":"@EstratConcursos","twitter_site":"@EstratConcursos","twitter_misc":{"Escrito por":"Coordena\u00e7\u00e3o","Est. tempo de leitura":"10 minutos"},"schema":{"@context":"https:\/\/schema.org","@graph":[{"@type":"NewsArticle","@id":"https:\/\/www.estrategiaconcursos.com.br\/blog\/gabarito-extraoficial-direito-administrativo-treba-tjaa\/#article","isPartOf":{"@id":"https:\/\/www.estrategiaconcursos.com.br\/blog\/gabarito-extraoficial-direito-administrativo-treba-tjaa\/"},"author":{"name":"Coordena\u00e7\u00e3o","@id":"https:\/\/www.estrategiaconcursos.com.br\/blog\/#\/schema\/person\/cdad40b5818eb228a838461fcd656da7"},"headline":"Gabarito Extraoficial &#8211; Direito Administrativo &#8211; TRE\/BA &#8211; TJAA","datePublished":"2017-08-21T02:07:39+00:00","dateModified":"2018-10-23T21:44:16+00:00","mainEntityOfPage":{"@id":"https:\/\/www.estrategiaconcursos.com.br\/blog\/gabarito-extraoficial-direito-administrativo-treba-tjaa\/"},"wordCount":2030,"commentCount":8,"publisher":{"@id":"https:\/\/www.estrategiaconcursos.com.br\/blog\/#organization"},"image":{"@id":"https:\/\/www.estrategiaconcursos.com.br\/blog\/gabarito-extraoficial-direito-administrativo-treba-tjaa\/#primaryimage"},"thumbnailUrl":"https:\/\/www.estrategiaconcursos.com.br\/blog\/wp-content\/uploads\/2017\/08\/Q21.png","keywords":["concurso TRE BA"],"articleSection":["Concursos P\u00fablicos","Tribunais"],"inLanguage":"pt-BR","potentialAction":[{"@type":"CommentAction","name":"Comment","target":["https:\/\/www.estrategiaconcursos.com.br\/blog\/gabarito-extraoficial-direito-administrativo-treba-tjaa\/#respond"]}],"copyrightYear":"2017","copyrightHolder":{"@id":"https:\/\/www.estrategiaconcursos.com.br\/blog\/#organization"}},{"@type":"WebPage","@id":"https:\/\/www.estrategiaconcursos.com.br\/blog\/gabarito-extraoficial-direito-administrativo-treba-tjaa\/","url":"https:\/\/www.estrategiaconcursos.com.br\/blog\/gabarito-extraoficial-direito-administrativo-treba-tjaa\/","name":"Gabarito Extraoficial - Direito Administrativo - TRE\/BA - TJAA","isPartOf":{"@id":"https:\/\/www.estrategiaconcursos.com.br\/blog\/#website"},"primaryImageOfPage":{"@id":"https:\/\/www.estrategiaconcursos.com.br\/blog\/gabarito-extraoficial-direito-administrativo-treba-tjaa\/#primaryimage"},"image":{"@id":"https:\/\/www.estrategiaconcursos.com.br\/blog\/gabarito-extraoficial-direito-administrativo-treba-tjaa\/#primaryimage"},"thumbnailUrl":"https:\/\/www.estrategiaconcursos.com.br\/blog\/wp-content\/uploads\/2017\/08\/Q21.png","datePublished":"2017-08-21T02:07:39+00:00","dateModified":"2018-10-23T21:44:16+00:00","breadcrumb":{"@id":"https:\/\/www.estrategiaconcursos.com.br\/blog\/gabarito-extraoficial-direito-administrativo-treba-tjaa\/#breadcrumb"},"inLanguage":"pt-BR","potentialAction":[{"@type":"ReadAction","target":["https:\/\/www.estrategiaconcursos.com.br\/blog\/gabarito-extraoficial-direito-administrativo-treba-tjaa\/"]}]},{"@type":"ImageObject","inLanguage":"pt-BR","@id":"https:\/\/www.estrategiaconcursos.com.br\/blog\/gabarito-extraoficial-direito-administrativo-treba-tjaa\/#primaryimage","url":"https:\/\/dhg1h5j42swfq.cloudfront.net\/2017\/08\/20184004\/Q21.png","contentUrl":"https:\/\/dhg1h5j42swfq.cloudfront.net\/2017\/08\/20184004\/Q21.png","width":734,"height":477},{"@type":"BreadcrumbList","@id":"https:\/\/www.estrategiaconcursos.com.br\/blog\/gabarito-extraoficial-direito-administrativo-treba-tjaa\/#breadcrumb","itemListElement":[{"@type":"ListItem","position":1,"name":"In\u00edcio","item":"https:\/\/www.estrategiaconcursos.com.br\/blog\/"},{"@type":"ListItem","position":2,"name":"Gabarito Extraoficial &#8211; Direito Administrativo &#8211; TRE\/BA &#8211; TJAA"}]},{"@type":"WebSite","@id":"https:\/\/www.estrategiaconcursos.com.br\/blog\/#website","url":"https:\/\/www.estrategiaconcursos.com.br\/blog\/","name":"Estrat\u00e9gia Concursos","description":"O blog da Estrat\u00e9gia Concursos traz not\u00edcias sobre concursos e artigos de professores oferecendo cursos para concursos (pdf + videaulas) no site.","publisher":{"@id":"https:\/\/www.estrategiaconcursos.com.br\/blog\/#organization"},"potentialAction":[{"@type":"SearchAction","target":{"@type":"EntryPoint","urlTemplate":"https:\/\/www.estrategiaconcursos.com.br\/blog\/?s={search_term_string}"},"query-input":{"@type":"PropertyValueSpecification","valueRequired":true,"valueName":"search_term_string"}}],"inLanguage":"pt-BR"},{"@type":"Organization","@id":"https:\/\/www.estrategiaconcursos.com.br\/blog\/#organization","name":"Estrat\u00e9gia Concursos","url":"https:\/\/www.estrategiaconcursos.com.br\/blog\/","logo":{"@type":"ImageObject","inLanguage":"pt-BR","@id":"https:\/\/www.estrategiaconcursos.com.br\/blog\/#\/schema\/logo\/image\/","url":"https:\/\/dhg1h5j42swfq.cloudfront.net\/2025\/06\/03203428\/logo_concursos-1.jpg","contentUrl":"https:\/\/dhg1h5j42swfq.cloudfront.net\/2025\/06\/03203428\/logo_concursos-1.jpg","width":230,"height":60,"caption":"Estrat\u00e9gia Concursos"},"image":{"@id":"https:\/\/www.estrategiaconcursos.com.br\/blog\/#\/schema\/logo\/image\/"},"sameAs":["https:\/\/x.com\/EstratConcursos"]},{"@type":"Person","@id":"https:\/\/www.estrategiaconcursos.com.br\/blog\/#\/schema\/person\/cdad40b5818eb228a838461fcd656da7","name":"Coordena\u00e7\u00e3o","image":{"@type":"ImageObject","inLanguage":"pt-BR","@id":"https:\/\/secure.gravatar.com\/avatar\/a413b22da0f5009c634f6c4586a2dbe5207074fd5becd88db5183b8069ef25e4?s=96&d=mm&r=g","url":"https:\/\/secure.gravatar.com\/avatar\/a413b22da0f5009c634f6c4586a2dbe5207074fd5becd88db5183b8069ef25e4?s=96&d=mm&r=g","contentUrl":"https:\/\/secure.gravatar.com\/avatar\/a413b22da0f5009c634f6c4586a2dbe5207074fd5becd88db5183b8069ef25e4?s=96&d=mm&r=g","caption":"Coordena\u00e7\u00e3o"},"url":"https:\/\/www.estrategiaconcursos.com.br\/blog\/author\/contatoestrategiaconcursos-com-br\/"}]}},"_links":{"self":[{"href":"https:\/\/www.estrategiaconcursos.com.br\/blog\/wp-json\/wp\/v2\/posts\/85954","targetHints":{"allow":["GET"]}}],"collection":[{"href":"https:\/\/www.estrategiaconcursos.com.br\/blog\/wp-json\/wp\/v2\/posts"}],"about":[{"href":"https:\/\/www.estrategiaconcursos.com.br\/blog\/wp-json\/wp\/v2\/types\/post"}],"author":[{"embeddable":true,"href":"https:\/\/www.estrategiaconcursos.com.br\/blog\/wp-json\/wp\/v2\/users\/48"}],"replies":[{"embeddable":true,"href":"https:\/\/www.estrategiaconcursos.com.br\/blog\/wp-json\/wp\/v2\/comments?post=85954"}],"version-history":[{"count":3,"href":"https:\/\/www.estrategiaconcursos.com.br\/blog\/wp-json\/wp\/v2\/posts\/85954\/revisions"}],"predecessor-version":[{"id":148647,"href":"https:\/\/www.estrategiaconcursos.com.br\/blog\/wp-json\/wp\/v2\/posts\/85954\/revisions\/148647"}],"wp:attachment":[{"href":"https:\/\/www.estrategiaconcursos.com.br\/blog\/wp-json\/wp\/v2\/media?parent=85954"}],"wp:term":[{"taxonomy":"category","embeddable":true,"href":"https:\/\/www.estrategiaconcursos.com.br\/blog\/wp-json\/wp\/v2\/categories?post=85954"},{"taxonomy":"post_tag","embeddable":true,"href":"https:\/\/www.estrategiaconcursos.com.br\/blog\/wp-json\/wp\/v2\/tags?post=85954"},{"taxonomy":"tax_estado","embeddable":true,"href":"https:\/\/www.estrategiaconcursos.com.br\/blog\/wp-json\/wp\/v2\/tax_estado?post=85954"}],"curies":[{"name":"wp","href":"https:\/\/api.w.org\/{rel}","templated":true}]}}